{"id":221812,"date":"2025-10-22T12:35:20","date_gmt":"2025-10-22T11:35:20","guid":{"rendered":"https:\/\/radioljubuski.ba\/?p=221812"},"modified":"2025-10-23T11:25:58","modified_gmt":"2025-10-23T10:25:58","slug":"obavijest-o-pocetku-rada-centara-izvrsnosti-zupanije-zapadnohercegovacke","status":"publish","type":"post","link":"https:\/\/radioljubuski.ba\/index.php\/2025\/10\/22\/obavijest-o-pocetku-rada-centara-izvrsnosti-zupanije-zapadnohercegovacke\/","title":{"rendered":"Obavijest o po\u010detku rada Centara izvrsnosti \u017dupanije Zapadnohercegova\u010dke"},"content":{"rendered":"\n<p>Ministarstvo obrazovanja, znanosti, kulture i \u0161porta \u017dupanije Zapadnohercegova\u010dke s ponosom obavje\u0161tava javnost da Centri izvrsnosti \u017dupanije Zapadnohercegova\u010dke zapo\u010dinju s radom u subotu, 25. listopada 2025. godine.<\/p>\n\n\n\n<p>Centri izvrsnosti predstavljaju va\u017ean iskorak u unaprje\u0111enju kvalitete odgojno-obrazovnog sustava u na\u0161oj \u017dupaniji. Rije\u010d je o posebnom obliku rada s darovitim, talentiranim i visokomotiviranim u\u010denicima osnovnih i srednjih \u0161kola, kojima se kroz dodatne programe omogu\u0107ava razvoj znanja, vje\u0161tina, kreativnosti i inovativnosti u razli\u010ditim podru\u010djima.<\/p>\n\n\n\n<p>Programi se izvode na sljede\u0107im lokacijama:<\/p>\n\n\n\n<ul class=\"wp-block-list\">\n<li>Centar izvrsnosti hrvatskog jezika- Gimnazija Ljubu\u0161ki,<\/li>\n\n\n\n<li>Centar izvrsnosti robotika- Srednja \u0161kola Antuna Branka \u0160imi\u0107a Grude,<\/li>\n\n\n\n<li>Centar izvrsnosti matematika- Druga osnovna \u0161kola \u0160iroki Brijeg,<\/li>\n\n\n\n<li>Centar izvrsnosti poduzetni\u0161tvo- Gimnazija fra Grge Marti\u0107a Posu\u0161je.<\/li>\n<\/ul>\n\n\n\n<p>Programi Centara izvrsnosti trajat \u0107e \u010detiri \u0161kolska sata, u vremenskom razdoblju od 9:00 do 13:00 sati. Za sve polaznike bit \u0107e osiguran prijevoz od mjesta prebivali\u0161ta (Gimnazija Posu\u0161je, Osnovna \u0161kola Ru\u0111era Bo\u0161kovi\u0107a Grude, Gimnazija Ljubu\u0161ki, Druga osnovna \u0161kola \u0160iroki Brijeg) do \u0161kole u kojoj se odvija program Centara izvrsnosti, kao i jedan obrok tijekom dana odr\u017eavanja programa, \u010dime se osigurava potpuna podr\u0161ka u\u010denicima u njihovu radu i sudjelovanju.<\/p>\n\n\n\n<p>Vrijeme polaska autobusa:<\/p>\n\n\n\n<ul class=\"wp-block-list\">\n<li>Posu\u0161je \u2013 ispred Gimnazije fra Grge Marti\u0107a Posu\u0161je u 7:30 sati,<\/li>\n\n\n\n<li>\u0160iroki Brijeg \u2013 ispred Druge osnovne \u0161kole \u0160iroki Brijeg u 7:30 sati,<\/li>\n\n\n\n<li>Ljubu\u0161ki \u2013 ispred Gimnazije Ljubu\u0161ki u 7:30 sati,<\/li>\n\n\n\n<li>Grude \u2013 ispred Osnove \u0161kole Ru\u0111era Bo\u0161kovi\u0107a u 8:05 sati.<br>Napomena: Molimo roditelje da dovezu djecu do predvi\u0111enih lokacija za polazak autobusa u za to predvi\u0111eno vrijeme.<\/li>\n<\/ul>\n\n\n\n<figure class=\"wp-block-image size-large\"><img loading=\"lazy\" decoding=\"async\" width=\"832\" height=\"1024\" src=\"https:\/\/radioljubuski.ba\/wp-content\/uploads\/2025\/10\/IMG_20251023_100044-832x1024.jpg\" alt=\"\" class=\"wp-image-221827\" srcset=\"https:\/\/radioljubuski.ba\/wp-content\/uploads\/2025\/10\/IMG_20251023_100044-832x1024.jpg 832w, https:\/\/radioljubuski.ba\/wp-content\/uploads\/2025\/10\/IMG_20251023_100044-244x300.jpg 244w, https:\/\/radioljubuski.ba\/wp-content\/uploads\/2025\/10\/IMG_20251023_100044-768x946.jpg 768w, https:\/\/radioljubuski.ba\/wp-content\/uploads\/2025\/10\/IMG_20251023_100044-10x12.jpg 10w, https:\/\/radioljubuski.ba\/wp-content\/uploads\/2025\/10\/IMG_20251023_100044.jpg 1080w\" sizes=\"auto, (max-width: 832px) 100vw, 832px\" \/><\/figure>\n\n\n\n<p>Rezultati testiranja i stru\u010dna mi\u0161ljenja kandidata dostavljeni su roditeljima putem elektroni\u010dke po\u0161te. U slu\u010daju eventualnih nedoumica, molimo roditelje da se obrate Ministarstvu obrazovanja, znanosti, kulture i \u0161porta ili voditelju odgovaraju\u0107eg Centra izvrsnosti.<\/p>\n\n\n\n<p>Osnivanjem Centara izvrsnosti Ministarstvo potvr\u0111uje svoju opredijeljenost razvoju sustava koji prepoznaje, poti\u010de i nagra\u0111uje izvrsnost, zalaganje i posebne potencijale u\u010denika. Cilj je stvoriti okru\u017eenje u kojem u\u010denici imaju priliku razvijati svoje talente uz podr\u0161ku mentora, nastavnika i stru\u010dnjaka iz razli\u010ditih podru\u010dja.<\/p>\n\n\n\n<p>Ministarstvo zahvaljuje svim u\u010denicima, roditeljima, nastavnicima i voditeljima Centara izvrsnosti na iskazanom interesu, entuzijazmu i suradnji, te svima \u017eeli uspje\u0161an po\u010detak i plodonosan rad u Centrima izvrsnosti \u017dupanije Zapadnohercegova\u010dke.<\/p>\n","protected":false},"excerpt":{"rendered":"<p>Ministarstvo obrazovanja, znanosti, kulture i \u0161porta \u017dupanije Zapadnohercegova\u010dke s ponosom obavje\u0161tava javnost da Centri izvrsnosti \u017dupanije Zapadnohercegova\u010dke zapo\u010dinju s radom u subotu, 25. listopada 2025. godine. Centri izvrsnosti predstavljaju va\u017ean iskorak u unaprje\u0111enju kvalitete odgojno-obrazovnog sustava u na\u0161oj \u017dupaniji. Rije\u010d je o posebnom obliku rada s darovitim, talentiranim i visokomotiviranim u\u010denicima osnovnih i srednjih \u0161kola, [&hellip;]<\/p>\n","protected":false},"author":2,"featured_media":221813,"comment_status":"closed","ping_status":"closed","sticky":false,"template":"","format":"standard","meta":{"h5ap_radio_sources":[],"footnotes":""},"categories":[28,30],"tags":[],"class_list":["post-221812","post","type-post","status-publish","format-standard","has-post-thumbnail","hentry","category-novosti","category-zupanija-zapadnohercegovacka"],"yoast_head":"<!-- This site is optimized with the Yoast SEO plugin v27.5 - https:\/\/yoast.com\/product\/yoast-seo-wordpress\/ -->\n<title>Obavijest o po\u010detku rada Centara izvrsnosti \u017dupanije Zapadnohercegova\u010dke - RADIO LJUBU\u0160KI<\/title>\n<meta name=\"robots\" content=\"index, follow, max-snippet:-1, max-image-preview:large, max-video-preview:-1\" \/>\n<link rel=\"canonical\" href=\"https:\/\/radioljubuski.ba\/index.php\/2025\/10\/22\/obavijest-o-pocetku-rada-centara-izvrsnosti-zupanije-zapadnohercegovacke\/\" \/>\n<meta property=\"og:locale\" content=\"hr_HR\" \/>\n<meta property=\"og:type\" content=\"article\" \/>\n<meta property=\"og:title\" content=\"Obavijest o po\u010detku rada Centara izvrsnosti \u017dupanije Zapadnohercegova\u010dke - RADIO LJUBU\u0160KI\" \/>\n<meta property=\"og:description\" content=\"Ministarstvo obrazovanja, znanosti, kulture i \u0161porta \u017dupanije Zapadnohercegova\u010dke s ponosom obavje\u0161tava javnost da Centri izvrsnosti \u017dupanije Zapadnohercegova\u010dke zapo\u010dinju s radom u subotu, 25. listopada 2025. godine. Centri izvrsnosti predstavljaju va\u017ean iskorak u unaprje\u0111enju kvalitete odgojno-obrazovnog sustava u na\u0161oj \u017dupaniji. Rije\u010d je o posebnom obliku rada s darovitim, talentiranim i visokomotiviranim u\u010denicima osnovnih i srednjih \u0161kola, [&hellip;]\" \/>\n<meta property=\"og:url\" content=\"https:\/\/radioljubuski.ba\/index.php\/2025\/10\/22\/obavijest-o-pocetku-rada-centara-izvrsnosti-zupanije-zapadnohercegovacke\/\" \/>\n<meta property=\"og:site_name\" content=\"RADIO LJUBU\u0160KI\" \/>\n<meta property=\"article:publisher\" content=\"https:\/\/www.facebook.com\/Radiio-Ljubuski-1490835324566332\" \/>\n<meta property=\"article:published_time\" content=\"2025-10-22T11:35:20+00:00\" \/>\n<meta property=\"article:modified_time\" content=\"2025-10-23T10:25:58+00:00\" \/>\n<meta property=\"og:image\" content=\"https:\/\/radioljubuski.ba\/wp-content\/uploads\/2025\/10\/CI-ZZH-Logo-02-e1749629267627-r754z939canlokb2kum4ngmu1np69nwdqc9e5h9c8w.png\" \/>\n\t<meta property=\"og:image:width\" content=\"1200\" \/>\n\t<meta property=\"og:image:height\" content=\"800\" \/>\n\t<meta property=\"og:image:type\" content=\"image\/png\" \/>\n<meta name=\"author\" content=\"Radio Ljubu\u0161ki\" \/>\n<meta name=\"twitter:card\" content=\"summary_large_image\" \/>\n<meta name=\"twitter:creator\" content=\"@radioljubuski\" \/>\n<meta name=\"twitter:site\" content=\"@radioljubuski\" \/>\n<meta name=\"twitter:label1\" content=\"Napisao\/la\" \/>\n\t<meta name=\"twitter:data1\" content=\"Radio Ljubu\u0161ki\" \/>\n\t<meta name=\"twitter:label2\" content=\"Procijenjeno vrijeme \u010ditanja\" \/>\n\t<meta name=\"twitter:data2\" content=\"3 minute\" \/>\n<script type=\"application\/ld+json\" class=\"yoast-schema-graph\">{\"@context\":\"https:\\\/\\\/schema.org\",\"@graph\":[{\"@type\":\"Article\",\"@id\":\"https:\\\/\\\/radioljubuski.ba\\\/index.php\\\/2025\\\/10\\\/22\\\/obavijest-o-pocetku-rada-centara-izvrsnosti-zupanije-zapadnohercegovacke\\\/#article\",\"isPartOf\":{\"@id\":\"https:\\\/\\\/radioljubuski.ba\\\/index.php\\\/2025\\\/10\\\/22\\\/obavijest-o-pocetku-rada-centara-izvrsnosti-zupanije-zapadnohercegovacke\\\/\"},\"author\":{\"name\":\"Radio Ljubu\u0161ki\",\"@id\":\"https:\\\/\\\/radioljubuski.ba\\\/#\\\/schema\\\/person\\\/19fc700381a780f69665d7956c469e3b\"},\"headline\":\"Obavijest o po\u010detku rada Centara izvrsnosti \u017dupanije Zapadnohercegova\u010dke\",\"datePublished\":\"2025-10-22T11:35:20+00:00\",\"dateModified\":\"2025-10-23T10:25:58+00:00\",\"mainEntityOfPage\":{\"@id\":\"https:\\\/\\\/radioljubuski.ba\\\/index.php\\\/2025\\\/10\\\/22\\\/obavijest-o-pocetku-rada-centara-izvrsnosti-zupanije-zapadnohercegovacke\\\/\"},\"wordCount\":393,\"publisher\":{\"@id\":\"https:\\\/\\\/radioljubuski.ba\\\/#organization\"},\"image\":{\"@id\":\"https:\\\/\\\/radioljubuski.ba\\\/index.php\\\/2025\\\/10\\\/22\\\/obavijest-o-pocetku-rada-centara-izvrsnosti-zupanije-zapadnohercegovacke\\\/#primaryimage\"},\"thumbnailUrl\":\"https:\\\/\\\/radioljubuski.ba\\\/wp-content\\\/uploads\\\/2025\\\/10\\\/CI-ZZH-Logo-02-e1749629267627-r754z939canlokb2kum4ngmu1np69nwdqc9e5h9c8w.png\",\"articleSection\":[\"Novosti\",\"\u017dupanija Zapadnohercegova\u010dka\"],\"inLanguage\":\"hr\"},{\"@type\":\"WebPage\",\"@id\":\"https:\\\/\\\/radioljubuski.ba\\\/index.php\\\/2025\\\/10\\\/22\\\/obavijest-o-pocetku-rada-centara-izvrsnosti-zupanije-zapadnohercegovacke\\\/\",\"url\":\"https:\\\/\\\/radioljubuski.ba\\\/index.php\\\/2025\\\/10\\\/22\\\/obavijest-o-pocetku-rada-centara-izvrsnosti-zupanije-zapadnohercegovacke\\\/\",\"name\":\"Obavijest o po\u010detku rada Centara izvrsnosti \u017dupanije Zapadnohercegova\u010dke - RADIO LJUBU\u0160KI\",\"isPartOf\":{\"@id\":\"https:\\\/\\\/radioljubuski.ba\\\/#website\"},\"primaryImageOfPage\":{\"@id\":\"https:\\\/\\\/radioljubuski.ba\\\/index.php\\\/2025\\\/10\\\/22\\\/obavijest-o-pocetku-rada-centara-izvrsnosti-zupanije-zapadnohercegovacke\\\/#primaryimage\"},\"image\":{\"@id\":\"https:\\\/\\\/radioljubuski.ba\\\/index.php\\\/2025\\\/10\\\/22\\\/obavijest-o-pocetku-rada-centara-izvrsnosti-zupanije-zapadnohercegovacke\\\/#primaryimage\"},\"thumbnailUrl\":\"https:\\\/\\\/radioljubuski.ba\\\/wp-content\\\/uploads\\\/2025\\\/10\\\/CI-ZZH-Logo-02-e1749629267627-r754z939canlokb2kum4ngmu1np69nwdqc9e5h9c8w.png\",\"datePublished\":\"2025-10-22T11:35:20+00:00\",\"dateModified\":\"2025-10-23T10:25:58+00:00\",\"breadcrumb\":{\"@id\":\"https:\\\/\\\/radioljubuski.ba\\\/index.php\\\/2025\\\/10\\\/22\\\/obavijest-o-pocetku-rada-centara-izvrsnosti-zupanije-zapadnohercegovacke\\\/#breadcrumb\"},\"inLanguage\":\"hr\",\"potentialAction\":[{\"@type\":\"ReadAction\",\"target\":[\"https:\\\/\\\/radioljubuski.ba\\\/index.php\\\/2025\\\/10\\\/22\\\/obavijest-o-pocetku-rada-centara-izvrsnosti-zupanije-zapadnohercegovacke\\\/\"]}]},{\"@type\":\"ImageObject\",\"inLanguage\":\"hr\",\"@id\":\"https:\\\/\\\/radioljubuski.ba\\\/index.php\\\/2025\\\/10\\\/22\\\/obavijest-o-pocetku-rada-centara-izvrsnosti-zupanije-zapadnohercegovacke\\\/#primaryimage\",\"url\":\"https:\\\/\\\/radioljubuski.ba\\\/wp-content\\\/uploads\\\/2025\\\/10\\\/CI-ZZH-Logo-02-e1749629267627-r754z939canlokb2kum4ngmu1np69nwdqc9e5h9c8w.png\",\"contentUrl\":\"https:\\\/\\\/radioljubuski.ba\\\/wp-content\\\/uploads\\\/2025\\\/10\\\/CI-ZZH-Logo-02-e1749629267627-r754z939canlokb2kum4ngmu1np69nwdqc9e5h9c8w.png\",\"width\":1200,\"height\":800},{\"@type\":\"BreadcrumbList\",\"@id\":\"https:\\\/\\\/radioljubuski.ba\\\/index.php\\\/2025\\\/10\\\/22\\\/obavijest-o-pocetku-rada-centara-izvrsnosti-zupanije-zapadnohercegovacke\\\/#breadcrumb\",\"itemListElement\":[{\"@type\":\"ListItem\",\"position\":1,\"name\":\"Po\u010detna stranica\",\"item\":\"https:\\\/\\\/radioljubuski.ba\\\/\"},{\"@type\":\"ListItem\",\"position\":2,\"name\":\"Obavijest o po\u010detku rada Centara izvrsnosti \u017dupanije Zapadnohercegova\u010dke\"}]},{\"@type\":\"WebSite\",\"@id\":\"https:\\\/\\\/radioljubuski.ba\\\/#website\",\"url\":\"https:\\\/\\\/radioljubuski.ba\\\/\",\"name\":\"Radio Ljubu\u0161ki\",\"description\":\"Sun\u010dana frekvencija Hercegovine\",\"publisher\":{\"@id\":\"https:\\\/\\\/radioljubuski.ba\\\/#organization\"},\"potentialAction\":[{\"@type\":\"SearchAction\",\"target\":{\"@type\":\"EntryPoint\",\"urlTemplate\":\"https:\\\/\\\/radioljubuski.ba\\\/?s={search_term_string}\"},\"query-input\":{\"@type\":\"PropertyValueSpecification\",\"valueRequired\":true,\"valueName\":\"search_term_string\"}}],\"inLanguage\":\"hr\"},{\"@type\":\"Organization\",\"@id\":\"https:\\\/\\\/radioljubuski.ba\\\/#organization\",\"name\":\"Radio Ljubu\u0161ki\",\"url\":\"https:\\\/\\\/radioljubuski.ba\\\/\",\"logo\":{\"@type\":\"ImageObject\",\"inLanguage\":\"hr\",\"@id\":\"https:\\\/\\\/radioljubuski.ba\\\/#\\\/schema\\\/logo\\\/image\\\/\",\"url\":\"https:\\\/\\\/radioljubuski.ba\\\/wp-content\\\/uploads\\\/2021\\\/02\\\/cropped-Radio_Ljubuski_logo1.jpg\",\"contentUrl\":\"https:\\\/\\\/radioljubuski.ba\\\/wp-content\\\/uploads\\\/2021\\\/02\\\/cropped-Radio_Ljubuski_logo1.jpg\",\"width\":512,\"height\":512,\"caption\":\"Radio Ljubu\u0161ki\"},\"image\":{\"@id\":\"https:\\\/\\\/radioljubuski.ba\\\/#\\\/schema\\\/logo\\\/image\\\/\"},\"sameAs\":[\"https:\\\/\\\/www.facebook.com\\\/Radiio-Ljubuski-1490835324566332\",\"https:\\\/\\\/x.com\\\/radioljubuski\",\"https:\\\/\\\/hr.linkedin.com\\\/company\\\/radio-ljubuski\",\"https:\\\/\\\/www.youtube.com\\\/channel\\\/UCHYaeO_n0Db3tjNGudGpXyw\"]},{\"@type\":\"Person\",\"@id\":\"https:\\\/\\\/radioljubuski.ba\\\/#\\\/schema\\\/person\\\/19fc700381a780f69665d7956c469e3b\",\"name\":\"Radio Ljubu\u0161ki\"}]}<\/script>\n<!-- \/ Yoast SEO plugin. -->","yoast_head_json":{"title":"Obavijest o po\u010detku rada Centara izvrsnosti \u017dupanije Zapadnohercegova\u010dke - RADIO LJUBU\u0160KI","robots":{"index":"index","follow":"follow","max-snippet":"max-snippet:-1","max-image-preview":"max-image-preview:large","max-video-preview":"max-video-preview:-1"},"canonical":"https:\/\/radioljubuski.ba\/index.php\/2025\/10\/22\/obavijest-o-pocetku-rada-centara-izvrsnosti-zupanije-zapadnohercegovacke\/","og_locale":"hr_HR","og_type":"article","og_title":"Obavijest o po\u010detku rada Centara izvrsnosti \u017dupanije Zapadnohercegova\u010dke - RADIO LJUBU\u0160KI","og_description":"Ministarstvo obrazovanja, znanosti, kulture i \u0161porta \u017dupanije Zapadnohercegova\u010dke s ponosom obavje\u0161tava javnost da Centri izvrsnosti \u017dupanije Zapadnohercegova\u010dke zapo\u010dinju s radom u subotu, 25. listopada 2025. godine. Centri izvrsnosti predstavljaju va\u017ean iskorak u unaprje\u0111enju kvalitete odgojno-obrazovnog sustava u na\u0161oj \u017dupaniji. Rije\u010d je o posebnom obliku rada s darovitim, talentiranim i visokomotiviranim u\u010denicima osnovnih i srednjih \u0161kola, [&hellip;]","og_url":"https:\/\/radioljubuski.ba\/index.php\/2025\/10\/22\/obavijest-o-pocetku-rada-centara-izvrsnosti-zupanije-zapadnohercegovacke\/","og_site_name":"RADIO LJUBU\u0160KI","article_publisher":"https:\/\/www.facebook.com\/Radiio-Ljubuski-1490835324566332","article_published_time":"2025-10-22T11:35:20+00:00","article_modified_time":"2025-10-23T10:25:58+00:00","og_image":[{"width":1200,"height":800,"url":"https:\/\/radioljubuski.ba\/wp-content\/uploads\/2025\/10\/CI-ZZH-Logo-02-e1749629267627-r754z939canlokb2kum4ngmu1np69nwdqc9e5h9c8w.png","type":"image\/png"}],"author":"Radio Ljubu\u0161ki","twitter_card":"summary_large_image","twitter_creator":"@radioljubuski","twitter_site":"@radioljubuski","twitter_misc":{"Napisao\/la":"Radio Ljubu\u0161ki","Procijenjeno vrijeme \u010ditanja":"3 minute"},"schema":{"@context":"https:\/\/schema.org","@graph":[{"@type":"Article","@id":"https:\/\/radioljubuski.ba\/index.php\/2025\/10\/22\/obavijest-o-pocetku-rada-centara-izvrsnosti-zupanije-zapadnohercegovacke\/#article","isPartOf":{"@id":"https:\/\/radioljubuski.ba\/index.php\/2025\/10\/22\/obavijest-o-pocetku-rada-centara-izvrsnosti-zupanije-zapadnohercegovacke\/"},"author":{"name":"Radio Ljubu\u0161ki","@id":"https:\/\/radioljubuski.ba\/#\/schema\/person\/19fc700381a780f69665d7956c469e3b"},"headline":"Obavijest o po\u010detku rada Centara izvrsnosti \u017dupanije Zapadnohercegova\u010dke","datePublished":"2025-10-22T11:35:20+00:00","dateModified":"2025-10-23T10:25:58+00:00","mainEntityOfPage":{"@id":"https:\/\/radioljubuski.ba\/index.php\/2025\/10\/22\/obavijest-o-pocetku-rada-centara-izvrsnosti-zupanije-zapadnohercegovacke\/"},"wordCount":393,"publisher":{"@id":"https:\/\/radioljubuski.ba\/#organization"},"image":{"@id":"https:\/\/radioljubuski.ba\/index.php\/2025\/10\/22\/obavijest-o-pocetku-rada-centara-izvrsnosti-zupanije-zapadnohercegovacke\/#primaryimage"},"thumbnailUrl":"https:\/\/radioljubuski.ba\/wp-content\/uploads\/2025\/10\/CI-ZZH-Logo-02-e1749629267627-r754z939canlokb2kum4ngmu1np69nwdqc9e5h9c8w.png","articleSection":["Novosti","\u017dupanija Zapadnohercegova\u010dka"],"inLanguage":"hr"},{"@type":"WebPage","@id":"https:\/\/radioljubuski.ba\/index.php\/2025\/10\/22\/obavijest-o-pocetku-rada-centara-izvrsnosti-zupanije-zapadnohercegovacke\/","url":"https:\/\/radioljubuski.ba\/index.php\/2025\/10\/22\/obavijest-o-pocetku-rada-centara-izvrsnosti-zupanije-zapadnohercegovacke\/","name":"Obavijest o po\u010detku rada Centara izvrsnosti \u017dupanije Zapadnohercegova\u010dke - RADIO LJUBU\u0160KI","isPartOf":{"@id":"https:\/\/radioljubuski.ba\/#website"},"primaryImageOfPage":{"@id":"https:\/\/radioljubuski.ba\/index.php\/2025\/10\/22\/obavijest-o-pocetku-rada-centara-izvrsnosti-zupanije-zapadnohercegovacke\/#primaryimage"},"image":{"@id":"https:\/\/radioljubuski.ba\/index.php\/2025\/10\/22\/obavijest-o-pocetku-rada-centara-izvrsnosti-zupanije-zapadnohercegovacke\/#primaryimage"},"thumbnailUrl":"https:\/\/radioljubuski.ba\/wp-content\/uploads\/2025\/10\/CI-ZZH-Logo-02-e1749629267627-r754z939canlokb2kum4ngmu1np69nwdqc9e5h9c8w.png","datePublished":"2025-10-22T11:35:20+00:00","dateModified":"2025-10-23T10:25:58+00:00","breadcrumb":{"@id":"https:\/\/radioljubuski.ba\/index.php\/2025\/10\/22\/obavijest-o-pocetku-rada-centara-izvrsnosti-zupanije-zapadnohercegovacke\/#breadcrumb"},"inLanguage":"hr","potentialAction":[{"@type":"ReadAction","target":["https:\/\/radioljubuski.ba\/index.php\/2025\/10\/22\/obavijest-o-pocetku-rada-centara-izvrsnosti-zupanije-zapadnohercegovacke\/"]}]},{"@type":"ImageObject","inLanguage":"hr","@id":"https:\/\/radioljubuski.ba\/index.php\/2025\/10\/22\/obavijest-o-pocetku-rada-centara-izvrsnosti-zupanije-zapadnohercegovacke\/#primaryimage","url":"https:\/\/radioljubuski.ba\/wp-content\/uploads\/2025\/10\/CI-ZZH-Logo-02-e1749629267627-r754z939canlokb2kum4ngmu1np69nwdqc9e5h9c8w.png","contentUrl":"https:\/\/radioljubuski.ba\/wp-content\/uploads\/2025\/10\/CI-ZZH-Logo-02-e1749629267627-r754z939canlokb2kum4ngmu1np69nwdqc9e5h9c8w.png","width":1200,"height":800},{"@type":"BreadcrumbList","@id":"https:\/\/radioljubuski.ba\/index.php\/2025\/10\/22\/obavijest-o-pocetku-rada-centara-izvrsnosti-zupanije-zapadnohercegovacke\/#breadcrumb","itemListElement":[{"@type":"ListItem","position":1,"name":"Po\u010detna stranica","item":"https:\/\/radioljubuski.ba\/"},{"@type":"ListItem","position":2,"name":"Obavijest o po\u010detku rada Centara izvrsnosti \u017dupanije Zapadnohercegova\u010dke"}]},{"@type":"WebSite","@id":"https:\/\/radioljubuski.ba\/#website","url":"https:\/\/radioljubuski.ba\/","name":"Radio Ljubu\u0161ki","description":"Sun\u010dana frekvencija Hercegovine","publisher":{"@id":"https:\/\/radioljubuski.ba\/#organization"},"potentialAction":[{"@type":"SearchAction","target":{"@type":"EntryPoint","urlTemplate":"https:\/\/radioljubuski.ba\/?s={search_term_string}"},"query-input":{"@type":"PropertyValueSpecification","valueRequired":true,"valueName":"search_term_string"}}],"inLanguage":"hr"},{"@type":"Organization","@id":"https:\/\/radioljubuski.ba\/#organization","name":"Radio Ljubu\u0161ki","url":"https:\/\/radioljubuski.ba\/","logo":{"@type":"ImageObject","inLanguage":"hr","@id":"https:\/\/radioljubuski.ba\/#\/schema\/logo\/image\/","url":"https:\/\/radioljubuski.ba\/wp-content\/uploads\/2021\/02\/cropped-Radio_Ljubuski_logo1.jpg","contentUrl":"https:\/\/radioljubuski.ba\/wp-content\/uploads\/2021\/02\/cropped-Radio_Ljubuski_logo1.jpg","width":512,"height":512,"caption":"Radio Ljubu\u0161ki"},"image":{"@id":"https:\/\/radioljubuski.ba\/#\/schema\/logo\/image\/"},"sameAs":["https:\/\/www.facebook.com\/Radiio-Ljubuski-1490835324566332","https:\/\/x.com\/radioljubuski","https:\/\/hr.linkedin.com\/company\/radio-ljubuski","https:\/\/www.youtube.com\/channel\/UCHYaeO_n0Db3tjNGudGpXyw"]},{"@type":"Person","@id":"https:\/\/radioljubuski.ba\/#\/schema\/person\/19fc700381a780f69665d7956c469e3b","name":"Radio Ljubu\u0161ki"}]}},"_links":{"self":[{"href":"https:\/\/radioljubuski.ba\/index.php\/wp-json\/wp\/v2\/posts\/221812","targetHints":{"allow":["GET"]}}],"collection":[{"href":"https:\/\/radioljubuski.ba\/index.php\/wp-json\/wp\/v2\/posts"}],"about":[{"href":"https:\/\/radioljubuski.ba\/index.php\/wp-json\/wp\/v2\/types\/post"}],"author":[{"embeddable":true,"href":"https:\/\/radioljubuski.ba\/index.php\/wp-json\/wp\/v2\/users\/2"}],"replies":[{"embeddable":true,"href":"https:\/\/radioljubuski.ba\/index.php\/wp-json\/wp\/v2\/comments?post=221812"}],"version-history":[{"count":2,"href":"https:\/\/radioljubuski.ba\/index.php\/wp-json\/wp\/v2\/posts\/221812\/revisions"}],"predecessor-version":[{"id":221828,"href":"https:\/\/radioljubuski.ba\/index.php\/wp-json\/wp\/v2\/posts\/221812\/revisions\/221828"}],"wp:featuredmedia":[{"embeddable":true,"href":"https:\/\/radioljubuski.ba\/index.php\/wp-json\/wp\/v2\/media\/221813"}],"wp:attachment":[{"href":"https:\/\/radioljubuski.ba\/index.php\/wp-json\/wp\/v2\/media?parent=221812"}],"wp:term":[{"taxonomy":"category","embeddable":true,"href":"https:\/\/radioljubuski.ba\/index.php\/wp-json\/wp\/v2\/categories?post=221812"},{"taxonomy":"post_tag","embeddable":true,"href":"https:\/\/radioljubuski.ba\/index.php\/wp-json\/wp\/v2\/tags?post=221812"}],"curies":[{"name":"wp","href":"https:\/\/api.w.org\/{rel}","templated":true}]}}