{"id":221815,"date":"2025-10-22T15:50:34","date_gmt":"2025-10-22T14:50:34","guid":{"rendered":"https:\/\/radioljubuski.ba\/?p=221815"},"modified":"2025-10-23T11:25:49","modified_gmt":"2025-10-23T10:25:49","slug":"odrzan-koordinacijski-sastanak-duznosnika-hdz-a-bih-s-federalne-razine-vlasti-nastavak-rada-na-stabilnosti-i-razvoju-federacije-bih","status":"publish","type":"post","link":"https:\/\/radioljubuski.ba\/index.php\/2025\/10\/22\/odrzan-koordinacijski-sastanak-duznosnika-hdz-a-bih-s-federalne-razine-vlasti-nastavak-rada-na-stabilnosti-i-razvoju-federacije-bih\/","title":{"rendered":"Odr\u017ean Koordinacijski sastanak du\u017enosnika HDZ-a BiH s federalne razine vlasti: Nastavak rada na stabilnosti i razvoju Federacije BiH"},"content":{"rendered":"\n<p>Danas je u Gornjem Vakufu-Uskoplju odr\u017eana koordinacija du\u017enosnika izvr\u0161ne i zakonodavne vlasti HDZ-a BiH s federalne razine, s ciljem daljnjeg uskla\u0111ivanja djelovanja unutar Federacije Bosne i Hercegovine.<\/p>\n\n\n\n<p>Sastanak, kojim je predsjedala predsjednica Federacije BiH i dopredsjednica HDZ-a BiH Lidija Bradara, odr\u017ean je uz sudjelovanje predsjednika HDZ-a BiH dr. Dragana \u010covi\u0107a i dopredsjednice stranke Darijane Filipovi\u0107 Dana\u0161nji Koordinacijski sastanak bio je usmjeren na daljnje uskla\u0111ivanje prioriteta i aktivnosti va\u017enih za funkcioniranje Federacije BiH i \u017eupanija. Predsjednik \u010covi\u0107 i dopredsjednica Bradara izvijestili su nazo\u010dne o aktualnom politi\u010dkom trenutku u Bosni i Hercegovini, s posebnim osvrtom na procese koji se vode na razini BiH te aktivnosti usmjerene na \u017eurno ostvarivanje europskih reformi i legitimnog politi\u010dkog predstavljanja hrvatskoga naroda.<\/p>\n\n\n\n<p>Ministri u Vladi Federacije BiH:&nbsp;<strong>Toni Kraljevi\u0107,<\/strong>&nbsp;Andrijana Kati\u0107, \u017deljko Nedi\u0107, Vedran \u0160kobi\u0107 i Sanja Vlaisavljevi\u0107, iznijeli su pregled aktualnosti u radu svojih Ministarstva, s naglaskom na fiskalnu stabilnost, infrastrukturne projekte, prostorno planiranje, pravosudna pitanja te potporu kulturnim i obrazovnim inicijativama. Predsjedatelj Martinovi\u0107 i dopredsjedatelj Bo\u0161kovi\u0107 ovom su prilikom informirali nazo\u010dne o zakonima koji se nalaze u parlamentarnoj proceduri, kao i o planiranim aktivnostima u zakonodavnom procesu.<\/p>\n\n\n\n<figure class=\"wp-block-image\"><img decoding=\"async\" src=\"https:\/\/scontent-vie1-1.xx.fbcdn.net\/v\/t39.30808-6\/569276304_1367240488356027_1374048082788051598_n.jpg?_nc_cat=101&amp;ccb=1-7&amp;_nc_sid=833d8c&amp;_nc_eui2=AeG8-rVkuXhD6TcK8S5Rfq-d3-AFM-tTe5_f4AUz61N7nyshCdb0QA1lwgUc-sm0GXM&amp;_nc_ohc=nnhhmKpjEbAQ7kNvwEDiez9&amp;_nc_oc=Adl_2dpViz5fYF0R_ItQ7sEa6CrlT9G4p1F7lm3Pf1FRNTL73npYL--0FQT6wNsiIfs&amp;_nc_zt=23&amp;_nc_ht=scontent-vie1-1.xx&amp;_nc_gid=UOSgoUpuZKXlJasr9eUDyg&amp;oh=00_Afd0Dg99DTBdTJ_K7z1hRXYNyJFig72Jy_upSzzVIkB-ow&amp;oe=68FE9F9F\" alt=\"Mo\u017ee biti slika sljede\u0107eg: tekst &quot;HOZ&quot;\"\/><\/figure>\n\n\n\n<p>Na dana\u0161njem je Koordinacijskom sastanku zaklju\u010deno kako je nu\u017eno nastaviti sna\u017eno i uskla\u0111eno politi\u010dko djelovanje na svim razinama vlasti radi o\u010duvanja stabilnosti i razvoja Federacije BiH te ostvarivanja europskih reformi Bosne i Hercegovine koje nose klju\u010dni zna\u010daj za napredak i dobrobit \u017eitelja BiH.<\/p>\n\n\n\n<p>Koordinacija je okupila klju\u010dne du\u017enosnike s razine Federacije \u2013 ministre u Vladi Federacije BiH predvo\u0111ene dopremijerom i ministrom financija Tonijem Kraljevi\u0107em, izaslanike u Domu naroda Parlamenta Federacije BiH na \u010delu s predsjedateljem Tomislavom Martinovi\u0107em, zastupnike u Zastupni\u010dkom domu Parlamenta FBiH predvo\u0111ene dopredsjedateljem Mladenom Bo\u0161kovi\u0107em, kao i predsjednike \u017eupanijskih vlada iz reda HDZ-a BiH te druge du\u017enosnike.<\/p>\n\n\n\n<p>Ljportal <\/p>\n","protected":false},"excerpt":{"rendered":"<p>Danas je u Gornjem Vakufu-Uskoplju odr\u017eana koordinacija du\u017enosnika izvr\u0161ne i zakonodavne vlasti HDZ-a BiH s federalne razine, s ciljem daljnjeg uskla\u0111ivanja djelovanja unutar Federacije Bosne i Hercegovine. Sastanak, kojim je predsjedala predsjednica Federacije BiH i dopredsjednica HDZ-a BiH Lidija Bradara, odr\u017ean je uz sudjelovanje predsjednika HDZ-a BiH dr. Dragana \u010covi\u0107a i dopredsjednice stranke Darijane Filipovi\u0107 [&hellip;]<\/p>\n","protected":false},"author":2,"featured_media":221816,"comment_status":"closed","ping_status":"closed","sticky":false,"template":"","format":"standard","meta":{"h5ap_radio_sources":[],"footnotes":""},"categories":[1],"tags":[],"class_list":["post-221815","post","type-post","status-publish","format-standard","has-post-thumbnail","hentry","category-bihiregija"],"yoast_head":"<!-- This site is optimized with the Yoast SEO plugin v27.5 - https:\/\/yoast.com\/product\/yoast-seo-wordpress\/ -->\n<title>Odr\u017ean Koordinacijski sastanak du\u017enosnika HDZ-a BiH s federalne razine vlasti: Nastavak rada na stabilnosti i razvoju Federacije BiH - RADIO LJUBU\u0160KI<\/title>\n<meta name=\"robots\" content=\"index, follow, max-snippet:-1, max-image-preview:large, max-video-preview:-1\" \/>\n<link rel=\"canonical\" href=\"https:\/\/radioljubuski.ba\/index.php\/2025\/10\/22\/odrzan-koordinacijski-sastanak-duznosnika-hdz-a-bih-s-federalne-razine-vlasti-nastavak-rada-na-stabilnosti-i-razvoju-federacije-bih\/\" \/>\n<meta property=\"og:locale\" content=\"hr_HR\" \/>\n<meta property=\"og:type\" content=\"article\" \/>\n<meta property=\"og:title\" content=\"Odr\u017ean Koordinacijski sastanak du\u017enosnika HDZ-a BiH s federalne razine vlasti: Nastavak rada na stabilnosti i razvoju Federacije BiH - RADIO LJUBU\u0160KI\" \/>\n<meta property=\"og:description\" content=\"Danas je u Gornjem Vakufu-Uskoplju odr\u017eana koordinacija du\u017enosnika izvr\u0161ne i zakonodavne vlasti HDZ-a BiH s federalne razine, s ciljem daljnjeg uskla\u0111ivanja djelovanja unutar Federacije Bosne i Hercegovine. Sastanak, kojim je predsjedala predsjednica Federacije BiH i dopredsjednica HDZ-a BiH Lidija Bradara, odr\u017ean je uz sudjelovanje predsjednika HDZ-a BiH dr. Dragana \u010covi\u0107a i dopredsjednice stranke Darijane Filipovi\u0107 [&hellip;]\" \/>\n<meta property=\"og:url\" content=\"https:\/\/radioljubuski.ba\/index.php\/2025\/10\/22\/odrzan-koordinacijski-sastanak-duznosnika-hdz-a-bih-s-federalne-razine-vlasti-nastavak-rada-na-stabilnosti-i-razvoju-federacije-bih\/\" \/>\n<meta property=\"og:site_name\" content=\"RADIO LJUBU\u0160KI\" \/>\n<meta property=\"article:publisher\" content=\"https:\/\/www.facebook.com\/Radiio-Ljubuski-1490835324566332\" \/>\n<meta property=\"article:published_time\" content=\"2025-10-22T14:50:34+00:00\" \/>\n<meta property=\"article:modified_time\" content=\"2025-10-23T10:25:49+00:00\" \/>\n<meta property=\"og:image\" content=\"https:\/\/radioljubuski.ba\/wp-content\/uploads\/2025\/10\/IMG_5475.png\" \/>\n\t<meta property=\"og:image:width\" content=\"600\" \/>\n\t<meta property=\"og:image:height\" content=\"400\" \/>\n\t<meta property=\"og:image:type\" content=\"image\/png\" \/>\n<meta name=\"author\" content=\"Radio Ljubu\u0161ki\" \/>\n<meta name=\"twitter:card\" content=\"summary_large_image\" \/>\n<meta name=\"twitter:creator\" content=\"@radioljubuski\" \/>\n<meta name=\"twitter:site\" content=\"@radioljubuski\" \/>\n<meta name=\"twitter:label1\" content=\"Napisao\/la\" \/>\n\t<meta name=\"twitter:data1\" content=\"Radio Ljubu\u0161ki\" \/>\n\t<meta name=\"twitter:label2\" content=\"Procijenjeno vrijeme \u010ditanja\" \/>\n\t<meta name=\"twitter:data2\" content=\"2 minute\" \/>\n<script type=\"application\/ld+json\" class=\"yoast-schema-graph\">{\"@context\":\"https:\\\/\\\/schema.org\",\"@graph\":[{\"@type\":\"Article\",\"@id\":\"https:\\\/\\\/radioljubuski.ba\\\/index.php\\\/2025\\\/10\\\/22\\\/odrzan-koordinacijski-sastanak-duznosnika-hdz-a-bih-s-federalne-razine-vlasti-nastavak-rada-na-stabilnosti-i-razvoju-federacije-bih\\\/#article\",\"isPartOf\":{\"@id\":\"https:\\\/\\\/radioljubuski.ba\\\/index.php\\\/2025\\\/10\\\/22\\\/odrzan-koordinacijski-sastanak-duznosnika-hdz-a-bih-s-federalne-razine-vlasti-nastavak-rada-na-stabilnosti-i-razvoju-federacije-bih\\\/\"},\"author\":{\"name\":\"Radio Ljubu\u0161ki\",\"@id\":\"https:\\\/\\\/radioljubuski.ba\\\/#\\\/schema\\\/person\\\/19fc700381a780f69665d7956c469e3b\"},\"headline\":\"Odr\u017ean Koordinacijski sastanak du\u017enosnika HDZ-a BiH s federalne razine vlasti: Nastavak rada na stabilnosti i razvoju Federacije BiH\",\"datePublished\":\"2025-10-22T14:50:34+00:00\",\"dateModified\":\"2025-10-23T10:25:49+00:00\",\"mainEntityOfPage\":{\"@id\":\"https:\\\/\\\/radioljubuski.ba\\\/index.php\\\/2025\\\/10\\\/22\\\/odrzan-koordinacijski-sastanak-duznosnika-hdz-a-bih-s-federalne-razine-vlasti-nastavak-rada-na-stabilnosti-i-razvoju-federacije-bih\\\/\"},\"wordCount\":336,\"publisher\":{\"@id\":\"https:\\\/\\\/radioljubuski.ba\\\/#organization\"},\"image\":{\"@id\":\"https:\\\/\\\/radioljubuski.ba\\\/index.php\\\/2025\\\/10\\\/22\\\/odrzan-koordinacijski-sastanak-duznosnika-hdz-a-bih-s-federalne-razine-vlasti-nastavak-rada-na-stabilnosti-i-razvoju-federacije-bih\\\/#primaryimage\"},\"thumbnailUrl\":\"https:\\\/\\\/radioljubuski.ba\\\/wp-content\\\/uploads\\\/2025\\\/10\\\/IMG_5475.png\",\"articleSection\":[\"BIH i regija\"],\"inLanguage\":\"hr\"},{\"@type\":\"WebPage\",\"@id\":\"https:\\\/\\\/radioljubuski.ba\\\/index.php\\\/2025\\\/10\\\/22\\\/odrzan-koordinacijski-sastanak-duznosnika-hdz-a-bih-s-federalne-razine-vlasti-nastavak-rada-na-stabilnosti-i-razvoju-federacije-bih\\\/\",\"url\":\"https:\\\/\\\/radioljubuski.ba\\\/index.php\\\/2025\\\/10\\\/22\\\/odrzan-koordinacijski-sastanak-duznosnika-hdz-a-bih-s-federalne-razine-vlasti-nastavak-rada-na-stabilnosti-i-razvoju-federacije-bih\\\/\",\"name\":\"Odr\u017ean Koordinacijski sastanak du\u017enosnika HDZ-a BiH s federalne razine vlasti: Nastavak rada na stabilnosti i razvoju Federacije BiH - RADIO LJUBU\u0160KI\",\"isPartOf\":{\"@id\":\"https:\\\/\\\/radioljubuski.ba\\\/#website\"},\"primaryImageOfPage\":{\"@id\":\"https:\\\/\\\/radioljubuski.ba\\\/index.php\\\/2025\\\/10\\\/22\\\/odrzan-koordinacijski-sastanak-duznosnika-hdz-a-bih-s-federalne-razine-vlasti-nastavak-rada-na-stabilnosti-i-razvoju-federacije-bih\\\/#primaryimage\"},\"image\":{\"@id\":\"https:\\\/\\\/radioljubuski.ba\\\/index.php\\\/2025\\\/10\\\/22\\\/odrzan-koordinacijski-sastanak-duznosnika-hdz-a-bih-s-federalne-razine-vlasti-nastavak-rada-na-stabilnosti-i-razvoju-federacije-bih\\\/#primaryimage\"},\"thumbnailUrl\":\"https:\\\/\\\/radioljubuski.ba\\\/wp-content\\\/uploads\\\/2025\\\/10\\\/IMG_5475.png\",\"datePublished\":\"2025-10-22T14:50:34+00:00\",\"dateModified\":\"2025-10-23T10:25:49+00:00\",\"breadcrumb\":{\"@id\":\"https:\\\/\\\/radioljubuski.ba\\\/index.php\\\/2025\\\/10\\\/22\\\/odrzan-koordinacijski-sastanak-duznosnika-hdz-a-bih-s-federalne-razine-vlasti-nastavak-rada-na-stabilnosti-i-razvoju-federacije-bih\\\/#breadcrumb\"},\"inLanguage\":\"hr\",\"potentialAction\":[{\"@type\":\"ReadAction\",\"target\":[\"https:\\\/\\\/radioljubuski.ba\\\/index.php\\\/2025\\\/10\\\/22\\\/odrzan-koordinacijski-sastanak-duznosnika-hdz-a-bih-s-federalne-razine-vlasti-nastavak-rada-na-stabilnosti-i-razvoju-federacije-bih\\\/\"]}]},{\"@type\":\"ImageObject\",\"inLanguage\":\"hr\",\"@id\":\"https:\\\/\\\/radioljubuski.ba\\\/index.php\\\/2025\\\/10\\\/22\\\/odrzan-koordinacijski-sastanak-duznosnika-hdz-a-bih-s-federalne-razine-vlasti-nastavak-rada-na-stabilnosti-i-razvoju-federacije-bih\\\/#primaryimage\",\"url\":\"https:\\\/\\\/radioljubuski.ba\\\/wp-content\\\/uploads\\\/2025\\\/10\\\/IMG_5475.png\",\"contentUrl\":\"https:\\\/\\\/radioljubuski.ba\\\/wp-content\\\/uploads\\\/2025\\\/10\\\/IMG_5475.png\",\"width\":600,\"height\":400},{\"@type\":\"BreadcrumbList\",\"@id\":\"https:\\\/\\\/radioljubuski.ba\\\/index.php\\\/2025\\\/10\\\/22\\\/odrzan-koordinacijski-sastanak-duznosnika-hdz-a-bih-s-federalne-razine-vlasti-nastavak-rada-na-stabilnosti-i-razvoju-federacije-bih\\\/#breadcrumb\",\"itemListElement\":[{\"@type\":\"ListItem\",\"position\":1,\"name\":\"Po\u010detna stranica\",\"item\":\"https:\\\/\\\/radioljubuski.ba\\\/\"},{\"@type\":\"ListItem\",\"position\":2,\"name\":\"Odr\u017ean Koordinacijski sastanak du\u017enosnika HDZ-a BiH s federalne razine vlasti: Nastavak rada na stabilnosti i razvoju Federacije BiH\"}]},{\"@type\":\"WebSite\",\"@id\":\"https:\\\/\\\/radioljubuski.ba\\\/#website\",\"url\":\"https:\\\/\\\/radioljubuski.ba\\\/\",\"name\":\"Radio Ljubu\u0161ki\",\"description\":\"Sun\u010dana frekvencija Hercegovine\",\"publisher\":{\"@id\":\"https:\\\/\\\/radioljubuski.ba\\\/#organization\"},\"potentialAction\":[{\"@type\":\"SearchAction\",\"target\":{\"@type\":\"EntryPoint\",\"urlTemplate\":\"https:\\\/\\\/radioljubuski.ba\\\/?s={search_term_string}\"},\"query-input\":{\"@type\":\"PropertyValueSpecification\",\"valueRequired\":true,\"valueName\":\"search_term_string\"}}],\"inLanguage\":\"hr\"},{\"@type\":\"Organization\",\"@id\":\"https:\\\/\\\/radioljubuski.ba\\\/#organization\",\"name\":\"Radio Ljubu\u0161ki\",\"url\":\"https:\\\/\\\/radioljubuski.ba\\\/\",\"logo\":{\"@type\":\"ImageObject\",\"inLanguage\":\"hr\",\"@id\":\"https:\\\/\\\/radioljubuski.ba\\\/#\\\/schema\\\/logo\\\/image\\\/\",\"url\":\"https:\\\/\\\/radioljubuski.ba\\\/wp-content\\\/uploads\\\/2021\\\/02\\\/cropped-Radio_Ljubuski_logo1.jpg\",\"contentUrl\":\"https:\\\/\\\/radioljubuski.ba\\\/wp-content\\\/uploads\\\/2021\\\/02\\\/cropped-Radio_Ljubuski_logo1.jpg\",\"width\":512,\"height\":512,\"caption\":\"Radio Ljubu\u0161ki\"},\"image\":{\"@id\":\"https:\\\/\\\/radioljubuski.ba\\\/#\\\/schema\\\/logo\\\/image\\\/\"},\"sameAs\":[\"https:\\\/\\\/www.facebook.com\\\/Radiio-Ljubuski-1490835324566332\",\"https:\\\/\\\/x.com\\\/radioljubuski\",\"https:\\\/\\\/hr.linkedin.com\\\/company\\\/radio-ljubuski\",\"https:\\\/\\\/www.youtube.com\\\/channel\\\/UCHYaeO_n0Db3tjNGudGpXyw\"]},{\"@type\":\"Person\",\"@id\":\"https:\\\/\\\/radioljubuski.ba\\\/#\\\/schema\\\/person\\\/19fc700381a780f69665d7956c469e3b\",\"name\":\"Radio Ljubu\u0161ki\"}]}<\/script>\n<!-- \/ Yoast SEO plugin. -->","yoast_head_json":{"title":"Odr\u017ean Koordinacijski sastanak du\u017enosnika HDZ-a BiH s federalne razine vlasti: Nastavak rada na stabilnosti i razvoju Federacije BiH - RADIO LJUBU\u0160KI","robots":{"index":"index","follow":"follow","max-snippet":"max-snippet:-1","max-image-preview":"max-image-preview:large","max-video-preview":"max-video-preview:-1"},"canonical":"https:\/\/radioljubuski.ba\/index.php\/2025\/10\/22\/odrzan-koordinacijski-sastanak-duznosnika-hdz-a-bih-s-federalne-razine-vlasti-nastavak-rada-na-stabilnosti-i-razvoju-federacije-bih\/","og_locale":"hr_HR","og_type":"article","og_title":"Odr\u017ean Koordinacijski sastanak du\u017enosnika HDZ-a BiH s federalne razine vlasti: Nastavak rada na stabilnosti i razvoju Federacije BiH - RADIO LJUBU\u0160KI","og_description":"Danas je u Gornjem Vakufu-Uskoplju odr\u017eana koordinacija du\u017enosnika izvr\u0161ne i zakonodavne vlasti HDZ-a BiH s federalne razine, s ciljem daljnjeg uskla\u0111ivanja djelovanja unutar Federacije Bosne i Hercegovine. Sastanak, kojim je predsjedala predsjednica Federacije BiH i dopredsjednica HDZ-a BiH Lidija Bradara, odr\u017ean je uz sudjelovanje predsjednika HDZ-a BiH dr. Dragana \u010covi\u0107a i dopredsjednice stranke Darijane Filipovi\u0107 [&hellip;]","og_url":"https:\/\/radioljubuski.ba\/index.php\/2025\/10\/22\/odrzan-koordinacijski-sastanak-duznosnika-hdz-a-bih-s-federalne-razine-vlasti-nastavak-rada-na-stabilnosti-i-razvoju-federacije-bih\/","og_site_name":"RADIO LJUBU\u0160KI","article_publisher":"https:\/\/www.facebook.com\/Radiio-Ljubuski-1490835324566332","article_published_time":"2025-10-22T14:50:34+00:00","article_modified_time":"2025-10-23T10:25:49+00:00","og_image":[{"width":600,"height":400,"url":"https:\/\/radioljubuski.ba\/wp-content\/uploads\/2025\/10\/IMG_5475.png","type":"image\/png"}],"author":"Radio Ljubu\u0161ki","twitter_card":"summary_large_image","twitter_creator":"@radioljubuski","twitter_site":"@radioljubuski","twitter_misc":{"Napisao\/la":"Radio Ljubu\u0161ki","Procijenjeno vrijeme \u010ditanja":"2 minute"},"schema":{"@context":"https:\/\/schema.org","@graph":[{"@type":"Article","@id":"https:\/\/radioljubuski.ba\/index.php\/2025\/10\/22\/odrzan-koordinacijski-sastanak-duznosnika-hdz-a-bih-s-federalne-razine-vlasti-nastavak-rada-na-stabilnosti-i-razvoju-federacije-bih\/#article","isPartOf":{"@id":"https:\/\/radioljubuski.ba\/index.php\/2025\/10\/22\/odrzan-koordinacijski-sastanak-duznosnika-hdz-a-bih-s-federalne-razine-vlasti-nastavak-rada-na-stabilnosti-i-razvoju-federacije-bih\/"},"author":{"name":"Radio Ljubu\u0161ki","@id":"https:\/\/radioljubuski.ba\/#\/schema\/person\/19fc700381a780f69665d7956c469e3b"},"headline":"Odr\u017ean Koordinacijski sastanak du\u017enosnika HDZ-a BiH s federalne razine vlasti: Nastavak rada na stabilnosti i razvoju Federacije BiH","datePublished":"2025-10-22T14:50:34+00:00","dateModified":"2025-10-23T10:25:49+00:00","mainEntityOfPage":{"@id":"https:\/\/radioljubuski.ba\/index.php\/2025\/10\/22\/odrzan-koordinacijski-sastanak-duznosnika-hdz-a-bih-s-federalne-razine-vlasti-nastavak-rada-na-stabilnosti-i-razvoju-federacije-bih\/"},"wordCount":336,"publisher":{"@id":"https:\/\/radioljubuski.ba\/#organization"},"image":{"@id":"https:\/\/radioljubuski.ba\/index.php\/2025\/10\/22\/odrzan-koordinacijski-sastanak-duznosnika-hdz-a-bih-s-federalne-razine-vlasti-nastavak-rada-na-stabilnosti-i-razvoju-federacije-bih\/#primaryimage"},"thumbnailUrl":"https:\/\/radioljubuski.ba\/wp-content\/uploads\/2025\/10\/IMG_5475.png","articleSection":["BIH i regija"],"inLanguage":"hr"},{"@type":"WebPage","@id":"https:\/\/radioljubuski.ba\/index.php\/2025\/10\/22\/odrzan-koordinacijski-sastanak-duznosnika-hdz-a-bih-s-federalne-razine-vlasti-nastavak-rada-na-stabilnosti-i-razvoju-federacije-bih\/","url":"https:\/\/radioljubuski.ba\/index.php\/2025\/10\/22\/odrzan-koordinacijski-sastanak-duznosnika-hdz-a-bih-s-federalne-razine-vlasti-nastavak-rada-na-stabilnosti-i-razvoju-federacije-bih\/","name":"Odr\u017ean Koordinacijski sastanak du\u017enosnika HDZ-a BiH s federalne razine vlasti: Nastavak rada na stabilnosti i razvoju Federacije BiH - RADIO LJUBU\u0160KI","isPartOf":{"@id":"https:\/\/radioljubuski.ba\/#website"},"primaryImageOfPage":{"@id":"https:\/\/radioljubuski.ba\/index.php\/2025\/10\/22\/odrzan-koordinacijski-sastanak-duznosnika-hdz-a-bih-s-federalne-razine-vlasti-nastavak-rada-na-stabilnosti-i-razvoju-federacije-bih\/#primaryimage"},"image":{"@id":"https:\/\/radioljubuski.ba\/index.php\/2025\/10\/22\/odrzan-koordinacijski-sastanak-duznosnika-hdz-a-bih-s-federalne-razine-vlasti-nastavak-rada-na-stabilnosti-i-razvoju-federacije-bih\/#primaryimage"},"thumbnailUrl":"https:\/\/radioljubuski.ba\/wp-content\/uploads\/2025\/10\/IMG_5475.png","datePublished":"2025-10-22T14:50:34+00:00","dateModified":"2025-10-23T10:25:49+00:00","breadcrumb":{"@id":"https:\/\/radioljubuski.ba\/index.php\/2025\/10\/22\/odrzan-koordinacijski-sastanak-duznosnika-hdz-a-bih-s-federalne-razine-vlasti-nastavak-rada-na-stabilnosti-i-razvoju-federacije-bih\/#breadcrumb"},"inLanguage":"hr","potentialAction":[{"@type":"ReadAction","target":["https:\/\/radioljubuski.ba\/index.php\/2025\/10\/22\/odrzan-koordinacijski-sastanak-duznosnika-hdz-a-bih-s-federalne-razine-vlasti-nastavak-rada-na-stabilnosti-i-razvoju-federacije-bih\/"]}]},{"@type":"ImageObject","inLanguage":"hr","@id":"https:\/\/radioljubuski.ba\/index.php\/2025\/10\/22\/odrzan-koordinacijski-sastanak-duznosnika-hdz-a-bih-s-federalne-razine-vlasti-nastavak-rada-na-stabilnosti-i-razvoju-federacije-bih\/#primaryimage","url":"https:\/\/radioljubuski.ba\/wp-content\/uploads\/2025\/10\/IMG_5475.png","contentUrl":"https:\/\/radioljubuski.ba\/wp-content\/uploads\/2025\/10\/IMG_5475.png","width":600,"height":400},{"@type":"BreadcrumbList","@id":"https:\/\/radioljubuski.ba\/index.php\/2025\/10\/22\/odrzan-koordinacijski-sastanak-duznosnika-hdz-a-bih-s-federalne-razine-vlasti-nastavak-rada-na-stabilnosti-i-razvoju-federacije-bih\/#breadcrumb","itemListElement":[{"@type":"ListItem","position":1,"name":"Po\u010detna stranica","item":"https:\/\/radioljubuski.ba\/"},{"@type":"ListItem","position":2,"name":"Odr\u017ean Koordinacijski sastanak du\u017enosnika HDZ-a BiH s federalne razine vlasti: Nastavak rada na stabilnosti i razvoju Federacije BiH"}]},{"@type":"WebSite","@id":"https:\/\/radioljubuski.ba\/#website","url":"https:\/\/radioljubuski.ba\/","name":"Radio Ljubu\u0161ki","description":"Sun\u010dana frekvencija Hercegovine","publisher":{"@id":"https:\/\/radioljubuski.ba\/#organization"},"potentialAction":[{"@type":"SearchAction","target":{"@type":"EntryPoint","urlTemplate":"https:\/\/radioljubuski.ba\/?s={search_term_string}"},"query-input":{"@type":"PropertyValueSpecification","valueRequired":true,"valueName":"search_term_string"}}],"inLanguage":"hr"},{"@type":"Organization","@id":"https:\/\/radioljubuski.ba\/#organization","name":"Radio Ljubu\u0161ki","url":"https:\/\/radioljubuski.ba\/","logo":{"@type":"ImageObject","inLanguage":"hr","@id":"https:\/\/radioljubuski.ba\/#\/schema\/logo\/image\/","url":"https:\/\/radioljubuski.ba\/wp-content\/uploads\/2021\/02\/cropped-Radio_Ljubuski_logo1.jpg","contentUrl":"https:\/\/radioljubuski.ba\/wp-content\/uploads\/2021\/02\/cropped-Radio_Ljubuski_logo1.jpg","width":512,"height":512,"caption":"Radio Ljubu\u0161ki"},"image":{"@id":"https:\/\/radioljubuski.ba\/#\/schema\/logo\/image\/"},"sameAs":["https:\/\/www.facebook.com\/Radiio-Ljubuski-1490835324566332","https:\/\/x.com\/radioljubuski","https:\/\/hr.linkedin.com\/company\/radio-ljubuski","https:\/\/www.youtube.com\/channel\/UCHYaeO_n0Db3tjNGudGpXyw"]},{"@type":"Person","@id":"https:\/\/radioljubuski.ba\/#\/schema\/person\/19fc700381a780f69665d7956c469e3b","name":"Radio Ljubu\u0161ki"}]}},"_links":{"self":[{"href":"https:\/\/radioljubuski.ba\/index.php\/wp-json\/wp\/v2\/posts\/221815","targetHints":{"allow":["GET"]}}],"collection":[{"href":"https:\/\/radioljubuski.ba\/index.php\/wp-json\/wp\/v2\/posts"}],"about":[{"href":"https:\/\/radioljubuski.ba\/index.php\/wp-json\/wp\/v2\/types\/post"}],"author":[{"embeddable":true,"href":"https:\/\/radioljubuski.ba\/index.php\/wp-json\/wp\/v2\/users\/2"}],"replies":[{"embeddable":true,"href":"https:\/\/radioljubuski.ba\/index.php\/wp-json\/wp\/v2\/comments?post=221815"}],"version-history":[{"count":1,"href":"https:\/\/radioljubuski.ba\/index.php\/wp-json\/wp\/v2\/posts\/221815\/revisions"}],"predecessor-version":[{"id":221817,"href":"https:\/\/radioljubuski.ba\/index.php\/wp-json\/wp\/v2\/posts\/221815\/revisions\/221817"}],"wp:featuredmedia":[{"embeddable":true,"href":"https:\/\/radioljubuski.ba\/index.php\/wp-json\/wp\/v2\/media\/221816"}],"wp:attachment":[{"href":"https:\/\/radioljubuski.ba\/index.php\/wp-json\/wp\/v2\/media?parent=221815"}],"wp:term":[{"taxonomy":"category","embeddable":true,"href":"https:\/\/radioljubuski.ba\/index.php\/wp-json\/wp\/v2\/categories?post=221815"},{"taxonomy":"post_tag","embeddable":true,"href":"https:\/\/radioljubuski.ba\/index.php\/wp-json\/wp\/v2\/tags?post=221815"}],"curies":[{"name":"wp","href":"https:\/\/api.w.org\/{rel}","templated":true}]}}