{"id":221822,"date":"2025-10-23T08:39:35","date_gmt":"2025-10-23T07:39:35","guid":{"rendered":"https:\/\/radioljubuski.ba\/?p=221822"},"modified":"2025-10-23T19:20:07","modified_gmt":"2025-10-23T18:20:07","slug":"darko-pehar-tajnik-vijeca-vinske-ceste-hercegovine-vinari-su-vezivno-tkivo-vinske-ceste-hercegovine","status":"publish","type":"post","link":"https:\/\/radioljubuski.ba\/index.php\/2025\/10\/23\/darko-pehar-tajnik-vijeca-vinske-ceste-hercegovine-vinari-su-vezivno-tkivo-vinske-ceste-hercegovine\/","title":{"rendered":"Darko Pehar tajnik Vije\u0107a Vinske ceste Hercegovine: Vinari su vezivno tkivo Vinske ceste Hercegovine"},"content":{"rendered":"\n<p>U Ljubu\u0161kom, 25. i 26. listopada 2025. godine, zapo\u010dinje ovogodi\u0161nja manifestacija \u201eDani otvorenih podruma\u201c Vinske ceste Hercegovine, koja \u0107e kroz \u010detiri vikenda u pet gradova predstavljati bogatstvo hercegova\u010dkih vina, podruma i tradicije. Pod motom \u201e<strong>Vino, tradicija i dobro dru\u0161tvo<\/strong>\u201c, ljubu\u0161ke vinarije i ugostitelji pripremili su bogat program kroz koji \u0107e posjetitelji mo\u0107i otkriti duh ovog kraja.<\/p>\n\n\n\n<p>Vinska cesta Hercegovine je projekt kojim upravlja Vanjskotrgovinska komora Bosne i Hercegovine u suradnji s gradovima i op\u0107inama Ljubu\u0161ki, \u010citluk, Mostar, \u010capljina, Stolac i Trebinje. Projekt povezuje vinarije, restorane, vinoteke, obiteljska gospodarstva i druge turisti\u010dke subjekte s ciljem razvoja i promocije eno-gastronomije i vinskog turizma u regiji. Manifestacija \u201eDani otvorenih podruma\u201c dio je aktivnosti Vinske ceste Hercegovine usmjerenih na ja\u010danje turisti\u010dke ponude i promociju vinskog turizma, a sufinancirana je sredstvima Europske unije.<\/p>\n\n\n\n<figure class=\"wp-block-embed is-type-wp-embed is-provider-radio-ljubu-ki wp-block-embed-radio-ljubu-ki\"><div class=\"wp-block-embed__wrapper\">\n<blockquote class=\"wp-embedded-content\" data-secret=\"0S4YtEuZVO\"><a href=\"https:\/\/radioljubuski.ba\/index.php\/2025\/10\/21\/rezervirajte-svoje-mjesto-i-dodite-na-dane-otvorenih-podruma-u-ljubuski\/\">Rezervirajte svoje mjesto i do\u0111ite na Dane otvorenih podruma u Ljubu\u0161ki<\/a><\/blockquote><iframe loading=\"lazy\" class=\"wp-embedded-content\" sandbox=\"allow-scripts\" security=\"restricted\" style=\"position: absolute; visibility: hidden;\" title=\"&#8220;Rezervirajte svoje mjesto i do\u0111ite na Dane otvorenih podruma u Ljubu\u0161ki&#8221; &#8212;   RADIO LJUBU\u0160KI\" src=\"https:\/\/radioljubuski.ba\/index.php\/2025\/10\/21\/rezervirajte-svoje-mjesto-i-dodite-na-dane-otvorenih-podruma-u-ljubuski\/embed\/#?secret=H7t7LpAcCM#?secret=0S4YtEuZVO\" data-secret=\"0S4YtEuZVO\" width=\"600\" height=\"338\" frameborder=\"0\" marginwidth=\"0\" marginheight=\"0\" scrolling=\"no\"><\/iframe>\n<\/div><\/figure>\n\n\n\n<p>U programu Radio postaje Ljubu\u0161ki tim povodom gostovao je tajnik Vije\u0107a Vinske ceste Hercegovine Darko Pehar koji je istaknuo kako je u projekt Vinske ceste Hercegovine uklju\u010deno 39 \u010dlanova me\u0111u kojima su najve\u0107im dijelom vinarije, zatim ugostiteljski objekti, restorani, hotelijeri i turisti\u010dke agencije.<\/p>\n\n\n\n<p>&#8220;U svojoj grupaciji za turizam Vanjsko trgovinska komora na nastupima koje ima na prezentaciji Bosne i Hercegovine jedan cijeli segment posveti prezentaciji eno gastro ponude i Vinske ceste Hercegovine. Cilj je promoviranje Hercegovine kao prepoznatljive vinsko turisti\u010dke destinacije, enogastro destinacije, njeno pozicioniranje uz svjetske poznate vinske regije. &#8220;<\/p>\n\n\n\n<p>O iskustvima i primjerima dobre prakse isti\u010de kako &#8221; Razmjenjujemo iskustva s vinskim regijama i ljudima koji djeluju u vinskom turizmu u \u0160panjolskoj, Italiji, Francuskoj i drugim zemljama. Sada smo imali priliku biti u Gr\u010dkoj i vidjeti primjere dobre prakse iz uspje\u0161nih vinarija tih zemalja. Te zemlje su same po sebi vinska destinacija, u odnosu na njih mi se jo\u0161 uvijek moramo boriti i tra\u017eiti svoje mjesto. Sve predispozicije imamo, na\u0161i vinari su potvrdili svjetsku kvalitetu s brojnim nagradama koje osvajaju i dobar glas o Vinskoj cesti Hercegovine u zadnje vrijeme se sve vi\u0161e \u010duje.&#8221;<\/p>\n\n\n\n<p>O samoj manifestaciji &#8220;Dani otvorenih podruma&#8221; koja se odr\u017eava po prvi put na\u0161 sugovornik isti\u010de kako je inicijativa do\u0161la od samih vinara i uputio je poziv svim posjetiteljima:<\/p>\n\n\n\n<p>&#8221; <strong>Vinari su vezivno tkivo Vinske ceste Hercegovine. U svoj rad ula\u017eu mnogo truda i sredstava, investiraju dobit u svoju proizvodnju kako bi opstali na tr\u017ei\u0161tu i najbolje predstavili svoj rad. Oni su zbog tog za mene najbolji vinari na svijetu! U ovom lancu vinari su pokreta\u010di koji za sebe ve\u017eu ostale; proizvo\u0111a\u010de doma\u0107eg maslinovog ulja, proizvo\u0111a\u010de suhomesnatih proizvoda, proizvo\u0111a\u010de sira, povr\u0107a, sve lokalne obrte, ruralna gazdinstva. Danas kada spomenete vinski turizam u svijetu podrazumijeva se jedinstveno i autenti\u010dno iskustvo lokalnog. To je sva na\u0161a hrana i nama je cilj objediniti cijelu gastroponudu Hercegovine u jedan zajedni\u010dki proizvod, koji \u0107e kasnije se promovirati i plasirati kako doma\u0107im ljudima tako i u svijetu<\/strong>.<\/p>\n\n\n\n<p>&#8220;<strong>Dani otvorenih podruma&#8221; su jedinstvena prilika za otkrivanje duha hercegova\u010dkih vinograda i podruma. Manifestacija se odr\u017eava \u010detiri jesenska vikenda u svim gradovima Vinske ceste Hercegovine. O\u010dekuje nas bogat program, degustacije vina na prvom mjestu, zatim kulinarske radionice, tematske ve\u010deri, obilasci podruma vinograda, bogat glazbeni program, a ono najva\u017enije je, dakle, ugodno dru\u0161tvo, dru\u017eenje s vinarima, dru\u017eenje s ljudima. Pored vinara, ovdje su otvorena vrata i svi drugih \u010dlanova Vinske ceste Hercegovine, u suradnji naravno s na\u0161im vinarima. Zadovoljstvo mi je \u0161to smo u Ljubu\u0161kom, koji je jedan svijetli primjer kvalitetnog predstavljanja destinacije i same ponude. Koristim priliku pozvati sve va\u0161e slu\u0161atelje: do\u0111ite, upoznajte na\u0161e vinare, do\u017eivite Hercegovinu kroz vino i hranu i dru\u017eenje.<\/strong> &#8221; <\/p>\n\n\n\n<p>Cjelovit program manifestacije na\u0161i slu\u0161atelji mogu pratiti na dru\u0161tvenim mre\u017eama Vinske ceste Hercegovine<\/p>\n\n\n\n<p><a href=\"https:\/\/www.facebook.com\/hwr.ba\/?locale=hr_HR\">https:\/\/www.facebook.com\/hwr.ba\/?locale=hr_HR<\/a><\/p>\n\n\n\n<p><\/p>\n\n\n\n<figure class=\"wp-block-image size-large\"><img loading=\"lazy\" decoding=\"async\" width=\"1024\" height=\"576\" src=\"https:\/\/radioljubuski.ba\/wp-content\/uploads\/2025\/10\/IMG-20251020-WA0011-1024x576.jpg\" alt=\"\" class=\"wp-image-221732\" srcset=\"https:\/\/radioljubuski.ba\/wp-content\/uploads\/2025\/10\/IMG-20251020-WA0011-1024x576.jpg 1024w, https:\/\/radioljubuski.ba\/wp-content\/uploads\/2025\/10\/IMG-20251020-WA0011-300x169.jpg 300w, https:\/\/radioljubuski.ba\/wp-content\/uploads\/2025\/10\/IMG-20251020-WA0011-768x432.jpg 768w, https:\/\/radioljubuski.ba\/wp-content\/uploads\/2025\/10\/IMG-20251020-WA0011-1536x864.jpg 1536w, https:\/\/radioljubuski.ba\/wp-content\/uploads\/2025\/10\/IMG-20251020-WA0011-18x10.jpg 18w, https:\/\/radioljubuski.ba\/wp-content\/uploads\/2025\/10\/IMG-20251020-WA0011.jpg 1920w\" sizes=\"auto, (max-width: 1024px) 100vw, 1024px\" \/><\/figure>\n\n\n\n<p>B.Medi\u0107<\/p>\n\n\n\n<p><\/p>\n","protected":false},"excerpt":{"rendered":"<p>U Ljubu\u0161kom, 25. i 26. listopada 2025. godine, zapo\u010dinje ovogodi\u0161nja manifestacija \u201eDani otvorenih podruma\u201c Vinske ceste Hercegovine, koja \u0107e kroz \u010detiri vikenda u pet gradova predstavljati bogatstvo hercegova\u010dkih vina, podruma i tradicije. Pod motom \u201eVino, tradicija i dobro dru\u0161tvo\u201c, ljubu\u0161ke vinarije i ugostitelji pripremili su bogat program kroz koji \u0107e posjetitelji mo\u0107i otkriti duh ovog [&hellip;]<\/p>\n","protected":false},"author":2,"featured_media":221825,"comment_status":"closed","ping_status":"closed","sticky":false,"template":"","format":"standard","meta":{"h5ap_radio_sources":[],"footnotes":""},"categories":[1,3,28],"tags":[],"class_list":["post-221822","post","type-post","status-publish","format-standard","has-post-thumbnail","hentry","category-bihiregija","category-ljubuski","category-novosti"],"yoast_head":"<!-- This site is optimized with the Yoast SEO plugin v27.5 - https:\/\/yoast.com\/product\/yoast-seo-wordpress\/ -->\n<title>Darko Pehar tajnik Vije\u0107a Vinske ceste Hercegovine: Vinari su vezivno tkivo Vinske ceste Hercegovine - RADIO LJUBU\u0160KI<\/title>\n<meta name=\"robots\" content=\"index, follow, max-snippet:-1, max-image-preview:large, max-video-preview:-1\" \/>\n<link rel=\"canonical\" href=\"https:\/\/radioljubuski.ba\/index.php\/2025\/10\/23\/darko-pehar-tajnik-vijeca-vinske-ceste-hercegovine-vinari-su-vezivno-tkivo-vinske-ceste-hercegovine\/\" \/>\n<meta property=\"og:locale\" content=\"hr_HR\" \/>\n<meta property=\"og:type\" content=\"article\" \/>\n<meta property=\"og:title\" content=\"Darko Pehar tajnik Vije\u0107a Vinske ceste Hercegovine: Vinari su vezivno tkivo Vinske ceste Hercegovine - RADIO LJUBU\u0160KI\" \/>\n<meta property=\"og:description\" content=\"U Ljubu\u0161kom, 25. i 26. listopada 2025. godine, zapo\u010dinje ovogodi\u0161nja manifestacija \u201eDani otvorenih podruma\u201c Vinske ceste Hercegovine, koja \u0107e kroz \u010detiri vikenda u pet gradova predstavljati bogatstvo hercegova\u010dkih vina, podruma i tradicije. Pod motom \u201eVino, tradicija i dobro dru\u0161tvo\u201c, ljubu\u0161ke vinarije i ugostitelji pripremili su bogat program kroz koji \u0107e posjetitelji mo\u0107i otkriti duh ovog [&hellip;]\" \/>\n<meta property=\"og:url\" content=\"https:\/\/radioljubuski.ba\/index.php\/2025\/10\/23\/darko-pehar-tajnik-vijeca-vinske-ceste-hercegovine-vinari-su-vezivno-tkivo-vinske-ceste-hercegovine\/\" \/>\n<meta property=\"og:site_name\" content=\"RADIO LJUBU\u0160KI\" \/>\n<meta property=\"article:publisher\" content=\"https:\/\/www.facebook.com\/Radiio-Ljubuski-1490835324566332\" \/>\n<meta property=\"article:published_time\" content=\"2025-10-23T07:39:35+00:00\" \/>\n<meta property=\"article:modified_time\" content=\"2025-10-23T18:20:07+00:00\" \/>\n<meta property=\"og:image\" content=\"https:\/\/radioljubuski.ba\/wp-content\/uploads\/2025\/10\/IMG_20251022_103140-scaled.jpg\" \/>\n\t<meta property=\"og:image:width\" content=\"2560\" \/>\n\t<meta property=\"og:image:height\" content=\"1440\" \/>\n\t<meta property=\"og:image:type\" content=\"image\/jpeg\" \/>\n<meta name=\"author\" content=\"Radio Ljubu\u0161ki\" \/>\n<meta name=\"twitter:card\" content=\"summary_large_image\" \/>\n<meta name=\"twitter:creator\" content=\"@radioljubuski\" \/>\n<meta name=\"twitter:site\" content=\"@radioljubuski\" \/>\n<meta name=\"twitter:label1\" content=\"Napisao\/la\" \/>\n\t<meta name=\"twitter:data1\" content=\"Radio Ljubu\u0161ki\" \/>\n\t<meta name=\"twitter:label2\" content=\"Procijenjeno vrijeme \u010ditanja\" \/>\n\t<meta name=\"twitter:data2\" content=\"4 minute\" \/>\n<script type=\"application\/ld+json\" class=\"yoast-schema-graph\">{\"@context\":\"https:\\\/\\\/schema.org\",\"@graph\":[{\"@type\":\"Article\",\"@id\":\"https:\\\/\\\/radioljubuski.ba\\\/index.php\\\/2025\\\/10\\\/23\\\/darko-pehar-tajnik-vijeca-vinske-ceste-hercegovine-vinari-su-vezivno-tkivo-vinske-ceste-hercegovine\\\/#article\",\"isPartOf\":{\"@id\":\"https:\\\/\\\/radioljubuski.ba\\\/index.php\\\/2025\\\/10\\\/23\\\/darko-pehar-tajnik-vijeca-vinske-ceste-hercegovine-vinari-su-vezivno-tkivo-vinske-ceste-hercegovine\\\/\"},\"author\":{\"name\":\"Radio Ljubu\u0161ki\",\"@id\":\"https:\\\/\\\/radioljubuski.ba\\\/#\\\/schema\\\/person\\\/19fc700381a780f69665d7956c469e3b\"},\"headline\":\"Darko Pehar tajnik Vije\u0107a Vinske ceste Hercegovine: Vinari su vezivno tkivo Vinske ceste Hercegovine\",\"datePublished\":\"2025-10-23T07:39:35+00:00\",\"dateModified\":\"2025-10-23T18:20:07+00:00\",\"mainEntityOfPage\":{\"@id\":\"https:\\\/\\\/radioljubuski.ba\\\/index.php\\\/2025\\\/10\\\/23\\\/darko-pehar-tajnik-vijeca-vinske-ceste-hercegovine-vinari-su-vezivno-tkivo-vinske-ceste-hercegovine\\\/\"},\"wordCount\":670,\"publisher\":{\"@id\":\"https:\\\/\\\/radioljubuski.ba\\\/#organization\"},\"image\":{\"@id\":\"https:\\\/\\\/radioljubuski.ba\\\/index.php\\\/2025\\\/10\\\/23\\\/darko-pehar-tajnik-vijeca-vinske-ceste-hercegovine-vinari-su-vezivno-tkivo-vinske-ceste-hercegovine\\\/#primaryimage\"},\"thumbnailUrl\":\"https:\\\/\\\/radioljubuski.ba\\\/wp-content\\\/uploads\\\/2025\\\/10\\\/IMG_20251022_103140-scaled.jpg\",\"articleSection\":[\"BIH i regija\",\"Ljubu\u0161ki\",\"Novosti\"],\"inLanguage\":\"hr\"},{\"@type\":\"WebPage\",\"@id\":\"https:\\\/\\\/radioljubuski.ba\\\/index.php\\\/2025\\\/10\\\/23\\\/darko-pehar-tajnik-vijeca-vinske-ceste-hercegovine-vinari-su-vezivno-tkivo-vinske-ceste-hercegovine\\\/\",\"url\":\"https:\\\/\\\/radioljubuski.ba\\\/index.php\\\/2025\\\/10\\\/23\\\/darko-pehar-tajnik-vijeca-vinske-ceste-hercegovine-vinari-su-vezivno-tkivo-vinske-ceste-hercegovine\\\/\",\"name\":\"Darko Pehar tajnik Vije\u0107a Vinske ceste Hercegovine: Vinari su vezivno tkivo Vinske ceste Hercegovine - RADIO LJUBU\u0160KI\",\"isPartOf\":{\"@id\":\"https:\\\/\\\/radioljubuski.ba\\\/#website\"},\"primaryImageOfPage\":{\"@id\":\"https:\\\/\\\/radioljubuski.ba\\\/index.php\\\/2025\\\/10\\\/23\\\/darko-pehar-tajnik-vijeca-vinske-ceste-hercegovine-vinari-su-vezivno-tkivo-vinske-ceste-hercegovine\\\/#primaryimage\"},\"image\":{\"@id\":\"https:\\\/\\\/radioljubuski.ba\\\/index.php\\\/2025\\\/10\\\/23\\\/darko-pehar-tajnik-vijeca-vinske-ceste-hercegovine-vinari-su-vezivno-tkivo-vinske-ceste-hercegovine\\\/#primaryimage\"},\"thumbnailUrl\":\"https:\\\/\\\/radioljubuski.ba\\\/wp-content\\\/uploads\\\/2025\\\/10\\\/IMG_20251022_103140-scaled.jpg\",\"datePublished\":\"2025-10-23T07:39:35+00:00\",\"dateModified\":\"2025-10-23T18:20:07+00:00\",\"breadcrumb\":{\"@id\":\"https:\\\/\\\/radioljubuski.ba\\\/index.php\\\/2025\\\/10\\\/23\\\/darko-pehar-tajnik-vijeca-vinske-ceste-hercegovine-vinari-su-vezivno-tkivo-vinske-ceste-hercegovine\\\/#breadcrumb\"},\"inLanguage\":\"hr\",\"potentialAction\":[{\"@type\":\"ReadAction\",\"target\":[\"https:\\\/\\\/radioljubuski.ba\\\/index.php\\\/2025\\\/10\\\/23\\\/darko-pehar-tajnik-vijeca-vinske-ceste-hercegovine-vinari-su-vezivno-tkivo-vinske-ceste-hercegovine\\\/\"]}]},{\"@type\":\"ImageObject\",\"inLanguage\":\"hr\",\"@id\":\"https:\\\/\\\/radioljubuski.ba\\\/index.php\\\/2025\\\/10\\\/23\\\/darko-pehar-tajnik-vijeca-vinske-ceste-hercegovine-vinari-su-vezivno-tkivo-vinske-ceste-hercegovine\\\/#primaryimage\",\"url\":\"https:\\\/\\\/radioljubuski.ba\\\/wp-content\\\/uploads\\\/2025\\\/10\\\/IMG_20251022_103140-scaled.jpg\",\"contentUrl\":\"https:\\\/\\\/radioljubuski.ba\\\/wp-content\\\/uploads\\\/2025\\\/10\\\/IMG_20251022_103140-scaled.jpg\",\"width\":2560,\"height\":1440},{\"@type\":\"BreadcrumbList\",\"@id\":\"https:\\\/\\\/radioljubuski.ba\\\/index.php\\\/2025\\\/10\\\/23\\\/darko-pehar-tajnik-vijeca-vinske-ceste-hercegovine-vinari-su-vezivno-tkivo-vinske-ceste-hercegovine\\\/#breadcrumb\",\"itemListElement\":[{\"@type\":\"ListItem\",\"position\":1,\"name\":\"Po\u010detna stranica\",\"item\":\"https:\\\/\\\/radioljubuski.ba\\\/\"},{\"@type\":\"ListItem\",\"position\":2,\"name\":\"Darko Pehar tajnik Vije\u0107a Vinske ceste Hercegovine: Vinari su vezivno tkivo Vinske ceste Hercegovine\"}]},{\"@type\":\"WebSite\",\"@id\":\"https:\\\/\\\/radioljubuski.ba\\\/#website\",\"url\":\"https:\\\/\\\/radioljubuski.ba\\\/\",\"name\":\"Radio Ljubu\u0161ki\",\"description\":\"Sun\u010dana frekvencija Hercegovine\",\"publisher\":{\"@id\":\"https:\\\/\\\/radioljubuski.ba\\\/#organization\"},\"potentialAction\":[{\"@type\":\"SearchAction\",\"target\":{\"@type\":\"EntryPoint\",\"urlTemplate\":\"https:\\\/\\\/radioljubuski.ba\\\/?s={search_term_string}\"},\"query-input\":{\"@type\":\"PropertyValueSpecification\",\"valueRequired\":true,\"valueName\":\"search_term_string\"}}],\"inLanguage\":\"hr\"},{\"@type\":\"Organization\",\"@id\":\"https:\\\/\\\/radioljubuski.ba\\\/#organization\",\"name\":\"Radio Ljubu\u0161ki\",\"url\":\"https:\\\/\\\/radioljubuski.ba\\\/\",\"logo\":{\"@type\":\"ImageObject\",\"inLanguage\":\"hr\",\"@id\":\"https:\\\/\\\/radioljubuski.ba\\\/#\\\/schema\\\/logo\\\/image\\\/\",\"url\":\"https:\\\/\\\/radioljubuski.ba\\\/wp-content\\\/uploads\\\/2021\\\/02\\\/cropped-Radio_Ljubuski_logo1.jpg\",\"contentUrl\":\"https:\\\/\\\/radioljubuski.ba\\\/wp-content\\\/uploads\\\/2021\\\/02\\\/cropped-Radio_Ljubuski_logo1.jpg\",\"width\":512,\"height\":512,\"caption\":\"Radio Ljubu\u0161ki\"},\"image\":{\"@id\":\"https:\\\/\\\/radioljubuski.ba\\\/#\\\/schema\\\/logo\\\/image\\\/\"},\"sameAs\":[\"https:\\\/\\\/www.facebook.com\\\/Radiio-Ljubuski-1490835324566332\",\"https:\\\/\\\/x.com\\\/radioljubuski\",\"https:\\\/\\\/hr.linkedin.com\\\/company\\\/radio-ljubuski\",\"https:\\\/\\\/www.youtube.com\\\/channel\\\/UCHYaeO_n0Db3tjNGudGpXyw\"]},{\"@type\":\"Person\",\"@id\":\"https:\\\/\\\/radioljubuski.ba\\\/#\\\/schema\\\/person\\\/19fc700381a780f69665d7956c469e3b\",\"name\":\"Radio Ljubu\u0161ki\"}]}<\/script>\n<!-- \/ Yoast SEO plugin. -->","yoast_head_json":{"title":"Darko Pehar tajnik Vije\u0107a Vinske ceste Hercegovine: Vinari su vezivno tkivo Vinske ceste Hercegovine - RADIO LJUBU\u0160KI","robots":{"index":"index","follow":"follow","max-snippet":"max-snippet:-1","max-image-preview":"max-image-preview:large","max-video-preview":"max-video-preview:-1"},"canonical":"https:\/\/radioljubuski.ba\/index.php\/2025\/10\/23\/darko-pehar-tajnik-vijeca-vinske-ceste-hercegovine-vinari-su-vezivno-tkivo-vinske-ceste-hercegovine\/","og_locale":"hr_HR","og_type":"article","og_title":"Darko Pehar tajnik Vije\u0107a Vinske ceste Hercegovine: Vinari su vezivno tkivo Vinske ceste Hercegovine - RADIO LJUBU\u0160KI","og_description":"U Ljubu\u0161kom, 25. i 26. listopada 2025. godine, zapo\u010dinje ovogodi\u0161nja manifestacija \u201eDani otvorenih podruma\u201c Vinske ceste Hercegovine, koja \u0107e kroz \u010detiri vikenda u pet gradova predstavljati bogatstvo hercegova\u010dkih vina, podruma i tradicije. Pod motom \u201eVino, tradicija i dobro dru\u0161tvo\u201c, ljubu\u0161ke vinarije i ugostitelji pripremili su bogat program kroz koji \u0107e posjetitelji mo\u0107i otkriti duh ovog [&hellip;]","og_url":"https:\/\/radioljubuski.ba\/index.php\/2025\/10\/23\/darko-pehar-tajnik-vijeca-vinske-ceste-hercegovine-vinari-su-vezivno-tkivo-vinske-ceste-hercegovine\/","og_site_name":"RADIO LJUBU\u0160KI","article_publisher":"https:\/\/www.facebook.com\/Radiio-Ljubuski-1490835324566332","article_published_time":"2025-10-23T07:39:35+00:00","article_modified_time":"2025-10-23T18:20:07+00:00","og_image":[{"width":2560,"height":1440,"url":"https:\/\/radioljubuski.ba\/wp-content\/uploads\/2025\/10\/IMG_20251022_103140-scaled.jpg","type":"image\/jpeg"}],"author":"Radio Ljubu\u0161ki","twitter_card":"summary_large_image","twitter_creator":"@radioljubuski","twitter_site":"@radioljubuski","twitter_misc":{"Napisao\/la":"Radio Ljubu\u0161ki","Procijenjeno vrijeme \u010ditanja":"4 minute"},"schema":{"@context":"https:\/\/schema.org","@graph":[{"@type":"Article","@id":"https:\/\/radioljubuski.ba\/index.php\/2025\/10\/23\/darko-pehar-tajnik-vijeca-vinske-ceste-hercegovine-vinari-su-vezivno-tkivo-vinske-ceste-hercegovine\/#article","isPartOf":{"@id":"https:\/\/radioljubuski.ba\/index.php\/2025\/10\/23\/darko-pehar-tajnik-vijeca-vinske-ceste-hercegovine-vinari-su-vezivno-tkivo-vinske-ceste-hercegovine\/"},"author":{"name":"Radio Ljubu\u0161ki","@id":"https:\/\/radioljubuski.ba\/#\/schema\/person\/19fc700381a780f69665d7956c469e3b"},"headline":"Darko Pehar tajnik Vije\u0107a Vinske ceste Hercegovine: Vinari su vezivno tkivo Vinske ceste Hercegovine","datePublished":"2025-10-23T07:39:35+00:00","dateModified":"2025-10-23T18:20:07+00:00","mainEntityOfPage":{"@id":"https:\/\/radioljubuski.ba\/index.php\/2025\/10\/23\/darko-pehar-tajnik-vijeca-vinske-ceste-hercegovine-vinari-su-vezivno-tkivo-vinske-ceste-hercegovine\/"},"wordCount":670,"publisher":{"@id":"https:\/\/radioljubuski.ba\/#organization"},"image":{"@id":"https:\/\/radioljubuski.ba\/index.php\/2025\/10\/23\/darko-pehar-tajnik-vijeca-vinske-ceste-hercegovine-vinari-su-vezivno-tkivo-vinske-ceste-hercegovine\/#primaryimage"},"thumbnailUrl":"https:\/\/radioljubuski.ba\/wp-content\/uploads\/2025\/10\/IMG_20251022_103140-scaled.jpg","articleSection":["BIH i regija","Ljubu\u0161ki","Novosti"],"inLanguage":"hr"},{"@type":"WebPage","@id":"https:\/\/radioljubuski.ba\/index.php\/2025\/10\/23\/darko-pehar-tajnik-vijeca-vinske-ceste-hercegovine-vinari-su-vezivno-tkivo-vinske-ceste-hercegovine\/","url":"https:\/\/radioljubuski.ba\/index.php\/2025\/10\/23\/darko-pehar-tajnik-vijeca-vinske-ceste-hercegovine-vinari-su-vezivno-tkivo-vinske-ceste-hercegovine\/","name":"Darko Pehar tajnik Vije\u0107a Vinske ceste Hercegovine: Vinari su vezivno tkivo Vinske ceste Hercegovine - RADIO LJUBU\u0160KI","isPartOf":{"@id":"https:\/\/radioljubuski.ba\/#website"},"primaryImageOfPage":{"@id":"https:\/\/radioljubuski.ba\/index.php\/2025\/10\/23\/darko-pehar-tajnik-vijeca-vinske-ceste-hercegovine-vinari-su-vezivno-tkivo-vinske-ceste-hercegovine\/#primaryimage"},"image":{"@id":"https:\/\/radioljubuski.ba\/index.php\/2025\/10\/23\/darko-pehar-tajnik-vijeca-vinske-ceste-hercegovine-vinari-su-vezivno-tkivo-vinske-ceste-hercegovine\/#primaryimage"},"thumbnailUrl":"https:\/\/radioljubuski.ba\/wp-content\/uploads\/2025\/10\/IMG_20251022_103140-scaled.jpg","datePublished":"2025-10-23T07:39:35+00:00","dateModified":"2025-10-23T18:20:07+00:00","breadcrumb":{"@id":"https:\/\/radioljubuski.ba\/index.php\/2025\/10\/23\/darko-pehar-tajnik-vijeca-vinske-ceste-hercegovine-vinari-su-vezivno-tkivo-vinske-ceste-hercegovine\/#breadcrumb"},"inLanguage":"hr","potentialAction":[{"@type":"ReadAction","target":["https:\/\/radioljubuski.ba\/index.php\/2025\/10\/23\/darko-pehar-tajnik-vijeca-vinske-ceste-hercegovine-vinari-su-vezivno-tkivo-vinske-ceste-hercegovine\/"]}]},{"@type":"ImageObject","inLanguage":"hr","@id":"https:\/\/radioljubuski.ba\/index.php\/2025\/10\/23\/darko-pehar-tajnik-vijeca-vinske-ceste-hercegovine-vinari-su-vezivno-tkivo-vinske-ceste-hercegovine\/#primaryimage","url":"https:\/\/radioljubuski.ba\/wp-content\/uploads\/2025\/10\/IMG_20251022_103140-scaled.jpg","contentUrl":"https:\/\/radioljubuski.ba\/wp-content\/uploads\/2025\/10\/IMG_20251022_103140-scaled.jpg","width":2560,"height":1440},{"@type":"BreadcrumbList","@id":"https:\/\/radioljubuski.ba\/index.php\/2025\/10\/23\/darko-pehar-tajnik-vijeca-vinske-ceste-hercegovine-vinari-su-vezivno-tkivo-vinske-ceste-hercegovine\/#breadcrumb","itemListElement":[{"@type":"ListItem","position":1,"name":"Po\u010detna stranica","item":"https:\/\/radioljubuski.ba\/"},{"@type":"ListItem","position":2,"name":"Darko Pehar tajnik Vije\u0107a Vinske ceste Hercegovine: Vinari su vezivno tkivo Vinske ceste Hercegovine"}]},{"@type":"WebSite","@id":"https:\/\/radioljubuski.ba\/#website","url":"https:\/\/radioljubuski.ba\/","name":"Radio Ljubu\u0161ki","description":"Sun\u010dana frekvencija Hercegovine","publisher":{"@id":"https:\/\/radioljubuski.ba\/#organization"},"potentialAction":[{"@type":"SearchAction","target":{"@type":"EntryPoint","urlTemplate":"https:\/\/radioljubuski.ba\/?s={search_term_string}"},"query-input":{"@type":"PropertyValueSpecification","valueRequired":true,"valueName":"search_term_string"}}],"inLanguage":"hr"},{"@type":"Organization","@id":"https:\/\/radioljubuski.ba\/#organization","name":"Radio Ljubu\u0161ki","url":"https:\/\/radioljubuski.ba\/","logo":{"@type":"ImageObject","inLanguage":"hr","@id":"https:\/\/radioljubuski.ba\/#\/schema\/logo\/image\/","url":"https:\/\/radioljubuski.ba\/wp-content\/uploads\/2021\/02\/cropped-Radio_Ljubuski_logo1.jpg","contentUrl":"https:\/\/radioljubuski.ba\/wp-content\/uploads\/2021\/02\/cropped-Radio_Ljubuski_logo1.jpg","width":512,"height":512,"caption":"Radio Ljubu\u0161ki"},"image":{"@id":"https:\/\/radioljubuski.ba\/#\/schema\/logo\/image\/"},"sameAs":["https:\/\/www.facebook.com\/Radiio-Ljubuski-1490835324566332","https:\/\/x.com\/radioljubuski","https:\/\/hr.linkedin.com\/company\/radio-ljubuski","https:\/\/www.youtube.com\/channel\/UCHYaeO_n0Db3tjNGudGpXyw"]},{"@type":"Person","@id":"https:\/\/radioljubuski.ba\/#\/schema\/person\/19fc700381a780f69665d7956c469e3b","name":"Radio Ljubu\u0161ki"}]}},"_links":{"self":[{"href":"https:\/\/radioljubuski.ba\/index.php\/wp-json\/wp\/v2\/posts\/221822","targetHints":{"allow":["GET"]}}],"collection":[{"href":"https:\/\/radioljubuski.ba\/index.php\/wp-json\/wp\/v2\/posts"}],"about":[{"href":"https:\/\/radioljubuski.ba\/index.php\/wp-json\/wp\/v2\/types\/post"}],"author":[{"embeddable":true,"href":"https:\/\/radioljubuski.ba\/index.php\/wp-json\/wp\/v2\/users\/2"}],"replies":[{"embeddable":true,"href":"https:\/\/radioljubuski.ba\/index.php\/wp-json\/wp\/v2\/comments?post=221822"}],"version-history":[{"count":5,"href":"https:\/\/radioljubuski.ba\/index.php\/wp-json\/wp\/v2\/posts\/221822\/revisions"}],"predecessor-version":[{"id":221847,"href":"https:\/\/radioljubuski.ba\/index.php\/wp-json\/wp\/v2\/posts\/221822\/revisions\/221847"}],"wp:featuredmedia":[{"embeddable":true,"href":"https:\/\/radioljubuski.ba\/index.php\/wp-json\/wp\/v2\/media\/221825"}],"wp:attachment":[{"href":"https:\/\/radioljubuski.ba\/index.php\/wp-json\/wp\/v2\/media?parent=221822"}],"wp:term":[{"taxonomy":"category","embeddable":true,"href":"https:\/\/radioljubuski.ba\/index.php\/wp-json\/wp\/v2\/categories?post=221822"},{"taxonomy":"post_tag","embeddable":true,"href":"https:\/\/radioljubuski.ba\/index.php\/wp-json\/wp\/v2\/tags?post=221822"}],"curies":[{"name":"wp","href":"https:\/\/api.w.org\/{rel}","templated":true}]}}