{"id":221829,"date":"2025-10-23T11:28:54","date_gmt":"2025-10-23T10:28:54","guid":{"rendered":"https:\/\/radioljubuski.ba\/?p=221829"},"modified":"2025-10-23T11:45:34","modified_gmt":"2025-10-23T10:45:34","slug":"dopremijer-kraljevic-s-federalnim-ministrima-pozder-i-nedic-nazocio-otvaranju-novog-doma-zdravlja-u-kiseljaku","status":"publish","type":"post","link":"https:\/\/radioljubuski.ba\/index.php\/2025\/10\/23\/dopremijer-kraljevic-s-federalnim-ministrima-pozder-i-nedic-nazocio-otvaranju-novog-doma-zdravlja-u-kiseljaku\/","title":{"rendered":"Dopremijer Kraljevi\u0107 s federalnim ministrima Pozder i Nedi\u0107\u00a0nazo\u010dio otvaranju novog Doma zdravlja u Kiseljaku \u00a0"},"content":{"rendered":"\n<p>Federalni dopremijer i ministar financija Toni Kraljevi\u0107 nazo\u010dio je danas zajedno sa federalnom ministricom okoli\u0161a i turizma\u00a0Nesihom\u00a0Pozder i federalnim ministrom prostornog ure\u0111enja \u017deljkom Nedi\u0107em otvaranju nove zgrade Doma zdravlja Kiseljak jedne od najve\u0107ih u BiH.<\/p>\n\n\n\n<p>Rije\u010d je o&nbsp;&nbsp;jednom od najva\u017enijih infrastrukturnih projekata u posljednjih nekoliko godina na podru\u010dju op\u0107ine Kiseljak, a isti \u0107e zna\u010dajno unaprijediti zdravstvenu za\u0161titu i usluge dostupne gra\u0111anima ove kao i susjednih op\u0107ina.<\/p>\n\n\n\n<p>Uz to \u0161to \u0107e osigurati kvalitetniji rad medicinskog osoblja,&nbsp;a&nbsp;pacijentima ugodniji i br\u017ei pristup svim potrebnim zdravstvenim uslugama novi prostor omogu\u0107io je pro\u0161irenje postoje\u0107ih i otvaranje novih ordinacija kao i nabavku dodatne suvremene medicinske opreme. Tako \u0107e stanovnicima Kiseljaka, ali i susjednih Kre\u0161eva i Fojnice ubudu\u0107e na raspolaganju biti potpuno novi mamograf, CT te drugi dijagnosti\u010dki ure\u0111aji.<\/p>\n\n\n\n<p>Izgradnju i opremanje nove zgrade Doma zdravlja Kiseljak financirala je Vlada Republike Hrvatske kroz Sredi\u0161nji dr\u017eavni ured za Hrvate izvan RH, Vlada Federacije BiH i Vlada Srednjobosanske \u017eupanije, te je dio sredstava osiguran iz prora\u010duna op\u0107ine Kiseljak.<\/p>\n\n\n\n<p>(FENA) D. J.<\/p>\n","protected":false},"excerpt":{"rendered":"<p>Federalni dopremijer i ministar financija Toni Kraljevi\u0107 nazo\u010dio je danas zajedno sa federalnom ministricom okoli\u0161a i turizma\u00a0Nesihom\u00a0Pozder i federalnim ministrom prostornog ure\u0111enja \u017deljkom Nedi\u0107em otvaranju nove zgrade Doma zdravlja Kiseljak jedne od najve\u0107ih u BiH. Rije\u010d je o&nbsp;&nbsp;jednom od najva\u017enijih infrastrukturnih projekata u posljednjih nekoliko godina na podru\u010dju op\u0107ine Kiseljak, a isti \u0107e zna\u010dajno unaprijediti [&hellip;]<\/p>\n","protected":false},"author":2,"featured_media":221831,"comment_status":"closed","ping_status":"closed","sticky":false,"template":"","format":"standard","meta":{"h5ap_radio_sources":[],"footnotes":""},"categories":[1,28],"tags":[],"class_list":["post-221829","post","type-post","status-publish","format-standard","has-post-thumbnail","hentry","category-bihiregija","category-novosti"],"yoast_head":"<!-- This site is optimized with the Yoast SEO plugin v27.5 - https:\/\/yoast.com\/product\/yoast-seo-wordpress\/ -->\n<title>Dopremijer Kraljevi\u0107 s federalnim ministrima Pozder i Nedi\u0107\u00a0nazo\u010dio otvaranju novog Doma zdravlja u Kiseljaku \u00a0 - RADIO LJUBU\u0160KI<\/title>\n<meta name=\"robots\" content=\"index, follow, max-snippet:-1, max-image-preview:large, max-video-preview:-1\" \/>\n<link rel=\"canonical\" href=\"https:\/\/radioljubuski.ba\/index.php\/2025\/10\/23\/dopremijer-kraljevic-s-federalnim-ministrima-pozder-i-nedic-nazocio-otvaranju-novog-doma-zdravlja-u-kiseljaku\/\" \/>\n<meta property=\"og:locale\" content=\"hr_HR\" \/>\n<meta property=\"og:type\" content=\"article\" \/>\n<meta property=\"og:title\" content=\"Dopremijer Kraljevi\u0107 s federalnim ministrima Pozder i Nedi\u0107\u00a0nazo\u010dio otvaranju novog Doma zdravlja u Kiseljaku \u00a0 - RADIO LJUBU\u0160KI\" \/>\n<meta property=\"og:description\" content=\"Federalni dopremijer i ministar financija Toni Kraljevi\u0107 nazo\u010dio je danas zajedno sa federalnom ministricom okoli\u0161a i turizma\u00a0Nesihom\u00a0Pozder i federalnim ministrom prostornog ure\u0111enja \u017deljkom Nedi\u0107em otvaranju nove zgrade Doma zdravlja Kiseljak jedne od najve\u0107ih u BiH. Rije\u010d je o&nbsp;&nbsp;jednom od najva\u017enijih infrastrukturnih projekata u posljednjih nekoliko godina na podru\u010dju op\u0107ine Kiseljak, a isti \u0107e zna\u010dajno unaprijediti [&hellip;]\" \/>\n<meta property=\"og:url\" content=\"https:\/\/radioljubuski.ba\/index.php\/2025\/10\/23\/dopremijer-kraljevic-s-federalnim-ministrima-pozder-i-nedic-nazocio-otvaranju-novog-doma-zdravlja-u-kiseljaku\/\" \/>\n<meta property=\"og:site_name\" content=\"RADIO LJUBU\u0160KI\" \/>\n<meta property=\"article:publisher\" content=\"https:\/\/www.facebook.com\/Radiio-Ljubuski-1490835324566332\" \/>\n<meta property=\"article:published_time\" content=\"2025-10-23T10:28:54+00:00\" \/>\n<meta property=\"article:modified_time\" content=\"2025-10-23T10:45:34+00:00\" \/>\n<meta property=\"og:image\" content=\"https:\/\/radioljubuski.ba\/wp-content\/uploads\/2025\/10\/IMG-20251023-WA0000.jpg\" \/>\n\t<meta property=\"og:image:width\" content=\"1600\" \/>\n\t<meta property=\"og:image:height\" content=\"1096\" \/>\n\t<meta property=\"og:image:type\" content=\"image\/jpeg\" \/>\n<meta name=\"author\" content=\"Radio Ljubu\u0161ki\" \/>\n<meta name=\"twitter:card\" content=\"summary_large_image\" \/>\n<meta name=\"twitter:creator\" content=\"@radioljubuski\" \/>\n<meta name=\"twitter:site\" content=\"@radioljubuski\" \/>\n<meta name=\"twitter:label1\" content=\"Napisao\/la\" \/>\n\t<meta name=\"twitter:data1\" content=\"Radio Ljubu\u0161ki\" \/>\n\t<meta name=\"twitter:label2\" content=\"Procijenjeno vrijeme \u010ditanja\" \/>\n\t<meta name=\"twitter:data2\" content=\"2 minute\" \/>\n<script type=\"application\/ld+json\" class=\"yoast-schema-graph\">{\"@context\":\"https:\\\/\\\/schema.org\",\"@graph\":[{\"@type\":\"Article\",\"@id\":\"https:\\\/\\\/radioljubuski.ba\\\/index.php\\\/2025\\\/10\\\/23\\\/dopremijer-kraljevic-s-federalnim-ministrima-pozder-i-nedic-nazocio-otvaranju-novog-doma-zdravlja-u-kiseljaku\\\/#article\",\"isPartOf\":{\"@id\":\"https:\\\/\\\/radioljubuski.ba\\\/index.php\\\/2025\\\/10\\\/23\\\/dopremijer-kraljevic-s-federalnim-ministrima-pozder-i-nedic-nazocio-otvaranju-novog-doma-zdravlja-u-kiseljaku\\\/\"},\"author\":{\"name\":\"Radio Ljubu\u0161ki\",\"@id\":\"https:\\\/\\\/radioljubuski.ba\\\/#\\\/schema\\\/person\\\/19fc700381a780f69665d7956c469e3b\"},\"headline\":\"Dopremijer Kraljevi\u0107 s federalnim ministrima Pozder i Nedi\u0107\u00a0nazo\u010dio otvaranju novog Doma zdravlja u Kiseljaku \u00a0\",\"datePublished\":\"2025-10-23T10:28:54+00:00\",\"dateModified\":\"2025-10-23T10:45:34+00:00\",\"mainEntityOfPage\":{\"@id\":\"https:\\\/\\\/radioljubuski.ba\\\/index.php\\\/2025\\\/10\\\/23\\\/dopremijer-kraljevic-s-federalnim-ministrima-pozder-i-nedic-nazocio-otvaranju-novog-doma-zdravlja-u-kiseljaku\\\/\"},\"wordCount\":211,\"publisher\":{\"@id\":\"https:\\\/\\\/radioljubuski.ba\\\/#organization\"},\"image\":{\"@id\":\"https:\\\/\\\/radioljubuski.ba\\\/index.php\\\/2025\\\/10\\\/23\\\/dopremijer-kraljevic-s-federalnim-ministrima-pozder-i-nedic-nazocio-otvaranju-novog-doma-zdravlja-u-kiseljaku\\\/#primaryimage\"},\"thumbnailUrl\":\"https:\\\/\\\/radioljubuski.ba\\\/wp-content\\\/uploads\\\/2025\\\/10\\\/IMG-20251023-WA0000.jpg\",\"articleSection\":[\"BIH i regija\",\"Novosti\"],\"inLanguage\":\"hr\"},{\"@type\":\"WebPage\",\"@id\":\"https:\\\/\\\/radioljubuski.ba\\\/index.php\\\/2025\\\/10\\\/23\\\/dopremijer-kraljevic-s-federalnim-ministrima-pozder-i-nedic-nazocio-otvaranju-novog-doma-zdravlja-u-kiseljaku\\\/\",\"url\":\"https:\\\/\\\/radioljubuski.ba\\\/index.php\\\/2025\\\/10\\\/23\\\/dopremijer-kraljevic-s-federalnim-ministrima-pozder-i-nedic-nazocio-otvaranju-novog-doma-zdravlja-u-kiseljaku\\\/\",\"name\":\"Dopremijer Kraljevi\u0107 s federalnim ministrima Pozder i Nedi\u0107\u00a0nazo\u010dio otvaranju novog Doma zdravlja u Kiseljaku \u00a0 - RADIO LJUBU\u0160KI\",\"isPartOf\":{\"@id\":\"https:\\\/\\\/radioljubuski.ba\\\/#website\"},\"primaryImageOfPage\":{\"@id\":\"https:\\\/\\\/radioljubuski.ba\\\/index.php\\\/2025\\\/10\\\/23\\\/dopremijer-kraljevic-s-federalnim-ministrima-pozder-i-nedic-nazocio-otvaranju-novog-doma-zdravlja-u-kiseljaku\\\/#primaryimage\"},\"image\":{\"@id\":\"https:\\\/\\\/radioljubuski.ba\\\/index.php\\\/2025\\\/10\\\/23\\\/dopremijer-kraljevic-s-federalnim-ministrima-pozder-i-nedic-nazocio-otvaranju-novog-doma-zdravlja-u-kiseljaku\\\/#primaryimage\"},\"thumbnailUrl\":\"https:\\\/\\\/radioljubuski.ba\\\/wp-content\\\/uploads\\\/2025\\\/10\\\/IMG-20251023-WA0000.jpg\",\"datePublished\":\"2025-10-23T10:28:54+00:00\",\"dateModified\":\"2025-10-23T10:45:34+00:00\",\"breadcrumb\":{\"@id\":\"https:\\\/\\\/radioljubuski.ba\\\/index.php\\\/2025\\\/10\\\/23\\\/dopremijer-kraljevic-s-federalnim-ministrima-pozder-i-nedic-nazocio-otvaranju-novog-doma-zdravlja-u-kiseljaku\\\/#breadcrumb\"},\"inLanguage\":\"hr\",\"potentialAction\":[{\"@type\":\"ReadAction\",\"target\":[\"https:\\\/\\\/radioljubuski.ba\\\/index.php\\\/2025\\\/10\\\/23\\\/dopremijer-kraljevic-s-federalnim-ministrima-pozder-i-nedic-nazocio-otvaranju-novog-doma-zdravlja-u-kiseljaku\\\/\"]}]},{\"@type\":\"ImageObject\",\"inLanguage\":\"hr\",\"@id\":\"https:\\\/\\\/radioljubuski.ba\\\/index.php\\\/2025\\\/10\\\/23\\\/dopremijer-kraljevic-s-federalnim-ministrima-pozder-i-nedic-nazocio-otvaranju-novog-doma-zdravlja-u-kiseljaku\\\/#primaryimage\",\"url\":\"https:\\\/\\\/radioljubuski.ba\\\/wp-content\\\/uploads\\\/2025\\\/10\\\/IMG-20251023-WA0000.jpg\",\"contentUrl\":\"https:\\\/\\\/radioljubuski.ba\\\/wp-content\\\/uploads\\\/2025\\\/10\\\/IMG-20251023-WA0000.jpg\",\"width\":1600,\"height\":1096},{\"@type\":\"BreadcrumbList\",\"@id\":\"https:\\\/\\\/radioljubuski.ba\\\/index.php\\\/2025\\\/10\\\/23\\\/dopremijer-kraljevic-s-federalnim-ministrima-pozder-i-nedic-nazocio-otvaranju-novog-doma-zdravlja-u-kiseljaku\\\/#breadcrumb\",\"itemListElement\":[{\"@type\":\"ListItem\",\"position\":1,\"name\":\"Po\u010detna stranica\",\"item\":\"https:\\\/\\\/radioljubuski.ba\\\/\"},{\"@type\":\"ListItem\",\"position\":2,\"name\":\"Dopremijer Kraljevi\u0107 s federalnim ministrima Pozder i Nedi\u0107\u00a0nazo\u010dio otvaranju novog Doma zdravlja u Kiseljaku \u00a0\"}]},{\"@type\":\"WebSite\",\"@id\":\"https:\\\/\\\/radioljubuski.ba\\\/#website\",\"url\":\"https:\\\/\\\/radioljubuski.ba\\\/\",\"name\":\"Radio Ljubu\u0161ki\",\"description\":\"Sun\u010dana frekvencija Hercegovine\",\"publisher\":{\"@id\":\"https:\\\/\\\/radioljubuski.ba\\\/#organization\"},\"potentialAction\":[{\"@type\":\"SearchAction\",\"target\":{\"@type\":\"EntryPoint\",\"urlTemplate\":\"https:\\\/\\\/radioljubuski.ba\\\/?s={search_term_string}\"},\"query-input\":{\"@type\":\"PropertyValueSpecification\",\"valueRequired\":true,\"valueName\":\"search_term_string\"}}],\"inLanguage\":\"hr\"},{\"@type\":\"Organization\",\"@id\":\"https:\\\/\\\/radioljubuski.ba\\\/#organization\",\"name\":\"Radio Ljubu\u0161ki\",\"url\":\"https:\\\/\\\/radioljubuski.ba\\\/\",\"logo\":{\"@type\":\"ImageObject\",\"inLanguage\":\"hr\",\"@id\":\"https:\\\/\\\/radioljubuski.ba\\\/#\\\/schema\\\/logo\\\/image\\\/\",\"url\":\"https:\\\/\\\/radioljubuski.ba\\\/wp-content\\\/uploads\\\/2021\\\/02\\\/cropped-Radio_Ljubuski_logo1.jpg\",\"contentUrl\":\"https:\\\/\\\/radioljubuski.ba\\\/wp-content\\\/uploads\\\/2021\\\/02\\\/cropped-Radio_Ljubuski_logo1.jpg\",\"width\":512,\"height\":512,\"caption\":\"Radio Ljubu\u0161ki\"},\"image\":{\"@id\":\"https:\\\/\\\/radioljubuski.ba\\\/#\\\/schema\\\/logo\\\/image\\\/\"},\"sameAs\":[\"https:\\\/\\\/www.facebook.com\\\/Radiio-Ljubuski-1490835324566332\",\"https:\\\/\\\/x.com\\\/radioljubuski\",\"https:\\\/\\\/hr.linkedin.com\\\/company\\\/radio-ljubuski\",\"https:\\\/\\\/www.youtube.com\\\/channel\\\/UCHYaeO_n0Db3tjNGudGpXyw\"]},{\"@type\":\"Person\",\"@id\":\"https:\\\/\\\/radioljubuski.ba\\\/#\\\/schema\\\/person\\\/19fc700381a780f69665d7956c469e3b\",\"name\":\"Radio Ljubu\u0161ki\"}]}<\/script>\n<!-- \/ Yoast SEO plugin. -->","yoast_head_json":{"title":"Dopremijer Kraljevi\u0107 s federalnim ministrima Pozder i Nedi\u0107\u00a0nazo\u010dio otvaranju novog Doma zdravlja u Kiseljaku \u00a0 - RADIO LJUBU\u0160KI","robots":{"index":"index","follow":"follow","max-snippet":"max-snippet:-1","max-image-preview":"max-image-preview:large","max-video-preview":"max-video-preview:-1"},"canonical":"https:\/\/radioljubuski.ba\/index.php\/2025\/10\/23\/dopremijer-kraljevic-s-federalnim-ministrima-pozder-i-nedic-nazocio-otvaranju-novog-doma-zdravlja-u-kiseljaku\/","og_locale":"hr_HR","og_type":"article","og_title":"Dopremijer Kraljevi\u0107 s federalnim ministrima Pozder i Nedi\u0107\u00a0nazo\u010dio otvaranju novog Doma zdravlja u Kiseljaku \u00a0 - RADIO LJUBU\u0160KI","og_description":"Federalni dopremijer i ministar financija Toni Kraljevi\u0107 nazo\u010dio je danas zajedno sa federalnom ministricom okoli\u0161a i turizma\u00a0Nesihom\u00a0Pozder i federalnim ministrom prostornog ure\u0111enja \u017deljkom Nedi\u0107em otvaranju nove zgrade Doma zdravlja Kiseljak jedne od najve\u0107ih u BiH. Rije\u010d je o&nbsp;&nbsp;jednom od najva\u017enijih infrastrukturnih projekata u posljednjih nekoliko godina na podru\u010dju op\u0107ine Kiseljak, a isti \u0107e zna\u010dajno unaprijediti [&hellip;]","og_url":"https:\/\/radioljubuski.ba\/index.php\/2025\/10\/23\/dopremijer-kraljevic-s-federalnim-ministrima-pozder-i-nedic-nazocio-otvaranju-novog-doma-zdravlja-u-kiseljaku\/","og_site_name":"RADIO LJUBU\u0160KI","article_publisher":"https:\/\/www.facebook.com\/Radiio-Ljubuski-1490835324566332","article_published_time":"2025-10-23T10:28:54+00:00","article_modified_time":"2025-10-23T10:45:34+00:00","og_image":[{"width":1600,"height":1096,"url":"https:\/\/radioljubuski.ba\/wp-content\/uploads\/2025\/10\/IMG-20251023-WA0000.jpg","type":"image\/jpeg"}],"author":"Radio Ljubu\u0161ki","twitter_card":"summary_large_image","twitter_creator":"@radioljubuski","twitter_site":"@radioljubuski","twitter_misc":{"Napisao\/la":"Radio Ljubu\u0161ki","Procijenjeno vrijeme \u010ditanja":"2 minute"},"schema":{"@context":"https:\/\/schema.org","@graph":[{"@type":"Article","@id":"https:\/\/radioljubuski.ba\/index.php\/2025\/10\/23\/dopremijer-kraljevic-s-federalnim-ministrima-pozder-i-nedic-nazocio-otvaranju-novog-doma-zdravlja-u-kiseljaku\/#article","isPartOf":{"@id":"https:\/\/radioljubuski.ba\/index.php\/2025\/10\/23\/dopremijer-kraljevic-s-federalnim-ministrima-pozder-i-nedic-nazocio-otvaranju-novog-doma-zdravlja-u-kiseljaku\/"},"author":{"name":"Radio Ljubu\u0161ki","@id":"https:\/\/radioljubuski.ba\/#\/schema\/person\/19fc700381a780f69665d7956c469e3b"},"headline":"Dopremijer Kraljevi\u0107 s federalnim ministrima Pozder i Nedi\u0107\u00a0nazo\u010dio otvaranju novog Doma zdravlja u Kiseljaku \u00a0","datePublished":"2025-10-23T10:28:54+00:00","dateModified":"2025-10-23T10:45:34+00:00","mainEntityOfPage":{"@id":"https:\/\/radioljubuski.ba\/index.php\/2025\/10\/23\/dopremijer-kraljevic-s-federalnim-ministrima-pozder-i-nedic-nazocio-otvaranju-novog-doma-zdravlja-u-kiseljaku\/"},"wordCount":211,"publisher":{"@id":"https:\/\/radioljubuski.ba\/#organization"},"image":{"@id":"https:\/\/radioljubuski.ba\/index.php\/2025\/10\/23\/dopremijer-kraljevic-s-federalnim-ministrima-pozder-i-nedic-nazocio-otvaranju-novog-doma-zdravlja-u-kiseljaku\/#primaryimage"},"thumbnailUrl":"https:\/\/radioljubuski.ba\/wp-content\/uploads\/2025\/10\/IMG-20251023-WA0000.jpg","articleSection":["BIH i regija","Novosti"],"inLanguage":"hr"},{"@type":"WebPage","@id":"https:\/\/radioljubuski.ba\/index.php\/2025\/10\/23\/dopremijer-kraljevic-s-federalnim-ministrima-pozder-i-nedic-nazocio-otvaranju-novog-doma-zdravlja-u-kiseljaku\/","url":"https:\/\/radioljubuski.ba\/index.php\/2025\/10\/23\/dopremijer-kraljevic-s-federalnim-ministrima-pozder-i-nedic-nazocio-otvaranju-novog-doma-zdravlja-u-kiseljaku\/","name":"Dopremijer Kraljevi\u0107 s federalnim ministrima Pozder i Nedi\u0107\u00a0nazo\u010dio otvaranju novog Doma zdravlja u Kiseljaku \u00a0 - RADIO LJUBU\u0160KI","isPartOf":{"@id":"https:\/\/radioljubuski.ba\/#website"},"primaryImageOfPage":{"@id":"https:\/\/radioljubuski.ba\/index.php\/2025\/10\/23\/dopremijer-kraljevic-s-federalnim-ministrima-pozder-i-nedic-nazocio-otvaranju-novog-doma-zdravlja-u-kiseljaku\/#primaryimage"},"image":{"@id":"https:\/\/radioljubuski.ba\/index.php\/2025\/10\/23\/dopremijer-kraljevic-s-federalnim-ministrima-pozder-i-nedic-nazocio-otvaranju-novog-doma-zdravlja-u-kiseljaku\/#primaryimage"},"thumbnailUrl":"https:\/\/radioljubuski.ba\/wp-content\/uploads\/2025\/10\/IMG-20251023-WA0000.jpg","datePublished":"2025-10-23T10:28:54+00:00","dateModified":"2025-10-23T10:45:34+00:00","breadcrumb":{"@id":"https:\/\/radioljubuski.ba\/index.php\/2025\/10\/23\/dopremijer-kraljevic-s-federalnim-ministrima-pozder-i-nedic-nazocio-otvaranju-novog-doma-zdravlja-u-kiseljaku\/#breadcrumb"},"inLanguage":"hr","potentialAction":[{"@type":"ReadAction","target":["https:\/\/radioljubuski.ba\/index.php\/2025\/10\/23\/dopremijer-kraljevic-s-federalnim-ministrima-pozder-i-nedic-nazocio-otvaranju-novog-doma-zdravlja-u-kiseljaku\/"]}]},{"@type":"ImageObject","inLanguage":"hr","@id":"https:\/\/radioljubuski.ba\/index.php\/2025\/10\/23\/dopremijer-kraljevic-s-federalnim-ministrima-pozder-i-nedic-nazocio-otvaranju-novog-doma-zdravlja-u-kiseljaku\/#primaryimage","url":"https:\/\/radioljubuski.ba\/wp-content\/uploads\/2025\/10\/IMG-20251023-WA0000.jpg","contentUrl":"https:\/\/radioljubuski.ba\/wp-content\/uploads\/2025\/10\/IMG-20251023-WA0000.jpg","width":1600,"height":1096},{"@type":"BreadcrumbList","@id":"https:\/\/radioljubuski.ba\/index.php\/2025\/10\/23\/dopremijer-kraljevic-s-federalnim-ministrima-pozder-i-nedic-nazocio-otvaranju-novog-doma-zdravlja-u-kiseljaku\/#breadcrumb","itemListElement":[{"@type":"ListItem","position":1,"name":"Po\u010detna stranica","item":"https:\/\/radioljubuski.ba\/"},{"@type":"ListItem","position":2,"name":"Dopremijer Kraljevi\u0107 s federalnim ministrima Pozder i Nedi\u0107\u00a0nazo\u010dio otvaranju novog Doma zdravlja u Kiseljaku \u00a0"}]},{"@type":"WebSite","@id":"https:\/\/radioljubuski.ba\/#website","url":"https:\/\/radioljubuski.ba\/","name":"Radio Ljubu\u0161ki","description":"Sun\u010dana frekvencija Hercegovine","publisher":{"@id":"https:\/\/radioljubuski.ba\/#organization"},"potentialAction":[{"@type":"SearchAction","target":{"@type":"EntryPoint","urlTemplate":"https:\/\/radioljubuski.ba\/?s={search_term_string}"},"query-input":{"@type":"PropertyValueSpecification","valueRequired":true,"valueName":"search_term_string"}}],"inLanguage":"hr"},{"@type":"Organization","@id":"https:\/\/radioljubuski.ba\/#organization","name":"Radio Ljubu\u0161ki","url":"https:\/\/radioljubuski.ba\/","logo":{"@type":"ImageObject","inLanguage":"hr","@id":"https:\/\/radioljubuski.ba\/#\/schema\/logo\/image\/","url":"https:\/\/radioljubuski.ba\/wp-content\/uploads\/2021\/02\/cropped-Radio_Ljubuski_logo1.jpg","contentUrl":"https:\/\/radioljubuski.ba\/wp-content\/uploads\/2021\/02\/cropped-Radio_Ljubuski_logo1.jpg","width":512,"height":512,"caption":"Radio Ljubu\u0161ki"},"image":{"@id":"https:\/\/radioljubuski.ba\/#\/schema\/logo\/image\/"},"sameAs":["https:\/\/www.facebook.com\/Radiio-Ljubuski-1490835324566332","https:\/\/x.com\/radioljubuski","https:\/\/hr.linkedin.com\/company\/radio-ljubuski","https:\/\/www.youtube.com\/channel\/UCHYaeO_n0Db3tjNGudGpXyw"]},{"@type":"Person","@id":"https:\/\/radioljubuski.ba\/#\/schema\/person\/19fc700381a780f69665d7956c469e3b","name":"Radio Ljubu\u0161ki"}]}},"_links":{"self":[{"href":"https:\/\/radioljubuski.ba\/index.php\/wp-json\/wp\/v2\/posts\/221829","targetHints":{"allow":["GET"]}}],"collection":[{"href":"https:\/\/radioljubuski.ba\/index.php\/wp-json\/wp\/v2\/posts"}],"about":[{"href":"https:\/\/radioljubuski.ba\/index.php\/wp-json\/wp\/v2\/types\/post"}],"author":[{"embeddable":true,"href":"https:\/\/radioljubuski.ba\/index.php\/wp-json\/wp\/v2\/users\/2"}],"replies":[{"embeddable":true,"href":"https:\/\/radioljubuski.ba\/index.php\/wp-json\/wp\/v2\/comments?post=221829"}],"version-history":[{"count":1,"href":"https:\/\/radioljubuski.ba\/index.php\/wp-json\/wp\/v2\/posts\/221829\/revisions"}],"predecessor-version":[{"id":221830,"href":"https:\/\/radioljubuski.ba\/index.php\/wp-json\/wp\/v2\/posts\/221829\/revisions\/221830"}],"wp:featuredmedia":[{"embeddable":true,"href":"https:\/\/radioljubuski.ba\/index.php\/wp-json\/wp\/v2\/media\/221831"}],"wp:attachment":[{"href":"https:\/\/radioljubuski.ba\/index.php\/wp-json\/wp\/v2\/media?parent=221829"}],"wp:term":[{"taxonomy":"category","embeddable":true,"href":"https:\/\/radioljubuski.ba\/index.php\/wp-json\/wp\/v2\/categories?post=221829"},{"taxonomy":"post_tag","embeddable":true,"href":"https:\/\/radioljubuski.ba\/index.php\/wp-json\/wp\/v2\/tags?post=221829"}],"curies":[{"name":"wp","href":"https:\/\/api.w.org\/{rel}","templated":true}]}}