{"id":221840,"date":"2025-10-23T16:31:13","date_gmt":"2025-10-23T15:31:13","guid":{"rendered":"https:\/\/radioljubuski.ba\/?p=221840"},"modified":"2025-10-23T16:32:22","modified_gmt":"2025-10-23T15:32:22","slug":"vlada-fbih-50-milijuna-km-za-sanaciju-steta-od-poplava","status":"publish","type":"post","link":"https:\/\/radioljubuski.ba\/index.php\/2025\/10\/23\/vlada-fbih-50-milijuna-km-za-sanaciju-steta-od-poplava\/","title":{"rendered":"Vlada FBIH:50 milijuna KM za sanaciju \u0161teta od poplava"},"content":{"rendered":"\n<p>Ugovori o dodjeli financijske pomo\u0107i gradovima i op\u0107inama za sanaciju \u0161teta nastalih uslijed poplava u iznosu od 50 milijuna KM potpisani su danas u Sarajevu s na\u010delnicima op\u0107ina Jablanica, Fojnica, Kiseljak i Kre\u0161evo \u200b\u200bte gradona\u010delnicima Konjica i Mostara.<\/p>\n\n\n\n<p>Zamjenik premijera i federalni ministar financija Toni Kraljevi\u0107 napomenuo je da je pro\u0161le godine dana od posljednjih poplava te da je prva stavka koja je kreirana u prora\u010dunu FBiH za ovu godinu bila upravo sanacija \u0161tete od poplava.<\/p>\n\n\n\n<p>Istaknuo je da \u0107e ve\u0107 sljede\u0107eg tjedna sredstva namijenjena u spomenutu svrhu biti upla\u0107ena na ra\u010dune \u0161est jedinica lokalne samouprave.<\/p>\n\n\n\n<figure class=\"wp-block-embed is-type-video is-provider-youtube wp-block-embed-youtube wp-embed-aspect-16-9 wp-has-aspect-ratio\"><div class=\"wp-block-embed__wrapper\">\n<iframe loading=\"lazy\" title=\"Vlada FBiH izdvojila 50 miliona KM za sanaciju \u0161teta od poplava\" width=\"640\" height=\"360\" src=\"https:\/\/www.youtube.com\/embed\/6Vyes1DXul8?feature=oembed\" frameborder=\"0\" allow=\"accelerometer; autoplay; clipboard-write; encrypted-media; gyroscope; picture-in-picture; web-share\" referrerpolicy=\"strict-origin-when-cross-origin\" allowfullscreen><\/iframe>\n<\/div><\/figure>\n\n\n\n<p>Na\u010delnik Op\u0107ine Jablanica Emir Muratovi\u0107 naglasio je da je ova op\u0107ina dobila najve\u0107i iznos s obzirom na razaranja na ovom podru\u010dju.<\/p>\n\n\n\n<ul class=\"wp-block-list\">\n<li>Radi se o iznosu od 16.700.000 KM koji \u0107e se tro\u0161iti za pomo\u0107 privrednim subjektima koji su do\u017eivjeli o\u0161te\u0107enja usljed elementarnih nepogoda &#8211; dodao je.<\/li>\n<\/ul>\n\n\n\n<p>Tako\u0111er, kako je pojasnio, u suradnji s javnim poduze\u0107em Ceste FBiH radit \u0107e se na rekonstrukciji magistralnih cesta koje su na podru\u010dju op\u0107ine Jablanica.<\/p>\n\n\n\n<p>Kako je rekao, iznos od 8.050.000 KM bit \u0107e upotrijebljen za ono \u0161to je jo\u0161 potrebno uraditi na terenu te za pomo\u0107 stanovni\u0161tvu, pravnim i fizi\u010dkim licima koja su pretrpjela o\u0161te\u0107enja.<\/p>\n\n\n\n<p>Govore\u0107i o podr\u0161ci pogo\u0111enim lokalnim zajednicama, Muratovi\u0107 je istaknuo da je obe\u0107avaju\u0107e i ohrabruju\u0107e to da je u bud\u017eetu FBiH obezbije\u0111eno 50 milijuna KM za \u0161est pogo\u0111enih op\u0107ina i gradova.<\/p>\n\n\n\n<ul class=\"wp-block-list\">\n<li>Evo, danas smo ovim \u010dinom i do\u0161li do toga, u narednom periodu o\u010dekujemo dotaciju tih sredstava &#8211; kazao je.<\/li>\n<\/ul>\n\n\n\n<p>Posebno je istaknuto da &#8220;ono \u0161to je izgubljeno i \u0161to je najdragocjenije, ljudske \u017eivote, na\u017ealost, ne mo\u017eemo vratiti&#8221;.<\/p>\n\n\n\n<p>Medijima se obratio i gradona\u010delnik Konjica Osman \u0106ati\u0107 koji je istaknuo va\u017enost kontinuiteta podr\u0161ke vi\u0161ih razina vlasti, posebno Vlade Federacije BiH, isti\u010du\u0107i da je zajedni\u010dko djelovanje klju\u010dno za realizaciju projekata.<\/p>\n\n\n\n<ul class=\"wp-block-list\">\n<li>Mnogo je lak\u0161e raditi kada postoji mogu\u0107nost da se aktivnosti koordiniraju na lokalnom, kantonalnom i federalnom nivou. Mo\u017eda bi sredstva mogla biti i ve\u0107a, ali je njihova implementacija ograni\u010dena slo\u017eenim procedurama, za jednu aktivnost potrebno je provesti \u010dak \u010detiri javne nabavke &#8211; kazao je \u0106ati\u0107.<\/li>\n<\/ul>\n\n\n\n<p>Predstavnici pogo\u0111enih op\u0107ina i gradova istakli su zna\u010daj financijske pomo\u0107i Vlade Federacije BiH koja \u0107e, kako su naveli, biti usmjerena prvenstveno na obnovu o\u0161te\u0107ene infrastrukture, pomo\u0107 gospodarskim subjektima te podr\u0161ku stanovni\u0161tvu koje je pretrpjelo \u0161tetu.<\/p>\n\n\n\n<p>Tako\u0111er su naglasili da je rije\u010d o nastavku kontinuirane podr\u0161ke federalne vlade lokalnim zajednicama, koja se ogleda kroz razli\u010dite projekte i programe pomo\u0107i.<\/p>\n\n\n\n<p>Na\u010delnici i predstavnici pogo\u0111enih podru\u010dja izrazili su zahvalnost Vladi Federacije BiH i premijeru Nerminu Nik\u0161i\u0107u za prepoznate potrebe lokalnih zajednica.<\/p>\n\n\n\n<p>Potpisivanju ugovora o namjenskom kori\u0161tenju dodijeljenih sredstava iz bud\u017eeta Federacije BiH za 2025. godinu prisustvovali su premijer FBiH Nermin Nik\u0161i\u0107 te zamjenici federalnog premijera Toni Kraljevi\u0107 i Vojin Mijatovi\u0107, kao i sekretar Vlade FBiH Edita Kalajd\u017ei\u0107.<\/p>\n\n\n\n<p>Namjenska sredstva jedinice lokalne samouprave iskoristi\u0107e, izme\u0111u ostalog, za obnovu infrastrukture, za\u0161titu od klizi\u0161ta te pomo\u0107 privrednim subjektima i gra\u0111anima pogo\u0111enim \u0161tetama.<\/p>\n\n\n\n<p>Op\u0107ini Jablanica dodijeljeno je 16.700.000 KM, od \u010dega je 8.050.000 KM namijenjeno u svrhu saniranja posljedica materijalne \u0161tete na materijalnim javnim dobrima pravnih osoba i gra\u0111ana, stambenim i ostalim objektima, realizacije projekata putne infrastrukture (lokalni putevi, mostovi, potporni i za\u0161titni zidovi, zidovi, sanacija klizi\u0161ta, sprje\u010davanje erozije i dr.), komunalne infrastrukture (vodovod i kanalizacija, rasvjeta, energetske i komunikacijske mre\u017ee, plinske i niskonaponske mre\u017ee i dr.).<\/p>\n\n\n\n<p>Iznos od 5.000.000 KM namijenjen je u svrhu rekonstrukcije, sanacije i izgradnje prometne infrastrukture koja je kategorizirana kao magistralna ili regionalna i realizirana je u suradnji s upraviteljima magistralnih cesta u FBiH, dok \u0107e 2.650.000 KM biti kori\u0161teno u svrhu saniranja posljedica materijalne \u0161tete i ote\u017eanog poslovanja privatnih gospodarskih subjekata sa sjedi\u0161tem poslovanja ili izdvojenom poslovnom jedinicom u poplavljenom podru\u010dju.<\/p>\n\n\n\n<p>Gradu Konjicu dodijeljeno je 13.900.000 KM, od \u010dega je 8.850.000 KM namijenjeno u svrhu saniranja posljedica materijalne \u0161tete na materijalnim javnim dobrima pravnih osoba i gra\u0111ana, stambenim i ostalim objektima za realizaciju projekata putne infrastrukture (lokalni putevi, mostovi, potporni i za\u0161titni zidovi, sanacija klizi\u0161ta, sprje\u010davanje erozije i dr.), kao i komunalne infrastrukture (vodovod i kanalizacija, rasvjeta, energetske i komunikacijske mre\u017ee, plinske i niskonaponske mre\u017ee i dr.).<\/p>\n\n\n\n<p>Iznos od 3.000.000 KM namijenjen je za rekonstrukciju, popravak i izgradnju prometne infrastrukture koja je kategorizirana kao magistralna ili regionalna i provodi se u suradnji s upraviteljima magistralnih cesta u HNK-u, dok \u0107e se 2.050.000 KM iskoristiti za sanaciju posljedica materijalne \u0161tete i ote\u017eanog poslovanja privatnih poslovnih subjekata sa sjedi\u0161tem ili odvojenim poslovnim jedinicama na poplavljenom podru\u010dju.<\/p>\n\n\n\n<p>Op\u0107ini Fojnica dodijeljeno je 10.690.000 KM, od \u010dega je 6.750.000 KM namijenjeno za sanaciju posljedica materijalne \u0161tete na materijalnoj imovini pravnih osoba i gra\u0111ana, stambenim i drugim zgradama, te realizaciju projekata cestovne infrastrukture (lokalne ceste, mostovi, potporni i za\u0161titni zidovi, sanacija klizi\u0161ta, sprje\u010davanje erozije i dr.), kao i komunalne infrastrukture (vodovod i kanalizacija, javna rasvjeta, energetske i komunikacijske mre\u017ee, plinske i niskonaponske mre\u017ee i dr.).<\/p>\n\n\n\n<p>Iznos od 2.940.000 KM bit \u0107e iskori\u0161ten za rekonstrukciju, popravak i izgradnju prometne infrastrukture koja je kategorizirana kao magistralna ili regionalna i provodi se u suradnji s regionalnim upraviteljima cesta u SBK, dok \u0107e se 1.000.000 KM iskoristiti za sanaciju posljedica materijalne \u0161tete i ote\u017eanog poslovanja privatnih poslovnih subjekata sa sjedi\u0161tem ili odvojenim poslovnim jedinicama na poplavljenom podru\u010dju.<\/p>\n\n\n\n<p>Op\u0107ini Kre\u0161evo \u200b\u200bdodijeljeno je 4.240.000 KM, od \u010dega je 3.050.000 KM namijenjeno za sanaciju posljedica materijalne \u0161tete na materijalnoj imovini pravnih osoba i gra\u0111ana, stambenim i drugim zgradama, te realizaciju projekata cestovne infrastrukture (lokalne ceste, mostovi, potporni i za\u0161titni zidovi, sanacija klizi\u0161ta, sprje\u010davanje erozije i dr.), kao i komunalne infrastrukture (vodovod i kanalizacija, javna rasvjeta, energetske i komunikacijske mre\u017ee, plinske i niskonaponske mre\u017ee i dr.).<\/p>\n\n\n\n<p>Preostalih 1.190.000 KM bit \u0107e iskori\u0161teno za sanaciju posljedica materijalne \u0161tete i ote\u017eanog poslovanja privatnih poslovnih subjekata sa sjedi\u0161tem ili odvojenim poslovnim jedinicama na poplavljenom podru\u010dju.<\/p>\n\n\n\n<p>Op\u0107ini Kiseljak dodijeljeno je 3.420.000 KM, od \u010dega je 2.250.000 KM namijenjeno za sanaciju posljedica materijalne \u0161tete na materijalnoj imovini pravnih osoba i gra\u0111ana, stambenim i drugim zgradama, te realizaciju projekata cestovne infrastrukture (lokalne ceste, mostovi, potporni i za\u0161titni zidovi, sanacija klizi\u0161ta, sprje\u010davanje erozije i dr.), kao i komunalne infrastrukture (vodovod i kanalizacija, javna rasvjeta, energetske i komunikacijske mre\u017ee, plinske i niskonaponske mre\u017ee i dr.).<\/p>\n\n\n\n<p>Iznos od 1.170.000 KM namijenjen je za sanaciju posljedica materijalne \u0161tete i ote\u017eanog poslovanja privatnih poslovnih subjekata sa sjedi\u0161tem ili odvojenim poslovnim jedinicama na poplavljenom podru\u010dju.<\/p>\n\n\n\n<p>Gradu Mostaru na raspolaganju \u0107e biti 1.050.000 KM, od \u010dega je cjelokupni iznos namijenjen sanaciji posljedica materijalne \u0161tete na materijalnoj imovini pravnih osoba i gra\u0111ana, stambenim i drugim zgradama, te provedbi projekata cestovne infrastrukture (lokalne ceste, mostovi, potporni i za\u0161titni zidovi, sanacija klizi\u0161ta, sprje\u010davanje erozije i dr.), kao i komunalne infrastrukture (vodovod i kanalizacija, javna rasvjeta, energetske i komunikacijske mre\u017ee, plinske i niskonaponske mre\u017ee i dr.).<\/p>\n\n\n\n<p><\/p>\n\n\n\n<p>(FENA) D. \u0106.<\/p>\n\n\n\n<p>FENA\u00a0Jelena Markovi\u0107, Foto: Almir Razi\u0107<\/p>\n","protected":false},"excerpt":{"rendered":"<p>Ugovori o dodjeli financijske pomo\u0107i gradovima i op\u0107inama za sanaciju \u0161teta nastalih uslijed poplava u iznosu od 50 milijuna KM potpisani su danas u Sarajevu s na\u010delnicima op\u0107ina Jablanica, Fojnica, Kiseljak i Kre\u0161evo \u200b\u200bte gradona\u010delnicima Konjica i Mostara. Zamjenik premijera i federalni ministar financija Toni Kraljevi\u0107 napomenuo je da je pro\u0161le godine dana od posljednjih [&hellip;]<\/p>\n","protected":false},"author":2,"featured_media":221841,"comment_status":"closed","ping_status":"closed","sticky":false,"template":"","format":"standard","meta":{"h5ap_radio_sources":[],"footnotes":""},"categories":[1,28],"tags":[],"class_list":["post-221840","post","type-post","status-publish","format-standard","has-post-thumbnail","hentry","category-bihiregija","category-novosti"],"yoast_head":"<!-- This site is optimized with the Yoast SEO plugin v27.5 - https:\/\/yoast.com\/product\/yoast-seo-wordpress\/ -->\n<title>Vlada FBIH:50 milijuna KM za sanaciju \u0161teta od poplava - RADIO LJUBU\u0160KI<\/title>\n<meta name=\"robots\" content=\"index, follow, max-snippet:-1, max-image-preview:large, max-video-preview:-1\" \/>\n<link rel=\"canonical\" href=\"https:\/\/radioljubuski.ba\/index.php\/2025\/10\/23\/vlada-fbih-50-milijuna-km-za-sanaciju-steta-od-poplava\/\" \/>\n<meta property=\"og:locale\" content=\"hr_HR\" \/>\n<meta property=\"og:type\" content=\"article\" \/>\n<meta property=\"og:title\" content=\"Vlada FBIH:50 milijuna KM za sanaciju \u0161teta od poplava - RADIO LJUBU\u0160KI\" \/>\n<meta property=\"og:description\" content=\"Ugovori o dodjeli financijske pomo\u0107i gradovima i op\u0107inama za sanaciju \u0161teta nastalih uslijed poplava u iznosu od 50 milijuna KM potpisani su danas u Sarajevu s na\u010delnicima op\u0107ina Jablanica, Fojnica, Kiseljak i Kre\u0161evo \u200b\u200bte gradona\u010delnicima Konjica i Mostara. Zamjenik premijera i federalni ministar financija Toni Kraljevi\u0107 napomenuo je da je pro\u0161le godine dana od posljednjih [&hellip;]\" \/>\n<meta property=\"og:url\" content=\"https:\/\/radioljubuski.ba\/index.php\/2025\/10\/23\/vlada-fbih-50-milijuna-km-za-sanaciju-steta-od-poplava\/\" \/>\n<meta property=\"og:site_name\" content=\"RADIO LJUBU\u0160KI\" \/>\n<meta property=\"article:publisher\" content=\"https:\/\/www.facebook.com\/Radiio-Ljubuski-1490835324566332\" \/>\n<meta property=\"article:published_time\" content=\"2025-10-23T15:31:13+00:00\" \/>\n<meta property=\"article:modified_time\" content=\"2025-10-23T15:32:22+00:00\" \/>\n<meta property=\"og:image\" content=\"https:\/\/radioljubuski.ba\/wp-content\/uploads\/2025\/10\/IMG-20251023-WA0007.jpg\" \/>\n\t<meta property=\"og:image:width\" content=\"1024\" \/>\n\t<meta property=\"og:image:height\" content=\"683\" \/>\n\t<meta property=\"og:image:type\" content=\"image\/jpeg\" \/>\n<meta name=\"author\" content=\"Radio Ljubu\u0161ki\" \/>\n<meta name=\"twitter:card\" content=\"summary_large_image\" \/>\n<meta name=\"twitter:creator\" content=\"@radioljubuski\" \/>\n<meta name=\"twitter:site\" content=\"@radioljubuski\" \/>\n<meta name=\"twitter:label1\" content=\"Napisao\/la\" \/>\n\t<meta name=\"twitter:data1\" content=\"Radio Ljubu\u0161ki\" \/>\n\t<meta name=\"twitter:label2\" content=\"Procijenjeno vrijeme \u010ditanja\" \/>\n\t<meta name=\"twitter:data2\" content=\"7 minuta\" \/>\n<script type=\"application\/ld+json\" class=\"yoast-schema-graph\">{\"@context\":\"https:\\\/\\\/schema.org\",\"@graph\":[{\"@type\":\"Article\",\"@id\":\"https:\\\/\\\/radioljubuski.ba\\\/index.php\\\/2025\\\/10\\\/23\\\/vlada-fbih-50-milijuna-km-za-sanaciju-steta-od-poplava\\\/#article\",\"isPartOf\":{\"@id\":\"https:\\\/\\\/radioljubuski.ba\\\/index.php\\\/2025\\\/10\\\/23\\\/vlada-fbih-50-milijuna-km-za-sanaciju-steta-od-poplava\\\/\"},\"author\":{\"name\":\"Radio Ljubu\u0161ki\",\"@id\":\"https:\\\/\\\/radioljubuski.ba\\\/#\\\/schema\\\/person\\\/19fc700381a780f69665d7956c469e3b\"},\"headline\":\"Vlada FBIH:50 milijuna KM za sanaciju \u0161teta od poplava\",\"datePublished\":\"2025-10-23T15:31:13+00:00\",\"dateModified\":\"2025-10-23T15:32:22+00:00\",\"mainEntityOfPage\":{\"@id\":\"https:\\\/\\\/radioljubuski.ba\\\/index.php\\\/2025\\\/10\\\/23\\\/vlada-fbih-50-milijuna-km-za-sanaciju-steta-od-poplava\\\/\"},\"wordCount\":1237,\"publisher\":{\"@id\":\"https:\\\/\\\/radioljubuski.ba\\\/#organization\"},\"image\":{\"@id\":\"https:\\\/\\\/radioljubuski.ba\\\/index.php\\\/2025\\\/10\\\/23\\\/vlada-fbih-50-milijuna-km-za-sanaciju-steta-od-poplava\\\/#primaryimage\"},\"thumbnailUrl\":\"https:\\\/\\\/radioljubuski.ba\\\/wp-content\\\/uploads\\\/2025\\\/10\\\/IMG-20251023-WA0007.jpg\",\"articleSection\":[\"BIH i regija\",\"Novosti\"],\"inLanguage\":\"hr\"},{\"@type\":\"WebPage\",\"@id\":\"https:\\\/\\\/radioljubuski.ba\\\/index.php\\\/2025\\\/10\\\/23\\\/vlada-fbih-50-milijuna-km-za-sanaciju-steta-od-poplava\\\/\",\"url\":\"https:\\\/\\\/radioljubuski.ba\\\/index.php\\\/2025\\\/10\\\/23\\\/vlada-fbih-50-milijuna-km-za-sanaciju-steta-od-poplava\\\/\",\"name\":\"Vlada FBIH:50 milijuna KM za sanaciju \u0161teta od poplava - RADIO LJUBU\u0160KI\",\"isPartOf\":{\"@id\":\"https:\\\/\\\/radioljubuski.ba\\\/#website\"},\"primaryImageOfPage\":{\"@id\":\"https:\\\/\\\/radioljubuski.ba\\\/index.php\\\/2025\\\/10\\\/23\\\/vlada-fbih-50-milijuna-km-za-sanaciju-steta-od-poplava\\\/#primaryimage\"},\"image\":{\"@id\":\"https:\\\/\\\/radioljubuski.ba\\\/index.php\\\/2025\\\/10\\\/23\\\/vlada-fbih-50-milijuna-km-za-sanaciju-steta-od-poplava\\\/#primaryimage\"},\"thumbnailUrl\":\"https:\\\/\\\/radioljubuski.ba\\\/wp-content\\\/uploads\\\/2025\\\/10\\\/IMG-20251023-WA0007.jpg\",\"datePublished\":\"2025-10-23T15:31:13+00:00\",\"dateModified\":\"2025-10-23T15:32:22+00:00\",\"breadcrumb\":{\"@id\":\"https:\\\/\\\/radioljubuski.ba\\\/index.php\\\/2025\\\/10\\\/23\\\/vlada-fbih-50-milijuna-km-za-sanaciju-steta-od-poplava\\\/#breadcrumb\"},\"inLanguage\":\"hr\",\"potentialAction\":[{\"@type\":\"ReadAction\",\"target\":[\"https:\\\/\\\/radioljubuski.ba\\\/index.php\\\/2025\\\/10\\\/23\\\/vlada-fbih-50-milijuna-km-za-sanaciju-steta-od-poplava\\\/\"]}]},{\"@type\":\"ImageObject\",\"inLanguage\":\"hr\",\"@id\":\"https:\\\/\\\/radioljubuski.ba\\\/index.php\\\/2025\\\/10\\\/23\\\/vlada-fbih-50-milijuna-km-za-sanaciju-steta-od-poplava\\\/#primaryimage\",\"url\":\"https:\\\/\\\/radioljubuski.ba\\\/wp-content\\\/uploads\\\/2025\\\/10\\\/IMG-20251023-WA0007.jpg\",\"contentUrl\":\"https:\\\/\\\/radioljubuski.ba\\\/wp-content\\\/uploads\\\/2025\\\/10\\\/IMG-20251023-WA0007.jpg\",\"width\":1024,\"height\":683},{\"@type\":\"BreadcrumbList\",\"@id\":\"https:\\\/\\\/radioljubuski.ba\\\/index.php\\\/2025\\\/10\\\/23\\\/vlada-fbih-50-milijuna-km-za-sanaciju-steta-od-poplava\\\/#breadcrumb\",\"itemListElement\":[{\"@type\":\"ListItem\",\"position\":1,\"name\":\"Po\u010detna stranica\",\"item\":\"https:\\\/\\\/radioljubuski.ba\\\/\"},{\"@type\":\"ListItem\",\"position\":2,\"name\":\"Vlada FBIH:50 milijuna KM za sanaciju \u0161teta od poplava\"}]},{\"@type\":\"WebSite\",\"@id\":\"https:\\\/\\\/radioljubuski.ba\\\/#website\",\"url\":\"https:\\\/\\\/radioljubuski.ba\\\/\",\"name\":\"Radio Ljubu\u0161ki\",\"description\":\"Sun\u010dana frekvencija Hercegovine\",\"publisher\":{\"@id\":\"https:\\\/\\\/radioljubuski.ba\\\/#organization\"},\"potentialAction\":[{\"@type\":\"SearchAction\",\"target\":{\"@type\":\"EntryPoint\",\"urlTemplate\":\"https:\\\/\\\/radioljubuski.ba\\\/?s={search_term_string}\"},\"query-input\":{\"@type\":\"PropertyValueSpecification\",\"valueRequired\":true,\"valueName\":\"search_term_string\"}}],\"inLanguage\":\"hr\"},{\"@type\":\"Organization\",\"@id\":\"https:\\\/\\\/radioljubuski.ba\\\/#organization\",\"name\":\"Radio Ljubu\u0161ki\",\"url\":\"https:\\\/\\\/radioljubuski.ba\\\/\",\"logo\":{\"@type\":\"ImageObject\",\"inLanguage\":\"hr\",\"@id\":\"https:\\\/\\\/radioljubuski.ba\\\/#\\\/schema\\\/logo\\\/image\\\/\",\"url\":\"https:\\\/\\\/radioljubuski.ba\\\/wp-content\\\/uploads\\\/2021\\\/02\\\/cropped-Radio_Ljubuski_logo1.jpg\",\"contentUrl\":\"https:\\\/\\\/radioljubuski.ba\\\/wp-content\\\/uploads\\\/2021\\\/02\\\/cropped-Radio_Ljubuski_logo1.jpg\",\"width\":512,\"height\":512,\"caption\":\"Radio Ljubu\u0161ki\"},\"image\":{\"@id\":\"https:\\\/\\\/radioljubuski.ba\\\/#\\\/schema\\\/logo\\\/image\\\/\"},\"sameAs\":[\"https:\\\/\\\/www.facebook.com\\\/Radiio-Ljubuski-1490835324566332\",\"https:\\\/\\\/x.com\\\/radioljubuski\",\"https:\\\/\\\/hr.linkedin.com\\\/company\\\/radio-ljubuski\",\"https:\\\/\\\/www.youtube.com\\\/channel\\\/UCHYaeO_n0Db3tjNGudGpXyw\"]},{\"@type\":\"Person\",\"@id\":\"https:\\\/\\\/radioljubuski.ba\\\/#\\\/schema\\\/person\\\/19fc700381a780f69665d7956c469e3b\",\"name\":\"Radio Ljubu\u0161ki\"}]}<\/script>\n<!-- \/ Yoast SEO plugin. -->","yoast_head_json":{"title":"Vlada FBIH:50 milijuna KM za sanaciju \u0161teta od poplava - RADIO LJUBU\u0160KI","robots":{"index":"index","follow":"follow","max-snippet":"max-snippet:-1","max-image-preview":"max-image-preview:large","max-video-preview":"max-video-preview:-1"},"canonical":"https:\/\/radioljubuski.ba\/index.php\/2025\/10\/23\/vlada-fbih-50-milijuna-km-za-sanaciju-steta-od-poplava\/","og_locale":"hr_HR","og_type":"article","og_title":"Vlada FBIH:50 milijuna KM za sanaciju \u0161teta od poplava - RADIO LJUBU\u0160KI","og_description":"Ugovori o dodjeli financijske pomo\u0107i gradovima i op\u0107inama za sanaciju \u0161teta nastalih uslijed poplava u iznosu od 50 milijuna KM potpisani su danas u Sarajevu s na\u010delnicima op\u0107ina Jablanica, Fojnica, Kiseljak i Kre\u0161evo \u200b\u200bte gradona\u010delnicima Konjica i Mostara. Zamjenik premijera i federalni ministar financija Toni Kraljevi\u0107 napomenuo je da je pro\u0161le godine dana od posljednjih [&hellip;]","og_url":"https:\/\/radioljubuski.ba\/index.php\/2025\/10\/23\/vlada-fbih-50-milijuna-km-za-sanaciju-steta-od-poplava\/","og_site_name":"RADIO LJUBU\u0160KI","article_publisher":"https:\/\/www.facebook.com\/Radiio-Ljubuski-1490835324566332","article_published_time":"2025-10-23T15:31:13+00:00","article_modified_time":"2025-10-23T15:32:22+00:00","og_image":[{"width":1024,"height":683,"url":"https:\/\/radioljubuski.ba\/wp-content\/uploads\/2025\/10\/IMG-20251023-WA0007.jpg","type":"image\/jpeg"}],"author":"Radio Ljubu\u0161ki","twitter_card":"summary_large_image","twitter_creator":"@radioljubuski","twitter_site":"@radioljubuski","twitter_misc":{"Napisao\/la":"Radio Ljubu\u0161ki","Procijenjeno vrijeme \u010ditanja":"7 minuta"},"schema":{"@context":"https:\/\/schema.org","@graph":[{"@type":"Article","@id":"https:\/\/radioljubuski.ba\/index.php\/2025\/10\/23\/vlada-fbih-50-milijuna-km-za-sanaciju-steta-od-poplava\/#article","isPartOf":{"@id":"https:\/\/radioljubuski.ba\/index.php\/2025\/10\/23\/vlada-fbih-50-milijuna-km-za-sanaciju-steta-od-poplava\/"},"author":{"name":"Radio Ljubu\u0161ki","@id":"https:\/\/radioljubuski.ba\/#\/schema\/person\/19fc700381a780f69665d7956c469e3b"},"headline":"Vlada FBIH:50 milijuna KM za sanaciju \u0161teta od poplava","datePublished":"2025-10-23T15:31:13+00:00","dateModified":"2025-10-23T15:32:22+00:00","mainEntityOfPage":{"@id":"https:\/\/radioljubuski.ba\/index.php\/2025\/10\/23\/vlada-fbih-50-milijuna-km-za-sanaciju-steta-od-poplava\/"},"wordCount":1237,"publisher":{"@id":"https:\/\/radioljubuski.ba\/#organization"},"image":{"@id":"https:\/\/radioljubuski.ba\/index.php\/2025\/10\/23\/vlada-fbih-50-milijuna-km-za-sanaciju-steta-od-poplava\/#primaryimage"},"thumbnailUrl":"https:\/\/radioljubuski.ba\/wp-content\/uploads\/2025\/10\/IMG-20251023-WA0007.jpg","articleSection":["BIH i regija","Novosti"],"inLanguage":"hr"},{"@type":"WebPage","@id":"https:\/\/radioljubuski.ba\/index.php\/2025\/10\/23\/vlada-fbih-50-milijuna-km-za-sanaciju-steta-od-poplava\/","url":"https:\/\/radioljubuski.ba\/index.php\/2025\/10\/23\/vlada-fbih-50-milijuna-km-za-sanaciju-steta-od-poplava\/","name":"Vlada FBIH:50 milijuna KM za sanaciju \u0161teta od poplava - RADIO LJUBU\u0160KI","isPartOf":{"@id":"https:\/\/radioljubuski.ba\/#website"},"primaryImageOfPage":{"@id":"https:\/\/radioljubuski.ba\/index.php\/2025\/10\/23\/vlada-fbih-50-milijuna-km-za-sanaciju-steta-od-poplava\/#primaryimage"},"image":{"@id":"https:\/\/radioljubuski.ba\/index.php\/2025\/10\/23\/vlada-fbih-50-milijuna-km-za-sanaciju-steta-od-poplava\/#primaryimage"},"thumbnailUrl":"https:\/\/radioljubuski.ba\/wp-content\/uploads\/2025\/10\/IMG-20251023-WA0007.jpg","datePublished":"2025-10-23T15:31:13+00:00","dateModified":"2025-10-23T15:32:22+00:00","breadcrumb":{"@id":"https:\/\/radioljubuski.ba\/index.php\/2025\/10\/23\/vlada-fbih-50-milijuna-km-za-sanaciju-steta-od-poplava\/#breadcrumb"},"inLanguage":"hr","potentialAction":[{"@type":"ReadAction","target":["https:\/\/radioljubuski.ba\/index.php\/2025\/10\/23\/vlada-fbih-50-milijuna-km-za-sanaciju-steta-od-poplava\/"]}]},{"@type":"ImageObject","inLanguage":"hr","@id":"https:\/\/radioljubuski.ba\/index.php\/2025\/10\/23\/vlada-fbih-50-milijuna-km-za-sanaciju-steta-od-poplava\/#primaryimage","url":"https:\/\/radioljubuski.ba\/wp-content\/uploads\/2025\/10\/IMG-20251023-WA0007.jpg","contentUrl":"https:\/\/radioljubuski.ba\/wp-content\/uploads\/2025\/10\/IMG-20251023-WA0007.jpg","width":1024,"height":683},{"@type":"BreadcrumbList","@id":"https:\/\/radioljubuski.ba\/index.php\/2025\/10\/23\/vlada-fbih-50-milijuna-km-za-sanaciju-steta-od-poplava\/#breadcrumb","itemListElement":[{"@type":"ListItem","position":1,"name":"Po\u010detna stranica","item":"https:\/\/radioljubuski.ba\/"},{"@type":"ListItem","position":2,"name":"Vlada FBIH:50 milijuna KM za sanaciju \u0161teta od poplava"}]},{"@type":"WebSite","@id":"https:\/\/radioljubuski.ba\/#website","url":"https:\/\/radioljubuski.ba\/","name":"Radio Ljubu\u0161ki","description":"Sun\u010dana frekvencija Hercegovine","publisher":{"@id":"https:\/\/radioljubuski.ba\/#organization"},"potentialAction":[{"@type":"SearchAction","target":{"@type":"EntryPoint","urlTemplate":"https:\/\/radioljubuski.ba\/?s={search_term_string}"},"query-input":{"@type":"PropertyValueSpecification","valueRequired":true,"valueName":"search_term_string"}}],"inLanguage":"hr"},{"@type":"Organization","@id":"https:\/\/radioljubuski.ba\/#organization","name":"Radio Ljubu\u0161ki","url":"https:\/\/radioljubuski.ba\/","logo":{"@type":"ImageObject","inLanguage":"hr","@id":"https:\/\/radioljubuski.ba\/#\/schema\/logo\/image\/","url":"https:\/\/radioljubuski.ba\/wp-content\/uploads\/2021\/02\/cropped-Radio_Ljubuski_logo1.jpg","contentUrl":"https:\/\/radioljubuski.ba\/wp-content\/uploads\/2021\/02\/cropped-Radio_Ljubuski_logo1.jpg","width":512,"height":512,"caption":"Radio Ljubu\u0161ki"},"image":{"@id":"https:\/\/radioljubuski.ba\/#\/schema\/logo\/image\/"},"sameAs":["https:\/\/www.facebook.com\/Radiio-Ljubuski-1490835324566332","https:\/\/x.com\/radioljubuski","https:\/\/hr.linkedin.com\/company\/radio-ljubuski","https:\/\/www.youtube.com\/channel\/UCHYaeO_n0Db3tjNGudGpXyw"]},{"@type":"Person","@id":"https:\/\/radioljubuski.ba\/#\/schema\/person\/19fc700381a780f69665d7956c469e3b","name":"Radio Ljubu\u0161ki"}]}},"_links":{"self":[{"href":"https:\/\/radioljubuski.ba\/index.php\/wp-json\/wp\/v2\/posts\/221840","targetHints":{"allow":["GET"]}}],"collection":[{"href":"https:\/\/radioljubuski.ba\/index.php\/wp-json\/wp\/v2\/posts"}],"about":[{"href":"https:\/\/radioljubuski.ba\/index.php\/wp-json\/wp\/v2\/types\/post"}],"author":[{"embeddable":true,"href":"https:\/\/radioljubuski.ba\/index.php\/wp-json\/wp\/v2\/users\/2"}],"replies":[{"embeddable":true,"href":"https:\/\/radioljubuski.ba\/index.php\/wp-json\/wp\/v2\/comments?post=221840"}],"version-history":[{"count":4,"href":"https:\/\/radioljubuski.ba\/index.php\/wp-json\/wp\/v2\/posts\/221840\/revisions"}],"predecessor-version":[{"id":221845,"href":"https:\/\/radioljubuski.ba\/index.php\/wp-json\/wp\/v2\/posts\/221840\/revisions\/221845"}],"wp:featuredmedia":[{"embeddable":true,"href":"https:\/\/radioljubuski.ba\/index.php\/wp-json\/wp\/v2\/media\/221841"}],"wp:attachment":[{"href":"https:\/\/radioljubuski.ba\/index.php\/wp-json\/wp\/v2\/media?parent=221840"}],"wp:term":[{"taxonomy":"category","embeddable":true,"href":"https:\/\/radioljubuski.ba\/index.php\/wp-json\/wp\/v2\/categories?post=221840"},{"taxonomy":"post_tag","embeddable":true,"href":"https:\/\/radioljubuski.ba\/index.php\/wp-json\/wp\/v2\/tags?post=221840"}],"curies":[{"name":"wp","href":"https:\/\/api.w.org\/{rel}","templated":true}]}}