{"id":221869,"date":"2025-10-26T17:31:45","date_gmt":"2025-10-26T16:31:45","guid":{"rendered":"https:\/\/radioljubuski.ba\/?p=221869"},"modified":"2025-10-31T08:31:55","modified_gmt":"2025-10-31T07:31:55","slug":"izvidac-u-zavrsnici-slomio-slogu-i-upisao-vazne-bodove","status":"publish","type":"post","link":"https:\/\/radioljubuski.ba\/index.php\/2025\/10\/26\/izvidac-u-zavrsnici-slomio-slogu-i-upisao-vazne-bodove\/","title":{"rendered":"Izvi\u0111a\u010d u zavr\u0161nici slomio Slogu i upisao va\u017ene bodove"},"content":{"rendered":"\n<p><strong>Izvi\u0111a\u010d u triler-zavr\u0161nici slavio nad Slogom \u2014 Odak i \u0106e\u0161ko zabijali, Alihod\u017ei\u0107 \u010dinio \u010duda!<\/strong><\/p>\n\n\n\n<p><\/p>\n\n\n<div class=\"wp-block-image\">\n<figure class=\"aligncenter size-full\"><img loading=\"lazy\" decoding=\"async\" width=\"512\" height=\"640\" src=\"https:\/\/radioljubuski.ba\/wp-content\/uploads\/2025\/10\/izvidac-4.jpg\" alt=\"\" class=\"wp-image-221870\" srcset=\"https:\/\/radioljubuski.ba\/wp-content\/uploads\/2025\/10\/izvidac-4.jpg 512w, https:\/\/radioljubuski.ba\/wp-content\/uploads\/2025\/10\/izvidac-4-240x300.jpg 240w, https:\/\/radioljubuski.ba\/wp-content\/uploads\/2025\/10\/izvidac-4-10x12.jpg 10w\" sizes=\"auto, (max-width: 512px) 100vw, 512px\" \/><\/figure>\n<\/div>\n\n\n<p>Utakmica 5. kola Premijer lige BiH izme\u0111u rukometa\u0161a Izvi\u0111a\u010da Agrama i dobojske Sloge, sino\u0107 odigrana u Gradskoj \u0161portskoj dvorani u Ljubu\u0161kom, protekla je u neizvjesnoj i borbenoj igri. \u201eSkauti\u201c su uglavnom imali rezultatsku prednost ne ve\u0107u od tri gola i nisu uspjeli prelomiti utakmicu u svoju korist sve do samog fini\u0161a. \u017dilavi gosti uspijevali su svih \u0161ezdeset minuta dr\u017eati priklju\u010dak.<\/p>\n\n\n\n<figure class=\"wp-block-image size-large\"><img loading=\"lazy\" decoding=\"async\" width=\"1024\" height=\"681\" src=\"https:\/\/radioljubuski.ba\/wp-content\/uploads\/2025\/10\/izvidac-agram-1024x681.jpg\" alt=\"\" class=\"wp-image-221884\" srcset=\"https:\/\/radioljubuski.ba\/wp-content\/uploads\/2025\/10\/izvidac-agram-1024x681.jpg 1024w, https:\/\/radioljubuski.ba\/wp-content\/uploads\/2025\/10\/izvidac-agram-300x200.jpg 300w, https:\/\/radioljubuski.ba\/wp-content\/uploads\/2025\/10\/izvidac-agram-768x511.jpg 768w, https:\/\/radioljubuski.ba\/wp-content\/uploads\/2025\/10\/izvidac-agram-1536x1022.jpg 1536w, https:\/\/radioljubuski.ba\/wp-content\/uploads\/2025\/10\/izvidac-agram-18x12.jpg 18w, https:\/\/radioljubuski.ba\/wp-content\/uploads\/2025\/10\/izvidac-agram.jpg 2000w\" sizes=\"auto, (max-width: 1024px) 100vw, 1024px\" \/><\/figure>\n\n\n\n<p><strong>Po\u010detna borba gol za gol<\/strong><\/p>\n\n\n\n<p>Sloga je prva do\u0161la do pogotka preko&nbsp;<strong>Darija \u0110enadije<\/strong>, a prvi gol za \u201eSkaute\u201c postigao je&nbsp;<strong>Matej \u0160imi\u0107<\/strong>. Sloga je vodila 2:1 i 3:2, da bi Izvi\u0111a\u010d s tri vezana gola do\u0161ao do prednosti od dva pogotka u 8. minuti (5:3). Gosti poravnavaju na 5:5 u 9. minuti, ali Izvi\u0111a\u010d u 11. minuti ponovno ima dva gola prednosti (8:6).<\/p>\n\n\n\n<p>Do 20. minute \u201eSkauti\u201c su stizali do gola prednosti, ali je Sloga konstantno hvatala priklju\u010dak. U posljednjih deset minuta prvog poluvremena Izvi\u0111a\u010d ubacuje u brzinu vi\u0161e, posti\u017ee pet, a prima dva gola te na odmor odlazi s tri pogotka prednosti (17:14).<\/p>\n\n\n\n<p>U prvih pet minuta nastavka \u201eSkauti\u201c uspijevaju zadr\u017eati prednost iz prvog dijela (20:17, 35. minuta), no od 35. do 39. minute Sloga s \u010detiri uzastopna pogotka preokre\u0107e rezultat u svoju korist (20:21).<\/p>\n\n\n\n<p><strong>Sloga preokre\u0107e \u2013 \u0160ahinovi\u0107 i Odak vra\u0107aju mirno\u0107u<\/strong><\/p>\n\n\n\n<p>Nakon toga doma\u0107a klupa zove minutu predaha kako bi pru\u017eila dodatne smjernice igra\u010dima. Time-out je urodio plodom: dva gola&nbsp;<strong>Amera \u0160ahinovi\u0107a<\/strong>&nbsp;i pogodak&nbsp;<strong>Filipa Odaka<\/strong>&nbsp;ponovno donose prednost doma\u0107inu (23:21, 41. minuta). Sloga golom nezaustavljivog kru\u017enog napada\u010da&nbsp;<strong>Radomira Stojanovi\u0107a<\/strong>&nbsp;u 46. minuti posljednji put na utakmici sti\u017ee izjedna\u010diti (25:25).<\/p>\n\n\n\n<p><strong>Bebek i Lukenda zaklju\u010dili posao<\/strong><\/p>\n\n\n\n<p>S dva gola&nbsp;<strong>Mihaela Bebeka<\/strong>&nbsp;i golom&nbsp;<strong>Zvonimira Lukend<\/strong>e u 52. minuti Izvi\u0111a\u010d sti\u017ee do klju\u010dna tri gola prednosti (29:26). Do kraja susreta \u201eSkauti\u201c uspijevaju odr\u017eati ste\u010denu prednost i potvr\u0111uju pobjedu rezultatom 35:33.<\/p>\n\n\n\n<p>U redovima Izvi\u0111a\u010da najraspolo\u017eeniji su bili&nbsp;<strong>Filip Odak<\/strong>&nbsp;i&nbsp;<strong>Diano \u0106e\u0161ko<\/strong>&nbsp;s po osam postignutih pogodaka. Odli\u010dan je bio i&nbsp;<strong>Mihael Bebek<\/strong>&nbsp;s \u010detiri klju\u010dna gola, dok je \u010detiri zabio i<strong>&nbsp;Amer \u0160ahinovi<\/strong>\u0107.<\/p>\n\n\n\n<p>Vratar&nbsp;<strong>Aldin Alihod\u017ei\u0107<\/strong>&nbsp;bio je na visokoj razini \u2013 obranio je nekoliko te\u0161kih \u0161utova i susret zavr\u0161io sa \u0161esnaest uspje\u0161nih intervencija.<\/p>\n\n\n\n<p>Kod gostiju najopasniji je bio&nbsp;<strong>Radomir Stojanovi\u0107<\/strong>&nbsp;s deset postignutih pogodaka.&nbsp;<strong>Dario \u0110enadija, Du\u0161an Mili\u010devi\u0107 i Milo\u0161 \u010ceki\u0107<\/strong>&nbsp;zabili su po pet, a&nbsp;<strong>Todor Milisavljevi\u0107<\/strong>&nbsp;\u010detiri gola. Vratar \u0110or\u0111e Bosi\u0107 upisao je jedanaest obrana.<\/p>\n\n\n\n<p><strong>\u0160to slijedi?<\/strong><\/p>\n\n\n\n<p>Pred \u201eSkautima\u201c je ve\u0107 u s<strong>rijedu, 29. 10. 2025.<\/strong>, novi izazov \u2013 slijedi te\u0161ko gostovanje u Zavidovi\u0107ima, gdje \u0107e odigrati zaostalu utakmicu 4. kola protiv mom\u010dadi&nbsp;<strong>RK Krivaja<\/strong>.<\/p>\n\n\n\n<p>Premijer liga BiH, sezona 2025.\/2026., 5. kolo.<br>Ljubu\u0161ki, 25.10.2025. u 19:00 sati.<\/p>\n\n\n\n<p><strong>RK Izvi\u0111a\u010d Agram \u2013 MRK Sloga 35:33 (17:14)<\/strong><\/p>\n\n\n\n<p>Ljubu\u0161ki, Gradska \u0161portska dvorana, 200 gledatelja.<br>Suci: D\u017eenan Grbi\u0107 (Br\u010dko) i Mirza Taletovi\u0107 (Grada\u010dac).<br>Nadzornik: Goran Su\u0161i\u0107 (\u010capljina).<\/p>\n\n\n\n<p><strong>RK Izvi\u0111a\u010d Agram<\/strong>: Alihod\u017ei\u0107 (16 obrana, 2 sedmerca), Kne\u017eevi\u0107), Lukenda 1, Odak 8, \u0160ahinovi\u0107 4\/3, Dedi\u0107, D\u017eelilovi\u0107 2, \u0160imi\u0107 2, Mi\u0161eti\u0107 1, Stijovi\u0107 1, \u0106e\u0161ko 8\/3, Semi\u0107 2, Grbavac, Bebek 4, Lasi\u0107 2.<br>Trener: Ivan D\u017eoli\u0107, Milan Toli\u0107.<\/p>\n\n\n\n<p><strong>MRK Sloga<\/strong>: Bogdanovi\u0107, Bosi\u0107 (11 obrana, 2 sedmerca), Bajovi\u0107, R. Stojanovi\u0107 10, Jakobovi\u0107, \u0110eki\u0107, \u0110enadija 5, \u0110uri\u010di\u0107, Milisavljevi\u0107 4, Mili\u010devi\u0107 5, F. Stojanovi\u0107 3, Sarki\u0107, \u010ceki\u0107 5\/3, Zeki\u0107 1.<br>Trener: Dejan Vasili\u0107.<\/p>\n\n\n\n<p>Isklju\u010denja: Izvi\u0111a\u010d 10 minuta, Sloga 4 min.<br>Sedmerci: Izvi\u0111a\u010d 8\/6, Sloga 5\/3.<\/p>\n\n\n<div class=\"wp-block-image\">\n<figure class=\"aligncenter size-large\"><img loading=\"lazy\" decoding=\"async\" width=\"1024\" height=\"681\" src=\"https:\/\/radioljubuski.ba\/wp-content\/uploads\/2025\/10\/heja1-1024x681.jpg\" alt=\"\" class=\"wp-image-221872\" srcset=\"https:\/\/radioljubuski.ba\/wp-content\/uploads\/2025\/10\/heja1-1024x681.jpg 1024w, https:\/\/radioljubuski.ba\/wp-content\/uploads\/2025\/10\/heja1-300x200.jpg 300w, https:\/\/radioljubuski.ba\/wp-content\/uploads\/2025\/10\/heja1-768x511.jpg 768w, https:\/\/radioljubuski.ba\/wp-content\/uploads\/2025\/10\/heja1-18x12.jpg 18w, https:\/\/radioljubuski.ba\/wp-content\/uploads\/2025\/10\/heja1.jpg 1536w\" sizes=\"auto, (max-width: 1024px) 100vw, 1024px\" \/><\/figure>\n<\/div>\n\n\n<figure class=\"wp-block-image size-large\"><img loading=\"lazy\" decoding=\"async\" width=\"1024\" height=\"896\" src=\"https:\/\/radioljubuski.ba\/wp-content\/uploads\/2025\/10\/izvidac-1024x896.jpg\" alt=\"\" class=\"wp-image-221878\" srcset=\"https:\/\/radioljubuski.ba\/wp-content\/uploads\/2025\/10\/izvidac-1024x896.jpg 1024w, https:\/\/radioljubuski.ba\/wp-content\/uploads\/2025\/10\/izvidac-300x263.jpg 300w, https:\/\/radioljubuski.ba\/wp-content\/uploads\/2025\/10\/izvidac-768x672.jpg 768w, https:\/\/radioljubuski.ba\/wp-content\/uploads\/2025\/10\/izvidac-1536x1344.jpg 1536w, https:\/\/radioljubuski.ba\/wp-content\/uploads\/2025\/10\/izvidac-14x12.jpg 14w, https:\/\/radioljubuski.ba\/wp-content\/uploads\/2025\/10\/izvidac.jpg 2000w\" sizes=\"auto, (max-width: 1024px) 100vw, 1024px\" \/><\/figure>\n\n\n\n<figure class=\"wp-block-image size-large\"><img loading=\"lazy\" decoding=\"async\" width=\"1024\" height=\"759\" src=\"https:\/\/radioljubuski.ba\/wp-content\/uploads\/2025\/10\/izvidac-3-1024x759.jpg\" alt=\"\" class=\"wp-image-221880\" srcset=\"https:\/\/radioljubuski.ba\/wp-content\/uploads\/2025\/10\/izvidac-3-1024x759.jpg 1024w, https:\/\/radioljubuski.ba\/wp-content\/uploads\/2025\/10\/izvidac-3-300x222.jpg 300w, https:\/\/radioljubuski.ba\/wp-content\/uploads\/2025\/10\/izvidac-3-768x569.jpg 768w, https:\/\/radioljubuski.ba\/wp-content\/uploads\/2025\/10\/izvidac-3-1536x1138.jpg 1536w, https:\/\/radioljubuski.ba\/wp-content\/uploads\/2025\/10\/izvidac-3-16x12.jpg 16w, https:\/\/radioljubuski.ba\/wp-content\/uploads\/2025\/10\/izvidac-3.jpg 2000w\" sizes=\"auto, (max-width: 1024px) 100vw, 1024px\" \/><\/figure>\n\n\n\n<figure class=\"wp-block-image size-large\"><img loading=\"lazy\" decoding=\"async\" width=\"1024\" height=\"876\" src=\"https:\/\/radioljubuski.ba\/wp-content\/uploads\/2025\/10\/571450313_1494339392252712_5156270758071635855_n-1024x876.jpg\" alt=\"\" class=\"wp-image-221881\" srcset=\"https:\/\/radioljubuski.ba\/wp-content\/uploads\/2025\/10\/571450313_1494339392252712_5156270758071635855_n-1024x876.jpg 1024w, https:\/\/radioljubuski.ba\/wp-content\/uploads\/2025\/10\/571450313_1494339392252712_5156270758071635855_n-300x257.jpg 300w, https:\/\/radioljubuski.ba\/wp-content\/uploads\/2025\/10\/571450313_1494339392252712_5156270758071635855_n-768x657.jpg 768w, https:\/\/radioljubuski.ba\/wp-content\/uploads\/2025\/10\/571450313_1494339392252712_5156270758071635855_n-1536x1313.jpg 1536w, https:\/\/radioljubuski.ba\/wp-content\/uploads\/2025\/10\/571450313_1494339392252712_5156270758071635855_n-14x12.jpg 14w, https:\/\/radioljubuski.ba\/wp-content\/uploads\/2025\/10\/571450313_1494339392252712_5156270758071635855_n.jpg 2000w\" sizes=\"auto, (max-width: 1024px) 100vw, 1024px\" \/><\/figure>\n\n\n\n<figure class=\"wp-block-image size-large\"><img loading=\"lazy\" decoding=\"async\" width=\"1024\" height=\"623\" src=\"https:\/\/radioljubuski.ba\/wp-content\/uploads\/2025\/10\/izvidac2-1024x623.jpg\" alt=\"\" class=\"wp-image-221882\" srcset=\"https:\/\/radioljubuski.ba\/wp-content\/uploads\/2025\/10\/izvidac2-1024x623.jpg 1024w, https:\/\/radioljubuski.ba\/wp-content\/uploads\/2025\/10\/izvidac2-300x183.jpg 300w, https:\/\/radioljubuski.ba\/wp-content\/uploads\/2025\/10\/izvidac2-768x467.jpg 768w, https:\/\/radioljubuski.ba\/wp-content\/uploads\/2025\/10\/izvidac2-1536x935.jpg 1536w, https:\/\/radioljubuski.ba\/wp-content\/uploads\/2025\/10\/izvidac2-18x12.jpg 18w, https:\/\/radioljubuski.ba\/wp-content\/uploads\/2025\/10\/izvidac2.jpg 2000w\" sizes=\"auto, (max-width: 1024px) 100vw, 1024px\" \/><\/figure>\n\n\n\n<figure class=\"wp-block-image size-large\"><img loading=\"lazy\" decoding=\"async\" width=\"1000\" height=\"1024\" src=\"https:\/\/radioljubuski.ba\/wp-content\/uploads\/2025\/10\/izvidac5-1000x1024.jpg\" alt=\"\" class=\"wp-image-221883\" srcset=\"https:\/\/radioljubuski.ba\/wp-content\/uploads\/2025\/10\/izvidac5-1000x1024.jpg 1000w, https:\/\/radioljubuski.ba\/wp-content\/uploads\/2025\/10\/izvidac5-293x300.jpg 293w, https:\/\/radioljubuski.ba\/wp-content\/uploads\/2025\/10\/izvidac5-768x786.jpg 768w, https:\/\/radioljubuski.ba\/wp-content\/uploads\/2025\/10\/izvidac5-1501x1536.jpg 1501w, https:\/\/radioljubuski.ba\/wp-content\/uploads\/2025\/10\/izvidac5-12x12.jpg 12w, https:\/\/radioljubuski.ba\/wp-content\/uploads\/2025\/10\/izvidac5.jpg 2000w\" sizes=\"auto, (max-width: 1000px) 100vw, 1000px\" \/><\/figure>\n\n\n\n<p>RK Izvi\u0111a\u010d Agram<\/p>\n","protected":false},"excerpt":{"rendered":"<p>Izvi\u0111a\u010d u triler-zavr\u0161nici slavio nad Slogom \u2014 Odak i \u0106e\u0161ko zabijali, Alihod\u017ei\u0107 \u010dinio \u010duda! Utakmica 5. kola Premijer lige BiH izme\u0111u rukometa\u0161a Izvi\u0111a\u010da Agrama i dobojske Sloge, sino\u0107 odigrana u Gradskoj \u0161portskoj dvorani u Ljubu\u0161kom, protekla je u neizvjesnoj i borbenoj igri. \u201eSkauti\u201c su uglavnom imali rezultatsku prednost ne ve\u0107u od tri gola i nisu [&hellip;]<\/p>\n","protected":false},"author":2,"featured_media":221871,"comment_status":"closed","ping_status":"closed","sticky":false,"template":"","format":"standard","meta":{"h5ap_radio_sources":[],"footnotes":""},"categories":[7],"tags":[],"class_list":["post-221869","post","type-post","status-publish","format-standard","has-post-thumbnail","hentry","category-sport"],"yoast_head":"<!-- This site is optimized with the Yoast SEO plugin v27.5 - https:\/\/yoast.com\/product\/yoast-seo-wordpress\/ -->\n<title>Izvi\u0111a\u010d u zavr\u0161nici slomio Slogu i upisao va\u017ene bodove - RADIO LJUBU\u0160KI<\/title>\n<meta name=\"robots\" content=\"index, follow, max-snippet:-1, max-image-preview:large, max-video-preview:-1\" \/>\n<link rel=\"canonical\" href=\"https:\/\/radioljubuski.ba\/index.php\/2025\/10\/26\/izvidac-u-zavrsnici-slomio-slogu-i-upisao-vazne-bodove\/\" \/>\n<meta property=\"og:locale\" content=\"hr_HR\" \/>\n<meta property=\"og:type\" content=\"article\" \/>\n<meta property=\"og:title\" content=\"Izvi\u0111a\u010d u zavr\u0161nici slomio Slogu i upisao va\u017ene bodove - RADIO LJUBU\u0160KI\" \/>\n<meta property=\"og:description\" content=\"Izvi\u0111a\u010d u triler-zavr\u0161nici slavio nad Slogom \u2014 Odak i \u0106e\u0161ko zabijali, Alihod\u017ei\u0107 \u010dinio \u010duda! Utakmica 5. kola Premijer lige BiH izme\u0111u rukometa\u0161a Izvi\u0111a\u010da Agrama i dobojske Sloge, sino\u0107 odigrana u Gradskoj \u0161portskoj dvorani u Ljubu\u0161kom, protekla je u neizvjesnoj i borbenoj igri. \u201eSkauti\u201c su uglavnom imali rezultatsku prednost ne ve\u0107u od tri gola i nisu [&hellip;]\" \/>\n<meta property=\"og:url\" content=\"https:\/\/radioljubuski.ba\/index.php\/2025\/10\/26\/izvidac-u-zavrsnici-slomio-slogu-i-upisao-vazne-bodove\/\" \/>\n<meta property=\"og:site_name\" content=\"RADIO LJUBU\u0160KI\" \/>\n<meta property=\"article:publisher\" content=\"https:\/\/www.facebook.com\/Radiio-Ljubuski-1490835324566332\" \/>\n<meta property=\"article:published_time\" content=\"2025-10-26T16:31:45+00:00\" \/>\n<meta property=\"article:modified_time\" content=\"2025-10-31T07:31:55+00:00\" \/>\n<meta property=\"og:image\" content=\"https:\/\/radioljubuski.ba\/wp-content\/uploads\/2025\/10\/heja-heja.jpg\" \/>\n\t<meta property=\"og:image:width\" content=\"1024\" \/>\n\t<meta property=\"og:image:height\" content=\"520\" \/>\n\t<meta property=\"og:image:type\" content=\"image\/jpeg\" \/>\n<meta name=\"author\" content=\"Radio Ljubu\u0161ki\" \/>\n<meta name=\"twitter:card\" content=\"summary_large_image\" \/>\n<meta name=\"twitter:creator\" content=\"@radioljubuski\" \/>\n<meta name=\"twitter:site\" content=\"@radioljubuski\" \/>\n<meta name=\"twitter:label1\" content=\"Napisao\/la\" \/>\n\t<meta name=\"twitter:data1\" content=\"Radio Ljubu\u0161ki\" \/>\n\t<meta name=\"twitter:label2\" content=\"Procijenjeno vrijeme \u010ditanja\" \/>\n\t<meta name=\"twitter:data2\" content=\"5 minuta\" \/>\n<script type=\"application\/ld+json\" class=\"yoast-schema-graph\">{\"@context\":\"https:\\\/\\\/schema.org\",\"@graph\":[{\"@type\":\"Article\",\"@id\":\"https:\\\/\\\/radioljubuski.ba\\\/index.php\\\/2025\\\/10\\\/26\\\/izvidac-u-zavrsnici-slomio-slogu-i-upisao-vazne-bodove\\\/#article\",\"isPartOf\":{\"@id\":\"https:\\\/\\\/radioljubuski.ba\\\/index.php\\\/2025\\\/10\\\/26\\\/izvidac-u-zavrsnici-slomio-slogu-i-upisao-vazne-bodove\\\/\"},\"author\":{\"name\":\"Radio Ljubu\u0161ki\",\"@id\":\"https:\\\/\\\/radioljubuski.ba\\\/#\\\/schema\\\/person\\\/19fc700381a780f69665d7956c469e3b\"},\"headline\":\"Izvi\u0111a\u010d u zavr\u0161nici slomio Slogu i upisao va\u017ene bodove\",\"datePublished\":\"2025-10-26T16:31:45+00:00\",\"dateModified\":\"2025-10-31T07:31:55+00:00\",\"mainEntityOfPage\":{\"@id\":\"https:\\\/\\\/radioljubuski.ba\\\/index.php\\\/2025\\\/10\\\/26\\\/izvidac-u-zavrsnici-slomio-slogu-i-upisao-vazne-bodove\\\/\"},\"wordCount\":601,\"publisher\":{\"@id\":\"https:\\\/\\\/radioljubuski.ba\\\/#organization\"},\"image\":{\"@id\":\"https:\\\/\\\/radioljubuski.ba\\\/index.php\\\/2025\\\/10\\\/26\\\/izvidac-u-zavrsnici-slomio-slogu-i-upisao-vazne-bodove\\\/#primaryimage\"},\"thumbnailUrl\":\"https:\\\/\\\/radioljubuski.ba\\\/wp-content\\\/uploads\\\/2025\\\/10\\\/heja-heja.jpg\",\"articleSection\":[\"\u0160port\"],\"inLanguage\":\"hr\"},{\"@type\":\"WebPage\",\"@id\":\"https:\\\/\\\/radioljubuski.ba\\\/index.php\\\/2025\\\/10\\\/26\\\/izvidac-u-zavrsnici-slomio-slogu-i-upisao-vazne-bodove\\\/\",\"url\":\"https:\\\/\\\/radioljubuski.ba\\\/index.php\\\/2025\\\/10\\\/26\\\/izvidac-u-zavrsnici-slomio-slogu-i-upisao-vazne-bodove\\\/\",\"name\":\"Izvi\u0111a\u010d u zavr\u0161nici slomio Slogu i upisao va\u017ene bodove - RADIO LJUBU\u0160KI\",\"isPartOf\":{\"@id\":\"https:\\\/\\\/radioljubuski.ba\\\/#website\"},\"primaryImageOfPage\":{\"@id\":\"https:\\\/\\\/radioljubuski.ba\\\/index.php\\\/2025\\\/10\\\/26\\\/izvidac-u-zavrsnici-slomio-slogu-i-upisao-vazne-bodove\\\/#primaryimage\"},\"image\":{\"@id\":\"https:\\\/\\\/radioljubuski.ba\\\/index.php\\\/2025\\\/10\\\/26\\\/izvidac-u-zavrsnici-slomio-slogu-i-upisao-vazne-bodove\\\/#primaryimage\"},\"thumbnailUrl\":\"https:\\\/\\\/radioljubuski.ba\\\/wp-content\\\/uploads\\\/2025\\\/10\\\/heja-heja.jpg\",\"datePublished\":\"2025-10-26T16:31:45+00:00\",\"dateModified\":\"2025-10-31T07:31:55+00:00\",\"breadcrumb\":{\"@id\":\"https:\\\/\\\/radioljubuski.ba\\\/index.php\\\/2025\\\/10\\\/26\\\/izvidac-u-zavrsnici-slomio-slogu-i-upisao-vazne-bodove\\\/#breadcrumb\"},\"inLanguage\":\"hr\",\"potentialAction\":[{\"@type\":\"ReadAction\",\"target\":[\"https:\\\/\\\/radioljubuski.ba\\\/index.php\\\/2025\\\/10\\\/26\\\/izvidac-u-zavrsnici-slomio-slogu-i-upisao-vazne-bodove\\\/\"]}]},{\"@type\":\"ImageObject\",\"inLanguage\":\"hr\",\"@id\":\"https:\\\/\\\/radioljubuski.ba\\\/index.php\\\/2025\\\/10\\\/26\\\/izvidac-u-zavrsnici-slomio-slogu-i-upisao-vazne-bodove\\\/#primaryimage\",\"url\":\"https:\\\/\\\/radioljubuski.ba\\\/wp-content\\\/uploads\\\/2025\\\/10\\\/heja-heja.jpg\",\"contentUrl\":\"https:\\\/\\\/radioljubuski.ba\\\/wp-content\\\/uploads\\\/2025\\\/10\\\/heja-heja.jpg\",\"width\":1024,\"height\":520},{\"@type\":\"BreadcrumbList\",\"@id\":\"https:\\\/\\\/radioljubuski.ba\\\/index.php\\\/2025\\\/10\\\/26\\\/izvidac-u-zavrsnici-slomio-slogu-i-upisao-vazne-bodove\\\/#breadcrumb\",\"itemListElement\":[{\"@type\":\"ListItem\",\"position\":1,\"name\":\"Po\u010detna stranica\",\"item\":\"https:\\\/\\\/radioljubuski.ba\\\/\"},{\"@type\":\"ListItem\",\"position\":2,\"name\":\"Izvi\u0111a\u010d u zavr\u0161nici slomio Slogu i upisao va\u017ene bodove\"}]},{\"@type\":\"WebSite\",\"@id\":\"https:\\\/\\\/radioljubuski.ba\\\/#website\",\"url\":\"https:\\\/\\\/radioljubuski.ba\\\/\",\"name\":\"Radio Ljubu\u0161ki\",\"description\":\"Sun\u010dana frekvencija Hercegovine\",\"publisher\":{\"@id\":\"https:\\\/\\\/radioljubuski.ba\\\/#organization\"},\"potentialAction\":[{\"@type\":\"SearchAction\",\"target\":{\"@type\":\"EntryPoint\",\"urlTemplate\":\"https:\\\/\\\/radioljubuski.ba\\\/?s={search_term_string}\"},\"query-input\":{\"@type\":\"PropertyValueSpecification\",\"valueRequired\":true,\"valueName\":\"search_term_string\"}}],\"inLanguage\":\"hr\"},{\"@type\":\"Organization\",\"@id\":\"https:\\\/\\\/radioljubuski.ba\\\/#organization\",\"name\":\"Radio Ljubu\u0161ki\",\"url\":\"https:\\\/\\\/radioljubuski.ba\\\/\",\"logo\":{\"@type\":\"ImageObject\",\"inLanguage\":\"hr\",\"@id\":\"https:\\\/\\\/radioljubuski.ba\\\/#\\\/schema\\\/logo\\\/image\\\/\",\"url\":\"https:\\\/\\\/radioljubuski.ba\\\/wp-content\\\/uploads\\\/2021\\\/02\\\/cropped-Radio_Ljubuski_logo1.jpg\",\"contentUrl\":\"https:\\\/\\\/radioljubuski.ba\\\/wp-content\\\/uploads\\\/2021\\\/02\\\/cropped-Radio_Ljubuski_logo1.jpg\",\"width\":512,\"height\":512,\"caption\":\"Radio Ljubu\u0161ki\"},\"image\":{\"@id\":\"https:\\\/\\\/radioljubuski.ba\\\/#\\\/schema\\\/logo\\\/image\\\/\"},\"sameAs\":[\"https:\\\/\\\/www.facebook.com\\\/Radiio-Ljubuski-1490835324566332\",\"https:\\\/\\\/x.com\\\/radioljubuski\",\"https:\\\/\\\/hr.linkedin.com\\\/company\\\/radio-ljubuski\",\"https:\\\/\\\/www.youtube.com\\\/channel\\\/UCHYaeO_n0Db3tjNGudGpXyw\"]},{\"@type\":\"Person\",\"@id\":\"https:\\\/\\\/radioljubuski.ba\\\/#\\\/schema\\\/person\\\/19fc700381a780f69665d7956c469e3b\",\"name\":\"Radio Ljubu\u0161ki\"}]}<\/script>\n<!-- \/ Yoast SEO plugin. -->","yoast_head_json":{"title":"Izvi\u0111a\u010d u zavr\u0161nici slomio Slogu i upisao va\u017ene bodove - RADIO LJUBU\u0160KI","robots":{"index":"index","follow":"follow","max-snippet":"max-snippet:-1","max-image-preview":"max-image-preview:large","max-video-preview":"max-video-preview:-1"},"canonical":"https:\/\/radioljubuski.ba\/index.php\/2025\/10\/26\/izvidac-u-zavrsnici-slomio-slogu-i-upisao-vazne-bodove\/","og_locale":"hr_HR","og_type":"article","og_title":"Izvi\u0111a\u010d u zavr\u0161nici slomio Slogu i upisao va\u017ene bodove - RADIO LJUBU\u0160KI","og_description":"Izvi\u0111a\u010d u triler-zavr\u0161nici slavio nad Slogom \u2014 Odak i \u0106e\u0161ko zabijali, Alihod\u017ei\u0107 \u010dinio \u010duda! Utakmica 5. kola Premijer lige BiH izme\u0111u rukometa\u0161a Izvi\u0111a\u010da Agrama i dobojske Sloge, sino\u0107 odigrana u Gradskoj \u0161portskoj dvorani u Ljubu\u0161kom, protekla je u neizvjesnoj i borbenoj igri. \u201eSkauti\u201c su uglavnom imali rezultatsku prednost ne ve\u0107u od tri gola i nisu [&hellip;]","og_url":"https:\/\/radioljubuski.ba\/index.php\/2025\/10\/26\/izvidac-u-zavrsnici-slomio-slogu-i-upisao-vazne-bodove\/","og_site_name":"RADIO LJUBU\u0160KI","article_publisher":"https:\/\/www.facebook.com\/Radiio-Ljubuski-1490835324566332","article_published_time":"2025-10-26T16:31:45+00:00","article_modified_time":"2025-10-31T07:31:55+00:00","og_image":[{"width":1024,"height":520,"url":"https:\/\/radioljubuski.ba\/wp-content\/uploads\/2025\/10\/heja-heja.jpg","type":"image\/jpeg"}],"author":"Radio Ljubu\u0161ki","twitter_card":"summary_large_image","twitter_creator":"@radioljubuski","twitter_site":"@radioljubuski","twitter_misc":{"Napisao\/la":"Radio Ljubu\u0161ki","Procijenjeno vrijeme \u010ditanja":"5 minuta"},"schema":{"@context":"https:\/\/schema.org","@graph":[{"@type":"Article","@id":"https:\/\/radioljubuski.ba\/index.php\/2025\/10\/26\/izvidac-u-zavrsnici-slomio-slogu-i-upisao-vazne-bodove\/#article","isPartOf":{"@id":"https:\/\/radioljubuski.ba\/index.php\/2025\/10\/26\/izvidac-u-zavrsnici-slomio-slogu-i-upisao-vazne-bodove\/"},"author":{"name":"Radio Ljubu\u0161ki","@id":"https:\/\/radioljubuski.ba\/#\/schema\/person\/19fc700381a780f69665d7956c469e3b"},"headline":"Izvi\u0111a\u010d u zavr\u0161nici slomio Slogu i upisao va\u017ene bodove","datePublished":"2025-10-26T16:31:45+00:00","dateModified":"2025-10-31T07:31:55+00:00","mainEntityOfPage":{"@id":"https:\/\/radioljubuski.ba\/index.php\/2025\/10\/26\/izvidac-u-zavrsnici-slomio-slogu-i-upisao-vazne-bodove\/"},"wordCount":601,"publisher":{"@id":"https:\/\/radioljubuski.ba\/#organization"},"image":{"@id":"https:\/\/radioljubuski.ba\/index.php\/2025\/10\/26\/izvidac-u-zavrsnici-slomio-slogu-i-upisao-vazne-bodove\/#primaryimage"},"thumbnailUrl":"https:\/\/radioljubuski.ba\/wp-content\/uploads\/2025\/10\/heja-heja.jpg","articleSection":["\u0160port"],"inLanguage":"hr"},{"@type":"WebPage","@id":"https:\/\/radioljubuski.ba\/index.php\/2025\/10\/26\/izvidac-u-zavrsnici-slomio-slogu-i-upisao-vazne-bodove\/","url":"https:\/\/radioljubuski.ba\/index.php\/2025\/10\/26\/izvidac-u-zavrsnici-slomio-slogu-i-upisao-vazne-bodove\/","name":"Izvi\u0111a\u010d u zavr\u0161nici slomio Slogu i upisao va\u017ene bodove - RADIO LJUBU\u0160KI","isPartOf":{"@id":"https:\/\/radioljubuski.ba\/#website"},"primaryImageOfPage":{"@id":"https:\/\/radioljubuski.ba\/index.php\/2025\/10\/26\/izvidac-u-zavrsnici-slomio-slogu-i-upisao-vazne-bodove\/#primaryimage"},"image":{"@id":"https:\/\/radioljubuski.ba\/index.php\/2025\/10\/26\/izvidac-u-zavrsnici-slomio-slogu-i-upisao-vazne-bodove\/#primaryimage"},"thumbnailUrl":"https:\/\/radioljubuski.ba\/wp-content\/uploads\/2025\/10\/heja-heja.jpg","datePublished":"2025-10-26T16:31:45+00:00","dateModified":"2025-10-31T07:31:55+00:00","breadcrumb":{"@id":"https:\/\/radioljubuski.ba\/index.php\/2025\/10\/26\/izvidac-u-zavrsnici-slomio-slogu-i-upisao-vazne-bodove\/#breadcrumb"},"inLanguage":"hr","potentialAction":[{"@type":"ReadAction","target":["https:\/\/radioljubuski.ba\/index.php\/2025\/10\/26\/izvidac-u-zavrsnici-slomio-slogu-i-upisao-vazne-bodove\/"]}]},{"@type":"ImageObject","inLanguage":"hr","@id":"https:\/\/radioljubuski.ba\/index.php\/2025\/10\/26\/izvidac-u-zavrsnici-slomio-slogu-i-upisao-vazne-bodove\/#primaryimage","url":"https:\/\/radioljubuski.ba\/wp-content\/uploads\/2025\/10\/heja-heja.jpg","contentUrl":"https:\/\/radioljubuski.ba\/wp-content\/uploads\/2025\/10\/heja-heja.jpg","width":1024,"height":520},{"@type":"BreadcrumbList","@id":"https:\/\/radioljubuski.ba\/index.php\/2025\/10\/26\/izvidac-u-zavrsnici-slomio-slogu-i-upisao-vazne-bodove\/#breadcrumb","itemListElement":[{"@type":"ListItem","position":1,"name":"Po\u010detna stranica","item":"https:\/\/radioljubuski.ba\/"},{"@type":"ListItem","position":2,"name":"Izvi\u0111a\u010d u zavr\u0161nici slomio Slogu i upisao va\u017ene bodove"}]},{"@type":"WebSite","@id":"https:\/\/radioljubuski.ba\/#website","url":"https:\/\/radioljubuski.ba\/","name":"Radio Ljubu\u0161ki","description":"Sun\u010dana frekvencija Hercegovine","publisher":{"@id":"https:\/\/radioljubuski.ba\/#organization"},"potentialAction":[{"@type":"SearchAction","target":{"@type":"EntryPoint","urlTemplate":"https:\/\/radioljubuski.ba\/?s={search_term_string}"},"query-input":{"@type":"PropertyValueSpecification","valueRequired":true,"valueName":"search_term_string"}}],"inLanguage":"hr"},{"@type":"Organization","@id":"https:\/\/radioljubuski.ba\/#organization","name":"Radio Ljubu\u0161ki","url":"https:\/\/radioljubuski.ba\/","logo":{"@type":"ImageObject","inLanguage":"hr","@id":"https:\/\/radioljubuski.ba\/#\/schema\/logo\/image\/","url":"https:\/\/radioljubuski.ba\/wp-content\/uploads\/2021\/02\/cropped-Radio_Ljubuski_logo1.jpg","contentUrl":"https:\/\/radioljubuski.ba\/wp-content\/uploads\/2021\/02\/cropped-Radio_Ljubuski_logo1.jpg","width":512,"height":512,"caption":"Radio Ljubu\u0161ki"},"image":{"@id":"https:\/\/radioljubuski.ba\/#\/schema\/logo\/image\/"},"sameAs":["https:\/\/www.facebook.com\/Radiio-Ljubuski-1490835324566332","https:\/\/x.com\/radioljubuski","https:\/\/hr.linkedin.com\/company\/radio-ljubuski","https:\/\/www.youtube.com\/channel\/UCHYaeO_n0Db3tjNGudGpXyw"]},{"@type":"Person","@id":"https:\/\/radioljubuski.ba\/#\/schema\/person\/19fc700381a780f69665d7956c469e3b","name":"Radio Ljubu\u0161ki"}]}},"_links":{"self":[{"href":"https:\/\/radioljubuski.ba\/index.php\/wp-json\/wp\/v2\/posts\/221869","targetHints":{"allow":["GET"]}}],"collection":[{"href":"https:\/\/radioljubuski.ba\/index.php\/wp-json\/wp\/v2\/posts"}],"about":[{"href":"https:\/\/radioljubuski.ba\/index.php\/wp-json\/wp\/v2\/types\/post"}],"author":[{"embeddable":true,"href":"https:\/\/radioljubuski.ba\/index.php\/wp-json\/wp\/v2\/users\/2"}],"replies":[{"embeddable":true,"href":"https:\/\/radioljubuski.ba\/index.php\/wp-json\/wp\/v2\/comments?post=221869"}],"version-history":[{"count":2,"href":"https:\/\/radioljubuski.ba\/index.php\/wp-json\/wp\/v2\/posts\/221869\/revisions"}],"predecessor-version":[{"id":221885,"href":"https:\/\/radioljubuski.ba\/index.php\/wp-json\/wp\/v2\/posts\/221869\/revisions\/221885"}],"wp:featuredmedia":[{"embeddable":true,"href":"https:\/\/radioljubuski.ba\/index.php\/wp-json\/wp\/v2\/media\/221871"}],"wp:attachment":[{"href":"https:\/\/radioljubuski.ba\/index.php\/wp-json\/wp\/v2\/media?parent=221869"}],"wp:term":[{"taxonomy":"category","embeddable":true,"href":"https:\/\/radioljubuski.ba\/index.php\/wp-json\/wp\/v2\/categories?post=221869"},{"taxonomy":"post_tag","embeddable":true,"href":"https:\/\/radioljubuski.ba\/index.php\/wp-json\/wp\/v2\/tags?post=221869"}],"curies":[{"name":"wp","href":"https:\/\/api.w.org\/{rel}","templated":true}]}}