{"id":221892,"date":"2025-10-27T11:35:26","date_gmt":"2025-10-27T10:35:26","guid":{"rendered":"https:\/\/radioljubuski.ba\/?p=221892"},"modified":"2025-10-31T08:23:43","modified_gmt":"2025-10-31T07:23:43","slug":"pobjede-rukometasa-izvidac-agrama-izvidaca-2-nogometasa-ljubuskog-odbojkasica-libera-mladih-kategorija-izvidaca-i-kosarkasa-ljubuskog-te-uspjesan-nastup-boksaca-ljubuskog","status":"publish","type":"post","link":"https:\/\/radioljubuski.ba\/index.php\/2025\/10\/27\/pobjede-rukometasa-izvidac-agrama-izvidaca-2-nogometasa-ljubuskog-odbojkasica-libera-mladih-kategorija-izvidaca-i-kosarkasa-ljubuskog-te-uspjesan-nastup-boksaca-ljubuskog\/","title":{"rendered":"Pobjede rukometa\u0161a Izvi\u0111a\u010d Agrama, Izvi\u0111a\u010da 2, nogometa\u0161a Ljubu\u0161kog, odbojka\u0161ica Libera, mla\u0111ih kategorija Izvi\u0111a\u010da i ko\u0161arka\u0161a Ljubu\u0161kog, uspje\u0161an nastup boksa\u010da Ljubu\u0161kog, a trka\u010di uspje\u0161ni u Dubrovniku i Makarskoj"},"content":{"rendered":"\n<p>Iza ljubu\u0161kih sportskih klubova je vrlo uspje\u0161an vikend. Rukometa\u0161i Izvi\u0111a\u010da su u subotu na doma\u0107em parketu svladali Slogu iz Doboja rezultatom 35:33, druga mom\u010dad \u201eSkauta\u201c je slavila kod Sloge u Gornjem Vakufu\/Uskoplju s 27:26, nogometa\u0161i Ljubu\u0161kog su u Grudama slavili protiv istoimenog doma\u0107ina s 3:0, odbojka\u0161ice Libera su u Tomislavgradu ostvarile dvije pobjede i poraz, boksa\u010di Ljubu\u0161kog se iz Mostara vra\u0107aju sa zlatnom i bron\u010danom medaljom, mla\u0111e kategorije Izvi\u0111a\u010da su bile uspje\u0161ne, curice u \u010capljini, a momci u Ljubu\u0161kom u susretu sa Zrinjskim, mladi ko\u0161arka\u0161i Ljubu\u0161kog su svladali svoje vr\u0161njake iz \u010capljine u sve tri kategorije, a trka\u010di iz Ljubu\u0161kog postigli su solidne rezultate na utrkama u Dubrovniku i Makarskoj.<\/p>\n\n\n\n<p><strong>RUKOMET<\/strong><\/p>\n\n\n\n<p><strong>Rukometa\u0161i Izvi\u0111a\u010d Agrama<\/strong> su u subotu u 5. kolu Premijer lige BiH u Gradskoj \u0161portskoj dvorani u Ljubu\u0161kom do\u010dekali Slogu iz Doboja i u vrlo uzbudljivoj utakmici slavili s 35:33, na poluvremenu je bilo 17:14 za \u201eSkaute\u201c. Izvi\u0111a\u010d je tako nanio Slogi prvi poraz u teku\u0107oj prvenstvenoj sezoni. Naime, zbog europskih obveza Sloga je prije utakmice s Izvi\u0111a\u010dem odigrala samo dvije utakmice u kojima je ostvarila maksimalni u\u010dinak od dvije pobjede i \u010detiri boda. Zanimljivo je i to da je to bila posljednja utakmica Izvi\u0111a\u010da u ovoj godini u Gradskoj \u0161portskoj dvorani u Ljubu\u0161kom, jer \u0107e zbog renoviranja dvorane rukometa\u0161i Izvi\u0111a\u010da svoje doma\u0107e utakmice do kraja godine igrati najvjerojatnije u dvorani u Grudama.<\/p>\n\n\n\n<p>Nakon pet odigranih kola mom\u010dad Izvi\u0111a\u010da nalazi se na \u010detvrtom mjestu prvenstvene ljestvice. \u201eSkauti\u201c su odigrali \u010detiri utakmice ostvarili tri pobjede i jedan poraz i imaju \u0161est bodova. Na vrhu ljestvice je mostarski Zrinjski koji je odigrao \u010detiri utakmice ostvario \u010detiri pobjede i ima maksimalni u\u010dinak od osam bodova. Drugi je Konjuh koji ima \u0161est bodova iz \u010detiri odigrane utakmice, a tre\u0107i Borac koji tako\u0111er ima \u0161est bodova iz pet odigranih utakmica.<\/p>\n\n\n\n<p>U sljede\u0107em 6. kolu Izvi\u0111a\u010d gostuje kod Slobode u Tuzli, ali \u0107e prije toga, u srijedu 29. listopada, odigrati zaostalu utakmicu 4. kola kod Krivaje u Zavidovi\u0107ima. Krivaja je u \u010detiri utakmice ostvarila dvije pobjede i dva poraza i ima \u010detiri boda.<\/p>\n\n\n\n<p>Vi\u0161e pogledajte na poveznici ispod:<\/p>\n\n\n\n<figure class=\"wp-block-embed is-type-wp-embed is-provider-radio-ljubu-ki wp-block-embed-radio-ljubu-ki\"><div class=\"wp-block-embed__wrapper\">\n<blockquote class=\"wp-embedded-content\" data-secret=\"1VWx0NHFye\"><a href=\"https:\/\/radioljubuski.ba\/index.php\/2025\/10\/26\/izvidac-u-zavrsnici-slomio-slogu-i-upisao-vazne-bodove\/\">Izvi\u0111a\u010d u zavr\u0161nici slomio Slogu i upisao va\u017ene bodove<\/a><\/blockquote><iframe loading=\"lazy\" class=\"wp-embedded-content\" sandbox=\"allow-scripts\" security=\"restricted\" style=\"position: absolute; visibility: hidden;\" title=\"&#8220;Izvi\u0111a\u010d u zavr\u0161nici slomio Slogu i upisao va\u017ene bodove&#8221; &#8212;   RADIO LJUBU\u0160KI\" src=\"https:\/\/radioljubuski.ba\/index.php\/2025\/10\/26\/izvidac-u-zavrsnici-slomio-slogu-i-upisao-vazne-bodove\/embed\/#?secret=Rcpe1IOeMN#?secret=1VWx0NHFye\" data-secret=\"1VWx0NHFye\" width=\"600\" height=\"338\" frameborder=\"0\" marginwidth=\"0\" marginheight=\"0\" scrolling=\"no\"><\/iframe>\n<\/div><\/figure>\n\n\n\n<p><strong>Rukometa\u0161i Izvi\u0111a\u010da2 <\/strong>su ju\u010der u sklopu 3. kola Prve lige F BiH \u2013 skupina Jug gostovali kod vode\u0107e Sloge iz Gornjeg Vakufa\/Uskoplja i slavili rezultatom 27:26 na poluvremenu je bilo 15:11za drugu mom\u010dad \u201eSkauta\u201c. Izvi\u0111a\u010d 2 je u tri odigrane utakmice ostvario dvije pobjede i poraz, ima \u010detiri boda i nalazi se na \u010detvrtom mjestu prvenstvene ljestvice. Na \u010delu ljestvice se nalaze Vele\u017e iz Mostara i Igman s Ilid\u017ee s maksimalnim u\u010dinkom i po \u0161est bodova iz tri odigrane utakmice.<\/p>\n\n\n\n<p>U idu\u0107em kolu rukometa\u0161i Izvi\u0111a\u010da 2 \u0107e ugostiti mom\u010dad Rvacke iz Livna.<\/p>\n\n\n\n<p><strong>Rukometna akademija Izvi\u0111a\u010d<\/strong><\/p>\n\n\n\n<p>Protekli vikend mu\u0161ki dio RA Izvi\u0111a\u010d je u 3. kolu Lige mladih RS Herceg-Bosne u Gradskoj \u0161portskoj dvorani u Ljubu\u0161kom ugostio svoje vr\u0161njake iz mostarskog Zrinjskog.<\/p>\n\n\n\n<p>Igralo se u devet kategorija, Izvi\u0111a\u010d je slavio u \u0161est kategorija, u dvije kategorije bilo je nerije\u0161eno, a u jednoj kategoriji slavili su gosti iz Mostara.<\/p>\n\n\n\n<p>Evo rezultata:<\/p>\n\n\n\n<p><strong>Nedjelja, G\u0160D Ljubu\u0161ki, s po\u010detkom u 10:00 sati, 9 utakmica:<\/strong><\/p>\n\n\n\n<figure class=\"wp-block-table aligncenter\"><table class=\"has-fixed-layout\"><tbody><tr><td colspan=\"5\"><strong>TRE\u0106E KOLO LIGE HERCEG BOSNE ZA MLADE &#8211; MU\u0160KI<\/strong><\/td><\/tr><tr><td colspan=\"5\"><\/td><\/tr><tr><td colspan=\"5\"><strong>(KADETI\/ML.KADETI I DJE\u010cACI)<\/strong><\/td><\/tr><tr><td><strong>NADNEVAK<\/strong><\/td><td><strong>PAR 1<\/strong><\/td><td><strong>PAR2<\/strong><\/td><td><strong>UTAKMICA BROJ<\/strong><\/td><td><strong>REZULTAT<\/strong><\/td><\/tr><tr><td><strong>26.10.25.<\/strong><\/td><td><strong>IZVI\u0110A\u010c<\/strong><\/td><td><strong>ZRINJSKI<\/strong><\/td><td><\/td><td><\/td><\/tr><tr><td><strong>1<\/strong><\/td><td><strong>KADETI<\/strong><\/td><td><strong>KADETI<\/strong><\/td><td><strong>56<\/strong><\/td><td><strong>20:20 (11:7)<\/strong><\/td><\/tr><tr><td><strong>2<\/strong><\/td><td><strong>ML.KADETI<\/strong><\/td><td><strong>ML.KADETI 1<\/strong><\/td><td><strong>57<\/strong><\/td><td><strong>33:25 (14:13)<\/strong><\/td><\/tr><tr><td><strong>3<\/strong><\/td><td><strong>DJECACI 1<\/strong><\/td><td><strong>DJECACI 1<\/strong><\/td><td><strong>58<\/strong><\/td><td><strong>26:12 (13:6)<\/strong><\/td><\/tr><tr><td><strong>4<\/strong><\/td><td><strong>DJECACI 2<\/strong><\/td><td><strong>DJECACI 2<\/strong><\/td><td><strong>59<\/strong><\/td><td><strong>18:13 (7:4)<\/strong><\/td><\/tr><tr><td><strong>5<\/strong><\/td><td><strong>ML.KADETI<\/strong><\/td><td><strong>ML.KADETI 2<\/strong><\/td><td><strong>60<\/strong><\/td><td><strong>22:20 (14:11)<\/strong><\/td><\/tr><tr><td><strong>6<\/strong><\/td><td><strong>DJECACI 1<\/strong><\/td><td><strong>DJECACI 3<\/strong><\/td><td><strong>61<\/strong><\/td><td><strong>20:9 (9:4)<\/strong><\/td><\/tr><tr><td><strong>7<\/strong><\/td><td><strong>DJECACI 2<\/strong><\/td><td><strong>DJECACI 1<\/strong><\/td><td><strong>62<\/strong><\/td><td><strong>7:11 (3:6)<\/strong><\/td><\/tr><tr><td><strong>8<\/strong><\/td><td><strong>DJECACI 1<\/strong><\/td><td><strong>DJECACI 2<\/strong><\/td><td><strong>63<\/strong><\/td><td><strong>20:4 (8:1)<\/strong><\/td><\/tr><tr><td><strong>9<\/strong><\/td><td><strong>DJECACI 2<\/strong><\/td><td><strong>DJECACI 3<\/strong><\/td><td><strong>64<\/strong><\/td><td><strong>9:9 (5:6)<\/strong><\/td><\/tr><\/tbody><\/table><\/figure>\n\n\n\n<p><strong>\u017denski dio RA Izvi\u0111a\u010d je u sklopu 2. kola Lige mladih RS HB u subotu gostovao u \u010capljini. &nbsp;S obzirom da RK \u010capljina nema prijavljene ekipe kadetkinja i djevoj\u010dica igralo se samo u kategoriji mla\u0111ih kadetkinja. Mlade rukometa\u0161ice Izvi\u0111a\u010da su bile uvjerljive u dva susreta:<\/strong><\/p>\n\n\n\n<p><strong>RK \u010capljina: RA Izvi\u0111a\u010d1&nbsp; 20:29<\/strong><\/p>\n\n\n\n<p><strong>RK \u010capljina: RA Izvi\u0111a\u010d2&nbsp; 16:35<\/strong><\/p>\n\n\n\n<figure class=\"wp-block-image size-large\"><img loading=\"lazy\" decoding=\"async\" width=\"768\" height=\"1024\" src=\"https:\/\/radioljubuski.ba\/wp-content\/uploads\/2025\/10\/mladje-kadetkinje-768x1024.jpg\" alt=\"\" class=\"wp-image-221893\" srcset=\"https:\/\/radioljubuski.ba\/wp-content\/uploads\/2025\/10\/mladje-kadetkinje-768x1024.jpg 768w, https:\/\/radioljubuski.ba\/wp-content\/uploads\/2025\/10\/mladje-kadetkinje-225x300.jpg 225w, https:\/\/radioljubuski.ba\/wp-content\/uploads\/2025\/10\/mladje-kadetkinje-1152x1536.jpg 1152w, https:\/\/radioljubuski.ba\/wp-content\/uploads\/2025\/10\/mladje-kadetkinje-9x12.jpg 9w, https:\/\/radioljubuski.ba\/wp-content\/uploads\/2025\/10\/mladje-kadetkinje.jpg 1536w\" sizes=\"auto, (max-width: 768px) 100vw, 768px\" \/><\/figure>\n\n\n\n<p><strong>NOGOMET<\/strong><\/p>\n\n\n\n<p>Nogometa\u0161i Ljubu\u0161kog su u nedjelju u 11. kolu Druge lige F BiH \u2013 skupina Jug na gostovanju u Grudama pobijedili istoimenog doma\u0107ina rezultatom 3:0, na poluvremenu je bilo 0:0.<\/p>\n\n\n\n<p>Ljubu\u0161aci su poveli u 59. minuti utakmice golom Maria Pulji\u0107a, isti igra\u010d je osam minuta kasnije povisio na 2:0, a pe\u010dat na kona\u010dnu pobjedu od 3:0 stavio je Bo\u017ee Milas u 71. minuti susreta.<\/p>\n\n\n\n<p>Ljubu\u0161ki je nastupio u sljede\u0107em sastavu: Borna Ili\u010di\u0107, Josip \u0160o\u0161i\u0107, Veselko Vi\u0161tica, An\u0111elko Mikuli\u0107, Mario Pulji\u0107, Stanko Mi\u0161eti\u0107, Filip Bebek, Luka Matija\u0161evi\u0107, Grgo Vasilj, Noah-Luka \u0160imi\u0107 i Luka Bebek. U drugom poluvremenu u igru su umjesto An\u0111elka Mikuli\u0107a, Maria Pulji\u0107a, Luke Bebeka, Josipa \u0160o\u0161i\u0107a i Stanka Mi\u0161eti\u0107a u\u0161li Bo\u017ee Milas, Nikola Grani\u0107, Josip Doli\u0107, David Herceg i Ante Vegar.<\/p>\n\n\n\n<p>Nakon 11. odigranih kola mom\u010dad Ljubu\u0161kog se nalazi na 7. mjestu prvenstvene ljestvice sa 16 osvojenih bodova.<\/p>\n\n\n\n<p>U idu\u0107em, 12. kolu, koje je na rasporedu idu\u0107i vikend, Ljubu\u0161ki \u0107e ugostiti susjedno Me\u0111ugorje.<strong><\/strong><\/p>\n\n\n\n<figure class=\"wp-block-image size-large\"><img loading=\"lazy\" decoding=\"async\" width=\"1024\" height=\"768\" src=\"https:\/\/radioljubuski.ba\/wp-content\/uploads\/2025\/10\/566518036_828198059687766_7117783490930253429_n-1024x768.jpg\" alt=\"\" class=\"wp-image-221894\" srcset=\"https:\/\/radioljubuski.ba\/wp-content\/uploads\/2025\/10\/566518036_828198059687766_7117783490930253429_n-1024x768.jpg 1024w, https:\/\/radioljubuski.ba\/wp-content\/uploads\/2025\/10\/566518036_828198059687766_7117783490930253429_n-300x225.jpg 300w, https:\/\/radioljubuski.ba\/wp-content\/uploads\/2025\/10\/566518036_828198059687766_7117783490930253429_n-768x576.jpg 768w, https:\/\/radioljubuski.ba\/wp-content\/uploads\/2025\/10\/566518036_828198059687766_7117783490930253429_n-1536x1152.jpg 1536w, https:\/\/radioljubuski.ba\/wp-content\/uploads\/2025\/10\/566518036_828198059687766_7117783490930253429_n-16x12.jpg 16w, https:\/\/radioljubuski.ba\/wp-content\/uploads\/2025\/10\/566518036_828198059687766_7117783490930253429_n.jpg 2048w\" sizes=\"auto, (max-width: 1024px) 100vw, 1024px\" \/><\/figure>\n\n\n<div class=\"wp-block-image\">\n<figure class=\"aligncenter size-large\"><img loading=\"lazy\" decoding=\"async\" width=\"576\" height=\"1024\" src=\"https:\/\/radioljubuski.ba\/wp-content\/uploads\/2025\/10\/566421435_1527776485030074_3007241558936329485_n-576x1024.jpg\" alt=\"\" class=\"wp-image-221902\" srcset=\"https:\/\/radioljubuski.ba\/wp-content\/uploads\/2025\/10\/566421435_1527776485030074_3007241558936329485_n-576x1024.jpg 576w, https:\/\/radioljubuski.ba\/wp-content\/uploads\/2025\/10\/566421435_1527776485030074_3007241558936329485_n-169x300.jpg 169w, https:\/\/radioljubuski.ba\/wp-content\/uploads\/2025\/10\/566421435_1527776485030074_3007241558936329485_n-768x1365.jpg 768w, https:\/\/radioljubuski.ba\/wp-content\/uploads\/2025\/10\/566421435_1527776485030074_3007241558936329485_n-864x1536.jpg 864w, https:\/\/radioljubuski.ba\/wp-content\/uploads\/2025\/10\/566421435_1527776485030074_3007241558936329485_n-7x12.jpg 7w, https:\/\/radioljubuski.ba\/wp-content\/uploads\/2025\/10\/566421435_1527776485030074_3007241558936329485_n.jpg 900w\" sizes=\"auto, (max-width: 576px) 100vw, 576px\" \/><\/figure>\n<\/div>\n\n<div class=\"wp-block-image\">\n<figure class=\"aligncenter size-large\"><img loading=\"lazy\" decoding=\"async\" width=\"576\" height=\"1024\" src=\"https:\/\/radioljubuski.ba\/wp-content\/uploads\/2025\/10\/566637830_25575343382073167_5756400147146419948_n-576x1024.jpg\" alt=\"\" class=\"wp-image-221903\" srcset=\"https:\/\/radioljubuski.ba\/wp-content\/uploads\/2025\/10\/566637830_25575343382073167_5756400147146419948_n-576x1024.jpg 576w, https:\/\/radioljubuski.ba\/wp-content\/uploads\/2025\/10\/566637830_25575343382073167_5756400147146419948_n-169x300.jpg 169w, https:\/\/radioljubuski.ba\/wp-content\/uploads\/2025\/10\/566637830_25575343382073167_5756400147146419948_n-768x1365.jpg 768w, https:\/\/radioljubuski.ba\/wp-content\/uploads\/2025\/10\/566637830_25575343382073167_5756400147146419948_n-864x1536.jpg 864w, https:\/\/radioljubuski.ba\/wp-content\/uploads\/2025\/10\/566637830_25575343382073167_5756400147146419948_n-7x12.jpg 7w, https:\/\/radioljubuski.ba\/wp-content\/uploads\/2025\/10\/566637830_25575343382073167_5756400147146419948_n.jpg 1080w\" sizes=\"auto, (max-width: 576px) 100vw, 576px\" \/><\/figure>\n<\/div>\n\n\n<p><strong>KO\u0160ARKA<\/strong><\/p>\n\n\n\n<p><strong>U i\u0161\u010dekivanju nove seniorske sezone ko\u0161arka\u0161i Ljubu\u0161kog su protekli vikend odigrali prvo kolo lige mladih KS HB.<\/strong><\/p>\n\n\n\n<p><strong>Ugostili su svoje vr\u0161njake iz \u010capljine i ostvarili u sve 3 kategorije:<\/strong><\/p>\n\n\n\n<p><strong>Predkadeti 76:75<\/strong><\/p>\n\n\n\n<p><strong>Kadeti 70:56<\/strong><\/p>\n\n\n\n<p><strong>Juniori 72:53<\/strong><\/p>\n\n\n\n<figure class=\"wp-block-image size-large\"><img loading=\"lazy\" decoding=\"async\" width=\"768\" height=\"1024\" src=\"https:\/\/radioljubuski.ba\/wp-content\/uploads\/2025\/10\/kosarkasi-mladi-768x1024.jpg\" alt=\"\" class=\"wp-image-221901\" srcset=\"https:\/\/radioljubuski.ba\/wp-content\/uploads\/2025\/10\/kosarkasi-mladi-768x1024.jpg 768w, https:\/\/radioljubuski.ba\/wp-content\/uploads\/2025\/10\/kosarkasi-mladi-225x300.jpg 225w, https:\/\/radioljubuski.ba\/wp-content\/uploads\/2025\/10\/kosarkasi-mladi-1152x1536.jpg 1152w, https:\/\/radioljubuski.ba\/wp-content\/uploads\/2025\/10\/kosarkasi-mladi-9x12.jpg 9w, https:\/\/radioljubuski.ba\/wp-content\/uploads\/2025\/10\/kosarkasi-mladi.jpg 1440w\" sizes=\"auto, (max-width: 768px) 100vw, 768px\" \/><\/figure>\n\n\n\n<p><strong>ODBOJKA<\/strong><\/p>\n\n\n\n<p><strong>Odbojka\u0161ice ljubu\u0161kog Libera<\/strong> su u subotu u 3. kolu Lige Hercegovine gostovale kod Delminiuma iz Tomislavgrada. Utakmica se igrala u tri kategorije, a Liberice su upisale dvije pobjede i jedan poraz.<\/p>\n\n\n\n<p><strong>U kategoriji kadetkinja su tijesno <\/strong><strong>izgubile 2:1, po setovima (25:17,<\/strong><strong> 22:25 , 15:12).<\/strong><strong><\/strong><\/p>\n\n\n\n<p><strong>U kategoriji mla\u0111ih kadetkinja pobijedile su<\/strong><strong> s uvjerljivih 2:0 (25:20, 28:26).<\/strong><strong><\/strong><\/p>\n\n\n\n<p><strong>U kategoriji djevoj\u010dica s rezultato<\/strong><strong>m 2:0 (25:7, 25:8) <\/strong><strong><\/strong><\/p>\n\n\n\n<figure class=\"wp-block-image size-large\"><img loading=\"lazy\" decoding=\"async\" width=\"1024\" height=\"768\" src=\"https:\/\/radioljubuski.ba\/wp-content\/uploads\/2025\/10\/570824270_18329429134210707_2463400752499919959_n-1024x768.jpg\" alt=\"\" class=\"wp-image-221898\" srcset=\"https:\/\/radioljubuski.ba\/wp-content\/uploads\/2025\/10\/570824270_18329429134210707_2463400752499919959_n-1024x768.jpg 1024w, https:\/\/radioljubuski.ba\/wp-content\/uploads\/2025\/10\/570824270_18329429134210707_2463400752499919959_n-300x225.jpg 300w, https:\/\/radioljubuski.ba\/wp-content\/uploads\/2025\/10\/570824270_18329429134210707_2463400752499919959_n-768x576.jpg 768w, https:\/\/radioljubuski.ba\/wp-content\/uploads\/2025\/10\/570824270_18329429134210707_2463400752499919959_n-16x12.jpg 16w, https:\/\/radioljubuski.ba\/wp-content\/uploads\/2025\/10\/570824270_18329429134210707_2463400752499919959_n.jpg 1440w\" sizes=\"auto, (max-width: 1024px) 100vw, 1024px\" \/><\/figure>\n\n\n\n<figure class=\"wp-block-image size-large\"><img loading=\"lazy\" decoding=\"async\" width=\"1024\" height=\"768\" src=\"https:\/\/radioljubuski.ba\/wp-content\/uploads\/2025\/10\/571490528_18329429173210707_5781842231247331986_n-1024x768.jpg\" alt=\"\" class=\"wp-image-221899\" srcset=\"https:\/\/radioljubuski.ba\/wp-content\/uploads\/2025\/10\/571490528_18329429173210707_5781842231247331986_n-1024x768.jpg 1024w, https:\/\/radioljubuski.ba\/wp-content\/uploads\/2025\/10\/571490528_18329429173210707_5781842231247331986_n-300x225.jpg 300w, https:\/\/radioljubuski.ba\/wp-content\/uploads\/2025\/10\/571490528_18329429173210707_5781842231247331986_n-768x576.jpg 768w, https:\/\/radioljubuski.ba\/wp-content\/uploads\/2025\/10\/571490528_18329429173210707_5781842231247331986_n-16x12.jpg 16w, https:\/\/radioljubuski.ba\/wp-content\/uploads\/2025\/10\/571490528_18329429173210707_5781842231247331986_n.jpg 1440w\" sizes=\"auto, (max-width: 1024px) 100vw, 1024px\" \/><\/figure>\n\n\n\n<figure class=\"wp-block-image size-large\"><img loading=\"lazy\" decoding=\"async\" width=\"1024\" height=\"768\" src=\"https:\/\/radioljubuski.ba\/wp-content\/uploads\/2025\/10\/571555372_18329429116210707_1961319590675893682_n-1024x768.jpg\" alt=\"\" class=\"wp-image-221900\" srcset=\"https:\/\/radioljubuski.ba\/wp-content\/uploads\/2025\/10\/571555372_18329429116210707_1961319590675893682_n-1024x768.jpg 1024w, https:\/\/radioljubuski.ba\/wp-content\/uploads\/2025\/10\/571555372_18329429116210707_1961319590675893682_n-300x225.jpg 300w, https:\/\/radioljubuski.ba\/wp-content\/uploads\/2025\/10\/571555372_18329429116210707_1961319590675893682_n-768x576.jpg 768w, https:\/\/radioljubuski.ba\/wp-content\/uploads\/2025\/10\/571555372_18329429116210707_1961319590675893682_n-16x12.jpg 16w, https:\/\/radioljubuski.ba\/wp-content\/uploads\/2025\/10\/571555372_18329429116210707_1961319590675893682_n.jpg 1440w\" sizes=\"auto, (max-width: 1024px) 100vw, 1024px\" \/><\/figure>\n\n\n\n<p><strong>BOKS<\/strong><\/p>\n\n\n\n<p>U subotu i nedjelju 25. i 26. listopada 2025.godine u Mostaru je odr\u017eano Federalno prvenstvo u olimpijskom boksu, a ujedno i me\u0111unarodni turnir \u201cAdis Spahi\u0107\u201d.<\/p>\n\n\n\n<p>Na Federalnom prvenstvu kao i na me\u0111unarodnom turniru, Boksa\u010dki klub Ljubu\u0161ki sudjelovao je s dva boksa\u010da. Za klub su boksali <strong>Leon Vranje\u0161 i Luka Bili\u0107.<\/strong><\/p>\n\n\n\n<p>Leon Vranje\u0161 je u bantam kategoriji osvojio prvo mjesto i zlatnu medalju, a Luka Bili\u0107 je u polusrednjoj kategoriji do 71.kg izgubio borbu, zauzeo tre\u0107e mjesto i osvojio bron\u010danu medalju. Osim nastupa ljubu\u0161kih boksa\u010da koji su ostvarili odli\u010dne rezultate, trener Miro Jerkovi\u0107 je bio izabran za predsjednika \u017eirija i sudjelovao u dodjeli diploma.<\/p>\n\n\n\n<figure class=\"wp-block-image size-large\"><img loading=\"lazy\" decoding=\"async\" width=\"768\" height=\"1024\" src=\"https:\/\/radioljubuski.ba\/wp-content\/uploads\/2025\/10\/69c9568e-e3c8-45bf-9e69-dc3252d5d18e-768x1024.jpeg\" alt=\"\" class=\"wp-image-221895\" srcset=\"https:\/\/radioljubuski.ba\/wp-content\/uploads\/2025\/10\/69c9568e-e3c8-45bf-9e69-dc3252d5d18e-768x1024.jpeg 768w, https:\/\/radioljubuski.ba\/wp-content\/uploads\/2025\/10\/69c9568e-e3c8-45bf-9e69-dc3252d5d18e-225x300.jpeg 225w, https:\/\/radioljubuski.ba\/wp-content\/uploads\/2025\/10\/69c9568e-e3c8-45bf-9e69-dc3252d5d18e-1152x1536.jpeg 1152w, https:\/\/radioljubuski.ba\/wp-content\/uploads\/2025\/10\/69c9568e-e3c8-45bf-9e69-dc3252d5d18e-9x12.jpeg 9w, https:\/\/radioljubuski.ba\/wp-content\/uploads\/2025\/10\/69c9568e-e3c8-45bf-9e69-dc3252d5d18e.jpeg 1200w\" sizes=\"auto, (max-width: 768px) 100vw, 768px\" \/><\/figure>\n\n\n\n<figure class=\"wp-block-image size-large\"><img loading=\"lazy\" decoding=\"async\" width=\"768\" height=\"1024\" src=\"https:\/\/radioljubuski.ba\/wp-content\/uploads\/2025\/10\/96906daf-149e-4e46-9889-cb9a56d1c509-768x1024.jpeg\" alt=\"\" class=\"wp-image-221896\" srcset=\"https:\/\/radioljubuski.ba\/wp-content\/uploads\/2025\/10\/96906daf-149e-4e46-9889-cb9a56d1c509-768x1024.jpeg 768w, https:\/\/radioljubuski.ba\/wp-content\/uploads\/2025\/10\/96906daf-149e-4e46-9889-cb9a56d1c509-225x300.jpeg 225w, https:\/\/radioljubuski.ba\/wp-content\/uploads\/2025\/10\/96906daf-149e-4e46-9889-cb9a56d1c509-1152x1536.jpeg 1152w, https:\/\/radioljubuski.ba\/wp-content\/uploads\/2025\/10\/96906daf-149e-4e46-9889-cb9a56d1c509-9x12.jpeg 9w, https:\/\/radioljubuski.ba\/wp-content\/uploads\/2025\/10\/96906daf-149e-4e46-9889-cb9a56d1c509.jpeg 1200w\" sizes=\"auto, (max-width: 768px) 100vw, 768px\" \/><\/figure>\n\n\n\n<figure class=\"wp-block-image size-large\"><img loading=\"lazy\" decoding=\"async\" width=\"768\" height=\"1024\" src=\"https:\/\/radioljubuski.ba\/wp-content\/uploads\/2025\/10\/530ecc42-31e2-4c6c-9608-8eac14976d17-768x1024.jpeg\" alt=\"\" class=\"wp-image-221897\" srcset=\"https:\/\/radioljubuski.ba\/wp-content\/uploads\/2025\/10\/530ecc42-31e2-4c6c-9608-8eac14976d17-768x1024.jpeg 768w, https:\/\/radioljubuski.ba\/wp-content\/uploads\/2025\/10\/530ecc42-31e2-4c6c-9608-8eac14976d17-225x300.jpeg 225w, https:\/\/radioljubuski.ba\/wp-content\/uploads\/2025\/10\/530ecc42-31e2-4c6c-9608-8eac14976d17-1152x1536.jpeg 1152w, https:\/\/radioljubuski.ba\/wp-content\/uploads\/2025\/10\/530ecc42-31e2-4c6c-9608-8eac14976d17-9x12.jpeg 9w, https:\/\/radioljubuski.ba\/wp-content\/uploads\/2025\/10\/530ecc42-31e2-4c6c-9608-8eac14976d17.jpeg 1200w\" sizes=\"auto, (max-width: 768px) 100vw, 768px\" \/><\/figure>\n\n\n\n<p><strong>TR\u010cANJE \/LJUBU\u0160KI TR\u010cI<\/strong><\/p>\n\n\n\n<h1 class=\"wp-block-heading\">Ljubu\u0161ki trka\u010di uspje\u0161ni u Dubrovniku i Makarskoj<\/h1>\n\n\n\n<p>Iza \u010dlanova trka\u010dke zajednice Ljubu\u0161ki tr\u010di jo\u0161 je jedan uspje\u0161an i ispunjen sportski vikend. Na\u0161i su predstavnici sudjelovali na dvije zahtjevne utrke \u2013 Spartan Trail u Dubrovniku i Apfel Arena Half Marathon u Makarskoj, te ostvarili izvrsne rezultate u iznimno jakoj me\u0111unarodnoj konkurenciji.<\/p>\n\n\n\n<h2 class=\"wp-block-heading\">Spektakl na Sr\u0111u \u2013 Spartan Trail Dubrovnik<\/h2>\n\n\n\n<p>Dubrovnik je proteklog vikenda bio doma\u0107in spektakularne utrke Spartan Trail, koja je okupila natjecatelje iz \u010dak 22 zemlje svijeta. Na izazovnoj stazi dugoj 24 kilometra s vi\u0161e od 1200 metara visinske razlike, na\u0161i su predstavnici hrabro odradili utrku i zabilje\u017eili zapa\u017eene plasmane.<\/p>\n\n\n\n<p>U mu\u0161koj konkurenciji:<br>&#8211; Damjan \u0160arac zauzeo je 17. mjesto s vremenom 3:04,<br>&#8211; Robert Hod\u017ei\u0107 zavr\u0161io je 26. s vremenom 3:34,<br>me\u0111u ukupno 110 natjecatelja koji su uspje\u0161no savladali zahtjevni teren Sr\u0111a i okolice.<\/p>\n\n\n\n<p>Organizatori su istaknuli kako je ovogodi\u0161nji Spartan Trail donio najja\u010du konkurenciju do sada, a kombinacija mora, planine i povijesnih kulisa Dubrovnika u\u010dinila je ovu utrku nezaboravnim sportskim doga\u0111ajem.<\/p>\n\n\n\n<figure class=\"wp-block-gallery has-nested-images columns-default is-cropped wp-block-gallery-1 is-layout-flex wp-block-gallery-is-layout-flex\">\n<figure class=\"wp-block-image size-large\"><img loading=\"lazy\" decoding=\"async\" width=\"1024\" height=\"683\" data-id=\"221928\" src=\"https:\/\/radioljubuski.ba\/wp-content\/uploads\/2025\/10\/robo-1024x683.jpg\" alt=\"\" class=\"wp-image-221928\" srcset=\"https:\/\/radioljubuski.ba\/wp-content\/uploads\/2025\/10\/robo-1024x683.jpg 1024w, https:\/\/radioljubuski.ba\/wp-content\/uploads\/2025\/10\/robo-300x200.jpg 300w, https:\/\/radioljubuski.ba\/wp-content\/uploads\/2025\/10\/robo-768x512.jpg 768w, https:\/\/radioljubuski.ba\/wp-content\/uploads\/2025\/10\/robo-1536x1024.jpg 1536w, https:\/\/radioljubuski.ba\/wp-content\/uploads\/2025\/10\/robo-18x12.jpg 18w, https:\/\/radioljubuski.ba\/wp-content\/uploads\/2025\/10\/robo.jpg 2048w\" sizes=\"auto, (max-width: 1024px) 100vw, 1024px\" \/><\/figure>\n<\/figure>\n\n\n<div class=\"wp-block-image\">\n<figure class=\"aligncenter size-large\"><img loading=\"lazy\" decoding=\"async\" width=\"576\" height=\"1024\" src=\"https:\/\/radioljubuski.ba\/wp-content\/uploads\/2025\/10\/damjan-i-robo-576x1024.jpg\" alt=\"\" class=\"wp-image-221930\" srcset=\"https:\/\/radioljubuski.ba\/wp-content\/uploads\/2025\/10\/damjan-i-robo-576x1024.jpg 576w, https:\/\/radioljubuski.ba\/wp-content\/uploads\/2025\/10\/damjan-i-robo-169x300.jpg 169w, https:\/\/radioljubuski.ba\/wp-content\/uploads\/2025\/10\/damjan-i-robo-768x1365.jpg 768w, https:\/\/radioljubuski.ba\/wp-content\/uploads\/2025\/10\/damjan-i-robo-864x1536.jpg 864w, https:\/\/radioljubuski.ba\/wp-content\/uploads\/2025\/10\/damjan-i-robo-7x12.jpg 7w, https:\/\/radioljubuski.ba\/wp-content\/uploads\/2025\/10\/damjan-i-robo.jpg 1152w\" sizes=\"auto, (max-width: 576px) 100vw, 576px\" \/><\/figure>\n<\/div>\n\n\n<h2 class=\"wp-block-heading\">Makarska ugostila tisu\u0107e trka\u010da<\/h2>\n\n\n\n<p>Istodobno, u Makarskoj se odr\u017eao Apfel Arena Half Marathon, koji je okupio vi\u0161e od 1500 sudionika svih dobnih skupina iz 30 zemalja. U mu\u0161koj konkurenciji na polumaratonskoj stazi nastupila su dva predstavnika iz Ljubu\u0161kog, u \u017eenskoj \u0161tafeti i jedna dama.<\/p>\n\n\n<div class=\"wp-block-image\">\n<figure class=\"aligncenter size-large\"><img loading=\"lazy\" decoding=\"async\" width=\"722\" height=\"1024\" src=\"https:\/\/radioljubuski.ba\/wp-content\/uploads\/2025\/10\/ante-722x1024.jpg\" alt=\"\" class=\"wp-image-221931\" srcset=\"https:\/\/radioljubuski.ba\/wp-content\/uploads\/2025\/10\/ante-722x1024.jpg 722w, https:\/\/radioljubuski.ba\/wp-content\/uploads\/2025\/10\/ante-211x300.jpg 211w, https:\/\/radioljubuski.ba\/wp-content\/uploads\/2025\/10\/ante-768x1090.jpg 768w, https:\/\/radioljubuski.ba\/wp-content\/uploads\/2025\/10\/ante-1082x1536.jpg 1082w, https:\/\/radioljubuski.ba\/wp-content\/uploads\/2025\/10\/ante-8x12.jpg 8w, https:\/\/radioljubuski.ba\/wp-content\/uploads\/2025\/10\/ante.jpg 1443w\" sizes=\"auto, (max-width: 722px) 100vw, 722px\" \/><\/figure>\n<\/div>\n\n\n<p>&#8211; Ante Pokraj\u010di\u0107 osvojio je 4. mjesto ukupno s vremenom 1:17:22, zaostav\u0161i tek \u010detiri sekunde za tre\u0107eplasiranim, te je zauzeo 2. mjesto u svojoj dobnoj kategoriji.<br>&#8211; Samir Sadikovi\u0107 \u2013 Maha stigao je na cilj kao 36. s vremenom 1:44:21, tako\u0111er osvajaju\u0107i 2. mjesto u dobnoj kategoriji.<br>&#8211; Monika Tadi\u0107 (Vi\u0161tica), \u010dlanica AK FIT-a, slavila je prvo mjesto u \u017eenskoj \u0161tafeti, \u010dime je dodatno zaokru\u017eila sjajan dan za ljubu\u0161ke trka\u010de.<\/p>\n\n\n<div class=\"wp-block-image\">\n<figure class=\"aligncenter size-large is-resized\"><img loading=\"lazy\" decoding=\"async\" width=\"786\" height=\"1024\" src=\"https:\/\/radioljubuski.ba\/wp-content\/uploads\/2025\/10\/semir-1-786x1024.jpg\" alt=\"\" class=\"wp-image-221932\" style=\"width:614px;height:auto\" srcset=\"https:\/\/radioljubuski.ba\/wp-content\/uploads\/2025\/10\/semir-1-786x1024.jpg 786w, https:\/\/radioljubuski.ba\/wp-content\/uploads\/2025\/10\/semir-1-230x300.jpg 230w, https:\/\/radioljubuski.ba\/wp-content\/uploads\/2025\/10\/semir-1-768x1001.jpg 768w, https:\/\/radioljubuski.ba\/wp-content\/uploads\/2025\/10\/semir-1-1179x1536.jpg 1179w, https:\/\/radioljubuski.ba\/wp-content\/uploads\/2025\/10\/semir-1-9x12.jpg 9w, https:\/\/radioljubuski.ba\/wp-content\/uploads\/2025\/10\/semir-1.jpg 1572w\" sizes=\"auto, (max-width: 786px) 100vw, 786px\" \/><\/figure>\n<\/div>\n\n\n<figure class=\"wp-block-image size-large\"><img loading=\"lazy\" decoding=\"async\" width=\"1024\" height=\"768\" src=\"https:\/\/radioljubuski.ba\/wp-content\/uploads\/2025\/10\/cure-1024x768.jpg\" alt=\"\" class=\"wp-image-221933\" srcset=\"https:\/\/radioljubuski.ba\/wp-content\/uploads\/2025\/10\/cure-1024x768.jpg 1024w, https:\/\/radioljubuski.ba\/wp-content\/uploads\/2025\/10\/cure-300x225.jpg 300w, https:\/\/radioljubuski.ba\/wp-content\/uploads\/2025\/10\/cure-768x576.jpg 768w, https:\/\/radioljubuski.ba\/wp-content\/uploads\/2025\/10\/cure-1536x1152.jpg 1536w, https:\/\/radioljubuski.ba\/wp-content\/uploads\/2025\/10\/cure-16x12.jpg 16w, https:\/\/radioljubuski.ba\/wp-content\/uploads\/2025\/10\/cure.jpg 2048w\" sizes=\"auto, (max-width: 1024px) 100vw, 1024px\" \/><\/figure>\n\n\n\n<p><br><br>\u201ePonosni smo na svaki prije\u0111eni kilometar i na sve na\u0161e \u010dlanove koji na najljep\u0161i na\u010din predstavljaju Ljubu\u0161ki na doma\u0107im i me\u0111unarodnim utrkama\u201c, poru\u010dili su iz udruge Ljubu\u0161ki tr\u010di.<br><br><\/p>\n\n\n\n<p>Radio Ljubu\u0161ki<\/p>\n","protected":false},"excerpt":{"rendered":"<p>Iza ljubu\u0161kih sportskih klubova je vrlo uspje\u0161an vikend. Rukometa\u0161i Izvi\u0111a\u010da su u subotu na doma\u0107em parketu svladali Slogu iz Doboja rezultatom 35:33, druga mom\u010dad \u201eSkauta\u201c je slavila kod Sloge u Gornjem Vakufu\/Uskoplju s 27:26, nogometa\u0161i Ljubu\u0161kog su u Grudama slavili protiv istoimenog doma\u0107ina s 3:0, odbojka\u0161ice Libera su u Tomislavgradu ostvarile dvije pobjede i poraz, [&hellip;]<\/p>\n","protected":false},"author":2,"featured_media":221904,"comment_status":"closed","ping_status":"closed","sticky":false,"template":"","format":"standard","meta":{"h5ap_radio_sources":[],"footnotes":""},"categories":[3,7],"tags":[],"class_list":["post-221892","post","type-post","status-publish","format-standard","has-post-thumbnail","hentry","category-ljubuski","category-sport"],"yoast_head":"<!-- This site is optimized with the Yoast SEO plugin v27.5 - https:\/\/yoast.com\/product\/yoast-seo-wordpress\/ -->\n<title>Pobjede rukometa\u0161a Izvi\u0111a\u010d Agrama, Izvi\u0111a\u010da 2, nogometa\u0161a Ljubu\u0161kog, odbojka\u0161ica Libera, mla\u0111ih kategorija Izvi\u0111a\u010da i ko\u0161arka\u0161a Ljubu\u0161kog, uspje\u0161an nastup boksa\u010da Ljubu\u0161kog, a trka\u010di uspje\u0161ni u Dubrovniku i Makarskoj - RADIO LJUBU\u0160KI<\/title>\n<meta name=\"robots\" content=\"index, follow, max-snippet:-1, max-image-preview:large, max-video-preview:-1\" \/>\n<link rel=\"canonical\" href=\"https:\/\/radioljubuski.ba\/index.php\/2025\/10\/27\/pobjede-rukometasa-izvidac-agrama-izvidaca-2-nogometasa-ljubuskog-odbojkasica-libera-mladih-kategorija-izvidaca-i-kosarkasa-ljubuskog-te-uspjesan-nastup-boksaca-ljubuskog\/\" \/>\n<meta property=\"og:locale\" content=\"hr_HR\" \/>\n<meta property=\"og:type\" content=\"article\" \/>\n<meta property=\"og:title\" content=\"Pobjede rukometa\u0161a Izvi\u0111a\u010d Agrama, Izvi\u0111a\u010da 2, nogometa\u0161a Ljubu\u0161kog, odbojka\u0161ica Libera, mla\u0111ih kategorija Izvi\u0111a\u010da i ko\u0161arka\u0161a Ljubu\u0161kog, uspje\u0161an nastup boksa\u010da Ljubu\u0161kog, a trka\u010di uspje\u0161ni u Dubrovniku i Makarskoj - RADIO LJUBU\u0160KI\" \/>\n<meta property=\"og:description\" content=\"Iza ljubu\u0161kih sportskih klubova je vrlo uspje\u0161an vikend. Rukometa\u0161i Izvi\u0111a\u010da su u subotu na doma\u0107em parketu svladali Slogu iz Doboja rezultatom 35:33, druga mom\u010dad \u201eSkauta\u201c je slavila kod Sloge u Gornjem Vakufu\/Uskoplju s 27:26, nogometa\u0161i Ljubu\u0161kog su u Grudama slavili protiv istoimenog doma\u0107ina s 3:0, odbojka\u0161ice Libera su u Tomislavgradu ostvarile dvije pobjede i poraz, [&hellip;]\" \/>\n<meta property=\"og:url\" content=\"https:\/\/radioljubuski.ba\/index.php\/2025\/10\/27\/pobjede-rukometasa-izvidac-agrama-izvidaca-2-nogometasa-ljubuskog-odbojkasica-libera-mladih-kategorija-izvidaca-i-kosarkasa-ljubuskog-te-uspjesan-nastup-boksaca-ljubuskog\/\" \/>\n<meta property=\"og:site_name\" content=\"RADIO LJUBU\u0160KI\" \/>\n<meta property=\"article:publisher\" content=\"https:\/\/www.facebook.com\/Radiio-Ljubuski-1490835324566332\" \/>\n<meta property=\"article:published_time\" content=\"2025-10-27T10:35:26+00:00\" \/>\n<meta property=\"article:modified_time\" content=\"2025-10-31T07:23:43+00:00\" \/>\n<meta property=\"og:image\" content=\"https:\/\/radioljubuski.ba\/wp-content\/uploads\/2025\/10\/sportske-novosti-3.png\" \/>\n\t<meta property=\"og:image:width\" content=\"808\" \/>\n\t<meta property=\"og:image:height\" content=\"699\" \/>\n\t<meta property=\"og:image:type\" content=\"image\/png\" \/>\n<meta name=\"author\" content=\"Radio Ljubu\u0161ki\" \/>\n<meta name=\"twitter:card\" content=\"summary_large_image\" \/>\n<meta name=\"twitter:creator\" content=\"@radioljubuski\" \/>\n<meta name=\"twitter:site\" content=\"@radioljubuski\" \/>\n<meta name=\"twitter:label1\" content=\"Napisao\/la\" \/>\n\t<meta name=\"twitter:data1\" content=\"Radio Ljubu\u0161ki\" \/>\n\t<meta name=\"twitter:label2\" content=\"Procijenjeno vrijeme \u010ditanja\" \/>\n\t<meta name=\"twitter:data2\" content=\"11 minuta\" \/>\n<script type=\"application\/ld+json\" class=\"yoast-schema-graph\">{\"@context\":\"https:\\\/\\\/schema.org\",\"@graph\":[{\"@type\":\"Article\",\"@id\":\"https:\\\/\\\/radioljubuski.ba\\\/index.php\\\/2025\\\/10\\\/27\\\/pobjede-rukometasa-izvidac-agrama-izvidaca-2-nogometasa-ljubuskog-odbojkasica-libera-mladih-kategorija-izvidaca-i-kosarkasa-ljubuskog-te-uspjesan-nastup-boksaca-ljubuskog\\\/#article\",\"isPartOf\":{\"@id\":\"https:\\\/\\\/radioljubuski.ba\\\/index.php\\\/2025\\\/10\\\/27\\\/pobjede-rukometasa-izvidac-agrama-izvidaca-2-nogometasa-ljubuskog-odbojkasica-libera-mladih-kategorija-izvidaca-i-kosarkasa-ljubuskog-te-uspjesan-nastup-boksaca-ljubuskog\\\/\"},\"author\":{\"name\":\"Radio Ljubu\u0161ki\",\"@id\":\"https:\\\/\\\/radioljubuski.ba\\\/#\\\/schema\\\/person\\\/19fc700381a780f69665d7956c469e3b\"},\"headline\":\"Pobjede rukometa\u0161a Izvi\u0111a\u010d Agrama, Izvi\u0111a\u010da 2, nogometa\u0161a Ljubu\u0161kog, odbojka\u0161ica Libera, mla\u0111ih kategorija Izvi\u0111a\u010da i ko\u0161arka\u0161a Ljubu\u0161kog, uspje\u0161an nastup boksa\u010da Ljubu\u0161kog, a trka\u010di uspje\u0161ni u Dubrovniku i Makarskoj\",\"datePublished\":\"2025-10-27T10:35:26+00:00\",\"dateModified\":\"2025-10-31T07:23:43+00:00\",\"mainEntityOfPage\":{\"@id\":\"https:\\\/\\\/radioljubuski.ba\\\/index.php\\\/2025\\\/10\\\/27\\\/pobjede-rukometasa-izvidac-agrama-izvidaca-2-nogometasa-ljubuskog-odbojkasica-libera-mladih-kategorija-izvidaca-i-kosarkasa-ljubuskog-te-uspjesan-nastup-boksaca-ljubuskog\\\/\"},\"wordCount\":1450,\"publisher\":{\"@id\":\"https:\\\/\\\/radioljubuski.ba\\\/#organization\"},\"image\":{\"@id\":\"https:\\\/\\\/radioljubuski.ba\\\/index.php\\\/2025\\\/10\\\/27\\\/pobjede-rukometasa-izvidac-agrama-izvidaca-2-nogometasa-ljubuskog-odbojkasica-libera-mladih-kategorija-izvidaca-i-kosarkasa-ljubuskog-te-uspjesan-nastup-boksaca-ljubuskog\\\/#primaryimage\"},\"thumbnailUrl\":\"https:\\\/\\\/radioljubuski.ba\\\/wp-content\\\/uploads\\\/2025\\\/10\\\/sportske-novosti-3.png\",\"articleSection\":[\"Ljubu\u0161ki\",\"\u0160port\"],\"inLanguage\":\"hr\"},{\"@type\":\"WebPage\",\"@id\":\"https:\\\/\\\/radioljubuski.ba\\\/index.php\\\/2025\\\/10\\\/27\\\/pobjede-rukometasa-izvidac-agrama-izvidaca-2-nogometasa-ljubuskog-odbojkasica-libera-mladih-kategorija-izvidaca-i-kosarkasa-ljubuskog-te-uspjesan-nastup-boksaca-ljubuskog\\\/\",\"url\":\"https:\\\/\\\/radioljubuski.ba\\\/index.php\\\/2025\\\/10\\\/27\\\/pobjede-rukometasa-izvidac-agrama-izvidaca-2-nogometasa-ljubuskog-odbojkasica-libera-mladih-kategorija-izvidaca-i-kosarkasa-ljubuskog-te-uspjesan-nastup-boksaca-ljubuskog\\\/\",\"name\":\"Pobjede rukometa\u0161a Izvi\u0111a\u010d Agrama, Izvi\u0111a\u010da 2, nogometa\u0161a Ljubu\u0161kog, odbojka\u0161ica Libera, mla\u0111ih kategorija Izvi\u0111a\u010da i ko\u0161arka\u0161a Ljubu\u0161kog, uspje\u0161an nastup boksa\u010da Ljubu\u0161kog, a trka\u010di uspje\u0161ni u Dubrovniku i Makarskoj - RADIO LJUBU\u0160KI\",\"isPartOf\":{\"@id\":\"https:\\\/\\\/radioljubuski.ba\\\/#website\"},\"primaryImageOfPage\":{\"@id\":\"https:\\\/\\\/radioljubuski.ba\\\/index.php\\\/2025\\\/10\\\/27\\\/pobjede-rukometasa-izvidac-agrama-izvidaca-2-nogometasa-ljubuskog-odbojkasica-libera-mladih-kategorija-izvidaca-i-kosarkasa-ljubuskog-te-uspjesan-nastup-boksaca-ljubuskog\\\/#primaryimage\"},\"image\":{\"@id\":\"https:\\\/\\\/radioljubuski.ba\\\/index.php\\\/2025\\\/10\\\/27\\\/pobjede-rukometasa-izvidac-agrama-izvidaca-2-nogometasa-ljubuskog-odbojkasica-libera-mladih-kategorija-izvidaca-i-kosarkasa-ljubuskog-te-uspjesan-nastup-boksaca-ljubuskog\\\/#primaryimage\"},\"thumbnailUrl\":\"https:\\\/\\\/radioljubuski.ba\\\/wp-content\\\/uploads\\\/2025\\\/10\\\/sportske-novosti-3.png\",\"datePublished\":\"2025-10-27T10:35:26+00:00\",\"dateModified\":\"2025-10-31T07:23:43+00:00\",\"breadcrumb\":{\"@id\":\"https:\\\/\\\/radioljubuski.ba\\\/index.php\\\/2025\\\/10\\\/27\\\/pobjede-rukometasa-izvidac-agrama-izvidaca-2-nogometasa-ljubuskog-odbojkasica-libera-mladih-kategorija-izvidaca-i-kosarkasa-ljubuskog-te-uspjesan-nastup-boksaca-ljubuskog\\\/#breadcrumb\"},\"inLanguage\":\"hr\",\"potentialAction\":[{\"@type\":\"ReadAction\",\"target\":[\"https:\\\/\\\/radioljubuski.ba\\\/index.php\\\/2025\\\/10\\\/27\\\/pobjede-rukometasa-izvidac-agrama-izvidaca-2-nogometasa-ljubuskog-odbojkasica-libera-mladih-kategorija-izvidaca-i-kosarkasa-ljubuskog-te-uspjesan-nastup-boksaca-ljubuskog\\\/\"]}]},{\"@type\":\"ImageObject\",\"inLanguage\":\"hr\",\"@id\":\"https:\\\/\\\/radioljubuski.ba\\\/index.php\\\/2025\\\/10\\\/27\\\/pobjede-rukometasa-izvidac-agrama-izvidaca-2-nogometasa-ljubuskog-odbojkasica-libera-mladih-kategorija-izvidaca-i-kosarkasa-ljubuskog-te-uspjesan-nastup-boksaca-ljubuskog\\\/#primaryimage\",\"url\":\"https:\\\/\\\/radioljubuski.ba\\\/wp-content\\\/uploads\\\/2025\\\/10\\\/sportske-novosti-3.png\",\"contentUrl\":\"https:\\\/\\\/radioljubuski.ba\\\/wp-content\\\/uploads\\\/2025\\\/10\\\/sportske-novosti-3.png\",\"width\":808,\"height\":699},{\"@type\":\"BreadcrumbList\",\"@id\":\"https:\\\/\\\/radioljubuski.ba\\\/index.php\\\/2025\\\/10\\\/27\\\/pobjede-rukometasa-izvidac-agrama-izvidaca-2-nogometasa-ljubuskog-odbojkasica-libera-mladih-kategorija-izvidaca-i-kosarkasa-ljubuskog-te-uspjesan-nastup-boksaca-ljubuskog\\\/#breadcrumb\",\"itemListElement\":[{\"@type\":\"ListItem\",\"position\":1,\"name\":\"Po\u010detna stranica\",\"item\":\"https:\\\/\\\/radioljubuski.ba\\\/\"},{\"@type\":\"ListItem\",\"position\":2,\"name\":\"Pobjede rukometa\u0161a Izvi\u0111a\u010d Agrama, Izvi\u0111a\u010da 2, nogometa\u0161a Ljubu\u0161kog, odbojka\u0161ica Libera, mla\u0111ih kategorija Izvi\u0111a\u010da i ko\u0161arka\u0161a Ljubu\u0161kog, uspje\u0161an nastup boksa\u010da Ljubu\u0161kog, a trka\u010di uspje\u0161ni u Dubrovniku i Makarskoj\"}]},{\"@type\":\"WebSite\",\"@id\":\"https:\\\/\\\/radioljubuski.ba\\\/#website\",\"url\":\"https:\\\/\\\/radioljubuski.ba\\\/\",\"name\":\"Radio Ljubu\u0161ki\",\"description\":\"Sun\u010dana frekvencija Hercegovine\",\"publisher\":{\"@id\":\"https:\\\/\\\/radioljubuski.ba\\\/#organization\"},\"potentialAction\":[{\"@type\":\"SearchAction\",\"target\":{\"@type\":\"EntryPoint\",\"urlTemplate\":\"https:\\\/\\\/radioljubuski.ba\\\/?s={search_term_string}\"},\"query-input\":{\"@type\":\"PropertyValueSpecification\",\"valueRequired\":true,\"valueName\":\"search_term_string\"}}],\"inLanguage\":\"hr\"},{\"@type\":\"Organization\",\"@id\":\"https:\\\/\\\/radioljubuski.ba\\\/#organization\",\"name\":\"Radio Ljubu\u0161ki\",\"url\":\"https:\\\/\\\/radioljubuski.ba\\\/\",\"logo\":{\"@type\":\"ImageObject\",\"inLanguage\":\"hr\",\"@id\":\"https:\\\/\\\/radioljubuski.ba\\\/#\\\/schema\\\/logo\\\/image\\\/\",\"url\":\"https:\\\/\\\/radioljubuski.ba\\\/wp-content\\\/uploads\\\/2021\\\/02\\\/cropped-Radio_Ljubuski_logo1.jpg\",\"contentUrl\":\"https:\\\/\\\/radioljubuski.ba\\\/wp-content\\\/uploads\\\/2021\\\/02\\\/cropped-Radio_Ljubuski_logo1.jpg\",\"width\":512,\"height\":512,\"caption\":\"Radio Ljubu\u0161ki\"},\"image\":{\"@id\":\"https:\\\/\\\/radioljubuski.ba\\\/#\\\/schema\\\/logo\\\/image\\\/\"},\"sameAs\":[\"https:\\\/\\\/www.facebook.com\\\/Radiio-Ljubuski-1490835324566332\",\"https:\\\/\\\/x.com\\\/radioljubuski\",\"https:\\\/\\\/hr.linkedin.com\\\/company\\\/radio-ljubuski\",\"https:\\\/\\\/www.youtube.com\\\/channel\\\/UCHYaeO_n0Db3tjNGudGpXyw\"]},{\"@type\":\"Person\",\"@id\":\"https:\\\/\\\/radioljubuski.ba\\\/#\\\/schema\\\/person\\\/19fc700381a780f69665d7956c469e3b\",\"name\":\"Radio Ljubu\u0161ki\"}]}<\/script>\n<!-- \/ Yoast SEO plugin. -->","yoast_head_json":{"title":"Pobjede rukometa\u0161a Izvi\u0111a\u010d Agrama, Izvi\u0111a\u010da 2, nogometa\u0161a Ljubu\u0161kog, odbojka\u0161ica Libera, mla\u0111ih kategorija Izvi\u0111a\u010da i ko\u0161arka\u0161a Ljubu\u0161kog, uspje\u0161an nastup boksa\u010da Ljubu\u0161kog, a trka\u010di uspje\u0161ni u Dubrovniku i Makarskoj - RADIO LJUBU\u0160KI","robots":{"index":"index","follow":"follow","max-snippet":"max-snippet:-1","max-image-preview":"max-image-preview:large","max-video-preview":"max-video-preview:-1"},"canonical":"https:\/\/radioljubuski.ba\/index.php\/2025\/10\/27\/pobjede-rukometasa-izvidac-agrama-izvidaca-2-nogometasa-ljubuskog-odbojkasica-libera-mladih-kategorija-izvidaca-i-kosarkasa-ljubuskog-te-uspjesan-nastup-boksaca-ljubuskog\/","og_locale":"hr_HR","og_type":"article","og_title":"Pobjede rukometa\u0161a Izvi\u0111a\u010d Agrama, Izvi\u0111a\u010da 2, nogometa\u0161a Ljubu\u0161kog, odbojka\u0161ica Libera, mla\u0111ih kategorija Izvi\u0111a\u010da i ko\u0161arka\u0161a Ljubu\u0161kog, uspje\u0161an nastup boksa\u010da Ljubu\u0161kog, a trka\u010di uspje\u0161ni u Dubrovniku i Makarskoj - RADIO LJUBU\u0160KI","og_description":"Iza ljubu\u0161kih sportskih klubova je vrlo uspje\u0161an vikend. Rukometa\u0161i Izvi\u0111a\u010da su u subotu na doma\u0107em parketu svladali Slogu iz Doboja rezultatom 35:33, druga mom\u010dad \u201eSkauta\u201c je slavila kod Sloge u Gornjem Vakufu\/Uskoplju s 27:26, nogometa\u0161i Ljubu\u0161kog su u Grudama slavili protiv istoimenog doma\u0107ina s 3:0, odbojka\u0161ice Libera su u Tomislavgradu ostvarile dvije pobjede i poraz, [&hellip;]","og_url":"https:\/\/radioljubuski.ba\/index.php\/2025\/10\/27\/pobjede-rukometasa-izvidac-agrama-izvidaca-2-nogometasa-ljubuskog-odbojkasica-libera-mladih-kategorija-izvidaca-i-kosarkasa-ljubuskog-te-uspjesan-nastup-boksaca-ljubuskog\/","og_site_name":"RADIO LJUBU\u0160KI","article_publisher":"https:\/\/www.facebook.com\/Radiio-Ljubuski-1490835324566332","article_published_time":"2025-10-27T10:35:26+00:00","article_modified_time":"2025-10-31T07:23:43+00:00","og_image":[{"width":808,"height":699,"url":"https:\/\/radioljubuski.ba\/wp-content\/uploads\/2025\/10\/sportske-novosti-3.png","type":"image\/png"}],"author":"Radio Ljubu\u0161ki","twitter_card":"summary_large_image","twitter_creator":"@radioljubuski","twitter_site":"@radioljubuski","twitter_misc":{"Napisao\/la":"Radio Ljubu\u0161ki","Procijenjeno vrijeme \u010ditanja":"11 minuta"},"schema":{"@context":"https:\/\/schema.org","@graph":[{"@type":"Article","@id":"https:\/\/radioljubuski.ba\/index.php\/2025\/10\/27\/pobjede-rukometasa-izvidac-agrama-izvidaca-2-nogometasa-ljubuskog-odbojkasica-libera-mladih-kategorija-izvidaca-i-kosarkasa-ljubuskog-te-uspjesan-nastup-boksaca-ljubuskog\/#article","isPartOf":{"@id":"https:\/\/radioljubuski.ba\/index.php\/2025\/10\/27\/pobjede-rukometasa-izvidac-agrama-izvidaca-2-nogometasa-ljubuskog-odbojkasica-libera-mladih-kategorija-izvidaca-i-kosarkasa-ljubuskog-te-uspjesan-nastup-boksaca-ljubuskog\/"},"author":{"name":"Radio Ljubu\u0161ki","@id":"https:\/\/radioljubuski.ba\/#\/schema\/person\/19fc700381a780f69665d7956c469e3b"},"headline":"Pobjede rukometa\u0161a Izvi\u0111a\u010d Agrama, Izvi\u0111a\u010da 2, nogometa\u0161a Ljubu\u0161kog, odbojka\u0161ica Libera, mla\u0111ih kategorija Izvi\u0111a\u010da i ko\u0161arka\u0161a Ljubu\u0161kog, uspje\u0161an nastup boksa\u010da Ljubu\u0161kog, a trka\u010di uspje\u0161ni u Dubrovniku i Makarskoj","datePublished":"2025-10-27T10:35:26+00:00","dateModified":"2025-10-31T07:23:43+00:00","mainEntityOfPage":{"@id":"https:\/\/radioljubuski.ba\/index.php\/2025\/10\/27\/pobjede-rukometasa-izvidac-agrama-izvidaca-2-nogometasa-ljubuskog-odbojkasica-libera-mladih-kategorija-izvidaca-i-kosarkasa-ljubuskog-te-uspjesan-nastup-boksaca-ljubuskog\/"},"wordCount":1450,"publisher":{"@id":"https:\/\/radioljubuski.ba\/#organization"},"image":{"@id":"https:\/\/radioljubuski.ba\/index.php\/2025\/10\/27\/pobjede-rukometasa-izvidac-agrama-izvidaca-2-nogometasa-ljubuskog-odbojkasica-libera-mladih-kategorija-izvidaca-i-kosarkasa-ljubuskog-te-uspjesan-nastup-boksaca-ljubuskog\/#primaryimage"},"thumbnailUrl":"https:\/\/radioljubuski.ba\/wp-content\/uploads\/2025\/10\/sportske-novosti-3.png","articleSection":["Ljubu\u0161ki","\u0160port"],"inLanguage":"hr"},{"@type":"WebPage","@id":"https:\/\/radioljubuski.ba\/index.php\/2025\/10\/27\/pobjede-rukometasa-izvidac-agrama-izvidaca-2-nogometasa-ljubuskog-odbojkasica-libera-mladih-kategorija-izvidaca-i-kosarkasa-ljubuskog-te-uspjesan-nastup-boksaca-ljubuskog\/","url":"https:\/\/radioljubuski.ba\/index.php\/2025\/10\/27\/pobjede-rukometasa-izvidac-agrama-izvidaca-2-nogometasa-ljubuskog-odbojkasica-libera-mladih-kategorija-izvidaca-i-kosarkasa-ljubuskog-te-uspjesan-nastup-boksaca-ljubuskog\/","name":"Pobjede rukometa\u0161a Izvi\u0111a\u010d Agrama, Izvi\u0111a\u010da 2, nogometa\u0161a Ljubu\u0161kog, odbojka\u0161ica Libera, mla\u0111ih kategorija Izvi\u0111a\u010da i ko\u0161arka\u0161a Ljubu\u0161kog, uspje\u0161an nastup boksa\u010da Ljubu\u0161kog, a trka\u010di uspje\u0161ni u Dubrovniku i Makarskoj - RADIO LJUBU\u0160KI","isPartOf":{"@id":"https:\/\/radioljubuski.ba\/#website"},"primaryImageOfPage":{"@id":"https:\/\/radioljubuski.ba\/index.php\/2025\/10\/27\/pobjede-rukometasa-izvidac-agrama-izvidaca-2-nogometasa-ljubuskog-odbojkasica-libera-mladih-kategorija-izvidaca-i-kosarkasa-ljubuskog-te-uspjesan-nastup-boksaca-ljubuskog\/#primaryimage"},"image":{"@id":"https:\/\/radioljubuski.ba\/index.php\/2025\/10\/27\/pobjede-rukometasa-izvidac-agrama-izvidaca-2-nogometasa-ljubuskog-odbojkasica-libera-mladih-kategorija-izvidaca-i-kosarkasa-ljubuskog-te-uspjesan-nastup-boksaca-ljubuskog\/#primaryimage"},"thumbnailUrl":"https:\/\/radioljubuski.ba\/wp-content\/uploads\/2025\/10\/sportske-novosti-3.png","datePublished":"2025-10-27T10:35:26+00:00","dateModified":"2025-10-31T07:23:43+00:00","breadcrumb":{"@id":"https:\/\/radioljubuski.ba\/index.php\/2025\/10\/27\/pobjede-rukometasa-izvidac-agrama-izvidaca-2-nogometasa-ljubuskog-odbojkasica-libera-mladih-kategorija-izvidaca-i-kosarkasa-ljubuskog-te-uspjesan-nastup-boksaca-ljubuskog\/#breadcrumb"},"inLanguage":"hr","potentialAction":[{"@type":"ReadAction","target":["https:\/\/radioljubuski.ba\/index.php\/2025\/10\/27\/pobjede-rukometasa-izvidac-agrama-izvidaca-2-nogometasa-ljubuskog-odbojkasica-libera-mladih-kategorija-izvidaca-i-kosarkasa-ljubuskog-te-uspjesan-nastup-boksaca-ljubuskog\/"]}]},{"@type":"ImageObject","inLanguage":"hr","@id":"https:\/\/radioljubuski.ba\/index.php\/2025\/10\/27\/pobjede-rukometasa-izvidac-agrama-izvidaca-2-nogometasa-ljubuskog-odbojkasica-libera-mladih-kategorija-izvidaca-i-kosarkasa-ljubuskog-te-uspjesan-nastup-boksaca-ljubuskog\/#primaryimage","url":"https:\/\/radioljubuski.ba\/wp-content\/uploads\/2025\/10\/sportske-novosti-3.png","contentUrl":"https:\/\/radioljubuski.ba\/wp-content\/uploads\/2025\/10\/sportske-novosti-3.png","width":808,"height":699},{"@type":"BreadcrumbList","@id":"https:\/\/radioljubuski.ba\/index.php\/2025\/10\/27\/pobjede-rukometasa-izvidac-agrama-izvidaca-2-nogometasa-ljubuskog-odbojkasica-libera-mladih-kategorija-izvidaca-i-kosarkasa-ljubuskog-te-uspjesan-nastup-boksaca-ljubuskog\/#breadcrumb","itemListElement":[{"@type":"ListItem","position":1,"name":"Po\u010detna stranica","item":"https:\/\/radioljubuski.ba\/"},{"@type":"ListItem","position":2,"name":"Pobjede rukometa\u0161a Izvi\u0111a\u010d Agrama, Izvi\u0111a\u010da 2, nogometa\u0161a Ljubu\u0161kog, odbojka\u0161ica Libera, mla\u0111ih kategorija Izvi\u0111a\u010da i ko\u0161arka\u0161a Ljubu\u0161kog, uspje\u0161an nastup boksa\u010da Ljubu\u0161kog, a trka\u010di uspje\u0161ni u Dubrovniku i Makarskoj"}]},{"@type":"WebSite","@id":"https:\/\/radioljubuski.ba\/#website","url":"https:\/\/radioljubuski.ba\/","name":"Radio Ljubu\u0161ki","description":"Sun\u010dana frekvencija Hercegovine","publisher":{"@id":"https:\/\/radioljubuski.ba\/#organization"},"potentialAction":[{"@type":"SearchAction","target":{"@type":"EntryPoint","urlTemplate":"https:\/\/radioljubuski.ba\/?s={search_term_string}"},"query-input":{"@type":"PropertyValueSpecification","valueRequired":true,"valueName":"search_term_string"}}],"inLanguage":"hr"},{"@type":"Organization","@id":"https:\/\/radioljubuski.ba\/#organization","name":"Radio Ljubu\u0161ki","url":"https:\/\/radioljubuski.ba\/","logo":{"@type":"ImageObject","inLanguage":"hr","@id":"https:\/\/radioljubuski.ba\/#\/schema\/logo\/image\/","url":"https:\/\/radioljubuski.ba\/wp-content\/uploads\/2021\/02\/cropped-Radio_Ljubuski_logo1.jpg","contentUrl":"https:\/\/radioljubuski.ba\/wp-content\/uploads\/2021\/02\/cropped-Radio_Ljubuski_logo1.jpg","width":512,"height":512,"caption":"Radio Ljubu\u0161ki"},"image":{"@id":"https:\/\/radioljubuski.ba\/#\/schema\/logo\/image\/"},"sameAs":["https:\/\/www.facebook.com\/Radiio-Ljubuski-1490835324566332","https:\/\/x.com\/radioljubuski","https:\/\/hr.linkedin.com\/company\/radio-ljubuski","https:\/\/www.youtube.com\/channel\/UCHYaeO_n0Db3tjNGudGpXyw"]},{"@type":"Person","@id":"https:\/\/radioljubuski.ba\/#\/schema\/person\/19fc700381a780f69665d7956c469e3b","name":"Radio Ljubu\u0161ki"}]}},"_links":{"self":[{"href":"https:\/\/radioljubuski.ba\/index.php\/wp-json\/wp\/v2\/posts\/221892","targetHints":{"allow":["GET"]}}],"collection":[{"href":"https:\/\/radioljubuski.ba\/index.php\/wp-json\/wp\/v2\/posts"}],"about":[{"href":"https:\/\/radioljubuski.ba\/index.php\/wp-json\/wp\/v2\/types\/post"}],"author":[{"embeddable":true,"href":"https:\/\/radioljubuski.ba\/index.php\/wp-json\/wp\/v2\/users\/2"}],"replies":[{"embeddable":true,"href":"https:\/\/radioljubuski.ba\/index.php\/wp-json\/wp\/v2\/comments?post=221892"}],"version-history":[{"count":7,"href":"https:\/\/radioljubuski.ba\/index.php\/wp-json\/wp\/v2\/posts\/221892\/revisions"}],"predecessor-version":[{"id":221941,"href":"https:\/\/radioljubuski.ba\/index.php\/wp-json\/wp\/v2\/posts\/221892\/revisions\/221941"}],"wp:featuredmedia":[{"embeddable":true,"href":"https:\/\/radioljubuski.ba\/index.php\/wp-json\/wp\/v2\/media\/221904"}],"wp:attachment":[{"href":"https:\/\/radioljubuski.ba\/index.php\/wp-json\/wp\/v2\/media?parent=221892"}],"wp:term":[{"taxonomy":"category","embeddable":true,"href":"https:\/\/radioljubuski.ba\/index.php\/wp-json\/wp\/v2\/categories?post=221892"},{"taxonomy":"post_tag","embeddable":true,"href":"https:\/\/radioljubuski.ba\/index.php\/wp-json\/wp\/v2\/tags?post=221892"}],"curies":[{"name":"wp","href":"https:\/\/api.w.org\/{rel}","templated":true}]}}