{"id":221906,"date":"2025-10-27T12:34:14","date_gmt":"2025-10-27T11:34:14","guid":{"rendered":"https:\/\/radioljubuski.ba\/?p=221906"},"modified":"2025-10-27T12:34:15","modified_gmt":"2025-10-27T11:34:15","slug":"hkud-sveti-ante-humac-nastupio-na-zavrsnici-29-uskopaljskih-jeseni","status":"publish","type":"post","link":"https:\/\/radioljubuski.ba\/index.php\/2025\/10\/27\/hkud-sveti-ante-humac-nastupio-na-zavrsnici-29-uskopaljskih-jeseni\/","title":{"rendered":"HKUD \u201eSveti Ante\u201c Humac nastupio na zavr\u0161nici 29. Uskopaljskih jeseni"},"content":{"rendered":"\n<p>U nedjelju, 26. listopada 2025. godine u Gornjem Vakufu\/Uskoplju sve\u010dano je zavr\u0161ena kulturna manifestacija 29. \u201eUskopaljske jeseni\u201c, tradicionalnom smotrom folklora pod nazivom \u201eKroz Uskoplje s pjesmom\u201c. Program zavr\u0161nice po\u010deo je svetom misom u crkvi Uznesenja Bla\u017eene Djevice Marije, nastavio se sve\u010danim mimohodom sudionika, uz polaganje vijenaca i molitvom za poginule branitelje kod sredi\u0161njeg spomen obilje\u017eja hrvatskim braniteljima u Gornjem Vakufu\/Uskoplju. <\/p>\n\n\n\n<p>Na smotri koja se odr\u017eala u dvorani osnovne \u0161kole nastupila su brojna kulturno umjetni\u010dka dru\u0161tva me\u0111u kojima i Hrvatsko kulturno-umjetni\u010dko dru\u0161tvo \u201eSveti Ante\u201c Humac. Na\u0161i folklora\u0161i su svojim energi\u010dnim i dojmljivim nastupom predstavili hercegova\u010dku tradiciju pjesme, plesa i no\u0161nje, te zaslu\u017eeno dobili veliki pljesak publike.<\/p>\n\n\n\n<figure class=\"wp-block-image size-large\"><img loading=\"lazy\" decoding=\"async\" width=\"1024\" height=\"473\" src=\"https:\/\/radioljubuski.ba\/wp-content\/uploads\/2025\/10\/humac-tritri-1024x473.jpg\" alt=\"\" class=\"wp-image-221924\" srcset=\"https:\/\/radioljubuski.ba\/wp-content\/uploads\/2025\/10\/humac-tritri-1024x473.jpg 1024w, https:\/\/radioljubuski.ba\/wp-content\/uploads\/2025\/10\/humac-tritri-300x139.jpg 300w, https:\/\/radioljubuski.ba\/wp-content\/uploads\/2025\/10\/humac-tritri-768x355.jpg 768w, https:\/\/radioljubuski.ba\/wp-content\/uploads\/2025\/10\/humac-tritri-1536x710.jpg 1536w, https:\/\/radioljubuski.ba\/wp-content\/uploads\/2025\/10\/humac-tritri-2048x946.jpg 2048w, https:\/\/radioljubuski.ba\/wp-content\/uploads\/2025\/10\/humac-tritri-18x8.jpg 18w\" sizes=\"auto, (max-width: 1024px) 100vw, 1024px\" \/><\/figure>\n\n\n\n<figure class=\"wp-block-gallery has-nested-images columns-default is-cropped wp-block-gallery-1 is-layout-flex wp-block-gallery-is-layout-flex\">\n<figure class=\"wp-block-image size-large\"><img loading=\"lazy\" decoding=\"async\" width=\"1024\" height=\"683\" data-id=\"221908\" src=\"https:\/\/radioljubuski.ba\/wp-content\/uploads\/2025\/10\/sveti-anhjte-humac-2-1024x683.jpg\" alt=\"\" class=\"wp-image-221908\" srcset=\"https:\/\/radioljubuski.ba\/wp-content\/uploads\/2025\/10\/sveti-anhjte-humac-2-1024x683.jpg 1024w, https:\/\/radioljubuski.ba\/wp-content\/uploads\/2025\/10\/sveti-anhjte-humac-2-300x200.jpg 300w, https:\/\/radioljubuski.ba\/wp-content\/uploads\/2025\/10\/sveti-anhjte-humac-2-768x512.jpg 768w, https:\/\/radioljubuski.ba\/wp-content\/uploads\/2025\/10\/sveti-anhjte-humac-2-1536x1024.jpg 1536w, https:\/\/radioljubuski.ba\/wp-content\/uploads\/2025\/10\/sveti-anhjte-humac-2-18x12.jpg 18w, https:\/\/radioljubuski.ba\/wp-content\/uploads\/2025\/10\/sveti-anhjte-humac-2.jpg 1800w\" sizes=\"auto, (max-width: 1024px) 100vw, 1024px\" \/><\/figure>\n\n\n\n<figure class=\"wp-block-image size-large\"><img loading=\"lazy\" decoding=\"async\" width=\"1024\" height=\"683\" data-id=\"221909\" src=\"https:\/\/radioljubuski.ba\/wp-content\/uploads\/2025\/10\/sveti-ante-humac-1024x683.jpg\" alt=\"\" class=\"wp-image-221909\" srcset=\"https:\/\/radioljubuski.ba\/wp-content\/uploads\/2025\/10\/sveti-ante-humac-1024x683.jpg 1024w, https:\/\/radioljubuski.ba\/wp-content\/uploads\/2025\/10\/sveti-ante-humac-300x200.jpg 300w, https:\/\/radioljubuski.ba\/wp-content\/uploads\/2025\/10\/sveti-ante-humac-768x512.jpg 768w, https:\/\/radioljubuski.ba\/wp-content\/uploads\/2025\/10\/sveti-ante-humac-1536x1024.jpg 1536w, https:\/\/radioljubuski.ba\/wp-content\/uploads\/2025\/10\/sveti-ante-humac-18x12.jpg 18w, https:\/\/radioljubuski.ba\/wp-content\/uploads\/2025\/10\/sveti-ante-humac.jpg 1800w\" sizes=\"auto, (max-width: 1024px) 100vw, 1024px\" \/><\/figure>\n<\/figure>\n\n\n\n<p><br>HKUD Sveti Ante Humac na mimohodu<\/p>\n\n\n\n<figure class=\"wp-block-gallery has-nested-images columns-default is-cropped wp-block-gallery-2 is-layout-flex wp-block-gallery-is-layout-flex\">\n<figure class=\"wp-block-image size-large\"><img loading=\"lazy\" decoding=\"async\" width=\"1024\" height=\"577\" data-id=\"221910\" src=\"https:\/\/radioljubuski.ba\/wp-content\/uploads\/2025\/10\/hkud-sveti-ante-humac-5-1024x577.jpg\" alt=\"\" class=\"wp-image-221910\" srcset=\"https:\/\/radioljubuski.ba\/wp-content\/uploads\/2025\/10\/hkud-sveti-ante-humac-5-1024x577.jpg 1024w, https:\/\/radioljubuski.ba\/wp-content\/uploads\/2025\/10\/hkud-sveti-ante-humac-5-300x169.jpg 300w, https:\/\/radioljubuski.ba\/wp-content\/uploads\/2025\/10\/hkud-sveti-ante-humac-5-768x432.jpg 768w, https:\/\/radioljubuski.ba\/wp-content\/uploads\/2025\/10\/hkud-sveti-ante-humac-5-1536x865.jpg 1536w, https:\/\/radioljubuski.ba\/wp-content\/uploads\/2025\/10\/hkud-sveti-ante-humac-5-18x10.jpg 18w, https:\/\/radioljubuski.ba\/wp-content\/uploads\/2025\/10\/hkud-sveti-ante-humac-5.jpg 2048w\" sizes=\"auto, (max-width: 1024px) 100vw, 1024px\" \/><\/figure>\n\n\n\n<figure class=\"wp-block-image size-large\"><img loading=\"lazy\" decoding=\"async\" width=\"1024\" height=\"683\" data-id=\"221912\" src=\"https:\/\/radioljubuski.ba\/wp-content\/uploads\/2025\/10\/hud-sveti-ante-humac-3-1024x683.jpg\" alt=\"\" class=\"wp-image-221912\" srcset=\"https:\/\/radioljubuski.ba\/wp-content\/uploads\/2025\/10\/hud-sveti-ante-humac-3-1024x683.jpg 1024w, https:\/\/radioljubuski.ba\/wp-content\/uploads\/2025\/10\/hud-sveti-ante-humac-3-300x200.jpg 300w, https:\/\/radioljubuski.ba\/wp-content\/uploads\/2025\/10\/hud-sveti-ante-humac-3-768x512.jpg 768w, https:\/\/radioljubuski.ba\/wp-content\/uploads\/2025\/10\/hud-sveti-ante-humac-3-1536x1024.jpg 1536w, https:\/\/radioljubuski.ba\/wp-content\/uploads\/2025\/10\/hud-sveti-ante-humac-3-18x12.jpg 18w, https:\/\/radioljubuski.ba\/wp-content\/uploads\/2025\/10\/hud-sveti-ante-humac-3.jpg 1800w\" sizes=\"auto, (max-width: 1024px) 100vw, 1024px\" \/><\/figure>\n<\/figure>\n\n\n\n<p>Nastup na smotri foklora \u201eKroz Uskoplje s pjesmom\u201c<\/p>\n\n\n\n<figure class=\"wp-block-gallery has-nested-images columns-default is-cropped wp-block-gallery-3 is-layout-flex wp-block-gallery-is-layout-flex\">\n<figure class=\"wp-block-image size-large\"><img loading=\"lazy\" decoding=\"async\" width=\"1024\" height=\"577\" data-id=\"221913\" src=\"https:\/\/radioljubuski.ba\/wp-content\/uploads\/2025\/10\/humcani-1024x577.jpg\" alt=\"\" class=\"wp-image-221913\" srcset=\"https:\/\/radioljubuski.ba\/wp-content\/uploads\/2025\/10\/humcani-1024x577.jpg 1024w, https:\/\/radioljubuski.ba\/wp-content\/uploads\/2025\/10\/humcani-300x169.jpg 300w, https:\/\/radioljubuski.ba\/wp-content\/uploads\/2025\/10\/humcani-768x432.jpg 768w, https:\/\/radioljubuski.ba\/wp-content\/uploads\/2025\/10\/humcani-1536x865.jpg 1536w, https:\/\/radioljubuski.ba\/wp-content\/uploads\/2025\/10\/humcani-18x10.jpg 18w, https:\/\/radioljubuski.ba\/wp-content\/uploads\/2025\/10\/humcani.jpg 2048w\" sizes=\"auto, (max-width: 1024px) 100vw, 1024px\" \/><\/figure>\n<\/figure>\n\n\n\n<figure class=\"wp-block-gallery has-nested-images columns-default is-cropped wp-block-gallery-4 is-layout-flex wp-block-gallery-is-layout-flex\">\n<figure class=\"wp-block-image size-large\"><img loading=\"lazy\" decoding=\"async\" width=\"1024\" height=\"577\" data-id=\"221914\" src=\"https:\/\/radioljubuski.ba\/wp-content\/uploads\/2025\/10\/humcani-3-1024x577.jpg\" alt=\"\" class=\"wp-image-221914\" srcset=\"https:\/\/radioljubuski.ba\/wp-content\/uploads\/2025\/10\/humcani-3-1024x577.jpg 1024w, https:\/\/radioljubuski.ba\/wp-content\/uploads\/2025\/10\/humcani-3-300x169.jpg 300w, https:\/\/radioljubuski.ba\/wp-content\/uploads\/2025\/10\/humcani-3-768x432.jpg 768w, https:\/\/radioljubuski.ba\/wp-content\/uploads\/2025\/10\/humcani-3-1536x865.jpg 1536w, https:\/\/radioljubuski.ba\/wp-content\/uploads\/2025\/10\/humcani-3-18x10.jpg 18w, https:\/\/radioljubuski.ba\/wp-content\/uploads\/2025\/10\/humcani-3.jpg 2048w\" sizes=\"auto, (max-width: 1024px) 100vw, 1024px\" \/><\/figure>\n<\/figure>\n\n\n\n<figure class=\"wp-block-gallery has-nested-images columns-default is-cropped wp-block-gallery-5 is-layout-flex wp-block-gallery-is-layout-flex\">\n<figure class=\"wp-block-image size-large\"><img loading=\"lazy\" decoding=\"async\" width=\"960\" height=\"540\" data-id=\"221915\" src=\"https:\/\/radioljubuski.ba\/wp-content\/uploads\/2025\/10\/hkud-ante-humac-uskoplje.jpg\" alt=\"\" class=\"wp-image-221915\" srcset=\"https:\/\/radioljubuski.ba\/wp-content\/uploads\/2025\/10\/hkud-ante-humac-uskoplje.jpg 960w, https:\/\/radioljubuski.ba\/wp-content\/uploads\/2025\/10\/hkud-ante-humac-uskoplje-300x169.jpg 300w, https:\/\/radioljubuski.ba\/wp-content\/uploads\/2025\/10\/hkud-ante-humac-uskoplje-768x432.jpg 768w, https:\/\/radioljubuski.ba\/wp-content\/uploads\/2025\/10\/hkud-ante-humac-uskoplje-18x10.jpg 18w\" sizes=\"auto, (max-width: 960px) 100vw, 960px\" \/><\/figure>\n<\/figure>\n\n\n\n<p>26.10.2025. dvorana O\u0160 Uskoplje <\/p>\n\n\n\n<figure class=\"wp-block-image size-full\"><img loading=\"lazy\" decoding=\"async\" width=\"960\" height=\"540\" src=\"https:\/\/radioljubuski.ba\/wp-content\/uploads\/2025\/10\/hkud-ante-humac-1.jpg\" alt=\"\" class=\"wp-image-221922\" srcset=\"https:\/\/radioljubuski.ba\/wp-content\/uploads\/2025\/10\/hkud-ante-humac-1.jpg 960w, https:\/\/radioljubuski.ba\/wp-content\/uploads\/2025\/10\/hkud-ante-humac-1-300x169.jpg 300w, https:\/\/radioljubuski.ba\/wp-content\/uploads\/2025\/10\/hkud-ante-humac-1-768x432.jpg 768w, https:\/\/radioljubuski.ba\/wp-content\/uploads\/2025\/10\/hkud-ante-humac-1-18x10.jpg 18w\" sizes=\"auto, (max-width: 960px) 100vw, 960px\" \/><\/figure>\n\n\n\n<p>Organizator manifestacije, HKD Napredak podru\u017enica Uskoplje, na kraju smotre prigodnim darovima zahvalio je svim sudionicima.<\/p>\n\n\n<div class=\"wp-block-image\">\n<figure class=\"aligncenter size-large is-resized\"><img loading=\"lazy\" decoding=\"async\" width=\"577\" height=\"1024\" src=\"https:\/\/radioljubuski.ba\/wp-content\/uploads\/2025\/10\/humac-2-577x1024.jpg\" alt=\"\" class=\"wp-image-221925\" style=\"width:337px;height:auto\" srcset=\"https:\/\/radioljubuski.ba\/wp-content\/uploads\/2025\/10\/humac-2-577x1024.jpg 577w, https:\/\/radioljubuski.ba\/wp-content\/uploads\/2025\/10\/humac-2-169x300.jpg 169w, https:\/\/radioljubuski.ba\/wp-content\/uploads\/2025\/10\/humac-2-768x1364.jpg 768w, https:\/\/radioljubuski.ba\/wp-content\/uploads\/2025\/10\/humac-2-865x1536.jpg 865w, https:\/\/radioljubuski.ba\/wp-content\/uploads\/2025\/10\/humac-2-7x12.jpg 7w, https:\/\/radioljubuski.ba\/wp-content\/uploads\/2025\/10\/humac-2.jpg 1153w\" sizes=\"auto, (max-width: 577px) 100vw, 577px\" \/><\/figure>\n<\/div>\n\n\n<p>B.Medi\u0107<\/p>\n\n\n\n<p><\/p>\n","protected":false},"excerpt":{"rendered":"<p>U nedjelju, 26. listopada 2025. godine u Gornjem Vakufu\/Uskoplju sve\u010dano je zavr\u0161ena kulturna manifestacija 29. \u201eUskopaljske jeseni\u201c, tradicionalnom smotrom folklora pod nazivom \u201eKroz Uskoplje s pjesmom\u201c. Program zavr\u0161nice po\u010deo je svetom misom u crkvi Uznesenja Bla\u017eene Djevice Marije, nastavio se sve\u010danim mimohodom sudionika, uz polaganje vijenaca i molitvom za poginule branitelje kod sredi\u0161njeg spomen obilje\u017eja [&hellip;]<\/p>\n","protected":false},"author":2,"featured_media":221907,"comment_status":"closed","ping_status":"closed","sticky":false,"template":"","format":"standard","meta":{"h5ap_radio_sources":[],"footnotes":""},"categories":[1,3],"tags":[],"class_list":["post-221906","post","type-post","status-publish","format-standard","has-post-thumbnail","hentry","category-bihiregija","category-ljubuski"],"yoast_head":"<!-- This site is optimized with the Yoast SEO plugin v27.5 - https:\/\/yoast.com\/product\/yoast-seo-wordpress\/ -->\n<title>HKUD \u201eSveti Ante\u201c Humac nastupio na zavr\u0161nici 29. Uskopaljskih jeseni - RADIO LJUBU\u0160KI<\/title>\n<meta name=\"robots\" content=\"index, follow, max-snippet:-1, max-image-preview:large, max-video-preview:-1\" \/>\n<link rel=\"canonical\" href=\"https:\/\/radioljubuski.ba\/index.php\/2025\/10\/27\/hkud-sveti-ante-humac-nastupio-na-zavrsnici-29-uskopaljskih-jeseni\/\" \/>\n<meta property=\"og:locale\" content=\"hr_HR\" \/>\n<meta property=\"og:type\" content=\"article\" \/>\n<meta property=\"og:title\" content=\"HKUD \u201eSveti Ante\u201c Humac nastupio na zavr\u0161nici 29. Uskopaljskih jeseni - RADIO LJUBU\u0160KI\" \/>\n<meta property=\"og:description\" content=\"U nedjelju, 26. listopada 2025. godine u Gornjem Vakufu\/Uskoplju sve\u010dano je zavr\u0161ena kulturna manifestacija 29. \u201eUskopaljske jeseni\u201c, tradicionalnom smotrom folklora pod nazivom \u201eKroz Uskoplje s pjesmom\u201c. Program zavr\u0161nice po\u010deo je svetom misom u crkvi Uznesenja Bla\u017eene Djevice Marije, nastavio se sve\u010danim mimohodom sudionika, uz polaganje vijenaca i molitvom za poginule branitelje kod sredi\u0161njeg spomen obilje\u017eja [&hellip;]\" \/>\n<meta property=\"og:url\" content=\"https:\/\/radioljubuski.ba\/index.php\/2025\/10\/27\/hkud-sveti-ante-humac-nastupio-na-zavrsnici-29-uskopaljskih-jeseni\/\" \/>\n<meta property=\"og:site_name\" content=\"RADIO LJUBU\u0160KI\" \/>\n<meta property=\"article:publisher\" content=\"https:\/\/www.facebook.com\/Radiio-Ljubuski-1490835324566332\" \/>\n<meta property=\"article:published_time\" content=\"2025-10-27T11:34:14+00:00\" \/>\n<meta property=\"article:modified_time\" content=\"2025-10-27T11:34:15+00:00\" \/>\n<meta property=\"og:image\" content=\"https:\/\/radioljubuski.ba\/wp-content\/uploads\/2025\/10\/hkud-sveti-ante-humac.jpg\" \/>\n\t<meta property=\"og:image:width\" content=\"2048\" \/>\n\t<meta property=\"og:image:height\" content=\"1153\" \/>\n\t<meta property=\"og:image:type\" content=\"image\/jpeg\" \/>\n<meta name=\"author\" content=\"Radio Ljubu\u0161ki\" \/>\n<meta name=\"twitter:card\" content=\"summary_large_image\" \/>\n<meta name=\"twitter:creator\" content=\"@radioljubuski\" \/>\n<meta name=\"twitter:site\" content=\"@radioljubuski\" \/>\n<meta name=\"twitter:label1\" content=\"Napisao\/la\" \/>\n\t<meta name=\"twitter:data1\" content=\"Radio Ljubu\u0161ki\" \/>\n\t<meta name=\"twitter:label2\" content=\"Procijenjeno vrijeme \u010ditanja\" \/>\n\t<meta name=\"twitter:data2\" content=\"3 minute\" \/>\n<script type=\"application\/ld+json\" class=\"yoast-schema-graph\">{\"@context\":\"https:\\\/\\\/schema.org\",\"@graph\":[{\"@type\":\"Article\",\"@id\":\"https:\\\/\\\/radioljubuski.ba\\\/index.php\\\/2025\\\/10\\\/27\\\/hkud-sveti-ante-humac-nastupio-na-zavrsnici-29-uskopaljskih-jeseni\\\/#article\",\"isPartOf\":{\"@id\":\"https:\\\/\\\/radioljubuski.ba\\\/index.php\\\/2025\\\/10\\\/27\\\/hkud-sveti-ante-humac-nastupio-na-zavrsnici-29-uskopaljskih-jeseni\\\/\"},\"author\":{\"name\":\"Radio Ljubu\u0161ki\",\"@id\":\"https:\\\/\\\/radioljubuski.ba\\\/#\\\/schema\\\/person\\\/19fc700381a780f69665d7956c469e3b\"},\"headline\":\"HKUD \u201eSveti Ante\u201c Humac nastupio na zavr\u0161nici 29. Uskopaljskih jeseni\",\"datePublished\":\"2025-10-27T11:34:14+00:00\",\"dateModified\":\"2025-10-27T11:34:15+00:00\",\"mainEntityOfPage\":{\"@id\":\"https:\\\/\\\/radioljubuski.ba\\\/index.php\\\/2025\\\/10\\\/27\\\/hkud-sveti-ante-humac-nastupio-na-zavrsnici-29-uskopaljskih-jeseni\\\/\"},\"wordCount\":169,\"publisher\":{\"@id\":\"https:\\\/\\\/radioljubuski.ba\\\/#organization\"},\"image\":{\"@id\":\"https:\\\/\\\/radioljubuski.ba\\\/index.php\\\/2025\\\/10\\\/27\\\/hkud-sveti-ante-humac-nastupio-na-zavrsnici-29-uskopaljskih-jeseni\\\/#primaryimage\"},\"thumbnailUrl\":\"https:\\\/\\\/radioljubuski.ba\\\/wp-content\\\/uploads\\\/2025\\\/10\\\/hkud-sveti-ante-humac.jpg\",\"articleSection\":[\"BIH i regija\",\"Ljubu\u0161ki\"],\"inLanguage\":\"hr\"},{\"@type\":\"WebPage\",\"@id\":\"https:\\\/\\\/radioljubuski.ba\\\/index.php\\\/2025\\\/10\\\/27\\\/hkud-sveti-ante-humac-nastupio-na-zavrsnici-29-uskopaljskih-jeseni\\\/\",\"url\":\"https:\\\/\\\/radioljubuski.ba\\\/index.php\\\/2025\\\/10\\\/27\\\/hkud-sveti-ante-humac-nastupio-na-zavrsnici-29-uskopaljskih-jeseni\\\/\",\"name\":\"HKUD \u201eSveti Ante\u201c Humac nastupio na zavr\u0161nici 29. Uskopaljskih jeseni - RADIO LJUBU\u0160KI\",\"isPartOf\":{\"@id\":\"https:\\\/\\\/radioljubuski.ba\\\/#website\"},\"primaryImageOfPage\":{\"@id\":\"https:\\\/\\\/radioljubuski.ba\\\/index.php\\\/2025\\\/10\\\/27\\\/hkud-sveti-ante-humac-nastupio-na-zavrsnici-29-uskopaljskih-jeseni\\\/#primaryimage\"},\"image\":{\"@id\":\"https:\\\/\\\/radioljubuski.ba\\\/index.php\\\/2025\\\/10\\\/27\\\/hkud-sveti-ante-humac-nastupio-na-zavrsnici-29-uskopaljskih-jeseni\\\/#primaryimage\"},\"thumbnailUrl\":\"https:\\\/\\\/radioljubuski.ba\\\/wp-content\\\/uploads\\\/2025\\\/10\\\/hkud-sveti-ante-humac.jpg\",\"datePublished\":\"2025-10-27T11:34:14+00:00\",\"dateModified\":\"2025-10-27T11:34:15+00:00\",\"breadcrumb\":{\"@id\":\"https:\\\/\\\/radioljubuski.ba\\\/index.php\\\/2025\\\/10\\\/27\\\/hkud-sveti-ante-humac-nastupio-na-zavrsnici-29-uskopaljskih-jeseni\\\/#breadcrumb\"},\"inLanguage\":\"hr\",\"potentialAction\":[{\"@type\":\"ReadAction\",\"target\":[\"https:\\\/\\\/radioljubuski.ba\\\/index.php\\\/2025\\\/10\\\/27\\\/hkud-sveti-ante-humac-nastupio-na-zavrsnici-29-uskopaljskih-jeseni\\\/\"]}]},{\"@type\":\"ImageObject\",\"inLanguage\":\"hr\",\"@id\":\"https:\\\/\\\/radioljubuski.ba\\\/index.php\\\/2025\\\/10\\\/27\\\/hkud-sveti-ante-humac-nastupio-na-zavrsnici-29-uskopaljskih-jeseni\\\/#primaryimage\",\"url\":\"https:\\\/\\\/radioljubuski.ba\\\/wp-content\\\/uploads\\\/2025\\\/10\\\/hkud-sveti-ante-humac.jpg\",\"contentUrl\":\"https:\\\/\\\/radioljubuski.ba\\\/wp-content\\\/uploads\\\/2025\\\/10\\\/hkud-sveti-ante-humac.jpg\",\"width\":2048,\"height\":1153},{\"@type\":\"BreadcrumbList\",\"@id\":\"https:\\\/\\\/radioljubuski.ba\\\/index.php\\\/2025\\\/10\\\/27\\\/hkud-sveti-ante-humac-nastupio-na-zavrsnici-29-uskopaljskih-jeseni\\\/#breadcrumb\",\"itemListElement\":[{\"@type\":\"ListItem\",\"position\":1,\"name\":\"Po\u010detna stranica\",\"item\":\"https:\\\/\\\/radioljubuski.ba\\\/\"},{\"@type\":\"ListItem\",\"position\":2,\"name\":\"HKUD \u201eSveti Ante\u201c Humac nastupio na zavr\u0161nici 29. Uskopaljskih jeseni\"}]},{\"@type\":\"WebSite\",\"@id\":\"https:\\\/\\\/radioljubuski.ba\\\/#website\",\"url\":\"https:\\\/\\\/radioljubuski.ba\\\/\",\"name\":\"Radio Ljubu\u0161ki\",\"description\":\"Sun\u010dana frekvencija Hercegovine\",\"publisher\":{\"@id\":\"https:\\\/\\\/radioljubuski.ba\\\/#organization\"},\"potentialAction\":[{\"@type\":\"SearchAction\",\"target\":{\"@type\":\"EntryPoint\",\"urlTemplate\":\"https:\\\/\\\/radioljubuski.ba\\\/?s={search_term_string}\"},\"query-input\":{\"@type\":\"PropertyValueSpecification\",\"valueRequired\":true,\"valueName\":\"search_term_string\"}}],\"inLanguage\":\"hr\"},{\"@type\":\"Organization\",\"@id\":\"https:\\\/\\\/radioljubuski.ba\\\/#organization\",\"name\":\"Radio Ljubu\u0161ki\",\"url\":\"https:\\\/\\\/radioljubuski.ba\\\/\",\"logo\":{\"@type\":\"ImageObject\",\"inLanguage\":\"hr\",\"@id\":\"https:\\\/\\\/radioljubuski.ba\\\/#\\\/schema\\\/logo\\\/image\\\/\",\"url\":\"https:\\\/\\\/radioljubuski.ba\\\/wp-content\\\/uploads\\\/2021\\\/02\\\/cropped-Radio_Ljubuski_logo1.jpg\",\"contentUrl\":\"https:\\\/\\\/radioljubuski.ba\\\/wp-content\\\/uploads\\\/2021\\\/02\\\/cropped-Radio_Ljubuski_logo1.jpg\",\"width\":512,\"height\":512,\"caption\":\"Radio Ljubu\u0161ki\"},\"image\":{\"@id\":\"https:\\\/\\\/radioljubuski.ba\\\/#\\\/schema\\\/logo\\\/image\\\/\"},\"sameAs\":[\"https:\\\/\\\/www.facebook.com\\\/Radiio-Ljubuski-1490835324566332\",\"https:\\\/\\\/x.com\\\/radioljubuski\",\"https:\\\/\\\/hr.linkedin.com\\\/company\\\/radio-ljubuski\",\"https:\\\/\\\/www.youtube.com\\\/channel\\\/UCHYaeO_n0Db3tjNGudGpXyw\"]},{\"@type\":\"Person\",\"@id\":\"https:\\\/\\\/radioljubuski.ba\\\/#\\\/schema\\\/person\\\/19fc700381a780f69665d7956c469e3b\",\"name\":\"Radio Ljubu\u0161ki\"}]}<\/script>\n<!-- \/ Yoast SEO plugin. -->","yoast_head_json":{"title":"HKUD \u201eSveti Ante\u201c Humac nastupio na zavr\u0161nici 29. Uskopaljskih jeseni - RADIO LJUBU\u0160KI","robots":{"index":"index","follow":"follow","max-snippet":"max-snippet:-1","max-image-preview":"max-image-preview:large","max-video-preview":"max-video-preview:-1"},"canonical":"https:\/\/radioljubuski.ba\/index.php\/2025\/10\/27\/hkud-sveti-ante-humac-nastupio-na-zavrsnici-29-uskopaljskih-jeseni\/","og_locale":"hr_HR","og_type":"article","og_title":"HKUD \u201eSveti Ante\u201c Humac nastupio na zavr\u0161nici 29. Uskopaljskih jeseni - RADIO LJUBU\u0160KI","og_description":"U nedjelju, 26. listopada 2025. godine u Gornjem Vakufu\/Uskoplju sve\u010dano je zavr\u0161ena kulturna manifestacija 29. \u201eUskopaljske jeseni\u201c, tradicionalnom smotrom folklora pod nazivom \u201eKroz Uskoplje s pjesmom\u201c. Program zavr\u0161nice po\u010deo je svetom misom u crkvi Uznesenja Bla\u017eene Djevice Marije, nastavio se sve\u010danim mimohodom sudionika, uz polaganje vijenaca i molitvom za poginule branitelje kod sredi\u0161njeg spomen obilje\u017eja [&hellip;]","og_url":"https:\/\/radioljubuski.ba\/index.php\/2025\/10\/27\/hkud-sveti-ante-humac-nastupio-na-zavrsnici-29-uskopaljskih-jeseni\/","og_site_name":"RADIO LJUBU\u0160KI","article_publisher":"https:\/\/www.facebook.com\/Radiio-Ljubuski-1490835324566332","article_published_time":"2025-10-27T11:34:14+00:00","article_modified_time":"2025-10-27T11:34:15+00:00","og_image":[{"width":2048,"height":1153,"url":"https:\/\/radioljubuski.ba\/wp-content\/uploads\/2025\/10\/hkud-sveti-ante-humac.jpg","type":"image\/jpeg"}],"author":"Radio Ljubu\u0161ki","twitter_card":"summary_large_image","twitter_creator":"@radioljubuski","twitter_site":"@radioljubuski","twitter_misc":{"Napisao\/la":"Radio Ljubu\u0161ki","Procijenjeno vrijeme \u010ditanja":"3 minute"},"schema":{"@context":"https:\/\/schema.org","@graph":[{"@type":"Article","@id":"https:\/\/radioljubuski.ba\/index.php\/2025\/10\/27\/hkud-sveti-ante-humac-nastupio-na-zavrsnici-29-uskopaljskih-jeseni\/#article","isPartOf":{"@id":"https:\/\/radioljubuski.ba\/index.php\/2025\/10\/27\/hkud-sveti-ante-humac-nastupio-na-zavrsnici-29-uskopaljskih-jeseni\/"},"author":{"name":"Radio Ljubu\u0161ki","@id":"https:\/\/radioljubuski.ba\/#\/schema\/person\/19fc700381a780f69665d7956c469e3b"},"headline":"HKUD \u201eSveti Ante\u201c Humac nastupio na zavr\u0161nici 29. Uskopaljskih jeseni","datePublished":"2025-10-27T11:34:14+00:00","dateModified":"2025-10-27T11:34:15+00:00","mainEntityOfPage":{"@id":"https:\/\/radioljubuski.ba\/index.php\/2025\/10\/27\/hkud-sveti-ante-humac-nastupio-na-zavrsnici-29-uskopaljskih-jeseni\/"},"wordCount":169,"publisher":{"@id":"https:\/\/radioljubuski.ba\/#organization"},"image":{"@id":"https:\/\/radioljubuski.ba\/index.php\/2025\/10\/27\/hkud-sveti-ante-humac-nastupio-na-zavrsnici-29-uskopaljskih-jeseni\/#primaryimage"},"thumbnailUrl":"https:\/\/radioljubuski.ba\/wp-content\/uploads\/2025\/10\/hkud-sveti-ante-humac.jpg","articleSection":["BIH i regija","Ljubu\u0161ki"],"inLanguage":"hr"},{"@type":"WebPage","@id":"https:\/\/radioljubuski.ba\/index.php\/2025\/10\/27\/hkud-sveti-ante-humac-nastupio-na-zavrsnici-29-uskopaljskih-jeseni\/","url":"https:\/\/radioljubuski.ba\/index.php\/2025\/10\/27\/hkud-sveti-ante-humac-nastupio-na-zavrsnici-29-uskopaljskih-jeseni\/","name":"HKUD \u201eSveti Ante\u201c Humac nastupio na zavr\u0161nici 29. Uskopaljskih jeseni - RADIO LJUBU\u0160KI","isPartOf":{"@id":"https:\/\/radioljubuski.ba\/#website"},"primaryImageOfPage":{"@id":"https:\/\/radioljubuski.ba\/index.php\/2025\/10\/27\/hkud-sveti-ante-humac-nastupio-na-zavrsnici-29-uskopaljskih-jeseni\/#primaryimage"},"image":{"@id":"https:\/\/radioljubuski.ba\/index.php\/2025\/10\/27\/hkud-sveti-ante-humac-nastupio-na-zavrsnici-29-uskopaljskih-jeseni\/#primaryimage"},"thumbnailUrl":"https:\/\/radioljubuski.ba\/wp-content\/uploads\/2025\/10\/hkud-sveti-ante-humac.jpg","datePublished":"2025-10-27T11:34:14+00:00","dateModified":"2025-10-27T11:34:15+00:00","breadcrumb":{"@id":"https:\/\/radioljubuski.ba\/index.php\/2025\/10\/27\/hkud-sveti-ante-humac-nastupio-na-zavrsnici-29-uskopaljskih-jeseni\/#breadcrumb"},"inLanguage":"hr","potentialAction":[{"@type":"ReadAction","target":["https:\/\/radioljubuski.ba\/index.php\/2025\/10\/27\/hkud-sveti-ante-humac-nastupio-na-zavrsnici-29-uskopaljskih-jeseni\/"]}]},{"@type":"ImageObject","inLanguage":"hr","@id":"https:\/\/radioljubuski.ba\/index.php\/2025\/10\/27\/hkud-sveti-ante-humac-nastupio-na-zavrsnici-29-uskopaljskih-jeseni\/#primaryimage","url":"https:\/\/radioljubuski.ba\/wp-content\/uploads\/2025\/10\/hkud-sveti-ante-humac.jpg","contentUrl":"https:\/\/radioljubuski.ba\/wp-content\/uploads\/2025\/10\/hkud-sveti-ante-humac.jpg","width":2048,"height":1153},{"@type":"BreadcrumbList","@id":"https:\/\/radioljubuski.ba\/index.php\/2025\/10\/27\/hkud-sveti-ante-humac-nastupio-na-zavrsnici-29-uskopaljskih-jeseni\/#breadcrumb","itemListElement":[{"@type":"ListItem","position":1,"name":"Po\u010detna stranica","item":"https:\/\/radioljubuski.ba\/"},{"@type":"ListItem","position":2,"name":"HKUD \u201eSveti Ante\u201c Humac nastupio na zavr\u0161nici 29. Uskopaljskih jeseni"}]},{"@type":"WebSite","@id":"https:\/\/radioljubuski.ba\/#website","url":"https:\/\/radioljubuski.ba\/","name":"Radio Ljubu\u0161ki","description":"Sun\u010dana frekvencija Hercegovine","publisher":{"@id":"https:\/\/radioljubuski.ba\/#organization"},"potentialAction":[{"@type":"SearchAction","target":{"@type":"EntryPoint","urlTemplate":"https:\/\/radioljubuski.ba\/?s={search_term_string}"},"query-input":{"@type":"PropertyValueSpecification","valueRequired":true,"valueName":"search_term_string"}}],"inLanguage":"hr"},{"@type":"Organization","@id":"https:\/\/radioljubuski.ba\/#organization","name":"Radio Ljubu\u0161ki","url":"https:\/\/radioljubuski.ba\/","logo":{"@type":"ImageObject","inLanguage":"hr","@id":"https:\/\/radioljubuski.ba\/#\/schema\/logo\/image\/","url":"https:\/\/radioljubuski.ba\/wp-content\/uploads\/2021\/02\/cropped-Radio_Ljubuski_logo1.jpg","contentUrl":"https:\/\/radioljubuski.ba\/wp-content\/uploads\/2021\/02\/cropped-Radio_Ljubuski_logo1.jpg","width":512,"height":512,"caption":"Radio Ljubu\u0161ki"},"image":{"@id":"https:\/\/radioljubuski.ba\/#\/schema\/logo\/image\/"},"sameAs":["https:\/\/www.facebook.com\/Radiio-Ljubuski-1490835324566332","https:\/\/x.com\/radioljubuski","https:\/\/hr.linkedin.com\/company\/radio-ljubuski","https:\/\/www.youtube.com\/channel\/UCHYaeO_n0Db3tjNGudGpXyw"]},{"@type":"Person","@id":"https:\/\/radioljubuski.ba\/#\/schema\/person\/19fc700381a780f69665d7956c469e3b","name":"Radio Ljubu\u0161ki"}]}},"_links":{"self":[{"href":"https:\/\/radioljubuski.ba\/index.php\/wp-json\/wp\/v2\/posts\/221906","targetHints":{"allow":["GET"]}}],"collection":[{"href":"https:\/\/radioljubuski.ba\/index.php\/wp-json\/wp\/v2\/posts"}],"about":[{"href":"https:\/\/radioljubuski.ba\/index.php\/wp-json\/wp\/v2\/types\/post"}],"author":[{"embeddable":true,"href":"https:\/\/radioljubuski.ba\/index.php\/wp-json\/wp\/v2\/users\/2"}],"replies":[{"embeddable":true,"href":"https:\/\/radioljubuski.ba\/index.php\/wp-json\/wp\/v2\/comments?post=221906"}],"version-history":[{"count":1,"href":"https:\/\/radioljubuski.ba\/index.php\/wp-json\/wp\/v2\/posts\/221906\/revisions"}],"predecessor-version":[{"id":221926,"href":"https:\/\/radioljubuski.ba\/index.php\/wp-json\/wp\/v2\/posts\/221906\/revisions\/221926"}],"wp:featuredmedia":[{"embeddable":true,"href":"https:\/\/radioljubuski.ba\/index.php\/wp-json\/wp\/v2\/media\/221907"}],"wp:attachment":[{"href":"https:\/\/radioljubuski.ba\/index.php\/wp-json\/wp\/v2\/media?parent=221906"}],"wp:term":[{"taxonomy":"category","embeddable":true,"href":"https:\/\/radioljubuski.ba\/index.php\/wp-json\/wp\/v2\/categories?post=221906"},{"taxonomy":"post_tag","embeddable":true,"href":"https:\/\/radioljubuski.ba\/index.php\/wp-json\/wp\/v2\/tags?post=221906"}],"curies":[{"name":"wp","href":"https:\/\/api.w.org\/{rel}","templated":true}]}}