{"id":221948,"date":"2025-10-28T13:34:06","date_gmt":"2025-10-28T12:34:06","guid":{"rendered":"https:\/\/radioljubuski.ba\/?p=221948"},"modified":"2025-10-30T14:55:00","modified_gmt":"2025-10-30T13:55:00","slug":"foto-clanovi-zvirickog-zbora-u-vatikanu","status":"publish","type":"post","link":"https:\/\/radioljubuski.ba\/index.php\/2025\/10\/28\/foto-clanovi-zvirickog-zbora-u-vatikanu\/","title":{"rendered":"Foto: \u010clanovi Zviri\u0107kog zbora u Vatikanu"},"content":{"rendered":"\n<p>\u010clanovi Zviri\u0107kog zbora koji redovito svojim pjevanjem animiraju misna slavlja posjetili su Rim i Vatikan, trinaest mladih pod duhovnim vodstvom fra Ante Vukoje i fra Antonia Petrica provelo je na ovom hodo\u010dasni\u010dkom putovanju nezaboravnih pet dana upoznavaju\u0107i se tisu\u0107ljetnom kulturnom i povijesnom ba\u0161tinom.<\/p>\n\n\n<div class=\"wp-block-image\">\n<figure class=\"aligncenter size-large\"><img loading=\"lazy\" decoding=\"async\" width=\"1024\" height=\"768\" src=\"https:\/\/radioljubuski.ba\/wp-content\/uploads\/2025\/10\/IMG_5494-1-1-1024x768.jpg\" alt=\"\" class=\"wp-image-221950\" srcset=\"https:\/\/radioljubuski.ba\/wp-content\/uploads\/2025\/10\/IMG_5494-1-1-1024x768.jpg 1024w, https:\/\/radioljubuski.ba\/wp-content\/uploads\/2025\/10\/IMG_5494-1-1-300x225.jpg 300w, https:\/\/radioljubuski.ba\/wp-content\/uploads\/2025\/10\/IMG_5494-1-1-768x576.jpg 768w, https:\/\/radioljubuski.ba\/wp-content\/uploads\/2025\/10\/IMG_5494-1-1-1536x1152.jpg 1536w, https:\/\/radioljubuski.ba\/wp-content\/uploads\/2025\/10\/IMG_5494-1-1-2048x1536.jpg 2048w, https:\/\/radioljubuski.ba\/wp-content\/uploads\/2025\/10\/IMG_5494-1-1-16x12.jpg 16w\" sizes=\"auto, (max-width: 1024px) 100vw, 1024px\" \/><\/figure>\n<\/div>\n\n\n<h2 class=\"wp-block-heading\"><\/h2>\n\n\n\n<p>Prva postaja na ovom hodo\u010dasni\u010dkom putu bila je Bazilika svetog Pavla izvan zidina, jedna od \u010detiri velike papinske bazilike u Rimu. Na tom se mjestu, prema predaji, nalazi grob svetog Pavla apostola. Bazilika, koju od 10. stolje\u0107a opslu\u017euju benediktinski redovnici, tijekom povijesti je do\u017eivjela brojna o\u0161te\u0107enja, uklju\u010duju\u0107i i veliki po\u017ear 1823. godine, ipak, uz pomo\u0107 mnogih donatora, me\u0111u kojima je i hrvatski biskup Josip Juraj Strossmayer, ponovno je zasjala u svojoj veli\u010danstvenosti. Zbora\u0161i su, uz molitvu i pjesmu, razgledali mozaike, oltar i relikvije koje svjedo\u010de o tisu\u0107ljetnoj povijesti Crkve.<\/p>\n\n\n\n<p><\/p>\n\n\n\n<figure class=\"wp-block-gallery has-nested-images columns-default is-cropped wp-block-gallery-1 is-layout-flex wp-block-gallery-is-layout-flex\">\n<figure class=\"wp-block-image size-large\"><img loading=\"lazy\" decoding=\"async\" width=\"768\" height=\"1024\" data-id=\"221963\" src=\"https:\/\/radioljubuski.ba\/wp-content\/uploads\/2025\/10\/010bbd3d-d2f9-4f0a-9c82-cd4ed3040136-768x1024.jpg\" alt=\"\" class=\"wp-image-221963\" srcset=\"https:\/\/radioljubuski.ba\/wp-content\/uploads\/2025\/10\/010bbd3d-d2f9-4f0a-9c82-cd4ed3040136-768x1024.jpg 768w, https:\/\/radioljubuski.ba\/wp-content\/uploads\/2025\/10\/010bbd3d-d2f9-4f0a-9c82-cd4ed3040136-225x300.jpg 225w, https:\/\/radioljubuski.ba\/wp-content\/uploads\/2025\/10\/010bbd3d-d2f9-4f0a-9c82-cd4ed3040136-1152x1536.jpg 1152w, https:\/\/radioljubuski.ba\/wp-content\/uploads\/2025\/10\/010bbd3d-d2f9-4f0a-9c82-cd4ed3040136-9x12.jpg 9w, https:\/\/radioljubuski.ba\/wp-content\/uploads\/2025\/10\/010bbd3d-d2f9-4f0a-9c82-cd4ed3040136.jpg 1200w\" sizes=\"auto, (max-width: 768px) 100vw, 768px\" \/><\/figure>\n\n\n\n<figure class=\"wp-block-image size-large\"><img loading=\"lazy\" decoding=\"async\" width=\"768\" height=\"1024\" data-id=\"221951\" src=\"https:\/\/radioljubuski.ba\/wp-content\/uploads\/2025\/10\/IMG_5600-1-768x1024.jpg\" alt=\"\" class=\"wp-image-221951\" srcset=\"https:\/\/radioljubuski.ba\/wp-content\/uploads\/2025\/10\/IMG_5600-1-768x1024.jpg 768w, https:\/\/radioljubuski.ba\/wp-content\/uploads\/2025\/10\/IMG_5600-1-225x300.jpg 225w, https:\/\/radioljubuski.ba\/wp-content\/uploads\/2025\/10\/IMG_5600-1-1152x1536.jpg 1152w, https:\/\/radioljubuski.ba\/wp-content\/uploads\/2025\/10\/IMG_5600-1-1536x2048.jpg 1536w, https:\/\/radioljubuski.ba\/wp-content\/uploads\/2025\/10\/IMG_5600-1-9x12.jpg 9w, https:\/\/radioljubuski.ba\/wp-content\/uploads\/2025\/10\/IMG_5600-1-scaled.jpg 1920w\" sizes=\"auto, (max-width: 768px) 100vw, 768px\" \/><\/figure>\n<\/figure>\n\n\n\n<p><br><br>Slijedila je Bazilika Santa Maria Maggiore \u2013 \u201eVelika Gospa\u201c, prva crkva na svijetu posve\u0107ena Bla\u017eenoj Djevici Mariji. <\/p>\n\n\n\n<figure class=\"wp-block-gallery has-nested-images columns-default is-cropped wp-block-gallery-2 is-layout-flex wp-block-gallery-is-layout-flex\">\n<figure class=\"wp-block-image size-large\"><img loading=\"lazy\" decoding=\"async\" width=\"768\" height=\"1024\" data-id=\"221964\" src=\"https:\/\/radioljubuski.ba\/wp-content\/uploads\/2025\/10\/010bbd3d-d2f9-4f0a-9c82-cd4ed3040136-1-768x1024.jpg\" alt=\"\" class=\"wp-image-221964\" srcset=\"https:\/\/radioljubuski.ba\/wp-content\/uploads\/2025\/10\/010bbd3d-d2f9-4f0a-9c82-cd4ed3040136-1-768x1024.jpg 768w, https:\/\/radioljubuski.ba\/wp-content\/uploads\/2025\/10\/010bbd3d-d2f9-4f0a-9c82-cd4ed3040136-1-225x300.jpg 225w, https:\/\/radioljubuski.ba\/wp-content\/uploads\/2025\/10\/010bbd3d-d2f9-4f0a-9c82-cd4ed3040136-1-1152x1536.jpg 1152w, https:\/\/radioljubuski.ba\/wp-content\/uploads\/2025\/10\/010bbd3d-d2f9-4f0a-9c82-cd4ed3040136-1-9x12.jpg 9w, https:\/\/radioljubuski.ba\/wp-content\/uploads\/2025\/10\/010bbd3d-d2f9-4f0a-9c82-cd4ed3040136-1.jpg 1200w\" sizes=\"auto, (max-width: 768px) 100vw, 768px\" \/><\/figure>\n\n\n\n<figure class=\"wp-block-image size-large\"><img loading=\"lazy\" decoding=\"async\" width=\"768\" height=\"1024\" data-id=\"221965\" src=\"https:\/\/radioljubuski.ba\/wp-content\/uploads\/2025\/10\/18a2a2c6-99dd-4dad-b938-ced158061c16-768x1024.jpg\" alt=\"\" class=\"wp-image-221965\" srcset=\"https:\/\/radioljubuski.ba\/wp-content\/uploads\/2025\/10\/18a2a2c6-99dd-4dad-b938-ced158061c16-768x1024.jpg 768w, https:\/\/radioljubuski.ba\/wp-content\/uploads\/2025\/10\/18a2a2c6-99dd-4dad-b938-ced158061c16-225x300.jpg 225w, https:\/\/radioljubuski.ba\/wp-content\/uploads\/2025\/10\/18a2a2c6-99dd-4dad-b938-ced158061c16-1152x1536.jpg 1152w, https:\/\/radioljubuski.ba\/wp-content\/uploads\/2025\/10\/18a2a2c6-99dd-4dad-b938-ced158061c16-9x12.jpg 9w, https:\/\/radioljubuski.ba\/wp-content\/uploads\/2025\/10\/18a2a2c6-99dd-4dad-b938-ced158061c16.jpg 1200w\" sizes=\"auto, (max-width: 768px) 100vw, 768px\" \/><\/figure>\n\n\n\n<figure class=\"wp-block-image size-large\"><img loading=\"lazy\" decoding=\"async\" width=\"1024\" height=\"768\" data-id=\"221966\" src=\"https:\/\/radioljubuski.ba\/wp-content\/uploads\/2025\/10\/303cc206-4abc-4b23-a161-92c4cffbdd85-1024x768.jpg\" alt=\"\" class=\"wp-image-221966\" srcset=\"https:\/\/radioljubuski.ba\/wp-content\/uploads\/2025\/10\/303cc206-4abc-4b23-a161-92c4cffbdd85-1024x768.jpg 1024w, https:\/\/radioljubuski.ba\/wp-content\/uploads\/2025\/10\/303cc206-4abc-4b23-a161-92c4cffbdd85-300x225.jpg 300w, https:\/\/radioljubuski.ba\/wp-content\/uploads\/2025\/10\/303cc206-4abc-4b23-a161-92c4cffbdd85-768x576.jpg 768w, https:\/\/radioljubuski.ba\/wp-content\/uploads\/2025\/10\/303cc206-4abc-4b23-a161-92c4cffbdd85-1536x1152.jpg 1536w, https:\/\/radioljubuski.ba\/wp-content\/uploads\/2025\/10\/303cc206-4abc-4b23-a161-92c4cffbdd85-16x12.jpg 16w, https:\/\/radioljubuski.ba\/wp-content\/uploads\/2025\/10\/303cc206-4abc-4b23-a161-92c4cffbdd85.jpg 1600w\" sizes=\"auto, (max-width: 1024px) 100vw, 1024px\" \/><\/figure>\n<\/figure>\n\n\n\n<figure class=\"wp-block-gallery has-nested-images columns-default is-cropped wp-block-gallery-3 is-layout-flex wp-block-gallery-is-layout-flex\">\n<figure class=\"wp-block-image size-large\"><img loading=\"lazy\" decoding=\"async\" width=\"1024\" height=\"768\" data-id=\"221952\" src=\"https:\/\/radioljubuski.ba\/wp-content\/uploads\/2025\/10\/IMG_5889-1024x768.jpg\" alt=\"\" class=\"wp-image-221952\" srcset=\"https:\/\/radioljubuski.ba\/wp-content\/uploads\/2025\/10\/IMG_5889-1024x768.jpg 1024w, https:\/\/radioljubuski.ba\/wp-content\/uploads\/2025\/10\/IMG_5889-300x225.jpg 300w, https:\/\/radioljubuski.ba\/wp-content\/uploads\/2025\/10\/IMG_5889-768x576.jpg 768w, https:\/\/radioljubuski.ba\/wp-content\/uploads\/2025\/10\/IMG_5889-1536x1152.jpg 1536w, https:\/\/radioljubuski.ba\/wp-content\/uploads\/2025\/10\/IMG_5889-2048x1536.jpg 2048w, https:\/\/radioljubuski.ba\/wp-content\/uploads\/2025\/10\/IMG_5889-16x12.jpg 16w\" sizes=\"auto, (max-width: 1024px) 100vw, 1024px\" \/><\/figure>\n<\/figure>\n\n\n\n<p><br><br>U poslijepodnevnim satima uslijedio je pohod Svetim stubama (Scala Santa) stubama kojima je, prema vjerovanju, Isus hodio do Pilatova sudi\u0161ta. Na koljenima, u ti\u0161ini i molitvi, svaki je sudionik pro\u017eivljavao vlastiti trenutak pokajanja i poniznosti.<br><br>Dan je zaklju\u010den posjetom Bazilici svetog Ivana Lateranskog, katedrali rimskog biskupa i \u201emajci i glavi svih crkava\u201c. Zbora\u0161i su posjetili i najstariju krstionicu na svijetu, te kapelu svetog Venancija, gdje se \u010duvaju relikvije salonitanskih mu\u010denika koje je, jo\u0161 u 7. stolje\u0107u, u Rim donio papa Ivan IV. , te Colosseum.<\/p>\n\n\n\n<figure class=\"wp-block-gallery has-nested-images columns-default is-cropped wp-block-gallery-4 is-layout-flex wp-block-gallery-is-layout-flex\">\n<figure class=\"wp-block-image size-large\"><img loading=\"lazy\" decoding=\"async\" width=\"1024\" height=\"768\" data-id=\"221967\" src=\"https:\/\/radioljubuski.ba\/wp-content\/uploads\/2025\/10\/dc615d0a-4f38-40c3-b48f-3a3a44d3d400-1024x768.jpg\" alt=\"\" class=\"wp-image-221967\" srcset=\"https:\/\/radioljubuski.ba\/wp-content\/uploads\/2025\/10\/dc615d0a-4f38-40c3-b48f-3a3a44d3d400-1024x768.jpg 1024w, https:\/\/radioljubuski.ba\/wp-content\/uploads\/2025\/10\/dc615d0a-4f38-40c3-b48f-3a3a44d3d400-300x225.jpg 300w, https:\/\/radioljubuski.ba\/wp-content\/uploads\/2025\/10\/dc615d0a-4f38-40c3-b48f-3a3a44d3d400-768x576.jpg 768w, https:\/\/radioljubuski.ba\/wp-content\/uploads\/2025\/10\/dc615d0a-4f38-40c3-b48f-3a3a44d3d400-1536x1152.jpg 1536w, https:\/\/radioljubuski.ba\/wp-content\/uploads\/2025\/10\/dc615d0a-4f38-40c3-b48f-3a3a44d3d400-16x12.jpg 16w, https:\/\/radioljubuski.ba\/wp-content\/uploads\/2025\/10\/dc615d0a-4f38-40c3-b48f-3a3a44d3d400.jpg 2048w\" sizes=\"auto, (max-width: 1024px) 100vw, 1024px\" \/><\/figure>\n<\/figure>\n\n\n\n<h2 class=\"wp-block-heading\"><\/h2>\n\n\n\n<figure class=\"wp-block-gallery has-nested-images columns-default is-cropped wp-block-gallery-5 is-layout-flex wp-block-gallery-is-layout-flex\">\n<figure class=\"wp-block-image size-large\"><img loading=\"lazy\" decoding=\"async\" width=\"768\" height=\"1024\" data-id=\"221973\" src=\"https:\/\/radioljubuski.ba\/wp-content\/uploads\/2025\/10\/6ee3d56c-0760-4498-af80-3e06731d43c5-768x1024.jpg\" alt=\"\" class=\"wp-image-221973\" srcset=\"https:\/\/radioljubuski.ba\/wp-content\/uploads\/2025\/10\/6ee3d56c-0760-4498-af80-3e06731d43c5-768x1024.jpg 768w, https:\/\/radioljubuski.ba\/wp-content\/uploads\/2025\/10\/6ee3d56c-0760-4498-af80-3e06731d43c5-225x300.jpg 225w, https:\/\/radioljubuski.ba\/wp-content\/uploads\/2025\/10\/6ee3d56c-0760-4498-af80-3e06731d43c5-1152x1536.jpg 1152w, https:\/\/radioljubuski.ba\/wp-content\/uploads\/2025\/10\/6ee3d56c-0760-4498-af80-3e06731d43c5-9x12.jpg 9w, https:\/\/radioljubuski.ba\/wp-content\/uploads\/2025\/10\/6ee3d56c-0760-4498-af80-3e06731d43c5.jpg 1200w\" sizes=\"auto, (max-width: 768px) 100vw, 768px\" \/><\/figure>\n\n\n\n<figure class=\"wp-block-image size-large\"><img loading=\"lazy\" decoding=\"async\" width=\"765\" height=\"1020\" data-id=\"221972\" src=\"https:\/\/radioljubuski.ba\/wp-content\/uploads\/2025\/10\/9c2ffda5-03cd-4429-9cf4-662781f107fa.jpg\" alt=\"\" class=\"wp-image-221972\" srcset=\"https:\/\/radioljubuski.ba\/wp-content\/uploads\/2025\/10\/9c2ffda5-03cd-4429-9cf4-662781f107fa.jpg 765w, https:\/\/radioljubuski.ba\/wp-content\/uploads\/2025\/10\/9c2ffda5-03cd-4429-9cf4-662781f107fa-225x300.jpg 225w, https:\/\/radioljubuski.ba\/wp-content\/uploads\/2025\/10\/9c2ffda5-03cd-4429-9cf4-662781f107fa-9x12.jpg 9w\" sizes=\"auto, (max-width: 765px) 100vw, 765px\" \/><\/figure>\n<\/figure>\n\n\n\n<p><\/p>\n\n\n\n<p>Drugi dan hodo\u010da\u0161\u0107a bio je posve\u0107en povijesnom i duhovnom sredi\u0161tu Rima. Posebno dojmljiv trenutak bila je posjeta Bazilici Santa Maria in Aracoeli na bre\u017euljku Campidoglio. Upravo ondje, ispod glavnog oltara, po\u010divaju zemni ostatci bosanske kraljice Katarine Kotromani\u0107, bla\u017eenice franjeva\u010dkog reda. U toj je crkviu subotu, 25. listopada, slu\u017eena sve\u010dana misa koju je predslavio fra Miljenko \u0160teko, gvardijan franjeva\u010dkog samostana Antonianum u Rimu, u spomen na godi\u0161njicu smrti kraljice Katarine. Uz fra Miljenka koncelebriralo je 12 sve\u0107enika, me\u0111u njima i na\u0161i vodi\u010di fra Ante i fra Antonio. Na misi su na\u0161i putnici sudjelovali \u010ditanjem, a bazilika je bila ispunjena brojnim hodo\u010dasnicima iz Hrvatske, Njema\u010dke i Austrije. Tako\u0111er, tijekom boravka u vje\u010dnom gradu, zbora\u0161i su obi\u0161li i neka od najpoznatijih rimskih znamenitosti. Poseban dojam ostavila je Piazza Venezia.<\/p>\n\n\n\n<figure class=\"wp-block-gallery has-nested-images columns-default is-cropped wp-block-gallery-6 is-layout-flex wp-block-gallery-is-layout-flex\">\n<figure class=\"wp-block-image size-large\"><img loading=\"lazy\" decoding=\"async\" width=\"682\" height=\"1024\" data-id=\"221985\" src=\"https:\/\/radioljubuski.ba\/wp-content\/uploads\/2025\/10\/WhatsApp-Image-2025-10-28-at-13.44.20-682x1024.jpeg\" alt=\"\" class=\"wp-image-221985\" srcset=\"https:\/\/radioljubuski.ba\/wp-content\/uploads\/2025\/10\/WhatsApp-Image-2025-10-28-at-13.44.20-682x1024.jpeg 682w, https:\/\/radioljubuski.ba\/wp-content\/uploads\/2025\/10\/WhatsApp-Image-2025-10-28-at-13.44.20-200x300.jpeg 200w, https:\/\/radioljubuski.ba\/wp-content\/uploads\/2025\/10\/WhatsApp-Image-2025-10-28-at-13.44.20-768x1153.jpeg 768w, https:\/\/radioljubuski.ba\/wp-content\/uploads\/2025\/10\/WhatsApp-Image-2025-10-28-at-13.44.20-1023x1536.jpeg 1023w, https:\/\/radioljubuski.ba\/wp-content\/uploads\/2025\/10\/WhatsApp-Image-2025-10-28-at-13.44.20-8x12.jpeg 8w, https:\/\/radioljubuski.ba\/wp-content\/uploads\/2025\/10\/WhatsApp-Image-2025-10-28-at-13.44.20.jpeg 1066w\" sizes=\"auto, (max-width: 682px) 100vw, 682px\" \/><\/figure>\n\n\n\n<figure class=\"wp-block-image size-large\"><img loading=\"lazy\" decoding=\"async\" width=\"1024\" height=\"683\" data-id=\"221969\" src=\"https:\/\/radioljubuski.ba\/wp-content\/uploads\/2025\/10\/8b758f2e-f36a-4853-a442-8509024e7558-1-1024x683.jpg\" alt=\"\" class=\"wp-image-221969\" srcset=\"https:\/\/radioljubuski.ba\/wp-content\/uploads\/2025\/10\/8b758f2e-f36a-4853-a442-8509024e7558-1-1024x683.jpg 1024w, https:\/\/radioljubuski.ba\/wp-content\/uploads\/2025\/10\/8b758f2e-f36a-4853-a442-8509024e7558-1-300x200.jpg 300w, https:\/\/radioljubuski.ba\/wp-content\/uploads\/2025\/10\/8b758f2e-f36a-4853-a442-8509024e7558-1-768x512.jpg 768w, https:\/\/radioljubuski.ba\/wp-content\/uploads\/2025\/10\/8b758f2e-f36a-4853-a442-8509024e7558-1-1536x1024.jpg 1536w, https:\/\/radioljubuski.ba\/wp-content\/uploads\/2025\/10\/8b758f2e-f36a-4853-a442-8509024e7558-1-18x12.jpg 18w, https:\/\/radioljubuski.ba\/wp-content\/uploads\/2025\/10\/8b758f2e-f36a-4853-a442-8509024e7558-1.jpg 1599w\" sizes=\"auto, (max-width: 1024px) 100vw, 1024px\" \/><\/figure>\n<\/figure>\n\n\n\n<p><\/p>\n\n\n\n<figure class=\"wp-block-image size-large\"><img loading=\"lazy\" decoding=\"async\" width=\"1024\" height=\"683\" src=\"https:\/\/radioljubuski.ba\/wp-content\/uploads\/2025\/10\/15168c01-315c-4895-94a9-01c856feb33e-1024x683.jpg\" alt=\"\" class=\"wp-image-221987\" srcset=\"https:\/\/radioljubuski.ba\/wp-content\/uploads\/2025\/10\/15168c01-315c-4895-94a9-01c856feb33e-1024x683.jpg 1024w, https:\/\/radioljubuski.ba\/wp-content\/uploads\/2025\/10\/15168c01-315c-4895-94a9-01c856feb33e-300x200.jpg 300w, https:\/\/radioljubuski.ba\/wp-content\/uploads\/2025\/10\/15168c01-315c-4895-94a9-01c856feb33e-768x512.jpg 768w, https:\/\/radioljubuski.ba\/wp-content\/uploads\/2025\/10\/15168c01-315c-4895-94a9-01c856feb33e-1536x1024.jpg 1536w, https:\/\/radioljubuski.ba\/wp-content\/uploads\/2025\/10\/15168c01-315c-4895-94a9-01c856feb33e-18x12.jpg 18w, https:\/\/radioljubuski.ba\/wp-content\/uploads\/2025\/10\/15168c01-315c-4895-94a9-01c856feb33e.jpg 1599w\" sizes=\"auto, (max-width: 1024px) 100vw, 1024px\" \/><\/figure>\n\n\n\n<p><br><br>Nakon mise uslijedio je obilazak Fontane di Trevi i \u0160panjolskih stuba, uvijek \u017eivahnog okupljali\u0161ta Rimljana i gostiju. Zviri\u0107ani su potom posjetili Baziliku svetog Petra, izgra\u0111enu na grobu prvog pape, svetog Petra apostola. U molitvi su zastali pred Michelangelovom Pietom, posjetili grob svetog Ivana Pavla II. te ti\u0161inu kapelice klanjanja. Poseban dojam ostavila je kripta s grobovima papa, gdje se \u010duva i grob svetog Petra s natpisom \u201eOvdje po\u010diva Petar\u201c.<\/p>\n\n\n\n<h2 class=\"wp-block-heading\"><\/h2>\n\n\n\n<figure class=\"wp-block-gallery has-nested-images columns-default is-cropped wp-block-gallery-7 is-layout-flex wp-block-gallery-is-layout-flex\">\n<figure class=\"wp-block-image size-large\"><img loading=\"lazy\" decoding=\"async\" width=\"768\" height=\"1024\" data-id=\"221970\" src=\"https:\/\/radioljubuski.ba\/wp-content\/uploads\/2025\/10\/88022673-e50a-45dd-89f7-6b6808ba5052-1-768x1024.jpg\" alt=\"\" class=\"wp-image-221970\" srcset=\"https:\/\/radioljubuski.ba\/wp-content\/uploads\/2025\/10\/88022673-e50a-45dd-89f7-6b6808ba5052-1-768x1024.jpg 768w, https:\/\/radioljubuski.ba\/wp-content\/uploads\/2025\/10\/88022673-e50a-45dd-89f7-6b6808ba5052-1-225x300.jpg 225w, https:\/\/radioljubuski.ba\/wp-content\/uploads\/2025\/10\/88022673-e50a-45dd-89f7-6b6808ba5052-1-1152x1536.jpg 1152w, https:\/\/radioljubuski.ba\/wp-content\/uploads\/2025\/10\/88022673-e50a-45dd-89f7-6b6808ba5052-1-9x12.jpg 9w, https:\/\/radioljubuski.ba\/wp-content\/uploads\/2025\/10\/88022673-e50a-45dd-89f7-6b6808ba5052-1.jpg 1200w\" sizes=\"auto, (max-width: 768px) 100vw, 768px\" \/><\/figure>\n<\/figure>\n\n\n\n<p><\/p>\n\n\n\n<p>Tre\u0107i dan bio je u znaku Vatikana.  Sudjelovali su na sve\u010danoj misi koju je predvodio papa Lav XIV. na Trgu svetog Petra. U ozra\u010dju zajedni\u0161tva s tisu\u0107ama vjernika iz cijelog svijeta, mladi iz Zviri\u0107a molili su i pjevali zajedno s papom, do\u017eivjev\u0161i trenutak koji \u0107e zauvijek pamtiti. <\/p>\n\n\n\n<p><\/p>\n\n\n\n<figure class=\"wp-block-image size-large\"><img loading=\"lazy\" decoding=\"async\" width=\"1024\" height=\"768\" src=\"https:\/\/radioljubuski.ba\/wp-content\/uploads\/2025\/10\/IMG_6432-1-1024x768.jpg\" alt=\"\" class=\"wp-image-221955\" srcset=\"https:\/\/radioljubuski.ba\/wp-content\/uploads\/2025\/10\/IMG_6432-1-1024x768.jpg 1024w, https:\/\/radioljubuski.ba\/wp-content\/uploads\/2025\/10\/IMG_6432-1-300x225.jpg 300w, https:\/\/radioljubuski.ba\/wp-content\/uploads\/2025\/10\/IMG_6432-1-768x576.jpg 768w, https:\/\/radioljubuski.ba\/wp-content\/uploads\/2025\/10\/IMG_6432-1-1536x1152.jpg 1536w, https:\/\/radioljubuski.ba\/wp-content\/uploads\/2025\/10\/IMG_6432-1-2048x1536.jpg 2048w, https:\/\/radioljubuski.ba\/wp-content\/uploads\/2025\/10\/IMG_6432-1-16x12.jpg 16w\" sizes=\"auto, (max-width: 1024px) 100vw, 1024px\" \/><\/figure>\n\n\n\n<h2 class=\"wp-block-heading\"><\/h2>\n\n\n\n<p>Zadnjeg dana Zviri\u0107ani su posjetili Hrvatski zavod svetog Jeronima, sredi\u0161nju instituciju Hrvata u Rimu. U kapelici su se pomolili, a fra Antonio Petric naglasio je kako kako \u201eSvaki Hrvat koji u\u0111e ovdje, osjeti ponos i pripadnost Crkvi i svome narodu\u201c. Put je nastavljen do Panteona, neko\u0107 hrama svih rimskih bogova, danas crkve posve\u0107ene Majci Bo\u017ejoj, te do Trga Navona, \u017eivopisnog prostora prepunog umjetnosti i povijesti.<\/p>\n\n\n\n<p><\/p>\n\n\n\n<figure class=\"wp-block-image size-large\"><img loading=\"lazy\" decoding=\"async\" width=\"1024\" height=\"768\" src=\"https:\/\/radioljubuski.ba\/wp-content\/uploads\/2025\/10\/1ed80e65-a0f0-498a-a5d6-f06d8644cb05-3-1-1024x768.jpg\" alt=\"\" class=\"wp-image-221957\" srcset=\"https:\/\/radioljubuski.ba\/wp-content\/uploads\/2025\/10\/1ed80e65-a0f0-498a-a5d6-f06d8644cb05-3-1-1024x768.jpg 1024w, https:\/\/radioljubuski.ba\/wp-content\/uploads\/2025\/10\/1ed80e65-a0f0-498a-a5d6-f06d8644cb05-3-1-300x225.jpg 300w, https:\/\/radioljubuski.ba\/wp-content\/uploads\/2025\/10\/1ed80e65-a0f0-498a-a5d6-f06d8644cb05-3-1-768x576.jpg 768w, https:\/\/radioljubuski.ba\/wp-content\/uploads\/2025\/10\/1ed80e65-a0f0-498a-a5d6-f06d8644cb05-3-1-1536x1152.jpg 1536w, https:\/\/radioljubuski.ba\/wp-content\/uploads\/2025\/10\/1ed80e65-a0f0-498a-a5d6-f06d8644cb05-3-1-16x12.jpg 16w, https:\/\/radioljubuski.ba\/wp-content\/uploads\/2025\/10\/1ed80e65-a0f0-498a-a5d6-f06d8644cb05-3-1.jpg 1600w\" sizes=\"auto, (max-width: 1024px) 100vw, 1024px\" \/><\/figure>\n\n\n\n<p><\/p>\n\n\n\n<p>&#8220;Bilo je to jedno lijepo duhovno iskustvo i nezaboravan do\u017eivljaj kojeg nosimo u srcu, obi\u0161li smo mnoga mjesta zahvaljuju\u0107i na\u0161em vodi\u010du fra Antoniu Petricu, osobito \u0107emo pamtiti sudjelovanje na svetoj misi koju je predvodio Sveti otac Papa Lav XIV.&#8221;  kazali su nam po povratku sa putovanja.<\/p>\n\n\n\n<p>Na kraju ovog hodo\u010da\u0161\u0107a Zviri\u0107ki zbor se zahvaljuje svima koji su pomogli da se put ostvari ; ministrici financija \u017dZH Blagici Leko, predsjedniku Zviri\u0107ke hrvatske zajednice Velimiru Paponji ,donatorima, prijateljima i obiteljima, te ponajprije fra Anti Vukoji i fra Antoniu Petricu na duhovnom vodstvu, rije\u010dima ohrabrenja i strpljivoj brizi.<\/p>\n\n\n\n<p><\/p>\n\n\n\n<figure class=\"wp-block-gallery has-nested-images columns-default is-cropped wp-block-gallery-8 is-layout-flex wp-block-gallery-is-layout-flex\">\n<figure class=\"wp-block-image size-large\"><img loading=\"lazy\" decoding=\"async\" width=\"768\" height=\"1024\" data-id=\"221971\" src=\"https:\/\/radioljubuski.ba\/wp-content\/uploads\/2025\/10\/IMG_6597-1-768x1024.jpg\" alt=\"\" class=\"wp-image-221971\" srcset=\"https:\/\/radioljubuski.ba\/wp-content\/uploads\/2025\/10\/IMG_6597-1-768x1024.jpg 768w, https:\/\/radioljubuski.ba\/wp-content\/uploads\/2025\/10\/IMG_6597-1-225x300.jpg 225w, https:\/\/radioljubuski.ba\/wp-content\/uploads\/2025\/10\/IMG_6597-1-1152x1536.jpg 1152w, https:\/\/radioljubuski.ba\/wp-content\/uploads\/2025\/10\/IMG_6597-1-1536x2048.jpg 1536w, https:\/\/radioljubuski.ba\/wp-content\/uploads\/2025\/10\/IMG_6597-1-9x12.jpg 9w, https:\/\/radioljubuski.ba\/wp-content\/uploads\/2025\/10\/IMG_6597-1-scaled.jpg 1920w\" sizes=\"auto, (max-width: 768px) 100vw, 768px\" \/><\/figure>\n<\/figure>\n\n\n\n<p><\/p>\n\n\n\n<p>G. Ili\u0107 \/ Radio Ljubu\u0161ki<\/p>\n","protected":false},"excerpt":{"rendered":"<p>\u010clanovi Zviri\u0107kog zbora koji redovito svojim pjevanjem animiraju misna slavlja posjetili su Rim i Vatikan, trinaest mladih pod duhovnim vodstvom fra Ante Vukoje i fra Antonia Petrica provelo je na ovom hodo\u010dasni\u010dkom putovanju nezaboravnih pet dana upoznavaju\u0107i se tisu\u0107ljetnom kulturnom i povijesnom ba\u0161tinom. Prva postaja na ovom hodo\u010dasni\u010dkom putu bila je Bazilika svetog Pavla izvan [&hellip;]<\/p>\n","protected":false},"author":2,"featured_media":221957,"comment_status":"closed","ping_status":"closed","sticky":false,"template":"","format":"standard","meta":{"h5ap_radio_sources":[],"footnotes":""},"categories":[1,3],"tags":[],"class_list":["post-221948","post","type-post","status-publish","format-standard","has-post-thumbnail","hentry","category-bihiregija","category-ljubuski"],"yoast_head":"<!-- This site is optimized with the Yoast SEO plugin v27.5 - https:\/\/yoast.com\/product\/yoast-seo-wordpress\/ -->\n<title>Foto: \u010clanovi Zviri\u0107kog zbora u Vatikanu - RADIO LJUBU\u0160KI<\/title>\n<meta name=\"robots\" content=\"index, follow, max-snippet:-1, max-image-preview:large, max-video-preview:-1\" \/>\n<link rel=\"canonical\" href=\"https:\/\/radioljubuski.ba\/index.php\/2025\/10\/28\/foto-clanovi-zvirickog-zbora-u-vatikanu\/\" \/>\n<meta property=\"og:locale\" content=\"hr_HR\" \/>\n<meta property=\"og:type\" content=\"article\" \/>\n<meta property=\"og:title\" content=\"Foto: \u010clanovi Zviri\u0107kog zbora u Vatikanu - RADIO LJUBU\u0160KI\" \/>\n<meta property=\"og:description\" content=\"\u010clanovi Zviri\u0107kog zbora koji redovito svojim pjevanjem animiraju misna slavlja posjetili su Rim i Vatikan, trinaest mladih pod duhovnim vodstvom fra Ante Vukoje i fra Antonia Petrica provelo je na ovom hodo\u010dasni\u010dkom putovanju nezaboravnih pet dana upoznavaju\u0107i se tisu\u0107ljetnom kulturnom i povijesnom ba\u0161tinom. Prva postaja na ovom hodo\u010dasni\u010dkom putu bila je Bazilika svetog Pavla izvan [&hellip;]\" \/>\n<meta property=\"og:url\" content=\"https:\/\/radioljubuski.ba\/index.php\/2025\/10\/28\/foto-clanovi-zvirickog-zbora-u-vatikanu\/\" \/>\n<meta property=\"og:site_name\" content=\"RADIO LJUBU\u0160KI\" \/>\n<meta property=\"article:publisher\" content=\"https:\/\/www.facebook.com\/Radiio-Ljubuski-1490835324566332\" \/>\n<meta property=\"article:published_time\" content=\"2025-10-28T12:34:06+00:00\" \/>\n<meta property=\"article:modified_time\" content=\"2025-10-30T13:55:00+00:00\" \/>\n<meta property=\"og:image\" content=\"https:\/\/radioljubuski.ba\/wp-content\/uploads\/2025\/10\/1ed80e65-a0f0-498a-a5d6-f06d8644cb05-3-1.jpg\" \/>\n\t<meta property=\"og:image:width\" content=\"1600\" \/>\n\t<meta property=\"og:image:height\" content=\"1200\" \/>\n\t<meta property=\"og:image:type\" content=\"image\/jpeg\" \/>\n<meta name=\"author\" content=\"Radio Ljubu\u0161ki\" \/>\n<meta name=\"twitter:card\" content=\"summary_large_image\" \/>\n<meta name=\"twitter:creator\" content=\"@radioljubuski\" \/>\n<meta name=\"twitter:site\" content=\"@radioljubuski\" \/>\n<meta name=\"twitter:label1\" content=\"Napisao\/la\" \/>\n\t<meta name=\"twitter:data1\" content=\"Radio Ljubu\u0161ki\" \/>\n\t<meta name=\"twitter:label2\" content=\"Procijenjeno vrijeme \u010ditanja\" \/>\n\t<meta name=\"twitter:data2\" content=\"8 minuta\" \/>\n<script type=\"application\/ld+json\" class=\"yoast-schema-graph\">{\"@context\":\"https:\\\/\\\/schema.org\",\"@graph\":[{\"@type\":\"Article\",\"@id\":\"https:\\\/\\\/radioljubuski.ba\\\/index.php\\\/2025\\\/10\\\/28\\\/foto-clanovi-zvirickog-zbora-u-vatikanu\\\/#article\",\"isPartOf\":{\"@id\":\"https:\\\/\\\/radioljubuski.ba\\\/index.php\\\/2025\\\/10\\\/28\\\/foto-clanovi-zvirickog-zbora-u-vatikanu\\\/\"},\"author\":{\"name\":\"Radio Ljubu\u0161ki\",\"@id\":\"https:\\\/\\\/radioljubuski.ba\\\/#\\\/schema\\\/person\\\/19fc700381a780f69665d7956c469e3b\"},\"headline\":\"Foto: \u010clanovi Zviri\u0107kog zbora u Vatikanu\",\"datePublished\":\"2025-10-28T12:34:06+00:00\",\"dateModified\":\"2025-10-30T13:55:00+00:00\",\"mainEntityOfPage\":{\"@id\":\"https:\\\/\\\/radioljubuski.ba\\\/index.php\\\/2025\\\/10\\\/28\\\/foto-clanovi-zvirickog-zbora-u-vatikanu\\\/\"},\"wordCount\":721,\"publisher\":{\"@id\":\"https:\\\/\\\/radioljubuski.ba\\\/#organization\"},\"image\":{\"@id\":\"https:\\\/\\\/radioljubuski.ba\\\/index.php\\\/2025\\\/10\\\/28\\\/foto-clanovi-zvirickog-zbora-u-vatikanu\\\/#primaryimage\"},\"thumbnailUrl\":\"https:\\\/\\\/radioljubuski.ba\\\/wp-content\\\/uploads\\\/2025\\\/10\\\/1ed80e65-a0f0-498a-a5d6-f06d8644cb05-3-1.jpg\",\"articleSection\":[\"BIH i regija\",\"Ljubu\u0161ki\"],\"inLanguage\":\"hr\"},{\"@type\":\"WebPage\",\"@id\":\"https:\\\/\\\/radioljubuski.ba\\\/index.php\\\/2025\\\/10\\\/28\\\/foto-clanovi-zvirickog-zbora-u-vatikanu\\\/\",\"url\":\"https:\\\/\\\/radioljubuski.ba\\\/index.php\\\/2025\\\/10\\\/28\\\/foto-clanovi-zvirickog-zbora-u-vatikanu\\\/\",\"name\":\"Foto: \u010clanovi Zviri\u0107kog zbora u Vatikanu - RADIO LJUBU\u0160KI\",\"isPartOf\":{\"@id\":\"https:\\\/\\\/radioljubuski.ba\\\/#website\"},\"primaryImageOfPage\":{\"@id\":\"https:\\\/\\\/radioljubuski.ba\\\/index.php\\\/2025\\\/10\\\/28\\\/foto-clanovi-zvirickog-zbora-u-vatikanu\\\/#primaryimage\"},\"image\":{\"@id\":\"https:\\\/\\\/radioljubuski.ba\\\/index.php\\\/2025\\\/10\\\/28\\\/foto-clanovi-zvirickog-zbora-u-vatikanu\\\/#primaryimage\"},\"thumbnailUrl\":\"https:\\\/\\\/radioljubuski.ba\\\/wp-content\\\/uploads\\\/2025\\\/10\\\/1ed80e65-a0f0-498a-a5d6-f06d8644cb05-3-1.jpg\",\"datePublished\":\"2025-10-28T12:34:06+00:00\",\"dateModified\":\"2025-10-30T13:55:00+00:00\",\"breadcrumb\":{\"@id\":\"https:\\\/\\\/radioljubuski.ba\\\/index.php\\\/2025\\\/10\\\/28\\\/foto-clanovi-zvirickog-zbora-u-vatikanu\\\/#breadcrumb\"},\"inLanguage\":\"hr\",\"potentialAction\":[{\"@type\":\"ReadAction\",\"target\":[\"https:\\\/\\\/radioljubuski.ba\\\/index.php\\\/2025\\\/10\\\/28\\\/foto-clanovi-zvirickog-zbora-u-vatikanu\\\/\"]}]},{\"@type\":\"ImageObject\",\"inLanguage\":\"hr\",\"@id\":\"https:\\\/\\\/radioljubuski.ba\\\/index.php\\\/2025\\\/10\\\/28\\\/foto-clanovi-zvirickog-zbora-u-vatikanu\\\/#primaryimage\",\"url\":\"https:\\\/\\\/radioljubuski.ba\\\/wp-content\\\/uploads\\\/2025\\\/10\\\/1ed80e65-a0f0-498a-a5d6-f06d8644cb05-3-1.jpg\",\"contentUrl\":\"https:\\\/\\\/radioljubuski.ba\\\/wp-content\\\/uploads\\\/2025\\\/10\\\/1ed80e65-a0f0-498a-a5d6-f06d8644cb05-3-1.jpg\",\"width\":1600,\"height\":1200},{\"@type\":\"BreadcrumbList\",\"@id\":\"https:\\\/\\\/radioljubuski.ba\\\/index.php\\\/2025\\\/10\\\/28\\\/foto-clanovi-zvirickog-zbora-u-vatikanu\\\/#breadcrumb\",\"itemListElement\":[{\"@type\":\"ListItem\",\"position\":1,\"name\":\"Po\u010detna stranica\",\"item\":\"https:\\\/\\\/radioljubuski.ba\\\/\"},{\"@type\":\"ListItem\",\"position\":2,\"name\":\"Foto: \u010clanovi Zviri\u0107kog zbora u Vatikanu\"}]},{\"@type\":\"WebSite\",\"@id\":\"https:\\\/\\\/radioljubuski.ba\\\/#website\",\"url\":\"https:\\\/\\\/radioljubuski.ba\\\/\",\"name\":\"Radio Ljubu\u0161ki\",\"description\":\"Sun\u010dana frekvencija Hercegovine\",\"publisher\":{\"@id\":\"https:\\\/\\\/radioljubuski.ba\\\/#organization\"},\"potentialAction\":[{\"@type\":\"SearchAction\",\"target\":{\"@type\":\"EntryPoint\",\"urlTemplate\":\"https:\\\/\\\/radioljubuski.ba\\\/?s={search_term_string}\"},\"query-input\":{\"@type\":\"PropertyValueSpecification\",\"valueRequired\":true,\"valueName\":\"search_term_string\"}}],\"inLanguage\":\"hr\"},{\"@type\":\"Organization\",\"@id\":\"https:\\\/\\\/radioljubuski.ba\\\/#organization\",\"name\":\"Radio Ljubu\u0161ki\",\"url\":\"https:\\\/\\\/radioljubuski.ba\\\/\",\"logo\":{\"@type\":\"ImageObject\",\"inLanguage\":\"hr\",\"@id\":\"https:\\\/\\\/radioljubuski.ba\\\/#\\\/schema\\\/logo\\\/image\\\/\",\"url\":\"https:\\\/\\\/radioljubuski.ba\\\/wp-content\\\/uploads\\\/2021\\\/02\\\/cropped-Radio_Ljubuski_logo1.jpg\",\"contentUrl\":\"https:\\\/\\\/radioljubuski.ba\\\/wp-content\\\/uploads\\\/2021\\\/02\\\/cropped-Radio_Ljubuski_logo1.jpg\",\"width\":512,\"height\":512,\"caption\":\"Radio Ljubu\u0161ki\"},\"image\":{\"@id\":\"https:\\\/\\\/radioljubuski.ba\\\/#\\\/schema\\\/logo\\\/image\\\/\"},\"sameAs\":[\"https:\\\/\\\/www.facebook.com\\\/Radiio-Ljubuski-1490835324566332\",\"https:\\\/\\\/x.com\\\/radioljubuski\",\"https:\\\/\\\/hr.linkedin.com\\\/company\\\/radio-ljubuski\",\"https:\\\/\\\/www.youtube.com\\\/channel\\\/UCHYaeO_n0Db3tjNGudGpXyw\"]},{\"@type\":\"Person\",\"@id\":\"https:\\\/\\\/radioljubuski.ba\\\/#\\\/schema\\\/person\\\/19fc700381a780f69665d7956c469e3b\",\"name\":\"Radio Ljubu\u0161ki\"}]}<\/script>\n<!-- \/ Yoast SEO plugin. -->","yoast_head_json":{"title":"Foto: \u010clanovi Zviri\u0107kog zbora u Vatikanu - RADIO LJUBU\u0160KI","robots":{"index":"index","follow":"follow","max-snippet":"max-snippet:-1","max-image-preview":"max-image-preview:large","max-video-preview":"max-video-preview:-1"},"canonical":"https:\/\/radioljubuski.ba\/index.php\/2025\/10\/28\/foto-clanovi-zvirickog-zbora-u-vatikanu\/","og_locale":"hr_HR","og_type":"article","og_title":"Foto: \u010clanovi Zviri\u0107kog zbora u Vatikanu - RADIO LJUBU\u0160KI","og_description":"\u010clanovi Zviri\u0107kog zbora koji redovito svojim pjevanjem animiraju misna slavlja posjetili su Rim i Vatikan, trinaest mladih pod duhovnim vodstvom fra Ante Vukoje i fra Antonia Petrica provelo je na ovom hodo\u010dasni\u010dkom putovanju nezaboravnih pet dana upoznavaju\u0107i se tisu\u0107ljetnom kulturnom i povijesnom ba\u0161tinom. Prva postaja na ovom hodo\u010dasni\u010dkom putu bila je Bazilika svetog Pavla izvan [&hellip;]","og_url":"https:\/\/radioljubuski.ba\/index.php\/2025\/10\/28\/foto-clanovi-zvirickog-zbora-u-vatikanu\/","og_site_name":"RADIO LJUBU\u0160KI","article_publisher":"https:\/\/www.facebook.com\/Radiio-Ljubuski-1490835324566332","article_published_time":"2025-10-28T12:34:06+00:00","article_modified_time":"2025-10-30T13:55:00+00:00","og_image":[{"width":1600,"height":1200,"url":"https:\/\/radioljubuski.ba\/wp-content\/uploads\/2025\/10\/1ed80e65-a0f0-498a-a5d6-f06d8644cb05-3-1.jpg","type":"image\/jpeg"}],"author":"Radio Ljubu\u0161ki","twitter_card":"summary_large_image","twitter_creator":"@radioljubuski","twitter_site":"@radioljubuski","twitter_misc":{"Napisao\/la":"Radio Ljubu\u0161ki","Procijenjeno vrijeme \u010ditanja":"8 minuta"},"schema":{"@context":"https:\/\/schema.org","@graph":[{"@type":"Article","@id":"https:\/\/radioljubuski.ba\/index.php\/2025\/10\/28\/foto-clanovi-zvirickog-zbora-u-vatikanu\/#article","isPartOf":{"@id":"https:\/\/radioljubuski.ba\/index.php\/2025\/10\/28\/foto-clanovi-zvirickog-zbora-u-vatikanu\/"},"author":{"name":"Radio Ljubu\u0161ki","@id":"https:\/\/radioljubuski.ba\/#\/schema\/person\/19fc700381a780f69665d7956c469e3b"},"headline":"Foto: \u010clanovi Zviri\u0107kog zbora u Vatikanu","datePublished":"2025-10-28T12:34:06+00:00","dateModified":"2025-10-30T13:55:00+00:00","mainEntityOfPage":{"@id":"https:\/\/radioljubuski.ba\/index.php\/2025\/10\/28\/foto-clanovi-zvirickog-zbora-u-vatikanu\/"},"wordCount":721,"publisher":{"@id":"https:\/\/radioljubuski.ba\/#organization"},"image":{"@id":"https:\/\/radioljubuski.ba\/index.php\/2025\/10\/28\/foto-clanovi-zvirickog-zbora-u-vatikanu\/#primaryimage"},"thumbnailUrl":"https:\/\/radioljubuski.ba\/wp-content\/uploads\/2025\/10\/1ed80e65-a0f0-498a-a5d6-f06d8644cb05-3-1.jpg","articleSection":["BIH i regija","Ljubu\u0161ki"],"inLanguage":"hr"},{"@type":"WebPage","@id":"https:\/\/radioljubuski.ba\/index.php\/2025\/10\/28\/foto-clanovi-zvirickog-zbora-u-vatikanu\/","url":"https:\/\/radioljubuski.ba\/index.php\/2025\/10\/28\/foto-clanovi-zvirickog-zbora-u-vatikanu\/","name":"Foto: \u010clanovi Zviri\u0107kog zbora u Vatikanu - RADIO LJUBU\u0160KI","isPartOf":{"@id":"https:\/\/radioljubuski.ba\/#website"},"primaryImageOfPage":{"@id":"https:\/\/radioljubuski.ba\/index.php\/2025\/10\/28\/foto-clanovi-zvirickog-zbora-u-vatikanu\/#primaryimage"},"image":{"@id":"https:\/\/radioljubuski.ba\/index.php\/2025\/10\/28\/foto-clanovi-zvirickog-zbora-u-vatikanu\/#primaryimage"},"thumbnailUrl":"https:\/\/radioljubuski.ba\/wp-content\/uploads\/2025\/10\/1ed80e65-a0f0-498a-a5d6-f06d8644cb05-3-1.jpg","datePublished":"2025-10-28T12:34:06+00:00","dateModified":"2025-10-30T13:55:00+00:00","breadcrumb":{"@id":"https:\/\/radioljubuski.ba\/index.php\/2025\/10\/28\/foto-clanovi-zvirickog-zbora-u-vatikanu\/#breadcrumb"},"inLanguage":"hr","potentialAction":[{"@type":"ReadAction","target":["https:\/\/radioljubuski.ba\/index.php\/2025\/10\/28\/foto-clanovi-zvirickog-zbora-u-vatikanu\/"]}]},{"@type":"ImageObject","inLanguage":"hr","@id":"https:\/\/radioljubuski.ba\/index.php\/2025\/10\/28\/foto-clanovi-zvirickog-zbora-u-vatikanu\/#primaryimage","url":"https:\/\/radioljubuski.ba\/wp-content\/uploads\/2025\/10\/1ed80e65-a0f0-498a-a5d6-f06d8644cb05-3-1.jpg","contentUrl":"https:\/\/radioljubuski.ba\/wp-content\/uploads\/2025\/10\/1ed80e65-a0f0-498a-a5d6-f06d8644cb05-3-1.jpg","width":1600,"height":1200},{"@type":"BreadcrumbList","@id":"https:\/\/radioljubuski.ba\/index.php\/2025\/10\/28\/foto-clanovi-zvirickog-zbora-u-vatikanu\/#breadcrumb","itemListElement":[{"@type":"ListItem","position":1,"name":"Po\u010detna stranica","item":"https:\/\/radioljubuski.ba\/"},{"@type":"ListItem","position":2,"name":"Foto: \u010clanovi Zviri\u0107kog zbora u Vatikanu"}]},{"@type":"WebSite","@id":"https:\/\/radioljubuski.ba\/#website","url":"https:\/\/radioljubuski.ba\/","name":"Radio Ljubu\u0161ki","description":"Sun\u010dana frekvencija Hercegovine","publisher":{"@id":"https:\/\/radioljubuski.ba\/#organization"},"potentialAction":[{"@type":"SearchAction","target":{"@type":"EntryPoint","urlTemplate":"https:\/\/radioljubuski.ba\/?s={search_term_string}"},"query-input":{"@type":"PropertyValueSpecification","valueRequired":true,"valueName":"search_term_string"}}],"inLanguage":"hr"},{"@type":"Organization","@id":"https:\/\/radioljubuski.ba\/#organization","name":"Radio Ljubu\u0161ki","url":"https:\/\/radioljubuski.ba\/","logo":{"@type":"ImageObject","inLanguage":"hr","@id":"https:\/\/radioljubuski.ba\/#\/schema\/logo\/image\/","url":"https:\/\/radioljubuski.ba\/wp-content\/uploads\/2021\/02\/cropped-Radio_Ljubuski_logo1.jpg","contentUrl":"https:\/\/radioljubuski.ba\/wp-content\/uploads\/2021\/02\/cropped-Radio_Ljubuski_logo1.jpg","width":512,"height":512,"caption":"Radio Ljubu\u0161ki"},"image":{"@id":"https:\/\/radioljubuski.ba\/#\/schema\/logo\/image\/"},"sameAs":["https:\/\/www.facebook.com\/Radiio-Ljubuski-1490835324566332","https:\/\/x.com\/radioljubuski","https:\/\/hr.linkedin.com\/company\/radio-ljubuski","https:\/\/www.youtube.com\/channel\/UCHYaeO_n0Db3tjNGudGpXyw"]},{"@type":"Person","@id":"https:\/\/radioljubuski.ba\/#\/schema\/person\/19fc700381a780f69665d7956c469e3b","name":"Radio Ljubu\u0161ki"}]}},"_links":{"self":[{"href":"https:\/\/radioljubuski.ba\/index.php\/wp-json\/wp\/v2\/posts\/221948","targetHints":{"allow":["GET"]}}],"collection":[{"href":"https:\/\/radioljubuski.ba\/index.php\/wp-json\/wp\/v2\/posts"}],"about":[{"href":"https:\/\/radioljubuski.ba\/index.php\/wp-json\/wp\/v2\/types\/post"}],"author":[{"embeddable":true,"href":"https:\/\/radioljubuski.ba\/index.php\/wp-json\/wp\/v2\/users\/2"}],"replies":[{"embeddable":true,"href":"https:\/\/radioljubuski.ba\/index.php\/wp-json\/wp\/v2\/comments?post=221948"}],"version-history":[{"count":16,"href":"https:\/\/radioljubuski.ba\/index.php\/wp-json\/wp\/v2\/posts\/221948\/revisions"}],"predecessor-version":[{"id":222008,"href":"https:\/\/radioljubuski.ba\/index.php\/wp-json\/wp\/v2\/posts\/221948\/revisions\/222008"}],"wp:featuredmedia":[{"embeddable":true,"href":"https:\/\/radioljubuski.ba\/index.php\/wp-json\/wp\/v2\/media\/221957"}],"wp:attachment":[{"href":"https:\/\/radioljubuski.ba\/index.php\/wp-json\/wp\/v2\/media?parent=221948"}],"wp:term":[{"taxonomy":"category","embeddable":true,"href":"https:\/\/radioljubuski.ba\/index.php\/wp-json\/wp\/v2\/categories?post=221948"},{"taxonomy":"post_tag","embeddable":true,"href":"https:\/\/radioljubuski.ba\/index.php\/wp-json\/wp\/v2\/tags?post=221948"}],"curies":[{"name":"wp","href":"https:\/\/api.w.org\/{rel}","templated":true}]}}