{"id":221989,"date":"2025-10-28T18:24:30","date_gmt":"2025-10-28T17:24:30","guid":{"rendered":"https:\/\/radioljubuski.ba\/?p=221989"},"modified":"2025-10-28T18:24:31","modified_gmt":"2025-10-28T17:24:31","slug":"vlada-federacije-bih-priznanja-za-vrhunske-sportske-rezultate-rk-izvidac-te-boksacima-leonu-vranjesu-i-petru-nosicu","status":"publish","type":"post","link":"https:\/\/radioljubuski.ba\/index.php\/2025\/10\/28\/vlada-federacije-bih-priznanja-za-vrhunske-sportske-rezultate-rk-izvidac-te-boksacima-leonu-vranjesu-i-petru-nosicu\/","title":{"rendered":"Vlada Federacije BiH: Priznanja za vrhunske sportske rezultate RK Izvi\u0111a\u010d te boksa\u010dima Leonu Vranje\u0161u i Petru Nosi\u0107u"},"content":{"rendered":"\n<p>Premijer Federacije Bosne i Hercegovine Nermin Nik\u0161i\u0107 i federalna ministrica kulture i sporta Sanja Vlaisavljevi\u0107 uru\u010dili su danas u Sarajevu priznanja sporta\u0161ima, trenerima i klubovima iz cijele Federacije BiH za ostvarene vrhunske sportske rezultate na me\u0111unarodnim i dr\u017eavnim natjecanjima.<\/p>\n\n\n\n<p>Priznanja se dodjeljuju u skladu sa Uredbom o odre\u0111ivanju kriterija za dodjeljivanje nagrada sporta\u0161ima, sportskim radnicima i sportskim udru\u017eenjima iz Federacije BiH.<\/p>\n\n\n\n<p><strong>Ljubu\u0161ki sporta\u0161i koji su nagra\u0111eni za vrhunske sportske rezultate<\/strong><\/p>\n\n\n\n<p>Za osvojeno prvo mjesto u Premijer ligi BiH u sezoni 2024.\/2025., priznanje je dobio <strong>Rukometni klub Izvi\u0111a\u010d Ljubu\u0161ki.<\/strong><\/p>\n\n\n\n<figure class=\"wp-block-image size-full\"><img loading=\"lazy\" decoding=\"async\" width=\"2000\" height=\"1500\" src=\"https:\/\/radioljubuski.ba\/wp-content\/uploads\/2025\/10\/FB_IMG_1761671927796.jpg\" alt=\"\" class=\"wp-image-222005\" srcset=\"https:\/\/radioljubuski.ba\/wp-content\/uploads\/2025\/10\/FB_IMG_1761671927796.jpg 2000w, https:\/\/radioljubuski.ba\/wp-content\/uploads\/2025\/10\/FB_IMG_1761671927796-300x225.jpg 300w, https:\/\/radioljubuski.ba\/wp-content\/uploads\/2025\/10\/FB_IMG_1761671927796-1024x768.jpg 1024w, https:\/\/radioljubuski.ba\/wp-content\/uploads\/2025\/10\/FB_IMG_1761671927796-768x576.jpg 768w, https:\/\/radioljubuski.ba\/wp-content\/uploads\/2025\/10\/FB_IMG_1761671927796-1536x1152.jpg 1536w, https:\/\/radioljubuski.ba\/wp-content\/uploads\/2025\/10\/FB_IMG_1761671927796-16x12.jpg 16w\" sizes=\"auto, (max-width: 2000px) 100vw, 2000px\" \/><\/figure>\n\n\n\n<p>U kategoriji boksa, priznanja su dobili:<\/p>\n\n\n\n<p>\u2022 <strong>Petar Nosi\u0107, \u010dlan Boksa\u010dkog kluba Maji\u0107 Ljubu\u0161ki<\/strong>, za osvojeno 1. mjesto (zlatna medalja) na Dr\u017eavnom prvenstvu BiH u kategoriji do 80 kg.<\/p>\n\n\n\n<figure class=\"wp-block-image size-large\"><img loading=\"lazy\" decoding=\"async\" width=\"1024\" height=\"686\" src=\"https:\/\/radioljubuski.ba\/wp-content\/uploads\/2025\/10\/IMG_20251028_175710-1024x686.jpg\" alt=\"\" class=\"wp-image-221997\" srcset=\"https:\/\/radioljubuski.ba\/wp-content\/uploads\/2025\/10\/IMG_20251028_175710-1024x686.jpg 1024w, https:\/\/radioljubuski.ba\/wp-content\/uploads\/2025\/10\/IMG_20251028_175710-300x201.jpg 300w, https:\/\/radioljubuski.ba\/wp-content\/uploads\/2025\/10\/IMG_20251028_175710-768x515.jpg 768w, https:\/\/radioljubuski.ba\/wp-content\/uploads\/2025\/10\/IMG_20251028_175710-18x12.jpg 18w, https:\/\/radioljubuski.ba\/wp-content\/uploads\/2025\/10\/IMG_20251028_175710.jpg 1080w\" sizes=\"auto, (max-width: 1024px) 100vw, 1024px\" \/><\/figure>\n\n\n\n<p>\u2022 <strong>Leon Vranje\u0161, \u010dlan Boksa\u010dkog kluba Ljubu\u0161ki<\/strong>, za osvojeno 1. mjesto (zlatna medalja) na Dr\u017eavnom prvenstvu BiH u kategoriji do 54 kg.<\/p>\n\n\n\n<figure class=\"wp-block-image size-large\"><img loading=\"lazy\" decoding=\"async\" width=\"768\" height=\"1024\" src=\"https:\/\/radioljubuski.ba\/wp-content\/uploads\/2025\/10\/IMG-20251028-WA0007-768x1024.jpg\" alt=\"\" class=\"wp-image-221995\" srcset=\"https:\/\/radioljubuski.ba\/wp-content\/uploads\/2025\/10\/IMG-20251028-WA0007-768x1024.jpg 768w, https:\/\/radioljubuski.ba\/wp-content\/uploads\/2025\/10\/IMG-20251028-WA0007-225x300.jpg 225w, https:\/\/radioljubuski.ba\/wp-content\/uploads\/2025\/10\/IMG-20251028-WA0007-1152x1536.jpg 1152w, https:\/\/radioljubuski.ba\/wp-content\/uploads\/2025\/10\/IMG-20251028-WA0007-9x12.jpg 9w, https:\/\/radioljubuski.ba\/wp-content\/uploads\/2025\/10\/IMG-20251028-WA0007.jpg 1200w\" sizes=\"auto, (max-width: 768px) 100vw, 768px\" \/><\/figure>\n\n\n\n<p>Ukupno je dodijeljeno vi\u0161e od 1,3 milijuna KM za 195 sporta\u0161a, 31 trenera i 13 klubova za izuzetne sportske uspjehe postignute u prvoj polovini 2025. godine i od lipnja do studenog 2024. godine, kao i za ostvarene rezultate u ne olimpijskim sportovima u 2025. godini.<\/p>\n\n\n\n<p>Dodjelom ovih priznanja Vlada Federacije BiH nagradila je sporta\u0161e za ostvarene vrhunske sportske rezultate, a Ljubu\u0161ki s ponosom ima svoje predstavnike me\u0111u najboljima.<\/p>\n\n\n\n<p>Radio Ljubu\u0161ki<\/p>\n\n\n\n<p>Naslovna: Voditelj ekipe RK Izvi\u0111a\u010d Agram Nedan Zovak nakon uru\u010denja priznanja s federalnim premijerom Nerminom Nik\u0161i\u0107em i ministricom kulture Sanjom Vlaisavljevi\u0107<\/p>\n","protected":false},"excerpt":{"rendered":"<p>Premijer Federacije Bosne i Hercegovine Nermin Nik\u0161i\u0107 i federalna ministrica kulture i sporta Sanja Vlaisavljevi\u0107 uru\u010dili su danas u Sarajevu priznanja sporta\u0161ima, trenerima i klubovima iz cijele Federacije BiH za ostvarene vrhunske sportske rezultate na me\u0111unarodnim i dr\u017eavnim natjecanjima. Priznanja se dodjeljuju u skladu sa Uredbom o odre\u0111ivanju kriterija za dodjeljivanje nagrada sporta\u0161ima, sportskim radnicima [&hellip;]<\/p>\n","protected":false},"author":2,"featured_media":221993,"comment_status":"closed","ping_status":"closed","sticky":false,"template":"","format":"standard","meta":{"h5ap_radio_sources":[],"footnotes":""},"categories":[1,3],"tags":[],"class_list":["post-221989","post","type-post","status-publish","format-standard","has-post-thumbnail","hentry","category-bihiregija","category-ljubuski"],"yoast_head":"<!-- This site is optimized with the Yoast SEO plugin v27.5 - https:\/\/yoast.com\/product\/yoast-seo-wordpress\/ -->\n<title>Vlada Federacije BiH: Priznanja za vrhunske sportske rezultate RK Izvi\u0111a\u010d te boksa\u010dima Leonu Vranje\u0161u i Petru Nosi\u0107u - RADIO LJUBU\u0160KI<\/title>\n<meta name=\"robots\" content=\"index, follow, max-snippet:-1, max-image-preview:large, max-video-preview:-1\" \/>\n<link rel=\"canonical\" href=\"https:\/\/radioljubuski.ba\/index.php\/2025\/10\/28\/vlada-federacije-bih-priznanja-za-vrhunske-sportske-rezultate-rk-izvidac-te-boksacima-leonu-vranjesu-i-petru-nosicu\/\" \/>\n<meta property=\"og:locale\" content=\"hr_HR\" \/>\n<meta property=\"og:type\" content=\"article\" \/>\n<meta property=\"og:title\" content=\"Vlada Federacije BiH: Priznanja za vrhunske sportske rezultate RK Izvi\u0111a\u010d te boksa\u010dima Leonu Vranje\u0161u i Petru Nosi\u0107u - RADIO LJUBU\u0160KI\" \/>\n<meta property=\"og:description\" content=\"Premijer Federacije Bosne i Hercegovine Nermin Nik\u0161i\u0107 i federalna ministrica kulture i sporta Sanja Vlaisavljevi\u0107 uru\u010dili su danas u Sarajevu priznanja sporta\u0161ima, trenerima i klubovima iz cijele Federacije BiH za ostvarene vrhunske sportske rezultate na me\u0111unarodnim i dr\u017eavnim natjecanjima. Priznanja se dodjeljuju u skladu sa Uredbom o odre\u0111ivanju kriterija za dodjeljivanje nagrada sporta\u0161ima, sportskim radnicima [&hellip;]\" \/>\n<meta property=\"og:url\" content=\"https:\/\/radioljubuski.ba\/index.php\/2025\/10\/28\/vlada-federacije-bih-priznanja-za-vrhunske-sportske-rezultate-rk-izvidac-te-boksacima-leonu-vranjesu-i-petru-nosicu\/\" \/>\n<meta property=\"og:site_name\" content=\"RADIO LJUBU\u0160KI\" \/>\n<meta property=\"article:publisher\" content=\"https:\/\/www.facebook.com\/Radiio-Ljubuski-1490835324566332\" \/>\n<meta property=\"article:published_time\" content=\"2025-10-28T17:24:30+00:00\" \/>\n<meta property=\"article:modified_time\" content=\"2025-10-28T17:24:31+00:00\" \/>\n<meta property=\"og:image\" content=\"https:\/\/radioljubuski.ba\/wp-content\/uploads\/2025\/10\/FB_IMG_1761666136135.jpg\" \/>\n\t<meta property=\"og:image:width\" content=\"1600\" \/>\n\t<meta property=\"og:image:height\" content=\"900\" \/>\n\t<meta property=\"og:image:type\" content=\"image\/jpeg\" \/>\n<meta name=\"author\" content=\"Radio Ljubu\u0161ki\" \/>\n<meta name=\"twitter:card\" content=\"summary_large_image\" \/>\n<meta name=\"twitter:creator\" content=\"@radioljubuski\" \/>\n<meta name=\"twitter:site\" content=\"@radioljubuski\" \/>\n<meta name=\"twitter:label1\" content=\"Napisao\/la\" \/>\n\t<meta name=\"twitter:data1\" content=\"Radio Ljubu\u0161ki\" \/>\n\t<meta name=\"twitter:label2\" content=\"Procijenjeno vrijeme \u010ditanja\" \/>\n\t<meta name=\"twitter:data2\" content=\"3 minute\" \/>\n<script type=\"application\/ld+json\" class=\"yoast-schema-graph\">{\"@context\":\"https:\\\/\\\/schema.org\",\"@graph\":[{\"@type\":\"Article\",\"@id\":\"https:\\\/\\\/radioljubuski.ba\\\/index.php\\\/2025\\\/10\\\/28\\\/vlada-federacije-bih-priznanja-za-vrhunske-sportske-rezultate-rk-izvidac-te-boksacima-leonu-vranjesu-i-petru-nosicu\\\/#article\",\"isPartOf\":{\"@id\":\"https:\\\/\\\/radioljubuski.ba\\\/index.php\\\/2025\\\/10\\\/28\\\/vlada-federacije-bih-priznanja-za-vrhunske-sportske-rezultate-rk-izvidac-te-boksacima-leonu-vranjesu-i-petru-nosicu\\\/\"},\"author\":{\"name\":\"Radio Ljubu\u0161ki\",\"@id\":\"https:\\\/\\\/radioljubuski.ba\\\/#\\\/schema\\\/person\\\/19fc700381a780f69665d7956c469e3b\"},\"headline\":\"Vlada Federacije BiH: Priznanja za vrhunske sportske rezultate RK Izvi\u0111a\u010d te boksa\u010dima Leonu Vranje\u0161u i Petru Nosi\u0107u\",\"datePublished\":\"2025-10-28T17:24:30+00:00\",\"dateModified\":\"2025-10-28T17:24:31+00:00\",\"mainEntityOfPage\":{\"@id\":\"https:\\\/\\\/radioljubuski.ba\\\/index.php\\\/2025\\\/10\\\/28\\\/vlada-federacije-bih-priznanja-za-vrhunske-sportske-rezultate-rk-izvidac-te-boksacima-leonu-vranjesu-i-petru-nosicu\\\/\"},\"wordCount\":266,\"publisher\":{\"@id\":\"https:\\\/\\\/radioljubuski.ba\\\/#organization\"},\"image\":{\"@id\":\"https:\\\/\\\/radioljubuski.ba\\\/index.php\\\/2025\\\/10\\\/28\\\/vlada-federacije-bih-priznanja-za-vrhunske-sportske-rezultate-rk-izvidac-te-boksacima-leonu-vranjesu-i-petru-nosicu\\\/#primaryimage\"},\"thumbnailUrl\":\"https:\\\/\\\/radioljubuski.ba\\\/wp-content\\\/uploads\\\/2025\\\/10\\\/FB_IMG_1761666136135.jpg\",\"articleSection\":[\"BIH i regija\",\"Ljubu\u0161ki\"],\"inLanguage\":\"hr\"},{\"@type\":\"WebPage\",\"@id\":\"https:\\\/\\\/radioljubuski.ba\\\/index.php\\\/2025\\\/10\\\/28\\\/vlada-federacije-bih-priznanja-za-vrhunske-sportske-rezultate-rk-izvidac-te-boksacima-leonu-vranjesu-i-petru-nosicu\\\/\",\"url\":\"https:\\\/\\\/radioljubuski.ba\\\/index.php\\\/2025\\\/10\\\/28\\\/vlada-federacije-bih-priznanja-za-vrhunske-sportske-rezultate-rk-izvidac-te-boksacima-leonu-vranjesu-i-petru-nosicu\\\/\",\"name\":\"Vlada Federacije BiH: Priznanja za vrhunske sportske rezultate RK Izvi\u0111a\u010d te boksa\u010dima Leonu Vranje\u0161u i Petru Nosi\u0107u - RADIO LJUBU\u0160KI\",\"isPartOf\":{\"@id\":\"https:\\\/\\\/radioljubuski.ba\\\/#website\"},\"primaryImageOfPage\":{\"@id\":\"https:\\\/\\\/radioljubuski.ba\\\/index.php\\\/2025\\\/10\\\/28\\\/vlada-federacije-bih-priznanja-za-vrhunske-sportske-rezultate-rk-izvidac-te-boksacima-leonu-vranjesu-i-petru-nosicu\\\/#primaryimage\"},\"image\":{\"@id\":\"https:\\\/\\\/radioljubuski.ba\\\/index.php\\\/2025\\\/10\\\/28\\\/vlada-federacije-bih-priznanja-za-vrhunske-sportske-rezultate-rk-izvidac-te-boksacima-leonu-vranjesu-i-petru-nosicu\\\/#primaryimage\"},\"thumbnailUrl\":\"https:\\\/\\\/radioljubuski.ba\\\/wp-content\\\/uploads\\\/2025\\\/10\\\/FB_IMG_1761666136135.jpg\",\"datePublished\":\"2025-10-28T17:24:30+00:00\",\"dateModified\":\"2025-10-28T17:24:31+00:00\",\"breadcrumb\":{\"@id\":\"https:\\\/\\\/radioljubuski.ba\\\/index.php\\\/2025\\\/10\\\/28\\\/vlada-federacije-bih-priznanja-za-vrhunske-sportske-rezultate-rk-izvidac-te-boksacima-leonu-vranjesu-i-petru-nosicu\\\/#breadcrumb\"},\"inLanguage\":\"hr\",\"potentialAction\":[{\"@type\":\"ReadAction\",\"target\":[\"https:\\\/\\\/radioljubuski.ba\\\/index.php\\\/2025\\\/10\\\/28\\\/vlada-federacije-bih-priznanja-za-vrhunske-sportske-rezultate-rk-izvidac-te-boksacima-leonu-vranjesu-i-petru-nosicu\\\/\"]}]},{\"@type\":\"ImageObject\",\"inLanguage\":\"hr\",\"@id\":\"https:\\\/\\\/radioljubuski.ba\\\/index.php\\\/2025\\\/10\\\/28\\\/vlada-federacije-bih-priznanja-za-vrhunske-sportske-rezultate-rk-izvidac-te-boksacima-leonu-vranjesu-i-petru-nosicu\\\/#primaryimage\",\"url\":\"https:\\\/\\\/radioljubuski.ba\\\/wp-content\\\/uploads\\\/2025\\\/10\\\/FB_IMG_1761666136135.jpg\",\"contentUrl\":\"https:\\\/\\\/radioljubuski.ba\\\/wp-content\\\/uploads\\\/2025\\\/10\\\/FB_IMG_1761666136135.jpg\",\"width\":1600,\"height\":900},{\"@type\":\"BreadcrumbList\",\"@id\":\"https:\\\/\\\/radioljubuski.ba\\\/index.php\\\/2025\\\/10\\\/28\\\/vlada-federacije-bih-priznanja-za-vrhunske-sportske-rezultate-rk-izvidac-te-boksacima-leonu-vranjesu-i-petru-nosicu\\\/#breadcrumb\",\"itemListElement\":[{\"@type\":\"ListItem\",\"position\":1,\"name\":\"Po\u010detna stranica\",\"item\":\"https:\\\/\\\/radioljubuski.ba\\\/\"},{\"@type\":\"ListItem\",\"position\":2,\"name\":\"Vlada Federacije BiH: Priznanja za vrhunske sportske rezultate RK Izvi\u0111a\u010d te boksa\u010dima Leonu Vranje\u0161u i Petru Nosi\u0107u\"}]},{\"@type\":\"WebSite\",\"@id\":\"https:\\\/\\\/radioljubuski.ba\\\/#website\",\"url\":\"https:\\\/\\\/radioljubuski.ba\\\/\",\"name\":\"Radio Ljubu\u0161ki\",\"description\":\"Sun\u010dana frekvencija Hercegovine\",\"publisher\":{\"@id\":\"https:\\\/\\\/radioljubuski.ba\\\/#organization\"},\"potentialAction\":[{\"@type\":\"SearchAction\",\"target\":{\"@type\":\"EntryPoint\",\"urlTemplate\":\"https:\\\/\\\/radioljubuski.ba\\\/?s={search_term_string}\"},\"query-input\":{\"@type\":\"PropertyValueSpecification\",\"valueRequired\":true,\"valueName\":\"search_term_string\"}}],\"inLanguage\":\"hr\"},{\"@type\":\"Organization\",\"@id\":\"https:\\\/\\\/radioljubuski.ba\\\/#organization\",\"name\":\"Radio Ljubu\u0161ki\",\"url\":\"https:\\\/\\\/radioljubuski.ba\\\/\",\"logo\":{\"@type\":\"ImageObject\",\"inLanguage\":\"hr\",\"@id\":\"https:\\\/\\\/radioljubuski.ba\\\/#\\\/schema\\\/logo\\\/image\\\/\",\"url\":\"https:\\\/\\\/radioljubuski.ba\\\/wp-content\\\/uploads\\\/2021\\\/02\\\/cropped-Radio_Ljubuski_logo1.jpg\",\"contentUrl\":\"https:\\\/\\\/radioljubuski.ba\\\/wp-content\\\/uploads\\\/2021\\\/02\\\/cropped-Radio_Ljubuski_logo1.jpg\",\"width\":512,\"height\":512,\"caption\":\"Radio Ljubu\u0161ki\"},\"image\":{\"@id\":\"https:\\\/\\\/radioljubuski.ba\\\/#\\\/schema\\\/logo\\\/image\\\/\"},\"sameAs\":[\"https:\\\/\\\/www.facebook.com\\\/Radiio-Ljubuski-1490835324566332\",\"https:\\\/\\\/x.com\\\/radioljubuski\",\"https:\\\/\\\/hr.linkedin.com\\\/company\\\/radio-ljubuski\",\"https:\\\/\\\/www.youtube.com\\\/channel\\\/UCHYaeO_n0Db3tjNGudGpXyw\"]},{\"@type\":\"Person\",\"@id\":\"https:\\\/\\\/radioljubuski.ba\\\/#\\\/schema\\\/person\\\/19fc700381a780f69665d7956c469e3b\",\"name\":\"Radio Ljubu\u0161ki\"}]}<\/script>\n<!-- \/ Yoast SEO plugin. -->","yoast_head_json":{"title":"Vlada Federacije BiH: Priznanja za vrhunske sportske rezultate RK Izvi\u0111a\u010d te boksa\u010dima Leonu Vranje\u0161u i Petru Nosi\u0107u - RADIO LJUBU\u0160KI","robots":{"index":"index","follow":"follow","max-snippet":"max-snippet:-1","max-image-preview":"max-image-preview:large","max-video-preview":"max-video-preview:-1"},"canonical":"https:\/\/radioljubuski.ba\/index.php\/2025\/10\/28\/vlada-federacije-bih-priznanja-za-vrhunske-sportske-rezultate-rk-izvidac-te-boksacima-leonu-vranjesu-i-petru-nosicu\/","og_locale":"hr_HR","og_type":"article","og_title":"Vlada Federacije BiH: Priznanja za vrhunske sportske rezultate RK Izvi\u0111a\u010d te boksa\u010dima Leonu Vranje\u0161u i Petru Nosi\u0107u - RADIO LJUBU\u0160KI","og_description":"Premijer Federacije Bosne i Hercegovine Nermin Nik\u0161i\u0107 i federalna ministrica kulture i sporta Sanja Vlaisavljevi\u0107 uru\u010dili su danas u Sarajevu priznanja sporta\u0161ima, trenerima i klubovima iz cijele Federacije BiH za ostvarene vrhunske sportske rezultate na me\u0111unarodnim i dr\u017eavnim natjecanjima. Priznanja se dodjeljuju u skladu sa Uredbom o odre\u0111ivanju kriterija za dodjeljivanje nagrada sporta\u0161ima, sportskim radnicima [&hellip;]","og_url":"https:\/\/radioljubuski.ba\/index.php\/2025\/10\/28\/vlada-federacije-bih-priznanja-za-vrhunske-sportske-rezultate-rk-izvidac-te-boksacima-leonu-vranjesu-i-petru-nosicu\/","og_site_name":"RADIO LJUBU\u0160KI","article_publisher":"https:\/\/www.facebook.com\/Radiio-Ljubuski-1490835324566332","article_published_time":"2025-10-28T17:24:30+00:00","article_modified_time":"2025-10-28T17:24:31+00:00","og_image":[{"width":1600,"height":900,"url":"https:\/\/radioljubuski.ba\/wp-content\/uploads\/2025\/10\/FB_IMG_1761666136135.jpg","type":"image\/jpeg"}],"author":"Radio Ljubu\u0161ki","twitter_card":"summary_large_image","twitter_creator":"@radioljubuski","twitter_site":"@radioljubuski","twitter_misc":{"Napisao\/la":"Radio Ljubu\u0161ki","Procijenjeno vrijeme \u010ditanja":"3 minute"},"schema":{"@context":"https:\/\/schema.org","@graph":[{"@type":"Article","@id":"https:\/\/radioljubuski.ba\/index.php\/2025\/10\/28\/vlada-federacije-bih-priznanja-za-vrhunske-sportske-rezultate-rk-izvidac-te-boksacima-leonu-vranjesu-i-petru-nosicu\/#article","isPartOf":{"@id":"https:\/\/radioljubuski.ba\/index.php\/2025\/10\/28\/vlada-federacije-bih-priznanja-za-vrhunske-sportske-rezultate-rk-izvidac-te-boksacima-leonu-vranjesu-i-petru-nosicu\/"},"author":{"name":"Radio Ljubu\u0161ki","@id":"https:\/\/radioljubuski.ba\/#\/schema\/person\/19fc700381a780f69665d7956c469e3b"},"headline":"Vlada Federacije BiH: Priznanja za vrhunske sportske rezultate RK Izvi\u0111a\u010d te boksa\u010dima Leonu Vranje\u0161u i Petru Nosi\u0107u","datePublished":"2025-10-28T17:24:30+00:00","dateModified":"2025-10-28T17:24:31+00:00","mainEntityOfPage":{"@id":"https:\/\/radioljubuski.ba\/index.php\/2025\/10\/28\/vlada-federacije-bih-priznanja-za-vrhunske-sportske-rezultate-rk-izvidac-te-boksacima-leonu-vranjesu-i-petru-nosicu\/"},"wordCount":266,"publisher":{"@id":"https:\/\/radioljubuski.ba\/#organization"},"image":{"@id":"https:\/\/radioljubuski.ba\/index.php\/2025\/10\/28\/vlada-federacije-bih-priznanja-za-vrhunske-sportske-rezultate-rk-izvidac-te-boksacima-leonu-vranjesu-i-petru-nosicu\/#primaryimage"},"thumbnailUrl":"https:\/\/radioljubuski.ba\/wp-content\/uploads\/2025\/10\/FB_IMG_1761666136135.jpg","articleSection":["BIH i regija","Ljubu\u0161ki"],"inLanguage":"hr"},{"@type":"WebPage","@id":"https:\/\/radioljubuski.ba\/index.php\/2025\/10\/28\/vlada-federacije-bih-priznanja-za-vrhunske-sportske-rezultate-rk-izvidac-te-boksacima-leonu-vranjesu-i-petru-nosicu\/","url":"https:\/\/radioljubuski.ba\/index.php\/2025\/10\/28\/vlada-federacije-bih-priznanja-za-vrhunske-sportske-rezultate-rk-izvidac-te-boksacima-leonu-vranjesu-i-petru-nosicu\/","name":"Vlada Federacije BiH: Priznanja za vrhunske sportske rezultate RK Izvi\u0111a\u010d te boksa\u010dima Leonu Vranje\u0161u i Petru Nosi\u0107u - RADIO LJUBU\u0160KI","isPartOf":{"@id":"https:\/\/radioljubuski.ba\/#website"},"primaryImageOfPage":{"@id":"https:\/\/radioljubuski.ba\/index.php\/2025\/10\/28\/vlada-federacije-bih-priznanja-za-vrhunske-sportske-rezultate-rk-izvidac-te-boksacima-leonu-vranjesu-i-petru-nosicu\/#primaryimage"},"image":{"@id":"https:\/\/radioljubuski.ba\/index.php\/2025\/10\/28\/vlada-federacije-bih-priznanja-za-vrhunske-sportske-rezultate-rk-izvidac-te-boksacima-leonu-vranjesu-i-petru-nosicu\/#primaryimage"},"thumbnailUrl":"https:\/\/radioljubuski.ba\/wp-content\/uploads\/2025\/10\/FB_IMG_1761666136135.jpg","datePublished":"2025-10-28T17:24:30+00:00","dateModified":"2025-10-28T17:24:31+00:00","breadcrumb":{"@id":"https:\/\/radioljubuski.ba\/index.php\/2025\/10\/28\/vlada-federacije-bih-priznanja-za-vrhunske-sportske-rezultate-rk-izvidac-te-boksacima-leonu-vranjesu-i-petru-nosicu\/#breadcrumb"},"inLanguage":"hr","potentialAction":[{"@type":"ReadAction","target":["https:\/\/radioljubuski.ba\/index.php\/2025\/10\/28\/vlada-federacije-bih-priznanja-za-vrhunske-sportske-rezultate-rk-izvidac-te-boksacima-leonu-vranjesu-i-petru-nosicu\/"]}]},{"@type":"ImageObject","inLanguage":"hr","@id":"https:\/\/radioljubuski.ba\/index.php\/2025\/10\/28\/vlada-federacije-bih-priznanja-za-vrhunske-sportske-rezultate-rk-izvidac-te-boksacima-leonu-vranjesu-i-petru-nosicu\/#primaryimage","url":"https:\/\/radioljubuski.ba\/wp-content\/uploads\/2025\/10\/FB_IMG_1761666136135.jpg","contentUrl":"https:\/\/radioljubuski.ba\/wp-content\/uploads\/2025\/10\/FB_IMG_1761666136135.jpg","width":1600,"height":900},{"@type":"BreadcrumbList","@id":"https:\/\/radioljubuski.ba\/index.php\/2025\/10\/28\/vlada-federacije-bih-priznanja-za-vrhunske-sportske-rezultate-rk-izvidac-te-boksacima-leonu-vranjesu-i-petru-nosicu\/#breadcrumb","itemListElement":[{"@type":"ListItem","position":1,"name":"Po\u010detna stranica","item":"https:\/\/radioljubuski.ba\/"},{"@type":"ListItem","position":2,"name":"Vlada Federacije BiH: Priznanja za vrhunske sportske rezultate RK Izvi\u0111a\u010d te boksa\u010dima Leonu Vranje\u0161u i Petru Nosi\u0107u"}]},{"@type":"WebSite","@id":"https:\/\/radioljubuski.ba\/#website","url":"https:\/\/radioljubuski.ba\/","name":"Radio Ljubu\u0161ki","description":"Sun\u010dana frekvencija Hercegovine","publisher":{"@id":"https:\/\/radioljubuski.ba\/#organization"},"potentialAction":[{"@type":"SearchAction","target":{"@type":"EntryPoint","urlTemplate":"https:\/\/radioljubuski.ba\/?s={search_term_string}"},"query-input":{"@type":"PropertyValueSpecification","valueRequired":true,"valueName":"search_term_string"}}],"inLanguage":"hr"},{"@type":"Organization","@id":"https:\/\/radioljubuski.ba\/#organization","name":"Radio Ljubu\u0161ki","url":"https:\/\/radioljubuski.ba\/","logo":{"@type":"ImageObject","inLanguage":"hr","@id":"https:\/\/radioljubuski.ba\/#\/schema\/logo\/image\/","url":"https:\/\/radioljubuski.ba\/wp-content\/uploads\/2021\/02\/cropped-Radio_Ljubuski_logo1.jpg","contentUrl":"https:\/\/radioljubuski.ba\/wp-content\/uploads\/2021\/02\/cropped-Radio_Ljubuski_logo1.jpg","width":512,"height":512,"caption":"Radio Ljubu\u0161ki"},"image":{"@id":"https:\/\/radioljubuski.ba\/#\/schema\/logo\/image\/"},"sameAs":["https:\/\/www.facebook.com\/Radiio-Ljubuski-1490835324566332","https:\/\/x.com\/radioljubuski","https:\/\/hr.linkedin.com\/company\/radio-ljubuski","https:\/\/www.youtube.com\/channel\/UCHYaeO_n0Db3tjNGudGpXyw"]},{"@type":"Person","@id":"https:\/\/radioljubuski.ba\/#\/schema\/person\/19fc700381a780f69665d7956c469e3b","name":"Radio Ljubu\u0161ki"}]}},"_links":{"self":[{"href":"https:\/\/radioljubuski.ba\/index.php\/wp-json\/wp\/v2\/posts\/221989","targetHints":{"allow":["GET"]}}],"collection":[{"href":"https:\/\/radioljubuski.ba\/index.php\/wp-json\/wp\/v2\/posts"}],"about":[{"href":"https:\/\/radioljubuski.ba\/index.php\/wp-json\/wp\/v2\/types\/post"}],"author":[{"embeddable":true,"href":"https:\/\/radioljubuski.ba\/index.php\/wp-json\/wp\/v2\/users\/2"}],"replies":[{"embeddable":true,"href":"https:\/\/radioljubuski.ba\/index.php\/wp-json\/wp\/v2\/comments?post=221989"}],"version-history":[{"count":11,"href":"https:\/\/radioljubuski.ba\/index.php\/wp-json\/wp\/v2\/posts\/221989\/revisions"}],"predecessor-version":[{"id":222007,"href":"https:\/\/radioljubuski.ba\/index.php\/wp-json\/wp\/v2\/posts\/221989\/revisions\/222007"}],"wp:featuredmedia":[{"embeddable":true,"href":"https:\/\/radioljubuski.ba\/index.php\/wp-json\/wp\/v2\/media\/221993"}],"wp:attachment":[{"href":"https:\/\/radioljubuski.ba\/index.php\/wp-json\/wp\/v2\/media?parent=221989"}],"wp:term":[{"taxonomy":"category","embeddable":true,"href":"https:\/\/radioljubuski.ba\/index.php\/wp-json\/wp\/v2\/categories?post=221989"},{"taxonomy":"post_tag","embeddable":true,"href":"https:\/\/radioljubuski.ba\/index.php\/wp-json\/wp\/v2\/tags?post=221989"}],"curies":[{"name":"wp","href":"https:\/\/api.w.org\/{rel}","templated":true}]}}