{"id":222576,"date":"2025-11-21T08:51:54","date_gmt":"2025-11-21T07:51:54","guid":{"rendered":"https:\/\/radioljubuski.ba\/?p=222576"},"modified":"2025-11-21T08:51:55","modified_gmt":"2025-11-21T07:51:55","slug":"forum-mladih-2025-umijece-zivljenja-mladi-i-ocuvanje-tradicijskih-zanata-odrzan-u-sirokom-brijegu","status":"publish","type":"post","link":"https:\/\/radioljubuski.ba\/index.php\/2025\/11\/21\/forum-mladih-2025-umijece-zivljenja-mladi-i-ocuvanje-tradicijskih-zanata-odrzan-u-sirokom-brijegu\/","title":{"rendered":"FORUM MLADIH 2025.: \u201eUMIJE\u0106E \u017dIVLJENJA \u2013 MLADI I O\u010cUVANJE TRADICIJSKIH ZANATA\u201c ODR\u017dAN U \u0160IROKOM BRIJEGU"},"content":{"rendered":"\n<p>Ured Vlade \u017dupanije Zapadnohercegova\u010dke za europske integracije i ove je godine, po tre\u0107i put zaredom, organizirao Forum mladih, koji je danas 20. studenoga 2025. odr\u017ean u \u0160irokom Brijegu u suradnji s Dru\u0161tvom za digitalizaciju tradicijske kulturne ba\u0161tine. Ovogodi\u0161nja tema bila je \u201eUmije\u0107e \u017eivljenja: Mladi i o\u010duvanje tradicijskih zanata\u201c, s posebnim naglaskom na aktivno uklju\u010divanje mladih u o\u010duvanje nematerijalne kulturne ba\u0161tine.<\/p>\n\n\n\n<p>Prisutnima su se na po\u010detku doga\u0111aja obratili Ivan Jurilj, ravnatelj Ureda Vlade \u017dZH za europske integracije, Maja Soldo, ravnateljica Zavoda za kulturno-povijesnu ba\u0161tinu, te Toni Mari\u0107, predsjednik Dru\u0161tva za digitalizaciju tradicijske kulturne ba\u0161tine. U svojim obra\u0107anjima istaknuli su va\u017enost uklju\u010divanja mladih u procese o\u010duvanja tradicijskih vje\u0161tina te naglasili ulogu obrazovnih institucija u preno\u0161enju kulturnog identiteta.<\/p>\n\n\n\n<figure class=\"wp-block-image\"><img decoding=\"async\" src=\"https:\/\/www.eui-zzh.ba\/images\/Screenshot_20251120_162825_Gallery.jpg\" alt=\"Screenshot 20251120 162825 Gallery\"\/><\/figure>\n\n\n\n<p>Forum je odr\u017ean u sklopu manifestacije \u201eDani o\u010duvanja nematerijalne kulturne ba\u0161tine \u017dupanije Zapadnohercegova\u010dke \u2013 \u0160iroki Brijeg 2025.\u201c, koja traje od 19. do 22. studenoga. U\u010denici zavr\u0161nih razreda srednjih strukovnih \u0161kola iz cijele \u017dupanije sudjelovali su u radionicama o tradicijskim zanatima, no\u0161njama, zlatovezu i tradicijskim glazbalima, gdje su kroz prakti\u010dan rad dobili priliku upoznati procese nastanka tradicijskih rukotvorina.<\/p>\n\n\n\n<figure class=\"wp-block-image\"><img decoding=\"async\" src=\"https:\/\/www.eui-zzh.ba\/images\/Screenshot_20251120_155347_Gallery.jpg\" alt=\"Screenshot 20251120 155347 Gallery\"\/><\/figure>\n\n\n\n<p>Program se odvijao na vi\u0161e lokacija, uklju\u010duju\u0107i Akademiju likovnih umjetnosti u \u0160irokom Brijegu i Franjeva\u010dki muzej i galeriju \u0160iroki Brijeg. Nakon radionica, u\u010denici su obi\u0161li Akademiju gdje su se upoznali s radovima studenata i procesom nastanka umjetni\u010dkih djela, dok su u Franjeva\u010dkom muzeju i galeriji razgledali bogatu zbirku umjetnina koja svjedo\u010di o kulturnom stvarala\u0161tvu ovoga kraja.<\/p>\n\n\n\n<figure class=\"wp-block-image\"><img decoding=\"async\" src=\"https:\/\/www.eui-zzh.ba\/images\/333.jpg\" alt=\"333\"\/><\/figure>\n\n\n\n<figure class=\"wp-block-image\"><img decoding=\"async\" src=\"https:\/\/www.eui-zzh.ba\/images\/Screenshot_20251120_155032_Gallery.jpg\" alt=\"Screenshot 20251120 155032 Gallery\"\/><\/figure>\n\n\n\n<p>Program Foruma podr\u017eali su Ministarstvo obrazovanja, znanosti, kulture i \u0161porta \u017dZH, Grad \u0160iroki Brijeg, Grad Ljubu\u0161ki, Op\u0107ina Posu\u0161je, Op\u0107ina Grude, Federalno ministarstvo kulture i \u0161porta, Ministarstvo civilnih poslova BiH te Sredi\u0161nji dr\u017eavni ured za Hrvate izvan Republike Hrvatske.<\/p>\n\n\n\n<figure class=\"wp-block-image\"><img decoding=\"async\" src=\"https:\/\/www.eui-zzh.ba\/images\/222.jpg\" alt=\"222\"\/><\/figure>\n\n\n\n<p>Forum mladih 2025. jo\u0161 je jednom potvrdio va\u017enost uklju\u010divanja mladih u o\u010duvanje tradicijskih vje\u0161tina i ja\u010danje kulturnog identiteta, kao i njihovu klju\u010dnu ulogu u preno\u0161enju ba\u0161tine budu\u0107im generacijama.<\/p>\n\n\n\n<p><\/p>\n\n\n\n<p>Ured Vlade \u017dupanije Zapadnohercegova\u010dke za europske integracije<\/p>\n\n\n\n<p><\/p>\n","protected":false},"excerpt":{"rendered":"<p>Ured Vlade \u017dupanije Zapadnohercegova\u010dke za europske integracije i ove je godine, po tre\u0107i put zaredom, organizirao Forum mladih, koji je danas 20. studenoga 2025. odr\u017ean u \u0160irokom Brijegu u suradnji s Dru\u0161tvom za digitalizaciju tradicijske kulturne ba\u0161tine. Ovogodi\u0161nja tema bila je \u201eUmije\u0107e \u017eivljenja: Mladi i o\u010duvanje tradicijskih zanata\u201c, s posebnim naglaskom na aktivno uklju\u010divanje mladih [&hellip;]<\/p>\n","protected":false},"author":2,"featured_media":222577,"comment_status":"closed","ping_status":"closed","sticky":false,"template":"","format":"standard","meta":{"h5ap_radio_sources":[],"footnotes":""},"categories":[30],"tags":[],"class_list":["post-222576","post","type-post","status-publish","format-standard","has-post-thumbnail","hentry","category-zupanija-zapadnohercegovacka"],"yoast_head":"<!-- This site is optimized with the Yoast SEO plugin v27.5 - https:\/\/yoast.com\/product\/yoast-seo-wordpress\/ -->\n<title>FORUM MLADIH 2025.: \u201eUMIJE\u0106E \u017dIVLJENJA \u2013 MLADI I O\u010cUVANJE TRADICIJSKIH ZANATA\u201c ODR\u017dAN U \u0160IROKOM BRIJEGU - RADIO LJUBU\u0160KI<\/title>\n<meta name=\"robots\" content=\"index, follow, max-snippet:-1, max-image-preview:large, max-video-preview:-1\" \/>\n<link rel=\"canonical\" href=\"https:\/\/radioljubuski.ba\/index.php\/2025\/11\/21\/forum-mladih-2025-umijece-zivljenja-mladi-i-ocuvanje-tradicijskih-zanata-odrzan-u-sirokom-brijegu\/\" \/>\n<meta property=\"og:locale\" content=\"hr_HR\" \/>\n<meta property=\"og:type\" content=\"article\" \/>\n<meta property=\"og:title\" content=\"FORUM MLADIH 2025.: \u201eUMIJE\u0106E \u017dIVLJENJA \u2013 MLADI I O\u010cUVANJE TRADICIJSKIH ZANATA\u201c ODR\u017dAN U \u0160IROKOM BRIJEGU - RADIO LJUBU\u0160KI\" \/>\n<meta property=\"og:description\" content=\"Ured Vlade \u017dupanije Zapadnohercegova\u010dke za europske integracije i ove je godine, po tre\u0107i put zaredom, organizirao Forum mladih, koji je danas 20. studenoga 2025. odr\u017ean u \u0160irokom Brijegu u suradnji s Dru\u0161tvom za digitalizaciju tradicijske kulturne ba\u0161tine. Ovogodi\u0161nja tema bila je \u201eUmije\u0107e \u017eivljenja: Mladi i o\u010duvanje tradicijskih zanata\u201c, s posebnim naglaskom na aktivno uklju\u010divanje mladih [&hellip;]\" \/>\n<meta property=\"og:url\" content=\"https:\/\/radioljubuski.ba\/index.php\/2025\/11\/21\/forum-mladih-2025-umijece-zivljenja-mladi-i-ocuvanje-tradicijskih-zanata-odrzan-u-sirokom-brijegu\/\" \/>\n<meta property=\"og:site_name\" content=\"RADIO LJUBU\u0160KI\" \/>\n<meta property=\"article:publisher\" content=\"https:\/\/www.facebook.com\/Radiio-Ljubuski-1490835324566332\" \/>\n<meta property=\"article:published_time\" content=\"2025-11-21T07:51:54+00:00\" \/>\n<meta property=\"article:modified_time\" content=\"2025-11-21T07:51:55+00:00\" \/>\n<meta property=\"og:image\" content=\"https:\/\/radioljubuski.ba\/wp-content\/uploads\/2025\/11\/Screenshot_20251120_154548_Gallery.jpg\" \/>\n\t<meta property=\"og:image:width\" content=\"1080\" \/>\n\t<meta property=\"og:image:height\" content=\"760\" \/>\n\t<meta property=\"og:image:type\" content=\"image\/jpeg\" \/>\n<meta name=\"author\" content=\"Radio Ljubu\u0161ki\" \/>\n<meta name=\"twitter:card\" content=\"summary_large_image\" \/>\n<meta name=\"twitter:creator\" content=\"@radioljubuski\" \/>\n<meta name=\"twitter:site\" content=\"@radioljubuski\" \/>\n<meta name=\"twitter:label1\" content=\"Napisao\/la\" \/>\n\t<meta name=\"twitter:data1\" content=\"Radio Ljubu\u0161ki\" \/>\n\t<meta name=\"twitter:label2\" content=\"Procijenjeno vrijeme \u010ditanja\" \/>\n\t<meta name=\"twitter:data2\" content=\"3 minute\" \/>\n<script type=\"application\/ld+json\" class=\"yoast-schema-graph\">{\"@context\":\"https:\\\/\\\/schema.org\",\"@graph\":[{\"@type\":\"Article\",\"@id\":\"https:\\\/\\\/radioljubuski.ba\\\/index.php\\\/2025\\\/11\\\/21\\\/forum-mladih-2025-umijece-zivljenja-mladi-i-ocuvanje-tradicijskih-zanata-odrzan-u-sirokom-brijegu\\\/#article\",\"isPartOf\":{\"@id\":\"https:\\\/\\\/radioljubuski.ba\\\/index.php\\\/2025\\\/11\\\/21\\\/forum-mladih-2025-umijece-zivljenja-mladi-i-ocuvanje-tradicijskih-zanata-odrzan-u-sirokom-brijegu\\\/\"},\"author\":{\"name\":\"Radio Ljubu\u0161ki\",\"@id\":\"https:\\\/\\\/radioljubuski.ba\\\/#\\\/schema\\\/person\\\/19fc700381a780f69665d7956c469e3b\"},\"headline\":\"FORUM MLADIH 2025.: \u201eUMIJE\u0106E \u017dIVLJENJA \u2013 MLADI I O\u010cUVANJE TRADICIJSKIH ZANATA\u201c ODR\u017dAN U \u0160IROKOM BRIJEGU\",\"datePublished\":\"2025-11-21T07:51:54+00:00\",\"dateModified\":\"2025-11-21T07:51:55+00:00\",\"mainEntityOfPage\":{\"@id\":\"https:\\\/\\\/radioljubuski.ba\\\/index.php\\\/2025\\\/11\\\/21\\\/forum-mladih-2025-umijece-zivljenja-mladi-i-ocuvanje-tradicijskih-zanata-odrzan-u-sirokom-brijegu\\\/\"},\"wordCount\":367,\"publisher\":{\"@id\":\"https:\\\/\\\/radioljubuski.ba\\\/#organization\"},\"image\":{\"@id\":\"https:\\\/\\\/radioljubuski.ba\\\/index.php\\\/2025\\\/11\\\/21\\\/forum-mladih-2025-umijece-zivljenja-mladi-i-ocuvanje-tradicijskih-zanata-odrzan-u-sirokom-brijegu\\\/#primaryimage\"},\"thumbnailUrl\":\"https:\\\/\\\/radioljubuski.ba\\\/wp-content\\\/uploads\\\/2025\\\/11\\\/Screenshot_20251120_154548_Gallery.jpg\",\"articleSection\":[\"\u017dupanija Zapadnohercegova\u010dka\"],\"inLanguage\":\"hr\"},{\"@type\":\"WebPage\",\"@id\":\"https:\\\/\\\/radioljubuski.ba\\\/index.php\\\/2025\\\/11\\\/21\\\/forum-mladih-2025-umijece-zivljenja-mladi-i-ocuvanje-tradicijskih-zanata-odrzan-u-sirokom-brijegu\\\/\",\"url\":\"https:\\\/\\\/radioljubuski.ba\\\/index.php\\\/2025\\\/11\\\/21\\\/forum-mladih-2025-umijece-zivljenja-mladi-i-ocuvanje-tradicijskih-zanata-odrzan-u-sirokom-brijegu\\\/\",\"name\":\"FORUM MLADIH 2025.: \u201eUMIJE\u0106E \u017dIVLJENJA \u2013 MLADI I O\u010cUVANJE TRADICIJSKIH ZANATA\u201c ODR\u017dAN U \u0160IROKOM BRIJEGU - RADIO LJUBU\u0160KI\",\"isPartOf\":{\"@id\":\"https:\\\/\\\/radioljubuski.ba\\\/#website\"},\"primaryImageOfPage\":{\"@id\":\"https:\\\/\\\/radioljubuski.ba\\\/index.php\\\/2025\\\/11\\\/21\\\/forum-mladih-2025-umijece-zivljenja-mladi-i-ocuvanje-tradicijskih-zanata-odrzan-u-sirokom-brijegu\\\/#primaryimage\"},\"image\":{\"@id\":\"https:\\\/\\\/radioljubuski.ba\\\/index.php\\\/2025\\\/11\\\/21\\\/forum-mladih-2025-umijece-zivljenja-mladi-i-ocuvanje-tradicijskih-zanata-odrzan-u-sirokom-brijegu\\\/#primaryimage\"},\"thumbnailUrl\":\"https:\\\/\\\/radioljubuski.ba\\\/wp-content\\\/uploads\\\/2025\\\/11\\\/Screenshot_20251120_154548_Gallery.jpg\",\"datePublished\":\"2025-11-21T07:51:54+00:00\",\"dateModified\":\"2025-11-21T07:51:55+00:00\",\"breadcrumb\":{\"@id\":\"https:\\\/\\\/radioljubuski.ba\\\/index.php\\\/2025\\\/11\\\/21\\\/forum-mladih-2025-umijece-zivljenja-mladi-i-ocuvanje-tradicijskih-zanata-odrzan-u-sirokom-brijegu\\\/#breadcrumb\"},\"inLanguage\":\"hr\",\"potentialAction\":[{\"@type\":\"ReadAction\",\"target\":[\"https:\\\/\\\/radioljubuski.ba\\\/index.php\\\/2025\\\/11\\\/21\\\/forum-mladih-2025-umijece-zivljenja-mladi-i-ocuvanje-tradicijskih-zanata-odrzan-u-sirokom-brijegu\\\/\"]}]},{\"@type\":\"ImageObject\",\"inLanguage\":\"hr\",\"@id\":\"https:\\\/\\\/radioljubuski.ba\\\/index.php\\\/2025\\\/11\\\/21\\\/forum-mladih-2025-umijece-zivljenja-mladi-i-ocuvanje-tradicijskih-zanata-odrzan-u-sirokom-brijegu\\\/#primaryimage\",\"url\":\"https:\\\/\\\/radioljubuski.ba\\\/wp-content\\\/uploads\\\/2025\\\/11\\\/Screenshot_20251120_154548_Gallery.jpg\",\"contentUrl\":\"https:\\\/\\\/radioljubuski.ba\\\/wp-content\\\/uploads\\\/2025\\\/11\\\/Screenshot_20251120_154548_Gallery.jpg\",\"width\":1080,\"height\":760},{\"@type\":\"BreadcrumbList\",\"@id\":\"https:\\\/\\\/radioljubuski.ba\\\/index.php\\\/2025\\\/11\\\/21\\\/forum-mladih-2025-umijece-zivljenja-mladi-i-ocuvanje-tradicijskih-zanata-odrzan-u-sirokom-brijegu\\\/#breadcrumb\",\"itemListElement\":[{\"@type\":\"ListItem\",\"position\":1,\"name\":\"Po\u010detna stranica\",\"item\":\"https:\\\/\\\/radioljubuski.ba\\\/\"},{\"@type\":\"ListItem\",\"position\":2,\"name\":\"FORUM MLADIH 2025.: \u201eUMIJE\u0106E \u017dIVLJENJA \u2013 MLADI I O\u010cUVANJE TRADICIJSKIH ZANATA\u201c ODR\u017dAN U \u0160IROKOM BRIJEGU\"}]},{\"@type\":\"WebSite\",\"@id\":\"https:\\\/\\\/radioljubuski.ba\\\/#website\",\"url\":\"https:\\\/\\\/radioljubuski.ba\\\/\",\"name\":\"Radio Ljubu\u0161ki\",\"description\":\"Sun\u010dana frekvencija Hercegovine\",\"publisher\":{\"@id\":\"https:\\\/\\\/radioljubuski.ba\\\/#organization\"},\"potentialAction\":[{\"@type\":\"SearchAction\",\"target\":{\"@type\":\"EntryPoint\",\"urlTemplate\":\"https:\\\/\\\/radioljubuski.ba\\\/?s={search_term_string}\"},\"query-input\":{\"@type\":\"PropertyValueSpecification\",\"valueRequired\":true,\"valueName\":\"search_term_string\"}}],\"inLanguage\":\"hr\"},{\"@type\":\"Organization\",\"@id\":\"https:\\\/\\\/radioljubuski.ba\\\/#organization\",\"name\":\"Radio Ljubu\u0161ki\",\"url\":\"https:\\\/\\\/radioljubuski.ba\\\/\",\"logo\":{\"@type\":\"ImageObject\",\"inLanguage\":\"hr\",\"@id\":\"https:\\\/\\\/radioljubuski.ba\\\/#\\\/schema\\\/logo\\\/image\\\/\",\"url\":\"https:\\\/\\\/radioljubuski.ba\\\/wp-content\\\/uploads\\\/2021\\\/02\\\/cropped-Radio_Ljubuski_logo1.jpg\",\"contentUrl\":\"https:\\\/\\\/radioljubuski.ba\\\/wp-content\\\/uploads\\\/2021\\\/02\\\/cropped-Radio_Ljubuski_logo1.jpg\",\"width\":512,\"height\":512,\"caption\":\"Radio Ljubu\u0161ki\"},\"image\":{\"@id\":\"https:\\\/\\\/radioljubuski.ba\\\/#\\\/schema\\\/logo\\\/image\\\/\"},\"sameAs\":[\"https:\\\/\\\/www.facebook.com\\\/Radiio-Ljubuski-1490835324566332\",\"https:\\\/\\\/x.com\\\/radioljubuski\",\"https:\\\/\\\/hr.linkedin.com\\\/company\\\/radio-ljubuski\",\"https:\\\/\\\/www.youtube.com\\\/channel\\\/UCHYaeO_n0Db3tjNGudGpXyw\"]},{\"@type\":\"Person\",\"@id\":\"https:\\\/\\\/radioljubuski.ba\\\/#\\\/schema\\\/person\\\/19fc700381a780f69665d7956c469e3b\",\"name\":\"Radio Ljubu\u0161ki\"}]}<\/script>\n<!-- \/ Yoast SEO plugin. -->","yoast_head_json":{"title":"FORUM MLADIH 2025.: \u201eUMIJE\u0106E \u017dIVLJENJA \u2013 MLADI I O\u010cUVANJE TRADICIJSKIH ZANATA\u201c ODR\u017dAN U \u0160IROKOM BRIJEGU - RADIO LJUBU\u0160KI","robots":{"index":"index","follow":"follow","max-snippet":"max-snippet:-1","max-image-preview":"max-image-preview:large","max-video-preview":"max-video-preview:-1"},"canonical":"https:\/\/radioljubuski.ba\/index.php\/2025\/11\/21\/forum-mladih-2025-umijece-zivljenja-mladi-i-ocuvanje-tradicijskih-zanata-odrzan-u-sirokom-brijegu\/","og_locale":"hr_HR","og_type":"article","og_title":"FORUM MLADIH 2025.: \u201eUMIJE\u0106E \u017dIVLJENJA \u2013 MLADI I O\u010cUVANJE TRADICIJSKIH ZANATA\u201c ODR\u017dAN U \u0160IROKOM BRIJEGU - RADIO LJUBU\u0160KI","og_description":"Ured Vlade \u017dupanije Zapadnohercegova\u010dke za europske integracije i ove je godine, po tre\u0107i put zaredom, organizirao Forum mladih, koji je danas 20. studenoga 2025. odr\u017ean u \u0160irokom Brijegu u suradnji s Dru\u0161tvom za digitalizaciju tradicijske kulturne ba\u0161tine. Ovogodi\u0161nja tema bila je \u201eUmije\u0107e \u017eivljenja: Mladi i o\u010duvanje tradicijskih zanata\u201c, s posebnim naglaskom na aktivno uklju\u010divanje mladih [&hellip;]","og_url":"https:\/\/radioljubuski.ba\/index.php\/2025\/11\/21\/forum-mladih-2025-umijece-zivljenja-mladi-i-ocuvanje-tradicijskih-zanata-odrzan-u-sirokom-brijegu\/","og_site_name":"RADIO LJUBU\u0160KI","article_publisher":"https:\/\/www.facebook.com\/Radiio-Ljubuski-1490835324566332","article_published_time":"2025-11-21T07:51:54+00:00","article_modified_time":"2025-11-21T07:51:55+00:00","og_image":[{"width":1080,"height":760,"url":"https:\/\/radioljubuski.ba\/wp-content\/uploads\/2025\/11\/Screenshot_20251120_154548_Gallery.jpg","type":"image\/jpeg"}],"author":"Radio Ljubu\u0161ki","twitter_card":"summary_large_image","twitter_creator":"@radioljubuski","twitter_site":"@radioljubuski","twitter_misc":{"Napisao\/la":"Radio Ljubu\u0161ki","Procijenjeno vrijeme \u010ditanja":"3 minute"},"schema":{"@context":"https:\/\/schema.org","@graph":[{"@type":"Article","@id":"https:\/\/radioljubuski.ba\/index.php\/2025\/11\/21\/forum-mladih-2025-umijece-zivljenja-mladi-i-ocuvanje-tradicijskih-zanata-odrzan-u-sirokom-brijegu\/#article","isPartOf":{"@id":"https:\/\/radioljubuski.ba\/index.php\/2025\/11\/21\/forum-mladih-2025-umijece-zivljenja-mladi-i-ocuvanje-tradicijskih-zanata-odrzan-u-sirokom-brijegu\/"},"author":{"name":"Radio Ljubu\u0161ki","@id":"https:\/\/radioljubuski.ba\/#\/schema\/person\/19fc700381a780f69665d7956c469e3b"},"headline":"FORUM MLADIH 2025.: \u201eUMIJE\u0106E \u017dIVLJENJA \u2013 MLADI I O\u010cUVANJE TRADICIJSKIH ZANATA\u201c ODR\u017dAN U \u0160IROKOM BRIJEGU","datePublished":"2025-11-21T07:51:54+00:00","dateModified":"2025-11-21T07:51:55+00:00","mainEntityOfPage":{"@id":"https:\/\/radioljubuski.ba\/index.php\/2025\/11\/21\/forum-mladih-2025-umijece-zivljenja-mladi-i-ocuvanje-tradicijskih-zanata-odrzan-u-sirokom-brijegu\/"},"wordCount":367,"publisher":{"@id":"https:\/\/radioljubuski.ba\/#organization"},"image":{"@id":"https:\/\/radioljubuski.ba\/index.php\/2025\/11\/21\/forum-mladih-2025-umijece-zivljenja-mladi-i-ocuvanje-tradicijskih-zanata-odrzan-u-sirokom-brijegu\/#primaryimage"},"thumbnailUrl":"https:\/\/radioljubuski.ba\/wp-content\/uploads\/2025\/11\/Screenshot_20251120_154548_Gallery.jpg","articleSection":["\u017dupanija Zapadnohercegova\u010dka"],"inLanguage":"hr"},{"@type":"WebPage","@id":"https:\/\/radioljubuski.ba\/index.php\/2025\/11\/21\/forum-mladih-2025-umijece-zivljenja-mladi-i-ocuvanje-tradicijskih-zanata-odrzan-u-sirokom-brijegu\/","url":"https:\/\/radioljubuski.ba\/index.php\/2025\/11\/21\/forum-mladih-2025-umijece-zivljenja-mladi-i-ocuvanje-tradicijskih-zanata-odrzan-u-sirokom-brijegu\/","name":"FORUM MLADIH 2025.: \u201eUMIJE\u0106E \u017dIVLJENJA \u2013 MLADI I O\u010cUVANJE TRADICIJSKIH ZANATA\u201c ODR\u017dAN U \u0160IROKOM BRIJEGU - RADIO LJUBU\u0160KI","isPartOf":{"@id":"https:\/\/radioljubuski.ba\/#website"},"primaryImageOfPage":{"@id":"https:\/\/radioljubuski.ba\/index.php\/2025\/11\/21\/forum-mladih-2025-umijece-zivljenja-mladi-i-ocuvanje-tradicijskih-zanata-odrzan-u-sirokom-brijegu\/#primaryimage"},"image":{"@id":"https:\/\/radioljubuski.ba\/index.php\/2025\/11\/21\/forum-mladih-2025-umijece-zivljenja-mladi-i-ocuvanje-tradicijskih-zanata-odrzan-u-sirokom-brijegu\/#primaryimage"},"thumbnailUrl":"https:\/\/radioljubuski.ba\/wp-content\/uploads\/2025\/11\/Screenshot_20251120_154548_Gallery.jpg","datePublished":"2025-11-21T07:51:54+00:00","dateModified":"2025-11-21T07:51:55+00:00","breadcrumb":{"@id":"https:\/\/radioljubuski.ba\/index.php\/2025\/11\/21\/forum-mladih-2025-umijece-zivljenja-mladi-i-ocuvanje-tradicijskih-zanata-odrzan-u-sirokom-brijegu\/#breadcrumb"},"inLanguage":"hr","potentialAction":[{"@type":"ReadAction","target":["https:\/\/radioljubuski.ba\/index.php\/2025\/11\/21\/forum-mladih-2025-umijece-zivljenja-mladi-i-ocuvanje-tradicijskih-zanata-odrzan-u-sirokom-brijegu\/"]}]},{"@type":"ImageObject","inLanguage":"hr","@id":"https:\/\/radioljubuski.ba\/index.php\/2025\/11\/21\/forum-mladih-2025-umijece-zivljenja-mladi-i-ocuvanje-tradicijskih-zanata-odrzan-u-sirokom-brijegu\/#primaryimage","url":"https:\/\/radioljubuski.ba\/wp-content\/uploads\/2025\/11\/Screenshot_20251120_154548_Gallery.jpg","contentUrl":"https:\/\/radioljubuski.ba\/wp-content\/uploads\/2025\/11\/Screenshot_20251120_154548_Gallery.jpg","width":1080,"height":760},{"@type":"BreadcrumbList","@id":"https:\/\/radioljubuski.ba\/index.php\/2025\/11\/21\/forum-mladih-2025-umijece-zivljenja-mladi-i-ocuvanje-tradicijskih-zanata-odrzan-u-sirokom-brijegu\/#breadcrumb","itemListElement":[{"@type":"ListItem","position":1,"name":"Po\u010detna stranica","item":"https:\/\/radioljubuski.ba\/"},{"@type":"ListItem","position":2,"name":"FORUM MLADIH 2025.: \u201eUMIJE\u0106E \u017dIVLJENJA \u2013 MLADI I O\u010cUVANJE TRADICIJSKIH ZANATA\u201c ODR\u017dAN U \u0160IROKOM BRIJEGU"}]},{"@type":"WebSite","@id":"https:\/\/radioljubuski.ba\/#website","url":"https:\/\/radioljubuski.ba\/","name":"Radio Ljubu\u0161ki","description":"Sun\u010dana frekvencija Hercegovine","publisher":{"@id":"https:\/\/radioljubuski.ba\/#organization"},"potentialAction":[{"@type":"SearchAction","target":{"@type":"EntryPoint","urlTemplate":"https:\/\/radioljubuski.ba\/?s={search_term_string}"},"query-input":{"@type":"PropertyValueSpecification","valueRequired":true,"valueName":"search_term_string"}}],"inLanguage":"hr"},{"@type":"Organization","@id":"https:\/\/radioljubuski.ba\/#organization","name":"Radio Ljubu\u0161ki","url":"https:\/\/radioljubuski.ba\/","logo":{"@type":"ImageObject","inLanguage":"hr","@id":"https:\/\/radioljubuski.ba\/#\/schema\/logo\/image\/","url":"https:\/\/radioljubuski.ba\/wp-content\/uploads\/2021\/02\/cropped-Radio_Ljubuski_logo1.jpg","contentUrl":"https:\/\/radioljubuski.ba\/wp-content\/uploads\/2021\/02\/cropped-Radio_Ljubuski_logo1.jpg","width":512,"height":512,"caption":"Radio Ljubu\u0161ki"},"image":{"@id":"https:\/\/radioljubuski.ba\/#\/schema\/logo\/image\/"},"sameAs":["https:\/\/www.facebook.com\/Radiio-Ljubuski-1490835324566332","https:\/\/x.com\/radioljubuski","https:\/\/hr.linkedin.com\/company\/radio-ljubuski","https:\/\/www.youtube.com\/channel\/UCHYaeO_n0Db3tjNGudGpXyw"]},{"@type":"Person","@id":"https:\/\/radioljubuski.ba\/#\/schema\/person\/19fc700381a780f69665d7956c469e3b","name":"Radio Ljubu\u0161ki"}]}},"_links":{"self":[{"href":"https:\/\/radioljubuski.ba\/index.php\/wp-json\/wp\/v2\/posts\/222576","targetHints":{"allow":["GET"]}}],"collection":[{"href":"https:\/\/radioljubuski.ba\/index.php\/wp-json\/wp\/v2\/posts"}],"about":[{"href":"https:\/\/radioljubuski.ba\/index.php\/wp-json\/wp\/v2\/types\/post"}],"author":[{"embeddable":true,"href":"https:\/\/radioljubuski.ba\/index.php\/wp-json\/wp\/v2\/users\/2"}],"replies":[{"embeddable":true,"href":"https:\/\/radioljubuski.ba\/index.php\/wp-json\/wp\/v2\/comments?post=222576"}],"version-history":[{"count":1,"href":"https:\/\/radioljubuski.ba\/index.php\/wp-json\/wp\/v2\/posts\/222576\/revisions"}],"predecessor-version":[{"id":222578,"href":"https:\/\/radioljubuski.ba\/index.php\/wp-json\/wp\/v2\/posts\/222576\/revisions\/222578"}],"wp:featuredmedia":[{"embeddable":true,"href":"https:\/\/radioljubuski.ba\/index.php\/wp-json\/wp\/v2\/media\/222577"}],"wp:attachment":[{"href":"https:\/\/radioljubuski.ba\/index.php\/wp-json\/wp\/v2\/media?parent=222576"}],"wp:term":[{"taxonomy":"category","embeddable":true,"href":"https:\/\/radioljubuski.ba\/index.php\/wp-json\/wp\/v2\/categories?post=222576"},{"taxonomy":"post_tag","embeddable":true,"href":"https:\/\/radioljubuski.ba\/index.php\/wp-json\/wp\/v2\/tags?post=222576"}],"curies":[{"name":"wp","href":"https:\/\/api.w.org\/{rel}","templated":true}]}}