{"id":222985,"date":"2025-11-28T14:22:00","date_gmt":"2025-11-28T13:22:00","guid":{"rendered":"https:\/\/radioljubuski.ba\/?p=222985"},"modified":"2025-11-28T14:22:18","modified_gmt":"2025-11-28T13:22:18","slug":"deveta-sjednica-gradskog-vijeca-ljubuski-bozicnice-umirovljenicima-nagrade-najuspjesnijim-studentima-j-p-parkovi-100-parkiralisnih-mjesta","status":"publish","type":"post","link":"https:\/\/radioljubuski.ba\/index.php\/2025\/11\/28\/deveta-sjednica-gradskog-vijeca-ljubuski-bozicnice-umirovljenicima-nagrade-najuspjesnijim-studentima-j-p-parkovi-100-parkiralisnih-mjesta\/","title":{"rendered":"Deveta sjednica Gradskog vije\u0107a Ljubu\u0161ki: Bo\u017ei\u0107nice umirovljenicima, nagrade najuspje\u0161nijim studentima, J.P. Parkovi 100 parkirali\u0161nih mjesta"},"content":{"rendered":"\n<p>Po \u010detvrti put zaredom Grad Ljubu\u0161ki \u0107e isplatiti bo\u017ei\u0107nice umirovljenicima s minimalnim mirovinama s ciljem potpore ovoj kategoriji stanovni\u0161tva u blagdanskom vremenu. Prijedlog Odluke o isplati jednokratne nov\u010dane pomo\u0107i umirovljenicima Grada Ljubu\u0161kog povodom nadolaze\u0107ih blagdana, na inicijativu gradona\u010delnika Vedrana Markoti\u0107a, jednoglasno je usvojilo Gradsko vije\u0107e Ljubu\u0161ki na IX. sjednici Gradskog vije\u0107a odr\u017eanoj u petak. Kako je navedeno u prijedlogu iste, pravo na naknadu imaju umirovljenici koji imaju prebivali\u0161te na podru\u010dju Grada Ljubu\u0161kog te su korisnici najni\u017ee ispla\u0107ene mirovine u Federaciji BiH. Potpora iznosi 100 KM te \u0107e ista biti ispla\u0107ena uz isplatu mirovinu za mjesec prosinac putem Federalnog zavoda za mirovinsko i invalidsko osiguranje, a sredstva za ovu namjenu su osigurana u Prora\u010dunu Grada Ljubu\u0161kog.<\/p>\n\n\n\n<p>Osim umirovljenika, potporu \u0107e dobiti i uspje\u0161ni studenti, dobitnici rektorovih i dekanovih nagrada za akademsku 2024.\/2025. Ovaj prijedlog odluke vije\u0107nici su tako\u0111er jednoglasno usvojili, a pravo na istu u iznosu od 500 KM imaju dobitnici rektorovih, dekanovih nagrada dr\u017eavnih sveu\u010dili\u0161ta, kao i federalnih nagrada od strane Federalnog ministarstva obrazovanja i znanosti. Dodjela nagrada izvr\u0161it \u0107e se putem javnog poziva koji \u0107e uskoro biti objavljen.<\/p>\n\n\n\n<p>Na odr\u017eanoj sjednici ukupno je bilo 14 to\u010daka dnevnog reda, a sve one o kojima se glasovalo usvojene su jednoglasno s izuzetkom to\u010dke 6., koja je usvojena uz jedan glas protiv:<\/p>\n\n\n\n<p>1. Usvajanje zapisnika s VIII. sjednice Gradskog vije\u0107a,<br>2. Aktualni sat (vije\u0107ni\u010dka pitanja, sugestije, prijedlozi i ostalo),<br>3. Prijedlog Odluke o dodjeli jednokratnih financijskih nagrada studentima, dobitnicima rektorovih i dekanovih nagrada za najuspje\u0161nije studente Grada Ljubu\u0161kog za akademsku 2024.\/2025.,<br>4. Prijedlog Odluke o isplati jednokratne nov\u010dane pomo\u0107i umirovljenicima Grada Ljubu\u0161kog povodom nadolaze\u0107ih blagdana 2025. godine,<br>5. Prijedlog Odluke o izmjeni Odluke o reguliranju parkiranja na urbanom podru\u010dju Grada Ljubu\u0161kog,<br>6. Prijedlog Rje\u0161enja o:<br>a) razrje\u0161enju \u010dlanova Upravnog vije\u0107a JU Dje\u010djeg vrti\u0107a Ljubu\u0161ki,<br>b) kona\u010dnom imenovanju \u010dlanova Upravnog vije\u0107a JU Dje\u010djeg vrti\u0107a Ljubu\u0161ki,<br>c) razrje\u0161enju \u010dlanova Upravnog vije\u0107a Javne ustanove Edukacijsko-rehabilitacijski centar za djecu, mlade i odrasle osobe s pote\u0161ko\u0107ama u razvoju Grada Ljubu\u0161kog,<br>d) kona\u010dnom imenovanju \u010dlanova Upravnog vije\u0107a Javne ustanove Edukacijsko-rehabilitacijski centar za djecu, mlade i odrasle osobe s pote\u0161ko\u0107ama u razvoju Grada Ljubu\u0161kog,<br>e) kona\u010dnom imenovanju \u010dlana Nadzornog odbora JP Radio Ljubu\u0161ki d.o.o.,<br>7. Prijedlog Zaklju\u010dka o davanju suglasnosti za uspostavljanje prava slu\u017enosti,<br>8. Prijedlog Rje\u0161enja o:<br>a) razrje\u0161enju \u010dlanova Povjerenstva za izradu Plana kapitalnih investicija,<br>b) imenovanju \u010dlanova Povjerenstva za izradu Plana kapitalnih investicija,<br>9. Prijedlog Rje\u0161enja o:<br>a) razrje\u0161enju \u010dlanova stru\u010dnog Povjerenstva za utvr\u0111ivanje uvjeta ure\u0111enja prostora za podru\u010dje Grada Ljubu\u0161kog gdje nije donijet provedbeni plan,<br>b) imenovanju \u010dlanova Povjerenstva za davanje stru\u010dnog mi\u0161ljenja o utvr\u0111ivanju uvjeta za planirano gra\u0111enje, odnosno zahvat u prostoru na podru\u010dju Grada Ljubu\u0161kog gdje nije donijet provedbeni plan,<br>10. Prijedlog Rje\u0161enja o:<br>a) razrje\u0161enju Povjerenstva za provedbu javne licitacije za prodaju nekretnina u vlasni\u0161tvu Grada Ljubu\u0161kog,<br>b) imenovanju Povjerenstva za provedbu javne licitacije za raspolaganje nekretninama u vlasni\u0161tvu Grada Ljubu\u0161kog,<br>11. Prijedlog Odluke o pokretanju postupka o dodjeli koncesija za kori\u0161tenje poljoprivrednog zemlji\u0161ta na podru\u010dju Grada Ljubu\u0161kog,<br>12. Prijedlog Rje\u0161enja o imenovanju Povjerenstva za provedbu postupka dodjele koncesija na poljoprivrednom zemlji\u0161tu na podru\u010dju Grada Ljubu\u0161kog,<br>13. Prijedlog Zaklju\u010dka o davanju prethodne suglasnosti na Aneks Ugovora o koncesiji broj:02-24-1263\/21 od 28. 4. 2021.<br>14. Prijedlog Zaklju\u010dka o zamjeni nekretnina izme\u0111u Grada Ljubu\u0161kog s jedne strane i Lucije (Pa\u0161ko) Mikuli\u0107 iz Radi\u0161i\u0107a 107, Grad Ljubu\u0161ki s druge strane.<\/p>\n\n\n\n<p>Odr\u017eanu sjednicu za mediju su komentirali predsjednik Gradskog vije\u0107a Ljubu\u0161ki Tihomir Kvesi\u0107 te vije\u0107nik Radoslav Radi\u0161i\u0107 ispred kluba HDZ 1990.<\/p>\n\n\n\n<p>\u2013&nbsp;<em>Podr\u017eali smo odluku o pomo\u0107i za umirovljenike te, po\u0161to je ekspanzija stanogradnje u Ljubu\u0161kom, ukazali na mogu\u0107nost pojave problema s infrastrukturom, prvenstveno misle\u0107i na kanalizaciju i vodovod, jer svjedoci smo da na svakoj ve\u0107oj ki\u0161i kanalizacija ne mo\u017ee podnijeti ni oborinske ni kanalizacijske vode pa nas je zanimalo ima li se u planu pove\u0107anje kapaciteta kanalizacijske mre\u017ee. Postavili smo upit i o dovr\u0161etku zapadne obilaznice, jer svjedoci smo da je isto\u010dna obilaznica preoptere\u0107ena pa smatramo da bi time ona bila malo rastere\u0107ena. Uglavnom, podr\u017eali smo sve \u0161to je u interesu gra\u0111ana Ljubu\u0161kom, a \u0161to smo smatrali da nije u redu nismo ni podr\u017eali<\/em>&nbsp;\u2013 rekao je vije\u0107nik Radi\u0161i\u0107.<\/p>\n\n\n\n<p>\u2013&nbsp;<em>Kao i prethodnih godina, i ove godine Grad \u0107e nagraditi najuspje\u0161nije studente. Tako\u0111er, nastavljamo s pomo\u0107i umirovljenicima. Iznos ostaje isti, nije velik, vi\u0161e jedna simbolika od strane Grada i nas svih da i na taj na\u010din pomognemo koliko mo\u017eemo. Od ostalog, istaknuo bih jo\u0161 usvojeni prijedlog rje\u0161enja o popunjavanju upravnih vije\u0107a javnih ustanova te usvajanje Prijedloga Odluke o izmjeni Odluke o reguliranju parkiranja na urbanom podru\u010dju Grada Ljubu\u0161kog na prijedlog JP Parkovi d.o.o. za pro\u0161irenje postoje\u0107ih parkinga u u\u017eem urbanom dijelu grada koji se pove\u0107ava na tri lokacije za ukupno oko 100 parkirali\u0161nih mjesta. Mislimo da \u0107emo na taj na\u010din barem ubla\u017eiti dio potreba za parkingom u gradu<\/em>&nbsp;\u2013 kazao je predsjednik Kvesi\u0107 te se osvrnuo i na planirane aktivnosti Gradskog vije\u0107a u posljednjem mjesecu godine:<\/p>\n\n\n\n<p>\u2013&nbsp;<em>Ulazimo u 12. mjesec u kojem bi trebali imati barem dvije sjednice na kojima \u0107e biti predlo\u017een nacrt prora\u010duna za 2026. godinu, koji \u0107e nadam se biti i usvojen pred sam kraj godine kako bi spremno u\u0161li u novu godinu.<\/em><\/p>\n\n\n\n<figure class=\"wp-block-image size-large\"><img loading=\"lazy\" decoding=\"async\" width=\"1024\" height=\"683\" src=\"https:\/\/radioljubuski.ba\/wp-content\/uploads\/2025\/11\/vijece9-1-1024x683.jpg\" alt=\"\" class=\"wp-image-222987\" srcset=\"https:\/\/radioljubuski.ba\/wp-content\/uploads\/2025\/11\/vijece9-1-1024x683.jpg 1024w, https:\/\/radioljubuski.ba\/wp-content\/uploads\/2025\/11\/vijece9-1-300x200.jpg 300w, https:\/\/radioljubuski.ba\/wp-content\/uploads\/2025\/11\/vijece9-1-768x512.jpg 768w, https:\/\/radioljubuski.ba\/wp-content\/uploads\/2025\/11\/vijece9-1-1536x1024.jpg 1536w, https:\/\/radioljubuski.ba\/wp-content\/uploads\/2025\/11\/vijece9-1-2048x1365.jpg 2048w, https:\/\/radioljubuski.ba\/wp-content\/uploads\/2025\/11\/vijece9-1-18x12.jpg 18w\" sizes=\"auto, (max-width: 1024px) 100vw, 1024px\" \/><\/figure>\n\n\n\n<figure class=\"wp-block-image size-large\"><img loading=\"lazy\" decoding=\"async\" width=\"1024\" height=\"683\" src=\"https:\/\/radioljubuski.ba\/wp-content\/uploads\/2025\/11\/vijece9-3-1024x683.jpg\" alt=\"\" class=\"wp-image-222988\" srcset=\"https:\/\/radioljubuski.ba\/wp-content\/uploads\/2025\/11\/vijece9-3-1024x683.jpg 1024w, https:\/\/radioljubuski.ba\/wp-content\/uploads\/2025\/11\/vijece9-3-300x200.jpg 300w, https:\/\/radioljubuski.ba\/wp-content\/uploads\/2025\/11\/vijece9-3-768x512.jpg 768w, https:\/\/radioljubuski.ba\/wp-content\/uploads\/2025\/11\/vijece9-3-1536x1024.jpg 1536w, https:\/\/radioljubuski.ba\/wp-content\/uploads\/2025\/11\/vijece9-3-2048x1365.jpg 2048w, https:\/\/radioljubuski.ba\/wp-content\/uploads\/2025\/11\/vijece9-3-18x12.jpg 18w\" sizes=\"auto, (max-width: 1024px) 100vw, 1024px\" \/><\/figure>\n\n\n\n<figure class=\"wp-block-image size-large\"><img loading=\"lazy\" decoding=\"async\" width=\"1024\" height=\"683\" src=\"https:\/\/radioljubuski.ba\/wp-content\/uploads\/2025\/11\/vijece9-4-1024x683.jpg\" alt=\"\" class=\"wp-image-222989\" srcset=\"https:\/\/radioljubuski.ba\/wp-content\/uploads\/2025\/11\/vijece9-4-1024x683.jpg 1024w, https:\/\/radioljubuski.ba\/wp-content\/uploads\/2025\/11\/vijece9-4-300x200.jpg 300w, https:\/\/radioljubuski.ba\/wp-content\/uploads\/2025\/11\/vijece9-4-768x512.jpg 768w, https:\/\/radioljubuski.ba\/wp-content\/uploads\/2025\/11\/vijece9-4-1536x1024.jpg 1536w, https:\/\/radioljubuski.ba\/wp-content\/uploads\/2025\/11\/vijece9-4-2048x1365.jpg 2048w, https:\/\/radioljubuski.ba\/wp-content\/uploads\/2025\/11\/vijece9-4-18x12.jpg 18w\" sizes=\"auto, (max-width: 1024px) 100vw, 1024px\" \/><\/figure>\n\n\n\n<figure class=\"wp-block-image size-large\"><img loading=\"lazy\" decoding=\"async\" width=\"1024\" height=\"683\" src=\"https:\/\/radioljubuski.ba\/wp-content\/uploads\/2025\/11\/vijece9-5-1024x683.jpg\" alt=\"\" class=\"wp-image-222990\" srcset=\"https:\/\/radioljubuski.ba\/wp-content\/uploads\/2025\/11\/vijece9-5-1024x683.jpg 1024w, https:\/\/radioljubuski.ba\/wp-content\/uploads\/2025\/11\/vijece9-5-300x200.jpg 300w, https:\/\/radioljubuski.ba\/wp-content\/uploads\/2025\/11\/vijece9-5-768x512.jpg 768w, https:\/\/radioljubuski.ba\/wp-content\/uploads\/2025\/11\/vijece9-5-1536x1024.jpg 1536w, https:\/\/radioljubuski.ba\/wp-content\/uploads\/2025\/11\/vijece9-5-2048x1365.jpg 2048w, https:\/\/radioljubuski.ba\/wp-content\/uploads\/2025\/11\/vijece9-5-18x12.jpg 18w\" sizes=\"auto, (max-width: 1024px) 100vw, 1024px\" \/><\/figure>\n\n\n\n<p>Poslu\u0161ajte \u0161to su nakon sjednice za na\u0161 radio izjavili predsjednik Gradskog vije\u0107a Tihomir Kvesi\u0107 i predsjednik kluba zastupnika HDZ 1990 u Gradskom vije\u0107u Radoslav Radi\u0161i\u0107<\/p>\n\n\n\n<figure class=\"wp-block-audio\"><audio controls src=\"https:\/\/radioljubuski.ba\/wp-content\/uploads\/2025\/11\/IZJAVE-9.-sjednica-28.-studenog-2025.mp3\"><\/audio><\/figure>\n\n\n\n<p>Cjelokupnu snimku sjednice poslu\u0161ajte ovdje: <\/p>\n\n\n\n<figure class=\"wp-block-audio\"><audio controls src=\"https:\/\/radioljubuski.ba\/wp-content\/uploads\/2025\/11\/IX-sjednica-N0va-28-11-2025.mp3\"><\/audio><\/figure>\n\n\n\n<p>Ljubuski.ba<\/p>\n\n\n\n<p>Radio Ljubu\u0161ki<\/p>\n\n\n\n<p><\/p>\n","protected":false},"excerpt":{"rendered":"<p>Po \u010detvrti put zaredom Grad Ljubu\u0161ki \u0107e isplatiti bo\u017ei\u0107nice umirovljenicima s minimalnim mirovinama s ciljem potpore ovoj kategoriji stanovni\u0161tva u blagdanskom vremenu. Prijedlog Odluke o isplati jednokratne nov\u010dane pomo\u0107i umirovljenicima Grada Ljubu\u0161kog povodom nadolaze\u0107ih blagdana, na inicijativu gradona\u010delnika Vedrana Markoti\u0107a, jednoglasno je usvojilo Gradsko vije\u0107e Ljubu\u0161ki na IX. sjednici Gradskog vije\u0107a odr\u017eanoj u petak. Kako [&hellip;]<\/p>\n","protected":false},"author":2,"featured_media":222986,"comment_status":"closed","ping_status":"closed","sticky":false,"template":"","format":"standard","meta":{"h5ap_radio_sources":[],"footnotes":""},"categories":[50,3,28],"tags":[],"class_list":["post-222985","post","type-post","status-publish","format-standard","has-post-thumbnail","hentry","category-gradskovijece","category-ljubuski","category-novosti"],"yoast_head":"<!-- This site is optimized with the Yoast SEO plugin v27.5 - https:\/\/yoast.com\/product\/yoast-seo-wordpress\/ -->\n<title>Deveta sjednica Gradskog vije\u0107a Ljubu\u0161ki: Bo\u017ei\u0107nice umirovljenicima, nagrade najuspje\u0161nijim studentima, J.P. Parkovi 100 parkirali\u0161nih mjesta - RADIO LJUBU\u0160KI<\/title>\n<meta name=\"robots\" content=\"index, follow, max-snippet:-1, max-image-preview:large, max-video-preview:-1\" \/>\n<link rel=\"canonical\" href=\"https:\/\/radioljubuski.ba\/index.php\/2025\/11\/28\/deveta-sjednica-gradskog-vijeca-ljubuski-bozicnice-umirovljenicima-nagrade-najuspjesnijim-studentima-j-p-parkovi-100-parkiralisnih-mjesta\/\" \/>\n<meta property=\"og:locale\" content=\"hr_HR\" \/>\n<meta property=\"og:type\" content=\"article\" \/>\n<meta property=\"og:title\" content=\"Deveta sjednica Gradskog vije\u0107a Ljubu\u0161ki: Bo\u017ei\u0107nice umirovljenicima, nagrade najuspje\u0161nijim studentima, J.P. Parkovi 100 parkirali\u0161nih mjesta - RADIO LJUBU\u0160KI\" \/>\n<meta property=\"og:description\" content=\"Po \u010detvrti put zaredom Grad Ljubu\u0161ki \u0107e isplatiti bo\u017ei\u0107nice umirovljenicima s minimalnim mirovinama s ciljem potpore ovoj kategoriji stanovni\u0161tva u blagdanskom vremenu. Prijedlog Odluke o isplati jednokratne nov\u010dane pomo\u0107i umirovljenicima Grada Ljubu\u0161kog povodom nadolaze\u0107ih blagdana, na inicijativu gradona\u010delnika Vedrana Markoti\u0107a, jednoglasno je usvojilo Gradsko vije\u0107e Ljubu\u0161ki na IX. sjednici Gradskog vije\u0107a odr\u017eanoj u petak. Kako [&hellip;]\" \/>\n<meta property=\"og:url\" content=\"https:\/\/radioljubuski.ba\/index.php\/2025\/11\/28\/deveta-sjednica-gradskog-vijeca-ljubuski-bozicnice-umirovljenicima-nagrade-najuspjesnijim-studentima-j-p-parkovi-100-parkiralisnih-mjesta\/\" \/>\n<meta property=\"og:site_name\" content=\"RADIO LJUBU\u0160KI\" \/>\n<meta property=\"article:publisher\" content=\"https:\/\/www.facebook.com\/Radiio-Ljubuski-1490835324566332\" \/>\n<meta property=\"article:published_time\" content=\"2025-11-28T13:22:00+00:00\" \/>\n<meta property=\"article:modified_time\" content=\"2025-11-28T13:22:18+00:00\" \/>\n<meta property=\"og:image\" content=\"https:\/\/radioljubuski.ba\/wp-content\/uploads\/2025\/11\/vijece9-2.jpg\" \/>\n\t<meta property=\"og:image:width\" content=\"2400\" \/>\n\t<meta property=\"og:image:height\" content=\"1600\" \/>\n\t<meta property=\"og:image:type\" content=\"image\/jpeg\" \/>\n<meta name=\"author\" content=\"Radio Ljubu\u0161ki\" \/>\n<meta name=\"twitter:card\" content=\"summary_large_image\" \/>\n<meta name=\"twitter:creator\" content=\"@radioljubuski\" \/>\n<meta name=\"twitter:site\" content=\"@radioljubuski\" \/>\n<meta name=\"twitter:label1\" content=\"Napisao\/la\" \/>\n\t<meta name=\"twitter:data1\" content=\"Radio Ljubu\u0161ki\" \/>\n\t<meta name=\"twitter:label2\" content=\"Procijenjeno vrijeme \u010ditanja\" \/>\n\t<meta name=\"twitter:data2\" content=\"6 minuta\" \/>\n<script type=\"application\/ld+json\" class=\"yoast-schema-graph\">{\"@context\":\"https:\\\/\\\/schema.org\",\"@graph\":[{\"@type\":\"Article\",\"@id\":\"https:\\\/\\\/radioljubuski.ba\\\/index.php\\\/2025\\\/11\\\/28\\\/deveta-sjednica-gradskog-vijeca-ljubuski-bozicnice-umirovljenicima-nagrade-najuspjesnijim-studentima-j-p-parkovi-100-parkiralisnih-mjesta\\\/#article\",\"isPartOf\":{\"@id\":\"https:\\\/\\\/radioljubuski.ba\\\/index.php\\\/2025\\\/11\\\/28\\\/deveta-sjednica-gradskog-vijeca-ljubuski-bozicnice-umirovljenicima-nagrade-najuspjesnijim-studentima-j-p-parkovi-100-parkiralisnih-mjesta\\\/\"},\"author\":{\"name\":\"Radio Ljubu\u0161ki\",\"@id\":\"https:\\\/\\\/radioljubuski.ba\\\/#\\\/schema\\\/person\\\/19fc700381a780f69665d7956c469e3b\"},\"headline\":\"Deveta sjednica Gradskog vije\u0107a Ljubu\u0161ki: Bo\u017ei\u0107nice umirovljenicima, nagrade najuspje\u0161nijim studentima, J.P. Parkovi 100 parkirali\u0161nih mjesta\",\"datePublished\":\"2025-11-28T13:22:00+00:00\",\"dateModified\":\"2025-11-28T13:22:18+00:00\",\"mainEntityOfPage\":{\"@id\":\"https:\\\/\\\/radioljubuski.ba\\\/index.php\\\/2025\\\/11\\\/28\\\/deveta-sjednica-gradskog-vijeca-ljubuski-bozicnice-umirovljenicima-nagrade-najuspjesnijim-studentima-j-p-parkovi-100-parkiralisnih-mjesta\\\/\"},\"wordCount\":1031,\"publisher\":{\"@id\":\"https:\\\/\\\/radioljubuski.ba\\\/#organization\"},\"image\":{\"@id\":\"https:\\\/\\\/radioljubuski.ba\\\/index.php\\\/2025\\\/11\\\/28\\\/deveta-sjednica-gradskog-vijeca-ljubuski-bozicnice-umirovljenicima-nagrade-najuspjesnijim-studentima-j-p-parkovi-100-parkiralisnih-mjesta\\\/#primaryimage\"},\"thumbnailUrl\":\"https:\\\/\\\/radioljubuski.ba\\\/wp-content\\\/uploads\\\/2025\\\/11\\\/vijece9-2.jpg\",\"articleSection\":[\"GV Ljubu\u0161ki\",\"Ljubu\u0161ki\",\"Novosti\"],\"inLanguage\":\"hr\"},{\"@type\":\"WebPage\",\"@id\":\"https:\\\/\\\/radioljubuski.ba\\\/index.php\\\/2025\\\/11\\\/28\\\/deveta-sjednica-gradskog-vijeca-ljubuski-bozicnice-umirovljenicima-nagrade-najuspjesnijim-studentima-j-p-parkovi-100-parkiralisnih-mjesta\\\/\",\"url\":\"https:\\\/\\\/radioljubuski.ba\\\/index.php\\\/2025\\\/11\\\/28\\\/deveta-sjednica-gradskog-vijeca-ljubuski-bozicnice-umirovljenicima-nagrade-najuspjesnijim-studentima-j-p-parkovi-100-parkiralisnih-mjesta\\\/\",\"name\":\"Deveta sjednica Gradskog vije\u0107a Ljubu\u0161ki: Bo\u017ei\u0107nice umirovljenicima, nagrade najuspje\u0161nijim studentima, J.P. Parkovi 100 parkirali\u0161nih mjesta - RADIO LJUBU\u0160KI\",\"isPartOf\":{\"@id\":\"https:\\\/\\\/radioljubuski.ba\\\/#website\"},\"primaryImageOfPage\":{\"@id\":\"https:\\\/\\\/radioljubuski.ba\\\/index.php\\\/2025\\\/11\\\/28\\\/deveta-sjednica-gradskog-vijeca-ljubuski-bozicnice-umirovljenicima-nagrade-najuspjesnijim-studentima-j-p-parkovi-100-parkiralisnih-mjesta\\\/#primaryimage\"},\"image\":{\"@id\":\"https:\\\/\\\/radioljubuski.ba\\\/index.php\\\/2025\\\/11\\\/28\\\/deveta-sjednica-gradskog-vijeca-ljubuski-bozicnice-umirovljenicima-nagrade-najuspjesnijim-studentima-j-p-parkovi-100-parkiralisnih-mjesta\\\/#primaryimage\"},\"thumbnailUrl\":\"https:\\\/\\\/radioljubuski.ba\\\/wp-content\\\/uploads\\\/2025\\\/11\\\/vijece9-2.jpg\",\"datePublished\":\"2025-11-28T13:22:00+00:00\",\"dateModified\":\"2025-11-28T13:22:18+00:00\",\"breadcrumb\":{\"@id\":\"https:\\\/\\\/radioljubuski.ba\\\/index.php\\\/2025\\\/11\\\/28\\\/deveta-sjednica-gradskog-vijeca-ljubuski-bozicnice-umirovljenicima-nagrade-najuspjesnijim-studentima-j-p-parkovi-100-parkiralisnih-mjesta\\\/#breadcrumb\"},\"inLanguage\":\"hr\",\"potentialAction\":[{\"@type\":\"ReadAction\",\"target\":[\"https:\\\/\\\/radioljubuski.ba\\\/index.php\\\/2025\\\/11\\\/28\\\/deveta-sjednica-gradskog-vijeca-ljubuski-bozicnice-umirovljenicima-nagrade-najuspjesnijim-studentima-j-p-parkovi-100-parkiralisnih-mjesta\\\/\"]}]},{\"@type\":\"ImageObject\",\"inLanguage\":\"hr\",\"@id\":\"https:\\\/\\\/radioljubuski.ba\\\/index.php\\\/2025\\\/11\\\/28\\\/deveta-sjednica-gradskog-vijeca-ljubuski-bozicnice-umirovljenicima-nagrade-najuspjesnijim-studentima-j-p-parkovi-100-parkiralisnih-mjesta\\\/#primaryimage\",\"url\":\"https:\\\/\\\/radioljubuski.ba\\\/wp-content\\\/uploads\\\/2025\\\/11\\\/vijece9-2.jpg\",\"contentUrl\":\"https:\\\/\\\/radioljubuski.ba\\\/wp-content\\\/uploads\\\/2025\\\/11\\\/vijece9-2.jpg\",\"width\":2400,\"height\":1600},{\"@type\":\"BreadcrumbList\",\"@id\":\"https:\\\/\\\/radioljubuski.ba\\\/index.php\\\/2025\\\/11\\\/28\\\/deveta-sjednica-gradskog-vijeca-ljubuski-bozicnice-umirovljenicima-nagrade-najuspjesnijim-studentima-j-p-parkovi-100-parkiralisnih-mjesta\\\/#breadcrumb\",\"itemListElement\":[{\"@type\":\"ListItem\",\"position\":1,\"name\":\"Po\u010detna stranica\",\"item\":\"https:\\\/\\\/radioljubuski.ba\\\/\"},{\"@type\":\"ListItem\",\"position\":2,\"name\":\"Deveta sjednica Gradskog vije\u0107a Ljubu\u0161ki: Bo\u017ei\u0107nice umirovljenicima, nagrade najuspje\u0161nijim studentima, J.P. Parkovi 100 parkirali\u0161nih mjesta\"}]},{\"@type\":\"WebSite\",\"@id\":\"https:\\\/\\\/radioljubuski.ba\\\/#website\",\"url\":\"https:\\\/\\\/radioljubuski.ba\\\/\",\"name\":\"Radio Ljubu\u0161ki\",\"description\":\"Sun\u010dana frekvencija Hercegovine\",\"publisher\":{\"@id\":\"https:\\\/\\\/radioljubuski.ba\\\/#organization\"},\"potentialAction\":[{\"@type\":\"SearchAction\",\"target\":{\"@type\":\"EntryPoint\",\"urlTemplate\":\"https:\\\/\\\/radioljubuski.ba\\\/?s={search_term_string}\"},\"query-input\":{\"@type\":\"PropertyValueSpecification\",\"valueRequired\":true,\"valueName\":\"search_term_string\"}}],\"inLanguage\":\"hr\"},{\"@type\":\"Organization\",\"@id\":\"https:\\\/\\\/radioljubuski.ba\\\/#organization\",\"name\":\"Radio Ljubu\u0161ki\",\"url\":\"https:\\\/\\\/radioljubuski.ba\\\/\",\"logo\":{\"@type\":\"ImageObject\",\"inLanguage\":\"hr\",\"@id\":\"https:\\\/\\\/radioljubuski.ba\\\/#\\\/schema\\\/logo\\\/image\\\/\",\"url\":\"https:\\\/\\\/radioljubuski.ba\\\/wp-content\\\/uploads\\\/2021\\\/02\\\/cropped-Radio_Ljubuski_logo1.jpg\",\"contentUrl\":\"https:\\\/\\\/radioljubuski.ba\\\/wp-content\\\/uploads\\\/2021\\\/02\\\/cropped-Radio_Ljubuski_logo1.jpg\",\"width\":512,\"height\":512,\"caption\":\"Radio Ljubu\u0161ki\"},\"image\":{\"@id\":\"https:\\\/\\\/radioljubuski.ba\\\/#\\\/schema\\\/logo\\\/image\\\/\"},\"sameAs\":[\"https:\\\/\\\/www.facebook.com\\\/Radiio-Ljubuski-1490835324566332\",\"https:\\\/\\\/x.com\\\/radioljubuski\",\"https:\\\/\\\/hr.linkedin.com\\\/company\\\/radio-ljubuski\",\"https:\\\/\\\/www.youtube.com\\\/channel\\\/UCHYaeO_n0Db3tjNGudGpXyw\"]},{\"@type\":\"Person\",\"@id\":\"https:\\\/\\\/radioljubuski.ba\\\/#\\\/schema\\\/person\\\/19fc700381a780f69665d7956c469e3b\",\"name\":\"Radio Ljubu\u0161ki\"}]}<\/script>\n<!-- \/ Yoast SEO plugin. -->","yoast_head_json":{"title":"Deveta sjednica Gradskog vije\u0107a Ljubu\u0161ki: Bo\u017ei\u0107nice umirovljenicima, nagrade najuspje\u0161nijim studentima, J.P. Parkovi 100 parkirali\u0161nih mjesta - RADIO LJUBU\u0160KI","robots":{"index":"index","follow":"follow","max-snippet":"max-snippet:-1","max-image-preview":"max-image-preview:large","max-video-preview":"max-video-preview:-1"},"canonical":"https:\/\/radioljubuski.ba\/index.php\/2025\/11\/28\/deveta-sjednica-gradskog-vijeca-ljubuski-bozicnice-umirovljenicima-nagrade-najuspjesnijim-studentima-j-p-parkovi-100-parkiralisnih-mjesta\/","og_locale":"hr_HR","og_type":"article","og_title":"Deveta sjednica Gradskog vije\u0107a Ljubu\u0161ki: Bo\u017ei\u0107nice umirovljenicima, nagrade najuspje\u0161nijim studentima, J.P. Parkovi 100 parkirali\u0161nih mjesta - RADIO LJUBU\u0160KI","og_description":"Po \u010detvrti put zaredom Grad Ljubu\u0161ki \u0107e isplatiti bo\u017ei\u0107nice umirovljenicima s minimalnim mirovinama s ciljem potpore ovoj kategoriji stanovni\u0161tva u blagdanskom vremenu. Prijedlog Odluke o isplati jednokratne nov\u010dane pomo\u0107i umirovljenicima Grada Ljubu\u0161kog povodom nadolaze\u0107ih blagdana, na inicijativu gradona\u010delnika Vedrana Markoti\u0107a, jednoglasno je usvojilo Gradsko vije\u0107e Ljubu\u0161ki na IX. sjednici Gradskog vije\u0107a odr\u017eanoj u petak. Kako [&hellip;]","og_url":"https:\/\/radioljubuski.ba\/index.php\/2025\/11\/28\/deveta-sjednica-gradskog-vijeca-ljubuski-bozicnice-umirovljenicima-nagrade-najuspjesnijim-studentima-j-p-parkovi-100-parkiralisnih-mjesta\/","og_site_name":"RADIO LJUBU\u0160KI","article_publisher":"https:\/\/www.facebook.com\/Radiio-Ljubuski-1490835324566332","article_published_time":"2025-11-28T13:22:00+00:00","article_modified_time":"2025-11-28T13:22:18+00:00","og_image":[{"width":2400,"height":1600,"url":"https:\/\/radioljubuski.ba\/wp-content\/uploads\/2025\/11\/vijece9-2.jpg","type":"image\/jpeg"}],"author":"Radio Ljubu\u0161ki","twitter_card":"summary_large_image","twitter_creator":"@radioljubuski","twitter_site":"@radioljubuski","twitter_misc":{"Napisao\/la":"Radio Ljubu\u0161ki","Procijenjeno vrijeme \u010ditanja":"6 minuta"},"schema":{"@context":"https:\/\/schema.org","@graph":[{"@type":"Article","@id":"https:\/\/radioljubuski.ba\/index.php\/2025\/11\/28\/deveta-sjednica-gradskog-vijeca-ljubuski-bozicnice-umirovljenicima-nagrade-najuspjesnijim-studentima-j-p-parkovi-100-parkiralisnih-mjesta\/#article","isPartOf":{"@id":"https:\/\/radioljubuski.ba\/index.php\/2025\/11\/28\/deveta-sjednica-gradskog-vijeca-ljubuski-bozicnice-umirovljenicima-nagrade-najuspjesnijim-studentima-j-p-parkovi-100-parkiralisnih-mjesta\/"},"author":{"name":"Radio Ljubu\u0161ki","@id":"https:\/\/radioljubuski.ba\/#\/schema\/person\/19fc700381a780f69665d7956c469e3b"},"headline":"Deveta sjednica Gradskog vije\u0107a Ljubu\u0161ki: Bo\u017ei\u0107nice umirovljenicima, nagrade najuspje\u0161nijim studentima, J.P. Parkovi 100 parkirali\u0161nih mjesta","datePublished":"2025-11-28T13:22:00+00:00","dateModified":"2025-11-28T13:22:18+00:00","mainEntityOfPage":{"@id":"https:\/\/radioljubuski.ba\/index.php\/2025\/11\/28\/deveta-sjednica-gradskog-vijeca-ljubuski-bozicnice-umirovljenicima-nagrade-najuspjesnijim-studentima-j-p-parkovi-100-parkiralisnih-mjesta\/"},"wordCount":1031,"publisher":{"@id":"https:\/\/radioljubuski.ba\/#organization"},"image":{"@id":"https:\/\/radioljubuski.ba\/index.php\/2025\/11\/28\/deveta-sjednica-gradskog-vijeca-ljubuski-bozicnice-umirovljenicima-nagrade-najuspjesnijim-studentima-j-p-parkovi-100-parkiralisnih-mjesta\/#primaryimage"},"thumbnailUrl":"https:\/\/radioljubuski.ba\/wp-content\/uploads\/2025\/11\/vijece9-2.jpg","articleSection":["GV Ljubu\u0161ki","Ljubu\u0161ki","Novosti"],"inLanguage":"hr"},{"@type":"WebPage","@id":"https:\/\/radioljubuski.ba\/index.php\/2025\/11\/28\/deveta-sjednica-gradskog-vijeca-ljubuski-bozicnice-umirovljenicima-nagrade-najuspjesnijim-studentima-j-p-parkovi-100-parkiralisnih-mjesta\/","url":"https:\/\/radioljubuski.ba\/index.php\/2025\/11\/28\/deveta-sjednica-gradskog-vijeca-ljubuski-bozicnice-umirovljenicima-nagrade-najuspjesnijim-studentima-j-p-parkovi-100-parkiralisnih-mjesta\/","name":"Deveta sjednica Gradskog vije\u0107a Ljubu\u0161ki: Bo\u017ei\u0107nice umirovljenicima, nagrade najuspje\u0161nijim studentima, J.P. Parkovi 100 parkirali\u0161nih mjesta - RADIO LJUBU\u0160KI","isPartOf":{"@id":"https:\/\/radioljubuski.ba\/#website"},"primaryImageOfPage":{"@id":"https:\/\/radioljubuski.ba\/index.php\/2025\/11\/28\/deveta-sjednica-gradskog-vijeca-ljubuski-bozicnice-umirovljenicima-nagrade-najuspjesnijim-studentima-j-p-parkovi-100-parkiralisnih-mjesta\/#primaryimage"},"image":{"@id":"https:\/\/radioljubuski.ba\/index.php\/2025\/11\/28\/deveta-sjednica-gradskog-vijeca-ljubuski-bozicnice-umirovljenicima-nagrade-najuspjesnijim-studentima-j-p-parkovi-100-parkiralisnih-mjesta\/#primaryimage"},"thumbnailUrl":"https:\/\/radioljubuski.ba\/wp-content\/uploads\/2025\/11\/vijece9-2.jpg","datePublished":"2025-11-28T13:22:00+00:00","dateModified":"2025-11-28T13:22:18+00:00","breadcrumb":{"@id":"https:\/\/radioljubuski.ba\/index.php\/2025\/11\/28\/deveta-sjednica-gradskog-vijeca-ljubuski-bozicnice-umirovljenicima-nagrade-najuspjesnijim-studentima-j-p-parkovi-100-parkiralisnih-mjesta\/#breadcrumb"},"inLanguage":"hr","potentialAction":[{"@type":"ReadAction","target":["https:\/\/radioljubuski.ba\/index.php\/2025\/11\/28\/deveta-sjednica-gradskog-vijeca-ljubuski-bozicnice-umirovljenicima-nagrade-najuspjesnijim-studentima-j-p-parkovi-100-parkiralisnih-mjesta\/"]}]},{"@type":"ImageObject","inLanguage":"hr","@id":"https:\/\/radioljubuski.ba\/index.php\/2025\/11\/28\/deveta-sjednica-gradskog-vijeca-ljubuski-bozicnice-umirovljenicima-nagrade-najuspjesnijim-studentima-j-p-parkovi-100-parkiralisnih-mjesta\/#primaryimage","url":"https:\/\/radioljubuski.ba\/wp-content\/uploads\/2025\/11\/vijece9-2.jpg","contentUrl":"https:\/\/radioljubuski.ba\/wp-content\/uploads\/2025\/11\/vijece9-2.jpg","width":2400,"height":1600},{"@type":"BreadcrumbList","@id":"https:\/\/radioljubuski.ba\/index.php\/2025\/11\/28\/deveta-sjednica-gradskog-vijeca-ljubuski-bozicnice-umirovljenicima-nagrade-najuspjesnijim-studentima-j-p-parkovi-100-parkiralisnih-mjesta\/#breadcrumb","itemListElement":[{"@type":"ListItem","position":1,"name":"Po\u010detna stranica","item":"https:\/\/radioljubuski.ba\/"},{"@type":"ListItem","position":2,"name":"Deveta sjednica Gradskog vije\u0107a Ljubu\u0161ki: Bo\u017ei\u0107nice umirovljenicima, nagrade najuspje\u0161nijim studentima, J.P. Parkovi 100 parkirali\u0161nih mjesta"}]},{"@type":"WebSite","@id":"https:\/\/radioljubuski.ba\/#website","url":"https:\/\/radioljubuski.ba\/","name":"Radio Ljubu\u0161ki","description":"Sun\u010dana frekvencija Hercegovine","publisher":{"@id":"https:\/\/radioljubuski.ba\/#organization"},"potentialAction":[{"@type":"SearchAction","target":{"@type":"EntryPoint","urlTemplate":"https:\/\/radioljubuski.ba\/?s={search_term_string}"},"query-input":{"@type":"PropertyValueSpecification","valueRequired":true,"valueName":"search_term_string"}}],"inLanguage":"hr"},{"@type":"Organization","@id":"https:\/\/radioljubuski.ba\/#organization","name":"Radio Ljubu\u0161ki","url":"https:\/\/radioljubuski.ba\/","logo":{"@type":"ImageObject","inLanguage":"hr","@id":"https:\/\/radioljubuski.ba\/#\/schema\/logo\/image\/","url":"https:\/\/radioljubuski.ba\/wp-content\/uploads\/2021\/02\/cropped-Radio_Ljubuski_logo1.jpg","contentUrl":"https:\/\/radioljubuski.ba\/wp-content\/uploads\/2021\/02\/cropped-Radio_Ljubuski_logo1.jpg","width":512,"height":512,"caption":"Radio Ljubu\u0161ki"},"image":{"@id":"https:\/\/radioljubuski.ba\/#\/schema\/logo\/image\/"},"sameAs":["https:\/\/www.facebook.com\/Radiio-Ljubuski-1490835324566332","https:\/\/x.com\/radioljubuski","https:\/\/hr.linkedin.com\/company\/radio-ljubuski","https:\/\/www.youtube.com\/channel\/UCHYaeO_n0Db3tjNGudGpXyw"]},{"@type":"Person","@id":"https:\/\/radioljubuski.ba\/#\/schema\/person\/19fc700381a780f69665d7956c469e3b","name":"Radio Ljubu\u0161ki"}]}},"_links":{"self":[{"href":"https:\/\/radioljubuski.ba\/index.php\/wp-json\/wp\/v2\/posts\/222985","targetHints":{"allow":["GET"]}}],"collection":[{"href":"https:\/\/radioljubuski.ba\/index.php\/wp-json\/wp\/v2\/posts"}],"about":[{"href":"https:\/\/radioljubuski.ba\/index.php\/wp-json\/wp\/v2\/types\/post"}],"author":[{"embeddable":true,"href":"https:\/\/radioljubuski.ba\/index.php\/wp-json\/wp\/v2\/users\/2"}],"replies":[{"embeddable":true,"href":"https:\/\/radioljubuski.ba\/index.php\/wp-json\/wp\/v2\/comments?post=222985"}],"version-history":[{"count":2,"href":"https:\/\/radioljubuski.ba\/index.php\/wp-json\/wp\/v2\/posts\/222985\/revisions"}],"predecessor-version":[{"id":222994,"href":"https:\/\/radioljubuski.ba\/index.php\/wp-json\/wp\/v2\/posts\/222985\/revisions\/222994"}],"wp:featuredmedia":[{"embeddable":true,"href":"https:\/\/radioljubuski.ba\/index.php\/wp-json\/wp\/v2\/media\/222986"}],"wp:attachment":[{"href":"https:\/\/radioljubuski.ba\/index.php\/wp-json\/wp\/v2\/media?parent=222985"}],"wp:term":[{"taxonomy":"category","embeddable":true,"href":"https:\/\/radioljubuski.ba\/index.php\/wp-json\/wp\/v2\/categories?post=222985"},{"taxonomy":"post_tag","embeddable":true,"href":"https:\/\/radioljubuski.ba\/index.php\/wp-json\/wp\/v2\/tags?post=222985"}],"curies":[{"name":"wp","href":"https:\/\/api.w.org\/{rel}","templated":true}]}}