{"id":2230,"date":"2021-03-09T14:16:21","date_gmt":"2021-03-09T13:16:21","guid":{"rendered":"https:\/\/radioljubuski.ba\/?p=2230"},"modified":"2021-03-09T14:16:21","modified_gmt":"2021-03-09T13:16:21","slug":"mayer-ne-trebamo-se-bojati-treceg-vala-sve-dok-je-on-pod-kontrolom","status":"publish","type":"post","link":"https:\/\/radioljubuski.ba\/index.php\/2021\/03\/09\/mayer-ne-trebamo-se-bojati-treceg-vala-sve-dok-je-on-pod-kontrolom\/","title":{"rendered":"Mayer: Ne trebamo se bojati tre\u0107eg vala sve dok je on pod kontrolom"},"content":{"rendered":"\n<p>Nadamo se da \u0107e pred ljeto biti bolja situacija kao \u0161to je bila i lani, nadamo se da je vrhunac bio, ali tre\u0107i val je vrlo mogu\u0107 s obzirom na nove sojeve i \u010dinjenicu da su ljudi po\u010deli putovati, rekla je epidemiologinja HZJZ-a Dijana Mayer u emisiji &#8220;Studio 4&#8221;.<\/p>\n\n\n\n<p>&#8211; Ne mogu re\u0107i da su se ljudi opustili, ali velika je odgovornost pojedinca za \u0161irenje zaraze, rekla je.<br><br>Epidemiologinja je poru\u010dila kako se ne treba bojati tre\u0107eg vala sve dok je on pod kontrolom.<br><br>&#8211; Mjere koje su vrijedile do 15. o\u017eujka vjerojatno \u0107e se produ\u017eiti jer imamo blagi porast novooboljelih. Najva\u017enije je da nemamo u kratkom vremenu velika \u017eari\u0161ta i da ne pretrpamo zdravstveni sustav, rekla je.<br><br>Tre\u0107i val je u nekim zemljama donio je pove\u0107anje broja oboljelih, \u010demu svjedo\u010de i izvje\u0161taji iz susjednih dr\u017eava poput Italije ili Srbije.<br><br>&#8211; Krivo je \u0161to ljudi misle &#8211; sad sam se cijepio pa se mogu neodgovorno pona\u0161ati. Ako ste se cijepili, ne zna\u010di da ne trebate nositi maske, prati ruke i dr\u017eati fizi\u010dku distancu. Cijepljenje nije stopostotna za\u0161tita. Drugo \u0161to ljudi \u017eive u zabludi, cijepe se pa ne pro\u0111e ni dva dana i idu na dru\u017eenja. Treba odre\u0111eno vrijeme da se stvore antitijela i kolektivni imunitet, poru\u010dila je Mayer.<br><br><strong>Istra\u017eivanje o cijepljenju<br><\/strong><br>Znanstvenici dvoje je li dovoljna jedna ili dvije doze cjepiva kako bi se stvorio imunitet.&nbsp;<br><br>&#8211; Istra\u017eivanje je provedeno na 55 posto zaposlenika Klinike za infektivne bolesti koji su primili prvu i drugu dozu Pfizerova cjepiva. Ustanovilo se da oni koji su preboljeli covid, 33 zaposlenika, ve\u0107 nakon prve doze su imali zadovoljavaju\u0107i titar antitijela. Ovdje je vrlo va\u017eno s kojim se testom radi serologija. To su preliminarni rezultati ra\u0111eni na 428 zaposlenika. Vidjet \u0107emo kakav \u0107e biti titar antitijela dalje. Zasad mo\u017eemo biti jako zadovoljni, rezultati su ponu\u0111eni EMA-i, rekla je Mayer dodaju\u0107i da je istra\u017eivanje pokazalo da \u017eene stvaraju ve\u0107i titar antitijela.<\/p>\n\n\n\n<p><br>&#8211; Bilo bi idealno da se potvrdi da nam treba samo jedna doza, ali to \u0107e pokazati daljnja istra\u017eivanja. Nama treba vrijeme, tek smo po\u010deli cijepiti i trebamo ispitanike koji \u0107e sudjelovati, od kojih \u0107e se raditi serologija, dodala je.<br><br>Upitana je li se pogrije\u0161ilo \u0161to se krenulo s cijepljenjem starije populacije umjesto radno sposobnog stanovni\u0161tva, Mayer je odgovorila:<br><br>&#8211; Nikako ne bi rekla da smo pogrije\u0161ili, populacija starije dobi je bila najugro\u017eenija, imali smo najvi\u0161e smrtnih ishoda.<br><br>Mayer je rekla kako se nekolicina ljudi, koja je jesenas preboljela covid, zarazila novim sojem virusa. Me\u0111utim isti\u010de kako zasad imaju vrlo malo takvih slu\u010dajeva te ne mo\u017ee iznijeti konkretne brojke.<br><br><strong>Iskori\u0161tenost cjepiva<br><\/strong><br>Osvrnula se i na iskori\u0161tenost cjepiva te \u010dinjenicu da se u nekim zemljama na veliko skladi\u0161ti umjesto da se procjepljuje stanovni\u0161tvo. Ka\u017ee da takav scenarij ne\u0107emo gledati u Hrvatskoj.<br><br>&#8211; 80 posto dobivenih doza je potro\u0161eno. Kod nas ni\u0161ta ne propada niti \u0107e propasti. Naravno da s Pfizerom imamo ne\u0161to ve\u0107i broj jer je prvi stigao, sigurno ne\u0107e propasti cjepivo. Sva tri su dobra, rekla je Mayer.<\/p>\n\n\n\n<p>Izvor:hrt.hr<\/p>\n","protected":false},"excerpt":{"rendered":"<p>Nadamo se da \u0107e pred ljeto biti bolja situacija kao \u0161to je bila i lani, nadamo se da je vrhunac bio, ali tre\u0107i val je vrlo mogu\u0107 s obzirom na nove sojeve i \u010dinjenicu da su ljudi po\u010deli putovati, rekla je epidemiologinja HZJZ-a Dijana Mayer u emisiji &#8220;Studio 4&#8221;. &#8211; Ne mogu re\u0107i da su [&hellip;]<\/p>\n","protected":false},"author":2,"featured_media":2231,"comment_status":"closed","ping_status":"closed","sticky":false,"template":"","format":"standard","meta":{"h5ap_radio_sources":[],"footnotes":""},"categories":[1],"tags":[],"class_list":["post-2230","post","type-post","status-publish","format-standard","has-post-thumbnail","hentry","category-bihiregija"],"yoast_head":"<!-- This site is optimized with the Yoast SEO plugin v27.5 - https:\/\/yoast.com\/product\/yoast-seo-wordpress\/ -->\n<title>Mayer: Ne trebamo se bojati tre\u0107eg vala sve dok je on pod kontrolom - RADIO LJUBU\u0160KI<\/title>\n<meta name=\"robots\" content=\"index, follow, max-snippet:-1, max-image-preview:large, max-video-preview:-1\" \/>\n<link rel=\"canonical\" href=\"https:\/\/radioljubuski.ba\/index.php\/2021\/03\/09\/mayer-ne-trebamo-se-bojati-treceg-vala-sve-dok-je-on-pod-kontrolom\/\" \/>\n<meta property=\"og:locale\" content=\"hr_HR\" \/>\n<meta property=\"og:type\" content=\"article\" \/>\n<meta property=\"og:title\" content=\"Mayer: Ne trebamo se bojati tre\u0107eg vala sve dok je on pod kontrolom - RADIO LJUBU\u0160KI\" \/>\n<meta property=\"og:description\" content=\"Nadamo se da \u0107e pred ljeto biti bolja situacija kao \u0161to je bila i lani, nadamo se da je vrhunac bio, ali tre\u0107i val je vrlo mogu\u0107 s obzirom na nove sojeve i \u010dinjenicu da su ljudi po\u010deli putovati, rekla je epidemiologinja HZJZ-a Dijana Mayer u emisiji &#8220;Studio 4&#8221;. &#8211; Ne mogu re\u0107i da su [&hellip;]\" \/>\n<meta property=\"og:url\" content=\"https:\/\/radioljubuski.ba\/index.php\/2021\/03\/09\/mayer-ne-trebamo-se-bojati-treceg-vala-sve-dok-je-on-pod-kontrolom\/\" \/>\n<meta property=\"og:site_name\" content=\"RADIO LJUBU\u0160KI\" \/>\n<meta property=\"article:publisher\" content=\"https:\/\/www.facebook.com\/Radiio-Ljubuski-1490835324566332\" \/>\n<meta property=\"article:published_time\" content=\"2021-03-09T13:16:21+00:00\" \/>\n<meta property=\"og:image\" content=\"https:\/\/radioljubuski.ba\/wp-content\/uploads\/2021\/03\/indeksiraj3.jpg\" \/>\n\t<meta property=\"og:image:width\" content=\"308\" \/>\n\t<meta property=\"og:image:height\" content=\"164\" \/>\n\t<meta property=\"og:image:type\" content=\"image\/jpeg\" \/>\n<meta name=\"author\" content=\"Radio Ljubu\u0161ki\" \/>\n<meta name=\"twitter:card\" content=\"summary_large_image\" \/>\n<meta name=\"twitter:creator\" content=\"@radioljubuski\" \/>\n<meta name=\"twitter:site\" content=\"@radioljubuski\" \/>\n<meta name=\"twitter:label1\" content=\"Napisao\/la\" \/>\n\t<meta name=\"twitter:data1\" content=\"Radio Ljubu\u0161ki\" \/>\n\t<meta name=\"twitter:label2\" content=\"Procijenjeno vrijeme \u010ditanja\" \/>\n\t<meta name=\"twitter:data2\" content=\"3 minute\" \/>\n<script type=\"application\/ld+json\" class=\"yoast-schema-graph\">{\"@context\":\"https:\\\/\\\/schema.org\",\"@graph\":[{\"@type\":\"Article\",\"@id\":\"https:\\\/\\\/radioljubuski.ba\\\/index.php\\\/2021\\\/03\\\/09\\\/mayer-ne-trebamo-se-bojati-treceg-vala-sve-dok-je-on-pod-kontrolom\\\/#article\",\"isPartOf\":{\"@id\":\"https:\\\/\\\/radioljubuski.ba\\\/index.php\\\/2021\\\/03\\\/09\\\/mayer-ne-trebamo-se-bojati-treceg-vala-sve-dok-je-on-pod-kontrolom\\\/\"},\"author\":{\"name\":\"Radio Ljubu\u0161ki\",\"@id\":\"https:\\\/\\\/radioljubuski.ba\\\/#\\\/schema\\\/person\\\/19fc700381a780f69665d7956c469e3b\"},\"headline\":\"Mayer: Ne trebamo se bojati tre\u0107eg vala sve dok je on pod kontrolom\",\"datePublished\":\"2021-03-09T13:16:21+00:00\",\"mainEntityOfPage\":{\"@id\":\"https:\\\/\\\/radioljubuski.ba\\\/index.php\\\/2021\\\/03\\\/09\\\/mayer-ne-trebamo-se-bojati-treceg-vala-sve-dok-je-on-pod-kontrolom\\\/\"},\"wordCount\":560,\"publisher\":{\"@id\":\"https:\\\/\\\/radioljubuski.ba\\\/#organization\"},\"image\":{\"@id\":\"https:\\\/\\\/radioljubuski.ba\\\/index.php\\\/2021\\\/03\\\/09\\\/mayer-ne-trebamo-se-bojati-treceg-vala-sve-dok-je-on-pod-kontrolom\\\/#primaryimage\"},\"thumbnailUrl\":\"https:\\\/\\\/radioljubuski.ba\\\/wp-content\\\/uploads\\\/2021\\\/03\\\/indeksiraj3.jpg\",\"articleSection\":[\"BIH i regija\"],\"inLanguage\":\"hr\"},{\"@type\":\"WebPage\",\"@id\":\"https:\\\/\\\/radioljubuski.ba\\\/index.php\\\/2021\\\/03\\\/09\\\/mayer-ne-trebamo-se-bojati-treceg-vala-sve-dok-je-on-pod-kontrolom\\\/\",\"url\":\"https:\\\/\\\/radioljubuski.ba\\\/index.php\\\/2021\\\/03\\\/09\\\/mayer-ne-trebamo-se-bojati-treceg-vala-sve-dok-je-on-pod-kontrolom\\\/\",\"name\":\"Mayer: Ne trebamo se bojati tre\u0107eg vala sve dok je on pod kontrolom - RADIO LJUBU\u0160KI\",\"isPartOf\":{\"@id\":\"https:\\\/\\\/radioljubuski.ba\\\/#website\"},\"primaryImageOfPage\":{\"@id\":\"https:\\\/\\\/radioljubuski.ba\\\/index.php\\\/2021\\\/03\\\/09\\\/mayer-ne-trebamo-se-bojati-treceg-vala-sve-dok-je-on-pod-kontrolom\\\/#primaryimage\"},\"image\":{\"@id\":\"https:\\\/\\\/radioljubuski.ba\\\/index.php\\\/2021\\\/03\\\/09\\\/mayer-ne-trebamo-se-bojati-treceg-vala-sve-dok-je-on-pod-kontrolom\\\/#primaryimage\"},\"thumbnailUrl\":\"https:\\\/\\\/radioljubuski.ba\\\/wp-content\\\/uploads\\\/2021\\\/03\\\/indeksiraj3.jpg\",\"datePublished\":\"2021-03-09T13:16:21+00:00\",\"breadcrumb\":{\"@id\":\"https:\\\/\\\/radioljubuski.ba\\\/index.php\\\/2021\\\/03\\\/09\\\/mayer-ne-trebamo-se-bojati-treceg-vala-sve-dok-je-on-pod-kontrolom\\\/#breadcrumb\"},\"inLanguage\":\"hr\",\"potentialAction\":[{\"@type\":\"ReadAction\",\"target\":[\"https:\\\/\\\/radioljubuski.ba\\\/index.php\\\/2021\\\/03\\\/09\\\/mayer-ne-trebamo-se-bojati-treceg-vala-sve-dok-je-on-pod-kontrolom\\\/\"]}]},{\"@type\":\"ImageObject\",\"inLanguage\":\"hr\",\"@id\":\"https:\\\/\\\/radioljubuski.ba\\\/index.php\\\/2021\\\/03\\\/09\\\/mayer-ne-trebamo-se-bojati-treceg-vala-sve-dok-je-on-pod-kontrolom\\\/#primaryimage\",\"url\":\"https:\\\/\\\/radioljubuski.ba\\\/wp-content\\\/uploads\\\/2021\\\/03\\\/indeksiraj3.jpg\",\"contentUrl\":\"https:\\\/\\\/radioljubuski.ba\\\/wp-content\\\/uploads\\\/2021\\\/03\\\/indeksiraj3.jpg\",\"width\":308,\"height\":164},{\"@type\":\"BreadcrumbList\",\"@id\":\"https:\\\/\\\/radioljubuski.ba\\\/index.php\\\/2021\\\/03\\\/09\\\/mayer-ne-trebamo-se-bojati-treceg-vala-sve-dok-je-on-pod-kontrolom\\\/#breadcrumb\",\"itemListElement\":[{\"@type\":\"ListItem\",\"position\":1,\"name\":\"Po\u010detna stranica\",\"item\":\"https:\\\/\\\/radioljubuski.ba\\\/\"},{\"@type\":\"ListItem\",\"position\":2,\"name\":\"Mayer: Ne trebamo se bojati tre\u0107eg vala sve dok je on pod kontrolom\"}]},{\"@type\":\"WebSite\",\"@id\":\"https:\\\/\\\/radioljubuski.ba\\\/#website\",\"url\":\"https:\\\/\\\/radioljubuski.ba\\\/\",\"name\":\"Radio Ljubu\u0161ki\",\"description\":\"Sun\u010dana frekvencija Hercegovine\",\"publisher\":{\"@id\":\"https:\\\/\\\/radioljubuski.ba\\\/#organization\"},\"potentialAction\":[{\"@type\":\"SearchAction\",\"target\":{\"@type\":\"EntryPoint\",\"urlTemplate\":\"https:\\\/\\\/radioljubuski.ba\\\/?s={search_term_string}\"},\"query-input\":{\"@type\":\"PropertyValueSpecification\",\"valueRequired\":true,\"valueName\":\"search_term_string\"}}],\"inLanguage\":\"hr\"},{\"@type\":\"Organization\",\"@id\":\"https:\\\/\\\/radioljubuski.ba\\\/#organization\",\"name\":\"Radio Ljubu\u0161ki\",\"url\":\"https:\\\/\\\/radioljubuski.ba\\\/\",\"logo\":{\"@type\":\"ImageObject\",\"inLanguage\":\"hr\",\"@id\":\"https:\\\/\\\/radioljubuski.ba\\\/#\\\/schema\\\/logo\\\/image\\\/\",\"url\":\"https:\\\/\\\/radioljubuski.ba\\\/wp-content\\\/uploads\\\/2021\\\/02\\\/cropped-Radio_Ljubuski_logo1.jpg\",\"contentUrl\":\"https:\\\/\\\/radioljubuski.ba\\\/wp-content\\\/uploads\\\/2021\\\/02\\\/cropped-Radio_Ljubuski_logo1.jpg\",\"width\":512,\"height\":512,\"caption\":\"Radio Ljubu\u0161ki\"},\"image\":{\"@id\":\"https:\\\/\\\/radioljubuski.ba\\\/#\\\/schema\\\/logo\\\/image\\\/\"},\"sameAs\":[\"https:\\\/\\\/www.facebook.com\\\/Radiio-Ljubuski-1490835324566332\",\"https:\\\/\\\/x.com\\\/radioljubuski\",\"https:\\\/\\\/hr.linkedin.com\\\/company\\\/radio-ljubuski\",\"https:\\\/\\\/www.youtube.com\\\/channel\\\/UCHYaeO_n0Db3tjNGudGpXyw\"]},{\"@type\":\"Person\",\"@id\":\"https:\\\/\\\/radioljubuski.ba\\\/#\\\/schema\\\/person\\\/19fc700381a780f69665d7956c469e3b\",\"name\":\"Radio Ljubu\u0161ki\"}]}<\/script>\n<!-- \/ Yoast SEO plugin. -->","yoast_head_json":{"title":"Mayer: Ne trebamo se bojati tre\u0107eg vala sve dok je on pod kontrolom - RADIO LJUBU\u0160KI","robots":{"index":"index","follow":"follow","max-snippet":"max-snippet:-1","max-image-preview":"max-image-preview:large","max-video-preview":"max-video-preview:-1"},"canonical":"https:\/\/radioljubuski.ba\/index.php\/2021\/03\/09\/mayer-ne-trebamo-se-bojati-treceg-vala-sve-dok-je-on-pod-kontrolom\/","og_locale":"hr_HR","og_type":"article","og_title":"Mayer: Ne trebamo se bojati tre\u0107eg vala sve dok je on pod kontrolom - RADIO LJUBU\u0160KI","og_description":"Nadamo se da \u0107e pred ljeto biti bolja situacija kao \u0161to je bila i lani, nadamo se da je vrhunac bio, ali tre\u0107i val je vrlo mogu\u0107 s obzirom na nove sojeve i \u010dinjenicu da su ljudi po\u010deli putovati, rekla je epidemiologinja HZJZ-a Dijana Mayer u emisiji &#8220;Studio 4&#8221;. &#8211; Ne mogu re\u0107i da su [&hellip;]","og_url":"https:\/\/radioljubuski.ba\/index.php\/2021\/03\/09\/mayer-ne-trebamo-se-bojati-treceg-vala-sve-dok-je-on-pod-kontrolom\/","og_site_name":"RADIO LJUBU\u0160KI","article_publisher":"https:\/\/www.facebook.com\/Radiio-Ljubuski-1490835324566332","article_published_time":"2021-03-09T13:16:21+00:00","og_image":[{"width":308,"height":164,"url":"https:\/\/radioljubuski.ba\/wp-content\/uploads\/2021\/03\/indeksiraj3.jpg","type":"image\/jpeg"}],"author":"Radio Ljubu\u0161ki","twitter_card":"summary_large_image","twitter_creator":"@radioljubuski","twitter_site":"@radioljubuski","twitter_misc":{"Napisao\/la":"Radio Ljubu\u0161ki","Procijenjeno vrijeme \u010ditanja":"3 minute"},"schema":{"@context":"https:\/\/schema.org","@graph":[{"@type":"Article","@id":"https:\/\/radioljubuski.ba\/index.php\/2021\/03\/09\/mayer-ne-trebamo-se-bojati-treceg-vala-sve-dok-je-on-pod-kontrolom\/#article","isPartOf":{"@id":"https:\/\/radioljubuski.ba\/index.php\/2021\/03\/09\/mayer-ne-trebamo-se-bojati-treceg-vala-sve-dok-je-on-pod-kontrolom\/"},"author":{"name":"Radio Ljubu\u0161ki","@id":"https:\/\/radioljubuski.ba\/#\/schema\/person\/19fc700381a780f69665d7956c469e3b"},"headline":"Mayer: Ne trebamo se bojati tre\u0107eg vala sve dok je on pod kontrolom","datePublished":"2021-03-09T13:16:21+00:00","mainEntityOfPage":{"@id":"https:\/\/radioljubuski.ba\/index.php\/2021\/03\/09\/mayer-ne-trebamo-se-bojati-treceg-vala-sve-dok-je-on-pod-kontrolom\/"},"wordCount":560,"publisher":{"@id":"https:\/\/radioljubuski.ba\/#organization"},"image":{"@id":"https:\/\/radioljubuski.ba\/index.php\/2021\/03\/09\/mayer-ne-trebamo-se-bojati-treceg-vala-sve-dok-je-on-pod-kontrolom\/#primaryimage"},"thumbnailUrl":"https:\/\/radioljubuski.ba\/wp-content\/uploads\/2021\/03\/indeksiraj3.jpg","articleSection":["BIH i regija"],"inLanguage":"hr"},{"@type":"WebPage","@id":"https:\/\/radioljubuski.ba\/index.php\/2021\/03\/09\/mayer-ne-trebamo-se-bojati-treceg-vala-sve-dok-je-on-pod-kontrolom\/","url":"https:\/\/radioljubuski.ba\/index.php\/2021\/03\/09\/mayer-ne-trebamo-se-bojati-treceg-vala-sve-dok-je-on-pod-kontrolom\/","name":"Mayer: Ne trebamo se bojati tre\u0107eg vala sve dok je on pod kontrolom - RADIO LJUBU\u0160KI","isPartOf":{"@id":"https:\/\/radioljubuski.ba\/#website"},"primaryImageOfPage":{"@id":"https:\/\/radioljubuski.ba\/index.php\/2021\/03\/09\/mayer-ne-trebamo-se-bojati-treceg-vala-sve-dok-je-on-pod-kontrolom\/#primaryimage"},"image":{"@id":"https:\/\/radioljubuski.ba\/index.php\/2021\/03\/09\/mayer-ne-trebamo-se-bojati-treceg-vala-sve-dok-je-on-pod-kontrolom\/#primaryimage"},"thumbnailUrl":"https:\/\/radioljubuski.ba\/wp-content\/uploads\/2021\/03\/indeksiraj3.jpg","datePublished":"2021-03-09T13:16:21+00:00","breadcrumb":{"@id":"https:\/\/radioljubuski.ba\/index.php\/2021\/03\/09\/mayer-ne-trebamo-se-bojati-treceg-vala-sve-dok-je-on-pod-kontrolom\/#breadcrumb"},"inLanguage":"hr","potentialAction":[{"@type":"ReadAction","target":["https:\/\/radioljubuski.ba\/index.php\/2021\/03\/09\/mayer-ne-trebamo-se-bojati-treceg-vala-sve-dok-je-on-pod-kontrolom\/"]}]},{"@type":"ImageObject","inLanguage":"hr","@id":"https:\/\/radioljubuski.ba\/index.php\/2021\/03\/09\/mayer-ne-trebamo-se-bojati-treceg-vala-sve-dok-je-on-pod-kontrolom\/#primaryimage","url":"https:\/\/radioljubuski.ba\/wp-content\/uploads\/2021\/03\/indeksiraj3.jpg","contentUrl":"https:\/\/radioljubuski.ba\/wp-content\/uploads\/2021\/03\/indeksiraj3.jpg","width":308,"height":164},{"@type":"BreadcrumbList","@id":"https:\/\/radioljubuski.ba\/index.php\/2021\/03\/09\/mayer-ne-trebamo-se-bojati-treceg-vala-sve-dok-je-on-pod-kontrolom\/#breadcrumb","itemListElement":[{"@type":"ListItem","position":1,"name":"Po\u010detna stranica","item":"https:\/\/radioljubuski.ba\/"},{"@type":"ListItem","position":2,"name":"Mayer: Ne trebamo se bojati tre\u0107eg vala sve dok je on pod kontrolom"}]},{"@type":"WebSite","@id":"https:\/\/radioljubuski.ba\/#website","url":"https:\/\/radioljubuski.ba\/","name":"Radio Ljubu\u0161ki","description":"Sun\u010dana frekvencija Hercegovine","publisher":{"@id":"https:\/\/radioljubuski.ba\/#organization"},"potentialAction":[{"@type":"SearchAction","target":{"@type":"EntryPoint","urlTemplate":"https:\/\/radioljubuski.ba\/?s={search_term_string}"},"query-input":{"@type":"PropertyValueSpecification","valueRequired":true,"valueName":"search_term_string"}}],"inLanguage":"hr"},{"@type":"Organization","@id":"https:\/\/radioljubuski.ba\/#organization","name":"Radio Ljubu\u0161ki","url":"https:\/\/radioljubuski.ba\/","logo":{"@type":"ImageObject","inLanguage":"hr","@id":"https:\/\/radioljubuski.ba\/#\/schema\/logo\/image\/","url":"https:\/\/radioljubuski.ba\/wp-content\/uploads\/2021\/02\/cropped-Radio_Ljubuski_logo1.jpg","contentUrl":"https:\/\/radioljubuski.ba\/wp-content\/uploads\/2021\/02\/cropped-Radio_Ljubuski_logo1.jpg","width":512,"height":512,"caption":"Radio Ljubu\u0161ki"},"image":{"@id":"https:\/\/radioljubuski.ba\/#\/schema\/logo\/image\/"},"sameAs":["https:\/\/www.facebook.com\/Radiio-Ljubuski-1490835324566332","https:\/\/x.com\/radioljubuski","https:\/\/hr.linkedin.com\/company\/radio-ljubuski","https:\/\/www.youtube.com\/channel\/UCHYaeO_n0Db3tjNGudGpXyw"]},{"@type":"Person","@id":"https:\/\/radioljubuski.ba\/#\/schema\/person\/19fc700381a780f69665d7956c469e3b","name":"Radio Ljubu\u0161ki"}]}},"_links":{"self":[{"href":"https:\/\/radioljubuski.ba\/index.php\/wp-json\/wp\/v2\/posts\/2230","targetHints":{"allow":["GET"]}}],"collection":[{"href":"https:\/\/radioljubuski.ba\/index.php\/wp-json\/wp\/v2\/posts"}],"about":[{"href":"https:\/\/radioljubuski.ba\/index.php\/wp-json\/wp\/v2\/types\/post"}],"author":[{"embeddable":true,"href":"https:\/\/radioljubuski.ba\/index.php\/wp-json\/wp\/v2\/users\/2"}],"replies":[{"embeddable":true,"href":"https:\/\/radioljubuski.ba\/index.php\/wp-json\/wp\/v2\/comments?post=2230"}],"version-history":[{"count":1,"href":"https:\/\/radioljubuski.ba\/index.php\/wp-json\/wp\/v2\/posts\/2230\/revisions"}],"predecessor-version":[{"id":2232,"href":"https:\/\/radioljubuski.ba\/index.php\/wp-json\/wp\/v2\/posts\/2230\/revisions\/2232"}],"wp:featuredmedia":[{"embeddable":true,"href":"https:\/\/radioljubuski.ba\/index.php\/wp-json\/wp\/v2\/media\/2231"}],"wp:attachment":[{"href":"https:\/\/radioljubuski.ba\/index.php\/wp-json\/wp\/v2\/media?parent=2230"}],"wp:term":[{"taxonomy":"category","embeddable":true,"href":"https:\/\/radioljubuski.ba\/index.php\/wp-json\/wp\/v2\/categories?post=2230"},{"taxonomy":"post_tag","embeddable":true,"href":"https:\/\/radioljubuski.ba\/index.php\/wp-json\/wp\/v2\/tags?post=2230"}],"curies":[{"name":"wp","href":"https:\/\/api.w.org\/{rel}","templated":true}]}}