{"id":223012,"date":"2025-11-28T18:25:12","date_gmt":"2025-11-28T17:25:12","guid":{"rendered":"https:\/\/radioljubuski.ba\/?p=223012"},"modified":"2025-11-28T18:25:13","modified_gmt":"2025-11-28T17:25:13","slug":"zbornik-ii-autora-dusana-muse-predstavljen-u-hrvatskom-drzavnom-arhivu-u-zagrebu","status":"publish","type":"post","link":"https:\/\/radioljubuski.ba\/index.php\/2025\/11\/28\/zbornik-ii-autora-dusana-muse-predstavljen-u-hrvatskom-drzavnom-arhivu-u-zagrebu\/","title":{"rendered":"Zbornik II autora Du\u0161ana Muse predstavljen u Hrvatskom dr\u017eavnom arhivu u Zagrebu"},"content":{"rendered":"\n<p>Povodom obilje\u017eavanja 150. obljetnice Hercegova\u010dkog ustanka, Zajednica Hrvata isto\u010dne Hercegovine, u suradnji sa Sredi\u0161njim dr\u017eavnim uredom za Hrvate izvan Republike Hrvatske, koordinacijom Udruga Hrvata Bosne i Hercegovine, Udrugom don Vojvoda Musi\u0107, Maticom hrvatskom i Hrvatskim dr\u017eavnim arhivom organizirala je predstavljanje Zbornika II: \u201eBosna i Hercegovina izme\u0111u burne povijesti i Hercegova\u010dkog ustanka\u201c<\/p>\n\n\n\n<p>Na predstavljanju su sudjelovali :<br>\u2013 Prof. dr. sc. don Ivica Pulji\u0107, povjesni\u010dar<br>\u2013 Prof. dr. sc. Bo\u017eo Skoko, prorektor Sveu\u010dili\u0161ta Algebra Bernays<br>\u2013 Dr. sc. Domagoj Vidovi\u0107, Institut za hrvatski jezik i jezikoslovlje<br>\u2013 Prof. Mate Kova\u010devi\u0107, urednik Hrvatske izvje\u0161tajne novinske agencije (HINA)<br>\u2013 Dipl. politolog, Du\u0161an Musa, urednik Zbornika<br>\u2013 Mario Ragu\u017e, urednik Hrvatske radiotelevizije (HRT), moderator programa<\/p>\n\n\n\n<p>Predstavljanje je odr\u017eano 26. studenoga 2025. godine u Hrvatskom dr\u017eavnom arhivu u Zagrebu.<\/p>\n\n\n\n<p>Prenosimo tekst o doga\u0111aju sa stranice : https:\/\/hercegovinausliciirijeci.blogspot.com\/<\/p>\n\n\n\n<h3 class=\"wp-block-heading\">Zagreb: Zanimljivosti iz pro\u0161losti &#8211; Hercegova\u010dki ustanak nakon 150 godina stigao do Zagreba<\/h3>\n\n\n\n<p>&nbsp; &nbsp;Pola u \u0161ali pola u zbilji Du\u0161an Musa urednik Zbornika II \u201eBosna i Hercegovina izme\u0111u burne povijesti i Hercegova\u010dkog ustanka\u201c na po\u010detku svog izlaganja primijetio da je Hercegova\u010dki ustanak nakon 150 godina stigao do Zagreba. U stvarnosti je tako, trebalo je dosta vremena pro\u0107i da se o tako va\u017enom doga\u0111aju kao \u0161to je bio Hercegova\u010dki ustanak 1875. \u2013 1878. godine, progovori i u hrvatskoj prijestolnici. Dugo zanemarivan i pre\u0161u\u0107ivan Hercegova\u010dki ustanak je u prostoru kakav se samo po\u017eeljeti mo\u017ee \u2013 Hrvatski dr\u017eavni arhiv, do\u017eivio svojevrsnu reinkarnaciju.<\/p>\n\n\n<div class=\"wp-block-image\">\n<figure class=\"aligncenter size-full is-resized\"><img loading=\"lazy\" decoding=\"async\" width=\"320\" height=\"240\" src=\"https:\/\/radioljubuski.ba\/wp-content\/uploads\/2025\/11\/Zagreb1.jpg\" alt=\"\" class=\"wp-image-223014\" style=\"width:455px;height:auto\" srcset=\"https:\/\/radioljubuski.ba\/wp-content\/uploads\/2025\/11\/Zagreb1.jpg 320w, https:\/\/radioljubuski.ba\/wp-content\/uploads\/2025\/11\/Zagreb1-300x225.jpg 300w, https:\/\/radioljubuski.ba\/wp-content\/uploads\/2025\/11\/Zagreb1-16x12.jpg 16w\" sizes=\"auto, (max-width: 320px) 100vw, 320px\" \/><\/figure>\n<\/div>\n\n\n<p>\u00a0 \u00a0<strong>Zdanje Hrvatskog dr\u017eavnog arhiva<\/strong><\/p>\n\n\n\n<p>Predstavlja\u010di ljudi od rije\u010di i pera \u2013 Branko Mustapi\u0107, predsjednik Zajednice Hrvata isto\u010dne Hercegovine, predstavio je rad dr. sc. Ivice Pulji\u0107a o Hercegova\u010dkom ustanku &#8211; koji iz zdravstvenih razloga nije bio u mogu\u0107nosti prisustvovati, zatim prof. dr. sc. Bo\u017eo Skoko, Ljubu\u0161ak sa znanstvenim i oratorskim pedigreom, dr. sc. Domagoj Vidovi\u0107 sa Instituta za hrvatski jezik i jezikoslovlje, \u010dovjek koji je pored ostalog, tragaju\u0107i za znanstvenim istinama pro\u0161partao Donju Hercegovinu i crnogorsko primorje, prof. Mate Kova\u010devi\u0107, urednik Hrvatske izvje\u0161tajne novinske agencije (HINA), koji je u detalje prostudirao Zbornik II., te Du\u0161an Musa urednik Zbornika II. ujedno i autor tri teme.<\/p>\n\n\n<div class=\"wp-block-image\">\n<figure class=\"aligncenter size-full is-resized\"><img loading=\"lazy\" decoding=\"async\" width=\"2560\" height=\"1440\" src=\"https:\/\/radioljubuski.ba\/wp-content\/uploads\/2025\/11\/Zagreb5-1-scaled.jpg\" alt=\"\" class=\"wp-image-223024\" style=\"width:626px;height:auto\" srcset=\"https:\/\/radioljubuski.ba\/wp-content\/uploads\/2025\/11\/Zagreb5-1-scaled.jpg 2560w, https:\/\/radioljubuski.ba\/wp-content\/uploads\/2025\/11\/Zagreb5-1-300x169.jpg 300w, https:\/\/radioljubuski.ba\/wp-content\/uploads\/2025\/11\/Zagreb5-1-1024x576.jpg 1024w, https:\/\/radioljubuski.ba\/wp-content\/uploads\/2025\/11\/Zagreb5-1-768x432.jpg 768w, https:\/\/radioljubuski.ba\/wp-content\/uploads\/2025\/11\/Zagreb5-1-1536x864.jpg 1536w, https:\/\/radioljubuski.ba\/wp-content\/uploads\/2025\/11\/Zagreb5-1-2048x1152.jpg 2048w, https:\/\/radioljubuski.ba\/wp-content\/uploads\/2025\/11\/Zagreb5-1-18x10.jpg 18w\" sizes=\"auto, (max-width: 2560px) 100vw, 2560px\" \/><\/figure>\n<\/div>\n\n\n<p>\u00a0 \u00a0<strong>Izlaganje Branka Mustapi\u0107a<\/strong><\/p>\n\n\n\n<p>Program je moderirao Mario Ragu\u017e urednik Hrvatske radiotelevizije. Uz vje\u0161to vo\u0111enje Ragu\u017e je za mali predah od bujice rije\u010di, pro\u010ditao svoju pjesmu \u201eHercegovina\u201c koja je nai\u0161la na burno odobravanje okupljenih. Naravno u dvorani u kojoj se i stajalo, nisu bili samo Hercegovci, \u0161to se ka\u017ee bilo je i ljudi \u2013 s drugih strana, pa je utoliko sam program kroz raznovrsnost slu\u0161ateljstva dobio na te\u017eini. O Hercegova\u010dkom ustanku koji je nakon \u010detiri stolje\u0107a od ubojstva Stjepana Toma\u0161evi\u0107a zadnjeg bosanskog kralja i pada Bosne i Hercegovine pod osmansku vlast, u kona\u010dnici doveo do njihovog osloba\u0111anja, zahvaljuju\u0107i odlukama Berlinskog kongresa, besjedilo se s razli\u010ditih aspekata. Ina\u010de, nije to bila definitivna sloboda za narode Bosne i Hercegovine, pro\u0107i \u0107e jo\u0161 dosta godina do tog \u010dina, me\u0111utim ispunjena je po\u010detna \u017eelja hercegova\u010dkih ustanika \u2013 katolika (Hrvata), pod vodstvom vojvode don Ivana Musi\u0107a, te pravoslavnih koji su imali nekoliko vo\u0111a, da se rije\u0161e aga i begova.<\/p>\n\n\n<div class=\"wp-block-image\">\n<figure class=\"aligncenter size-full is-resized\"><img loading=\"lazy\" decoding=\"async\" width=\"2560\" height=\"1440\" src=\"https:\/\/radioljubuski.ba\/wp-content\/uploads\/2025\/11\/Zagreb6-Bozo-Skoko-1-scaled.jpg\" alt=\"\" class=\"wp-image-223021\" style=\"width:662px;height:auto\" srcset=\"https:\/\/radioljubuski.ba\/wp-content\/uploads\/2025\/11\/Zagreb6-Bozo-Skoko-1-scaled.jpg 2560w, https:\/\/radioljubuski.ba\/wp-content\/uploads\/2025\/11\/Zagreb6-Bozo-Skoko-1-300x169.jpg 300w, https:\/\/radioljubuski.ba\/wp-content\/uploads\/2025\/11\/Zagreb6-Bozo-Skoko-1-1024x576.jpg 1024w, https:\/\/radioljubuski.ba\/wp-content\/uploads\/2025\/11\/Zagreb6-Bozo-Skoko-1-768x432.jpg 768w, https:\/\/radioljubuski.ba\/wp-content\/uploads\/2025\/11\/Zagreb6-Bozo-Skoko-1-1536x864.jpg 1536w, https:\/\/radioljubuski.ba\/wp-content\/uploads\/2025\/11\/Zagreb6-Bozo-Skoko-1-2048x1152.jpg 2048w, https:\/\/radioljubuski.ba\/wp-content\/uploads\/2025\/11\/Zagreb6-Bozo-Skoko-1-18x10.jpg 18w\" sizes=\"auto, (max-width: 2560px) 100vw, 2560px\" \/><\/figure>\n<\/div>\n\n\n<p>\u00a0 \u00a0<strong>Obra\u0107anje Bo\u017ee Skoke<\/strong><\/p>\n\n\n\n<p>Valja re\u0107i da je Hercegova\u010dki ustanak u odnosu na ustanke u Bosanskoj krajini i Livanjskom kraju bio zasebna cjelina, odnosno me\u0111usobnih kontakata me\u0111u ustanicima nije bilo. Ako je nekima iz kojekakvih razloga bilo nepoznato, Hercegova\u010dki ustanak je po\u010deo 19. lipnja na mostu preko rijeke Krupe u Dra\u010devu kraj \u010capljine. Po svemu sude\u0107i preuzimanje mosta od strane ustanika, kao i ne\u0161to kasnije luke Klek, pro\u0161lo je bez \u017ertava. Ustanak je bio strate\u0161ki vje\u0161to isplaniran tako da su vrlo brzo ustanici preuzeli kontrolu nad ve\u0107im dijelom Donje Hercegovine od Gabele preko Hutova blata i Burmaza do Starog Slanog na istok, te na domak manastira Du\u017ei na jugoistok. Jasno pod kontrolom je bio i prostor dana\u0161njih op\u0107ina Neum i Ravno. Bataljuni s katoli\u010dkom ve\u0107inom bili su mje\u0161ovitog sastava, jer su im pristupili i pravoslavni kmetovi s podru\u010dja koje je zahvatio ustanak.<\/p>\n\n\n<div class=\"wp-block-image\">\n<figure class=\"aligncenter size-large is-resized\"><img loading=\"lazy\" decoding=\"async\" width=\"1024\" height=\"576\" src=\"https:\/\/radioljubuski.ba\/wp-content\/uploads\/2025\/11\/Zagreb7-Domagoj-Vidovic-1024x576.jpg\" alt=\"\" class=\"wp-image-223017\" style=\"width:617px;height:auto\" srcset=\"https:\/\/radioljubuski.ba\/wp-content\/uploads\/2025\/11\/Zagreb7-Domagoj-Vidovic-1024x576.jpg 1024w, https:\/\/radioljubuski.ba\/wp-content\/uploads\/2025\/11\/Zagreb7-Domagoj-Vidovic-300x169.jpg 300w, https:\/\/radioljubuski.ba\/wp-content\/uploads\/2025\/11\/Zagreb7-Domagoj-Vidovic-768x432.jpg 768w, https:\/\/radioljubuski.ba\/wp-content\/uploads\/2025\/11\/Zagreb7-Domagoj-Vidovic-1536x864.jpg 1536w, https:\/\/radioljubuski.ba\/wp-content\/uploads\/2025\/11\/Zagreb7-Domagoj-Vidovic-2048x1152.jpg 2048w, https:\/\/radioljubuski.ba\/wp-content\/uploads\/2025\/11\/Zagreb7-Domagoj-Vidovic-18x10.jpg 18w\" sizes=\"auto, (max-width: 1024px) 100vw, 1024px\" \/><\/figure>\n<\/div>\n\n\n<p>\u00a0 \u00a0<strong>Kazivanje Domagoja Vidovi\u0107a<\/strong><\/p>\n\n\n\n<p>Dvadesetak dana iza Hercegova\u010dkog ustanka planula je Nevesinjska pu\u0161ka ponad sela Krekovi kod Nevesinja. Ustanak se iz Hercegovine prenio na Bosansku Krajinu i livanjski kraj, zatim su slijedile bune u Bugarskoj, nemiri u Rumunjskoj i Gr\u010dkoj, objava rata Srbije i Crne Gore Osmanskom Carstvo, 30. lipnja 1876. godine, te na koncu Rusko-turski rat zapo\u010det u travnju 1877., u kojem je ruska vojska uz goleme gubitke oko 78.000 poginulih, stigla na domak Carigradu. Potpisan je najprije mir u San Stefanu \u010dije uvjete je diktirala Rusija kao pobjednica u ratu. Nezadovoljne velike sile prije svih Austrija i Engleska, pa i Njema\u010dka uspjele su vodu skrenuti na svoj mlin te sazvati Berlinski kongres na kojem su prema \u010dlanku 25. \u201ezemlje Bosna i Hercegovina\u201c date na upravu Austro-Ugarskoj. Dakle, bila je to zamjena jednog gospodara drugim, ali znatno progresivnijim i gospodarski razvijenijim.<\/p>\n\n\n<div class=\"wp-block-image\">\n<figure class=\"aligncenter size-large is-resized\"><img loading=\"lazy\" decoding=\"async\" width=\"1024\" height=\"576\" src=\"https:\/\/radioljubuski.ba\/wp-content\/uploads\/2025\/11\/Zagreb8-Mate-Kovacevic-1024x576.jpg\" alt=\"\" class=\"wp-image-223018\" style=\"width:656px;height:auto\" srcset=\"https:\/\/radioljubuski.ba\/wp-content\/uploads\/2025\/11\/Zagreb8-Mate-Kovacevic-1024x576.jpg 1024w, https:\/\/radioljubuski.ba\/wp-content\/uploads\/2025\/11\/Zagreb8-Mate-Kovacevic-300x169.jpg 300w, https:\/\/radioljubuski.ba\/wp-content\/uploads\/2025\/11\/Zagreb8-Mate-Kovacevic-768x432.jpg 768w, https:\/\/radioljubuski.ba\/wp-content\/uploads\/2025\/11\/Zagreb8-Mate-Kovacevic-1536x864.jpg 1536w, https:\/\/radioljubuski.ba\/wp-content\/uploads\/2025\/11\/Zagreb8-Mate-Kovacevic-2048x1152.jpg 2048w, https:\/\/radioljubuski.ba\/wp-content\/uploads\/2025\/11\/Zagreb8-Mate-Kovacevic-18x10.jpg 18w\" sizes=\"auto, (max-width: 1024px) 100vw, 1024px\" \/><\/figure>\n<\/div>\n\n\n<p>\u00a0 \u00a0<strong>Mate Kova\u010devi\u0107, dao analizu Zbornika<\/strong><\/p>\n\n\n\n<p>Na podru\u010dju Donje Hercegovine gdje je ustanak po\u010deo desecima godina na ustanak se nije obra\u0107ala pa\u017enja znanstvene javnosti, ustanak je \u017eivio u predajama, da bi povodom 120-te godi\u0161njice u Dra\u010devu kod \u010capljine bilo podignuto spomen obilje\u017eje ustanku i ustanicima. Usporedo se o ustanku po\u010delo pisati, pa je 130-ta godi\u0161njica bila obilje\u017eena u Ljubu\u0161kom, rodnom mjestu vojvode Musi\u0107a vo\u0111e katoli\u010dkih ustanika (Hrvata), dok je 150-ta godi\u0161njica obilje\u017eena s nizom sadr\u017eaja.<\/p>\n\n\n\n<figure class=\"wp-block-image size-large\"><img loading=\"lazy\" decoding=\"async\" width=\"1024\" height=\"576\" src=\"https:\/\/radioljubuski.ba\/wp-content\/uploads\/2025\/11\/Zagreb9-Dusan-1024x576.jpg\" alt=\"\" class=\"wp-image-223019\" srcset=\"https:\/\/radioljubuski.ba\/wp-content\/uploads\/2025\/11\/Zagreb9-Dusan-1024x576.jpg 1024w, https:\/\/radioljubuski.ba\/wp-content\/uploads\/2025\/11\/Zagreb9-Dusan-300x169.jpg 300w, https:\/\/radioljubuski.ba\/wp-content\/uploads\/2025\/11\/Zagreb9-Dusan-768x432.jpg 768w, https:\/\/radioljubuski.ba\/wp-content\/uploads\/2025\/11\/Zagreb9-Dusan-1536x864.jpg 1536w, https:\/\/radioljubuski.ba\/wp-content\/uploads\/2025\/11\/Zagreb9-Dusan-2048x1152.jpg 2048w, https:\/\/radioljubuski.ba\/wp-content\/uploads\/2025\/11\/Zagreb9-Dusan-18x10.jpg 18w\" sizes=\"auto, (max-width: 1024px) 100vw, 1024px\" \/><\/figure>\n\n\n\n<p>\u00a0 \u00a0<strong>Du\u0161an Musa &#8211; Ustanak i zanimljivosti<\/strong><\/p>\n\n\n\n<p>Jedan od tih sadr\u017eaja bila je i promocija Zbornika II. \u201eBosna i Hercegovina izme\u0111u burne povijesti i Hercegova\u010dkog ustanka\u201c u Hrvatskom dr\u017eavnom arhivu u Zagrebu. Organizator tog doga\u0111aja bila je Zajednica Hrvata isto\u010dne Hercegovine u suradnji sa Sredi\u0161njim dr\u017eavnim uredom za Hrvate izvan R. Hrvatske, koordinacijom Udruga Hrvata Bosne i Hercegovine, Udrugom \u201eVojvoda Don Ivan Musi\u0107\u201c, iz Ljubu\u0161kog, Maticom hrvatskom i Hrvatskim dr\u017eavnim arhivom.<\/p>\n\n\n\n<figure class=\"wp-block-image size-large\"><img loading=\"lazy\" decoding=\"async\" width=\"1024\" height=\"576\" src=\"https:\/\/radioljubuski.ba\/wp-content\/uploads\/2025\/11\/Zagreb10-1024x576.jpg\" alt=\"\" class=\"wp-image-223020\" srcset=\"https:\/\/radioljubuski.ba\/wp-content\/uploads\/2025\/11\/Zagreb10-1024x576.jpg 1024w, https:\/\/radioljubuski.ba\/wp-content\/uploads\/2025\/11\/Zagreb10-300x169.jpg 300w, https:\/\/radioljubuski.ba\/wp-content\/uploads\/2025\/11\/Zagreb10-768x432.jpg 768w, https:\/\/radioljubuski.ba\/wp-content\/uploads\/2025\/11\/Zagreb10-1536x864.jpg 1536w, https:\/\/radioljubuski.ba\/wp-content\/uploads\/2025\/11\/Zagreb10-2048x1152.jpg 2048w, https:\/\/radioljubuski.ba\/wp-content\/uploads\/2025\/11\/Zagreb10-18x10.jpg 18w\" sizes=\"auto, (max-width: 1024px) 100vw, 1024px\" \/><\/figure>\n\n\n\n<p><strong>Obra\u0107anje Maria Ragu\u017ea &#8211; Pjesnika i moderatora<\/strong><\/p>\n\n\n\n<p>Tekst i foto: Z. Musa<\/p>\n","protected":false},"excerpt":{"rendered":"<p>Povodom obilje\u017eavanja 150. obljetnice Hercegova\u010dkog ustanka, Zajednica Hrvata isto\u010dne Hercegovine, u suradnji sa Sredi\u0161njim dr\u017eavnim uredom za Hrvate izvan Republike Hrvatske, koordinacijom Udruga Hrvata Bosne i Hercegovine, Udrugom don Vojvoda Musi\u0107, Maticom hrvatskom i Hrvatskim dr\u017eavnim arhivom organizirala je predstavljanje Zbornika II: \u201eBosna i Hercegovina izme\u0111u burne povijesti i Hercegova\u010dkog ustanka\u201c Na predstavljanju su sudjelovali [&hellip;]<\/p>\n","protected":false},"author":2,"featured_media":223025,"comment_status":"closed","ping_status":"closed","sticky":false,"template":"","format":"standard","meta":{"h5ap_radio_sources":[],"footnotes":""},"categories":[1,3],"tags":[],"class_list":["post-223012","post","type-post","status-publish","format-standard","has-post-thumbnail","hentry","category-bihiregija","category-ljubuski"],"yoast_head":"<!-- This site is optimized with the Yoast SEO plugin v27.5 - https:\/\/yoast.com\/product\/yoast-seo-wordpress\/ -->\n<title>Zbornik II autora Du\u0161ana Muse predstavljen u Hrvatskom dr\u017eavnom arhivu u Zagrebu - RADIO LJUBU\u0160KI<\/title>\n<meta name=\"robots\" content=\"index, follow, max-snippet:-1, max-image-preview:large, max-video-preview:-1\" \/>\n<link rel=\"canonical\" href=\"https:\/\/radioljubuski.ba\/index.php\/2025\/11\/28\/zbornik-ii-autora-dusana-muse-predstavljen-u-hrvatskom-drzavnom-arhivu-u-zagrebu\/\" \/>\n<meta property=\"og:locale\" content=\"hr_HR\" \/>\n<meta property=\"og:type\" content=\"article\" \/>\n<meta property=\"og:title\" content=\"Zbornik II autora Du\u0161ana Muse predstavljen u Hrvatskom dr\u017eavnom arhivu u Zagrebu - RADIO LJUBU\u0160KI\" \/>\n<meta property=\"og:description\" content=\"Povodom obilje\u017eavanja 150. obljetnice Hercegova\u010dkog ustanka, Zajednica Hrvata isto\u010dne Hercegovine, u suradnji sa Sredi\u0161njim dr\u017eavnim uredom za Hrvate izvan Republike Hrvatske, koordinacijom Udruga Hrvata Bosne i Hercegovine, Udrugom don Vojvoda Musi\u0107, Maticom hrvatskom i Hrvatskim dr\u017eavnim arhivom organizirala je predstavljanje Zbornika II: \u201eBosna i Hercegovina izme\u0111u burne povijesti i Hercegova\u010dkog ustanka\u201c Na predstavljanju su sudjelovali [&hellip;]\" \/>\n<meta property=\"og:url\" content=\"https:\/\/radioljubuski.ba\/index.php\/2025\/11\/28\/zbornik-ii-autora-dusana-muse-predstavljen-u-hrvatskom-drzavnom-arhivu-u-zagrebu\/\" \/>\n<meta property=\"og:site_name\" content=\"RADIO LJUBU\u0160KI\" \/>\n<meta property=\"article:publisher\" content=\"https:\/\/www.facebook.com\/Radiio-Ljubuski-1490835324566332\" \/>\n<meta property=\"article:published_time\" content=\"2025-11-28T17:25:12+00:00\" \/>\n<meta property=\"article:modified_time\" content=\"2025-11-28T17:25:13+00:00\" \/>\n<meta property=\"og:image\" content=\"https:\/\/radioljubuski.ba\/wp-content\/uploads\/2025\/11\/Zagreb3-total-1-scaled.jpg\" \/>\n\t<meta property=\"og:image:width\" content=\"2560\" \/>\n\t<meta property=\"og:image:height\" content=\"1440\" \/>\n\t<meta property=\"og:image:type\" content=\"image\/jpeg\" \/>\n<meta name=\"author\" content=\"Radio Ljubu\u0161ki\" \/>\n<meta name=\"twitter:card\" content=\"summary_large_image\" \/>\n<meta name=\"twitter:creator\" content=\"@radioljubuski\" \/>\n<meta name=\"twitter:site\" content=\"@radioljubuski\" \/>\n<meta name=\"twitter:label1\" content=\"Napisao\/la\" \/>\n\t<meta name=\"twitter:data1\" content=\"Radio Ljubu\u0161ki\" \/>\n\t<meta name=\"twitter:label2\" content=\"Procijenjeno vrijeme \u010ditanja\" \/>\n\t<meta name=\"twitter:data2\" content=\"7 minuta\" \/>\n<script type=\"application\/ld+json\" class=\"yoast-schema-graph\">{\"@context\":\"https:\\\/\\\/schema.org\",\"@graph\":[{\"@type\":\"Article\",\"@id\":\"https:\\\/\\\/radioljubuski.ba\\\/index.php\\\/2025\\\/11\\\/28\\\/zbornik-ii-autora-dusana-muse-predstavljen-u-hrvatskom-drzavnom-arhivu-u-zagrebu\\\/#article\",\"isPartOf\":{\"@id\":\"https:\\\/\\\/radioljubuski.ba\\\/index.php\\\/2025\\\/11\\\/28\\\/zbornik-ii-autora-dusana-muse-predstavljen-u-hrvatskom-drzavnom-arhivu-u-zagrebu\\\/\"},\"author\":{\"name\":\"Radio Ljubu\u0161ki\",\"@id\":\"https:\\\/\\\/radioljubuski.ba\\\/#\\\/schema\\\/person\\\/19fc700381a780f69665d7956c469e3b\"},\"headline\":\"Zbornik II autora Du\u0161ana Muse predstavljen u Hrvatskom dr\u017eavnom arhivu u Zagrebu\",\"datePublished\":\"2025-11-28T17:25:12+00:00\",\"dateModified\":\"2025-11-28T17:25:13+00:00\",\"mainEntityOfPage\":{\"@id\":\"https:\\\/\\\/radioljubuski.ba\\\/index.php\\\/2025\\\/11\\\/28\\\/zbornik-ii-autora-dusana-muse-predstavljen-u-hrvatskom-drzavnom-arhivu-u-zagrebu\\\/\"},\"wordCount\":1052,\"publisher\":{\"@id\":\"https:\\\/\\\/radioljubuski.ba\\\/#organization\"},\"image\":{\"@id\":\"https:\\\/\\\/radioljubuski.ba\\\/index.php\\\/2025\\\/11\\\/28\\\/zbornik-ii-autora-dusana-muse-predstavljen-u-hrvatskom-drzavnom-arhivu-u-zagrebu\\\/#primaryimage\"},\"thumbnailUrl\":\"https:\\\/\\\/radioljubuski.ba\\\/wp-content\\\/uploads\\\/2025\\\/11\\\/Zagreb3-total-1-scaled.jpg\",\"articleSection\":[\"BIH i regija\",\"Ljubu\u0161ki\"],\"inLanguage\":\"hr\"},{\"@type\":\"WebPage\",\"@id\":\"https:\\\/\\\/radioljubuski.ba\\\/index.php\\\/2025\\\/11\\\/28\\\/zbornik-ii-autora-dusana-muse-predstavljen-u-hrvatskom-drzavnom-arhivu-u-zagrebu\\\/\",\"url\":\"https:\\\/\\\/radioljubuski.ba\\\/index.php\\\/2025\\\/11\\\/28\\\/zbornik-ii-autora-dusana-muse-predstavljen-u-hrvatskom-drzavnom-arhivu-u-zagrebu\\\/\",\"name\":\"Zbornik II autora Du\u0161ana Muse predstavljen u Hrvatskom dr\u017eavnom arhivu u Zagrebu - RADIO LJUBU\u0160KI\",\"isPartOf\":{\"@id\":\"https:\\\/\\\/radioljubuski.ba\\\/#website\"},\"primaryImageOfPage\":{\"@id\":\"https:\\\/\\\/radioljubuski.ba\\\/index.php\\\/2025\\\/11\\\/28\\\/zbornik-ii-autora-dusana-muse-predstavljen-u-hrvatskom-drzavnom-arhivu-u-zagrebu\\\/#primaryimage\"},\"image\":{\"@id\":\"https:\\\/\\\/radioljubuski.ba\\\/index.php\\\/2025\\\/11\\\/28\\\/zbornik-ii-autora-dusana-muse-predstavljen-u-hrvatskom-drzavnom-arhivu-u-zagrebu\\\/#primaryimage\"},\"thumbnailUrl\":\"https:\\\/\\\/radioljubuski.ba\\\/wp-content\\\/uploads\\\/2025\\\/11\\\/Zagreb3-total-1-scaled.jpg\",\"datePublished\":\"2025-11-28T17:25:12+00:00\",\"dateModified\":\"2025-11-28T17:25:13+00:00\",\"breadcrumb\":{\"@id\":\"https:\\\/\\\/radioljubuski.ba\\\/index.php\\\/2025\\\/11\\\/28\\\/zbornik-ii-autora-dusana-muse-predstavljen-u-hrvatskom-drzavnom-arhivu-u-zagrebu\\\/#breadcrumb\"},\"inLanguage\":\"hr\",\"potentialAction\":[{\"@type\":\"ReadAction\",\"target\":[\"https:\\\/\\\/radioljubuski.ba\\\/index.php\\\/2025\\\/11\\\/28\\\/zbornik-ii-autora-dusana-muse-predstavljen-u-hrvatskom-drzavnom-arhivu-u-zagrebu\\\/\"]}]},{\"@type\":\"ImageObject\",\"inLanguage\":\"hr\",\"@id\":\"https:\\\/\\\/radioljubuski.ba\\\/index.php\\\/2025\\\/11\\\/28\\\/zbornik-ii-autora-dusana-muse-predstavljen-u-hrvatskom-drzavnom-arhivu-u-zagrebu\\\/#primaryimage\",\"url\":\"https:\\\/\\\/radioljubuski.ba\\\/wp-content\\\/uploads\\\/2025\\\/11\\\/Zagreb3-total-1-scaled.jpg\",\"contentUrl\":\"https:\\\/\\\/radioljubuski.ba\\\/wp-content\\\/uploads\\\/2025\\\/11\\\/Zagreb3-total-1-scaled.jpg\",\"width\":2560,\"height\":1440},{\"@type\":\"BreadcrumbList\",\"@id\":\"https:\\\/\\\/radioljubuski.ba\\\/index.php\\\/2025\\\/11\\\/28\\\/zbornik-ii-autora-dusana-muse-predstavljen-u-hrvatskom-drzavnom-arhivu-u-zagrebu\\\/#breadcrumb\",\"itemListElement\":[{\"@type\":\"ListItem\",\"position\":1,\"name\":\"Po\u010detna stranica\",\"item\":\"https:\\\/\\\/radioljubuski.ba\\\/\"},{\"@type\":\"ListItem\",\"position\":2,\"name\":\"Zbornik II autora Du\u0161ana Muse predstavljen u Hrvatskom dr\u017eavnom arhivu u Zagrebu\"}]},{\"@type\":\"WebSite\",\"@id\":\"https:\\\/\\\/radioljubuski.ba\\\/#website\",\"url\":\"https:\\\/\\\/radioljubuski.ba\\\/\",\"name\":\"Radio Ljubu\u0161ki\",\"description\":\"Sun\u010dana frekvencija Hercegovine\",\"publisher\":{\"@id\":\"https:\\\/\\\/radioljubuski.ba\\\/#organization\"},\"potentialAction\":[{\"@type\":\"SearchAction\",\"target\":{\"@type\":\"EntryPoint\",\"urlTemplate\":\"https:\\\/\\\/radioljubuski.ba\\\/?s={search_term_string}\"},\"query-input\":{\"@type\":\"PropertyValueSpecification\",\"valueRequired\":true,\"valueName\":\"search_term_string\"}}],\"inLanguage\":\"hr\"},{\"@type\":\"Organization\",\"@id\":\"https:\\\/\\\/radioljubuski.ba\\\/#organization\",\"name\":\"Radio Ljubu\u0161ki\",\"url\":\"https:\\\/\\\/radioljubuski.ba\\\/\",\"logo\":{\"@type\":\"ImageObject\",\"inLanguage\":\"hr\",\"@id\":\"https:\\\/\\\/radioljubuski.ba\\\/#\\\/schema\\\/logo\\\/image\\\/\",\"url\":\"https:\\\/\\\/radioljubuski.ba\\\/wp-content\\\/uploads\\\/2021\\\/02\\\/cropped-Radio_Ljubuski_logo1.jpg\",\"contentUrl\":\"https:\\\/\\\/radioljubuski.ba\\\/wp-content\\\/uploads\\\/2021\\\/02\\\/cropped-Radio_Ljubuski_logo1.jpg\",\"width\":512,\"height\":512,\"caption\":\"Radio Ljubu\u0161ki\"},\"image\":{\"@id\":\"https:\\\/\\\/radioljubuski.ba\\\/#\\\/schema\\\/logo\\\/image\\\/\"},\"sameAs\":[\"https:\\\/\\\/www.facebook.com\\\/Radiio-Ljubuski-1490835324566332\",\"https:\\\/\\\/x.com\\\/radioljubuski\",\"https:\\\/\\\/hr.linkedin.com\\\/company\\\/radio-ljubuski\",\"https:\\\/\\\/www.youtube.com\\\/channel\\\/UCHYaeO_n0Db3tjNGudGpXyw\"]},{\"@type\":\"Person\",\"@id\":\"https:\\\/\\\/radioljubuski.ba\\\/#\\\/schema\\\/person\\\/19fc700381a780f69665d7956c469e3b\",\"name\":\"Radio Ljubu\u0161ki\"}]}<\/script>\n<!-- \/ Yoast SEO plugin. -->","yoast_head_json":{"title":"Zbornik II autora Du\u0161ana Muse predstavljen u Hrvatskom dr\u017eavnom arhivu u Zagrebu - RADIO LJUBU\u0160KI","robots":{"index":"index","follow":"follow","max-snippet":"max-snippet:-1","max-image-preview":"max-image-preview:large","max-video-preview":"max-video-preview:-1"},"canonical":"https:\/\/radioljubuski.ba\/index.php\/2025\/11\/28\/zbornik-ii-autora-dusana-muse-predstavljen-u-hrvatskom-drzavnom-arhivu-u-zagrebu\/","og_locale":"hr_HR","og_type":"article","og_title":"Zbornik II autora Du\u0161ana Muse predstavljen u Hrvatskom dr\u017eavnom arhivu u Zagrebu - RADIO LJUBU\u0160KI","og_description":"Povodom obilje\u017eavanja 150. obljetnice Hercegova\u010dkog ustanka, Zajednica Hrvata isto\u010dne Hercegovine, u suradnji sa Sredi\u0161njim dr\u017eavnim uredom za Hrvate izvan Republike Hrvatske, koordinacijom Udruga Hrvata Bosne i Hercegovine, Udrugom don Vojvoda Musi\u0107, Maticom hrvatskom i Hrvatskim dr\u017eavnim arhivom organizirala je predstavljanje Zbornika II: \u201eBosna i Hercegovina izme\u0111u burne povijesti i Hercegova\u010dkog ustanka\u201c Na predstavljanju su sudjelovali [&hellip;]","og_url":"https:\/\/radioljubuski.ba\/index.php\/2025\/11\/28\/zbornik-ii-autora-dusana-muse-predstavljen-u-hrvatskom-drzavnom-arhivu-u-zagrebu\/","og_site_name":"RADIO LJUBU\u0160KI","article_publisher":"https:\/\/www.facebook.com\/Radiio-Ljubuski-1490835324566332","article_published_time":"2025-11-28T17:25:12+00:00","article_modified_time":"2025-11-28T17:25:13+00:00","og_image":[{"width":2560,"height":1440,"url":"https:\/\/radioljubuski.ba\/wp-content\/uploads\/2025\/11\/Zagreb3-total-1-scaled.jpg","type":"image\/jpeg"}],"author":"Radio Ljubu\u0161ki","twitter_card":"summary_large_image","twitter_creator":"@radioljubuski","twitter_site":"@radioljubuski","twitter_misc":{"Napisao\/la":"Radio Ljubu\u0161ki","Procijenjeno vrijeme \u010ditanja":"7 minuta"},"schema":{"@context":"https:\/\/schema.org","@graph":[{"@type":"Article","@id":"https:\/\/radioljubuski.ba\/index.php\/2025\/11\/28\/zbornik-ii-autora-dusana-muse-predstavljen-u-hrvatskom-drzavnom-arhivu-u-zagrebu\/#article","isPartOf":{"@id":"https:\/\/radioljubuski.ba\/index.php\/2025\/11\/28\/zbornik-ii-autora-dusana-muse-predstavljen-u-hrvatskom-drzavnom-arhivu-u-zagrebu\/"},"author":{"name":"Radio Ljubu\u0161ki","@id":"https:\/\/radioljubuski.ba\/#\/schema\/person\/19fc700381a780f69665d7956c469e3b"},"headline":"Zbornik II autora Du\u0161ana Muse predstavljen u Hrvatskom dr\u017eavnom arhivu u Zagrebu","datePublished":"2025-11-28T17:25:12+00:00","dateModified":"2025-11-28T17:25:13+00:00","mainEntityOfPage":{"@id":"https:\/\/radioljubuski.ba\/index.php\/2025\/11\/28\/zbornik-ii-autora-dusana-muse-predstavljen-u-hrvatskom-drzavnom-arhivu-u-zagrebu\/"},"wordCount":1052,"publisher":{"@id":"https:\/\/radioljubuski.ba\/#organization"},"image":{"@id":"https:\/\/radioljubuski.ba\/index.php\/2025\/11\/28\/zbornik-ii-autora-dusana-muse-predstavljen-u-hrvatskom-drzavnom-arhivu-u-zagrebu\/#primaryimage"},"thumbnailUrl":"https:\/\/radioljubuski.ba\/wp-content\/uploads\/2025\/11\/Zagreb3-total-1-scaled.jpg","articleSection":["BIH i regija","Ljubu\u0161ki"],"inLanguage":"hr"},{"@type":"WebPage","@id":"https:\/\/radioljubuski.ba\/index.php\/2025\/11\/28\/zbornik-ii-autora-dusana-muse-predstavljen-u-hrvatskom-drzavnom-arhivu-u-zagrebu\/","url":"https:\/\/radioljubuski.ba\/index.php\/2025\/11\/28\/zbornik-ii-autora-dusana-muse-predstavljen-u-hrvatskom-drzavnom-arhivu-u-zagrebu\/","name":"Zbornik II autora Du\u0161ana Muse predstavljen u Hrvatskom dr\u017eavnom arhivu u Zagrebu - RADIO LJUBU\u0160KI","isPartOf":{"@id":"https:\/\/radioljubuski.ba\/#website"},"primaryImageOfPage":{"@id":"https:\/\/radioljubuski.ba\/index.php\/2025\/11\/28\/zbornik-ii-autora-dusana-muse-predstavljen-u-hrvatskom-drzavnom-arhivu-u-zagrebu\/#primaryimage"},"image":{"@id":"https:\/\/radioljubuski.ba\/index.php\/2025\/11\/28\/zbornik-ii-autora-dusana-muse-predstavljen-u-hrvatskom-drzavnom-arhivu-u-zagrebu\/#primaryimage"},"thumbnailUrl":"https:\/\/radioljubuski.ba\/wp-content\/uploads\/2025\/11\/Zagreb3-total-1-scaled.jpg","datePublished":"2025-11-28T17:25:12+00:00","dateModified":"2025-11-28T17:25:13+00:00","breadcrumb":{"@id":"https:\/\/radioljubuski.ba\/index.php\/2025\/11\/28\/zbornik-ii-autora-dusana-muse-predstavljen-u-hrvatskom-drzavnom-arhivu-u-zagrebu\/#breadcrumb"},"inLanguage":"hr","potentialAction":[{"@type":"ReadAction","target":["https:\/\/radioljubuski.ba\/index.php\/2025\/11\/28\/zbornik-ii-autora-dusana-muse-predstavljen-u-hrvatskom-drzavnom-arhivu-u-zagrebu\/"]}]},{"@type":"ImageObject","inLanguage":"hr","@id":"https:\/\/radioljubuski.ba\/index.php\/2025\/11\/28\/zbornik-ii-autora-dusana-muse-predstavljen-u-hrvatskom-drzavnom-arhivu-u-zagrebu\/#primaryimage","url":"https:\/\/radioljubuski.ba\/wp-content\/uploads\/2025\/11\/Zagreb3-total-1-scaled.jpg","contentUrl":"https:\/\/radioljubuski.ba\/wp-content\/uploads\/2025\/11\/Zagreb3-total-1-scaled.jpg","width":2560,"height":1440},{"@type":"BreadcrumbList","@id":"https:\/\/radioljubuski.ba\/index.php\/2025\/11\/28\/zbornik-ii-autora-dusana-muse-predstavljen-u-hrvatskom-drzavnom-arhivu-u-zagrebu\/#breadcrumb","itemListElement":[{"@type":"ListItem","position":1,"name":"Po\u010detna stranica","item":"https:\/\/radioljubuski.ba\/"},{"@type":"ListItem","position":2,"name":"Zbornik II autora Du\u0161ana Muse predstavljen u Hrvatskom dr\u017eavnom arhivu u Zagrebu"}]},{"@type":"WebSite","@id":"https:\/\/radioljubuski.ba\/#website","url":"https:\/\/radioljubuski.ba\/","name":"Radio Ljubu\u0161ki","description":"Sun\u010dana frekvencija Hercegovine","publisher":{"@id":"https:\/\/radioljubuski.ba\/#organization"},"potentialAction":[{"@type":"SearchAction","target":{"@type":"EntryPoint","urlTemplate":"https:\/\/radioljubuski.ba\/?s={search_term_string}"},"query-input":{"@type":"PropertyValueSpecification","valueRequired":true,"valueName":"search_term_string"}}],"inLanguage":"hr"},{"@type":"Organization","@id":"https:\/\/radioljubuski.ba\/#organization","name":"Radio Ljubu\u0161ki","url":"https:\/\/radioljubuski.ba\/","logo":{"@type":"ImageObject","inLanguage":"hr","@id":"https:\/\/radioljubuski.ba\/#\/schema\/logo\/image\/","url":"https:\/\/radioljubuski.ba\/wp-content\/uploads\/2021\/02\/cropped-Radio_Ljubuski_logo1.jpg","contentUrl":"https:\/\/radioljubuski.ba\/wp-content\/uploads\/2021\/02\/cropped-Radio_Ljubuski_logo1.jpg","width":512,"height":512,"caption":"Radio Ljubu\u0161ki"},"image":{"@id":"https:\/\/radioljubuski.ba\/#\/schema\/logo\/image\/"},"sameAs":["https:\/\/www.facebook.com\/Radiio-Ljubuski-1490835324566332","https:\/\/x.com\/radioljubuski","https:\/\/hr.linkedin.com\/company\/radio-ljubuski","https:\/\/www.youtube.com\/channel\/UCHYaeO_n0Db3tjNGudGpXyw"]},{"@type":"Person","@id":"https:\/\/radioljubuski.ba\/#\/schema\/person\/19fc700381a780f69665d7956c469e3b","name":"Radio Ljubu\u0161ki"}]}},"_links":{"self":[{"href":"https:\/\/radioljubuski.ba\/index.php\/wp-json\/wp\/v2\/posts\/223012","targetHints":{"allow":["GET"]}}],"collection":[{"href":"https:\/\/radioljubuski.ba\/index.php\/wp-json\/wp\/v2\/posts"}],"about":[{"href":"https:\/\/radioljubuski.ba\/index.php\/wp-json\/wp\/v2\/types\/post"}],"author":[{"embeddable":true,"href":"https:\/\/radioljubuski.ba\/index.php\/wp-json\/wp\/v2\/users\/2"}],"replies":[{"embeddable":true,"href":"https:\/\/radioljubuski.ba\/index.php\/wp-json\/wp\/v2\/comments?post=223012"}],"version-history":[{"count":1,"href":"https:\/\/radioljubuski.ba\/index.php\/wp-json\/wp\/v2\/posts\/223012\/revisions"}],"predecessor-version":[{"id":223026,"href":"https:\/\/radioljubuski.ba\/index.php\/wp-json\/wp\/v2\/posts\/223012\/revisions\/223026"}],"wp:featuredmedia":[{"embeddable":true,"href":"https:\/\/radioljubuski.ba\/index.php\/wp-json\/wp\/v2\/media\/223025"}],"wp:attachment":[{"href":"https:\/\/radioljubuski.ba\/index.php\/wp-json\/wp\/v2\/media?parent=223012"}],"wp:term":[{"taxonomy":"category","embeddable":true,"href":"https:\/\/radioljubuski.ba\/index.php\/wp-json\/wp\/v2\/categories?post=223012"},{"taxonomy":"post_tag","embeddable":true,"href":"https:\/\/radioljubuski.ba\/index.php\/wp-json\/wp\/v2\/tags?post=223012"}],"curies":[{"name":"wp","href":"https:\/\/api.w.org\/{rel}","templated":true}]}}