{"id":223033,"date":"2025-11-29T08:00:50","date_gmt":"2025-11-29T07:00:50","guid":{"rendered":"https:\/\/radioljubuski.ba\/?p=223033"},"modified":"2025-11-29T08:00:52","modified_gmt":"2025-11-29T07:00:52","slug":"najava-ljubuski-domacin-prvih-dana-meda-zzh","status":"publish","type":"post","link":"https:\/\/radioljubuski.ba\/index.php\/2025\/11\/29\/najava-ljubuski-domacin-prvih-dana-meda-zzh\/","title":{"rendered":"Najava: Ljubu\u0161ki doma\u0107in prvih Dana meda \u017dZH"},"content":{"rendered":"\n<p>Ljubu\u0161ki \u0107e biti doma\u0107in<strong> 1.Dana meda u \u017dupaniji Zapadnohercegova\u010dkoj<\/strong>, manifestacije koja po prvi put okuplja p\u010delare iz svih gradova i op\u0107ina \u017dZH. Doga\u0111aj \u0107e se odr\u017eati 30. prosinca 2025. godine na Trgu dr. Franje Tu\u0111mana, s po\u010detkom u 18:00 sati, i predstavlja prvi \u017eupanijski festival posve\u0107en p\u010delarstvu i promociji doma\u0107eg meda. Istoga dana bit \u0107e progla\u0161eni i pobjednici natjecanja za najbolji med. Kako su naveli organizatori &#8220;Za analizu je potrebno dostaviti dvije tegle meda od po 500 grama, a cijena po uzorku iznosi 20 KM.&#8221; Prikupljanje uzoraka traje do 3. prosinca 2025. godine, a vr\u0161it \u0107e ga predsjednici p\u010delarskih udruga unutar \u017dupanije.<\/p>\n\n\n\n<p>P\u010delarstvo je jedna od najstarijih poljoprivrednih djelatnosti, ali ujedno i jedna od najva\u017enijih za o\u010duvanje prirodne ravnote\u017ee. Upravo zato organizacija prvih <strong>Dana meda u \u017dupaniji Zapadnohercegova\u010dkoj (\u017dZH)<\/strong> predstavlja zna\u010dajan korak ka ja\u010danju svijesti o ulozi p\u010dela, promociji lokalnih p\u010delara i unapre\u0111enju kvalitete doma\u0107ih proizvoda.<\/p>\n\n\n\n<p>Radio Ljubu\u0161ki<\/p>\n","protected":false},"excerpt":{"rendered":"<p>Ljubu\u0161ki \u0107e biti doma\u0107in 1.Dana meda u \u017dupaniji Zapadnohercegova\u010dkoj, manifestacije koja po prvi put okuplja p\u010delare iz svih gradova i op\u0107ina \u017dZH. Doga\u0111aj \u0107e se odr\u017eati 30. prosinca 2025. godine na Trgu dr. Franje Tu\u0111mana, s po\u010detkom u 18:00 sati, i predstavlja prvi \u017eupanijski festival posve\u0107en p\u010delarstvu i promociji doma\u0107eg meda. Istoga dana bit \u0107e [&hellip;]<\/p>\n","protected":false},"author":2,"featured_media":223034,"comment_status":"closed","ping_status":"closed","sticky":false,"template":"","format":"standard","meta":{"h5ap_radio_sources":[],"footnotes":""},"categories":[3,30],"tags":[],"class_list":["post-223033","post","type-post","status-publish","format-standard","has-post-thumbnail","hentry","category-ljubuski","category-zupanija-zapadnohercegovacka"],"yoast_head":"<!-- This site is optimized with the Yoast SEO plugin v27.5 - https:\/\/yoast.com\/product\/yoast-seo-wordpress\/ -->\n<title>Najava: Ljubu\u0161ki doma\u0107in prvih Dana meda \u017dZH - RADIO LJUBU\u0160KI<\/title>\n<meta name=\"robots\" content=\"index, follow, max-snippet:-1, max-image-preview:large, max-video-preview:-1\" \/>\n<link rel=\"canonical\" href=\"https:\/\/radioljubuski.ba\/index.php\/2025\/11\/29\/najava-ljubuski-domacin-prvih-dana-meda-zzh\/\" \/>\n<meta property=\"og:locale\" content=\"hr_HR\" \/>\n<meta property=\"og:type\" content=\"article\" \/>\n<meta property=\"og:title\" content=\"Najava: Ljubu\u0161ki doma\u0107in prvih Dana meda \u017dZH - RADIO LJUBU\u0160KI\" \/>\n<meta property=\"og:description\" content=\"Ljubu\u0161ki \u0107e biti doma\u0107in 1.Dana meda u \u017dupaniji Zapadnohercegova\u010dkoj, manifestacije koja po prvi put okuplja p\u010delare iz svih gradova i op\u0107ina \u017dZH. Doga\u0111aj \u0107e se odr\u017eati 30. prosinca 2025. godine na Trgu dr. Franje Tu\u0111mana, s po\u010detkom u 18:00 sati, i predstavlja prvi \u017eupanijski festival posve\u0107en p\u010delarstvu i promociji doma\u0107eg meda. Istoga dana bit \u0107e [&hellip;]\" \/>\n<meta property=\"og:url\" content=\"https:\/\/radioljubuski.ba\/index.php\/2025\/11\/29\/najava-ljubuski-domacin-prvih-dana-meda-zzh\/\" \/>\n<meta property=\"og:site_name\" content=\"RADIO LJUBU\u0160KI\" \/>\n<meta property=\"article:publisher\" content=\"https:\/\/www.facebook.com\/Radiio-Ljubuski-1490835324566332\" \/>\n<meta property=\"article:published_time\" content=\"2025-11-29T07:00:50+00:00\" \/>\n<meta property=\"article:modified_time\" content=\"2025-11-29T07:00:52+00:00\" \/>\n<meta property=\"og:image\" content=\"https:\/\/radioljubuski.ba\/wp-content\/uploads\/2025\/11\/dani-meda.jpg\" \/>\n\t<meta property=\"og:image:width\" content=\"1130\" \/>\n\t<meta property=\"og:image:height\" content=\"1600\" \/>\n\t<meta property=\"og:image:type\" content=\"image\/jpeg\" \/>\n<meta name=\"author\" content=\"Radio Ljubu\u0161ki\" \/>\n<meta name=\"twitter:card\" content=\"summary_large_image\" \/>\n<meta name=\"twitter:creator\" content=\"@radioljubuski\" \/>\n<meta name=\"twitter:site\" content=\"@radioljubuski\" \/>\n<meta name=\"twitter:label1\" content=\"Napisao\/la\" \/>\n\t<meta name=\"twitter:data1\" content=\"Radio Ljubu\u0161ki\" \/>\n\t<meta name=\"twitter:label2\" content=\"Procijenjeno vrijeme \u010ditanja\" \/>\n\t<meta name=\"twitter:data2\" content=\"2 minute\" \/>\n<script type=\"application\/ld+json\" class=\"yoast-schema-graph\">{\"@context\":\"https:\\\/\\\/schema.org\",\"@graph\":[{\"@type\":\"Article\",\"@id\":\"https:\\\/\\\/radioljubuski.ba\\\/index.php\\\/2025\\\/11\\\/29\\\/najava-ljubuski-domacin-prvih-dana-meda-zzh\\\/#article\",\"isPartOf\":{\"@id\":\"https:\\\/\\\/radioljubuski.ba\\\/index.php\\\/2025\\\/11\\\/29\\\/najava-ljubuski-domacin-prvih-dana-meda-zzh\\\/\"},\"author\":{\"name\":\"Radio Ljubu\u0161ki\",\"@id\":\"https:\\\/\\\/radioljubuski.ba\\\/#\\\/schema\\\/person\\\/19fc700381a780f69665d7956c469e3b\"},\"headline\":\"Najava: Ljubu\u0161ki doma\u0107in prvih Dana meda \u017dZH\",\"datePublished\":\"2025-11-29T07:00:50+00:00\",\"dateModified\":\"2025-11-29T07:00:52+00:00\",\"mainEntityOfPage\":{\"@id\":\"https:\\\/\\\/radioljubuski.ba\\\/index.php\\\/2025\\\/11\\\/29\\\/najava-ljubuski-domacin-prvih-dana-meda-zzh\\\/\"},\"wordCount\":177,\"publisher\":{\"@id\":\"https:\\\/\\\/radioljubuski.ba\\\/#organization\"},\"image\":{\"@id\":\"https:\\\/\\\/radioljubuski.ba\\\/index.php\\\/2025\\\/11\\\/29\\\/najava-ljubuski-domacin-prvih-dana-meda-zzh\\\/#primaryimage\"},\"thumbnailUrl\":\"https:\\\/\\\/radioljubuski.ba\\\/wp-content\\\/uploads\\\/2025\\\/11\\\/dani-meda.jpg\",\"articleSection\":[\"Ljubu\u0161ki\",\"\u017dupanija Zapadnohercegova\u010dka\"],\"inLanguage\":\"hr\"},{\"@type\":\"WebPage\",\"@id\":\"https:\\\/\\\/radioljubuski.ba\\\/index.php\\\/2025\\\/11\\\/29\\\/najava-ljubuski-domacin-prvih-dana-meda-zzh\\\/\",\"url\":\"https:\\\/\\\/radioljubuski.ba\\\/index.php\\\/2025\\\/11\\\/29\\\/najava-ljubuski-domacin-prvih-dana-meda-zzh\\\/\",\"name\":\"Najava: Ljubu\u0161ki doma\u0107in prvih Dana meda \u017dZH - RADIO LJUBU\u0160KI\",\"isPartOf\":{\"@id\":\"https:\\\/\\\/radioljubuski.ba\\\/#website\"},\"primaryImageOfPage\":{\"@id\":\"https:\\\/\\\/radioljubuski.ba\\\/index.php\\\/2025\\\/11\\\/29\\\/najava-ljubuski-domacin-prvih-dana-meda-zzh\\\/#primaryimage\"},\"image\":{\"@id\":\"https:\\\/\\\/radioljubuski.ba\\\/index.php\\\/2025\\\/11\\\/29\\\/najava-ljubuski-domacin-prvih-dana-meda-zzh\\\/#primaryimage\"},\"thumbnailUrl\":\"https:\\\/\\\/radioljubuski.ba\\\/wp-content\\\/uploads\\\/2025\\\/11\\\/dani-meda.jpg\",\"datePublished\":\"2025-11-29T07:00:50+00:00\",\"dateModified\":\"2025-11-29T07:00:52+00:00\",\"breadcrumb\":{\"@id\":\"https:\\\/\\\/radioljubuski.ba\\\/index.php\\\/2025\\\/11\\\/29\\\/najava-ljubuski-domacin-prvih-dana-meda-zzh\\\/#breadcrumb\"},\"inLanguage\":\"hr\",\"potentialAction\":[{\"@type\":\"ReadAction\",\"target\":[\"https:\\\/\\\/radioljubuski.ba\\\/index.php\\\/2025\\\/11\\\/29\\\/najava-ljubuski-domacin-prvih-dana-meda-zzh\\\/\"]}]},{\"@type\":\"ImageObject\",\"inLanguage\":\"hr\",\"@id\":\"https:\\\/\\\/radioljubuski.ba\\\/index.php\\\/2025\\\/11\\\/29\\\/najava-ljubuski-domacin-prvih-dana-meda-zzh\\\/#primaryimage\",\"url\":\"https:\\\/\\\/radioljubuski.ba\\\/wp-content\\\/uploads\\\/2025\\\/11\\\/dani-meda.jpg\",\"contentUrl\":\"https:\\\/\\\/radioljubuski.ba\\\/wp-content\\\/uploads\\\/2025\\\/11\\\/dani-meda.jpg\",\"width\":1130,\"height\":1600},{\"@type\":\"BreadcrumbList\",\"@id\":\"https:\\\/\\\/radioljubuski.ba\\\/index.php\\\/2025\\\/11\\\/29\\\/najava-ljubuski-domacin-prvih-dana-meda-zzh\\\/#breadcrumb\",\"itemListElement\":[{\"@type\":\"ListItem\",\"position\":1,\"name\":\"Po\u010detna stranica\",\"item\":\"https:\\\/\\\/radioljubuski.ba\\\/\"},{\"@type\":\"ListItem\",\"position\":2,\"name\":\"Najava: Ljubu\u0161ki doma\u0107in prvih Dana meda \u017dZH\"}]},{\"@type\":\"WebSite\",\"@id\":\"https:\\\/\\\/radioljubuski.ba\\\/#website\",\"url\":\"https:\\\/\\\/radioljubuski.ba\\\/\",\"name\":\"Radio Ljubu\u0161ki\",\"description\":\"Sun\u010dana frekvencija Hercegovine\",\"publisher\":{\"@id\":\"https:\\\/\\\/radioljubuski.ba\\\/#organization\"},\"potentialAction\":[{\"@type\":\"SearchAction\",\"target\":{\"@type\":\"EntryPoint\",\"urlTemplate\":\"https:\\\/\\\/radioljubuski.ba\\\/?s={search_term_string}\"},\"query-input\":{\"@type\":\"PropertyValueSpecification\",\"valueRequired\":true,\"valueName\":\"search_term_string\"}}],\"inLanguage\":\"hr\"},{\"@type\":\"Organization\",\"@id\":\"https:\\\/\\\/radioljubuski.ba\\\/#organization\",\"name\":\"Radio Ljubu\u0161ki\",\"url\":\"https:\\\/\\\/radioljubuski.ba\\\/\",\"logo\":{\"@type\":\"ImageObject\",\"inLanguage\":\"hr\",\"@id\":\"https:\\\/\\\/radioljubuski.ba\\\/#\\\/schema\\\/logo\\\/image\\\/\",\"url\":\"https:\\\/\\\/radioljubuski.ba\\\/wp-content\\\/uploads\\\/2021\\\/02\\\/cropped-Radio_Ljubuski_logo1.jpg\",\"contentUrl\":\"https:\\\/\\\/radioljubuski.ba\\\/wp-content\\\/uploads\\\/2021\\\/02\\\/cropped-Radio_Ljubuski_logo1.jpg\",\"width\":512,\"height\":512,\"caption\":\"Radio Ljubu\u0161ki\"},\"image\":{\"@id\":\"https:\\\/\\\/radioljubuski.ba\\\/#\\\/schema\\\/logo\\\/image\\\/\"},\"sameAs\":[\"https:\\\/\\\/www.facebook.com\\\/Radiio-Ljubuski-1490835324566332\",\"https:\\\/\\\/x.com\\\/radioljubuski\",\"https:\\\/\\\/hr.linkedin.com\\\/company\\\/radio-ljubuski\",\"https:\\\/\\\/www.youtube.com\\\/channel\\\/UCHYaeO_n0Db3tjNGudGpXyw\"]},{\"@type\":\"Person\",\"@id\":\"https:\\\/\\\/radioljubuski.ba\\\/#\\\/schema\\\/person\\\/19fc700381a780f69665d7956c469e3b\",\"name\":\"Radio Ljubu\u0161ki\"}]}<\/script>\n<!-- \/ Yoast SEO plugin. -->","yoast_head_json":{"title":"Najava: Ljubu\u0161ki doma\u0107in prvih Dana meda \u017dZH - RADIO LJUBU\u0160KI","robots":{"index":"index","follow":"follow","max-snippet":"max-snippet:-1","max-image-preview":"max-image-preview:large","max-video-preview":"max-video-preview:-1"},"canonical":"https:\/\/radioljubuski.ba\/index.php\/2025\/11\/29\/najava-ljubuski-domacin-prvih-dana-meda-zzh\/","og_locale":"hr_HR","og_type":"article","og_title":"Najava: Ljubu\u0161ki doma\u0107in prvih Dana meda \u017dZH - RADIO LJUBU\u0160KI","og_description":"Ljubu\u0161ki \u0107e biti doma\u0107in 1.Dana meda u \u017dupaniji Zapadnohercegova\u010dkoj, manifestacije koja po prvi put okuplja p\u010delare iz svih gradova i op\u0107ina \u017dZH. Doga\u0111aj \u0107e se odr\u017eati 30. prosinca 2025. godine na Trgu dr. Franje Tu\u0111mana, s po\u010detkom u 18:00 sati, i predstavlja prvi \u017eupanijski festival posve\u0107en p\u010delarstvu i promociji doma\u0107eg meda. Istoga dana bit \u0107e [&hellip;]","og_url":"https:\/\/radioljubuski.ba\/index.php\/2025\/11\/29\/najava-ljubuski-domacin-prvih-dana-meda-zzh\/","og_site_name":"RADIO LJUBU\u0160KI","article_publisher":"https:\/\/www.facebook.com\/Radiio-Ljubuski-1490835324566332","article_published_time":"2025-11-29T07:00:50+00:00","article_modified_time":"2025-11-29T07:00:52+00:00","og_image":[{"width":1130,"height":1600,"url":"https:\/\/radioljubuski.ba\/wp-content\/uploads\/2025\/11\/dani-meda.jpg","type":"image\/jpeg"}],"author":"Radio Ljubu\u0161ki","twitter_card":"summary_large_image","twitter_creator":"@radioljubuski","twitter_site":"@radioljubuski","twitter_misc":{"Napisao\/la":"Radio Ljubu\u0161ki","Procijenjeno vrijeme \u010ditanja":"2 minute"},"schema":{"@context":"https:\/\/schema.org","@graph":[{"@type":"Article","@id":"https:\/\/radioljubuski.ba\/index.php\/2025\/11\/29\/najava-ljubuski-domacin-prvih-dana-meda-zzh\/#article","isPartOf":{"@id":"https:\/\/radioljubuski.ba\/index.php\/2025\/11\/29\/najava-ljubuski-domacin-prvih-dana-meda-zzh\/"},"author":{"name":"Radio Ljubu\u0161ki","@id":"https:\/\/radioljubuski.ba\/#\/schema\/person\/19fc700381a780f69665d7956c469e3b"},"headline":"Najava: Ljubu\u0161ki doma\u0107in prvih Dana meda \u017dZH","datePublished":"2025-11-29T07:00:50+00:00","dateModified":"2025-11-29T07:00:52+00:00","mainEntityOfPage":{"@id":"https:\/\/radioljubuski.ba\/index.php\/2025\/11\/29\/najava-ljubuski-domacin-prvih-dana-meda-zzh\/"},"wordCount":177,"publisher":{"@id":"https:\/\/radioljubuski.ba\/#organization"},"image":{"@id":"https:\/\/radioljubuski.ba\/index.php\/2025\/11\/29\/najava-ljubuski-domacin-prvih-dana-meda-zzh\/#primaryimage"},"thumbnailUrl":"https:\/\/radioljubuski.ba\/wp-content\/uploads\/2025\/11\/dani-meda.jpg","articleSection":["Ljubu\u0161ki","\u017dupanija Zapadnohercegova\u010dka"],"inLanguage":"hr"},{"@type":"WebPage","@id":"https:\/\/radioljubuski.ba\/index.php\/2025\/11\/29\/najava-ljubuski-domacin-prvih-dana-meda-zzh\/","url":"https:\/\/radioljubuski.ba\/index.php\/2025\/11\/29\/najava-ljubuski-domacin-prvih-dana-meda-zzh\/","name":"Najava: Ljubu\u0161ki doma\u0107in prvih Dana meda \u017dZH - RADIO LJUBU\u0160KI","isPartOf":{"@id":"https:\/\/radioljubuski.ba\/#website"},"primaryImageOfPage":{"@id":"https:\/\/radioljubuski.ba\/index.php\/2025\/11\/29\/najava-ljubuski-domacin-prvih-dana-meda-zzh\/#primaryimage"},"image":{"@id":"https:\/\/radioljubuski.ba\/index.php\/2025\/11\/29\/najava-ljubuski-domacin-prvih-dana-meda-zzh\/#primaryimage"},"thumbnailUrl":"https:\/\/radioljubuski.ba\/wp-content\/uploads\/2025\/11\/dani-meda.jpg","datePublished":"2025-11-29T07:00:50+00:00","dateModified":"2025-11-29T07:00:52+00:00","breadcrumb":{"@id":"https:\/\/radioljubuski.ba\/index.php\/2025\/11\/29\/najava-ljubuski-domacin-prvih-dana-meda-zzh\/#breadcrumb"},"inLanguage":"hr","potentialAction":[{"@type":"ReadAction","target":["https:\/\/radioljubuski.ba\/index.php\/2025\/11\/29\/najava-ljubuski-domacin-prvih-dana-meda-zzh\/"]}]},{"@type":"ImageObject","inLanguage":"hr","@id":"https:\/\/radioljubuski.ba\/index.php\/2025\/11\/29\/najava-ljubuski-domacin-prvih-dana-meda-zzh\/#primaryimage","url":"https:\/\/radioljubuski.ba\/wp-content\/uploads\/2025\/11\/dani-meda.jpg","contentUrl":"https:\/\/radioljubuski.ba\/wp-content\/uploads\/2025\/11\/dani-meda.jpg","width":1130,"height":1600},{"@type":"BreadcrumbList","@id":"https:\/\/radioljubuski.ba\/index.php\/2025\/11\/29\/najava-ljubuski-domacin-prvih-dana-meda-zzh\/#breadcrumb","itemListElement":[{"@type":"ListItem","position":1,"name":"Po\u010detna stranica","item":"https:\/\/radioljubuski.ba\/"},{"@type":"ListItem","position":2,"name":"Najava: Ljubu\u0161ki doma\u0107in prvih Dana meda \u017dZH"}]},{"@type":"WebSite","@id":"https:\/\/radioljubuski.ba\/#website","url":"https:\/\/radioljubuski.ba\/","name":"Radio Ljubu\u0161ki","description":"Sun\u010dana frekvencija Hercegovine","publisher":{"@id":"https:\/\/radioljubuski.ba\/#organization"},"potentialAction":[{"@type":"SearchAction","target":{"@type":"EntryPoint","urlTemplate":"https:\/\/radioljubuski.ba\/?s={search_term_string}"},"query-input":{"@type":"PropertyValueSpecification","valueRequired":true,"valueName":"search_term_string"}}],"inLanguage":"hr"},{"@type":"Organization","@id":"https:\/\/radioljubuski.ba\/#organization","name":"Radio Ljubu\u0161ki","url":"https:\/\/radioljubuski.ba\/","logo":{"@type":"ImageObject","inLanguage":"hr","@id":"https:\/\/radioljubuski.ba\/#\/schema\/logo\/image\/","url":"https:\/\/radioljubuski.ba\/wp-content\/uploads\/2021\/02\/cropped-Radio_Ljubuski_logo1.jpg","contentUrl":"https:\/\/radioljubuski.ba\/wp-content\/uploads\/2021\/02\/cropped-Radio_Ljubuski_logo1.jpg","width":512,"height":512,"caption":"Radio Ljubu\u0161ki"},"image":{"@id":"https:\/\/radioljubuski.ba\/#\/schema\/logo\/image\/"},"sameAs":["https:\/\/www.facebook.com\/Radiio-Ljubuski-1490835324566332","https:\/\/x.com\/radioljubuski","https:\/\/hr.linkedin.com\/company\/radio-ljubuski","https:\/\/www.youtube.com\/channel\/UCHYaeO_n0Db3tjNGudGpXyw"]},{"@type":"Person","@id":"https:\/\/radioljubuski.ba\/#\/schema\/person\/19fc700381a780f69665d7956c469e3b","name":"Radio Ljubu\u0161ki"}]}},"_links":{"self":[{"href":"https:\/\/radioljubuski.ba\/index.php\/wp-json\/wp\/v2\/posts\/223033","targetHints":{"allow":["GET"]}}],"collection":[{"href":"https:\/\/radioljubuski.ba\/index.php\/wp-json\/wp\/v2\/posts"}],"about":[{"href":"https:\/\/radioljubuski.ba\/index.php\/wp-json\/wp\/v2\/types\/post"}],"author":[{"embeddable":true,"href":"https:\/\/radioljubuski.ba\/index.php\/wp-json\/wp\/v2\/users\/2"}],"replies":[{"embeddable":true,"href":"https:\/\/radioljubuski.ba\/index.php\/wp-json\/wp\/v2\/comments?post=223033"}],"version-history":[{"count":1,"href":"https:\/\/radioljubuski.ba\/index.php\/wp-json\/wp\/v2\/posts\/223033\/revisions"}],"predecessor-version":[{"id":223035,"href":"https:\/\/radioljubuski.ba\/index.php\/wp-json\/wp\/v2\/posts\/223033\/revisions\/223035"}],"wp:featuredmedia":[{"embeddable":true,"href":"https:\/\/radioljubuski.ba\/index.php\/wp-json\/wp\/v2\/media\/223034"}],"wp:attachment":[{"href":"https:\/\/radioljubuski.ba\/index.php\/wp-json\/wp\/v2\/media?parent=223033"}],"wp:term":[{"taxonomy":"category","embeddable":true,"href":"https:\/\/radioljubuski.ba\/index.php\/wp-json\/wp\/v2\/categories?post=223033"},{"taxonomy":"post_tag","embeddable":true,"href":"https:\/\/radioljubuski.ba\/index.php\/wp-json\/wp\/v2\/tags?post=223033"}],"curies":[{"name":"wp","href":"https:\/\/api.w.org\/{rel}","templated":true}]}}