{"id":223067,"date":"2025-12-01T12:07:55","date_gmt":"2025-12-01T11:07:55","guid":{"rendered":"https:\/\/radioljubuski.ba\/?p=223067"},"modified":"2025-12-01T16:36:21","modified_gmt":"2025-12-01T15:36:21","slug":"poraz-rukometasa-i-rukometasica-izvidaca-pobjeda-izvidaca-2-pobjeda-kosarkasa-ljubuskog-te-dvije-pobjede-i-poraz-odbojkasica-libera","status":"publish","type":"post","link":"https:\/\/radioljubuski.ba\/index.php\/2025\/12\/01\/poraz-rukometasa-i-rukometasica-izvidaca-pobjeda-izvidaca-2-pobjeda-kosarkasa-ljubuskog-te-dvije-pobjede-i-poraz-odbojkasica-libera\/","title":{"rendered":"Poraz rukometa\u0161a i rukometa\u0161ica Izvi\u0111a\u010da, pobjeda Izvi\u0111a\u010da 2, pobjeda ko\u0161arka\u0161a Ljubu\u0161kog te dvije pobjede i poraz odbojka\u0161ica Libera"},"content":{"rendered":"\n<p>Protekli vikend rukometa\u0161i Izvi\u0111a\u010d Agrama do\u017eivjeli su drugi prvenstveni poraz, bolji od njih bio je Konjuh iz \u017divinica koji je na doma\u0107em terenu slavio 28:27, rukometa\u0161ice Izvi\u0111a\u010da pora\u017eene su na doma\u0107em parketu od Had\u017ei\u0107a 39:23, rukometa\u0161i Izvi\u0111a\u010da 2 slavili su na gostovanju u Mostaru i s 36:35 svladali Vele\u017e, ko\u0161arka\u0161i Ljubu\u0161kog su sino\u0107 na doma\u0107em parketu svladali Tomislav sa 79:69, a odbojka\u0161ice Libera su u susretu protiv Blata na doma\u0107em terenu ostvarile dvije pobjede i poraz. Donosimo i novosti iz Rukometne akademije Izvi\u0111a\u010d, \u0160ahovskog kluba Kula Ljubu\u0161ki, bilje\u017eimo uspje\u0161an nastup stolnotenisa\u010da \u017deljka Grbavca te Karate kluba Ljubu\u0161ki.<\/p>\n\n\n\n<p><strong>RUKOMET<\/strong><\/p>\n\n\n\n<p><strong>Izvi\u0111a\u010d Agram<\/strong><\/p>\n\n\n\n<p>Rukometa\u0161i Izvi\u0111a\u010d Agrama do\u017eivjeli su drugi poraz u Premijer ligi BiH u sezoni 2025.\/2026. U dramati\u010dnoj utakmici 10. kola, odigranoj u \u017divinicama, Konjuh je slavio 28:27 nakon dvojbene odluke sudaca u posljednjim trenucima susreta.<\/p>\n\n\n\n<p>Ratni\u010dka utakmica i te\u0161ke noge nakon Europe<\/p>\n\n\n\n<p>O\u010dekivalo se da \u0107e ovo gostovanje biti iznimno zahtjevno za \u201eSkaute\u201c, posebno zbog emocionalnog i fizi\u010dkog pra\u017enjenja nakon europske utakmice u Luksemburgu. Doma\u0107i sastav takti\u010dki je nametnuo \u010dvrst, borben ritam kako bi usporio tranziciju Izvi\u0111a\u010da, \u0161to se pokazalo u\u010dinkovitim u ve\u0107em dijelu prvog poluvremena.<\/p>\n\n\n\n<p>Konjuh je poveo 2:0, Izvi\u0111a\u010d brzo poravnao na 2:2, a do 20. minute igralo se gol za gol (10:9). Doma\u0107in tada pravi mini-seriju i sti\u017ee do 12:9, a na poluvrijeme se odlazi rezultatom 15:12 za Konjuh.<\/p>\n\n\n\n<p>Povratak Izvi\u0111a\u010da i dramati\u010dna zavr\u0161nica<\/p>\n\n\n\n<p>U prvih pet minuta nastavka \u201eSkauti\u201c serijom 3:1 smanjuju na samo pogodak zaostatka (16:15). Konjuh potom uzvra\u0107a serijom 5:2 od 35. do 43. minute i odlazi na +5. Trener D\u017eoli\u0107 tada je prisiljen zatra\u017eiti minutu odmora kako bi poslo\u017eio igru svoje mom\u010dadi. Nakon predaha Izvi\u0111a\u010d igra puno bolje te s \u010detiri vezana pogotka ponovno hvata priklju\u010dak (22:21, 48. minuta). Doma\u0107ini u 52. minuti ponovno dolaze na +2, no Izvi\u0111a\u010d odgovara serijom 3:0 i preokre\u0107e na 25:24 u 55. minuti.<\/p>\n\n\n\n<p>Uslijedila je prava drama: Konjuh vodi 26:25, Izvi\u0111a\u010d poravnava na 27:27, Kne\u017eevi\u0107 brani klju\u010dni sedmerac, a \u201eSkauti\u201c kre\u0107u u napad za pobjedu. Me\u0111utim, suci u posljednjoj minuti sviraju dvojbeno probijanje nad Filipom Odakom, nakon \u010dega doma\u0107i posti\u017eu odlu\u010duju\u0107i pogodak \u2014 28:27.<\/p>\n\n\n\n<p>Najbolji pojedinci utakmice<\/p>\n\n\n\n<p>Izvi\u0111a\u010d:<\/p>\n\n\n\n<p>Diano \u0106e\u0161ko \u2013 11 golova<\/p>\n\n\n\n<p>Amer \u0160ahinovi\u0107 \u2013 7 golova<\/p>\n\n\n\n<p>Zvonimir Lukenda \u2013 4 gola<\/p>\n\n\n\n<p>Konjuh:<\/p>\n\n\n\n<p>Hamzi\u0107 \u2013 8 golova<\/p>\n\n\n\n<p>Dautovi\u0107 \u2013 5 golova<\/p>\n\n\n\n<p>Pejku\u0161i\u0107 \u2013 5 golova<\/p>\n\n\n\n<p>Slijedi novo te\u0161ko gostovanje<\/p>\n\n\n\n<p>Ve\u0107 u srijedu, 3. prosinca 2025., Izvi\u0111a\u010d Agram putuje u Mostar gdje ga \u010deka zaostala utakmica 8. kola protiv SRK Zrinjski \u2013 jo\u0161 jedan izuzetno zahtjevan ispit.<\/p>\n\n\n\n<p>Premijer liga BiH \u2013 10. kolo<\/p>\n\n\n\n<p>Utakmica&nbsp;&nbsp;&nbsp;&nbsp;&nbsp;&nbsp;&nbsp; RK Konjuh \u2013 RK Izvi\u0111a\u010d Agram 28:27 (15:12)<\/p>\n\n\n\n<p>Datum i vrijeme&nbsp;&nbsp;&nbsp;&nbsp;&nbsp;&nbsp;&nbsp;&nbsp;&nbsp; 29.11.2025. u 19:00<\/p>\n\n\n\n<p>Mjesto \u017divinice, Gradska dvorana (500 gledatelja)<\/p>\n\n\n\n<p>Suci&nbsp;&nbsp;&nbsp;&nbsp; Nedim Arnautovi\u0107 i Aleksandar Jovi\u0107 (Tuzla)<\/p>\n\n\n\n<p>Nadzornik&nbsp;&nbsp;&nbsp;&nbsp;&nbsp;&nbsp; Boris \u0160atord\u017eija (Banja Luka)<\/p>\n\n\n\n<p>Sastavi ekipa<\/p>\n\n\n\n<p>RK Konjuh&nbsp;&nbsp;&nbsp;&nbsp; Had\u017ei\u0107, Pejku\u0161i\u0107 5, Modri\u0107, Dautovi\u0107 5, Smaji\u0107 1, Halilkovi\u0107 2, Veremchuk, Blagojevi\u0107 1, \u010caji\u0107 1, Bosi\u0107 4, \u017divanov, Hamzi\u0107 8, Sinanovi\u0107, Had\u017eiomerovi\u0107 1, Lugvi\u0107, Mulavdi\u0107 \u2013 Trener: Slaven Radi\u0107<\/p>\n\n\n\n<p>RK Izvi\u0111a\u010d Agram&nbsp;&nbsp;&nbsp;&nbsp; Alihod\u017ei\u0107 (3 obrane), Kne\u017eevi\u0107 (4 obrane, 1 sedmerac), Lukenda 4, Odak 2, \u0160ahinovi\u0107 7\/1, Dedi\u0107, D\u017eelilovi\u0107, \u0160imi\u0107, Bubalo, Mi\u0161eti\u0107 1, Stijovi\u0107, \u0106e\u0161ko 11, Semi\u0107 1, Grbavac, Bebek, Lasi\u0107 1 \u2013 Treneri: Ivan D\u017eoli\u0107, Milan Toli\u0107<\/p>\n\n\n\n<p>Isklju\u010denja&nbsp;&nbsp;&nbsp;&nbsp;&nbsp; Konjuh 2 min, Izvi\u0111a\u010d 6 min<\/p>\n\n\n\n<p>Sedmerci&nbsp;&nbsp;&nbsp;&nbsp;&nbsp;&nbsp;&nbsp;&nbsp; Konjuh 2\/1, Izvi\u0111a\u010d 1\/1<\/p>\n\n\n\n<figure class=\"wp-block-image size-large\"><img loading=\"lazy\" decoding=\"async\" width=\"819\" height=\"1024\" src=\"https:\/\/radioljubuski.ba\/wp-content\/uploads\/2025\/12\/593298648_1525005422519442_5342926851281723294_n-819x1024.jpg\" alt=\"\" class=\"wp-image-223069\" srcset=\"https:\/\/radioljubuski.ba\/wp-content\/uploads\/2025\/12\/593298648_1525005422519442_5342926851281723294_n-819x1024.jpg 819w, https:\/\/radioljubuski.ba\/wp-content\/uploads\/2025\/12\/593298648_1525005422519442_5342926851281723294_n-240x300.jpg 240w, https:\/\/radioljubuski.ba\/wp-content\/uploads\/2025\/12\/593298648_1525005422519442_5342926851281723294_n-768x960.jpg 768w, https:\/\/radioljubuski.ba\/wp-content\/uploads\/2025\/12\/593298648_1525005422519442_5342926851281723294_n-1229x1536.jpg 1229w, https:\/\/radioljubuski.ba\/wp-content\/uploads\/2025\/12\/593298648_1525005422519442_5342926851281723294_n-10x12.jpg 10w, https:\/\/radioljubuski.ba\/wp-content\/uploads\/2025\/12\/593298648_1525005422519442_5342926851281723294_n.jpg 1638w\" sizes=\"auto, (max-width: 819px) 100vw, 819px\" \/><\/figure>\n\n\n\n<p><strong>Izvi\u0111a\u010d 2<\/strong><\/p>\n\n\n\n<p>Rukometa\u0161i Izvi\u0111a\u010da 2 su u petak, u 10. kolu Prve lige F BIH \u2013 skupina Jug&nbsp; u Mostaru svladali doma\u0107i Vele\u017e rezultatom 36:35, na poluvremenu je bilo 18:16 za Izvi\u0111a\u010d.<\/p>\n\n\n\n<p>VELE\u017d &#8211; IZVI\u0110A\u010c 2&nbsp; 35:36 (16:18)<\/p>\n\n\n\n<p>Mostar. USRC &#8220;Midhad Hujdur Hujka&#8221;. Gledalaca 50. Sudije: K.Zlopa\u0161a (Mostar) i I.Juki\u0107 (Posu\u0161je). Delegat: Dra\u017eana Melo (Mostar). Isklju\u010denja: Vele\u017e 4 min. &#8211; Izvi\u0111a\u010d 8 min. Sedmerci: Vele\u017e 8 (4) &#8211; Izvi\u0111a\u010d 4 (4)<\/p>\n\n\n\n<p>VELE\u017d: Pleh, Begovi\u0107 4, Had\u017ei\u0107 6, Nurkovi\u0107, Karad\u017ea 3, M.Kreso, \u0106ori\u0107, H.Kreso 5, Rahimi\u0107, Pr\u0161e\u0161 1, Kurtovi\u0107, Halebi\u0107 6, Krpi\u0107 7, Ze\u010devi\u0107 3, Me\u0161ki\u0107, Omba\u0161i\u0107<\/p>\n\n\n\n<p>Trener: Amer Denjo<\/p>\n\n\n\n<p>IZVI\u0110A\u010c 2: \u010culjak, Kati\u0107 4, Dodig 2, Boras, Zlopa\u0161a, Mandi\u0107 5, \u0106ori\u0107 3, Ra\u0161i\u0107, Borovac, Luburi\u0107, \u010cuvalo 2, Dugand\u017ei\u0107, Tolj 12, Boras, Joki\u0107 8, Mlinarevi\u0107<\/p>\n\n\n\n<p>Trener: Mario Pavlak<\/p>\n\n\n\n<p>&#8220;Portugalski&#8221; kasno no\u0107ni termin utakmice donio je najbolju rukometnu predstavu ove sezone, vjerojatno u \u010ditavoj Federalnoj ligi. Odli\u010dna mlada ekipa Izvi\u0111a\u010da prikazala je moderan rukomet, na koji su Ro\u0111eni potpuno odgovorili. Iako su nastupili bez Jelina i Zlatka Krese, ekipa trenera Amera Denje potpuno je parirala Ljubu\u0161acima. Utakmica je u zadnjih 7-8 minuta u\u0161la u potpuni egal. Prethodno su igra\u010di Izvi\u0111a\u010da imali i 4 gola prednosti, ali Mostarci tu razliku sti\u017eu i prelaze u vodstvo. U igri gol za gol, samo je na kraju presudio lo\u0161iji \u0161ut, odnosno odbrana golmana i na kraju pobjeda ekipe Izvi\u0111a\u010da. Samo 5 sekundi prije kraja odli\u010dni hrvatski reprezentativac Marko \u010culjak zaustavio je \u0161ut Denija Karad\u017ee i tako sprije\u010dio da Vele\u017e do\u0111e do remija na kraju me\u010da.<\/p>\n\n\n\n<p>Nakon deset odigranih kola Izvi\u0111a\u010d je vode\u0107i na prvenstvenoj ljestvicu sa 16 osvojenih bodova iz devet odigranih utakmica, na drugom je mjestu Sloga iz Gornjeg Vakufa\/Uskoplja s istim omjerom ali ne\u0161to lo\u0161ijom gol razlikom, a Vele\u017e je tre\u0107i s 14 osvojenih bodova iz devet utakmica. U idu\u0107em kolu Izvi\u0111a\u010d 2 \u0107e ugostiti Respect iz Sarajeva.<\/p>\n\n\n\n<figure class=\"wp-block-image size-large\"><img loading=\"lazy\" decoding=\"async\" width=\"819\" height=\"1024\" src=\"https:\/\/radioljubuski.ba\/wp-content\/uploads\/2025\/12\/591151265_1524666649219986_3030725597973235286_n-819x1024.jpg\" alt=\"\" class=\"wp-image-223072\" srcset=\"https:\/\/radioljubuski.ba\/wp-content\/uploads\/2025\/12\/591151265_1524666649219986_3030725597973235286_n-819x1024.jpg 819w, https:\/\/radioljubuski.ba\/wp-content\/uploads\/2025\/12\/591151265_1524666649219986_3030725597973235286_n-240x300.jpg 240w, https:\/\/radioljubuski.ba\/wp-content\/uploads\/2025\/12\/591151265_1524666649219986_3030725597973235286_n-768x960.jpg 768w, https:\/\/radioljubuski.ba\/wp-content\/uploads\/2025\/12\/591151265_1524666649219986_3030725597973235286_n-1229x1536.jpg 1229w, https:\/\/radioljubuski.ba\/wp-content\/uploads\/2025\/12\/591151265_1524666649219986_3030725597973235286_n-10x12.jpg 10w, https:\/\/radioljubuski.ba\/wp-content\/uploads\/2025\/12\/591151265_1524666649219986_3030725597973235286_n.jpg 1638w\" sizes=\"auto, (max-width: 819px) 100vw, 819px\" \/><\/figure>\n\n\n\n<p>Pogledajte snimak utakmice:<\/p>\n\n\n\n<figure class=\"wp-block-embed is-type-video is-provider-youtube wp-block-embed-youtube wp-embed-aspect-16-9 wp-has-aspect-ratio\"><div class=\"wp-block-embed__wrapper\">\n<iframe loading=\"lazy\" title=\"Velez vs Izvi\u0111a\u010d - 28\/11\/2025\" width=\"640\" height=\"360\" src=\"https:\/\/www.youtube.com\/embed\/Xu1u_MV0QHg?feature=oembed\" frameborder=\"0\" allow=\"accelerometer; autoplay; clipboard-write; encrypted-media; gyroscope; picture-in-picture; web-share\" referrerpolicy=\"strict-origin-when-cross-origin\" allowfullscreen><\/iframe>\n<\/div><\/figure>\n\n\n\n<p><strong>Izvi\u0111a\u010d \u017eene<\/strong><\/p>\n\n\n\n<p>Rukometa\u0161ice Izvi\u0111a\u010da su u 6. kolu Premijer lige BiH, u utakmici koja je odigrana u subotu u Gradskoj \u0161portskoj dvorani u Ljubu\u0161kom, pora\u017eene od ekipe Had\u017ei\u0107a 39:23, na poluvremenu je bilo 17:8 za go\u0161\u0107e iz Had\u017ei\u0107a.<\/p>\n\n\n\n<p>Najefikasnija u redovima Izvi\u0111a\u010da bila je Lena Hrsto koja je postigla 10 pogodaka, Lucija \u0160ego postigla je 5, Marija Bezer 4, Katarina Milas 2, a Ema Pavlovi\u0107 i Marija Vegar po 1 pogodak.<\/p>\n\n\n\n<p>Mlade Skautice nisu mogle parirati odli\u010dnoj ekipi iz Had\u017ei\u0107a koja je na kraju zaslu\u017eeno pobijedila. Had\u017ei\u0107i su ove godine uz Borac iz Banjaluke glavni favoriti za naslov prvaka. Rukometa\u0161ice Izvi\u0111a\u010da, na \u017ealost, \u017edrijeb jesenskog dijela prvenstva nije mazio tako da su protiv dvije najbolje ekipe u ligi igrale doma\u0107e utakmice i do\u017eivjele dva poraza.<\/p>\n\n\n\n<p>Nakon 6. odigranih kola Izvi\u0111a\u010d se nalazi na posljednjem mjestu prvenstvene ljestvice s dva osvojena boda iz pet odigranih utakmica. Had\u017ei\u0107i se nalaze na \u010delu prvenstvene ljestvice s maksimalnih 10 bodova iz pet odigranih utakmica.<\/p>\n\n\n\n<p>U idu\u0107em kolu rukometa\u0161ice Izvi\u0111a\u010da gostuju u Gora\u017edu kod istoimenog doma\u0107ina. &nbsp;<\/p>\n\n\n\n<figure class=\"wp-block-image size-large\"><img loading=\"lazy\" decoding=\"async\" width=\"819\" height=\"1024\" src=\"https:\/\/radioljubuski.ba\/wp-content\/uploads\/2025\/12\/590037784_2033959870777962_2552318626470326882_n-819x1024.jpg\" alt=\"\" class=\"wp-image-223073\" srcset=\"https:\/\/radioljubuski.ba\/wp-content\/uploads\/2025\/12\/590037784_2033959870777962_2552318626470326882_n-819x1024.jpg 819w, https:\/\/radioljubuski.ba\/wp-content\/uploads\/2025\/12\/590037784_2033959870777962_2552318626470326882_n-240x300.jpg 240w, https:\/\/radioljubuski.ba\/wp-content\/uploads\/2025\/12\/590037784_2033959870777962_2552318626470326882_n-768x960.jpg 768w, https:\/\/radioljubuski.ba\/wp-content\/uploads\/2025\/12\/590037784_2033959870777962_2552318626470326882_n-10x12.jpg 10w, https:\/\/radioljubuski.ba\/wp-content\/uploads\/2025\/12\/590037784_2033959870777962_2552318626470326882_n.jpg 1080w\" sizes=\"auto, (max-width: 819px) 100vw, 819px\" \/><\/figure>\n\n\n\n<p>Pogledajte snimak utakmice:<\/p>\n\n\n\n<figure class=\"wp-block-embed is-type-video is-provider-youtube wp-block-embed-youtube wp-embed-aspect-16-9 wp-has-aspect-ratio\"><div class=\"wp-block-embed__wrapper\">\n<iframe loading=\"lazy\" title=\"RK Izvi\u0111a\u010d vs RK Had\u017ei\u0107i - 29\/11\/2025\" width=\"640\" height=\"360\" src=\"https:\/\/www.youtube.com\/embed\/KIlwplTQRow?feature=oembed\" frameborder=\"0\" allow=\"accelerometer; autoplay; clipboard-write; encrypted-media; gyroscope; picture-in-picture; web-share\" referrerpolicy=\"strict-origin-when-cross-origin\" allowfullscreen><\/iframe>\n<\/div><\/figure>\n\n\n\n<p><strong>Rukometna akademija Izvi\u0111a\u010d<\/strong><\/p>\n\n\n\n<p><strong>Kadeti RA Izvi\u0111a\u010d<\/strong> su u&nbsp; utakmici 7. kola Lige HB za kadete ju\u010der svladali svoje vr\u0161njake iz Stoca rezultatom 46:24, na poluvremenu je bilo 29:11 za Izvi\u0111a\u010d.<\/p>\n\n\n\n<p>U Grudama je protekli vikend odr\u017ean 8. Me\u0111unarodni mini rukometni turnir Sveta Kata-Grude 2025.g u organizaciji HRK GRUDE i \u0161kole rukometa &#8220;OD PRVOG KORAKA DO PRVAKA&#8221;.<\/p>\n\n\n\n<p>Na turniru je sudjelovalo gotovo 300 malih rukometa\u0161ica i rukometa\u0161a iz Bosne i Hercegovine i Hrvatskeme\u0111u kojima i RA Izvi\u0111a\u010d. Ostali sudionici: RK DUGOPOLJE,&nbsp; MRK PLO\u010cE,&nbsp; RA JERKOVAC METKOVI\u0106,&nbsp; RK METKOVI\u0106 ZALMO,&nbsp; RK RVACKA LIVNO,&nbsp; H\u017dRK ZRINJSKI MOSTAR,&nbsp; HRK \u010cAPLJINA, HRK ME\u0110UGORIJE, SRK ZRINJSKI MOSTAR I HRK GRUDE.<\/p>\n\n\n\n<p>Mladi rukometa\u0161i RA Izvi\u0111a\u010d 2015. godi\u0161te i mla\u0111i osvojili su tre\u0107e mjesto u svojoj kategoriji.<\/p>\n\n\n\n<p>Pogledajte plasman po kategorijama:<\/p>\n\n\n\n<p>REZULTATI PO KATEGORIJAMA:<\/p>\n\n\n\n<p>DJEVOJ\u010cICE 2015.G I MLA\u0110E<\/p>\n\n\n\n<p>1. H\u017dRK ZRINJSKI 1<\/p>\n\n\n\n<p>2. HRK GRUDE<\/p>\n\n\n\n<p>3. HRK \u010cAPLJINA<\/p>\n\n\n\n<p>DJE\u010cACI 2015.G. I MLA\u0110I<\/p>\n\n\n\n<p>1. SRK ZRINJSKI<\/p>\n\n\n\n<p>2. MRK PLO\u010cE 1<\/p>\n\n\n\n<p>3. RA IZVI\u0110A\u010c 1<\/p>\n\n\n\n<p>MIX 2017.G. I MLA\u0110E<\/p>\n\n\n\n<p>1. HRK&nbsp; ME\u0110UGORJE<\/p>\n\n\n\n<p>2. RK DUGOPOLJE<\/p>\n\n\n\n<p>3. RK METKOVI\u0106 ZALMO<\/p>\n\n\n\n<figure class=\"wp-block-image size-large\"><img loading=\"lazy\" decoding=\"async\" width=\"1024\" height=\"577\" src=\"https:\/\/radioljubuski.ba\/wp-content\/uploads\/2025\/12\/591730700_1420085710066350_8909202309469066936_n-1024x577.jpg\" alt=\"\" class=\"wp-image-223074\" srcset=\"https:\/\/radioljubuski.ba\/wp-content\/uploads\/2025\/12\/591730700_1420085710066350_8909202309469066936_n-1024x577.jpg 1024w, https:\/\/radioljubuski.ba\/wp-content\/uploads\/2025\/12\/591730700_1420085710066350_8909202309469066936_n-300x169.jpg 300w, https:\/\/radioljubuski.ba\/wp-content\/uploads\/2025\/12\/591730700_1420085710066350_8909202309469066936_n-768x432.jpg 768w, https:\/\/radioljubuski.ba\/wp-content\/uploads\/2025\/12\/591730700_1420085710066350_8909202309469066936_n-1536x865.jpg 1536w, https:\/\/radioljubuski.ba\/wp-content\/uploads\/2025\/12\/591730700_1420085710066350_8909202309469066936_n-18x10.jpg 18w, https:\/\/radioljubuski.ba\/wp-content\/uploads\/2025\/12\/591730700_1420085710066350_8909202309469066936_n.jpg 2048w\" sizes=\"auto, (max-width: 1024px) 100vw, 1024px\" \/><\/figure>\n\n\n\n<p><strong>KO\u0160ARKA<\/strong><\/p>\n\n\n\n<p>Ko\u0161arka\u0161i Ljubu\u0161kog su ju\u010der u 5. kolu &nbsp;Lige Ko\u0161arka\u0161kog saveza Herceg \u2013 Bosne u Gradskoj \u0161portskoj dvorani u Ljubu\u0161kom svladali Tomislav iz Tomislavgrada rezultatom 79:69, po \u010detvrtinama je bilo 20:14, 18:23, 21:16 i 20:16.<\/p>\n\n\n\n<p>Najefikasniji u redovima Ljubu\u0161kog bio je Dragan D\u017eaji\u0107 s 22 postignuta poena, 4 skoka i jednom asistencijom, Marko Bo\u0161njak postigao je 13 ko\u0161eva, upisao 6 skokova i 4 asistencije, Stipe Dugand\u017ei\u0107 je postigao 11 ko\u0161eva i k tome dodao 3 skoka i 8 asistencija, David Bevanda je upisao 7 poena, 1 skok i 3 asistencije, a Matej Jeli\u0107, Ante Ke\u017ei\u0107 i Nedjeljko Toli\u0107 su postigli po 6 ko\u0161eva, s tim da je Jeli\u0107 dodao 5 skokova, Ke\u017ei\u0107 2 skoka i 4 asistencije, a Toli\u0107 2 skoka. U strijelce su se jo\u0161 upisali Mateo Barbari\u0107 i Mihael Ragu\u017e koji su postigli po 3 poena te Antonio Pehar koji je postigao 2 ko\u0161a.<\/p>\n\n\n\n<p>Nakon pet odigranih kola ko\u0161arka\u0161i Ljubu\u0161kog su vode\u0107i na ljestvici i jedini imaju maksimalni u\u010dinak od pet pobjeda.<\/p>\n\n\n\n<figure class=\"wp-block-image size-large\"><img loading=\"lazy\" decoding=\"async\" width=\"1024\" height=\"1024\" src=\"https:\/\/radioljubuski.ba\/wp-content\/uploads\/2025\/12\/591140078_18032208491748994_1567360611617794166_n-1024x1024.jpg\" alt=\"\" class=\"wp-image-223075\" srcset=\"https:\/\/radioljubuski.ba\/wp-content\/uploads\/2025\/12\/591140078_18032208491748994_1567360611617794166_n-1024x1024.jpg 1024w, https:\/\/radioljubuski.ba\/wp-content\/uploads\/2025\/12\/591140078_18032208491748994_1567360611617794166_n-300x300.jpg 300w, https:\/\/radioljubuski.ba\/wp-content\/uploads\/2025\/12\/591140078_18032208491748994_1567360611617794166_n-150x150.jpg 150w, https:\/\/radioljubuski.ba\/wp-content\/uploads\/2025\/12\/591140078_18032208491748994_1567360611617794166_n-768x768.jpg 768w, https:\/\/radioljubuski.ba\/wp-content\/uploads\/2025\/12\/591140078_18032208491748994_1567360611617794166_n-12x12.jpg 12w, https:\/\/radioljubuski.ba\/wp-content\/uploads\/2025\/12\/591140078_18032208491748994_1567360611617794166_n-64x64.jpg 64w, https:\/\/radioljubuski.ba\/wp-content\/uploads\/2025\/12\/591140078_18032208491748994_1567360611617794166_n-560x560.jpg 560w, https:\/\/radioljubuski.ba\/wp-content\/uploads\/2025\/12\/591140078_18032208491748994_1567360611617794166_n.jpg 1080w\" sizes=\"auto, (max-width: 1024px) 100vw, 1024px\" \/><\/figure>\n\n\n\n<p><strong>ODBOJKA<\/strong><\/p>\n\n\n\n<p>Odbojka\u0161ice ljubu\u0161kog Libera su ju\u010der u 6. kolu Lige Hercegovine ugostile H\u017dOK Blato. Utakmica se igrala u dvorani Osnovne \u0161kole Marka Maruli\u0107a u tri kategorije, a Liberice su upisale dvije pobjede i poraz. Liberice su slavile u kategorijama mla\u0111ih kadetkinja i djevoj\u010dica, a pora\u017eene su u kategoriji kadetkinja.<\/p>\n\n\n\n<p>Zanimljivo je da su se utakmice igrale punih 5 sati, izmjenjuju\u0107i se po kategorijama.<\/p>\n\n\n\n<p>\u201eIgru su zapo\u010dele na\u0161e kadetkinje koje na\u017ealost jo\u0161 uvijek nemaju treninge. Ne kao opravdanje, ali kao jedna velika \u010dinjenica, stoji da one jednostavno ni ne mogu uhvatiti ritam igranja i akcija jer nemaju prostor za treniranje, a Liga se mora odigravati, tako da smo u kona\u010dnici zadovoljni rezultatom 17:25,23:25.<\/p>\n\n\n\n<p>Na\u0161e mla\u0111e kadetkinje tako\u0111er ne treniraju od 1.10., ali unato\u010d toj \u010dinjenici njihova sportska nadarenost i talent su u jo\u0161 jednoj utakmici do\u0161le do izra\u017eaja, pa su lako pobijedile cure iz Blata rezultatom 25:7,25:9. I nastavile niz bez izgubljene utakmice.<\/p>\n\n\n\n<p>S najmla\u0111im curama smo odigrale dva seta i pobijedile.<\/p>\n\n\n\n<p>\u017delimo se zahvaliti na\u0161im go\u0161\u0107ama iz @hzok_blato na dolasku i super dru\u017eenju\u201c, objavio je OK Libero na svojoj facebook stranici.<\/p>\n\n\n\n<figure class=\"wp-block-image size-large\"><img loading=\"lazy\" decoding=\"async\" width=\"1024\" height=\"1024\" src=\"https:\/\/radioljubuski.ba\/wp-content\/uploads\/2025\/12\/590985586_18334429735210707_7409359253219494115_n-1024x1024.jpg\" alt=\"\" class=\"wp-image-223071\" srcset=\"https:\/\/radioljubuski.ba\/wp-content\/uploads\/2025\/12\/590985586_18334429735210707_7409359253219494115_n-1024x1024.jpg 1024w, https:\/\/radioljubuski.ba\/wp-content\/uploads\/2025\/12\/590985586_18334429735210707_7409359253219494115_n-300x300.jpg 300w, https:\/\/radioljubuski.ba\/wp-content\/uploads\/2025\/12\/590985586_18334429735210707_7409359253219494115_n-150x150.jpg 150w, https:\/\/radioljubuski.ba\/wp-content\/uploads\/2025\/12\/590985586_18334429735210707_7409359253219494115_n-768x768.jpg 768w, https:\/\/radioljubuski.ba\/wp-content\/uploads\/2025\/12\/590985586_18334429735210707_7409359253219494115_n-12x12.jpg 12w, https:\/\/radioljubuski.ba\/wp-content\/uploads\/2025\/12\/590985586_18334429735210707_7409359253219494115_n-64x64.jpg 64w, https:\/\/radioljubuski.ba\/wp-content\/uploads\/2025\/12\/590985586_18334429735210707_7409359253219494115_n-560x560.jpg 560w, https:\/\/radioljubuski.ba\/wp-content\/uploads\/2025\/12\/590985586_18334429735210707_7409359253219494115_n.jpg 1440w\" sizes=\"auto, (max-width: 1024px) 100vw, 1024px\" \/><\/figure>\n\n\n\n<p><strong>\u0160AH<\/strong><\/p>\n\n\n\n<p>U subotu je, u organizaciji \u0160ahovskog kluba \u201eKula\u201c Ljubu\u0161ki, u sklopu Prvenstva grada Ljubu\u0161kog u \u0161ahu, odr\u017eano prvenstvo O\u0160 Tina Ujevi\u0107a.<\/p>\n\n\n\n<p>\u201eNa turniru je nastupilo 6 igra\u010da, a igralo se Berger sustavom \u201csvatko sa svakim\u201d. Nakon uzbudljivih i izjedna\u010denih partija dobili smo sljede\u0107i poredak:<\/p>\n\n\n\n<p>Lea Zovak \u2013 4,5 boda, ukupna pobjednica turnira<\/p>\n\n\n\n<p>Ozrinko Pilati\u0107 \u2013 4 boda, drugo mjesto<\/p>\n\n\n\n<p>Ivan Pavao Zovak \u2013 tre\u0107e mjesto<\/p>\n\n\n\n<p>Svi sudionici nagra\u0111eni su diplomama i medaljama, dok su prvih troje dobili i trofeje.<\/p>\n\n\n\n<p>Me\u0111u nagra\u0111enim su jo\u0161 : Luka Zadro, Franjo \u0160uta i Iva Kordi\u0107.<\/p>\n\n\n\n<p>Velika hvala O\u0160 Tina Ujevi\u0107a na gostoprimstvu, podr\u0161ci i omogu\u0107avanju odli\u010dnih uvjeta za odr\u017eavanje prvenstva.<\/p>\n\n\n\n<p>Apel u\u010diteljima i roditeljima<\/p>\n\n\n\n<p>Ove godine imali smo skroman broj sudionika, pa \u017eelimo uputiti topli apel u\u010diteljima i roditeljima: pomozimo djeci da otkriju \u0161ah.<\/p>\n\n\n\n<p>Ponekad je dovoljan samo jedan poticaj, jedan razgovor ili mala preporuka da dijete napravi prvi korak i u\u0111e u svijet igre koja razvija strpljenje, fokus, upornost i samopouzdanje.<\/p>\n\n\n\n<p>\u0160ah u\u010di djecu razmi\u0161ljati unaprijed, donositi odluke i snalaziti se u novim situacijama \u2014 vje\u0161tine koje im vrijede daleko izvan \u0161ahovske plo\u010de.<\/p>\n\n\n\n<p>Svaki turnir donosi dru\u017eenje, radost, iskustvo i osje\u0107aj pripadnosti.<\/p>\n\n\n\n<p>Zato vas pozivamo da zajedno otvorimo vrata ovoj plemenitoj igri i potaknemo vi\u0161e djece da se prijave, oku\u0161aju i mo\u017eda otkriju ne\u0161to u \u010demu \u0107e u\u017eivati\u201c, objavio je \u0160ahovski klub \u201eKula\u201c Ljubu\u0161ki na svojoj facebook stranici.<\/p>\n\n\n\n<figure class=\"wp-block-image size-large\"><img loading=\"lazy\" decoding=\"async\" width=\"1024\" height=\"778\" src=\"https:\/\/radioljubuski.ba\/wp-content\/uploads\/2025\/12\/589200923_18060499997555069_3428735814159654592_n-1024x778.jpg\" alt=\"\" class=\"wp-image-223070\" srcset=\"https:\/\/radioljubuski.ba\/wp-content\/uploads\/2025\/12\/589200923_18060499997555069_3428735814159654592_n-1024x778.jpg 1024w, https:\/\/radioljubuski.ba\/wp-content\/uploads\/2025\/12\/589200923_18060499997555069_3428735814159654592_n-300x228.jpg 300w, https:\/\/radioljubuski.ba\/wp-content\/uploads\/2025\/12\/589200923_18060499997555069_3428735814159654592_n-768x584.jpg 768w, https:\/\/radioljubuski.ba\/wp-content\/uploads\/2025\/12\/589200923_18060499997555069_3428735814159654592_n-16x12.jpg 16w, https:\/\/radioljubuski.ba\/wp-content\/uploads\/2025\/12\/589200923_18060499997555069_3428735814159654592_n.jpg 1080w\" sizes=\"auto, (max-width: 1024px) 100vw, 1024px\" \/><\/figure>\n\n\n\n<p><strong>STOLNI TENIS<\/strong><\/p>\n\n\n\n<p>Jo\u0161 jedan odli\u010dan turnir &#8220;Stolac Open 2025&#8221;<br>\u017deljko Grbavac iz Ljubu\u0161kog na postolju prvi dva puta u dvije kategorije<\/p>\n\n\n\n<p>U nedelju, 30. studenog, u gradskoj dvorani u Stocu odr\u017ean je me\u0111unarodni, peti po redu turnir &#8220;Stolac Open 2025&#8221;, na kojem je u 4 kategorije nastupilo ukupno 58 igra\u010da. Turnir je protekao u odli\u010dnoj organizaciji i atmosferi,<\/p>\n\n\n\n<p>Kategorija 49+ veterani<\/p>\n\n\n\n<ol class=\"wp-block-list\">\n<li>\u017deljko Grbavac Ljubu\u0161ki<\/li>\n\n\n\n<li>\u017deljko Mustapi\u0107<\/li>\n\n\n\n<li>Martin Rai\u010d<\/li>\n\n\n\n<li>\u017deljko Ivankovi\u0107<\/li>\n<\/ol>\n\n\n\n<p>Parovi \u2013 Dublovi<\/p>\n\n\n\n<ol class=\"wp-block-list\">\n<li>Grbavac \/ Bano\u017ei\u0107 Ljubu\u0161ki\/\u0160iroki Brijeg<\/li>\n\n\n\n<li>Mari\u0107 \/ Marti\u0107<\/li>\n\n\n\n<li>Savi\u0107 \/ Kova\u010devi\u0107<\/li>\n<\/ol>\n\n\n\n<figure class=\"wp-block-image size-large\"><img loading=\"lazy\" decoding=\"async\" width=\"1024\" height=\"768\" src=\"https:\/\/radioljubuski.ba\/wp-content\/uploads\/2025\/12\/1000043973-1024x768.jpg\" alt=\"\" class=\"wp-image-223087\" srcset=\"https:\/\/radioljubuski.ba\/wp-content\/uploads\/2025\/12\/1000043973-1024x768.jpg 1024w, https:\/\/radioljubuski.ba\/wp-content\/uploads\/2025\/12\/1000043973-300x225.jpg 300w, https:\/\/radioljubuski.ba\/wp-content\/uploads\/2025\/12\/1000043973-768x576.jpg 768w, https:\/\/radioljubuski.ba\/wp-content\/uploads\/2025\/12\/1000043973-1536x1152.jpg 1536w, https:\/\/radioljubuski.ba\/wp-content\/uploads\/2025\/12\/1000043973-2048x1536.jpg 2048w, https:\/\/radioljubuski.ba\/wp-content\/uploads\/2025\/12\/1000043973-16x12.jpg 16w\" sizes=\"auto, (max-width: 1024px) 100vw, 1024px\" \/><\/figure>\n\n\n\n<figure class=\"wp-block-image size-large\"><img loading=\"lazy\" decoding=\"async\" width=\"768\" height=\"1024\" src=\"https:\/\/radioljubuski.ba\/wp-content\/uploads\/2025\/12\/1000043965-768x1024.jpg\" alt=\"\" class=\"wp-image-223088\" srcset=\"https:\/\/radioljubuski.ba\/wp-content\/uploads\/2025\/12\/1000043965-768x1024.jpg 768w, https:\/\/radioljubuski.ba\/wp-content\/uploads\/2025\/12\/1000043965-225x300.jpg 225w, https:\/\/radioljubuski.ba\/wp-content\/uploads\/2025\/12\/1000043965-1152x1536.jpg 1152w, https:\/\/radioljubuski.ba\/wp-content\/uploads\/2025\/12\/1000043965-1536x2048.jpg 1536w, https:\/\/radioljubuski.ba\/wp-content\/uploads\/2025\/12\/1000043965-9x12.jpg 9w, https:\/\/radioljubuski.ba\/wp-content\/uploads\/2025\/12\/1000043965-scaled.jpg 1920w\" sizes=\"auto, (max-width: 768px) 100vw, 768px\" \/><\/figure>\n\n\n\n<p><strong>KARATE<\/strong><\/p>\n\n\n\n<p>U nedjelju 30.11.2025. odr\u017ean je 20. me\u0111unarodni karate turnir &#8221; KUP SV. NIKOLE&#8221; koji se odr\u017eava ve\u0107 20 godina u sklopu obilje\u017eavanja dana grada Vara\u017edina. Na natjecanju je nastupilo 30 klubova sa oko 350 natjecatelja.<br>Karate klub Ljubu\u0161ki predstavljali su 3 natjecatelja koji su nastupili svaki u 3 kategorije i ostvarili sljede\u0107i rezultat:<\/p>\n\n\n\n<ul class=\"wp-block-list\">\n<li>Mihael Ani\u0107 mla\u0111i kadet: u kategoriji borbe 1. mjesto, kate 1. mjesto i kate ekipno 2. mjesto<\/li>\n\n\n\n<li>Luka Ani\u0107, u\u010denici : borbe 1. mjesto, kate 1. mjesto, kate ekipno 2. mjesto.<\/li>\n\n\n\n<li>Josip Hrka\u0107 u\u010denici: borbe 3. mjesto, kate 1. mjesto i kate ekipno 2. mjesto.<br>Idu\u0107e natjecanje o\u010dekuje nas 13.12. kada se odr\u017eava 4. kolo karate lige.<\/li>\n<\/ul>\n\n\n\n<figure class=\"wp-block-image size-large\"><img loading=\"lazy\" decoding=\"async\" width=\"1024\" height=\"478\" src=\"https:\/\/radioljubuski.ba\/wp-content\/uploads\/2025\/12\/591249516_10239388138471956_5748056133023744157_n-1024x478.jpg\" alt=\"\" class=\"wp-image-223089\" srcset=\"https:\/\/radioljubuski.ba\/wp-content\/uploads\/2025\/12\/591249516_10239388138471956_5748056133023744157_n-1024x478.jpg 1024w, https:\/\/radioljubuski.ba\/wp-content\/uploads\/2025\/12\/591249516_10239388138471956_5748056133023744157_n-300x140.jpg 300w, https:\/\/radioljubuski.ba\/wp-content\/uploads\/2025\/12\/591249516_10239388138471956_5748056133023744157_n-768x359.jpg 768w, https:\/\/radioljubuski.ba\/wp-content\/uploads\/2025\/12\/591249516_10239388138471956_5748056133023744157_n-1536x717.jpg 1536w, https:\/\/radioljubuski.ba\/wp-content\/uploads\/2025\/12\/591249516_10239388138471956_5748056133023744157_n-18x8.jpg 18w, https:\/\/radioljubuski.ba\/wp-content\/uploads\/2025\/12\/591249516_10239388138471956_5748056133023744157_n.jpg 2048w\" sizes=\"auto, (max-width: 1024px) 100vw, 1024px\" \/><\/figure>\n\n\n\n<figure class=\"wp-block-image size-large\"><img loading=\"lazy\" decoding=\"async\" width=\"1024\" height=\"478\" src=\"https:\/\/radioljubuski.ba\/wp-content\/uploads\/2025\/12\/591406626_10239388128111697_2998593034424849967_n-1024x478.jpg\" alt=\"\" class=\"wp-image-223090\" srcset=\"https:\/\/radioljubuski.ba\/wp-content\/uploads\/2025\/12\/591406626_10239388128111697_2998593034424849967_n-1024x478.jpg 1024w, https:\/\/radioljubuski.ba\/wp-content\/uploads\/2025\/12\/591406626_10239388128111697_2998593034424849967_n-300x140.jpg 300w, https:\/\/radioljubuski.ba\/wp-content\/uploads\/2025\/12\/591406626_10239388128111697_2998593034424849967_n-768x359.jpg 768w, https:\/\/radioljubuski.ba\/wp-content\/uploads\/2025\/12\/591406626_10239388128111697_2998593034424849967_n-1536x717.jpg 1536w, https:\/\/radioljubuski.ba\/wp-content\/uploads\/2025\/12\/591406626_10239388128111697_2998593034424849967_n-18x8.jpg 18w, https:\/\/radioljubuski.ba\/wp-content\/uploads\/2025\/12\/591406626_10239388128111697_2998593034424849967_n.jpg 2048w\" sizes=\"auto, (max-width: 1024px) 100vw, 1024px\" \/><\/figure>\n\n\n\n<figure class=\"wp-block-image size-large\"><img loading=\"lazy\" decoding=\"async\" width=\"576\" height=\"1024\" src=\"https:\/\/radioljubuski.ba\/wp-content\/uploads\/2025\/12\/591915763_10239388084230600_7959678703308216106_n-576x1024.jpg\" alt=\"\" class=\"wp-image-223091\" srcset=\"https:\/\/radioljubuski.ba\/wp-content\/uploads\/2025\/12\/591915763_10239388084230600_7959678703308216106_n-576x1024.jpg 576w, https:\/\/radioljubuski.ba\/wp-content\/uploads\/2025\/12\/591915763_10239388084230600_7959678703308216106_n-169x300.jpg 169w, https:\/\/radioljubuski.ba\/wp-content\/uploads\/2025\/12\/591915763_10239388084230600_7959678703308216106_n-768x1365.jpg 768w, https:\/\/radioljubuski.ba\/wp-content\/uploads\/2025\/12\/591915763_10239388084230600_7959678703308216106_n-864x1536.jpg 864w, https:\/\/radioljubuski.ba\/wp-content\/uploads\/2025\/12\/591915763_10239388084230600_7959678703308216106_n-7x12.jpg 7w, https:\/\/radioljubuski.ba\/wp-content\/uploads\/2025\/12\/591915763_10239388084230600_7959678703308216106_n.jpg 1152w\" sizes=\"auto, (max-width: 576px) 100vw, 576px\" \/><\/figure>\n\n\n\n<p>Radio Ljubu\u0161ki<\/p>\n","protected":false},"excerpt":{"rendered":"<p>Protekli vikend rukometa\u0161i Izvi\u0111a\u010d Agrama do\u017eivjeli su drugi prvenstveni poraz, bolji od njih bio je Konjuh iz \u017divinica koji je na doma\u0107em terenu slavio 28:27, rukometa\u0161ice Izvi\u0111a\u010da pora\u017eene su na doma\u0107em parketu od Had\u017ei\u0107a 39:23, rukometa\u0161i Izvi\u0111a\u010da 2 slavili su na gostovanju u Mostaru i s 36:35 svladali Vele\u017e, ko\u0161arka\u0161i Ljubu\u0161kog su sino\u0107 na doma\u0107em [&hellip;]<\/p>\n","protected":false},"author":2,"featured_media":223068,"comment_status":"closed","ping_status":"closed","sticky":false,"template":"","format":"standard","meta":{"h5ap_radio_sources":[],"footnotes":""},"categories":[3,28,7],"tags":[],"class_list":["post-223067","post","type-post","status-publish","format-standard","has-post-thumbnail","hentry","category-ljubuski","category-novosti","category-sport"],"yoast_head":"<!-- This site is optimized with the Yoast SEO plugin v27.5 - https:\/\/yoast.com\/product\/yoast-seo-wordpress\/ -->\n<title>Poraz rukometa\u0161a i rukometa\u0161ica Izvi\u0111a\u010da, pobjeda Izvi\u0111a\u010da 2, pobjeda ko\u0161arka\u0161a Ljubu\u0161kog te dvije pobjede i poraz odbojka\u0161ica Libera - RADIO LJUBU\u0160KI<\/title>\n<meta name=\"robots\" content=\"index, follow, max-snippet:-1, max-image-preview:large, max-video-preview:-1\" \/>\n<link rel=\"canonical\" href=\"https:\/\/radioljubuski.ba\/index.php\/2025\/12\/01\/poraz-rukometasa-i-rukometasica-izvidaca-pobjeda-izvidaca-2-pobjeda-kosarkasa-ljubuskog-te-dvije-pobjede-i-poraz-odbojkasica-libera\/\" \/>\n<meta property=\"og:locale\" content=\"hr_HR\" \/>\n<meta property=\"og:type\" content=\"article\" \/>\n<meta property=\"og:title\" content=\"Poraz rukometa\u0161a i rukometa\u0161ica Izvi\u0111a\u010da, pobjeda Izvi\u0111a\u010da 2, pobjeda ko\u0161arka\u0161a Ljubu\u0161kog te dvije pobjede i poraz odbojka\u0161ica Libera - RADIO LJUBU\u0160KI\" \/>\n<meta property=\"og:description\" content=\"Protekli vikend rukometa\u0161i Izvi\u0111a\u010d Agrama do\u017eivjeli su drugi prvenstveni poraz, bolji od njih bio je Konjuh iz \u017divinica koji je na doma\u0107em terenu slavio 28:27, rukometa\u0161ice Izvi\u0111a\u010da pora\u017eene su na doma\u0107em parketu od Had\u017ei\u0107a 39:23, rukometa\u0161i Izvi\u0111a\u010da 2 slavili su na gostovanju u Mostaru i s 36:35 svladali Vele\u017e, ko\u0161arka\u0161i Ljubu\u0161kog su sino\u0107 na doma\u0107em [&hellip;]\" \/>\n<meta property=\"og:url\" content=\"https:\/\/radioljubuski.ba\/index.php\/2025\/12\/01\/poraz-rukometasa-i-rukometasica-izvidaca-pobjeda-izvidaca-2-pobjeda-kosarkasa-ljubuskog-te-dvije-pobjede-i-poraz-odbojkasica-libera\/\" \/>\n<meta property=\"og:site_name\" content=\"RADIO LJUBU\u0160KI\" \/>\n<meta property=\"article:publisher\" content=\"https:\/\/www.facebook.com\/Radiio-Ljubuski-1490835324566332\" \/>\n<meta property=\"article:published_time\" content=\"2025-12-01T11:07:55+00:00\" \/>\n<meta property=\"article:modified_time\" content=\"2025-12-01T15:36:21+00:00\" \/>\n<meta property=\"og:image\" content=\"https:\/\/radioljubuski.ba\/wp-content\/uploads\/2025\/12\/sportske-novosti.png\" \/>\n\t<meta property=\"og:image:width\" content=\"808\" \/>\n\t<meta property=\"og:image:height\" content=\"699\" \/>\n\t<meta property=\"og:image:type\" content=\"image\/png\" \/>\n<meta name=\"author\" content=\"Radio Ljubu\u0161ki\" \/>\n<meta name=\"twitter:card\" content=\"summary_large_image\" \/>\n<meta name=\"twitter:creator\" content=\"@radioljubuski\" \/>\n<meta name=\"twitter:site\" content=\"@radioljubuski\" \/>\n<meta name=\"twitter:label1\" content=\"Napisao\/la\" \/>\n\t<meta name=\"twitter:data1\" content=\"Radio Ljubu\u0161ki\" \/>\n\t<meta name=\"twitter:label2\" content=\"Procijenjeno vrijeme \u010ditanja\" \/>\n\t<meta name=\"twitter:data2\" content=\"14 minuta\" \/>\n<script type=\"application\/ld+json\" class=\"yoast-schema-graph\">{\"@context\":\"https:\\\/\\\/schema.org\",\"@graph\":[{\"@type\":\"Article\",\"@id\":\"https:\\\/\\\/radioljubuski.ba\\\/index.php\\\/2025\\\/12\\\/01\\\/poraz-rukometasa-i-rukometasica-izvidaca-pobjeda-izvidaca-2-pobjeda-kosarkasa-ljubuskog-te-dvije-pobjede-i-poraz-odbojkasica-libera\\\/#article\",\"isPartOf\":{\"@id\":\"https:\\\/\\\/radioljubuski.ba\\\/index.php\\\/2025\\\/12\\\/01\\\/poraz-rukometasa-i-rukometasica-izvidaca-pobjeda-izvidaca-2-pobjeda-kosarkasa-ljubuskog-te-dvije-pobjede-i-poraz-odbojkasica-libera\\\/\"},\"author\":{\"name\":\"Radio Ljubu\u0161ki\",\"@id\":\"https:\\\/\\\/radioljubuski.ba\\\/#\\\/schema\\\/person\\\/19fc700381a780f69665d7956c469e3b\"},\"headline\":\"Poraz rukometa\u0161a i rukometa\u0161ica Izvi\u0111a\u010da, pobjeda Izvi\u0111a\u010da 2, pobjeda ko\u0161arka\u0161a Ljubu\u0161kog te dvije pobjede i poraz odbojka\u0161ica Libera\",\"datePublished\":\"2025-12-01T11:07:55+00:00\",\"dateModified\":\"2025-12-01T15:36:21+00:00\",\"mainEntityOfPage\":{\"@id\":\"https:\\\/\\\/radioljubuski.ba\\\/index.php\\\/2025\\\/12\\\/01\\\/poraz-rukometasa-i-rukometasica-izvidaca-pobjeda-izvidaca-2-pobjeda-kosarkasa-ljubuskog-te-dvije-pobjede-i-poraz-odbojkasica-libera\\\/\"},\"wordCount\":2142,\"publisher\":{\"@id\":\"https:\\\/\\\/radioljubuski.ba\\\/#organization\"},\"image\":{\"@id\":\"https:\\\/\\\/radioljubuski.ba\\\/index.php\\\/2025\\\/12\\\/01\\\/poraz-rukometasa-i-rukometasica-izvidaca-pobjeda-izvidaca-2-pobjeda-kosarkasa-ljubuskog-te-dvije-pobjede-i-poraz-odbojkasica-libera\\\/#primaryimage\"},\"thumbnailUrl\":\"https:\\\/\\\/radioljubuski.ba\\\/wp-content\\\/uploads\\\/2025\\\/12\\\/sportske-novosti.png\",\"articleSection\":[\"Ljubu\u0161ki\",\"Novosti\",\"\u0160port\"],\"inLanguage\":\"hr\"},{\"@type\":\"WebPage\",\"@id\":\"https:\\\/\\\/radioljubuski.ba\\\/index.php\\\/2025\\\/12\\\/01\\\/poraz-rukometasa-i-rukometasica-izvidaca-pobjeda-izvidaca-2-pobjeda-kosarkasa-ljubuskog-te-dvije-pobjede-i-poraz-odbojkasica-libera\\\/\",\"url\":\"https:\\\/\\\/radioljubuski.ba\\\/index.php\\\/2025\\\/12\\\/01\\\/poraz-rukometasa-i-rukometasica-izvidaca-pobjeda-izvidaca-2-pobjeda-kosarkasa-ljubuskog-te-dvije-pobjede-i-poraz-odbojkasica-libera\\\/\",\"name\":\"Poraz rukometa\u0161a i rukometa\u0161ica Izvi\u0111a\u010da, pobjeda Izvi\u0111a\u010da 2, pobjeda ko\u0161arka\u0161a Ljubu\u0161kog te dvije pobjede i poraz odbojka\u0161ica Libera - RADIO LJUBU\u0160KI\",\"isPartOf\":{\"@id\":\"https:\\\/\\\/radioljubuski.ba\\\/#website\"},\"primaryImageOfPage\":{\"@id\":\"https:\\\/\\\/radioljubuski.ba\\\/index.php\\\/2025\\\/12\\\/01\\\/poraz-rukometasa-i-rukometasica-izvidaca-pobjeda-izvidaca-2-pobjeda-kosarkasa-ljubuskog-te-dvije-pobjede-i-poraz-odbojkasica-libera\\\/#primaryimage\"},\"image\":{\"@id\":\"https:\\\/\\\/radioljubuski.ba\\\/index.php\\\/2025\\\/12\\\/01\\\/poraz-rukometasa-i-rukometasica-izvidaca-pobjeda-izvidaca-2-pobjeda-kosarkasa-ljubuskog-te-dvije-pobjede-i-poraz-odbojkasica-libera\\\/#primaryimage\"},\"thumbnailUrl\":\"https:\\\/\\\/radioljubuski.ba\\\/wp-content\\\/uploads\\\/2025\\\/12\\\/sportske-novosti.png\",\"datePublished\":\"2025-12-01T11:07:55+00:00\",\"dateModified\":\"2025-12-01T15:36:21+00:00\",\"breadcrumb\":{\"@id\":\"https:\\\/\\\/radioljubuski.ba\\\/index.php\\\/2025\\\/12\\\/01\\\/poraz-rukometasa-i-rukometasica-izvidaca-pobjeda-izvidaca-2-pobjeda-kosarkasa-ljubuskog-te-dvije-pobjede-i-poraz-odbojkasica-libera\\\/#breadcrumb\"},\"inLanguage\":\"hr\",\"potentialAction\":[{\"@type\":\"ReadAction\",\"target\":[\"https:\\\/\\\/radioljubuski.ba\\\/index.php\\\/2025\\\/12\\\/01\\\/poraz-rukometasa-i-rukometasica-izvidaca-pobjeda-izvidaca-2-pobjeda-kosarkasa-ljubuskog-te-dvije-pobjede-i-poraz-odbojkasica-libera\\\/\"]}]},{\"@type\":\"ImageObject\",\"inLanguage\":\"hr\",\"@id\":\"https:\\\/\\\/radioljubuski.ba\\\/index.php\\\/2025\\\/12\\\/01\\\/poraz-rukometasa-i-rukometasica-izvidaca-pobjeda-izvidaca-2-pobjeda-kosarkasa-ljubuskog-te-dvije-pobjede-i-poraz-odbojkasica-libera\\\/#primaryimage\",\"url\":\"https:\\\/\\\/radioljubuski.ba\\\/wp-content\\\/uploads\\\/2025\\\/12\\\/sportske-novosti.png\",\"contentUrl\":\"https:\\\/\\\/radioljubuski.ba\\\/wp-content\\\/uploads\\\/2025\\\/12\\\/sportske-novosti.png\",\"width\":808,\"height\":699},{\"@type\":\"BreadcrumbList\",\"@id\":\"https:\\\/\\\/radioljubuski.ba\\\/index.php\\\/2025\\\/12\\\/01\\\/poraz-rukometasa-i-rukometasica-izvidaca-pobjeda-izvidaca-2-pobjeda-kosarkasa-ljubuskog-te-dvije-pobjede-i-poraz-odbojkasica-libera\\\/#breadcrumb\",\"itemListElement\":[{\"@type\":\"ListItem\",\"position\":1,\"name\":\"Po\u010detna stranica\",\"item\":\"https:\\\/\\\/radioljubuski.ba\\\/\"},{\"@type\":\"ListItem\",\"position\":2,\"name\":\"Poraz rukometa\u0161a i rukometa\u0161ica Izvi\u0111a\u010da, pobjeda Izvi\u0111a\u010da 2, pobjeda ko\u0161arka\u0161a Ljubu\u0161kog te dvije pobjede i poraz odbojka\u0161ica Libera\"}]},{\"@type\":\"WebSite\",\"@id\":\"https:\\\/\\\/radioljubuski.ba\\\/#website\",\"url\":\"https:\\\/\\\/radioljubuski.ba\\\/\",\"name\":\"Radio Ljubu\u0161ki\",\"description\":\"Sun\u010dana frekvencija Hercegovine\",\"publisher\":{\"@id\":\"https:\\\/\\\/radioljubuski.ba\\\/#organization\"},\"potentialAction\":[{\"@type\":\"SearchAction\",\"target\":{\"@type\":\"EntryPoint\",\"urlTemplate\":\"https:\\\/\\\/radioljubuski.ba\\\/?s={search_term_string}\"},\"query-input\":{\"@type\":\"PropertyValueSpecification\",\"valueRequired\":true,\"valueName\":\"search_term_string\"}}],\"inLanguage\":\"hr\"},{\"@type\":\"Organization\",\"@id\":\"https:\\\/\\\/radioljubuski.ba\\\/#organization\",\"name\":\"Radio Ljubu\u0161ki\",\"url\":\"https:\\\/\\\/radioljubuski.ba\\\/\",\"logo\":{\"@type\":\"ImageObject\",\"inLanguage\":\"hr\",\"@id\":\"https:\\\/\\\/radioljubuski.ba\\\/#\\\/schema\\\/logo\\\/image\\\/\",\"url\":\"https:\\\/\\\/radioljubuski.ba\\\/wp-content\\\/uploads\\\/2021\\\/02\\\/cropped-Radio_Ljubuski_logo1.jpg\",\"contentUrl\":\"https:\\\/\\\/radioljubuski.ba\\\/wp-content\\\/uploads\\\/2021\\\/02\\\/cropped-Radio_Ljubuski_logo1.jpg\",\"width\":512,\"height\":512,\"caption\":\"Radio Ljubu\u0161ki\"},\"image\":{\"@id\":\"https:\\\/\\\/radioljubuski.ba\\\/#\\\/schema\\\/logo\\\/image\\\/\"},\"sameAs\":[\"https:\\\/\\\/www.facebook.com\\\/Radiio-Ljubuski-1490835324566332\",\"https:\\\/\\\/x.com\\\/radioljubuski\",\"https:\\\/\\\/hr.linkedin.com\\\/company\\\/radio-ljubuski\",\"https:\\\/\\\/www.youtube.com\\\/channel\\\/UCHYaeO_n0Db3tjNGudGpXyw\"]},{\"@type\":\"Person\",\"@id\":\"https:\\\/\\\/radioljubuski.ba\\\/#\\\/schema\\\/person\\\/19fc700381a780f69665d7956c469e3b\",\"name\":\"Radio Ljubu\u0161ki\"}]}<\/script>\n<!-- \/ Yoast SEO plugin. -->","yoast_head_json":{"title":"Poraz rukometa\u0161a i rukometa\u0161ica Izvi\u0111a\u010da, pobjeda Izvi\u0111a\u010da 2, pobjeda ko\u0161arka\u0161a Ljubu\u0161kog te dvije pobjede i poraz odbojka\u0161ica Libera - RADIO LJUBU\u0160KI","robots":{"index":"index","follow":"follow","max-snippet":"max-snippet:-1","max-image-preview":"max-image-preview:large","max-video-preview":"max-video-preview:-1"},"canonical":"https:\/\/radioljubuski.ba\/index.php\/2025\/12\/01\/poraz-rukometasa-i-rukometasica-izvidaca-pobjeda-izvidaca-2-pobjeda-kosarkasa-ljubuskog-te-dvije-pobjede-i-poraz-odbojkasica-libera\/","og_locale":"hr_HR","og_type":"article","og_title":"Poraz rukometa\u0161a i rukometa\u0161ica Izvi\u0111a\u010da, pobjeda Izvi\u0111a\u010da 2, pobjeda ko\u0161arka\u0161a Ljubu\u0161kog te dvije pobjede i poraz odbojka\u0161ica Libera - RADIO LJUBU\u0160KI","og_description":"Protekli vikend rukometa\u0161i Izvi\u0111a\u010d Agrama do\u017eivjeli su drugi prvenstveni poraz, bolji od njih bio je Konjuh iz \u017divinica koji je na doma\u0107em terenu slavio 28:27, rukometa\u0161ice Izvi\u0111a\u010da pora\u017eene su na doma\u0107em parketu od Had\u017ei\u0107a 39:23, rukometa\u0161i Izvi\u0111a\u010da 2 slavili su na gostovanju u Mostaru i s 36:35 svladali Vele\u017e, ko\u0161arka\u0161i Ljubu\u0161kog su sino\u0107 na doma\u0107em [&hellip;]","og_url":"https:\/\/radioljubuski.ba\/index.php\/2025\/12\/01\/poraz-rukometasa-i-rukometasica-izvidaca-pobjeda-izvidaca-2-pobjeda-kosarkasa-ljubuskog-te-dvije-pobjede-i-poraz-odbojkasica-libera\/","og_site_name":"RADIO LJUBU\u0160KI","article_publisher":"https:\/\/www.facebook.com\/Radiio-Ljubuski-1490835324566332","article_published_time":"2025-12-01T11:07:55+00:00","article_modified_time":"2025-12-01T15:36:21+00:00","og_image":[{"width":808,"height":699,"url":"https:\/\/radioljubuski.ba\/wp-content\/uploads\/2025\/12\/sportske-novosti.png","type":"image\/png"}],"author":"Radio Ljubu\u0161ki","twitter_card":"summary_large_image","twitter_creator":"@radioljubuski","twitter_site":"@radioljubuski","twitter_misc":{"Napisao\/la":"Radio Ljubu\u0161ki","Procijenjeno vrijeme \u010ditanja":"14 minuta"},"schema":{"@context":"https:\/\/schema.org","@graph":[{"@type":"Article","@id":"https:\/\/radioljubuski.ba\/index.php\/2025\/12\/01\/poraz-rukometasa-i-rukometasica-izvidaca-pobjeda-izvidaca-2-pobjeda-kosarkasa-ljubuskog-te-dvije-pobjede-i-poraz-odbojkasica-libera\/#article","isPartOf":{"@id":"https:\/\/radioljubuski.ba\/index.php\/2025\/12\/01\/poraz-rukometasa-i-rukometasica-izvidaca-pobjeda-izvidaca-2-pobjeda-kosarkasa-ljubuskog-te-dvije-pobjede-i-poraz-odbojkasica-libera\/"},"author":{"name":"Radio Ljubu\u0161ki","@id":"https:\/\/radioljubuski.ba\/#\/schema\/person\/19fc700381a780f69665d7956c469e3b"},"headline":"Poraz rukometa\u0161a i rukometa\u0161ica Izvi\u0111a\u010da, pobjeda Izvi\u0111a\u010da 2, pobjeda ko\u0161arka\u0161a Ljubu\u0161kog te dvije pobjede i poraz odbojka\u0161ica Libera","datePublished":"2025-12-01T11:07:55+00:00","dateModified":"2025-12-01T15:36:21+00:00","mainEntityOfPage":{"@id":"https:\/\/radioljubuski.ba\/index.php\/2025\/12\/01\/poraz-rukometasa-i-rukometasica-izvidaca-pobjeda-izvidaca-2-pobjeda-kosarkasa-ljubuskog-te-dvije-pobjede-i-poraz-odbojkasica-libera\/"},"wordCount":2142,"publisher":{"@id":"https:\/\/radioljubuski.ba\/#organization"},"image":{"@id":"https:\/\/radioljubuski.ba\/index.php\/2025\/12\/01\/poraz-rukometasa-i-rukometasica-izvidaca-pobjeda-izvidaca-2-pobjeda-kosarkasa-ljubuskog-te-dvije-pobjede-i-poraz-odbojkasica-libera\/#primaryimage"},"thumbnailUrl":"https:\/\/radioljubuski.ba\/wp-content\/uploads\/2025\/12\/sportske-novosti.png","articleSection":["Ljubu\u0161ki","Novosti","\u0160port"],"inLanguage":"hr"},{"@type":"WebPage","@id":"https:\/\/radioljubuski.ba\/index.php\/2025\/12\/01\/poraz-rukometasa-i-rukometasica-izvidaca-pobjeda-izvidaca-2-pobjeda-kosarkasa-ljubuskog-te-dvije-pobjede-i-poraz-odbojkasica-libera\/","url":"https:\/\/radioljubuski.ba\/index.php\/2025\/12\/01\/poraz-rukometasa-i-rukometasica-izvidaca-pobjeda-izvidaca-2-pobjeda-kosarkasa-ljubuskog-te-dvije-pobjede-i-poraz-odbojkasica-libera\/","name":"Poraz rukometa\u0161a i rukometa\u0161ica Izvi\u0111a\u010da, pobjeda Izvi\u0111a\u010da 2, pobjeda ko\u0161arka\u0161a Ljubu\u0161kog te dvije pobjede i poraz odbojka\u0161ica Libera - RADIO LJUBU\u0160KI","isPartOf":{"@id":"https:\/\/radioljubuski.ba\/#website"},"primaryImageOfPage":{"@id":"https:\/\/radioljubuski.ba\/index.php\/2025\/12\/01\/poraz-rukometasa-i-rukometasica-izvidaca-pobjeda-izvidaca-2-pobjeda-kosarkasa-ljubuskog-te-dvije-pobjede-i-poraz-odbojkasica-libera\/#primaryimage"},"image":{"@id":"https:\/\/radioljubuski.ba\/index.php\/2025\/12\/01\/poraz-rukometasa-i-rukometasica-izvidaca-pobjeda-izvidaca-2-pobjeda-kosarkasa-ljubuskog-te-dvije-pobjede-i-poraz-odbojkasica-libera\/#primaryimage"},"thumbnailUrl":"https:\/\/radioljubuski.ba\/wp-content\/uploads\/2025\/12\/sportske-novosti.png","datePublished":"2025-12-01T11:07:55+00:00","dateModified":"2025-12-01T15:36:21+00:00","breadcrumb":{"@id":"https:\/\/radioljubuski.ba\/index.php\/2025\/12\/01\/poraz-rukometasa-i-rukometasica-izvidaca-pobjeda-izvidaca-2-pobjeda-kosarkasa-ljubuskog-te-dvije-pobjede-i-poraz-odbojkasica-libera\/#breadcrumb"},"inLanguage":"hr","potentialAction":[{"@type":"ReadAction","target":["https:\/\/radioljubuski.ba\/index.php\/2025\/12\/01\/poraz-rukometasa-i-rukometasica-izvidaca-pobjeda-izvidaca-2-pobjeda-kosarkasa-ljubuskog-te-dvije-pobjede-i-poraz-odbojkasica-libera\/"]}]},{"@type":"ImageObject","inLanguage":"hr","@id":"https:\/\/radioljubuski.ba\/index.php\/2025\/12\/01\/poraz-rukometasa-i-rukometasica-izvidaca-pobjeda-izvidaca-2-pobjeda-kosarkasa-ljubuskog-te-dvije-pobjede-i-poraz-odbojkasica-libera\/#primaryimage","url":"https:\/\/radioljubuski.ba\/wp-content\/uploads\/2025\/12\/sportske-novosti.png","contentUrl":"https:\/\/radioljubuski.ba\/wp-content\/uploads\/2025\/12\/sportske-novosti.png","width":808,"height":699},{"@type":"BreadcrumbList","@id":"https:\/\/radioljubuski.ba\/index.php\/2025\/12\/01\/poraz-rukometasa-i-rukometasica-izvidaca-pobjeda-izvidaca-2-pobjeda-kosarkasa-ljubuskog-te-dvije-pobjede-i-poraz-odbojkasica-libera\/#breadcrumb","itemListElement":[{"@type":"ListItem","position":1,"name":"Po\u010detna stranica","item":"https:\/\/radioljubuski.ba\/"},{"@type":"ListItem","position":2,"name":"Poraz rukometa\u0161a i rukometa\u0161ica Izvi\u0111a\u010da, pobjeda Izvi\u0111a\u010da 2, pobjeda ko\u0161arka\u0161a Ljubu\u0161kog te dvije pobjede i poraz odbojka\u0161ica Libera"}]},{"@type":"WebSite","@id":"https:\/\/radioljubuski.ba\/#website","url":"https:\/\/radioljubuski.ba\/","name":"Radio Ljubu\u0161ki","description":"Sun\u010dana frekvencija Hercegovine","publisher":{"@id":"https:\/\/radioljubuski.ba\/#organization"},"potentialAction":[{"@type":"SearchAction","target":{"@type":"EntryPoint","urlTemplate":"https:\/\/radioljubuski.ba\/?s={search_term_string}"},"query-input":{"@type":"PropertyValueSpecification","valueRequired":true,"valueName":"search_term_string"}}],"inLanguage":"hr"},{"@type":"Organization","@id":"https:\/\/radioljubuski.ba\/#organization","name":"Radio Ljubu\u0161ki","url":"https:\/\/radioljubuski.ba\/","logo":{"@type":"ImageObject","inLanguage":"hr","@id":"https:\/\/radioljubuski.ba\/#\/schema\/logo\/image\/","url":"https:\/\/radioljubuski.ba\/wp-content\/uploads\/2021\/02\/cropped-Radio_Ljubuski_logo1.jpg","contentUrl":"https:\/\/radioljubuski.ba\/wp-content\/uploads\/2021\/02\/cropped-Radio_Ljubuski_logo1.jpg","width":512,"height":512,"caption":"Radio Ljubu\u0161ki"},"image":{"@id":"https:\/\/radioljubuski.ba\/#\/schema\/logo\/image\/"},"sameAs":["https:\/\/www.facebook.com\/Radiio-Ljubuski-1490835324566332","https:\/\/x.com\/radioljubuski","https:\/\/hr.linkedin.com\/company\/radio-ljubuski","https:\/\/www.youtube.com\/channel\/UCHYaeO_n0Db3tjNGudGpXyw"]},{"@type":"Person","@id":"https:\/\/radioljubuski.ba\/#\/schema\/person\/19fc700381a780f69665d7956c469e3b","name":"Radio Ljubu\u0161ki"}]}},"_links":{"self":[{"href":"https:\/\/radioljubuski.ba\/index.php\/wp-json\/wp\/v2\/posts\/223067","targetHints":{"allow":["GET"]}}],"collection":[{"href":"https:\/\/radioljubuski.ba\/index.php\/wp-json\/wp\/v2\/posts"}],"about":[{"href":"https:\/\/radioljubuski.ba\/index.php\/wp-json\/wp\/v2\/types\/post"}],"author":[{"embeddable":true,"href":"https:\/\/radioljubuski.ba\/index.php\/wp-json\/wp\/v2\/users\/2"}],"replies":[{"embeddable":true,"href":"https:\/\/radioljubuski.ba\/index.php\/wp-json\/wp\/v2\/comments?post=223067"}],"version-history":[{"count":4,"href":"https:\/\/radioljubuski.ba\/index.php\/wp-json\/wp\/v2\/posts\/223067\/revisions"}],"predecessor-version":[{"id":223099,"href":"https:\/\/radioljubuski.ba\/index.php\/wp-json\/wp\/v2\/posts\/223067\/revisions\/223099"}],"wp:featuredmedia":[{"embeddable":true,"href":"https:\/\/radioljubuski.ba\/index.php\/wp-json\/wp\/v2\/media\/223068"}],"wp:attachment":[{"href":"https:\/\/radioljubuski.ba\/index.php\/wp-json\/wp\/v2\/media?parent=223067"}],"wp:term":[{"taxonomy":"category","embeddable":true,"href":"https:\/\/radioljubuski.ba\/index.php\/wp-json\/wp\/v2\/categories?post=223067"},{"taxonomy":"post_tag","embeddable":true,"href":"https:\/\/radioljubuski.ba\/index.php\/wp-json\/wp\/v2\/tags?post=223067"}],"curies":[{"name":"wp","href":"https:\/\/api.w.org\/{rel}","templated":true}]}}