{"id":223077,"date":"2025-12-04T10:22:44","date_gmt":"2025-12-04T09:22:44","guid":{"rendered":"https:\/\/radioljubuski.ba\/?p=223077"},"modified":"2025-12-04T12:54:40","modified_gmt":"2025-12-04T11:54:40","slug":"u-cetvrtak-koncert-jukebox-libusa","status":"publish","type":"post","link":"https:\/\/radioljubuski.ba\/index.php\/2025\/12\/04\/u-cetvrtak-koncert-jukebox-libusa\/","title":{"rendered":"Ljubu\u0161ki: Ve\u010deras koncert &#8220;Jukebox Libu\u0161a&#8221; u Kulturnom centru"},"content":{"rendered":"\n<p>U \u010detvrtak, 4. prosinca 2025. godine, u <strong>Kulturnom centru Ljubu\u0161ki<\/strong>, o\u010dekuje vas nezaboravan koncert pod nazivom <strong>&#8220;Jukebox Libu\u0161a&#8221;<\/strong>, koji \u0107e odu\u0161eviti sve ljubitelje glazbe. Po\u010detak je zakazan za <strong>19:30<\/strong>, a na pozornici \u0107e se pojaviti neka od poznatih imena na\u0161e glazbene scene.<\/p>\n\n\n\n<p><strong>Ante Leo Dugand\u017ei\u0107<\/strong>, <strong>Bernard Lau\u0107<\/strong>, <strong>Manuela \u0160evo<\/strong>, <strong>Mladen Mand\u017eo<\/strong>, <strong>Sara Marolt<\/strong> i <strong>Zlata Petkovi\u0107<\/strong> zaslu\u017euju va\u0161u pozornost svojim glazbenim izvedbama, koje \u0107e vas podsjetiti na legendarne hitove pro\u0161lih vremena. Voditelji ve\u010deri, <strong>Luka Marijan Herceg<\/strong> i <strong>Luka Su\u0161ac<\/strong>, pobrinut \u0107e se za dinami\u010dnu atmosferu i zabavu.<\/p>\n\n\n\n<p>&#8220;Ulaz je besplatan, ali ako te volja &#8211; ostavi za kave!&#8221; poru\u010duju iz KK Libu\u0161a<\/p>\n","protected":false},"excerpt":{"rendered":"<p>U \u010detvrtak, 4. prosinca 2025. godine, u Kulturnom centru Ljubu\u0161ki, o\u010dekuje vas nezaboravan koncert pod nazivom &#8220;Jukebox Libu\u0161a&#8221;, koji \u0107e odu\u0161eviti sve ljubitelje glazbe. Po\u010detak je zakazan za 19:30, a na pozornici \u0107e se pojaviti neka od poznatih imena na\u0161e glazbene scene. Ante Leo Dugand\u017ei\u0107, Bernard Lau\u0107, Manuela \u0160evo, Mladen Mand\u017eo, Sara Marolt i Zlata [&hellip;]<\/p>\n","protected":false},"author":2,"featured_media":223078,"comment_status":"closed","ping_status":"closed","sticky":false,"template":"","format":"standard","meta":{"h5ap_radio_sources":[],"footnotes":""},"categories":[3],"tags":[],"class_list":["post-223077","post","type-post","status-publish","format-standard","has-post-thumbnail","hentry","category-ljubuski"],"yoast_head":"<!-- This site is optimized with the Yoast SEO plugin v27.5 - https:\/\/yoast.com\/product\/yoast-seo-wordpress\/ -->\n<title>Ljubu\u0161ki: Ve\u010deras koncert &quot;Jukebox Libu\u0161a&quot; u Kulturnom centru - RADIO LJUBU\u0160KI<\/title>\n<meta name=\"robots\" content=\"index, follow, max-snippet:-1, max-image-preview:large, max-video-preview:-1\" \/>\n<link rel=\"canonical\" href=\"https:\/\/radioljubuski.ba\/index.php\/2025\/12\/04\/u-cetvrtak-koncert-jukebox-libusa\/\" \/>\n<meta property=\"og:locale\" content=\"hr_HR\" \/>\n<meta property=\"og:type\" content=\"article\" \/>\n<meta property=\"og:title\" content=\"Ljubu\u0161ki: Ve\u010deras koncert &quot;Jukebox Libu\u0161a&quot; u Kulturnom centru - RADIO LJUBU\u0160KI\" \/>\n<meta property=\"og:description\" content=\"U \u010detvrtak, 4. prosinca 2025. godine, u Kulturnom centru Ljubu\u0161ki, o\u010dekuje vas nezaboravan koncert pod nazivom &#8220;Jukebox Libu\u0161a&#8221;, koji \u0107e odu\u0161eviti sve ljubitelje glazbe. Po\u010detak je zakazan za 19:30, a na pozornici \u0107e se pojaviti neka od poznatih imena na\u0161e glazbene scene. Ante Leo Dugand\u017ei\u0107, Bernard Lau\u0107, Manuela \u0160evo, Mladen Mand\u017eo, Sara Marolt i Zlata [&hellip;]\" \/>\n<meta property=\"og:url\" content=\"https:\/\/radioljubuski.ba\/index.php\/2025\/12\/04\/u-cetvrtak-koncert-jukebox-libusa\/\" \/>\n<meta property=\"og:site_name\" content=\"RADIO LJUBU\u0160KI\" \/>\n<meta property=\"article:publisher\" content=\"https:\/\/www.facebook.com\/Radiio-Ljubuski-1490835324566332\" \/>\n<meta property=\"article:published_time\" content=\"2025-12-04T09:22:44+00:00\" \/>\n<meta property=\"article:modified_time\" content=\"2025-12-04T11:54:40+00:00\" \/>\n<meta property=\"og:image\" content=\"https:\/\/radioljubuski.ba\/wp-content\/uploads\/2025\/12\/libusa.jpg\" \/>\n\t<meta property=\"og:image:width\" content=\"1143\" \/>\n\t<meta property=\"og:image:height\" content=\"1600\" \/>\n\t<meta property=\"og:image:type\" content=\"image\/jpeg\" \/>\n<meta name=\"author\" content=\"Radio Ljubu\u0161ki\" \/>\n<meta name=\"twitter:card\" content=\"summary_large_image\" \/>\n<meta name=\"twitter:creator\" content=\"@radioljubuski\" \/>\n<meta name=\"twitter:site\" content=\"@radioljubuski\" \/>\n<meta name=\"twitter:label1\" content=\"Napisao\/la\" \/>\n\t<meta name=\"twitter:data1\" content=\"Radio Ljubu\u0161ki\" \/>\n\t<meta name=\"twitter:label2\" content=\"Procijenjeno vrijeme \u010ditanja\" \/>\n\t<meta name=\"twitter:data2\" content=\"1 minuta\" \/>\n<script type=\"application\/ld+json\" class=\"yoast-schema-graph\">{\"@context\":\"https:\\\/\\\/schema.org\",\"@graph\":[{\"@type\":\"Article\",\"@id\":\"https:\\\/\\\/radioljubuski.ba\\\/index.php\\\/2025\\\/12\\\/04\\\/u-cetvrtak-koncert-jukebox-libusa\\\/#article\",\"isPartOf\":{\"@id\":\"https:\\\/\\\/radioljubuski.ba\\\/index.php\\\/2025\\\/12\\\/04\\\/u-cetvrtak-koncert-jukebox-libusa\\\/\"},\"author\":{\"name\":\"Radio Ljubu\u0161ki\",\"@id\":\"https:\\\/\\\/radioljubuski.ba\\\/#\\\/schema\\\/person\\\/19fc700381a780f69665d7956c469e3b\"},\"headline\":\"Ljubu\u0161ki: Ve\u010deras koncert &#8220;Jukebox Libu\u0161a&#8221; u Kulturnom centru\",\"datePublished\":\"2025-12-04T09:22:44+00:00\",\"dateModified\":\"2025-12-04T11:54:40+00:00\",\"mainEntityOfPage\":{\"@id\":\"https:\\\/\\\/radioljubuski.ba\\\/index.php\\\/2025\\\/12\\\/04\\\/u-cetvrtak-koncert-jukebox-libusa\\\/\"},\"wordCount\":126,\"publisher\":{\"@id\":\"https:\\\/\\\/radioljubuski.ba\\\/#organization\"},\"image\":{\"@id\":\"https:\\\/\\\/radioljubuski.ba\\\/index.php\\\/2025\\\/12\\\/04\\\/u-cetvrtak-koncert-jukebox-libusa\\\/#primaryimage\"},\"thumbnailUrl\":\"https:\\\/\\\/radioljubuski.ba\\\/wp-content\\\/uploads\\\/2025\\\/12\\\/libusa.jpg\",\"articleSection\":[\"Ljubu\u0161ki\"],\"inLanguage\":\"hr\"},{\"@type\":\"WebPage\",\"@id\":\"https:\\\/\\\/radioljubuski.ba\\\/index.php\\\/2025\\\/12\\\/04\\\/u-cetvrtak-koncert-jukebox-libusa\\\/\",\"url\":\"https:\\\/\\\/radioljubuski.ba\\\/index.php\\\/2025\\\/12\\\/04\\\/u-cetvrtak-koncert-jukebox-libusa\\\/\",\"name\":\"Ljubu\u0161ki: Ve\u010deras koncert \\\"Jukebox Libu\u0161a\\\" u Kulturnom centru - RADIO LJUBU\u0160KI\",\"isPartOf\":{\"@id\":\"https:\\\/\\\/radioljubuski.ba\\\/#website\"},\"primaryImageOfPage\":{\"@id\":\"https:\\\/\\\/radioljubuski.ba\\\/index.php\\\/2025\\\/12\\\/04\\\/u-cetvrtak-koncert-jukebox-libusa\\\/#primaryimage\"},\"image\":{\"@id\":\"https:\\\/\\\/radioljubuski.ba\\\/index.php\\\/2025\\\/12\\\/04\\\/u-cetvrtak-koncert-jukebox-libusa\\\/#primaryimage\"},\"thumbnailUrl\":\"https:\\\/\\\/radioljubuski.ba\\\/wp-content\\\/uploads\\\/2025\\\/12\\\/libusa.jpg\",\"datePublished\":\"2025-12-04T09:22:44+00:00\",\"dateModified\":\"2025-12-04T11:54:40+00:00\",\"breadcrumb\":{\"@id\":\"https:\\\/\\\/radioljubuski.ba\\\/index.php\\\/2025\\\/12\\\/04\\\/u-cetvrtak-koncert-jukebox-libusa\\\/#breadcrumb\"},\"inLanguage\":\"hr\",\"potentialAction\":[{\"@type\":\"ReadAction\",\"target\":[\"https:\\\/\\\/radioljubuski.ba\\\/index.php\\\/2025\\\/12\\\/04\\\/u-cetvrtak-koncert-jukebox-libusa\\\/\"]}]},{\"@type\":\"ImageObject\",\"inLanguage\":\"hr\",\"@id\":\"https:\\\/\\\/radioljubuski.ba\\\/index.php\\\/2025\\\/12\\\/04\\\/u-cetvrtak-koncert-jukebox-libusa\\\/#primaryimage\",\"url\":\"https:\\\/\\\/radioljubuski.ba\\\/wp-content\\\/uploads\\\/2025\\\/12\\\/libusa.jpg\",\"contentUrl\":\"https:\\\/\\\/radioljubuski.ba\\\/wp-content\\\/uploads\\\/2025\\\/12\\\/libusa.jpg\",\"width\":1143,\"height\":1600},{\"@type\":\"BreadcrumbList\",\"@id\":\"https:\\\/\\\/radioljubuski.ba\\\/index.php\\\/2025\\\/12\\\/04\\\/u-cetvrtak-koncert-jukebox-libusa\\\/#breadcrumb\",\"itemListElement\":[{\"@type\":\"ListItem\",\"position\":1,\"name\":\"Po\u010detna stranica\",\"item\":\"https:\\\/\\\/radioljubuski.ba\\\/\"},{\"@type\":\"ListItem\",\"position\":2,\"name\":\"Ljubu\u0161ki: Ve\u010deras koncert &#8220;Jukebox Libu\u0161a&#8221; u Kulturnom centru\"}]},{\"@type\":\"WebSite\",\"@id\":\"https:\\\/\\\/radioljubuski.ba\\\/#website\",\"url\":\"https:\\\/\\\/radioljubuski.ba\\\/\",\"name\":\"Radio Ljubu\u0161ki\",\"description\":\"Sun\u010dana frekvencija Hercegovine\",\"publisher\":{\"@id\":\"https:\\\/\\\/radioljubuski.ba\\\/#organization\"},\"potentialAction\":[{\"@type\":\"SearchAction\",\"target\":{\"@type\":\"EntryPoint\",\"urlTemplate\":\"https:\\\/\\\/radioljubuski.ba\\\/?s={search_term_string}\"},\"query-input\":{\"@type\":\"PropertyValueSpecification\",\"valueRequired\":true,\"valueName\":\"search_term_string\"}}],\"inLanguage\":\"hr\"},{\"@type\":\"Organization\",\"@id\":\"https:\\\/\\\/radioljubuski.ba\\\/#organization\",\"name\":\"Radio Ljubu\u0161ki\",\"url\":\"https:\\\/\\\/radioljubuski.ba\\\/\",\"logo\":{\"@type\":\"ImageObject\",\"inLanguage\":\"hr\",\"@id\":\"https:\\\/\\\/radioljubuski.ba\\\/#\\\/schema\\\/logo\\\/image\\\/\",\"url\":\"https:\\\/\\\/radioljubuski.ba\\\/wp-content\\\/uploads\\\/2021\\\/02\\\/cropped-Radio_Ljubuski_logo1.jpg\",\"contentUrl\":\"https:\\\/\\\/radioljubuski.ba\\\/wp-content\\\/uploads\\\/2021\\\/02\\\/cropped-Radio_Ljubuski_logo1.jpg\",\"width\":512,\"height\":512,\"caption\":\"Radio Ljubu\u0161ki\"},\"image\":{\"@id\":\"https:\\\/\\\/radioljubuski.ba\\\/#\\\/schema\\\/logo\\\/image\\\/\"},\"sameAs\":[\"https:\\\/\\\/www.facebook.com\\\/Radiio-Ljubuski-1490835324566332\",\"https:\\\/\\\/x.com\\\/radioljubuski\",\"https:\\\/\\\/hr.linkedin.com\\\/company\\\/radio-ljubuski\",\"https:\\\/\\\/www.youtube.com\\\/channel\\\/UCHYaeO_n0Db3tjNGudGpXyw\"]},{\"@type\":\"Person\",\"@id\":\"https:\\\/\\\/radioljubuski.ba\\\/#\\\/schema\\\/person\\\/19fc700381a780f69665d7956c469e3b\",\"name\":\"Radio Ljubu\u0161ki\"}]}<\/script>\n<!-- \/ Yoast SEO plugin. -->","yoast_head_json":{"title":"Ljubu\u0161ki: Ve\u010deras koncert \"Jukebox Libu\u0161a\" u Kulturnom centru - RADIO LJUBU\u0160KI","robots":{"index":"index","follow":"follow","max-snippet":"max-snippet:-1","max-image-preview":"max-image-preview:large","max-video-preview":"max-video-preview:-1"},"canonical":"https:\/\/radioljubuski.ba\/index.php\/2025\/12\/04\/u-cetvrtak-koncert-jukebox-libusa\/","og_locale":"hr_HR","og_type":"article","og_title":"Ljubu\u0161ki: Ve\u010deras koncert \"Jukebox Libu\u0161a\" u Kulturnom centru - RADIO LJUBU\u0160KI","og_description":"U \u010detvrtak, 4. prosinca 2025. godine, u Kulturnom centru Ljubu\u0161ki, o\u010dekuje vas nezaboravan koncert pod nazivom &#8220;Jukebox Libu\u0161a&#8221;, koji \u0107e odu\u0161eviti sve ljubitelje glazbe. Po\u010detak je zakazan za 19:30, a na pozornici \u0107e se pojaviti neka od poznatih imena na\u0161e glazbene scene. Ante Leo Dugand\u017ei\u0107, Bernard Lau\u0107, Manuela \u0160evo, Mladen Mand\u017eo, Sara Marolt i Zlata [&hellip;]","og_url":"https:\/\/radioljubuski.ba\/index.php\/2025\/12\/04\/u-cetvrtak-koncert-jukebox-libusa\/","og_site_name":"RADIO LJUBU\u0160KI","article_publisher":"https:\/\/www.facebook.com\/Radiio-Ljubuski-1490835324566332","article_published_time":"2025-12-04T09:22:44+00:00","article_modified_time":"2025-12-04T11:54:40+00:00","og_image":[{"width":1143,"height":1600,"url":"https:\/\/radioljubuski.ba\/wp-content\/uploads\/2025\/12\/libusa.jpg","type":"image\/jpeg"}],"author":"Radio Ljubu\u0161ki","twitter_card":"summary_large_image","twitter_creator":"@radioljubuski","twitter_site":"@radioljubuski","twitter_misc":{"Napisao\/la":"Radio Ljubu\u0161ki","Procijenjeno vrijeme \u010ditanja":"1 minuta"},"schema":{"@context":"https:\/\/schema.org","@graph":[{"@type":"Article","@id":"https:\/\/radioljubuski.ba\/index.php\/2025\/12\/04\/u-cetvrtak-koncert-jukebox-libusa\/#article","isPartOf":{"@id":"https:\/\/radioljubuski.ba\/index.php\/2025\/12\/04\/u-cetvrtak-koncert-jukebox-libusa\/"},"author":{"name":"Radio Ljubu\u0161ki","@id":"https:\/\/radioljubuski.ba\/#\/schema\/person\/19fc700381a780f69665d7956c469e3b"},"headline":"Ljubu\u0161ki: Ve\u010deras koncert &#8220;Jukebox Libu\u0161a&#8221; u Kulturnom centru","datePublished":"2025-12-04T09:22:44+00:00","dateModified":"2025-12-04T11:54:40+00:00","mainEntityOfPage":{"@id":"https:\/\/radioljubuski.ba\/index.php\/2025\/12\/04\/u-cetvrtak-koncert-jukebox-libusa\/"},"wordCount":126,"publisher":{"@id":"https:\/\/radioljubuski.ba\/#organization"},"image":{"@id":"https:\/\/radioljubuski.ba\/index.php\/2025\/12\/04\/u-cetvrtak-koncert-jukebox-libusa\/#primaryimage"},"thumbnailUrl":"https:\/\/radioljubuski.ba\/wp-content\/uploads\/2025\/12\/libusa.jpg","articleSection":["Ljubu\u0161ki"],"inLanguage":"hr"},{"@type":"WebPage","@id":"https:\/\/radioljubuski.ba\/index.php\/2025\/12\/04\/u-cetvrtak-koncert-jukebox-libusa\/","url":"https:\/\/radioljubuski.ba\/index.php\/2025\/12\/04\/u-cetvrtak-koncert-jukebox-libusa\/","name":"Ljubu\u0161ki: Ve\u010deras koncert \"Jukebox Libu\u0161a\" u Kulturnom centru - RADIO LJUBU\u0160KI","isPartOf":{"@id":"https:\/\/radioljubuski.ba\/#website"},"primaryImageOfPage":{"@id":"https:\/\/radioljubuski.ba\/index.php\/2025\/12\/04\/u-cetvrtak-koncert-jukebox-libusa\/#primaryimage"},"image":{"@id":"https:\/\/radioljubuski.ba\/index.php\/2025\/12\/04\/u-cetvrtak-koncert-jukebox-libusa\/#primaryimage"},"thumbnailUrl":"https:\/\/radioljubuski.ba\/wp-content\/uploads\/2025\/12\/libusa.jpg","datePublished":"2025-12-04T09:22:44+00:00","dateModified":"2025-12-04T11:54:40+00:00","breadcrumb":{"@id":"https:\/\/radioljubuski.ba\/index.php\/2025\/12\/04\/u-cetvrtak-koncert-jukebox-libusa\/#breadcrumb"},"inLanguage":"hr","potentialAction":[{"@type":"ReadAction","target":["https:\/\/radioljubuski.ba\/index.php\/2025\/12\/04\/u-cetvrtak-koncert-jukebox-libusa\/"]}]},{"@type":"ImageObject","inLanguage":"hr","@id":"https:\/\/radioljubuski.ba\/index.php\/2025\/12\/04\/u-cetvrtak-koncert-jukebox-libusa\/#primaryimage","url":"https:\/\/radioljubuski.ba\/wp-content\/uploads\/2025\/12\/libusa.jpg","contentUrl":"https:\/\/radioljubuski.ba\/wp-content\/uploads\/2025\/12\/libusa.jpg","width":1143,"height":1600},{"@type":"BreadcrumbList","@id":"https:\/\/radioljubuski.ba\/index.php\/2025\/12\/04\/u-cetvrtak-koncert-jukebox-libusa\/#breadcrumb","itemListElement":[{"@type":"ListItem","position":1,"name":"Po\u010detna stranica","item":"https:\/\/radioljubuski.ba\/"},{"@type":"ListItem","position":2,"name":"Ljubu\u0161ki: Ve\u010deras koncert &#8220;Jukebox Libu\u0161a&#8221; u Kulturnom centru"}]},{"@type":"WebSite","@id":"https:\/\/radioljubuski.ba\/#website","url":"https:\/\/radioljubuski.ba\/","name":"Radio Ljubu\u0161ki","description":"Sun\u010dana frekvencija Hercegovine","publisher":{"@id":"https:\/\/radioljubuski.ba\/#organization"},"potentialAction":[{"@type":"SearchAction","target":{"@type":"EntryPoint","urlTemplate":"https:\/\/radioljubuski.ba\/?s={search_term_string}"},"query-input":{"@type":"PropertyValueSpecification","valueRequired":true,"valueName":"search_term_string"}}],"inLanguage":"hr"},{"@type":"Organization","@id":"https:\/\/radioljubuski.ba\/#organization","name":"Radio Ljubu\u0161ki","url":"https:\/\/radioljubuski.ba\/","logo":{"@type":"ImageObject","inLanguage":"hr","@id":"https:\/\/radioljubuski.ba\/#\/schema\/logo\/image\/","url":"https:\/\/radioljubuski.ba\/wp-content\/uploads\/2021\/02\/cropped-Radio_Ljubuski_logo1.jpg","contentUrl":"https:\/\/radioljubuski.ba\/wp-content\/uploads\/2021\/02\/cropped-Radio_Ljubuski_logo1.jpg","width":512,"height":512,"caption":"Radio Ljubu\u0161ki"},"image":{"@id":"https:\/\/radioljubuski.ba\/#\/schema\/logo\/image\/"},"sameAs":["https:\/\/www.facebook.com\/Radiio-Ljubuski-1490835324566332","https:\/\/x.com\/radioljubuski","https:\/\/hr.linkedin.com\/company\/radio-ljubuski","https:\/\/www.youtube.com\/channel\/UCHYaeO_n0Db3tjNGudGpXyw"]},{"@type":"Person","@id":"https:\/\/radioljubuski.ba\/#\/schema\/person\/19fc700381a780f69665d7956c469e3b","name":"Radio Ljubu\u0161ki"}]}},"_links":{"self":[{"href":"https:\/\/radioljubuski.ba\/index.php\/wp-json\/wp\/v2\/posts\/223077","targetHints":{"allow":["GET"]}}],"collection":[{"href":"https:\/\/radioljubuski.ba\/index.php\/wp-json\/wp\/v2\/posts"}],"about":[{"href":"https:\/\/radioljubuski.ba\/index.php\/wp-json\/wp\/v2\/types\/post"}],"author":[{"embeddable":true,"href":"https:\/\/radioljubuski.ba\/index.php\/wp-json\/wp\/v2\/users\/2"}],"replies":[{"embeddable":true,"href":"https:\/\/radioljubuski.ba\/index.php\/wp-json\/wp\/v2\/comments?post=223077"}],"version-history":[{"count":2,"href":"https:\/\/radioljubuski.ba\/index.php\/wp-json\/wp\/v2\/posts\/223077\/revisions"}],"predecessor-version":[{"id":223154,"href":"https:\/\/radioljubuski.ba\/index.php\/wp-json\/wp\/v2\/posts\/223077\/revisions\/223154"}],"wp:featuredmedia":[{"embeddable":true,"href":"https:\/\/radioljubuski.ba\/index.php\/wp-json\/wp\/v2\/media\/223078"}],"wp:attachment":[{"href":"https:\/\/radioljubuski.ba\/index.php\/wp-json\/wp\/v2\/media?parent=223077"}],"wp:term":[{"taxonomy":"category","embeddable":true,"href":"https:\/\/radioljubuski.ba\/index.php\/wp-json\/wp\/v2\/categories?post=223077"},{"taxonomy":"post_tag","embeddable":true,"href":"https:\/\/radioljubuski.ba\/index.php\/wp-json\/wp\/v2\/tags?post=223077"}],"curies":[{"name":"wp","href":"https:\/\/api.w.org\/{rel}","templated":true}]}}