{"id":223107,"date":"2025-12-02T11:28:56","date_gmt":"2025-12-02T10:28:56","guid":{"rendered":"https:\/\/radioljubuski.ba\/?p=223107"},"modified":"2025-12-02T13:48:07","modified_gmt":"2025-12-02T12:48:07","slug":"ljubuska-maslinova-ulja-pokazala-zavidnu-kvalitetu-39-uzoraka-dobilo-zlatnu-plaketu","status":"publish","type":"post","link":"https:\/\/radioljubuski.ba\/index.php\/2025\/12\/02\/ljubuska-maslinova-ulja-pokazala-zavidnu-kvalitetu-39-uzoraka-dobilo-zlatnu-plaketu\/","title":{"rendered":"Ljubu\u0161ka maslinova ulja pokazala zavidnu kvalitetu, 39 uzoraka dobilo zlatnu plaketu"},"content":{"rendered":"\n<p>Broj maslinara na podru\u010dju Ljubu\u0161kog se iz godine u godinu pove\u0107ava, \u0161to i ne \u010dudi ako se uzme u obzir da ulja iz maslinika ovog kraja pokazuju zavidnu kvalitetu.<\/p>\n\n\n\n<p>Na ocjenjivanju uprili\u010denom povodom ovogodi\u0161njih Dana masline i maslinovih ulja \u010dak 39 uzoraka s podru\u010dja Grada Ljubu\u0161kog okitilo se zlatnom plaketom, potvrdio nam je Andrija Marki\u0107 \u010dlan Upravnog odbora Hercegova\u010dke Udruge Uljara i Maslinara (HUUM) i Udruge maslinara Ljubu\u0161ki.<\/p>\n\n\n\n<p>U Federalnom agromediteranskom zavodu u Mostaru krajem studenog odr\u017ean je zavr\u0161ni skup 15. Dana masline i maslinovih ulja, koji je me\u0111u ostalim uklju\u010divao promotivno-ocjenjiva\u010dku i znanstveno-stru\u010dnu radionicu. Kvaliteta pristiglih uzoraka maslinovih ulja ocijenjena je prema va\u017ee\u0107im pravilnicima Bosne i Hercegovine, uz laboratorijsku kontrolu i senzorno ispitivanje koje su proveli iskusni ocjenjiva\u010di iz Panela za organolepti\u010dku ocjenu maslinovih ulja.<\/p>\n\n\n\n<p>Za ekstra djevi\u010dansko maslinovo ulje s podru\u010dja Ljubu\u0161kog zlatne plakete su dobili: SD &#8220;Stara teskera&#8221; (Ljubu\u0161ki), SD Svitlica 1888 (\u0160iljevi\u0161ta), Mate Marki\u0107 (Radi\u0161i\u0107i), OPG Aurum naturae &#8211; Andrija Marki\u0107 (Radi\u0161i\u0107i), OPG Rogi\u0107 (Grljevi\u0107i), Ivan Leko (Grljevi\u0107i), OPG Mlinarevi\u0107 (Ljubu\u0161ki), Rofix (Ljubu\u0161ki), SD Risto (Radi\u0161i\u0107i), Ivan Barbari\u0107 (Klobuk), Ivica \u010culjak (Vojni\u0107i), Du\u0161an Pavlovi\u0107 (Vojni\u0107i), Mijo D\u017eaji\u0107 (Vojni\u0107i), Josip Vu\u010di\u0107 (Cerno), Obiteljski Podrum Cerno (Cerno), OPG Muci\u0107 (Ljubu\u0161ki), SD Olea novum, Filip Mili\u010devi\u0107 (Ljubu\u0161ki), Obitelj Nuhi\u0107 (Ljubu\u0161ki), Ante Kordi\u0107 (Grljevi\u0107i), Bruno Maji\u0107 junior (Vitina), Bruno Maji\u0107 (Vitina), Vinarija \u0160kegro (Radi\u0161i\u0107i), Muri\u0107 DOO (Ljubu\u0161ki), Mario \u0160krobo (Radi\u0161i\u0107i), Kaja Vujevi\u0107 (Ljubu\u0161ki), Tomislav Vujevi\u0107 (Ljubu\u0161ki), Obitelj Herceg (\u0160ipova\u010da), Branko Rogi\u0107 (Ljubu\u0161ki), Vlado Primorac (Radi\u0161i\u0107i), Ivan Rup\u010di\u0107 (Staro Hardomilje), Slavko Korda (Crnopod), Ante Ra\u0161i\u0107 (Dole).<\/p>\n\n\n\n<p>Prilikom zavr\u0161nog skupa 15. Dana masline i maslinovih ulja odr\u017eanog u Mostaru plakete su dodijeljene i za jo\u0161 126 uzoraka maslinovog ulja iz ostatka Hercegovine, te dijela Hrvatske. Srebrne plakete su dobila \u010detiri proizvo\u0111a\u010da, a bron\u010dane tri. Ina\u010de, trenutno je u Hercegovini pod maslinicima 643 hektara , a samo pro\u0161le godine zasa\u0111eno je 35 tisu\u0107a sadnica. Cilj Federalnog agromediteranskog zavoda i Hercegova\u010dke Udruge Uljara i Maslinara (HUUM) je dosegnuti tisu\u0107u hektara.<\/p>\n\n\n\n<figure class=\"wp-block-image size-full\"><img loading=\"lazy\" decoding=\"async\" width=\"800\" height=\"600\" src=\"https:\/\/radioljubuski.ba\/wp-content\/uploads\/2025\/12\/m_8bae048940de716b1267e90298e77061.jpg\" alt=\"\" class=\"wp-image-223109\" srcset=\"https:\/\/radioljubuski.ba\/wp-content\/uploads\/2025\/12\/m_8bae048940de716b1267e90298e77061.jpg 800w, https:\/\/radioljubuski.ba\/wp-content\/uploads\/2025\/12\/m_8bae048940de716b1267e90298e77061-300x225.jpg 300w, https:\/\/radioljubuski.ba\/wp-content\/uploads\/2025\/12\/m_8bae048940de716b1267e90298e77061-768x576.jpg 768w, https:\/\/radioljubuski.ba\/wp-content\/uploads\/2025\/12\/m_8bae048940de716b1267e90298e77061-16x12.jpg 16w\" sizes=\"auto, (max-width: 800px) 100vw, 800px\" \/><\/figure>\n\n\n\n<p>Izvor:fena.ba<\/p>\n\n\n\n<p>(FENA) D. J.<\/p>\n\n\n\n<p>Radio Ljubu\u0161ki<\/p>\n","protected":false},"excerpt":{"rendered":"<p>Broj maslinara na podru\u010dju Ljubu\u0161kog se iz godine u godinu pove\u0107ava, \u0161to i ne \u010dudi ako se uzme u obzir da ulja iz maslinika ovog kraja pokazuju zavidnu kvalitetu. Na ocjenjivanju uprili\u010denom povodom ovogodi\u0161njih Dana masline i maslinovih ulja \u010dak 39 uzoraka s podru\u010dja Grada Ljubu\u0161kog okitilo se zlatnom plaketom, potvrdio nam je Andrija Marki\u0107 [&hellip;]<\/p>\n","protected":false},"author":2,"featured_media":223108,"comment_status":"closed","ping_status":"closed","sticky":false,"template":"","format":"standard","meta":{"h5ap_radio_sources":[],"footnotes":""},"categories":[3,28],"tags":[],"class_list":["post-223107","post","type-post","status-publish","format-standard","has-post-thumbnail","hentry","category-ljubuski","category-novosti"],"yoast_head":"<!-- This site is optimized with the Yoast SEO plugin v27.5 - https:\/\/yoast.com\/product\/yoast-seo-wordpress\/ -->\n<title>Ljubu\u0161ka maslinova ulja pokazala zavidnu kvalitetu, 39 uzoraka dobilo zlatnu plaketu - RADIO LJUBU\u0160KI<\/title>\n<meta name=\"robots\" content=\"index, follow, max-snippet:-1, max-image-preview:large, max-video-preview:-1\" \/>\n<link rel=\"canonical\" href=\"https:\/\/radioljubuski.ba\/index.php\/2025\/12\/02\/ljubuska-maslinova-ulja-pokazala-zavidnu-kvalitetu-39-uzoraka-dobilo-zlatnu-plaketu\/\" \/>\n<meta property=\"og:locale\" content=\"hr_HR\" \/>\n<meta property=\"og:type\" content=\"article\" \/>\n<meta property=\"og:title\" content=\"Ljubu\u0161ka maslinova ulja pokazala zavidnu kvalitetu, 39 uzoraka dobilo zlatnu plaketu - RADIO LJUBU\u0160KI\" \/>\n<meta property=\"og:description\" content=\"Broj maslinara na podru\u010dju Ljubu\u0161kog se iz godine u godinu pove\u0107ava, \u0161to i ne \u010dudi ako se uzme u obzir da ulja iz maslinika ovog kraja pokazuju zavidnu kvalitetu. Na ocjenjivanju uprili\u010denom povodom ovogodi\u0161njih Dana masline i maslinovih ulja \u010dak 39 uzoraka s podru\u010dja Grada Ljubu\u0161kog okitilo se zlatnom plaketom, potvrdio nam je Andrija Marki\u0107 [&hellip;]\" \/>\n<meta property=\"og:url\" content=\"https:\/\/radioljubuski.ba\/index.php\/2025\/12\/02\/ljubuska-maslinova-ulja-pokazala-zavidnu-kvalitetu-39-uzoraka-dobilo-zlatnu-plaketu\/\" \/>\n<meta property=\"og:site_name\" content=\"RADIO LJUBU\u0160KI\" \/>\n<meta property=\"article:publisher\" content=\"https:\/\/www.facebook.com\/Radiio-Ljubuski-1490835324566332\" \/>\n<meta property=\"article:published_time\" content=\"2025-12-02T10:28:56+00:00\" \/>\n<meta property=\"article:modified_time\" content=\"2025-12-02T12:48:07+00:00\" \/>\n<meta property=\"og:image\" content=\"https:\/\/radioljubuski.ba\/wp-content\/uploads\/2025\/12\/100788359_669092933649962_4247259044089167872_n.jpg\" \/>\n\t<meta property=\"og:image:width\" content=\"960\" \/>\n\t<meta property=\"og:image:height\" content=\"720\" \/>\n\t<meta property=\"og:image:type\" content=\"image\/jpeg\" \/>\n<meta name=\"author\" content=\"Radio Ljubu\u0161ki\" \/>\n<meta name=\"twitter:card\" content=\"summary_large_image\" \/>\n<meta name=\"twitter:creator\" content=\"@radioljubuski\" \/>\n<meta name=\"twitter:site\" content=\"@radioljubuski\" \/>\n<meta name=\"twitter:label1\" content=\"Napisao\/la\" \/>\n\t<meta name=\"twitter:data1\" content=\"Radio Ljubu\u0161ki\" \/>\n\t<meta name=\"twitter:label2\" content=\"Procijenjeno vrijeme \u010ditanja\" \/>\n\t<meta name=\"twitter:data2\" content=\"3 minute\" \/>\n<script type=\"application\/ld+json\" class=\"yoast-schema-graph\">{\"@context\":\"https:\\\/\\\/schema.org\",\"@graph\":[{\"@type\":\"Article\",\"@id\":\"https:\\\/\\\/radioljubuski.ba\\\/index.php\\\/2025\\\/12\\\/02\\\/ljubuska-maslinova-ulja-pokazala-zavidnu-kvalitetu-39-uzoraka-dobilo-zlatnu-plaketu\\\/#article\",\"isPartOf\":{\"@id\":\"https:\\\/\\\/radioljubuski.ba\\\/index.php\\\/2025\\\/12\\\/02\\\/ljubuska-maslinova-ulja-pokazala-zavidnu-kvalitetu-39-uzoraka-dobilo-zlatnu-plaketu\\\/\"},\"author\":{\"name\":\"Radio Ljubu\u0161ki\",\"@id\":\"https:\\\/\\\/radioljubuski.ba\\\/#\\\/schema\\\/person\\\/19fc700381a780f69665d7956c469e3b\"},\"headline\":\"Ljubu\u0161ka maslinova ulja pokazala zavidnu kvalitetu, 39 uzoraka dobilo zlatnu plaketu\",\"datePublished\":\"2025-12-02T10:28:56+00:00\",\"dateModified\":\"2025-12-02T12:48:07+00:00\",\"mainEntityOfPage\":{\"@id\":\"https:\\\/\\\/radioljubuski.ba\\\/index.php\\\/2025\\\/12\\\/02\\\/ljubuska-maslinova-ulja-pokazala-zavidnu-kvalitetu-39-uzoraka-dobilo-zlatnu-plaketu\\\/\"},\"wordCount\":397,\"publisher\":{\"@id\":\"https:\\\/\\\/radioljubuski.ba\\\/#organization\"},\"image\":{\"@id\":\"https:\\\/\\\/radioljubuski.ba\\\/index.php\\\/2025\\\/12\\\/02\\\/ljubuska-maslinova-ulja-pokazala-zavidnu-kvalitetu-39-uzoraka-dobilo-zlatnu-plaketu\\\/#primaryimage\"},\"thumbnailUrl\":\"https:\\\/\\\/radioljubuski.ba\\\/wp-content\\\/uploads\\\/2025\\\/12\\\/100788359_669092933649962_4247259044089167872_n.jpg\",\"articleSection\":[\"Ljubu\u0161ki\",\"Novosti\"],\"inLanguage\":\"hr\"},{\"@type\":\"WebPage\",\"@id\":\"https:\\\/\\\/radioljubuski.ba\\\/index.php\\\/2025\\\/12\\\/02\\\/ljubuska-maslinova-ulja-pokazala-zavidnu-kvalitetu-39-uzoraka-dobilo-zlatnu-plaketu\\\/\",\"url\":\"https:\\\/\\\/radioljubuski.ba\\\/index.php\\\/2025\\\/12\\\/02\\\/ljubuska-maslinova-ulja-pokazala-zavidnu-kvalitetu-39-uzoraka-dobilo-zlatnu-plaketu\\\/\",\"name\":\"Ljubu\u0161ka maslinova ulja pokazala zavidnu kvalitetu, 39 uzoraka dobilo zlatnu plaketu - RADIO LJUBU\u0160KI\",\"isPartOf\":{\"@id\":\"https:\\\/\\\/radioljubuski.ba\\\/#website\"},\"primaryImageOfPage\":{\"@id\":\"https:\\\/\\\/radioljubuski.ba\\\/index.php\\\/2025\\\/12\\\/02\\\/ljubuska-maslinova-ulja-pokazala-zavidnu-kvalitetu-39-uzoraka-dobilo-zlatnu-plaketu\\\/#primaryimage\"},\"image\":{\"@id\":\"https:\\\/\\\/radioljubuski.ba\\\/index.php\\\/2025\\\/12\\\/02\\\/ljubuska-maslinova-ulja-pokazala-zavidnu-kvalitetu-39-uzoraka-dobilo-zlatnu-plaketu\\\/#primaryimage\"},\"thumbnailUrl\":\"https:\\\/\\\/radioljubuski.ba\\\/wp-content\\\/uploads\\\/2025\\\/12\\\/100788359_669092933649962_4247259044089167872_n.jpg\",\"datePublished\":\"2025-12-02T10:28:56+00:00\",\"dateModified\":\"2025-12-02T12:48:07+00:00\",\"breadcrumb\":{\"@id\":\"https:\\\/\\\/radioljubuski.ba\\\/index.php\\\/2025\\\/12\\\/02\\\/ljubuska-maslinova-ulja-pokazala-zavidnu-kvalitetu-39-uzoraka-dobilo-zlatnu-plaketu\\\/#breadcrumb\"},\"inLanguage\":\"hr\",\"potentialAction\":[{\"@type\":\"ReadAction\",\"target\":[\"https:\\\/\\\/radioljubuski.ba\\\/index.php\\\/2025\\\/12\\\/02\\\/ljubuska-maslinova-ulja-pokazala-zavidnu-kvalitetu-39-uzoraka-dobilo-zlatnu-plaketu\\\/\"]}]},{\"@type\":\"ImageObject\",\"inLanguage\":\"hr\",\"@id\":\"https:\\\/\\\/radioljubuski.ba\\\/index.php\\\/2025\\\/12\\\/02\\\/ljubuska-maslinova-ulja-pokazala-zavidnu-kvalitetu-39-uzoraka-dobilo-zlatnu-plaketu\\\/#primaryimage\",\"url\":\"https:\\\/\\\/radioljubuski.ba\\\/wp-content\\\/uploads\\\/2025\\\/12\\\/100788359_669092933649962_4247259044089167872_n.jpg\",\"contentUrl\":\"https:\\\/\\\/radioljubuski.ba\\\/wp-content\\\/uploads\\\/2025\\\/12\\\/100788359_669092933649962_4247259044089167872_n.jpg\",\"width\":960,\"height\":720},{\"@type\":\"BreadcrumbList\",\"@id\":\"https:\\\/\\\/radioljubuski.ba\\\/index.php\\\/2025\\\/12\\\/02\\\/ljubuska-maslinova-ulja-pokazala-zavidnu-kvalitetu-39-uzoraka-dobilo-zlatnu-plaketu\\\/#breadcrumb\",\"itemListElement\":[{\"@type\":\"ListItem\",\"position\":1,\"name\":\"Po\u010detna stranica\",\"item\":\"https:\\\/\\\/radioljubuski.ba\\\/\"},{\"@type\":\"ListItem\",\"position\":2,\"name\":\"Ljubu\u0161ka maslinova ulja pokazala zavidnu kvalitetu, 39 uzoraka dobilo zlatnu plaketu\"}]},{\"@type\":\"WebSite\",\"@id\":\"https:\\\/\\\/radioljubuski.ba\\\/#website\",\"url\":\"https:\\\/\\\/radioljubuski.ba\\\/\",\"name\":\"Radio Ljubu\u0161ki\",\"description\":\"Sun\u010dana frekvencija Hercegovine\",\"publisher\":{\"@id\":\"https:\\\/\\\/radioljubuski.ba\\\/#organization\"},\"potentialAction\":[{\"@type\":\"SearchAction\",\"target\":{\"@type\":\"EntryPoint\",\"urlTemplate\":\"https:\\\/\\\/radioljubuski.ba\\\/?s={search_term_string}\"},\"query-input\":{\"@type\":\"PropertyValueSpecification\",\"valueRequired\":true,\"valueName\":\"search_term_string\"}}],\"inLanguage\":\"hr\"},{\"@type\":\"Organization\",\"@id\":\"https:\\\/\\\/radioljubuski.ba\\\/#organization\",\"name\":\"Radio Ljubu\u0161ki\",\"url\":\"https:\\\/\\\/radioljubuski.ba\\\/\",\"logo\":{\"@type\":\"ImageObject\",\"inLanguage\":\"hr\",\"@id\":\"https:\\\/\\\/radioljubuski.ba\\\/#\\\/schema\\\/logo\\\/image\\\/\",\"url\":\"https:\\\/\\\/radioljubuski.ba\\\/wp-content\\\/uploads\\\/2021\\\/02\\\/cropped-Radio_Ljubuski_logo1.jpg\",\"contentUrl\":\"https:\\\/\\\/radioljubuski.ba\\\/wp-content\\\/uploads\\\/2021\\\/02\\\/cropped-Radio_Ljubuski_logo1.jpg\",\"width\":512,\"height\":512,\"caption\":\"Radio Ljubu\u0161ki\"},\"image\":{\"@id\":\"https:\\\/\\\/radioljubuski.ba\\\/#\\\/schema\\\/logo\\\/image\\\/\"},\"sameAs\":[\"https:\\\/\\\/www.facebook.com\\\/Radiio-Ljubuski-1490835324566332\",\"https:\\\/\\\/x.com\\\/radioljubuski\",\"https:\\\/\\\/hr.linkedin.com\\\/company\\\/radio-ljubuski\",\"https:\\\/\\\/www.youtube.com\\\/channel\\\/UCHYaeO_n0Db3tjNGudGpXyw\"]},{\"@type\":\"Person\",\"@id\":\"https:\\\/\\\/radioljubuski.ba\\\/#\\\/schema\\\/person\\\/19fc700381a780f69665d7956c469e3b\",\"name\":\"Radio Ljubu\u0161ki\"}]}<\/script>\n<!-- \/ Yoast SEO plugin. -->","yoast_head_json":{"title":"Ljubu\u0161ka maslinova ulja pokazala zavidnu kvalitetu, 39 uzoraka dobilo zlatnu plaketu - RADIO LJUBU\u0160KI","robots":{"index":"index","follow":"follow","max-snippet":"max-snippet:-1","max-image-preview":"max-image-preview:large","max-video-preview":"max-video-preview:-1"},"canonical":"https:\/\/radioljubuski.ba\/index.php\/2025\/12\/02\/ljubuska-maslinova-ulja-pokazala-zavidnu-kvalitetu-39-uzoraka-dobilo-zlatnu-plaketu\/","og_locale":"hr_HR","og_type":"article","og_title":"Ljubu\u0161ka maslinova ulja pokazala zavidnu kvalitetu, 39 uzoraka dobilo zlatnu plaketu - RADIO LJUBU\u0160KI","og_description":"Broj maslinara na podru\u010dju Ljubu\u0161kog se iz godine u godinu pove\u0107ava, \u0161to i ne \u010dudi ako se uzme u obzir da ulja iz maslinika ovog kraja pokazuju zavidnu kvalitetu. Na ocjenjivanju uprili\u010denom povodom ovogodi\u0161njih Dana masline i maslinovih ulja \u010dak 39 uzoraka s podru\u010dja Grada Ljubu\u0161kog okitilo se zlatnom plaketom, potvrdio nam je Andrija Marki\u0107 [&hellip;]","og_url":"https:\/\/radioljubuski.ba\/index.php\/2025\/12\/02\/ljubuska-maslinova-ulja-pokazala-zavidnu-kvalitetu-39-uzoraka-dobilo-zlatnu-plaketu\/","og_site_name":"RADIO LJUBU\u0160KI","article_publisher":"https:\/\/www.facebook.com\/Radiio-Ljubuski-1490835324566332","article_published_time":"2025-12-02T10:28:56+00:00","article_modified_time":"2025-12-02T12:48:07+00:00","og_image":[{"width":960,"height":720,"url":"https:\/\/radioljubuski.ba\/wp-content\/uploads\/2025\/12\/100788359_669092933649962_4247259044089167872_n.jpg","type":"image\/jpeg"}],"author":"Radio Ljubu\u0161ki","twitter_card":"summary_large_image","twitter_creator":"@radioljubuski","twitter_site":"@radioljubuski","twitter_misc":{"Napisao\/la":"Radio Ljubu\u0161ki","Procijenjeno vrijeme \u010ditanja":"3 minute"},"schema":{"@context":"https:\/\/schema.org","@graph":[{"@type":"Article","@id":"https:\/\/radioljubuski.ba\/index.php\/2025\/12\/02\/ljubuska-maslinova-ulja-pokazala-zavidnu-kvalitetu-39-uzoraka-dobilo-zlatnu-plaketu\/#article","isPartOf":{"@id":"https:\/\/radioljubuski.ba\/index.php\/2025\/12\/02\/ljubuska-maslinova-ulja-pokazala-zavidnu-kvalitetu-39-uzoraka-dobilo-zlatnu-plaketu\/"},"author":{"name":"Radio Ljubu\u0161ki","@id":"https:\/\/radioljubuski.ba\/#\/schema\/person\/19fc700381a780f69665d7956c469e3b"},"headline":"Ljubu\u0161ka maslinova ulja pokazala zavidnu kvalitetu, 39 uzoraka dobilo zlatnu plaketu","datePublished":"2025-12-02T10:28:56+00:00","dateModified":"2025-12-02T12:48:07+00:00","mainEntityOfPage":{"@id":"https:\/\/radioljubuski.ba\/index.php\/2025\/12\/02\/ljubuska-maslinova-ulja-pokazala-zavidnu-kvalitetu-39-uzoraka-dobilo-zlatnu-plaketu\/"},"wordCount":397,"publisher":{"@id":"https:\/\/radioljubuski.ba\/#organization"},"image":{"@id":"https:\/\/radioljubuski.ba\/index.php\/2025\/12\/02\/ljubuska-maslinova-ulja-pokazala-zavidnu-kvalitetu-39-uzoraka-dobilo-zlatnu-plaketu\/#primaryimage"},"thumbnailUrl":"https:\/\/radioljubuski.ba\/wp-content\/uploads\/2025\/12\/100788359_669092933649962_4247259044089167872_n.jpg","articleSection":["Ljubu\u0161ki","Novosti"],"inLanguage":"hr"},{"@type":"WebPage","@id":"https:\/\/radioljubuski.ba\/index.php\/2025\/12\/02\/ljubuska-maslinova-ulja-pokazala-zavidnu-kvalitetu-39-uzoraka-dobilo-zlatnu-plaketu\/","url":"https:\/\/radioljubuski.ba\/index.php\/2025\/12\/02\/ljubuska-maslinova-ulja-pokazala-zavidnu-kvalitetu-39-uzoraka-dobilo-zlatnu-plaketu\/","name":"Ljubu\u0161ka maslinova ulja pokazala zavidnu kvalitetu, 39 uzoraka dobilo zlatnu plaketu - RADIO LJUBU\u0160KI","isPartOf":{"@id":"https:\/\/radioljubuski.ba\/#website"},"primaryImageOfPage":{"@id":"https:\/\/radioljubuski.ba\/index.php\/2025\/12\/02\/ljubuska-maslinova-ulja-pokazala-zavidnu-kvalitetu-39-uzoraka-dobilo-zlatnu-plaketu\/#primaryimage"},"image":{"@id":"https:\/\/radioljubuski.ba\/index.php\/2025\/12\/02\/ljubuska-maslinova-ulja-pokazala-zavidnu-kvalitetu-39-uzoraka-dobilo-zlatnu-plaketu\/#primaryimage"},"thumbnailUrl":"https:\/\/radioljubuski.ba\/wp-content\/uploads\/2025\/12\/100788359_669092933649962_4247259044089167872_n.jpg","datePublished":"2025-12-02T10:28:56+00:00","dateModified":"2025-12-02T12:48:07+00:00","breadcrumb":{"@id":"https:\/\/radioljubuski.ba\/index.php\/2025\/12\/02\/ljubuska-maslinova-ulja-pokazala-zavidnu-kvalitetu-39-uzoraka-dobilo-zlatnu-plaketu\/#breadcrumb"},"inLanguage":"hr","potentialAction":[{"@type":"ReadAction","target":["https:\/\/radioljubuski.ba\/index.php\/2025\/12\/02\/ljubuska-maslinova-ulja-pokazala-zavidnu-kvalitetu-39-uzoraka-dobilo-zlatnu-plaketu\/"]}]},{"@type":"ImageObject","inLanguage":"hr","@id":"https:\/\/radioljubuski.ba\/index.php\/2025\/12\/02\/ljubuska-maslinova-ulja-pokazala-zavidnu-kvalitetu-39-uzoraka-dobilo-zlatnu-plaketu\/#primaryimage","url":"https:\/\/radioljubuski.ba\/wp-content\/uploads\/2025\/12\/100788359_669092933649962_4247259044089167872_n.jpg","contentUrl":"https:\/\/radioljubuski.ba\/wp-content\/uploads\/2025\/12\/100788359_669092933649962_4247259044089167872_n.jpg","width":960,"height":720},{"@type":"BreadcrumbList","@id":"https:\/\/radioljubuski.ba\/index.php\/2025\/12\/02\/ljubuska-maslinova-ulja-pokazala-zavidnu-kvalitetu-39-uzoraka-dobilo-zlatnu-plaketu\/#breadcrumb","itemListElement":[{"@type":"ListItem","position":1,"name":"Po\u010detna stranica","item":"https:\/\/radioljubuski.ba\/"},{"@type":"ListItem","position":2,"name":"Ljubu\u0161ka maslinova ulja pokazala zavidnu kvalitetu, 39 uzoraka dobilo zlatnu plaketu"}]},{"@type":"WebSite","@id":"https:\/\/radioljubuski.ba\/#website","url":"https:\/\/radioljubuski.ba\/","name":"Radio Ljubu\u0161ki","description":"Sun\u010dana frekvencija Hercegovine","publisher":{"@id":"https:\/\/radioljubuski.ba\/#organization"},"potentialAction":[{"@type":"SearchAction","target":{"@type":"EntryPoint","urlTemplate":"https:\/\/radioljubuski.ba\/?s={search_term_string}"},"query-input":{"@type":"PropertyValueSpecification","valueRequired":true,"valueName":"search_term_string"}}],"inLanguage":"hr"},{"@type":"Organization","@id":"https:\/\/radioljubuski.ba\/#organization","name":"Radio Ljubu\u0161ki","url":"https:\/\/radioljubuski.ba\/","logo":{"@type":"ImageObject","inLanguage":"hr","@id":"https:\/\/radioljubuski.ba\/#\/schema\/logo\/image\/","url":"https:\/\/radioljubuski.ba\/wp-content\/uploads\/2021\/02\/cropped-Radio_Ljubuski_logo1.jpg","contentUrl":"https:\/\/radioljubuski.ba\/wp-content\/uploads\/2021\/02\/cropped-Radio_Ljubuski_logo1.jpg","width":512,"height":512,"caption":"Radio Ljubu\u0161ki"},"image":{"@id":"https:\/\/radioljubuski.ba\/#\/schema\/logo\/image\/"},"sameAs":["https:\/\/www.facebook.com\/Radiio-Ljubuski-1490835324566332","https:\/\/x.com\/radioljubuski","https:\/\/hr.linkedin.com\/company\/radio-ljubuski","https:\/\/www.youtube.com\/channel\/UCHYaeO_n0Db3tjNGudGpXyw"]},{"@type":"Person","@id":"https:\/\/radioljubuski.ba\/#\/schema\/person\/19fc700381a780f69665d7956c469e3b","name":"Radio Ljubu\u0161ki"}]}},"_links":{"self":[{"href":"https:\/\/radioljubuski.ba\/index.php\/wp-json\/wp\/v2\/posts\/223107","targetHints":{"allow":["GET"]}}],"collection":[{"href":"https:\/\/radioljubuski.ba\/index.php\/wp-json\/wp\/v2\/posts"}],"about":[{"href":"https:\/\/radioljubuski.ba\/index.php\/wp-json\/wp\/v2\/types\/post"}],"author":[{"embeddable":true,"href":"https:\/\/radioljubuski.ba\/index.php\/wp-json\/wp\/v2\/users\/2"}],"replies":[{"embeddable":true,"href":"https:\/\/radioljubuski.ba\/index.php\/wp-json\/wp\/v2\/comments?post=223107"}],"version-history":[{"count":2,"href":"https:\/\/radioljubuski.ba\/index.php\/wp-json\/wp\/v2\/posts\/223107\/revisions"}],"predecessor-version":[{"id":223113,"href":"https:\/\/radioljubuski.ba\/index.php\/wp-json\/wp\/v2\/posts\/223107\/revisions\/223113"}],"wp:featuredmedia":[{"embeddable":true,"href":"https:\/\/radioljubuski.ba\/index.php\/wp-json\/wp\/v2\/media\/223108"}],"wp:attachment":[{"href":"https:\/\/radioljubuski.ba\/index.php\/wp-json\/wp\/v2\/media?parent=223107"}],"wp:term":[{"taxonomy":"category","embeddable":true,"href":"https:\/\/radioljubuski.ba\/index.php\/wp-json\/wp\/v2\/categories?post=223107"},{"taxonomy":"post_tag","embeddable":true,"href":"https:\/\/radioljubuski.ba\/index.php\/wp-json\/wp\/v2\/tags?post=223107"}],"curies":[{"name":"wp","href":"https:\/\/api.w.org\/{rel}","templated":true}]}}