{"id":223144,"date":"2025-12-04T09:56:28","date_gmt":"2025-12-04T08:56:28","guid":{"rendered":"https:\/\/radioljubuski.ba\/?p=223144"},"modified":"2025-12-04T18:23:06","modified_gmt":"2025-12-04T17:23:06","slug":"javni-poziv-za-dostavljanje-prijedloga-za-investiranje-u-cilju-azuriranja-plana-kapitalnih-investicija-grada-ljubuskog-4","status":"publish","type":"post","link":"https:\/\/radioljubuski.ba\/index.php\/2025\/12\/04\/javni-poziv-za-dostavljanje-prijedloga-za-investiranje-u-cilju-azuriranja-plana-kapitalnih-investicija-grada-ljubuskog-4\/","title":{"rendered":"Javni poziv za dostavljanje prijedloga za investiranje, u cilju a\u017euriranja Plana kapitalnih investicija grada Ljubu\u0161kog"},"content":{"rendered":"\n<p>Na temelju \u010dlanka 2. Pravilnika o na\u010delu i na\u010dinu podno\u0161enja prijedloga za investiranje Plana kapitalnih investicija grada Ljubu\u0161ki, broj 02\/1-02-3044\/21 , gradona\u010delnik grada Ljubu\u0161kog,<br>Objavljuje<\/p>\n\n\n\n<p><strong>JAVNI POZIV<\/strong><br><strong>za dostavljanje prijedloga za investiranje, u cilju a\u017euriranja Plana kapitalnih investicija&nbsp;<\/strong><strong>grada Ljubu\u0161kog<\/strong><\/p>\n\n\n\n<p>Predmet ovoga Javnog poziva je prikupljanje prijedloga za investiranje, u cilju a\u017euriranja Plana kapitalnih investicija grada Ljubu\u0161kog, kako bi se odredili prioriteti gradskih investicija, koje se odnose na organiziranu infrastrukturnu izgradnju, odnosno na pobolj\u0161anje tehni\u010dke i dru\u0161tvene infrastrukture u narednih \u010detiri godine.<\/p>\n\n\n\n<p>Glavni nositelj aktivnosti je Povjerenstvo za izradu Plana kapitalnih investicija, koje je imenovalo Gradsko vije\u0107e. Povjerenstvo \u0107e izvr\u0161iti verifikaciju prispjelih prijedloga, odrediti prioritetne investicijske projekte u skladu s prihva\u0107enim kriterijima, te pripremiti kona\u010dan prijedlog a\u017euriranog Plana kapitalnih investicija na usvajanje Gradskom vije\u0107u Ljubu\u0161ki.<\/p>\n\n\n\n<p>Prijedloge za investiranje mogu podnijeti:<br>\u2022 Gra\u0111ani grada Ljubu\u0161kog<br>\u2022 Radna tijela Gradskog vije\u0107a<br>\u2022 Gradona\u010delnik<br>\u2022 Slu\u017ebe za upravu<br>\u2022 Poduze\u0107a, poduzetnici i druge organizacije<br>\u2022 Mjesne zajednice<br>\u2022 Nevladine organizacije<\/p>\n\n\n\n<p>Potencijalni predlaga\u010di Obrazac prijedloga za investiranje mogu preuzeti u prostorijama Centra za usluge gra\u0111anima, u zgradi Gradske uprave Ljubu\u0161ki, Trg dr. Franje Tu\u0111mana 1 i na slu\u017ebenoj web stranici grada Ljubu\u0161kog,&nbsp;<a href=\"https:\/\/ljubuski.ba\/\">www.ljubuski.ba<\/a>.<\/p>\n\n\n\n<p>Sve dodatne informacije mogu se dobiti u Kabinetu gradona\u010delnika, na broj telefona 039\/835-546.<\/p>\n\n\n\n<p>Popunjeni Obrasci prijedloga za investiranje dostavljaju se osobno ili putem po\u0161te na adresu:<br>Grad Ljubu\u0161ki, Povjerenstvo za izradu Plana kapitalnih investicija, Trg dr. Franje Tu\u0111mana 1, 88320 Ljubu\u0161ki.<\/p>\n\n\n\n<p>Rok za podno\u0161enje prijedloga je do 15.12. 2025. godine.<br>Nepotpuni i neblagovremeno podneseni prijedlozi ne\u0107e se uzimati u razmatranje.<\/p>\n\n\n\n<p>GRADONA\u010cELNIK<br>Vedran Markoti\u0107<\/p>\n\n\n\n<h3 class=\"wp-block-heading\">Privitci<\/h3>\n\n\n\n<ul class=\"wp-block-list\">\n<li><a href=\"https:\/\/ljubuski.ba\/download-attachment\/244804\" target=\"_blank\" rel=\"noreferrer noopener\">Obrazac prijedloga za investiranje<\/a><\/li>\n<\/ul>\n\n\n\n<p>Grad Ljubu\u0161ki<\/p>\n","protected":false},"excerpt":{"rendered":"<p>Na temelju \u010dlanka 2. Pravilnika o na\u010delu i na\u010dinu podno\u0161enja prijedloga za investiranje Plana kapitalnih investicija grada Ljubu\u0161ki, broj 02\/1-02-3044\/21 , gradona\u010delnik grada Ljubu\u0161kog,Objavljuje JAVNI POZIVza dostavljanje prijedloga za investiranje, u cilju a\u017euriranja Plana kapitalnih investicija&nbsp;grada Ljubu\u0161kog Predmet ovoga Javnog poziva je prikupljanje prijedloga za investiranje, u cilju a\u017euriranja Plana kapitalnih investicija grada Ljubu\u0161kog, kako [&hellip;]<\/p>\n","protected":false},"author":2,"featured_media":223196,"comment_status":"closed","ping_status":"closed","sticky":false,"template":"","format":"standard","meta":{"h5ap_radio_sources":[],"footnotes":""},"categories":[29,3,28],"tags":[],"class_list":["post-223144","post","type-post","status-publish","format-standard","has-post-thumbnail","hentry","category-gradska-uprava","category-ljubuski","category-novosti"],"yoast_head":"<!-- This site is optimized with the Yoast SEO plugin v27.5 - https:\/\/yoast.com\/product\/yoast-seo-wordpress\/ -->\n<title>Javni poziv za dostavljanje prijedloga za investiranje, u cilju a\u017euriranja Plana kapitalnih investicija grada Ljubu\u0161kog - RADIO LJUBU\u0160KI<\/title>\n<meta name=\"robots\" content=\"index, follow, max-snippet:-1, max-image-preview:large, max-video-preview:-1\" \/>\n<link rel=\"canonical\" href=\"https:\/\/radioljubuski.ba\/index.php\/2025\/12\/04\/javni-poziv-za-dostavljanje-prijedloga-za-investiranje-u-cilju-azuriranja-plana-kapitalnih-investicija-grada-ljubuskog-4\/\" \/>\n<meta property=\"og:locale\" content=\"hr_HR\" \/>\n<meta property=\"og:type\" content=\"article\" \/>\n<meta property=\"og:title\" content=\"Javni poziv za dostavljanje prijedloga za investiranje, u cilju a\u017euriranja Plana kapitalnih investicija grada Ljubu\u0161kog - RADIO LJUBU\u0160KI\" \/>\n<meta property=\"og:description\" content=\"Na temelju \u010dlanka 2. Pravilnika o na\u010delu i na\u010dinu podno\u0161enja prijedloga za investiranje Plana kapitalnih investicija grada Ljubu\u0161ki, broj 02\/1-02-3044\/21 , gradona\u010delnik grada Ljubu\u0161kog,Objavljuje JAVNI POZIVza dostavljanje prijedloga za investiranje, u cilju a\u017euriranja Plana kapitalnih investicija&nbsp;grada Ljubu\u0161kog Predmet ovoga Javnog poziva je prikupljanje prijedloga za investiranje, u cilju a\u017euriranja Plana kapitalnih investicija grada Ljubu\u0161kog, kako [&hellip;]\" \/>\n<meta property=\"og:url\" content=\"https:\/\/radioljubuski.ba\/index.php\/2025\/12\/04\/javni-poziv-za-dostavljanje-prijedloga-za-investiranje-u-cilju-azuriranja-plana-kapitalnih-investicija-grada-ljubuskog-4\/\" \/>\n<meta property=\"og:site_name\" content=\"RADIO LJUBU\u0160KI\" \/>\n<meta property=\"article:publisher\" content=\"https:\/\/www.facebook.com\/Radiio-Ljubuski-1490835324566332\" \/>\n<meta property=\"article:published_time\" content=\"2025-12-04T08:56:28+00:00\" \/>\n<meta property=\"article:modified_time\" content=\"2025-12-04T17:23:06+00:00\" \/>\n<meta property=\"og:image\" content=\"https:\/\/radioljubuski.ba\/wp-content\/uploads\/2025\/12\/IMG_20251204_182218.jpg\" \/>\n\t<meta property=\"og:image:width\" content=\"1080\" \/>\n\t<meta property=\"og:image:height\" content=\"1215\" \/>\n\t<meta property=\"og:image:type\" content=\"image\/jpeg\" \/>\n<meta name=\"author\" content=\"Radio Ljubu\u0161ki\" \/>\n<meta name=\"twitter:card\" content=\"summary_large_image\" \/>\n<meta name=\"twitter:creator\" content=\"@radioljubuski\" \/>\n<meta name=\"twitter:site\" content=\"@radioljubuski\" \/>\n<meta name=\"twitter:label1\" content=\"Napisao\/la\" \/>\n\t<meta name=\"twitter:data1\" content=\"Radio Ljubu\u0161ki\" \/>\n\t<meta name=\"twitter:label2\" content=\"Procijenjeno vrijeme \u010ditanja\" \/>\n\t<meta name=\"twitter:data2\" content=\"2 minute\" \/>\n<script type=\"application\/ld+json\" class=\"yoast-schema-graph\">{\"@context\":\"https:\\\/\\\/schema.org\",\"@graph\":[{\"@type\":\"Article\",\"@id\":\"https:\\\/\\\/radioljubuski.ba\\\/index.php\\\/2025\\\/12\\\/04\\\/javni-poziv-za-dostavljanje-prijedloga-za-investiranje-u-cilju-azuriranja-plana-kapitalnih-investicija-grada-ljubuskog-4\\\/#article\",\"isPartOf\":{\"@id\":\"https:\\\/\\\/radioljubuski.ba\\\/index.php\\\/2025\\\/12\\\/04\\\/javni-poziv-za-dostavljanje-prijedloga-za-investiranje-u-cilju-azuriranja-plana-kapitalnih-investicija-grada-ljubuskog-4\\\/\"},\"author\":{\"name\":\"Radio Ljubu\u0161ki\",\"@id\":\"https:\\\/\\\/radioljubuski.ba\\\/#\\\/schema\\\/person\\\/19fc700381a780f69665d7956c469e3b\"},\"headline\":\"Javni poziv za dostavljanje prijedloga za investiranje, u cilju a\u017euriranja Plana kapitalnih investicija grada Ljubu\u0161kog\",\"datePublished\":\"2025-12-04T08:56:28+00:00\",\"dateModified\":\"2025-12-04T17:23:06+00:00\",\"mainEntityOfPage\":{\"@id\":\"https:\\\/\\\/radioljubuski.ba\\\/index.php\\\/2025\\\/12\\\/04\\\/javni-poziv-za-dostavljanje-prijedloga-za-investiranje-u-cilju-azuriranja-plana-kapitalnih-investicija-grada-ljubuskog-4\\\/\"},\"wordCount\":307,\"publisher\":{\"@id\":\"https:\\\/\\\/radioljubuski.ba\\\/#organization\"},\"image\":{\"@id\":\"https:\\\/\\\/radioljubuski.ba\\\/index.php\\\/2025\\\/12\\\/04\\\/javni-poziv-za-dostavljanje-prijedloga-za-investiranje-u-cilju-azuriranja-plana-kapitalnih-investicija-grada-ljubuskog-4\\\/#primaryimage\"},\"thumbnailUrl\":\"https:\\\/\\\/radioljubuski.ba\\\/wp-content\\\/uploads\\\/2025\\\/12\\\/IMG_20251204_182218.jpg\",\"articleSection\":[\"Gradska Uprava\",\"Ljubu\u0161ki\",\"Novosti\"],\"inLanguage\":\"hr\"},{\"@type\":\"WebPage\",\"@id\":\"https:\\\/\\\/radioljubuski.ba\\\/index.php\\\/2025\\\/12\\\/04\\\/javni-poziv-za-dostavljanje-prijedloga-za-investiranje-u-cilju-azuriranja-plana-kapitalnih-investicija-grada-ljubuskog-4\\\/\",\"url\":\"https:\\\/\\\/radioljubuski.ba\\\/index.php\\\/2025\\\/12\\\/04\\\/javni-poziv-za-dostavljanje-prijedloga-za-investiranje-u-cilju-azuriranja-plana-kapitalnih-investicija-grada-ljubuskog-4\\\/\",\"name\":\"Javni poziv za dostavljanje prijedloga za investiranje, u cilju a\u017euriranja Plana kapitalnih investicija grada Ljubu\u0161kog - RADIO LJUBU\u0160KI\",\"isPartOf\":{\"@id\":\"https:\\\/\\\/radioljubuski.ba\\\/#website\"},\"primaryImageOfPage\":{\"@id\":\"https:\\\/\\\/radioljubuski.ba\\\/index.php\\\/2025\\\/12\\\/04\\\/javni-poziv-za-dostavljanje-prijedloga-za-investiranje-u-cilju-azuriranja-plana-kapitalnih-investicija-grada-ljubuskog-4\\\/#primaryimage\"},\"image\":{\"@id\":\"https:\\\/\\\/radioljubuski.ba\\\/index.php\\\/2025\\\/12\\\/04\\\/javni-poziv-za-dostavljanje-prijedloga-za-investiranje-u-cilju-azuriranja-plana-kapitalnih-investicija-grada-ljubuskog-4\\\/#primaryimage\"},\"thumbnailUrl\":\"https:\\\/\\\/radioljubuski.ba\\\/wp-content\\\/uploads\\\/2025\\\/12\\\/IMG_20251204_182218.jpg\",\"datePublished\":\"2025-12-04T08:56:28+00:00\",\"dateModified\":\"2025-12-04T17:23:06+00:00\",\"breadcrumb\":{\"@id\":\"https:\\\/\\\/radioljubuski.ba\\\/index.php\\\/2025\\\/12\\\/04\\\/javni-poziv-za-dostavljanje-prijedloga-za-investiranje-u-cilju-azuriranja-plana-kapitalnih-investicija-grada-ljubuskog-4\\\/#breadcrumb\"},\"inLanguage\":\"hr\",\"potentialAction\":[{\"@type\":\"ReadAction\",\"target\":[\"https:\\\/\\\/radioljubuski.ba\\\/index.php\\\/2025\\\/12\\\/04\\\/javni-poziv-za-dostavljanje-prijedloga-za-investiranje-u-cilju-azuriranja-plana-kapitalnih-investicija-grada-ljubuskog-4\\\/\"]}]},{\"@type\":\"ImageObject\",\"inLanguage\":\"hr\",\"@id\":\"https:\\\/\\\/radioljubuski.ba\\\/index.php\\\/2025\\\/12\\\/04\\\/javni-poziv-za-dostavljanje-prijedloga-za-investiranje-u-cilju-azuriranja-plana-kapitalnih-investicija-grada-ljubuskog-4\\\/#primaryimage\",\"url\":\"https:\\\/\\\/radioljubuski.ba\\\/wp-content\\\/uploads\\\/2025\\\/12\\\/IMG_20251204_182218.jpg\",\"contentUrl\":\"https:\\\/\\\/radioljubuski.ba\\\/wp-content\\\/uploads\\\/2025\\\/12\\\/IMG_20251204_182218.jpg\",\"width\":1080,\"height\":1215},{\"@type\":\"BreadcrumbList\",\"@id\":\"https:\\\/\\\/radioljubuski.ba\\\/index.php\\\/2025\\\/12\\\/04\\\/javni-poziv-za-dostavljanje-prijedloga-za-investiranje-u-cilju-azuriranja-plana-kapitalnih-investicija-grada-ljubuskog-4\\\/#breadcrumb\",\"itemListElement\":[{\"@type\":\"ListItem\",\"position\":1,\"name\":\"Po\u010detna stranica\",\"item\":\"https:\\\/\\\/radioljubuski.ba\\\/\"},{\"@type\":\"ListItem\",\"position\":2,\"name\":\"Javni poziv za dostavljanje prijedloga za investiranje, u cilju a\u017euriranja Plana kapitalnih investicija grada Ljubu\u0161kog\"}]},{\"@type\":\"WebSite\",\"@id\":\"https:\\\/\\\/radioljubuski.ba\\\/#website\",\"url\":\"https:\\\/\\\/radioljubuski.ba\\\/\",\"name\":\"Radio Ljubu\u0161ki\",\"description\":\"Sun\u010dana frekvencija Hercegovine\",\"publisher\":{\"@id\":\"https:\\\/\\\/radioljubuski.ba\\\/#organization\"},\"potentialAction\":[{\"@type\":\"SearchAction\",\"target\":{\"@type\":\"EntryPoint\",\"urlTemplate\":\"https:\\\/\\\/radioljubuski.ba\\\/?s={search_term_string}\"},\"query-input\":{\"@type\":\"PropertyValueSpecification\",\"valueRequired\":true,\"valueName\":\"search_term_string\"}}],\"inLanguage\":\"hr\"},{\"@type\":\"Organization\",\"@id\":\"https:\\\/\\\/radioljubuski.ba\\\/#organization\",\"name\":\"Radio Ljubu\u0161ki\",\"url\":\"https:\\\/\\\/radioljubuski.ba\\\/\",\"logo\":{\"@type\":\"ImageObject\",\"inLanguage\":\"hr\",\"@id\":\"https:\\\/\\\/radioljubuski.ba\\\/#\\\/schema\\\/logo\\\/image\\\/\",\"url\":\"https:\\\/\\\/radioljubuski.ba\\\/wp-content\\\/uploads\\\/2021\\\/02\\\/cropped-Radio_Ljubuski_logo1.jpg\",\"contentUrl\":\"https:\\\/\\\/radioljubuski.ba\\\/wp-content\\\/uploads\\\/2021\\\/02\\\/cropped-Radio_Ljubuski_logo1.jpg\",\"width\":512,\"height\":512,\"caption\":\"Radio Ljubu\u0161ki\"},\"image\":{\"@id\":\"https:\\\/\\\/radioljubuski.ba\\\/#\\\/schema\\\/logo\\\/image\\\/\"},\"sameAs\":[\"https:\\\/\\\/www.facebook.com\\\/Radiio-Ljubuski-1490835324566332\",\"https:\\\/\\\/x.com\\\/radioljubuski\",\"https:\\\/\\\/hr.linkedin.com\\\/company\\\/radio-ljubuski\",\"https:\\\/\\\/www.youtube.com\\\/channel\\\/UCHYaeO_n0Db3tjNGudGpXyw\"]},{\"@type\":\"Person\",\"@id\":\"https:\\\/\\\/radioljubuski.ba\\\/#\\\/schema\\\/person\\\/19fc700381a780f69665d7956c469e3b\",\"name\":\"Radio Ljubu\u0161ki\"}]}<\/script>\n<!-- \/ Yoast SEO plugin. -->","yoast_head_json":{"title":"Javni poziv za dostavljanje prijedloga za investiranje, u cilju a\u017euriranja Plana kapitalnih investicija grada Ljubu\u0161kog - RADIO LJUBU\u0160KI","robots":{"index":"index","follow":"follow","max-snippet":"max-snippet:-1","max-image-preview":"max-image-preview:large","max-video-preview":"max-video-preview:-1"},"canonical":"https:\/\/radioljubuski.ba\/index.php\/2025\/12\/04\/javni-poziv-za-dostavljanje-prijedloga-za-investiranje-u-cilju-azuriranja-plana-kapitalnih-investicija-grada-ljubuskog-4\/","og_locale":"hr_HR","og_type":"article","og_title":"Javni poziv za dostavljanje prijedloga za investiranje, u cilju a\u017euriranja Plana kapitalnih investicija grada Ljubu\u0161kog - RADIO LJUBU\u0160KI","og_description":"Na temelju \u010dlanka 2. Pravilnika o na\u010delu i na\u010dinu podno\u0161enja prijedloga za investiranje Plana kapitalnih investicija grada Ljubu\u0161ki, broj 02\/1-02-3044\/21 , gradona\u010delnik grada Ljubu\u0161kog,Objavljuje JAVNI POZIVza dostavljanje prijedloga za investiranje, u cilju a\u017euriranja Plana kapitalnih investicija&nbsp;grada Ljubu\u0161kog Predmet ovoga Javnog poziva je prikupljanje prijedloga za investiranje, u cilju a\u017euriranja Plana kapitalnih investicija grada Ljubu\u0161kog, kako [&hellip;]","og_url":"https:\/\/radioljubuski.ba\/index.php\/2025\/12\/04\/javni-poziv-za-dostavljanje-prijedloga-za-investiranje-u-cilju-azuriranja-plana-kapitalnih-investicija-grada-ljubuskog-4\/","og_site_name":"RADIO LJUBU\u0160KI","article_publisher":"https:\/\/www.facebook.com\/Radiio-Ljubuski-1490835324566332","article_published_time":"2025-12-04T08:56:28+00:00","article_modified_time":"2025-12-04T17:23:06+00:00","og_image":[{"width":1080,"height":1215,"url":"https:\/\/radioljubuski.ba\/wp-content\/uploads\/2025\/12\/IMG_20251204_182218.jpg","type":"image\/jpeg"}],"author":"Radio Ljubu\u0161ki","twitter_card":"summary_large_image","twitter_creator":"@radioljubuski","twitter_site":"@radioljubuski","twitter_misc":{"Napisao\/la":"Radio Ljubu\u0161ki","Procijenjeno vrijeme \u010ditanja":"2 minute"},"schema":{"@context":"https:\/\/schema.org","@graph":[{"@type":"Article","@id":"https:\/\/radioljubuski.ba\/index.php\/2025\/12\/04\/javni-poziv-za-dostavljanje-prijedloga-za-investiranje-u-cilju-azuriranja-plana-kapitalnih-investicija-grada-ljubuskog-4\/#article","isPartOf":{"@id":"https:\/\/radioljubuski.ba\/index.php\/2025\/12\/04\/javni-poziv-za-dostavljanje-prijedloga-za-investiranje-u-cilju-azuriranja-plana-kapitalnih-investicija-grada-ljubuskog-4\/"},"author":{"name":"Radio Ljubu\u0161ki","@id":"https:\/\/radioljubuski.ba\/#\/schema\/person\/19fc700381a780f69665d7956c469e3b"},"headline":"Javni poziv za dostavljanje prijedloga za investiranje, u cilju a\u017euriranja Plana kapitalnih investicija grada Ljubu\u0161kog","datePublished":"2025-12-04T08:56:28+00:00","dateModified":"2025-12-04T17:23:06+00:00","mainEntityOfPage":{"@id":"https:\/\/radioljubuski.ba\/index.php\/2025\/12\/04\/javni-poziv-za-dostavljanje-prijedloga-za-investiranje-u-cilju-azuriranja-plana-kapitalnih-investicija-grada-ljubuskog-4\/"},"wordCount":307,"publisher":{"@id":"https:\/\/radioljubuski.ba\/#organization"},"image":{"@id":"https:\/\/radioljubuski.ba\/index.php\/2025\/12\/04\/javni-poziv-za-dostavljanje-prijedloga-za-investiranje-u-cilju-azuriranja-plana-kapitalnih-investicija-grada-ljubuskog-4\/#primaryimage"},"thumbnailUrl":"https:\/\/radioljubuski.ba\/wp-content\/uploads\/2025\/12\/IMG_20251204_182218.jpg","articleSection":["Gradska Uprava","Ljubu\u0161ki","Novosti"],"inLanguage":"hr"},{"@type":"WebPage","@id":"https:\/\/radioljubuski.ba\/index.php\/2025\/12\/04\/javni-poziv-za-dostavljanje-prijedloga-za-investiranje-u-cilju-azuriranja-plana-kapitalnih-investicija-grada-ljubuskog-4\/","url":"https:\/\/radioljubuski.ba\/index.php\/2025\/12\/04\/javni-poziv-za-dostavljanje-prijedloga-za-investiranje-u-cilju-azuriranja-plana-kapitalnih-investicija-grada-ljubuskog-4\/","name":"Javni poziv za dostavljanje prijedloga za investiranje, u cilju a\u017euriranja Plana kapitalnih investicija grada Ljubu\u0161kog - RADIO LJUBU\u0160KI","isPartOf":{"@id":"https:\/\/radioljubuski.ba\/#website"},"primaryImageOfPage":{"@id":"https:\/\/radioljubuski.ba\/index.php\/2025\/12\/04\/javni-poziv-za-dostavljanje-prijedloga-za-investiranje-u-cilju-azuriranja-plana-kapitalnih-investicija-grada-ljubuskog-4\/#primaryimage"},"image":{"@id":"https:\/\/radioljubuski.ba\/index.php\/2025\/12\/04\/javni-poziv-za-dostavljanje-prijedloga-za-investiranje-u-cilju-azuriranja-plana-kapitalnih-investicija-grada-ljubuskog-4\/#primaryimage"},"thumbnailUrl":"https:\/\/radioljubuski.ba\/wp-content\/uploads\/2025\/12\/IMG_20251204_182218.jpg","datePublished":"2025-12-04T08:56:28+00:00","dateModified":"2025-12-04T17:23:06+00:00","breadcrumb":{"@id":"https:\/\/radioljubuski.ba\/index.php\/2025\/12\/04\/javni-poziv-za-dostavljanje-prijedloga-za-investiranje-u-cilju-azuriranja-plana-kapitalnih-investicija-grada-ljubuskog-4\/#breadcrumb"},"inLanguage":"hr","potentialAction":[{"@type":"ReadAction","target":["https:\/\/radioljubuski.ba\/index.php\/2025\/12\/04\/javni-poziv-za-dostavljanje-prijedloga-za-investiranje-u-cilju-azuriranja-plana-kapitalnih-investicija-grada-ljubuskog-4\/"]}]},{"@type":"ImageObject","inLanguage":"hr","@id":"https:\/\/radioljubuski.ba\/index.php\/2025\/12\/04\/javni-poziv-za-dostavljanje-prijedloga-za-investiranje-u-cilju-azuriranja-plana-kapitalnih-investicija-grada-ljubuskog-4\/#primaryimage","url":"https:\/\/radioljubuski.ba\/wp-content\/uploads\/2025\/12\/IMG_20251204_182218.jpg","contentUrl":"https:\/\/radioljubuski.ba\/wp-content\/uploads\/2025\/12\/IMG_20251204_182218.jpg","width":1080,"height":1215},{"@type":"BreadcrumbList","@id":"https:\/\/radioljubuski.ba\/index.php\/2025\/12\/04\/javni-poziv-za-dostavljanje-prijedloga-za-investiranje-u-cilju-azuriranja-plana-kapitalnih-investicija-grada-ljubuskog-4\/#breadcrumb","itemListElement":[{"@type":"ListItem","position":1,"name":"Po\u010detna stranica","item":"https:\/\/radioljubuski.ba\/"},{"@type":"ListItem","position":2,"name":"Javni poziv za dostavljanje prijedloga za investiranje, u cilju a\u017euriranja Plana kapitalnih investicija grada Ljubu\u0161kog"}]},{"@type":"WebSite","@id":"https:\/\/radioljubuski.ba\/#website","url":"https:\/\/radioljubuski.ba\/","name":"Radio Ljubu\u0161ki","description":"Sun\u010dana frekvencija Hercegovine","publisher":{"@id":"https:\/\/radioljubuski.ba\/#organization"},"potentialAction":[{"@type":"SearchAction","target":{"@type":"EntryPoint","urlTemplate":"https:\/\/radioljubuski.ba\/?s={search_term_string}"},"query-input":{"@type":"PropertyValueSpecification","valueRequired":true,"valueName":"search_term_string"}}],"inLanguage":"hr"},{"@type":"Organization","@id":"https:\/\/radioljubuski.ba\/#organization","name":"Radio Ljubu\u0161ki","url":"https:\/\/radioljubuski.ba\/","logo":{"@type":"ImageObject","inLanguage":"hr","@id":"https:\/\/radioljubuski.ba\/#\/schema\/logo\/image\/","url":"https:\/\/radioljubuski.ba\/wp-content\/uploads\/2021\/02\/cropped-Radio_Ljubuski_logo1.jpg","contentUrl":"https:\/\/radioljubuski.ba\/wp-content\/uploads\/2021\/02\/cropped-Radio_Ljubuski_logo1.jpg","width":512,"height":512,"caption":"Radio Ljubu\u0161ki"},"image":{"@id":"https:\/\/radioljubuski.ba\/#\/schema\/logo\/image\/"},"sameAs":["https:\/\/www.facebook.com\/Radiio-Ljubuski-1490835324566332","https:\/\/x.com\/radioljubuski","https:\/\/hr.linkedin.com\/company\/radio-ljubuski","https:\/\/www.youtube.com\/channel\/UCHYaeO_n0Db3tjNGudGpXyw"]},{"@type":"Person","@id":"https:\/\/radioljubuski.ba\/#\/schema\/person\/19fc700381a780f69665d7956c469e3b","name":"Radio Ljubu\u0161ki"}]}},"_links":{"self":[{"href":"https:\/\/radioljubuski.ba\/index.php\/wp-json\/wp\/v2\/posts\/223144","targetHints":{"allow":["GET"]}}],"collection":[{"href":"https:\/\/radioljubuski.ba\/index.php\/wp-json\/wp\/v2\/posts"}],"about":[{"href":"https:\/\/radioljubuski.ba\/index.php\/wp-json\/wp\/v2\/types\/post"}],"author":[{"embeddable":true,"href":"https:\/\/radioljubuski.ba\/index.php\/wp-json\/wp\/v2\/users\/2"}],"replies":[{"embeddable":true,"href":"https:\/\/radioljubuski.ba\/index.php\/wp-json\/wp\/v2\/comments?post=223144"}],"version-history":[{"count":1,"href":"https:\/\/radioljubuski.ba\/index.php\/wp-json\/wp\/v2\/posts\/223144\/revisions"}],"predecessor-version":[{"id":223146,"href":"https:\/\/radioljubuski.ba\/index.php\/wp-json\/wp\/v2\/posts\/223144\/revisions\/223146"}],"wp:featuredmedia":[{"embeddable":true,"href":"https:\/\/radioljubuski.ba\/index.php\/wp-json\/wp\/v2\/media\/223196"}],"wp:attachment":[{"href":"https:\/\/radioljubuski.ba\/index.php\/wp-json\/wp\/v2\/media?parent=223144"}],"wp:term":[{"taxonomy":"category","embeddable":true,"href":"https:\/\/radioljubuski.ba\/index.php\/wp-json\/wp\/v2\/categories?post=223144"},{"taxonomy":"post_tag","embeddable":true,"href":"https:\/\/radioljubuski.ba\/index.php\/wp-json\/wp\/v2\/tags?post=223144"}],"curies":[{"name":"wp","href":"https:\/\/api.w.org\/{rel}","templated":true}]}}