{"id":223180,"date":"2025-12-04T13:57:26","date_gmt":"2025-12-04T12:57:26","guid":{"rendered":"https:\/\/radioljubuski.ba\/?p=223180"},"modified":"2025-12-04T13:57:27","modified_gmt":"2025-12-04T12:57:27","slug":"cvrstom-obranom-i-rutinskom-igrom-skauti-slavili-u-mostaru","status":"publish","type":"post","link":"https:\/\/radioljubuski.ba\/index.php\/2025\/12\/04\/cvrstom-obranom-i-rutinskom-igrom-skauti-slavili-u-mostaru\/","title":{"rendered":"\u010cVRSTOM OBRANOM I RUTINSKOM IGROM \u201cSKAUTI\u201d SLAVILI U MOSTARU"},"content":{"rendered":"\n<p>Zbog obveza Izvi\u0111a\u010da u europskim kup-natjecanjima, sino\u0107 je u dvorani Bijeli Brijeg odigrana odgo\u0111ena utakmica 8. kola Premijer lige BiH izme\u0111u SRK Zrinjski i RK Izvi\u0111a\u010d Agram. \u010cvrstom obranom, osobito u drugom poluvremenu, kada su doma\u0107ina sveli na samo osam golova, \u201eSkauti\u201c su slomili otpor Zrinjskog i slavili rezultatom&nbsp;<strong>26:21<\/strong>. Na poluvremenu je bilo&nbsp;<strong>14:13<\/strong>&nbsp;u njihovu korist. Ovom va\u017enom pobjedom preuzeli su vodstvo na premijerliga\u0161koj ljestvici.<\/p>\n\n\n\n<h2 class=\"wp-block-heading\">Prvo poluvrijeme: Zrinjski bolje otvara, Izvi\u0111a\u010d brzo uzvra\u0107a<\/h2>\n\n\n\n<p>Zrinjski je bolje otvorio utakmicu \u2013 ponajprije zahvaljuju\u0107i vrataru Josipu Kvesi\u0107u te forsiranim \u0161utevima Izvi\u0111a\u010da \u2013 pa je u 7. minuti imao prednost&nbsp;<strong>5:1<\/strong>. Klupa \u201eSkauta\u201c tada je bila prisiljena zvati minutu odmora kako bi dodatnim uputama konsolidirala mom\u010dad.<\/p>\n\n\n\n<p>Savjeti su urodili plodom: u sljede\u0107ih sedam minuta Izvi\u0111a\u010d uzvra\u0107a serijom&nbsp;<strong>6:1<\/strong>&nbsp;i u 14. minuti prelazi u vodstvo (6:7). Najvi\u0161e nereda u obrani Zrinjskog stvarao je raspolo\u017eeni&nbsp;<strong>Amer \u0160ahinovi\u0107<\/strong>, koji je u prvih 14 minuta postigao \u010detiri pogotka, dok je vratar&nbsp;<strong>Milo\u0161 Kne\u017eevi\u0107<\/strong>&nbsp;briljantnim obranama dodatno podizao ritam mom\u010dadi. \u0160ahinovi\u0107 je bio klju\u010dna figura u napadu jer za njega vratar Zrinjskog nije imao rje\u0161enja.<\/p>\n\n\n\n<p>Zrinjski dvama vezanim golovima ponovno dolazi do prednosti (8:7, 16. minuta), no Izvi\u0111a\u010d uzvra\u0107a i u 28. minuti odlazi na&nbsp;<strong>tri gola prednosti (10:13)<\/strong>. Nekoliko ishitrenih odluka \u201eSkauta\u201c omogu\u0107ilo je doma\u0107inu povratak u egal (13:13), ali samo nekoliko sekundi prije kraja poluvremena&nbsp;<strong>Diano \u0106e\u0161ko<\/strong>&nbsp;posti\u017ee svoj prvi pogodak za vodstvo&nbsp;<strong>14:13<\/strong>&nbsp;s kojim se oti\u0161lo na odmor.<\/p>\n\n\n\n<h2 class=\"wp-block-heading\">Drugo poluvrijeme: \u010cvrsta obrana i mirno\u0107a u zavr\u0161nici<\/h2>\n\n\n\n<p>U nastavku Zrinjski prvi dolazi do pogotka, no golovima odli\u010dnog&nbsp;<strong>Mirka Mi\u0161eti\u0107a<\/strong>&nbsp;i&nbsp;<strong>Edvina D\u017eelilovi\u0107a<\/strong>&nbsp;\u201eSkauti\u201c ponovno odlaze na dva gola prednosti u 36. minuti.<\/p>\n\n\n\n<p>Doma\u0107i su posljednji put poravnali rezultat na&nbsp;<strong>17:17<\/strong>&nbsp;u 39. minuti. Nakon toga, pa sve do kraja utakmice, Izvi\u0111a\u010d dr\u017ei kontrolu nad rezultatom. U posljednjih 20 minuta \u010dvrstom obranom svode doma\u0107ina na samo&nbsp;<strong>\u010detiri pogotka<\/strong>.<\/p>\n\n\n\n<p>Pred kraj utakmice proradio je i&nbsp;<strong>Diano \u0106e\u0161ko<\/strong>, koji je u zavr\u0161nici postigao \u010detiri gola zaredom te potvrdio pobjedu Izvi\u0111a\u010da rezultatom&nbsp;<strong>26:21<\/strong>.<\/p>\n\n\n\n<h2 class=\"wp-block-heading\">Najbolji pojedinci utakmice<\/h2>\n\n\n\n<ul class=\"wp-block-list\">\n<li><strong>Amer \u0160ahinovi\u0107<\/strong>\u00a0\u2013 8 golova<\/li>\n\n\n\n<li><strong>Mirko Mi\u0161eti\u0107<\/strong>\u00a0\u2013 6 golova<\/li>\n\n\n\n<li><strong>Diano \u0106e\u0161ko<\/strong>\u00a0\u2013 6 golova<\/li>\n\n\n\n<li><strong>Edvin D\u017eelilovi\u0107<\/strong>\u00a0\u2013 3 gola<\/li>\n<\/ul>\n\n\n\n<p>Vratar&nbsp;<strong>Milo\u0161 Kne\u017eevi\u0107<\/strong>&nbsp;upisao je 10 obrana, a&nbsp;<strong>Alihod\u017ei\u0107<\/strong>&nbsp;2, \u0161to ukupno \u010dini vrlo dobrih&nbsp;<strong>37 %<\/strong>&nbsp;uspje\u0161nosti.<\/p>\n\n\n\n<p>Kod Zrinjskog je najbolji pojedinac bio vratar&nbsp;<strong>Josip Kvesi\u0107<\/strong>&nbsp;s 12 obrana, dok su najefikasniji strijelci bili bili<strong>&nbsp;Mladen Bo\u0161kovi\u0107<\/strong>&nbsp;(4 gola) te&nbsp;<strong>Filip Rosi\u0107<\/strong>,&nbsp;<strong>Matej Ljubi\u0107<\/strong>,&nbsp;<strong>Bo\u017eidar Simi\u0107<\/strong>&nbsp;i&nbsp;<strong>Drago \u0160olji\u0107 (3 gola)<\/strong>.<\/p>\n\n\n\n<h2 class=\"wp-block-heading\">Najava sljede\u0107e utakmice<\/h2>\n\n\n\n<p>Ve\u0107 u subotu \u201eSkautima\u201c slijede nove obveze. U&nbsp;<strong>subotu, 6. 12. 2025.<\/strong>, u Gradskoj \u0161portskoj dvorani igra se utakmica&nbsp;<strong>11. kola<\/strong>, u kojoj \u0107e na\u0161i rukometa\u0161i odmjeriti snage s mom\u010dadi&nbsp;<strong>RK Gra\u010danica<\/strong>, koja je sino\u0107 minimalno pora\u017eena u \u017divinicama od RK Konjuh.<\/p>\n\n\n\n<p>Podr\u0161ka s tribina bit \u0107e iznimno va\u017ena, stoga \u2013&nbsp;<strong>svi putovi neka vode u Gradsku \u0161portsku dvoranu u Ljubu\u0161kom!<\/strong><br><strong>Po\u010detak utakmice: 17:00 sati.<\/strong><\/p>\n\n\n\n<p>RK IZVI\u0110A\u010c<\/p>\n","protected":false},"excerpt":{"rendered":"<p>Zbog obveza Izvi\u0111a\u010da u europskim kup-natjecanjima, sino\u0107 je u dvorani Bijeli Brijeg odigrana odgo\u0111ena utakmica 8. kola Premijer lige BiH izme\u0111u SRK Zrinjski i RK Izvi\u0111a\u010d Agram. \u010cvrstom obranom, osobito u drugom poluvremenu, kada su doma\u0107ina sveli na samo osam golova, \u201eSkauti\u201c su slomili otpor Zrinjskog i slavili rezultatom&nbsp;26:21. Na poluvremenu je bilo&nbsp;14:13&nbsp;u njihovu korist. [&hellip;]<\/p>\n","protected":false},"author":2,"featured_media":223181,"comment_status":"closed","ping_status":"closed","sticky":false,"template":"","format":"standard","meta":{"h5ap_radio_sources":[],"footnotes":""},"categories":[7],"tags":[],"class_list":["post-223180","post","type-post","status-publish","format-standard","has-post-thumbnail","hentry","category-sport"],"yoast_head":"<!-- This site is optimized with the Yoast SEO plugin v27.5 - https:\/\/yoast.com\/product\/yoast-seo-wordpress\/ -->\n<title>\u010cVRSTOM OBRANOM I RUTINSKOM IGROM \u201cSKAUTI\u201d SLAVILI U MOSTARU - RADIO LJUBU\u0160KI<\/title>\n<meta name=\"robots\" content=\"index, follow, max-snippet:-1, max-image-preview:large, max-video-preview:-1\" \/>\n<link rel=\"canonical\" href=\"https:\/\/radioljubuski.ba\/index.php\/2025\/12\/04\/cvrstom-obranom-i-rutinskom-igrom-skauti-slavili-u-mostaru\/\" \/>\n<meta property=\"og:locale\" content=\"hr_HR\" \/>\n<meta property=\"og:type\" content=\"article\" \/>\n<meta property=\"og:title\" content=\"\u010cVRSTOM OBRANOM I RUTINSKOM IGROM \u201cSKAUTI\u201d SLAVILI U MOSTARU - RADIO LJUBU\u0160KI\" \/>\n<meta property=\"og:description\" content=\"Zbog obveza Izvi\u0111a\u010da u europskim kup-natjecanjima, sino\u0107 je u dvorani Bijeli Brijeg odigrana odgo\u0111ena utakmica 8. kola Premijer lige BiH izme\u0111u SRK Zrinjski i RK Izvi\u0111a\u010d Agram. \u010cvrstom obranom, osobito u drugom poluvremenu, kada su doma\u0107ina sveli na samo osam golova, \u201eSkauti\u201c su slomili otpor Zrinjskog i slavili rezultatom&nbsp;26:21. Na poluvremenu je bilo&nbsp;14:13&nbsp;u njihovu korist. [&hellip;]\" \/>\n<meta property=\"og:url\" content=\"https:\/\/radioljubuski.ba\/index.php\/2025\/12\/04\/cvrstom-obranom-i-rutinskom-igrom-skauti-slavili-u-mostaru\/\" \/>\n<meta property=\"og:site_name\" content=\"RADIO LJUBU\u0160KI\" \/>\n<meta property=\"article:publisher\" content=\"https:\/\/www.facebook.com\/Radiio-Ljubuski-1490835324566332\" \/>\n<meta property=\"article:published_time\" content=\"2025-12-04T12:57:26+00:00\" \/>\n<meta property=\"article:modified_time\" content=\"2025-12-04T12:57:27+00:00\" \/>\n<meta property=\"og:image\" content=\"https:\/\/radioljubuski.ba\/wp-content\/uploads\/2025\/12\/Amer-sahinovic-1024x682-1.jpg\" \/>\n\t<meta property=\"og:image:width\" content=\"1024\" \/>\n\t<meta property=\"og:image:height\" content=\"682\" \/>\n\t<meta property=\"og:image:type\" content=\"image\/jpeg\" \/>\n<meta name=\"author\" content=\"Radio Ljubu\u0161ki\" \/>\n<meta name=\"twitter:card\" content=\"summary_large_image\" \/>\n<meta name=\"twitter:creator\" content=\"@radioljubuski\" \/>\n<meta name=\"twitter:site\" content=\"@radioljubuski\" \/>\n<meta name=\"twitter:label1\" content=\"Napisao\/la\" \/>\n\t<meta name=\"twitter:data1\" content=\"Radio Ljubu\u0161ki\" \/>\n\t<meta name=\"twitter:label2\" content=\"Procijenjeno vrijeme \u010ditanja\" \/>\n\t<meta name=\"twitter:data2\" content=\"3 minute\" \/>\n<script type=\"application\/ld+json\" class=\"yoast-schema-graph\">{\"@context\":\"https:\\\/\\\/schema.org\",\"@graph\":[{\"@type\":\"Article\",\"@id\":\"https:\\\/\\\/radioljubuski.ba\\\/index.php\\\/2025\\\/12\\\/04\\\/cvrstom-obranom-i-rutinskom-igrom-skauti-slavili-u-mostaru\\\/#article\",\"isPartOf\":{\"@id\":\"https:\\\/\\\/radioljubuski.ba\\\/index.php\\\/2025\\\/12\\\/04\\\/cvrstom-obranom-i-rutinskom-igrom-skauti-slavili-u-mostaru\\\/\"},\"author\":{\"name\":\"Radio Ljubu\u0161ki\",\"@id\":\"https:\\\/\\\/radioljubuski.ba\\\/#\\\/schema\\\/person\\\/19fc700381a780f69665d7956c469e3b\"},\"headline\":\"\u010cVRSTOM OBRANOM I RUTINSKOM IGROM \u201cSKAUTI\u201d SLAVILI U MOSTARU\",\"datePublished\":\"2025-12-04T12:57:26+00:00\",\"dateModified\":\"2025-12-04T12:57:27+00:00\",\"mainEntityOfPage\":{\"@id\":\"https:\\\/\\\/radioljubuski.ba\\\/index.php\\\/2025\\\/12\\\/04\\\/cvrstom-obranom-i-rutinskom-igrom-skauti-slavili-u-mostaru\\\/\"},\"wordCount\":544,\"publisher\":{\"@id\":\"https:\\\/\\\/radioljubuski.ba\\\/#organization\"},\"image\":{\"@id\":\"https:\\\/\\\/radioljubuski.ba\\\/index.php\\\/2025\\\/12\\\/04\\\/cvrstom-obranom-i-rutinskom-igrom-skauti-slavili-u-mostaru\\\/#primaryimage\"},\"thumbnailUrl\":\"https:\\\/\\\/radioljubuski.ba\\\/wp-content\\\/uploads\\\/2025\\\/12\\\/Amer-sahinovic-1024x682-1.jpg\",\"articleSection\":[\"\u0160port\"],\"inLanguage\":\"hr\"},{\"@type\":\"WebPage\",\"@id\":\"https:\\\/\\\/radioljubuski.ba\\\/index.php\\\/2025\\\/12\\\/04\\\/cvrstom-obranom-i-rutinskom-igrom-skauti-slavili-u-mostaru\\\/\",\"url\":\"https:\\\/\\\/radioljubuski.ba\\\/index.php\\\/2025\\\/12\\\/04\\\/cvrstom-obranom-i-rutinskom-igrom-skauti-slavili-u-mostaru\\\/\",\"name\":\"\u010cVRSTOM OBRANOM I RUTINSKOM IGROM \u201cSKAUTI\u201d SLAVILI U MOSTARU - RADIO LJUBU\u0160KI\",\"isPartOf\":{\"@id\":\"https:\\\/\\\/radioljubuski.ba\\\/#website\"},\"primaryImageOfPage\":{\"@id\":\"https:\\\/\\\/radioljubuski.ba\\\/index.php\\\/2025\\\/12\\\/04\\\/cvrstom-obranom-i-rutinskom-igrom-skauti-slavili-u-mostaru\\\/#primaryimage\"},\"image\":{\"@id\":\"https:\\\/\\\/radioljubuski.ba\\\/index.php\\\/2025\\\/12\\\/04\\\/cvrstom-obranom-i-rutinskom-igrom-skauti-slavili-u-mostaru\\\/#primaryimage\"},\"thumbnailUrl\":\"https:\\\/\\\/radioljubuski.ba\\\/wp-content\\\/uploads\\\/2025\\\/12\\\/Amer-sahinovic-1024x682-1.jpg\",\"datePublished\":\"2025-12-04T12:57:26+00:00\",\"dateModified\":\"2025-12-04T12:57:27+00:00\",\"breadcrumb\":{\"@id\":\"https:\\\/\\\/radioljubuski.ba\\\/index.php\\\/2025\\\/12\\\/04\\\/cvrstom-obranom-i-rutinskom-igrom-skauti-slavili-u-mostaru\\\/#breadcrumb\"},\"inLanguage\":\"hr\",\"potentialAction\":[{\"@type\":\"ReadAction\",\"target\":[\"https:\\\/\\\/radioljubuski.ba\\\/index.php\\\/2025\\\/12\\\/04\\\/cvrstom-obranom-i-rutinskom-igrom-skauti-slavili-u-mostaru\\\/\"]}]},{\"@type\":\"ImageObject\",\"inLanguage\":\"hr\",\"@id\":\"https:\\\/\\\/radioljubuski.ba\\\/index.php\\\/2025\\\/12\\\/04\\\/cvrstom-obranom-i-rutinskom-igrom-skauti-slavili-u-mostaru\\\/#primaryimage\",\"url\":\"https:\\\/\\\/radioljubuski.ba\\\/wp-content\\\/uploads\\\/2025\\\/12\\\/Amer-sahinovic-1024x682-1.jpg\",\"contentUrl\":\"https:\\\/\\\/radioljubuski.ba\\\/wp-content\\\/uploads\\\/2025\\\/12\\\/Amer-sahinovic-1024x682-1.jpg\",\"width\":1024,\"height\":682},{\"@type\":\"BreadcrumbList\",\"@id\":\"https:\\\/\\\/radioljubuski.ba\\\/index.php\\\/2025\\\/12\\\/04\\\/cvrstom-obranom-i-rutinskom-igrom-skauti-slavili-u-mostaru\\\/#breadcrumb\",\"itemListElement\":[{\"@type\":\"ListItem\",\"position\":1,\"name\":\"Po\u010detna stranica\",\"item\":\"https:\\\/\\\/radioljubuski.ba\\\/\"},{\"@type\":\"ListItem\",\"position\":2,\"name\":\"\u010cVRSTOM OBRANOM I RUTINSKOM IGROM \u201cSKAUTI\u201d SLAVILI U MOSTARU\"}]},{\"@type\":\"WebSite\",\"@id\":\"https:\\\/\\\/radioljubuski.ba\\\/#website\",\"url\":\"https:\\\/\\\/radioljubuski.ba\\\/\",\"name\":\"Radio Ljubu\u0161ki\",\"description\":\"Sun\u010dana frekvencija Hercegovine\",\"publisher\":{\"@id\":\"https:\\\/\\\/radioljubuski.ba\\\/#organization\"},\"potentialAction\":[{\"@type\":\"SearchAction\",\"target\":{\"@type\":\"EntryPoint\",\"urlTemplate\":\"https:\\\/\\\/radioljubuski.ba\\\/?s={search_term_string}\"},\"query-input\":{\"@type\":\"PropertyValueSpecification\",\"valueRequired\":true,\"valueName\":\"search_term_string\"}}],\"inLanguage\":\"hr\"},{\"@type\":\"Organization\",\"@id\":\"https:\\\/\\\/radioljubuski.ba\\\/#organization\",\"name\":\"Radio Ljubu\u0161ki\",\"url\":\"https:\\\/\\\/radioljubuski.ba\\\/\",\"logo\":{\"@type\":\"ImageObject\",\"inLanguage\":\"hr\",\"@id\":\"https:\\\/\\\/radioljubuski.ba\\\/#\\\/schema\\\/logo\\\/image\\\/\",\"url\":\"https:\\\/\\\/radioljubuski.ba\\\/wp-content\\\/uploads\\\/2021\\\/02\\\/cropped-Radio_Ljubuski_logo1.jpg\",\"contentUrl\":\"https:\\\/\\\/radioljubuski.ba\\\/wp-content\\\/uploads\\\/2021\\\/02\\\/cropped-Radio_Ljubuski_logo1.jpg\",\"width\":512,\"height\":512,\"caption\":\"Radio Ljubu\u0161ki\"},\"image\":{\"@id\":\"https:\\\/\\\/radioljubuski.ba\\\/#\\\/schema\\\/logo\\\/image\\\/\"},\"sameAs\":[\"https:\\\/\\\/www.facebook.com\\\/Radiio-Ljubuski-1490835324566332\",\"https:\\\/\\\/x.com\\\/radioljubuski\",\"https:\\\/\\\/hr.linkedin.com\\\/company\\\/radio-ljubuski\",\"https:\\\/\\\/www.youtube.com\\\/channel\\\/UCHYaeO_n0Db3tjNGudGpXyw\"]},{\"@type\":\"Person\",\"@id\":\"https:\\\/\\\/radioljubuski.ba\\\/#\\\/schema\\\/person\\\/19fc700381a780f69665d7956c469e3b\",\"name\":\"Radio Ljubu\u0161ki\"}]}<\/script>\n<!-- \/ Yoast SEO plugin. -->","yoast_head_json":{"title":"\u010cVRSTOM OBRANOM I RUTINSKOM IGROM \u201cSKAUTI\u201d SLAVILI U MOSTARU - RADIO LJUBU\u0160KI","robots":{"index":"index","follow":"follow","max-snippet":"max-snippet:-1","max-image-preview":"max-image-preview:large","max-video-preview":"max-video-preview:-1"},"canonical":"https:\/\/radioljubuski.ba\/index.php\/2025\/12\/04\/cvrstom-obranom-i-rutinskom-igrom-skauti-slavili-u-mostaru\/","og_locale":"hr_HR","og_type":"article","og_title":"\u010cVRSTOM OBRANOM I RUTINSKOM IGROM \u201cSKAUTI\u201d SLAVILI U MOSTARU - RADIO LJUBU\u0160KI","og_description":"Zbog obveza Izvi\u0111a\u010da u europskim kup-natjecanjima, sino\u0107 je u dvorani Bijeli Brijeg odigrana odgo\u0111ena utakmica 8. kola Premijer lige BiH izme\u0111u SRK Zrinjski i RK Izvi\u0111a\u010d Agram. \u010cvrstom obranom, osobito u drugom poluvremenu, kada su doma\u0107ina sveli na samo osam golova, \u201eSkauti\u201c su slomili otpor Zrinjskog i slavili rezultatom&nbsp;26:21. Na poluvremenu je bilo&nbsp;14:13&nbsp;u njihovu korist. [&hellip;]","og_url":"https:\/\/radioljubuski.ba\/index.php\/2025\/12\/04\/cvrstom-obranom-i-rutinskom-igrom-skauti-slavili-u-mostaru\/","og_site_name":"RADIO LJUBU\u0160KI","article_publisher":"https:\/\/www.facebook.com\/Radiio-Ljubuski-1490835324566332","article_published_time":"2025-12-04T12:57:26+00:00","article_modified_time":"2025-12-04T12:57:27+00:00","og_image":[{"width":1024,"height":682,"url":"https:\/\/radioljubuski.ba\/wp-content\/uploads\/2025\/12\/Amer-sahinovic-1024x682-1.jpg","type":"image\/jpeg"}],"author":"Radio Ljubu\u0161ki","twitter_card":"summary_large_image","twitter_creator":"@radioljubuski","twitter_site":"@radioljubuski","twitter_misc":{"Napisao\/la":"Radio Ljubu\u0161ki","Procijenjeno vrijeme \u010ditanja":"3 minute"},"schema":{"@context":"https:\/\/schema.org","@graph":[{"@type":"Article","@id":"https:\/\/radioljubuski.ba\/index.php\/2025\/12\/04\/cvrstom-obranom-i-rutinskom-igrom-skauti-slavili-u-mostaru\/#article","isPartOf":{"@id":"https:\/\/radioljubuski.ba\/index.php\/2025\/12\/04\/cvrstom-obranom-i-rutinskom-igrom-skauti-slavili-u-mostaru\/"},"author":{"name":"Radio Ljubu\u0161ki","@id":"https:\/\/radioljubuski.ba\/#\/schema\/person\/19fc700381a780f69665d7956c469e3b"},"headline":"\u010cVRSTOM OBRANOM I RUTINSKOM IGROM \u201cSKAUTI\u201d SLAVILI U MOSTARU","datePublished":"2025-12-04T12:57:26+00:00","dateModified":"2025-12-04T12:57:27+00:00","mainEntityOfPage":{"@id":"https:\/\/radioljubuski.ba\/index.php\/2025\/12\/04\/cvrstom-obranom-i-rutinskom-igrom-skauti-slavili-u-mostaru\/"},"wordCount":544,"publisher":{"@id":"https:\/\/radioljubuski.ba\/#organization"},"image":{"@id":"https:\/\/radioljubuski.ba\/index.php\/2025\/12\/04\/cvrstom-obranom-i-rutinskom-igrom-skauti-slavili-u-mostaru\/#primaryimage"},"thumbnailUrl":"https:\/\/radioljubuski.ba\/wp-content\/uploads\/2025\/12\/Amer-sahinovic-1024x682-1.jpg","articleSection":["\u0160port"],"inLanguage":"hr"},{"@type":"WebPage","@id":"https:\/\/radioljubuski.ba\/index.php\/2025\/12\/04\/cvrstom-obranom-i-rutinskom-igrom-skauti-slavili-u-mostaru\/","url":"https:\/\/radioljubuski.ba\/index.php\/2025\/12\/04\/cvrstom-obranom-i-rutinskom-igrom-skauti-slavili-u-mostaru\/","name":"\u010cVRSTOM OBRANOM I RUTINSKOM IGROM \u201cSKAUTI\u201d SLAVILI U MOSTARU - RADIO LJUBU\u0160KI","isPartOf":{"@id":"https:\/\/radioljubuski.ba\/#website"},"primaryImageOfPage":{"@id":"https:\/\/radioljubuski.ba\/index.php\/2025\/12\/04\/cvrstom-obranom-i-rutinskom-igrom-skauti-slavili-u-mostaru\/#primaryimage"},"image":{"@id":"https:\/\/radioljubuski.ba\/index.php\/2025\/12\/04\/cvrstom-obranom-i-rutinskom-igrom-skauti-slavili-u-mostaru\/#primaryimage"},"thumbnailUrl":"https:\/\/radioljubuski.ba\/wp-content\/uploads\/2025\/12\/Amer-sahinovic-1024x682-1.jpg","datePublished":"2025-12-04T12:57:26+00:00","dateModified":"2025-12-04T12:57:27+00:00","breadcrumb":{"@id":"https:\/\/radioljubuski.ba\/index.php\/2025\/12\/04\/cvrstom-obranom-i-rutinskom-igrom-skauti-slavili-u-mostaru\/#breadcrumb"},"inLanguage":"hr","potentialAction":[{"@type":"ReadAction","target":["https:\/\/radioljubuski.ba\/index.php\/2025\/12\/04\/cvrstom-obranom-i-rutinskom-igrom-skauti-slavili-u-mostaru\/"]}]},{"@type":"ImageObject","inLanguage":"hr","@id":"https:\/\/radioljubuski.ba\/index.php\/2025\/12\/04\/cvrstom-obranom-i-rutinskom-igrom-skauti-slavili-u-mostaru\/#primaryimage","url":"https:\/\/radioljubuski.ba\/wp-content\/uploads\/2025\/12\/Amer-sahinovic-1024x682-1.jpg","contentUrl":"https:\/\/radioljubuski.ba\/wp-content\/uploads\/2025\/12\/Amer-sahinovic-1024x682-1.jpg","width":1024,"height":682},{"@type":"BreadcrumbList","@id":"https:\/\/radioljubuski.ba\/index.php\/2025\/12\/04\/cvrstom-obranom-i-rutinskom-igrom-skauti-slavili-u-mostaru\/#breadcrumb","itemListElement":[{"@type":"ListItem","position":1,"name":"Po\u010detna stranica","item":"https:\/\/radioljubuski.ba\/"},{"@type":"ListItem","position":2,"name":"\u010cVRSTOM OBRANOM I RUTINSKOM IGROM \u201cSKAUTI\u201d SLAVILI U MOSTARU"}]},{"@type":"WebSite","@id":"https:\/\/radioljubuski.ba\/#website","url":"https:\/\/radioljubuski.ba\/","name":"Radio Ljubu\u0161ki","description":"Sun\u010dana frekvencija Hercegovine","publisher":{"@id":"https:\/\/radioljubuski.ba\/#organization"},"potentialAction":[{"@type":"SearchAction","target":{"@type":"EntryPoint","urlTemplate":"https:\/\/radioljubuski.ba\/?s={search_term_string}"},"query-input":{"@type":"PropertyValueSpecification","valueRequired":true,"valueName":"search_term_string"}}],"inLanguage":"hr"},{"@type":"Organization","@id":"https:\/\/radioljubuski.ba\/#organization","name":"Radio Ljubu\u0161ki","url":"https:\/\/radioljubuski.ba\/","logo":{"@type":"ImageObject","inLanguage":"hr","@id":"https:\/\/radioljubuski.ba\/#\/schema\/logo\/image\/","url":"https:\/\/radioljubuski.ba\/wp-content\/uploads\/2021\/02\/cropped-Radio_Ljubuski_logo1.jpg","contentUrl":"https:\/\/radioljubuski.ba\/wp-content\/uploads\/2021\/02\/cropped-Radio_Ljubuski_logo1.jpg","width":512,"height":512,"caption":"Radio Ljubu\u0161ki"},"image":{"@id":"https:\/\/radioljubuski.ba\/#\/schema\/logo\/image\/"},"sameAs":["https:\/\/www.facebook.com\/Radiio-Ljubuski-1490835324566332","https:\/\/x.com\/radioljubuski","https:\/\/hr.linkedin.com\/company\/radio-ljubuski","https:\/\/www.youtube.com\/channel\/UCHYaeO_n0Db3tjNGudGpXyw"]},{"@type":"Person","@id":"https:\/\/radioljubuski.ba\/#\/schema\/person\/19fc700381a780f69665d7956c469e3b","name":"Radio Ljubu\u0161ki"}]}},"_links":{"self":[{"href":"https:\/\/radioljubuski.ba\/index.php\/wp-json\/wp\/v2\/posts\/223180","targetHints":{"allow":["GET"]}}],"collection":[{"href":"https:\/\/radioljubuski.ba\/index.php\/wp-json\/wp\/v2\/posts"}],"about":[{"href":"https:\/\/radioljubuski.ba\/index.php\/wp-json\/wp\/v2\/types\/post"}],"author":[{"embeddable":true,"href":"https:\/\/radioljubuski.ba\/index.php\/wp-json\/wp\/v2\/users\/2"}],"replies":[{"embeddable":true,"href":"https:\/\/radioljubuski.ba\/index.php\/wp-json\/wp\/v2\/comments?post=223180"}],"version-history":[{"count":1,"href":"https:\/\/radioljubuski.ba\/index.php\/wp-json\/wp\/v2\/posts\/223180\/revisions"}],"predecessor-version":[{"id":223182,"href":"https:\/\/radioljubuski.ba\/index.php\/wp-json\/wp\/v2\/posts\/223180\/revisions\/223182"}],"wp:featuredmedia":[{"embeddable":true,"href":"https:\/\/radioljubuski.ba\/index.php\/wp-json\/wp\/v2\/media\/223181"}],"wp:attachment":[{"href":"https:\/\/radioljubuski.ba\/index.php\/wp-json\/wp\/v2\/media?parent=223180"}],"wp:term":[{"taxonomy":"category","embeddable":true,"href":"https:\/\/radioljubuski.ba\/index.php\/wp-json\/wp\/v2\/categories?post=223180"},{"taxonomy":"post_tag","embeddable":true,"href":"https:\/\/radioljubuski.ba\/index.php\/wp-json\/wp\/v2\/tags?post=223180"}],"curies":[{"name":"wp","href":"https:\/\/api.w.org\/{rel}","templated":true}]}}