{"id":223221,"date":"2025-12-05T10:45:06","date_gmt":"2025-12-05T09:45:06","guid":{"rendered":"https:\/\/radioljubuski.ba\/?p=223221"},"modified":"2025-12-05T10:54:52","modified_gmt":"2025-12-05T09:54:52","slug":"proglaseno-najljepse-pismo-svetom-nikoli-ucenica-brigita-zelic-osvojila-nagradu-u-knjiznici-ljubuski","status":"publish","type":"post","link":"https:\/\/radioljubuski.ba\/index.php\/2025\/12\/05\/proglaseno-najljepse-pismo-svetom-nikoli-ucenica-brigita-zelic-osvojila-nagradu-u-knjiznici-ljubuski\/","title":{"rendered":"Progla\u0161eno najljep\u0161e pismo Svetom Nikoli \u2013 u\u010denica Brigita Zeli\u0107 osvojila nagradu u Knji\u017enici Ljubu\u0161ki"},"content":{"rendered":"\n<p>U okviru manifestacije \u201eAdvent u Ljubu\u0161kom\u201c danas je u Knji\u017enici Ljubu\u0161ki odr\u017eana tradicionalna sve\u010danost progla\u0161enja najljep\u0161eg pisma upu\u0107enog svetom Nikoli. Rije\u010d je o natje\u010daju koji okuplja u\u010denike osnovnih \u0161kola s podru\u010dja grada Ljubu\u0161kog, poti\u010du\u0107i ih na kreativnost, ma\u0161tu i lijepu pisanu rije\u010d.<\/p>\n\n\n\n<p>Na javni poziv pristigao je velik broj pisama, a stru\u010dno povjerenstvo \u2013 sastavljeno od knji\u017eni\u010darki JU \u201eKulturno-\u0161portski centar\u201c Ljubu\u0161ki \u2013 imalo je zahtjevan zadatak izabrati ono najuspje\u0161nije. Ipak, nakon pomnog razmatranja odlu\u010deno je da nagrada ove godine pripadne Brigiti Zeli\u0107, u\u010denici 3. razreda Osnovne \u0161kole Ivane Brli\u0107-Ma\u017eurani\u0107 Gra\u010dine \u2013 Humac.<\/p>\n\n\n\n<figure class=\"wp-block-gallery has-nested-images columns-default is-cropped wp-block-gallery-1 is-layout-flex wp-block-gallery-is-layout-flex\">\n<figure class=\"wp-block-image size-large\"><img loading=\"lazy\" decoding=\"async\" width=\"1024\" height=\"683\" data-id=\"223224\" src=\"https:\/\/radioljubuski.ba\/wp-content\/uploads\/2025\/12\/IMG_4516-1024x683.jpg\" alt=\"\" class=\"wp-image-223224\" srcset=\"https:\/\/radioljubuski.ba\/wp-content\/uploads\/2025\/12\/IMG_4516-1024x683.jpg 1024w, https:\/\/radioljubuski.ba\/wp-content\/uploads\/2025\/12\/IMG_4516-300x200.jpg 300w, https:\/\/radioljubuski.ba\/wp-content\/uploads\/2025\/12\/IMG_4516-768x512.jpg 768w, https:\/\/radioljubuski.ba\/wp-content\/uploads\/2025\/12\/IMG_4516-1536x1024.jpg 1536w, https:\/\/radioljubuski.ba\/wp-content\/uploads\/2025\/12\/IMG_4516-2048x1365.jpg 2048w, https:\/\/radioljubuski.ba\/wp-content\/uploads\/2025\/12\/IMG_4516-18x12.jpg 18w\" sizes=\"auto, (max-width: 1024px) 100vw, 1024px\" \/><\/figure>\n\n\n\n<figure class=\"wp-block-image size-large\"><img loading=\"lazy\" decoding=\"async\" width=\"1024\" height=\"683\" data-id=\"223225\" src=\"https:\/\/radioljubuski.ba\/wp-content\/uploads\/2025\/12\/IMG_4517-1024x683.jpg\" alt=\"\" class=\"wp-image-223225\" srcset=\"https:\/\/radioljubuski.ba\/wp-content\/uploads\/2025\/12\/IMG_4517-1024x683.jpg 1024w, https:\/\/radioljubuski.ba\/wp-content\/uploads\/2025\/12\/IMG_4517-300x200.jpg 300w, https:\/\/radioljubuski.ba\/wp-content\/uploads\/2025\/12\/IMG_4517-768x512.jpg 768w, https:\/\/radioljubuski.ba\/wp-content\/uploads\/2025\/12\/IMG_4517-1536x1024.jpg 1536w, https:\/\/radioljubuski.ba\/wp-content\/uploads\/2025\/12\/IMG_4517-2048x1365.jpg 2048w, https:\/\/radioljubuski.ba\/wp-content\/uploads\/2025\/12\/IMG_4517-18x12.jpg 18w\" sizes=\"auto, (max-width: 1024px) 100vw, 1024px\" \/><\/figure>\n<\/figure>\n\n\n\n<p><\/p>\n\n\n\n<p>Nagradu \u2013 ispunjenje upravo onoga \u0161to je tra\u017eila \u2013 uru\u010dio je ravnatelj JU \u201eKulturno-\u0161portski centar\u201c Ljubu\u0161ki Boro Grgi\u0107, \u010destitaju\u0107i pobjednici.<\/p>\n\n\n\n<p>\u2013 <em>\u201eOvo je tradicionalni natje\u010daj kojeg raspisujemo svake godine, a odnosi se na u\u010denike osnovnih \u0161kola na podru\u010dju grada Ljubu\u0161kog. Pristigla su nam brojna pisma i zaista nije bilo lako odabrati pobjedni\u010dko. Sva su pisma bila lijepa i posebna na svoj na\u010din, no jedno je ipak moralo biti izdvojeno. \u010cestitam Brigiti na pobjedi, ali i svim u\u010denicima koji su sudjelovali. Pozivam ih da nam se pridru\u017ee i idu\u0107e godine \u2013 mo\u017eda ba\u0161 njihovo pismo bude nagra\u0111eno\u201c,<\/em> poru\u010dio je voditelj knji\u017enice Ivica Vizentaner.<\/p>\n\n\n\n<p>Organizatori zahvaljuju svim \u0161kolama i u\u010denicima na sudjelovanju te najavljuju nastavak tradicije i idu\u0107e godine.<\/p>\n\n\n\n<p><\/p>\n\n\n\n<figure class=\"wp-block-gallery has-nested-images columns-default is-cropped wp-block-gallery-2 is-layout-flex wp-block-gallery-is-layout-flex\">\n<figure class=\"wp-block-image size-large\"><img loading=\"lazy\" decoding=\"async\" width=\"1024\" height=\"683\" data-id=\"223226\" src=\"https:\/\/radioljubuski.ba\/wp-content\/uploads\/2025\/12\/IMG_4507-1024x683.jpg\" alt=\"\" class=\"wp-image-223226\" srcset=\"https:\/\/radioljubuski.ba\/wp-content\/uploads\/2025\/12\/IMG_4507-1024x683.jpg 1024w, https:\/\/radioljubuski.ba\/wp-content\/uploads\/2025\/12\/IMG_4507-300x200.jpg 300w, https:\/\/radioljubuski.ba\/wp-content\/uploads\/2025\/12\/IMG_4507-768x512.jpg 768w, https:\/\/radioljubuski.ba\/wp-content\/uploads\/2025\/12\/IMG_4507-1536x1024.jpg 1536w, https:\/\/radioljubuski.ba\/wp-content\/uploads\/2025\/12\/IMG_4507-2048x1365.jpg 2048w, https:\/\/radioljubuski.ba\/wp-content\/uploads\/2025\/12\/IMG_4507-18x12.jpg 18w\" sizes=\"auto, (max-width: 1024px) 100vw, 1024px\" \/><\/figure>\n\n\n\n<figure class=\"wp-block-image size-large\"><img loading=\"lazy\" decoding=\"async\" width=\"1024\" height=\"683\" data-id=\"223223\" src=\"https:\/\/radioljubuski.ba\/wp-content\/uploads\/2025\/12\/IMG_4520-1024x683.jpg\" alt=\"\" class=\"wp-image-223223\" srcset=\"https:\/\/radioljubuski.ba\/wp-content\/uploads\/2025\/12\/IMG_4520-1024x683.jpg 1024w, https:\/\/radioljubuski.ba\/wp-content\/uploads\/2025\/12\/IMG_4520-300x200.jpg 300w, https:\/\/radioljubuski.ba\/wp-content\/uploads\/2025\/12\/IMG_4520-768x512.jpg 768w, https:\/\/radioljubuski.ba\/wp-content\/uploads\/2025\/12\/IMG_4520-1536x1024.jpg 1536w, https:\/\/radioljubuski.ba\/wp-content\/uploads\/2025\/12\/IMG_4520-2048x1365.jpg 2048w, https:\/\/radioljubuski.ba\/wp-content\/uploads\/2025\/12\/IMG_4520-18x12.jpg 18w\" sizes=\"auto, (max-width: 1024px) 100vw, 1024px\" \/><\/figure>\n<\/figure>\n\n\n\n<p><\/p>\n\n\n\n<p>U prilogu pro\u010ditajte ovogodi\u0161nje najljep\u0161e pismo upu\u0107eno sv. Nikoli.<\/p>\n\n\n\n<p><strong>\u201ePismo svetom Nikoli\u201c<\/strong><\/p>\n\n\n\n<p><strong>Dragi sveti Nikola, kako si?<\/strong><\/p>\n\n\n\n<p><strong>Iskreno se nadam da si dobro.<\/strong><\/p>\n\n\n\n<p><strong>Jedva \u010dekam tvoj dolazak.<\/strong><\/p>\n\n\n\n<p><strong>Radujem se \u0161to \u0107u te opet vidjeti.<\/strong><\/p>\n\n\n\n<p><strong>Da ti iskreno ka\u017eem \u2013 bila sam dobra.<\/strong><\/p>\n\n\n\n<p><strong>Ove godine bih na poklon voljela dobiti stikere i slatki\u0161e.<\/strong><\/p>\n\n\n\n<p><strong>Nadam se da \u0107u dobiti svoj poklon.<\/strong><\/p>\n\n\n\n<p><strong>I za kraj \u2013 \u017eelim ti sretan Bo\u017ei\u0107.<\/strong><\/p>\n\n\n\n<p><em>Autorica: Brigita Zeli\u0107, u\u010denica O\u0160 IBM Gra\u010dine-Humac<\/em><\/p>\n\n\n\n<p>Radio Ljubu\u0161ki<\/p>\n","protected":false},"excerpt":{"rendered":"<p>U okviru manifestacije \u201eAdvent u Ljubu\u0161kom\u201c danas je u Knji\u017enici Ljubu\u0161ki odr\u017eana tradicionalna sve\u010danost progla\u0161enja najljep\u0161eg pisma upu\u0107enog svetom Nikoli. Rije\u010d je o natje\u010daju koji okuplja u\u010denike osnovnih \u0161kola s podru\u010dja grada Ljubu\u0161kog, poti\u010du\u0107i ih na kreativnost, ma\u0161tu i lijepu pisanu rije\u010d. Na javni poziv pristigao je velik broj pisama, a stru\u010dno povjerenstvo \u2013 sastavljeno [&hellip;]<\/p>\n","protected":false},"author":2,"featured_media":223227,"comment_status":"closed","ping_status":"closed","sticky":false,"template":"","format":"standard","meta":{"h5ap_radio_sources":[],"footnotes":""},"categories":[3],"tags":[],"class_list":["post-223221","post","type-post","status-publish","format-standard","has-post-thumbnail","hentry","category-ljubuski"],"yoast_head":"<!-- This site is optimized with the Yoast SEO plugin v27.5 - https:\/\/yoast.com\/product\/yoast-seo-wordpress\/ -->\n<title>Progla\u0161eno najljep\u0161e pismo Svetom Nikoli \u2013 u\u010denica Brigita Zeli\u0107 osvojila nagradu u Knji\u017enici Ljubu\u0161ki - RADIO LJUBU\u0160KI<\/title>\n<meta name=\"robots\" content=\"index, follow, max-snippet:-1, max-image-preview:large, max-video-preview:-1\" \/>\n<link rel=\"canonical\" href=\"https:\/\/radioljubuski.ba\/index.php\/2025\/12\/05\/proglaseno-najljepse-pismo-svetom-nikoli-ucenica-brigita-zelic-osvojila-nagradu-u-knjiznici-ljubuski\/\" \/>\n<meta property=\"og:locale\" content=\"hr_HR\" \/>\n<meta property=\"og:type\" content=\"article\" \/>\n<meta property=\"og:title\" content=\"Progla\u0161eno najljep\u0161e pismo Svetom Nikoli \u2013 u\u010denica Brigita Zeli\u0107 osvojila nagradu u Knji\u017enici Ljubu\u0161ki - RADIO LJUBU\u0160KI\" \/>\n<meta property=\"og:description\" content=\"U okviru manifestacije \u201eAdvent u Ljubu\u0161kom\u201c danas je u Knji\u017enici Ljubu\u0161ki odr\u017eana tradicionalna sve\u010danost progla\u0161enja najljep\u0161eg pisma upu\u0107enog svetom Nikoli. Rije\u010d je o natje\u010daju koji okuplja u\u010denike osnovnih \u0161kola s podru\u010dja grada Ljubu\u0161kog, poti\u010du\u0107i ih na kreativnost, ma\u0161tu i lijepu pisanu rije\u010d. Na javni poziv pristigao je velik broj pisama, a stru\u010dno povjerenstvo \u2013 sastavljeno [&hellip;]\" \/>\n<meta property=\"og:url\" content=\"https:\/\/radioljubuski.ba\/index.php\/2025\/12\/05\/proglaseno-najljepse-pismo-svetom-nikoli-ucenica-brigita-zelic-osvojila-nagradu-u-knjiznici-ljubuski\/\" \/>\n<meta property=\"og:site_name\" content=\"RADIO LJUBU\u0160KI\" \/>\n<meta property=\"article:publisher\" content=\"https:\/\/www.facebook.com\/Radiio-Ljubuski-1490835324566332\" \/>\n<meta property=\"article:published_time\" content=\"2025-12-05T09:45:06+00:00\" \/>\n<meta property=\"article:modified_time\" content=\"2025-12-05T09:54:52+00:00\" \/>\n<meta property=\"og:image\" content=\"https:\/\/radioljubuski.ba\/wp-content\/uploads\/2025\/12\/IMG_4511.jpg\" \/>\n\t<meta property=\"og:image:width\" content=\"2400\" \/>\n\t<meta property=\"og:image:height\" content=\"1600\" \/>\n\t<meta property=\"og:image:type\" content=\"image\/jpeg\" \/>\n<meta name=\"author\" content=\"Radio Ljubu\u0161ki\" \/>\n<meta name=\"twitter:card\" content=\"summary_large_image\" \/>\n<meta name=\"twitter:creator\" content=\"@radioljubuski\" \/>\n<meta name=\"twitter:site\" content=\"@radioljubuski\" \/>\n<meta name=\"twitter:label1\" content=\"Napisao\/la\" \/>\n\t<meta name=\"twitter:data1\" content=\"Radio Ljubu\u0161ki\" \/>\n\t<meta name=\"twitter:label2\" content=\"Procijenjeno vrijeme \u010ditanja\" \/>\n\t<meta name=\"twitter:data2\" content=\"3 minute\" \/>\n<script type=\"application\/ld+json\" class=\"yoast-schema-graph\">{\"@context\":\"https:\\\/\\\/schema.org\",\"@graph\":[{\"@type\":\"Article\",\"@id\":\"https:\\\/\\\/radioljubuski.ba\\\/index.php\\\/2025\\\/12\\\/05\\\/proglaseno-najljepse-pismo-svetom-nikoli-ucenica-brigita-zelic-osvojila-nagradu-u-knjiznici-ljubuski\\\/#article\",\"isPartOf\":{\"@id\":\"https:\\\/\\\/radioljubuski.ba\\\/index.php\\\/2025\\\/12\\\/05\\\/proglaseno-najljepse-pismo-svetom-nikoli-ucenica-brigita-zelic-osvojila-nagradu-u-knjiznici-ljubuski\\\/\"},\"author\":{\"name\":\"Radio Ljubu\u0161ki\",\"@id\":\"https:\\\/\\\/radioljubuski.ba\\\/#\\\/schema\\\/person\\\/19fc700381a780f69665d7956c469e3b\"},\"headline\":\"Progla\u0161eno najljep\u0161e pismo Svetom Nikoli \u2013 u\u010denica Brigita Zeli\u0107 osvojila nagradu u Knji\u017enici Ljubu\u0161ki\",\"datePublished\":\"2025-12-05T09:45:06+00:00\",\"dateModified\":\"2025-12-05T09:54:52+00:00\",\"mainEntityOfPage\":{\"@id\":\"https:\\\/\\\/radioljubuski.ba\\\/index.php\\\/2025\\\/12\\\/05\\\/proglaseno-najljepse-pismo-svetom-nikoli-ucenica-brigita-zelic-osvojila-nagradu-u-knjiznici-ljubuski\\\/\"},\"wordCount\":349,\"publisher\":{\"@id\":\"https:\\\/\\\/radioljubuski.ba\\\/#organization\"},\"image\":{\"@id\":\"https:\\\/\\\/radioljubuski.ba\\\/index.php\\\/2025\\\/12\\\/05\\\/proglaseno-najljepse-pismo-svetom-nikoli-ucenica-brigita-zelic-osvojila-nagradu-u-knjiznici-ljubuski\\\/#primaryimage\"},\"thumbnailUrl\":\"https:\\\/\\\/radioljubuski.ba\\\/wp-content\\\/uploads\\\/2025\\\/12\\\/IMG_4511.jpg\",\"articleSection\":[\"Ljubu\u0161ki\"],\"inLanguage\":\"hr\"},{\"@type\":\"WebPage\",\"@id\":\"https:\\\/\\\/radioljubuski.ba\\\/index.php\\\/2025\\\/12\\\/05\\\/proglaseno-najljepse-pismo-svetom-nikoli-ucenica-brigita-zelic-osvojila-nagradu-u-knjiznici-ljubuski\\\/\",\"url\":\"https:\\\/\\\/radioljubuski.ba\\\/index.php\\\/2025\\\/12\\\/05\\\/proglaseno-najljepse-pismo-svetom-nikoli-ucenica-brigita-zelic-osvojila-nagradu-u-knjiznici-ljubuski\\\/\",\"name\":\"Progla\u0161eno najljep\u0161e pismo Svetom Nikoli \u2013 u\u010denica Brigita Zeli\u0107 osvojila nagradu u Knji\u017enici Ljubu\u0161ki - RADIO LJUBU\u0160KI\",\"isPartOf\":{\"@id\":\"https:\\\/\\\/radioljubuski.ba\\\/#website\"},\"primaryImageOfPage\":{\"@id\":\"https:\\\/\\\/radioljubuski.ba\\\/index.php\\\/2025\\\/12\\\/05\\\/proglaseno-najljepse-pismo-svetom-nikoli-ucenica-brigita-zelic-osvojila-nagradu-u-knjiznici-ljubuski\\\/#primaryimage\"},\"image\":{\"@id\":\"https:\\\/\\\/radioljubuski.ba\\\/index.php\\\/2025\\\/12\\\/05\\\/proglaseno-najljepse-pismo-svetom-nikoli-ucenica-brigita-zelic-osvojila-nagradu-u-knjiznici-ljubuski\\\/#primaryimage\"},\"thumbnailUrl\":\"https:\\\/\\\/radioljubuski.ba\\\/wp-content\\\/uploads\\\/2025\\\/12\\\/IMG_4511.jpg\",\"datePublished\":\"2025-12-05T09:45:06+00:00\",\"dateModified\":\"2025-12-05T09:54:52+00:00\",\"breadcrumb\":{\"@id\":\"https:\\\/\\\/radioljubuski.ba\\\/index.php\\\/2025\\\/12\\\/05\\\/proglaseno-najljepse-pismo-svetom-nikoli-ucenica-brigita-zelic-osvojila-nagradu-u-knjiznici-ljubuski\\\/#breadcrumb\"},\"inLanguage\":\"hr\",\"potentialAction\":[{\"@type\":\"ReadAction\",\"target\":[\"https:\\\/\\\/radioljubuski.ba\\\/index.php\\\/2025\\\/12\\\/05\\\/proglaseno-najljepse-pismo-svetom-nikoli-ucenica-brigita-zelic-osvojila-nagradu-u-knjiznici-ljubuski\\\/\"]}]},{\"@type\":\"ImageObject\",\"inLanguage\":\"hr\",\"@id\":\"https:\\\/\\\/radioljubuski.ba\\\/index.php\\\/2025\\\/12\\\/05\\\/proglaseno-najljepse-pismo-svetom-nikoli-ucenica-brigita-zelic-osvojila-nagradu-u-knjiznici-ljubuski\\\/#primaryimage\",\"url\":\"https:\\\/\\\/radioljubuski.ba\\\/wp-content\\\/uploads\\\/2025\\\/12\\\/IMG_4511.jpg\",\"contentUrl\":\"https:\\\/\\\/radioljubuski.ba\\\/wp-content\\\/uploads\\\/2025\\\/12\\\/IMG_4511.jpg\",\"width\":2400,\"height\":1600},{\"@type\":\"BreadcrumbList\",\"@id\":\"https:\\\/\\\/radioljubuski.ba\\\/index.php\\\/2025\\\/12\\\/05\\\/proglaseno-najljepse-pismo-svetom-nikoli-ucenica-brigita-zelic-osvojila-nagradu-u-knjiznici-ljubuski\\\/#breadcrumb\",\"itemListElement\":[{\"@type\":\"ListItem\",\"position\":1,\"name\":\"Po\u010detna stranica\",\"item\":\"https:\\\/\\\/radioljubuski.ba\\\/\"},{\"@type\":\"ListItem\",\"position\":2,\"name\":\"Progla\u0161eno najljep\u0161e pismo Svetom Nikoli \u2013 u\u010denica Brigita Zeli\u0107 osvojila nagradu u Knji\u017enici Ljubu\u0161ki\"}]},{\"@type\":\"WebSite\",\"@id\":\"https:\\\/\\\/radioljubuski.ba\\\/#website\",\"url\":\"https:\\\/\\\/radioljubuski.ba\\\/\",\"name\":\"Radio Ljubu\u0161ki\",\"description\":\"Sun\u010dana frekvencija Hercegovine\",\"publisher\":{\"@id\":\"https:\\\/\\\/radioljubuski.ba\\\/#organization\"},\"potentialAction\":[{\"@type\":\"SearchAction\",\"target\":{\"@type\":\"EntryPoint\",\"urlTemplate\":\"https:\\\/\\\/radioljubuski.ba\\\/?s={search_term_string}\"},\"query-input\":{\"@type\":\"PropertyValueSpecification\",\"valueRequired\":true,\"valueName\":\"search_term_string\"}}],\"inLanguage\":\"hr\"},{\"@type\":\"Organization\",\"@id\":\"https:\\\/\\\/radioljubuski.ba\\\/#organization\",\"name\":\"Radio Ljubu\u0161ki\",\"url\":\"https:\\\/\\\/radioljubuski.ba\\\/\",\"logo\":{\"@type\":\"ImageObject\",\"inLanguage\":\"hr\",\"@id\":\"https:\\\/\\\/radioljubuski.ba\\\/#\\\/schema\\\/logo\\\/image\\\/\",\"url\":\"https:\\\/\\\/radioljubuski.ba\\\/wp-content\\\/uploads\\\/2021\\\/02\\\/cropped-Radio_Ljubuski_logo1.jpg\",\"contentUrl\":\"https:\\\/\\\/radioljubuski.ba\\\/wp-content\\\/uploads\\\/2021\\\/02\\\/cropped-Radio_Ljubuski_logo1.jpg\",\"width\":512,\"height\":512,\"caption\":\"Radio Ljubu\u0161ki\"},\"image\":{\"@id\":\"https:\\\/\\\/radioljubuski.ba\\\/#\\\/schema\\\/logo\\\/image\\\/\"},\"sameAs\":[\"https:\\\/\\\/www.facebook.com\\\/Radiio-Ljubuski-1490835324566332\",\"https:\\\/\\\/x.com\\\/radioljubuski\",\"https:\\\/\\\/hr.linkedin.com\\\/company\\\/radio-ljubuski\",\"https:\\\/\\\/www.youtube.com\\\/channel\\\/UCHYaeO_n0Db3tjNGudGpXyw\"]},{\"@type\":\"Person\",\"@id\":\"https:\\\/\\\/radioljubuski.ba\\\/#\\\/schema\\\/person\\\/19fc700381a780f69665d7956c469e3b\",\"name\":\"Radio Ljubu\u0161ki\"}]}<\/script>\n<!-- \/ Yoast SEO plugin. -->","yoast_head_json":{"title":"Progla\u0161eno najljep\u0161e pismo Svetom Nikoli \u2013 u\u010denica Brigita Zeli\u0107 osvojila nagradu u Knji\u017enici Ljubu\u0161ki - RADIO LJUBU\u0160KI","robots":{"index":"index","follow":"follow","max-snippet":"max-snippet:-1","max-image-preview":"max-image-preview:large","max-video-preview":"max-video-preview:-1"},"canonical":"https:\/\/radioljubuski.ba\/index.php\/2025\/12\/05\/proglaseno-najljepse-pismo-svetom-nikoli-ucenica-brigita-zelic-osvojila-nagradu-u-knjiznici-ljubuski\/","og_locale":"hr_HR","og_type":"article","og_title":"Progla\u0161eno najljep\u0161e pismo Svetom Nikoli \u2013 u\u010denica Brigita Zeli\u0107 osvojila nagradu u Knji\u017enici Ljubu\u0161ki - RADIO LJUBU\u0160KI","og_description":"U okviru manifestacije \u201eAdvent u Ljubu\u0161kom\u201c danas je u Knji\u017enici Ljubu\u0161ki odr\u017eana tradicionalna sve\u010danost progla\u0161enja najljep\u0161eg pisma upu\u0107enog svetom Nikoli. Rije\u010d je o natje\u010daju koji okuplja u\u010denike osnovnih \u0161kola s podru\u010dja grada Ljubu\u0161kog, poti\u010du\u0107i ih na kreativnost, ma\u0161tu i lijepu pisanu rije\u010d. Na javni poziv pristigao je velik broj pisama, a stru\u010dno povjerenstvo \u2013 sastavljeno [&hellip;]","og_url":"https:\/\/radioljubuski.ba\/index.php\/2025\/12\/05\/proglaseno-najljepse-pismo-svetom-nikoli-ucenica-brigita-zelic-osvojila-nagradu-u-knjiznici-ljubuski\/","og_site_name":"RADIO LJUBU\u0160KI","article_publisher":"https:\/\/www.facebook.com\/Radiio-Ljubuski-1490835324566332","article_published_time":"2025-12-05T09:45:06+00:00","article_modified_time":"2025-12-05T09:54:52+00:00","og_image":[{"width":2400,"height":1600,"url":"https:\/\/radioljubuski.ba\/wp-content\/uploads\/2025\/12\/IMG_4511.jpg","type":"image\/jpeg"}],"author":"Radio Ljubu\u0161ki","twitter_card":"summary_large_image","twitter_creator":"@radioljubuski","twitter_site":"@radioljubuski","twitter_misc":{"Napisao\/la":"Radio Ljubu\u0161ki","Procijenjeno vrijeme \u010ditanja":"3 minute"},"schema":{"@context":"https:\/\/schema.org","@graph":[{"@type":"Article","@id":"https:\/\/radioljubuski.ba\/index.php\/2025\/12\/05\/proglaseno-najljepse-pismo-svetom-nikoli-ucenica-brigita-zelic-osvojila-nagradu-u-knjiznici-ljubuski\/#article","isPartOf":{"@id":"https:\/\/radioljubuski.ba\/index.php\/2025\/12\/05\/proglaseno-najljepse-pismo-svetom-nikoli-ucenica-brigita-zelic-osvojila-nagradu-u-knjiznici-ljubuski\/"},"author":{"name":"Radio Ljubu\u0161ki","@id":"https:\/\/radioljubuski.ba\/#\/schema\/person\/19fc700381a780f69665d7956c469e3b"},"headline":"Progla\u0161eno najljep\u0161e pismo Svetom Nikoli \u2013 u\u010denica Brigita Zeli\u0107 osvojila nagradu u Knji\u017enici Ljubu\u0161ki","datePublished":"2025-12-05T09:45:06+00:00","dateModified":"2025-12-05T09:54:52+00:00","mainEntityOfPage":{"@id":"https:\/\/radioljubuski.ba\/index.php\/2025\/12\/05\/proglaseno-najljepse-pismo-svetom-nikoli-ucenica-brigita-zelic-osvojila-nagradu-u-knjiznici-ljubuski\/"},"wordCount":349,"publisher":{"@id":"https:\/\/radioljubuski.ba\/#organization"},"image":{"@id":"https:\/\/radioljubuski.ba\/index.php\/2025\/12\/05\/proglaseno-najljepse-pismo-svetom-nikoli-ucenica-brigita-zelic-osvojila-nagradu-u-knjiznici-ljubuski\/#primaryimage"},"thumbnailUrl":"https:\/\/radioljubuski.ba\/wp-content\/uploads\/2025\/12\/IMG_4511.jpg","articleSection":["Ljubu\u0161ki"],"inLanguage":"hr"},{"@type":"WebPage","@id":"https:\/\/radioljubuski.ba\/index.php\/2025\/12\/05\/proglaseno-najljepse-pismo-svetom-nikoli-ucenica-brigita-zelic-osvojila-nagradu-u-knjiznici-ljubuski\/","url":"https:\/\/radioljubuski.ba\/index.php\/2025\/12\/05\/proglaseno-najljepse-pismo-svetom-nikoli-ucenica-brigita-zelic-osvojila-nagradu-u-knjiznici-ljubuski\/","name":"Progla\u0161eno najljep\u0161e pismo Svetom Nikoli \u2013 u\u010denica Brigita Zeli\u0107 osvojila nagradu u Knji\u017enici Ljubu\u0161ki - RADIO LJUBU\u0160KI","isPartOf":{"@id":"https:\/\/radioljubuski.ba\/#website"},"primaryImageOfPage":{"@id":"https:\/\/radioljubuski.ba\/index.php\/2025\/12\/05\/proglaseno-najljepse-pismo-svetom-nikoli-ucenica-brigita-zelic-osvojila-nagradu-u-knjiznici-ljubuski\/#primaryimage"},"image":{"@id":"https:\/\/radioljubuski.ba\/index.php\/2025\/12\/05\/proglaseno-najljepse-pismo-svetom-nikoli-ucenica-brigita-zelic-osvojila-nagradu-u-knjiznici-ljubuski\/#primaryimage"},"thumbnailUrl":"https:\/\/radioljubuski.ba\/wp-content\/uploads\/2025\/12\/IMG_4511.jpg","datePublished":"2025-12-05T09:45:06+00:00","dateModified":"2025-12-05T09:54:52+00:00","breadcrumb":{"@id":"https:\/\/radioljubuski.ba\/index.php\/2025\/12\/05\/proglaseno-najljepse-pismo-svetom-nikoli-ucenica-brigita-zelic-osvojila-nagradu-u-knjiznici-ljubuski\/#breadcrumb"},"inLanguage":"hr","potentialAction":[{"@type":"ReadAction","target":["https:\/\/radioljubuski.ba\/index.php\/2025\/12\/05\/proglaseno-najljepse-pismo-svetom-nikoli-ucenica-brigita-zelic-osvojila-nagradu-u-knjiznici-ljubuski\/"]}]},{"@type":"ImageObject","inLanguage":"hr","@id":"https:\/\/radioljubuski.ba\/index.php\/2025\/12\/05\/proglaseno-najljepse-pismo-svetom-nikoli-ucenica-brigita-zelic-osvojila-nagradu-u-knjiznici-ljubuski\/#primaryimage","url":"https:\/\/radioljubuski.ba\/wp-content\/uploads\/2025\/12\/IMG_4511.jpg","contentUrl":"https:\/\/radioljubuski.ba\/wp-content\/uploads\/2025\/12\/IMG_4511.jpg","width":2400,"height":1600},{"@type":"BreadcrumbList","@id":"https:\/\/radioljubuski.ba\/index.php\/2025\/12\/05\/proglaseno-najljepse-pismo-svetom-nikoli-ucenica-brigita-zelic-osvojila-nagradu-u-knjiznici-ljubuski\/#breadcrumb","itemListElement":[{"@type":"ListItem","position":1,"name":"Po\u010detna stranica","item":"https:\/\/radioljubuski.ba\/"},{"@type":"ListItem","position":2,"name":"Progla\u0161eno najljep\u0161e pismo Svetom Nikoli \u2013 u\u010denica Brigita Zeli\u0107 osvojila nagradu u Knji\u017enici Ljubu\u0161ki"}]},{"@type":"WebSite","@id":"https:\/\/radioljubuski.ba\/#website","url":"https:\/\/radioljubuski.ba\/","name":"Radio Ljubu\u0161ki","description":"Sun\u010dana frekvencija Hercegovine","publisher":{"@id":"https:\/\/radioljubuski.ba\/#organization"},"potentialAction":[{"@type":"SearchAction","target":{"@type":"EntryPoint","urlTemplate":"https:\/\/radioljubuski.ba\/?s={search_term_string}"},"query-input":{"@type":"PropertyValueSpecification","valueRequired":true,"valueName":"search_term_string"}}],"inLanguage":"hr"},{"@type":"Organization","@id":"https:\/\/radioljubuski.ba\/#organization","name":"Radio Ljubu\u0161ki","url":"https:\/\/radioljubuski.ba\/","logo":{"@type":"ImageObject","inLanguage":"hr","@id":"https:\/\/radioljubuski.ba\/#\/schema\/logo\/image\/","url":"https:\/\/radioljubuski.ba\/wp-content\/uploads\/2021\/02\/cropped-Radio_Ljubuski_logo1.jpg","contentUrl":"https:\/\/radioljubuski.ba\/wp-content\/uploads\/2021\/02\/cropped-Radio_Ljubuski_logo1.jpg","width":512,"height":512,"caption":"Radio Ljubu\u0161ki"},"image":{"@id":"https:\/\/radioljubuski.ba\/#\/schema\/logo\/image\/"},"sameAs":["https:\/\/www.facebook.com\/Radiio-Ljubuski-1490835324566332","https:\/\/x.com\/radioljubuski","https:\/\/hr.linkedin.com\/company\/radio-ljubuski","https:\/\/www.youtube.com\/channel\/UCHYaeO_n0Db3tjNGudGpXyw"]},{"@type":"Person","@id":"https:\/\/radioljubuski.ba\/#\/schema\/person\/19fc700381a780f69665d7956c469e3b","name":"Radio Ljubu\u0161ki"}]}},"_links":{"self":[{"href":"https:\/\/radioljubuski.ba\/index.php\/wp-json\/wp\/v2\/posts\/223221","targetHints":{"allow":["GET"]}}],"collection":[{"href":"https:\/\/radioljubuski.ba\/index.php\/wp-json\/wp\/v2\/posts"}],"about":[{"href":"https:\/\/radioljubuski.ba\/index.php\/wp-json\/wp\/v2\/types\/post"}],"author":[{"embeddable":true,"href":"https:\/\/radioljubuski.ba\/index.php\/wp-json\/wp\/v2\/users\/2"}],"replies":[{"embeddable":true,"href":"https:\/\/radioljubuski.ba\/index.php\/wp-json\/wp\/v2\/comments?post=223221"}],"version-history":[{"count":3,"href":"https:\/\/radioljubuski.ba\/index.php\/wp-json\/wp\/v2\/posts\/223221\/revisions"}],"predecessor-version":[{"id":223230,"href":"https:\/\/radioljubuski.ba\/index.php\/wp-json\/wp\/v2\/posts\/223221\/revisions\/223230"}],"wp:featuredmedia":[{"embeddable":true,"href":"https:\/\/radioljubuski.ba\/index.php\/wp-json\/wp\/v2\/media\/223227"}],"wp:attachment":[{"href":"https:\/\/radioljubuski.ba\/index.php\/wp-json\/wp\/v2\/media?parent=223221"}],"wp:term":[{"taxonomy":"category","embeddable":true,"href":"https:\/\/radioljubuski.ba\/index.php\/wp-json\/wp\/v2\/categories?post=223221"},{"taxonomy":"post_tag","embeddable":true,"href":"https:\/\/radioljubuski.ba\/index.php\/wp-json\/wp\/v2\/tags?post=223221"}],"curies":[{"name":"wp","href":"https:\/\/api.w.org\/{rel}","templated":true}]}}