{"id":223242,"date":"2025-12-05T13:04:16","date_gmt":"2025-12-05T12:04:16","guid":{"rendered":"https:\/\/radioljubuski.ba\/?p=223242"},"modified":"2025-12-05T13:04:18","modified_gmt":"2025-12-05T12:04:18","slug":"tiskovna-u-izvidacu-pred-subotnju-utakmicu-protiv-gracanice","status":"publish","type":"post","link":"https:\/\/radioljubuski.ba\/index.php\/2025\/12\/05\/tiskovna-u-izvidacu-pred-subotnju-utakmicu-protiv-gracanice\/","title":{"rendered":"Tiskovna u Izvi\u0111a\u010du pred subotnju utakmicu protiv Gra\u010danice"},"content":{"rendered":"\n<p>Rukometa\u0161i Izvi\u0111a\u010d Agrama su se pobjedom protiv Zrinjskog u Mostaru vratili na vrh prvenstvene ljestvice Premijer lige BiH. U idu\u0107ih sedam-osam dana o\u010dekuju ih tri doma\u0107e utakmice. Ve\u0107 u subotu, 6. prosinca u Gradskoj \u0161portskoj dvorani u Ljubu\u0161kom u sklopu 11. kola ugostiti \u0107e mom\u010dad Gra\u010danice. Utakmica se igra u 17 sati uz izravan prijenos na BH RT. U srijedu, 10. prosinca, u zaostaloj utakmici 9. kola ugostit \u0107e mom\u010dad Dervente. Utakmica se igra s po\u010detkom u 18 sati. Idu\u0107i vikend igraju jo\u0161 jednu doma\u0107u utakmicu, a gost u Gradskoj \u0161portskoj dvorani u Ljubu\u0161kom biti \u0107e mom\u010dad Bosne iz Visokog.<\/p>\n\n\n\n<p>Tim povodom danas je u prostorijama Izvi\u0111a\u010da odr\u017eana konferencija za novinare na kojoj su govorili: voditelj mom\u010dadi Nedan Zovak, trener Ivan D\u017eoli\u0107 te igra\u010di Amer \u0160ahinovi\u0107 i Milan Dedi\u0107.<\/p>\n\n\n\n<figure class=\"wp-block-image size-full\"><img loading=\"lazy\" decoding=\"async\" width=\"934\" height=\"608\" src=\"https:\/\/radioljubuski.ba\/wp-content\/uploads\/2025\/12\/izvidjac-gracanica-tiskovna20252.png\" alt=\"\" class=\"wp-image-223248\" srcset=\"https:\/\/radioljubuski.ba\/wp-content\/uploads\/2025\/12\/izvidjac-gracanica-tiskovna20252.png 934w, https:\/\/radioljubuski.ba\/wp-content\/uploads\/2025\/12\/izvidjac-gracanica-tiskovna20252-300x195.png 300w, https:\/\/radioljubuski.ba\/wp-content\/uploads\/2025\/12\/izvidjac-gracanica-tiskovna20252-768x500.png 768w, https:\/\/radioljubuski.ba\/wp-content\/uploads\/2025\/12\/izvidjac-gracanica-tiskovna20252-18x12.png 18w\" sizes=\"auto, (max-width: 934px) 100vw, 934px\" \/><\/figure>\n\n\n\n<p>Prvi se novinarima obratio Nedan Zovak koji se osvrnuo na posljednje tri utakmice Izvi\u0111a\u010da, jednu europsku i dvije prvenstvene, odnosno na pobjedu u Luksemburgu, poraz od Konjuha u gostima i pobjedu protiv Zrinjskog u Mostaru. Nakon toga je najavio tri prvenstvene utakmice koje Izvi\u0111a\u010d igra u svojoj dvorani i koje \u0107e odigrati u narednih sedam-osam dana.<\/p>\n\n\n\n<p>\u201eOd na\u0161e zadnje tiskovne konferencije odigrali smo tri utakmice, jednu europsku i dvije prvenstvene. Uzvratna utakmica 16\/1 finala Europa Kupa u Luksemburgu, pobjeda 32.29. Prolazak u osminu finala, jo\u0161 jedno prezimljavanje u Europi. Mislim da je to jedinstven slu\u010daj u BH sportu, da jedna ekipa prezimi dvije godine za redom u Europi u ovom kup sustavu, ne ra\u010dunaju\u0107i tu lige koje se igraju kroz cijelu sezonu. Jo\u0161 jedan zanimljiv podatak, i sam sam bio u nevjerici, da je to deseta pobjeda Izvi\u0111a\u010da u Europi u ove dvije sezone. Nije gre\u0161ka, zna\u010di ravno deset pobjeda u zadnje dvije europske sezone. I nadamo se da tu ne\u0107emo stati, da \u0107e se ta brojka na prolje\u0107e pove\u0107ati\u201c, kazao je, me\u0111u ostalim, Zovak.<\/p>\n\n\n\n<figure class=\"wp-block-image size-full\"><img loading=\"lazy\" decoding=\"async\" width=\"725\" height=\"551\" src=\"https:\/\/radioljubuski.ba\/wp-content\/uploads\/2025\/12\/izvidjac-nedan-zovak.png\" alt=\"\" class=\"wp-image-223244\" srcset=\"https:\/\/radioljubuski.ba\/wp-content\/uploads\/2025\/12\/izvidjac-nedan-zovak.png 725w, https:\/\/radioljubuski.ba\/wp-content\/uploads\/2025\/12\/izvidjac-nedan-zovak-300x228.png 300w, https:\/\/radioljubuski.ba\/wp-content\/uploads\/2025\/12\/izvidjac-nedan-zovak-16x12.png 16w\" sizes=\"auto, (max-width: 725px) 100vw, 725px\" \/><\/figure>\n\n\n\n<p>Nakon toga kratko se osvrnuo i na utakmice u \u017divicama i Mostaru pa najavio tri utakmice koje Izvi\u0111a\u010da o\u010dekuju u narednih tjedan dana u Gradskoj \u0161portskoj dvorani u Ljubu\u0161kom. Prva utakmica protiv Gra\u010danice, pa zaostala utakmica protiv Dervente i onda utakmica predzadnjeg kola jesenskog dijela prvenstva protiv viso\u010dke Bosne.<\/p>\n\n\n\n<p>Trener Izvi\u0111a\u010da Ivan D\u017eoli\u0107 je na po\u010detku svog obra\u0107anja izrazio podr\u0161ku i po\u017eelio brzi povratak na teren biv\u0161em igra\u010du Izvi\u0111a\u010da, a sada rukometa\u0161u Zrinjskog, Marijanu \u0160aravanji koji je u utakmici izme\u0111u Zrinjskog i Izvi\u0111a\u010da do\u017eivio neugodnu ozljedu koljena. Nakon toga je detaljnije govorio o utakmicama koje u idu\u0107ih tjedan dana o\u010dekuju njegovu mom\u010dad.<\/p>\n\n\n\n<p>\u201eKada je u pitanju ekipe Gra\u010danice, njihovo bodovno stanje na ljestvici ne prikazuje stvarnu snagu te mom\u010dadi. To je ekipa koja stvarno zna biti neugodna, do\u017eivjeli su neke nesretne poraze ku\u0107i, prije svega protiv Leotara. Ti su im porazi malo poljuljali samopouzdanje, me\u0111utim zadnje dvije utakmice su se, nakon promjene trenera, konsolidirali, pobijedili Krivaju i izgubili od Konjuha u gostima samo s golom razlike. Mi sutra o\u010dekujemo jednu jako te\u0161ku utakmicu, i Gra\u010danica je ekipa koja ima previ\u0161e iskusnih igra\u010da, tako da oni mogu pomrsiti ra\u010dune svakome, bilo ku\u0107i, bilo u gostima. Mi s toga u utakmicu ulazimo s jednim velikim respektom prema njima, ali sigurno da se na doma\u0107em trenu mi pitamo najvi\u0161e\u201c, kazao je, me\u0111u ostalim, D\u017eoli\u0107 u najavi utakmice protiv Gra\u010danice.<\/p>\n\n\n\n<figure class=\"wp-block-image size-full\"><img loading=\"lazy\" decoding=\"async\" width=\"984\" height=\"704\" src=\"https:\/\/radioljubuski.ba\/wp-content\/uploads\/2025\/12\/izvidjac-dzolic-ivan.png\" alt=\"\" class=\"wp-image-223245\" srcset=\"https:\/\/radioljubuski.ba\/wp-content\/uploads\/2025\/12\/izvidjac-dzolic-ivan.png 984w, https:\/\/radioljubuski.ba\/wp-content\/uploads\/2025\/12\/izvidjac-dzolic-ivan-300x215.png 300w, https:\/\/radioljubuski.ba\/wp-content\/uploads\/2025\/12\/izvidjac-dzolic-ivan-768x549.png 768w, https:\/\/radioljubuski.ba\/wp-content\/uploads\/2025\/12\/izvidjac-dzolic-ivan-18x12.png 18w\" sizes=\"auto, (max-width: 984px) 100vw, 984px\" \/><\/figure>\n\n\n\n<p>Osvrnuo se i na raspored utakmica do kraja jesenskog dijela prvenstva.<\/p>\n\n\n\n<p>\u201eJedini problem nam je \u0161to ve\u0107 dva tjedna igramo utakmice srijeda, subota. To nas o\u010dekuje i do kraja polusezone, tako da prakti\u010dki nemamo odmora, ni vremena za treniranje. Izme\u0111u utakmica tek uhvatimo vremena za regeneraciju i odraditi neke takti\u010dke zamisli. Jedino problem nam mo\u017ee biti prenatrpan raspored, me\u0111utim mi ne bje\u017eimo od uloge favorita, pogotovo na doma\u0107em terenu. Ipak, mislimo da se tu nas najvi\u0161e pita i u\u010dinit \u0107emo sve da uzmemo jesenski naslov prvaka i napravimo dobru bazu za prolje\u0107e. Ove 3-4 utakmice do kraja mogu nam biti dobar zamah za proljetni dio sezone. U sve \u010detiri utakmice ulazimo potpuno fokusirani, ali naravno, &nbsp;idemo jednu po jednu utakmicu. Treba biti oprezan, pogotovo iz iskustva iz pro\u0161le godine i zadnje utakmica polusezone protiv Vogo\u0161\u0107e. Igra\u0161 na doma\u0107em terenu, sve super i onda nam se dogodi poraz, jedan svojevrsni \u0161amar, tako da trebamo biti maksimalno oprezni\u201c, zaklju\u010dio je D\u017eoli\u0107.<\/p>\n\n\n\n<p>Edin \u0160ahinovi\u0107 i Milan Dedi\u0107 su tako\u0111er optimisti\u010dni, ali i oprezni, pred nadolaze\u0107e utakmice.<\/p>\n\n\n\n<figure class=\"wp-block-image size-full\"><img loading=\"lazy\" decoding=\"async\" width=\"735\" height=\"653\" src=\"https:\/\/radioljubuski.ba\/wp-content\/uploads\/2025\/12\/izvidjac-amer-sahinovic.png\" alt=\"\" class=\"wp-image-223246\" srcset=\"https:\/\/radioljubuski.ba\/wp-content\/uploads\/2025\/12\/izvidjac-amer-sahinovic.png 735w, https:\/\/radioljubuski.ba\/wp-content\/uploads\/2025\/12\/izvidjac-amer-sahinovic-300x267.png 300w, https:\/\/radioljubuski.ba\/wp-content\/uploads\/2025\/12\/izvidjac-amer-sahinovic-14x12.png 14w\" sizes=\"auto, (max-width: 735px) 100vw, 735px\" \/><\/figure>\n\n\n\n<p>\u201eRazlika u bodovima izme\u0111u nas i Gra\u010danice je stvarno velika, ali mislim da ba\u0161 iz tog razloga moramo posebno paziti. Oni dolaze rastere\u0107eni, ali sigurno i posebno motivirani i s namjerom da nam pomrse ra\u010dune. Imaju dosta iskusnih igra\u010da koji imaju iskustvo igranja ovakvih utakmica tako da \u0107emo morati biti koncentrirani do kraja samog kraja utakmice\u201c, oprezan je \u0160ahinovi\u0107, ina\u010de najbolji strijec Izvi\u0111a\u010da u utakmici protiv Zrinjskog u Mostaru.<\/p>\n\n\n\n<p>Dedi\u0107, tako\u0111er, poziva na oprez.<\/p>\n\n\n\n<figure class=\"wp-block-image size-full\"><img loading=\"lazy\" decoding=\"async\" width=\"836\" height=\"636\" src=\"https:\/\/radioljubuski.ba\/wp-content\/uploads\/2025\/12\/izvidjac-dedic-milan.png\" alt=\"\" class=\"wp-image-223247\" srcset=\"https:\/\/radioljubuski.ba\/wp-content\/uploads\/2025\/12\/izvidjac-dedic-milan.png 836w, https:\/\/radioljubuski.ba\/wp-content\/uploads\/2025\/12\/izvidjac-dedic-milan-300x228.png 300w, https:\/\/radioljubuski.ba\/wp-content\/uploads\/2025\/12\/izvidjac-dedic-milan-768x584.png 768w, https:\/\/radioljubuski.ba\/wp-content\/uploads\/2025\/12\/izvidjac-dedic-milan-16x12.png 16w\" sizes=\"auto, (max-width: 836px) 100vw, 836px\" \/><\/figure>\n\n\n\n<p>\u201eU subotu o\u010dekujem jednu jako zahtjevnu utakmicu. Gra\u010danica je jedna izuzetno kvalitetna i dobra mom\u010dad. Imaju nekoliko iskusnih igra\u010da i odli\u010dnih \u0161utera. To je njihov najja\u010di adut i mislim da na to trebamo obratiti najve\u0107u pa\u017enju. Radi se o mom\u010dadi koja se nikad ne predaje, a to smo mogli vidjeti i u pro\u0161lom kolu kada su gostovali kod&nbsp; Konjuha\u201c, zaklju\u010dio je Dedi\u0107.<\/p>\n\n\n\n<p>Radio Ljubu\u0161ki<\/p>\n","protected":false},"excerpt":{"rendered":"<p>Rukometa\u0161i Izvi\u0111a\u010d Agrama su se pobjedom protiv Zrinjskog u Mostaru vratili na vrh prvenstvene ljestvice Premijer lige BiH. U idu\u0107ih sedam-osam dana o\u010dekuju ih tri doma\u0107e utakmice. Ve\u0107 u subotu, 6. prosinca u Gradskoj \u0161portskoj dvorani u Ljubu\u0161kom u sklopu 11. kola ugostiti \u0107e mom\u010dad Gra\u010danice. Utakmica se igra u 17 sati uz izravan prijenos [&hellip;]<\/p>\n","protected":false},"author":2,"featured_media":223243,"comment_status":"closed","ping_status":"closed","sticky":false,"template":"","format":"standard","meta":{"h5ap_radio_sources":[],"footnotes":""},"categories":[3,28,7],"tags":[],"class_list":["post-223242","post","type-post","status-publish","format-standard","has-post-thumbnail","hentry","category-ljubuski","category-novosti","category-sport"],"yoast_head":"<!-- This site is optimized with the Yoast SEO plugin v27.5 - https:\/\/yoast.com\/product\/yoast-seo-wordpress\/ -->\n<title>Tiskovna u Izvi\u0111a\u010du pred subotnju utakmicu protiv Gra\u010danice - RADIO LJUBU\u0160KI<\/title>\n<meta name=\"robots\" content=\"index, follow, max-snippet:-1, max-image-preview:large, max-video-preview:-1\" \/>\n<link rel=\"canonical\" href=\"https:\/\/radioljubuski.ba\/index.php\/2025\/12\/05\/tiskovna-u-izvidacu-pred-subotnju-utakmicu-protiv-gracanice\/\" \/>\n<meta property=\"og:locale\" content=\"hr_HR\" \/>\n<meta property=\"og:type\" content=\"article\" \/>\n<meta property=\"og:title\" content=\"Tiskovna u Izvi\u0111a\u010du pred subotnju utakmicu protiv Gra\u010danice - RADIO LJUBU\u0160KI\" \/>\n<meta property=\"og:description\" content=\"Rukometa\u0161i Izvi\u0111a\u010d Agrama su se pobjedom protiv Zrinjskog u Mostaru vratili na vrh prvenstvene ljestvice Premijer lige BiH. U idu\u0107ih sedam-osam dana o\u010dekuju ih tri doma\u0107e utakmice. Ve\u0107 u subotu, 6. prosinca u Gradskoj \u0161portskoj dvorani u Ljubu\u0161kom u sklopu 11. kola ugostiti \u0107e mom\u010dad Gra\u010danice. Utakmica se igra u 17 sati uz izravan prijenos [&hellip;]\" \/>\n<meta property=\"og:url\" content=\"https:\/\/radioljubuski.ba\/index.php\/2025\/12\/05\/tiskovna-u-izvidacu-pred-subotnju-utakmicu-protiv-gracanice\/\" \/>\n<meta property=\"og:site_name\" content=\"RADIO LJUBU\u0160KI\" \/>\n<meta property=\"article:publisher\" content=\"https:\/\/www.facebook.com\/Radiio-Ljubuski-1490835324566332\" \/>\n<meta property=\"article:published_time\" content=\"2025-12-05T12:04:16+00:00\" \/>\n<meta property=\"article:modified_time\" content=\"2025-12-05T12:04:18+00:00\" \/>\n<meta property=\"og:image\" content=\"https:\/\/radioljubuski.ba\/wp-content\/uploads\/2025\/12\/izvidjac-gracanica-tiskovna2025.png\" \/>\n\t<meta property=\"og:image:width\" content=\"1050\" \/>\n\t<meta property=\"og:image:height\" content=\"606\" \/>\n\t<meta property=\"og:image:type\" content=\"image\/png\" \/>\n<meta name=\"author\" content=\"Radio Ljubu\u0161ki\" \/>\n<meta name=\"twitter:card\" content=\"summary_large_image\" \/>\n<meta name=\"twitter:creator\" content=\"@radioljubuski\" \/>\n<meta name=\"twitter:site\" content=\"@radioljubuski\" \/>\n<meta name=\"twitter:label1\" content=\"Napisao\/la\" \/>\n\t<meta name=\"twitter:data1\" content=\"Radio Ljubu\u0161ki\" \/>\n\t<meta name=\"twitter:label2\" content=\"Procijenjeno vrijeme \u010ditanja\" \/>\n\t<meta name=\"twitter:data2\" content=\"6 minuta\" \/>\n<script type=\"application\/ld+json\" class=\"yoast-schema-graph\">{\"@context\":\"https:\\\/\\\/schema.org\",\"@graph\":[{\"@type\":\"Article\",\"@id\":\"https:\\\/\\\/radioljubuski.ba\\\/index.php\\\/2025\\\/12\\\/05\\\/tiskovna-u-izvidacu-pred-subotnju-utakmicu-protiv-gracanice\\\/#article\",\"isPartOf\":{\"@id\":\"https:\\\/\\\/radioljubuski.ba\\\/index.php\\\/2025\\\/12\\\/05\\\/tiskovna-u-izvidacu-pred-subotnju-utakmicu-protiv-gracanice\\\/\"},\"author\":{\"name\":\"Radio Ljubu\u0161ki\",\"@id\":\"https:\\\/\\\/radioljubuski.ba\\\/#\\\/schema\\\/person\\\/19fc700381a780f69665d7956c469e3b\"},\"headline\":\"Tiskovna u Izvi\u0111a\u010du pred subotnju utakmicu protiv Gra\u010danice\",\"datePublished\":\"2025-12-05T12:04:16+00:00\",\"dateModified\":\"2025-12-05T12:04:18+00:00\",\"mainEntityOfPage\":{\"@id\":\"https:\\\/\\\/radioljubuski.ba\\\/index.php\\\/2025\\\/12\\\/05\\\/tiskovna-u-izvidacu-pred-subotnju-utakmicu-protiv-gracanice\\\/\"},\"wordCount\":963,\"publisher\":{\"@id\":\"https:\\\/\\\/radioljubuski.ba\\\/#organization\"},\"image\":{\"@id\":\"https:\\\/\\\/radioljubuski.ba\\\/index.php\\\/2025\\\/12\\\/05\\\/tiskovna-u-izvidacu-pred-subotnju-utakmicu-protiv-gracanice\\\/#primaryimage\"},\"thumbnailUrl\":\"https:\\\/\\\/radioljubuski.ba\\\/wp-content\\\/uploads\\\/2025\\\/12\\\/izvidjac-gracanica-tiskovna2025.png\",\"articleSection\":[\"Ljubu\u0161ki\",\"Novosti\",\"\u0160port\"],\"inLanguage\":\"hr\"},{\"@type\":\"WebPage\",\"@id\":\"https:\\\/\\\/radioljubuski.ba\\\/index.php\\\/2025\\\/12\\\/05\\\/tiskovna-u-izvidacu-pred-subotnju-utakmicu-protiv-gracanice\\\/\",\"url\":\"https:\\\/\\\/radioljubuski.ba\\\/index.php\\\/2025\\\/12\\\/05\\\/tiskovna-u-izvidacu-pred-subotnju-utakmicu-protiv-gracanice\\\/\",\"name\":\"Tiskovna u Izvi\u0111a\u010du pred subotnju utakmicu protiv Gra\u010danice - RADIO LJUBU\u0160KI\",\"isPartOf\":{\"@id\":\"https:\\\/\\\/radioljubuski.ba\\\/#website\"},\"primaryImageOfPage\":{\"@id\":\"https:\\\/\\\/radioljubuski.ba\\\/index.php\\\/2025\\\/12\\\/05\\\/tiskovna-u-izvidacu-pred-subotnju-utakmicu-protiv-gracanice\\\/#primaryimage\"},\"image\":{\"@id\":\"https:\\\/\\\/radioljubuski.ba\\\/index.php\\\/2025\\\/12\\\/05\\\/tiskovna-u-izvidacu-pred-subotnju-utakmicu-protiv-gracanice\\\/#primaryimage\"},\"thumbnailUrl\":\"https:\\\/\\\/radioljubuski.ba\\\/wp-content\\\/uploads\\\/2025\\\/12\\\/izvidjac-gracanica-tiskovna2025.png\",\"datePublished\":\"2025-12-05T12:04:16+00:00\",\"dateModified\":\"2025-12-05T12:04:18+00:00\",\"breadcrumb\":{\"@id\":\"https:\\\/\\\/radioljubuski.ba\\\/index.php\\\/2025\\\/12\\\/05\\\/tiskovna-u-izvidacu-pred-subotnju-utakmicu-protiv-gracanice\\\/#breadcrumb\"},\"inLanguage\":\"hr\",\"potentialAction\":[{\"@type\":\"ReadAction\",\"target\":[\"https:\\\/\\\/radioljubuski.ba\\\/index.php\\\/2025\\\/12\\\/05\\\/tiskovna-u-izvidacu-pred-subotnju-utakmicu-protiv-gracanice\\\/\"]}]},{\"@type\":\"ImageObject\",\"inLanguage\":\"hr\",\"@id\":\"https:\\\/\\\/radioljubuski.ba\\\/index.php\\\/2025\\\/12\\\/05\\\/tiskovna-u-izvidacu-pred-subotnju-utakmicu-protiv-gracanice\\\/#primaryimage\",\"url\":\"https:\\\/\\\/radioljubuski.ba\\\/wp-content\\\/uploads\\\/2025\\\/12\\\/izvidjac-gracanica-tiskovna2025.png\",\"contentUrl\":\"https:\\\/\\\/radioljubuski.ba\\\/wp-content\\\/uploads\\\/2025\\\/12\\\/izvidjac-gracanica-tiskovna2025.png\",\"width\":1050,\"height\":606},{\"@type\":\"BreadcrumbList\",\"@id\":\"https:\\\/\\\/radioljubuski.ba\\\/index.php\\\/2025\\\/12\\\/05\\\/tiskovna-u-izvidacu-pred-subotnju-utakmicu-protiv-gracanice\\\/#breadcrumb\",\"itemListElement\":[{\"@type\":\"ListItem\",\"position\":1,\"name\":\"Po\u010detna stranica\",\"item\":\"https:\\\/\\\/radioljubuski.ba\\\/\"},{\"@type\":\"ListItem\",\"position\":2,\"name\":\"Tiskovna u Izvi\u0111a\u010du pred subotnju utakmicu protiv Gra\u010danice\"}]},{\"@type\":\"WebSite\",\"@id\":\"https:\\\/\\\/radioljubuski.ba\\\/#website\",\"url\":\"https:\\\/\\\/radioljubuski.ba\\\/\",\"name\":\"Radio Ljubu\u0161ki\",\"description\":\"Sun\u010dana frekvencija Hercegovine\",\"publisher\":{\"@id\":\"https:\\\/\\\/radioljubuski.ba\\\/#organization\"},\"potentialAction\":[{\"@type\":\"SearchAction\",\"target\":{\"@type\":\"EntryPoint\",\"urlTemplate\":\"https:\\\/\\\/radioljubuski.ba\\\/?s={search_term_string}\"},\"query-input\":{\"@type\":\"PropertyValueSpecification\",\"valueRequired\":true,\"valueName\":\"search_term_string\"}}],\"inLanguage\":\"hr\"},{\"@type\":\"Organization\",\"@id\":\"https:\\\/\\\/radioljubuski.ba\\\/#organization\",\"name\":\"Radio Ljubu\u0161ki\",\"url\":\"https:\\\/\\\/radioljubuski.ba\\\/\",\"logo\":{\"@type\":\"ImageObject\",\"inLanguage\":\"hr\",\"@id\":\"https:\\\/\\\/radioljubuski.ba\\\/#\\\/schema\\\/logo\\\/image\\\/\",\"url\":\"https:\\\/\\\/radioljubuski.ba\\\/wp-content\\\/uploads\\\/2021\\\/02\\\/cropped-Radio_Ljubuski_logo1.jpg\",\"contentUrl\":\"https:\\\/\\\/radioljubuski.ba\\\/wp-content\\\/uploads\\\/2021\\\/02\\\/cropped-Radio_Ljubuski_logo1.jpg\",\"width\":512,\"height\":512,\"caption\":\"Radio Ljubu\u0161ki\"},\"image\":{\"@id\":\"https:\\\/\\\/radioljubuski.ba\\\/#\\\/schema\\\/logo\\\/image\\\/\"},\"sameAs\":[\"https:\\\/\\\/www.facebook.com\\\/Radiio-Ljubuski-1490835324566332\",\"https:\\\/\\\/x.com\\\/radioljubuski\",\"https:\\\/\\\/hr.linkedin.com\\\/company\\\/radio-ljubuski\",\"https:\\\/\\\/www.youtube.com\\\/channel\\\/UCHYaeO_n0Db3tjNGudGpXyw\"]},{\"@type\":\"Person\",\"@id\":\"https:\\\/\\\/radioljubuski.ba\\\/#\\\/schema\\\/person\\\/19fc700381a780f69665d7956c469e3b\",\"name\":\"Radio Ljubu\u0161ki\"}]}<\/script>\n<!-- \/ Yoast SEO plugin. -->","yoast_head_json":{"title":"Tiskovna u Izvi\u0111a\u010du pred subotnju utakmicu protiv Gra\u010danice - RADIO LJUBU\u0160KI","robots":{"index":"index","follow":"follow","max-snippet":"max-snippet:-1","max-image-preview":"max-image-preview:large","max-video-preview":"max-video-preview:-1"},"canonical":"https:\/\/radioljubuski.ba\/index.php\/2025\/12\/05\/tiskovna-u-izvidacu-pred-subotnju-utakmicu-protiv-gracanice\/","og_locale":"hr_HR","og_type":"article","og_title":"Tiskovna u Izvi\u0111a\u010du pred subotnju utakmicu protiv Gra\u010danice - RADIO LJUBU\u0160KI","og_description":"Rukometa\u0161i Izvi\u0111a\u010d Agrama su se pobjedom protiv Zrinjskog u Mostaru vratili na vrh prvenstvene ljestvice Premijer lige BiH. U idu\u0107ih sedam-osam dana o\u010dekuju ih tri doma\u0107e utakmice. Ve\u0107 u subotu, 6. prosinca u Gradskoj \u0161portskoj dvorani u Ljubu\u0161kom u sklopu 11. kola ugostiti \u0107e mom\u010dad Gra\u010danice. Utakmica se igra u 17 sati uz izravan prijenos [&hellip;]","og_url":"https:\/\/radioljubuski.ba\/index.php\/2025\/12\/05\/tiskovna-u-izvidacu-pred-subotnju-utakmicu-protiv-gracanice\/","og_site_name":"RADIO LJUBU\u0160KI","article_publisher":"https:\/\/www.facebook.com\/Radiio-Ljubuski-1490835324566332","article_published_time":"2025-12-05T12:04:16+00:00","article_modified_time":"2025-12-05T12:04:18+00:00","og_image":[{"width":1050,"height":606,"url":"https:\/\/radioljubuski.ba\/wp-content\/uploads\/2025\/12\/izvidjac-gracanica-tiskovna2025.png","type":"image\/png"}],"author":"Radio Ljubu\u0161ki","twitter_card":"summary_large_image","twitter_creator":"@radioljubuski","twitter_site":"@radioljubuski","twitter_misc":{"Napisao\/la":"Radio Ljubu\u0161ki","Procijenjeno vrijeme \u010ditanja":"6 minuta"},"schema":{"@context":"https:\/\/schema.org","@graph":[{"@type":"Article","@id":"https:\/\/radioljubuski.ba\/index.php\/2025\/12\/05\/tiskovna-u-izvidacu-pred-subotnju-utakmicu-protiv-gracanice\/#article","isPartOf":{"@id":"https:\/\/radioljubuski.ba\/index.php\/2025\/12\/05\/tiskovna-u-izvidacu-pred-subotnju-utakmicu-protiv-gracanice\/"},"author":{"name":"Radio Ljubu\u0161ki","@id":"https:\/\/radioljubuski.ba\/#\/schema\/person\/19fc700381a780f69665d7956c469e3b"},"headline":"Tiskovna u Izvi\u0111a\u010du pred subotnju utakmicu protiv Gra\u010danice","datePublished":"2025-12-05T12:04:16+00:00","dateModified":"2025-12-05T12:04:18+00:00","mainEntityOfPage":{"@id":"https:\/\/radioljubuski.ba\/index.php\/2025\/12\/05\/tiskovna-u-izvidacu-pred-subotnju-utakmicu-protiv-gracanice\/"},"wordCount":963,"publisher":{"@id":"https:\/\/radioljubuski.ba\/#organization"},"image":{"@id":"https:\/\/radioljubuski.ba\/index.php\/2025\/12\/05\/tiskovna-u-izvidacu-pred-subotnju-utakmicu-protiv-gracanice\/#primaryimage"},"thumbnailUrl":"https:\/\/radioljubuski.ba\/wp-content\/uploads\/2025\/12\/izvidjac-gracanica-tiskovna2025.png","articleSection":["Ljubu\u0161ki","Novosti","\u0160port"],"inLanguage":"hr"},{"@type":"WebPage","@id":"https:\/\/radioljubuski.ba\/index.php\/2025\/12\/05\/tiskovna-u-izvidacu-pred-subotnju-utakmicu-protiv-gracanice\/","url":"https:\/\/radioljubuski.ba\/index.php\/2025\/12\/05\/tiskovna-u-izvidacu-pred-subotnju-utakmicu-protiv-gracanice\/","name":"Tiskovna u Izvi\u0111a\u010du pred subotnju utakmicu protiv Gra\u010danice - RADIO LJUBU\u0160KI","isPartOf":{"@id":"https:\/\/radioljubuski.ba\/#website"},"primaryImageOfPage":{"@id":"https:\/\/radioljubuski.ba\/index.php\/2025\/12\/05\/tiskovna-u-izvidacu-pred-subotnju-utakmicu-protiv-gracanice\/#primaryimage"},"image":{"@id":"https:\/\/radioljubuski.ba\/index.php\/2025\/12\/05\/tiskovna-u-izvidacu-pred-subotnju-utakmicu-protiv-gracanice\/#primaryimage"},"thumbnailUrl":"https:\/\/radioljubuski.ba\/wp-content\/uploads\/2025\/12\/izvidjac-gracanica-tiskovna2025.png","datePublished":"2025-12-05T12:04:16+00:00","dateModified":"2025-12-05T12:04:18+00:00","breadcrumb":{"@id":"https:\/\/radioljubuski.ba\/index.php\/2025\/12\/05\/tiskovna-u-izvidacu-pred-subotnju-utakmicu-protiv-gracanice\/#breadcrumb"},"inLanguage":"hr","potentialAction":[{"@type":"ReadAction","target":["https:\/\/radioljubuski.ba\/index.php\/2025\/12\/05\/tiskovna-u-izvidacu-pred-subotnju-utakmicu-protiv-gracanice\/"]}]},{"@type":"ImageObject","inLanguage":"hr","@id":"https:\/\/radioljubuski.ba\/index.php\/2025\/12\/05\/tiskovna-u-izvidacu-pred-subotnju-utakmicu-protiv-gracanice\/#primaryimage","url":"https:\/\/radioljubuski.ba\/wp-content\/uploads\/2025\/12\/izvidjac-gracanica-tiskovna2025.png","contentUrl":"https:\/\/radioljubuski.ba\/wp-content\/uploads\/2025\/12\/izvidjac-gracanica-tiskovna2025.png","width":1050,"height":606},{"@type":"BreadcrumbList","@id":"https:\/\/radioljubuski.ba\/index.php\/2025\/12\/05\/tiskovna-u-izvidacu-pred-subotnju-utakmicu-protiv-gracanice\/#breadcrumb","itemListElement":[{"@type":"ListItem","position":1,"name":"Po\u010detna stranica","item":"https:\/\/radioljubuski.ba\/"},{"@type":"ListItem","position":2,"name":"Tiskovna u Izvi\u0111a\u010du pred subotnju utakmicu protiv Gra\u010danice"}]},{"@type":"WebSite","@id":"https:\/\/radioljubuski.ba\/#website","url":"https:\/\/radioljubuski.ba\/","name":"Radio Ljubu\u0161ki","description":"Sun\u010dana frekvencija Hercegovine","publisher":{"@id":"https:\/\/radioljubuski.ba\/#organization"},"potentialAction":[{"@type":"SearchAction","target":{"@type":"EntryPoint","urlTemplate":"https:\/\/radioljubuski.ba\/?s={search_term_string}"},"query-input":{"@type":"PropertyValueSpecification","valueRequired":true,"valueName":"search_term_string"}}],"inLanguage":"hr"},{"@type":"Organization","@id":"https:\/\/radioljubuski.ba\/#organization","name":"Radio Ljubu\u0161ki","url":"https:\/\/radioljubuski.ba\/","logo":{"@type":"ImageObject","inLanguage":"hr","@id":"https:\/\/radioljubuski.ba\/#\/schema\/logo\/image\/","url":"https:\/\/radioljubuski.ba\/wp-content\/uploads\/2021\/02\/cropped-Radio_Ljubuski_logo1.jpg","contentUrl":"https:\/\/radioljubuski.ba\/wp-content\/uploads\/2021\/02\/cropped-Radio_Ljubuski_logo1.jpg","width":512,"height":512,"caption":"Radio Ljubu\u0161ki"},"image":{"@id":"https:\/\/radioljubuski.ba\/#\/schema\/logo\/image\/"},"sameAs":["https:\/\/www.facebook.com\/Radiio-Ljubuski-1490835324566332","https:\/\/x.com\/radioljubuski","https:\/\/hr.linkedin.com\/company\/radio-ljubuski","https:\/\/www.youtube.com\/channel\/UCHYaeO_n0Db3tjNGudGpXyw"]},{"@type":"Person","@id":"https:\/\/radioljubuski.ba\/#\/schema\/person\/19fc700381a780f69665d7956c469e3b","name":"Radio Ljubu\u0161ki"}]}},"_links":{"self":[{"href":"https:\/\/radioljubuski.ba\/index.php\/wp-json\/wp\/v2\/posts\/223242","targetHints":{"allow":["GET"]}}],"collection":[{"href":"https:\/\/radioljubuski.ba\/index.php\/wp-json\/wp\/v2\/posts"}],"about":[{"href":"https:\/\/radioljubuski.ba\/index.php\/wp-json\/wp\/v2\/types\/post"}],"author":[{"embeddable":true,"href":"https:\/\/radioljubuski.ba\/index.php\/wp-json\/wp\/v2\/users\/2"}],"replies":[{"embeddable":true,"href":"https:\/\/radioljubuski.ba\/index.php\/wp-json\/wp\/v2\/comments?post=223242"}],"version-history":[{"count":1,"href":"https:\/\/radioljubuski.ba\/index.php\/wp-json\/wp\/v2\/posts\/223242\/revisions"}],"predecessor-version":[{"id":223249,"href":"https:\/\/radioljubuski.ba\/index.php\/wp-json\/wp\/v2\/posts\/223242\/revisions\/223249"}],"wp:featuredmedia":[{"embeddable":true,"href":"https:\/\/radioljubuski.ba\/index.php\/wp-json\/wp\/v2\/media\/223243"}],"wp:attachment":[{"href":"https:\/\/radioljubuski.ba\/index.php\/wp-json\/wp\/v2\/media?parent=223242"}],"wp:term":[{"taxonomy":"category","embeddable":true,"href":"https:\/\/radioljubuski.ba\/index.php\/wp-json\/wp\/v2\/categories?post=223242"},{"taxonomy":"post_tag","embeddable":true,"href":"https:\/\/radioljubuski.ba\/index.php\/wp-json\/wp\/v2\/tags?post=223242"}],"curies":[{"name":"wp","href":"https:\/\/api.w.org\/{rel}","templated":true}]}}