{"id":223250,"date":"2025-12-05T14:35:04","date_gmt":"2025-12-05T13:35:04","guid":{"rendered":"https:\/\/radioljubuski.ba\/?p=223250"},"modified":"2025-12-05T16:31:37","modified_gmt":"2025-12-05T15:31:37","slug":"izvidac-docekuje-gracanicu-izvidac-2-respect-iz-sarajeva-a-odbojkasice-libera-smec-iz-sirokog-brijega","status":"publish","type":"post","link":"https:\/\/radioljubuski.ba\/index.php\/2025\/12\/05\/izvidac-docekuje-gracanicu-izvidac-2-respect-iz-sarajeva-a-odbojkasice-libera-smec-iz-sirokog-brijega\/","title":{"rendered":"Izvi\u0111a\u010d do\u010dekuje Gra\u010danicu, Izvi\u0111a\u010d 2 Respect iz Sarajeva, a odbojka\u0161ice Libera Sme\u010d iz \u0160irokog Brijega"},"content":{"rendered":"\n<p>Za vikend koji je pred nama rukometa\u0161i Izvi\u0111a\u010d Agrama \u0107e ugostiti Gra\u010danicu, rukometa\u0161i Izvi\u0111a\u010da 2 do\u010dekuju Respect iz Sarajeva, rukometa\u0161ice Izvi\u0111a\u010da gostuju u Gora\u017edu kod istoimenog doma\u0107ina, ko\u0161arka\u0161i Ljubu\u0161kog gostuju u Mostaru kod HKK Mostar, odbojka\u0161ice Libera u subotu gostuju u Livnu kod Troglava, a ve\u0107 u nedjelju na doma\u0107em terenu do\u010dekuju Sme\u010d iz \u0160irokog Brijega, mla\u0111e \u017eenske kategorije Izvi\u0111a\u010da ugostit \u0107e svoje vr\u0161njakinje iz Nove Bile, a kadeti Izvi\u0111a\u010da do\u010dekuju Neum.<\/p>\n\n\n\n<p><strong>RUKOMET<\/strong><\/p>\n\n\n\n<p><strong>Izvi\u0111a\u010d Agram<\/strong><\/p>\n\n\n\n<p>Rukometa\u0161i Izvi\u0111a\u010d Agrama u 11. kolu Premijer lige BiH do\u010dekuju Gra\u010danicu. Utakmica se igra u subotu, 6. prosinca, s po\u010detkom u 17 sati u Gradskoj \u0161portskoj dvorani u Ljubu\u0161kom uz izravan televizijski prijenos na BHRT-u.<\/p>\n\n\n\n<p>Podsje\u0107amo, nakon 10. odigranih kola Izvi\u0111a\u010d se nalazi na vrhu prvenstvene ljestvice s 14 osvojenih bodova iz devet odigranih utakmica. Gra\u010danica je deseta na ljestvici sa sedam osvojenih bodova.<\/p>\n\n\n\n<p>Vi\u0161e pogledajte ispod:<\/p>\n\n\n\n<figure class=\"wp-block-embed is-type-wp-embed is-provider-radio-ljubu-ki wp-block-embed-radio-ljubu-ki\"><div class=\"wp-block-embed__wrapper\">\n<blockquote class=\"wp-embedded-content\" data-secret=\"KPdsDxM8II\"><a href=\"https:\/\/radioljubuski.ba\/index.php\/2025\/12\/05\/tiskovna-u-izvidacu-pred-subotnju-utakmicu-protiv-gracanice\/\">Tiskovna u Izvi\u0111a\u010du pred subotnju utakmicu protiv Gra\u010danice<\/a><\/blockquote><iframe loading=\"lazy\" class=\"wp-embedded-content\" sandbox=\"allow-scripts\" security=\"restricted\" style=\"position: absolute; visibility: hidden;\" title=\"&#8220;Tiskovna u Izvi\u0111a\u010du pred subotnju utakmicu protiv Gra\u010danice&#8221; &#8212;   RADIO LJUBU\u0160KI\" src=\"https:\/\/radioljubuski.ba\/index.php\/2025\/12\/05\/tiskovna-u-izvidacu-pred-subotnju-utakmicu-protiv-gracanice\/embed\/#?secret=BAGyM8SWAW#?secret=KPdsDxM8II\" data-secret=\"KPdsDxM8II\" width=\"600\" height=\"338\" frameborder=\"0\" marginwidth=\"0\" marginheight=\"0\" scrolling=\"no\"><\/iframe>\n<\/div><\/figure>\n\n\n\n<p><strong>Izvi\u0111a\u010d 2<\/strong><\/p>\n\n\n\n<p>Ovaj vikend igra se 11. kolo Prve lige F BIH \u2013 skupina Jug. Rukometa\u0161i Izvi\u0111a\u010da 2 \u0107e u ovom kolu ugostiti Respect iz Sarajeva. Utakmica se igra u nedjelju, 7. prosinca, s po\u010detkom u 15 sati.<\/p>\n\n\n\n<p>Podsje\u0107amo, nakon deset odigranih kola Izvi\u0111a\u010d je vode\u0107i na prvenstvenoj ljestvicu sa 16 osvojenih bodova iz devet odigranih utakmica, Respect je \u0161esti s deset bodova.<\/p>\n\n\n\n<p><strong>Izvi\u0111a\u010d \u017eene<\/strong><\/p>\n\n\n\n<p>Rukometa\u0161ice Izvi\u0111a\u010da u 7. kolu Premijer lige BiH gostuju u Gora\u017edu kod istoimenog doma\u0107ina. Utakmica se igra u nedjelju, 7. prosinca, s po\u010detkom u 19 sati.<\/p>\n\n\n\n<p>Podsje\u0107amo, nakon 6. odigranih kola Izvi\u0111a\u010d se nalazi na posljednjem mjestu prvenstvene ljestvice s dva osvojena boda iz pet odigranih utakmica. Gora\u017ede je peto na ljestvici s pet osvojenih bodova iz pet odigranih susreta.<\/p>\n\n\n\n<p><strong>Rukometna akademija Izvi\u0111a\u010d<\/strong><\/p>\n\n\n\n<p>Mla\u0111e \u017eenske kategorije Izvi\u0111a\u010da u nedjelju, 7. prosinca, u Gradskoj \u0161portskoj dvorani ugo\u0161\u0107uju svoje vr\u0161njakinje iz Nove Bile. Utakmice \u0107e se igrati u tri kategorije, kadetkinje, mla\u0111e kadetkinje i djevoj\u010dice. Prgram po\u010dinje u 11 sati, a zavr\u0161etak se o\u010dekuje oko 14 sati.<\/p>\n\n\n\n<p>Kadeti Izvi\u0111a\u010da u nedjelju, 7. prosinca, u utakmici Lige HB za mlade, do\u010dekuju svoje vr\u0161njake iz Neuma. Utakmica se igra u Gradskoj \u0161portskoj dvorani u Ljubu\u0161kom s po\u010detkom u 17 sati.<\/p>\n\n\n\n<p><strong>KO\u0160ARKA<\/strong><\/p>\n\n\n\n<p>Ko\u0161arka\u0161i Ljubu\u0161kog u 6. kolu &nbsp;Lige Ko\u0161arka\u0161kog saveza Herceg \u2013 Bosne gostuju u Mostaru kod HKK Mostar. Utakmica se igra u subotu, 6. prosinca, u \u0160portskoj dvorani Bijeli Brijeg s po\u010detkom u 18 sati.<\/p>\n\n\n\n<p>Mostarci u ovaj susret ulaze nakon uvjerljive pobjede u pro\u0161lom kolu i \u017eele potvrditi dobru formu protiv vode\u0107e mom\u010dadi lige. O\u010dekuje se zanimljiva i borbena utakmica, s obzirom na to da Ljubu\u0161ki dosad nije upisao poraz, dok Mostar tra\u017ei va\u017ean trijumf za priklju\u010dak vrhu ljestvice.<\/p>\n\n\n\n<figure class=\"wp-block-image size-large\"><img loading=\"lazy\" decoding=\"async\" width=\"819\" height=\"1024\" src=\"https:\/\/radioljubuski.ba\/wp-content\/uploads\/2025\/12\/NEXT-MATCH-819x1024.png\" alt=\"\" class=\"wp-image-223251\" srcset=\"https:\/\/radioljubuski.ba\/wp-content\/uploads\/2025\/12\/NEXT-MATCH-819x1024.png 819w, https:\/\/radioljubuski.ba\/wp-content\/uploads\/2025\/12\/NEXT-MATCH-240x300.png 240w, https:\/\/radioljubuski.ba\/wp-content\/uploads\/2025\/12\/NEXT-MATCH-768x960.png 768w, https:\/\/radioljubuski.ba\/wp-content\/uploads\/2025\/12\/NEXT-MATCH-10x12.png 10w, https:\/\/radioljubuski.ba\/wp-content\/uploads\/2025\/12\/NEXT-MATCH.png 960w\" sizes=\"auto, (max-width: 819px) 100vw, 819px\" \/><\/figure>\n\n\n\n<p><strong>ODBOJKA<\/strong><\/p>\n\n\n\n<p>Odbojka\u0161ice ljubu\u0161kog Libera \u0107e u subotu, 6. prosinca, odigrati zaostalu utakmicu protiv Troglava u Livnu. Utakmica se igra u tri kategorije, kadetkinje, mla\u0111e kadetkinje i djevoj\u010dice, a po\u010detak programa je u 11 sati<\/p>\n\n\n\n<p>Dan poslije Liberice o\u010dekuje utakmica 7. kola Lige Hercegovine. Dakle, u nedjelju, 7. listopada, Liberice \u0107e ugostiti Sme\u010d iz \u0160irokog Brijega. Utakmice se igraju u dvorani Osnovne \u0161kole Marka Maruli\u0107a u Ljubu\u0161kom s po\u010detkom u 12 sati.<\/p>\n\n\n\n<p>Radio Ljubu\u0161ki<\/p>\n","protected":false},"excerpt":{"rendered":"<p>Za vikend koji je pred nama rukometa\u0161i Izvi\u0111a\u010d Agrama \u0107e ugostiti Gra\u010danicu, rukometa\u0161i Izvi\u0111a\u010da 2 do\u010dekuju Respect iz Sarajeva, rukometa\u0161ice Izvi\u0111a\u010da gostuju u Gora\u017edu kod istoimenog doma\u0107ina, ko\u0161arka\u0161i Ljubu\u0161kog gostuju u Mostaru kod HKK Mostar, odbojka\u0161ice Libera u subotu gostuju u Livnu kod Troglava, a ve\u0107 u nedjelju na doma\u0107em terenu do\u010dekuju Sme\u010d iz \u0160irokog [&hellip;]<\/p>\n","protected":false},"author":2,"featured_media":223253,"comment_status":"closed","ping_status":"closed","sticky":false,"template":"","format":"standard","meta":{"h5ap_radio_sources":[],"footnotes":""},"categories":[3,28,7],"tags":[],"class_list":["post-223250","post","type-post","status-publish","format-standard","has-post-thumbnail","hentry","category-ljubuski","category-novosti","category-sport"],"yoast_head":"<!-- This site is optimized with the Yoast SEO plugin v27.5 - https:\/\/yoast.com\/product\/yoast-seo-wordpress\/ -->\n<title>Izvi\u0111a\u010d do\u010dekuje Gra\u010danicu, Izvi\u0111a\u010d 2 Respect iz Sarajeva, a odbojka\u0161ice Libera Sme\u010d iz \u0160irokog Brijega - RADIO LJUBU\u0160KI<\/title>\n<meta name=\"robots\" content=\"index, follow, max-snippet:-1, max-image-preview:large, max-video-preview:-1\" \/>\n<link rel=\"canonical\" href=\"https:\/\/radioljubuski.ba\/index.php\/2025\/12\/05\/izvidac-docekuje-gracanicu-izvidac-2-respect-iz-sarajeva-a-odbojkasice-libera-smec-iz-sirokog-brijega\/\" \/>\n<meta property=\"og:locale\" content=\"hr_HR\" \/>\n<meta property=\"og:type\" content=\"article\" \/>\n<meta property=\"og:title\" content=\"Izvi\u0111a\u010d do\u010dekuje Gra\u010danicu, Izvi\u0111a\u010d 2 Respect iz Sarajeva, a odbojka\u0161ice Libera Sme\u010d iz \u0160irokog Brijega - RADIO LJUBU\u0160KI\" \/>\n<meta property=\"og:description\" content=\"Za vikend koji je pred nama rukometa\u0161i Izvi\u0111a\u010d Agrama \u0107e ugostiti Gra\u010danicu, rukometa\u0161i Izvi\u0111a\u010da 2 do\u010dekuju Respect iz Sarajeva, rukometa\u0161ice Izvi\u0111a\u010da gostuju u Gora\u017edu kod istoimenog doma\u0107ina, ko\u0161arka\u0161i Ljubu\u0161kog gostuju u Mostaru kod HKK Mostar, odbojka\u0161ice Libera u subotu gostuju u Livnu kod Troglava, a ve\u0107 u nedjelju na doma\u0107em terenu do\u010dekuju Sme\u010d iz \u0160irokog [&hellip;]\" \/>\n<meta property=\"og:url\" content=\"https:\/\/radioljubuski.ba\/index.php\/2025\/12\/05\/izvidac-docekuje-gracanicu-izvidac-2-respect-iz-sarajeva-a-odbojkasice-libera-smec-iz-sirokog-brijega\/\" \/>\n<meta property=\"og:site_name\" content=\"RADIO LJUBU\u0160KI\" \/>\n<meta property=\"article:publisher\" content=\"https:\/\/www.facebook.com\/Radiio-Ljubuski-1490835324566332\" \/>\n<meta property=\"article:published_time\" content=\"2025-12-05T13:35:04+00:00\" \/>\n<meta property=\"article:modified_time\" content=\"2025-12-05T15:31:37+00:00\" \/>\n<meta property=\"og:image\" content=\"https:\/\/radioljubuski.ba\/wp-content\/uploads\/2025\/12\/sportski-vodic_20251205_163035_0000.png\" \/>\n\t<meta property=\"og:image:width\" content=\"1080\" \/>\n\t<meta property=\"og:image:height\" content=\"1080\" \/>\n\t<meta property=\"og:image:type\" content=\"image\/png\" \/>\n<meta name=\"author\" content=\"Radio Ljubu\u0161ki\" \/>\n<meta name=\"twitter:card\" content=\"summary_large_image\" \/>\n<meta name=\"twitter:creator\" content=\"@radioljubuski\" \/>\n<meta name=\"twitter:site\" content=\"@radioljubuski\" \/>\n<meta name=\"twitter:label1\" content=\"Napisao\/la\" \/>\n\t<meta name=\"twitter:data1\" content=\"Radio Ljubu\u0161ki\" \/>\n\t<meta name=\"twitter:label2\" content=\"Procijenjeno vrijeme \u010ditanja\" \/>\n\t<meta name=\"twitter:data2\" content=\"4 minute\" \/>\n<script type=\"application\/ld+json\" class=\"yoast-schema-graph\">{\"@context\":\"https:\\\/\\\/schema.org\",\"@graph\":[{\"@type\":\"Article\",\"@id\":\"https:\\\/\\\/radioljubuski.ba\\\/index.php\\\/2025\\\/12\\\/05\\\/izvidac-docekuje-gracanicu-izvidac-2-respect-iz-sarajeva-a-odbojkasice-libera-smec-iz-sirokog-brijega\\\/#article\",\"isPartOf\":{\"@id\":\"https:\\\/\\\/radioljubuski.ba\\\/index.php\\\/2025\\\/12\\\/05\\\/izvidac-docekuje-gracanicu-izvidac-2-respect-iz-sarajeva-a-odbojkasice-libera-smec-iz-sirokog-brijega\\\/\"},\"author\":{\"name\":\"Radio Ljubu\u0161ki\",\"@id\":\"https:\\\/\\\/radioljubuski.ba\\\/#\\\/schema\\\/person\\\/19fc700381a780f69665d7956c469e3b\"},\"headline\":\"Izvi\u0111a\u010d do\u010dekuje Gra\u010danicu, Izvi\u0111a\u010d 2 Respect iz Sarajeva, a odbojka\u0161ice Libera Sme\u010d iz \u0160irokog Brijega\",\"datePublished\":\"2025-12-05T13:35:04+00:00\",\"dateModified\":\"2025-12-05T15:31:37+00:00\",\"mainEntityOfPage\":{\"@id\":\"https:\\\/\\\/radioljubuski.ba\\\/index.php\\\/2025\\\/12\\\/05\\\/izvidac-docekuje-gracanicu-izvidac-2-respect-iz-sarajeva-a-odbojkasice-libera-smec-iz-sirokog-brijega\\\/\"},\"wordCount\":587,\"publisher\":{\"@id\":\"https:\\\/\\\/radioljubuski.ba\\\/#organization\"},\"image\":{\"@id\":\"https:\\\/\\\/radioljubuski.ba\\\/index.php\\\/2025\\\/12\\\/05\\\/izvidac-docekuje-gracanicu-izvidac-2-respect-iz-sarajeva-a-odbojkasice-libera-smec-iz-sirokog-brijega\\\/#primaryimage\"},\"thumbnailUrl\":\"https:\\\/\\\/radioljubuski.ba\\\/wp-content\\\/uploads\\\/2025\\\/12\\\/sportski-vodic_20251205_163035_0000.png\",\"articleSection\":[\"Ljubu\u0161ki\",\"Novosti\",\"\u0160port\"],\"inLanguage\":\"hr\"},{\"@type\":\"WebPage\",\"@id\":\"https:\\\/\\\/radioljubuski.ba\\\/index.php\\\/2025\\\/12\\\/05\\\/izvidac-docekuje-gracanicu-izvidac-2-respect-iz-sarajeva-a-odbojkasice-libera-smec-iz-sirokog-brijega\\\/\",\"url\":\"https:\\\/\\\/radioljubuski.ba\\\/index.php\\\/2025\\\/12\\\/05\\\/izvidac-docekuje-gracanicu-izvidac-2-respect-iz-sarajeva-a-odbojkasice-libera-smec-iz-sirokog-brijega\\\/\",\"name\":\"Izvi\u0111a\u010d do\u010dekuje Gra\u010danicu, Izvi\u0111a\u010d 2 Respect iz Sarajeva, a odbojka\u0161ice Libera Sme\u010d iz \u0160irokog Brijega - RADIO LJUBU\u0160KI\",\"isPartOf\":{\"@id\":\"https:\\\/\\\/radioljubuski.ba\\\/#website\"},\"primaryImageOfPage\":{\"@id\":\"https:\\\/\\\/radioljubuski.ba\\\/index.php\\\/2025\\\/12\\\/05\\\/izvidac-docekuje-gracanicu-izvidac-2-respect-iz-sarajeva-a-odbojkasice-libera-smec-iz-sirokog-brijega\\\/#primaryimage\"},\"image\":{\"@id\":\"https:\\\/\\\/radioljubuski.ba\\\/index.php\\\/2025\\\/12\\\/05\\\/izvidac-docekuje-gracanicu-izvidac-2-respect-iz-sarajeva-a-odbojkasice-libera-smec-iz-sirokog-brijega\\\/#primaryimage\"},\"thumbnailUrl\":\"https:\\\/\\\/radioljubuski.ba\\\/wp-content\\\/uploads\\\/2025\\\/12\\\/sportski-vodic_20251205_163035_0000.png\",\"datePublished\":\"2025-12-05T13:35:04+00:00\",\"dateModified\":\"2025-12-05T15:31:37+00:00\",\"breadcrumb\":{\"@id\":\"https:\\\/\\\/radioljubuski.ba\\\/index.php\\\/2025\\\/12\\\/05\\\/izvidac-docekuje-gracanicu-izvidac-2-respect-iz-sarajeva-a-odbojkasice-libera-smec-iz-sirokog-brijega\\\/#breadcrumb\"},\"inLanguage\":\"hr\",\"potentialAction\":[{\"@type\":\"ReadAction\",\"target\":[\"https:\\\/\\\/radioljubuski.ba\\\/index.php\\\/2025\\\/12\\\/05\\\/izvidac-docekuje-gracanicu-izvidac-2-respect-iz-sarajeva-a-odbojkasice-libera-smec-iz-sirokog-brijega\\\/\"]}]},{\"@type\":\"ImageObject\",\"inLanguage\":\"hr\",\"@id\":\"https:\\\/\\\/radioljubuski.ba\\\/index.php\\\/2025\\\/12\\\/05\\\/izvidac-docekuje-gracanicu-izvidac-2-respect-iz-sarajeva-a-odbojkasice-libera-smec-iz-sirokog-brijega\\\/#primaryimage\",\"url\":\"https:\\\/\\\/radioljubuski.ba\\\/wp-content\\\/uploads\\\/2025\\\/12\\\/sportski-vodic_20251205_163035_0000.png\",\"contentUrl\":\"https:\\\/\\\/radioljubuski.ba\\\/wp-content\\\/uploads\\\/2025\\\/12\\\/sportski-vodic_20251205_163035_0000.png\",\"width\":1080,\"height\":1080},{\"@type\":\"BreadcrumbList\",\"@id\":\"https:\\\/\\\/radioljubuski.ba\\\/index.php\\\/2025\\\/12\\\/05\\\/izvidac-docekuje-gracanicu-izvidac-2-respect-iz-sarajeva-a-odbojkasice-libera-smec-iz-sirokog-brijega\\\/#breadcrumb\",\"itemListElement\":[{\"@type\":\"ListItem\",\"position\":1,\"name\":\"Po\u010detna stranica\",\"item\":\"https:\\\/\\\/radioljubuski.ba\\\/\"},{\"@type\":\"ListItem\",\"position\":2,\"name\":\"Izvi\u0111a\u010d do\u010dekuje Gra\u010danicu, Izvi\u0111a\u010d 2 Respect iz Sarajeva, a odbojka\u0161ice Libera Sme\u010d iz \u0160irokog Brijega\"}]},{\"@type\":\"WebSite\",\"@id\":\"https:\\\/\\\/radioljubuski.ba\\\/#website\",\"url\":\"https:\\\/\\\/radioljubuski.ba\\\/\",\"name\":\"Radio Ljubu\u0161ki\",\"description\":\"Sun\u010dana frekvencija Hercegovine\",\"publisher\":{\"@id\":\"https:\\\/\\\/radioljubuski.ba\\\/#organization\"},\"potentialAction\":[{\"@type\":\"SearchAction\",\"target\":{\"@type\":\"EntryPoint\",\"urlTemplate\":\"https:\\\/\\\/radioljubuski.ba\\\/?s={search_term_string}\"},\"query-input\":{\"@type\":\"PropertyValueSpecification\",\"valueRequired\":true,\"valueName\":\"search_term_string\"}}],\"inLanguage\":\"hr\"},{\"@type\":\"Organization\",\"@id\":\"https:\\\/\\\/radioljubuski.ba\\\/#organization\",\"name\":\"Radio Ljubu\u0161ki\",\"url\":\"https:\\\/\\\/radioljubuski.ba\\\/\",\"logo\":{\"@type\":\"ImageObject\",\"inLanguage\":\"hr\",\"@id\":\"https:\\\/\\\/radioljubuski.ba\\\/#\\\/schema\\\/logo\\\/image\\\/\",\"url\":\"https:\\\/\\\/radioljubuski.ba\\\/wp-content\\\/uploads\\\/2021\\\/02\\\/cropped-Radio_Ljubuski_logo1.jpg\",\"contentUrl\":\"https:\\\/\\\/radioljubuski.ba\\\/wp-content\\\/uploads\\\/2021\\\/02\\\/cropped-Radio_Ljubuski_logo1.jpg\",\"width\":512,\"height\":512,\"caption\":\"Radio Ljubu\u0161ki\"},\"image\":{\"@id\":\"https:\\\/\\\/radioljubuski.ba\\\/#\\\/schema\\\/logo\\\/image\\\/\"},\"sameAs\":[\"https:\\\/\\\/www.facebook.com\\\/Radiio-Ljubuski-1490835324566332\",\"https:\\\/\\\/x.com\\\/radioljubuski\",\"https:\\\/\\\/hr.linkedin.com\\\/company\\\/radio-ljubuski\",\"https:\\\/\\\/www.youtube.com\\\/channel\\\/UCHYaeO_n0Db3tjNGudGpXyw\"]},{\"@type\":\"Person\",\"@id\":\"https:\\\/\\\/radioljubuski.ba\\\/#\\\/schema\\\/person\\\/19fc700381a780f69665d7956c469e3b\",\"name\":\"Radio Ljubu\u0161ki\"}]}<\/script>\n<!-- \/ Yoast SEO plugin. -->","yoast_head_json":{"title":"Izvi\u0111a\u010d do\u010dekuje Gra\u010danicu, Izvi\u0111a\u010d 2 Respect iz Sarajeva, a odbojka\u0161ice Libera Sme\u010d iz \u0160irokog Brijega - RADIO LJUBU\u0160KI","robots":{"index":"index","follow":"follow","max-snippet":"max-snippet:-1","max-image-preview":"max-image-preview:large","max-video-preview":"max-video-preview:-1"},"canonical":"https:\/\/radioljubuski.ba\/index.php\/2025\/12\/05\/izvidac-docekuje-gracanicu-izvidac-2-respect-iz-sarajeva-a-odbojkasice-libera-smec-iz-sirokog-brijega\/","og_locale":"hr_HR","og_type":"article","og_title":"Izvi\u0111a\u010d do\u010dekuje Gra\u010danicu, Izvi\u0111a\u010d 2 Respect iz Sarajeva, a odbojka\u0161ice Libera Sme\u010d iz \u0160irokog Brijega - RADIO LJUBU\u0160KI","og_description":"Za vikend koji je pred nama rukometa\u0161i Izvi\u0111a\u010d Agrama \u0107e ugostiti Gra\u010danicu, rukometa\u0161i Izvi\u0111a\u010da 2 do\u010dekuju Respect iz Sarajeva, rukometa\u0161ice Izvi\u0111a\u010da gostuju u Gora\u017edu kod istoimenog doma\u0107ina, ko\u0161arka\u0161i Ljubu\u0161kog gostuju u Mostaru kod HKK Mostar, odbojka\u0161ice Libera u subotu gostuju u Livnu kod Troglava, a ve\u0107 u nedjelju na doma\u0107em terenu do\u010dekuju Sme\u010d iz \u0160irokog [&hellip;]","og_url":"https:\/\/radioljubuski.ba\/index.php\/2025\/12\/05\/izvidac-docekuje-gracanicu-izvidac-2-respect-iz-sarajeva-a-odbojkasice-libera-smec-iz-sirokog-brijega\/","og_site_name":"RADIO LJUBU\u0160KI","article_publisher":"https:\/\/www.facebook.com\/Radiio-Ljubuski-1490835324566332","article_published_time":"2025-12-05T13:35:04+00:00","article_modified_time":"2025-12-05T15:31:37+00:00","og_image":[{"width":1080,"height":1080,"url":"https:\/\/radioljubuski.ba\/wp-content\/uploads\/2025\/12\/sportski-vodic_20251205_163035_0000.png","type":"image\/png"}],"author":"Radio Ljubu\u0161ki","twitter_card":"summary_large_image","twitter_creator":"@radioljubuski","twitter_site":"@radioljubuski","twitter_misc":{"Napisao\/la":"Radio Ljubu\u0161ki","Procijenjeno vrijeme \u010ditanja":"4 minute"},"schema":{"@context":"https:\/\/schema.org","@graph":[{"@type":"Article","@id":"https:\/\/radioljubuski.ba\/index.php\/2025\/12\/05\/izvidac-docekuje-gracanicu-izvidac-2-respect-iz-sarajeva-a-odbojkasice-libera-smec-iz-sirokog-brijega\/#article","isPartOf":{"@id":"https:\/\/radioljubuski.ba\/index.php\/2025\/12\/05\/izvidac-docekuje-gracanicu-izvidac-2-respect-iz-sarajeva-a-odbojkasice-libera-smec-iz-sirokog-brijega\/"},"author":{"name":"Radio Ljubu\u0161ki","@id":"https:\/\/radioljubuski.ba\/#\/schema\/person\/19fc700381a780f69665d7956c469e3b"},"headline":"Izvi\u0111a\u010d do\u010dekuje Gra\u010danicu, Izvi\u0111a\u010d 2 Respect iz Sarajeva, a odbojka\u0161ice Libera Sme\u010d iz \u0160irokog Brijega","datePublished":"2025-12-05T13:35:04+00:00","dateModified":"2025-12-05T15:31:37+00:00","mainEntityOfPage":{"@id":"https:\/\/radioljubuski.ba\/index.php\/2025\/12\/05\/izvidac-docekuje-gracanicu-izvidac-2-respect-iz-sarajeva-a-odbojkasice-libera-smec-iz-sirokog-brijega\/"},"wordCount":587,"publisher":{"@id":"https:\/\/radioljubuski.ba\/#organization"},"image":{"@id":"https:\/\/radioljubuski.ba\/index.php\/2025\/12\/05\/izvidac-docekuje-gracanicu-izvidac-2-respect-iz-sarajeva-a-odbojkasice-libera-smec-iz-sirokog-brijega\/#primaryimage"},"thumbnailUrl":"https:\/\/radioljubuski.ba\/wp-content\/uploads\/2025\/12\/sportski-vodic_20251205_163035_0000.png","articleSection":["Ljubu\u0161ki","Novosti","\u0160port"],"inLanguage":"hr"},{"@type":"WebPage","@id":"https:\/\/radioljubuski.ba\/index.php\/2025\/12\/05\/izvidac-docekuje-gracanicu-izvidac-2-respect-iz-sarajeva-a-odbojkasice-libera-smec-iz-sirokog-brijega\/","url":"https:\/\/radioljubuski.ba\/index.php\/2025\/12\/05\/izvidac-docekuje-gracanicu-izvidac-2-respect-iz-sarajeva-a-odbojkasice-libera-smec-iz-sirokog-brijega\/","name":"Izvi\u0111a\u010d do\u010dekuje Gra\u010danicu, Izvi\u0111a\u010d 2 Respect iz Sarajeva, a odbojka\u0161ice Libera Sme\u010d iz \u0160irokog Brijega - RADIO LJUBU\u0160KI","isPartOf":{"@id":"https:\/\/radioljubuski.ba\/#website"},"primaryImageOfPage":{"@id":"https:\/\/radioljubuski.ba\/index.php\/2025\/12\/05\/izvidac-docekuje-gracanicu-izvidac-2-respect-iz-sarajeva-a-odbojkasice-libera-smec-iz-sirokog-brijega\/#primaryimage"},"image":{"@id":"https:\/\/radioljubuski.ba\/index.php\/2025\/12\/05\/izvidac-docekuje-gracanicu-izvidac-2-respect-iz-sarajeva-a-odbojkasice-libera-smec-iz-sirokog-brijega\/#primaryimage"},"thumbnailUrl":"https:\/\/radioljubuski.ba\/wp-content\/uploads\/2025\/12\/sportski-vodic_20251205_163035_0000.png","datePublished":"2025-12-05T13:35:04+00:00","dateModified":"2025-12-05T15:31:37+00:00","breadcrumb":{"@id":"https:\/\/radioljubuski.ba\/index.php\/2025\/12\/05\/izvidac-docekuje-gracanicu-izvidac-2-respect-iz-sarajeva-a-odbojkasice-libera-smec-iz-sirokog-brijega\/#breadcrumb"},"inLanguage":"hr","potentialAction":[{"@type":"ReadAction","target":["https:\/\/radioljubuski.ba\/index.php\/2025\/12\/05\/izvidac-docekuje-gracanicu-izvidac-2-respect-iz-sarajeva-a-odbojkasice-libera-smec-iz-sirokog-brijega\/"]}]},{"@type":"ImageObject","inLanguage":"hr","@id":"https:\/\/radioljubuski.ba\/index.php\/2025\/12\/05\/izvidac-docekuje-gracanicu-izvidac-2-respect-iz-sarajeva-a-odbojkasice-libera-smec-iz-sirokog-brijega\/#primaryimage","url":"https:\/\/radioljubuski.ba\/wp-content\/uploads\/2025\/12\/sportski-vodic_20251205_163035_0000.png","contentUrl":"https:\/\/radioljubuski.ba\/wp-content\/uploads\/2025\/12\/sportski-vodic_20251205_163035_0000.png","width":1080,"height":1080},{"@type":"BreadcrumbList","@id":"https:\/\/radioljubuski.ba\/index.php\/2025\/12\/05\/izvidac-docekuje-gracanicu-izvidac-2-respect-iz-sarajeva-a-odbojkasice-libera-smec-iz-sirokog-brijega\/#breadcrumb","itemListElement":[{"@type":"ListItem","position":1,"name":"Po\u010detna stranica","item":"https:\/\/radioljubuski.ba\/"},{"@type":"ListItem","position":2,"name":"Izvi\u0111a\u010d do\u010dekuje Gra\u010danicu, Izvi\u0111a\u010d 2 Respect iz Sarajeva, a odbojka\u0161ice Libera Sme\u010d iz \u0160irokog Brijega"}]},{"@type":"WebSite","@id":"https:\/\/radioljubuski.ba\/#website","url":"https:\/\/radioljubuski.ba\/","name":"Radio Ljubu\u0161ki","description":"Sun\u010dana frekvencija Hercegovine","publisher":{"@id":"https:\/\/radioljubuski.ba\/#organization"},"potentialAction":[{"@type":"SearchAction","target":{"@type":"EntryPoint","urlTemplate":"https:\/\/radioljubuski.ba\/?s={search_term_string}"},"query-input":{"@type":"PropertyValueSpecification","valueRequired":true,"valueName":"search_term_string"}}],"inLanguage":"hr"},{"@type":"Organization","@id":"https:\/\/radioljubuski.ba\/#organization","name":"Radio Ljubu\u0161ki","url":"https:\/\/radioljubuski.ba\/","logo":{"@type":"ImageObject","inLanguage":"hr","@id":"https:\/\/radioljubuski.ba\/#\/schema\/logo\/image\/","url":"https:\/\/radioljubuski.ba\/wp-content\/uploads\/2021\/02\/cropped-Radio_Ljubuski_logo1.jpg","contentUrl":"https:\/\/radioljubuski.ba\/wp-content\/uploads\/2021\/02\/cropped-Radio_Ljubuski_logo1.jpg","width":512,"height":512,"caption":"Radio Ljubu\u0161ki"},"image":{"@id":"https:\/\/radioljubuski.ba\/#\/schema\/logo\/image\/"},"sameAs":["https:\/\/www.facebook.com\/Radiio-Ljubuski-1490835324566332","https:\/\/x.com\/radioljubuski","https:\/\/hr.linkedin.com\/company\/radio-ljubuski","https:\/\/www.youtube.com\/channel\/UCHYaeO_n0Db3tjNGudGpXyw"]},{"@type":"Person","@id":"https:\/\/radioljubuski.ba\/#\/schema\/person\/19fc700381a780f69665d7956c469e3b","name":"Radio Ljubu\u0161ki"}]}},"_links":{"self":[{"href":"https:\/\/radioljubuski.ba\/index.php\/wp-json\/wp\/v2\/posts\/223250","targetHints":{"allow":["GET"]}}],"collection":[{"href":"https:\/\/radioljubuski.ba\/index.php\/wp-json\/wp\/v2\/posts"}],"about":[{"href":"https:\/\/radioljubuski.ba\/index.php\/wp-json\/wp\/v2\/types\/post"}],"author":[{"embeddable":true,"href":"https:\/\/radioljubuski.ba\/index.php\/wp-json\/wp\/v2\/users\/2"}],"replies":[{"embeddable":true,"href":"https:\/\/radioljubuski.ba\/index.php\/wp-json\/wp\/v2\/comments?post=223250"}],"version-history":[{"count":2,"href":"https:\/\/radioljubuski.ba\/index.php\/wp-json\/wp\/v2\/posts\/223250\/revisions"}],"predecessor-version":[{"id":223254,"href":"https:\/\/radioljubuski.ba\/index.php\/wp-json\/wp\/v2\/posts\/223250\/revisions\/223254"}],"wp:featuredmedia":[{"embeddable":true,"href":"https:\/\/radioljubuski.ba\/index.php\/wp-json\/wp\/v2\/media\/223253"}],"wp:attachment":[{"href":"https:\/\/radioljubuski.ba\/index.php\/wp-json\/wp\/v2\/media?parent=223250"}],"wp:term":[{"taxonomy":"category","embeddable":true,"href":"https:\/\/radioljubuski.ba\/index.php\/wp-json\/wp\/v2\/categories?post=223250"},{"taxonomy":"post_tag","embeddable":true,"href":"https:\/\/radioljubuski.ba\/index.php\/wp-json\/wp\/v2\/tags?post=223250"}],"curies":[{"name":"wp","href":"https:\/\/api.w.org\/{rel}","templated":true}]}}