{"id":223270,"date":"2025-12-06T12:26:20","date_gmt":"2025-12-06T11:26:20","guid":{"rendered":"https:\/\/radioljubuski.ba\/?p=223270"},"modified":"2025-12-06T12:26:22","modified_gmt":"2025-12-06T11:26:22","slug":"kk-libusa-nastavlja-niz-nakon-jukebox-koncerta-stizu-novi-programi-i-predstave","status":"publish","type":"post","link":"https:\/\/radioljubuski.ba\/index.php\/2025\/12\/06\/kk-libusa-nastavlja-niz-nakon-jukebox-koncerta-stizu-novi-programi-i-predstave\/","title":{"rendered":"KK Libu\u0161a nastavlja niz: Nakon Jukebox koncerta sti\u017eu novi programi i predstave"},"content":{"rendered":"\n<p><strong>Koncert \u201cJukebox Libu\u0161a\u201d odr\u017ean u \u010detvrtak 4.prosinca 2025. u Kulturnom centru Ljubu\u0161ki unato\u010d ki\u0161nom vremenu privukao je posjetitelje koji su u\u017eivali u zanimljivoj glazbenoj ve\u010deri.<\/strong><br>Program, organiziran od strane <strong>Kluba kulture Libu\u0161a<\/strong>, predstavio je raznolike glazbene izvedbe izvo\u0111a\u010da: <strong>Ante Lea Dugand\u017ei\u0107a<\/strong>, <strong>Bernarda Lauca<\/strong>, <strong>Manuele \u0160evo<\/strong>, <strong>Mladena Mand\u017ee<\/strong>, <strong>Sare Marolt<\/strong> i <strong>Zlate Petkovi\u0107<\/strong>. Svaki je izvo\u0111a\u010d svojim nastupom pridonio dinami\u010dnom i zabavnom izvo\u0111enju repertoara.<\/p>\n\n\n\n<figure class=\"wp-block-image size-large\"><img loading=\"lazy\" decoding=\"async\" width=\"1024\" height=\"684\" src=\"https:\/\/radioljubuski.ba\/wp-content\/uploads\/2025\/12\/repertoar-1024x684.jpg\" alt=\"\" class=\"wp-image-223286\" srcset=\"https:\/\/radioljubuski.ba\/wp-content\/uploads\/2025\/12\/repertoar-1024x684.jpg 1024w, https:\/\/radioljubuski.ba\/wp-content\/uploads\/2025\/12\/repertoar-300x200.jpg 300w, https:\/\/radioljubuski.ba\/wp-content\/uploads\/2025\/12\/repertoar-768x513.jpg 768w, https:\/\/radioljubuski.ba\/wp-content\/uploads\/2025\/12\/repertoar-1536x1026.jpg 1536w, https:\/\/radioljubuski.ba\/wp-content\/uploads\/2025\/12\/repertoar-18x12.jpg 18w, https:\/\/radioljubuski.ba\/wp-content\/uploads\/2025\/12\/repertoar.jpg 1600w\" sizes=\"auto, (max-width: 1024px) 100vw, 1024px\" \/><\/figure>\n\n\n\n<figure class=\"wp-block-gallery has-nested-images columns-default is-cropped wp-block-gallery-1 is-layout-flex wp-block-gallery-is-layout-flex\">\n<figure class=\"wp-block-image size-large\"><img loading=\"lazy\" decoding=\"async\" width=\"1024\" height=\"684\" data-id=\"223272\" src=\"https:\/\/radioljubuski.ba\/wp-content\/uploads\/2025\/12\/libusa4-1024x684.jpg\" alt=\"\" class=\"wp-image-223272\" srcset=\"https:\/\/radioljubuski.ba\/wp-content\/uploads\/2025\/12\/libusa4-1024x684.jpg 1024w, https:\/\/radioljubuski.ba\/wp-content\/uploads\/2025\/12\/libusa4-300x200.jpg 300w, https:\/\/radioljubuski.ba\/wp-content\/uploads\/2025\/12\/libusa4-768x513.jpg 768w, https:\/\/radioljubuski.ba\/wp-content\/uploads\/2025\/12\/libusa4-1536x1026.jpg 1536w, https:\/\/radioljubuski.ba\/wp-content\/uploads\/2025\/12\/libusa4-18x12.jpg 18w, https:\/\/radioljubuski.ba\/wp-content\/uploads\/2025\/12\/libusa4.jpg 1540w\" sizes=\"auto, (max-width: 1024px) 100vw, 1024px\" \/><\/figure>\n\n\n\n<figure class=\"wp-block-image size-large\"><img loading=\"lazy\" decoding=\"async\" width=\"1024\" height=\"684\" data-id=\"223273\" src=\"https:\/\/radioljubuski.ba\/wp-content\/uploads\/2025\/12\/libusa5-1024x684.jpg\" alt=\"\" class=\"wp-image-223273\" srcset=\"https:\/\/radioljubuski.ba\/wp-content\/uploads\/2025\/12\/libusa5-1024x684.jpg 1024w, https:\/\/radioljubuski.ba\/wp-content\/uploads\/2025\/12\/libusa5-300x200.jpg 300w, https:\/\/radioljubuski.ba\/wp-content\/uploads\/2025\/12\/libusa5-768x513.jpg 768w, https:\/\/radioljubuski.ba\/wp-content\/uploads\/2025\/12\/libusa5-1536x1026.jpg 1536w, https:\/\/radioljubuski.ba\/wp-content\/uploads\/2025\/12\/libusa5-18x12.jpg 18w, https:\/\/radioljubuski.ba\/wp-content\/uploads\/2025\/12\/libusa5.jpg 1600w\" sizes=\"auto, (max-width: 1024px) 100vw, 1024px\" \/><\/figure>\n<\/figure>\n\n\n\n<p><\/p>\n\n\n\n<figure class=\"wp-block-gallery has-nested-images columns-default is-cropped wp-block-gallery-2 is-layout-flex wp-block-gallery-is-layout-flex\">\n<figure class=\"wp-block-image size-large\"><img loading=\"lazy\" decoding=\"async\" width=\"1024\" height=\"684\" data-id=\"223274\" src=\"https:\/\/radioljubuski.ba\/wp-content\/uploads\/2025\/12\/libusa9-1024x684.jpg\" alt=\"\" class=\"wp-image-223274\" srcset=\"https:\/\/radioljubuski.ba\/wp-content\/uploads\/2025\/12\/libusa9-1024x684.jpg 1024w, https:\/\/radioljubuski.ba\/wp-content\/uploads\/2025\/12\/libusa9-300x200.jpg 300w, https:\/\/radioljubuski.ba\/wp-content\/uploads\/2025\/12\/libusa9-768x513.jpg 768w, https:\/\/radioljubuski.ba\/wp-content\/uploads\/2025\/12\/libusa9-1536x1026.jpg 1536w, https:\/\/radioljubuski.ba\/wp-content\/uploads\/2025\/12\/libusa9-18x12.jpg 18w, https:\/\/radioljubuski.ba\/wp-content\/uploads\/2025\/12\/libusa9.jpg 1600w\" sizes=\"auto, (max-width: 1024px) 100vw, 1024px\" \/><\/figure>\n\n\n\n<figure class=\"wp-block-image size-large\"><img loading=\"lazy\" decoding=\"async\" width=\"1024\" height=\"684\" data-id=\"223275\" src=\"https:\/\/radioljubuski.ba\/wp-content\/uploads\/2025\/12\/libusa10-1024x684.jpg\" alt=\"\" class=\"wp-image-223275\" srcset=\"https:\/\/radioljubuski.ba\/wp-content\/uploads\/2025\/12\/libusa10-1024x684.jpg 1024w, https:\/\/radioljubuski.ba\/wp-content\/uploads\/2025\/12\/libusa10-300x200.jpg 300w, https:\/\/radioljubuski.ba\/wp-content\/uploads\/2025\/12\/libusa10-768x513.jpg 768w, https:\/\/radioljubuski.ba\/wp-content\/uploads\/2025\/12\/libusa10-1536x1026.jpg 1536w, https:\/\/radioljubuski.ba\/wp-content\/uploads\/2025\/12\/libusa10-18x12.jpg 18w, https:\/\/radioljubuski.ba\/wp-content\/uploads\/2025\/12\/libusa10.jpg 1600w\" sizes=\"auto, (max-width: 1024px) 100vw, 1024px\" \/><\/figure>\n<\/figure>\n\n\n\n<p><\/p>\n\n\n\n<figure class=\"wp-block-gallery has-nested-images columns-default is-cropped wp-block-gallery-3 is-layout-flex wp-block-gallery-is-layout-flex\">\n<figure class=\"wp-block-image size-large\"><img loading=\"lazy\" decoding=\"async\" width=\"1024\" height=\"684\" data-id=\"223283\" src=\"https:\/\/radioljubuski.ba\/wp-content\/uploads\/2025\/12\/libu-1024x684.jpg\" alt=\"\" class=\"wp-image-223283\" srcset=\"https:\/\/radioljubuski.ba\/wp-content\/uploads\/2025\/12\/libu-1024x684.jpg 1024w, https:\/\/radioljubuski.ba\/wp-content\/uploads\/2025\/12\/libu-300x200.jpg 300w, https:\/\/radioljubuski.ba\/wp-content\/uploads\/2025\/12\/libu-768x513.jpg 768w, https:\/\/radioljubuski.ba\/wp-content\/uploads\/2025\/12\/libu-18x12.jpg 18w, https:\/\/radioljubuski.ba\/wp-content\/uploads\/2025\/12\/libu.jpg 1470w\" sizes=\"auto, (max-width: 1024px) 100vw, 1024px\" \/><\/figure>\n<\/figure>\n\n\n\n<p><\/p>\n\n\n\n<figure class=\"wp-block-image size-large\"><img loading=\"lazy\" decoding=\"async\" width=\"1024\" height=\"684\" src=\"https:\/\/radioljubuski.ba\/wp-content\/uploads\/2025\/12\/libusa-7-1024x684.jpg\" alt=\"\" class=\"wp-image-223284\" srcset=\"https:\/\/radioljubuski.ba\/wp-content\/uploads\/2025\/12\/libusa-7-1024x684.jpg 1024w, https:\/\/radioljubuski.ba\/wp-content\/uploads\/2025\/12\/libusa-7-300x200.jpg 300w, https:\/\/radioljubuski.ba\/wp-content\/uploads\/2025\/12\/libusa-7-768x513.jpg 768w, https:\/\/radioljubuski.ba\/wp-content\/uploads\/2025\/12\/libusa-7-1536x1026.jpg 1536w, https:\/\/radioljubuski.ba\/wp-content\/uploads\/2025\/12\/libusa-7-18x12.jpg 18w, https:\/\/radioljubuski.ba\/wp-content\/uploads\/2025\/12\/libusa-7.jpg 1600w\" sizes=\"auto, (max-width: 1024px) 100vw, 1024px\" \/><\/figure>\n\n\n\n<figure class=\"wp-block-gallery has-nested-images columns-default is-cropped wp-block-gallery-4 is-layout-flex wp-block-gallery-is-layout-flex\">\n<figure class=\"wp-block-image size-large\"><img loading=\"lazy\" decoding=\"async\" width=\"1024\" height=\"684\" data-id=\"223279\" src=\"https:\/\/radioljubuski.ba\/wp-content\/uploads\/2025\/12\/595476731_1290299209800124_699915910053188161_n-1024x684.jpg\" alt=\"\" class=\"wp-image-223279\" srcset=\"https:\/\/radioljubuski.ba\/wp-content\/uploads\/2025\/12\/595476731_1290299209800124_699915910053188161_n-1024x684.jpg 1024w, https:\/\/radioljubuski.ba\/wp-content\/uploads\/2025\/12\/595476731_1290299209800124_699915910053188161_n-300x200.jpg 300w, https:\/\/radioljubuski.ba\/wp-content\/uploads\/2025\/12\/595476731_1290299209800124_699915910053188161_n-768x513.jpg 768w, https:\/\/radioljubuski.ba\/wp-content\/uploads\/2025\/12\/595476731_1290299209800124_699915910053188161_n-1536x1026.jpg 1536w, https:\/\/radioljubuski.ba\/wp-content\/uploads\/2025\/12\/595476731_1290299209800124_699915910053188161_n-18x12.jpg 18w, https:\/\/radioljubuski.ba\/wp-content\/uploads\/2025\/12\/595476731_1290299209800124_699915910053188161_n.jpg 1600w\" sizes=\"auto, (max-width: 1024px) 100vw, 1024px\" \/><\/figure>\n<\/figure>\n\n\n\n<p>Ve\u010der je dodatno oboga\u0107ena voditeljskim nastupom <strong>Luke Marijana Hercega<\/strong> i <strong>Luke Su\u0161ca<\/strong>, \u010diji je humor dao posebnu toplinu i prepoznatljiv karakter cijelom doga\u0111aju.<\/p>\n\n\n\n<p>Doga\u0111aj je odr\u017ean uz podr\u0161ku pokrovitelja:<\/p>\n\n\n\n<ul class=\"wp-block-list\">\n<li><strong>Ministarstva obrazovanja, znanosti, kulture i sporta \u017dupanije Zapadnohercegova\u010dke<\/strong>,<\/li>\n\n\n\n<li><strong>Ministarstva financija \u017dupanije Zapadnohercegova\u010dke<\/strong>,<\/li>\n\n\n\n<li><strong>Javnog poduze\u0107a Parkovi Ljubu\u0161ki<\/strong><\/li>\n<\/ul>\n\n\n\n<figure class=\"wp-block-image size-large\"><img loading=\"lazy\" decoding=\"async\" width=\"1024\" height=\"684\" src=\"https:\/\/radioljubuski.ba\/wp-content\/uploads\/2025\/12\/pozdrav-1024x684.jpg\" alt=\"\" class=\"wp-image-223285\" srcset=\"https:\/\/radioljubuski.ba\/wp-content\/uploads\/2025\/12\/pozdrav-1024x684.jpg 1024w, https:\/\/radioljubuski.ba\/wp-content\/uploads\/2025\/12\/pozdrav-300x200.jpg 300w, https:\/\/radioljubuski.ba\/wp-content\/uploads\/2025\/12\/pozdrav-768x513.jpg 768w, https:\/\/radioljubuski.ba\/wp-content\/uploads\/2025\/12\/pozdrav-1536x1026.jpg 1536w, https:\/\/radioljubuski.ba\/wp-content\/uploads\/2025\/12\/pozdrav-18x12.jpg 18w, https:\/\/radioljubuski.ba\/wp-content\/uploads\/2025\/12\/pozdrav.jpg 1600w\" sizes=\"auto, (max-width: 1024px) 100vw, 1024px\" \/><\/figure>\n\n\n\n<p>Iz <strong>Kluba kulture Libu\u0161a<\/strong> najavljuju kako uskoro pripremaju jo\u0161 jedan glazbeni program, ali i novu zanimljivu kazali\u0161nu predstavu. Time nastavljaju tradiciju njegovanog amaterskog stvarala\u0161tva po kojem su prepoznatljivi godinama.<\/p>\n\n\n\n<p>Foto:KK Libu\u0161a<\/p>\n\n\n\n<p>Radio Ljubu\u0161ki<\/p>\n","protected":false},"excerpt":{"rendered":"<p>Koncert \u201cJukebox Libu\u0161a\u201d odr\u017ean u \u010detvrtak 4.prosinca 2025. u Kulturnom centru Ljubu\u0161ki unato\u010d ki\u0161nom vremenu privukao je posjetitelje koji su u\u017eivali u zanimljivoj glazbenoj ve\u010deri.Program, organiziran od strane Kluba kulture Libu\u0161a, predstavio je raznolike glazbene izvedbe izvo\u0111a\u010da: Ante Lea Dugand\u017ei\u0107a, Bernarda Lauca, Manuele \u0160evo, Mladena Mand\u017ee, Sare Marolt i Zlate Petkovi\u0107. Svaki je izvo\u0111a\u010d svojim [&hellip;]<\/p>\n","protected":false},"author":2,"featured_media":223271,"comment_status":"closed","ping_status":"closed","sticky":false,"template":"","format":"standard","meta":{"h5ap_radio_sources":[],"footnotes":""},"categories":[3],"tags":[],"class_list":["post-223270","post","type-post","status-publish","format-standard","has-post-thumbnail","hentry","category-ljubuski"],"yoast_head":"<!-- This site is optimized with the Yoast SEO plugin v27.5 - https:\/\/yoast.com\/product\/yoast-seo-wordpress\/ -->\n<title>KK Libu\u0161a nastavlja niz: Nakon Jukebox koncerta sti\u017eu novi programi i predstave - RADIO LJUBU\u0160KI<\/title>\n<meta name=\"robots\" content=\"index, follow, max-snippet:-1, max-image-preview:large, max-video-preview:-1\" \/>\n<link rel=\"canonical\" href=\"https:\/\/radioljubuski.ba\/index.php\/2025\/12\/06\/kk-libusa-nastavlja-niz-nakon-jukebox-koncerta-stizu-novi-programi-i-predstave\/\" \/>\n<meta property=\"og:locale\" content=\"hr_HR\" \/>\n<meta property=\"og:type\" content=\"article\" \/>\n<meta property=\"og:title\" content=\"KK Libu\u0161a nastavlja niz: Nakon Jukebox koncerta sti\u017eu novi programi i predstave - RADIO LJUBU\u0160KI\" \/>\n<meta property=\"og:description\" content=\"Koncert \u201cJukebox Libu\u0161a\u201d odr\u017ean u \u010detvrtak 4.prosinca 2025. u Kulturnom centru Ljubu\u0161ki unato\u010d ki\u0161nom vremenu privukao je posjetitelje koji su u\u017eivali u zanimljivoj glazbenoj ve\u010deri.Program, organiziran od strane Kluba kulture Libu\u0161a, predstavio je raznolike glazbene izvedbe izvo\u0111a\u010da: Ante Lea Dugand\u017ei\u0107a, Bernarda Lauca, Manuele \u0160evo, Mladena Mand\u017ee, Sare Marolt i Zlate Petkovi\u0107. Svaki je izvo\u0111a\u010d svojim [&hellip;]\" \/>\n<meta property=\"og:url\" content=\"https:\/\/radioljubuski.ba\/index.php\/2025\/12\/06\/kk-libusa-nastavlja-niz-nakon-jukebox-koncerta-stizu-novi-programi-i-predstave\/\" \/>\n<meta property=\"og:site_name\" content=\"RADIO LJUBU\u0160KI\" \/>\n<meta property=\"article:publisher\" content=\"https:\/\/www.facebook.com\/Radiio-Ljubuski-1490835324566332\" \/>\n<meta property=\"article:published_time\" content=\"2025-12-06T11:26:20+00:00\" \/>\n<meta property=\"article:modified_time\" content=\"2025-12-06T11:26:22+00:00\" \/>\n<meta property=\"og:image\" content=\"https:\/\/radioljubuski.ba\/wp-content\/uploads\/2025\/12\/libusa-naslovna.jpg\" \/>\n\t<meta property=\"og:image:width\" content=\"1600\" \/>\n\t<meta property=\"og:image:height\" content=\"1069\" \/>\n\t<meta property=\"og:image:type\" content=\"image\/jpeg\" \/>\n<meta name=\"author\" content=\"Radio Ljubu\u0161ki\" \/>\n<meta name=\"twitter:card\" content=\"summary_large_image\" \/>\n<meta name=\"twitter:creator\" content=\"@radioljubuski\" \/>\n<meta name=\"twitter:site\" content=\"@radioljubuski\" \/>\n<meta name=\"twitter:label1\" content=\"Napisao\/la\" \/>\n\t<meta name=\"twitter:data1\" content=\"Radio Ljubu\u0161ki\" \/>\n\t<meta name=\"twitter:label2\" content=\"Procijenjeno vrijeme \u010ditanja\" \/>\n\t<meta name=\"twitter:data2\" content=\"3 minute\" \/>\n<script type=\"application\/ld+json\" class=\"yoast-schema-graph\">{\"@context\":\"https:\\\/\\\/schema.org\",\"@graph\":[{\"@type\":\"Article\",\"@id\":\"https:\\\/\\\/radioljubuski.ba\\\/index.php\\\/2025\\\/12\\\/06\\\/kk-libusa-nastavlja-niz-nakon-jukebox-koncerta-stizu-novi-programi-i-predstave\\\/#article\",\"isPartOf\":{\"@id\":\"https:\\\/\\\/radioljubuski.ba\\\/index.php\\\/2025\\\/12\\\/06\\\/kk-libusa-nastavlja-niz-nakon-jukebox-koncerta-stizu-novi-programi-i-predstave\\\/\"},\"author\":{\"name\":\"Radio Ljubu\u0161ki\",\"@id\":\"https:\\\/\\\/radioljubuski.ba\\\/#\\\/schema\\\/person\\\/19fc700381a780f69665d7956c469e3b\"},\"headline\":\"KK Libu\u0161a nastavlja niz: Nakon Jukebox koncerta sti\u017eu novi programi i predstave\",\"datePublished\":\"2025-12-06T11:26:20+00:00\",\"dateModified\":\"2025-12-06T11:26:22+00:00\",\"mainEntityOfPage\":{\"@id\":\"https:\\\/\\\/radioljubuski.ba\\\/index.php\\\/2025\\\/12\\\/06\\\/kk-libusa-nastavlja-niz-nakon-jukebox-koncerta-stizu-novi-programi-i-predstave\\\/\"},\"wordCount\":186,\"publisher\":{\"@id\":\"https:\\\/\\\/radioljubuski.ba\\\/#organization\"},\"image\":{\"@id\":\"https:\\\/\\\/radioljubuski.ba\\\/index.php\\\/2025\\\/12\\\/06\\\/kk-libusa-nastavlja-niz-nakon-jukebox-koncerta-stizu-novi-programi-i-predstave\\\/#primaryimage\"},\"thumbnailUrl\":\"https:\\\/\\\/radioljubuski.ba\\\/wp-content\\\/uploads\\\/2025\\\/12\\\/libusa-naslovna.jpg\",\"articleSection\":[\"Ljubu\u0161ki\"],\"inLanguage\":\"hr\"},{\"@type\":\"WebPage\",\"@id\":\"https:\\\/\\\/radioljubuski.ba\\\/index.php\\\/2025\\\/12\\\/06\\\/kk-libusa-nastavlja-niz-nakon-jukebox-koncerta-stizu-novi-programi-i-predstave\\\/\",\"url\":\"https:\\\/\\\/radioljubuski.ba\\\/index.php\\\/2025\\\/12\\\/06\\\/kk-libusa-nastavlja-niz-nakon-jukebox-koncerta-stizu-novi-programi-i-predstave\\\/\",\"name\":\"KK Libu\u0161a nastavlja niz: Nakon Jukebox koncerta sti\u017eu novi programi i predstave - RADIO LJUBU\u0160KI\",\"isPartOf\":{\"@id\":\"https:\\\/\\\/radioljubuski.ba\\\/#website\"},\"primaryImageOfPage\":{\"@id\":\"https:\\\/\\\/radioljubuski.ba\\\/index.php\\\/2025\\\/12\\\/06\\\/kk-libusa-nastavlja-niz-nakon-jukebox-koncerta-stizu-novi-programi-i-predstave\\\/#primaryimage\"},\"image\":{\"@id\":\"https:\\\/\\\/radioljubuski.ba\\\/index.php\\\/2025\\\/12\\\/06\\\/kk-libusa-nastavlja-niz-nakon-jukebox-koncerta-stizu-novi-programi-i-predstave\\\/#primaryimage\"},\"thumbnailUrl\":\"https:\\\/\\\/radioljubuski.ba\\\/wp-content\\\/uploads\\\/2025\\\/12\\\/libusa-naslovna.jpg\",\"datePublished\":\"2025-12-06T11:26:20+00:00\",\"dateModified\":\"2025-12-06T11:26:22+00:00\",\"breadcrumb\":{\"@id\":\"https:\\\/\\\/radioljubuski.ba\\\/index.php\\\/2025\\\/12\\\/06\\\/kk-libusa-nastavlja-niz-nakon-jukebox-koncerta-stizu-novi-programi-i-predstave\\\/#breadcrumb\"},\"inLanguage\":\"hr\",\"potentialAction\":[{\"@type\":\"ReadAction\",\"target\":[\"https:\\\/\\\/radioljubuski.ba\\\/index.php\\\/2025\\\/12\\\/06\\\/kk-libusa-nastavlja-niz-nakon-jukebox-koncerta-stizu-novi-programi-i-predstave\\\/\"]}]},{\"@type\":\"ImageObject\",\"inLanguage\":\"hr\",\"@id\":\"https:\\\/\\\/radioljubuski.ba\\\/index.php\\\/2025\\\/12\\\/06\\\/kk-libusa-nastavlja-niz-nakon-jukebox-koncerta-stizu-novi-programi-i-predstave\\\/#primaryimage\",\"url\":\"https:\\\/\\\/radioljubuski.ba\\\/wp-content\\\/uploads\\\/2025\\\/12\\\/libusa-naslovna.jpg\",\"contentUrl\":\"https:\\\/\\\/radioljubuski.ba\\\/wp-content\\\/uploads\\\/2025\\\/12\\\/libusa-naslovna.jpg\",\"width\":1600,\"height\":1069},{\"@type\":\"BreadcrumbList\",\"@id\":\"https:\\\/\\\/radioljubuski.ba\\\/index.php\\\/2025\\\/12\\\/06\\\/kk-libusa-nastavlja-niz-nakon-jukebox-koncerta-stizu-novi-programi-i-predstave\\\/#breadcrumb\",\"itemListElement\":[{\"@type\":\"ListItem\",\"position\":1,\"name\":\"Po\u010detna stranica\",\"item\":\"https:\\\/\\\/radioljubuski.ba\\\/\"},{\"@type\":\"ListItem\",\"position\":2,\"name\":\"KK Libu\u0161a nastavlja niz: Nakon Jukebox koncerta sti\u017eu novi programi i predstave\"}]},{\"@type\":\"WebSite\",\"@id\":\"https:\\\/\\\/radioljubuski.ba\\\/#website\",\"url\":\"https:\\\/\\\/radioljubuski.ba\\\/\",\"name\":\"Radio Ljubu\u0161ki\",\"description\":\"Sun\u010dana frekvencija Hercegovine\",\"publisher\":{\"@id\":\"https:\\\/\\\/radioljubuski.ba\\\/#organization\"},\"potentialAction\":[{\"@type\":\"SearchAction\",\"target\":{\"@type\":\"EntryPoint\",\"urlTemplate\":\"https:\\\/\\\/radioljubuski.ba\\\/?s={search_term_string}\"},\"query-input\":{\"@type\":\"PropertyValueSpecification\",\"valueRequired\":true,\"valueName\":\"search_term_string\"}}],\"inLanguage\":\"hr\"},{\"@type\":\"Organization\",\"@id\":\"https:\\\/\\\/radioljubuski.ba\\\/#organization\",\"name\":\"Radio Ljubu\u0161ki\",\"url\":\"https:\\\/\\\/radioljubuski.ba\\\/\",\"logo\":{\"@type\":\"ImageObject\",\"inLanguage\":\"hr\",\"@id\":\"https:\\\/\\\/radioljubuski.ba\\\/#\\\/schema\\\/logo\\\/image\\\/\",\"url\":\"https:\\\/\\\/radioljubuski.ba\\\/wp-content\\\/uploads\\\/2021\\\/02\\\/cropped-Radio_Ljubuski_logo1.jpg\",\"contentUrl\":\"https:\\\/\\\/radioljubuski.ba\\\/wp-content\\\/uploads\\\/2021\\\/02\\\/cropped-Radio_Ljubuski_logo1.jpg\",\"width\":512,\"height\":512,\"caption\":\"Radio Ljubu\u0161ki\"},\"image\":{\"@id\":\"https:\\\/\\\/radioljubuski.ba\\\/#\\\/schema\\\/logo\\\/image\\\/\"},\"sameAs\":[\"https:\\\/\\\/www.facebook.com\\\/Radiio-Ljubuski-1490835324566332\",\"https:\\\/\\\/x.com\\\/radioljubuski\",\"https:\\\/\\\/hr.linkedin.com\\\/company\\\/radio-ljubuski\",\"https:\\\/\\\/www.youtube.com\\\/channel\\\/UCHYaeO_n0Db3tjNGudGpXyw\"]},{\"@type\":\"Person\",\"@id\":\"https:\\\/\\\/radioljubuski.ba\\\/#\\\/schema\\\/person\\\/19fc700381a780f69665d7956c469e3b\",\"name\":\"Radio Ljubu\u0161ki\"}]}<\/script>\n<!-- \/ Yoast SEO plugin. -->","yoast_head_json":{"title":"KK Libu\u0161a nastavlja niz: Nakon Jukebox koncerta sti\u017eu novi programi i predstave - RADIO LJUBU\u0160KI","robots":{"index":"index","follow":"follow","max-snippet":"max-snippet:-1","max-image-preview":"max-image-preview:large","max-video-preview":"max-video-preview:-1"},"canonical":"https:\/\/radioljubuski.ba\/index.php\/2025\/12\/06\/kk-libusa-nastavlja-niz-nakon-jukebox-koncerta-stizu-novi-programi-i-predstave\/","og_locale":"hr_HR","og_type":"article","og_title":"KK Libu\u0161a nastavlja niz: Nakon Jukebox koncerta sti\u017eu novi programi i predstave - RADIO LJUBU\u0160KI","og_description":"Koncert \u201cJukebox Libu\u0161a\u201d odr\u017ean u \u010detvrtak 4.prosinca 2025. u Kulturnom centru Ljubu\u0161ki unato\u010d ki\u0161nom vremenu privukao je posjetitelje koji su u\u017eivali u zanimljivoj glazbenoj ve\u010deri.Program, organiziran od strane Kluba kulture Libu\u0161a, predstavio je raznolike glazbene izvedbe izvo\u0111a\u010da: Ante Lea Dugand\u017ei\u0107a, Bernarda Lauca, Manuele \u0160evo, Mladena Mand\u017ee, Sare Marolt i Zlate Petkovi\u0107. Svaki je izvo\u0111a\u010d svojim [&hellip;]","og_url":"https:\/\/radioljubuski.ba\/index.php\/2025\/12\/06\/kk-libusa-nastavlja-niz-nakon-jukebox-koncerta-stizu-novi-programi-i-predstave\/","og_site_name":"RADIO LJUBU\u0160KI","article_publisher":"https:\/\/www.facebook.com\/Radiio-Ljubuski-1490835324566332","article_published_time":"2025-12-06T11:26:20+00:00","article_modified_time":"2025-12-06T11:26:22+00:00","og_image":[{"width":1600,"height":1069,"url":"https:\/\/radioljubuski.ba\/wp-content\/uploads\/2025\/12\/libusa-naslovna.jpg","type":"image\/jpeg"}],"author":"Radio Ljubu\u0161ki","twitter_card":"summary_large_image","twitter_creator":"@radioljubuski","twitter_site":"@radioljubuski","twitter_misc":{"Napisao\/la":"Radio Ljubu\u0161ki","Procijenjeno vrijeme \u010ditanja":"3 minute"},"schema":{"@context":"https:\/\/schema.org","@graph":[{"@type":"Article","@id":"https:\/\/radioljubuski.ba\/index.php\/2025\/12\/06\/kk-libusa-nastavlja-niz-nakon-jukebox-koncerta-stizu-novi-programi-i-predstave\/#article","isPartOf":{"@id":"https:\/\/radioljubuski.ba\/index.php\/2025\/12\/06\/kk-libusa-nastavlja-niz-nakon-jukebox-koncerta-stizu-novi-programi-i-predstave\/"},"author":{"name":"Radio Ljubu\u0161ki","@id":"https:\/\/radioljubuski.ba\/#\/schema\/person\/19fc700381a780f69665d7956c469e3b"},"headline":"KK Libu\u0161a nastavlja niz: Nakon Jukebox koncerta sti\u017eu novi programi i predstave","datePublished":"2025-12-06T11:26:20+00:00","dateModified":"2025-12-06T11:26:22+00:00","mainEntityOfPage":{"@id":"https:\/\/radioljubuski.ba\/index.php\/2025\/12\/06\/kk-libusa-nastavlja-niz-nakon-jukebox-koncerta-stizu-novi-programi-i-predstave\/"},"wordCount":186,"publisher":{"@id":"https:\/\/radioljubuski.ba\/#organization"},"image":{"@id":"https:\/\/radioljubuski.ba\/index.php\/2025\/12\/06\/kk-libusa-nastavlja-niz-nakon-jukebox-koncerta-stizu-novi-programi-i-predstave\/#primaryimage"},"thumbnailUrl":"https:\/\/radioljubuski.ba\/wp-content\/uploads\/2025\/12\/libusa-naslovna.jpg","articleSection":["Ljubu\u0161ki"],"inLanguage":"hr"},{"@type":"WebPage","@id":"https:\/\/radioljubuski.ba\/index.php\/2025\/12\/06\/kk-libusa-nastavlja-niz-nakon-jukebox-koncerta-stizu-novi-programi-i-predstave\/","url":"https:\/\/radioljubuski.ba\/index.php\/2025\/12\/06\/kk-libusa-nastavlja-niz-nakon-jukebox-koncerta-stizu-novi-programi-i-predstave\/","name":"KK Libu\u0161a nastavlja niz: Nakon Jukebox koncerta sti\u017eu novi programi i predstave - RADIO LJUBU\u0160KI","isPartOf":{"@id":"https:\/\/radioljubuski.ba\/#website"},"primaryImageOfPage":{"@id":"https:\/\/radioljubuski.ba\/index.php\/2025\/12\/06\/kk-libusa-nastavlja-niz-nakon-jukebox-koncerta-stizu-novi-programi-i-predstave\/#primaryimage"},"image":{"@id":"https:\/\/radioljubuski.ba\/index.php\/2025\/12\/06\/kk-libusa-nastavlja-niz-nakon-jukebox-koncerta-stizu-novi-programi-i-predstave\/#primaryimage"},"thumbnailUrl":"https:\/\/radioljubuski.ba\/wp-content\/uploads\/2025\/12\/libusa-naslovna.jpg","datePublished":"2025-12-06T11:26:20+00:00","dateModified":"2025-12-06T11:26:22+00:00","breadcrumb":{"@id":"https:\/\/radioljubuski.ba\/index.php\/2025\/12\/06\/kk-libusa-nastavlja-niz-nakon-jukebox-koncerta-stizu-novi-programi-i-predstave\/#breadcrumb"},"inLanguage":"hr","potentialAction":[{"@type":"ReadAction","target":["https:\/\/radioljubuski.ba\/index.php\/2025\/12\/06\/kk-libusa-nastavlja-niz-nakon-jukebox-koncerta-stizu-novi-programi-i-predstave\/"]}]},{"@type":"ImageObject","inLanguage":"hr","@id":"https:\/\/radioljubuski.ba\/index.php\/2025\/12\/06\/kk-libusa-nastavlja-niz-nakon-jukebox-koncerta-stizu-novi-programi-i-predstave\/#primaryimage","url":"https:\/\/radioljubuski.ba\/wp-content\/uploads\/2025\/12\/libusa-naslovna.jpg","contentUrl":"https:\/\/radioljubuski.ba\/wp-content\/uploads\/2025\/12\/libusa-naslovna.jpg","width":1600,"height":1069},{"@type":"BreadcrumbList","@id":"https:\/\/radioljubuski.ba\/index.php\/2025\/12\/06\/kk-libusa-nastavlja-niz-nakon-jukebox-koncerta-stizu-novi-programi-i-predstave\/#breadcrumb","itemListElement":[{"@type":"ListItem","position":1,"name":"Po\u010detna stranica","item":"https:\/\/radioljubuski.ba\/"},{"@type":"ListItem","position":2,"name":"KK Libu\u0161a nastavlja niz: Nakon Jukebox koncerta sti\u017eu novi programi i predstave"}]},{"@type":"WebSite","@id":"https:\/\/radioljubuski.ba\/#website","url":"https:\/\/radioljubuski.ba\/","name":"Radio Ljubu\u0161ki","description":"Sun\u010dana frekvencija Hercegovine","publisher":{"@id":"https:\/\/radioljubuski.ba\/#organization"},"potentialAction":[{"@type":"SearchAction","target":{"@type":"EntryPoint","urlTemplate":"https:\/\/radioljubuski.ba\/?s={search_term_string}"},"query-input":{"@type":"PropertyValueSpecification","valueRequired":true,"valueName":"search_term_string"}}],"inLanguage":"hr"},{"@type":"Organization","@id":"https:\/\/radioljubuski.ba\/#organization","name":"Radio Ljubu\u0161ki","url":"https:\/\/radioljubuski.ba\/","logo":{"@type":"ImageObject","inLanguage":"hr","@id":"https:\/\/radioljubuski.ba\/#\/schema\/logo\/image\/","url":"https:\/\/radioljubuski.ba\/wp-content\/uploads\/2021\/02\/cropped-Radio_Ljubuski_logo1.jpg","contentUrl":"https:\/\/radioljubuski.ba\/wp-content\/uploads\/2021\/02\/cropped-Radio_Ljubuski_logo1.jpg","width":512,"height":512,"caption":"Radio Ljubu\u0161ki"},"image":{"@id":"https:\/\/radioljubuski.ba\/#\/schema\/logo\/image\/"},"sameAs":["https:\/\/www.facebook.com\/Radiio-Ljubuski-1490835324566332","https:\/\/x.com\/radioljubuski","https:\/\/hr.linkedin.com\/company\/radio-ljubuski","https:\/\/www.youtube.com\/channel\/UCHYaeO_n0Db3tjNGudGpXyw"]},{"@type":"Person","@id":"https:\/\/radioljubuski.ba\/#\/schema\/person\/19fc700381a780f69665d7956c469e3b","name":"Radio Ljubu\u0161ki"}]}},"_links":{"self":[{"href":"https:\/\/radioljubuski.ba\/index.php\/wp-json\/wp\/v2\/posts\/223270","targetHints":{"allow":["GET"]}}],"collection":[{"href":"https:\/\/radioljubuski.ba\/index.php\/wp-json\/wp\/v2\/posts"}],"about":[{"href":"https:\/\/radioljubuski.ba\/index.php\/wp-json\/wp\/v2\/types\/post"}],"author":[{"embeddable":true,"href":"https:\/\/radioljubuski.ba\/index.php\/wp-json\/wp\/v2\/users\/2"}],"replies":[{"embeddable":true,"href":"https:\/\/radioljubuski.ba\/index.php\/wp-json\/wp\/v2\/comments?post=223270"}],"version-history":[{"count":1,"href":"https:\/\/radioljubuski.ba\/index.php\/wp-json\/wp\/v2\/posts\/223270\/revisions"}],"predecessor-version":[{"id":223287,"href":"https:\/\/radioljubuski.ba\/index.php\/wp-json\/wp\/v2\/posts\/223270\/revisions\/223287"}],"wp:featuredmedia":[{"embeddable":true,"href":"https:\/\/radioljubuski.ba\/index.php\/wp-json\/wp\/v2\/media\/223271"}],"wp:attachment":[{"href":"https:\/\/radioljubuski.ba\/index.php\/wp-json\/wp\/v2\/media?parent=223270"}],"wp:term":[{"taxonomy":"category","embeddable":true,"href":"https:\/\/radioljubuski.ba\/index.php\/wp-json\/wp\/v2\/categories?post=223270"},{"taxonomy":"post_tag","embeddable":true,"href":"https:\/\/radioljubuski.ba\/index.php\/wp-json\/wp\/v2\/tags?post=223270"}],"curies":[{"name":"wp","href":"https:\/\/api.w.org\/{rel}","templated":true}]}}