{"id":223322,"date":"2025-12-08T08:59:46","date_gmt":"2025-12-08T07:59:46","guid":{"rendered":"https:\/\/radioljubuski.ba\/?p=223322"},"modified":"2025-12-08T09:54:49","modified_gmt":"2025-12-08T08:54:49","slug":"predstava-predavanje-i-koncert-zbora-amadeus-obiljezili-adventski-vikend-u-ljubuskom","status":"publish","type":"post","link":"https:\/\/radioljubuski.ba\/index.php\/2025\/12\/08\/predstava-predavanje-i-koncert-zbora-amadeus-obiljezili-adventski-vikend-u-ljubuskom\/","title":{"rendered":"Predstava, predavanje i koncert zbora Amadeus obilje\u017eili adventski vikend u Ljubu\u0161kom"},"content":{"rendered":"\n<p>U subotu, 6. prosinca, na blagdan svetog Nikole, Kulturni centar Ljubu\u0161ki bio je ispunjen do posljednjeg mjesta. U organizaciji HKD Napredak Podru\u017enica Ljubu\u0161ki, glumci Malog teatra Mostar izveli su predstavu \u201eUzbuna u snje\u017enoj \u0161umi\u201c, koja je publici donijela pravu blagdansku kazali\u0161nu \u010daroliju u sklopu Adventa u Ljubu\u0161kom.<\/p>\n\n\n\n<p>Dinami\u010dna radnja, veseli dijalozi i razigrani likovi dr\u017eali su pa\u017enju djece i odraslih od prve do posljednje scene, a smijeh je \u010desto preplavljivao dvoranu.<\/p>\n\n\n\n<p>Vo\u0111a trupe Mali teatar Mostar Ivo Kre\u0161i\u0107 uo\u010di predstave je istaknuo kako je rije\u010d o pravoj poslasticu za cijelu obitelj: \u201eMali teatar ve\u010deras sprema za najmla\u0111e, ali i za odraslije ljude jednu kazali\u0161nu poslasticu \u2013 puno trke, frke, smijeha, zezancije, a na kraju, naravno, da do\u010dekamo svetog Nikolu kako spada, da se veselimo i djeci pru\u017eimo nekakav u\u017eitak.\u201c<\/p>\n\n\n\n<p>Kre\u0161i\u0107 je naglasio kako predstava nosi sna\u017enu poruku \u201ePredstava govori o ljubavi, prijateljstvu, kako nadvladati pote\u0161ko\u0107e, kako ne treba osu\u0111ivati. Grin\u010da koji se pojavljuje poku\u0161avamo predstaviti ne kao potpuno zlo\u010destog, nego kao malo nevaljalog \u2013 lika u kojem se svako dijete mo\u017ee prepoznati.\u201c<\/p>\n\n\n\n<p>Posebno je istaknuo autorski karakter predstave \u201eKolegica Tina Laco i ja pi\u0161emo svoje tekstove jo\u0161 od 2014. godine. Vjerujemo u autorski izri\u010daj, uzimamo profesionalne i amaterske glumce s iskustvom, donosimo kompletan paket \u2013 od scenografije i kostima do tehnike. Iako smo umorni, maksimalno u\u017eivamo u tome.\u201c<\/p>\n\n\n\n<p>Predsjednica HKD Napredak Podru\u017enica Ljubu\u0161ki Ivana Bari\u0161i\u0107 nije krila zadovoljstvo odazivom \u201eSuradujemo s mnogim kazali\u0161tima i organiziramo razli\u010dite predstave za djecu i odrasle, ali vidim da je ovo ve\u010deras ba\u0161 odu\u0161evilo i male i velike \u2013 pun pogodak. Gledali\u0161te je bilo dupkom puno, a fore su bile toliko dobre da su se dobro nasmijali i stariji.\u201c<\/p>\n\n\n\n<p>Govore\u0107i o Napretkovim adventskim doprinosima, Bari\u0161i\u0107 je podsjetila \u201eNa po\u010detku Adventa predstavili smo knjigu \u2018&#8217;Posthaa\u0161ka pri\u010da&#8221; Zorana Kupre\u0161ki\u0107a, doga\u0111aj koji je izazvao veliki interes \u2014 bilo je jako posje\u0107eno, pou\u010dno i emotivno. Sudjelujemo i u organizaciji baleta \u2018Ora\u0161ar\u2019, \u010diji projekt nosi Glazbena \u0161kola Ljubu\u0161ki, a tradicionalno organiziramo i bakalar na Badnjak. Doga\u0111aja ne nedostaje.\u201c<\/p>\n\n\n\n<p>Po zavr\u0161etku predstave, program se preselio na Trg dr. Franje Tu\u0111mana, gdje je sveti Nikola pozdravio najmla\u0111e, darovao ih i fotografirao se s njima, upotpuniv\u0161i sliku savr\u0161ene adventske subote u gradu.<\/p>\n\n\n\n<figure class=\"wp-block-image size-large\"><img loading=\"lazy\" decoding=\"async\" width=\"1024\" height=\"173\" src=\"https:\/\/radioljubuski.ba\/wp-content\/uploads\/2025\/07\/poslusaj-ovdje-1024x173.jpg\" alt=\"\" class=\"wp-image-218750\" srcset=\"https:\/\/radioljubuski.ba\/wp-content\/uploads\/2025\/07\/poslusaj-ovdje-1024x173.jpg 1024w, https:\/\/radioljubuski.ba\/wp-content\/uploads\/2025\/07\/poslusaj-ovdje-300x51.jpg 300w, https:\/\/radioljubuski.ba\/wp-content\/uploads\/2025\/07\/poslusaj-ovdje-768x130.jpg 768w, https:\/\/radioljubuski.ba\/wp-content\/uploads\/2025\/07\/poslusaj-ovdje-18x3.jpg 18w, https:\/\/radioljubuski.ba\/wp-content\/uploads\/2025\/07\/poslusaj-ovdje.jpg 1128w\" sizes=\"auto, (max-width: 1024px) 100vw, 1024px\" \/><\/figure>\n\n\n\n<figure class=\"wp-block-audio\"><audio controls src=\"https:\/\/radioljubuski.ba\/wp-content\/uploads\/2025\/12\/Predsrtava-uzbuna-u-snjeznoj-sumi.mp3\"><\/audio><\/figure>\n\n\n\n<figure class=\"wp-block-gallery has-nested-images columns-default is-cropped wp-block-gallery-1 is-layout-flex wp-block-gallery-is-layout-flex\">\n<figure class=\"wp-block-image size-large\"><img loading=\"lazy\" decoding=\"async\" width=\"1024\" height=\"576\" data-id=\"223327\" src=\"https:\/\/radioljubuski.ba\/wp-content\/uploads\/2025\/12\/594977749_1267709955373035_8385419406969703377_n-1024x576.jpg\" alt=\"\" class=\"wp-image-223327\" srcset=\"https:\/\/radioljubuski.ba\/wp-content\/uploads\/2025\/12\/594977749_1267709955373035_8385419406969703377_n-1024x576.jpg 1024w, https:\/\/radioljubuski.ba\/wp-content\/uploads\/2025\/12\/594977749_1267709955373035_8385419406969703377_n-300x169.jpg 300w, https:\/\/radioljubuski.ba\/wp-content\/uploads\/2025\/12\/594977749_1267709955373035_8385419406969703377_n-768x432.jpg 768w, https:\/\/radioljubuski.ba\/wp-content\/uploads\/2025\/12\/594977749_1267709955373035_8385419406969703377_n-1536x864.jpg 1536w, https:\/\/radioljubuski.ba\/wp-content\/uploads\/2025\/12\/594977749_1267709955373035_8385419406969703377_n-18x10.jpg 18w, https:\/\/radioljubuski.ba\/wp-content\/uploads\/2025\/12\/594977749_1267709955373035_8385419406969703377_n.jpg 1600w\" sizes=\"auto, (max-width: 1024px) 100vw, 1024px\" \/><\/figure>\n\n\n\n<figure class=\"wp-block-image size-large\"><img loading=\"lazy\" decoding=\"async\" width=\"1024\" height=\"768\" data-id=\"223326\" src=\"https:\/\/radioljubuski.ba\/wp-content\/uploads\/2025\/12\/595497422_1267710142039683_3470124609398678468_n-1024x768.jpg\" alt=\"\" class=\"wp-image-223326\" srcset=\"https:\/\/radioljubuski.ba\/wp-content\/uploads\/2025\/12\/595497422_1267710142039683_3470124609398678468_n-1024x768.jpg 1024w, https:\/\/radioljubuski.ba\/wp-content\/uploads\/2025\/12\/595497422_1267710142039683_3470124609398678468_n-300x225.jpg 300w, https:\/\/radioljubuski.ba\/wp-content\/uploads\/2025\/12\/595497422_1267710142039683_3470124609398678468_n-768x576.jpg 768w, https:\/\/radioljubuski.ba\/wp-content\/uploads\/2025\/12\/595497422_1267710142039683_3470124609398678468_n-1536x1152.jpg 1536w, https:\/\/radioljubuski.ba\/wp-content\/uploads\/2025\/12\/595497422_1267710142039683_3470124609398678468_n-16x12.jpg 16w, https:\/\/radioljubuski.ba\/wp-content\/uploads\/2025\/12\/595497422_1267710142039683_3470124609398678468_n.jpg 1600w\" sizes=\"auto, (max-width: 1024px) 100vw, 1024px\" \/><\/figure>\n<\/figure>\n\n\n\n<p><\/p>\n\n\n\n<p>Dan poslije, u nedjelju, 7. prosinca, Advent u Ljubu\u0161kom nastavio je \u017eivjeti u duhovno-glazbenom ozra\u010dju. U ve\u010dernjim satima Marija Zorka Vasilj odr\u017eala je predavanje \u201eOd rasko\u0161i Amerike do potrebitih u Africi\u201c, sna\u017eno svjedo\u010danstvo o putu jedne mlade Hercegovke koja je odlu\u010dila dio svog \u017eivota posvetiti najsiroma\u0161nijima.<\/p>\n\n\n\n<figure class=\"wp-block-image size-large\"><img loading=\"lazy\" decoding=\"async\" width=\"1024\" height=\"683\" src=\"https:\/\/radioljubuski.ba\/wp-content\/uploads\/2025\/12\/597251462_1171291598480347_1900363456083257082_n-1024x683.jpg\" alt=\"\" class=\"wp-image-223325\" srcset=\"https:\/\/radioljubuski.ba\/wp-content\/uploads\/2025\/12\/597251462_1171291598480347_1900363456083257082_n-1024x683.jpg 1024w, https:\/\/radioljubuski.ba\/wp-content\/uploads\/2025\/12\/597251462_1171291598480347_1900363456083257082_n-300x200.jpg 300w, https:\/\/radioljubuski.ba\/wp-content\/uploads\/2025\/12\/597251462_1171291598480347_1900363456083257082_n-768x512.jpg 768w, https:\/\/radioljubuski.ba\/wp-content\/uploads\/2025\/12\/597251462_1171291598480347_1900363456083257082_n-1536x1024.jpg 1536w, https:\/\/radioljubuski.ba\/wp-content\/uploads\/2025\/12\/597251462_1171291598480347_1900363456083257082_n-18x12.jpg 18w, https:\/\/radioljubuski.ba\/wp-content\/uploads\/2025\/12\/597251462_1171291598480347_1900363456083257082_n.jpg 2048w\" sizes=\"auto, (max-width: 1024px) 100vw, 1024px\" \/><\/figure>\n\n\n\n<p>Kroz svoju pri\u010du govorila je o \u017eivotu u obilju, susretu s licima siroma\u0161tva i odlukama koje su je vodile prema misijskim podru\u010djima Afrike. Posebno je istaknula kako ju je, kako ka\u017ee, Bo\u017eja providnost vodila kroz odluke, izazove i put slu\u017eenja drugima, te kako ju je susret s afri\u010dkom djecom i njihovim \u017eivotnim prilikama trajno promijenio.<\/p>\n\n\n\n<iframe loading=\"lazy\" src=\"https:\/\/www.facebook.com\/plugins\/video.php?height=476&#038;href=https%3A%2F%2Fwww.facebook.com%2Freel%2F1512391913330105%2F&#038;show_text=false&#038;width=269&#038;t=0\" width=\"269\" height=\"476\" style=\"border:none;overflow:hidden\" scrolling=\"no\" frameborder=\"0\" allowfullscreen=\"true\" allow=\"autoplay; clipboard-write; encrypted-media; picture-in-picture; web-share\" allowFullScreen=\"true\"><\/iframe>\n\n\n\n<p>Sudionici predavanja opisali su ga kao emotivno, poticajno i duboko nadahnjuju\u0107e, jer je otvorilo teme zahvalnosti, solidarnosti i osobnog poziva na dobro.<\/p>\n\n\n\n<p>Nakon predavanja, adventska nedjelja zaklju\u010dena je na Trgu dr. Franje Tu\u0111mana, gdje je Zbor mladih Amadeus priredio predivnu glazbenu ve\u010der. Uz poznate adventske i bo\u017ei\u0107ne skladbe, trg je bio ispunjen pjesmom, emocijama i toplim blagdanskim ugo\u0111ajem.<\/p>\n\n\n\n<blockquote class=\"instagram-media\" data-instgrm-captioned data-instgrm-permalink=\"https:\/\/www.instagram.com\/reel\/DR_sdERjZyq\/?utm_source=ig_embed&amp;utm_campaign=loading\" data-instgrm-version=\"14\" style=\" background:#FFF; border:0; border-radius:3px; box-shadow:0 0 1px 0 rgba(0,0,0,0.5),0 1px 10px 0 rgba(0,0,0,0.15); margin: 1px; max-width:540px; min-width:326px; padding:0; width:99.375%; width:-webkit-calc(100% - 2px); width:calc(100% - 2px);\"><div style=\"padding:16px;\"> <a href=\"https:\/\/www.instagram.com\/reel\/DR_sdERjZyq\/?utm_source=ig_embed&amp;utm_campaign=loading\" style=\" background:#FFFFFF; line-height:0; padding:0 0; text-align:center; text-decoration:none; width:100%;\" target=\"_blank\"> <div style=\" display: flex; flex-direction: row; align-items: center;\"> <div style=\"background-color: #F4F4F4; border-radius: 50%; flex-grow: 0; height: 40px; margin-right: 14px; width: 40px;\"><\/div> <div style=\"display: flex; flex-direction: column; flex-grow: 1; justify-content: center;\"> <div style=\" background-color: #F4F4F4; border-radius: 4px; flex-grow: 0; height: 14px; margin-bottom: 6px; width: 100px;\"><\/div> <div style=\" background-color: #F4F4F4; border-radius: 4px; flex-grow: 0; height: 14px; width: 60px;\"><\/div><\/div><\/div><div style=\"padding: 19% 0;\"><\/div> <div style=\"display:block; height:50px; margin:0 auto 12px; width:50px;\"><svg width=\"50px\" height=\"50px\" viewBox=\"0 0 60 60\" version=\"1.1\" xmlns=\"https:\/\/www.w3.org\/2000\/svg\" xmlns:xlink=\"https:\/\/www.w3.org\/1999\/xlink\"><g stroke=\"none\" stroke-width=\"1\" fill=\"none\" fill-rule=\"evenodd\"><g transform=\"translate(-511.000000, -20.000000)\" fill=\"#000000\"><g><path d=\"M556.869,30.41 C554.814,30.41 553.148,32.076 553.148,34.131 C553.148,36.186 554.814,37.852 556.869,37.852 C558.924,37.852 560.59,36.186 560.59,34.131 C560.59,32.076 558.924,30.41 556.869,30.41 M541,60.657 C535.114,60.657 530.342,55.887 530.342,50 C530.342,44.114 535.114,39.342 541,39.342 C546.887,39.342 551.658,44.114 551.658,50 C551.658,55.887 546.887,60.657 541,60.657 M541,33.886 C532.1,33.886 524.886,41.1 524.886,50 C524.886,58.899 532.1,66.113 541,66.113 C549.9,66.113 557.115,58.899 557.115,50 C557.115,41.1 549.9,33.886 541,33.886 M565.378,62.101 C565.244,65.022 564.756,66.606 564.346,67.663 C563.803,69.06 563.154,70.057 562.106,71.106 C561.058,72.155 560.06,72.803 558.662,73.347 C557.607,73.757 556.021,74.244 553.102,74.378 C549.944,74.521 548.997,74.552 541,74.552 C533.003,74.552 532.056,74.521 528.898,74.378 C525.979,74.244 524.393,73.757 523.338,73.347 C521.94,72.803 520.942,72.155 519.894,71.106 C518.846,70.057 518.197,69.06 517.654,67.663 C517.244,66.606 516.755,65.022 516.623,62.101 C516.479,58.943 516.448,57.996 516.448,50 C516.448,42.003 516.479,41.056 516.623,37.899 C516.755,34.978 517.244,33.391 517.654,32.338 C518.197,30.938 518.846,29.942 519.894,28.894 C520.942,27.846 521.94,27.196 523.338,26.654 C524.393,26.244 525.979,25.756 528.898,25.623 C532.057,25.479 533.004,25.448 541,25.448 C548.997,25.448 549.943,25.479 553.102,25.623 C556.021,25.756 557.607,26.244 558.662,26.654 C560.06,27.196 561.058,27.846 562.106,28.894 C563.154,29.942 563.803,30.938 564.346,32.338 C564.756,33.391 565.244,34.978 565.378,37.899 C565.522,41.056 565.552,42.003 565.552,50 C565.552,57.996 565.522,58.943 565.378,62.101 M570.82,37.631 C570.674,34.438 570.167,32.258 569.425,30.349 C568.659,28.377 567.633,26.702 565.965,25.035 C564.297,23.368 562.623,22.342 560.652,21.575 C558.743,20.834 556.562,20.326 553.369,20.18 C550.169,20.033 549.148,20 541,20 C532.853,20 531.831,20.033 528.631,20.18 C525.438,20.326 523.257,20.834 521.349,21.575 C519.376,22.342 517.703,23.368 516.035,25.035 C514.368,26.702 513.342,28.377 512.574,30.349 C511.834,32.258 511.326,34.438 511.181,37.631 C511.035,40.831 511,41.851 511,50 C511,58.147 511.035,59.17 511.181,62.369 C511.326,65.562 511.834,67.743 512.574,69.651 C513.342,71.625 514.368,73.296 516.035,74.965 C517.703,76.634 519.376,77.658 521.349,78.425 C523.257,79.167 525.438,79.673 528.631,79.82 C531.831,79.965 532.853,80.001 541,80.001 C549.148,80.001 550.169,79.965 553.369,79.82 C556.562,79.673 558.743,79.167 560.652,78.425 C562.623,77.658 564.297,76.634 565.965,74.965 C567.633,73.296 568.659,71.625 569.425,69.651 C570.167,67.743 570.674,65.562 570.82,62.369 C570.966,59.17 571,58.147 571,50 C571,41.851 570.966,40.831 570.82,37.631\"><\/path><\/g><\/g><\/g><\/svg><\/div><div style=\"padding-top: 8px;\"> <div style=\" color:#3897f0; font-family:Arial,sans-serif; font-size:14px; font-style:normal; font-weight:550; line-height:18px;\">Pogledajte ovu objavu na Instagramu.<\/div><\/div><div style=\"padding: 12.5% 0;\"><\/div> <div style=\"display: flex; flex-direction: row; margin-bottom: 14px; align-items: center;\"><div> <div style=\"background-color: #F4F4F4; border-radius: 50%; height: 12.5px; width: 12.5px; transform: translateX(0px) translateY(7px);\"><\/div> <div style=\"background-color: #F4F4F4; height: 12.5px; transform: rotate(-45deg) translateX(3px) translateY(1px); width: 12.5px; flex-grow: 0; margin-right: 14px; margin-left: 2px;\"><\/div> <div style=\"background-color: #F4F4F4; border-radius: 50%; height: 12.5px; width: 12.5px; transform: translateX(9px) translateY(-18px);\"><\/div><\/div><div style=\"margin-left: 8px;\"> <div style=\" background-color: #F4F4F4; border-radius: 50%; flex-grow: 0; height: 20px; width: 20px;\"><\/div> <div style=\" width: 0; height: 0; border-top: 2px solid transparent; border-left: 6px solid #f4f4f4; border-bottom: 2px solid transparent; transform: translateX(16px) translateY(-4px) rotate(30deg)\"><\/div><\/div><div style=\"margin-left: auto;\"> <div style=\" width: 0px; border-top: 8px solid #F4F4F4; border-right: 8px solid transparent; transform: translateY(16px);\"><\/div> <div style=\" background-color: #F4F4F4; flex-grow: 0; height: 12px; width: 16px; transform: translateY(-4px);\"><\/div> <div style=\" width: 0; height: 0; border-top: 8px solid #F4F4F4; border-left: 8px solid transparent; transform: translateY(-4px) translateX(8px);\"><\/div><\/div><\/div> <div style=\"display: flex; flex-direction: column; flex-grow: 1; justify-content: center; margin-bottom: 24px;\"> <div style=\" background-color: #F4F4F4; border-radius: 4px; flex-grow: 0; height: 14px; margin-bottom: 6px; width: 224px;\"><\/div> <div style=\" background-color: #F4F4F4; border-radius: 4px; flex-grow: 0; height: 14px; width: 144px;\"><\/div><\/div><\/a><p style=\" color:#c9c8cd; font-family:Arial,sans-serif; font-size:14px; line-height:17px; margin-bottom:0; margin-top:8px; overflow:hidden; padding:8px 0 7px; text-align:center; text-overflow:ellipsis; white-space:nowrap;\"><a href=\"https:\/\/www.instagram.com\/reel\/DR_sdERjZyq\/?utm_source=ig_embed&amp;utm_campaign=loading\" style=\" color:#c9c8cd; font-family:Arial,sans-serif; font-size:14px; font-style:normal; font-weight:normal; line-height:17px; text-decoration:none;\" target=\"_blank\">Objavu dijeli Radio Ljubu\u0161ki\ud83d\udcfb (@radio_ljubuski)<\/a><\/p><\/div><\/blockquote>\n<script async src=\"\/\/www.instagram.com\/embed.js\"><\/script>\n\n\n\n<p><\/p>\n\n\n\n<figure class=\"wp-block-gallery has-nested-images columns-default is-cropped wp-block-gallery-2 is-layout-flex wp-block-gallery-is-layout-flex\">\n<figure class=\"wp-block-image size-large\"><img loading=\"lazy\" decoding=\"async\" width=\"1024\" height=\"683\" data-id=\"223323\" src=\"https:\/\/radioljubuski.ba\/wp-content\/uploads\/2025\/12\/594903262_1171295958479911_8060951561690542217_n-1024x683.jpg\" alt=\"\" class=\"wp-image-223323\" srcset=\"https:\/\/radioljubuski.ba\/wp-content\/uploads\/2025\/12\/594903262_1171295958479911_8060951561690542217_n-1024x683.jpg 1024w, https:\/\/radioljubuski.ba\/wp-content\/uploads\/2025\/12\/594903262_1171295958479911_8060951561690542217_n-300x200.jpg 300w, https:\/\/radioljubuski.ba\/wp-content\/uploads\/2025\/12\/594903262_1171295958479911_8060951561690542217_n-768x512.jpg 768w, https:\/\/radioljubuski.ba\/wp-content\/uploads\/2025\/12\/594903262_1171295958479911_8060951561690542217_n-1536x1024.jpg 1536w, https:\/\/radioljubuski.ba\/wp-content\/uploads\/2025\/12\/594903262_1171295958479911_8060951561690542217_n-18x12.jpg 18w, https:\/\/radioljubuski.ba\/wp-content\/uploads\/2025\/12\/594903262_1171295958479911_8060951561690542217_n.jpg 2048w\" sizes=\"auto, (max-width: 1024px) 100vw, 1024px\" \/><\/figure>\n\n\n\n<figure class=\"wp-block-image size-large\"><img loading=\"lazy\" decoding=\"async\" width=\"1024\" height=\"683\" data-id=\"223324\" src=\"https:\/\/radioljubuski.ba\/wp-content\/uploads\/2025\/12\/advent-1024x683.jpg\" alt=\"\" class=\"wp-image-223324\" srcset=\"https:\/\/radioljubuski.ba\/wp-content\/uploads\/2025\/12\/advent-1024x683.jpg 1024w, https:\/\/radioljubuski.ba\/wp-content\/uploads\/2025\/12\/advent-300x200.jpg 300w, https:\/\/radioljubuski.ba\/wp-content\/uploads\/2025\/12\/advent-768x512.jpg 768w, https:\/\/radioljubuski.ba\/wp-content\/uploads\/2025\/12\/advent-1536x1024.jpg 1536w, https:\/\/radioljubuski.ba\/wp-content\/uploads\/2025\/12\/advent-18x12.jpg 18w, https:\/\/radioljubuski.ba\/wp-content\/uploads\/2025\/12\/advent.jpg 2048w\" sizes=\"auto, (max-width: 1024px) 100vw, 1024px\" \/><\/figure>\n<\/figure>\n\n\n\n<p>Od razigrane snje\u017ene \u0161ume i dje\u010djeg smijeha u Kulturnom centru, preko misijske pri\u010de iz Afrike, do sna\u017enih glasova zbora Amadeus na otvorenoj pozornici \u2013 protekli vikend u Ljubu\u0161kom pokazao je svu \u0161irinu i bogatstvo Adventa u Ljubu\u0161kom.<\/p>\n\n\n\n<iframe loading=\"lazy\" src=\"https:\/\/www.facebook.com\/plugins\/video.php?height=476&#038;href=https%3A%2F%2Fwww.facebook.com%2Freel%2F2730148547325547%2F&#038;show_text=false&#038;width=269&#038;t=0\" width=\"269\" height=\"476\" style=\"border:none;overflow:hidden\" scrolling=\"no\" frameborder=\"0\" allowfullscreen=\"true\" allow=\"autoplay; clipboard-write; encrypted-media; picture-in-picture; web-share\" allowFullScreen=\"true\"><\/iframe>\n\n\n\n<p>T. Deli\u0107 i G. ili\u0107<\/p>\n\n\n\n<p>Foto: Veselko Planini\u0107<\/p>\n\n\n\n<p><\/p>\n","protected":false},"excerpt":{"rendered":"<p>U subotu, 6. prosinca, na blagdan svetog Nikole, Kulturni centar Ljubu\u0161ki bio je ispunjen do posljednjeg mjesta. U organizaciji HKD Napredak Podru\u017enica Ljubu\u0161ki, glumci Malog teatra Mostar izveli su predstavu \u201eUzbuna u snje\u017enoj \u0161umi\u201c, koja je publici donijela pravu blagdansku kazali\u0161nu \u010daroliju u sklopu Adventa u Ljubu\u0161kom. Dinami\u010dna radnja, veseli dijalozi i razigrani likovi dr\u017eali [&hellip;]<\/p>\n","protected":false},"author":2,"featured_media":223330,"comment_status":"closed","ping_status":"closed","sticky":false,"template":"","format":"standard","meta":{"h5ap_radio_sources":[],"footnotes":""},"categories":[3,28],"tags":[],"class_list":["post-223322","post","type-post","status-publish","format-standard","has-post-thumbnail","hentry","category-ljubuski","category-novosti"],"yoast_head":"<!-- This site is optimized with the Yoast SEO plugin v27.5 - https:\/\/yoast.com\/product\/yoast-seo-wordpress\/ -->\n<title>Predstava, predavanje i koncert zbora Amadeus obilje\u017eili adventski vikend u Ljubu\u0161kom - RADIO LJUBU\u0160KI<\/title>\n<meta name=\"robots\" content=\"index, follow, max-snippet:-1, max-image-preview:large, max-video-preview:-1\" \/>\n<link rel=\"canonical\" href=\"https:\/\/radioljubuski.ba\/index.php\/2025\/12\/08\/predstava-predavanje-i-koncert-zbora-amadeus-obiljezili-adventski-vikend-u-ljubuskom\/\" \/>\n<meta property=\"og:locale\" content=\"hr_HR\" \/>\n<meta property=\"og:type\" content=\"article\" \/>\n<meta property=\"og:title\" content=\"Predstava, predavanje i koncert zbora Amadeus obilje\u017eili adventski vikend u Ljubu\u0161kom - RADIO LJUBU\u0160KI\" \/>\n<meta property=\"og:description\" content=\"U subotu, 6. prosinca, na blagdan svetog Nikole, Kulturni centar Ljubu\u0161ki bio je ispunjen do posljednjeg mjesta. U organizaciji HKD Napredak Podru\u017enica Ljubu\u0161ki, glumci Malog teatra Mostar izveli su predstavu \u201eUzbuna u snje\u017enoj \u0161umi\u201c, koja je publici donijela pravu blagdansku kazali\u0161nu \u010daroliju u sklopu Adventa u Ljubu\u0161kom. Dinami\u010dna radnja, veseli dijalozi i razigrani likovi dr\u017eali [&hellip;]\" \/>\n<meta property=\"og:url\" content=\"https:\/\/radioljubuski.ba\/index.php\/2025\/12\/08\/predstava-predavanje-i-koncert-zbora-amadeus-obiljezili-adventski-vikend-u-ljubuskom\/\" \/>\n<meta property=\"og:site_name\" content=\"RADIO LJUBU\u0160KI\" \/>\n<meta property=\"article:publisher\" content=\"https:\/\/www.facebook.com\/Radiio-Ljubuski-1490835324566332\" \/>\n<meta property=\"article:published_time\" content=\"2025-12-08T07:59:46+00:00\" \/>\n<meta property=\"article:modified_time\" content=\"2025-12-08T08:54:49+00:00\" \/>\n<meta property=\"og:image\" content=\"https:\/\/radioljubuski.ba\/wp-content\/uploads\/2025\/12\/594905832_1171295921813248_2933901235088026266_n.jpg\" \/>\n\t<meta property=\"og:image:width\" content=\"2048\" \/>\n\t<meta property=\"og:image:height\" content=\"1365\" \/>\n\t<meta property=\"og:image:type\" content=\"image\/jpeg\" \/>\n<meta name=\"author\" content=\"Radio Ljubu\u0161ki\" \/>\n<meta name=\"twitter:card\" content=\"summary_large_image\" \/>\n<meta name=\"twitter:creator\" content=\"@radioljubuski\" \/>\n<meta name=\"twitter:site\" content=\"@radioljubuski\" \/>\n<meta name=\"twitter:label1\" content=\"Napisao\/la\" \/>\n\t<meta name=\"twitter:data1\" content=\"Radio Ljubu\u0161ki\" \/>\n\t<meta name=\"twitter:label2\" content=\"Procijenjeno vrijeme \u010ditanja\" \/>\n\t<meta name=\"twitter:data2\" content=\"5 minuta\" \/>\n<script type=\"application\/ld+json\" class=\"yoast-schema-graph\">{\"@context\":\"https:\\\/\\\/schema.org\",\"@graph\":[{\"@type\":\"Article\",\"@id\":\"https:\\\/\\\/radioljubuski.ba\\\/index.php\\\/2025\\\/12\\\/08\\\/predstava-predavanje-i-koncert-zbora-amadeus-obiljezili-adventski-vikend-u-ljubuskom\\\/#article\",\"isPartOf\":{\"@id\":\"https:\\\/\\\/radioljubuski.ba\\\/index.php\\\/2025\\\/12\\\/08\\\/predstava-predavanje-i-koncert-zbora-amadeus-obiljezili-adventski-vikend-u-ljubuskom\\\/\"},\"author\":{\"name\":\"Radio Ljubu\u0161ki\",\"@id\":\"https:\\\/\\\/radioljubuski.ba\\\/#\\\/schema\\\/person\\\/19fc700381a780f69665d7956c469e3b\"},\"headline\":\"Predstava, predavanje i koncert zbora Amadeus obilje\u017eili adventski vikend u Ljubu\u0161kom\",\"datePublished\":\"2025-12-08T07:59:46+00:00\",\"dateModified\":\"2025-12-08T08:54:49+00:00\",\"mainEntityOfPage\":{\"@id\":\"https:\\\/\\\/radioljubuski.ba\\\/index.php\\\/2025\\\/12\\\/08\\\/predstava-predavanje-i-koncert-zbora-amadeus-obiljezili-adventski-vikend-u-ljubuskom\\\/\"},\"wordCount\":664,\"publisher\":{\"@id\":\"https:\\\/\\\/radioljubuski.ba\\\/#organization\"},\"image\":{\"@id\":\"https:\\\/\\\/radioljubuski.ba\\\/index.php\\\/2025\\\/12\\\/08\\\/predstava-predavanje-i-koncert-zbora-amadeus-obiljezili-adventski-vikend-u-ljubuskom\\\/#primaryimage\"},\"thumbnailUrl\":\"https:\\\/\\\/radioljubuski.ba\\\/wp-content\\\/uploads\\\/2025\\\/12\\\/594905832_1171295921813248_2933901235088026266_n.jpg\",\"articleSection\":[\"Ljubu\u0161ki\",\"Novosti\"],\"inLanguage\":\"hr\"},{\"@type\":\"WebPage\",\"@id\":\"https:\\\/\\\/radioljubuski.ba\\\/index.php\\\/2025\\\/12\\\/08\\\/predstava-predavanje-i-koncert-zbora-amadeus-obiljezili-adventski-vikend-u-ljubuskom\\\/\",\"url\":\"https:\\\/\\\/radioljubuski.ba\\\/index.php\\\/2025\\\/12\\\/08\\\/predstava-predavanje-i-koncert-zbora-amadeus-obiljezili-adventski-vikend-u-ljubuskom\\\/\",\"name\":\"Predstava, predavanje i koncert zbora Amadeus obilje\u017eili adventski vikend u Ljubu\u0161kom - RADIO LJUBU\u0160KI\",\"isPartOf\":{\"@id\":\"https:\\\/\\\/radioljubuski.ba\\\/#website\"},\"primaryImageOfPage\":{\"@id\":\"https:\\\/\\\/radioljubuski.ba\\\/index.php\\\/2025\\\/12\\\/08\\\/predstava-predavanje-i-koncert-zbora-amadeus-obiljezili-adventski-vikend-u-ljubuskom\\\/#primaryimage\"},\"image\":{\"@id\":\"https:\\\/\\\/radioljubuski.ba\\\/index.php\\\/2025\\\/12\\\/08\\\/predstava-predavanje-i-koncert-zbora-amadeus-obiljezili-adventski-vikend-u-ljubuskom\\\/#primaryimage\"},\"thumbnailUrl\":\"https:\\\/\\\/radioljubuski.ba\\\/wp-content\\\/uploads\\\/2025\\\/12\\\/594905832_1171295921813248_2933901235088026266_n.jpg\",\"datePublished\":\"2025-12-08T07:59:46+00:00\",\"dateModified\":\"2025-12-08T08:54:49+00:00\",\"breadcrumb\":{\"@id\":\"https:\\\/\\\/radioljubuski.ba\\\/index.php\\\/2025\\\/12\\\/08\\\/predstava-predavanje-i-koncert-zbora-amadeus-obiljezili-adventski-vikend-u-ljubuskom\\\/#breadcrumb\"},\"inLanguage\":\"hr\",\"potentialAction\":[{\"@type\":\"ReadAction\",\"target\":[\"https:\\\/\\\/radioljubuski.ba\\\/index.php\\\/2025\\\/12\\\/08\\\/predstava-predavanje-i-koncert-zbora-amadeus-obiljezili-adventski-vikend-u-ljubuskom\\\/\"]}]},{\"@type\":\"ImageObject\",\"inLanguage\":\"hr\",\"@id\":\"https:\\\/\\\/radioljubuski.ba\\\/index.php\\\/2025\\\/12\\\/08\\\/predstava-predavanje-i-koncert-zbora-amadeus-obiljezili-adventski-vikend-u-ljubuskom\\\/#primaryimage\",\"url\":\"https:\\\/\\\/radioljubuski.ba\\\/wp-content\\\/uploads\\\/2025\\\/12\\\/594905832_1171295921813248_2933901235088026266_n.jpg\",\"contentUrl\":\"https:\\\/\\\/radioljubuski.ba\\\/wp-content\\\/uploads\\\/2025\\\/12\\\/594905832_1171295921813248_2933901235088026266_n.jpg\",\"width\":2048,\"height\":1365},{\"@type\":\"BreadcrumbList\",\"@id\":\"https:\\\/\\\/radioljubuski.ba\\\/index.php\\\/2025\\\/12\\\/08\\\/predstava-predavanje-i-koncert-zbora-amadeus-obiljezili-adventski-vikend-u-ljubuskom\\\/#breadcrumb\",\"itemListElement\":[{\"@type\":\"ListItem\",\"position\":1,\"name\":\"Po\u010detna stranica\",\"item\":\"https:\\\/\\\/radioljubuski.ba\\\/\"},{\"@type\":\"ListItem\",\"position\":2,\"name\":\"Predstava, predavanje i koncert zbora Amadeus obilje\u017eili adventski vikend u Ljubu\u0161kom\"}]},{\"@type\":\"WebSite\",\"@id\":\"https:\\\/\\\/radioljubuski.ba\\\/#website\",\"url\":\"https:\\\/\\\/radioljubuski.ba\\\/\",\"name\":\"Radio Ljubu\u0161ki\",\"description\":\"Sun\u010dana frekvencija Hercegovine\",\"publisher\":{\"@id\":\"https:\\\/\\\/radioljubuski.ba\\\/#organization\"},\"potentialAction\":[{\"@type\":\"SearchAction\",\"target\":{\"@type\":\"EntryPoint\",\"urlTemplate\":\"https:\\\/\\\/radioljubuski.ba\\\/?s={search_term_string}\"},\"query-input\":{\"@type\":\"PropertyValueSpecification\",\"valueRequired\":true,\"valueName\":\"search_term_string\"}}],\"inLanguage\":\"hr\"},{\"@type\":\"Organization\",\"@id\":\"https:\\\/\\\/radioljubuski.ba\\\/#organization\",\"name\":\"Radio Ljubu\u0161ki\",\"url\":\"https:\\\/\\\/radioljubuski.ba\\\/\",\"logo\":{\"@type\":\"ImageObject\",\"inLanguage\":\"hr\",\"@id\":\"https:\\\/\\\/radioljubuski.ba\\\/#\\\/schema\\\/logo\\\/image\\\/\",\"url\":\"https:\\\/\\\/radioljubuski.ba\\\/wp-content\\\/uploads\\\/2021\\\/02\\\/cropped-Radio_Ljubuski_logo1.jpg\",\"contentUrl\":\"https:\\\/\\\/radioljubuski.ba\\\/wp-content\\\/uploads\\\/2021\\\/02\\\/cropped-Radio_Ljubuski_logo1.jpg\",\"width\":512,\"height\":512,\"caption\":\"Radio Ljubu\u0161ki\"},\"image\":{\"@id\":\"https:\\\/\\\/radioljubuski.ba\\\/#\\\/schema\\\/logo\\\/image\\\/\"},\"sameAs\":[\"https:\\\/\\\/www.facebook.com\\\/Radiio-Ljubuski-1490835324566332\",\"https:\\\/\\\/x.com\\\/radioljubuski\",\"https:\\\/\\\/hr.linkedin.com\\\/company\\\/radio-ljubuski\",\"https:\\\/\\\/www.youtube.com\\\/channel\\\/UCHYaeO_n0Db3tjNGudGpXyw\"]},{\"@type\":\"Person\",\"@id\":\"https:\\\/\\\/radioljubuski.ba\\\/#\\\/schema\\\/person\\\/19fc700381a780f69665d7956c469e3b\",\"name\":\"Radio Ljubu\u0161ki\"}]}<\/script>\n<!-- \/ Yoast SEO plugin. -->","yoast_head_json":{"title":"Predstava, predavanje i koncert zbora Amadeus obilje\u017eili adventski vikend u Ljubu\u0161kom - RADIO LJUBU\u0160KI","robots":{"index":"index","follow":"follow","max-snippet":"max-snippet:-1","max-image-preview":"max-image-preview:large","max-video-preview":"max-video-preview:-1"},"canonical":"https:\/\/radioljubuski.ba\/index.php\/2025\/12\/08\/predstava-predavanje-i-koncert-zbora-amadeus-obiljezili-adventski-vikend-u-ljubuskom\/","og_locale":"hr_HR","og_type":"article","og_title":"Predstava, predavanje i koncert zbora Amadeus obilje\u017eili adventski vikend u Ljubu\u0161kom - RADIO LJUBU\u0160KI","og_description":"U subotu, 6. prosinca, na blagdan svetog Nikole, Kulturni centar Ljubu\u0161ki bio je ispunjen do posljednjeg mjesta. U organizaciji HKD Napredak Podru\u017enica Ljubu\u0161ki, glumci Malog teatra Mostar izveli su predstavu \u201eUzbuna u snje\u017enoj \u0161umi\u201c, koja je publici donijela pravu blagdansku kazali\u0161nu \u010daroliju u sklopu Adventa u Ljubu\u0161kom. Dinami\u010dna radnja, veseli dijalozi i razigrani likovi dr\u017eali [&hellip;]","og_url":"https:\/\/radioljubuski.ba\/index.php\/2025\/12\/08\/predstava-predavanje-i-koncert-zbora-amadeus-obiljezili-adventski-vikend-u-ljubuskom\/","og_site_name":"RADIO LJUBU\u0160KI","article_publisher":"https:\/\/www.facebook.com\/Radiio-Ljubuski-1490835324566332","article_published_time":"2025-12-08T07:59:46+00:00","article_modified_time":"2025-12-08T08:54:49+00:00","og_image":[{"width":2048,"height":1365,"url":"https:\/\/radioljubuski.ba\/wp-content\/uploads\/2025\/12\/594905832_1171295921813248_2933901235088026266_n.jpg","type":"image\/jpeg"}],"author":"Radio Ljubu\u0161ki","twitter_card":"summary_large_image","twitter_creator":"@radioljubuski","twitter_site":"@radioljubuski","twitter_misc":{"Napisao\/la":"Radio Ljubu\u0161ki","Procijenjeno vrijeme \u010ditanja":"5 minuta"},"schema":{"@context":"https:\/\/schema.org","@graph":[{"@type":"Article","@id":"https:\/\/radioljubuski.ba\/index.php\/2025\/12\/08\/predstava-predavanje-i-koncert-zbora-amadeus-obiljezili-adventski-vikend-u-ljubuskom\/#article","isPartOf":{"@id":"https:\/\/radioljubuski.ba\/index.php\/2025\/12\/08\/predstava-predavanje-i-koncert-zbora-amadeus-obiljezili-adventski-vikend-u-ljubuskom\/"},"author":{"name":"Radio Ljubu\u0161ki","@id":"https:\/\/radioljubuski.ba\/#\/schema\/person\/19fc700381a780f69665d7956c469e3b"},"headline":"Predstava, predavanje i koncert zbora Amadeus obilje\u017eili adventski vikend u Ljubu\u0161kom","datePublished":"2025-12-08T07:59:46+00:00","dateModified":"2025-12-08T08:54:49+00:00","mainEntityOfPage":{"@id":"https:\/\/radioljubuski.ba\/index.php\/2025\/12\/08\/predstava-predavanje-i-koncert-zbora-amadeus-obiljezili-adventski-vikend-u-ljubuskom\/"},"wordCount":664,"publisher":{"@id":"https:\/\/radioljubuski.ba\/#organization"},"image":{"@id":"https:\/\/radioljubuski.ba\/index.php\/2025\/12\/08\/predstava-predavanje-i-koncert-zbora-amadeus-obiljezili-adventski-vikend-u-ljubuskom\/#primaryimage"},"thumbnailUrl":"https:\/\/radioljubuski.ba\/wp-content\/uploads\/2025\/12\/594905832_1171295921813248_2933901235088026266_n.jpg","articleSection":["Ljubu\u0161ki","Novosti"],"inLanguage":"hr"},{"@type":"WebPage","@id":"https:\/\/radioljubuski.ba\/index.php\/2025\/12\/08\/predstava-predavanje-i-koncert-zbora-amadeus-obiljezili-adventski-vikend-u-ljubuskom\/","url":"https:\/\/radioljubuski.ba\/index.php\/2025\/12\/08\/predstava-predavanje-i-koncert-zbora-amadeus-obiljezili-adventski-vikend-u-ljubuskom\/","name":"Predstava, predavanje i koncert zbora Amadeus obilje\u017eili adventski vikend u Ljubu\u0161kom - RADIO LJUBU\u0160KI","isPartOf":{"@id":"https:\/\/radioljubuski.ba\/#website"},"primaryImageOfPage":{"@id":"https:\/\/radioljubuski.ba\/index.php\/2025\/12\/08\/predstava-predavanje-i-koncert-zbora-amadeus-obiljezili-adventski-vikend-u-ljubuskom\/#primaryimage"},"image":{"@id":"https:\/\/radioljubuski.ba\/index.php\/2025\/12\/08\/predstava-predavanje-i-koncert-zbora-amadeus-obiljezili-adventski-vikend-u-ljubuskom\/#primaryimage"},"thumbnailUrl":"https:\/\/radioljubuski.ba\/wp-content\/uploads\/2025\/12\/594905832_1171295921813248_2933901235088026266_n.jpg","datePublished":"2025-12-08T07:59:46+00:00","dateModified":"2025-12-08T08:54:49+00:00","breadcrumb":{"@id":"https:\/\/radioljubuski.ba\/index.php\/2025\/12\/08\/predstava-predavanje-i-koncert-zbora-amadeus-obiljezili-adventski-vikend-u-ljubuskom\/#breadcrumb"},"inLanguage":"hr","potentialAction":[{"@type":"ReadAction","target":["https:\/\/radioljubuski.ba\/index.php\/2025\/12\/08\/predstava-predavanje-i-koncert-zbora-amadeus-obiljezili-adventski-vikend-u-ljubuskom\/"]}]},{"@type":"ImageObject","inLanguage":"hr","@id":"https:\/\/radioljubuski.ba\/index.php\/2025\/12\/08\/predstava-predavanje-i-koncert-zbora-amadeus-obiljezili-adventski-vikend-u-ljubuskom\/#primaryimage","url":"https:\/\/radioljubuski.ba\/wp-content\/uploads\/2025\/12\/594905832_1171295921813248_2933901235088026266_n.jpg","contentUrl":"https:\/\/radioljubuski.ba\/wp-content\/uploads\/2025\/12\/594905832_1171295921813248_2933901235088026266_n.jpg","width":2048,"height":1365},{"@type":"BreadcrumbList","@id":"https:\/\/radioljubuski.ba\/index.php\/2025\/12\/08\/predstava-predavanje-i-koncert-zbora-amadeus-obiljezili-adventski-vikend-u-ljubuskom\/#breadcrumb","itemListElement":[{"@type":"ListItem","position":1,"name":"Po\u010detna stranica","item":"https:\/\/radioljubuski.ba\/"},{"@type":"ListItem","position":2,"name":"Predstava, predavanje i koncert zbora Amadeus obilje\u017eili adventski vikend u Ljubu\u0161kom"}]},{"@type":"WebSite","@id":"https:\/\/radioljubuski.ba\/#website","url":"https:\/\/radioljubuski.ba\/","name":"Radio Ljubu\u0161ki","description":"Sun\u010dana frekvencija Hercegovine","publisher":{"@id":"https:\/\/radioljubuski.ba\/#organization"},"potentialAction":[{"@type":"SearchAction","target":{"@type":"EntryPoint","urlTemplate":"https:\/\/radioljubuski.ba\/?s={search_term_string}"},"query-input":{"@type":"PropertyValueSpecification","valueRequired":true,"valueName":"search_term_string"}}],"inLanguage":"hr"},{"@type":"Organization","@id":"https:\/\/radioljubuski.ba\/#organization","name":"Radio Ljubu\u0161ki","url":"https:\/\/radioljubuski.ba\/","logo":{"@type":"ImageObject","inLanguage":"hr","@id":"https:\/\/radioljubuski.ba\/#\/schema\/logo\/image\/","url":"https:\/\/radioljubuski.ba\/wp-content\/uploads\/2021\/02\/cropped-Radio_Ljubuski_logo1.jpg","contentUrl":"https:\/\/radioljubuski.ba\/wp-content\/uploads\/2021\/02\/cropped-Radio_Ljubuski_logo1.jpg","width":512,"height":512,"caption":"Radio Ljubu\u0161ki"},"image":{"@id":"https:\/\/radioljubuski.ba\/#\/schema\/logo\/image\/"},"sameAs":["https:\/\/www.facebook.com\/Radiio-Ljubuski-1490835324566332","https:\/\/x.com\/radioljubuski","https:\/\/hr.linkedin.com\/company\/radio-ljubuski","https:\/\/www.youtube.com\/channel\/UCHYaeO_n0Db3tjNGudGpXyw"]},{"@type":"Person","@id":"https:\/\/radioljubuski.ba\/#\/schema\/person\/19fc700381a780f69665d7956c469e3b","name":"Radio Ljubu\u0161ki"}]}},"_links":{"self":[{"href":"https:\/\/radioljubuski.ba\/index.php\/wp-json\/wp\/v2\/posts\/223322","targetHints":{"allow":["GET"]}}],"collection":[{"href":"https:\/\/radioljubuski.ba\/index.php\/wp-json\/wp\/v2\/posts"}],"about":[{"href":"https:\/\/radioljubuski.ba\/index.php\/wp-json\/wp\/v2\/types\/post"}],"author":[{"embeddable":true,"href":"https:\/\/radioljubuski.ba\/index.php\/wp-json\/wp\/v2\/users\/2"}],"replies":[{"embeddable":true,"href":"https:\/\/radioljubuski.ba\/index.php\/wp-json\/wp\/v2\/comments?post=223322"}],"version-history":[{"count":6,"href":"https:\/\/radioljubuski.ba\/index.php\/wp-json\/wp\/v2\/posts\/223322\/revisions"}],"predecessor-version":[{"id":223337,"href":"https:\/\/radioljubuski.ba\/index.php\/wp-json\/wp\/v2\/posts\/223322\/revisions\/223337"}],"wp:featuredmedia":[{"embeddable":true,"href":"https:\/\/radioljubuski.ba\/index.php\/wp-json\/wp\/v2\/media\/223330"}],"wp:attachment":[{"href":"https:\/\/radioljubuski.ba\/index.php\/wp-json\/wp\/v2\/media?parent=223322"}],"wp:term":[{"taxonomy":"category","embeddable":true,"href":"https:\/\/radioljubuski.ba\/index.php\/wp-json\/wp\/v2\/categories?post=223322"},{"taxonomy":"post_tag","embeddable":true,"href":"https:\/\/radioljubuski.ba\/index.php\/wp-json\/wp\/v2\/tags?post=223322"}],"curies":[{"name":"wp","href":"https:\/\/api.w.org\/{rel}","templated":true}]}}