{"id":223338,"date":"2025-12-08T10:29:15","date_gmt":"2025-12-08T09:29:15","guid":{"rendered":"https:\/\/radioljubuski.ba\/?p=223338"},"modified":"2025-12-08T10:29:16","modified_gmt":"2025-12-08T09:29:16","slug":"izvidac-agram-dominantan-protiv-gracanice-u-ljubuskom","status":"publish","type":"post","link":"https:\/\/radioljubuski.ba\/index.php\/2025\/12\/08\/izvidac-agram-dominantan-protiv-gracanice-u-ljubuskom\/","title":{"rendered":"Izvi\u0111a\u010d Agram dominantan protiv Gra\u010danice u Ljubu\u0161kom"},"content":{"rendered":"\n<p>U subotu su rukometa\u0161i\u00a0<strong>Izvi\u0111a\u010d Agrama<\/strong>\u00a0odigrali jo\u0161 jednu utakmicu u kojoj su potpuno dominirali i protivniku nisu dali ni minimalnu priliku da ozbiljnije zaprijeti u Gradskoj \u0161portskoj dvorani u Ljubu\u0161kom. Mom\u010dad Gra\u010danice u po\u010detku je djelovala dosta ambiciozno i motivirano, no kako je utakmica odmicala, njihove ambicije su splasnule, pa je u drugom dijelu terenom dominirao samo Izvi\u0111a\u010d.<\/p>\n\n\n\n<p>Gra\u010danica se dr\u017eala prvih petnaestak minuta, kada je uspijevala odr\u017eavati rezultatski priklju\u010dak. U 16. minuti bilo je 8:8, no serijom 4:0&nbsp;<strong>Skauti<\/strong>&nbsp;dolaze do osjetnije prednosti (12:8), koju zadr\u017eavaju do kraja poluvremena. Ponovno je briljirao&nbsp;<strong>Amer \u0160ahinovi\u0107<\/strong>, koji nije samo asistirao nego i zabijao. Prvih 30 minuta zaklju\u010dio je s 5 golova.<\/p>\n\n\n\n<h3 class=\"wp-block-heading\">Drugo poluvrijeme u potpunoj kontroli Izvi\u0111a\u010da<\/h3>\n\n\n\n<p>U nastavku su Skauti ubacili u vi\u0161u brzinu te su ve\u0107 nakon deset minuta igre stigli do 7 golova prednosti (24:17, 39. minuta). Gosti su u narednih nekoliko minuta uspjeli tek ubla\u017eiti razliku (25:21, 44. minuta), no tada se razgoropadio&nbsp;<strong>Marko \u010culjak<\/strong>, a napad je ostao precizan. U 51. minuti prednost je narasla na +9 (31:22), a na kraju su Skauti slavili&nbsp;<strong>dvoznamenkastom razlikom \u2013 37:26<\/strong>.<\/p>\n\n\n\n<p>I ovog puta \u0161irina kadra Izvi\u0111a\u010da do\u0161la je do izra\u017eaja. Trenerski dvojac pru\u017eio je priliku svim igra\u010dima u polju; svi su se rotirali i upisali u listu strijelaca. Jedino je vratar&nbsp;<strong>Marko \u010culjak<\/strong>&nbsp;proveo svih 60 minuta na parketu.<\/p>\n\n\n\n<h3 class=\"wp-block-heading\">Najbolji pojedinci<\/h3>\n\n\n\n<p>Ponovno je najbolji igra\u010d utakmice bio&nbsp;<strong>Amer \u0160ahinovi\u0107<\/strong>&nbsp;s 8 golova. Po 4 gola postigli su&nbsp;<strong>Filip Odak<\/strong>,&nbsp;<strong>Mirko Mi\u0161eti\u0107<\/strong>&nbsp;i&nbsp;<strong>Diano \u0106e\u0161ko<\/strong>. Po 3 gola dodali su&nbsp;<strong>Mile Lasi\u0107<\/strong>,&nbsp;<strong>Kerim Semi\u0107<\/strong>&nbsp;i&nbsp;<strong>Matej \u0160imi\u0107<\/strong>.<\/p>\n\n\n\n<p>Odli\u010dan je bio i&nbsp;<strong>Marko \u010culjak<\/strong>&nbsp;s \u010dak&nbsp;<strong>16 obrana (38 % uspje\u0161nosti)<\/strong>.<\/p>\n\n\n\n<p>Kod Gra\u010danice najefikasniji su bili:&nbsp;<strong>Dino Hamidovi\u0107<\/strong>&nbsp;\u2013 7 golova,&nbsp;<strong>Emrah Alispahi\u0107<\/strong>&nbsp;\u2013 6 golova,&nbsp;<strong>David Kondi\u0107<\/strong>&nbsp;\u2013 4 gola. Vratar&nbsp;<strong>Harun Me\u0161anovi\u0107<\/strong>&nbsp;upisao je 10 obrana.<\/p>\n\n\n\n<h3 class=\"wp-block-heading\">Najava sljede\u0107e utakmice<\/h3>\n\n\n\n<p>U srijedu,&nbsp;<strong>10. 12. 2025.<\/strong>, Skaute o\u010dekuje zaostala utakmica 9. kola protiv mom\u010dadi&nbsp;<strong>RK Derventa<\/strong>, koja \u0107e se odigrati u Gradskoj \u0161portskoj dvorani u Ljubu\u0161kom s po\u010detkom u&nbsp;<strong>18:00 sati<\/strong>.<\/p>\n\n\n\n<figure class=\"wp-block-table\"><table class=\"has-fixed-layout\"><tbody><tr><td class=\"has-text-align-left\" data-align=\"left\"><strong>Natjecanje:<\/strong><\/td><td class=\"has-text-align-left\" data-align=\"left\">Premijer liga BiH, sezona 2025.\/2026., 11. kolo<\/td><\/tr><tr><td class=\"has-text-align-left\" data-align=\"left\"><strong>Datum i vrijeme:<\/strong><\/td><td class=\"has-text-align-left\" data-align=\"left\">06. 12. 2025. u 17:00 sati<\/td><\/tr><tr><td class=\"has-text-align-left\" data-align=\"left\"><strong>Lokacija:<\/strong><\/td><td class=\"has-text-align-left\" data-align=\"left\">Ljubu\u0161ki, Gradska \u0161portska dvorana<\/td><\/tr><tr><td class=\"has-text-align-left\" data-align=\"left\"><strong>Gledatelja:<\/strong><\/td><td class=\"has-text-align-left\" data-align=\"left\">200<\/td><\/tr><tr><td class=\"has-text-align-left\" data-align=\"left\"><strong>Rezultat:<\/strong><\/td><td class=\"has-text-align-left\" data-align=\"left\"><strong>RK Izvi\u0111a\u010d Agram \u2013 RK Gra\u010danica 37:26 (18:14)<\/strong><\/td><\/tr><\/tbody><\/table><\/figure>\n\n\n\n<figure class=\"wp-block-table\"><table class=\"has-fixed-layout\"><tbody><tr><td class=\"has-text-align-left\" data-align=\"left\"><strong>Suci:<\/strong><\/td><td class=\"has-text-align-left\" data-align=\"left\">Vladimir Bara\u0107 (Gradi\u0161ka), Vedran \u0160atord\u017eija (Banja Luka)<\/td><\/tr><tr><td class=\"has-text-align-left\" data-align=\"left\"><strong>Nadzornik:<\/strong><\/td><td class=\"has-text-align-left\" data-align=\"left\">Mladen Rai\u010d (Mostar)<\/td><\/tr><\/tbody><\/table><\/figure>\n\n\n\n<p>RK Izvi\u0111a\u010d Agram<\/p>\n\n\n\n<figure class=\"wp-block-table\"><table class=\"has-fixed-layout\"><tbody><tr><td class=\"has-text-align-left\" data-align=\"left\"><strong>Igra\u010di:<\/strong><\/td><td class=\"has-text-align-left\" data-align=\"left\">Alihod\u017ei\u0107, Kne\u017eevi\u0107,&nbsp;<strong>\u010culjak (16 obrana)<\/strong>, Lukenda 1, Odak 4, \u0160ahinovi\u0107 8, Dedi\u0107 1, D\u017eelilovi\u0107 1, \u0160imi\u0107 3, Bubalo, Mi\u0161eti\u0107 4\/2, \u0106e\u0161ko 4, Semi\u0107 3, Grbavac 2, Bebek 2, Lasi\u0107 3, Kati\u0107 1\/1<\/td><\/tr><tr><td class=\"has-text-align-left\" data-align=\"left\"><strong>Treneri:<\/strong><\/td><td class=\"has-text-align-left\" data-align=\"left\">Ivan D\u017eoli\u0107, Milan Toli\u0107<\/td><\/tr><\/tbody><\/table><\/figure>\n\n\n\n<p>RK Gra\u010danica<\/p>\n\n\n\n<figure class=\"wp-block-table\"><table class=\"has-fixed-layout\"><tbody><tr><td class=\"has-text-align-left\" data-align=\"left\"><strong>Igra\u010di:<\/strong><\/td><td class=\"has-text-align-left\" data-align=\"left\">Ostoji\u0107 (4 obrane), Muji\u0107, A. Ahmeta\u0161evi\u0107, Ili\u0107, E. Ahmeta\u0161evi\u0107 2, Milkuni\u0107, Memi\u0107, Karanovi\u0107 3, Alispahi\u0107 6, Me\u0161anovi\u0107 (10 obrana), Kondi\u0107 4, Hamidovi\u0107 7\/2, \u010catal, \u0160abanovi\u0107 3, Bo\u017eovi\u0107 1, Alibegovi\u0107<\/td><\/tr><tr><td class=\"has-text-align-left\" data-align=\"left\"><strong>Trener:<\/strong><\/td><td class=\"has-text-align-left\" data-align=\"left\">Edin Muji\u0107<\/td><\/tr><\/tbody><\/table><\/figure>\n\n\n\n<p>Kazne i sedmerci:<\/p>\n\n\n\n<figure class=\"wp-block-table\"><table class=\"has-fixed-layout\"><tbody><tr><td class=\"has-text-align-left\" data-align=\"left\"><strong>Isklju\u010denja:<\/strong><\/td><td class=\"has-text-align-left\" data-align=\"left\">Izvi\u0111a\u010d 8 min \u2013 Gra\u010danica 10 min<\/td><\/tr><tr><td class=\"has-text-align-left\" data-align=\"left\"><strong>Sedmerci:<\/strong><\/td><td class=\"has-text-align-left\" data-align=\"left\">Izvi\u0111a\u010d 3\/3 \u2013 Gra\u010danica 2\/2<\/td><\/tr><\/tbody><\/table><\/figure>\n\n\n\n<p>RK Izvi\u0111a\u010d Agram<\/p>\n","protected":false},"excerpt":{"rendered":"<p>U subotu su rukometa\u0161i\u00a0Izvi\u0111a\u010d Agrama\u00a0odigrali jo\u0161 jednu utakmicu u kojoj su potpuno dominirali i protivniku nisu dali ni minimalnu priliku da ozbiljnije zaprijeti u Gradskoj \u0161portskoj dvorani u Ljubu\u0161kom. Mom\u010dad Gra\u010danice u po\u010detku je djelovala dosta ambiciozno i motivirano, no kako je utakmica odmicala, njihove ambicije su splasnule, pa je u drugom dijelu terenom dominirao [&hellip;]<\/p>\n","protected":false},"author":2,"featured_media":223339,"comment_status":"closed","ping_status":"closed","sticky":false,"template":"","format":"standard","meta":{"h5ap_radio_sources":[],"footnotes":""},"categories":[3,7],"tags":[],"class_list":["post-223338","post","type-post","status-publish","format-standard","has-post-thumbnail","hentry","category-ljubuski","category-sport"],"yoast_head":"<!-- This site is optimized with the Yoast SEO plugin v27.5 - https:\/\/yoast.com\/product\/yoast-seo-wordpress\/ -->\n<title>Izvi\u0111a\u010d Agram dominantan protiv Gra\u010danice u Ljubu\u0161kom - RADIO LJUBU\u0160KI<\/title>\n<meta name=\"robots\" content=\"index, follow, max-snippet:-1, max-image-preview:large, max-video-preview:-1\" \/>\n<link rel=\"canonical\" href=\"https:\/\/radioljubuski.ba\/index.php\/2025\/12\/08\/izvidac-agram-dominantan-protiv-gracanice-u-ljubuskom\/\" \/>\n<meta property=\"og:locale\" content=\"hr_HR\" \/>\n<meta property=\"og:type\" content=\"article\" \/>\n<meta property=\"og:title\" content=\"Izvi\u0111a\u010d Agram dominantan protiv Gra\u010danice u Ljubu\u0161kom - RADIO LJUBU\u0160KI\" \/>\n<meta property=\"og:description\" content=\"U subotu su rukometa\u0161i\u00a0Izvi\u0111a\u010d Agrama\u00a0odigrali jo\u0161 jednu utakmicu u kojoj su potpuno dominirali i protivniku nisu dali ni minimalnu priliku da ozbiljnije zaprijeti u Gradskoj \u0161portskoj dvorani u Ljubu\u0161kom. Mom\u010dad Gra\u010danice u po\u010detku je djelovala dosta ambiciozno i motivirano, no kako je utakmica odmicala, njihove ambicije su splasnule, pa je u drugom dijelu terenom dominirao [&hellip;]\" \/>\n<meta property=\"og:url\" content=\"https:\/\/radioljubuski.ba\/index.php\/2025\/12\/08\/izvidac-agram-dominantan-protiv-gracanice-u-ljubuskom\/\" \/>\n<meta property=\"og:site_name\" content=\"RADIO LJUBU\u0160KI\" \/>\n<meta property=\"article:publisher\" content=\"https:\/\/www.facebook.com\/Radiio-Ljubuski-1490835324566332\" \/>\n<meta property=\"article:published_time\" content=\"2025-12-08T09:29:15+00:00\" \/>\n<meta property=\"article:modified_time\" content=\"2025-12-08T09:29:16+00:00\" \/>\n<meta property=\"og:image\" content=\"https:\/\/radioljubuski.ba\/wp-content\/uploads\/2025\/12\/izvidjac-gracanica-embed-1024x660-1.jpg\" \/>\n\t<meta property=\"og:image:width\" content=\"1024\" \/>\n\t<meta property=\"og:image:height\" content=\"660\" \/>\n\t<meta property=\"og:image:type\" content=\"image\/jpeg\" \/>\n<meta name=\"author\" content=\"Radio Ljubu\u0161ki\" \/>\n<meta name=\"twitter:card\" content=\"summary_large_image\" \/>\n<meta name=\"twitter:creator\" content=\"@radioljubuski\" \/>\n<meta name=\"twitter:site\" content=\"@radioljubuski\" \/>\n<meta name=\"twitter:label1\" content=\"Napisao\/la\" \/>\n\t<meta name=\"twitter:data1\" content=\"Radio Ljubu\u0161ki\" \/>\n\t<meta name=\"twitter:label2\" content=\"Procijenjeno vrijeme \u010ditanja\" \/>\n\t<meta name=\"twitter:data2\" content=\"3 minute\" \/>\n<script type=\"application\/ld+json\" class=\"yoast-schema-graph\">{\"@context\":\"https:\\\/\\\/schema.org\",\"@graph\":[{\"@type\":\"Article\",\"@id\":\"https:\\\/\\\/radioljubuski.ba\\\/index.php\\\/2025\\\/12\\\/08\\\/izvidac-agram-dominantan-protiv-gracanice-u-ljubuskom\\\/#article\",\"isPartOf\":{\"@id\":\"https:\\\/\\\/radioljubuski.ba\\\/index.php\\\/2025\\\/12\\\/08\\\/izvidac-agram-dominantan-protiv-gracanice-u-ljubuskom\\\/\"},\"author\":{\"name\":\"Radio Ljubu\u0161ki\",\"@id\":\"https:\\\/\\\/radioljubuski.ba\\\/#\\\/schema\\\/person\\\/19fc700381a780f69665d7956c469e3b\"},\"headline\":\"Izvi\u0111a\u010d Agram dominantan protiv Gra\u010danice u Ljubu\u0161kom\",\"datePublished\":\"2025-12-08T09:29:15+00:00\",\"dateModified\":\"2025-12-08T09:29:16+00:00\",\"mainEntityOfPage\":{\"@id\":\"https:\\\/\\\/radioljubuski.ba\\\/index.php\\\/2025\\\/12\\\/08\\\/izvidac-agram-dominantan-protiv-gracanice-u-ljubuskom\\\/\"},\"wordCount\":500,\"publisher\":{\"@id\":\"https:\\\/\\\/radioljubuski.ba\\\/#organization\"},\"image\":{\"@id\":\"https:\\\/\\\/radioljubuski.ba\\\/index.php\\\/2025\\\/12\\\/08\\\/izvidac-agram-dominantan-protiv-gracanice-u-ljubuskom\\\/#primaryimage\"},\"thumbnailUrl\":\"https:\\\/\\\/radioljubuski.ba\\\/wp-content\\\/uploads\\\/2025\\\/12\\\/izvidjac-gracanica-embed-1024x660-1.jpg\",\"articleSection\":[\"Ljubu\u0161ki\",\"\u0160port\"],\"inLanguage\":\"hr\"},{\"@type\":\"WebPage\",\"@id\":\"https:\\\/\\\/radioljubuski.ba\\\/index.php\\\/2025\\\/12\\\/08\\\/izvidac-agram-dominantan-protiv-gracanice-u-ljubuskom\\\/\",\"url\":\"https:\\\/\\\/radioljubuski.ba\\\/index.php\\\/2025\\\/12\\\/08\\\/izvidac-agram-dominantan-protiv-gracanice-u-ljubuskom\\\/\",\"name\":\"Izvi\u0111a\u010d Agram dominantan protiv Gra\u010danice u Ljubu\u0161kom - RADIO LJUBU\u0160KI\",\"isPartOf\":{\"@id\":\"https:\\\/\\\/radioljubuski.ba\\\/#website\"},\"primaryImageOfPage\":{\"@id\":\"https:\\\/\\\/radioljubuski.ba\\\/index.php\\\/2025\\\/12\\\/08\\\/izvidac-agram-dominantan-protiv-gracanice-u-ljubuskom\\\/#primaryimage\"},\"image\":{\"@id\":\"https:\\\/\\\/radioljubuski.ba\\\/index.php\\\/2025\\\/12\\\/08\\\/izvidac-agram-dominantan-protiv-gracanice-u-ljubuskom\\\/#primaryimage\"},\"thumbnailUrl\":\"https:\\\/\\\/radioljubuski.ba\\\/wp-content\\\/uploads\\\/2025\\\/12\\\/izvidjac-gracanica-embed-1024x660-1.jpg\",\"datePublished\":\"2025-12-08T09:29:15+00:00\",\"dateModified\":\"2025-12-08T09:29:16+00:00\",\"breadcrumb\":{\"@id\":\"https:\\\/\\\/radioljubuski.ba\\\/index.php\\\/2025\\\/12\\\/08\\\/izvidac-agram-dominantan-protiv-gracanice-u-ljubuskom\\\/#breadcrumb\"},\"inLanguage\":\"hr\",\"potentialAction\":[{\"@type\":\"ReadAction\",\"target\":[\"https:\\\/\\\/radioljubuski.ba\\\/index.php\\\/2025\\\/12\\\/08\\\/izvidac-agram-dominantan-protiv-gracanice-u-ljubuskom\\\/\"]}]},{\"@type\":\"ImageObject\",\"inLanguage\":\"hr\",\"@id\":\"https:\\\/\\\/radioljubuski.ba\\\/index.php\\\/2025\\\/12\\\/08\\\/izvidac-agram-dominantan-protiv-gracanice-u-ljubuskom\\\/#primaryimage\",\"url\":\"https:\\\/\\\/radioljubuski.ba\\\/wp-content\\\/uploads\\\/2025\\\/12\\\/izvidjac-gracanica-embed-1024x660-1.jpg\",\"contentUrl\":\"https:\\\/\\\/radioljubuski.ba\\\/wp-content\\\/uploads\\\/2025\\\/12\\\/izvidjac-gracanica-embed-1024x660-1.jpg\",\"width\":1024,\"height\":660},{\"@type\":\"BreadcrumbList\",\"@id\":\"https:\\\/\\\/radioljubuski.ba\\\/index.php\\\/2025\\\/12\\\/08\\\/izvidac-agram-dominantan-protiv-gracanice-u-ljubuskom\\\/#breadcrumb\",\"itemListElement\":[{\"@type\":\"ListItem\",\"position\":1,\"name\":\"Po\u010detna stranica\",\"item\":\"https:\\\/\\\/radioljubuski.ba\\\/\"},{\"@type\":\"ListItem\",\"position\":2,\"name\":\"Izvi\u0111a\u010d Agram dominantan protiv Gra\u010danice u Ljubu\u0161kom\"}]},{\"@type\":\"WebSite\",\"@id\":\"https:\\\/\\\/radioljubuski.ba\\\/#website\",\"url\":\"https:\\\/\\\/radioljubuski.ba\\\/\",\"name\":\"Radio Ljubu\u0161ki\",\"description\":\"Sun\u010dana frekvencija Hercegovine\",\"publisher\":{\"@id\":\"https:\\\/\\\/radioljubuski.ba\\\/#organization\"},\"potentialAction\":[{\"@type\":\"SearchAction\",\"target\":{\"@type\":\"EntryPoint\",\"urlTemplate\":\"https:\\\/\\\/radioljubuski.ba\\\/?s={search_term_string}\"},\"query-input\":{\"@type\":\"PropertyValueSpecification\",\"valueRequired\":true,\"valueName\":\"search_term_string\"}}],\"inLanguage\":\"hr\"},{\"@type\":\"Organization\",\"@id\":\"https:\\\/\\\/radioljubuski.ba\\\/#organization\",\"name\":\"Radio Ljubu\u0161ki\",\"url\":\"https:\\\/\\\/radioljubuski.ba\\\/\",\"logo\":{\"@type\":\"ImageObject\",\"inLanguage\":\"hr\",\"@id\":\"https:\\\/\\\/radioljubuski.ba\\\/#\\\/schema\\\/logo\\\/image\\\/\",\"url\":\"https:\\\/\\\/radioljubuski.ba\\\/wp-content\\\/uploads\\\/2021\\\/02\\\/cropped-Radio_Ljubuski_logo1.jpg\",\"contentUrl\":\"https:\\\/\\\/radioljubuski.ba\\\/wp-content\\\/uploads\\\/2021\\\/02\\\/cropped-Radio_Ljubuski_logo1.jpg\",\"width\":512,\"height\":512,\"caption\":\"Radio Ljubu\u0161ki\"},\"image\":{\"@id\":\"https:\\\/\\\/radioljubuski.ba\\\/#\\\/schema\\\/logo\\\/image\\\/\"},\"sameAs\":[\"https:\\\/\\\/www.facebook.com\\\/Radiio-Ljubuski-1490835324566332\",\"https:\\\/\\\/x.com\\\/radioljubuski\",\"https:\\\/\\\/hr.linkedin.com\\\/company\\\/radio-ljubuski\",\"https:\\\/\\\/www.youtube.com\\\/channel\\\/UCHYaeO_n0Db3tjNGudGpXyw\"]},{\"@type\":\"Person\",\"@id\":\"https:\\\/\\\/radioljubuski.ba\\\/#\\\/schema\\\/person\\\/19fc700381a780f69665d7956c469e3b\",\"name\":\"Radio Ljubu\u0161ki\"}]}<\/script>\n<!-- \/ Yoast SEO plugin. -->","yoast_head_json":{"title":"Izvi\u0111a\u010d Agram dominantan protiv Gra\u010danice u Ljubu\u0161kom - RADIO LJUBU\u0160KI","robots":{"index":"index","follow":"follow","max-snippet":"max-snippet:-1","max-image-preview":"max-image-preview:large","max-video-preview":"max-video-preview:-1"},"canonical":"https:\/\/radioljubuski.ba\/index.php\/2025\/12\/08\/izvidac-agram-dominantan-protiv-gracanice-u-ljubuskom\/","og_locale":"hr_HR","og_type":"article","og_title":"Izvi\u0111a\u010d Agram dominantan protiv Gra\u010danice u Ljubu\u0161kom - RADIO LJUBU\u0160KI","og_description":"U subotu su rukometa\u0161i\u00a0Izvi\u0111a\u010d Agrama\u00a0odigrali jo\u0161 jednu utakmicu u kojoj su potpuno dominirali i protivniku nisu dali ni minimalnu priliku da ozbiljnije zaprijeti u Gradskoj \u0161portskoj dvorani u Ljubu\u0161kom. Mom\u010dad Gra\u010danice u po\u010detku je djelovala dosta ambiciozno i motivirano, no kako je utakmica odmicala, njihove ambicije su splasnule, pa je u drugom dijelu terenom dominirao [&hellip;]","og_url":"https:\/\/radioljubuski.ba\/index.php\/2025\/12\/08\/izvidac-agram-dominantan-protiv-gracanice-u-ljubuskom\/","og_site_name":"RADIO LJUBU\u0160KI","article_publisher":"https:\/\/www.facebook.com\/Radiio-Ljubuski-1490835324566332","article_published_time":"2025-12-08T09:29:15+00:00","article_modified_time":"2025-12-08T09:29:16+00:00","og_image":[{"width":1024,"height":660,"url":"https:\/\/radioljubuski.ba\/wp-content\/uploads\/2025\/12\/izvidjac-gracanica-embed-1024x660-1.jpg","type":"image\/jpeg"}],"author":"Radio Ljubu\u0161ki","twitter_card":"summary_large_image","twitter_creator":"@radioljubuski","twitter_site":"@radioljubuski","twitter_misc":{"Napisao\/la":"Radio Ljubu\u0161ki","Procijenjeno vrijeme \u010ditanja":"3 minute"},"schema":{"@context":"https:\/\/schema.org","@graph":[{"@type":"Article","@id":"https:\/\/radioljubuski.ba\/index.php\/2025\/12\/08\/izvidac-agram-dominantan-protiv-gracanice-u-ljubuskom\/#article","isPartOf":{"@id":"https:\/\/radioljubuski.ba\/index.php\/2025\/12\/08\/izvidac-agram-dominantan-protiv-gracanice-u-ljubuskom\/"},"author":{"name":"Radio Ljubu\u0161ki","@id":"https:\/\/radioljubuski.ba\/#\/schema\/person\/19fc700381a780f69665d7956c469e3b"},"headline":"Izvi\u0111a\u010d Agram dominantan protiv Gra\u010danice u Ljubu\u0161kom","datePublished":"2025-12-08T09:29:15+00:00","dateModified":"2025-12-08T09:29:16+00:00","mainEntityOfPage":{"@id":"https:\/\/radioljubuski.ba\/index.php\/2025\/12\/08\/izvidac-agram-dominantan-protiv-gracanice-u-ljubuskom\/"},"wordCount":500,"publisher":{"@id":"https:\/\/radioljubuski.ba\/#organization"},"image":{"@id":"https:\/\/radioljubuski.ba\/index.php\/2025\/12\/08\/izvidac-agram-dominantan-protiv-gracanice-u-ljubuskom\/#primaryimage"},"thumbnailUrl":"https:\/\/radioljubuski.ba\/wp-content\/uploads\/2025\/12\/izvidjac-gracanica-embed-1024x660-1.jpg","articleSection":["Ljubu\u0161ki","\u0160port"],"inLanguage":"hr"},{"@type":"WebPage","@id":"https:\/\/radioljubuski.ba\/index.php\/2025\/12\/08\/izvidac-agram-dominantan-protiv-gracanice-u-ljubuskom\/","url":"https:\/\/radioljubuski.ba\/index.php\/2025\/12\/08\/izvidac-agram-dominantan-protiv-gracanice-u-ljubuskom\/","name":"Izvi\u0111a\u010d Agram dominantan protiv Gra\u010danice u Ljubu\u0161kom - RADIO LJUBU\u0160KI","isPartOf":{"@id":"https:\/\/radioljubuski.ba\/#website"},"primaryImageOfPage":{"@id":"https:\/\/radioljubuski.ba\/index.php\/2025\/12\/08\/izvidac-agram-dominantan-protiv-gracanice-u-ljubuskom\/#primaryimage"},"image":{"@id":"https:\/\/radioljubuski.ba\/index.php\/2025\/12\/08\/izvidac-agram-dominantan-protiv-gracanice-u-ljubuskom\/#primaryimage"},"thumbnailUrl":"https:\/\/radioljubuski.ba\/wp-content\/uploads\/2025\/12\/izvidjac-gracanica-embed-1024x660-1.jpg","datePublished":"2025-12-08T09:29:15+00:00","dateModified":"2025-12-08T09:29:16+00:00","breadcrumb":{"@id":"https:\/\/radioljubuski.ba\/index.php\/2025\/12\/08\/izvidac-agram-dominantan-protiv-gracanice-u-ljubuskom\/#breadcrumb"},"inLanguage":"hr","potentialAction":[{"@type":"ReadAction","target":["https:\/\/radioljubuski.ba\/index.php\/2025\/12\/08\/izvidac-agram-dominantan-protiv-gracanice-u-ljubuskom\/"]}]},{"@type":"ImageObject","inLanguage":"hr","@id":"https:\/\/radioljubuski.ba\/index.php\/2025\/12\/08\/izvidac-agram-dominantan-protiv-gracanice-u-ljubuskom\/#primaryimage","url":"https:\/\/radioljubuski.ba\/wp-content\/uploads\/2025\/12\/izvidjac-gracanica-embed-1024x660-1.jpg","contentUrl":"https:\/\/radioljubuski.ba\/wp-content\/uploads\/2025\/12\/izvidjac-gracanica-embed-1024x660-1.jpg","width":1024,"height":660},{"@type":"BreadcrumbList","@id":"https:\/\/radioljubuski.ba\/index.php\/2025\/12\/08\/izvidac-agram-dominantan-protiv-gracanice-u-ljubuskom\/#breadcrumb","itemListElement":[{"@type":"ListItem","position":1,"name":"Po\u010detna stranica","item":"https:\/\/radioljubuski.ba\/"},{"@type":"ListItem","position":2,"name":"Izvi\u0111a\u010d Agram dominantan protiv Gra\u010danice u Ljubu\u0161kom"}]},{"@type":"WebSite","@id":"https:\/\/radioljubuski.ba\/#website","url":"https:\/\/radioljubuski.ba\/","name":"Radio Ljubu\u0161ki","description":"Sun\u010dana frekvencija Hercegovine","publisher":{"@id":"https:\/\/radioljubuski.ba\/#organization"},"potentialAction":[{"@type":"SearchAction","target":{"@type":"EntryPoint","urlTemplate":"https:\/\/radioljubuski.ba\/?s={search_term_string}"},"query-input":{"@type":"PropertyValueSpecification","valueRequired":true,"valueName":"search_term_string"}}],"inLanguage":"hr"},{"@type":"Organization","@id":"https:\/\/radioljubuski.ba\/#organization","name":"Radio Ljubu\u0161ki","url":"https:\/\/radioljubuski.ba\/","logo":{"@type":"ImageObject","inLanguage":"hr","@id":"https:\/\/radioljubuski.ba\/#\/schema\/logo\/image\/","url":"https:\/\/radioljubuski.ba\/wp-content\/uploads\/2021\/02\/cropped-Radio_Ljubuski_logo1.jpg","contentUrl":"https:\/\/radioljubuski.ba\/wp-content\/uploads\/2021\/02\/cropped-Radio_Ljubuski_logo1.jpg","width":512,"height":512,"caption":"Radio Ljubu\u0161ki"},"image":{"@id":"https:\/\/radioljubuski.ba\/#\/schema\/logo\/image\/"},"sameAs":["https:\/\/www.facebook.com\/Radiio-Ljubuski-1490835324566332","https:\/\/x.com\/radioljubuski","https:\/\/hr.linkedin.com\/company\/radio-ljubuski","https:\/\/www.youtube.com\/channel\/UCHYaeO_n0Db3tjNGudGpXyw"]},{"@type":"Person","@id":"https:\/\/radioljubuski.ba\/#\/schema\/person\/19fc700381a780f69665d7956c469e3b","name":"Radio Ljubu\u0161ki"}]}},"_links":{"self":[{"href":"https:\/\/radioljubuski.ba\/index.php\/wp-json\/wp\/v2\/posts\/223338","targetHints":{"allow":["GET"]}}],"collection":[{"href":"https:\/\/radioljubuski.ba\/index.php\/wp-json\/wp\/v2\/posts"}],"about":[{"href":"https:\/\/radioljubuski.ba\/index.php\/wp-json\/wp\/v2\/types\/post"}],"author":[{"embeddable":true,"href":"https:\/\/radioljubuski.ba\/index.php\/wp-json\/wp\/v2\/users\/2"}],"replies":[{"embeddable":true,"href":"https:\/\/radioljubuski.ba\/index.php\/wp-json\/wp\/v2\/comments?post=223338"}],"version-history":[{"count":1,"href":"https:\/\/radioljubuski.ba\/index.php\/wp-json\/wp\/v2\/posts\/223338\/revisions"}],"predecessor-version":[{"id":223340,"href":"https:\/\/radioljubuski.ba\/index.php\/wp-json\/wp\/v2\/posts\/223338\/revisions\/223340"}],"wp:featuredmedia":[{"embeddable":true,"href":"https:\/\/radioljubuski.ba\/index.php\/wp-json\/wp\/v2\/media\/223339"}],"wp:attachment":[{"href":"https:\/\/radioljubuski.ba\/index.php\/wp-json\/wp\/v2\/media?parent=223338"}],"wp:term":[{"taxonomy":"category","embeddable":true,"href":"https:\/\/radioljubuski.ba\/index.php\/wp-json\/wp\/v2\/categories?post=223338"},{"taxonomy":"post_tag","embeddable":true,"href":"https:\/\/radioljubuski.ba\/index.php\/wp-json\/wp\/v2\/tags?post=223338"}],"curies":[{"name":"wp","href":"https:\/\/api.w.org\/{rel}","templated":true}]}}