{"id":223341,"date":"2025-12-08T13:05:40","date_gmt":"2025-12-08T12:05:40","guid":{"rendered":"https:\/\/radioljubuski.ba\/?p=223341"},"modified":"2025-12-08T13:34:07","modified_gmt":"2025-12-08T12:34:07","slug":"pobjede-rukometasa-izvidaca-i-izvidaca-2-prvi-poraz-kosarkasa-ljubuskog","status":"publish","type":"post","link":"https:\/\/radioljubuski.ba\/index.php\/2025\/12\/08\/pobjede-rukometasa-izvidaca-i-izvidaca-2-prvi-poraz-kosarkasa-ljubuskog\/","title":{"rendered":"Pobjede rukometa\u0161a Izvi\u0111a\u010da i Izvi\u0111a\u010da 2, prvi poraz ko\u0161arka\u0161a Ljubu\u0161kog"},"content":{"rendered":"\n<p>Protekli vikend rukometa\u0161i Izvi\u0111a\u010d Agrama su na doma\u0107em terenu pobijedili Gra\u010danicu, rukometa\u0161i Izvi\u0111a\u010da 2 su slavili protiv Respecta iz Sarajeva, rukometa\u0161ice Izvi\u0111a\u010da pora\u017eene su u Gora\u017edu od istoimenog doma\u0107ina, ko\u0161arka\u0161i Ljubu\u0161kog pora\u017eeni su u Mostaru od HKK Mostar, odbojka\u0161ice Libera su u Livnu kod Troglava ostvarile pobjedu i dva poraza, a na doma\u0107em parketu protiv Sme\u010da upisale pobjedu i poraz, a uspje\u0161ne su bile i mla\u0111e kategorije Izvi\u0111a\u010da.<\/p>\n\n\n\n<p><strong>RUKOMET<\/strong><\/p>\n\n\n\n<p><strong>Izvi\u0111a\u010d Agram<\/strong><\/p>\n\n\n\n<p>Rukometa\u0161i Izvi\u0111a\u010d Agrama su u subotu, 18. kolu Premijer lige BiH, na doma\u0107em terenu pobijedili Gra\u010danicu rezultatom 37:26, na poluvremenu je bilo 18:14. &nbsp;<\/p>\n\n\n\n<p>Nakon 11. odigranih kola Izvi\u0111a\u010d se nalazi na vrhu prvenstvene ljestvice sa 16 osvojenih bodova iz deset odigranih utakmica. Isti broj bodova, ali ne\u0161to lo\u0161iju gol razliku, imaju Sloga iz Doboja i Vogo\u0161\u0107a.<\/p>\n\n\n\n<p>Vi\u0161e pogledajte ispod:<\/p>\n\n\n\n<figure class=\"wp-block-embed is-type-wp-embed is-provider-radio-ljubu-ki wp-block-embed-radio-ljubu-ki\"><div class=\"wp-block-embed__wrapper\">\n<blockquote class=\"wp-embedded-content\" data-secret=\"CXDEiuct5C\"><a href=\"https:\/\/radioljubuski.ba\/index.php\/2025\/12\/08\/izvidac-agram-dominantan-protiv-gracanice-u-ljubuskom\/\">Izvi\u0111a\u010d Agram dominantan protiv Gra\u010danice u Ljubu\u0161kom<\/a><\/blockquote><iframe loading=\"lazy\" class=\"wp-embedded-content\" sandbox=\"allow-scripts\" security=\"restricted\" style=\"position: absolute; visibility: hidden;\" title=\"&#8220;Izvi\u0111a\u010d Agram dominantan protiv Gra\u010danice u Ljubu\u0161kom&#8221; &#8212;   RADIO LJUBU\u0160KI\" src=\"https:\/\/radioljubuski.ba\/index.php\/2025\/12\/08\/izvidac-agram-dominantan-protiv-gracanice-u-ljubuskom\/embed\/#?secret=UcdC7lhQwi#?secret=CXDEiuct5C\" data-secret=\"CXDEiuct5C\" width=\"600\" height=\"338\" frameborder=\"0\" marginwidth=\"0\" marginheight=\"0\" scrolling=\"no\"><\/iframe>\n<\/div><\/figure>\n\n\n\n<p><strong>Izvi\u0111a\u010d 2<\/strong><\/p>\n\n\n\n<p>Rukometa\u0161i Izvi\u0111a\u010da 2 su ju\u010der u 11. kolu Prve lige F BIH \u2013 skupina Jug na doma\u0107em parketu svladali Respect iz Sarajeva rezultatom 39:21, na poluvremenu je bilo 20:9.<\/p>\n\n\n\n<p>Najefikasniji u redovima Izvi\u0111a\u010da bio je Toma Tolj s 10 pogodaka, Maro Boras postigao je 9, a Vito \u0160uvak i Adriano \u0106ori\u0107 po 4 pogotka.<\/p>\n\n\n\n<p>Nakon 11 odigranih kola Izvi\u0111a\u010d je vode\u0107i na prvenstvenoj ljestvicu s 18 osvojenih bodova iz 10 odigranih utakmica.<\/p>\n\n\n\n<p>U idu\u0107em kolu druga mom\u010dad Skauta gostuje kod Me\u0111ugorja.<\/p>\n\n\n\n<figure class=\"wp-block-image size-large\"><img loading=\"lazy\" decoding=\"async\" width=\"819\" height=\"1024\" src=\"https:\/\/radioljubuski.ba\/wp-content\/uploads\/2025\/12\/595241476_1531353231884661_3823593707537444607_n-819x1024.jpg\" alt=\"\" class=\"wp-image-223353\" srcset=\"https:\/\/radioljubuski.ba\/wp-content\/uploads\/2025\/12\/595241476_1531353231884661_3823593707537444607_n-819x1024.jpg 819w, https:\/\/radioljubuski.ba\/wp-content\/uploads\/2025\/12\/595241476_1531353231884661_3823593707537444607_n-240x300.jpg 240w, https:\/\/radioljubuski.ba\/wp-content\/uploads\/2025\/12\/595241476_1531353231884661_3823593707537444607_n-768x960.jpg 768w, https:\/\/radioljubuski.ba\/wp-content\/uploads\/2025\/12\/595241476_1531353231884661_3823593707537444607_n-10x12.jpg 10w, https:\/\/radioljubuski.ba\/wp-content\/uploads\/2025\/12\/595241476_1531353231884661_3823593707537444607_n.jpg 1080w\" sizes=\"auto, (max-width: 819px) 100vw, 819px\" \/><\/figure>\n\n\n\n<p><strong>Izvi\u0111a\u010d \u017eene<\/strong><\/p>\n\n\n\n<p>Rukometa\u0161ice Izvi\u0111a\u010da su ju\u010der u 7. kolu Premijer lige BiH &nbsp;pora\u017eene u Gora\u017edu od istoimene doma\u0107e ekipe rezultatom 41:31, na poluvremenu je bilo 18:13.<\/p>\n\n\n\n<p>Najefikasnije u redovima Izvi\u0111a\u010da su bile Katarina Milas i Ema Pavlovi\u0107 s 8 postignutih pogodaka, Lena Hrsto je postigla 5, Lucija \u0160ego 4, Marija Bezer 3, Lorena Luburi\u0107 2 i Ivana Bebek 1 pogodak.<\/p>\n\n\n\n<p>Nakon 7 odigranih kola rukometa\u0161ice Izvi\u0111a\u010da su pretposljednje na prvenstvenoj ljestvici s dva osvojena boda iz 6 odigranih utakmica. Na vrhu ljestvice su Had\u017ei\u0107i s maksimalnim u\u010dinkom i 12 bodova u 6 odigranih utakmica.<\/p>\n\n\n\n<p>U idu\u0107em kolu rukometa\u0161ice Izvi\u0111a\u010da \u0107e ugostiti Krajinu iz Cazina.<\/p>\n\n\n\n<figure class=\"wp-block-image size-large\"><img loading=\"lazy\" decoding=\"async\" width=\"1024\" height=\"683\" src=\"https:\/\/radioljubuski.ba\/wp-content\/uploads\/2025\/12\/596493136_1288386493334913_6008870885918254224_n-1024x683.jpg\" alt=\"\" class=\"wp-image-223354\" srcset=\"https:\/\/radioljubuski.ba\/wp-content\/uploads\/2025\/12\/596493136_1288386493334913_6008870885918254224_n-1024x683.jpg 1024w, https:\/\/radioljubuski.ba\/wp-content\/uploads\/2025\/12\/596493136_1288386493334913_6008870885918254224_n-300x200.jpg 300w, https:\/\/radioljubuski.ba\/wp-content\/uploads\/2025\/12\/596493136_1288386493334913_6008870885918254224_n-768x512.jpg 768w, https:\/\/radioljubuski.ba\/wp-content\/uploads\/2025\/12\/596493136_1288386493334913_6008870885918254224_n-1536x1024.jpg 1536w, https:\/\/radioljubuski.ba\/wp-content\/uploads\/2025\/12\/596493136_1288386493334913_6008870885918254224_n-18x12.jpg 18w, https:\/\/radioljubuski.ba\/wp-content\/uploads\/2025\/12\/596493136_1288386493334913_6008870885918254224_n.jpg 2048w\" sizes=\"auto, (max-width: 1024px) 100vw, 1024px\" \/><\/figure>\n\n\n\n<p><strong>Rukometna akademija Izvi\u0111a\u010d<\/strong><\/p>\n\n\n\n<p>Mla\u0111e \u017eenske kategorije Izvi\u0111a\u010da su ju\u010der u Gradskoj \u0161portskoj dvorani ugostile svoje vr\u0161njakinje iz Nove Bile. Utakmice su se igrale u tri kategorije, a mlade Skautice su slavile u sva tri susreta.<\/p>\n\n\n\n<p>Mla\u0111e kadetkinje:<\/p>\n\n\n\n<p>RA Izvi\u0111a\u010d1 : \u017dRK N.Bila 32:16(16:7)<\/p>\n\n\n\n<p>RA Izvi\u0111a\u010d2 : \u017dRK N.Bila 17:15(8:6)<\/p>\n\n\n\n<p>Djevoj\u010dice:<\/p>\n\n\n\n<p>RA Izvi\u0111a\u010d&nbsp;&nbsp;&nbsp; : \u017dRK N.Bila 22:19(13:9)<\/p>\n\n\n\n<figure class=\"wp-block-image size-large\"><img loading=\"lazy\" decoding=\"async\" width=\"768\" height=\"1024\" src=\"https:\/\/radioljubuski.ba\/wp-content\/uploads\/2025\/12\/595605410_4253821764895366_4839592416106935979_n-768x1024.jpg\" alt=\"\" class=\"wp-image-223350\" srcset=\"https:\/\/radioljubuski.ba\/wp-content\/uploads\/2025\/12\/595605410_4253821764895366_4839592416106935979_n-768x1024.jpg 768w, https:\/\/radioljubuski.ba\/wp-content\/uploads\/2025\/12\/595605410_4253821764895366_4839592416106935979_n-225x300.jpg 225w, https:\/\/radioljubuski.ba\/wp-content\/uploads\/2025\/12\/595605410_4253821764895366_4839592416106935979_n-1152x1536.jpg 1152w, https:\/\/radioljubuski.ba\/wp-content\/uploads\/2025\/12\/595605410_4253821764895366_4839592416106935979_n-9x12.jpg 9w, https:\/\/radioljubuski.ba\/wp-content\/uploads\/2025\/12\/595605410_4253821764895366_4839592416106935979_n.jpg 1536w\" sizes=\"auto, (max-width: 768px) 100vw, 768px\" \/><\/figure>\n\n\n\n<figure class=\"wp-block-image size-full\"><img loading=\"lazy\" decoding=\"async\" width=\"344\" height=\"439\" src=\"https:\/\/radioljubuski.ba\/wp-content\/uploads\/2025\/12\/izv-ml.png\" alt=\"\" class=\"wp-image-223351\" srcset=\"https:\/\/radioljubuski.ba\/wp-content\/uploads\/2025\/12\/izv-ml.png 344w, https:\/\/radioljubuski.ba\/wp-content\/uploads\/2025\/12\/izv-ml-235x300.png 235w, https:\/\/radioljubuski.ba\/wp-content\/uploads\/2025\/12\/izv-ml-9x12.png 9w\" sizes=\"auto, (max-width: 344px) 100vw, 344px\" \/><\/figure>\n\n\n\n<figure class=\"wp-block-image size-full\"><img loading=\"lazy\" decoding=\"async\" width=\"346\" height=\"448\" src=\"https:\/\/radioljubuski.ba\/wp-content\/uploads\/2025\/12\/izvi-ml.png\" alt=\"\" class=\"wp-image-223352\" srcset=\"https:\/\/radioljubuski.ba\/wp-content\/uploads\/2025\/12\/izvi-ml.png 346w, https:\/\/radioljubuski.ba\/wp-content\/uploads\/2025\/12\/izvi-ml-232x300.png 232w, https:\/\/radioljubuski.ba\/wp-content\/uploads\/2025\/12\/izvi-ml-9x12.png 9w\" sizes=\"auto, (max-width: 346px) 100vw, 346px\" \/><\/figure>\n\n\n\n<p>Kadeti Izvi\u0111a\u010da su ju\u010der u utakmici 7. kola Lige HB za mlade ugostili svoje vr\u0161njake iz Neuma i slavili s uvjerljivih 41:19, na poluvremenu je bilo 21:9.<\/p>\n\n\n\n<p><strong>KO\u0160ARKA<\/strong><\/p>\n\n\n\n<p>Ko\u0161arka\u0161i Ljubu\u0161kog su u 6. kolu &nbsp;Lige Ko\u0161arka\u0161kog saveza Herceg \u2013 Bosne pora\u017eeni na gostovanju u Mostaru od HKK Mostar rezultatom 80:69, po \u010detvrtinama je bilo 21:23, 21:13, 16:20 i 22:13.<\/p>\n\n\n\n<p>Najefikasniji kod Ljubu\u0161aka bio je Marko Bo\u0161njak s 24 postignuta poena, \u010demu je dodao i 9 skokova, David Bevanda je postigao 21 ko\u0161, ostvario 3 skoka i jednu asistenciju, Ante Ke\u017ei\u0107 i Nedjeljko Tole postigli su po 6 poena, a Tole je upisao i 8 skokova, Dragan D\u017eaji\u0107 je postigao 5 poena, ostvario 9 skokova i 4 asistencije, Antonio Pehar 4 ko\u0161a, 5 skokova i 2 asistencije, Mateo Barbari\u0107 2 ko\u0161a i 2 skoka, a Stipe Dugand\u017ei\u0107 je postigao 1 ko\u0161 te upisao 4 skoka i 3 asistencije.<\/p>\n\n\n\n<p>Ko\u0161arka\u0161i Ljubu\u0161kog su u 6 odigranih utakmica ostvarili 5 pobjeda i 1 poraz.<\/p>\n\n\n\n<figure class=\"wp-block-image size-large\"><img loading=\"lazy\" decoding=\"async\" width=\"1024\" height=\"1024\" src=\"https:\/\/radioljubuski.ba\/wp-content\/uploads\/2025\/12\/590805520_18032914916748994_1086864673509216376_n-1024x1024.jpg\" alt=\"\" class=\"wp-image-223349\" srcset=\"https:\/\/radioljubuski.ba\/wp-content\/uploads\/2025\/12\/590805520_18032914916748994_1086864673509216376_n-1024x1024.jpg 1024w, https:\/\/radioljubuski.ba\/wp-content\/uploads\/2025\/12\/590805520_18032914916748994_1086864673509216376_n-300x300.jpg 300w, https:\/\/radioljubuski.ba\/wp-content\/uploads\/2025\/12\/590805520_18032914916748994_1086864673509216376_n-150x150.jpg 150w, https:\/\/radioljubuski.ba\/wp-content\/uploads\/2025\/12\/590805520_18032914916748994_1086864673509216376_n-768x768.jpg 768w, https:\/\/radioljubuski.ba\/wp-content\/uploads\/2025\/12\/590805520_18032914916748994_1086864673509216376_n-12x12.jpg 12w, https:\/\/radioljubuski.ba\/wp-content\/uploads\/2025\/12\/590805520_18032914916748994_1086864673509216376_n-64x64.jpg 64w, https:\/\/radioljubuski.ba\/wp-content\/uploads\/2025\/12\/590805520_18032914916748994_1086864673509216376_n-560x560.jpg 560w, https:\/\/radioljubuski.ba\/wp-content\/uploads\/2025\/12\/590805520_18032914916748994_1086864673509216376_n.jpg 1080w\" sizes=\"auto, (max-width: 1024px) 100vw, 1024px\" \/><\/figure>\n\n\n\n<p><strong>ODBOJKA<\/strong><\/p>\n\n\n\n<p>Odbojka\u0161ice ljubu\u0161kog Libera su u subotu, u zaostaloj prvenstvenoj utakmici, gostovale kod Troglava u Livnu te ostvarile pobjedu i dva poraza. Utakmica se igrala u tri kategorije, kadetkinje, mla\u0111e kadetkinje i djevoj\u010dice, a Liberice su slavile u kategoriji djevoj\u010dica.<\/p>\n\n\n\n<p>Susret je po\u010deo utakmicom najmla\u0111ih cura ro\u0111enih 2013.\/14. godine, odnosno kategorijom &#8220;djevoj\u010dice&#8221;. Liberice su odigrale fantasti\u010dno i pokazale da su kona\u010dno spremne opu\u0161tenije i samopouzdanije odigrati utakmicu. Rezultat je bio 0:2 (20:25, 25:27)<\/p>\n\n\n\n<p>Drugu utakmicu igrale su prve na ljestvici, mla\u0111e kadetkinje Libera, te upisale prvi poraz ove sezone. Pora\u017eene su rezultatom 2:1 (25:22, 20:25, 15:8)<\/p>\n\n\n\n<p>To \u0161to su Liberice ostale bez termina treninga, evidentno je najvi\u0161e pogodio kadetkinje, srednjo\u0161kolke, koje su pora\u017eene rezultatom 2:0 (26:24, 25:16)<\/p>\n\n\n\n<p>Dan poslije, dakle ju\u010der, Liberice su u 7. kolu Lige Hercegovine u dvorani O\u0160 Marka Maruli\u0107a ugostile Sme\u010d iz \u0160irokog Brijega. Susret se igrao u dvije kategorije, a Liberice su ostvarile pobjedu i poraz. U kategoriji mla\u0111e kadetkinje slavile su 2:0 (25:14 i 25:18), a u kategoriji kadetkinje su pora\u017eene 2:0 (21:25 i 12:25).<\/p>\n\n\n\n<figure class=\"wp-block-image size-large\"><img loading=\"lazy\" decoding=\"async\" width=\"1024\" height=\"1024\" src=\"https:\/\/radioljubuski.ba\/wp-content\/uploads\/2025\/12\/590474581_18335147548210707_2439769168581913633_n-1024x1024.jpg\" alt=\"\" class=\"wp-image-223345\" srcset=\"https:\/\/radioljubuski.ba\/wp-content\/uploads\/2025\/12\/590474581_18335147548210707_2439769168581913633_n-1024x1024.jpg 1024w, https:\/\/radioljubuski.ba\/wp-content\/uploads\/2025\/12\/590474581_18335147548210707_2439769168581913633_n-300x300.jpg 300w, https:\/\/radioljubuski.ba\/wp-content\/uploads\/2025\/12\/590474581_18335147548210707_2439769168581913633_n-150x150.jpg 150w, https:\/\/radioljubuski.ba\/wp-content\/uploads\/2025\/12\/590474581_18335147548210707_2439769168581913633_n-768x768.jpg 768w, https:\/\/radioljubuski.ba\/wp-content\/uploads\/2025\/12\/590474581_18335147548210707_2439769168581913633_n-12x12.jpg 12w, https:\/\/radioljubuski.ba\/wp-content\/uploads\/2025\/12\/590474581_18335147548210707_2439769168581913633_n-64x64.jpg 64w, https:\/\/radioljubuski.ba\/wp-content\/uploads\/2025\/12\/590474581_18335147548210707_2439769168581913633_n-560x560.jpg 560w, https:\/\/radioljubuski.ba\/wp-content\/uploads\/2025\/12\/590474581_18335147548210707_2439769168581913633_n.jpg 1440w\" sizes=\"auto, (max-width: 1024px) 100vw, 1024px\" \/><\/figure>\n\n\n\n<figure class=\"wp-block-image size-large\"><img loading=\"lazy\" decoding=\"async\" width=\"1024\" height=\"1024\" src=\"https:\/\/radioljubuski.ba\/wp-content\/uploads\/2025\/12\/574159723_18335147539210707_7536063777774269536_n-1024x1024.jpg\" alt=\"\" class=\"wp-image-223342\" srcset=\"https:\/\/radioljubuski.ba\/wp-content\/uploads\/2025\/12\/574159723_18335147539210707_7536063777774269536_n-1024x1024.jpg 1024w, https:\/\/radioljubuski.ba\/wp-content\/uploads\/2025\/12\/574159723_18335147539210707_7536063777774269536_n-300x300.jpg 300w, https:\/\/radioljubuski.ba\/wp-content\/uploads\/2025\/12\/574159723_18335147539210707_7536063777774269536_n-150x150.jpg 150w, https:\/\/radioljubuski.ba\/wp-content\/uploads\/2025\/12\/574159723_18335147539210707_7536063777774269536_n-768x768.jpg 768w, https:\/\/radioljubuski.ba\/wp-content\/uploads\/2025\/12\/574159723_18335147539210707_7536063777774269536_n-12x12.jpg 12w, https:\/\/radioljubuski.ba\/wp-content\/uploads\/2025\/12\/574159723_18335147539210707_7536063777774269536_n-64x64.jpg 64w, https:\/\/radioljubuski.ba\/wp-content\/uploads\/2025\/12\/574159723_18335147539210707_7536063777774269536_n-560x560.jpg 560w, https:\/\/radioljubuski.ba\/wp-content\/uploads\/2025\/12\/574159723_18335147539210707_7536063777774269536_n.jpg 1440w\" sizes=\"auto, (max-width: 1024px) 100vw, 1024px\" \/><\/figure>\n\n\n\n<figure class=\"wp-block-image size-large\"><img loading=\"lazy\" decoding=\"async\" width=\"1024\" height=\"1024\" src=\"https:\/\/radioljubuski.ba\/wp-content\/uploads\/2025\/12\/587613481_18335147530210707_7246284082600430086_n-1024x1024.jpg\" alt=\"\" class=\"wp-image-223344\" srcset=\"https:\/\/radioljubuski.ba\/wp-content\/uploads\/2025\/12\/587613481_18335147530210707_7246284082600430086_n-1024x1024.jpg 1024w, https:\/\/radioljubuski.ba\/wp-content\/uploads\/2025\/12\/587613481_18335147530210707_7246284082600430086_n-300x300.jpg 300w, https:\/\/radioljubuski.ba\/wp-content\/uploads\/2025\/12\/587613481_18335147530210707_7246284082600430086_n-150x150.jpg 150w, https:\/\/radioljubuski.ba\/wp-content\/uploads\/2025\/12\/587613481_18335147530210707_7246284082600430086_n-768x768.jpg 768w, https:\/\/radioljubuski.ba\/wp-content\/uploads\/2025\/12\/587613481_18335147530210707_7246284082600430086_n-12x12.jpg 12w, https:\/\/radioljubuski.ba\/wp-content\/uploads\/2025\/12\/587613481_18335147530210707_7246284082600430086_n-64x64.jpg 64w, https:\/\/radioljubuski.ba\/wp-content\/uploads\/2025\/12\/587613481_18335147530210707_7246284082600430086_n-560x560.jpg 560w, https:\/\/radioljubuski.ba\/wp-content\/uploads\/2025\/12\/587613481_18335147530210707_7246284082600430086_n.jpg 1440w\" sizes=\"auto, (max-width: 1024px) 100vw, 1024px\" \/><\/figure>\n\n\n\n<p><strong>\u0160AH<\/strong><\/p>\n\n\n\n<p>Protekli vikend je u organizaciji \u0160K Brotnjo, u prostorijama Doma kulture MZ \u010cerin, odigran brzopotezni \u0161ahovski turnir za kadete i juniore na kojem je nastupilo i nekoliko \u010dlanova \u0160ahovskog kluba Kula Ljubu\u0161ki.<\/p>\n\n\n\n<p>Na turniru je sudjelovalo 26 natjecatelja raspore\u0111enih u dvije kategorije \u2013 kadeti i juniori.<\/p>\n\n\n\n<p>U mla\u0111oj kategoriji nastupio je Jakov Maji\u0107, polaznik \u0161kole \u0161aha \u0160K Kula, osvojiv\u0161i vrlo dobrih 4\/7 bodova u konkurenciji od 19 igra\u010da.<\/p>\n\n\n\n<p>Turnir se igrao po \u0161vicarskom sustavu, 7 kola, tempom 7 minuta + 5 sekundi po potezu.<\/p>\n\n\n\n<p>U starijoj skupini igralo se po berger-sustavu (svatko sa svakim), u konkurenciji 7 igra\u010da.<\/p>\n\n\n\n<p>Ljubu\u0161anka Mihaela Bunti\u0107 ostvarila je odli\u010dan rezultat od 4,5\/7 bodova te osvojila nagradu za najbolju tre\u0107eplasiranu igra\u010dicu do 16 godina.<\/p>\n\n\n\n<figure class=\"wp-block-image size-large\"><img loading=\"lazy\" decoding=\"async\" width=\"1024\" height=\"1024\" src=\"https:\/\/radioljubuski.ba\/wp-content\/uploads\/2025\/12\/584325305_18061327052555069_892202386380840827_n-1024x1024.jpg\" alt=\"\" class=\"wp-image-223346\" srcset=\"https:\/\/radioljubuski.ba\/wp-content\/uploads\/2025\/12\/584325305_18061327052555069_892202386380840827_n-1024x1024.jpg 1024w, https:\/\/radioljubuski.ba\/wp-content\/uploads\/2025\/12\/584325305_18061327052555069_892202386380840827_n-300x300.jpg 300w, https:\/\/radioljubuski.ba\/wp-content\/uploads\/2025\/12\/584325305_18061327052555069_892202386380840827_n-150x150.jpg 150w, https:\/\/radioljubuski.ba\/wp-content\/uploads\/2025\/12\/584325305_18061327052555069_892202386380840827_n-768x768.jpg 768w, https:\/\/radioljubuski.ba\/wp-content\/uploads\/2025\/12\/584325305_18061327052555069_892202386380840827_n-12x12.jpg 12w, https:\/\/radioljubuski.ba\/wp-content\/uploads\/2025\/12\/584325305_18061327052555069_892202386380840827_n-64x64.jpg 64w, https:\/\/radioljubuski.ba\/wp-content\/uploads\/2025\/12\/584325305_18061327052555069_892202386380840827_n-560x560.jpg 560w, https:\/\/radioljubuski.ba\/wp-content\/uploads\/2025\/12\/584325305_18061327052555069_892202386380840827_n.jpg 1080w\" sizes=\"auto, (max-width: 1024px) 100vw, 1024px\" \/><\/figure>\n\n\n\n<figure class=\"wp-block-image size-large\"><img loading=\"lazy\" decoding=\"async\" width=\"1024\" height=\"1024\" src=\"https:\/\/radioljubuski.ba\/wp-content\/uploads\/2025\/12\/591140122_18061327118555069_3402026043519161984_n-1024x1024.jpg\" alt=\"\" class=\"wp-image-223347\" srcset=\"https:\/\/radioljubuski.ba\/wp-content\/uploads\/2025\/12\/591140122_18061327118555069_3402026043519161984_n-1024x1024.jpg 1024w, https:\/\/radioljubuski.ba\/wp-content\/uploads\/2025\/12\/591140122_18061327118555069_3402026043519161984_n-300x300.jpg 300w, https:\/\/radioljubuski.ba\/wp-content\/uploads\/2025\/12\/591140122_18061327118555069_3402026043519161984_n-150x150.jpg 150w, https:\/\/radioljubuski.ba\/wp-content\/uploads\/2025\/12\/591140122_18061327118555069_3402026043519161984_n-768x768.jpg 768w, https:\/\/radioljubuski.ba\/wp-content\/uploads\/2025\/12\/591140122_18061327118555069_3402026043519161984_n-12x12.jpg 12w, https:\/\/radioljubuski.ba\/wp-content\/uploads\/2025\/12\/591140122_18061327118555069_3402026043519161984_n-64x64.jpg 64w, https:\/\/radioljubuski.ba\/wp-content\/uploads\/2025\/12\/591140122_18061327118555069_3402026043519161984_n-560x560.jpg 560w, https:\/\/radioljubuski.ba\/wp-content\/uploads\/2025\/12\/591140122_18061327118555069_3402026043519161984_n.jpg 1080w\" sizes=\"auto, (max-width: 1024px) 100vw, 1024px\" \/><\/figure>\n\n\n\n<figure class=\"wp-block-image size-large\"><img loading=\"lazy\" decoding=\"async\" width=\"1024\" height=\"1024\" src=\"https:\/\/radioljubuski.ba\/wp-content\/uploads\/2025\/12\/588641420_18061327082555069_5333397388477182100_n-1024x1024.jpg\" alt=\"\" class=\"wp-image-223348\" srcset=\"https:\/\/radioljubuski.ba\/wp-content\/uploads\/2025\/12\/588641420_18061327082555069_5333397388477182100_n-1024x1024.jpg 1024w, https:\/\/radioljubuski.ba\/wp-content\/uploads\/2025\/12\/588641420_18061327082555069_5333397388477182100_n-300x300.jpg 300w, https:\/\/radioljubuski.ba\/wp-content\/uploads\/2025\/12\/588641420_18061327082555069_5333397388477182100_n-150x150.jpg 150w, https:\/\/radioljubuski.ba\/wp-content\/uploads\/2025\/12\/588641420_18061327082555069_5333397388477182100_n-768x768.jpg 768w, https:\/\/radioljubuski.ba\/wp-content\/uploads\/2025\/12\/588641420_18061327082555069_5333397388477182100_n-12x12.jpg 12w, https:\/\/radioljubuski.ba\/wp-content\/uploads\/2025\/12\/588641420_18061327082555069_5333397388477182100_n-64x64.jpg 64w, https:\/\/radioljubuski.ba\/wp-content\/uploads\/2025\/12\/588641420_18061327082555069_5333397388477182100_n-560x560.jpg 560w, https:\/\/radioljubuski.ba\/wp-content\/uploads\/2025\/12\/588641420_18061327082555069_5333397388477182100_n.jpg 1080w\" sizes=\"auto, (max-width: 1024px) 100vw, 1024px\" \/><\/figure>\n\n\n\n<p>Radio Ljubu\u0161ki<\/p>\n","protected":false},"excerpt":{"rendered":"<p>Protekli vikend rukometa\u0161i Izvi\u0111a\u010d Agrama su na doma\u0107em terenu pobijedili Gra\u010danicu, rukometa\u0161i Izvi\u0111a\u010da 2 su slavili protiv Respecta iz Sarajeva, rukometa\u0161ice Izvi\u0111a\u010da pora\u017eene su u Gora\u017edu od istoimenog doma\u0107ina, ko\u0161arka\u0161i Ljubu\u0161kog pora\u017eeni su u Mostaru od HKK Mostar, odbojka\u0161ice Libera su u Livnu kod Troglava ostvarile pobjedu i dva poraza, a na doma\u0107em parketu protiv [&hellip;]<\/p>\n","protected":false},"author":2,"featured_media":223068,"comment_status":"closed","ping_status":"closed","sticky":false,"template":"","format":"standard","meta":{"h5ap_radio_sources":[],"footnotes":""},"categories":[3,28,7],"tags":[],"class_list":["post-223341","post","type-post","status-publish","format-standard","has-post-thumbnail","hentry","category-ljubuski","category-novosti","category-sport"],"yoast_head":"<!-- This site is optimized with the Yoast SEO plugin v27.5 - https:\/\/yoast.com\/product\/yoast-seo-wordpress\/ -->\n<title>Pobjede rukometa\u0161a Izvi\u0111a\u010da i Izvi\u0111a\u010da 2, prvi poraz ko\u0161arka\u0161a Ljubu\u0161kog - RADIO LJUBU\u0160KI<\/title>\n<meta name=\"robots\" content=\"index, follow, max-snippet:-1, max-image-preview:large, max-video-preview:-1\" \/>\n<link rel=\"canonical\" href=\"https:\/\/radioljubuski.ba\/index.php\/2025\/12\/08\/pobjede-rukometasa-izvidaca-i-izvidaca-2-prvi-poraz-kosarkasa-ljubuskog\/\" \/>\n<meta property=\"og:locale\" content=\"hr_HR\" \/>\n<meta property=\"og:type\" content=\"article\" \/>\n<meta property=\"og:title\" content=\"Pobjede rukometa\u0161a Izvi\u0111a\u010da i Izvi\u0111a\u010da 2, prvi poraz ko\u0161arka\u0161a Ljubu\u0161kog - RADIO LJUBU\u0160KI\" \/>\n<meta property=\"og:description\" content=\"Protekli vikend rukometa\u0161i Izvi\u0111a\u010d Agrama su na doma\u0107em terenu pobijedili Gra\u010danicu, rukometa\u0161i Izvi\u0111a\u010da 2 su slavili protiv Respecta iz Sarajeva, rukometa\u0161ice Izvi\u0111a\u010da pora\u017eene su u Gora\u017edu od istoimenog doma\u0107ina, ko\u0161arka\u0161i Ljubu\u0161kog pora\u017eeni su u Mostaru od HKK Mostar, odbojka\u0161ice Libera su u Livnu kod Troglava ostvarile pobjedu i dva poraza, a na doma\u0107em parketu protiv [&hellip;]\" \/>\n<meta property=\"og:url\" content=\"https:\/\/radioljubuski.ba\/index.php\/2025\/12\/08\/pobjede-rukometasa-izvidaca-i-izvidaca-2-prvi-poraz-kosarkasa-ljubuskog\/\" \/>\n<meta property=\"og:site_name\" content=\"RADIO LJUBU\u0160KI\" \/>\n<meta property=\"article:publisher\" content=\"https:\/\/www.facebook.com\/Radiio-Ljubuski-1490835324566332\" \/>\n<meta property=\"article:published_time\" content=\"2025-12-08T12:05:40+00:00\" \/>\n<meta property=\"article:modified_time\" content=\"2025-12-08T12:34:07+00:00\" \/>\n<meta property=\"og:image\" content=\"https:\/\/radioljubuski.ba\/wp-content\/uploads\/2025\/12\/sportske-novosti.png\" \/>\n\t<meta property=\"og:image:width\" content=\"808\" \/>\n\t<meta property=\"og:image:height\" content=\"699\" \/>\n\t<meta property=\"og:image:type\" content=\"image\/png\" \/>\n<meta name=\"author\" content=\"Radio Ljubu\u0161ki\" \/>\n<meta name=\"twitter:card\" content=\"summary_large_image\" \/>\n<meta name=\"twitter:creator\" content=\"@radioljubuski\" \/>\n<meta name=\"twitter:site\" content=\"@radioljubuski\" \/>\n<meta name=\"twitter:label1\" content=\"Napisao\/la\" \/>\n\t<meta name=\"twitter:data1\" content=\"Radio Ljubu\u0161ki\" \/>\n\t<meta name=\"twitter:label2\" content=\"Procijenjeno vrijeme \u010ditanja\" \/>\n\t<meta name=\"twitter:data2\" content=\"8 minuta\" \/>\n<script type=\"application\/ld+json\" class=\"yoast-schema-graph\">{\"@context\":\"https:\\\/\\\/schema.org\",\"@graph\":[{\"@type\":\"Article\",\"@id\":\"https:\\\/\\\/radioljubuski.ba\\\/index.php\\\/2025\\\/12\\\/08\\\/pobjede-rukometasa-izvidaca-i-izvidaca-2-prvi-poraz-kosarkasa-ljubuskog\\\/#article\",\"isPartOf\":{\"@id\":\"https:\\\/\\\/radioljubuski.ba\\\/index.php\\\/2025\\\/12\\\/08\\\/pobjede-rukometasa-izvidaca-i-izvidaca-2-prvi-poraz-kosarkasa-ljubuskog\\\/\"},\"author\":{\"name\":\"Radio Ljubu\u0161ki\",\"@id\":\"https:\\\/\\\/radioljubuski.ba\\\/#\\\/schema\\\/person\\\/19fc700381a780f69665d7956c469e3b\"},\"headline\":\"Pobjede rukometa\u0161a Izvi\u0111a\u010da i Izvi\u0111a\u010da 2, prvi poraz ko\u0161arka\u0161a Ljubu\u0161kog\",\"datePublished\":\"2025-12-08T12:05:40+00:00\",\"dateModified\":\"2025-12-08T12:34:07+00:00\",\"mainEntityOfPage\":{\"@id\":\"https:\\\/\\\/radioljubuski.ba\\\/index.php\\\/2025\\\/12\\\/08\\\/pobjede-rukometasa-izvidaca-i-izvidaca-2-prvi-poraz-kosarkasa-ljubuskog\\\/\"},\"wordCount\":892,\"publisher\":{\"@id\":\"https:\\\/\\\/radioljubuski.ba\\\/#organization\"},\"image\":{\"@id\":\"https:\\\/\\\/radioljubuski.ba\\\/index.php\\\/2025\\\/12\\\/08\\\/pobjede-rukometasa-izvidaca-i-izvidaca-2-prvi-poraz-kosarkasa-ljubuskog\\\/#primaryimage\"},\"thumbnailUrl\":\"https:\\\/\\\/radioljubuski.ba\\\/wp-content\\\/uploads\\\/2025\\\/12\\\/sportske-novosti.png\",\"articleSection\":[\"Ljubu\u0161ki\",\"Novosti\",\"\u0160port\"],\"inLanguage\":\"hr\"},{\"@type\":\"WebPage\",\"@id\":\"https:\\\/\\\/radioljubuski.ba\\\/index.php\\\/2025\\\/12\\\/08\\\/pobjede-rukometasa-izvidaca-i-izvidaca-2-prvi-poraz-kosarkasa-ljubuskog\\\/\",\"url\":\"https:\\\/\\\/radioljubuski.ba\\\/index.php\\\/2025\\\/12\\\/08\\\/pobjede-rukometasa-izvidaca-i-izvidaca-2-prvi-poraz-kosarkasa-ljubuskog\\\/\",\"name\":\"Pobjede rukometa\u0161a Izvi\u0111a\u010da i Izvi\u0111a\u010da 2, prvi poraz ko\u0161arka\u0161a Ljubu\u0161kog - RADIO LJUBU\u0160KI\",\"isPartOf\":{\"@id\":\"https:\\\/\\\/radioljubuski.ba\\\/#website\"},\"primaryImageOfPage\":{\"@id\":\"https:\\\/\\\/radioljubuski.ba\\\/index.php\\\/2025\\\/12\\\/08\\\/pobjede-rukometasa-izvidaca-i-izvidaca-2-prvi-poraz-kosarkasa-ljubuskog\\\/#primaryimage\"},\"image\":{\"@id\":\"https:\\\/\\\/radioljubuski.ba\\\/index.php\\\/2025\\\/12\\\/08\\\/pobjede-rukometasa-izvidaca-i-izvidaca-2-prvi-poraz-kosarkasa-ljubuskog\\\/#primaryimage\"},\"thumbnailUrl\":\"https:\\\/\\\/radioljubuski.ba\\\/wp-content\\\/uploads\\\/2025\\\/12\\\/sportske-novosti.png\",\"datePublished\":\"2025-12-08T12:05:40+00:00\",\"dateModified\":\"2025-12-08T12:34:07+00:00\",\"breadcrumb\":{\"@id\":\"https:\\\/\\\/radioljubuski.ba\\\/index.php\\\/2025\\\/12\\\/08\\\/pobjede-rukometasa-izvidaca-i-izvidaca-2-prvi-poraz-kosarkasa-ljubuskog\\\/#breadcrumb\"},\"inLanguage\":\"hr\",\"potentialAction\":[{\"@type\":\"ReadAction\",\"target\":[\"https:\\\/\\\/radioljubuski.ba\\\/index.php\\\/2025\\\/12\\\/08\\\/pobjede-rukometasa-izvidaca-i-izvidaca-2-prvi-poraz-kosarkasa-ljubuskog\\\/\"]}]},{\"@type\":\"ImageObject\",\"inLanguage\":\"hr\",\"@id\":\"https:\\\/\\\/radioljubuski.ba\\\/index.php\\\/2025\\\/12\\\/08\\\/pobjede-rukometasa-izvidaca-i-izvidaca-2-prvi-poraz-kosarkasa-ljubuskog\\\/#primaryimage\",\"url\":\"https:\\\/\\\/radioljubuski.ba\\\/wp-content\\\/uploads\\\/2025\\\/12\\\/sportske-novosti.png\",\"contentUrl\":\"https:\\\/\\\/radioljubuski.ba\\\/wp-content\\\/uploads\\\/2025\\\/12\\\/sportske-novosti.png\",\"width\":808,\"height\":699},{\"@type\":\"BreadcrumbList\",\"@id\":\"https:\\\/\\\/radioljubuski.ba\\\/index.php\\\/2025\\\/12\\\/08\\\/pobjede-rukometasa-izvidaca-i-izvidaca-2-prvi-poraz-kosarkasa-ljubuskog\\\/#breadcrumb\",\"itemListElement\":[{\"@type\":\"ListItem\",\"position\":1,\"name\":\"Po\u010detna stranica\",\"item\":\"https:\\\/\\\/radioljubuski.ba\\\/\"},{\"@type\":\"ListItem\",\"position\":2,\"name\":\"Pobjede rukometa\u0161a Izvi\u0111a\u010da i Izvi\u0111a\u010da 2, prvi poraz ko\u0161arka\u0161a Ljubu\u0161kog\"}]},{\"@type\":\"WebSite\",\"@id\":\"https:\\\/\\\/radioljubuski.ba\\\/#website\",\"url\":\"https:\\\/\\\/radioljubuski.ba\\\/\",\"name\":\"Radio Ljubu\u0161ki\",\"description\":\"Sun\u010dana frekvencija Hercegovine\",\"publisher\":{\"@id\":\"https:\\\/\\\/radioljubuski.ba\\\/#organization\"},\"potentialAction\":[{\"@type\":\"SearchAction\",\"target\":{\"@type\":\"EntryPoint\",\"urlTemplate\":\"https:\\\/\\\/radioljubuski.ba\\\/?s={search_term_string}\"},\"query-input\":{\"@type\":\"PropertyValueSpecification\",\"valueRequired\":true,\"valueName\":\"search_term_string\"}}],\"inLanguage\":\"hr\"},{\"@type\":\"Organization\",\"@id\":\"https:\\\/\\\/radioljubuski.ba\\\/#organization\",\"name\":\"Radio Ljubu\u0161ki\",\"url\":\"https:\\\/\\\/radioljubuski.ba\\\/\",\"logo\":{\"@type\":\"ImageObject\",\"inLanguage\":\"hr\",\"@id\":\"https:\\\/\\\/radioljubuski.ba\\\/#\\\/schema\\\/logo\\\/image\\\/\",\"url\":\"https:\\\/\\\/radioljubuski.ba\\\/wp-content\\\/uploads\\\/2021\\\/02\\\/cropped-Radio_Ljubuski_logo1.jpg\",\"contentUrl\":\"https:\\\/\\\/radioljubuski.ba\\\/wp-content\\\/uploads\\\/2021\\\/02\\\/cropped-Radio_Ljubuski_logo1.jpg\",\"width\":512,\"height\":512,\"caption\":\"Radio Ljubu\u0161ki\"},\"image\":{\"@id\":\"https:\\\/\\\/radioljubuski.ba\\\/#\\\/schema\\\/logo\\\/image\\\/\"},\"sameAs\":[\"https:\\\/\\\/www.facebook.com\\\/Radiio-Ljubuski-1490835324566332\",\"https:\\\/\\\/x.com\\\/radioljubuski\",\"https:\\\/\\\/hr.linkedin.com\\\/company\\\/radio-ljubuski\",\"https:\\\/\\\/www.youtube.com\\\/channel\\\/UCHYaeO_n0Db3tjNGudGpXyw\"]},{\"@type\":\"Person\",\"@id\":\"https:\\\/\\\/radioljubuski.ba\\\/#\\\/schema\\\/person\\\/19fc700381a780f69665d7956c469e3b\",\"name\":\"Radio Ljubu\u0161ki\"}]}<\/script>\n<!-- \/ Yoast SEO plugin. -->","yoast_head_json":{"title":"Pobjede rukometa\u0161a Izvi\u0111a\u010da i Izvi\u0111a\u010da 2, prvi poraz ko\u0161arka\u0161a Ljubu\u0161kog - RADIO LJUBU\u0160KI","robots":{"index":"index","follow":"follow","max-snippet":"max-snippet:-1","max-image-preview":"max-image-preview:large","max-video-preview":"max-video-preview:-1"},"canonical":"https:\/\/radioljubuski.ba\/index.php\/2025\/12\/08\/pobjede-rukometasa-izvidaca-i-izvidaca-2-prvi-poraz-kosarkasa-ljubuskog\/","og_locale":"hr_HR","og_type":"article","og_title":"Pobjede rukometa\u0161a Izvi\u0111a\u010da i Izvi\u0111a\u010da 2, prvi poraz ko\u0161arka\u0161a Ljubu\u0161kog - RADIO LJUBU\u0160KI","og_description":"Protekli vikend rukometa\u0161i Izvi\u0111a\u010d Agrama su na doma\u0107em terenu pobijedili Gra\u010danicu, rukometa\u0161i Izvi\u0111a\u010da 2 su slavili protiv Respecta iz Sarajeva, rukometa\u0161ice Izvi\u0111a\u010da pora\u017eene su u Gora\u017edu od istoimenog doma\u0107ina, ko\u0161arka\u0161i Ljubu\u0161kog pora\u017eeni su u Mostaru od HKK Mostar, odbojka\u0161ice Libera su u Livnu kod Troglava ostvarile pobjedu i dva poraza, a na doma\u0107em parketu protiv [&hellip;]","og_url":"https:\/\/radioljubuski.ba\/index.php\/2025\/12\/08\/pobjede-rukometasa-izvidaca-i-izvidaca-2-prvi-poraz-kosarkasa-ljubuskog\/","og_site_name":"RADIO LJUBU\u0160KI","article_publisher":"https:\/\/www.facebook.com\/Radiio-Ljubuski-1490835324566332","article_published_time":"2025-12-08T12:05:40+00:00","article_modified_time":"2025-12-08T12:34:07+00:00","og_image":[{"width":808,"height":699,"url":"https:\/\/radioljubuski.ba\/wp-content\/uploads\/2025\/12\/sportske-novosti.png","type":"image\/png"}],"author":"Radio Ljubu\u0161ki","twitter_card":"summary_large_image","twitter_creator":"@radioljubuski","twitter_site":"@radioljubuski","twitter_misc":{"Napisao\/la":"Radio Ljubu\u0161ki","Procijenjeno vrijeme \u010ditanja":"8 minuta"},"schema":{"@context":"https:\/\/schema.org","@graph":[{"@type":"Article","@id":"https:\/\/radioljubuski.ba\/index.php\/2025\/12\/08\/pobjede-rukometasa-izvidaca-i-izvidaca-2-prvi-poraz-kosarkasa-ljubuskog\/#article","isPartOf":{"@id":"https:\/\/radioljubuski.ba\/index.php\/2025\/12\/08\/pobjede-rukometasa-izvidaca-i-izvidaca-2-prvi-poraz-kosarkasa-ljubuskog\/"},"author":{"name":"Radio Ljubu\u0161ki","@id":"https:\/\/radioljubuski.ba\/#\/schema\/person\/19fc700381a780f69665d7956c469e3b"},"headline":"Pobjede rukometa\u0161a Izvi\u0111a\u010da i Izvi\u0111a\u010da 2, prvi poraz ko\u0161arka\u0161a Ljubu\u0161kog","datePublished":"2025-12-08T12:05:40+00:00","dateModified":"2025-12-08T12:34:07+00:00","mainEntityOfPage":{"@id":"https:\/\/radioljubuski.ba\/index.php\/2025\/12\/08\/pobjede-rukometasa-izvidaca-i-izvidaca-2-prvi-poraz-kosarkasa-ljubuskog\/"},"wordCount":892,"publisher":{"@id":"https:\/\/radioljubuski.ba\/#organization"},"image":{"@id":"https:\/\/radioljubuski.ba\/index.php\/2025\/12\/08\/pobjede-rukometasa-izvidaca-i-izvidaca-2-prvi-poraz-kosarkasa-ljubuskog\/#primaryimage"},"thumbnailUrl":"https:\/\/radioljubuski.ba\/wp-content\/uploads\/2025\/12\/sportske-novosti.png","articleSection":["Ljubu\u0161ki","Novosti","\u0160port"],"inLanguage":"hr"},{"@type":"WebPage","@id":"https:\/\/radioljubuski.ba\/index.php\/2025\/12\/08\/pobjede-rukometasa-izvidaca-i-izvidaca-2-prvi-poraz-kosarkasa-ljubuskog\/","url":"https:\/\/radioljubuski.ba\/index.php\/2025\/12\/08\/pobjede-rukometasa-izvidaca-i-izvidaca-2-prvi-poraz-kosarkasa-ljubuskog\/","name":"Pobjede rukometa\u0161a Izvi\u0111a\u010da i Izvi\u0111a\u010da 2, prvi poraz ko\u0161arka\u0161a Ljubu\u0161kog - RADIO LJUBU\u0160KI","isPartOf":{"@id":"https:\/\/radioljubuski.ba\/#website"},"primaryImageOfPage":{"@id":"https:\/\/radioljubuski.ba\/index.php\/2025\/12\/08\/pobjede-rukometasa-izvidaca-i-izvidaca-2-prvi-poraz-kosarkasa-ljubuskog\/#primaryimage"},"image":{"@id":"https:\/\/radioljubuski.ba\/index.php\/2025\/12\/08\/pobjede-rukometasa-izvidaca-i-izvidaca-2-prvi-poraz-kosarkasa-ljubuskog\/#primaryimage"},"thumbnailUrl":"https:\/\/radioljubuski.ba\/wp-content\/uploads\/2025\/12\/sportske-novosti.png","datePublished":"2025-12-08T12:05:40+00:00","dateModified":"2025-12-08T12:34:07+00:00","breadcrumb":{"@id":"https:\/\/radioljubuski.ba\/index.php\/2025\/12\/08\/pobjede-rukometasa-izvidaca-i-izvidaca-2-prvi-poraz-kosarkasa-ljubuskog\/#breadcrumb"},"inLanguage":"hr","potentialAction":[{"@type":"ReadAction","target":["https:\/\/radioljubuski.ba\/index.php\/2025\/12\/08\/pobjede-rukometasa-izvidaca-i-izvidaca-2-prvi-poraz-kosarkasa-ljubuskog\/"]}]},{"@type":"ImageObject","inLanguage":"hr","@id":"https:\/\/radioljubuski.ba\/index.php\/2025\/12\/08\/pobjede-rukometasa-izvidaca-i-izvidaca-2-prvi-poraz-kosarkasa-ljubuskog\/#primaryimage","url":"https:\/\/radioljubuski.ba\/wp-content\/uploads\/2025\/12\/sportske-novosti.png","contentUrl":"https:\/\/radioljubuski.ba\/wp-content\/uploads\/2025\/12\/sportske-novosti.png","width":808,"height":699},{"@type":"BreadcrumbList","@id":"https:\/\/radioljubuski.ba\/index.php\/2025\/12\/08\/pobjede-rukometasa-izvidaca-i-izvidaca-2-prvi-poraz-kosarkasa-ljubuskog\/#breadcrumb","itemListElement":[{"@type":"ListItem","position":1,"name":"Po\u010detna stranica","item":"https:\/\/radioljubuski.ba\/"},{"@type":"ListItem","position":2,"name":"Pobjede rukometa\u0161a Izvi\u0111a\u010da i Izvi\u0111a\u010da 2, prvi poraz ko\u0161arka\u0161a Ljubu\u0161kog"}]},{"@type":"WebSite","@id":"https:\/\/radioljubuski.ba\/#website","url":"https:\/\/radioljubuski.ba\/","name":"Radio Ljubu\u0161ki","description":"Sun\u010dana frekvencija Hercegovine","publisher":{"@id":"https:\/\/radioljubuski.ba\/#organization"},"potentialAction":[{"@type":"SearchAction","target":{"@type":"EntryPoint","urlTemplate":"https:\/\/radioljubuski.ba\/?s={search_term_string}"},"query-input":{"@type":"PropertyValueSpecification","valueRequired":true,"valueName":"search_term_string"}}],"inLanguage":"hr"},{"@type":"Organization","@id":"https:\/\/radioljubuski.ba\/#organization","name":"Radio Ljubu\u0161ki","url":"https:\/\/radioljubuski.ba\/","logo":{"@type":"ImageObject","inLanguage":"hr","@id":"https:\/\/radioljubuski.ba\/#\/schema\/logo\/image\/","url":"https:\/\/radioljubuski.ba\/wp-content\/uploads\/2021\/02\/cropped-Radio_Ljubuski_logo1.jpg","contentUrl":"https:\/\/radioljubuski.ba\/wp-content\/uploads\/2021\/02\/cropped-Radio_Ljubuski_logo1.jpg","width":512,"height":512,"caption":"Radio Ljubu\u0161ki"},"image":{"@id":"https:\/\/radioljubuski.ba\/#\/schema\/logo\/image\/"},"sameAs":["https:\/\/www.facebook.com\/Radiio-Ljubuski-1490835324566332","https:\/\/x.com\/radioljubuski","https:\/\/hr.linkedin.com\/company\/radio-ljubuski","https:\/\/www.youtube.com\/channel\/UCHYaeO_n0Db3tjNGudGpXyw"]},{"@type":"Person","@id":"https:\/\/radioljubuski.ba\/#\/schema\/person\/19fc700381a780f69665d7956c469e3b","name":"Radio Ljubu\u0161ki"}]}},"_links":{"self":[{"href":"https:\/\/radioljubuski.ba\/index.php\/wp-json\/wp\/v2\/posts\/223341","targetHints":{"allow":["GET"]}}],"collection":[{"href":"https:\/\/radioljubuski.ba\/index.php\/wp-json\/wp\/v2\/posts"}],"about":[{"href":"https:\/\/radioljubuski.ba\/index.php\/wp-json\/wp\/v2\/types\/post"}],"author":[{"embeddable":true,"href":"https:\/\/radioljubuski.ba\/index.php\/wp-json\/wp\/v2\/users\/2"}],"replies":[{"embeddable":true,"href":"https:\/\/radioljubuski.ba\/index.php\/wp-json\/wp\/v2\/comments?post=223341"}],"version-history":[{"count":3,"href":"https:\/\/radioljubuski.ba\/index.php\/wp-json\/wp\/v2\/posts\/223341\/revisions"}],"predecessor-version":[{"id":223357,"href":"https:\/\/radioljubuski.ba\/index.php\/wp-json\/wp\/v2\/posts\/223341\/revisions\/223357"}],"wp:featuredmedia":[{"embeddable":true,"href":"https:\/\/radioljubuski.ba\/index.php\/wp-json\/wp\/v2\/media\/223068"}],"wp:attachment":[{"href":"https:\/\/radioljubuski.ba\/index.php\/wp-json\/wp\/v2\/media?parent=223341"}],"wp:term":[{"taxonomy":"category","embeddable":true,"href":"https:\/\/radioljubuski.ba\/index.php\/wp-json\/wp\/v2\/categories?post=223341"},{"taxonomy":"post_tag","embeddable":true,"href":"https:\/\/radioljubuski.ba\/index.php\/wp-json\/wp\/v2\/tags?post=223341"}],"curies":[{"name":"wp","href":"https:\/\/api.w.org\/{rel}","templated":true}]}}