{"id":223365,"date":"2025-12-09T13:26:49","date_gmt":"2025-12-09T12:26:49","guid":{"rendered":"https:\/\/radioljubuski.ba\/?p=223365"},"modified":"2025-12-09T13:27:59","modified_gmt":"2025-12-09T12:27:59","slug":"u-sklopu-adventa-u-ljubuskom-odrzan-tematski-dan-gimnazije-ljubuski-i-predstavljanje-slikovnice-bozicna-stvaraonica-8-cudesnih-medenjaka","status":"publish","type":"post","link":"https:\/\/radioljubuski.ba\/index.php\/2025\/12\/09\/u-sklopu-adventa-u-ljubuskom-odrzan-tematski-dan-gimnazije-ljubuski-i-predstavljanje-slikovnice-bozicna-stvaraonica-8-cudesnih-medenjaka\/","title":{"rendered":"U sklopu Adventa u Ljubu\u0161kom odr\u017ean Tematski dan Gimnazije Ljubu\u0161ki i predstavljanje slikovnice &#8220;Bo\u017ei\u0107na stvaraonica &#8211; 8 \u010dudesnih medenjaka&#8221;"},"content":{"rendered":"\n<p>Na Trgu dr. Franje Tu\u0111mana u Ljubu\u0161kom, danas je, u sklopu manifestacije \u201eAdvent u Ljubu\u0161kom\u201c odr\u017ean Tematski dan Gimnazije Ljubu\u0161ki.<\/p>\n\n\n\n<p>U sklopu programa, profesori i u\u010denici Gimnazije pripremili su likovnu radionicu za pred\u0161kolce iz vrti\u0107a i \u0161ti\u0107enike Edukacijsko-rehabilitacijskog centra za djecu, mlade i odrasle osobe s te\u0161ko\u0107ama u razvoju Ljubu\u0161ki, a Vije\u0107e u\u010denika pripremilo je darove zahvalnosti za sudionike. Program je svojim glazbenim nastupom upotpunio Zbor Gimnazije.<\/p>\n\n\n\n<p>U sklopu dana\u0161njeg programa, Centar izvrsnosti za hrvatski jezik \u017dZH predstavio je slikovnicu \u201eBo\u017ei\u0107na stvaraonica \u2013 8 \u010dudesnih medenjaka\u201c. Kupnjom slikovnice posjetitelji sudjeluju u humanitarnoj akciji za pomo\u0107 potrebitima.<\/p>\n\n\n\n<p>Ravnatelj Gimnazije, Leo Mandi\u0107, je za Radio Ljubu\u0161ki, kazao ne\u0161to vi\u0161e o tome \u0161to su u\u010denici Gimnazije i njihovi profesori pripremili na Tematskom danu Gimnazije Ljubu\u0161ki.<\/p>\n\n\n\n<p>\u201eGimnazija Ljubu\u0161ki sudjeluje u programu Adventa u Ljubu\u0161kom i zadovoljstvo nam je biti dio ove manifestacije. Nastava se danas odvija redovno, a ovdje imamo predstavnike u\u010denika iz svih razreda. Ovo je aktivnost Vije\u0107a u\u010denika, koje je i osmislilo dana\u0161nji program. Vije\u0107e u\u010denika predlo\u017eilo je da svaki u\u010denik danas donese jednu sitnicu, a svi na\u0161i posjetitelji \u0107e na odlasku dobiti simboli\u010dan dar. Nastupio je i na\u0161 zbor koji je glazbeno obogatio program, a tu je i likovna radionica za pred\u0161kolce i djecu iz rehabilitacijskog centra. Osim toga, u\u010denici su pripremili i zdravu hranu, prije svega zdrave kola\u010de. Smatramo da je i to va\u017ena tema koju \u017eelimo predstaviti, u skladu s na\u0161im obrazovanjem i \u0161kolskim aktivnostima. Stvarno nam je zadovoljstvo danas biti ovdje, ugostiti male posjetitelje, pred\u0161kolsku djecu i djecu iz rehabilitacijskog centra. Nadam se da \u0107e u\u017eivati i da \u0107e biti zadovoljni\u201c.<\/p>\n\n\n\n<p>A kako su se pripremali, i \u0161to su pripremili u\u010denici Gimnazije, za Radio Ljubu\u0161ki su kazale i u\u010denice Gimnazije Denisa Klju\u010danin, Luna Ria Skoko i Marija Ra\u0161i\u0107.<\/p>\n\n\n\n<p>\u201eJa sam u\u010denica drugog razreda op\u0107e gimnazije. Mi smo kao razred jutros do\u0161li rano u \u0161kolu \u2013 jedna od mojih kolegica donijela je jelku i po\u010deli smo ure\u0111ivati u\u010dionicu. Sa mnom su danas moje kolegice s izborne nastave iz psihologije te na\u0161 profesor iz hrvatskog jezika i psihologije. Dobili smo slobodno vrijeme i odlu\u010dili posjetiti Advent, malo pogledati ponudu i dru\u017eiti se s najmla\u0111ima\u201c, kazala je Denisa, a njezine kolegice, Luna Ria Skoko i Marija Ra\u0161i\u0107, su dodale:<\/p>\n\n\n\n<p>&nbsp;\u201eDanas u 10 sati odr\u017eava se radionica za djecu iz ljubu\u0161kog vrti\u0107a \u2013 pokazat \u0107emo kako se prave bo\u017ei\u0107ne \u010destitke, a na kraju \u0107emo djeci podijeliti poklone. Pripreme su protekle dobro, svaki razred imao je zadatak \u0161to \u0107e donijeti. Svi smo se ravnomjerno podijelili i donijeli dovoljno stvari. Na kraju smo morali skupiti jo\u0161 malo novca kako bismo pripremili dodatne poklone, jer je do\u0161lo puno djece \u2013 \u0161to nam je jako drago. Na\u0161i maturanti su pomogli u pakiranju, a mi smo zajedno s na\u0161om psihologicom sve donijeli i pripremili\u201c, ka\u017eu vesele u\u010denice Denisa, Luna Ria i Marija.<\/p>\n\n\n\n<p>Pohvalile su se i zdravim kola\u010dima koje su pripremili u\u010denici, odnosno u\u010denice.<\/p>\n\n\n\n<p>&nbsp;\u201eImamo raznih kola\u010da \u2013 zdravijih, slatkih, mafina\u2026 za djecu, a kasnije vjerojatno i za starije. Tako\u0111er imamo pripremljene poklone za djecu iz rehabilitacijskog centra.\u201c<\/p>\n\n\n\n<figure class=\"wp-block-image size-large\"><img loading=\"lazy\" decoding=\"async\" width=\"1024\" height=\"683\" src=\"https:\/\/radioljubuski.ba\/wp-content\/uploads\/2025\/12\/gimnazija-advent20251-1024x683.jpg\" alt=\"\" class=\"wp-image-223367\" srcset=\"https:\/\/radioljubuski.ba\/wp-content\/uploads\/2025\/12\/gimnazija-advent20251-1024x683.jpg 1024w, https:\/\/radioljubuski.ba\/wp-content\/uploads\/2025\/12\/gimnazija-advent20251-300x200.jpg 300w, https:\/\/radioljubuski.ba\/wp-content\/uploads\/2025\/12\/gimnazija-advent20251-768x512.jpg 768w, https:\/\/radioljubuski.ba\/wp-content\/uploads\/2025\/12\/gimnazija-advent20251-1536x1024.jpg 1536w, https:\/\/radioljubuski.ba\/wp-content\/uploads\/2025\/12\/gimnazija-advent20251-2048x1365.jpg 2048w, https:\/\/radioljubuski.ba\/wp-content\/uploads\/2025\/12\/gimnazija-advent20251-18x12.jpg 18w\" sizes=\"auto, (max-width: 1024px) 100vw, 1024px\" \/><\/figure>\n\n\n\n<figure class=\"wp-block-image size-large\"><img loading=\"lazy\" decoding=\"async\" width=\"1024\" height=\"683\" src=\"https:\/\/radioljubuski.ba\/wp-content\/uploads\/2025\/12\/gimnazija-advent2025-5-1024x683.jpg\" alt=\"\" class=\"wp-image-223368\" srcset=\"https:\/\/radioljubuski.ba\/wp-content\/uploads\/2025\/12\/gimnazija-advent2025-5-1024x683.jpg 1024w, https:\/\/radioljubuski.ba\/wp-content\/uploads\/2025\/12\/gimnazija-advent2025-5-300x200.jpg 300w, https:\/\/radioljubuski.ba\/wp-content\/uploads\/2025\/12\/gimnazija-advent2025-5-768x512.jpg 768w, https:\/\/radioljubuski.ba\/wp-content\/uploads\/2025\/12\/gimnazija-advent2025-5-1536x1024.jpg 1536w, https:\/\/radioljubuski.ba\/wp-content\/uploads\/2025\/12\/gimnazija-advent2025-5-2048x1365.jpg 2048w, https:\/\/radioljubuski.ba\/wp-content\/uploads\/2025\/12\/gimnazija-advent2025-5-18x12.jpg 18w\" sizes=\"auto, (max-width: 1024px) 100vw, 1024px\" \/><\/figure>\n\n\n\n<figure class=\"wp-block-image size-large\"><img loading=\"lazy\" decoding=\"async\" width=\"1024\" height=\"683\" src=\"https:\/\/radioljubuski.ba\/wp-content\/uploads\/2025\/12\/gimnazija-advent20252-1024x683.jpg\" alt=\"\" class=\"wp-image-223369\" srcset=\"https:\/\/radioljubuski.ba\/wp-content\/uploads\/2025\/12\/gimnazija-advent20252-1024x683.jpg 1024w, https:\/\/radioljubuski.ba\/wp-content\/uploads\/2025\/12\/gimnazija-advent20252-300x200.jpg 300w, https:\/\/radioljubuski.ba\/wp-content\/uploads\/2025\/12\/gimnazija-advent20252-768x512.jpg 768w, https:\/\/radioljubuski.ba\/wp-content\/uploads\/2025\/12\/gimnazija-advent20252-1536x1024.jpg 1536w, https:\/\/radioljubuski.ba\/wp-content\/uploads\/2025\/12\/gimnazija-advent20252-2048x1365.jpg 2048w, https:\/\/radioljubuski.ba\/wp-content\/uploads\/2025\/12\/gimnazija-advent20252-18x12.jpg 18w\" sizes=\"auto, (max-width: 1024px) 100vw, 1024px\" \/><\/figure>\n\n\n\n<figure class=\"wp-block-image size-large\"><img loading=\"lazy\" decoding=\"async\" width=\"1024\" height=\"683\" src=\"https:\/\/radioljubuski.ba\/wp-content\/uploads\/2025\/12\/gimnazija-advent20254-1024x683.jpg\" alt=\"\" class=\"wp-image-223370\" srcset=\"https:\/\/radioljubuski.ba\/wp-content\/uploads\/2025\/12\/gimnazija-advent20254-1024x683.jpg 1024w, https:\/\/radioljubuski.ba\/wp-content\/uploads\/2025\/12\/gimnazija-advent20254-300x200.jpg 300w, https:\/\/radioljubuski.ba\/wp-content\/uploads\/2025\/12\/gimnazija-advent20254-768x512.jpg 768w, https:\/\/radioljubuski.ba\/wp-content\/uploads\/2025\/12\/gimnazija-advent20254-1536x1024.jpg 1536w, https:\/\/radioljubuski.ba\/wp-content\/uploads\/2025\/12\/gimnazija-advent20254-2048x1365.jpg 2048w, https:\/\/radioljubuski.ba\/wp-content\/uploads\/2025\/12\/gimnazija-advent20254-18x12.jpg 18w\" sizes=\"auto, (max-width: 1024px) 100vw, 1024px\" \/><\/figure>\n\n\n\n<figure class=\"wp-block-image size-large\"><img loading=\"lazy\" decoding=\"async\" width=\"1024\" height=\"683\" src=\"https:\/\/radioljubuski.ba\/wp-content\/uploads\/2025\/12\/gimnazija-advent20256-1024x683.jpg\" alt=\"\" class=\"wp-image-223371\" srcset=\"https:\/\/radioljubuski.ba\/wp-content\/uploads\/2025\/12\/gimnazija-advent20256-1024x683.jpg 1024w, https:\/\/radioljubuski.ba\/wp-content\/uploads\/2025\/12\/gimnazija-advent20256-300x200.jpg 300w, https:\/\/radioljubuski.ba\/wp-content\/uploads\/2025\/12\/gimnazija-advent20256-768x512.jpg 768w, https:\/\/radioljubuski.ba\/wp-content\/uploads\/2025\/12\/gimnazija-advent20256-1536x1024.jpg 1536w, https:\/\/radioljubuski.ba\/wp-content\/uploads\/2025\/12\/gimnazija-advent20256-2048x1365.jpg 2048w, https:\/\/radioljubuski.ba\/wp-content\/uploads\/2025\/12\/gimnazija-advent20256-18x12.jpg 18w\" sizes=\"auto, (max-width: 1024px) 100vw, 1024px\" \/><\/figure>\n\n\n\n<figure class=\"wp-block-image size-large\"><img loading=\"lazy\" decoding=\"async\" width=\"1024\" height=\"683\" src=\"https:\/\/radioljubuski.ba\/wp-content\/uploads\/2025\/12\/gimnazija-advent20258-1024x683.jpg\" alt=\"\" class=\"wp-image-223372\" srcset=\"https:\/\/radioljubuski.ba\/wp-content\/uploads\/2025\/12\/gimnazija-advent20258-1024x683.jpg 1024w, https:\/\/radioljubuski.ba\/wp-content\/uploads\/2025\/12\/gimnazija-advent20258-300x200.jpg 300w, https:\/\/radioljubuski.ba\/wp-content\/uploads\/2025\/12\/gimnazija-advent20258-768x512.jpg 768w, https:\/\/radioljubuski.ba\/wp-content\/uploads\/2025\/12\/gimnazija-advent20258-1536x1024.jpg 1536w, https:\/\/radioljubuski.ba\/wp-content\/uploads\/2025\/12\/gimnazija-advent20258-2048x1365.jpg 2048w, https:\/\/radioljubuski.ba\/wp-content\/uploads\/2025\/12\/gimnazija-advent20258-18x12.jpg 18w\" sizes=\"auto, (max-width: 1024px) 100vw, 1024px\" \/><\/figure>\n\n\n\n<figure class=\"wp-block-image size-large\"><img loading=\"lazy\" decoding=\"async\" width=\"1024\" height=\"683\" src=\"https:\/\/radioljubuski.ba\/wp-content\/uploads\/2025\/12\/gimnazija-advent20259-1024x683.jpg\" alt=\"\" class=\"wp-image-223373\" srcset=\"https:\/\/radioljubuski.ba\/wp-content\/uploads\/2025\/12\/gimnazija-advent20259-1024x683.jpg 1024w, https:\/\/radioljubuski.ba\/wp-content\/uploads\/2025\/12\/gimnazija-advent20259-300x200.jpg 300w, https:\/\/radioljubuski.ba\/wp-content\/uploads\/2025\/12\/gimnazija-advent20259-768x512.jpg 768w, https:\/\/radioljubuski.ba\/wp-content\/uploads\/2025\/12\/gimnazija-advent20259-1536x1024.jpg 1536w, https:\/\/radioljubuski.ba\/wp-content\/uploads\/2025\/12\/gimnazija-advent20259-2048x1365.jpg 2048w, https:\/\/radioljubuski.ba\/wp-content\/uploads\/2025\/12\/gimnazija-advent20259-18x12.jpg 18w\" sizes=\"auto, (max-width: 1024px) 100vw, 1024px\" \/><\/figure>\n\n\n\n<p>U sklopu tematskog dana Gimnazije Ljubu\u0161ki, koji je danas odr\u017ean na Trgu dr. Franje Tu\u0111mana u sklopu Adventa u Ljubu\u0161kom, Centar izvrsnosti za hrvatski jezik \u017dZH predstavio je svoju slikovnicu \u201eBo\u017ei\u0107na stvaronica \u2013 8 \u010dudesnih medenjaka\u201c.<\/p>\n\n\n\n<p>Ne\u0161to vi\u0161e o Centru i toj zanimljivoj slikovnici, za Radio Ljubu\u0161ki, je kazala jedna od voditeljica Centra, Mirela \u010cuvalo.<\/p>\n\n\n\n<p>\u201eCentar izvrsnosti za hrvatski jezik smje\u0161ten je u Gimnaziji Ljubu\u0161ki, a polaznici su djeca iz cijele \u017dupanije. Trenutno ih imamo samo osam, voljeli bismo da ih je vi\u0161e, ali vjerujemo da \u0107e na\u0161 rad i ovakvi projekti potaknuti djecu da se idu\u0107e godine upi\u0161u u Centar izvrsnosti. Da bi netko postao polaznik Centra, mora pro\u0107i testiranje nakon prijave na natje\u010daj, a radionice iz hrvatskog jezika i knji\u017eevnosti odr\u017eavaju se svake druge subote u prostorijama Gimnazije.<\/p>\n\n\n\n<p>Tako je nastala i ova slikovnica \u2018Bo\u017ei\u0107na stvaronica \u2013 8 \u010dudesnih medenjaka\u2019. Ponosna sam \u0161to smo je uspjeli zavr\u0161iti u rekordnom roku. Imali smo puno posla \u2013 od lekture i korekcija do digitalnog prijeloma. Ministarstvo nam je financiralo projekt i zahvaljujemo im na tome. Cijeli prihod od prodaje slikovnice donirat \u0107emo u humanitarne svrhe, a nakon \u0161to prikupimo sredstva objavit \u0107emo gdje \u0107e novac biti ulo\u017een.<\/p>\n\n\n\n<p>Posjetitelji dana\u0161njeg Adventa mogu kupiti slikovnicu, a nadamo se da \u0107e biti dostupna i ubudu\u0107e. Imamo prvu nakladu, a vjerujemo da \u0107emo raditi i dodatne. Cijena je simboli\u010dnih 10 maraka. Lijepa je, interaktivna, prigodna, a sav sadr\u017eaj \u2013 tekst i ilustracije \u2013 rad je na\u0161ih polaznika. Zato smatramo da zaslu\u017euje vidjeti svjetlo dana i pokazati koliko su na\u0161a djeca talentirana i darovita.<\/p>\n\n\n\n<p>Neki su pitali za\u0161to naslov glasi \u2018Bo\u017ei\u0107na stvaronica \u2013 8 \u010dudesnih medenjaka\u2019. Na\u0161i polaznici su tih osam \u2018medenjak\u0101\u2019. \u010cudesni su zato \u0161to su u vrlo kratkom roku napisali divne bo\u017ei\u0107ne pri\u010de i sami ih ilustrirali\u201c, kazala je profesorica \u010cuvalo.<\/p>\n\n\n\n<p>Jedna od tri voditeljice Centra je i Mirela Marjanovi\u0107 koja je kazala da je kolegica \u010cuvalo kazala gotovo sve \u0161to treba, pa dodala:<\/p>\n\n\n\n<p>\u201eDrago nam je \u0161to smo danas ovdje i \u0161to predstavljamo ovu slikovnicu. U rekordnom roku uspjeli smo pripremiti ne\u0161to \u0161to \u0107e, nadamo se, privu\u0107i i nove polaznike. Na\u0161 centar trenutno broji samo osam u\u010denika, pa otuda i naslov \u2018osam \u010dudesnih medenjaka\u2019. Slikovnica je nastala vrlo jednostavno \u2013 zahvaljuju\u0107i iznimno talentiranoj djeci. Uz mali poticaj, djeca su osmislila svoje pri\u010de, ilustrirala ih i tako je slikovnica danas ugledala svjetlo dana na Adventu u Ljubu\u0161kom.\u201c<\/p>\n\n\n\n<figure class=\"wp-block-image size-large\"><img loading=\"lazy\" decoding=\"async\" width=\"1024\" height=\"683\" src=\"https:\/\/radioljubuski.ba\/wp-content\/uploads\/2025\/12\/gimnazija-advent20257-1024x683.jpg\" alt=\"\" class=\"wp-image-223377\" srcset=\"https:\/\/radioljubuski.ba\/wp-content\/uploads\/2025\/12\/gimnazija-advent20257-1024x683.jpg 1024w, https:\/\/radioljubuski.ba\/wp-content\/uploads\/2025\/12\/gimnazija-advent20257-300x200.jpg 300w, https:\/\/radioljubuski.ba\/wp-content\/uploads\/2025\/12\/gimnazija-advent20257-768x512.jpg 768w, https:\/\/radioljubuski.ba\/wp-content\/uploads\/2025\/12\/gimnazija-advent20257-1536x1024.jpg 1536w, https:\/\/radioljubuski.ba\/wp-content\/uploads\/2025\/12\/gimnazija-advent20257-2048x1365.jpg 2048w, https:\/\/radioljubuski.ba\/wp-content\/uploads\/2025\/12\/gimnazija-advent20257-18x12.jpg 18w\" sizes=\"auto, (max-width: 1024px) 100vw, 1024px\" \/><\/figure>\n\n\n\n<p>Uz profesorice \u010cuvalo i Marjanovi\u0107 bile su i dvije u\u010denice, polaznice Centra izvrsnosti, \u201edva medenjaka\u201c, \u010diji su radovi objavljeni u slikovnici,&nbsp; Antea Pavlovi\u0107, u\u010denica petog razreda i Mirna Glava\u0161 u\u010denica sedmog razreda.<\/p>\n\n\n\n<p>\u201eNa\u0161e u\u010diteljice dale su nam papir s odre\u0111enim rije\u010dima i na temelju njih napisali smo kratki tekst. Kada smo sve zavr\u0161ili, rekle su nam da \u0107e radovi i\u0107i u tiskaru i da \u0107e od njih nastati slikovnica. Moja pri\u010da se zove Betlehemsko \u010dudo i govori o ro\u0111enju Isusa\u201c, predstavila je, kratko, svoju pri\u010du Antea.<\/p>\n\n\n\n<p>Mirna je napisala pri\u010du koja se zove: Bo\u017ei\u0107 \u2013 blagdan ljubavi, mira i sloge\u201c, a ona nam je ispri\u010dala kako je pri\u010da nastala.<\/p>\n\n\n\n<p>\u201ePripremila sam bajku o djevoj\u010dici koja je ledena kraljica. Dolazi Bo\u017ei\u0107, vrijeme koje ona ne voli, iako je grad predivno oki\u0107en. Ona u Bo\u017ei\u0107u ne vidi ni\u0161ta dobro jer nikada nije imala ni\u010diju podr\u0161ku. \u017deli ukinuti Bo\u017ei\u0107, ali tada dolazi duh Bo\u017ei\u0107a koji joj otvara o\u010di i pokazuje da Bo\u017ei\u0107 nije samo u darovima, nego u dolasku Isusa. Ona to shvati i postane ono \u0161to je oduvijek trebala biti\u201c, kazala nam je Mirna.<\/p>\n\n\n\n<p>Tematski dan Gimnazije Ljubu\u0161ki protekao je u veselom i prijateljskom raspolo\u017eenju, opu\u0161tenoj atmosferi, pjesmi i dru\u017eenju.<\/p>\n\n\n\n<p>Radio Ljubu\u0161ki<\/p>\n","protected":false},"excerpt":{"rendered":"<p>Na Trgu dr. Franje Tu\u0111mana u Ljubu\u0161kom, danas je, u sklopu manifestacije \u201eAdvent u Ljubu\u0161kom\u201c odr\u017ean Tematski dan Gimnazije Ljubu\u0161ki. U sklopu programa, profesori i u\u010denici Gimnazije pripremili su likovnu radionicu za pred\u0161kolce iz vrti\u0107a i \u0161ti\u0107enike Edukacijsko-rehabilitacijskog centra za djecu, mlade i odrasle osobe s te\u0161ko\u0107ama u razvoju Ljubu\u0161ki, a Vije\u0107e u\u010denika pripremilo je [&hellip;]<\/p>\n","protected":false},"author":2,"featured_media":223366,"comment_status":"closed","ping_status":"closed","sticky":false,"template":"","format":"standard","meta":{"h5ap_radio_sources":[],"footnotes":""},"categories":[3,28],"tags":[],"class_list":["post-223365","post","type-post","status-publish","format-standard","has-post-thumbnail","hentry","category-ljubuski","category-novosti"],"yoast_head":"<!-- This site is optimized with the Yoast SEO plugin v27.5 - https:\/\/yoast.com\/product\/yoast-seo-wordpress\/ -->\n<title>U sklopu Adventa u Ljubu\u0161kom odr\u017ean Tematski dan Gimnazije Ljubu\u0161ki i predstavljanje slikovnice &quot;Bo\u017ei\u0107na stvaraonica - 8 \u010dudesnih medenjaka&quot; - RADIO LJUBU\u0160KI<\/title>\n<meta name=\"robots\" content=\"index, follow, max-snippet:-1, max-image-preview:large, max-video-preview:-1\" \/>\n<link rel=\"canonical\" href=\"https:\/\/radioljubuski.ba\/index.php\/2025\/12\/09\/u-sklopu-adventa-u-ljubuskom-odrzan-tematski-dan-gimnazije-ljubuski-i-predstavljanje-slikovnice-bozicna-stvaraonica-8-cudesnih-medenjaka\/\" \/>\n<meta property=\"og:locale\" content=\"hr_HR\" \/>\n<meta property=\"og:type\" content=\"article\" \/>\n<meta property=\"og:title\" content=\"U sklopu Adventa u Ljubu\u0161kom odr\u017ean Tematski dan Gimnazije Ljubu\u0161ki i predstavljanje slikovnice &quot;Bo\u017ei\u0107na stvaraonica - 8 \u010dudesnih medenjaka&quot; - RADIO LJUBU\u0160KI\" \/>\n<meta property=\"og:description\" content=\"Na Trgu dr. Franje Tu\u0111mana u Ljubu\u0161kom, danas je, u sklopu manifestacije \u201eAdvent u Ljubu\u0161kom\u201c odr\u017ean Tematski dan Gimnazije Ljubu\u0161ki. U sklopu programa, profesori i u\u010denici Gimnazije pripremili su likovnu radionicu za pred\u0161kolce iz vrti\u0107a i \u0161ti\u0107enike Edukacijsko-rehabilitacijskog centra za djecu, mlade i odrasle osobe s te\u0161ko\u0107ama u razvoju Ljubu\u0161ki, a Vije\u0107e u\u010denika pripremilo je [&hellip;]\" \/>\n<meta property=\"og:url\" content=\"https:\/\/radioljubuski.ba\/index.php\/2025\/12\/09\/u-sklopu-adventa-u-ljubuskom-odrzan-tematski-dan-gimnazije-ljubuski-i-predstavljanje-slikovnice-bozicna-stvaraonica-8-cudesnih-medenjaka\/\" \/>\n<meta property=\"og:site_name\" content=\"RADIO LJUBU\u0160KI\" \/>\n<meta property=\"article:publisher\" content=\"https:\/\/www.facebook.com\/Radiio-Ljubuski-1490835324566332\" \/>\n<meta property=\"article:published_time\" content=\"2025-12-09T12:26:49+00:00\" \/>\n<meta property=\"article:modified_time\" content=\"2025-12-09T12:27:59+00:00\" \/>\n<meta property=\"og:image\" content=\"https:\/\/radioljubuski.ba\/wp-content\/uploads\/2025\/12\/gimnazija-advent20253.jpg\" \/>\n\t<meta property=\"og:image:width\" content=\"2400\" \/>\n\t<meta property=\"og:image:height\" content=\"1600\" \/>\n\t<meta property=\"og:image:type\" content=\"image\/jpeg\" \/>\n<meta name=\"author\" content=\"Radio Ljubu\u0161ki\" \/>\n<meta name=\"twitter:card\" content=\"summary_large_image\" \/>\n<meta name=\"twitter:creator\" content=\"@radioljubuski\" \/>\n<meta name=\"twitter:site\" content=\"@radioljubuski\" \/>\n<meta name=\"twitter:label1\" content=\"Napisao\/la\" \/>\n\t<meta name=\"twitter:data1\" content=\"Radio Ljubu\u0161ki\" \/>\n\t<meta name=\"twitter:label2\" content=\"Procijenjeno vrijeme \u010ditanja\" \/>\n\t<meta name=\"twitter:data2\" content=\"8 minuta\" \/>\n<script type=\"application\/ld+json\" class=\"yoast-schema-graph\">{\"@context\":\"https:\\\/\\\/schema.org\",\"@graph\":[{\"@type\":\"Article\",\"@id\":\"https:\\\/\\\/radioljubuski.ba\\\/index.php\\\/2025\\\/12\\\/09\\\/u-sklopu-adventa-u-ljubuskom-odrzan-tematski-dan-gimnazije-ljubuski-i-predstavljanje-slikovnice-bozicna-stvaraonica-8-cudesnih-medenjaka\\\/#article\",\"isPartOf\":{\"@id\":\"https:\\\/\\\/radioljubuski.ba\\\/index.php\\\/2025\\\/12\\\/09\\\/u-sklopu-adventa-u-ljubuskom-odrzan-tematski-dan-gimnazije-ljubuski-i-predstavljanje-slikovnice-bozicna-stvaraonica-8-cudesnih-medenjaka\\\/\"},\"author\":{\"name\":\"Radio Ljubu\u0161ki\",\"@id\":\"https:\\\/\\\/radioljubuski.ba\\\/#\\\/schema\\\/person\\\/19fc700381a780f69665d7956c469e3b\"},\"headline\":\"U sklopu Adventa u Ljubu\u0161kom odr\u017ean Tematski dan Gimnazije Ljubu\u0161ki i predstavljanje slikovnice &#8220;Bo\u017ei\u0107na stvaraonica &#8211; 8 \u010dudesnih medenjaka&#8221;\",\"datePublished\":\"2025-12-09T12:26:49+00:00\",\"dateModified\":\"2025-12-09T12:27:59+00:00\",\"mainEntityOfPage\":{\"@id\":\"https:\\\/\\\/radioljubuski.ba\\\/index.php\\\/2025\\\/12\\\/09\\\/u-sklopu-adventa-u-ljubuskom-odrzan-tematski-dan-gimnazije-ljubuski-i-predstavljanje-slikovnice-bozicna-stvaraonica-8-cudesnih-medenjaka\\\/\"},\"wordCount\":1248,\"publisher\":{\"@id\":\"https:\\\/\\\/radioljubuski.ba\\\/#organization\"},\"image\":{\"@id\":\"https:\\\/\\\/radioljubuski.ba\\\/index.php\\\/2025\\\/12\\\/09\\\/u-sklopu-adventa-u-ljubuskom-odrzan-tematski-dan-gimnazije-ljubuski-i-predstavljanje-slikovnice-bozicna-stvaraonica-8-cudesnih-medenjaka\\\/#primaryimage\"},\"thumbnailUrl\":\"https:\\\/\\\/radioljubuski.ba\\\/wp-content\\\/uploads\\\/2025\\\/12\\\/gimnazija-advent20253.jpg\",\"articleSection\":[\"Ljubu\u0161ki\",\"Novosti\"],\"inLanguage\":\"hr\"},{\"@type\":\"WebPage\",\"@id\":\"https:\\\/\\\/radioljubuski.ba\\\/index.php\\\/2025\\\/12\\\/09\\\/u-sklopu-adventa-u-ljubuskom-odrzan-tematski-dan-gimnazije-ljubuski-i-predstavljanje-slikovnice-bozicna-stvaraonica-8-cudesnih-medenjaka\\\/\",\"url\":\"https:\\\/\\\/radioljubuski.ba\\\/index.php\\\/2025\\\/12\\\/09\\\/u-sklopu-adventa-u-ljubuskom-odrzan-tematski-dan-gimnazije-ljubuski-i-predstavljanje-slikovnice-bozicna-stvaraonica-8-cudesnih-medenjaka\\\/\",\"name\":\"U sklopu Adventa u Ljubu\u0161kom odr\u017ean Tematski dan Gimnazije Ljubu\u0161ki i predstavljanje slikovnice \\\"Bo\u017ei\u0107na stvaraonica - 8 \u010dudesnih medenjaka\\\" - RADIO LJUBU\u0160KI\",\"isPartOf\":{\"@id\":\"https:\\\/\\\/radioljubuski.ba\\\/#website\"},\"primaryImageOfPage\":{\"@id\":\"https:\\\/\\\/radioljubuski.ba\\\/index.php\\\/2025\\\/12\\\/09\\\/u-sklopu-adventa-u-ljubuskom-odrzan-tematski-dan-gimnazije-ljubuski-i-predstavljanje-slikovnice-bozicna-stvaraonica-8-cudesnih-medenjaka\\\/#primaryimage\"},\"image\":{\"@id\":\"https:\\\/\\\/radioljubuski.ba\\\/index.php\\\/2025\\\/12\\\/09\\\/u-sklopu-adventa-u-ljubuskom-odrzan-tematski-dan-gimnazije-ljubuski-i-predstavljanje-slikovnice-bozicna-stvaraonica-8-cudesnih-medenjaka\\\/#primaryimage\"},\"thumbnailUrl\":\"https:\\\/\\\/radioljubuski.ba\\\/wp-content\\\/uploads\\\/2025\\\/12\\\/gimnazija-advent20253.jpg\",\"datePublished\":\"2025-12-09T12:26:49+00:00\",\"dateModified\":\"2025-12-09T12:27:59+00:00\",\"breadcrumb\":{\"@id\":\"https:\\\/\\\/radioljubuski.ba\\\/index.php\\\/2025\\\/12\\\/09\\\/u-sklopu-adventa-u-ljubuskom-odrzan-tematski-dan-gimnazije-ljubuski-i-predstavljanje-slikovnice-bozicna-stvaraonica-8-cudesnih-medenjaka\\\/#breadcrumb\"},\"inLanguage\":\"hr\",\"potentialAction\":[{\"@type\":\"ReadAction\",\"target\":[\"https:\\\/\\\/radioljubuski.ba\\\/index.php\\\/2025\\\/12\\\/09\\\/u-sklopu-adventa-u-ljubuskom-odrzan-tematski-dan-gimnazije-ljubuski-i-predstavljanje-slikovnice-bozicna-stvaraonica-8-cudesnih-medenjaka\\\/\"]}]},{\"@type\":\"ImageObject\",\"inLanguage\":\"hr\",\"@id\":\"https:\\\/\\\/radioljubuski.ba\\\/index.php\\\/2025\\\/12\\\/09\\\/u-sklopu-adventa-u-ljubuskom-odrzan-tematski-dan-gimnazije-ljubuski-i-predstavljanje-slikovnice-bozicna-stvaraonica-8-cudesnih-medenjaka\\\/#primaryimage\",\"url\":\"https:\\\/\\\/radioljubuski.ba\\\/wp-content\\\/uploads\\\/2025\\\/12\\\/gimnazija-advent20253.jpg\",\"contentUrl\":\"https:\\\/\\\/radioljubuski.ba\\\/wp-content\\\/uploads\\\/2025\\\/12\\\/gimnazija-advent20253.jpg\",\"width\":2400,\"height\":1600},{\"@type\":\"BreadcrumbList\",\"@id\":\"https:\\\/\\\/radioljubuski.ba\\\/index.php\\\/2025\\\/12\\\/09\\\/u-sklopu-adventa-u-ljubuskom-odrzan-tematski-dan-gimnazije-ljubuski-i-predstavljanje-slikovnice-bozicna-stvaraonica-8-cudesnih-medenjaka\\\/#breadcrumb\",\"itemListElement\":[{\"@type\":\"ListItem\",\"position\":1,\"name\":\"Po\u010detna stranica\",\"item\":\"https:\\\/\\\/radioljubuski.ba\\\/\"},{\"@type\":\"ListItem\",\"position\":2,\"name\":\"U sklopu Adventa u Ljubu\u0161kom odr\u017ean Tematski dan Gimnazije Ljubu\u0161ki i predstavljanje slikovnice &#8220;Bo\u017ei\u0107na stvaraonica &#8211; 8 \u010dudesnih medenjaka&#8221;\"}]},{\"@type\":\"WebSite\",\"@id\":\"https:\\\/\\\/radioljubuski.ba\\\/#website\",\"url\":\"https:\\\/\\\/radioljubuski.ba\\\/\",\"name\":\"Radio Ljubu\u0161ki\",\"description\":\"Sun\u010dana frekvencija Hercegovine\",\"publisher\":{\"@id\":\"https:\\\/\\\/radioljubuski.ba\\\/#organization\"},\"potentialAction\":[{\"@type\":\"SearchAction\",\"target\":{\"@type\":\"EntryPoint\",\"urlTemplate\":\"https:\\\/\\\/radioljubuski.ba\\\/?s={search_term_string}\"},\"query-input\":{\"@type\":\"PropertyValueSpecification\",\"valueRequired\":true,\"valueName\":\"search_term_string\"}}],\"inLanguage\":\"hr\"},{\"@type\":\"Organization\",\"@id\":\"https:\\\/\\\/radioljubuski.ba\\\/#organization\",\"name\":\"Radio Ljubu\u0161ki\",\"url\":\"https:\\\/\\\/radioljubuski.ba\\\/\",\"logo\":{\"@type\":\"ImageObject\",\"inLanguage\":\"hr\",\"@id\":\"https:\\\/\\\/radioljubuski.ba\\\/#\\\/schema\\\/logo\\\/image\\\/\",\"url\":\"https:\\\/\\\/radioljubuski.ba\\\/wp-content\\\/uploads\\\/2021\\\/02\\\/cropped-Radio_Ljubuski_logo1.jpg\",\"contentUrl\":\"https:\\\/\\\/radioljubuski.ba\\\/wp-content\\\/uploads\\\/2021\\\/02\\\/cropped-Radio_Ljubuski_logo1.jpg\",\"width\":512,\"height\":512,\"caption\":\"Radio Ljubu\u0161ki\"},\"image\":{\"@id\":\"https:\\\/\\\/radioljubuski.ba\\\/#\\\/schema\\\/logo\\\/image\\\/\"},\"sameAs\":[\"https:\\\/\\\/www.facebook.com\\\/Radiio-Ljubuski-1490835324566332\",\"https:\\\/\\\/x.com\\\/radioljubuski\",\"https:\\\/\\\/hr.linkedin.com\\\/company\\\/radio-ljubuski\",\"https:\\\/\\\/www.youtube.com\\\/channel\\\/UCHYaeO_n0Db3tjNGudGpXyw\"]},{\"@type\":\"Person\",\"@id\":\"https:\\\/\\\/radioljubuski.ba\\\/#\\\/schema\\\/person\\\/19fc700381a780f69665d7956c469e3b\",\"name\":\"Radio Ljubu\u0161ki\"}]}<\/script>\n<!-- \/ Yoast SEO plugin. -->","yoast_head_json":{"title":"U sklopu Adventa u Ljubu\u0161kom odr\u017ean Tematski dan Gimnazije Ljubu\u0161ki i predstavljanje slikovnice \"Bo\u017ei\u0107na stvaraonica - 8 \u010dudesnih medenjaka\" - RADIO LJUBU\u0160KI","robots":{"index":"index","follow":"follow","max-snippet":"max-snippet:-1","max-image-preview":"max-image-preview:large","max-video-preview":"max-video-preview:-1"},"canonical":"https:\/\/radioljubuski.ba\/index.php\/2025\/12\/09\/u-sklopu-adventa-u-ljubuskom-odrzan-tematski-dan-gimnazije-ljubuski-i-predstavljanje-slikovnice-bozicna-stvaraonica-8-cudesnih-medenjaka\/","og_locale":"hr_HR","og_type":"article","og_title":"U sklopu Adventa u Ljubu\u0161kom odr\u017ean Tematski dan Gimnazije Ljubu\u0161ki i predstavljanje slikovnice \"Bo\u017ei\u0107na stvaraonica - 8 \u010dudesnih medenjaka\" - RADIO LJUBU\u0160KI","og_description":"Na Trgu dr. Franje Tu\u0111mana u Ljubu\u0161kom, danas je, u sklopu manifestacije \u201eAdvent u Ljubu\u0161kom\u201c odr\u017ean Tematski dan Gimnazije Ljubu\u0161ki. U sklopu programa, profesori i u\u010denici Gimnazije pripremili su likovnu radionicu za pred\u0161kolce iz vrti\u0107a i \u0161ti\u0107enike Edukacijsko-rehabilitacijskog centra za djecu, mlade i odrasle osobe s te\u0161ko\u0107ama u razvoju Ljubu\u0161ki, a Vije\u0107e u\u010denika pripremilo je [&hellip;]","og_url":"https:\/\/radioljubuski.ba\/index.php\/2025\/12\/09\/u-sklopu-adventa-u-ljubuskom-odrzan-tematski-dan-gimnazije-ljubuski-i-predstavljanje-slikovnice-bozicna-stvaraonica-8-cudesnih-medenjaka\/","og_site_name":"RADIO LJUBU\u0160KI","article_publisher":"https:\/\/www.facebook.com\/Radiio-Ljubuski-1490835324566332","article_published_time":"2025-12-09T12:26:49+00:00","article_modified_time":"2025-12-09T12:27:59+00:00","og_image":[{"width":2400,"height":1600,"url":"https:\/\/radioljubuski.ba\/wp-content\/uploads\/2025\/12\/gimnazija-advent20253.jpg","type":"image\/jpeg"}],"author":"Radio Ljubu\u0161ki","twitter_card":"summary_large_image","twitter_creator":"@radioljubuski","twitter_site":"@radioljubuski","twitter_misc":{"Napisao\/la":"Radio Ljubu\u0161ki","Procijenjeno vrijeme \u010ditanja":"8 minuta"},"schema":{"@context":"https:\/\/schema.org","@graph":[{"@type":"Article","@id":"https:\/\/radioljubuski.ba\/index.php\/2025\/12\/09\/u-sklopu-adventa-u-ljubuskom-odrzan-tematski-dan-gimnazije-ljubuski-i-predstavljanje-slikovnice-bozicna-stvaraonica-8-cudesnih-medenjaka\/#article","isPartOf":{"@id":"https:\/\/radioljubuski.ba\/index.php\/2025\/12\/09\/u-sklopu-adventa-u-ljubuskom-odrzan-tematski-dan-gimnazije-ljubuski-i-predstavljanje-slikovnice-bozicna-stvaraonica-8-cudesnih-medenjaka\/"},"author":{"name":"Radio Ljubu\u0161ki","@id":"https:\/\/radioljubuski.ba\/#\/schema\/person\/19fc700381a780f69665d7956c469e3b"},"headline":"U sklopu Adventa u Ljubu\u0161kom odr\u017ean Tematski dan Gimnazije Ljubu\u0161ki i predstavljanje slikovnice &#8220;Bo\u017ei\u0107na stvaraonica &#8211; 8 \u010dudesnih medenjaka&#8221;","datePublished":"2025-12-09T12:26:49+00:00","dateModified":"2025-12-09T12:27:59+00:00","mainEntityOfPage":{"@id":"https:\/\/radioljubuski.ba\/index.php\/2025\/12\/09\/u-sklopu-adventa-u-ljubuskom-odrzan-tematski-dan-gimnazije-ljubuski-i-predstavljanje-slikovnice-bozicna-stvaraonica-8-cudesnih-medenjaka\/"},"wordCount":1248,"publisher":{"@id":"https:\/\/radioljubuski.ba\/#organization"},"image":{"@id":"https:\/\/radioljubuski.ba\/index.php\/2025\/12\/09\/u-sklopu-adventa-u-ljubuskom-odrzan-tematski-dan-gimnazije-ljubuski-i-predstavljanje-slikovnice-bozicna-stvaraonica-8-cudesnih-medenjaka\/#primaryimage"},"thumbnailUrl":"https:\/\/radioljubuski.ba\/wp-content\/uploads\/2025\/12\/gimnazija-advent20253.jpg","articleSection":["Ljubu\u0161ki","Novosti"],"inLanguage":"hr"},{"@type":"WebPage","@id":"https:\/\/radioljubuski.ba\/index.php\/2025\/12\/09\/u-sklopu-adventa-u-ljubuskom-odrzan-tematski-dan-gimnazije-ljubuski-i-predstavljanje-slikovnice-bozicna-stvaraonica-8-cudesnih-medenjaka\/","url":"https:\/\/radioljubuski.ba\/index.php\/2025\/12\/09\/u-sklopu-adventa-u-ljubuskom-odrzan-tematski-dan-gimnazije-ljubuski-i-predstavljanje-slikovnice-bozicna-stvaraonica-8-cudesnih-medenjaka\/","name":"U sklopu Adventa u Ljubu\u0161kom odr\u017ean Tematski dan Gimnazije Ljubu\u0161ki i predstavljanje slikovnice \"Bo\u017ei\u0107na stvaraonica - 8 \u010dudesnih medenjaka\" - RADIO LJUBU\u0160KI","isPartOf":{"@id":"https:\/\/radioljubuski.ba\/#website"},"primaryImageOfPage":{"@id":"https:\/\/radioljubuski.ba\/index.php\/2025\/12\/09\/u-sklopu-adventa-u-ljubuskom-odrzan-tematski-dan-gimnazije-ljubuski-i-predstavljanje-slikovnice-bozicna-stvaraonica-8-cudesnih-medenjaka\/#primaryimage"},"image":{"@id":"https:\/\/radioljubuski.ba\/index.php\/2025\/12\/09\/u-sklopu-adventa-u-ljubuskom-odrzan-tematski-dan-gimnazije-ljubuski-i-predstavljanje-slikovnice-bozicna-stvaraonica-8-cudesnih-medenjaka\/#primaryimage"},"thumbnailUrl":"https:\/\/radioljubuski.ba\/wp-content\/uploads\/2025\/12\/gimnazija-advent20253.jpg","datePublished":"2025-12-09T12:26:49+00:00","dateModified":"2025-12-09T12:27:59+00:00","breadcrumb":{"@id":"https:\/\/radioljubuski.ba\/index.php\/2025\/12\/09\/u-sklopu-adventa-u-ljubuskom-odrzan-tematski-dan-gimnazije-ljubuski-i-predstavljanje-slikovnice-bozicna-stvaraonica-8-cudesnih-medenjaka\/#breadcrumb"},"inLanguage":"hr","potentialAction":[{"@type":"ReadAction","target":["https:\/\/radioljubuski.ba\/index.php\/2025\/12\/09\/u-sklopu-adventa-u-ljubuskom-odrzan-tematski-dan-gimnazije-ljubuski-i-predstavljanje-slikovnice-bozicna-stvaraonica-8-cudesnih-medenjaka\/"]}]},{"@type":"ImageObject","inLanguage":"hr","@id":"https:\/\/radioljubuski.ba\/index.php\/2025\/12\/09\/u-sklopu-adventa-u-ljubuskom-odrzan-tematski-dan-gimnazije-ljubuski-i-predstavljanje-slikovnice-bozicna-stvaraonica-8-cudesnih-medenjaka\/#primaryimage","url":"https:\/\/radioljubuski.ba\/wp-content\/uploads\/2025\/12\/gimnazija-advent20253.jpg","contentUrl":"https:\/\/radioljubuski.ba\/wp-content\/uploads\/2025\/12\/gimnazija-advent20253.jpg","width":2400,"height":1600},{"@type":"BreadcrumbList","@id":"https:\/\/radioljubuski.ba\/index.php\/2025\/12\/09\/u-sklopu-adventa-u-ljubuskom-odrzan-tematski-dan-gimnazije-ljubuski-i-predstavljanje-slikovnice-bozicna-stvaraonica-8-cudesnih-medenjaka\/#breadcrumb","itemListElement":[{"@type":"ListItem","position":1,"name":"Po\u010detna stranica","item":"https:\/\/radioljubuski.ba\/"},{"@type":"ListItem","position":2,"name":"U sklopu Adventa u Ljubu\u0161kom odr\u017ean Tematski dan Gimnazije Ljubu\u0161ki i predstavljanje slikovnice &#8220;Bo\u017ei\u0107na stvaraonica &#8211; 8 \u010dudesnih medenjaka&#8221;"}]},{"@type":"WebSite","@id":"https:\/\/radioljubuski.ba\/#website","url":"https:\/\/radioljubuski.ba\/","name":"Radio Ljubu\u0161ki","description":"Sun\u010dana frekvencija Hercegovine","publisher":{"@id":"https:\/\/radioljubuski.ba\/#organization"},"potentialAction":[{"@type":"SearchAction","target":{"@type":"EntryPoint","urlTemplate":"https:\/\/radioljubuski.ba\/?s={search_term_string}"},"query-input":{"@type":"PropertyValueSpecification","valueRequired":true,"valueName":"search_term_string"}}],"inLanguage":"hr"},{"@type":"Organization","@id":"https:\/\/radioljubuski.ba\/#organization","name":"Radio Ljubu\u0161ki","url":"https:\/\/radioljubuski.ba\/","logo":{"@type":"ImageObject","inLanguage":"hr","@id":"https:\/\/radioljubuski.ba\/#\/schema\/logo\/image\/","url":"https:\/\/radioljubuski.ba\/wp-content\/uploads\/2021\/02\/cropped-Radio_Ljubuski_logo1.jpg","contentUrl":"https:\/\/radioljubuski.ba\/wp-content\/uploads\/2021\/02\/cropped-Radio_Ljubuski_logo1.jpg","width":512,"height":512,"caption":"Radio Ljubu\u0161ki"},"image":{"@id":"https:\/\/radioljubuski.ba\/#\/schema\/logo\/image\/"},"sameAs":["https:\/\/www.facebook.com\/Radiio-Ljubuski-1490835324566332","https:\/\/x.com\/radioljubuski","https:\/\/hr.linkedin.com\/company\/radio-ljubuski","https:\/\/www.youtube.com\/channel\/UCHYaeO_n0Db3tjNGudGpXyw"]},{"@type":"Person","@id":"https:\/\/radioljubuski.ba\/#\/schema\/person\/19fc700381a780f69665d7956c469e3b","name":"Radio Ljubu\u0161ki"}]}},"_links":{"self":[{"href":"https:\/\/radioljubuski.ba\/index.php\/wp-json\/wp\/v2\/posts\/223365","targetHints":{"allow":["GET"]}}],"collection":[{"href":"https:\/\/radioljubuski.ba\/index.php\/wp-json\/wp\/v2\/posts"}],"about":[{"href":"https:\/\/radioljubuski.ba\/index.php\/wp-json\/wp\/v2\/types\/post"}],"author":[{"embeddable":true,"href":"https:\/\/radioljubuski.ba\/index.php\/wp-json\/wp\/v2\/users\/2"}],"replies":[{"embeddable":true,"href":"https:\/\/radioljubuski.ba\/index.php\/wp-json\/wp\/v2\/comments?post=223365"}],"version-history":[{"count":2,"href":"https:\/\/radioljubuski.ba\/index.php\/wp-json\/wp\/v2\/posts\/223365\/revisions"}],"predecessor-version":[{"id":223378,"href":"https:\/\/radioljubuski.ba\/index.php\/wp-json\/wp\/v2\/posts\/223365\/revisions\/223378"}],"wp:featuredmedia":[{"embeddable":true,"href":"https:\/\/radioljubuski.ba\/index.php\/wp-json\/wp\/v2\/media\/223366"}],"wp:attachment":[{"href":"https:\/\/radioljubuski.ba\/index.php\/wp-json\/wp\/v2\/media?parent=223365"}],"wp:term":[{"taxonomy":"category","embeddable":true,"href":"https:\/\/radioljubuski.ba\/index.php\/wp-json\/wp\/v2\/categories?post=223365"},{"taxonomy":"post_tag","embeddable":true,"href":"https:\/\/radioljubuski.ba\/index.php\/wp-json\/wp\/v2\/tags?post=223365"}],"curies":[{"name":"wp","href":"https:\/\/api.w.org\/{rel}","templated":true}]}}