{"id":223390,"date":"2025-12-10T08:49:27","date_gmt":"2025-12-10T07:49:27","guid":{"rendered":"https:\/\/radioljubuski.ba\/?p=223390"},"modified":"2025-12-10T13:31:35","modified_gmt":"2025-12-10T12:31:35","slug":"odrzan-adventski-koncert-glazbene-skole-ljubuski-u-crkvi-svete-kate","status":"publish","type":"post","link":"https:\/\/radioljubuski.ba\/index.php\/2025\/12\/10\/odrzan-adventski-koncert-glazbene-skole-ljubuski-u-crkvi-svete-kate\/","title":{"rendered":"Odr\u017ean Adventski koncert Glazbene \u0161kole Ljubu\u0161ki u crkvi svete Kate"},"content":{"rendered":"\n<p>U crkvi svete Kate u Ljubu\u0161kom sino\u0107 je odr\u017ean tradicionalni Adventski koncert Glazbene \u0161kole Ljubu\u0161ki, koji je okupio brojne posjetitelje i jo\u0161 jednom potvrdio visoku razinu rada u\u010denika i profesora ove \u0161kole.<\/p>\n\n\n\n<p>Ovogodi\u0161nji koncert bio je posebno bogat i programski pro\u0161iren, a u organizaciji puha\u010dkog odjela Glazbene \u0161kole Ljubu\u0161ki. Uz puha\u010de, nastupili su i orkestar, mali i veliki zbor Glazbene \u0161kole, pripremni razredi \u2013  \u201ePa\u010di\u0107i\u201c, kao i u\u010denici harmonike i gitare, \u010dime je koncert dobio puni adventski i bo\u017ei\u0107ni ugo\u0111aj.<\/p>\n\n\n\n<p><\/p>\n\n\n\n<figure class=\"wp-block-gallery has-nested-images columns-default is-cropped wp-block-gallery-1 is-layout-flex wp-block-gallery-is-layout-flex\">\n<figure class=\"wp-block-image size-large\"><img loading=\"lazy\" decoding=\"async\" width=\"768\" height=\"1024\" data-id=\"223394\" src=\"https:\/\/radioljubuski.ba\/wp-content\/uploads\/2025\/12\/2b1e6160-b511-42dc-b405-5338269b92f8-768x1024.jpg\" alt=\"\" class=\"wp-image-223394\" srcset=\"https:\/\/radioljubuski.ba\/wp-content\/uploads\/2025\/12\/2b1e6160-b511-42dc-b405-5338269b92f8-768x1024.jpg 768w, https:\/\/radioljubuski.ba\/wp-content\/uploads\/2025\/12\/2b1e6160-b511-42dc-b405-5338269b92f8-225x300.jpg 225w, https:\/\/radioljubuski.ba\/wp-content\/uploads\/2025\/12\/2b1e6160-b511-42dc-b405-5338269b92f8-1152x1536.jpg 1152w, https:\/\/radioljubuski.ba\/wp-content\/uploads\/2025\/12\/2b1e6160-b511-42dc-b405-5338269b92f8-9x12.jpg 9w, https:\/\/radioljubuski.ba\/wp-content\/uploads\/2025\/12\/2b1e6160-b511-42dc-b405-5338269b92f8.jpg 1200w\" sizes=\"auto, (max-width: 768px) 100vw, 768px\" \/><\/figure>\n\n\n\n<figure class=\"wp-block-image size-large\"><img loading=\"lazy\" decoding=\"async\" width=\"768\" height=\"1024\" data-id=\"223395\" src=\"https:\/\/radioljubuski.ba\/wp-content\/uploads\/2025\/12\/56e0d92c-e414-43c6-b5be-257f7acd6f38-768x1024.jpg\" alt=\"\" class=\"wp-image-223395\" srcset=\"https:\/\/radioljubuski.ba\/wp-content\/uploads\/2025\/12\/56e0d92c-e414-43c6-b5be-257f7acd6f38-768x1024.jpg 768w, https:\/\/radioljubuski.ba\/wp-content\/uploads\/2025\/12\/56e0d92c-e414-43c6-b5be-257f7acd6f38-225x300.jpg 225w, https:\/\/radioljubuski.ba\/wp-content\/uploads\/2025\/12\/56e0d92c-e414-43c6-b5be-257f7acd6f38-1152x1536.jpg 1152w, https:\/\/radioljubuski.ba\/wp-content\/uploads\/2025\/12\/56e0d92c-e414-43c6-b5be-257f7acd6f38-9x12.jpg 9w, https:\/\/radioljubuski.ba\/wp-content\/uploads\/2025\/12\/56e0d92c-e414-43c6-b5be-257f7acd6f38.jpg 1200w\" sizes=\"auto, (max-width: 768px) 100vw, 768px\" \/><\/figure>\n\n\n\n<figure class=\"wp-block-image size-large\"><img loading=\"lazy\" decoding=\"async\" width=\"768\" height=\"1024\" data-id=\"223396\" src=\"https:\/\/radioljubuski.ba\/wp-content\/uploads\/2025\/12\/64b7ccc4-f571-4ea4-8d4d-d99ad9b8b337-768x1024.jpg\" alt=\"\" class=\"wp-image-223396\" srcset=\"https:\/\/radioljubuski.ba\/wp-content\/uploads\/2025\/12\/64b7ccc4-f571-4ea4-8d4d-d99ad9b8b337-768x1024.jpg 768w, https:\/\/radioljubuski.ba\/wp-content\/uploads\/2025\/12\/64b7ccc4-f571-4ea4-8d4d-d99ad9b8b337-225x300.jpg 225w, https:\/\/radioljubuski.ba\/wp-content\/uploads\/2025\/12\/64b7ccc4-f571-4ea4-8d4d-d99ad9b8b337-1152x1536.jpg 1152w, https:\/\/radioljubuski.ba\/wp-content\/uploads\/2025\/12\/64b7ccc4-f571-4ea4-8d4d-d99ad9b8b337-9x12.jpg 9w, https:\/\/radioljubuski.ba\/wp-content\/uploads\/2025\/12\/64b7ccc4-f571-4ea4-8d4d-d99ad9b8b337.jpg 1200w\" sizes=\"auto, (max-width: 768px) 100vw, 768px\" \/><\/figure>\n<\/figure>\n\n\n\n<p><\/p>\n\n\n\n<div class=\"wp-block-group is-nowrap is-layout-flex wp-container-core-group-is-layout-6c531013 wp-block-group-is-layout-flex\">\n<p>U razgovoru za na\u0161 radio, profesor puha\u010dkog odjela Ivan Su\u0161ac istaknuo je kako je rije\u010d o prvom koncertu ovakvog formata ove godine, budu\u0107i da se velik dio u\u010denika paralelno priprema za balet <strong>\u201eOra\u0161ar\u201c<\/strong>, koji \u0107e biti izveden 19. prosinca u Kulturnom centru Ljubu\u0161ki. Upravo zato, dosada\u0161nji koncert puha\u010da prerastao je u pravi adventski koncert, ispunjen klasi\u010dnim skladbama te tradicionalnim adventskim i bo\u017ei\u0107nim pjesmama.<\/p>\n<\/div>\n\n\n\n<figure class=\"wp-block-gallery has-nested-images columns-default is-cropped wp-block-gallery-2 is-layout-flex wp-block-gallery-is-layout-flex\">\n<figure class=\"wp-block-image size-large\"><img loading=\"lazy\" decoding=\"async\" width=\"768\" height=\"1024\" data-id=\"223397\" src=\"https:\/\/radioljubuski.ba\/wp-content\/uploads\/2025\/12\/563c4d80-9527-46d9-a8ca-2548f9eb73a5-768x1024.jpg\" alt=\"\" class=\"wp-image-223397\" srcset=\"https:\/\/radioljubuski.ba\/wp-content\/uploads\/2025\/12\/563c4d80-9527-46d9-a8ca-2548f9eb73a5-768x1024.jpg 768w, https:\/\/radioljubuski.ba\/wp-content\/uploads\/2025\/12\/563c4d80-9527-46d9-a8ca-2548f9eb73a5-225x300.jpg 225w, https:\/\/radioljubuski.ba\/wp-content\/uploads\/2025\/12\/563c4d80-9527-46d9-a8ca-2548f9eb73a5-1152x1536.jpg 1152w, https:\/\/radioljubuski.ba\/wp-content\/uploads\/2025\/12\/563c4d80-9527-46d9-a8ca-2548f9eb73a5-9x12.jpg 9w, https:\/\/radioljubuski.ba\/wp-content\/uploads\/2025\/12\/563c4d80-9527-46d9-a8ca-2548f9eb73a5.jpg 1200w\" sizes=\"auto, (max-width: 768px) 100vw, 768px\" \/><\/figure>\n\n\n\n<figure class=\"wp-block-image size-large\"><img loading=\"lazy\" decoding=\"async\" width=\"768\" height=\"1024\" data-id=\"223398\" src=\"https:\/\/radioljubuski.ba\/wp-content\/uploads\/2025\/12\/58724495-89ab-4e57-ad56-3f71169ae43c-768x1024.jpg\" alt=\"\" class=\"wp-image-223398\" srcset=\"https:\/\/radioljubuski.ba\/wp-content\/uploads\/2025\/12\/58724495-89ab-4e57-ad56-3f71169ae43c-768x1024.jpg 768w, https:\/\/radioljubuski.ba\/wp-content\/uploads\/2025\/12\/58724495-89ab-4e57-ad56-3f71169ae43c-225x300.jpg 225w, https:\/\/radioljubuski.ba\/wp-content\/uploads\/2025\/12\/58724495-89ab-4e57-ad56-3f71169ae43c-1152x1536.jpg 1152w, https:\/\/radioljubuski.ba\/wp-content\/uploads\/2025\/12\/58724495-89ab-4e57-ad56-3f71169ae43c-9x12.jpg 9w, https:\/\/radioljubuski.ba\/wp-content\/uploads\/2025\/12\/58724495-89ab-4e57-ad56-3f71169ae43c.jpg 1200w\" sizes=\"auto, (max-width: 768px) 100vw, 768px\" \/><\/figure>\n\n\n\n<figure class=\"wp-block-image size-large\"><img loading=\"lazy\" decoding=\"async\" width=\"768\" height=\"1024\" data-id=\"223399\" src=\"https:\/\/radioljubuski.ba\/wp-content\/uploads\/2025\/12\/aedd9a59-9e8b-412b-a235-f9dff6413437-768x1024.jpg\" alt=\"\" class=\"wp-image-223399\" srcset=\"https:\/\/radioljubuski.ba\/wp-content\/uploads\/2025\/12\/aedd9a59-9e8b-412b-a235-f9dff6413437-768x1024.jpg 768w, https:\/\/radioljubuski.ba\/wp-content\/uploads\/2025\/12\/aedd9a59-9e8b-412b-a235-f9dff6413437-225x300.jpg 225w, https:\/\/radioljubuski.ba\/wp-content\/uploads\/2025\/12\/aedd9a59-9e8b-412b-a235-f9dff6413437-1152x1536.jpg 1152w, https:\/\/radioljubuski.ba\/wp-content\/uploads\/2025\/12\/aedd9a59-9e8b-412b-a235-f9dff6413437-9x12.jpg 9w, https:\/\/radioljubuski.ba\/wp-content\/uploads\/2025\/12\/aedd9a59-9e8b-412b-a235-f9dff6413437.jpg 1200w\" sizes=\"auto, (max-width: 768px) 100vw, 768px\" \/><\/figure>\n<\/figure>\n\n\n\n<p>Posebne simpatije publike izazvali su najmla\u0111i \u2013 \u201ePa\u010di\u0107i\u201c, pripremni razredi Glazbene \u0161kole. Profesor Su\u0161ac naglasio je kako se s njima radi kroz igru i kreativnost, zahvaljuju\u0107i predanom radu profesorica Antonije Mari\u0107, Ive \u0106ubele i Antonije Mikuli\u0107.<\/p>\n\n\n\n<p><\/p>\n\n\n\n<figure class=\"wp-block-gallery has-nested-images columns-default is-cropped wp-block-gallery-3 is-layout-flex wp-block-gallery-is-layout-flex\">\n<figure class=\"wp-block-image size-large\"><img loading=\"lazy\" decoding=\"async\" width=\"768\" height=\"1024\" data-id=\"223401\" src=\"https:\/\/radioljubuski.ba\/wp-content\/uploads\/2025\/12\/c98531f3-beb7-49e3-bf2e-d7439ebcf403-768x1024.jpg\" alt=\"\" class=\"wp-image-223401\" srcset=\"https:\/\/radioljubuski.ba\/wp-content\/uploads\/2025\/12\/c98531f3-beb7-49e3-bf2e-d7439ebcf403-768x1024.jpg 768w, https:\/\/radioljubuski.ba\/wp-content\/uploads\/2025\/12\/c98531f3-beb7-49e3-bf2e-d7439ebcf403-225x300.jpg 225w, https:\/\/radioljubuski.ba\/wp-content\/uploads\/2025\/12\/c98531f3-beb7-49e3-bf2e-d7439ebcf403-1152x1536.jpg 1152w, https:\/\/radioljubuski.ba\/wp-content\/uploads\/2025\/12\/c98531f3-beb7-49e3-bf2e-d7439ebcf403-9x12.jpg 9w, https:\/\/radioljubuski.ba\/wp-content\/uploads\/2025\/12\/c98531f3-beb7-49e3-bf2e-d7439ebcf403.jpg 1200w\" sizes=\"auto, (max-width: 768px) 100vw, 768px\" \/><\/figure>\n\n\n\n<figure class=\"wp-block-image size-large\"><img loading=\"lazy\" decoding=\"async\" width=\"768\" height=\"1024\" data-id=\"223402\" src=\"https:\/\/radioljubuski.ba\/wp-content\/uploads\/2025\/12\/cee20fcc-1ef9-40d6-ae86-5ca84bd2417c-768x1024.jpg\" alt=\"\" class=\"wp-image-223402\" srcset=\"https:\/\/radioljubuski.ba\/wp-content\/uploads\/2025\/12\/cee20fcc-1ef9-40d6-ae86-5ca84bd2417c-768x1024.jpg 768w, https:\/\/radioljubuski.ba\/wp-content\/uploads\/2025\/12\/cee20fcc-1ef9-40d6-ae86-5ca84bd2417c-225x300.jpg 225w, https:\/\/radioljubuski.ba\/wp-content\/uploads\/2025\/12\/cee20fcc-1ef9-40d6-ae86-5ca84bd2417c-1152x1536.jpg 1152w, https:\/\/radioljubuski.ba\/wp-content\/uploads\/2025\/12\/cee20fcc-1ef9-40d6-ae86-5ca84bd2417c-9x12.jpg 9w, https:\/\/radioljubuski.ba\/wp-content\/uploads\/2025\/12\/cee20fcc-1ef9-40d6-ae86-5ca84bd2417c.jpg 1200w\" sizes=\"auto, (max-width: 768px) 100vw, 768px\" \/><\/figure>\n\n\n\n<figure class=\"wp-block-image size-large\"><img loading=\"lazy\" decoding=\"async\" width=\"768\" height=\"1024\" data-id=\"223403\" src=\"https:\/\/radioljubuski.ba\/wp-content\/uploads\/2025\/12\/d8d09eae-6c7f-41e9-8caf-0be98308f621-768x1024.jpg\" alt=\"\" class=\"wp-image-223403\" srcset=\"https:\/\/radioljubuski.ba\/wp-content\/uploads\/2025\/12\/d8d09eae-6c7f-41e9-8caf-0be98308f621-768x1024.jpg 768w, https:\/\/radioljubuski.ba\/wp-content\/uploads\/2025\/12\/d8d09eae-6c7f-41e9-8caf-0be98308f621-225x300.jpg 225w, https:\/\/radioljubuski.ba\/wp-content\/uploads\/2025\/12\/d8d09eae-6c7f-41e9-8caf-0be98308f621-1152x1536.jpg 1152w, https:\/\/radioljubuski.ba\/wp-content\/uploads\/2025\/12\/d8d09eae-6c7f-41e9-8caf-0be98308f621-9x12.jpg 9w, https:\/\/radioljubuski.ba\/wp-content\/uploads\/2025\/12\/d8d09eae-6c7f-41e9-8caf-0be98308f621.jpg 1200w\" sizes=\"auto, (max-width: 768px) 100vw, 768px\" \/><\/figure>\n<\/figure>\n\n\n\n<p><\/p>\n\n\n\n<p>Na koncertu je izvedeno ukupno 20 glazbenih to\u010daka, me\u0111u kojima su se na\u0161le tradicionalne bo\u017ei\u0107ne skladbe, klasi\u010dna djela i popularni adventski napjevi. Publika je imala priliku \u010duti djela poput The First Noel, Deck the Halls, Greensleeves, Adeste Fideles, \u0160\u010dedrik, ali i zahtjevna solisti\u010dka i komorna djela autora poput \u010cajkovskog, Dopplera, Porreta, Vandercoocka i drugih.<\/p>\n\n\n\n<figure class=\"wp-block-gallery has-nested-images columns-default is-cropped wp-block-gallery-4 is-layout-flex wp-block-gallery-is-layout-flex\">\n<figure class=\"wp-block-image size-large\"><img loading=\"lazy\" decoding=\"async\" width=\"768\" height=\"1024\" data-id=\"223404\" src=\"https:\/\/radioljubuski.ba\/wp-content\/uploads\/2025\/12\/e455fcd0-a556-42ef-bc9a-f739f003dd4e-768x1024.jpg\" alt=\"\" class=\"wp-image-223404\" srcset=\"https:\/\/radioljubuski.ba\/wp-content\/uploads\/2025\/12\/e455fcd0-a556-42ef-bc9a-f739f003dd4e-768x1024.jpg 768w, https:\/\/radioljubuski.ba\/wp-content\/uploads\/2025\/12\/e455fcd0-a556-42ef-bc9a-f739f003dd4e-225x300.jpg 225w, https:\/\/radioljubuski.ba\/wp-content\/uploads\/2025\/12\/e455fcd0-a556-42ef-bc9a-f739f003dd4e-1152x1536.jpg 1152w, https:\/\/radioljubuski.ba\/wp-content\/uploads\/2025\/12\/e455fcd0-a556-42ef-bc9a-f739f003dd4e-9x12.jpg 9w, https:\/\/radioljubuski.ba\/wp-content\/uploads\/2025\/12\/e455fcd0-a556-42ef-bc9a-f739f003dd4e.jpg 1200w\" sizes=\"auto, (max-width: 768px) 100vw, 768px\" \/><\/figure>\n\n\n\n<figure class=\"wp-block-image size-large\"><img loading=\"lazy\" decoding=\"async\" width=\"576\" height=\"1024\" data-id=\"223405\" src=\"https:\/\/radioljubuski.ba\/wp-content\/uploads\/2025\/12\/f0b96327-ba21-4e92-bc68-3228fb616974-576x1024.jpg\" alt=\"\" class=\"wp-image-223405\" srcset=\"https:\/\/radioljubuski.ba\/wp-content\/uploads\/2025\/12\/f0b96327-ba21-4e92-bc68-3228fb616974-576x1024.jpg 576w, https:\/\/radioljubuski.ba\/wp-content\/uploads\/2025\/12\/f0b96327-ba21-4e92-bc68-3228fb616974-169x300.jpg 169w, https:\/\/radioljubuski.ba\/wp-content\/uploads\/2025\/12\/f0b96327-ba21-4e92-bc68-3228fb616974-768x1365.jpg 768w, https:\/\/radioljubuski.ba\/wp-content\/uploads\/2025\/12\/f0b96327-ba21-4e92-bc68-3228fb616974-864x1536.jpg 864w, https:\/\/radioljubuski.ba\/wp-content\/uploads\/2025\/12\/f0b96327-ba21-4e92-bc68-3228fb616974-7x12.jpg 7w, https:\/\/radioljubuski.ba\/wp-content\/uploads\/2025\/12\/f0b96327-ba21-4e92-bc68-3228fb616974.jpg 900w\" sizes=\"auto, (max-width: 576px) 100vw, 576px\" \/><\/figure>\n\n\n\n<figure class=\"wp-block-image size-large\"><img loading=\"lazy\" decoding=\"async\" width=\"768\" height=\"1024\" data-id=\"223406\" src=\"https:\/\/radioljubuski.ba\/wp-content\/uploads\/2025\/12\/f493a9b6-b621-4b7e-b372-bbb8b80d12ce-768x1024.jpg\" alt=\"\" class=\"wp-image-223406\" srcset=\"https:\/\/radioljubuski.ba\/wp-content\/uploads\/2025\/12\/f493a9b6-b621-4b7e-b372-bbb8b80d12ce-768x1024.jpg 768w, https:\/\/radioljubuski.ba\/wp-content\/uploads\/2025\/12\/f493a9b6-b621-4b7e-b372-bbb8b80d12ce-225x300.jpg 225w, https:\/\/radioljubuski.ba\/wp-content\/uploads\/2025\/12\/f493a9b6-b621-4b7e-b372-bbb8b80d12ce-1152x1536.jpg 1152w, https:\/\/radioljubuski.ba\/wp-content\/uploads\/2025\/12\/f493a9b6-b621-4b7e-b372-bbb8b80d12ce-9x12.jpg 9w, https:\/\/radioljubuski.ba\/wp-content\/uploads\/2025\/12\/f493a9b6-b621-4b7e-b372-bbb8b80d12ce.jpg 1200w\" sizes=\"auto, (max-width: 768px) 100vw, 768px\" \/><\/figure>\n<\/figure>\n\n\n\n<p><\/p>\n\n\n\n<p>Nastupili su u\u010denici flaute, trube, harmonike, gitare i saksofona, kao i komorni sastavi, dok su zavr\u0161nicu koncerta obilje\u017eili mali i veliki zbor te orkestar Glazbene \u0161kole, koji su izveli zajedni\u010dke bo\u017ei\u0107ne skladbe i zaokru\u017eili ve\u010der sna\u017enim glazbenim dojmom.<\/p>\n\n\n\n<p>To\u010dke su pripremali profesori: Antonija Mari\u0107, Iva \u0106ubela, Sonja Grgi\u0107, Barbara \u010carapina, Ivan Su\u0161ac, Danijel Lovri\u0107, Robert Sivri\u0107 i Marko Petkovi\u0107, koji je ujedno sudjelovao i kao korepetitor u vi\u0161e izvedbi.<\/p>\n\n\n\n<p>Publika je ve\u010der nagradila dugotrajnim pljeskom, a Adventski koncert u crkvi svete Kate ostao je zapisan kao jedno od najljep\u0161ih glazbenih doga\u0111anja ovogodi\u0161njeg Adventa u Ljubu\u0161kom.<\/p>\n\n\n\n<figure class=\"wp-block-gallery has-nested-images columns-default is-cropped wp-block-gallery-5 is-layout-flex wp-block-gallery-is-layout-flex\">\n<figure class=\"wp-block-image size-large\"><img loading=\"lazy\" decoding=\"async\" width=\"1024\" height=\"460\" data-id=\"223408\" src=\"https:\/\/radioljubuski.ba\/wp-content\/uploads\/2025\/12\/IMG_20251209_195332-1024x460.jpg\" alt=\"\" class=\"wp-image-223408\" srcset=\"https:\/\/radioljubuski.ba\/wp-content\/uploads\/2025\/12\/IMG_20251209_195332-1024x460.jpg 1024w, https:\/\/radioljubuski.ba\/wp-content\/uploads\/2025\/12\/IMG_20251209_195332-300x135.jpg 300w, https:\/\/radioljubuski.ba\/wp-content\/uploads\/2025\/12\/IMG_20251209_195332-768x345.jpg 768w, https:\/\/radioljubuski.ba\/wp-content\/uploads\/2025\/12\/IMG_20251209_195332-1536x690.jpg 1536w, https:\/\/radioljubuski.ba\/wp-content\/uploads\/2025\/12\/IMG_20251209_195332-2048x920.jpg 2048w, https:\/\/radioljubuski.ba\/wp-content\/uploads\/2025\/12\/IMG_20251209_195332-18x8.jpg 18w\" sizes=\"auto, (max-width: 1024px) 100vw, 1024px\" \/><\/figure>\n\n\n\n<figure class=\"wp-block-image size-large\"><img loading=\"lazy\" decoding=\"async\" width=\"1024\" height=\"460\" data-id=\"223407\" src=\"https:\/\/radioljubuski.ba\/wp-content\/uploads\/2025\/12\/IMG_20251209_184936-1024x460.jpg\" alt=\"\" class=\"wp-image-223407\" srcset=\"https:\/\/radioljubuski.ba\/wp-content\/uploads\/2025\/12\/IMG_20251209_184936-1024x460.jpg 1024w, https:\/\/radioljubuski.ba\/wp-content\/uploads\/2025\/12\/IMG_20251209_184936-300x135.jpg 300w, https:\/\/radioljubuski.ba\/wp-content\/uploads\/2025\/12\/IMG_20251209_184936-768x345.jpg 768w, https:\/\/radioljubuski.ba\/wp-content\/uploads\/2025\/12\/IMG_20251209_184936-1536x690.jpg 1536w, https:\/\/radioljubuski.ba\/wp-content\/uploads\/2025\/12\/IMG_20251209_184936-2048x920.jpg 2048w, https:\/\/radioljubuski.ba\/wp-content\/uploads\/2025\/12\/IMG_20251209_184936-18x8.jpg 18w\" sizes=\"auto, (max-width: 1024px) 100vw, 1024px\" \/><\/figure>\n<\/figure>\n\n\n\n<p> <\/p>\n\n\n\n<figure class=\"wp-block-image size-large\"><img loading=\"lazy\" decoding=\"async\" width=\"1024\" height=\"173\" src=\"https:\/\/radioljubuski.ba\/wp-content\/uploads\/2024\/12\/poslusaj-ovdje-1024x173.jpg\" alt=\"\" class=\"wp-image-211917\" srcset=\"https:\/\/radioljubuski.ba\/wp-content\/uploads\/2024\/12\/poslusaj-ovdje-1024x173.jpg 1024w, https:\/\/radioljubuski.ba\/wp-content\/uploads\/2024\/12\/poslusaj-ovdje-300x51.jpg 300w, https:\/\/radioljubuski.ba\/wp-content\/uploads\/2024\/12\/poslusaj-ovdje-768x130.jpg 768w, https:\/\/radioljubuski.ba\/wp-content\/uploads\/2024\/12\/poslusaj-ovdje-18x3.jpg 18w, https:\/\/radioljubuski.ba\/wp-content\/uploads\/2024\/12\/poslusaj-ovdje.jpg 1128w\" sizes=\"auto, (max-width: 1024px) 100vw, 1024px\" \/><\/figure>\n\n\n\n<figure class=\"wp-block-audio\"><audio controls src=\"https:\/\/radioljubuski.ba\/wp-content\/uploads\/2025\/12\/ADVENT-KONCERT-Prof.-Ivan-Susac.mp3\"><\/audio><\/figure>\n\n\n\n<p>Tigran Deli\u0107<\/p>\n","protected":false},"excerpt":{"rendered":"<p>U crkvi svete Kate u Ljubu\u0161kom sino\u0107 je odr\u017ean tradicionalni Adventski koncert Glazbene \u0161kole Ljubu\u0161ki, koji je okupio brojne posjetitelje i jo\u0161 jednom potvrdio visoku razinu rada u\u010denika i profesora ove \u0161kole. Ovogodi\u0161nji koncert bio je posebno bogat i programski pro\u0161iren, a u organizaciji puha\u010dkog odjela Glazbene \u0161kole Ljubu\u0161ki. Uz puha\u010de, nastupili su i orkestar, [&hellip;]<\/p>\n","protected":false},"author":2,"featured_media":223393,"comment_status":"closed","ping_status":"closed","sticky":false,"template":"","format":"standard","meta":{"h5ap_radio_sources":[],"footnotes":""},"categories":[3,28],"tags":[],"class_list":["post-223390","post","type-post","status-publish","format-standard","has-post-thumbnail","hentry","category-ljubuski","category-novosti"],"yoast_head":"<!-- This site is optimized with the Yoast SEO plugin v27.5 - https:\/\/yoast.com\/product\/yoast-seo-wordpress\/ -->\n<title>Odr\u017ean Adventski koncert Glazbene \u0161kole Ljubu\u0161ki u crkvi svete Kate - RADIO LJUBU\u0160KI<\/title>\n<meta name=\"robots\" content=\"index, follow, max-snippet:-1, max-image-preview:large, max-video-preview:-1\" \/>\n<link rel=\"canonical\" href=\"https:\/\/radioljubuski.ba\/index.php\/2025\/12\/10\/odrzan-adventski-koncert-glazbene-skole-ljubuski-u-crkvi-svete-kate\/\" \/>\n<meta property=\"og:locale\" content=\"hr_HR\" \/>\n<meta property=\"og:type\" content=\"article\" \/>\n<meta property=\"og:title\" content=\"Odr\u017ean Adventski koncert Glazbene \u0161kole Ljubu\u0161ki u crkvi svete Kate - RADIO LJUBU\u0160KI\" \/>\n<meta property=\"og:description\" content=\"U crkvi svete Kate u Ljubu\u0161kom sino\u0107 je odr\u017ean tradicionalni Adventski koncert Glazbene \u0161kole Ljubu\u0161ki, koji je okupio brojne posjetitelje i jo\u0161 jednom potvrdio visoku razinu rada u\u010denika i profesora ove \u0161kole. Ovogodi\u0161nji koncert bio je posebno bogat i programski pro\u0161iren, a u organizaciji puha\u010dkog odjela Glazbene \u0161kole Ljubu\u0161ki. Uz puha\u010de, nastupili su i orkestar, [&hellip;]\" \/>\n<meta property=\"og:url\" content=\"https:\/\/radioljubuski.ba\/index.php\/2025\/12\/10\/odrzan-adventski-koncert-glazbene-skole-ljubuski-u-crkvi-svete-kate\/\" \/>\n<meta property=\"og:site_name\" content=\"RADIO LJUBU\u0160KI\" \/>\n<meta property=\"article:publisher\" content=\"https:\/\/www.facebook.com\/Radiio-Ljubuski-1490835324566332\" \/>\n<meta property=\"article:published_time\" content=\"2025-12-10T07:49:27+00:00\" \/>\n<meta property=\"article:modified_time\" content=\"2025-12-10T12:31:35+00:00\" \/>\n<meta property=\"og:image\" content=\"https:\/\/radioljubuski.ba\/wp-content\/uploads\/2025\/12\/77ff78a1-b3f5-4991-9b8c-8339d4a34a25-1.jpg\" \/>\n\t<meta property=\"og:image:width\" content=\"1600\" \/>\n\t<meta property=\"og:image:height\" content=\"900\" \/>\n\t<meta property=\"og:image:type\" content=\"image\/jpeg\" \/>\n<meta name=\"author\" content=\"Radio Ljubu\u0161ki\" \/>\n<meta name=\"twitter:card\" content=\"summary_large_image\" \/>\n<meta name=\"twitter:creator\" content=\"@radioljubuski\" \/>\n<meta name=\"twitter:site\" content=\"@radioljubuski\" \/>\n<meta name=\"twitter:label1\" content=\"Napisao\/la\" \/>\n\t<meta name=\"twitter:data1\" content=\"Radio Ljubu\u0161ki\" \/>\n\t<meta name=\"twitter:label2\" content=\"Procijenjeno vrijeme \u010ditanja\" \/>\n\t<meta name=\"twitter:data2\" content=\"5 minuta\" \/>\n<script type=\"application\/ld+json\" class=\"yoast-schema-graph\">{\"@context\":\"https:\\\/\\\/schema.org\",\"@graph\":[{\"@type\":\"Article\",\"@id\":\"https:\\\/\\\/radioljubuski.ba\\\/index.php\\\/2025\\\/12\\\/10\\\/odrzan-adventski-koncert-glazbene-skole-ljubuski-u-crkvi-svete-kate\\\/#article\",\"isPartOf\":{\"@id\":\"https:\\\/\\\/radioljubuski.ba\\\/index.php\\\/2025\\\/12\\\/10\\\/odrzan-adventski-koncert-glazbene-skole-ljubuski-u-crkvi-svete-kate\\\/\"},\"author\":{\"name\":\"Radio Ljubu\u0161ki\",\"@id\":\"https:\\\/\\\/radioljubuski.ba\\\/#\\\/schema\\\/person\\\/19fc700381a780f69665d7956c469e3b\"},\"headline\":\"Odr\u017ean Adventski koncert Glazbene \u0161kole Ljubu\u0161ki u crkvi svete Kate\",\"datePublished\":\"2025-12-10T07:49:27+00:00\",\"dateModified\":\"2025-12-10T12:31:35+00:00\",\"mainEntityOfPage\":{\"@id\":\"https:\\\/\\\/radioljubuski.ba\\\/index.php\\\/2025\\\/12\\\/10\\\/odrzan-adventski-koncert-glazbene-skole-ljubuski-u-crkvi-svete-kate\\\/\"},\"wordCount\":393,\"publisher\":{\"@id\":\"https:\\\/\\\/radioljubuski.ba\\\/#organization\"},\"image\":{\"@id\":\"https:\\\/\\\/radioljubuski.ba\\\/index.php\\\/2025\\\/12\\\/10\\\/odrzan-adventski-koncert-glazbene-skole-ljubuski-u-crkvi-svete-kate\\\/#primaryimage\"},\"thumbnailUrl\":\"https:\\\/\\\/radioljubuski.ba\\\/wp-content\\\/uploads\\\/2025\\\/12\\\/77ff78a1-b3f5-4991-9b8c-8339d4a34a25-1.jpg\",\"articleSection\":[\"Ljubu\u0161ki\",\"Novosti\"],\"inLanguage\":\"hr\"},{\"@type\":\"WebPage\",\"@id\":\"https:\\\/\\\/radioljubuski.ba\\\/index.php\\\/2025\\\/12\\\/10\\\/odrzan-adventski-koncert-glazbene-skole-ljubuski-u-crkvi-svete-kate\\\/\",\"url\":\"https:\\\/\\\/radioljubuski.ba\\\/index.php\\\/2025\\\/12\\\/10\\\/odrzan-adventski-koncert-glazbene-skole-ljubuski-u-crkvi-svete-kate\\\/\",\"name\":\"Odr\u017ean Adventski koncert Glazbene \u0161kole Ljubu\u0161ki u crkvi svete Kate - RADIO LJUBU\u0160KI\",\"isPartOf\":{\"@id\":\"https:\\\/\\\/radioljubuski.ba\\\/#website\"},\"primaryImageOfPage\":{\"@id\":\"https:\\\/\\\/radioljubuski.ba\\\/index.php\\\/2025\\\/12\\\/10\\\/odrzan-adventski-koncert-glazbene-skole-ljubuski-u-crkvi-svete-kate\\\/#primaryimage\"},\"image\":{\"@id\":\"https:\\\/\\\/radioljubuski.ba\\\/index.php\\\/2025\\\/12\\\/10\\\/odrzan-adventski-koncert-glazbene-skole-ljubuski-u-crkvi-svete-kate\\\/#primaryimage\"},\"thumbnailUrl\":\"https:\\\/\\\/radioljubuski.ba\\\/wp-content\\\/uploads\\\/2025\\\/12\\\/77ff78a1-b3f5-4991-9b8c-8339d4a34a25-1.jpg\",\"datePublished\":\"2025-12-10T07:49:27+00:00\",\"dateModified\":\"2025-12-10T12:31:35+00:00\",\"breadcrumb\":{\"@id\":\"https:\\\/\\\/radioljubuski.ba\\\/index.php\\\/2025\\\/12\\\/10\\\/odrzan-adventski-koncert-glazbene-skole-ljubuski-u-crkvi-svete-kate\\\/#breadcrumb\"},\"inLanguage\":\"hr\",\"potentialAction\":[{\"@type\":\"ReadAction\",\"target\":[\"https:\\\/\\\/radioljubuski.ba\\\/index.php\\\/2025\\\/12\\\/10\\\/odrzan-adventski-koncert-glazbene-skole-ljubuski-u-crkvi-svete-kate\\\/\"]}]},{\"@type\":\"ImageObject\",\"inLanguage\":\"hr\",\"@id\":\"https:\\\/\\\/radioljubuski.ba\\\/index.php\\\/2025\\\/12\\\/10\\\/odrzan-adventski-koncert-glazbene-skole-ljubuski-u-crkvi-svete-kate\\\/#primaryimage\",\"url\":\"https:\\\/\\\/radioljubuski.ba\\\/wp-content\\\/uploads\\\/2025\\\/12\\\/77ff78a1-b3f5-4991-9b8c-8339d4a34a25-1.jpg\",\"contentUrl\":\"https:\\\/\\\/radioljubuski.ba\\\/wp-content\\\/uploads\\\/2025\\\/12\\\/77ff78a1-b3f5-4991-9b8c-8339d4a34a25-1.jpg\",\"width\":1600,\"height\":900},{\"@type\":\"BreadcrumbList\",\"@id\":\"https:\\\/\\\/radioljubuski.ba\\\/index.php\\\/2025\\\/12\\\/10\\\/odrzan-adventski-koncert-glazbene-skole-ljubuski-u-crkvi-svete-kate\\\/#breadcrumb\",\"itemListElement\":[{\"@type\":\"ListItem\",\"position\":1,\"name\":\"Po\u010detna stranica\",\"item\":\"https:\\\/\\\/radioljubuski.ba\\\/\"},{\"@type\":\"ListItem\",\"position\":2,\"name\":\"Odr\u017ean Adventski koncert Glazbene \u0161kole Ljubu\u0161ki u crkvi svete Kate\"}]},{\"@type\":\"WebSite\",\"@id\":\"https:\\\/\\\/radioljubuski.ba\\\/#website\",\"url\":\"https:\\\/\\\/radioljubuski.ba\\\/\",\"name\":\"Radio Ljubu\u0161ki\",\"description\":\"Sun\u010dana frekvencija Hercegovine\",\"publisher\":{\"@id\":\"https:\\\/\\\/radioljubuski.ba\\\/#organization\"},\"potentialAction\":[{\"@type\":\"SearchAction\",\"target\":{\"@type\":\"EntryPoint\",\"urlTemplate\":\"https:\\\/\\\/radioljubuski.ba\\\/?s={search_term_string}\"},\"query-input\":{\"@type\":\"PropertyValueSpecification\",\"valueRequired\":true,\"valueName\":\"search_term_string\"}}],\"inLanguage\":\"hr\"},{\"@type\":\"Organization\",\"@id\":\"https:\\\/\\\/radioljubuski.ba\\\/#organization\",\"name\":\"Radio Ljubu\u0161ki\",\"url\":\"https:\\\/\\\/radioljubuski.ba\\\/\",\"logo\":{\"@type\":\"ImageObject\",\"inLanguage\":\"hr\",\"@id\":\"https:\\\/\\\/radioljubuski.ba\\\/#\\\/schema\\\/logo\\\/image\\\/\",\"url\":\"https:\\\/\\\/radioljubuski.ba\\\/wp-content\\\/uploads\\\/2021\\\/02\\\/cropped-Radio_Ljubuski_logo1.jpg\",\"contentUrl\":\"https:\\\/\\\/radioljubuski.ba\\\/wp-content\\\/uploads\\\/2021\\\/02\\\/cropped-Radio_Ljubuski_logo1.jpg\",\"width\":512,\"height\":512,\"caption\":\"Radio Ljubu\u0161ki\"},\"image\":{\"@id\":\"https:\\\/\\\/radioljubuski.ba\\\/#\\\/schema\\\/logo\\\/image\\\/\"},\"sameAs\":[\"https:\\\/\\\/www.facebook.com\\\/Radiio-Ljubuski-1490835324566332\",\"https:\\\/\\\/x.com\\\/radioljubuski\",\"https:\\\/\\\/hr.linkedin.com\\\/company\\\/radio-ljubuski\",\"https:\\\/\\\/www.youtube.com\\\/channel\\\/UCHYaeO_n0Db3tjNGudGpXyw\"]},{\"@type\":\"Person\",\"@id\":\"https:\\\/\\\/radioljubuski.ba\\\/#\\\/schema\\\/person\\\/19fc700381a780f69665d7956c469e3b\",\"name\":\"Radio Ljubu\u0161ki\"}]}<\/script>\n<!-- \/ Yoast SEO plugin. -->","yoast_head_json":{"title":"Odr\u017ean Adventski koncert Glazbene \u0161kole Ljubu\u0161ki u crkvi svete Kate - RADIO LJUBU\u0160KI","robots":{"index":"index","follow":"follow","max-snippet":"max-snippet:-1","max-image-preview":"max-image-preview:large","max-video-preview":"max-video-preview:-1"},"canonical":"https:\/\/radioljubuski.ba\/index.php\/2025\/12\/10\/odrzan-adventski-koncert-glazbene-skole-ljubuski-u-crkvi-svete-kate\/","og_locale":"hr_HR","og_type":"article","og_title":"Odr\u017ean Adventski koncert Glazbene \u0161kole Ljubu\u0161ki u crkvi svete Kate - RADIO LJUBU\u0160KI","og_description":"U crkvi svete Kate u Ljubu\u0161kom sino\u0107 je odr\u017ean tradicionalni Adventski koncert Glazbene \u0161kole Ljubu\u0161ki, koji je okupio brojne posjetitelje i jo\u0161 jednom potvrdio visoku razinu rada u\u010denika i profesora ove \u0161kole. Ovogodi\u0161nji koncert bio je posebno bogat i programski pro\u0161iren, a u organizaciji puha\u010dkog odjela Glazbene \u0161kole Ljubu\u0161ki. Uz puha\u010de, nastupili su i orkestar, [&hellip;]","og_url":"https:\/\/radioljubuski.ba\/index.php\/2025\/12\/10\/odrzan-adventski-koncert-glazbene-skole-ljubuski-u-crkvi-svete-kate\/","og_site_name":"RADIO LJUBU\u0160KI","article_publisher":"https:\/\/www.facebook.com\/Radiio-Ljubuski-1490835324566332","article_published_time":"2025-12-10T07:49:27+00:00","article_modified_time":"2025-12-10T12:31:35+00:00","og_image":[{"width":1600,"height":900,"url":"https:\/\/radioljubuski.ba\/wp-content\/uploads\/2025\/12\/77ff78a1-b3f5-4991-9b8c-8339d4a34a25-1.jpg","type":"image\/jpeg"}],"author":"Radio Ljubu\u0161ki","twitter_card":"summary_large_image","twitter_creator":"@radioljubuski","twitter_site":"@radioljubuski","twitter_misc":{"Napisao\/la":"Radio Ljubu\u0161ki","Procijenjeno vrijeme \u010ditanja":"5 minuta"},"schema":{"@context":"https:\/\/schema.org","@graph":[{"@type":"Article","@id":"https:\/\/radioljubuski.ba\/index.php\/2025\/12\/10\/odrzan-adventski-koncert-glazbene-skole-ljubuski-u-crkvi-svete-kate\/#article","isPartOf":{"@id":"https:\/\/radioljubuski.ba\/index.php\/2025\/12\/10\/odrzan-adventski-koncert-glazbene-skole-ljubuski-u-crkvi-svete-kate\/"},"author":{"name":"Radio Ljubu\u0161ki","@id":"https:\/\/radioljubuski.ba\/#\/schema\/person\/19fc700381a780f69665d7956c469e3b"},"headline":"Odr\u017ean Adventski koncert Glazbene \u0161kole Ljubu\u0161ki u crkvi svete Kate","datePublished":"2025-12-10T07:49:27+00:00","dateModified":"2025-12-10T12:31:35+00:00","mainEntityOfPage":{"@id":"https:\/\/radioljubuski.ba\/index.php\/2025\/12\/10\/odrzan-adventski-koncert-glazbene-skole-ljubuski-u-crkvi-svete-kate\/"},"wordCount":393,"publisher":{"@id":"https:\/\/radioljubuski.ba\/#organization"},"image":{"@id":"https:\/\/radioljubuski.ba\/index.php\/2025\/12\/10\/odrzan-adventski-koncert-glazbene-skole-ljubuski-u-crkvi-svete-kate\/#primaryimage"},"thumbnailUrl":"https:\/\/radioljubuski.ba\/wp-content\/uploads\/2025\/12\/77ff78a1-b3f5-4991-9b8c-8339d4a34a25-1.jpg","articleSection":["Ljubu\u0161ki","Novosti"],"inLanguage":"hr"},{"@type":"WebPage","@id":"https:\/\/radioljubuski.ba\/index.php\/2025\/12\/10\/odrzan-adventski-koncert-glazbene-skole-ljubuski-u-crkvi-svete-kate\/","url":"https:\/\/radioljubuski.ba\/index.php\/2025\/12\/10\/odrzan-adventski-koncert-glazbene-skole-ljubuski-u-crkvi-svete-kate\/","name":"Odr\u017ean Adventski koncert Glazbene \u0161kole Ljubu\u0161ki u crkvi svete Kate - RADIO LJUBU\u0160KI","isPartOf":{"@id":"https:\/\/radioljubuski.ba\/#website"},"primaryImageOfPage":{"@id":"https:\/\/radioljubuski.ba\/index.php\/2025\/12\/10\/odrzan-adventski-koncert-glazbene-skole-ljubuski-u-crkvi-svete-kate\/#primaryimage"},"image":{"@id":"https:\/\/radioljubuski.ba\/index.php\/2025\/12\/10\/odrzan-adventski-koncert-glazbene-skole-ljubuski-u-crkvi-svete-kate\/#primaryimage"},"thumbnailUrl":"https:\/\/radioljubuski.ba\/wp-content\/uploads\/2025\/12\/77ff78a1-b3f5-4991-9b8c-8339d4a34a25-1.jpg","datePublished":"2025-12-10T07:49:27+00:00","dateModified":"2025-12-10T12:31:35+00:00","breadcrumb":{"@id":"https:\/\/radioljubuski.ba\/index.php\/2025\/12\/10\/odrzan-adventski-koncert-glazbene-skole-ljubuski-u-crkvi-svete-kate\/#breadcrumb"},"inLanguage":"hr","potentialAction":[{"@type":"ReadAction","target":["https:\/\/radioljubuski.ba\/index.php\/2025\/12\/10\/odrzan-adventski-koncert-glazbene-skole-ljubuski-u-crkvi-svete-kate\/"]}]},{"@type":"ImageObject","inLanguage":"hr","@id":"https:\/\/radioljubuski.ba\/index.php\/2025\/12\/10\/odrzan-adventski-koncert-glazbene-skole-ljubuski-u-crkvi-svete-kate\/#primaryimage","url":"https:\/\/radioljubuski.ba\/wp-content\/uploads\/2025\/12\/77ff78a1-b3f5-4991-9b8c-8339d4a34a25-1.jpg","contentUrl":"https:\/\/radioljubuski.ba\/wp-content\/uploads\/2025\/12\/77ff78a1-b3f5-4991-9b8c-8339d4a34a25-1.jpg","width":1600,"height":900},{"@type":"BreadcrumbList","@id":"https:\/\/radioljubuski.ba\/index.php\/2025\/12\/10\/odrzan-adventski-koncert-glazbene-skole-ljubuski-u-crkvi-svete-kate\/#breadcrumb","itemListElement":[{"@type":"ListItem","position":1,"name":"Po\u010detna stranica","item":"https:\/\/radioljubuski.ba\/"},{"@type":"ListItem","position":2,"name":"Odr\u017ean Adventski koncert Glazbene \u0161kole Ljubu\u0161ki u crkvi svete Kate"}]},{"@type":"WebSite","@id":"https:\/\/radioljubuski.ba\/#website","url":"https:\/\/radioljubuski.ba\/","name":"Radio Ljubu\u0161ki","description":"Sun\u010dana frekvencija Hercegovine","publisher":{"@id":"https:\/\/radioljubuski.ba\/#organization"},"potentialAction":[{"@type":"SearchAction","target":{"@type":"EntryPoint","urlTemplate":"https:\/\/radioljubuski.ba\/?s={search_term_string}"},"query-input":{"@type":"PropertyValueSpecification","valueRequired":true,"valueName":"search_term_string"}}],"inLanguage":"hr"},{"@type":"Organization","@id":"https:\/\/radioljubuski.ba\/#organization","name":"Radio Ljubu\u0161ki","url":"https:\/\/radioljubuski.ba\/","logo":{"@type":"ImageObject","inLanguage":"hr","@id":"https:\/\/radioljubuski.ba\/#\/schema\/logo\/image\/","url":"https:\/\/radioljubuski.ba\/wp-content\/uploads\/2021\/02\/cropped-Radio_Ljubuski_logo1.jpg","contentUrl":"https:\/\/radioljubuski.ba\/wp-content\/uploads\/2021\/02\/cropped-Radio_Ljubuski_logo1.jpg","width":512,"height":512,"caption":"Radio Ljubu\u0161ki"},"image":{"@id":"https:\/\/radioljubuski.ba\/#\/schema\/logo\/image\/"},"sameAs":["https:\/\/www.facebook.com\/Radiio-Ljubuski-1490835324566332","https:\/\/x.com\/radioljubuski","https:\/\/hr.linkedin.com\/company\/radio-ljubuski","https:\/\/www.youtube.com\/channel\/UCHYaeO_n0Db3tjNGudGpXyw"]},{"@type":"Person","@id":"https:\/\/radioljubuski.ba\/#\/schema\/person\/19fc700381a780f69665d7956c469e3b","name":"Radio Ljubu\u0161ki"}]}},"_links":{"self":[{"href":"https:\/\/radioljubuski.ba\/index.php\/wp-json\/wp\/v2\/posts\/223390","targetHints":{"allow":["GET"]}}],"collection":[{"href":"https:\/\/radioljubuski.ba\/index.php\/wp-json\/wp\/v2\/posts"}],"about":[{"href":"https:\/\/radioljubuski.ba\/index.php\/wp-json\/wp\/v2\/types\/post"}],"author":[{"embeddable":true,"href":"https:\/\/radioljubuski.ba\/index.php\/wp-json\/wp\/v2\/users\/2"}],"replies":[{"embeddable":true,"href":"https:\/\/radioljubuski.ba\/index.php\/wp-json\/wp\/v2\/comments?post=223390"}],"version-history":[{"count":2,"href":"https:\/\/radioljubuski.ba\/index.php\/wp-json\/wp\/v2\/posts\/223390\/revisions"}],"predecessor-version":[{"id":223411,"href":"https:\/\/radioljubuski.ba\/index.php\/wp-json\/wp\/v2\/posts\/223390\/revisions\/223411"}],"wp:featuredmedia":[{"embeddable":true,"href":"https:\/\/radioljubuski.ba\/index.php\/wp-json\/wp\/v2\/media\/223393"}],"wp:attachment":[{"href":"https:\/\/radioljubuski.ba\/index.php\/wp-json\/wp\/v2\/media?parent=223390"}],"wp:term":[{"taxonomy":"category","embeddable":true,"href":"https:\/\/radioljubuski.ba\/index.php\/wp-json\/wp\/v2\/categories?post=223390"},{"taxonomy":"post_tag","embeddable":true,"href":"https:\/\/radioljubuski.ba\/index.php\/wp-json\/wp\/v2\/tags?post=223390"}],"curies":[{"name":"wp","href":"https:\/\/api.w.org\/{rel}","templated":true}]}}