{"id":223454,"date":"2025-12-11T14:42:02","date_gmt":"2025-12-11T13:42:02","guid":{"rendered":"https:\/\/radioljubuski.ba\/?p=223454"},"modified":"2025-12-11T14:42:03","modified_gmt":"2025-12-11T13:42:03","slug":"izvidac-rutinski-do-bodova-protiv-oslabljene-dervente","status":"publish","type":"post","link":"https:\/\/radioljubuski.ba\/index.php\/2025\/12\/11\/izvidac-rutinski-do-bodova-protiv-oslabljene-dervente\/","title":{"rendered":"Izvi\u0111a\u010d rutinski do bodova protiv oslabljene Dervente"},"content":{"rendered":"\n<p>Rukometa\u0161i Izvi\u0111a\u010da Agrama u zaostaloj utakmici 9. kola Premijer lige odradili su rutinski posao protiv oslabljene mom\u010dadi RK Derventa, koja je na susret doputovala sa samo deset igra\u010da, me\u0111u kojima su bila i dvojica vratara.<\/p>\n\n\n\n<p>Treneri Izvi\u0111a\u010da,&nbsp;<strong>Ivan D\u017eoli\u0107<\/strong>&nbsp;i&nbsp;<strong>Milan Toli\u0107<\/strong>, za ovu utakmicu nisu koristili usluge vratara&nbsp;<strong>Milo\u0161a Kne\u017eevi\u0107a<\/strong>&nbsp;i lijevog vanjskog&nbsp;<strong>Mihaela Bebeka<\/strong>, dok su zbog ozljeda i bolesti nedostajali&nbsp;<strong>Milan Dedi\u0107<\/strong>,&nbsp;<strong>Luka Bubalo<\/strong>&nbsp;te&nbsp;<strong>Luka \u0160evi\u0107<\/strong>. Cilj susreta bio je odraditi utakmicu uz \u0161to manju potro\u0161nju energije, sa\u010duvati igra\u010de i pru\u017eiti priliku onima s manjom minuta\u017eom. U odnosu na pro\u0161li dvoboj protiv Gra\u010danice, priliku su dobili&nbsp;<strong>Danijel Stijovi\u0107<\/strong>,&nbsp;<strong>Andrija Joki\u0107<\/strong>&nbsp;i&nbsp;<strong>Patrik Dodig<\/strong>.<\/p>\n\n\n\n<hr class=\"wp-block-separator has-alpha-channel-opacity\"\/>\n\n\n\n<h2 class=\"wp-block-heading\">Tijek utakmice<\/h2>\n\n\n\n<p>Gosti su bolje otvorili susret i poveli 2:0 u 2. minuti. Izvi\u0111a\u010d ubrzo izjedna\u010duje na 4:4, a u 12. minuti dolazi do 11:7. Najve\u0107a prednost prvog dijela bila je +7 (19:12), nakon \u010dega se na odmor odlazi s&nbsp;<strong>21:15<\/strong>.<\/p>\n\n\n\n<p>U nastavku doma\u0107i odr\u017eavaju kontrolu rezultata. Derventa se pribli\u017eila na 26:22 u 42. minuti, no \u201cSkauti\u201d ubrzo podi\u017eu tempo i vra\u0107aju prednost na +7 (29:22). Utakmica zavr\u0161ava rezultatom&nbsp;<strong>38:29<\/strong>.<\/p>\n\n\n\n<p>Ova pobjeda u\u010dvrstila je Izvi\u0111a\u010d na vrhu ljestvice, s dva boda vi\u0161e od Sloge.<\/p>\n\n\n\n<hr class=\"wp-block-separator has-alpha-channel-opacity\"\/>\n\n\n\n<h2 class=\"wp-block-heading\">Najbolji pojedinci<\/h2>\n\n\n\n<h3 class=\"wp-block-heading\">Izvi\u0111a\u010d Agram<\/h3>\n\n\n\n<p><strong>&nbsp;MVP UTAKMICE<\/strong><br><strong>KERIM SEMI\u0106<\/strong><\/p>\n\n\n\n<ul class=\"wp-block-list\">\n<li><strong>Kerim Semi\u0107<\/strong>\u00a0\u2013 8<\/li>\n\n\n\n<li><strong>Kristijan Kati\u0107<\/strong>\u00a0\u2013 5<\/li>\n\n\n\n<li><strong>Petar Grbavac<\/strong>\u00a0\u2013 4<\/li>\n\n\n\n<li>Lukenda, Odak, \u0160imi\u0107, Mi\u0161eti\u0107, Stijovi\u0107 \u2013 po 3<\/li>\n<\/ul>\n\n\n\n<h3 class=\"wp-block-heading\">RK Derventa<\/h3>\n\n\n\n<ul class=\"wp-block-list\">\n<li><strong>Milenko Ro\u017ei\u0107<\/strong>\u00a0\u2013 14<\/li>\n\n\n\n<li><strong>Milo\u0161 Maksimovi\u0107<\/strong>\u00a0\u2013 4<\/li>\n\n\n\n<li>Peki\u0107, Stupi\u0107 \u2013 po 3<\/li>\n<\/ul>\n\n\n\n<hr class=\"wp-block-separator has-alpha-channel-opacity\"\/>\n\n\n\n<h2 class=\"wp-block-heading\">Najava sljede\u0107e utakmice<\/h2>\n\n\n\n<p>U subotu,&nbsp;<strong>13. prosinca 2025.<\/strong>, Izvi\u0111a\u010d igra zaostalu utakmicu 12. kola protiv&nbsp;<strong>RK Bosne Ekoenergija Visoko<\/strong>. Utakmica po\u010dinje u&nbsp;<strong>18:00<\/strong>&nbsp;u Gradskoj \u0161portskoj dvorani u Ljubu\u0161kom.<\/p>\n\n\n\n<hr class=\"wp-block-separator has-alpha-channel-opacity\"\/>\n\n\n\n<h3 class=\"wp-block-heading\">Ukupni rezultat<\/h3>\n\n\n\n<figure class=\"wp-block-table\"><table class=\"has-fixed-layout\"><tbody><tr><th class=\"has-text-align-left\" data-align=\"left\">Tim<\/th><th class=\"has-text-align-center\" data-align=\"center\">Golovi<\/th><th class=\"has-text-align-center\" data-align=\"center\">Poluvrijeme<\/th><\/tr><tr><td class=\"has-text-align-left\" data-align=\"left\"><strong>RK Izvi\u0111a\u010d Agram<\/strong><\/td><td class=\"has-text-align-center\" data-align=\"center\"><strong>38<\/strong><\/td><td class=\"has-text-align-center\" data-align=\"center\">21<\/td><\/tr><tr><td class=\"has-text-align-left\" data-align=\"left\"><strong>RK Derventa<\/strong><\/td><td class=\"has-text-align-center\" data-align=\"center\">29<\/td><td class=\"has-text-align-center\" data-align=\"center\">15<\/td><\/tr><\/tbody><\/table><\/figure>\n\n\n\n<hr class=\"wp-block-separator has-alpha-channel-opacity\"\/>\n\n\n\n<h3 class=\"wp-block-heading\">Premijer liga BiH, sezona 2025.\/2026., 9. kolo<\/h3>\n\n\n\n<p><strong>Ljubu\u0161ki, 10.12.2025. u 18:00 sati<\/strong><\/p>\n\n\n\n<p><strong>RK Izvi\u0111a\u010d Agram \u2013 RK Derventa 38:29 (21:15)<\/strong><br>Gradska dvorana Ljubu\u0161ki, 200 gledatelja.<br>Suci: Damir Kani\u0107 (Tuzli\u0107) i Jasenko Omerefendi\u0107 (\u017divinice).<br>Nadzornik: Goran Su\u0161i\u0107 (\u010capljina).<\/p>\n\n\n\n<hr class=\"wp-block-separator has-alpha-channel-opacity\"\/>\n\n\n\n<h3 class=\"wp-block-heading\">RK Izvi\u0111a\u010d Agram<\/h3>\n\n\n\n<figure class=\"wp-block-table\"><table class=\"has-fixed-layout\"><tbody><tr><th class=\"has-text-align-left\" data-align=\"left\">Vratari<\/th><th class=\"has-text-align-left\" data-align=\"left\">Igra\u010di<\/th><\/tr><tr><td class=\"has-text-align-left\" data-align=\"left\">Alihod\u017ei\u0107 (6 obr., 1 sed.), \u010culjak (6 obr., 1 sed.)<\/td><td class=\"has-text-align-left\" data-align=\"left\">Lukenda 3, Odak 3, \u0160ahinovi\u0107 1, D\u017eelilovi\u0107 1, \u0160imi\u0107 3, Mi\u0161eti\u0107 3\/3, Stijovi\u0107 3, \u0106e\u0161ko 1, Semi\u0107 8, Grbavac 4, Lasi\u0107 1, Dodig 1,<br>Joki\u0107 2, Kati\u0107 5<\/td><\/tr><\/tbody><\/table><\/figure>\n\n\n\n<h3 class=\"wp-block-heading\">RK Derventa<\/h3>\n\n\n\n<figure class=\"wp-block-table\"><table class=\"has-fixed-layout\"><tbody><tr><th class=\"has-text-align-left\" data-align=\"left\">Vratar<\/th><th class=\"has-text-align-left\" data-align=\"left\">Igra\u010di<\/th><\/tr><tr><td class=\"has-text-align-left\" data-align=\"left\">Sopko (10 obr.)<\/td><td class=\"has-text-align-left\" data-align=\"left\">Bi\u017ei\u0107, Sibin\u010di\u0107 2, Milinkovi\u0107 2, Peki\u0107 3, Stupi\u0107 3, Maksimovi\u0107 4, Savi\u0107, Ro\u017ei\u0107 14, Kosi\u0107 1<\/td><\/tr><\/tbody><\/table><\/figure>\n\n\n\n<hr class=\"wp-block-separator has-alpha-channel-opacity\"\/>\n\n\n\n<h2 class=\"wp-block-heading\">Sedmerci i isklju\u010denja<\/h2>\n\n\n\n<figure class=\"wp-block-table\"><table class=\"has-fixed-layout\"><tbody><tr><th class=\"has-text-align-left\" data-align=\"left\">Kategorija<\/th><th class=\"has-text-align-center\" data-align=\"center\">Izvi\u0111a\u010d<\/th><th class=\"has-text-align-center\" data-align=\"center\">Derventa<\/th><\/tr><tr><td class=\"has-text-align-left\" data-align=\"left\">Sedmerci<\/td><td class=\"has-text-align-center\" data-align=\"center\">3\/3<\/td><td class=\"has-text-align-center\" data-align=\"center\">4\/2<\/td><\/tr><tr><td class=\"has-text-align-left\" data-align=\"left\">Isklju\u010denja<\/td><td class=\"has-text-align-center\" data-align=\"center\">6 min<\/td><td class=\"has-text-align-center\" data-align=\"center\">2 min<\/td><\/tr><\/tbody><\/table><\/figure>\n\n\n\n<p>Izvor:izvidjac.com<\/p>\n\n\n\n<p>Radio Ljubu\u0161ki<\/p>\n\n\n\n<p><\/p>\n","protected":false},"excerpt":{"rendered":"<p>Rukometa\u0161i Izvi\u0111a\u010da Agrama u zaostaloj utakmici 9. kola Premijer lige odradili su rutinski posao protiv oslabljene mom\u010dadi RK Derventa, koja je na susret doputovala sa samo deset igra\u010da, me\u0111u kojima su bila i dvojica vratara. Treneri Izvi\u0111a\u010da,&nbsp;Ivan D\u017eoli\u0107&nbsp;i&nbsp;Milan Toli\u0107, za ovu utakmicu nisu koristili usluge vratara&nbsp;Milo\u0161a Kne\u017eevi\u0107a&nbsp;i lijevog vanjskog&nbsp;Mihaela Bebeka, dok su zbog ozljeda i [&hellip;]<\/p>\n","protected":false},"author":2,"featured_media":223455,"comment_status":"closed","ping_status":"closed","sticky":false,"template":"","format":"standard","meta":{"h5ap_radio_sources":[],"footnotes":""},"categories":[3,7],"tags":[],"class_list":["post-223454","post","type-post","status-publish","format-standard","has-post-thumbnail","hentry","category-ljubuski","category-sport"],"yoast_head":"<!-- This site is optimized with the Yoast SEO plugin v27.5 - https:\/\/yoast.com\/product\/yoast-seo-wordpress\/ -->\n<title>Izvi\u0111a\u010d rutinski do bodova protiv oslabljene Dervente - RADIO LJUBU\u0160KI<\/title>\n<meta name=\"robots\" content=\"index, follow, max-snippet:-1, max-image-preview:large, max-video-preview:-1\" \/>\n<link rel=\"canonical\" href=\"https:\/\/radioljubuski.ba\/index.php\/2025\/12\/11\/izvidac-rutinski-do-bodova-protiv-oslabljene-dervente\/\" \/>\n<meta property=\"og:locale\" content=\"hr_HR\" \/>\n<meta property=\"og:type\" content=\"article\" \/>\n<meta property=\"og:title\" content=\"Izvi\u0111a\u010d rutinski do bodova protiv oslabljene Dervente - RADIO LJUBU\u0160KI\" \/>\n<meta property=\"og:description\" content=\"Rukometa\u0161i Izvi\u0111a\u010da Agrama u zaostaloj utakmici 9. kola Premijer lige odradili su rutinski posao protiv oslabljene mom\u010dadi RK Derventa, koja je na susret doputovala sa samo deset igra\u010da, me\u0111u kojima su bila i dvojica vratara. Treneri Izvi\u0111a\u010da,&nbsp;Ivan D\u017eoli\u0107&nbsp;i&nbsp;Milan Toli\u0107, za ovu utakmicu nisu koristili usluge vratara&nbsp;Milo\u0161a Kne\u017eevi\u0107a&nbsp;i lijevog vanjskog&nbsp;Mihaela Bebeka, dok su zbog ozljeda i [&hellip;]\" \/>\n<meta property=\"og:url\" content=\"https:\/\/radioljubuski.ba\/index.php\/2025\/12\/11\/izvidac-rutinski-do-bodova-protiv-oslabljene-dervente\/\" \/>\n<meta property=\"og:site_name\" content=\"RADIO LJUBU\u0160KI\" \/>\n<meta property=\"article:publisher\" content=\"https:\/\/www.facebook.com\/Radiio-Ljubuski-1490835324566332\" \/>\n<meta property=\"article:published_time\" content=\"2025-12-11T13:42:02+00:00\" \/>\n<meta property=\"article:modified_time\" content=\"2025-12-11T13:42:03+00:00\" \/>\n<meta property=\"og:image\" content=\"https:\/\/radioljubuski.ba\/wp-content\/uploads\/2025\/12\/izvidac-derventa-1-1024x654-1.jpg\" \/>\n\t<meta property=\"og:image:width\" content=\"1024\" \/>\n\t<meta property=\"og:image:height\" content=\"654\" \/>\n\t<meta property=\"og:image:type\" content=\"image\/jpeg\" \/>\n<meta name=\"author\" content=\"Radio Ljubu\u0161ki\" \/>\n<meta name=\"twitter:card\" content=\"summary_large_image\" \/>\n<meta name=\"twitter:creator\" content=\"@radioljubuski\" \/>\n<meta name=\"twitter:site\" content=\"@radioljubuski\" \/>\n<meta name=\"twitter:label1\" content=\"Napisao\/la\" \/>\n\t<meta name=\"twitter:data1\" content=\"Radio Ljubu\u0161ki\" \/>\n\t<meta name=\"twitter:label2\" content=\"Procijenjeno vrijeme \u010ditanja\" \/>\n\t<meta name=\"twitter:data2\" content=\"3 minute\" \/>\n<script type=\"application\/ld+json\" class=\"yoast-schema-graph\">{\"@context\":\"https:\\\/\\\/schema.org\",\"@graph\":[{\"@type\":\"Article\",\"@id\":\"https:\\\/\\\/radioljubuski.ba\\\/index.php\\\/2025\\\/12\\\/11\\\/izvidac-rutinski-do-bodova-protiv-oslabljene-dervente\\\/#article\",\"isPartOf\":{\"@id\":\"https:\\\/\\\/radioljubuski.ba\\\/index.php\\\/2025\\\/12\\\/11\\\/izvidac-rutinski-do-bodova-protiv-oslabljene-dervente\\\/\"},\"author\":{\"name\":\"Radio Ljubu\u0161ki\",\"@id\":\"https:\\\/\\\/radioljubuski.ba\\\/#\\\/schema\\\/person\\\/19fc700381a780f69665d7956c469e3b\"},\"headline\":\"Izvi\u0111a\u010d rutinski do bodova protiv oslabljene Dervente\",\"datePublished\":\"2025-12-11T13:42:02+00:00\",\"dateModified\":\"2025-12-11T13:42:03+00:00\",\"mainEntityOfPage\":{\"@id\":\"https:\\\/\\\/radioljubuski.ba\\\/index.php\\\/2025\\\/12\\\/11\\\/izvidac-rutinski-do-bodova-protiv-oslabljene-dervente\\\/\"},\"wordCount\":411,\"publisher\":{\"@id\":\"https:\\\/\\\/radioljubuski.ba\\\/#organization\"},\"image\":{\"@id\":\"https:\\\/\\\/radioljubuski.ba\\\/index.php\\\/2025\\\/12\\\/11\\\/izvidac-rutinski-do-bodova-protiv-oslabljene-dervente\\\/#primaryimage\"},\"thumbnailUrl\":\"https:\\\/\\\/radioljubuski.ba\\\/wp-content\\\/uploads\\\/2025\\\/12\\\/izvidac-derventa-1-1024x654-1.jpg\",\"articleSection\":[\"Ljubu\u0161ki\",\"\u0160port\"],\"inLanguage\":\"hr\"},{\"@type\":\"WebPage\",\"@id\":\"https:\\\/\\\/radioljubuski.ba\\\/index.php\\\/2025\\\/12\\\/11\\\/izvidac-rutinski-do-bodova-protiv-oslabljene-dervente\\\/\",\"url\":\"https:\\\/\\\/radioljubuski.ba\\\/index.php\\\/2025\\\/12\\\/11\\\/izvidac-rutinski-do-bodova-protiv-oslabljene-dervente\\\/\",\"name\":\"Izvi\u0111a\u010d rutinski do bodova protiv oslabljene Dervente - RADIO LJUBU\u0160KI\",\"isPartOf\":{\"@id\":\"https:\\\/\\\/radioljubuski.ba\\\/#website\"},\"primaryImageOfPage\":{\"@id\":\"https:\\\/\\\/radioljubuski.ba\\\/index.php\\\/2025\\\/12\\\/11\\\/izvidac-rutinski-do-bodova-protiv-oslabljene-dervente\\\/#primaryimage\"},\"image\":{\"@id\":\"https:\\\/\\\/radioljubuski.ba\\\/index.php\\\/2025\\\/12\\\/11\\\/izvidac-rutinski-do-bodova-protiv-oslabljene-dervente\\\/#primaryimage\"},\"thumbnailUrl\":\"https:\\\/\\\/radioljubuski.ba\\\/wp-content\\\/uploads\\\/2025\\\/12\\\/izvidac-derventa-1-1024x654-1.jpg\",\"datePublished\":\"2025-12-11T13:42:02+00:00\",\"dateModified\":\"2025-12-11T13:42:03+00:00\",\"breadcrumb\":{\"@id\":\"https:\\\/\\\/radioljubuski.ba\\\/index.php\\\/2025\\\/12\\\/11\\\/izvidac-rutinski-do-bodova-protiv-oslabljene-dervente\\\/#breadcrumb\"},\"inLanguage\":\"hr\",\"potentialAction\":[{\"@type\":\"ReadAction\",\"target\":[\"https:\\\/\\\/radioljubuski.ba\\\/index.php\\\/2025\\\/12\\\/11\\\/izvidac-rutinski-do-bodova-protiv-oslabljene-dervente\\\/\"]}]},{\"@type\":\"ImageObject\",\"inLanguage\":\"hr\",\"@id\":\"https:\\\/\\\/radioljubuski.ba\\\/index.php\\\/2025\\\/12\\\/11\\\/izvidac-rutinski-do-bodova-protiv-oslabljene-dervente\\\/#primaryimage\",\"url\":\"https:\\\/\\\/radioljubuski.ba\\\/wp-content\\\/uploads\\\/2025\\\/12\\\/izvidac-derventa-1-1024x654-1.jpg\",\"contentUrl\":\"https:\\\/\\\/radioljubuski.ba\\\/wp-content\\\/uploads\\\/2025\\\/12\\\/izvidac-derventa-1-1024x654-1.jpg\",\"width\":1024,\"height\":654},{\"@type\":\"BreadcrumbList\",\"@id\":\"https:\\\/\\\/radioljubuski.ba\\\/index.php\\\/2025\\\/12\\\/11\\\/izvidac-rutinski-do-bodova-protiv-oslabljene-dervente\\\/#breadcrumb\",\"itemListElement\":[{\"@type\":\"ListItem\",\"position\":1,\"name\":\"Po\u010detna stranica\",\"item\":\"https:\\\/\\\/radioljubuski.ba\\\/\"},{\"@type\":\"ListItem\",\"position\":2,\"name\":\"Izvi\u0111a\u010d rutinski do bodova protiv oslabljene Dervente\"}]},{\"@type\":\"WebSite\",\"@id\":\"https:\\\/\\\/radioljubuski.ba\\\/#website\",\"url\":\"https:\\\/\\\/radioljubuski.ba\\\/\",\"name\":\"Radio Ljubu\u0161ki\",\"description\":\"Sun\u010dana frekvencija Hercegovine\",\"publisher\":{\"@id\":\"https:\\\/\\\/radioljubuski.ba\\\/#organization\"},\"potentialAction\":[{\"@type\":\"SearchAction\",\"target\":{\"@type\":\"EntryPoint\",\"urlTemplate\":\"https:\\\/\\\/radioljubuski.ba\\\/?s={search_term_string}\"},\"query-input\":{\"@type\":\"PropertyValueSpecification\",\"valueRequired\":true,\"valueName\":\"search_term_string\"}}],\"inLanguage\":\"hr\"},{\"@type\":\"Organization\",\"@id\":\"https:\\\/\\\/radioljubuski.ba\\\/#organization\",\"name\":\"Radio Ljubu\u0161ki\",\"url\":\"https:\\\/\\\/radioljubuski.ba\\\/\",\"logo\":{\"@type\":\"ImageObject\",\"inLanguage\":\"hr\",\"@id\":\"https:\\\/\\\/radioljubuski.ba\\\/#\\\/schema\\\/logo\\\/image\\\/\",\"url\":\"https:\\\/\\\/radioljubuski.ba\\\/wp-content\\\/uploads\\\/2021\\\/02\\\/cropped-Radio_Ljubuski_logo1.jpg\",\"contentUrl\":\"https:\\\/\\\/radioljubuski.ba\\\/wp-content\\\/uploads\\\/2021\\\/02\\\/cropped-Radio_Ljubuski_logo1.jpg\",\"width\":512,\"height\":512,\"caption\":\"Radio Ljubu\u0161ki\"},\"image\":{\"@id\":\"https:\\\/\\\/radioljubuski.ba\\\/#\\\/schema\\\/logo\\\/image\\\/\"},\"sameAs\":[\"https:\\\/\\\/www.facebook.com\\\/Radiio-Ljubuski-1490835324566332\",\"https:\\\/\\\/x.com\\\/radioljubuski\",\"https:\\\/\\\/hr.linkedin.com\\\/company\\\/radio-ljubuski\",\"https:\\\/\\\/www.youtube.com\\\/channel\\\/UCHYaeO_n0Db3tjNGudGpXyw\"]},{\"@type\":\"Person\",\"@id\":\"https:\\\/\\\/radioljubuski.ba\\\/#\\\/schema\\\/person\\\/19fc700381a780f69665d7956c469e3b\",\"name\":\"Radio Ljubu\u0161ki\"}]}<\/script>\n<!-- \/ Yoast SEO plugin. -->","yoast_head_json":{"title":"Izvi\u0111a\u010d rutinski do bodova protiv oslabljene Dervente - RADIO LJUBU\u0160KI","robots":{"index":"index","follow":"follow","max-snippet":"max-snippet:-1","max-image-preview":"max-image-preview:large","max-video-preview":"max-video-preview:-1"},"canonical":"https:\/\/radioljubuski.ba\/index.php\/2025\/12\/11\/izvidac-rutinski-do-bodova-protiv-oslabljene-dervente\/","og_locale":"hr_HR","og_type":"article","og_title":"Izvi\u0111a\u010d rutinski do bodova protiv oslabljene Dervente - RADIO LJUBU\u0160KI","og_description":"Rukometa\u0161i Izvi\u0111a\u010da Agrama u zaostaloj utakmici 9. kola Premijer lige odradili su rutinski posao protiv oslabljene mom\u010dadi RK Derventa, koja je na susret doputovala sa samo deset igra\u010da, me\u0111u kojima su bila i dvojica vratara. Treneri Izvi\u0111a\u010da,&nbsp;Ivan D\u017eoli\u0107&nbsp;i&nbsp;Milan Toli\u0107, za ovu utakmicu nisu koristili usluge vratara&nbsp;Milo\u0161a Kne\u017eevi\u0107a&nbsp;i lijevog vanjskog&nbsp;Mihaela Bebeka, dok su zbog ozljeda i [&hellip;]","og_url":"https:\/\/radioljubuski.ba\/index.php\/2025\/12\/11\/izvidac-rutinski-do-bodova-protiv-oslabljene-dervente\/","og_site_name":"RADIO LJUBU\u0160KI","article_publisher":"https:\/\/www.facebook.com\/Radiio-Ljubuski-1490835324566332","article_published_time":"2025-12-11T13:42:02+00:00","article_modified_time":"2025-12-11T13:42:03+00:00","og_image":[{"width":1024,"height":654,"url":"https:\/\/radioljubuski.ba\/wp-content\/uploads\/2025\/12\/izvidac-derventa-1-1024x654-1.jpg","type":"image\/jpeg"}],"author":"Radio Ljubu\u0161ki","twitter_card":"summary_large_image","twitter_creator":"@radioljubuski","twitter_site":"@radioljubuski","twitter_misc":{"Napisao\/la":"Radio Ljubu\u0161ki","Procijenjeno vrijeme \u010ditanja":"3 minute"},"schema":{"@context":"https:\/\/schema.org","@graph":[{"@type":"Article","@id":"https:\/\/radioljubuski.ba\/index.php\/2025\/12\/11\/izvidac-rutinski-do-bodova-protiv-oslabljene-dervente\/#article","isPartOf":{"@id":"https:\/\/radioljubuski.ba\/index.php\/2025\/12\/11\/izvidac-rutinski-do-bodova-protiv-oslabljene-dervente\/"},"author":{"name":"Radio Ljubu\u0161ki","@id":"https:\/\/radioljubuski.ba\/#\/schema\/person\/19fc700381a780f69665d7956c469e3b"},"headline":"Izvi\u0111a\u010d rutinski do bodova protiv oslabljene Dervente","datePublished":"2025-12-11T13:42:02+00:00","dateModified":"2025-12-11T13:42:03+00:00","mainEntityOfPage":{"@id":"https:\/\/radioljubuski.ba\/index.php\/2025\/12\/11\/izvidac-rutinski-do-bodova-protiv-oslabljene-dervente\/"},"wordCount":411,"publisher":{"@id":"https:\/\/radioljubuski.ba\/#organization"},"image":{"@id":"https:\/\/radioljubuski.ba\/index.php\/2025\/12\/11\/izvidac-rutinski-do-bodova-protiv-oslabljene-dervente\/#primaryimage"},"thumbnailUrl":"https:\/\/radioljubuski.ba\/wp-content\/uploads\/2025\/12\/izvidac-derventa-1-1024x654-1.jpg","articleSection":["Ljubu\u0161ki","\u0160port"],"inLanguage":"hr"},{"@type":"WebPage","@id":"https:\/\/radioljubuski.ba\/index.php\/2025\/12\/11\/izvidac-rutinski-do-bodova-protiv-oslabljene-dervente\/","url":"https:\/\/radioljubuski.ba\/index.php\/2025\/12\/11\/izvidac-rutinski-do-bodova-protiv-oslabljene-dervente\/","name":"Izvi\u0111a\u010d rutinski do bodova protiv oslabljene Dervente - RADIO LJUBU\u0160KI","isPartOf":{"@id":"https:\/\/radioljubuski.ba\/#website"},"primaryImageOfPage":{"@id":"https:\/\/radioljubuski.ba\/index.php\/2025\/12\/11\/izvidac-rutinski-do-bodova-protiv-oslabljene-dervente\/#primaryimage"},"image":{"@id":"https:\/\/radioljubuski.ba\/index.php\/2025\/12\/11\/izvidac-rutinski-do-bodova-protiv-oslabljene-dervente\/#primaryimage"},"thumbnailUrl":"https:\/\/radioljubuski.ba\/wp-content\/uploads\/2025\/12\/izvidac-derventa-1-1024x654-1.jpg","datePublished":"2025-12-11T13:42:02+00:00","dateModified":"2025-12-11T13:42:03+00:00","breadcrumb":{"@id":"https:\/\/radioljubuski.ba\/index.php\/2025\/12\/11\/izvidac-rutinski-do-bodova-protiv-oslabljene-dervente\/#breadcrumb"},"inLanguage":"hr","potentialAction":[{"@type":"ReadAction","target":["https:\/\/radioljubuski.ba\/index.php\/2025\/12\/11\/izvidac-rutinski-do-bodova-protiv-oslabljene-dervente\/"]}]},{"@type":"ImageObject","inLanguage":"hr","@id":"https:\/\/radioljubuski.ba\/index.php\/2025\/12\/11\/izvidac-rutinski-do-bodova-protiv-oslabljene-dervente\/#primaryimage","url":"https:\/\/radioljubuski.ba\/wp-content\/uploads\/2025\/12\/izvidac-derventa-1-1024x654-1.jpg","contentUrl":"https:\/\/radioljubuski.ba\/wp-content\/uploads\/2025\/12\/izvidac-derventa-1-1024x654-1.jpg","width":1024,"height":654},{"@type":"BreadcrumbList","@id":"https:\/\/radioljubuski.ba\/index.php\/2025\/12\/11\/izvidac-rutinski-do-bodova-protiv-oslabljene-dervente\/#breadcrumb","itemListElement":[{"@type":"ListItem","position":1,"name":"Po\u010detna stranica","item":"https:\/\/radioljubuski.ba\/"},{"@type":"ListItem","position":2,"name":"Izvi\u0111a\u010d rutinski do bodova protiv oslabljene Dervente"}]},{"@type":"WebSite","@id":"https:\/\/radioljubuski.ba\/#website","url":"https:\/\/radioljubuski.ba\/","name":"Radio Ljubu\u0161ki","description":"Sun\u010dana frekvencija Hercegovine","publisher":{"@id":"https:\/\/radioljubuski.ba\/#organization"},"potentialAction":[{"@type":"SearchAction","target":{"@type":"EntryPoint","urlTemplate":"https:\/\/radioljubuski.ba\/?s={search_term_string}"},"query-input":{"@type":"PropertyValueSpecification","valueRequired":true,"valueName":"search_term_string"}}],"inLanguage":"hr"},{"@type":"Organization","@id":"https:\/\/radioljubuski.ba\/#organization","name":"Radio Ljubu\u0161ki","url":"https:\/\/radioljubuski.ba\/","logo":{"@type":"ImageObject","inLanguage":"hr","@id":"https:\/\/radioljubuski.ba\/#\/schema\/logo\/image\/","url":"https:\/\/radioljubuski.ba\/wp-content\/uploads\/2021\/02\/cropped-Radio_Ljubuski_logo1.jpg","contentUrl":"https:\/\/radioljubuski.ba\/wp-content\/uploads\/2021\/02\/cropped-Radio_Ljubuski_logo1.jpg","width":512,"height":512,"caption":"Radio Ljubu\u0161ki"},"image":{"@id":"https:\/\/radioljubuski.ba\/#\/schema\/logo\/image\/"},"sameAs":["https:\/\/www.facebook.com\/Radiio-Ljubuski-1490835324566332","https:\/\/x.com\/radioljubuski","https:\/\/hr.linkedin.com\/company\/radio-ljubuski","https:\/\/www.youtube.com\/channel\/UCHYaeO_n0Db3tjNGudGpXyw"]},{"@type":"Person","@id":"https:\/\/radioljubuski.ba\/#\/schema\/person\/19fc700381a780f69665d7956c469e3b","name":"Radio Ljubu\u0161ki"}]}},"_links":{"self":[{"href":"https:\/\/radioljubuski.ba\/index.php\/wp-json\/wp\/v2\/posts\/223454","targetHints":{"allow":["GET"]}}],"collection":[{"href":"https:\/\/radioljubuski.ba\/index.php\/wp-json\/wp\/v2\/posts"}],"about":[{"href":"https:\/\/radioljubuski.ba\/index.php\/wp-json\/wp\/v2\/types\/post"}],"author":[{"embeddable":true,"href":"https:\/\/radioljubuski.ba\/index.php\/wp-json\/wp\/v2\/users\/2"}],"replies":[{"embeddable":true,"href":"https:\/\/radioljubuski.ba\/index.php\/wp-json\/wp\/v2\/comments?post=223454"}],"version-history":[{"count":1,"href":"https:\/\/radioljubuski.ba\/index.php\/wp-json\/wp\/v2\/posts\/223454\/revisions"}],"predecessor-version":[{"id":223456,"href":"https:\/\/radioljubuski.ba\/index.php\/wp-json\/wp\/v2\/posts\/223454\/revisions\/223456"}],"wp:featuredmedia":[{"embeddable":true,"href":"https:\/\/radioljubuski.ba\/index.php\/wp-json\/wp\/v2\/media\/223455"}],"wp:attachment":[{"href":"https:\/\/radioljubuski.ba\/index.php\/wp-json\/wp\/v2\/media?parent=223454"}],"wp:term":[{"taxonomy":"category","embeddable":true,"href":"https:\/\/radioljubuski.ba\/index.php\/wp-json\/wp\/v2\/categories?post=223454"},{"taxonomy":"post_tag","embeddable":true,"href":"https:\/\/radioljubuski.ba\/index.php\/wp-json\/wp\/v2\/tags?post=223454"}],"curies":[{"name":"wp","href":"https:\/\/api.w.org\/{rel}","templated":true}]}}