{"id":223459,"date":"2025-12-11T16:48:48","date_gmt":"2025-12-11T15:48:48","guid":{"rendered":"https:\/\/radioljubuski.ba\/?p=223459"},"modified":"2025-12-11T16:54:57","modified_gmt":"2025-12-11T15:54:57","slug":"zupa-vitina-radovi-na-obnovi-i-postavljanje-novog-sata","status":"publish","type":"post","link":"https:\/\/radioljubuski.ba\/index.php\/2025\/12\/11\/zupa-vitina-radovi-na-obnovi-i-postavljanje-novog-sata\/","title":{"rendered":"\u017dupa Vitina: Radovi na obnovi i postavljanje novog sata"},"content":{"rendered":"\n<h3 class=\"wp-block-heading\"><\/h3>\n\n\n\n<p>U \u017eupi Vitina u tijeku su zna\u010dajni radovi na \u017eupnoj crkvi <strong>svetog Pa\u0161kala Bajlonskog<\/strong>, izme\u0111u ostalih u tijeku su aktivnosti postavljanja novog sata na stoljetnom zvoniku. Ovaj sat imat \u0107e prakti\u010dnu ulogu u svakodnevnom \u017eivotu \u017eupljana kao podsjetnik na ritam liturgije i molitvenog \u017eivota \u017eupe.<\/p>\n\n\n<div class=\"wp-block-image\">\n<figure class=\"aligncenter size-large is-resized\"><img loading=\"lazy\" decoding=\"async\" width=\"864\" height=\"1024\" src=\"https:\/\/radioljubuski.ba\/wp-content\/uploads\/2025\/12\/IMG_20251211_162218-864x1024.jpg\" alt=\"\" class=\"wp-image-223460\" style=\"aspect-ratio:0.8437705998681608;width:623px;height:auto\" srcset=\"https:\/\/radioljubuski.ba\/wp-content\/uploads\/2025\/12\/IMG_20251211_162218-864x1024.jpg 864w, https:\/\/radioljubuski.ba\/wp-content\/uploads\/2025\/12\/IMG_20251211_162218-253x300.jpg 253w, https:\/\/radioljubuski.ba\/wp-content\/uploads\/2025\/12\/IMG_20251211_162218-768x910.jpg 768w, https:\/\/radioljubuski.ba\/wp-content\/uploads\/2025\/12\/IMG_20251211_162218-10x12.jpg 10w, https:\/\/radioljubuski.ba\/wp-content\/uploads\/2025\/12\/IMG_20251211_162218.jpg 1080w\" sizes=\"auto, (max-width: 864px) 100vw, 864px\" \/><\/figure>\n<\/div>\n\n\n<p>\u017dupa Vitina osnovana je <strong>1895. godine<\/strong>, odvajanjem od \u017eupe Veljaci, od tada djeluje kao samostalna pastoralna zajednica s bogatom povije\u0161\u0107u i \u017eivom tradicijom. \u017dupna crkva posve\u0107ena svetom Pa\u0161kalu Bajlonskom gra\u0111ena je od <strong>1910. do 1914. godine<\/strong> pod vodstvom tada\u0161njeg \u017eupnika fra Pave \u0160imovi\u0107a, a kroz desetlje\u0107a je vi\u0161e puta obnavljana zbog o\u0161te\u0107enja i zahvata nu\u017enih za njezino o\u010duvanje.<\/p>\n\n\n\n<p>\u017dupa obuhva\u0107a naselja: <strong>Vitina, Proboj, Otok i Grabovnik<\/strong>, a vjerni\u010dka zajednica danas broji vi\u0161e od dvije tisu\u0107e \u017eupljana. Za\u0161titnik \u017eupe i crkve je <strong>sveti Pa\u0161kal Bajlonski<\/strong>, franjevac poznat po svojoj poniznosti i dubokoj pobo\u017enosti prema Presvetom Oltarskom Sakramentu. Njegov se blagdan tradicionalno sve\u010dano slavi procesijom i misnim slavljima koja okupljaju velik broj vjernika.<\/p>\n\n\n\n<figure class=\"wp-block-video\"><video height=\"640\" style=\"aspect-ratio: 480 \/ 640;\" width=\"480\" controls src=\"https:\/\/radioljubuski.ba\/wp-content\/uploads\/2025\/12\/VID-20251211-WA0002.mp4\"><\/video><\/figure>\n\n\n\n<p>Postavljanje novog sata na zvonik predstavlja va\u017ean korak u obnovi \u017eupne crkve a iz \u017eupe su poru\u010dili:<\/p>\n\n\n\n<p>&#8221; Bogu hvala na ovom povijesnom danu! Sat je vec u funkciji, na radost svih koji dolaze u crkvu i prolaze kroz Vitinu.<div>Zahvaljujemo svim \u017eupljanima na pomo\u0107i, radujemo se zavr\u0161etku radova koji \u0107e obogatiti svakodnevni i duhovni \u017eivot na\u0161e \u017eupe.&#8221;<\/div><\/p>\n\n\n\n<p>B.Medi\u0107<\/p>\n","protected":false},"excerpt":{"rendered":"<p>U \u017eupi Vitina u tijeku su zna\u010dajni radovi na \u017eupnoj crkvi svetog Pa\u0161kala Bajlonskog, izme\u0111u ostalih u tijeku su aktivnosti postavljanja novog sata na stoljetnom zvoniku. Ovaj sat imat \u0107e prakti\u010dnu ulogu u svakodnevnom \u017eivotu \u017eupljana kao podsjetnik na ritam liturgije i molitvenog \u017eivota \u017eupe. \u017dupa Vitina osnovana je 1895. godine, odvajanjem od \u017eupe Veljaci, [&hellip;]<\/p>\n","protected":false},"author":2,"featured_media":223463,"comment_status":"closed","ping_status":"closed","sticky":false,"template":"","format":"standard","meta":{"h5ap_radio_sources":[],"footnotes":""},"categories":[1,3,28],"tags":[],"class_list":["post-223459","post","type-post","status-publish","format-standard","has-post-thumbnail","hentry","category-bihiregija","category-ljubuski","category-novosti"],"yoast_head":"<!-- This site is optimized with the Yoast SEO plugin v27.5 - https:\/\/yoast.com\/product\/yoast-seo-wordpress\/ -->\n<title>\u017dupa Vitina: Radovi na obnovi i postavljanje novog sata - RADIO LJUBU\u0160KI<\/title>\n<meta name=\"robots\" content=\"index, follow, max-snippet:-1, max-image-preview:large, max-video-preview:-1\" \/>\n<link rel=\"canonical\" href=\"https:\/\/radioljubuski.ba\/index.php\/2025\/12\/11\/zupa-vitina-radovi-na-obnovi-i-postavljanje-novog-sata\/\" \/>\n<meta property=\"og:locale\" content=\"hr_HR\" \/>\n<meta property=\"og:type\" content=\"article\" \/>\n<meta property=\"og:title\" content=\"\u017dupa Vitina: Radovi na obnovi i postavljanje novog sata - RADIO LJUBU\u0160KI\" \/>\n<meta property=\"og:description\" content=\"U \u017eupi Vitina u tijeku su zna\u010dajni radovi na \u017eupnoj crkvi svetog Pa\u0161kala Bajlonskog, izme\u0111u ostalih u tijeku su aktivnosti postavljanja novog sata na stoljetnom zvoniku. Ovaj sat imat \u0107e prakti\u010dnu ulogu u svakodnevnom \u017eivotu \u017eupljana kao podsjetnik na ritam liturgije i molitvenog \u017eivota \u017eupe. \u017dupa Vitina osnovana je 1895. godine, odvajanjem od \u017eupe Veljaci, [&hellip;]\" \/>\n<meta property=\"og:url\" content=\"https:\/\/radioljubuski.ba\/index.php\/2025\/12\/11\/zupa-vitina-radovi-na-obnovi-i-postavljanje-novog-sata\/\" \/>\n<meta property=\"og:site_name\" content=\"RADIO LJUBU\u0160KI\" \/>\n<meta property=\"article:publisher\" content=\"https:\/\/www.facebook.com\/Radiio-Ljubuski-1490835324566332\" \/>\n<meta property=\"article:published_time\" content=\"2025-12-11T15:48:48+00:00\" \/>\n<meta property=\"article:modified_time\" content=\"2025-12-11T15:54:57+00:00\" \/>\n<meta property=\"og:image\" content=\"https:\/\/radioljubuski.ba\/wp-content\/uploads\/2025\/12\/IMG_20251211_162202.jpg\" \/>\n\t<meta property=\"og:image:width\" content=\"1080\" \/>\n\t<meta property=\"og:image:height\" content=\"970\" \/>\n\t<meta property=\"og:image:type\" content=\"image\/jpeg\" \/>\n<meta name=\"author\" content=\"Radio Ljubu\u0161ki\" \/>\n<meta name=\"twitter:card\" content=\"summary_large_image\" \/>\n<meta name=\"twitter:creator\" content=\"@radioljubuski\" \/>\n<meta name=\"twitter:site\" content=\"@radioljubuski\" \/>\n<meta name=\"twitter:label1\" content=\"Napisao\/la\" \/>\n\t<meta name=\"twitter:data1\" content=\"Radio Ljubu\u0161ki\" \/>\n\t<meta name=\"twitter:label2\" content=\"Procijenjeno vrijeme \u010ditanja\" \/>\n\t<meta name=\"twitter:data2\" content=\"2 minute\" \/>\n<script type=\"application\/ld+json\" class=\"yoast-schema-graph\">{\"@context\":\"https:\\\/\\\/schema.org\",\"@graph\":[{\"@type\":\"Article\",\"@id\":\"https:\\\/\\\/radioljubuski.ba\\\/index.php\\\/2025\\\/12\\\/11\\\/zupa-vitina-radovi-na-obnovi-i-postavljanje-novog-sata\\\/#article\",\"isPartOf\":{\"@id\":\"https:\\\/\\\/radioljubuski.ba\\\/index.php\\\/2025\\\/12\\\/11\\\/zupa-vitina-radovi-na-obnovi-i-postavljanje-novog-sata\\\/\"},\"author\":{\"name\":\"Radio Ljubu\u0161ki\",\"@id\":\"https:\\\/\\\/radioljubuski.ba\\\/#\\\/schema\\\/person\\\/19fc700381a780f69665d7956c469e3b\"},\"headline\":\"\u017dupa Vitina: Radovi na obnovi i postavljanje novog sata\",\"datePublished\":\"2025-12-11T15:48:48+00:00\",\"dateModified\":\"2025-12-11T15:54:57+00:00\",\"mainEntityOfPage\":{\"@id\":\"https:\\\/\\\/radioljubuski.ba\\\/index.php\\\/2025\\\/12\\\/11\\\/zupa-vitina-radovi-na-obnovi-i-postavljanje-novog-sata\\\/\"},\"wordCount\":250,\"publisher\":{\"@id\":\"https:\\\/\\\/radioljubuski.ba\\\/#organization\"},\"image\":{\"@id\":\"https:\\\/\\\/radioljubuski.ba\\\/index.php\\\/2025\\\/12\\\/11\\\/zupa-vitina-radovi-na-obnovi-i-postavljanje-novog-sata\\\/#primaryimage\"},\"thumbnailUrl\":\"https:\\\/\\\/radioljubuski.ba\\\/wp-content\\\/uploads\\\/2025\\\/12\\\/IMG_20251211_162202.jpg\",\"articleSection\":[\"BIH i regija\",\"Ljubu\u0161ki\",\"Novosti\"],\"inLanguage\":\"hr\"},{\"@type\":\"WebPage\",\"@id\":\"https:\\\/\\\/radioljubuski.ba\\\/index.php\\\/2025\\\/12\\\/11\\\/zupa-vitina-radovi-na-obnovi-i-postavljanje-novog-sata\\\/\",\"url\":\"https:\\\/\\\/radioljubuski.ba\\\/index.php\\\/2025\\\/12\\\/11\\\/zupa-vitina-radovi-na-obnovi-i-postavljanje-novog-sata\\\/\",\"name\":\"\u017dupa Vitina: Radovi na obnovi i postavljanje novog sata - RADIO LJUBU\u0160KI\",\"isPartOf\":{\"@id\":\"https:\\\/\\\/radioljubuski.ba\\\/#website\"},\"primaryImageOfPage\":{\"@id\":\"https:\\\/\\\/radioljubuski.ba\\\/index.php\\\/2025\\\/12\\\/11\\\/zupa-vitina-radovi-na-obnovi-i-postavljanje-novog-sata\\\/#primaryimage\"},\"image\":{\"@id\":\"https:\\\/\\\/radioljubuski.ba\\\/index.php\\\/2025\\\/12\\\/11\\\/zupa-vitina-radovi-na-obnovi-i-postavljanje-novog-sata\\\/#primaryimage\"},\"thumbnailUrl\":\"https:\\\/\\\/radioljubuski.ba\\\/wp-content\\\/uploads\\\/2025\\\/12\\\/IMG_20251211_162202.jpg\",\"datePublished\":\"2025-12-11T15:48:48+00:00\",\"dateModified\":\"2025-12-11T15:54:57+00:00\",\"breadcrumb\":{\"@id\":\"https:\\\/\\\/radioljubuski.ba\\\/index.php\\\/2025\\\/12\\\/11\\\/zupa-vitina-radovi-na-obnovi-i-postavljanje-novog-sata\\\/#breadcrumb\"},\"inLanguage\":\"hr\",\"potentialAction\":[{\"@type\":\"ReadAction\",\"target\":[\"https:\\\/\\\/radioljubuski.ba\\\/index.php\\\/2025\\\/12\\\/11\\\/zupa-vitina-radovi-na-obnovi-i-postavljanje-novog-sata\\\/\"]}]},{\"@type\":\"ImageObject\",\"inLanguage\":\"hr\",\"@id\":\"https:\\\/\\\/radioljubuski.ba\\\/index.php\\\/2025\\\/12\\\/11\\\/zupa-vitina-radovi-na-obnovi-i-postavljanje-novog-sata\\\/#primaryimage\",\"url\":\"https:\\\/\\\/radioljubuski.ba\\\/wp-content\\\/uploads\\\/2025\\\/12\\\/IMG_20251211_162202.jpg\",\"contentUrl\":\"https:\\\/\\\/radioljubuski.ba\\\/wp-content\\\/uploads\\\/2025\\\/12\\\/IMG_20251211_162202.jpg\",\"width\":1080,\"height\":970},{\"@type\":\"BreadcrumbList\",\"@id\":\"https:\\\/\\\/radioljubuski.ba\\\/index.php\\\/2025\\\/12\\\/11\\\/zupa-vitina-radovi-na-obnovi-i-postavljanje-novog-sata\\\/#breadcrumb\",\"itemListElement\":[{\"@type\":\"ListItem\",\"position\":1,\"name\":\"Po\u010detna stranica\",\"item\":\"https:\\\/\\\/radioljubuski.ba\\\/\"},{\"@type\":\"ListItem\",\"position\":2,\"name\":\"\u017dupa Vitina: Radovi na obnovi i postavljanje novog sata\"}]},{\"@type\":\"WebSite\",\"@id\":\"https:\\\/\\\/radioljubuski.ba\\\/#website\",\"url\":\"https:\\\/\\\/radioljubuski.ba\\\/\",\"name\":\"Radio Ljubu\u0161ki\",\"description\":\"Sun\u010dana frekvencija Hercegovine\",\"publisher\":{\"@id\":\"https:\\\/\\\/radioljubuski.ba\\\/#organization\"},\"potentialAction\":[{\"@type\":\"SearchAction\",\"target\":{\"@type\":\"EntryPoint\",\"urlTemplate\":\"https:\\\/\\\/radioljubuski.ba\\\/?s={search_term_string}\"},\"query-input\":{\"@type\":\"PropertyValueSpecification\",\"valueRequired\":true,\"valueName\":\"search_term_string\"}}],\"inLanguage\":\"hr\"},{\"@type\":\"Organization\",\"@id\":\"https:\\\/\\\/radioljubuski.ba\\\/#organization\",\"name\":\"Radio Ljubu\u0161ki\",\"url\":\"https:\\\/\\\/radioljubuski.ba\\\/\",\"logo\":{\"@type\":\"ImageObject\",\"inLanguage\":\"hr\",\"@id\":\"https:\\\/\\\/radioljubuski.ba\\\/#\\\/schema\\\/logo\\\/image\\\/\",\"url\":\"https:\\\/\\\/radioljubuski.ba\\\/wp-content\\\/uploads\\\/2021\\\/02\\\/cropped-Radio_Ljubuski_logo1.jpg\",\"contentUrl\":\"https:\\\/\\\/radioljubuski.ba\\\/wp-content\\\/uploads\\\/2021\\\/02\\\/cropped-Radio_Ljubuski_logo1.jpg\",\"width\":512,\"height\":512,\"caption\":\"Radio Ljubu\u0161ki\"},\"image\":{\"@id\":\"https:\\\/\\\/radioljubuski.ba\\\/#\\\/schema\\\/logo\\\/image\\\/\"},\"sameAs\":[\"https:\\\/\\\/www.facebook.com\\\/Radiio-Ljubuski-1490835324566332\",\"https:\\\/\\\/x.com\\\/radioljubuski\",\"https:\\\/\\\/hr.linkedin.com\\\/company\\\/radio-ljubuski\",\"https:\\\/\\\/www.youtube.com\\\/channel\\\/UCHYaeO_n0Db3tjNGudGpXyw\"]},{\"@type\":\"Person\",\"@id\":\"https:\\\/\\\/radioljubuski.ba\\\/#\\\/schema\\\/person\\\/19fc700381a780f69665d7956c469e3b\",\"name\":\"Radio Ljubu\u0161ki\"}]}<\/script>\n<!-- \/ Yoast SEO plugin. -->","yoast_head_json":{"title":"\u017dupa Vitina: Radovi na obnovi i postavljanje novog sata - RADIO LJUBU\u0160KI","robots":{"index":"index","follow":"follow","max-snippet":"max-snippet:-1","max-image-preview":"max-image-preview:large","max-video-preview":"max-video-preview:-1"},"canonical":"https:\/\/radioljubuski.ba\/index.php\/2025\/12\/11\/zupa-vitina-radovi-na-obnovi-i-postavljanje-novog-sata\/","og_locale":"hr_HR","og_type":"article","og_title":"\u017dupa Vitina: Radovi na obnovi i postavljanje novog sata - RADIO LJUBU\u0160KI","og_description":"U \u017eupi Vitina u tijeku su zna\u010dajni radovi na \u017eupnoj crkvi svetog Pa\u0161kala Bajlonskog, izme\u0111u ostalih u tijeku su aktivnosti postavljanja novog sata na stoljetnom zvoniku. Ovaj sat imat \u0107e prakti\u010dnu ulogu u svakodnevnom \u017eivotu \u017eupljana kao podsjetnik na ritam liturgije i molitvenog \u017eivota \u017eupe. \u017dupa Vitina osnovana je 1895. godine, odvajanjem od \u017eupe Veljaci, [&hellip;]","og_url":"https:\/\/radioljubuski.ba\/index.php\/2025\/12\/11\/zupa-vitina-radovi-na-obnovi-i-postavljanje-novog-sata\/","og_site_name":"RADIO LJUBU\u0160KI","article_publisher":"https:\/\/www.facebook.com\/Radiio-Ljubuski-1490835324566332","article_published_time":"2025-12-11T15:48:48+00:00","article_modified_time":"2025-12-11T15:54:57+00:00","og_image":[{"width":1080,"height":970,"url":"https:\/\/radioljubuski.ba\/wp-content\/uploads\/2025\/12\/IMG_20251211_162202.jpg","type":"image\/jpeg"}],"author":"Radio Ljubu\u0161ki","twitter_card":"summary_large_image","twitter_creator":"@radioljubuski","twitter_site":"@radioljubuski","twitter_misc":{"Napisao\/la":"Radio Ljubu\u0161ki","Procijenjeno vrijeme \u010ditanja":"2 minute"},"schema":{"@context":"https:\/\/schema.org","@graph":[{"@type":"Article","@id":"https:\/\/radioljubuski.ba\/index.php\/2025\/12\/11\/zupa-vitina-radovi-na-obnovi-i-postavljanje-novog-sata\/#article","isPartOf":{"@id":"https:\/\/radioljubuski.ba\/index.php\/2025\/12\/11\/zupa-vitina-radovi-na-obnovi-i-postavljanje-novog-sata\/"},"author":{"name":"Radio Ljubu\u0161ki","@id":"https:\/\/radioljubuski.ba\/#\/schema\/person\/19fc700381a780f69665d7956c469e3b"},"headline":"\u017dupa Vitina: Radovi na obnovi i postavljanje novog sata","datePublished":"2025-12-11T15:48:48+00:00","dateModified":"2025-12-11T15:54:57+00:00","mainEntityOfPage":{"@id":"https:\/\/radioljubuski.ba\/index.php\/2025\/12\/11\/zupa-vitina-radovi-na-obnovi-i-postavljanje-novog-sata\/"},"wordCount":250,"publisher":{"@id":"https:\/\/radioljubuski.ba\/#organization"},"image":{"@id":"https:\/\/radioljubuski.ba\/index.php\/2025\/12\/11\/zupa-vitina-radovi-na-obnovi-i-postavljanje-novog-sata\/#primaryimage"},"thumbnailUrl":"https:\/\/radioljubuski.ba\/wp-content\/uploads\/2025\/12\/IMG_20251211_162202.jpg","articleSection":["BIH i regija","Ljubu\u0161ki","Novosti"],"inLanguage":"hr"},{"@type":"WebPage","@id":"https:\/\/radioljubuski.ba\/index.php\/2025\/12\/11\/zupa-vitina-radovi-na-obnovi-i-postavljanje-novog-sata\/","url":"https:\/\/radioljubuski.ba\/index.php\/2025\/12\/11\/zupa-vitina-radovi-na-obnovi-i-postavljanje-novog-sata\/","name":"\u017dupa Vitina: Radovi na obnovi i postavljanje novog sata - RADIO LJUBU\u0160KI","isPartOf":{"@id":"https:\/\/radioljubuski.ba\/#website"},"primaryImageOfPage":{"@id":"https:\/\/radioljubuski.ba\/index.php\/2025\/12\/11\/zupa-vitina-radovi-na-obnovi-i-postavljanje-novog-sata\/#primaryimage"},"image":{"@id":"https:\/\/radioljubuski.ba\/index.php\/2025\/12\/11\/zupa-vitina-radovi-na-obnovi-i-postavljanje-novog-sata\/#primaryimage"},"thumbnailUrl":"https:\/\/radioljubuski.ba\/wp-content\/uploads\/2025\/12\/IMG_20251211_162202.jpg","datePublished":"2025-12-11T15:48:48+00:00","dateModified":"2025-12-11T15:54:57+00:00","breadcrumb":{"@id":"https:\/\/radioljubuski.ba\/index.php\/2025\/12\/11\/zupa-vitina-radovi-na-obnovi-i-postavljanje-novog-sata\/#breadcrumb"},"inLanguage":"hr","potentialAction":[{"@type":"ReadAction","target":["https:\/\/radioljubuski.ba\/index.php\/2025\/12\/11\/zupa-vitina-radovi-na-obnovi-i-postavljanje-novog-sata\/"]}]},{"@type":"ImageObject","inLanguage":"hr","@id":"https:\/\/radioljubuski.ba\/index.php\/2025\/12\/11\/zupa-vitina-radovi-na-obnovi-i-postavljanje-novog-sata\/#primaryimage","url":"https:\/\/radioljubuski.ba\/wp-content\/uploads\/2025\/12\/IMG_20251211_162202.jpg","contentUrl":"https:\/\/radioljubuski.ba\/wp-content\/uploads\/2025\/12\/IMG_20251211_162202.jpg","width":1080,"height":970},{"@type":"BreadcrumbList","@id":"https:\/\/radioljubuski.ba\/index.php\/2025\/12\/11\/zupa-vitina-radovi-na-obnovi-i-postavljanje-novog-sata\/#breadcrumb","itemListElement":[{"@type":"ListItem","position":1,"name":"Po\u010detna stranica","item":"https:\/\/radioljubuski.ba\/"},{"@type":"ListItem","position":2,"name":"\u017dupa Vitina: Radovi na obnovi i postavljanje novog sata"}]},{"@type":"WebSite","@id":"https:\/\/radioljubuski.ba\/#website","url":"https:\/\/radioljubuski.ba\/","name":"Radio Ljubu\u0161ki","description":"Sun\u010dana frekvencija Hercegovine","publisher":{"@id":"https:\/\/radioljubuski.ba\/#organization"},"potentialAction":[{"@type":"SearchAction","target":{"@type":"EntryPoint","urlTemplate":"https:\/\/radioljubuski.ba\/?s={search_term_string}"},"query-input":{"@type":"PropertyValueSpecification","valueRequired":true,"valueName":"search_term_string"}}],"inLanguage":"hr"},{"@type":"Organization","@id":"https:\/\/radioljubuski.ba\/#organization","name":"Radio Ljubu\u0161ki","url":"https:\/\/radioljubuski.ba\/","logo":{"@type":"ImageObject","inLanguage":"hr","@id":"https:\/\/radioljubuski.ba\/#\/schema\/logo\/image\/","url":"https:\/\/radioljubuski.ba\/wp-content\/uploads\/2021\/02\/cropped-Radio_Ljubuski_logo1.jpg","contentUrl":"https:\/\/radioljubuski.ba\/wp-content\/uploads\/2021\/02\/cropped-Radio_Ljubuski_logo1.jpg","width":512,"height":512,"caption":"Radio Ljubu\u0161ki"},"image":{"@id":"https:\/\/radioljubuski.ba\/#\/schema\/logo\/image\/"},"sameAs":["https:\/\/www.facebook.com\/Radiio-Ljubuski-1490835324566332","https:\/\/x.com\/radioljubuski","https:\/\/hr.linkedin.com\/company\/radio-ljubuski","https:\/\/www.youtube.com\/channel\/UCHYaeO_n0Db3tjNGudGpXyw"]},{"@type":"Person","@id":"https:\/\/radioljubuski.ba\/#\/schema\/person\/19fc700381a780f69665d7956c469e3b","name":"Radio Ljubu\u0161ki"}]}},"_links":{"self":[{"href":"https:\/\/radioljubuski.ba\/index.php\/wp-json\/wp\/v2\/posts\/223459","targetHints":{"allow":["GET"]}}],"collection":[{"href":"https:\/\/radioljubuski.ba\/index.php\/wp-json\/wp\/v2\/posts"}],"about":[{"href":"https:\/\/radioljubuski.ba\/index.php\/wp-json\/wp\/v2\/types\/post"}],"author":[{"embeddable":true,"href":"https:\/\/radioljubuski.ba\/index.php\/wp-json\/wp\/v2\/users\/2"}],"replies":[{"embeddable":true,"href":"https:\/\/radioljubuski.ba\/index.php\/wp-json\/wp\/v2\/comments?post=223459"}],"version-history":[{"count":5,"href":"https:\/\/radioljubuski.ba\/index.php\/wp-json\/wp\/v2\/posts\/223459\/revisions"}],"predecessor-version":[{"id":223477,"href":"https:\/\/radioljubuski.ba\/index.php\/wp-json\/wp\/v2\/posts\/223459\/revisions\/223477"}],"wp:featuredmedia":[{"embeddable":true,"href":"https:\/\/radioljubuski.ba\/index.php\/wp-json\/wp\/v2\/media\/223463"}],"wp:attachment":[{"href":"https:\/\/radioljubuski.ba\/index.php\/wp-json\/wp\/v2\/media?parent=223459"}],"wp:term":[{"taxonomy":"category","embeddable":true,"href":"https:\/\/radioljubuski.ba\/index.php\/wp-json\/wp\/v2\/categories?post=223459"},{"taxonomy":"post_tag","embeddable":true,"href":"https:\/\/radioljubuski.ba\/index.php\/wp-json\/wp\/v2\/tags?post=223459"}],"curies":[{"name":"wp","href":"https:\/\/api.w.org\/{rel}","templated":true}]}}