{"id":223469,"date":"2025-12-11T17:51:03","date_gmt":"2025-12-11T16:51:03","guid":{"rendered":"https:\/\/radioljubuski.ba\/?p=223469"},"modified":"2025-12-11T17:55:20","modified_gmt":"2025-12-11T16:55:20","slug":"rk-izvidac-agram-diano-cesko-dobio-poziv-u-seniorsku-reprezentaciju-hrvatske","status":"publish","type":"post","link":"https:\/\/radioljubuski.ba\/index.php\/2025\/12\/11\/rk-izvidac-agram-diano-cesko-dobio-poziv-u-seniorsku-reprezentaciju-hrvatske\/","title":{"rendered":"RK Izvi\u0111a\u010d Agram: Diano \u0106e\u0161ko dobio poziv u seniorsku reprezentaciju Hrvatske!"},"content":{"rendered":"\n<p>Novo veliko priznanje za RK Izvi\u0111a\u010d Agram! Izbornik <strong>hrvatske rukometne reprezentacije<\/strong>, <strong>Dagur Sigurdsson<\/strong>, pozvao je na\u0161eg igra\u010da <strong>Diana \u0106e\u0161ku<\/strong>, \u010dlana <strong>RK Izvi\u0111a\u010d Agram<\/strong>, na okupljanje seniorske reprezentacije.<\/p>\n\n\n\n<p>Okupljanje je zakazano za <strong>26. prosinca 2025. u Zagrebu<\/strong>, a pripreme \u0107e se nastaviti u <strong>Pore\u010du<\/strong>, gdje \u0107e reprezentacija odraditi glavni dio treninga uo\u010di nadolaze\u0107ih natjecanja.<\/p>\n\n\n\n<p><strong>Diano \u0106e\u0161ko<\/strong> je jedan od najperspektivnijih mladih rukometa\u0161a u regiji, njegov trud i predanost prepoznati su na najvi\u0161oj razini, \u0161to potvr\u0111uje i ovaj poziv me\u0111u najbolje hrvatske rukometa\u0161e.<\/p>\n\n\n\n<p>Pod vodstvom Dagura Sigurdssona, \u0106e\u0161ko je ve\u0107 u\u0161ao u \u0161iri popis reprezentacije i ostvario svoj <strong>prvi nastup za Hrvatsku<\/strong>, gdje je odmah pokazao svoj talent i potencijal. Pro\u0161le godine Diano \u0106e\u0161ko odigrao je <strong>impresivan seniorski debi<\/strong> u dresu hrvatske rukometne reprezentacije. Mladi rukometa\u0161 <strong>RK Izvi\u0111a\u010d Agram<\/strong> odu\u0161evio je hrvatsku javnost u kvalifikacijskoj utakmici protiv Belgije, gdje je, odmah iza Tina Lu\u010dina koji je postigao 6 golova, bio jedan od najefikasnijih igra\u010da uz Marija \u0160o\u0161tari\u0107a, postigav\u0161i <strong>5 golova<\/strong>.<\/p>\n\n\n\n<p>Ovaj poziv nije samo priznanje njegovom radu, ve\u0107 jo\u0161 jedna potvrda kako se na\u0161 klub isti\u010de kao rasadnik vrhunskih rukometa\u0161a.<\/p>\n\n\n\n<p>Radio Ljubu\u0161ki<\/p>\n","protected":false},"excerpt":{"rendered":"<p>Novo veliko priznanje za RK Izvi\u0111a\u010d Agram! Izbornik hrvatske rukometne reprezentacije, Dagur Sigurdsson, pozvao je na\u0161eg igra\u010da Diana \u0106e\u0161ku, \u010dlana RK Izvi\u0111a\u010d Agram, na okupljanje seniorske reprezentacije. Okupljanje je zakazano za 26. prosinca 2025. u Zagrebu, a pripreme \u0107e se nastaviti u Pore\u010du, gdje \u0107e reprezentacija odraditi glavni dio treninga uo\u010di nadolaze\u0107ih natjecanja. Diano \u0106e\u0161ko [&hellip;]<\/p>\n","protected":false},"author":2,"featured_media":223473,"comment_status":"closed","ping_status":"closed","sticky":false,"template":"","format":"standard","meta":{"h5ap_radio_sources":[],"footnotes":""},"categories":[1],"tags":[],"class_list":["post-223469","post","type-post","status-publish","format-standard","has-post-thumbnail","hentry","category-bihiregija"],"yoast_head":"<!-- This site is optimized with the Yoast SEO plugin v27.5 - https:\/\/yoast.com\/product\/yoast-seo-wordpress\/ -->\n<title>RK Izvi\u0111a\u010d Agram: Diano \u0106e\u0161ko dobio poziv u seniorsku reprezentaciju Hrvatske! - RADIO LJUBU\u0160KI<\/title>\n<meta name=\"robots\" content=\"index, follow, max-snippet:-1, max-image-preview:large, max-video-preview:-1\" \/>\n<link rel=\"canonical\" href=\"https:\/\/radioljubuski.ba\/index.php\/2025\/12\/11\/rk-izvidac-agram-diano-cesko-dobio-poziv-u-seniorsku-reprezentaciju-hrvatske\/\" \/>\n<meta property=\"og:locale\" content=\"hr_HR\" \/>\n<meta property=\"og:type\" content=\"article\" \/>\n<meta property=\"og:title\" content=\"RK Izvi\u0111a\u010d Agram: Diano \u0106e\u0161ko dobio poziv u seniorsku reprezentaciju Hrvatske! - RADIO LJUBU\u0160KI\" \/>\n<meta property=\"og:description\" content=\"Novo veliko priznanje za RK Izvi\u0111a\u010d Agram! Izbornik hrvatske rukometne reprezentacije, Dagur Sigurdsson, pozvao je na\u0161eg igra\u010da Diana \u0106e\u0161ku, \u010dlana RK Izvi\u0111a\u010d Agram, na okupljanje seniorske reprezentacije. Okupljanje je zakazano za 26. prosinca 2025. u Zagrebu, a pripreme \u0107e se nastaviti u Pore\u010du, gdje \u0107e reprezentacija odraditi glavni dio treninga uo\u010di nadolaze\u0107ih natjecanja. Diano \u0106e\u0161ko [&hellip;]\" \/>\n<meta property=\"og:url\" content=\"https:\/\/radioljubuski.ba\/index.php\/2025\/12\/11\/rk-izvidac-agram-diano-cesko-dobio-poziv-u-seniorsku-reprezentaciju-hrvatske\/\" \/>\n<meta property=\"og:site_name\" content=\"RADIO LJUBU\u0160KI\" \/>\n<meta property=\"article:publisher\" content=\"https:\/\/www.facebook.com\/Radiio-Ljubuski-1490835324566332\" \/>\n<meta property=\"article:published_time\" content=\"2025-12-11T16:51:03+00:00\" \/>\n<meta property=\"article:modified_time\" content=\"2025-12-11T16:55:20+00:00\" \/>\n<meta property=\"og:image\" content=\"https:\/\/radioljubuski.ba\/wp-content\/uploads\/2025\/12\/IMG_20251211_175424.jpg\" \/>\n\t<meta property=\"og:image:width\" content=\"1638\" \/>\n\t<meta property=\"og:image:height\" content=\"1556\" \/>\n\t<meta property=\"og:image:type\" content=\"image\/jpeg\" \/>\n<meta name=\"author\" content=\"Radio Ljubu\u0161ki\" \/>\n<meta name=\"twitter:card\" content=\"summary_large_image\" \/>\n<meta name=\"twitter:creator\" content=\"@radioljubuski\" \/>\n<meta name=\"twitter:site\" content=\"@radioljubuski\" \/>\n<meta name=\"twitter:label1\" content=\"Napisao\/la\" \/>\n\t<meta name=\"twitter:data1\" content=\"Radio Ljubu\u0161ki\" \/>\n\t<meta name=\"twitter:label2\" content=\"Procijenjeno vrijeme \u010ditanja\" \/>\n\t<meta name=\"twitter:data2\" content=\"2 minute\" \/>\n<script type=\"application\/ld+json\" class=\"yoast-schema-graph\">{\"@context\":\"https:\\\/\\\/schema.org\",\"@graph\":[{\"@type\":\"Article\",\"@id\":\"https:\\\/\\\/radioljubuski.ba\\\/index.php\\\/2025\\\/12\\\/11\\\/rk-izvidac-agram-diano-cesko-dobio-poziv-u-seniorsku-reprezentaciju-hrvatske\\\/#article\",\"isPartOf\":{\"@id\":\"https:\\\/\\\/radioljubuski.ba\\\/index.php\\\/2025\\\/12\\\/11\\\/rk-izvidac-agram-diano-cesko-dobio-poziv-u-seniorsku-reprezentaciju-hrvatske\\\/\"},\"author\":{\"name\":\"Radio Ljubu\u0161ki\",\"@id\":\"https:\\\/\\\/radioljubuski.ba\\\/#\\\/schema\\\/person\\\/19fc700381a780f69665d7956c469e3b\"},\"headline\":\"RK Izvi\u0111a\u010d Agram: Diano \u0106e\u0161ko dobio poziv u seniorsku reprezentaciju Hrvatske!\",\"datePublished\":\"2025-12-11T16:51:03+00:00\",\"dateModified\":\"2025-12-11T16:55:20+00:00\",\"mainEntityOfPage\":{\"@id\":\"https:\\\/\\\/radioljubuski.ba\\\/index.php\\\/2025\\\/12\\\/11\\\/rk-izvidac-agram-diano-cesko-dobio-poziv-u-seniorsku-reprezentaciju-hrvatske\\\/\"},\"wordCount\":217,\"publisher\":{\"@id\":\"https:\\\/\\\/radioljubuski.ba\\\/#organization\"},\"image\":{\"@id\":\"https:\\\/\\\/radioljubuski.ba\\\/index.php\\\/2025\\\/12\\\/11\\\/rk-izvidac-agram-diano-cesko-dobio-poziv-u-seniorsku-reprezentaciju-hrvatske\\\/#primaryimage\"},\"thumbnailUrl\":\"https:\\\/\\\/radioljubuski.ba\\\/wp-content\\\/uploads\\\/2025\\\/12\\\/IMG_20251211_175424.jpg\",\"articleSection\":[\"BIH i regija\"],\"inLanguage\":\"hr\"},{\"@type\":\"WebPage\",\"@id\":\"https:\\\/\\\/radioljubuski.ba\\\/index.php\\\/2025\\\/12\\\/11\\\/rk-izvidac-agram-diano-cesko-dobio-poziv-u-seniorsku-reprezentaciju-hrvatske\\\/\",\"url\":\"https:\\\/\\\/radioljubuski.ba\\\/index.php\\\/2025\\\/12\\\/11\\\/rk-izvidac-agram-diano-cesko-dobio-poziv-u-seniorsku-reprezentaciju-hrvatske\\\/\",\"name\":\"RK Izvi\u0111a\u010d Agram: Diano \u0106e\u0161ko dobio poziv u seniorsku reprezentaciju Hrvatske! - RADIO LJUBU\u0160KI\",\"isPartOf\":{\"@id\":\"https:\\\/\\\/radioljubuski.ba\\\/#website\"},\"primaryImageOfPage\":{\"@id\":\"https:\\\/\\\/radioljubuski.ba\\\/index.php\\\/2025\\\/12\\\/11\\\/rk-izvidac-agram-diano-cesko-dobio-poziv-u-seniorsku-reprezentaciju-hrvatske\\\/#primaryimage\"},\"image\":{\"@id\":\"https:\\\/\\\/radioljubuski.ba\\\/index.php\\\/2025\\\/12\\\/11\\\/rk-izvidac-agram-diano-cesko-dobio-poziv-u-seniorsku-reprezentaciju-hrvatske\\\/#primaryimage\"},\"thumbnailUrl\":\"https:\\\/\\\/radioljubuski.ba\\\/wp-content\\\/uploads\\\/2025\\\/12\\\/IMG_20251211_175424.jpg\",\"datePublished\":\"2025-12-11T16:51:03+00:00\",\"dateModified\":\"2025-12-11T16:55:20+00:00\",\"breadcrumb\":{\"@id\":\"https:\\\/\\\/radioljubuski.ba\\\/index.php\\\/2025\\\/12\\\/11\\\/rk-izvidac-agram-diano-cesko-dobio-poziv-u-seniorsku-reprezentaciju-hrvatske\\\/#breadcrumb\"},\"inLanguage\":\"hr\",\"potentialAction\":[{\"@type\":\"ReadAction\",\"target\":[\"https:\\\/\\\/radioljubuski.ba\\\/index.php\\\/2025\\\/12\\\/11\\\/rk-izvidac-agram-diano-cesko-dobio-poziv-u-seniorsku-reprezentaciju-hrvatske\\\/\"]}]},{\"@type\":\"ImageObject\",\"inLanguage\":\"hr\",\"@id\":\"https:\\\/\\\/radioljubuski.ba\\\/index.php\\\/2025\\\/12\\\/11\\\/rk-izvidac-agram-diano-cesko-dobio-poziv-u-seniorsku-reprezentaciju-hrvatske\\\/#primaryimage\",\"url\":\"https:\\\/\\\/radioljubuski.ba\\\/wp-content\\\/uploads\\\/2025\\\/12\\\/IMG_20251211_175424.jpg\",\"contentUrl\":\"https:\\\/\\\/radioljubuski.ba\\\/wp-content\\\/uploads\\\/2025\\\/12\\\/IMG_20251211_175424.jpg\",\"width\":1638,\"height\":1556},{\"@type\":\"BreadcrumbList\",\"@id\":\"https:\\\/\\\/radioljubuski.ba\\\/index.php\\\/2025\\\/12\\\/11\\\/rk-izvidac-agram-diano-cesko-dobio-poziv-u-seniorsku-reprezentaciju-hrvatske\\\/#breadcrumb\",\"itemListElement\":[{\"@type\":\"ListItem\",\"position\":1,\"name\":\"Po\u010detna stranica\",\"item\":\"https:\\\/\\\/radioljubuski.ba\\\/\"},{\"@type\":\"ListItem\",\"position\":2,\"name\":\"RK Izvi\u0111a\u010d Agram: Diano \u0106e\u0161ko dobio poziv u seniorsku reprezentaciju Hrvatske!\"}]},{\"@type\":\"WebSite\",\"@id\":\"https:\\\/\\\/radioljubuski.ba\\\/#website\",\"url\":\"https:\\\/\\\/radioljubuski.ba\\\/\",\"name\":\"Radio Ljubu\u0161ki\",\"description\":\"Sun\u010dana frekvencija Hercegovine\",\"publisher\":{\"@id\":\"https:\\\/\\\/radioljubuski.ba\\\/#organization\"},\"potentialAction\":[{\"@type\":\"SearchAction\",\"target\":{\"@type\":\"EntryPoint\",\"urlTemplate\":\"https:\\\/\\\/radioljubuski.ba\\\/?s={search_term_string}\"},\"query-input\":{\"@type\":\"PropertyValueSpecification\",\"valueRequired\":true,\"valueName\":\"search_term_string\"}}],\"inLanguage\":\"hr\"},{\"@type\":\"Organization\",\"@id\":\"https:\\\/\\\/radioljubuski.ba\\\/#organization\",\"name\":\"Radio Ljubu\u0161ki\",\"url\":\"https:\\\/\\\/radioljubuski.ba\\\/\",\"logo\":{\"@type\":\"ImageObject\",\"inLanguage\":\"hr\",\"@id\":\"https:\\\/\\\/radioljubuski.ba\\\/#\\\/schema\\\/logo\\\/image\\\/\",\"url\":\"https:\\\/\\\/radioljubuski.ba\\\/wp-content\\\/uploads\\\/2021\\\/02\\\/cropped-Radio_Ljubuski_logo1.jpg\",\"contentUrl\":\"https:\\\/\\\/radioljubuski.ba\\\/wp-content\\\/uploads\\\/2021\\\/02\\\/cropped-Radio_Ljubuski_logo1.jpg\",\"width\":512,\"height\":512,\"caption\":\"Radio Ljubu\u0161ki\"},\"image\":{\"@id\":\"https:\\\/\\\/radioljubuski.ba\\\/#\\\/schema\\\/logo\\\/image\\\/\"},\"sameAs\":[\"https:\\\/\\\/www.facebook.com\\\/Radiio-Ljubuski-1490835324566332\",\"https:\\\/\\\/x.com\\\/radioljubuski\",\"https:\\\/\\\/hr.linkedin.com\\\/company\\\/radio-ljubuski\",\"https:\\\/\\\/www.youtube.com\\\/channel\\\/UCHYaeO_n0Db3tjNGudGpXyw\"]},{\"@type\":\"Person\",\"@id\":\"https:\\\/\\\/radioljubuski.ba\\\/#\\\/schema\\\/person\\\/19fc700381a780f69665d7956c469e3b\",\"name\":\"Radio Ljubu\u0161ki\"}]}<\/script>\n<!-- \/ Yoast SEO plugin. -->","yoast_head_json":{"title":"RK Izvi\u0111a\u010d Agram: Diano \u0106e\u0161ko dobio poziv u seniorsku reprezentaciju Hrvatske! - RADIO LJUBU\u0160KI","robots":{"index":"index","follow":"follow","max-snippet":"max-snippet:-1","max-image-preview":"max-image-preview:large","max-video-preview":"max-video-preview:-1"},"canonical":"https:\/\/radioljubuski.ba\/index.php\/2025\/12\/11\/rk-izvidac-agram-diano-cesko-dobio-poziv-u-seniorsku-reprezentaciju-hrvatske\/","og_locale":"hr_HR","og_type":"article","og_title":"RK Izvi\u0111a\u010d Agram: Diano \u0106e\u0161ko dobio poziv u seniorsku reprezentaciju Hrvatske! - RADIO LJUBU\u0160KI","og_description":"Novo veliko priznanje za RK Izvi\u0111a\u010d Agram! Izbornik hrvatske rukometne reprezentacije, Dagur Sigurdsson, pozvao je na\u0161eg igra\u010da Diana \u0106e\u0161ku, \u010dlana RK Izvi\u0111a\u010d Agram, na okupljanje seniorske reprezentacije. Okupljanje je zakazano za 26. prosinca 2025. u Zagrebu, a pripreme \u0107e se nastaviti u Pore\u010du, gdje \u0107e reprezentacija odraditi glavni dio treninga uo\u010di nadolaze\u0107ih natjecanja. Diano \u0106e\u0161ko [&hellip;]","og_url":"https:\/\/radioljubuski.ba\/index.php\/2025\/12\/11\/rk-izvidac-agram-diano-cesko-dobio-poziv-u-seniorsku-reprezentaciju-hrvatske\/","og_site_name":"RADIO LJUBU\u0160KI","article_publisher":"https:\/\/www.facebook.com\/Radiio-Ljubuski-1490835324566332","article_published_time":"2025-12-11T16:51:03+00:00","article_modified_time":"2025-12-11T16:55:20+00:00","og_image":[{"width":1638,"height":1556,"url":"https:\/\/radioljubuski.ba\/wp-content\/uploads\/2025\/12\/IMG_20251211_175424.jpg","type":"image\/jpeg"}],"author":"Radio Ljubu\u0161ki","twitter_card":"summary_large_image","twitter_creator":"@radioljubuski","twitter_site":"@radioljubuski","twitter_misc":{"Napisao\/la":"Radio Ljubu\u0161ki","Procijenjeno vrijeme \u010ditanja":"2 minute"},"schema":{"@context":"https:\/\/schema.org","@graph":[{"@type":"Article","@id":"https:\/\/radioljubuski.ba\/index.php\/2025\/12\/11\/rk-izvidac-agram-diano-cesko-dobio-poziv-u-seniorsku-reprezentaciju-hrvatske\/#article","isPartOf":{"@id":"https:\/\/radioljubuski.ba\/index.php\/2025\/12\/11\/rk-izvidac-agram-diano-cesko-dobio-poziv-u-seniorsku-reprezentaciju-hrvatske\/"},"author":{"name":"Radio Ljubu\u0161ki","@id":"https:\/\/radioljubuski.ba\/#\/schema\/person\/19fc700381a780f69665d7956c469e3b"},"headline":"RK Izvi\u0111a\u010d Agram: Diano \u0106e\u0161ko dobio poziv u seniorsku reprezentaciju Hrvatske!","datePublished":"2025-12-11T16:51:03+00:00","dateModified":"2025-12-11T16:55:20+00:00","mainEntityOfPage":{"@id":"https:\/\/radioljubuski.ba\/index.php\/2025\/12\/11\/rk-izvidac-agram-diano-cesko-dobio-poziv-u-seniorsku-reprezentaciju-hrvatske\/"},"wordCount":217,"publisher":{"@id":"https:\/\/radioljubuski.ba\/#organization"},"image":{"@id":"https:\/\/radioljubuski.ba\/index.php\/2025\/12\/11\/rk-izvidac-agram-diano-cesko-dobio-poziv-u-seniorsku-reprezentaciju-hrvatske\/#primaryimage"},"thumbnailUrl":"https:\/\/radioljubuski.ba\/wp-content\/uploads\/2025\/12\/IMG_20251211_175424.jpg","articleSection":["BIH i regija"],"inLanguage":"hr"},{"@type":"WebPage","@id":"https:\/\/radioljubuski.ba\/index.php\/2025\/12\/11\/rk-izvidac-agram-diano-cesko-dobio-poziv-u-seniorsku-reprezentaciju-hrvatske\/","url":"https:\/\/radioljubuski.ba\/index.php\/2025\/12\/11\/rk-izvidac-agram-diano-cesko-dobio-poziv-u-seniorsku-reprezentaciju-hrvatske\/","name":"RK Izvi\u0111a\u010d Agram: Diano \u0106e\u0161ko dobio poziv u seniorsku reprezentaciju Hrvatske! - RADIO LJUBU\u0160KI","isPartOf":{"@id":"https:\/\/radioljubuski.ba\/#website"},"primaryImageOfPage":{"@id":"https:\/\/radioljubuski.ba\/index.php\/2025\/12\/11\/rk-izvidac-agram-diano-cesko-dobio-poziv-u-seniorsku-reprezentaciju-hrvatske\/#primaryimage"},"image":{"@id":"https:\/\/radioljubuski.ba\/index.php\/2025\/12\/11\/rk-izvidac-agram-diano-cesko-dobio-poziv-u-seniorsku-reprezentaciju-hrvatske\/#primaryimage"},"thumbnailUrl":"https:\/\/radioljubuski.ba\/wp-content\/uploads\/2025\/12\/IMG_20251211_175424.jpg","datePublished":"2025-12-11T16:51:03+00:00","dateModified":"2025-12-11T16:55:20+00:00","breadcrumb":{"@id":"https:\/\/radioljubuski.ba\/index.php\/2025\/12\/11\/rk-izvidac-agram-diano-cesko-dobio-poziv-u-seniorsku-reprezentaciju-hrvatske\/#breadcrumb"},"inLanguage":"hr","potentialAction":[{"@type":"ReadAction","target":["https:\/\/radioljubuski.ba\/index.php\/2025\/12\/11\/rk-izvidac-agram-diano-cesko-dobio-poziv-u-seniorsku-reprezentaciju-hrvatske\/"]}]},{"@type":"ImageObject","inLanguage":"hr","@id":"https:\/\/radioljubuski.ba\/index.php\/2025\/12\/11\/rk-izvidac-agram-diano-cesko-dobio-poziv-u-seniorsku-reprezentaciju-hrvatske\/#primaryimage","url":"https:\/\/radioljubuski.ba\/wp-content\/uploads\/2025\/12\/IMG_20251211_175424.jpg","contentUrl":"https:\/\/radioljubuski.ba\/wp-content\/uploads\/2025\/12\/IMG_20251211_175424.jpg","width":1638,"height":1556},{"@type":"BreadcrumbList","@id":"https:\/\/radioljubuski.ba\/index.php\/2025\/12\/11\/rk-izvidac-agram-diano-cesko-dobio-poziv-u-seniorsku-reprezentaciju-hrvatske\/#breadcrumb","itemListElement":[{"@type":"ListItem","position":1,"name":"Po\u010detna stranica","item":"https:\/\/radioljubuski.ba\/"},{"@type":"ListItem","position":2,"name":"RK Izvi\u0111a\u010d Agram: Diano \u0106e\u0161ko dobio poziv u seniorsku reprezentaciju Hrvatske!"}]},{"@type":"WebSite","@id":"https:\/\/radioljubuski.ba\/#website","url":"https:\/\/radioljubuski.ba\/","name":"Radio Ljubu\u0161ki","description":"Sun\u010dana frekvencija Hercegovine","publisher":{"@id":"https:\/\/radioljubuski.ba\/#organization"},"potentialAction":[{"@type":"SearchAction","target":{"@type":"EntryPoint","urlTemplate":"https:\/\/radioljubuski.ba\/?s={search_term_string}"},"query-input":{"@type":"PropertyValueSpecification","valueRequired":true,"valueName":"search_term_string"}}],"inLanguage":"hr"},{"@type":"Organization","@id":"https:\/\/radioljubuski.ba\/#organization","name":"Radio Ljubu\u0161ki","url":"https:\/\/radioljubuski.ba\/","logo":{"@type":"ImageObject","inLanguage":"hr","@id":"https:\/\/radioljubuski.ba\/#\/schema\/logo\/image\/","url":"https:\/\/radioljubuski.ba\/wp-content\/uploads\/2021\/02\/cropped-Radio_Ljubuski_logo1.jpg","contentUrl":"https:\/\/radioljubuski.ba\/wp-content\/uploads\/2021\/02\/cropped-Radio_Ljubuski_logo1.jpg","width":512,"height":512,"caption":"Radio Ljubu\u0161ki"},"image":{"@id":"https:\/\/radioljubuski.ba\/#\/schema\/logo\/image\/"},"sameAs":["https:\/\/www.facebook.com\/Radiio-Ljubuski-1490835324566332","https:\/\/x.com\/radioljubuski","https:\/\/hr.linkedin.com\/company\/radio-ljubuski","https:\/\/www.youtube.com\/channel\/UCHYaeO_n0Db3tjNGudGpXyw"]},{"@type":"Person","@id":"https:\/\/radioljubuski.ba\/#\/schema\/person\/19fc700381a780f69665d7956c469e3b","name":"Radio Ljubu\u0161ki"}]}},"_links":{"self":[{"href":"https:\/\/radioljubuski.ba\/index.php\/wp-json\/wp\/v2\/posts\/223469","targetHints":{"allow":["GET"]}}],"collection":[{"href":"https:\/\/radioljubuski.ba\/index.php\/wp-json\/wp\/v2\/posts"}],"about":[{"href":"https:\/\/radioljubuski.ba\/index.php\/wp-json\/wp\/v2\/types\/post"}],"author":[{"embeddable":true,"href":"https:\/\/radioljubuski.ba\/index.php\/wp-json\/wp\/v2\/users\/2"}],"replies":[{"embeddable":true,"href":"https:\/\/radioljubuski.ba\/index.php\/wp-json\/wp\/v2\/comments?post=223469"}],"version-history":[{"count":2,"href":"https:\/\/radioljubuski.ba\/index.php\/wp-json\/wp\/v2\/posts\/223469\/revisions"}],"predecessor-version":[{"id":223472,"href":"https:\/\/radioljubuski.ba\/index.php\/wp-json\/wp\/v2\/posts\/223469\/revisions\/223472"}],"wp:featuredmedia":[{"embeddable":true,"href":"https:\/\/radioljubuski.ba\/index.php\/wp-json\/wp\/v2\/media\/223473"}],"wp:attachment":[{"href":"https:\/\/radioljubuski.ba\/index.php\/wp-json\/wp\/v2\/media?parent=223469"}],"wp:term":[{"taxonomy":"category","embeddable":true,"href":"https:\/\/radioljubuski.ba\/index.php\/wp-json\/wp\/v2\/categories?post=223469"},{"taxonomy":"post_tag","embeddable":true,"href":"https:\/\/radioljubuski.ba\/index.php\/wp-json\/wp\/v2\/tags?post=223469"}],"curies":[{"name":"wp","href":"https:\/\/api.w.org\/{rel}","templated":true}]}}