{"id":223495,"date":"2025-12-12T11:47:45","date_gmt":"2025-12-12T10:47:45","guid":{"rendered":"https:\/\/radioljubuski.ba\/?p=223495"},"modified":"2025-12-12T11:47:46","modified_gmt":"2025-12-12T10:47:46","slug":"advent-u-ljubuskom-najmladi-ljubusaci-zajednicki-posijali-bozicnu-psenicu","status":"publish","type":"post","link":"https:\/\/radioljubuski.ba\/index.php\/2025\/12\/12\/advent-u-ljubuskom-najmladi-ljubusaci-zajednicki-posijali-bozicnu-psenicu\/","title":{"rendered":"Advent u Ljubu\u0161kom: Najmla\u0111i Ljubu\u0161aci zajedni\u010dki posijali Bo\u017ei\u0107nu p\u0161enicu"},"content":{"rendered":"\n<p>Sutra, 13. prosinca, je blagdan svete Lucije, dan kada se tradicionalno sije Bo\u017ei\u0107na p\u0161enica, koja u kr\u0161\u0107anstvu simbolizira \u017eivot, obnovu i plodnost. Taj obi\u010daj o\u017eivjeli su danas u Ljubu\u0161kom najmla\u0111i, djeca polaznici vrti\u0107a s podru\u010dja grada. Njih su na prostoru sredi\u0161njeg trga do\u010dekale posudice, lopatice, zemlja i p\u0161enica. U veseloj atmosferi ispunjenoj zajedni\u010dkom pjesmom vrijeme je brzo pro\u0161lo, a djeca su uz podr\u0161ku svojih odgajateljica ozbiljno prionula poslu i svatko je s ljubavlju posijao p\u0161enicu koju su ponijeli sa sobom u vrti\u0107e. Djecu je dodatno razveselio dolazak \u201eJelke i Medenjaka\u201c koji su djeci dijelili bombone i lizalice.<\/p>\n\n\n\n<p>Ne\u0161to vi\u0161e o tom tradicionalnom obi\u010daju, za Radio Ljubu\u0161ki je kazala direktorica Turisti\u010dke zajednice Ljubu\u0161ki, Veronika Pinjuh.<\/p>\n\n\n\n<p>\u201e Izuzetno nam je zadovoljstvo \u0161to danas nastavljamo tradiciju iz prethodnih godina, sijemo Bo\u017ei\u0107nu p\u0161enicu s na\u0161im najmla\u0111im gra\u0111anima, na\u0161om dje\u010dicom koja idu u vrti\u0107e. U tome sudjeluju djeca iz svih vrti\u0107a s podru\u010dja grada Ljubu\u0161kog. Poslije \u0107e oni tu p\u0161enicu odnijeti u svoje vrti\u0107e, ali ono \u0161to \u0107e sigurno najvi\u0161e zapamtiti je lijepo dru\u017eenje s ostalom djecom iz drugih vrti\u0107a i vjerojatno da \u0107e im to ostati u dugom sje\u0107anju. Dakle, da su sudjelovali u tradicionalnom sijanju Bo\u017ei\u0107ne p\u0161enice, dru\u017eili se s djecom iz drugih vrti\u0107a i sudjelovali u manifestaciji Advent u Ljubu\u0161kom\u201c, pojasnila je Pinjuh.<\/p>\n\n\n\n<p>Kratko se osvrnula i na dosada\u0161nja doga\u0111anja na Adventu u Ljubu\u0161kom.<\/p>\n\n\n\n<p>\u201eVrijeme, brzo ide tako da smo prakti\u010dki ve\u0107 do\u0161li do pola Adventa. Op\u0107enito smo zadovoljni Adventom zato \u0161to je na svim radionicama bilo dosta posjetitelja, posebno djece, a odazvali su se i roditelji. Naglasila bi da smo i ove godine imali pilot projekt \u201eOkusi zavi\u010daja\u201c, kulinarsko natjecanje koje se odr\u017ealo dvije ve\u010deri, dvije su srijede u biti iza nas, i ve\u0107 nam se bli\u017ei ona finalna srijeda, odnosno finalno natjecanje. Zadovoljni smo interesom gra\u0111ana, na\u010dinom kako se odvijaju doga\u0111anja na Adventu i natjecateljskim ekipama. Nadamo se da \u0107emo kulinarsko natjecanje zadr\u017eati u programu i idu\u0107ih godina. Na kraju bi se zahvalila svim gra\u0111anima na strpljenju i razumijevanju&nbsp; tijekom proteklih dana. Jednostavno, zadovoljni smo posje\u0107eno\u0161\u0107u i nadamo se da \u0107e se ovako nastaviti i do kraja Adventa\u201c, izrazila je zadovoljstvo Pinjuh.<\/p>\n\n\n\n<p>Na kraju je naglasila da sve posjetitelje do kraja Adventa o\u010dekuje jo\u0161 puno zanimljivih doga\u0111aja te pozvala sve gra\u0111ane da posjete bar neko od Adventskih doga\u0111anja u Ljubu\u0161kom. Posebno je istaknula odr\u017eavanje Adventske no\u0107ne utrke koja je planirana za 20. prosinca ako vremenske prilike to dopuste.<\/p>\n\n\n\n<figure class=\"wp-block-image size-large\"><img loading=\"lazy\" decoding=\"async\" width=\"1024\" height=\"683\" src=\"https:\/\/radioljubuski.ba\/wp-content\/uploads\/2025\/12\/IMG_4591-1024x683.jpg\" alt=\"\" class=\"wp-image-223497\" srcset=\"https:\/\/radioljubuski.ba\/wp-content\/uploads\/2025\/12\/IMG_4591-1024x683.jpg 1024w, https:\/\/radioljubuski.ba\/wp-content\/uploads\/2025\/12\/IMG_4591-300x200.jpg 300w, https:\/\/radioljubuski.ba\/wp-content\/uploads\/2025\/12\/IMG_4591-768x512.jpg 768w, https:\/\/radioljubuski.ba\/wp-content\/uploads\/2025\/12\/IMG_4591-1536x1024.jpg 1536w, https:\/\/radioljubuski.ba\/wp-content\/uploads\/2025\/12\/IMG_4591-2048x1365.jpg 2048w, https:\/\/radioljubuski.ba\/wp-content\/uploads\/2025\/12\/IMG_4591-18x12.jpg 18w\" sizes=\"auto, (max-width: 1024px) 100vw, 1024px\" \/><\/figure>\n\n\n\n<figure class=\"wp-block-image size-large\"><img loading=\"lazy\" decoding=\"async\" width=\"1024\" height=\"683\" src=\"https:\/\/radioljubuski.ba\/wp-content\/uploads\/2025\/12\/IMG_4577-1024x683.jpg\" alt=\"\" class=\"wp-image-223499\" srcset=\"https:\/\/radioljubuski.ba\/wp-content\/uploads\/2025\/12\/IMG_4577-1024x683.jpg 1024w, https:\/\/radioljubuski.ba\/wp-content\/uploads\/2025\/12\/IMG_4577-300x200.jpg 300w, https:\/\/radioljubuski.ba\/wp-content\/uploads\/2025\/12\/IMG_4577-768x512.jpg 768w, https:\/\/radioljubuski.ba\/wp-content\/uploads\/2025\/12\/IMG_4577-1536x1024.jpg 1536w, https:\/\/radioljubuski.ba\/wp-content\/uploads\/2025\/12\/IMG_4577-2048x1365.jpg 2048w, https:\/\/radioljubuski.ba\/wp-content\/uploads\/2025\/12\/IMG_4577-18x12.jpg 18w\" sizes=\"auto, (max-width: 1024px) 100vw, 1024px\" \/><\/figure>\n\n\n\n<figure class=\"wp-block-image size-large\"><img loading=\"lazy\" decoding=\"async\" width=\"1024\" height=\"683\" src=\"https:\/\/radioljubuski.ba\/wp-content\/uploads\/2025\/12\/IMG_4579-1024x683.jpg\" alt=\"\" class=\"wp-image-223500\" srcset=\"https:\/\/radioljubuski.ba\/wp-content\/uploads\/2025\/12\/IMG_4579-1024x683.jpg 1024w, https:\/\/radioljubuski.ba\/wp-content\/uploads\/2025\/12\/IMG_4579-300x200.jpg 300w, https:\/\/radioljubuski.ba\/wp-content\/uploads\/2025\/12\/IMG_4579-768x512.jpg 768w, https:\/\/radioljubuski.ba\/wp-content\/uploads\/2025\/12\/IMG_4579-1536x1024.jpg 1536w, https:\/\/radioljubuski.ba\/wp-content\/uploads\/2025\/12\/IMG_4579-2048x1365.jpg 2048w, https:\/\/radioljubuski.ba\/wp-content\/uploads\/2025\/12\/IMG_4579-18x12.jpg 18w\" sizes=\"auto, (max-width: 1024px) 100vw, 1024px\" \/><\/figure>\n\n\n\n<figure class=\"wp-block-image size-large\"><img loading=\"lazy\" decoding=\"async\" width=\"1024\" height=\"683\" src=\"https:\/\/radioljubuski.ba\/wp-content\/uploads\/2025\/12\/IMG_4582-1024x683.jpg\" alt=\"\" class=\"wp-image-223501\" srcset=\"https:\/\/radioljubuski.ba\/wp-content\/uploads\/2025\/12\/IMG_4582-1024x683.jpg 1024w, https:\/\/radioljubuski.ba\/wp-content\/uploads\/2025\/12\/IMG_4582-300x200.jpg 300w, https:\/\/radioljubuski.ba\/wp-content\/uploads\/2025\/12\/IMG_4582-768x512.jpg 768w, https:\/\/radioljubuski.ba\/wp-content\/uploads\/2025\/12\/IMG_4582-1536x1024.jpg 1536w, https:\/\/radioljubuski.ba\/wp-content\/uploads\/2025\/12\/IMG_4582-2048x1365.jpg 2048w, https:\/\/radioljubuski.ba\/wp-content\/uploads\/2025\/12\/IMG_4582-18x12.jpg 18w\" sizes=\"auto, (max-width: 1024px) 100vw, 1024px\" \/><\/figure>\n\n\n\n<figure class=\"wp-block-image size-large\"><img loading=\"lazy\" decoding=\"async\" width=\"1024\" height=\"683\" src=\"https:\/\/radioljubuski.ba\/wp-content\/uploads\/2025\/12\/IMG_4584-1024x683.jpg\" alt=\"\" class=\"wp-image-223502\" srcset=\"https:\/\/radioljubuski.ba\/wp-content\/uploads\/2025\/12\/IMG_4584-1024x683.jpg 1024w, https:\/\/radioljubuski.ba\/wp-content\/uploads\/2025\/12\/IMG_4584-300x200.jpg 300w, https:\/\/radioljubuski.ba\/wp-content\/uploads\/2025\/12\/IMG_4584-768x512.jpg 768w, https:\/\/radioljubuski.ba\/wp-content\/uploads\/2025\/12\/IMG_4584-1536x1024.jpg 1536w, https:\/\/radioljubuski.ba\/wp-content\/uploads\/2025\/12\/IMG_4584-2048x1365.jpg 2048w, https:\/\/radioljubuski.ba\/wp-content\/uploads\/2025\/12\/IMG_4584-18x12.jpg 18w\" sizes=\"auto, (max-width: 1024px) 100vw, 1024px\" \/><\/figure>\n\n\n\n<figure class=\"wp-block-image size-large\"><img loading=\"lazy\" decoding=\"async\" width=\"1024\" height=\"683\" src=\"https:\/\/radioljubuski.ba\/wp-content\/uploads\/2025\/12\/IMG_4586-1024x683.jpg\" alt=\"\" class=\"wp-image-223503\" srcset=\"https:\/\/radioljubuski.ba\/wp-content\/uploads\/2025\/12\/IMG_4586-1024x683.jpg 1024w, https:\/\/radioljubuski.ba\/wp-content\/uploads\/2025\/12\/IMG_4586-300x200.jpg 300w, https:\/\/radioljubuski.ba\/wp-content\/uploads\/2025\/12\/IMG_4586-768x512.jpg 768w, https:\/\/radioljubuski.ba\/wp-content\/uploads\/2025\/12\/IMG_4586-1536x1024.jpg 1536w, https:\/\/radioljubuski.ba\/wp-content\/uploads\/2025\/12\/IMG_4586-2048x1365.jpg 2048w, https:\/\/radioljubuski.ba\/wp-content\/uploads\/2025\/12\/IMG_4586-18x12.jpg 18w\" sizes=\"auto, (max-width: 1024px) 100vw, 1024px\" \/><\/figure>\n\n\n\n<figure class=\"wp-block-image size-large\"><img loading=\"lazy\" decoding=\"async\" width=\"1024\" height=\"683\" src=\"https:\/\/radioljubuski.ba\/wp-content\/uploads\/2025\/12\/IMG_4587-1024x683.jpg\" alt=\"\" class=\"wp-image-223504\" srcset=\"https:\/\/radioljubuski.ba\/wp-content\/uploads\/2025\/12\/IMG_4587-1024x683.jpg 1024w, https:\/\/radioljubuski.ba\/wp-content\/uploads\/2025\/12\/IMG_4587-300x200.jpg 300w, https:\/\/radioljubuski.ba\/wp-content\/uploads\/2025\/12\/IMG_4587-768x512.jpg 768w, https:\/\/radioljubuski.ba\/wp-content\/uploads\/2025\/12\/IMG_4587-1536x1024.jpg 1536w, https:\/\/radioljubuski.ba\/wp-content\/uploads\/2025\/12\/IMG_4587-2048x1365.jpg 2048w, https:\/\/radioljubuski.ba\/wp-content\/uploads\/2025\/12\/IMG_4587-18x12.jpg 18w\" sizes=\"auto, (max-width: 1024px) 100vw, 1024px\" \/><\/figure>\n\n\n\n<figure class=\"wp-block-image size-large\"><img loading=\"lazy\" decoding=\"async\" width=\"1024\" height=\"683\" src=\"https:\/\/radioljubuski.ba\/wp-content\/uploads\/2025\/12\/IMG_4590-1024x683.jpg\" alt=\"\" class=\"wp-image-223505\" srcset=\"https:\/\/radioljubuski.ba\/wp-content\/uploads\/2025\/12\/IMG_4590-1024x683.jpg 1024w, https:\/\/radioljubuski.ba\/wp-content\/uploads\/2025\/12\/IMG_4590-300x200.jpg 300w, https:\/\/radioljubuski.ba\/wp-content\/uploads\/2025\/12\/IMG_4590-768x512.jpg 768w, https:\/\/radioljubuski.ba\/wp-content\/uploads\/2025\/12\/IMG_4590-1536x1024.jpg 1536w, https:\/\/radioljubuski.ba\/wp-content\/uploads\/2025\/12\/IMG_4590-2048x1365.jpg 2048w, https:\/\/radioljubuski.ba\/wp-content\/uploads\/2025\/12\/IMG_4590-18x12.jpg 18w\" sizes=\"auto, (max-width: 1024px) 100vw, 1024px\" \/><\/figure>\n\n\n\n<figure class=\"wp-block-image size-large\"><img loading=\"lazy\" decoding=\"async\" width=\"1024\" height=\"683\" src=\"https:\/\/radioljubuski.ba\/wp-content\/uploads\/2025\/12\/IMG_4591-1-1024x683.jpg\" alt=\"\" class=\"wp-image-223506\" srcset=\"https:\/\/radioljubuski.ba\/wp-content\/uploads\/2025\/12\/IMG_4591-1-1024x683.jpg 1024w, https:\/\/radioljubuski.ba\/wp-content\/uploads\/2025\/12\/IMG_4591-1-300x200.jpg 300w, https:\/\/radioljubuski.ba\/wp-content\/uploads\/2025\/12\/IMG_4591-1-768x512.jpg 768w, https:\/\/radioljubuski.ba\/wp-content\/uploads\/2025\/12\/IMG_4591-1-1536x1024.jpg 1536w, https:\/\/radioljubuski.ba\/wp-content\/uploads\/2025\/12\/IMG_4591-1-2048x1365.jpg 2048w, https:\/\/radioljubuski.ba\/wp-content\/uploads\/2025\/12\/IMG_4591-1-18x12.jpg 18w\" sizes=\"auto, (max-width: 1024px) 100vw, 1024px\" \/><\/figure>\n\n\n\n<figure class=\"wp-block-image size-large\"><img loading=\"lazy\" decoding=\"async\" width=\"1024\" height=\"683\" src=\"https:\/\/radioljubuski.ba\/wp-content\/uploads\/2025\/12\/IMG_4601-1-1024x683.jpg\" alt=\"\" class=\"wp-image-223508\" srcset=\"https:\/\/radioljubuski.ba\/wp-content\/uploads\/2025\/12\/IMG_4601-1-1024x683.jpg 1024w, https:\/\/radioljubuski.ba\/wp-content\/uploads\/2025\/12\/IMG_4601-1-300x200.jpg 300w, https:\/\/radioljubuski.ba\/wp-content\/uploads\/2025\/12\/IMG_4601-1-768x512.jpg 768w, https:\/\/radioljubuski.ba\/wp-content\/uploads\/2025\/12\/IMG_4601-1-1536x1024.jpg 1536w, https:\/\/radioljubuski.ba\/wp-content\/uploads\/2025\/12\/IMG_4601-1-2048x1365.jpg 2048w, https:\/\/radioljubuski.ba\/wp-content\/uploads\/2025\/12\/IMG_4601-1-18x12.jpg 18w\" sizes=\"auto, (max-width: 1024px) 100vw, 1024px\" \/><\/figure>\n\n\n\n<figure class=\"wp-block-image size-large\"><img loading=\"lazy\" decoding=\"async\" width=\"1024\" height=\"683\" src=\"https:\/\/radioljubuski.ba\/wp-content\/uploads\/2025\/12\/IMG_4602-1024x683.jpg\" alt=\"\" class=\"wp-image-223509\" srcset=\"https:\/\/radioljubuski.ba\/wp-content\/uploads\/2025\/12\/IMG_4602-1024x683.jpg 1024w, https:\/\/radioljubuski.ba\/wp-content\/uploads\/2025\/12\/IMG_4602-300x200.jpg 300w, https:\/\/radioljubuski.ba\/wp-content\/uploads\/2025\/12\/IMG_4602-768x512.jpg 768w, https:\/\/radioljubuski.ba\/wp-content\/uploads\/2025\/12\/IMG_4602-1536x1024.jpg 1536w, https:\/\/radioljubuski.ba\/wp-content\/uploads\/2025\/12\/IMG_4602-2048x1365.jpg 2048w, https:\/\/radioljubuski.ba\/wp-content\/uploads\/2025\/12\/IMG_4602-18x12.jpg 18w\" sizes=\"auto, (max-width: 1024px) 100vw, 1024px\" \/><\/figure>\n\n\n\n<figure class=\"wp-block-image size-large\"><img loading=\"lazy\" decoding=\"async\" width=\"1024\" height=\"683\" src=\"https:\/\/radioljubuski.ba\/wp-content\/uploads\/2025\/12\/IMG_4605-1024x683.jpg\" alt=\"\" class=\"wp-image-223510\" srcset=\"https:\/\/radioljubuski.ba\/wp-content\/uploads\/2025\/12\/IMG_4605-1024x683.jpg 1024w, https:\/\/radioljubuski.ba\/wp-content\/uploads\/2025\/12\/IMG_4605-300x200.jpg 300w, https:\/\/radioljubuski.ba\/wp-content\/uploads\/2025\/12\/IMG_4605-768x512.jpg 768w, https:\/\/radioljubuski.ba\/wp-content\/uploads\/2025\/12\/IMG_4605-1536x1024.jpg 1536w, https:\/\/radioljubuski.ba\/wp-content\/uploads\/2025\/12\/IMG_4605-2048x1365.jpg 2048w, https:\/\/radioljubuski.ba\/wp-content\/uploads\/2025\/12\/IMG_4605-18x12.jpg 18w\" sizes=\"auto, (max-width: 1024px) 100vw, 1024px\" \/><\/figure>\n\n\n\n<figure class=\"wp-block-image size-large\"><img loading=\"lazy\" decoding=\"async\" width=\"1024\" height=\"683\" src=\"https:\/\/radioljubuski.ba\/wp-content\/uploads\/2025\/12\/IMG_4611-1024x683.jpg\" alt=\"\" class=\"wp-image-223511\" srcset=\"https:\/\/radioljubuski.ba\/wp-content\/uploads\/2025\/12\/IMG_4611-1024x683.jpg 1024w, https:\/\/radioljubuski.ba\/wp-content\/uploads\/2025\/12\/IMG_4611-300x200.jpg 300w, https:\/\/radioljubuski.ba\/wp-content\/uploads\/2025\/12\/IMG_4611-768x512.jpg 768w, https:\/\/radioljubuski.ba\/wp-content\/uploads\/2025\/12\/IMG_4611-1536x1024.jpg 1536w, https:\/\/radioljubuski.ba\/wp-content\/uploads\/2025\/12\/IMG_4611-2048x1365.jpg 2048w, https:\/\/radioljubuski.ba\/wp-content\/uploads\/2025\/12\/IMG_4611-18x12.jpg 18w\" sizes=\"auto, (max-width: 1024px) 100vw, 1024px\" \/><\/figure>\n\n\n\n<figure class=\"wp-block-image size-large\"><img loading=\"lazy\" decoding=\"async\" width=\"1024\" height=\"683\" src=\"https:\/\/radioljubuski.ba\/wp-content\/uploads\/2025\/12\/IMG_4615-1024x683.jpg\" alt=\"\" class=\"wp-image-223512\" srcset=\"https:\/\/radioljubuski.ba\/wp-content\/uploads\/2025\/12\/IMG_4615-1024x683.jpg 1024w, https:\/\/radioljubuski.ba\/wp-content\/uploads\/2025\/12\/IMG_4615-300x200.jpg 300w, https:\/\/radioljubuski.ba\/wp-content\/uploads\/2025\/12\/IMG_4615-768x512.jpg 768w, https:\/\/radioljubuski.ba\/wp-content\/uploads\/2025\/12\/IMG_4615-1536x1024.jpg 1536w, https:\/\/radioljubuski.ba\/wp-content\/uploads\/2025\/12\/IMG_4615-2048x1365.jpg 2048w, https:\/\/radioljubuski.ba\/wp-content\/uploads\/2025\/12\/IMG_4615-18x12.jpg 18w\" sizes=\"auto, (max-width: 1024px) 100vw, 1024px\" \/><\/figure>\n\n\n\n<figure class=\"wp-block-image size-large\"><img loading=\"lazy\" decoding=\"async\" width=\"1024\" height=\"683\" src=\"https:\/\/radioljubuski.ba\/wp-content\/uploads\/2025\/12\/IMG_4617-1024x683.jpg\" alt=\"\" class=\"wp-image-223513\" srcset=\"https:\/\/radioljubuski.ba\/wp-content\/uploads\/2025\/12\/IMG_4617-1024x683.jpg 1024w, https:\/\/radioljubuski.ba\/wp-content\/uploads\/2025\/12\/IMG_4617-300x200.jpg 300w, https:\/\/radioljubuski.ba\/wp-content\/uploads\/2025\/12\/IMG_4617-768x512.jpg 768w, https:\/\/radioljubuski.ba\/wp-content\/uploads\/2025\/12\/IMG_4617-1536x1024.jpg 1536w, https:\/\/radioljubuski.ba\/wp-content\/uploads\/2025\/12\/IMG_4617-2048x1365.jpg 2048w, https:\/\/radioljubuski.ba\/wp-content\/uploads\/2025\/12\/IMG_4617-18x12.jpg 18w\" sizes=\"auto, (max-width: 1024px) 100vw, 1024px\" \/><\/figure>\n\n\n\n<figure class=\"wp-block-image size-large\"><img loading=\"lazy\" decoding=\"async\" width=\"1024\" height=\"683\" src=\"https:\/\/radioljubuski.ba\/wp-content\/uploads\/2025\/12\/IMG_4619-1024x683.jpg\" alt=\"\" class=\"wp-image-223514\" srcset=\"https:\/\/radioljubuski.ba\/wp-content\/uploads\/2025\/12\/IMG_4619-1024x683.jpg 1024w, https:\/\/radioljubuski.ba\/wp-content\/uploads\/2025\/12\/IMG_4619-300x200.jpg 300w, https:\/\/radioljubuski.ba\/wp-content\/uploads\/2025\/12\/IMG_4619-768x512.jpg 768w, https:\/\/radioljubuski.ba\/wp-content\/uploads\/2025\/12\/IMG_4619-1536x1024.jpg 1536w, https:\/\/radioljubuski.ba\/wp-content\/uploads\/2025\/12\/IMG_4619-2048x1365.jpg 2048w, https:\/\/radioljubuski.ba\/wp-content\/uploads\/2025\/12\/IMG_4619-18x12.jpg 18w\" sizes=\"auto, (max-width: 1024px) 100vw, 1024px\" \/><\/figure>\n\n\n\n<figure class=\"wp-block-image size-large\"><img loading=\"lazy\" decoding=\"async\" width=\"1024\" height=\"683\" src=\"https:\/\/radioljubuski.ba\/wp-content\/uploads\/2025\/12\/IMG_4620-1024x683.jpg\" alt=\"\" class=\"wp-image-223515\" srcset=\"https:\/\/radioljubuski.ba\/wp-content\/uploads\/2025\/12\/IMG_4620-1024x683.jpg 1024w, https:\/\/radioljubuski.ba\/wp-content\/uploads\/2025\/12\/IMG_4620-300x200.jpg 300w, https:\/\/radioljubuski.ba\/wp-content\/uploads\/2025\/12\/IMG_4620-768x512.jpg 768w, https:\/\/radioljubuski.ba\/wp-content\/uploads\/2025\/12\/IMG_4620-1536x1024.jpg 1536w, https:\/\/radioljubuski.ba\/wp-content\/uploads\/2025\/12\/IMG_4620-2048x1365.jpg 2048w, https:\/\/radioljubuski.ba\/wp-content\/uploads\/2025\/12\/IMG_4620-18x12.jpg 18w\" sizes=\"auto, (max-width: 1024px) 100vw, 1024px\" \/><\/figure>\n\n\n\n<figure class=\"wp-block-image size-large\"><img loading=\"lazy\" decoding=\"async\" width=\"1024\" height=\"683\" src=\"https:\/\/radioljubuski.ba\/wp-content\/uploads\/2025\/12\/IMG_4626-1024x683.jpg\" alt=\"\" class=\"wp-image-223516\" srcset=\"https:\/\/radioljubuski.ba\/wp-content\/uploads\/2025\/12\/IMG_4626-1024x683.jpg 1024w, https:\/\/radioljubuski.ba\/wp-content\/uploads\/2025\/12\/IMG_4626-300x200.jpg 300w, https:\/\/radioljubuski.ba\/wp-content\/uploads\/2025\/12\/IMG_4626-768x512.jpg 768w, https:\/\/radioljubuski.ba\/wp-content\/uploads\/2025\/12\/IMG_4626-1536x1024.jpg 1536w, https:\/\/radioljubuski.ba\/wp-content\/uploads\/2025\/12\/IMG_4626-2048x1365.jpg 2048w, https:\/\/radioljubuski.ba\/wp-content\/uploads\/2025\/12\/IMG_4626-18x12.jpg 18w\" sizes=\"auto, (max-width: 1024px) 100vw, 1024px\" \/><\/figure>\n\n\n\n<figure class=\"wp-block-image size-large\"><img loading=\"lazy\" decoding=\"async\" width=\"1024\" height=\"683\" src=\"https:\/\/radioljubuski.ba\/wp-content\/uploads\/2025\/12\/IMG_4627-1024x683.jpg\" alt=\"\" class=\"wp-image-223517\" srcset=\"https:\/\/radioljubuski.ba\/wp-content\/uploads\/2025\/12\/IMG_4627-1024x683.jpg 1024w, https:\/\/radioljubuski.ba\/wp-content\/uploads\/2025\/12\/IMG_4627-300x200.jpg 300w, https:\/\/radioljubuski.ba\/wp-content\/uploads\/2025\/12\/IMG_4627-768x512.jpg 768w, https:\/\/radioljubuski.ba\/wp-content\/uploads\/2025\/12\/IMG_4627-1536x1024.jpg 1536w, https:\/\/radioljubuski.ba\/wp-content\/uploads\/2025\/12\/IMG_4627-2048x1365.jpg 2048w, https:\/\/radioljubuski.ba\/wp-content\/uploads\/2025\/12\/IMG_4627-18x12.jpg 18w\" sizes=\"auto, (max-width: 1024px) 100vw, 1024px\" \/><\/figure>\n\n\n\n<figure class=\"wp-block-image size-large\"><img loading=\"lazy\" decoding=\"async\" width=\"1024\" height=\"683\" src=\"https:\/\/radioljubuski.ba\/wp-content\/uploads\/2025\/12\/IMG_4629-1024x683.jpg\" alt=\"\" class=\"wp-image-223518\" srcset=\"https:\/\/radioljubuski.ba\/wp-content\/uploads\/2025\/12\/IMG_4629-1024x683.jpg 1024w, https:\/\/radioljubuski.ba\/wp-content\/uploads\/2025\/12\/IMG_4629-300x200.jpg 300w, https:\/\/radioljubuski.ba\/wp-content\/uploads\/2025\/12\/IMG_4629-768x512.jpg 768w, https:\/\/radioljubuski.ba\/wp-content\/uploads\/2025\/12\/IMG_4629-1536x1024.jpg 1536w, https:\/\/radioljubuski.ba\/wp-content\/uploads\/2025\/12\/IMG_4629-2048x1365.jpg 2048w, https:\/\/radioljubuski.ba\/wp-content\/uploads\/2025\/12\/IMG_4629-18x12.jpg 18w\" sizes=\"auto, (max-width: 1024px) 100vw, 1024px\" \/><\/figure>\n\n\n\n<figure class=\"wp-block-image size-large\"><img loading=\"lazy\" decoding=\"async\" width=\"1024\" height=\"683\" src=\"https:\/\/radioljubuski.ba\/wp-content\/uploads\/2025\/12\/IMG_4630-1024x683.jpg\" alt=\"\" class=\"wp-image-223519\" srcset=\"https:\/\/radioljubuski.ba\/wp-content\/uploads\/2025\/12\/IMG_4630-1024x683.jpg 1024w, https:\/\/radioljubuski.ba\/wp-content\/uploads\/2025\/12\/IMG_4630-300x200.jpg 300w, https:\/\/radioljubuski.ba\/wp-content\/uploads\/2025\/12\/IMG_4630-768x512.jpg 768w, https:\/\/radioljubuski.ba\/wp-content\/uploads\/2025\/12\/IMG_4630-1536x1024.jpg 1536w, https:\/\/radioljubuski.ba\/wp-content\/uploads\/2025\/12\/IMG_4630-2048x1365.jpg 2048w, https:\/\/radioljubuski.ba\/wp-content\/uploads\/2025\/12\/IMG_4630-18x12.jpg 18w\" sizes=\"auto, (max-width: 1024px) 100vw, 1024px\" \/><\/figure>\n\n\n\n<p>Radio Ljubu\u0161ki<\/p>\n","protected":false},"excerpt":{"rendered":"<p>Sutra, 13. prosinca, je blagdan svete Lucije, dan kada se tradicionalno sije Bo\u017ei\u0107na p\u0161enica, koja u kr\u0161\u0107anstvu simbolizira \u017eivot, obnovu i plodnost. Taj obi\u010daj o\u017eivjeli su danas u Ljubu\u0161kom najmla\u0111i, djeca polaznici vrti\u0107a s podru\u010dja grada. Njih su na prostoru sredi\u0161njeg trga do\u010dekale posudice, lopatice, zemlja i p\u0161enica. U veseloj atmosferi ispunjenoj zajedni\u010dkom pjesmom vrijeme [&hellip;]<\/p>\n","protected":false},"author":2,"featured_media":223507,"comment_status":"closed","ping_status":"closed","sticky":false,"template":"","format":"standard","meta":{"h5ap_radio_sources":[],"footnotes":""},"categories":[3,28],"tags":[],"class_list":["post-223495","post","type-post","status-publish","format-standard","has-post-thumbnail","hentry","category-ljubuski","category-novosti"],"yoast_head":"<!-- This site is optimized with the Yoast SEO plugin v27.5 - https:\/\/yoast.com\/product\/yoast-seo-wordpress\/ -->\n<title>Advent u Ljubu\u0161kom: Najmla\u0111i Ljubu\u0161aci zajedni\u010dki posijali Bo\u017ei\u0107nu p\u0161enicu - RADIO LJUBU\u0160KI<\/title>\n<meta name=\"robots\" content=\"index, follow, max-snippet:-1, max-image-preview:large, max-video-preview:-1\" \/>\n<link rel=\"canonical\" href=\"https:\/\/radioljubuski.ba\/index.php\/2025\/12\/12\/advent-u-ljubuskom-najmladi-ljubusaci-zajednicki-posijali-bozicnu-psenicu\/\" \/>\n<meta property=\"og:locale\" content=\"hr_HR\" \/>\n<meta property=\"og:type\" content=\"article\" \/>\n<meta property=\"og:title\" content=\"Advent u Ljubu\u0161kom: Najmla\u0111i Ljubu\u0161aci zajedni\u010dki posijali Bo\u017ei\u0107nu p\u0161enicu - RADIO LJUBU\u0160KI\" \/>\n<meta property=\"og:description\" content=\"Sutra, 13. prosinca, je blagdan svete Lucije, dan kada se tradicionalno sije Bo\u017ei\u0107na p\u0161enica, koja u kr\u0161\u0107anstvu simbolizira \u017eivot, obnovu i plodnost. Taj obi\u010daj o\u017eivjeli su danas u Ljubu\u0161kom najmla\u0111i, djeca polaznici vrti\u0107a s podru\u010dja grada. Njih su na prostoru sredi\u0161njeg trga do\u010dekale posudice, lopatice, zemlja i p\u0161enica. U veseloj atmosferi ispunjenoj zajedni\u010dkom pjesmom vrijeme [&hellip;]\" \/>\n<meta property=\"og:url\" content=\"https:\/\/radioljubuski.ba\/index.php\/2025\/12\/12\/advent-u-ljubuskom-najmladi-ljubusaci-zajednicki-posijali-bozicnu-psenicu\/\" \/>\n<meta property=\"og:site_name\" content=\"RADIO LJUBU\u0160KI\" \/>\n<meta property=\"article:publisher\" content=\"https:\/\/www.facebook.com\/Radiio-Ljubuski-1490835324566332\" \/>\n<meta property=\"article:published_time\" content=\"2025-12-12T10:47:45+00:00\" \/>\n<meta property=\"article:modified_time\" content=\"2025-12-12T10:47:46+00:00\" \/>\n<meta property=\"og:image\" content=\"https:\/\/radioljubuski.ba\/wp-content\/uploads\/2025\/12\/IMG_4593.jpg\" \/>\n\t<meta property=\"og:image:width\" content=\"2400\" \/>\n\t<meta property=\"og:image:height\" content=\"1600\" \/>\n\t<meta property=\"og:image:type\" content=\"image\/jpeg\" \/>\n<meta name=\"author\" content=\"Radio Ljubu\u0161ki\" \/>\n<meta name=\"twitter:card\" content=\"summary_large_image\" \/>\n<meta name=\"twitter:creator\" content=\"@radioljubuski\" \/>\n<meta name=\"twitter:site\" content=\"@radioljubuski\" \/>\n<meta name=\"twitter:label1\" content=\"Napisao\/la\" \/>\n\t<meta name=\"twitter:data1\" content=\"Radio Ljubu\u0161ki\" \/>\n\t<meta name=\"twitter:label2\" content=\"Procijenjeno vrijeme \u010ditanja\" \/>\n\t<meta name=\"twitter:data2\" content=\"7 minuta\" \/>\n<script type=\"application\/ld+json\" class=\"yoast-schema-graph\">{\"@context\":\"https:\\\/\\\/schema.org\",\"@graph\":[{\"@type\":\"Article\",\"@id\":\"https:\\\/\\\/radioljubuski.ba\\\/index.php\\\/2025\\\/12\\\/12\\\/advent-u-ljubuskom-najmladi-ljubusaci-zajednicki-posijali-bozicnu-psenicu\\\/#article\",\"isPartOf\":{\"@id\":\"https:\\\/\\\/radioljubuski.ba\\\/index.php\\\/2025\\\/12\\\/12\\\/advent-u-ljubuskom-najmladi-ljubusaci-zajednicki-posijali-bozicnu-psenicu\\\/\"},\"author\":{\"name\":\"Radio Ljubu\u0161ki\",\"@id\":\"https:\\\/\\\/radioljubuski.ba\\\/#\\\/schema\\\/person\\\/19fc700381a780f69665d7956c469e3b\"},\"headline\":\"Advent u Ljubu\u0161kom: Najmla\u0111i Ljubu\u0161aci zajedni\u010dki posijali Bo\u017ei\u0107nu p\u0161enicu\",\"datePublished\":\"2025-12-12T10:47:45+00:00\",\"dateModified\":\"2025-12-12T10:47:46+00:00\",\"mainEntityOfPage\":{\"@id\":\"https:\\\/\\\/radioljubuski.ba\\\/index.php\\\/2025\\\/12\\\/12\\\/advent-u-ljubuskom-najmladi-ljubusaci-zajednicki-posijali-bozicnu-psenicu\\\/\"},\"wordCount\":488,\"publisher\":{\"@id\":\"https:\\\/\\\/radioljubuski.ba\\\/#organization\"},\"image\":{\"@id\":\"https:\\\/\\\/radioljubuski.ba\\\/index.php\\\/2025\\\/12\\\/12\\\/advent-u-ljubuskom-najmladi-ljubusaci-zajednicki-posijali-bozicnu-psenicu\\\/#primaryimage\"},\"thumbnailUrl\":\"https:\\\/\\\/radioljubuski.ba\\\/wp-content\\\/uploads\\\/2025\\\/12\\\/IMG_4593.jpg\",\"articleSection\":[\"Ljubu\u0161ki\",\"Novosti\"],\"inLanguage\":\"hr\"},{\"@type\":\"WebPage\",\"@id\":\"https:\\\/\\\/radioljubuski.ba\\\/index.php\\\/2025\\\/12\\\/12\\\/advent-u-ljubuskom-najmladi-ljubusaci-zajednicki-posijali-bozicnu-psenicu\\\/\",\"url\":\"https:\\\/\\\/radioljubuski.ba\\\/index.php\\\/2025\\\/12\\\/12\\\/advent-u-ljubuskom-najmladi-ljubusaci-zajednicki-posijali-bozicnu-psenicu\\\/\",\"name\":\"Advent u Ljubu\u0161kom: Najmla\u0111i Ljubu\u0161aci zajedni\u010dki posijali Bo\u017ei\u0107nu p\u0161enicu - RADIO LJUBU\u0160KI\",\"isPartOf\":{\"@id\":\"https:\\\/\\\/radioljubuski.ba\\\/#website\"},\"primaryImageOfPage\":{\"@id\":\"https:\\\/\\\/radioljubuski.ba\\\/index.php\\\/2025\\\/12\\\/12\\\/advent-u-ljubuskom-najmladi-ljubusaci-zajednicki-posijali-bozicnu-psenicu\\\/#primaryimage\"},\"image\":{\"@id\":\"https:\\\/\\\/radioljubuski.ba\\\/index.php\\\/2025\\\/12\\\/12\\\/advent-u-ljubuskom-najmladi-ljubusaci-zajednicki-posijali-bozicnu-psenicu\\\/#primaryimage\"},\"thumbnailUrl\":\"https:\\\/\\\/radioljubuski.ba\\\/wp-content\\\/uploads\\\/2025\\\/12\\\/IMG_4593.jpg\",\"datePublished\":\"2025-12-12T10:47:45+00:00\",\"dateModified\":\"2025-12-12T10:47:46+00:00\",\"breadcrumb\":{\"@id\":\"https:\\\/\\\/radioljubuski.ba\\\/index.php\\\/2025\\\/12\\\/12\\\/advent-u-ljubuskom-najmladi-ljubusaci-zajednicki-posijali-bozicnu-psenicu\\\/#breadcrumb\"},\"inLanguage\":\"hr\",\"potentialAction\":[{\"@type\":\"ReadAction\",\"target\":[\"https:\\\/\\\/radioljubuski.ba\\\/index.php\\\/2025\\\/12\\\/12\\\/advent-u-ljubuskom-najmladi-ljubusaci-zajednicki-posijali-bozicnu-psenicu\\\/\"]}]},{\"@type\":\"ImageObject\",\"inLanguage\":\"hr\",\"@id\":\"https:\\\/\\\/radioljubuski.ba\\\/index.php\\\/2025\\\/12\\\/12\\\/advent-u-ljubuskom-najmladi-ljubusaci-zajednicki-posijali-bozicnu-psenicu\\\/#primaryimage\",\"url\":\"https:\\\/\\\/radioljubuski.ba\\\/wp-content\\\/uploads\\\/2025\\\/12\\\/IMG_4593.jpg\",\"contentUrl\":\"https:\\\/\\\/radioljubuski.ba\\\/wp-content\\\/uploads\\\/2025\\\/12\\\/IMG_4593.jpg\",\"width\":2400,\"height\":1600},{\"@type\":\"BreadcrumbList\",\"@id\":\"https:\\\/\\\/radioljubuski.ba\\\/index.php\\\/2025\\\/12\\\/12\\\/advent-u-ljubuskom-najmladi-ljubusaci-zajednicki-posijali-bozicnu-psenicu\\\/#breadcrumb\",\"itemListElement\":[{\"@type\":\"ListItem\",\"position\":1,\"name\":\"Po\u010detna stranica\",\"item\":\"https:\\\/\\\/radioljubuski.ba\\\/\"},{\"@type\":\"ListItem\",\"position\":2,\"name\":\"Advent u Ljubu\u0161kom: Najmla\u0111i Ljubu\u0161aci zajedni\u010dki posijali Bo\u017ei\u0107nu p\u0161enicu\"}]},{\"@type\":\"WebSite\",\"@id\":\"https:\\\/\\\/radioljubuski.ba\\\/#website\",\"url\":\"https:\\\/\\\/radioljubuski.ba\\\/\",\"name\":\"Radio Ljubu\u0161ki\",\"description\":\"Sun\u010dana frekvencija Hercegovine\",\"publisher\":{\"@id\":\"https:\\\/\\\/radioljubuski.ba\\\/#organization\"},\"potentialAction\":[{\"@type\":\"SearchAction\",\"target\":{\"@type\":\"EntryPoint\",\"urlTemplate\":\"https:\\\/\\\/radioljubuski.ba\\\/?s={search_term_string}\"},\"query-input\":{\"@type\":\"PropertyValueSpecification\",\"valueRequired\":true,\"valueName\":\"search_term_string\"}}],\"inLanguage\":\"hr\"},{\"@type\":\"Organization\",\"@id\":\"https:\\\/\\\/radioljubuski.ba\\\/#organization\",\"name\":\"Radio Ljubu\u0161ki\",\"url\":\"https:\\\/\\\/radioljubuski.ba\\\/\",\"logo\":{\"@type\":\"ImageObject\",\"inLanguage\":\"hr\",\"@id\":\"https:\\\/\\\/radioljubuski.ba\\\/#\\\/schema\\\/logo\\\/image\\\/\",\"url\":\"https:\\\/\\\/radioljubuski.ba\\\/wp-content\\\/uploads\\\/2021\\\/02\\\/cropped-Radio_Ljubuski_logo1.jpg\",\"contentUrl\":\"https:\\\/\\\/radioljubuski.ba\\\/wp-content\\\/uploads\\\/2021\\\/02\\\/cropped-Radio_Ljubuski_logo1.jpg\",\"width\":512,\"height\":512,\"caption\":\"Radio Ljubu\u0161ki\"},\"image\":{\"@id\":\"https:\\\/\\\/radioljubuski.ba\\\/#\\\/schema\\\/logo\\\/image\\\/\"},\"sameAs\":[\"https:\\\/\\\/www.facebook.com\\\/Radiio-Ljubuski-1490835324566332\",\"https:\\\/\\\/x.com\\\/radioljubuski\",\"https:\\\/\\\/hr.linkedin.com\\\/company\\\/radio-ljubuski\",\"https:\\\/\\\/www.youtube.com\\\/channel\\\/UCHYaeO_n0Db3tjNGudGpXyw\"]},{\"@type\":\"Person\",\"@id\":\"https:\\\/\\\/radioljubuski.ba\\\/#\\\/schema\\\/person\\\/19fc700381a780f69665d7956c469e3b\",\"name\":\"Radio Ljubu\u0161ki\"}]}<\/script>\n<!-- \/ Yoast SEO plugin. -->","yoast_head_json":{"title":"Advent u Ljubu\u0161kom: Najmla\u0111i Ljubu\u0161aci zajedni\u010dki posijali Bo\u017ei\u0107nu p\u0161enicu - RADIO LJUBU\u0160KI","robots":{"index":"index","follow":"follow","max-snippet":"max-snippet:-1","max-image-preview":"max-image-preview:large","max-video-preview":"max-video-preview:-1"},"canonical":"https:\/\/radioljubuski.ba\/index.php\/2025\/12\/12\/advent-u-ljubuskom-najmladi-ljubusaci-zajednicki-posijali-bozicnu-psenicu\/","og_locale":"hr_HR","og_type":"article","og_title":"Advent u Ljubu\u0161kom: Najmla\u0111i Ljubu\u0161aci zajedni\u010dki posijali Bo\u017ei\u0107nu p\u0161enicu - RADIO LJUBU\u0160KI","og_description":"Sutra, 13. prosinca, je blagdan svete Lucije, dan kada se tradicionalno sije Bo\u017ei\u0107na p\u0161enica, koja u kr\u0161\u0107anstvu simbolizira \u017eivot, obnovu i plodnost. Taj obi\u010daj o\u017eivjeli su danas u Ljubu\u0161kom najmla\u0111i, djeca polaznici vrti\u0107a s podru\u010dja grada. Njih su na prostoru sredi\u0161njeg trga do\u010dekale posudice, lopatice, zemlja i p\u0161enica. U veseloj atmosferi ispunjenoj zajedni\u010dkom pjesmom vrijeme [&hellip;]","og_url":"https:\/\/radioljubuski.ba\/index.php\/2025\/12\/12\/advent-u-ljubuskom-najmladi-ljubusaci-zajednicki-posijali-bozicnu-psenicu\/","og_site_name":"RADIO LJUBU\u0160KI","article_publisher":"https:\/\/www.facebook.com\/Radiio-Ljubuski-1490835324566332","article_published_time":"2025-12-12T10:47:45+00:00","article_modified_time":"2025-12-12T10:47:46+00:00","og_image":[{"width":2400,"height":1600,"url":"https:\/\/radioljubuski.ba\/wp-content\/uploads\/2025\/12\/IMG_4593.jpg","type":"image\/jpeg"}],"author":"Radio Ljubu\u0161ki","twitter_card":"summary_large_image","twitter_creator":"@radioljubuski","twitter_site":"@radioljubuski","twitter_misc":{"Napisao\/la":"Radio Ljubu\u0161ki","Procijenjeno vrijeme \u010ditanja":"7 minuta"},"schema":{"@context":"https:\/\/schema.org","@graph":[{"@type":"Article","@id":"https:\/\/radioljubuski.ba\/index.php\/2025\/12\/12\/advent-u-ljubuskom-najmladi-ljubusaci-zajednicki-posijali-bozicnu-psenicu\/#article","isPartOf":{"@id":"https:\/\/radioljubuski.ba\/index.php\/2025\/12\/12\/advent-u-ljubuskom-najmladi-ljubusaci-zajednicki-posijali-bozicnu-psenicu\/"},"author":{"name":"Radio Ljubu\u0161ki","@id":"https:\/\/radioljubuski.ba\/#\/schema\/person\/19fc700381a780f69665d7956c469e3b"},"headline":"Advent u Ljubu\u0161kom: Najmla\u0111i Ljubu\u0161aci zajedni\u010dki posijali Bo\u017ei\u0107nu p\u0161enicu","datePublished":"2025-12-12T10:47:45+00:00","dateModified":"2025-12-12T10:47:46+00:00","mainEntityOfPage":{"@id":"https:\/\/radioljubuski.ba\/index.php\/2025\/12\/12\/advent-u-ljubuskom-najmladi-ljubusaci-zajednicki-posijali-bozicnu-psenicu\/"},"wordCount":488,"publisher":{"@id":"https:\/\/radioljubuski.ba\/#organization"},"image":{"@id":"https:\/\/radioljubuski.ba\/index.php\/2025\/12\/12\/advent-u-ljubuskom-najmladi-ljubusaci-zajednicki-posijali-bozicnu-psenicu\/#primaryimage"},"thumbnailUrl":"https:\/\/radioljubuski.ba\/wp-content\/uploads\/2025\/12\/IMG_4593.jpg","articleSection":["Ljubu\u0161ki","Novosti"],"inLanguage":"hr"},{"@type":"WebPage","@id":"https:\/\/radioljubuski.ba\/index.php\/2025\/12\/12\/advent-u-ljubuskom-najmladi-ljubusaci-zajednicki-posijali-bozicnu-psenicu\/","url":"https:\/\/radioljubuski.ba\/index.php\/2025\/12\/12\/advent-u-ljubuskom-najmladi-ljubusaci-zajednicki-posijali-bozicnu-psenicu\/","name":"Advent u Ljubu\u0161kom: Najmla\u0111i Ljubu\u0161aci zajedni\u010dki posijali Bo\u017ei\u0107nu p\u0161enicu - RADIO LJUBU\u0160KI","isPartOf":{"@id":"https:\/\/radioljubuski.ba\/#website"},"primaryImageOfPage":{"@id":"https:\/\/radioljubuski.ba\/index.php\/2025\/12\/12\/advent-u-ljubuskom-najmladi-ljubusaci-zajednicki-posijali-bozicnu-psenicu\/#primaryimage"},"image":{"@id":"https:\/\/radioljubuski.ba\/index.php\/2025\/12\/12\/advent-u-ljubuskom-najmladi-ljubusaci-zajednicki-posijali-bozicnu-psenicu\/#primaryimage"},"thumbnailUrl":"https:\/\/radioljubuski.ba\/wp-content\/uploads\/2025\/12\/IMG_4593.jpg","datePublished":"2025-12-12T10:47:45+00:00","dateModified":"2025-12-12T10:47:46+00:00","breadcrumb":{"@id":"https:\/\/radioljubuski.ba\/index.php\/2025\/12\/12\/advent-u-ljubuskom-najmladi-ljubusaci-zajednicki-posijali-bozicnu-psenicu\/#breadcrumb"},"inLanguage":"hr","potentialAction":[{"@type":"ReadAction","target":["https:\/\/radioljubuski.ba\/index.php\/2025\/12\/12\/advent-u-ljubuskom-najmladi-ljubusaci-zajednicki-posijali-bozicnu-psenicu\/"]}]},{"@type":"ImageObject","inLanguage":"hr","@id":"https:\/\/radioljubuski.ba\/index.php\/2025\/12\/12\/advent-u-ljubuskom-najmladi-ljubusaci-zajednicki-posijali-bozicnu-psenicu\/#primaryimage","url":"https:\/\/radioljubuski.ba\/wp-content\/uploads\/2025\/12\/IMG_4593.jpg","contentUrl":"https:\/\/radioljubuski.ba\/wp-content\/uploads\/2025\/12\/IMG_4593.jpg","width":2400,"height":1600},{"@type":"BreadcrumbList","@id":"https:\/\/radioljubuski.ba\/index.php\/2025\/12\/12\/advent-u-ljubuskom-najmladi-ljubusaci-zajednicki-posijali-bozicnu-psenicu\/#breadcrumb","itemListElement":[{"@type":"ListItem","position":1,"name":"Po\u010detna stranica","item":"https:\/\/radioljubuski.ba\/"},{"@type":"ListItem","position":2,"name":"Advent u Ljubu\u0161kom: Najmla\u0111i Ljubu\u0161aci zajedni\u010dki posijali Bo\u017ei\u0107nu p\u0161enicu"}]},{"@type":"WebSite","@id":"https:\/\/radioljubuski.ba\/#website","url":"https:\/\/radioljubuski.ba\/","name":"Radio Ljubu\u0161ki","description":"Sun\u010dana frekvencija Hercegovine","publisher":{"@id":"https:\/\/radioljubuski.ba\/#organization"},"potentialAction":[{"@type":"SearchAction","target":{"@type":"EntryPoint","urlTemplate":"https:\/\/radioljubuski.ba\/?s={search_term_string}"},"query-input":{"@type":"PropertyValueSpecification","valueRequired":true,"valueName":"search_term_string"}}],"inLanguage":"hr"},{"@type":"Organization","@id":"https:\/\/radioljubuski.ba\/#organization","name":"Radio Ljubu\u0161ki","url":"https:\/\/radioljubuski.ba\/","logo":{"@type":"ImageObject","inLanguage":"hr","@id":"https:\/\/radioljubuski.ba\/#\/schema\/logo\/image\/","url":"https:\/\/radioljubuski.ba\/wp-content\/uploads\/2021\/02\/cropped-Radio_Ljubuski_logo1.jpg","contentUrl":"https:\/\/radioljubuski.ba\/wp-content\/uploads\/2021\/02\/cropped-Radio_Ljubuski_logo1.jpg","width":512,"height":512,"caption":"Radio Ljubu\u0161ki"},"image":{"@id":"https:\/\/radioljubuski.ba\/#\/schema\/logo\/image\/"},"sameAs":["https:\/\/www.facebook.com\/Radiio-Ljubuski-1490835324566332","https:\/\/x.com\/radioljubuski","https:\/\/hr.linkedin.com\/company\/radio-ljubuski","https:\/\/www.youtube.com\/channel\/UCHYaeO_n0Db3tjNGudGpXyw"]},{"@type":"Person","@id":"https:\/\/radioljubuski.ba\/#\/schema\/person\/19fc700381a780f69665d7956c469e3b","name":"Radio Ljubu\u0161ki"}]}},"_links":{"self":[{"href":"https:\/\/radioljubuski.ba\/index.php\/wp-json\/wp\/v2\/posts\/223495","targetHints":{"allow":["GET"]}}],"collection":[{"href":"https:\/\/radioljubuski.ba\/index.php\/wp-json\/wp\/v2\/posts"}],"about":[{"href":"https:\/\/radioljubuski.ba\/index.php\/wp-json\/wp\/v2\/types\/post"}],"author":[{"embeddable":true,"href":"https:\/\/radioljubuski.ba\/index.php\/wp-json\/wp\/v2\/users\/2"}],"replies":[{"embeddable":true,"href":"https:\/\/radioljubuski.ba\/index.php\/wp-json\/wp\/v2\/comments?post=223495"}],"version-history":[{"count":1,"href":"https:\/\/radioljubuski.ba\/index.php\/wp-json\/wp\/v2\/posts\/223495\/revisions"}],"predecessor-version":[{"id":223520,"href":"https:\/\/radioljubuski.ba\/index.php\/wp-json\/wp\/v2\/posts\/223495\/revisions\/223520"}],"wp:featuredmedia":[{"embeddable":true,"href":"https:\/\/radioljubuski.ba\/index.php\/wp-json\/wp\/v2\/media\/223507"}],"wp:attachment":[{"href":"https:\/\/radioljubuski.ba\/index.php\/wp-json\/wp\/v2\/media?parent=223495"}],"wp:term":[{"taxonomy":"category","embeddable":true,"href":"https:\/\/radioljubuski.ba\/index.php\/wp-json\/wp\/v2\/categories?post=223495"},{"taxonomy":"post_tag","embeddable":true,"href":"https:\/\/radioljubuski.ba\/index.php\/wp-json\/wp\/v2\/tags?post=223495"}],"curies":[{"name":"wp","href":"https:\/\/api.w.org\/{rel}","templated":true}]}}