{"id":224041,"date":"2025-12-29T13:40:56","date_gmt":"2025-12-29T12:40:56","guid":{"rendered":"https:\/\/radioljubuski.ba\/?p=224041"},"modified":"2025-12-29T13:40:57","modified_gmt":"2025-12-29T12:40:57","slug":"ljubuski-humanitarni-kviz-okupio-28-ekipa-prikupljeno-6-92800-km","status":"publish","type":"post","link":"https:\/\/radioljubuski.ba\/index.php\/2025\/12\/29\/ljubuski-humanitarni-kviz-okupio-28-ekipa-prikupljeno-6-92800-km\/","title":{"rendered":"Ljubu\u0161ki: Humanitarni kviz okupio 28.ekipa, prikupljeno 6.928,00 KM"},"content":{"rendered":"\n<p><\/p>\n\n\n\n<p>U caffe baru Time u Ljubu\u0161kom odr\u017ean je V. Humanitarni sportski kviz u organizaciji kviza\u0161ke ekipe R\u0111e Ljubu\u0161ki \u201994. Kviz je okupio 28 ekipa, a ve\u010der je protekla u odli\u010dnoj atmosferi u kojoj su se spojili sportsko znanje, natjecateljski duh i zajedni\u010dka \u017eelja da se pomogne onima kojima je pomo\u0107 najpotrebnija.<\/p>\n\n\n\n<p>Humanitarni cilj bio je jasno u sredi\u0161tu doga\u0111aja. Prikupljeno je ukupno <strong>6.928,00 KM,<\/strong> a sredstva su raspodijeljena na slijede\u0107i na\u010din<\/p>\n\n\n\n<p>&#8211; Edukacijsko-rehabilitacijskom centru za djecu, mlade i odrasle osobe s te\u0161ko\u0107ama u razvoju Ljubu\u0161ki  iznos od <strong>3. 464, 00 KM,<\/strong><\/p>\n\n\n\n<p>&#8211; Udruga roditelja djece s posebnim potrebama \u201eDuga\u201c Ljubu\u0161ki<strong> 3. 464, 00 KM<\/strong><\/p>\n\n\n\n<p>Dodatni doprinos humanitarnoj akciji dala je i bogata tombola s vi\u0161e od 50 nagrada, omogu\u0107ena zahvaljuju\u0107i brojnim sponzorima, kojima organizatori upu\u0107uju iskrenu zahvalu. Velik odaziv ekipa i sudionika jo\u0161 jednom je pokazao koliko ovakvi doga\u0111aji imaju podr\u0161ku u lokalnoj zajednici.<\/p>\n\n\n\n<p>U natjecateljskom dijelu kviza prvo mjesto osvojila je \u0160irokobrije\u0161ka ekipa \u201eRo\u0111o nosi \u0161kare\u201c sa 51 bodom, drugo mjesto pripalo je Mostarskoj ekipi \u201eGdje Dunga ljubi nebo\u201c sa 48 bodova, dok su tre\u0107e mjesto zauzeli Imo\u0107ani okupljeni u ekipu \u201eBrkovi Ivana Katalini\u0107a\u201c sa 43 boda.<\/p>\n\n\n\n<p>V. Humanitarni sportski kviz potvrdio je da se kroz ovakva dru\u017eenja mogu ostvariti konkretni rezultati i pru\u017eiti stvarna pomo\u0107, uz poruku da zajedni\u0161tvo i solidarnost i dalje imaju sna\u017eno mjesto u Ljubu\u0161kom.<\/p>\n\n\n\n<p>Organizatori V. Humanitarnog sportskog kviza upu\u0107uju iskrenu zahvalu svim sponzorima, donatorima i prijateljima kviza koji su pomogli u organizaciji ovog doga\u0111aja, bilo kroz financijsku podr\u0161ku, donacije za tombolu ili na bilo koji drugi na\u010din. <\/p>\n\n\n\n<p>Sponzori i prijatelji kviza:<\/p>\n\n\n\n<p>Caffe bar Time<\/p>\n\n\n\n<p>AS Premium&nbsp;<\/p>\n\n\n\n<p>AT Kerametal<\/p>\n\n\n\n<p>HitPonuda.ba<\/p>\n\n\n\n<p>Brothers Shop<\/p>\n\n\n\n<p>Elektro Milas<\/p>\n\n\n\n<p>Woodland Paradise<\/p>\n\n\n\n<p>OR Auto Servis \u0160uta<\/p>\n\n\n\n<p>Confort plus<\/p>\n\n\n\n<p>Diskont Planini\u0107<\/p>\n\n\n\n<p>Ljekarna H<\/p>\n\n\n\n<p>Auto servis Mili &#8211; Studenci<\/p>\n\n\n\n<p>Tenis centar Brki\u0107<\/p>\n\n\n\n<p>AX Soling<\/p>\n\n\n\n<p>Elez Tim nekretnine<\/p>\n\n\n\n<p>Clavicula<\/p>\n\n\n\n<p>Udruga sudaca \u017dZH<\/p>\n\n\n\n<p>D\u017eaji\u0107 Comerce<\/p>\n\n\n\n<p>Brazil kava<\/p>\n\n\n\n<p>Eurocompany<\/p>\n\n\n\n<p>Restoran Ma\u0161i\u0107 Rakitno<\/p>\n\n\n\n<p>Hotel Bigeste<\/p>\n\n\n\n<p>Restoran Grace<\/p>\n\n\n\n<p>Restoran Tabak<\/p>\n\n\n\n<p>Restoran Stari Konak<\/p>\n\n\n\n<p>Caffe&amp;Tratoria Toscana<\/p>\n\n\n\n<p>Pivnica Me\u0111ugorje<\/p>\n\n\n\n<p>Pizzeria Di Matteo<\/p>\n\n\n\n<p>Bilard Club Diamond<\/p>\n\n\n\n<p>Slasti\u010darnica Lanola<\/p>\n\n\n\n<p>Smokwa Wine bar<\/p>\n\n\n\n<p>Vinarija Nui\u0107<\/p>\n\n\n\n<p>Vinarija \u010cuvalo<\/p>\n\n\n\n<p>Vinarija Ke\u017ea<\/p>\n\n\n\n<p>Vinarija Vranje\u0161<\/p>\n\n\n\n<p>Vinarija Begi\u0107<\/p>\n\n\n\n<p>Ivica Zubac<\/p>\n\n\n\n<p>Dario Melnjak<\/p>\n\n\n\n<p>Matej Seni\u0107<\/p>\n\n\n\n<p>Josip Peri\u0107<\/p>\n\n\n\n<p>Ivano Pavlovi\u0107<\/p>\n\n\n\n<p>Mislav Grgi\u0107<\/p>\n\n\n\n<p>Josip Ili\u0107<\/p>\n\n\n\n<p>Josip \u0160utalo<\/p>\n\n\n\n<p>Ivan \u0160aravanja<\/p>\n\n\n\n<p>KK Ljubu\u0161ki<\/p>\n\n\n\n<p>KK Cibona<\/p>\n\n\n\n<p>RK Izvi\u0111a\u010d<\/p>\n\n\n\n<p>H\u0160K Zrinjski<\/p>\n\n\n\n<figure class=\"wp-block-image size-large\"><img loading=\"lazy\" decoding=\"async\" width=\"1024\" height=\"684\" src=\"https:\/\/radioljubuski.ba\/wp-content\/uploads\/2025\/12\/DSC00295-1024x684.jpg\" alt=\"\" class=\"wp-image-224044\" srcset=\"https:\/\/radioljubuski.ba\/wp-content\/uploads\/2025\/12\/DSC00295-1024x684.jpg 1024w, https:\/\/radioljubuski.ba\/wp-content\/uploads\/2025\/12\/DSC00295-300x200.jpg 300w, https:\/\/radioljubuski.ba\/wp-content\/uploads\/2025\/12\/DSC00295-768x513.jpg 768w, https:\/\/radioljubuski.ba\/wp-content\/uploads\/2025\/12\/DSC00295-1536x1027.jpg 1536w, https:\/\/radioljubuski.ba\/wp-content\/uploads\/2025\/12\/DSC00295.jpg 1616w\" sizes=\"auto, (max-width: 1024px) 100vw, 1024px\" \/><\/figure>\n","protected":false},"excerpt":{"rendered":"<p>U caffe baru Time u Ljubu\u0161kom odr\u017ean je V. Humanitarni sportski kviz u organizaciji kviza\u0161ke ekipe R\u0111e Ljubu\u0161ki \u201994. Kviz je okupio 28 ekipa, a ve\u010der je protekla u odli\u010dnoj atmosferi u kojoj su se spojili sportsko znanje, natjecateljski duh i zajedni\u010dka \u017eelja da se pomogne onima kojima je pomo\u0107 najpotrebnija. Humanitarni cilj bio je [&hellip;]<\/p>\n","protected":false},"author":2,"featured_media":224043,"comment_status":"closed","ping_status":"closed","sticky":false,"template":"","format":"standard","meta":{"h5ap_radio_sources":[],"footnotes":""},"categories":[3],"tags":[],"class_list":["post-224041","post","type-post","status-publish","format-standard","has-post-thumbnail","hentry","category-ljubuski"],"yoast_head":"<!-- This site is optimized with the Yoast SEO plugin v27.5 - https:\/\/yoast.com\/product\/yoast-seo-wordpress\/ -->\n<title>Ljubu\u0161ki: Humanitarni kviz okupio 28.ekipa, prikupljeno 6.928,00 KM - RADIO LJUBU\u0160KI<\/title>\n<meta name=\"robots\" content=\"index, follow, max-snippet:-1, max-image-preview:large, max-video-preview:-1\" \/>\n<link rel=\"canonical\" href=\"https:\/\/radioljubuski.ba\/index.php\/2025\/12\/29\/ljubuski-humanitarni-kviz-okupio-28-ekipa-prikupljeno-6-92800-km\/\" \/>\n<meta property=\"og:locale\" content=\"hr_HR\" \/>\n<meta property=\"og:type\" content=\"article\" \/>\n<meta property=\"og:title\" content=\"Ljubu\u0161ki: Humanitarni kviz okupio 28.ekipa, prikupljeno 6.928,00 KM - RADIO LJUBU\u0160KI\" \/>\n<meta property=\"og:description\" content=\"U caffe baru Time u Ljubu\u0161kom odr\u017ean je V. Humanitarni sportski kviz u organizaciji kviza\u0161ke ekipe R\u0111e Ljubu\u0161ki \u201994. Kviz je okupio 28 ekipa, a ve\u010der je protekla u odli\u010dnoj atmosferi u kojoj su se spojili sportsko znanje, natjecateljski duh i zajedni\u010dka \u017eelja da se pomogne onima kojima je pomo\u0107 najpotrebnija. Humanitarni cilj bio je [&hellip;]\" \/>\n<meta property=\"og:url\" content=\"https:\/\/radioljubuski.ba\/index.php\/2025\/12\/29\/ljubuski-humanitarni-kviz-okupio-28-ekipa-prikupljeno-6-92800-km\/\" \/>\n<meta property=\"og:site_name\" content=\"RADIO LJUBU\u0160KI\" \/>\n<meta property=\"article:publisher\" content=\"https:\/\/www.facebook.com\/Radiio-Ljubuski-1490835324566332\" \/>\n<meta property=\"article:published_time\" content=\"2025-12-29T12:40:56+00:00\" \/>\n<meta property=\"article:modified_time\" content=\"2025-12-29T12:40:57+00:00\" \/>\n<meta property=\"og:image\" content=\"https:\/\/radioljubuski.ba\/wp-content\/uploads\/2025\/12\/DSC00119.jpg\" \/>\n\t<meta property=\"og:image:width\" content=\"1616\" \/>\n\t<meta property=\"og:image:height\" content=\"1080\" \/>\n\t<meta property=\"og:image:type\" content=\"image\/jpeg\" \/>\n<meta name=\"author\" content=\"Radio Ljubu\u0161ki\" \/>\n<meta name=\"twitter:card\" content=\"summary_large_image\" \/>\n<meta name=\"twitter:creator\" content=\"@radioljubuski\" \/>\n<meta name=\"twitter:site\" content=\"@radioljubuski\" \/>\n<meta name=\"twitter:label1\" content=\"Napisao\/la\" \/>\n\t<meta name=\"twitter:data1\" content=\"Radio Ljubu\u0161ki\" \/>\n\t<meta name=\"twitter:label2\" content=\"Procijenjeno vrijeme \u010ditanja\" \/>\n\t<meta name=\"twitter:data2\" content=\"3 minute\" \/>\n<script type=\"application\/ld+json\" class=\"yoast-schema-graph\">{\"@context\":\"https:\\\/\\\/schema.org\",\"@graph\":[{\"@type\":\"Article\",\"@id\":\"https:\\\/\\\/radioljubuski.ba\\\/index.php\\\/2025\\\/12\\\/29\\\/ljubuski-humanitarni-kviz-okupio-28-ekipa-prikupljeno-6-92800-km\\\/#article\",\"isPartOf\":{\"@id\":\"https:\\\/\\\/radioljubuski.ba\\\/index.php\\\/2025\\\/12\\\/29\\\/ljubuski-humanitarni-kviz-okupio-28-ekipa-prikupljeno-6-92800-km\\\/\"},\"author\":{\"name\":\"Radio Ljubu\u0161ki\",\"@id\":\"https:\\\/\\\/radioljubuski.ba\\\/#\\\/schema\\\/person\\\/19fc700381a780f69665d7956c469e3b\"},\"headline\":\"Ljubu\u0161ki: Humanitarni kviz okupio 28.ekipa, prikupljeno 6.928,00 KM\",\"datePublished\":\"2025-12-29T12:40:56+00:00\",\"dateModified\":\"2025-12-29T12:40:57+00:00\",\"mainEntityOfPage\":{\"@id\":\"https:\\\/\\\/radioljubuski.ba\\\/index.php\\\/2025\\\/12\\\/29\\\/ljubuski-humanitarni-kviz-okupio-28-ekipa-prikupljeno-6-92800-km\\\/\"},\"wordCount\":410,\"publisher\":{\"@id\":\"https:\\\/\\\/radioljubuski.ba\\\/#organization\"},\"image\":{\"@id\":\"https:\\\/\\\/radioljubuski.ba\\\/index.php\\\/2025\\\/12\\\/29\\\/ljubuski-humanitarni-kviz-okupio-28-ekipa-prikupljeno-6-92800-km\\\/#primaryimage\"},\"thumbnailUrl\":\"https:\\\/\\\/radioljubuski.ba\\\/wp-content\\\/uploads\\\/2025\\\/12\\\/DSC00119.jpg\",\"articleSection\":[\"Ljubu\u0161ki\"],\"inLanguage\":\"hr\"},{\"@type\":\"WebPage\",\"@id\":\"https:\\\/\\\/radioljubuski.ba\\\/index.php\\\/2025\\\/12\\\/29\\\/ljubuski-humanitarni-kviz-okupio-28-ekipa-prikupljeno-6-92800-km\\\/\",\"url\":\"https:\\\/\\\/radioljubuski.ba\\\/index.php\\\/2025\\\/12\\\/29\\\/ljubuski-humanitarni-kviz-okupio-28-ekipa-prikupljeno-6-92800-km\\\/\",\"name\":\"Ljubu\u0161ki: Humanitarni kviz okupio 28.ekipa, prikupljeno 6.928,00 KM - RADIO LJUBU\u0160KI\",\"isPartOf\":{\"@id\":\"https:\\\/\\\/radioljubuski.ba\\\/#website\"},\"primaryImageOfPage\":{\"@id\":\"https:\\\/\\\/radioljubuski.ba\\\/index.php\\\/2025\\\/12\\\/29\\\/ljubuski-humanitarni-kviz-okupio-28-ekipa-prikupljeno-6-92800-km\\\/#primaryimage\"},\"image\":{\"@id\":\"https:\\\/\\\/radioljubuski.ba\\\/index.php\\\/2025\\\/12\\\/29\\\/ljubuski-humanitarni-kviz-okupio-28-ekipa-prikupljeno-6-92800-km\\\/#primaryimage\"},\"thumbnailUrl\":\"https:\\\/\\\/radioljubuski.ba\\\/wp-content\\\/uploads\\\/2025\\\/12\\\/DSC00119.jpg\",\"datePublished\":\"2025-12-29T12:40:56+00:00\",\"dateModified\":\"2025-12-29T12:40:57+00:00\",\"breadcrumb\":{\"@id\":\"https:\\\/\\\/radioljubuski.ba\\\/index.php\\\/2025\\\/12\\\/29\\\/ljubuski-humanitarni-kviz-okupio-28-ekipa-prikupljeno-6-92800-km\\\/#breadcrumb\"},\"inLanguage\":\"hr\",\"potentialAction\":[{\"@type\":\"ReadAction\",\"target\":[\"https:\\\/\\\/radioljubuski.ba\\\/index.php\\\/2025\\\/12\\\/29\\\/ljubuski-humanitarni-kviz-okupio-28-ekipa-prikupljeno-6-92800-km\\\/\"]}]},{\"@type\":\"ImageObject\",\"inLanguage\":\"hr\",\"@id\":\"https:\\\/\\\/radioljubuski.ba\\\/index.php\\\/2025\\\/12\\\/29\\\/ljubuski-humanitarni-kviz-okupio-28-ekipa-prikupljeno-6-92800-km\\\/#primaryimage\",\"url\":\"https:\\\/\\\/radioljubuski.ba\\\/wp-content\\\/uploads\\\/2025\\\/12\\\/DSC00119.jpg\",\"contentUrl\":\"https:\\\/\\\/radioljubuski.ba\\\/wp-content\\\/uploads\\\/2025\\\/12\\\/DSC00119.jpg\",\"width\":1616,\"height\":1080},{\"@type\":\"BreadcrumbList\",\"@id\":\"https:\\\/\\\/radioljubuski.ba\\\/index.php\\\/2025\\\/12\\\/29\\\/ljubuski-humanitarni-kviz-okupio-28-ekipa-prikupljeno-6-92800-km\\\/#breadcrumb\",\"itemListElement\":[{\"@type\":\"ListItem\",\"position\":1,\"name\":\"Po\u010detna stranica\",\"item\":\"https:\\\/\\\/radioljubuski.ba\\\/\"},{\"@type\":\"ListItem\",\"position\":2,\"name\":\"Ljubu\u0161ki: Humanitarni kviz okupio 28.ekipa, prikupljeno 6.928,00 KM\"}]},{\"@type\":\"WebSite\",\"@id\":\"https:\\\/\\\/radioljubuski.ba\\\/#website\",\"url\":\"https:\\\/\\\/radioljubuski.ba\\\/\",\"name\":\"Radio Ljubu\u0161ki\",\"description\":\"Sun\u010dana frekvencija Hercegovine\",\"publisher\":{\"@id\":\"https:\\\/\\\/radioljubuski.ba\\\/#organization\"},\"potentialAction\":[{\"@type\":\"SearchAction\",\"target\":{\"@type\":\"EntryPoint\",\"urlTemplate\":\"https:\\\/\\\/radioljubuski.ba\\\/?s={search_term_string}\"},\"query-input\":{\"@type\":\"PropertyValueSpecification\",\"valueRequired\":true,\"valueName\":\"search_term_string\"}}],\"inLanguage\":\"hr\"},{\"@type\":\"Organization\",\"@id\":\"https:\\\/\\\/radioljubuski.ba\\\/#organization\",\"name\":\"Radio Ljubu\u0161ki\",\"url\":\"https:\\\/\\\/radioljubuski.ba\\\/\",\"logo\":{\"@type\":\"ImageObject\",\"inLanguage\":\"hr\",\"@id\":\"https:\\\/\\\/radioljubuski.ba\\\/#\\\/schema\\\/logo\\\/image\\\/\",\"url\":\"https:\\\/\\\/radioljubuski.ba\\\/wp-content\\\/uploads\\\/2021\\\/02\\\/cropped-Radio_Ljubuski_logo1.jpg\",\"contentUrl\":\"https:\\\/\\\/radioljubuski.ba\\\/wp-content\\\/uploads\\\/2021\\\/02\\\/cropped-Radio_Ljubuski_logo1.jpg\",\"width\":512,\"height\":512,\"caption\":\"Radio Ljubu\u0161ki\"},\"image\":{\"@id\":\"https:\\\/\\\/radioljubuski.ba\\\/#\\\/schema\\\/logo\\\/image\\\/\"},\"sameAs\":[\"https:\\\/\\\/www.facebook.com\\\/Radiio-Ljubuski-1490835324566332\",\"https:\\\/\\\/x.com\\\/radioljubuski\",\"https:\\\/\\\/hr.linkedin.com\\\/company\\\/radio-ljubuski\",\"https:\\\/\\\/www.youtube.com\\\/channel\\\/UCHYaeO_n0Db3tjNGudGpXyw\"]},{\"@type\":\"Person\",\"@id\":\"https:\\\/\\\/radioljubuski.ba\\\/#\\\/schema\\\/person\\\/19fc700381a780f69665d7956c469e3b\",\"name\":\"Radio Ljubu\u0161ki\"}]}<\/script>\n<!-- \/ Yoast SEO plugin. -->","yoast_head_json":{"title":"Ljubu\u0161ki: Humanitarni kviz okupio 28.ekipa, prikupljeno 6.928,00 KM - RADIO LJUBU\u0160KI","robots":{"index":"index","follow":"follow","max-snippet":"max-snippet:-1","max-image-preview":"max-image-preview:large","max-video-preview":"max-video-preview:-1"},"canonical":"https:\/\/radioljubuski.ba\/index.php\/2025\/12\/29\/ljubuski-humanitarni-kviz-okupio-28-ekipa-prikupljeno-6-92800-km\/","og_locale":"hr_HR","og_type":"article","og_title":"Ljubu\u0161ki: Humanitarni kviz okupio 28.ekipa, prikupljeno 6.928,00 KM - RADIO LJUBU\u0160KI","og_description":"U caffe baru Time u Ljubu\u0161kom odr\u017ean je V. Humanitarni sportski kviz u organizaciji kviza\u0161ke ekipe R\u0111e Ljubu\u0161ki \u201994. Kviz je okupio 28 ekipa, a ve\u010der je protekla u odli\u010dnoj atmosferi u kojoj su se spojili sportsko znanje, natjecateljski duh i zajedni\u010dka \u017eelja da se pomogne onima kojima je pomo\u0107 najpotrebnija. Humanitarni cilj bio je [&hellip;]","og_url":"https:\/\/radioljubuski.ba\/index.php\/2025\/12\/29\/ljubuski-humanitarni-kviz-okupio-28-ekipa-prikupljeno-6-92800-km\/","og_site_name":"RADIO LJUBU\u0160KI","article_publisher":"https:\/\/www.facebook.com\/Radiio-Ljubuski-1490835324566332","article_published_time":"2025-12-29T12:40:56+00:00","article_modified_time":"2025-12-29T12:40:57+00:00","og_image":[{"width":1616,"height":1080,"url":"https:\/\/radioljubuski.ba\/wp-content\/uploads\/2025\/12\/DSC00119.jpg","type":"image\/jpeg"}],"author":"Radio Ljubu\u0161ki","twitter_card":"summary_large_image","twitter_creator":"@radioljubuski","twitter_site":"@radioljubuski","twitter_misc":{"Napisao\/la":"Radio Ljubu\u0161ki","Procijenjeno vrijeme \u010ditanja":"3 minute"},"schema":{"@context":"https:\/\/schema.org","@graph":[{"@type":"Article","@id":"https:\/\/radioljubuski.ba\/index.php\/2025\/12\/29\/ljubuski-humanitarni-kviz-okupio-28-ekipa-prikupljeno-6-92800-km\/#article","isPartOf":{"@id":"https:\/\/radioljubuski.ba\/index.php\/2025\/12\/29\/ljubuski-humanitarni-kviz-okupio-28-ekipa-prikupljeno-6-92800-km\/"},"author":{"name":"Radio Ljubu\u0161ki","@id":"https:\/\/radioljubuski.ba\/#\/schema\/person\/19fc700381a780f69665d7956c469e3b"},"headline":"Ljubu\u0161ki: Humanitarni kviz okupio 28.ekipa, prikupljeno 6.928,00 KM","datePublished":"2025-12-29T12:40:56+00:00","dateModified":"2025-12-29T12:40:57+00:00","mainEntityOfPage":{"@id":"https:\/\/radioljubuski.ba\/index.php\/2025\/12\/29\/ljubuski-humanitarni-kviz-okupio-28-ekipa-prikupljeno-6-92800-km\/"},"wordCount":410,"publisher":{"@id":"https:\/\/radioljubuski.ba\/#organization"},"image":{"@id":"https:\/\/radioljubuski.ba\/index.php\/2025\/12\/29\/ljubuski-humanitarni-kviz-okupio-28-ekipa-prikupljeno-6-92800-km\/#primaryimage"},"thumbnailUrl":"https:\/\/radioljubuski.ba\/wp-content\/uploads\/2025\/12\/DSC00119.jpg","articleSection":["Ljubu\u0161ki"],"inLanguage":"hr"},{"@type":"WebPage","@id":"https:\/\/radioljubuski.ba\/index.php\/2025\/12\/29\/ljubuski-humanitarni-kviz-okupio-28-ekipa-prikupljeno-6-92800-km\/","url":"https:\/\/radioljubuski.ba\/index.php\/2025\/12\/29\/ljubuski-humanitarni-kviz-okupio-28-ekipa-prikupljeno-6-92800-km\/","name":"Ljubu\u0161ki: Humanitarni kviz okupio 28.ekipa, prikupljeno 6.928,00 KM - RADIO LJUBU\u0160KI","isPartOf":{"@id":"https:\/\/radioljubuski.ba\/#website"},"primaryImageOfPage":{"@id":"https:\/\/radioljubuski.ba\/index.php\/2025\/12\/29\/ljubuski-humanitarni-kviz-okupio-28-ekipa-prikupljeno-6-92800-km\/#primaryimage"},"image":{"@id":"https:\/\/radioljubuski.ba\/index.php\/2025\/12\/29\/ljubuski-humanitarni-kviz-okupio-28-ekipa-prikupljeno-6-92800-km\/#primaryimage"},"thumbnailUrl":"https:\/\/radioljubuski.ba\/wp-content\/uploads\/2025\/12\/DSC00119.jpg","datePublished":"2025-12-29T12:40:56+00:00","dateModified":"2025-12-29T12:40:57+00:00","breadcrumb":{"@id":"https:\/\/radioljubuski.ba\/index.php\/2025\/12\/29\/ljubuski-humanitarni-kviz-okupio-28-ekipa-prikupljeno-6-92800-km\/#breadcrumb"},"inLanguage":"hr","potentialAction":[{"@type":"ReadAction","target":["https:\/\/radioljubuski.ba\/index.php\/2025\/12\/29\/ljubuski-humanitarni-kviz-okupio-28-ekipa-prikupljeno-6-92800-km\/"]}]},{"@type":"ImageObject","inLanguage":"hr","@id":"https:\/\/radioljubuski.ba\/index.php\/2025\/12\/29\/ljubuski-humanitarni-kviz-okupio-28-ekipa-prikupljeno-6-92800-km\/#primaryimage","url":"https:\/\/radioljubuski.ba\/wp-content\/uploads\/2025\/12\/DSC00119.jpg","contentUrl":"https:\/\/radioljubuski.ba\/wp-content\/uploads\/2025\/12\/DSC00119.jpg","width":1616,"height":1080},{"@type":"BreadcrumbList","@id":"https:\/\/radioljubuski.ba\/index.php\/2025\/12\/29\/ljubuski-humanitarni-kviz-okupio-28-ekipa-prikupljeno-6-92800-km\/#breadcrumb","itemListElement":[{"@type":"ListItem","position":1,"name":"Po\u010detna stranica","item":"https:\/\/radioljubuski.ba\/"},{"@type":"ListItem","position":2,"name":"Ljubu\u0161ki: Humanitarni kviz okupio 28.ekipa, prikupljeno 6.928,00 KM"}]},{"@type":"WebSite","@id":"https:\/\/radioljubuski.ba\/#website","url":"https:\/\/radioljubuski.ba\/","name":"Radio Ljubu\u0161ki","description":"Sun\u010dana frekvencija Hercegovine","publisher":{"@id":"https:\/\/radioljubuski.ba\/#organization"},"potentialAction":[{"@type":"SearchAction","target":{"@type":"EntryPoint","urlTemplate":"https:\/\/radioljubuski.ba\/?s={search_term_string}"},"query-input":{"@type":"PropertyValueSpecification","valueRequired":true,"valueName":"search_term_string"}}],"inLanguage":"hr"},{"@type":"Organization","@id":"https:\/\/radioljubuski.ba\/#organization","name":"Radio Ljubu\u0161ki","url":"https:\/\/radioljubuski.ba\/","logo":{"@type":"ImageObject","inLanguage":"hr","@id":"https:\/\/radioljubuski.ba\/#\/schema\/logo\/image\/","url":"https:\/\/radioljubuski.ba\/wp-content\/uploads\/2021\/02\/cropped-Radio_Ljubuski_logo1.jpg","contentUrl":"https:\/\/radioljubuski.ba\/wp-content\/uploads\/2021\/02\/cropped-Radio_Ljubuski_logo1.jpg","width":512,"height":512,"caption":"Radio Ljubu\u0161ki"},"image":{"@id":"https:\/\/radioljubuski.ba\/#\/schema\/logo\/image\/"},"sameAs":["https:\/\/www.facebook.com\/Radiio-Ljubuski-1490835324566332","https:\/\/x.com\/radioljubuski","https:\/\/hr.linkedin.com\/company\/radio-ljubuski","https:\/\/www.youtube.com\/channel\/UCHYaeO_n0Db3tjNGudGpXyw"]},{"@type":"Person","@id":"https:\/\/radioljubuski.ba\/#\/schema\/person\/19fc700381a780f69665d7956c469e3b","name":"Radio Ljubu\u0161ki"}]}},"_links":{"self":[{"href":"https:\/\/radioljubuski.ba\/index.php\/wp-json\/wp\/v2\/posts\/224041","targetHints":{"allow":["GET"]}}],"collection":[{"href":"https:\/\/radioljubuski.ba\/index.php\/wp-json\/wp\/v2\/posts"}],"about":[{"href":"https:\/\/radioljubuski.ba\/index.php\/wp-json\/wp\/v2\/types\/post"}],"author":[{"embeddable":true,"href":"https:\/\/radioljubuski.ba\/index.php\/wp-json\/wp\/v2\/users\/2"}],"replies":[{"embeddable":true,"href":"https:\/\/radioljubuski.ba\/index.php\/wp-json\/wp\/v2\/comments?post=224041"}],"version-history":[{"count":1,"href":"https:\/\/radioljubuski.ba\/index.php\/wp-json\/wp\/v2\/posts\/224041\/revisions"}],"predecessor-version":[{"id":224045,"href":"https:\/\/radioljubuski.ba\/index.php\/wp-json\/wp\/v2\/posts\/224041\/revisions\/224045"}],"wp:featuredmedia":[{"embeddable":true,"href":"https:\/\/radioljubuski.ba\/index.php\/wp-json\/wp\/v2\/media\/224043"}],"wp:attachment":[{"href":"https:\/\/radioljubuski.ba\/index.php\/wp-json\/wp\/v2\/media?parent=224041"}],"wp:term":[{"taxonomy":"category","embeddable":true,"href":"https:\/\/radioljubuski.ba\/index.php\/wp-json\/wp\/v2\/categories?post=224041"},{"taxonomy":"post_tag","embeddable":true,"href":"https:\/\/radioljubuski.ba\/index.php\/wp-json\/wp\/v2\/tags?post=224041"}],"curies":[{"name":"wp","href":"https:\/\/api.w.org\/{rel}","templated":true}]}}