{"id":224603,"date":"2026-01-26T09:19:17","date_gmt":"2026-01-26T08:19:17","guid":{"rendered":"https:\/\/radioljubuski.ba\/?p=224603"},"modified":"2026-01-26T09:19:18","modified_gmt":"2026-01-26T08:19:18","slug":"noc-muzeja-na-humcu-2","status":"publish","type":"post","link":"https:\/\/radioljubuski.ba\/index.php\/2026\/01\/26\/noc-muzeja-na-humcu-2\/","title":{"rendered":"No\u0107 muzeja na Humcu"},"content":{"rendered":"\n<p>Franjeva\u010dki muzej Humac i ove godine obilje\u017eava No\u0107 muzeja! Manifestacija je to koju organizira Hrvatsko muzejsko dru\u0161tvo, a odr\u017eava se zadnji petak u mjesecu sije\u010dnju.<br>Ve\u0107 tradicionalno, u suradnji s ULU \u0160IPAK Ljubu\u0161ki, za najmla\u0111e smo pripremili odli\u010dnu kreativnu radionicu, na kojoj \u0107e djeca izra\u0111ivati reljefe na aluminiju, sa raznim motivima iz na\u0161ega muzeja. Ovo je odli\u010dna prilika da djeca nau\u010de \u0161to je reljef i kako nastaje, ali i da vlastitim rukama oblikuju aluminij i izrade jedinstveno umjetni\u010dko djelo.<\/p>\n\n\n\n<p><br>Nakon toga, u Domu sv. Ante donosimo ljubu\u0161ku premijeru filma \u201eDiva\u201c, ostvarenje redatelja Branka Peri\u0107a koje je posve\u0107eno pri\u010di o Divi Grabov\u010devoj. Nakon uspje\u0161ne premijere u Cannesu te projekcija diljem Hercegovine, \u0160vicarske i Australije, film napokon sti\u017ee i pred huma\u010dku, odnosno ljubu\u0161ku publiku. Kako isti\u010de Peri\u0107, \u201eDiva\u201c nije samo povijesna drama, ve\u0107 i hommage snazi \u017eene koja se usu\u0111uje ostati vjerna sebi i svojim uvjerenjima unato\u010d svim izazovima vremena.<\/p>\n\n\n\n<p><\/p>\n\n\n\n<figure class=\"wp-block-image size-large\"><img loading=\"lazy\" decoding=\"async\" width=\"819\" height=\"1024\" src=\"https:\/\/radioljubuski.ba\/wp-content\/uploads\/2026\/01\/IZRADA-RELJEFA-819x1024.jpg\" alt=\"\" class=\"wp-image-224604\" srcset=\"https:\/\/radioljubuski.ba\/wp-content\/uploads\/2026\/01\/IZRADA-RELJEFA-819x1024.jpg 819w, https:\/\/radioljubuski.ba\/wp-content\/uploads\/2026\/01\/IZRADA-RELJEFA-240x300.jpg 240w, https:\/\/radioljubuski.ba\/wp-content\/uploads\/2026\/01\/IZRADA-RELJEFA-768x960.jpg 768w, https:\/\/radioljubuski.ba\/wp-content\/uploads\/2026\/01\/IZRADA-RELJEFA.jpg 1080w\" sizes=\"auto, (max-width: 819px) 100vw, 819px\" \/><\/figure>\n\n\n\n<p><\/p>\n\n\n\n<p>PROGRAM:<br>18:00-19:00 \u2013 Radionica za djecu-izrada reljefa na aluminiju (dvorana iza vanjskog oltara)<br>19:00-21:00 \u2013 Projekcija filma DIVA (Dom sv. Ante)<\/p>\n\n\n\n<figure class=\"wp-block-image size-large\"><img loading=\"lazy\" decoding=\"async\" width=\"1024\" height=\"724\" src=\"https:\/\/radioljubuski.ba\/wp-content\/uploads\/2026\/01\/DIVA-najava-1024x724.jpg\" alt=\"\" class=\"wp-image-224605\" srcset=\"https:\/\/radioljubuski.ba\/wp-content\/uploads\/2026\/01\/DIVA-najava-1024x724.jpg 1024w, https:\/\/radioljubuski.ba\/wp-content\/uploads\/2026\/01\/DIVA-najava-300x212.jpg 300w, https:\/\/radioljubuski.ba\/wp-content\/uploads\/2026\/01\/DIVA-najava-768x543.jpg 768w, https:\/\/radioljubuski.ba\/wp-content\/uploads\/2026\/01\/DIVA-najava-1536x1086.jpg 1536w, https:\/\/radioljubuski.ba\/wp-content\/uploads\/2026\/01\/DIVA-najava.jpg 2048w\" sizes=\"auto, (max-width: 1024px) 100vw, 1024px\" \/><\/figure>\n\n\n\n<p><\/p>\n\n\n\n<p>Muzej \u0107e za posjetitelje biti otvoren 10 \u2013 23 h, dok program zapo\u010dinje u 18 h. Cjelokupni program, kao i ulaz u muzej bit \u0107e besplatan.<br>Pozivamo vas sve da nas posjetite i do\u017eivite muzej u ve\u010dernjoj atmosferi punoj kulture, dru\u017eenja i zanimljivog programa!<\/p>\n\n\n\n<p>Petak, 30. sije\u010dnja 2026.<br>Vidimo se!<\/p>\n","protected":false},"excerpt":{"rendered":"<p>Franjeva\u010dki muzej Humac i ove godine obilje\u017eava No\u0107 muzeja! Manifestacija je to koju organizira Hrvatsko muzejsko dru\u0161tvo, a odr\u017eava se zadnji petak u mjesecu sije\u010dnju.Ve\u0107 tradicionalno, u suradnji s ULU \u0160IPAK Ljubu\u0161ki, za najmla\u0111e smo pripremili odli\u010dnu kreativnu radionicu, na kojoj \u0107e djeca izra\u0111ivati reljefe na aluminiju, sa raznim motivima iz na\u0161ega muzeja. Ovo je [&hellip;]<\/p>\n","protected":false},"author":2,"featured_media":224606,"comment_status":"closed","ping_status":"closed","sticky":false,"template":"","format":"standard","meta":{"h5ap_radio_sources":[],"footnotes":""},"categories":[3,28],"tags":[],"class_list":["post-224603","post","type-post","status-publish","format-standard","has-post-thumbnail","hentry","category-ljubuski","category-novosti"],"yoast_head":"<!-- This site is optimized with the Yoast SEO plugin v27.5 - https:\/\/yoast.com\/product\/yoast-seo-wordpress\/ -->\n<title>No\u0107 muzeja na Humcu - RADIO LJUBU\u0160KI<\/title>\n<meta name=\"robots\" content=\"index, follow, max-snippet:-1, max-image-preview:large, max-video-preview:-1\" \/>\n<link rel=\"canonical\" href=\"https:\/\/radioljubuski.ba\/index.php\/2026\/01\/26\/noc-muzeja-na-humcu-2\/\" \/>\n<meta property=\"og:locale\" content=\"hr_HR\" \/>\n<meta property=\"og:type\" content=\"article\" \/>\n<meta property=\"og:title\" content=\"No\u0107 muzeja na Humcu - RADIO LJUBU\u0160KI\" \/>\n<meta property=\"og:description\" content=\"Franjeva\u010dki muzej Humac i ove godine obilje\u017eava No\u0107 muzeja! Manifestacija je to koju organizira Hrvatsko muzejsko dru\u0161tvo, a odr\u017eava se zadnji petak u mjesecu sije\u010dnju.Ve\u0107 tradicionalno, u suradnji s ULU \u0160IPAK Ljubu\u0161ki, za najmla\u0111e smo pripremili odli\u010dnu kreativnu radionicu, na kojoj \u0107e djeca izra\u0111ivati reljefe na aluminiju, sa raznim motivima iz na\u0161ega muzeja. Ovo je [&hellip;]\" \/>\n<meta property=\"og:url\" content=\"https:\/\/radioljubuski.ba\/index.php\/2026\/01\/26\/noc-muzeja-na-humcu-2\/\" \/>\n<meta property=\"og:site_name\" content=\"RADIO LJUBU\u0160KI\" \/>\n<meta property=\"article:publisher\" content=\"https:\/\/www.facebook.com\/Radiio-Ljubuski-1490835324566332\" \/>\n<meta property=\"article:published_time\" content=\"2026-01-26T08:19:17+00:00\" \/>\n<meta property=\"article:modified_time\" content=\"2026-01-26T08:19:18+00:00\" \/>\n<meta property=\"og:image\" content=\"https:\/\/radioljubuski.ba\/wp-content\/uploads\/2026\/01\/Noc-muzeja-najava.jpg\" \/>\n\t<meta property=\"og:image:width\" content=\"1080\" \/>\n\t<meta property=\"og:image:height\" content=\"1350\" \/>\n\t<meta property=\"og:image:type\" content=\"image\/jpeg\" \/>\n<meta name=\"author\" content=\"Radio Ljubu\u0161ki\" \/>\n<meta name=\"twitter:card\" content=\"summary_large_image\" \/>\n<meta name=\"twitter:creator\" content=\"@radioljubuski\" \/>\n<meta name=\"twitter:site\" content=\"@radioljubuski\" \/>\n<meta name=\"twitter:label1\" content=\"Napisao\/la\" \/>\n\t<meta name=\"twitter:data1\" content=\"Radio Ljubu\u0161ki\" \/>\n\t<meta name=\"twitter:label2\" content=\"Procijenjeno vrijeme \u010ditanja\" \/>\n\t<meta name=\"twitter:data2\" content=\"2 minute\" \/>\n<script type=\"application\/ld+json\" class=\"yoast-schema-graph\">{\"@context\":\"https:\\\/\\\/schema.org\",\"@graph\":[{\"@type\":\"Article\",\"@id\":\"https:\\\/\\\/radioljubuski.ba\\\/index.php\\\/2026\\\/01\\\/26\\\/noc-muzeja-na-humcu-2\\\/#article\",\"isPartOf\":{\"@id\":\"https:\\\/\\\/radioljubuski.ba\\\/index.php\\\/2026\\\/01\\\/26\\\/noc-muzeja-na-humcu-2\\\/\"},\"author\":{\"name\":\"Radio Ljubu\u0161ki\",\"@id\":\"https:\\\/\\\/radioljubuski.ba\\\/#\\\/schema\\\/person\\\/19fc700381a780f69665d7956c469e3b\"},\"headline\":\"No\u0107 muzeja na Humcu\",\"datePublished\":\"2026-01-26T08:19:17+00:00\",\"dateModified\":\"2026-01-26T08:19:18+00:00\",\"mainEntityOfPage\":{\"@id\":\"https:\\\/\\\/radioljubuski.ba\\\/index.php\\\/2026\\\/01\\\/26\\\/noc-muzeja-na-humcu-2\\\/\"},\"wordCount\":244,\"publisher\":{\"@id\":\"https:\\\/\\\/radioljubuski.ba\\\/#organization\"},\"image\":{\"@id\":\"https:\\\/\\\/radioljubuski.ba\\\/index.php\\\/2026\\\/01\\\/26\\\/noc-muzeja-na-humcu-2\\\/#primaryimage\"},\"thumbnailUrl\":\"https:\\\/\\\/radioljubuski.ba\\\/wp-content\\\/uploads\\\/2026\\\/01\\\/Noc-muzeja-najava.jpg\",\"articleSection\":[\"Ljubu\u0161ki\",\"Novosti\"],\"inLanguage\":\"hr\"},{\"@type\":\"WebPage\",\"@id\":\"https:\\\/\\\/radioljubuski.ba\\\/index.php\\\/2026\\\/01\\\/26\\\/noc-muzeja-na-humcu-2\\\/\",\"url\":\"https:\\\/\\\/radioljubuski.ba\\\/index.php\\\/2026\\\/01\\\/26\\\/noc-muzeja-na-humcu-2\\\/\",\"name\":\"No\u0107 muzeja na Humcu - RADIO LJUBU\u0160KI\",\"isPartOf\":{\"@id\":\"https:\\\/\\\/radioljubuski.ba\\\/#website\"},\"primaryImageOfPage\":{\"@id\":\"https:\\\/\\\/radioljubuski.ba\\\/index.php\\\/2026\\\/01\\\/26\\\/noc-muzeja-na-humcu-2\\\/#primaryimage\"},\"image\":{\"@id\":\"https:\\\/\\\/radioljubuski.ba\\\/index.php\\\/2026\\\/01\\\/26\\\/noc-muzeja-na-humcu-2\\\/#primaryimage\"},\"thumbnailUrl\":\"https:\\\/\\\/radioljubuski.ba\\\/wp-content\\\/uploads\\\/2026\\\/01\\\/Noc-muzeja-najava.jpg\",\"datePublished\":\"2026-01-26T08:19:17+00:00\",\"dateModified\":\"2026-01-26T08:19:18+00:00\",\"breadcrumb\":{\"@id\":\"https:\\\/\\\/radioljubuski.ba\\\/index.php\\\/2026\\\/01\\\/26\\\/noc-muzeja-na-humcu-2\\\/#breadcrumb\"},\"inLanguage\":\"hr\",\"potentialAction\":[{\"@type\":\"ReadAction\",\"target\":[\"https:\\\/\\\/radioljubuski.ba\\\/index.php\\\/2026\\\/01\\\/26\\\/noc-muzeja-na-humcu-2\\\/\"]}]},{\"@type\":\"ImageObject\",\"inLanguage\":\"hr\",\"@id\":\"https:\\\/\\\/radioljubuski.ba\\\/index.php\\\/2026\\\/01\\\/26\\\/noc-muzeja-na-humcu-2\\\/#primaryimage\",\"url\":\"https:\\\/\\\/radioljubuski.ba\\\/wp-content\\\/uploads\\\/2026\\\/01\\\/Noc-muzeja-najava.jpg\",\"contentUrl\":\"https:\\\/\\\/radioljubuski.ba\\\/wp-content\\\/uploads\\\/2026\\\/01\\\/Noc-muzeja-najava.jpg\",\"width\":1080,\"height\":1350},{\"@type\":\"BreadcrumbList\",\"@id\":\"https:\\\/\\\/radioljubuski.ba\\\/index.php\\\/2026\\\/01\\\/26\\\/noc-muzeja-na-humcu-2\\\/#breadcrumb\",\"itemListElement\":[{\"@type\":\"ListItem\",\"position\":1,\"name\":\"Po\u010detna stranica\",\"item\":\"https:\\\/\\\/radioljubuski.ba\\\/\"},{\"@type\":\"ListItem\",\"position\":2,\"name\":\"No\u0107 muzeja na Humcu\"}]},{\"@type\":\"WebSite\",\"@id\":\"https:\\\/\\\/radioljubuski.ba\\\/#website\",\"url\":\"https:\\\/\\\/radioljubuski.ba\\\/\",\"name\":\"Radio Ljubu\u0161ki\",\"description\":\"Sun\u010dana frekvencija Hercegovine\",\"publisher\":{\"@id\":\"https:\\\/\\\/radioljubuski.ba\\\/#organization\"},\"potentialAction\":[{\"@type\":\"SearchAction\",\"target\":{\"@type\":\"EntryPoint\",\"urlTemplate\":\"https:\\\/\\\/radioljubuski.ba\\\/?s={search_term_string}\"},\"query-input\":{\"@type\":\"PropertyValueSpecification\",\"valueRequired\":true,\"valueName\":\"search_term_string\"}}],\"inLanguage\":\"hr\"},{\"@type\":\"Organization\",\"@id\":\"https:\\\/\\\/radioljubuski.ba\\\/#organization\",\"name\":\"Radio Ljubu\u0161ki\",\"url\":\"https:\\\/\\\/radioljubuski.ba\\\/\",\"logo\":{\"@type\":\"ImageObject\",\"inLanguage\":\"hr\",\"@id\":\"https:\\\/\\\/radioljubuski.ba\\\/#\\\/schema\\\/logo\\\/image\\\/\",\"url\":\"https:\\\/\\\/radioljubuski.ba\\\/wp-content\\\/uploads\\\/2021\\\/02\\\/cropped-Radio_Ljubuski_logo1.jpg\",\"contentUrl\":\"https:\\\/\\\/radioljubuski.ba\\\/wp-content\\\/uploads\\\/2021\\\/02\\\/cropped-Radio_Ljubuski_logo1.jpg\",\"width\":512,\"height\":512,\"caption\":\"Radio Ljubu\u0161ki\"},\"image\":{\"@id\":\"https:\\\/\\\/radioljubuski.ba\\\/#\\\/schema\\\/logo\\\/image\\\/\"},\"sameAs\":[\"https:\\\/\\\/www.facebook.com\\\/Radiio-Ljubuski-1490835324566332\",\"https:\\\/\\\/x.com\\\/radioljubuski\",\"https:\\\/\\\/hr.linkedin.com\\\/company\\\/radio-ljubuski\",\"https:\\\/\\\/www.youtube.com\\\/channel\\\/UCHYaeO_n0Db3tjNGudGpXyw\"]},{\"@type\":\"Person\",\"@id\":\"https:\\\/\\\/radioljubuski.ba\\\/#\\\/schema\\\/person\\\/19fc700381a780f69665d7956c469e3b\",\"name\":\"Radio Ljubu\u0161ki\"}]}<\/script>\n<!-- \/ Yoast SEO plugin. -->","yoast_head_json":{"title":"No\u0107 muzeja na Humcu - RADIO LJUBU\u0160KI","robots":{"index":"index","follow":"follow","max-snippet":"max-snippet:-1","max-image-preview":"max-image-preview:large","max-video-preview":"max-video-preview:-1"},"canonical":"https:\/\/radioljubuski.ba\/index.php\/2026\/01\/26\/noc-muzeja-na-humcu-2\/","og_locale":"hr_HR","og_type":"article","og_title":"No\u0107 muzeja na Humcu - RADIO LJUBU\u0160KI","og_description":"Franjeva\u010dki muzej Humac i ove godine obilje\u017eava No\u0107 muzeja! Manifestacija je to koju organizira Hrvatsko muzejsko dru\u0161tvo, a odr\u017eava se zadnji petak u mjesecu sije\u010dnju.Ve\u0107 tradicionalno, u suradnji s ULU \u0160IPAK Ljubu\u0161ki, za najmla\u0111e smo pripremili odli\u010dnu kreativnu radionicu, na kojoj \u0107e djeca izra\u0111ivati reljefe na aluminiju, sa raznim motivima iz na\u0161ega muzeja. Ovo je [&hellip;]","og_url":"https:\/\/radioljubuski.ba\/index.php\/2026\/01\/26\/noc-muzeja-na-humcu-2\/","og_site_name":"RADIO LJUBU\u0160KI","article_publisher":"https:\/\/www.facebook.com\/Radiio-Ljubuski-1490835324566332","article_published_time":"2026-01-26T08:19:17+00:00","article_modified_time":"2026-01-26T08:19:18+00:00","og_image":[{"width":1080,"height":1350,"url":"https:\/\/radioljubuski.ba\/wp-content\/uploads\/2026\/01\/Noc-muzeja-najava.jpg","type":"image\/jpeg"}],"author":"Radio Ljubu\u0161ki","twitter_card":"summary_large_image","twitter_creator":"@radioljubuski","twitter_site":"@radioljubuski","twitter_misc":{"Napisao\/la":"Radio Ljubu\u0161ki","Procijenjeno vrijeme \u010ditanja":"2 minute"},"schema":{"@context":"https:\/\/schema.org","@graph":[{"@type":"Article","@id":"https:\/\/radioljubuski.ba\/index.php\/2026\/01\/26\/noc-muzeja-na-humcu-2\/#article","isPartOf":{"@id":"https:\/\/radioljubuski.ba\/index.php\/2026\/01\/26\/noc-muzeja-na-humcu-2\/"},"author":{"name":"Radio Ljubu\u0161ki","@id":"https:\/\/radioljubuski.ba\/#\/schema\/person\/19fc700381a780f69665d7956c469e3b"},"headline":"No\u0107 muzeja na Humcu","datePublished":"2026-01-26T08:19:17+00:00","dateModified":"2026-01-26T08:19:18+00:00","mainEntityOfPage":{"@id":"https:\/\/radioljubuski.ba\/index.php\/2026\/01\/26\/noc-muzeja-na-humcu-2\/"},"wordCount":244,"publisher":{"@id":"https:\/\/radioljubuski.ba\/#organization"},"image":{"@id":"https:\/\/radioljubuski.ba\/index.php\/2026\/01\/26\/noc-muzeja-na-humcu-2\/#primaryimage"},"thumbnailUrl":"https:\/\/radioljubuski.ba\/wp-content\/uploads\/2026\/01\/Noc-muzeja-najava.jpg","articleSection":["Ljubu\u0161ki","Novosti"],"inLanguage":"hr"},{"@type":"WebPage","@id":"https:\/\/radioljubuski.ba\/index.php\/2026\/01\/26\/noc-muzeja-na-humcu-2\/","url":"https:\/\/radioljubuski.ba\/index.php\/2026\/01\/26\/noc-muzeja-na-humcu-2\/","name":"No\u0107 muzeja na Humcu - RADIO LJUBU\u0160KI","isPartOf":{"@id":"https:\/\/radioljubuski.ba\/#website"},"primaryImageOfPage":{"@id":"https:\/\/radioljubuski.ba\/index.php\/2026\/01\/26\/noc-muzeja-na-humcu-2\/#primaryimage"},"image":{"@id":"https:\/\/radioljubuski.ba\/index.php\/2026\/01\/26\/noc-muzeja-na-humcu-2\/#primaryimage"},"thumbnailUrl":"https:\/\/radioljubuski.ba\/wp-content\/uploads\/2026\/01\/Noc-muzeja-najava.jpg","datePublished":"2026-01-26T08:19:17+00:00","dateModified":"2026-01-26T08:19:18+00:00","breadcrumb":{"@id":"https:\/\/radioljubuski.ba\/index.php\/2026\/01\/26\/noc-muzeja-na-humcu-2\/#breadcrumb"},"inLanguage":"hr","potentialAction":[{"@type":"ReadAction","target":["https:\/\/radioljubuski.ba\/index.php\/2026\/01\/26\/noc-muzeja-na-humcu-2\/"]}]},{"@type":"ImageObject","inLanguage":"hr","@id":"https:\/\/radioljubuski.ba\/index.php\/2026\/01\/26\/noc-muzeja-na-humcu-2\/#primaryimage","url":"https:\/\/radioljubuski.ba\/wp-content\/uploads\/2026\/01\/Noc-muzeja-najava.jpg","contentUrl":"https:\/\/radioljubuski.ba\/wp-content\/uploads\/2026\/01\/Noc-muzeja-najava.jpg","width":1080,"height":1350},{"@type":"BreadcrumbList","@id":"https:\/\/radioljubuski.ba\/index.php\/2026\/01\/26\/noc-muzeja-na-humcu-2\/#breadcrumb","itemListElement":[{"@type":"ListItem","position":1,"name":"Po\u010detna stranica","item":"https:\/\/radioljubuski.ba\/"},{"@type":"ListItem","position":2,"name":"No\u0107 muzeja na Humcu"}]},{"@type":"WebSite","@id":"https:\/\/radioljubuski.ba\/#website","url":"https:\/\/radioljubuski.ba\/","name":"Radio Ljubu\u0161ki","description":"Sun\u010dana frekvencija Hercegovine","publisher":{"@id":"https:\/\/radioljubuski.ba\/#organization"},"potentialAction":[{"@type":"SearchAction","target":{"@type":"EntryPoint","urlTemplate":"https:\/\/radioljubuski.ba\/?s={search_term_string}"},"query-input":{"@type":"PropertyValueSpecification","valueRequired":true,"valueName":"search_term_string"}}],"inLanguage":"hr"},{"@type":"Organization","@id":"https:\/\/radioljubuski.ba\/#organization","name":"Radio Ljubu\u0161ki","url":"https:\/\/radioljubuski.ba\/","logo":{"@type":"ImageObject","inLanguage":"hr","@id":"https:\/\/radioljubuski.ba\/#\/schema\/logo\/image\/","url":"https:\/\/radioljubuski.ba\/wp-content\/uploads\/2021\/02\/cropped-Radio_Ljubuski_logo1.jpg","contentUrl":"https:\/\/radioljubuski.ba\/wp-content\/uploads\/2021\/02\/cropped-Radio_Ljubuski_logo1.jpg","width":512,"height":512,"caption":"Radio Ljubu\u0161ki"},"image":{"@id":"https:\/\/radioljubuski.ba\/#\/schema\/logo\/image\/"},"sameAs":["https:\/\/www.facebook.com\/Radiio-Ljubuski-1490835324566332","https:\/\/x.com\/radioljubuski","https:\/\/hr.linkedin.com\/company\/radio-ljubuski","https:\/\/www.youtube.com\/channel\/UCHYaeO_n0Db3tjNGudGpXyw"]},{"@type":"Person","@id":"https:\/\/radioljubuski.ba\/#\/schema\/person\/19fc700381a780f69665d7956c469e3b","name":"Radio Ljubu\u0161ki"}]}},"_links":{"self":[{"href":"https:\/\/radioljubuski.ba\/index.php\/wp-json\/wp\/v2\/posts\/224603","targetHints":{"allow":["GET"]}}],"collection":[{"href":"https:\/\/radioljubuski.ba\/index.php\/wp-json\/wp\/v2\/posts"}],"about":[{"href":"https:\/\/radioljubuski.ba\/index.php\/wp-json\/wp\/v2\/types\/post"}],"author":[{"embeddable":true,"href":"https:\/\/radioljubuski.ba\/index.php\/wp-json\/wp\/v2\/users\/2"}],"replies":[{"embeddable":true,"href":"https:\/\/radioljubuski.ba\/index.php\/wp-json\/wp\/v2\/comments?post=224603"}],"version-history":[{"count":1,"href":"https:\/\/radioljubuski.ba\/index.php\/wp-json\/wp\/v2\/posts\/224603\/revisions"}],"predecessor-version":[{"id":224607,"href":"https:\/\/radioljubuski.ba\/index.php\/wp-json\/wp\/v2\/posts\/224603\/revisions\/224607"}],"wp:featuredmedia":[{"embeddable":true,"href":"https:\/\/radioljubuski.ba\/index.php\/wp-json\/wp\/v2\/media\/224606"}],"wp:attachment":[{"href":"https:\/\/radioljubuski.ba\/index.php\/wp-json\/wp\/v2\/media?parent=224603"}],"wp:term":[{"taxonomy":"category","embeddable":true,"href":"https:\/\/radioljubuski.ba\/index.php\/wp-json\/wp\/v2\/categories?post=224603"},{"taxonomy":"post_tag","embeddable":true,"href":"https:\/\/radioljubuski.ba\/index.php\/wp-json\/wp\/v2\/tags?post=224603"}],"curies":[{"name":"wp","href":"https:\/\/api.w.org\/{rel}","templated":true}]}}