{"id":224640,"date":"2026-01-27T08:40:40","date_gmt":"2026-01-27T07:40:40","guid":{"rendered":"https:\/\/radioljubuski.ba\/?p=224640"},"modified":"2026-01-27T08:40:40","modified_gmt":"2026-01-27T07:40:40","slug":"kraljevic-i-plenkovic-sa-izaslanstvima-o-stabilnosti-investicijama-i-energetskim-izazovima","status":"publish","type":"post","link":"https:\/\/radioljubuski.ba\/index.php\/2026\/01\/27\/kraljevic-i-plenkovic-sa-izaslanstvima-o-stabilnosti-investicijama-i-energetskim-izazovima\/","title":{"rendered":"Kraljevi\u0107 i Plenkovi\u0107 sa izaslanstvima o stabilnosti, investicijama i energetskim izazovima"},"content":{"rendered":"\n<p>Delegacija Federacije Bosne i Hercegovine, predvo\u0111ena predsjednicom Federacije BiH Lidijom Bradarom te dopredsjednikom Vlade Federacije BiH i federalnim ministrom financija Tonijem Kraljevi\u0107em, sastala se  u Zagrebu s predsjednikom Vlade Republike Hrvatske Andrejem Plenkovi\u0107em. U izaslanstvu Vlade Federacije BiH sudjelovali su i federalni ministar energije, rudarstva i industrije Vedran Laki\u0107 te federalna ministrica prometa i komunikacija Andrijana Kati\u0107. Hrvatsko izaslanstvo, uz predsjednika Vlade Plenkovi\u0107a, \u010dinili su potpredsjednik Vlade i ministar mora, prometa i infrastrukture Oleg Butkovi\u0107 te ministar gospodarstva Ante \u0160u\u0161njar.<\/p>\n\n\n\n<p>Tijekom sastanka razgovarano je o unaprje\u0111enju bilateralnih odnosa, razvoju infrastrukture i energetike, kao i o ja\u010danju dobrosusjedske suradnje izme\u0111u Federacije BiH i Republike Hrvatske.<\/p>\n\n\n\n<p>Predsjednica Federacije BiH Lidija Bradara naglasila je kako Vlada Federacije BiH funkcionira stabilno i u\u010dinkovito, da se odluke donose pravodobno te da se zapo\u010deti projekti realiziraju u interesu Bosne i Hercegovine.<\/p>\n\n\n\n<p>Dopredsjednik Vlade FBiH Toni Kraljevi\u0107 istaknuo je va\u017enost dobrosusjedskih odnosa te zahvalio Republici Hrvatskoj na kontinuiranoj potpori Bosni i Hercegovini, naglasiv\u0161i kako je dobra suradnja klju\u010dna za gospodarski razvoj i stabilnost cijele regije.<\/p>\n\n\n\n<p>Federalni ministar Vedran Laki\u0107 kazao je kako je sastanak protekao u otvorenoj i konstruktivnoj atmosferi, uz jasno iskazanu spremnost za rje\u0161avanje pitanja Naftnih terminala Federacije BiH u Plo\u010dama.<\/p>\n\n\n\n<p>Predsjednik Vlade Andrej Plenkovi\u0107 pokazao je otvorenost prema Federaciji BiH i spremnost da se, kroz suradnju nadle\u017enih ministarstava, do\u0111e do kona\u010dnog rje\u0161enja pravnih pitanja u kojima se trenutno nalaze Naftni terminali FBiH \u2013 izjavio je ministar Laki\u0107.<\/p>\n\n\n\n<p>Zahvaliv\u0161i na sna\u017enoj i kontinuiranoj potpori Republike Hrvatske u realizaciji va\u017enih infrastrukturnih projekata u Federaciji BiH, posebno u sektoru prometa, ministrica Andrijana Kati\u0107 istaknula je suradnju na projektima izgradnje novog mosta u \u010capljini, ceste Ravno \u2013 Hutovo, novog mosta na rijeci Savi izme\u0111u Ora\u0161ja i \u017dupanje, kao i infrastrukturnim projektima usmjerenima na pove\u0107anje kapaciteta Zra\u010dne luke Mostar, koje sna\u017eno podupire Republika Hrvatska.<\/p>\n\n\n\n<p>Prema rije\u010dima predsjednika Vlade RH Andreja Plenkovi\u0107a, prioritet Republike Hrvatske je nastavak izgradnje dobrosusjedskih odnosa s Bosnom i Hercegovinom, ja\u010danje politi\u010dke i gospodarske suradnje te rje\u0161avanje otvorenih pitanja.<\/p>\n\n\n\n<p>Hrvatska podupire nastavak radova na izgradnji Koridora Vc kroz teritorij Bosne i Hercegovine kako bismo zajedni\u010dki ostvarili puni potencijal ovog strate\u0161kog prometnog pravca koji povezuje na\u0161e dvije dr\u017eave. Tako\u0111er se nadamo skorom otvaranju grani\u010dnog prijelaza Gradi\u0161ka, koji \u0107e dodatno osna\u017eiti prometnu povezanost \u2013 istaknuo je premijer Plenkovi\u0107.<\/p>\n\n\n\n<p>Na sastanku se razgovaralo i o plinskim interkonekcijama, s posebnim naglaskom na projekt Ju\u017ene plinske interkonekcije. Ministar Laki\u0107 predstavio je i ostale planirane plinske interkonekcije u Federaciji BiH, istaknuv\u0161i kako plinofikacija predstavlja zna\u010dajnu razvojnu priliku za obje strane te da je potrebno poduzeti sve korake kako bi se ti projekti realizirali u skoroj budu\u0107nosti.<\/p>\n\n\n\n<figure class=\"wp-block-image size-large\"><img loading=\"lazy\" decoding=\"async\" width=\"1024\" height=\"576\" src=\"https:\/\/radioljubuski.ba\/wp-content\/uploads\/2026\/01\/622797223_920588350534187_5402635618310624630_n-1024x576.jpg\" alt=\"\" class=\"wp-image-224642\" srcset=\"https:\/\/radioljubuski.ba\/wp-content\/uploads\/2026\/01\/622797223_920588350534187_5402635618310624630_n-1024x576.jpg 1024w, https:\/\/radioljubuski.ba\/wp-content\/uploads\/2026\/01\/622797223_920588350534187_5402635618310624630_n-300x169.jpg 300w, https:\/\/radioljubuski.ba\/wp-content\/uploads\/2026\/01\/622797223_920588350534187_5402635618310624630_n-768x432.jpg 768w, https:\/\/radioljubuski.ba\/wp-content\/uploads\/2026\/01\/622797223_920588350534187_5402635618310624630_n-1536x864.jpg 1536w, https:\/\/radioljubuski.ba\/wp-content\/uploads\/2026\/01\/622797223_920588350534187_5402635618310624630_n.jpg 1600w\" sizes=\"auto, (max-width: 1024px) 100vw, 1024px\" \/><\/figure>\n\n\n\n<p>Vlada FBiH<\/p>\n","protected":false},"excerpt":{"rendered":"<p>Delegacija Federacije Bosne i Hercegovine, predvo\u0111ena predsjednicom Federacije BiH Lidijom Bradarom te dopredsjednikom Vlade Federacije BiH i federalnim ministrom financija Tonijem Kraljevi\u0107em, sastala se u Zagrebu s predsjednikom Vlade Republike Hrvatske Andrejem Plenkovi\u0107em. U izaslanstvu Vlade Federacije BiH sudjelovali su i federalni ministar energije, rudarstva i industrije Vedran Laki\u0107 te federalna ministrica prometa i komunikacija [&hellip;]<\/p>\n","protected":false},"author":2,"featured_media":224641,"comment_status":"closed","ping_status":"closed","sticky":false,"template":"","format":"standard","meta":{"h5ap_radio_sources":[],"footnotes":""},"categories":[28],"tags":[],"class_list":["post-224640","post","type-post","status-publish","format-standard","has-post-thumbnail","hentry","category-novosti"],"yoast_head":"<!-- This site is optimized with the Yoast SEO plugin v27.5 - https:\/\/yoast.com\/product\/yoast-seo-wordpress\/ -->\n<title>Kraljevi\u0107 i Plenkovi\u0107 sa izaslanstvima o stabilnosti, investicijama i energetskim izazovima - RADIO LJUBU\u0160KI<\/title>\n<meta name=\"robots\" content=\"index, follow, max-snippet:-1, max-image-preview:large, max-video-preview:-1\" \/>\n<link rel=\"canonical\" href=\"https:\/\/radioljubuski.ba\/index.php\/2026\/01\/27\/kraljevic-i-plenkovic-sa-izaslanstvima-o-stabilnosti-investicijama-i-energetskim-izazovima\/\" \/>\n<meta property=\"og:locale\" content=\"hr_HR\" \/>\n<meta property=\"og:type\" content=\"article\" \/>\n<meta property=\"og:title\" content=\"Kraljevi\u0107 i Plenkovi\u0107 sa izaslanstvima o stabilnosti, investicijama i energetskim izazovima - RADIO LJUBU\u0160KI\" \/>\n<meta property=\"og:description\" content=\"Delegacija Federacije Bosne i Hercegovine, predvo\u0111ena predsjednicom Federacije BiH Lidijom Bradarom te dopredsjednikom Vlade Federacije BiH i federalnim ministrom financija Tonijem Kraljevi\u0107em, sastala se u Zagrebu s predsjednikom Vlade Republike Hrvatske Andrejem Plenkovi\u0107em. U izaslanstvu Vlade Federacije BiH sudjelovali su i federalni ministar energije, rudarstva i industrije Vedran Laki\u0107 te federalna ministrica prometa i komunikacija [&hellip;]\" \/>\n<meta property=\"og:url\" content=\"https:\/\/radioljubuski.ba\/index.php\/2026\/01\/27\/kraljevic-i-plenkovic-sa-izaslanstvima-o-stabilnosti-investicijama-i-energetskim-izazovima\/\" \/>\n<meta property=\"og:site_name\" content=\"RADIO LJUBU\u0160KI\" \/>\n<meta property=\"article:publisher\" content=\"https:\/\/www.facebook.com\/Radiio-Ljubuski-1490835324566332\" \/>\n<meta property=\"article:published_time\" content=\"2026-01-27T07:40:40+00:00\" \/>\n<meta property=\"og:image\" content=\"https:\/\/radioljubuski.ba\/wp-content\/uploads\/2026\/01\/Toni.jpg\" \/>\n\t<meta property=\"og:image:width\" content=\"1600\" \/>\n\t<meta property=\"og:image:height\" content=\"900\" \/>\n\t<meta property=\"og:image:type\" content=\"image\/jpeg\" \/>\n<meta name=\"author\" content=\"Radio Ljubu\u0161ki\" \/>\n<meta name=\"twitter:card\" content=\"summary_large_image\" \/>\n<meta name=\"twitter:creator\" content=\"@radioljubuski\" \/>\n<meta name=\"twitter:site\" content=\"@radioljubuski\" \/>\n<meta name=\"twitter:label1\" content=\"Napisao\/la\" \/>\n\t<meta name=\"twitter:data1\" content=\"Radio Ljubu\u0161ki\" \/>\n\t<meta name=\"twitter:label2\" content=\"Procijenjeno vrijeme \u010ditanja\" \/>\n\t<meta name=\"twitter:data2\" content=\"2 minute\" \/>\n<script type=\"application\/ld+json\" class=\"yoast-schema-graph\">{\"@context\":\"https:\\\/\\\/schema.org\",\"@graph\":[{\"@type\":\"Article\",\"@id\":\"https:\\\/\\\/radioljubuski.ba\\\/index.php\\\/2026\\\/01\\\/27\\\/kraljevic-i-plenkovic-sa-izaslanstvima-o-stabilnosti-investicijama-i-energetskim-izazovima\\\/#article\",\"isPartOf\":{\"@id\":\"https:\\\/\\\/radioljubuski.ba\\\/index.php\\\/2026\\\/01\\\/27\\\/kraljevic-i-plenkovic-sa-izaslanstvima-o-stabilnosti-investicijama-i-energetskim-izazovima\\\/\"},\"author\":{\"name\":\"Radio Ljubu\u0161ki\",\"@id\":\"https:\\\/\\\/radioljubuski.ba\\\/#\\\/schema\\\/person\\\/19fc700381a780f69665d7956c469e3b\"},\"headline\":\"Kraljevi\u0107 i Plenkovi\u0107 sa izaslanstvima o stabilnosti, investicijama i energetskim izazovima\",\"datePublished\":\"2026-01-27T07:40:40+00:00\",\"mainEntityOfPage\":{\"@id\":\"https:\\\/\\\/radioljubuski.ba\\\/index.php\\\/2026\\\/01\\\/27\\\/kraljevic-i-plenkovic-sa-izaslanstvima-o-stabilnosti-investicijama-i-energetskim-izazovima\\\/\"},\"wordCount\":478,\"publisher\":{\"@id\":\"https:\\\/\\\/radioljubuski.ba\\\/#organization\"},\"image\":{\"@id\":\"https:\\\/\\\/radioljubuski.ba\\\/index.php\\\/2026\\\/01\\\/27\\\/kraljevic-i-plenkovic-sa-izaslanstvima-o-stabilnosti-investicijama-i-energetskim-izazovima\\\/#primaryimage\"},\"thumbnailUrl\":\"https:\\\/\\\/radioljubuski.ba\\\/wp-content\\\/uploads\\\/2026\\\/01\\\/Toni.jpg\",\"articleSection\":[\"Novosti\"],\"inLanguage\":\"hr\"},{\"@type\":\"WebPage\",\"@id\":\"https:\\\/\\\/radioljubuski.ba\\\/index.php\\\/2026\\\/01\\\/27\\\/kraljevic-i-plenkovic-sa-izaslanstvima-o-stabilnosti-investicijama-i-energetskim-izazovima\\\/\",\"url\":\"https:\\\/\\\/radioljubuski.ba\\\/index.php\\\/2026\\\/01\\\/27\\\/kraljevic-i-plenkovic-sa-izaslanstvima-o-stabilnosti-investicijama-i-energetskim-izazovima\\\/\",\"name\":\"Kraljevi\u0107 i Plenkovi\u0107 sa izaslanstvima o stabilnosti, investicijama i energetskim izazovima - RADIO LJUBU\u0160KI\",\"isPartOf\":{\"@id\":\"https:\\\/\\\/radioljubuski.ba\\\/#website\"},\"primaryImageOfPage\":{\"@id\":\"https:\\\/\\\/radioljubuski.ba\\\/index.php\\\/2026\\\/01\\\/27\\\/kraljevic-i-plenkovic-sa-izaslanstvima-o-stabilnosti-investicijama-i-energetskim-izazovima\\\/#primaryimage\"},\"image\":{\"@id\":\"https:\\\/\\\/radioljubuski.ba\\\/index.php\\\/2026\\\/01\\\/27\\\/kraljevic-i-plenkovic-sa-izaslanstvima-o-stabilnosti-investicijama-i-energetskim-izazovima\\\/#primaryimage\"},\"thumbnailUrl\":\"https:\\\/\\\/radioljubuski.ba\\\/wp-content\\\/uploads\\\/2026\\\/01\\\/Toni.jpg\",\"datePublished\":\"2026-01-27T07:40:40+00:00\",\"breadcrumb\":{\"@id\":\"https:\\\/\\\/radioljubuski.ba\\\/index.php\\\/2026\\\/01\\\/27\\\/kraljevic-i-plenkovic-sa-izaslanstvima-o-stabilnosti-investicijama-i-energetskim-izazovima\\\/#breadcrumb\"},\"inLanguage\":\"hr\",\"potentialAction\":[{\"@type\":\"ReadAction\",\"target\":[\"https:\\\/\\\/radioljubuski.ba\\\/index.php\\\/2026\\\/01\\\/27\\\/kraljevic-i-plenkovic-sa-izaslanstvima-o-stabilnosti-investicijama-i-energetskim-izazovima\\\/\"]}]},{\"@type\":\"ImageObject\",\"inLanguage\":\"hr\",\"@id\":\"https:\\\/\\\/radioljubuski.ba\\\/index.php\\\/2026\\\/01\\\/27\\\/kraljevic-i-plenkovic-sa-izaslanstvima-o-stabilnosti-investicijama-i-energetskim-izazovima\\\/#primaryimage\",\"url\":\"https:\\\/\\\/radioljubuski.ba\\\/wp-content\\\/uploads\\\/2026\\\/01\\\/Toni.jpg\",\"contentUrl\":\"https:\\\/\\\/radioljubuski.ba\\\/wp-content\\\/uploads\\\/2026\\\/01\\\/Toni.jpg\",\"width\":1600,\"height\":900},{\"@type\":\"BreadcrumbList\",\"@id\":\"https:\\\/\\\/radioljubuski.ba\\\/index.php\\\/2026\\\/01\\\/27\\\/kraljevic-i-plenkovic-sa-izaslanstvima-o-stabilnosti-investicijama-i-energetskim-izazovima\\\/#breadcrumb\",\"itemListElement\":[{\"@type\":\"ListItem\",\"position\":1,\"name\":\"Po\u010detna stranica\",\"item\":\"https:\\\/\\\/radioljubuski.ba\\\/\"},{\"@type\":\"ListItem\",\"position\":2,\"name\":\"Kraljevi\u0107 i Plenkovi\u0107 sa izaslanstvima o stabilnosti, investicijama i energetskim izazovima\"}]},{\"@type\":\"WebSite\",\"@id\":\"https:\\\/\\\/radioljubuski.ba\\\/#website\",\"url\":\"https:\\\/\\\/radioljubuski.ba\\\/\",\"name\":\"Radio Ljubu\u0161ki\",\"description\":\"Sun\u010dana frekvencija Hercegovine\",\"publisher\":{\"@id\":\"https:\\\/\\\/radioljubuski.ba\\\/#organization\"},\"potentialAction\":[{\"@type\":\"SearchAction\",\"target\":{\"@type\":\"EntryPoint\",\"urlTemplate\":\"https:\\\/\\\/radioljubuski.ba\\\/?s={search_term_string}\"},\"query-input\":{\"@type\":\"PropertyValueSpecification\",\"valueRequired\":true,\"valueName\":\"search_term_string\"}}],\"inLanguage\":\"hr\"},{\"@type\":\"Organization\",\"@id\":\"https:\\\/\\\/radioljubuski.ba\\\/#organization\",\"name\":\"Radio Ljubu\u0161ki\",\"url\":\"https:\\\/\\\/radioljubuski.ba\\\/\",\"logo\":{\"@type\":\"ImageObject\",\"inLanguage\":\"hr\",\"@id\":\"https:\\\/\\\/radioljubuski.ba\\\/#\\\/schema\\\/logo\\\/image\\\/\",\"url\":\"https:\\\/\\\/radioljubuski.ba\\\/wp-content\\\/uploads\\\/2021\\\/02\\\/cropped-Radio_Ljubuski_logo1.jpg\",\"contentUrl\":\"https:\\\/\\\/radioljubuski.ba\\\/wp-content\\\/uploads\\\/2021\\\/02\\\/cropped-Radio_Ljubuski_logo1.jpg\",\"width\":512,\"height\":512,\"caption\":\"Radio Ljubu\u0161ki\"},\"image\":{\"@id\":\"https:\\\/\\\/radioljubuski.ba\\\/#\\\/schema\\\/logo\\\/image\\\/\"},\"sameAs\":[\"https:\\\/\\\/www.facebook.com\\\/Radiio-Ljubuski-1490835324566332\",\"https:\\\/\\\/x.com\\\/radioljubuski\",\"https:\\\/\\\/hr.linkedin.com\\\/company\\\/radio-ljubuski\",\"https:\\\/\\\/www.youtube.com\\\/channel\\\/UCHYaeO_n0Db3tjNGudGpXyw\"]},{\"@type\":\"Person\",\"@id\":\"https:\\\/\\\/radioljubuski.ba\\\/#\\\/schema\\\/person\\\/19fc700381a780f69665d7956c469e3b\",\"name\":\"Radio Ljubu\u0161ki\"}]}<\/script>\n<!-- \/ Yoast SEO plugin. -->","yoast_head_json":{"title":"Kraljevi\u0107 i Plenkovi\u0107 sa izaslanstvima o stabilnosti, investicijama i energetskim izazovima - RADIO LJUBU\u0160KI","robots":{"index":"index","follow":"follow","max-snippet":"max-snippet:-1","max-image-preview":"max-image-preview:large","max-video-preview":"max-video-preview:-1"},"canonical":"https:\/\/radioljubuski.ba\/index.php\/2026\/01\/27\/kraljevic-i-plenkovic-sa-izaslanstvima-o-stabilnosti-investicijama-i-energetskim-izazovima\/","og_locale":"hr_HR","og_type":"article","og_title":"Kraljevi\u0107 i Plenkovi\u0107 sa izaslanstvima o stabilnosti, investicijama i energetskim izazovima - RADIO LJUBU\u0160KI","og_description":"Delegacija Federacije Bosne i Hercegovine, predvo\u0111ena predsjednicom Federacije BiH Lidijom Bradarom te dopredsjednikom Vlade Federacije BiH i federalnim ministrom financija Tonijem Kraljevi\u0107em, sastala se u Zagrebu s predsjednikom Vlade Republike Hrvatske Andrejem Plenkovi\u0107em. U izaslanstvu Vlade Federacije BiH sudjelovali su i federalni ministar energije, rudarstva i industrije Vedran Laki\u0107 te federalna ministrica prometa i komunikacija [&hellip;]","og_url":"https:\/\/radioljubuski.ba\/index.php\/2026\/01\/27\/kraljevic-i-plenkovic-sa-izaslanstvima-o-stabilnosti-investicijama-i-energetskim-izazovima\/","og_site_name":"RADIO LJUBU\u0160KI","article_publisher":"https:\/\/www.facebook.com\/Radiio-Ljubuski-1490835324566332","article_published_time":"2026-01-27T07:40:40+00:00","og_image":[{"width":1600,"height":900,"url":"https:\/\/radioljubuski.ba\/wp-content\/uploads\/2026\/01\/Toni.jpg","type":"image\/jpeg"}],"author":"Radio Ljubu\u0161ki","twitter_card":"summary_large_image","twitter_creator":"@radioljubuski","twitter_site":"@radioljubuski","twitter_misc":{"Napisao\/la":"Radio Ljubu\u0161ki","Procijenjeno vrijeme \u010ditanja":"2 minute"},"schema":{"@context":"https:\/\/schema.org","@graph":[{"@type":"Article","@id":"https:\/\/radioljubuski.ba\/index.php\/2026\/01\/27\/kraljevic-i-plenkovic-sa-izaslanstvima-o-stabilnosti-investicijama-i-energetskim-izazovima\/#article","isPartOf":{"@id":"https:\/\/radioljubuski.ba\/index.php\/2026\/01\/27\/kraljevic-i-plenkovic-sa-izaslanstvima-o-stabilnosti-investicijama-i-energetskim-izazovima\/"},"author":{"name":"Radio Ljubu\u0161ki","@id":"https:\/\/radioljubuski.ba\/#\/schema\/person\/19fc700381a780f69665d7956c469e3b"},"headline":"Kraljevi\u0107 i Plenkovi\u0107 sa izaslanstvima o stabilnosti, investicijama i energetskim izazovima","datePublished":"2026-01-27T07:40:40+00:00","mainEntityOfPage":{"@id":"https:\/\/radioljubuski.ba\/index.php\/2026\/01\/27\/kraljevic-i-plenkovic-sa-izaslanstvima-o-stabilnosti-investicijama-i-energetskim-izazovima\/"},"wordCount":478,"publisher":{"@id":"https:\/\/radioljubuski.ba\/#organization"},"image":{"@id":"https:\/\/radioljubuski.ba\/index.php\/2026\/01\/27\/kraljevic-i-plenkovic-sa-izaslanstvima-o-stabilnosti-investicijama-i-energetskim-izazovima\/#primaryimage"},"thumbnailUrl":"https:\/\/radioljubuski.ba\/wp-content\/uploads\/2026\/01\/Toni.jpg","articleSection":["Novosti"],"inLanguage":"hr"},{"@type":"WebPage","@id":"https:\/\/radioljubuski.ba\/index.php\/2026\/01\/27\/kraljevic-i-plenkovic-sa-izaslanstvima-o-stabilnosti-investicijama-i-energetskim-izazovima\/","url":"https:\/\/radioljubuski.ba\/index.php\/2026\/01\/27\/kraljevic-i-plenkovic-sa-izaslanstvima-o-stabilnosti-investicijama-i-energetskim-izazovima\/","name":"Kraljevi\u0107 i Plenkovi\u0107 sa izaslanstvima o stabilnosti, investicijama i energetskim izazovima - RADIO LJUBU\u0160KI","isPartOf":{"@id":"https:\/\/radioljubuski.ba\/#website"},"primaryImageOfPage":{"@id":"https:\/\/radioljubuski.ba\/index.php\/2026\/01\/27\/kraljevic-i-plenkovic-sa-izaslanstvima-o-stabilnosti-investicijama-i-energetskim-izazovima\/#primaryimage"},"image":{"@id":"https:\/\/radioljubuski.ba\/index.php\/2026\/01\/27\/kraljevic-i-plenkovic-sa-izaslanstvima-o-stabilnosti-investicijama-i-energetskim-izazovima\/#primaryimage"},"thumbnailUrl":"https:\/\/radioljubuski.ba\/wp-content\/uploads\/2026\/01\/Toni.jpg","datePublished":"2026-01-27T07:40:40+00:00","breadcrumb":{"@id":"https:\/\/radioljubuski.ba\/index.php\/2026\/01\/27\/kraljevic-i-plenkovic-sa-izaslanstvima-o-stabilnosti-investicijama-i-energetskim-izazovima\/#breadcrumb"},"inLanguage":"hr","potentialAction":[{"@type":"ReadAction","target":["https:\/\/radioljubuski.ba\/index.php\/2026\/01\/27\/kraljevic-i-plenkovic-sa-izaslanstvima-o-stabilnosti-investicijama-i-energetskim-izazovima\/"]}]},{"@type":"ImageObject","inLanguage":"hr","@id":"https:\/\/radioljubuski.ba\/index.php\/2026\/01\/27\/kraljevic-i-plenkovic-sa-izaslanstvima-o-stabilnosti-investicijama-i-energetskim-izazovima\/#primaryimage","url":"https:\/\/radioljubuski.ba\/wp-content\/uploads\/2026\/01\/Toni.jpg","contentUrl":"https:\/\/radioljubuski.ba\/wp-content\/uploads\/2026\/01\/Toni.jpg","width":1600,"height":900},{"@type":"BreadcrumbList","@id":"https:\/\/radioljubuski.ba\/index.php\/2026\/01\/27\/kraljevic-i-plenkovic-sa-izaslanstvima-o-stabilnosti-investicijama-i-energetskim-izazovima\/#breadcrumb","itemListElement":[{"@type":"ListItem","position":1,"name":"Po\u010detna stranica","item":"https:\/\/radioljubuski.ba\/"},{"@type":"ListItem","position":2,"name":"Kraljevi\u0107 i Plenkovi\u0107 sa izaslanstvima o stabilnosti, investicijama i energetskim izazovima"}]},{"@type":"WebSite","@id":"https:\/\/radioljubuski.ba\/#website","url":"https:\/\/radioljubuski.ba\/","name":"Radio Ljubu\u0161ki","description":"Sun\u010dana frekvencija Hercegovine","publisher":{"@id":"https:\/\/radioljubuski.ba\/#organization"},"potentialAction":[{"@type":"SearchAction","target":{"@type":"EntryPoint","urlTemplate":"https:\/\/radioljubuski.ba\/?s={search_term_string}"},"query-input":{"@type":"PropertyValueSpecification","valueRequired":true,"valueName":"search_term_string"}}],"inLanguage":"hr"},{"@type":"Organization","@id":"https:\/\/radioljubuski.ba\/#organization","name":"Radio Ljubu\u0161ki","url":"https:\/\/radioljubuski.ba\/","logo":{"@type":"ImageObject","inLanguage":"hr","@id":"https:\/\/radioljubuski.ba\/#\/schema\/logo\/image\/","url":"https:\/\/radioljubuski.ba\/wp-content\/uploads\/2021\/02\/cropped-Radio_Ljubuski_logo1.jpg","contentUrl":"https:\/\/radioljubuski.ba\/wp-content\/uploads\/2021\/02\/cropped-Radio_Ljubuski_logo1.jpg","width":512,"height":512,"caption":"Radio Ljubu\u0161ki"},"image":{"@id":"https:\/\/radioljubuski.ba\/#\/schema\/logo\/image\/"},"sameAs":["https:\/\/www.facebook.com\/Radiio-Ljubuski-1490835324566332","https:\/\/x.com\/radioljubuski","https:\/\/hr.linkedin.com\/company\/radio-ljubuski","https:\/\/www.youtube.com\/channel\/UCHYaeO_n0Db3tjNGudGpXyw"]},{"@type":"Person","@id":"https:\/\/radioljubuski.ba\/#\/schema\/person\/19fc700381a780f69665d7956c469e3b","name":"Radio Ljubu\u0161ki"}]}},"_links":{"self":[{"href":"https:\/\/radioljubuski.ba\/index.php\/wp-json\/wp\/v2\/posts\/224640","targetHints":{"allow":["GET"]}}],"collection":[{"href":"https:\/\/radioljubuski.ba\/index.php\/wp-json\/wp\/v2\/posts"}],"about":[{"href":"https:\/\/radioljubuski.ba\/index.php\/wp-json\/wp\/v2\/types\/post"}],"author":[{"embeddable":true,"href":"https:\/\/radioljubuski.ba\/index.php\/wp-json\/wp\/v2\/users\/2"}],"replies":[{"embeddable":true,"href":"https:\/\/radioljubuski.ba\/index.php\/wp-json\/wp\/v2\/comments?post=224640"}],"version-history":[{"count":2,"href":"https:\/\/radioljubuski.ba\/index.php\/wp-json\/wp\/v2\/posts\/224640\/revisions"}],"predecessor-version":[{"id":224644,"href":"https:\/\/radioljubuski.ba\/index.php\/wp-json\/wp\/v2\/posts\/224640\/revisions\/224644"}],"wp:featuredmedia":[{"embeddable":true,"href":"https:\/\/radioljubuski.ba\/index.php\/wp-json\/wp\/v2\/media\/224641"}],"wp:attachment":[{"href":"https:\/\/radioljubuski.ba\/index.php\/wp-json\/wp\/v2\/media?parent=224640"}],"wp:term":[{"taxonomy":"category","embeddable":true,"href":"https:\/\/radioljubuski.ba\/index.php\/wp-json\/wp\/v2\/categories?post=224640"},{"taxonomy":"post_tag","embeddable":true,"href":"https:\/\/radioljubuski.ba\/index.php\/wp-json\/wp\/v2\/tags?post=224640"}],"curies":[{"name":"wp","href":"https:\/\/api.w.org\/{rel}","templated":true}]}}