{"id":224653,"date":"2026-01-27T12:12:36","date_gmt":"2026-01-27T11:12:36","guid":{"rendered":"https:\/\/radioljubuski.ba\/?p=224653"},"modified":"2026-01-27T15:59:46","modified_gmt":"2026-01-27T14:59:46","slug":"slobodanka-markovic-i-simun-grbavac-okrunili-se-titulom-najcitatelj-2025-knjiznice-ljubuski-2","status":"publish","type":"post","link":"https:\/\/radioljubuski.ba\/index.php\/2026\/01\/27\/slobodanka-markovic-i-simun-grbavac-okrunili-se-titulom-najcitatelj-2025-knjiznice-ljubuski-2\/","title":{"rendered":"Slobodanka Markovi\u0107 i \u0160imun Grbavac okrunili se titulom \u201eNaj\u010ditatelj 2025. Knji\u017enice Ljubu\u0161ki\u201c"},"content":{"rendered":"\n<p>JU Kulturno \u0161portski centar Knji\u017enica Ljubu\u0161ki organizirala je sve\u010danost progla\u0161enja &#8220;Naj\u010ditatelj 2025. Knji\u017enice Ljubu\u0161ki\u201c u\u00a0kategoriji u\u010denika osnovnih \u0161kola s podru\u010dja grada Ljubu\u0161kog i kategoriji odraslih \u010ditatelja.<\/p>\n\n\n\n<p>Titulom &#8220;Naj\u010ditatelj 2025. Knji\u017enice Ljubu\u0161ki\u201c u kategoriji u\u010denika osnovnih \u0161kola s podru\u010dja grada Ljubu\u0161kog okrunio se \u0160imun Grbavac, dok se pak titulom &#8220;Naj\u010ditatelj 2025.&nbsp; Knji\u017enice Ljubu\u0161ki\u201c u kategoriji odraslih \u010ditatelja okrunila Slobodanka Markovi\u0107.<\/p>\n\n\n\n<p>Naj\u010ditateljicama su dodijeljeni prigodni darovi \u2013 plakete, umjetni\u010dke slike i besplatne \u010dlanske iskaznice za 2026. godinu, a iste je uru\u010dio Boro Grgi\u0107, ravnatelj JU Kulturno-\u0161portski centar&nbsp; Ljubu\u0161ki.<\/p>\n\n\n\n<p>\u201eTemeljem statistike o posudbi knjiga, knji\u017eni\u010darke su utvrdile identitet \u010dlanova koji su tijekom protekle 2025. godine posudili najve\u0107i broj knjiga. To su ujedno \u010dlanovi koje su knji\u017eni\u010darke zapazile kao vrijedne i marljive, koji rado posje\u0107uju knji\u017enicu, puno \u010ditaju, razgovaraju o pro\u010ditanim knjigama te tra\u017ee savjet pri izboru novih naslova i dakako pravovremeno vra\u0107aju posu\u0111ene knjige. Sukladno navedenome, u kategoriji u\u010denika osnovnih<br>\u0161kola naj\u010ditatelj je \u0160imun Grbavac, dok se pak u kategoriji odraslih \u010ditatelja titulom naj\u010ditateljice okrunila Slobodanka Markovi\u0107. Ovom prigodom \u010destitamo \u0160imunu i Slobodanki.\u201c ,&nbsp;istaknuli su organizatori.<\/p>\n\n\n\n<p>Uzgred bismo istaknuli da je po\u010detkom teku\u0107e godine pokrenut projekt \u201eNaj\u010ditatelj 2026. Knji\u017enice Ljubu\u0161ki\u201c, \u010diji je cilj promicanje \u010ditanja, nadasve kod najmla\u0111ih, i razvijanje ljubavi prema knjizi kao izvoru znanja te razvijanje navike posje\u0107ivanja knji\u017enici i kori\u0161tenje njezinih blagodati tijekom cijeloga \u017eivota.<\/p>\n\n\n\n<figure class=\"wp-block-image size-large\"><img loading=\"lazy\" decoding=\"async\" width=\"1024\" height=\"173\" src=\"https:\/\/radioljubuski.ba\/wp-content\/uploads\/2025\/07\/poslusaj-ovdje-1024x173.jpg\" alt=\"\" class=\"wp-image-218750\" srcset=\"https:\/\/radioljubuski.ba\/wp-content\/uploads\/2025\/07\/poslusaj-ovdje-1024x173.jpg 1024w, https:\/\/radioljubuski.ba\/wp-content\/uploads\/2025\/07\/poslusaj-ovdje-300x51.jpg 300w, https:\/\/radioljubuski.ba\/wp-content\/uploads\/2025\/07\/poslusaj-ovdje-768x130.jpg 768w, https:\/\/radioljubuski.ba\/wp-content\/uploads\/2025\/07\/poslusaj-ovdje-18x3.jpg 18w, https:\/\/radioljubuski.ba\/wp-content\/uploads\/2025\/07\/poslusaj-ovdje.jpg 1128w\" sizes=\"auto, (max-width: 1024px) 100vw, 1024px\" \/><\/figure>\n\n\n\n<figure class=\"wp-block-audio\"><audio controls src=\"https:\/\/radioljubuski.ba\/wp-content\/uploads\/2026\/01\/NAJCITATELJI-2026.mp3\"><\/audio><\/figure>\n\n\n\n<p>Iks portal<\/p>\n\n\n\n<p>T. Deli\u0107<\/p>\n\n\n\n<p><\/p>\n","protected":false},"excerpt":{"rendered":"<p>JU Kulturno \u0161portski centar Knji\u017enica Ljubu\u0161ki organizirala je sve\u010danost progla\u0161enja &#8220;Naj\u010ditatelj 2025. Knji\u017enice Ljubu\u0161ki\u201c u\u00a0kategoriji u\u010denika osnovnih \u0161kola s podru\u010dja grada Ljubu\u0161kog i kategoriji odraslih \u010ditatelja. Titulom &#8220;Naj\u010ditatelj 2025. Knji\u017enice Ljubu\u0161ki\u201c u kategoriji u\u010denika osnovnih \u0161kola s podru\u010dja grada Ljubu\u0161kog okrunio se \u0160imun Grbavac, dok se pak titulom &#8220;Naj\u010ditatelj 2025.&nbsp; Knji\u017enice Ljubu\u0161ki\u201c u kategoriji odraslih [&hellip;]<\/p>\n","protected":false},"author":2,"featured_media":224649,"comment_status":"closed","ping_status":"closed","sticky":false,"template":"","format":"standard","meta":{"h5ap_radio_sources":[],"footnotes":""},"categories":[3],"tags":[],"class_list":["post-224653","post","type-post","status-publish","format-standard","has-post-thumbnail","hentry","category-ljubuski"],"yoast_head":"<!-- This site is optimized with the Yoast SEO plugin v27.5 - https:\/\/yoast.com\/product\/yoast-seo-wordpress\/ -->\n<title>Slobodanka Markovi\u0107 i \u0160imun Grbavac okrunili se titulom \u201eNaj\u010ditatelj 2025. Knji\u017enice Ljubu\u0161ki\u201c - RADIO LJUBU\u0160KI<\/title>\n<meta name=\"robots\" content=\"index, follow, max-snippet:-1, max-image-preview:large, max-video-preview:-1\" \/>\n<link rel=\"canonical\" href=\"https:\/\/radioljubuski.ba\/index.php\/2026\/01\/27\/slobodanka-markovic-i-simun-grbavac-okrunili-se-titulom-najcitatelj-2025-knjiznice-ljubuski-2\/\" \/>\n<meta property=\"og:locale\" content=\"hr_HR\" \/>\n<meta property=\"og:type\" content=\"article\" \/>\n<meta property=\"og:title\" content=\"Slobodanka Markovi\u0107 i \u0160imun Grbavac okrunili se titulom \u201eNaj\u010ditatelj 2025. Knji\u017enice Ljubu\u0161ki\u201c - RADIO LJUBU\u0160KI\" \/>\n<meta property=\"og:description\" content=\"JU Kulturno \u0161portski centar Knji\u017enica Ljubu\u0161ki organizirala je sve\u010danost progla\u0161enja &#8220;Naj\u010ditatelj 2025. Knji\u017enice Ljubu\u0161ki\u201c u\u00a0kategoriji u\u010denika osnovnih \u0161kola s podru\u010dja grada Ljubu\u0161kog i kategoriji odraslih \u010ditatelja. Titulom &#8220;Naj\u010ditatelj 2025. Knji\u017enice Ljubu\u0161ki\u201c u kategoriji u\u010denika osnovnih \u0161kola s podru\u010dja grada Ljubu\u0161kog okrunio se \u0160imun Grbavac, dok se pak titulom &#8220;Naj\u010ditatelj 2025.&nbsp; Knji\u017enice Ljubu\u0161ki\u201c u kategoriji odraslih [&hellip;]\" \/>\n<meta property=\"og:url\" content=\"https:\/\/radioljubuski.ba\/index.php\/2026\/01\/27\/slobodanka-markovic-i-simun-grbavac-okrunili-se-titulom-najcitatelj-2025-knjiznice-ljubuski-2\/\" \/>\n<meta property=\"og:site_name\" content=\"RADIO LJUBU\u0160KI\" \/>\n<meta property=\"article:publisher\" content=\"https:\/\/www.facebook.com\/Radiio-Ljubuski-1490835324566332\" \/>\n<meta property=\"article:published_time\" content=\"2026-01-27T11:12:36+00:00\" \/>\n<meta property=\"article:modified_time\" content=\"2026-01-27T14:59:46+00:00\" \/>\n<meta property=\"og:image\" content=\"https:\/\/radioljubuski.ba\/wp-content\/uploads\/2026\/01\/Najcitatelji-Knjiznice-Ljubuski.jpg\" \/>\n\t<meta property=\"og:image:width\" content=\"1452\" \/>\n\t<meta property=\"og:image:height\" content=\"1381\" \/>\n\t<meta property=\"og:image:type\" content=\"image\/jpeg\" \/>\n<meta name=\"author\" content=\"Radio Ljubu\u0161ki\" \/>\n<meta name=\"twitter:card\" content=\"summary_large_image\" \/>\n<meta name=\"twitter:creator\" content=\"@radioljubuski\" \/>\n<meta name=\"twitter:site\" content=\"@radioljubuski\" \/>\n<meta name=\"twitter:label1\" content=\"Napisao\/la\" \/>\n\t<meta name=\"twitter:data1\" content=\"Radio Ljubu\u0161ki\" \/>\n\t<meta name=\"twitter:label2\" content=\"Procijenjeno vrijeme \u010ditanja\" \/>\n\t<meta name=\"twitter:data2\" content=\"1 minuta\" \/>\n<script type=\"application\/ld+json\" class=\"yoast-schema-graph\">{\"@context\":\"https:\\\/\\\/schema.org\",\"@graph\":[{\"@type\":\"Article\",\"@id\":\"https:\\\/\\\/radioljubuski.ba\\\/index.php\\\/2026\\\/01\\\/27\\\/slobodanka-markovic-i-simun-grbavac-okrunili-se-titulom-najcitatelj-2025-knjiznice-ljubuski-2\\\/#article\",\"isPartOf\":{\"@id\":\"https:\\\/\\\/radioljubuski.ba\\\/index.php\\\/2026\\\/01\\\/27\\\/slobodanka-markovic-i-simun-grbavac-okrunili-se-titulom-najcitatelj-2025-knjiznice-ljubuski-2\\\/\"},\"author\":{\"name\":\"Radio Ljubu\u0161ki\",\"@id\":\"https:\\\/\\\/radioljubuski.ba\\\/#\\\/schema\\\/person\\\/19fc700381a780f69665d7956c469e3b\"},\"headline\":\"Slobodanka Markovi\u0107 i \u0160imun Grbavac okrunili se titulom \u201eNaj\u010ditatelj 2025. Knji\u017enice Ljubu\u0161ki\u201c\",\"datePublished\":\"2026-01-27T11:12:36+00:00\",\"dateModified\":\"2026-01-27T14:59:46+00:00\",\"mainEntityOfPage\":{\"@id\":\"https:\\\/\\\/radioljubuski.ba\\\/index.php\\\/2026\\\/01\\\/27\\\/slobodanka-markovic-i-simun-grbavac-okrunili-se-titulom-najcitatelj-2025-knjiznice-ljubuski-2\\\/\"},\"wordCount\":277,\"publisher\":{\"@id\":\"https:\\\/\\\/radioljubuski.ba\\\/#organization\"},\"image\":{\"@id\":\"https:\\\/\\\/radioljubuski.ba\\\/index.php\\\/2026\\\/01\\\/27\\\/slobodanka-markovic-i-simun-grbavac-okrunili-se-titulom-najcitatelj-2025-knjiznice-ljubuski-2\\\/#primaryimage\"},\"thumbnailUrl\":\"https:\\\/\\\/radioljubuski.ba\\\/wp-content\\\/uploads\\\/2026\\\/01\\\/Najcitatelji-Knjiznice-Ljubuski.jpg\",\"articleSection\":[\"Ljubu\u0161ki\"],\"inLanguage\":\"hr\"},{\"@type\":\"WebPage\",\"@id\":\"https:\\\/\\\/radioljubuski.ba\\\/index.php\\\/2026\\\/01\\\/27\\\/slobodanka-markovic-i-simun-grbavac-okrunili-se-titulom-najcitatelj-2025-knjiznice-ljubuski-2\\\/\",\"url\":\"https:\\\/\\\/radioljubuski.ba\\\/index.php\\\/2026\\\/01\\\/27\\\/slobodanka-markovic-i-simun-grbavac-okrunili-se-titulom-najcitatelj-2025-knjiznice-ljubuski-2\\\/\",\"name\":\"Slobodanka Markovi\u0107 i \u0160imun Grbavac okrunili se titulom \u201eNaj\u010ditatelj 2025. Knji\u017enice Ljubu\u0161ki\u201c - RADIO LJUBU\u0160KI\",\"isPartOf\":{\"@id\":\"https:\\\/\\\/radioljubuski.ba\\\/#website\"},\"primaryImageOfPage\":{\"@id\":\"https:\\\/\\\/radioljubuski.ba\\\/index.php\\\/2026\\\/01\\\/27\\\/slobodanka-markovic-i-simun-grbavac-okrunili-se-titulom-najcitatelj-2025-knjiznice-ljubuski-2\\\/#primaryimage\"},\"image\":{\"@id\":\"https:\\\/\\\/radioljubuski.ba\\\/index.php\\\/2026\\\/01\\\/27\\\/slobodanka-markovic-i-simun-grbavac-okrunili-se-titulom-najcitatelj-2025-knjiznice-ljubuski-2\\\/#primaryimage\"},\"thumbnailUrl\":\"https:\\\/\\\/radioljubuski.ba\\\/wp-content\\\/uploads\\\/2026\\\/01\\\/Najcitatelji-Knjiznice-Ljubuski.jpg\",\"datePublished\":\"2026-01-27T11:12:36+00:00\",\"dateModified\":\"2026-01-27T14:59:46+00:00\",\"breadcrumb\":{\"@id\":\"https:\\\/\\\/radioljubuski.ba\\\/index.php\\\/2026\\\/01\\\/27\\\/slobodanka-markovic-i-simun-grbavac-okrunili-se-titulom-najcitatelj-2025-knjiznice-ljubuski-2\\\/#breadcrumb\"},\"inLanguage\":\"hr\",\"potentialAction\":[{\"@type\":\"ReadAction\",\"target\":[\"https:\\\/\\\/radioljubuski.ba\\\/index.php\\\/2026\\\/01\\\/27\\\/slobodanka-markovic-i-simun-grbavac-okrunili-se-titulom-najcitatelj-2025-knjiznice-ljubuski-2\\\/\"]}]},{\"@type\":\"ImageObject\",\"inLanguage\":\"hr\",\"@id\":\"https:\\\/\\\/radioljubuski.ba\\\/index.php\\\/2026\\\/01\\\/27\\\/slobodanka-markovic-i-simun-grbavac-okrunili-se-titulom-najcitatelj-2025-knjiznice-ljubuski-2\\\/#primaryimage\",\"url\":\"https:\\\/\\\/radioljubuski.ba\\\/wp-content\\\/uploads\\\/2026\\\/01\\\/Najcitatelji-Knjiznice-Ljubuski.jpg\",\"contentUrl\":\"https:\\\/\\\/radioljubuski.ba\\\/wp-content\\\/uploads\\\/2026\\\/01\\\/Najcitatelji-Knjiznice-Ljubuski.jpg\",\"width\":1452,\"height\":1381},{\"@type\":\"BreadcrumbList\",\"@id\":\"https:\\\/\\\/radioljubuski.ba\\\/index.php\\\/2026\\\/01\\\/27\\\/slobodanka-markovic-i-simun-grbavac-okrunili-se-titulom-najcitatelj-2025-knjiznice-ljubuski-2\\\/#breadcrumb\",\"itemListElement\":[{\"@type\":\"ListItem\",\"position\":1,\"name\":\"Po\u010detna stranica\",\"item\":\"https:\\\/\\\/radioljubuski.ba\\\/\"},{\"@type\":\"ListItem\",\"position\":2,\"name\":\"Slobodanka Markovi\u0107 i \u0160imun Grbavac okrunili se titulom \u201eNaj\u010ditatelj 2025. Knji\u017enice Ljubu\u0161ki\u201c\"}]},{\"@type\":\"WebSite\",\"@id\":\"https:\\\/\\\/radioljubuski.ba\\\/#website\",\"url\":\"https:\\\/\\\/radioljubuski.ba\\\/\",\"name\":\"Radio Ljubu\u0161ki\",\"description\":\"Sun\u010dana frekvencija Hercegovine\",\"publisher\":{\"@id\":\"https:\\\/\\\/radioljubuski.ba\\\/#organization\"},\"potentialAction\":[{\"@type\":\"SearchAction\",\"target\":{\"@type\":\"EntryPoint\",\"urlTemplate\":\"https:\\\/\\\/radioljubuski.ba\\\/?s={search_term_string}\"},\"query-input\":{\"@type\":\"PropertyValueSpecification\",\"valueRequired\":true,\"valueName\":\"search_term_string\"}}],\"inLanguage\":\"hr\"},{\"@type\":\"Organization\",\"@id\":\"https:\\\/\\\/radioljubuski.ba\\\/#organization\",\"name\":\"Radio Ljubu\u0161ki\",\"url\":\"https:\\\/\\\/radioljubuski.ba\\\/\",\"logo\":{\"@type\":\"ImageObject\",\"inLanguage\":\"hr\",\"@id\":\"https:\\\/\\\/radioljubuski.ba\\\/#\\\/schema\\\/logo\\\/image\\\/\",\"url\":\"https:\\\/\\\/radioljubuski.ba\\\/wp-content\\\/uploads\\\/2021\\\/02\\\/cropped-Radio_Ljubuski_logo1.jpg\",\"contentUrl\":\"https:\\\/\\\/radioljubuski.ba\\\/wp-content\\\/uploads\\\/2021\\\/02\\\/cropped-Radio_Ljubuski_logo1.jpg\",\"width\":512,\"height\":512,\"caption\":\"Radio Ljubu\u0161ki\"},\"image\":{\"@id\":\"https:\\\/\\\/radioljubuski.ba\\\/#\\\/schema\\\/logo\\\/image\\\/\"},\"sameAs\":[\"https:\\\/\\\/www.facebook.com\\\/Radiio-Ljubuski-1490835324566332\",\"https:\\\/\\\/x.com\\\/radioljubuski\",\"https:\\\/\\\/hr.linkedin.com\\\/company\\\/radio-ljubuski\",\"https:\\\/\\\/www.youtube.com\\\/channel\\\/UCHYaeO_n0Db3tjNGudGpXyw\"]},{\"@type\":\"Person\",\"@id\":\"https:\\\/\\\/radioljubuski.ba\\\/#\\\/schema\\\/person\\\/19fc700381a780f69665d7956c469e3b\",\"name\":\"Radio Ljubu\u0161ki\"}]}<\/script>\n<!-- \/ Yoast SEO plugin. -->","yoast_head_json":{"title":"Slobodanka Markovi\u0107 i \u0160imun Grbavac okrunili se titulom \u201eNaj\u010ditatelj 2025. Knji\u017enice Ljubu\u0161ki\u201c - RADIO LJUBU\u0160KI","robots":{"index":"index","follow":"follow","max-snippet":"max-snippet:-1","max-image-preview":"max-image-preview:large","max-video-preview":"max-video-preview:-1"},"canonical":"https:\/\/radioljubuski.ba\/index.php\/2026\/01\/27\/slobodanka-markovic-i-simun-grbavac-okrunili-se-titulom-najcitatelj-2025-knjiznice-ljubuski-2\/","og_locale":"hr_HR","og_type":"article","og_title":"Slobodanka Markovi\u0107 i \u0160imun Grbavac okrunili se titulom \u201eNaj\u010ditatelj 2025. Knji\u017enice Ljubu\u0161ki\u201c - RADIO LJUBU\u0160KI","og_description":"JU Kulturno \u0161portski centar Knji\u017enica Ljubu\u0161ki organizirala je sve\u010danost progla\u0161enja &#8220;Naj\u010ditatelj 2025. Knji\u017enice Ljubu\u0161ki\u201c u\u00a0kategoriji u\u010denika osnovnih \u0161kola s podru\u010dja grada Ljubu\u0161kog i kategoriji odraslih \u010ditatelja. Titulom &#8220;Naj\u010ditatelj 2025. Knji\u017enice Ljubu\u0161ki\u201c u kategoriji u\u010denika osnovnih \u0161kola s podru\u010dja grada Ljubu\u0161kog okrunio se \u0160imun Grbavac, dok se pak titulom &#8220;Naj\u010ditatelj 2025.&nbsp; Knji\u017enice Ljubu\u0161ki\u201c u kategoriji odraslih [&hellip;]","og_url":"https:\/\/radioljubuski.ba\/index.php\/2026\/01\/27\/slobodanka-markovic-i-simun-grbavac-okrunili-se-titulom-najcitatelj-2025-knjiznice-ljubuski-2\/","og_site_name":"RADIO LJUBU\u0160KI","article_publisher":"https:\/\/www.facebook.com\/Radiio-Ljubuski-1490835324566332","article_published_time":"2026-01-27T11:12:36+00:00","article_modified_time":"2026-01-27T14:59:46+00:00","og_image":[{"width":1452,"height":1381,"url":"https:\/\/radioljubuski.ba\/wp-content\/uploads\/2026\/01\/Najcitatelji-Knjiznice-Ljubuski.jpg","type":"image\/jpeg"}],"author":"Radio Ljubu\u0161ki","twitter_card":"summary_large_image","twitter_creator":"@radioljubuski","twitter_site":"@radioljubuski","twitter_misc":{"Napisao\/la":"Radio Ljubu\u0161ki","Procijenjeno vrijeme \u010ditanja":"1 minuta"},"schema":{"@context":"https:\/\/schema.org","@graph":[{"@type":"Article","@id":"https:\/\/radioljubuski.ba\/index.php\/2026\/01\/27\/slobodanka-markovic-i-simun-grbavac-okrunili-se-titulom-najcitatelj-2025-knjiznice-ljubuski-2\/#article","isPartOf":{"@id":"https:\/\/radioljubuski.ba\/index.php\/2026\/01\/27\/slobodanka-markovic-i-simun-grbavac-okrunili-se-titulom-najcitatelj-2025-knjiznice-ljubuski-2\/"},"author":{"name":"Radio Ljubu\u0161ki","@id":"https:\/\/radioljubuski.ba\/#\/schema\/person\/19fc700381a780f69665d7956c469e3b"},"headline":"Slobodanka Markovi\u0107 i \u0160imun Grbavac okrunili se titulom \u201eNaj\u010ditatelj 2025. Knji\u017enice Ljubu\u0161ki\u201c","datePublished":"2026-01-27T11:12:36+00:00","dateModified":"2026-01-27T14:59:46+00:00","mainEntityOfPage":{"@id":"https:\/\/radioljubuski.ba\/index.php\/2026\/01\/27\/slobodanka-markovic-i-simun-grbavac-okrunili-se-titulom-najcitatelj-2025-knjiznice-ljubuski-2\/"},"wordCount":277,"publisher":{"@id":"https:\/\/radioljubuski.ba\/#organization"},"image":{"@id":"https:\/\/radioljubuski.ba\/index.php\/2026\/01\/27\/slobodanka-markovic-i-simun-grbavac-okrunili-se-titulom-najcitatelj-2025-knjiznice-ljubuski-2\/#primaryimage"},"thumbnailUrl":"https:\/\/radioljubuski.ba\/wp-content\/uploads\/2026\/01\/Najcitatelji-Knjiznice-Ljubuski.jpg","articleSection":["Ljubu\u0161ki"],"inLanguage":"hr"},{"@type":"WebPage","@id":"https:\/\/radioljubuski.ba\/index.php\/2026\/01\/27\/slobodanka-markovic-i-simun-grbavac-okrunili-se-titulom-najcitatelj-2025-knjiznice-ljubuski-2\/","url":"https:\/\/radioljubuski.ba\/index.php\/2026\/01\/27\/slobodanka-markovic-i-simun-grbavac-okrunili-se-titulom-najcitatelj-2025-knjiznice-ljubuski-2\/","name":"Slobodanka Markovi\u0107 i \u0160imun Grbavac okrunili se titulom \u201eNaj\u010ditatelj 2025. Knji\u017enice Ljubu\u0161ki\u201c - RADIO LJUBU\u0160KI","isPartOf":{"@id":"https:\/\/radioljubuski.ba\/#website"},"primaryImageOfPage":{"@id":"https:\/\/radioljubuski.ba\/index.php\/2026\/01\/27\/slobodanka-markovic-i-simun-grbavac-okrunili-se-titulom-najcitatelj-2025-knjiznice-ljubuski-2\/#primaryimage"},"image":{"@id":"https:\/\/radioljubuski.ba\/index.php\/2026\/01\/27\/slobodanka-markovic-i-simun-grbavac-okrunili-se-titulom-najcitatelj-2025-knjiznice-ljubuski-2\/#primaryimage"},"thumbnailUrl":"https:\/\/radioljubuski.ba\/wp-content\/uploads\/2026\/01\/Najcitatelji-Knjiznice-Ljubuski.jpg","datePublished":"2026-01-27T11:12:36+00:00","dateModified":"2026-01-27T14:59:46+00:00","breadcrumb":{"@id":"https:\/\/radioljubuski.ba\/index.php\/2026\/01\/27\/slobodanka-markovic-i-simun-grbavac-okrunili-se-titulom-najcitatelj-2025-knjiznice-ljubuski-2\/#breadcrumb"},"inLanguage":"hr","potentialAction":[{"@type":"ReadAction","target":["https:\/\/radioljubuski.ba\/index.php\/2026\/01\/27\/slobodanka-markovic-i-simun-grbavac-okrunili-se-titulom-najcitatelj-2025-knjiznice-ljubuski-2\/"]}]},{"@type":"ImageObject","inLanguage":"hr","@id":"https:\/\/radioljubuski.ba\/index.php\/2026\/01\/27\/slobodanka-markovic-i-simun-grbavac-okrunili-se-titulom-najcitatelj-2025-knjiznice-ljubuski-2\/#primaryimage","url":"https:\/\/radioljubuski.ba\/wp-content\/uploads\/2026\/01\/Najcitatelji-Knjiznice-Ljubuski.jpg","contentUrl":"https:\/\/radioljubuski.ba\/wp-content\/uploads\/2026\/01\/Najcitatelji-Knjiznice-Ljubuski.jpg","width":1452,"height":1381},{"@type":"BreadcrumbList","@id":"https:\/\/radioljubuski.ba\/index.php\/2026\/01\/27\/slobodanka-markovic-i-simun-grbavac-okrunili-se-titulom-najcitatelj-2025-knjiznice-ljubuski-2\/#breadcrumb","itemListElement":[{"@type":"ListItem","position":1,"name":"Po\u010detna stranica","item":"https:\/\/radioljubuski.ba\/"},{"@type":"ListItem","position":2,"name":"Slobodanka Markovi\u0107 i \u0160imun Grbavac okrunili se titulom \u201eNaj\u010ditatelj 2025. Knji\u017enice Ljubu\u0161ki\u201c"}]},{"@type":"WebSite","@id":"https:\/\/radioljubuski.ba\/#website","url":"https:\/\/radioljubuski.ba\/","name":"Radio Ljubu\u0161ki","description":"Sun\u010dana frekvencija Hercegovine","publisher":{"@id":"https:\/\/radioljubuski.ba\/#organization"},"potentialAction":[{"@type":"SearchAction","target":{"@type":"EntryPoint","urlTemplate":"https:\/\/radioljubuski.ba\/?s={search_term_string}"},"query-input":{"@type":"PropertyValueSpecification","valueRequired":true,"valueName":"search_term_string"}}],"inLanguage":"hr"},{"@type":"Organization","@id":"https:\/\/radioljubuski.ba\/#organization","name":"Radio Ljubu\u0161ki","url":"https:\/\/radioljubuski.ba\/","logo":{"@type":"ImageObject","inLanguage":"hr","@id":"https:\/\/radioljubuski.ba\/#\/schema\/logo\/image\/","url":"https:\/\/radioljubuski.ba\/wp-content\/uploads\/2021\/02\/cropped-Radio_Ljubuski_logo1.jpg","contentUrl":"https:\/\/radioljubuski.ba\/wp-content\/uploads\/2021\/02\/cropped-Radio_Ljubuski_logo1.jpg","width":512,"height":512,"caption":"Radio Ljubu\u0161ki"},"image":{"@id":"https:\/\/radioljubuski.ba\/#\/schema\/logo\/image\/"},"sameAs":["https:\/\/www.facebook.com\/Radiio-Ljubuski-1490835324566332","https:\/\/x.com\/radioljubuski","https:\/\/hr.linkedin.com\/company\/radio-ljubuski","https:\/\/www.youtube.com\/channel\/UCHYaeO_n0Db3tjNGudGpXyw"]},{"@type":"Person","@id":"https:\/\/radioljubuski.ba\/#\/schema\/person\/19fc700381a780f69665d7956c469e3b","name":"Radio Ljubu\u0161ki"}]}},"_links":{"self":[{"href":"https:\/\/radioljubuski.ba\/index.php\/wp-json\/wp\/v2\/posts\/224653","targetHints":{"allow":["GET"]}}],"collection":[{"href":"https:\/\/radioljubuski.ba\/index.php\/wp-json\/wp\/v2\/posts"}],"about":[{"href":"https:\/\/radioljubuski.ba\/index.php\/wp-json\/wp\/v2\/types\/post"}],"author":[{"embeddable":true,"href":"https:\/\/radioljubuski.ba\/index.php\/wp-json\/wp\/v2\/users\/2"}],"replies":[{"embeddable":true,"href":"https:\/\/radioljubuski.ba\/index.php\/wp-json\/wp\/v2\/comments?post=224653"}],"version-history":[{"count":2,"href":"https:\/\/radioljubuski.ba\/index.php\/wp-json\/wp\/v2\/posts\/224653\/revisions"}],"predecessor-version":[{"id":224660,"href":"https:\/\/radioljubuski.ba\/index.php\/wp-json\/wp\/v2\/posts\/224653\/revisions\/224660"}],"wp:featuredmedia":[{"embeddable":true,"href":"https:\/\/radioljubuski.ba\/index.php\/wp-json\/wp\/v2\/media\/224649"}],"wp:attachment":[{"href":"https:\/\/radioljubuski.ba\/index.php\/wp-json\/wp\/v2\/media?parent=224653"}],"wp:term":[{"taxonomy":"category","embeddable":true,"href":"https:\/\/radioljubuski.ba\/index.php\/wp-json\/wp\/v2\/categories?post=224653"},{"taxonomy":"post_tag","embeddable":true,"href":"https:\/\/radioljubuski.ba\/index.php\/wp-json\/wp\/v2\/tags?post=224653"}],"curies":[{"name":"wp","href":"https:\/\/api.w.org\/{rel}","templated":true}]}}