{"id":224655,"date":"2026-01-27T15:17:04","date_gmt":"2026-01-27T14:17:04","guid":{"rendered":"https:\/\/radioljubuski.ba\/?p=224655"},"modified":"2026-01-27T15:17:04","modified_gmt":"2026-01-27T14:17:04","slug":"marijeta-prskalo-odbojkasice-libera-s-optimizmom-ulaze-u-drugi-dio-sezone-u-novoj-dvorani","status":"publish","type":"post","link":"https:\/\/radioljubuski.ba\/index.php\/2026\/01\/27\/marijeta-prskalo-odbojkasice-libera-s-optimizmom-ulaze-u-drugi-dio-sezone-u-novoj-dvorani\/","title":{"rendered":"Marijeta Prskalo: Odbojka\u0161ice Libera s optimizmom ulaze u drugi dio sezone u novoj dvorani"},"content":{"rendered":"\n<p>Odbojka\u0161ice ljubu\u0161kog Libera prije dva tjedna po\u010dele su pripreme za drugi dio sezone u Ligi Hercegovine. Tim povodom u programu Radija Ljubu\u0161ki gostovala je predsjednica kluba Marijeta Prskalo. S Marijetom smo razgovarali o prvom dijelu sezone, problemom s dvoranom za treninge koji su imali u prvom dijelu sezone, &nbsp;po\u010detku priprema i o\u010dekivanjima u nastavku sezone.<\/p>\n\n\n\n<p>Na po\u010detku razgovora Marijeta je podsjetila da se natjecanje u Ligi Hercegovine odvija u \u010detiri kategorije, a da se Libero natje\u010de u tri kategorije: kadetkinje, mla\u0111e kadetkinje i djevoj\u010dice. Izrazila je zadovoljstvo rezultatima u prvom djelu sezone, posebice s toga \u0161to su imali jednu \u201etrena\u017enu rupu\u201c.<\/p>\n\n\n\n<p>\u201eMogu slobodno re\u0107i da smo prvi dio sezone uspje\u0161no priveli kraju. U prvom dijelu sezone najvi\u0161e su se istaknule na\u0161e mla\u0111e kadetkinje koje dijele prvo mjesto na ljestvici s curama iz Livna. Na\u0161e djevoj\u010dice su tre\u0107e, dok su rezultatski najneuspje\u0161nije na\u0161e kadetkinje 2009.\/2010. godi\u0161te, to su uglavnom cure koje uglavnom poha\u0111aju gimnaziju, a za ne\u0161to lo\u0161iji rezultat kriv je i nedostatak termina.&nbsp; Naime, problem s dvoranom za treninge imali smo jo\u0161 od desetog mjeseca pa do prije nekoliko dana\u201c, ka\u017ee Marijeta.<\/p>\n\n\n\n<p>Me\u0111utim, isti\u010de zadovoljstvo novom dvoranom u kojoj cure sada odr\u017eavaju treninge.<\/p>\n\n\n\n<p>\u201eCure su kona\u010dno dobile novi objekt, ne samo mi nego i ostali sportski klubovi u gradu. Radi se o objektu u Lisicama i evo, ovom prilikom se \u017eelim zahvaliti ravnatelju Javne ustanove, Kulturno-sportski centar Ljubu\u0161ki Bori Grgi\u0107u, koji se stvarno poduzeo da se omogu\u0107i curama da imaju treninge i da dobiju kvalitetne termine. Tako sada treniramo tri puta tjedno i mo\u017eete misliti koliko nam to zna\u010di kad imamo 40 djevoj\u010dica koje se natje\u010du u tri kategorije. Dodatnu radost nam predstavlja \u0161to je dvorana doslovno odbojka\u0161ka dvorana. Prili\u010dno je uska za ostale sportove, a mi smo napravili dva terena, tako da smo presretni \u0161to smo, makar izvan grada, dobili priliku da cure smjestimo i da im damo priliku da se razvijaju. Ako sam ja zbog toga sretna, one su deset puta sretnije\u201c, na krije zadovoljstvo, zbog treninga u novoj dvorani, Marijeta.<\/p>\n\n\n\n<p>Marijeta dodaje da ona i ostale trenerice u klubu puno pa\u017enje posve\u0107uju dru\u017eenju, odgoju i obrazovanju djevoj\u010dica te da je zajedni\u010dka krilatica u klubu: prijateljstvo, zajedni\u0161tvo i ljubav.<\/p>\n\n\n\n<p>\u201eMoram posebno istaknuti da mi u klubu imamo jednu posebnu energiju. Uz mene kao predstavnika kluba, koji je do\u0161ao tu ne\u0161to re\u0107i o na\u0161em radu, mnogo toga mogu re\u0107i i moje kolegice koje s nama rade i kroz ljetnu \u0161kolu odbojke i kroz cijelu godinu. Tu se radi o jednoj posebnoj sinergiji i volji i \u017eelji da se djeci kroz jedan nje\u017ean, a ujedno i sna\u017ean na\u010din da na va\u017enosti i da im se uka\u017ee na ono \u0161to je bitno u \u017eivotu. To su na\u0161a tri glavna pravila, jednostavno to je prijateljstvo, zajedni\u0161tvo i ljubav. I to se ponavlja, ne samo u najmla\u0111oj dobnoj kategoriji, nego i u najstarijima. Dr\u017eimo da primjena ta na\u0161a tri pravila dovodi do rezultata koji su puno ve\u0107i od broj\u010danog rezultata na ljestvici, a to je da imamo 140 cura u klubu koje s osmijehom dolaze na trening. Na treningu se posveti dovoljno pa\u017enje onima koji su izuzetno talentirani, a ne dopu\u0161tamo da se itko osje\u0107a ugro\u017eenim ukoliko nema razvijen talent za odbojku, nego se s tom djecom radi na razvijanju svih drugih mogu\u0107ih sposobnosti, do krajnje mogu\u0107nosti, jer nismo svi predodre\u0111eni za sport. Mislimo da svi oni koji imaju \u017eelju zaslu\u017euju da se kre\u0107u, da budu u zdravoj sredini sredinu, da budu podr\u017eani i uvjereni smo da smo tu napravili najve\u0107u prekretnicu kada su u pitanju \u017eenska djeca u gradu. Jednostavno radi se o jednom sportskom kolektivu gdje \u0107e trenerice, bez obzira \u0161to se desilo, oprostiti djeci, gurati ih naprijed i rasti s njima\u201c, obja\u0161njava, optimisti\u010dno, Marijeta.<\/p>\n\n\n\n<p>Kada je u pitanju drugi dio prvenstva Marijeta vjeruje da \u0107e Liberice biti \u010dak uspje\u0161nije nego u prvom dijelu sezone.<\/p>\n\n\n\n<p>\u201eS pripremama smo krenuli 13. sije\u010dnja i odradili sedam treninga. Imamo odraditi jo\u0161 tri treninga i u&nbsp; subotu idemo u \u0160iroki Brijeg kod profesora Silvija u goste kod njegovog Odbojka\u0161kog kluba \u0160iroki. Radi se o dobroj ekipi i nezgodnom protivniku tako da se uglavnom pripremamo i uigravamo za njih. To je neki po\u010detak sezone, nakon toga imamo dosta doma\u0107ih utakmica, budu\u0107i da mi u prvom dijelu sezone nismo imali gdje ugostiti cure iz drugih gradova, i zbog renoviranja gradske dvorane i zbog nemogu\u0107nosti kori\u0161tenja termina u drugim dvoranama. Tako nam je savez odobrio da u drugom dijelu sezone ugostimo sve te kolege i klubove gdje smo mi gostovali u prvom dijelu sezone. U drugom dijelu sezone nam u goste dolaze cure iz Livna, Konjica, Mostara i \u0160irokog Brijega. Uglavnom pripremamo se na na\u010din da osiguramo sve \u0161to je potrebno da budemo dobri doma\u0107ini, a s druge strane da pobolj\u0161amo igru i da cure budu zadovoljne. Najve\u0107a sre\u0107a curama je kad pobjede, a velika je \u0161kola kad izgube, tako da nikad nije sve do kraja izgubljeno\u201c, zaklju\u010duje Marijeta.<\/p>\n\n\n\n<p>Radio Ljubu\u0161ki<\/p>\n","protected":false},"excerpt":{"rendered":"<p>Odbojka\u0161ice ljubu\u0161kog Libera prije dva tjedna po\u010dele su pripreme za drugi dio sezone u Ligi Hercegovine. Tim povodom u programu Radija Ljubu\u0161ki gostovala je predsjednica kluba Marijeta Prskalo. S Marijetom smo razgovarali o prvom dijelu sezone, problemom s dvoranom za treninge koji su imali u prvom dijelu sezone, &nbsp;po\u010detku priprema i o\u010dekivanjima u nastavku sezone. [&hellip;]<\/p>\n","protected":false},"author":2,"featured_media":224657,"comment_status":"closed","ping_status":"closed","sticky":false,"template":"","format":"standard","meta":{"h5ap_radio_sources":[],"footnotes":""},"categories":[3,7],"tags":[],"class_list":["post-224655","post","type-post","status-publish","format-standard","has-post-thumbnail","hentry","category-ljubuski","category-sport"],"yoast_head":"<!-- This site is optimized with the Yoast SEO plugin v27.5 - https:\/\/yoast.com\/product\/yoast-seo-wordpress\/ -->\n<title>Marijeta Prskalo: Odbojka\u0161ice Libera s optimizmom ulaze u drugi dio sezone u novoj dvorani - RADIO LJUBU\u0160KI<\/title>\n<meta name=\"robots\" content=\"index, follow, max-snippet:-1, max-image-preview:large, max-video-preview:-1\" \/>\n<link rel=\"canonical\" href=\"https:\/\/radioljubuski.ba\/index.php\/2026\/01\/27\/marijeta-prskalo-odbojkasice-libera-s-optimizmom-ulaze-u-drugi-dio-sezone-u-novoj-dvorani\/\" \/>\n<meta property=\"og:locale\" content=\"hr_HR\" \/>\n<meta property=\"og:type\" content=\"article\" \/>\n<meta property=\"og:title\" content=\"Marijeta Prskalo: Odbojka\u0161ice Libera s optimizmom ulaze u drugi dio sezone u novoj dvorani - RADIO LJUBU\u0160KI\" \/>\n<meta property=\"og:description\" content=\"Odbojka\u0161ice ljubu\u0161kog Libera prije dva tjedna po\u010dele su pripreme za drugi dio sezone u Ligi Hercegovine. Tim povodom u programu Radija Ljubu\u0161ki gostovala je predsjednica kluba Marijeta Prskalo. S Marijetom smo razgovarali o prvom dijelu sezone, problemom s dvoranom za treninge koji su imali u prvom dijelu sezone, &nbsp;po\u010detku priprema i o\u010dekivanjima u nastavku sezone. [&hellip;]\" \/>\n<meta property=\"og:url\" content=\"https:\/\/radioljubuski.ba\/index.php\/2026\/01\/27\/marijeta-prskalo-odbojkasice-libera-s-optimizmom-ulaze-u-drugi-dio-sezone-u-novoj-dvorani\/\" \/>\n<meta property=\"og:site_name\" content=\"RADIO LJUBU\u0160KI\" \/>\n<meta property=\"article:publisher\" content=\"https:\/\/www.facebook.com\/Radiio-Ljubuski-1490835324566332\" \/>\n<meta property=\"article:published_time\" content=\"2026-01-27T14:17:04+00:00\" \/>\n<meta name=\"author\" content=\"Radio Ljubu\u0161ki\" \/>\n<meta name=\"twitter:card\" content=\"summary_large_image\" \/>\n<meta name=\"twitter:creator\" content=\"@radioljubuski\" \/>\n<meta name=\"twitter:site\" content=\"@radioljubuski\" \/>\n<meta name=\"twitter:label1\" content=\"Napisao\/la\" \/>\n\t<meta name=\"twitter:data1\" content=\"Radio Ljubu\u0161ki\" \/>\n\t<meta name=\"twitter:label2\" content=\"Procijenjeno vrijeme \u010ditanja\" \/>\n\t<meta name=\"twitter:data2\" content=\"5 minuta\" \/>\n<script type=\"application\/ld+json\" class=\"yoast-schema-graph\">{\"@context\":\"https:\\\/\\\/schema.org\",\"@graph\":[{\"@type\":\"Article\",\"@id\":\"https:\\\/\\\/radioljubuski.ba\\\/index.php\\\/2026\\\/01\\\/27\\\/marijeta-prskalo-odbojkasice-libera-s-optimizmom-ulaze-u-drugi-dio-sezone-u-novoj-dvorani\\\/#article\",\"isPartOf\":{\"@id\":\"https:\\\/\\\/radioljubuski.ba\\\/index.php\\\/2026\\\/01\\\/27\\\/marijeta-prskalo-odbojkasice-libera-s-optimizmom-ulaze-u-drugi-dio-sezone-u-novoj-dvorani\\\/\"},\"author\":{\"name\":\"Radio Ljubu\u0161ki\",\"@id\":\"https:\\\/\\\/radioljubuski.ba\\\/#\\\/schema\\\/person\\\/19fc700381a780f69665d7956c469e3b\"},\"headline\":\"Marijeta Prskalo: Odbojka\u0161ice Libera s optimizmom ulaze u drugi dio sezone u novoj dvorani\",\"datePublished\":\"2026-01-27T14:17:04+00:00\",\"mainEntityOfPage\":{\"@id\":\"https:\\\/\\\/radioljubuski.ba\\\/index.php\\\/2026\\\/01\\\/27\\\/marijeta-prskalo-odbojkasice-libera-s-optimizmom-ulaze-u-drugi-dio-sezone-u-novoj-dvorani\\\/\"},\"wordCount\":917,\"publisher\":{\"@id\":\"https:\\\/\\\/radioljubuski.ba\\\/#organization\"},\"image\":{\"@id\":\"https:\\\/\\\/radioljubuski.ba\\\/index.php\\\/2026\\\/01\\\/27\\\/marijeta-prskalo-odbojkasice-libera-s-optimizmom-ulaze-u-drugi-dio-sezone-u-novoj-dvorani\\\/#primaryimage\"},\"thumbnailUrl\":\"https:\\\/\\\/radioljubuski.ba\\\/wp-content\\\/uploads\\\/2026\\\/01\\\/marijeta-prskalo.png\",\"articleSection\":[\"Ljubu\u0161ki\",\"\u0160port\"],\"inLanguage\":\"hr\"},{\"@type\":\"WebPage\",\"@id\":\"https:\\\/\\\/radioljubuski.ba\\\/index.php\\\/2026\\\/01\\\/27\\\/marijeta-prskalo-odbojkasice-libera-s-optimizmom-ulaze-u-drugi-dio-sezone-u-novoj-dvorani\\\/\",\"url\":\"https:\\\/\\\/radioljubuski.ba\\\/index.php\\\/2026\\\/01\\\/27\\\/marijeta-prskalo-odbojkasice-libera-s-optimizmom-ulaze-u-drugi-dio-sezone-u-novoj-dvorani\\\/\",\"name\":\"Marijeta Prskalo: Odbojka\u0161ice Libera s optimizmom ulaze u drugi dio sezone u novoj dvorani - RADIO LJUBU\u0160KI\",\"isPartOf\":{\"@id\":\"https:\\\/\\\/radioljubuski.ba\\\/#website\"},\"primaryImageOfPage\":{\"@id\":\"https:\\\/\\\/radioljubuski.ba\\\/index.php\\\/2026\\\/01\\\/27\\\/marijeta-prskalo-odbojkasice-libera-s-optimizmom-ulaze-u-drugi-dio-sezone-u-novoj-dvorani\\\/#primaryimage\"},\"image\":{\"@id\":\"https:\\\/\\\/radioljubuski.ba\\\/index.php\\\/2026\\\/01\\\/27\\\/marijeta-prskalo-odbojkasice-libera-s-optimizmom-ulaze-u-drugi-dio-sezone-u-novoj-dvorani\\\/#primaryimage\"},\"thumbnailUrl\":\"https:\\\/\\\/radioljubuski.ba\\\/wp-content\\\/uploads\\\/2026\\\/01\\\/marijeta-prskalo.png\",\"datePublished\":\"2026-01-27T14:17:04+00:00\",\"breadcrumb\":{\"@id\":\"https:\\\/\\\/radioljubuski.ba\\\/index.php\\\/2026\\\/01\\\/27\\\/marijeta-prskalo-odbojkasice-libera-s-optimizmom-ulaze-u-drugi-dio-sezone-u-novoj-dvorani\\\/#breadcrumb\"},\"inLanguage\":\"hr\",\"potentialAction\":[{\"@type\":\"ReadAction\",\"target\":[\"https:\\\/\\\/radioljubuski.ba\\\/index.php\\\/2026\\\/01\\\/27\\\/marijeta-prskalo-odbojkasice-libera-s-optimizmom-ulaze-u-drugi-dio-sezone-u-novoj-dvorani\\\/\"]}]},{\"@type\":\"ImageObject\",\"inLanguage\":\"hr\",\"@id\":\"https:\\\/\\\/radioljubuski.ba\\\/index.php\\\/2026\\\/01\\\/27\\\/marijeta-prskalo-odbojkasice-libera-s-optimizmom-ulaze-u-drugi-dio-sezone-u-novoj-dvorani\\\/#primaryimage\",\"url\":\"https:\\\/\\\/radioljubuski.ba\\\/wp-content\\\/uploads\\\/2026\\\/01\\\/marijeta-prskalo.png\",\"contentUrl\":\"https:\\\/\\\/radioljubuski.ba\\\/wp-content\\\/uploads\\\/2026\\\/01\\\/marijeta-prskalo.png\",\"width\":814,\"height\":644},{\"@type\":\"BreadcrumbList\",\"@id\":\"https:\\\/\\\/radioljubuski.ba\\\/index.php\\\/2026\\\/01\\\/27\\\/marijeta-prskalo-odbojkasice-libera-s-optimizmom-ulaze-u-drugi-dio-sezone-u-novoj-dvorani\\\/#breadcrumb\",\"itemListElement\":[{\"@type\":\"ListItem\",\"position\":1,\"name\":\"Po\u010detna stranica\",\"item\":\"https:\\\/\\\/radioljubuski.ba\\\/\"},{\"@type\":\"ListItem\",\"position\":2,\"name\":\"Marijeta Prskalo: Odbojka\u0161ice Libera s optimizmom ulaze u drugi dio sezone u novoj dvorani\"}]},{\"@type\":\"WebSite\",\"@id\":\"https:\\\/\\\/radioljubuski.ba\\\/#website\",\"url\":\"https:\\\/\\\/radioljubuski.ba\\\/\",\"name\":\"Radio Ljubu\u0161ki\",\"description\":\"Sun\u010dana frekvencija Hercegovine\",\"publisher\":{\"@id\":\"https:\\\/\\\/radioljubuski.ba\\\/#organization\"},\"potentialAction\":[{\"@type\":\"SearchAction\",\"target\":{\"@type\":\"EntryPoint\",\"urlTemplate\":\"https:\\\/\\\/radioljubuski.ba\\\/?s={search_term_string}\"},\"query-input\":{\"@type\":\"PropertyValueSpecification\",\"valueRequired\":true,\"valueName\":\"search_term_string\"}}],\"inLanguage\":\"hr\"},{\"@type\":\"Organization\",\"@id\":\"https:\\\/\\\/radioljubuski.ba\\\/#organization\",\"name\":\"Radio Ljubu\u0161ki\",\"url\":\"https:\\\/\\\/radioljubuski.ba\\\/\",\"logo\":{\"@type\":\"ImageObject\",\"inLanguage\":\"hr\",\"@id\":\"https:\\\/\\\/radioljubuski.ba\\\/#\\\/schema\\\/logo\\\/image\\\/\",\"url\":\"https:\\\/\\\/radioljubuski.ba\\\/wp-content\\\/uploads\\\/2021\\\/02\\\/cropped-Radio_Ljubuski_logo1.jpg\",\"contentUrl\":\"https:\\\/\\\/radioljubuski.ba\\\/wp-content\\\/uploads\\\/2021\\\/02\\\/cropped-Radio_Ljubuski_logo1.jpg\",\"width\":512,\"height\":512,\"caption\":\"Radio Ljubu\u0161ki\"},\"image\":{\"@id\":\"https:\\\/\\\/radioljubuski.ba\\\/#\\\/schema\\\/logo\\\/image\\\/\"},\"sameAs\":[\"https:\\\/\\\/www.facebook.com\\\/Radiio-Ljubuski-1490835324566332\",\"https:\\\/\\\/x.com\\\/radioljubuski\",\"https:\\\/\\\/hr.linkedin.com\\\/company\\\/radio-ljubuski\",\"https:\\\/\\\/www.youtube.com\\\/channel\\\/UCHYaeO_n0Db3tjNGudGpXyw\"]},{\"@type\":\"Person\",\"@id\":\"https:\\\/\\\/radioljubuski.ba\\\/#\\\/schema\\\/person\\\/19fc700381a780f69665d7956c469e3b\",\"name\":\"Radio Ljubu\u0161ki\"}]}<\/script>\n<!-- \/ Yoast SEO plugin. -->","yoast_head_json":{"title":"Marijeta Prskalo: Odbojka\u0161ice Libera s optimizmom ulaze u drugi dio sezone u novoj dvorani - RADIO LJUBU\u0160KI","robots":{"index":"index","follow":"follow","max-snippet":"max-snippet:-1","max-image-preview":"max-image-preview:large","max-video-preview":"max-video-preview:-1"},"canonical":"https:\/\/radioljubuski.ba\/index.php\/2026\/01\/27\/marijeta-prskalo-odbojkasice-libera-s-optimizmom-ulaze-u-drugi-dio-sezone-u-novoj-dvorani\/","og_locale":"hr_HR","og_type":"article","og_title":"Marijeta Prskalo: Odbojka\u0161ice Libera s optimizmom ulaze u drugi dio sezone u novoj dvorani - RADIO LJUBU\u0160KI","og_description":"Odbojka\u0161ice ljubu\u0161kog Libera prije dva tjedna po\u010dele su pripreme za drugi dio sezone u Ligi Hercegovine. Tim povodom u programu Radija Ljubu\u0161ki gostovala je predsjednica kluba Marijeta Prskalo. S Marijetom smo razgovarali o prvom dijelu sezone, problemom s dvoranom za treninge koji su imali u prvom dijelu sezone, &nbsp;po\u010detku priprema i o\u010dekivanjima u nastavku sezone. [&hellip;]","og_url":"https:\/\/radioljubuski.ba\/index.php\/2026\/01\/27\/marijeta-prskalo-odbojkasice-libera-s-optimizmom-ulaze-u-drugi-dio-sezone-u-novoj-dvorani\/","og_site_name":"RADIO LJUBU\u0160KI","article_publisher":"https:\/\/www.facebook.com\/Radiio-Ljubuski-1490835324566332","article_published_time":"2026-01-27T14:17:04+00:00","author":"Radio Ljubu\u0161ki","twitter_card":"summary_large_image","twitter_creator":"@radioljubuski","twitter_site":"@radioljubuski","twitter_misc":{"Napisao\/la":"Radio Ljubu\u0161ki","Procijenjeno vrijeme \u010ditanja":"5 minuta"},"schema":{"@context":"https:\/\/schema.org","@graph":[{"@type":"Article","@id":"https:\/\/radioljubuski.ba\/index.php\/2026\/01\/27\/marijeta-prskalo-odbojkasice-libera-s-optimizmom-ulaze-u-drugi-dio-sezone-u-novoj-dvorani\/#article","isPartOf":{"@id":"https:\/\/radioljubuski.ba\/index.php\/2026\/01\/27\/marijeta-prskalo-odbojkasice-libera-s-optimizmom-ulaze-u-drugi-dio-sezone-u-novoj-dvorani\/"},"author":{"name":"Radio Ljubu\u0161ki","@id":"https:\/\/radioljubuski.ba\/#\/schema\/person\/19fc700381a780f69665d7956c469e3b"},"headline":"Marijeta Prskalo: Odbojka\u0161ice Libera s optimizmom ulaze u drugi dio sezone u novoj dvorani","datePublished":"2026-01-27T14:17:04+00:00","mainEntityOfPage":{"@id":"https:\/\/radioljubuski.ba\/index.php\/2026\/01\/27\/marijeta-prskalo-odbojkasice-libera-s-optimizmom-ulaze-u-drugi-dio-sezone-u-novoj-dvorani\/"},"wordCount":917,"publisher":{"@id":"https:\/\/radioljubuski.ba\/#organization"},"image":{"@id":"https:\/\/radioljubuski.ba\/index.php\/2026\/01\/27\/marijeta-prskalo-odbojkasice-libera-s-optimizmom-ulaze-u-drugi-dio-sezone-u-novoj-dvorani\/#primaryimage"},"thumbnailUrl":"https:\/\/radioljubuski.ba\/wp-content\/uploads\/2026\/01\/marijeta-prskalo.png","articleSection":["Ljubu\u0161ki","\u0160port"],"inLanguage":"hr"},{"@type":"WebPage","@id":"https:\/\/radioljubuski.ba\/index.php\/2026\/01\/27\/marijeta-prskalo-odbojkasice-libera-s-optimizmom-ulaze-u-drugi-dio-sezone-u-novoj-dvorani\/","url":"https:\/\/radioljubuski.ba\/index.php\/2026\/01\/27\/marijeta-prskalo-odbojkasice-libera-s-optimizmom-ulaze-u-drugi-dio-sezone-u-novoj-dvorani\/","name":"Marijeta Prskalo: Odbojka\u0161ice Libera s optimizmom ulaze u drugi dio sezone u novoj dvorani - RADIO LJUBU\u0160KI","isPartOf":{"@id":"https:\/\/radioljubuski.ba\/#website"},"primaryImageOfPage":{"@id":"https:\/\/radioljubuski.ba\/index.php\/2026\/01\/27\/marijeta-prskalo-odbojkasice-libera-s-optimizmom-ulaze-u-drugi-dio-sezone-u-novoj-dvorani\/#primaryimage"},"image":{"@id":"https:\/\/radioljubuski.ba\/index.php\/2026\/01\/27\/marijeta-prskalo-odbojkasice-libera-s-optimizmom-ulaze-u-drugi-dio-sezone-u-novoj-dvorani\/#primaryimage"},"thumbnailUrl":"https:\/\/radioljubuski.ba\/wp-content\/uploads\/2026\/01\/marijeta-prskalo.png","datePublished":"2026-01-27T14:17:04+00:00","breadcrumb":{"@id":"https:\/\/radioljubuski.ba\/index.php\/2026\/01\/27\/marijeta-prskalo-odbojkasice-libera-s-optimizmom-ulaze-u-drugi-dio-sezone-u-novoj-dvorani\/#breadcrumb"},"inLanguage":"hr","potentialAction":[{"@type":"ReadAction","target":["https:\/\/radioljubuski.ba\/index.php\/2026\/01\/27\/marijeta-prskalo-odbojkasice-libera-s-optimizmom-ulaze-u-drugi-dio-sezone-u-novoj-dvorani\/"]}]},{"@type":"ImageObject","inLanguage":"hr","@id":"https:\/\/radioljubuski.ba\/index.php\/2026\/01\/27\/marijeta-prskalo-odbojkasice-libera-s-optimizmom-ulaze-u-drugi-dio-sezone-u-novoj-dvorani\/#primaryimage","url":"https:\/\/radioljubuski.ba\/wp-content\/uploads\/2026\/01\/marijeta-prskalo.png","contentUrl":"https:\/\/radioljubuski.ba\/wp-content\/uploads\/2026\/01\/marijeta-prskalo.png","width":814,"height":644},{"@type":"BreadcrumbList","@id":"https:\/\/radioljubuski.ba\/index.php\/2026\/01\/27\/marijeta-prskalo-odbojkasice-libera-s-optimizmom-ulaze-u-drugi-dio-sezone-u-novoj-dvorani\/#breadcrumb","itemListElement":[{"@type":"ListItem","position":1,"name":"Po\u010detna stranica","item":"https:\/\/radioljubuski.ba\/"},{"@type":"ListItem","position":2,"name":"Marijeta Prskalo: Odbojka\u0161ice Libera s optimizmom ulaze u drugi dio sezone u novoj dvorani"}]},{"@type":"WebSite","@id":"https:\/\/radioljubuski.ba\/#website","url":"https:\/\/radioljubuski.ba\/","name":"Radio Ljubu\u0161ki","description":"Sun\u010dana frekvencija Hercegovine","publisher":{"@id":"https:\/\/radioljubuski.ba\/#organization"},"potentialAction":[{"@type":"SearchAction","target":{"@type":"EntryPoint","urlTemplate":"https:\/\/radioljubuski.ba\/?s={search_term_string}"},"query-input":{"@type":"PropertyValueSpecification","valueRequired":true,"valueName":"search_term_string"}}],"inLanguage":"hr"},{"@type":"Organization","@id":"https:\/\/radioljubuski.ba\/#organization","name":"Radio Ljubu\u0161ki","url":"https:\/\/radioljubuski.ba\/","logo":{"@type":"ImageObject","inLanguage":"hr","@id":"https:\/\/radioljubuski.ba\/#\/schema\/logo\/image\/","url":"https:\/\/radioljubuski.ba\/wp-content\/uploads\/2021\/02\/cropped-Radio_Ljubuski_logo1.jpg","contentUrl":"https:\/\/radioljubuski.ba\/wp-content\/uploads\/2021\/02\/cropped-Radio_Ljubuski_logo1.jpg","width":512,"height":512,"caption":"Radio Ljubu\u0161ki"},"image":{"@id":"https:\/\/radioljubuski.ba\/#\/schema\/logo\/image\/"},"sameAs":["https:\/\/www.facebook.com\/Radiio-Ljubuski-1490835324566332","https:\/\/x.com\/radioljubuski","https:\/\/hr.linkedin.com\/company\/radio-ljubuski","https:\/\/www.youtube.com\/channel\/UCHYaeO_n0Db3tjNGudGpXyw"]},{"@type":"Person","@id":"https:\/\/radioljubuski.ba\/#\/schema\/person\/19fc700381a780f69665d7956c469e3b","name":"Radio Ljubu\u0161ki"}]}},"_links":{"self":[{"href":"https:\/\/radioljubuski.ba\/index.php\/wp-json\/wp\/v2\/posts\/224655","targetHints":{"allow":["GET"]}}],"collection":[{"href":"https:\/\/radioljubuski.ba\/index.php\/wp-json\/wp\/v2\/posts"}],"about":[{"href":"https:\/\/radioljubuski.ba\/index.php\/wp-json\/wp\/v2\/types\/post"}],"author":[{"embeddable":true,"href":"https:\/\/radioljubuski.ba\/index.php\/wp-json\/wp\/v2\/users\/2"}],"replies":[{"embeddable":true,"href":"https:\/\/radioljubuski.ba\/index.php\/wp-json\/wp\/v2\/comments?post=224655"}],"version-history":[{"count":1,"href":"https:\/\/radioljubuski.ba\/index.php\/wp-json\/wp\/v2\/posts\/224655\/revisions"}],"predecessor-version":[{"id":224658,"href":"https:\/\/radioljubuski.ba\/index.php\/wp-json\/wp\/v2\/posts\/224655\/revisions\/224658"}],"wp:featuredmedia":[{"embeddable":true,"href":"https:\/\/radioljubuski.ba\/index.php\/wp-json\/wp\/v2\/media\/224657"}],"wp:attachment":[{"href":"https:\/\/radioljubuski.ba\/index.php\/wp-json\/wp\/v2\/media?parent=224655"}],"wp:term":[{"taxonomy":"category","embeddable":true,"href":"https:\/\/radioljubuski.ba\/index.php\/wp-json\/wp\/v2\/categories?post=224655"},{"taxonomy":"post_tag","embeddable":true,"href":"https:\/\/radioljubuski.ba\/index.php\/wp-json\/wp\/v2\/tags?post=224655"}],"curies":[{"name":"wp","href":"https:\/\/api.w.org\/{rel}","templated":true}]}}