{"id":224664,"date":"2026-01-28T08:07:15","date_gmt":"2026-01-28T07:07:15","guid":{"rendered":"https:\/\/radioljubuski.ba\/?p=224664"},"modified":"2026-01-28T08:07:15","modified_gmt":"2026-01-28T07:07:15","slug":"komedija-hollywood-u-cetvrtak-5-veljace-u-kulturnom-centru","status":"publish","type":"post","link":"https:\/\/radioljubuski.ba\/index.php\/2026\/01\/28\/komedija-hollywood-u-cetvrtak-5-veljace-u-kulturnom-centru\/","title":{"rendered":"Komedija Hollywood u \u010detvrtak 5.velja\u010de u Kulturnom centru"},"content":{"rendered":"\n<p>Pozivamo vas na vrhunsku komediju po istinitom doga\u0111aju \u2013 <strong>HOLLYWOOD<\/strong><\/p>\n\n\n\n<p>Predstava Tesla teatra odr\u017eat \u0107e se u \u010detvrtak, 5. velja\u010de, u Kulturnom centru s po\u010detkom u 19 sati.&nbsp; Fabijan Pavao Medve\u0161ek i Filip Serti\u0107 obe\u0107avaju dobru zabavu.<\/p>\n\n\n\n<p>Ulaznice po cijeni od 10 KM mo\u017eete kupiti na recepciji hotela Bigeste.<\/p>\n\n\n\n<p>Dva prijatelja glumca odlu\u010de ostvariti \u201cAmeri\u010dki san\u201d i preseliti u Los Angeles. Predstava prati njihovu avanturu \u2013 koga \u0107e sve od slavnih li\u010dnosti upoznati, kako \u0107e se sna\u0107i i ho\u0107e li uspjeti ili ipak propasti? Povjerit \u0107e vam iz prve ruke za\u0161to im se Tom Cruz zamjerio, kako je raditi s Meryl Streep i kakav je Brad Pitt kad se ugase kamere. Predstava je svojevrsni hommage Hollywoodu \u2013 centru zabavne industrije i inspirirana je brojnim poznatim scenama iz omiljenih filmova te nadahnuta poznatom filmskom glazbom. Urnebesna pri\u010da o prijateljstvu, snala\u017eenju, Hollywoodu i glamuru s poznatim dvojcem s malih ekrana, \u010deka vas u Ljubu\u0161kom.<\/p>\n\n\n\n<p><em>HKD Napredak Podru\u017enica Ljubu\u0161ki<\/em><\/p>\n","protected":false},"excerpt":{"rendered":"<p>Pozivamo vas na vrhunsku komediju po istinitom doga\u0111aju \u2013 HOLLYWOOD Predstava Tesla teatra odr\u017eat \u0107e se u \u010detvrtak, 5. velja\u010de, u Kulturnom centru s po\u010detkom u 19 sati.&nbsp; Fabijan Pavao Medve\u0161ek i Filip Serti\u0107 obe\u0107avaju dobru zabavu. Ulaznice po cijeni od 10 KM mo\u017eete kupiti na recepciji hotela Bigeste. Dva prijatelja glumca odlu\u010de ostvariti \u201cAmeri\u010dki [&hellip;]<\/p>\n","protected":false},"author":2,"featured_media":224665,"comment_status":"closed","ping_status":"closed","sticky":false,"template":"","format":"standard","meta":{"h5ap_radio_sources":[],"footnotes":""},"categories":[3],"tags":[],"class_list":["post-224664","post","type-post","status-publish","format-standard","has-post-thumbnail","hentry","category-ljubuski"],"yoast_head":"<!-- This site is optimized with the Yoast SEO plugin v27.5 - https:\/\/yoast.com\/product\/yoast-seo-wordpress\/ -->\n<title>Komedija Hollywood u \u010detvrtak 5.velja\u010de u Kulturnom centru - RADIO LJUBU\u0160KI<\/title>\n<meta name=\"robots\" content=\"index, follow, max-snippet:-1, max-image-preview:large, max-video-preview:-1\" \/>\n<link rel=\"canonical\" href=\"https:\/\/radioljubuski.ba\/index.php\/2026\/01\/28\/komedija-hollywood-u-cetvrtak-5-veljace-u-kulturnom-centru\/\" \/>\n<meta property=\"og:locale\" content=\"hr_HR\" \/>\n<meta property=\"og:type\" content=\"article\" \/>\n<meta property=\"og:title\" content=\"Komedija Hollywood u \u010detvrtak 5.velja\u010de u Kulturnom centru - RADIO LJUBU\u0160KI\" \/>\n<meta property=\"og:description\" content=\"Pozivamo vas na vrhunsku komediju po istinitom doga\u0111aju \u2013 HOLLYWOOD Predstava Tesla teatra odr\u017eat \u0107e se u \u010detvrtak, 5. velja\u010de, u Kulturnom centru s po\u010detkom u 19 sati.&nbsp; Fabijan Pavao Medve\u0161ek i Filip Serti\u0107 obe\u0107avaju dobru zabavu. Ulaznice po cijeni od 10 KM mo\u017eete kupiti na recepciji hotela Bigeste. Dva prijatelja glumca odlu\u010de ostvariti \u201cAmeri\u010dki [&hellip;]\" \/>\n<meta property=\"og:url\" content=\"https:\/\/radioljubuski.ba\/index.php\/2026\/01\/28\/komedija-hollywood-u-cetvrtak-5-veljace-u-kulturnom-centru\/\" \/>\n<meta property=\"og:site_name\" content=\"RADIO LJUBU\u0160KI\" \/>\n<meta property=\"article:publisher\" content=\"https:\/\/www.facebook.com\/Radiio-Ljubuski-1490835324566332\" \/>\n<meta property=\"article:published_time\" content=\"2026-01-28T07:07:15+00:00\" \/>\n<meta name=\"author\" content=\"Radio Ljubu\u0161ki\" \/>\n<meta name=\"twitter:card\" content=\"summary_large_image\" \/>\n<meta name=\"twitter:creator\" content=\"@radioljubuski\" \/>\n<meta name=\"twitter:site\" content=\"@radioljubuski\" \/>\n<meta name=\"twitter:label1\" content=\"Napisao\/la\" \/>\n\t<meta name=\"twitter:data1\" content=\"Radio Ljubu\u0161ki\" \/>\n\t<meta name=\"twitter:label2\" content=\"Procijenjeno vrijeme \u010ditanja\" \/>\n\t<meta name=\"twitter:data2\" content=\"1 minuta\" \/>\n<script type=\"application\/ld+json\" class=\"yoast-schema-graph\">{\"@context\":\"https:\\\/\\\/schema.org\",\"@graph\":[{\"@type\":\"Article\",\"@id\":\"https:\\\/\\\/radioljubuski.ba\\\/index.php\\\/2026\\\/01\\\/28\\\/komedija-hollywood-u-cetvrtak-5-veljace-u-kulturnom-centru\\\/#article\",\"isPartOf\":{\"@id\":\"https:\\\/\\\/radioljubuski.ba\\\/index.php\\\/2026\\\/01\\\/28\\\/komedija-hollywood-u-cetvrtak-5-veljace-u-kulturnom-centru\\\/\"},\"author\":{\"name\":\"Radio Ljubu\u0161ki\",\"@id\":\"https:\\\/\\\/radioljubuski.ba\\\/#\\\/schema\\\/person\\\/19fc700381a780f69665d7956c469e3b\"},\"headline\":\"Komedija Hollywood u \u010detvrtak 5.velja\u010de u Kulturnom centru\",\"datePublished\":\"2026-01-28T07:07:15+00:00\",\"mainEntityOfPage\":{\"@id\":\"https:\\\/\\\/radioljubuski.ba\\\/index.php\\\/2026\\\/01\\\/28\\\/komedija-hollywood-u-cetvrtak-5-veljace-u-kulturnom-centru\\\/\"},\"wordCount\":178,\"publisher\":{\"@id\":\"https:\\\/\\\/radioljubuski.ba\\\/#organization\"},\"image\":{\"@id\":\"https:\\\/\\\/radioljubuski.ba\\\/index.php\\\/2026\\\/01\\\/28\\\/komedija-hollywood-u-cetvrtak-5-veljace-u-kulturnom-centru\\\/#primaryimage\"},\"thumbnailUrl\":\"https:\\\/\\\/radioljubuski.ba\\\/wp-content\\\/uploads\\\/2026\\\/01\\\/Plakat-Hollywood.jpg\",\"articleSection\":[\"Ljubu\u0161ki\"],\"inLanguage\":\"hr\"},{\"@type\":\"WebPage\",\"@id\":\"https:\\\/\\\/radioljubuski.ba\\\/index.php\\\/2026\\\/01\\\/28\\\/komedija-hollywood-u-cetvrtak-5-veljace-u-kulturnom-centru\\\/\",\"url\":\"https:\\\/\\\/radioljubuski.ba\\\/index.php\\\/2026\\\/01\\\/28\\\/komedija-hollywood-u-cetvrtak-5-veljace-u-kulturnom-centru\\\/\",\"name\":\"Komedija Hollywood u \u010detvrtak 5.velja\u010de u Kulturnom centru - RADIO LJUBU\u0160KI\",\"isPartOf\":{\"@id\":\"https:\\\/\\\/radioljubuski.ba\\\/#website\"},\"primaryImageOfPage\":{\"@id\":\"https:\\\/\\\/radioljubuski.ba\\\/index.php\\\/2026\\\/01\\\/28\\\/komedija-hollywood-u-cetvrtak-5-veljace-u-kulturnom-centru\\\/#primaryimage\"},\"image\":{\"@id\":\"https:\\\/\\\/radioljubuski.ba\\\/index.php\\\/2026\\\/01\\\/28\\\/komedija-hollywood-u-cetvrtak-5-veljace-u-kulturnom-centru\\\/#primaryimage\"},\"thumbnailUrl\":\"https:\\\/\\\/radioljubuski.ba\\\/wp-content\\\/uploads\\\/2026\\\/01\\\/Plakat-Hollywood.jpg\",\"datePublished\":\"2026-01-28T07:07:15+00:00\",\"breadcrumb\":{\"@id\":\"https:\\\/\\\/radioljubuski.ba\\\/index.php\\\/2026\\\/01\\\/28\\\/komedija-hollywood-u-cetvrtak-5-veljace-u-kulturnom-centru\\\/#breadcrumb\"},\"inLanguage\":\"hr\",\"potentialAction\":[{\"@type\":\"ReadAction\",\"target\":[\"https:\\\/\\\/radioljubuski.ba\\\/index.php\\\/2026\\\/01\\\/28\\\/komedija-hollywood-u-cetvrtak-5-veljace-u-kulturnom-centru\\\/\"]}]},{\"@type\":\"ImageObject\",\"inLanguage\":\"hr\",\"@id\":\"https:\\\/\\\/radioljubuski.ba\\\/index.php\\\/2026\\\/01\\\/28\\\/komedija-hollywood-u-cetvrtak-5-veljace-u-kulturnom-centru\\\/#primaryimage\",\"url\":\"https:\\\/\\\/radioljubuski.ba\\\/wp-content\\\/uploads\\\/2026\\\/01\\\/Plakat-Hollywood.jpg\",\"contentUrl\":\"https:\\\/\\\/radioljubuski.ba\\\/wp-content\\\/uploads\\\/2026\\\/01\\\/Plakat-Hollywood.jpg\",\"width\":1108,\"height\":1627},{\"@type\":\"BreadcrumbList\",\"@id\":\"https:\\\/\\\/radioljubuski.ba\\\/index.php\\\/2026\\\/01\\\/28\\\/komedija-hollywood-u-cetvrtak-5-veljace-u-kulturnom-centru\\\/#breadcrumb\",\"itemListElement\":[{\"@type\":\"ListItem\",\"position\":1,\"name\":\"Po\u010detna stranica\",\"item\":\"https:\\\/\\\/radioljubuski.ba\\\/\"},{\"@type\":\"ListItem\",\"position\":2,\"name\":\"Komedija Hollywood u \u010detvrtak 5.velja\u010de u Kulturnom centru\"}]},{\"@type\":\"WebSite\",\"@id\":\"https:\\\/\\\/radioljubuski.ba\\\/#website\",\"url\":\"https:\\\/\\\/radioljubuski.ba\\\/\",\"name\":\"Radio Ljubu\u0161ki\",\"description\":\"Sun\u010dana frekvencija Hercegovine\",\"publisher\":{\"@id\":\"https:\\\/\\\/radioljubuski.ba\\\/#organization\"},\"potentialAction\":[{\"@type\":\"SearchAction\",\"target\":{\"@type\":\"EntryPoint\",\"urlTemplate\":\"https:\\\/\\\/radioljubuski.ba\\\/?s={search_term_string}\"},\"query-input\":{\"@type\":\"PropertyValueSpecification\",\"valueRequired\":true,\"valueName\":\"search_term_string\"}}],\"inLanguage\":\"hr\"},{\"@type\":\"Organization\",\"@id\":\"https:\\\/\\\/radioljubuski.ba\\\/#organization\",\"name\":\"Radio Ljubu\u0161ki\",\"url\":\"https:\\\/\\\/radioljubuski.ba\\\/\",\"logo\":{\"@type\":\"ImageObject\",\"inLanguage\":\"hr\",\"@id\":\"https:\\\/\\\/radioljubuski.ba\\\/#\\\/schema\\\/logo\\\/image\\\/\",\"url\":\"https:\\\/\\\/radioljubuski.ba\\\/wp-content\\\/uploads\\\/2021\\\/02\\\/cropped-Radio_Ljubuski_logo1.jpg\",\"contentUrl\":\"https:\\\/\\\/radioljubuski.ba\\\/wp-content\\\/uploads\\\/2021\\\/02\\\/cropped-Radio_Ljubuski_logo1.jpg\",\"width\":512,\"height\":512,\"caption\":\"Radio Ljubu\u0161ki\"},\"image\":{\"@id\":\"https:\\\/\\\/radioljubuski.ba\\\/#\\\/schema\\\/logo\\\/image\\\/\"},\"sameAs\":[\"https:\\\/\\\/www.facebook.com\\\/Radiio-Ljubuski-1490835324566332\",\"https:\\\/\\\/x.com\\\/radioljubuski\",\"https:\\\/\\\/hr.linkedin.com\\\/company\\\/radio-ljubuski\",\"https:\\\/\\\/www.youtube.com\\\/channel\\\/UCHYaeO_n0Db3tjNGudGpXyw\"]},{\"@type\":\"Person\",\"@id\":\"https:\\\/\\\/radioljubuski.ba\\\/#\\\/schema\\\/person\\\/19fc700381a780f69665d7956c469e3b\",\"name\":\"Radio Ljubu\u0161ki\"}]}<\/script>\n<!-- \/ Yoast SEO plugin. -->","yoast_head_json":{"title":"Komedija Hollywood u \u010detvrtak 5.velja\u010de u Kulturnom centru - RADIO LJUBU\u0160KI","robots":{"index":"index","follow":"follow","max-snippet":"max-snippet:-1","max-image-preview":"max-image-preview:large","max-video-preview":"max-video-preview:-1"},"canonical":"https:\/\/radioljubuski.ba\/index.php\/2026\/01\/28\/komedija-hollywood-u-cetvrtak-5-veljace-u-kulturnom-centru\/","og_locale":"hr_HR","og_type":"article","og_title":"Komedija Hollywood u \u010detvrtak 5.velja\u010de u Kulturnom centru - RADIO LJUBU\u0160KI","og_description":"Pozivamo vas na vrhunsku komediju po istinitom doga\u0111aju \u2013 HOLLYWOOD Predstava Tesla teatra odr\u017eat \u0107e se u \u010detvrtak, 5. velja\u010de, u Kulturnom centru s po\u010detkom u 19 sati.&nbsp; Fabijan Pavao Medve\u0161ek i Filip Serti\u0107 obe\u0107avaju dobru zabavu. Ulaznice po cijeni od 10 KM mo\u017eete kupiti na recepciji hotela Bigeste. Dva prijatelja glumca odlu\u010de ostvariti \u201cAmeri\u010dki [&hellip;]","og_url":"https:\/\/radioljubuski.ba\/index.php\/2026\/01\/28\/komedija-hollywood-u-cetvrtak-5-veljace-u-kulturnom-centru\/","og_site_name":"RADIO LJUBU\u0160KI","article_publisher":"https:\/\/www.facebook.com\/Radiio-Ljubuski-1490835324566332","article_published_time":"2026-01-28T07:07:15+00:00","author":"Radio Ljubu\u0161ki","twitter_card":"summary_large_image","twitter_creator":"@radioljubuski","twitter_site":"@radioljubuski","twitter_misc":{"Napisao\/la":"Radio Ljubu\u0161ki","Procijenjeno vrijeme \u010ditanja":"1 minuta"},"schema":{"@context":"https:\/\/schema.org","@graph":[{"@type":"Article","@id":"https:\/\/radioljubuski.ba\/index.php\/2026\/01\/28\/komedija-hollywood-u-cetvrtak-5-veljace-u-kulturnom-centru\/#article","isPartOf":{"@id":"https:\/\/radioljubuski.ba\/index.php\/2026\/01\/28\/komedija-hollywood-u-cetvrtak-5-veljace-u-kulturnom-centru\/"},"author":{"name":"Radio Ljubu\u0161ki","@id":"https:\/\/radioljubuski.ba\/#\/schema\/person\/19fc700381a780f69665d7956c469e3b"},"headline":"Komedija Hollywood u \u010detvrtak 5.velja\u010de u Kulturnom centru","datePublished":"2026-01-28T07:07:15+00:00","mainEntityOfPage":{"@id":"https:\/\/radioljubuski.ba\/index.php\/2026\/01\/28\/komedija-hollywood-u-cetvrtak-5-veljace-u-kulturnom-centru\/"},"wordCount":178,"publisher":{"@id":"https:\/\/radioljubuski.ba\/#organization"},"image":{"@id":"https:\/\/radioljubuski.ba\/index.php\/2026\/01\/28\/komedija-hollywood-u-cetvrtak-5-veljace-u-kulturnom-centru\/#primaryimage"},"thumbnailUrl":"https:\/\/radioljubuski.ba\/wp-content\/uploads\/2026\/01\/Plakat-Hollywood.jpg","articleSection":["Ljubu\u0161ki"],"inLanguage":"hr"},{"@type":"WebPage","@id":"https:\/\/radioljubuski.ba\/index.php\/2026\/01\/28\/komedija-hollywood-u-cetvrtak-5-veljace-u-kulturnom-centru\/","url":"https:\/\/radioljubuski.ba\/index.php\/2026\/01\/28\/komedija-hollywood-u-cetvrtak-5-veljace-u-kulturnom-centru\/","name":"Komedija Hollywood u \u010detvrtak 5.velja\u010de u Kulturnom centru - RADIO LJUBU\u0160KI","isPartOf":{"@id":"https:\/\/radioljubuski.ba\/#website"},"primaryImageOfPage":{"@id":"https:\/\/radioljubuski.ba\/index.php\/2026\/01\/28\/komedija-hollywood-u-cetvrtak-5-veljace-u-kulturnom-centru\/#primaryimage"},"image":{"@id":"https:\/\/radioljubuski.ba\/index.php\/2026\/01\/28\/komedija-hollywood-u-cetvrtak-5-veljace-u-kulturnom-centru\/#primaryimage"},"thumbnailUrl":"https:\/\/radioljubuski.ba\/wp-content\/uploads\/2026\/01\/Plakat-Hollywood.jpg","datePublished":"2026-01-28T07:07:15+00:00","breadcrumb":{"@id":"https:\/\/radioljubuski.ba\/index.php\/2026\/01\/28\/komedija-hollywood-u-cetvrtak-5-veljace-u-kulturnom-centru\/#breadcrumb"},"inLanguage":"hr","potentialAction":[{"@type":"ReadAction","target":["https:\/\/radioljubuski.ba\/index.php\/2026\/01\/28\/komedija-hollywood-u-cetvrtak-5-veljace-u-kulturnom-centru\/"]}]},{"@type":"ImageObject","inLanguage":"hr","@id":"https:\/\/radioljubuski.ba\/index.php\/2026\/01\/28\/komedija-hollywood-u-cetvrtak-5-veljace-u-kulturnom-centru\/#primaryimage","url":"https:\/\/radioljubuski.ba\/wp-content\/uploads\/2026\/01\/Plakat-Hollywood.jpg","contentUrl":"https:\/\/radioljubuski.ba\/wp-content\/uploads\/2026\/01\/Plakat-Hollywood.jpg","width":1108,"height":1627},{"@type":"BreadcrumbList","@id":"https:\/\/radioljubuski.ba\/index.php\/2026\/01\/28\/komedija-hollywood-u-cetvrtak-5-veljace-u-kulturnom-centru\/#breadcrumb","itemListElement":[{"@type":"ListItem","position":1,"name":"Po\u010detna stranica","item":"https:\/\/radioljubuski.ba\/"},{"@type":"ListItem","position":2,"name":"Komedija Hollywood u \u010detvrtak 5.velja\u010de u Kulturnom centru"}]},{"@type":"WebSite","@id":"https:\/\/radioljubuski.ba\/#website","url":"https:\/\/radioljubuski.ba\/","name":"Radio Ljubu\u0161ki","description":"Sun\u010dana frekvencija Hercegovine","publisher":{"@id":"https:\/\/radioljubuski.ba\/#organization"},"potentialAction":[{"@type":"SearchAction","target":{"@type":"EntryPoint","urlTemplate":"https:\/\/radioljubuski.ba\/?s={search_term_string}"},"query-input":{"@type":"PropertyValueSpecification","valueRequired":true,"valueName":"search_term_string"}}],"inLanguage":"hr"},{"@type":"Organization","@id":"https:\/\/radioljubuski.ba\/#organization","name":"Radio Ljubu\u0161ki","url":"https:\/\/radioljubuski.ba\/","logo":{"@type":"ImageObject","inLanguage":"hr","@id":"https:\/\/radioljubuski.ba\/#\/schema\/logo\/image\/","url":"https:\/\/radioljubuski.ba\/wp-content\/uploads\/2021\/02\/cropped-Radio_Ljubuski_logo1.jpg","contentUrl":"https:\/\/radioljubuski.ba\/wp-content\/uploads\/2021\/02\/cropped-Radio_Ljubuski_logo1.jpg","width":512,"height":512,"caption":"Radio Ljubu\u0161ki"},"image":{"@id":"https:\/\/radioljubuski.ba\/#\/schema\/logo\/image\/"},"sameAs":["https:\/\/www.facebook.com\/Radiio-Ljubuski-1490835324566332","https:\/\/x.com\/radioljubuski","https:\/\/hr.linkedin.com\/company\/radio-ljubuski","https:\/\/www.youtube.com\/channel\/UCHYaeO_n0Db3tjNGudGpXyw"]},{"@type":"Person","@id":"https:\/\/radioljubuski.ba\/#\/schema\/person\/19fc700381a780f69665d7956c469e3b","name":"Radio Ljubu\u0161ki"}]}},"_links":{"self":[{"href":"https:\/\/radioljubuski.ba\/index.php\/wp-json\/wp\/v2\/posts\/224664","targetHints":{"allow":["GET"]}}],"collection":[{"href":"https:\/\/radioljubuski.ba\/index.php\/wp-json\/wp\/v2\/posts"}],"about":[{"href":"https:\/\/radioljubuski.ba\/index.php\/wp-json\/wp\/v2\/types\/post"}],"author":[{"embeddable":true,"href":"https:\/\/radioljubuski.ba\/index.php\/wp-json\/wp\/v2\/users\/2"}],"replies":[{"embeddable":true,"href":"https:\/\/radioljubuski.ba\/index.php\/wp-json\/wp\/v2\/comments?post=224664"}],"version-history":[{"count":1,"href":"https:\/\/radioljubuski.ba\/index.php\/wp-json\/wp\/v2\/posts\/224664\/revisions"}],"predecessor-version":[{"id":224666,"href":"https:\/\/radioljubuski.ba\/index.php\/wp-json\/wp\/v2\/posts\/224664\/revisions\/224666"}],"wp:featuredmedia":[{"embeddable":true,"href":"https:\/\/radioljubuski.ba\/index.php\/wp-json\/wp\/v2\/media\/224665"}],"wp:attachment":[{"href":"https:\/\/radioljubuski.ba\/index.php\/wp-json\/wp\/v2\/media?parent=224664"}],"wp:term":[{"taxonomy":"category","embeddable":true,"href":"https:\/\/radioljubuski.ba\/index.php\/wp-json\/wp\/v2\/categories?post=224664"},{"taxonomy":"post_tag","embeddable":true,"href":"https:\/\/radioljubuski.ba\/index.php\/wp-json\/wp\/v2\/tags?post=224664"}],"curies":[{"name":"wp","href":"https:\/\/api.w.org\/{rel}","templated":true}]}}