{"id":224680,"date":"2026-01-28T15:15:32","date_gmt":"2026-01-28T14:15:32","guid":{"rendered":"https:\/\/radioljubuski.ba\/?p=224680"},"modified":"2026-01-28T15:15:32","modified_gmt":"2026-01-28T14:15:32","slug":"boro-grgic-ravnatelj-ju-ksc-ljubuski-gradska-sportska-dvorana-ce-biti-spremna-za-iducu-europsku-utakmicu-izvidaca","status":"publish","type":"post","link":"https:\/\/radioljubuski.ba\/index.php\/2026\/01\/28\/boro-grgic-ravnatelj-ju-ksc-ljubuski-gradska-sportska-dvorana-ce-biti-spremna-za-iducu-europsku-utakmicu-izvidaca\/","title":{"rendered":"Boro Grgi\u0107 ravnatelj JU K\u0160C Ljubu\u0161ki: Gradska \u0161portska dvorana \u0107e biti spremna za idu\u0107u europsku utakmicu Izvi\u0111a\u010da"},"content":{"rendered":"\n<p>Dvije dobre vijesti za ljubu\u0161ke sportske klubove stigle su proteklih dana iz Javne ustanove \u201eKulturno sportski centar\u201c Ljubu\u0161ki. Gradska \u0161portska dvorana u Ljubu\u0161kom bi do 13. velja\u010de trebala \u201eosvanuti u novim ruhu\u201c, a u funkciju je ve\u0107 stavljena \u0161portska dvorana u Lisicama.<\/p>\n\n\n\n<p>Tim povodom u programu Radija Ljubu\u0161ki ugostili smo ravnatelja JU \u201eKulturno sportski centar\u201c Ljubu\u0161ki, Boru Grgi\u0107a. S Grgi\u0107em smo razgovarali o stavljanju u funkciju nove dvorane, te radovima na obnovi i rekonstrukciji G\u0160D Ljubu\u0161ki.<\/p>\n\n\n\n<p>Kada je u pitanju obnova i rekonstrukcija G\u0160D, trenuta\u010dno se radi na zavr\u0161etku postavljanja novog parketa i na isto\u010dnoj strani fasade, dok je sjeverna strane fasade gotova. Polo\u017eene su nove elektro instalacija uz teren, stavljeni novi otvori, potom \u0107e uslijediti bojanje dvorane. O\u010dekuje se kako \u0107e radovi biti zavr\u0161eni do 13. velja\u010de 2026. godine.<\/p>\n\n\n\n<p>\u201ePo\u010deli smo s radovima i na ure\u0111enju onog najvidljivijeg dijela, unutar same dvorane, uklanjanja nedostataka i ponovnog bojanja unutarnje fasade. Privodimo kraju i polaganje parketa i ostaju nam samo neki zavr\u0161ni radovi na samom parketu Parket po dostupnim reakcijama samih korisnika izgleda vrhunski kao \u0161to smo i tra\u017eili za potrebe ljubu\u0161kog sporta. Radovi na postavljanju parketa trebali bi biti zavr\u0161eni do prve idu\u0107e europske utakmice na\u0161eg Izvi\u0111a\u010da. Dakle, govorimo o ovim &nbsp;krucijalnim vanjskim radovima i radovima unutar dvorane. Naravno, nastojat \u0107emo do tog vremena zavr\u0161iti i sve vanjske radove, ali vrijeme nam nije naklonjeno, ukoliko vrijeme to dopusti nadam se da \u0107emo do tog roka zavr\u0161iti i ostale radove\u201c, &nbsp;obja\u0161njava Grgi\u0107.<\/p>\n\n\n\n<p>Grgi\u0107 isti\u010de da se radi se o vrlo velikoj investiciji, najve\u0107oj u sportske objekte poslije izgradnje Gradske \u0161portske dvorane. Posebnu zahvalnost zbog toga Grgi\u0107 izra\u017eava Federalnoj vladi, odnosno dopremijeru i ministru financija Toniju Kraljevi\u0107u i gradona\u010delniku Ljubu\u0161kog Vedranu Markoti\u0107u kao i &nbsp;razumijevanju svih razina vlasti.<\/p>\n\n\n\n<p>Od 1. sije\u010dnja ove godine u funkciji je i dvorana od 1000 metara kvadratnih u Lisicama 2, zbog pove\u0107anja broja djece koja treniraju i velikog broja \u0161portskih klubova koji djeluju na podru\u010dju grada Ljubu\u0161kog.<\/p>\n\n\n\n<p>\u201e Moram kazati da smo imali konstantan pritisak sportskih klubova udruga i ostalih na Gradsku \u0161portsku dvoranu. Zahtjevi za terminima redali su se svaki tjedan, svaki mjesec bivali sve ve\u0107i i ve\u0107i, mi nismo mogli udovoljiti svim zahtjevima i morali smo ne\u0161to u\u010diniti. Bogu hvala da su demografske mjere na\u0161eg Grada, \u017dupanije i Federacije imale u\u010dinka, da imamo sve ve\u0107i broj djece, koja se u socijalnom okru\u017eenju, ovakvom kakvo je, odlu\u010duju na fizi\u010dku aktivnost, upisuju u sportske klubove i treniraju neki od sportova, bio to rukomet, nogomet, ko\u0161arka, odbojka ili ne\u0161to drugo. &nbsp;Bila mi je \u017eelja, da zajedni\u010dki, s gradskim vlastima, osiguramo neki prostor koji \u0107e biti zamjenski prostor same Gradske \u0161portske dvorane i tako da smo do\u0161li do ideje o najmu prostora na du\u017ee vremensko razdoblje. Naravno da je prostor morao biti adekvatan za odr\u017eavanje treninga &nbsp;u vi\u0161e sportova. Vjerujemo, a to nam govore i povratne informacije da smo na\u0161li pravi prostor. Radi se o prostoru od 1000 kvadrata koji ima dvije svla\u010dionice, dva sanitarna \u010dvora, ima svoj parking, videonadzor i sve ono \u0161to je neophodno za neometano i sigurno izvo\u0111enje treninga\u201c, ka\u017ee Grgi\u0107, objasniv\u0161i, zbog \u010dega je bila potrebna jo\u0161 jedna dvorana u Ljubu\u0161kom.<\/p>\n\n\n\n<p>Dodaje da su tom prilikom imali veliko razumijevanje vlasnika prostora, a sama investicija nije bila previ\u0161e zahtjevna.<\/p>\n\n\n\n<p>Na kraju je zaklju\u010dio da zahvaljuju\u0107i i kvalitetnim sportskim objektima imamo priliku gledati ljubu\u0161ke sporta\u0161e na najve\u0107im svjetskim i europskim natjecanjima kao \u0161to sad gledamo na\u0161e Ljubu\u0161ake na Europskom rukometnom prvenstvu.<\/p>\n\n\n\n<figure class=\"wp-block-image size-full\"><img loading=\"lazy\" decoding=\"async\" width=\"960\" height=\"720\" src=\"https:\/\/radioljubuski.ba\/wp-content\/uploads\/2026\/01\/fasada_sj._S.jpg\" alt=\"\" class=\"wp-image-224682\" srcset=\"https:\/\/radioljubuski.ba\/wp-content\/uploads\/2026\/01\/fasada_sj._S.jpg 960w, https:\/\/radioljubuski.ba\/wp-content\/uploads\/2026\/01\/fasada_sj._S-300x225.jpg 300w, https:\/\/radioljubuski.ba\/wp-content\/uploads\/2026\/01\/fasada_sj._S-768x576.jpg 768w\" sizes=\"auto, (max-width: 960px) 100vw, 960px\" \/><\/figure>\n\n\n\n<figure class=\"wp-block-image size-full\"><img loading=\"lazy\" decoding=\"async\" width=\"1000\" height=\"410\" src=\"https:\/\/radioljubuski.ba\/wp-content\/uploads\/2026\/01\/dvorana_unutra_s.jpg\" alt=\"\" class=\"wp-image-224683\" srcset=\"https:\/\/radioljubuski.ba\/wp-content\/uploads\/2026\/01\/dvorana_unutra_s.jpg 1000w, https:\/\/radioljubuski.ba\/wp-content\/uploads\/2026\/01\/dvorana_unutra_s-300x123.jpg 300w, https:\/\/radioljubuski.ba\/wp-content\/uploads\/2026\/01\/dvorana_unutra_s-768x315.jpg 768w\" sizes=\"auto, (max-width: 1000px) 100vw, 1000px\" \/><\/figure>\n\n\n\n<figure class=\"wp-block-image size-full\"><img loading=\"lazy\" decoding=\"async\" width=\"720\" height=\"554\" src=\"https:\/\/radioljubuski.ba\/wp-content\/uploads\/2026\/01\/dvorana_lisice_2_s.jpg\" alt=\"\" class=\"wp-image-224684\" srcset=\"https:\/\/radioljubuski.ba\/wp-content\/uploads\/2026\/01\/dvorana_lisice_2_s.jpg 720w, https:\/\/radioljubuski.ba\/wp-content\/uploads\/2026\/01\/dvorana_lisice_2_s-300x231.jpg 300w\" sizes=\"auto, (max-width: 720px) 100vw, 720px\" \/><\/figure>\n\n\n\n<p>Radio Ljubu\u0161ki<\/p>\n","protected":false},"excerpt":{"rendered":"<p>Dvije dobre vijesti za ljubu\u0161ke sportske klubove stigle su proteklih dana iz Javne ustanove \u201eKulturno sportski centar\u201c Ljubu\u0161ki. Gradska \u0161portska dvorana u Ljubu\u0161kom bi do 13. velja\u010de trebala \u201eosvanuti u novim ruhu\u201c, a u funkciju je ve\u0107 stavljena \u0161portska dvorana u Lisicama. Tim povodom u programu Radija Ljubu\u0161ki ugostili smo ravnatelja JU \u201eKulturno sportski centar\u201c [&hellip;]<\/p>\n","protected":false},"author":2,"featured_media":224681,"comment_status":"closed","ping_status":"closed","sticky":false,"template":"","format":"standard","meta":{"h5ap_radio_sources":[],"footnotes":""},"categories":[3,7],"tags":[],"class_list":["post-224680","post","type-post","status-publish","format-standard","has-post-thumbnail","hentry","category-ljubuski","category-sport"],"yoast_head":"<!-- This site is optimized with the Yoast SEO plugin v27.5 - https:\/\/yoast.com\/product\/yoast-seo-wordpress\/ -->\n<title>Boro Grgi\u0107 ravnatelj JU K\u0160C Ljubu\u0161ki: Gradska \u0161portska dvorana \u0107e biti spremna za idu\u0107u europsku utakmicu Izvi\u0111a\u010da - RADIO LJUBU\u0160KI<\/title>\n<meta name=\"robots\" content=\"index, follow, max-snippet:-1, max-image-preview:large, max-video-preview:-1\" \/>\n<link rel=\"canonical\" href=\"https:\/\/radioljubuski.ba\/index.php\/2026\/01\/28\/boro-grgic-ravnatelj-ju-ksc-ljubuski-gradska-sportska-dvorana-ce-biti-spremna-za-iducu-europsku-utakmicu-izvidaca\/\" \/>\n<meta property=\"og:locale\" content=\"hr_HR\" \/>\n<meta property=\"og:type\" content=\"article\" \/>\n<meta property=\"og:title\" content=\"Boro Grgi\u0107 ravnatelj JU K\u0160C Ljubu\u0161ki: Gradska \u0161portska dvorana \u0107e biti spremna za idu\u0107u europsku utakmicu Izvi\u0111a\u010da - RADIO LJUBU\u0160KI\" \/>\n<meta property=\"og:description\" content=\"Dvije dobre vijesti za ljubu\u0161ke sportske klubove stigle su proteklih dana iz Javne ustanove \u201eKulturno sportski centar\u201c Ljubu\u0161ki. Gradska \u0161portska dvorana u Ljubu\u0161kom bi do 13. velja\u010de trebala \u201eosvanuti u novim ruhu\u201c, a u funkciju je ve\u0107 stavljena \u0161portska dvorana u Lisicama. Tim povodom u programu Radija Ljubu\u0161ki ugostili smo ravnatelja JU \u201eKulturno sportski centar\u201c [&hellip;]\" \/>\n<meta property=\"og:url\" content=\"https:\/\/radioljubuski.ba\/index.php\/2026\/01\/28\/boro-grgic-ravnatelj-ju-ksc-ljubuski-gradska-sportska-dvorana-ce-biti-spremna-za-iducu-europsku-utakmicu-izvidaca\/\" \/>\n<meta property=\"og:site_name\" content=\"RADIO LJUBU\u0160KI\" \/>\n<meta property=\"article:publisher\" content=\"https:\/\/www.facebook.com\/Radiio-Ljubuski-1490835324566332\" \/>\n<meta property=\"article:published_time\" content=\"2026-01-28T14:15:32+00:00\" \/>\n<meta property=\"og:image\" content=\"https:\/\/radioljubuski.ba\/wp-content\/uploads\/2026\/01\/boro-grgic.png\" \/>\n\t<meta property=\"og:image:width\" content=\"959\" \/>\n\t<meta property=\"og:image:height\" content=\"695\" \/>\n\t<meta property=\"og:image:type\" content=\"image\/png\" \/>\n<meta name=\"author\" content=\"Radio Ljubu\u0161ki\" \/>\n<meta name=\"twitter:card\" content=\"summary_large_image\" \/>\n<meta name=\"twitter:creator\" content=\"@radioljubuski\" \/>\n<meta name=\"twitter:site\" content=\"@radioljubuski\" \/>\n<meta name=\"twitter:label1\" content=\"Napisao\/la\" \/>\n\t<meta name=\"twitter:data1\" content=\"Radio Ljubu\u0161ki\" \/>\n\t<meta name=\"twitter:label2\" content=\"Procijenjeno vrijeme \u010ditanja\" \/>\n\t<meta name=\"twitter:data2\" content=\"4 minute\" \/>\n<script type=\"application\/ld+json\" class=\"yoast-schema-graph\">{\"@context\":\"https:\\\/\\\/schema.org\",\"@graph\":[{\"@type\":\"Article\",\"@id\":\"https:\\\/\\\/radioljubuski.ba\\\/index.php\\\/2026\\\/01\\\/28\\\/boro-grgic-ravnatelj-ju-ksc-ljubuski-gradska-sportska-dvorana-ce-biti-spremna-za-iducu-europsku-utakmicu-izvidaca\\\/#article\",\"isPartOf\":{\"@id\":\"https:\\\/\\\/radioljubuski.ba\\\/index.php\\\/2026\\\/01\\\/28\\\/boro-grgic-ravnatelj-ju-ksc-ljubuski-gradska-sportska-dvorana-ce-biti-spremna-za-iducu-europsku-utakmicu-izvidaca\\\/\"},\"author\":{\"name\":\"Radio Ljubu\u0161ki\",\"@id\":\"https:\\\/\\\/radioljubuski.ba\\\/#\\\/schema\\\/person\\\/19fc700381a780f69665d7956c469e3b\"},\"headline\":\"Boro Grgi\u0107 ravnatelj JU K\u0160C Ljubu\u0161ki: Gradska \u0161portska dvorana \u0107e biti spremna za idu\u0107u europsku utakmicu Izvi\u0111a\u010da\",\"datePublished\":\"2026-01-28T14:15:32+00:00\",\"mainEntityOfPage\":{\"@id\":\"https:\\\/\\\/radioljubuski.ba\\\/index.php\\\/2026\\\/01\\\/28\\\/boro-grgic-ravnatelj-ju-ksc-ljubuski-gradska-sportska-dvorana-ce-biti-spremna-za-iducu-europsku-utakmicu-izvidaca\\\/\"},\"wordCount\":659,\"publisher\":{\"@id\":\"https:\\\/\\\/radioljubuski.ba\\\/#organization\"},\"image\":{\"@id\":\"https:\\\/\\\/radioljubuski.ba\\\/index.php\\\/2026\\\/01\\\/28\\\/boro-grgic-ravnatelj-ju-ksc-ljubuski-gradska-sportska-dvorana-ce-biti-spremna-za-iducu-europsku-utakmicu-izvidaca\\\/#primaryimage\"},\"thumbnailUrl\":\"https:\\\/\\\/radioljubuski.ba\\\/wp-content\\\/uploads\\\/2026\\\/01\\\/boro-grgic.png\",\"articleSection\":[\"Ljubu\u0161ki\",\"\u0160port\"],\"inLanguage\":\"hr\"},{\"@type\":\"WebPage\",\"@id\":\"https:\\\/\\\/radioljubuski.ba\\\/index.php\\\/2026\\\/01\\\/28\\\/boro-grgic-ravnatelj-ju-ksc-ljubuski-gradska-sportska-dvorana-ce-biti-spremna-za-iducu-europsku-utakmicu-izvidaca\\\/\",\"url\":\"https:\\\/\\\/radioljubuski.ba\\\/index.php\\\/2026\\\/01\\\/28\\\/boro-grgic-ravnatelj-ju-ksc-ljubuski-gradska-sportska-dvorana-ce-biti-spremna-za-iducu-europsku-utakmicu-izvidaca\\\/\",\"name\":\"Boro Grgi\u0107 ravnatelj JU K\u0160C Ljubu\u0161ki: Gradska \u0161portska dvorana \u0107e biti spremna za idu\u0107u europsku utakmicu Izvi\u0111a\u010da - RADIO LJUBU\u0160KI\",\"isPartOf\":{\"@id\":\"https:\\\/\\\/radioljubuski.ba\\\/#website\"},\"primaryImageOfPage\":{\"@id\":\"https:\\\/\\\/radioljubuski.ba\\\/index.php\\\/2026\\\/01\\\/28\\\/boro-grgic-ravnatelj-ju-ksc-ljubuski-gradska-sportska-dvorana-ce-biti-spremna-za-iducu-europsku-utakmicu-izvidaca\\\/#primaryimage\"},\"image\":{\"@id\":\"https:\\\/\\\/radioljubuski.ba\\\/index.php\\\/2026\\\/01\\\/28\\\/boro-grgic-ravnatelj-ju-ksc-ljubuski-gradska-sportska-dvorana-ce-biti-spremna-za-iducu-europsku-utakmicu-izvidaca\\\/#primaryimage\"},\"thumbnailUrl\":\"https:\\\/\\\/radioljubuski.ba\\\/wp-content\\\/uploads\\\/2026\\\/01\\\/boro-grgic.png\",\"datePublished\":\"2026-01-28T14:15:32+00:00\",\"breadcrumb\":{\"@id\":\"https:\\\/\\\/radioljubuski.ba\\\/index.php\\\/2026\\\/01\\\/28\\\/boro-grgic-ravnatelj-ju-ksc-ljubuski-gradska-sportska-dvorana-ce-biti-spremna-za-iducu-europsku-utakmicu-izvidaca\\\/#breadcrumb\"},\"inLanguage\":\"hr\",\"potentialAction\":[{\"@type\":\"ReadAction\",\"target\":[\"https:\\\/\\\/radioljubuski.ba\\\/index.php\\\/2026\\\/01\\\/28\\\/boro-grgic-ravnatelj-ju-ksc-ljubuski-gradska-sportska-dvorana-ce-biti-spremna-za-iducu-europsku-utakmicu-izvidaca\\\/\"]}]},{\"@type\":\"ImageObject\",\"inLanguage\":\"hr\",\"@id\":\"https:\\\/\\\/radioljubuski.ba\\\/index.php\\\/2026\\\/01\\\/28\\\/boro-grgic-ravnatelj-ju-ksc-ljubuski-gradska-sportska-dvorana-ce-biti-spremna-za-iducu-europsku-utakmicu-izvidaca\\\/#primaryimage\",\"url\":\"https:\\\/\\\/radioljubuski.ba\\\/wp-content\\\/uploads\\\/2026\\\/01\\\/boro-grgic.png\",\"contentUrl\":\"https:\\\/\\\/radioljubuski.ba\\\/wp-content\\\/uploads\\\/2026\\\/01\\\/boro-grgic.png\",\"width\":959,\"height\":695},{\"@type\":\"BreadcrumbList\",\"@id\":\"https:\\\/\\\/radioljubuski.ba\\\/index.php\\\/2026\\\/01\\\/28\\\/boro-grgic-ravnatelj-ju-ksc-ljubuski-gradska-sportska-dvorana-ce-biti-spremna-za-iducu-europsku-utakmicu-izvidaca\\\/#breadcrumb\",\"itemListElement\":[{\"@type\":\"ListItem\",\"position\":1,\"name\":\"Po\u010detna stranica\",\"item\":\"https:\\\/\\\/radioljubuski.ba\\\/\"},{\"@type\":\"ListItem\",\"position\":2,\"name\":\"Boro Grgi\u0107 ravnatelj JU K\u0160C Ljubu\u0161ki: Gradska \u0161portska dvorana \u0107e biti spremna za idu\u0107u europsku utakmicu Izvi\u0111a\u010da\"}]},{\"@type\":\"WebSite\",\"@id\":\"https:\\\/\\\/radioljubuski.ba\\\/#website\",\"url\":\"https:\\\/\\\/radioljubuski.ba\\\/\",\"name\":\"Radio Ljubu\u0161ki\",\"description\":\"Sun\u010dana frekvencija Hercegovine\",\"publisher\":{\"@id\":\"https:\\\/\\\/radioljubuski.ba\\\/#organization\"},\"potentialAction\":[{\"@type\":\"SearchAction\",\"target\":{\"@type\":\"EntryPoint\",\"urlTemplate\":\"https:\\\/\\\/radioljubuski.ba\\\/?s={search_term_string}\"},\"query-input\":{\"@type\":\"PropertyValueSpecification\",\"valueRequired\":true,\"valueName\":\"search_term_string\"}}],\"inLanguage\":\"hr\"},{\"@type\":\"Organization\",\"@id\":\"https:\\\/\\\/radioljubuski.ba\\\/#organization\",\"name\":\"Radio Ljubu\u0161ki\",\"url\":\"https:\\\/\\\/radioljubuski.ba\\\/\",\"logo\":{\"@type\":\"ImageObject\",\"inLanguage\":\"hr\",\"@id\":\"https:\\\/\\\/radioljubuski.ba\\\/#\\\/schema\\\/logo\\\/image\\\/\",\"url\":\"https:\\\/\\\/radioljubuski.ba\\\/wp-content\\\/uploads\\\/2021\\\/02\\\/cropped-Radio_Ljubuski_logo1.jpg\",\"contentUrl\":\"https:\\\/\\\/radioljubuski.ba\\\/wp-content\\\/uploads\\\/2021\\\/02\\\/cropped-Radio_Ljubuski_logo1.jpg\",\"width\":512,\"height\":512,\"caption\":\"Radio Ljubu\u0161ki\"},\"image\":{\"@id\":\"https:\\\/\\\/radioljubuski.ba\\\/#\\\/schema\\\/logo\\\/image\\\/\"},\"sameAs\":[\"https:\\\/\\\/www.facebook.com\\\/Radiio-Ljubuski-1490835324566332\",\"https:\\\/\\\/x.com\\\/radioljubuski\",\"https:\\\/\\\/hr.linkedin.com\\\/company\\\/radio-ljubuski\",\"https:\\\/\\\/www.youtube.com\\\/channel\\\/UCHYaeO_n0Db3tjNGudGpXyw\"]},{\"@type\":\"Person\",\"@id\":\"https:\\\/\\\/radioljubuski.ba\\\/#\\\/schema\\\/person\\\/19fc700381a780f69665d7956c469e3b\",\"name\":\"Radio Ljubu\u0161ki\"}]}<\/script>\n<!-- \/ Yoast SEO plugin. -->","yoast_head_json":{"title":"Boro Grgi\u0107 ravnatelj JU K\u0160C Ljubu\u0161ki: Gradska \u0161portska dvorana \u0107e biti spremna za idu\u0107u europsku utakmicu Izvi\u0111a\u010da - RADIO LJUBU\u0160KI","robots":{"index":"index","follow":"follow","max-snippet":"max-snippet:-1","max-image-preview":"max-image-preview:large","max-video-preview":"max-video-preview:-1"},"canonical":"https:\/\/radioljubuski.ba\/index.php\/2026\/01\/28\/boro-grgic-ravnatelj-ju-ksc-ljubuski-gradska-sportska-dvorana-ce-biti-spremna-za-iducu-europsku-utakmicu-izvidaca\/","og_locale":"hr_HR","og_type":"article","og_title":"Boro Grgi\u0107 ravnatelj JU K\u0160C Ljubu\u0161ki: Gradska \u0161portska dvorana \u0107e biti spremna za idu\u0107u europsku utakmicu Izvi\u0111a\u010da - RADIO LJUBU\u0160KI","og_description":"Dvije dobre vijesti za ljubu\u0161ke sportske klubove stigle su proteklih dana iz Javne ustanove \u201eKulturno sportski centar\u201c Ljubu\u0161ki. Gradska \u0161portska dvorana u Ljubu\u0161kom bi do 13. velja\u010de trebala \u201eosvanuti u novim ruhu\u201c, a u funkciju je ve\u0107 stavljena \u0161portska dvorana u Lisicama. Tim povodom u programu Radija Ljubu\u0161ki ugostili smo ravnatelja JU \u201eKulturno sportski centar\u201c [&hellip;]","og_url":"https:\/\/radioljubuski.ba\/index.php\/2026\/01\/28\/boro-grgic-ravnatelj-ju-ksc-ljubuski-gradska-sportska-dvorana-ce-biti-spremna-za-iducu-europsku-utakmicu-izvidaca\/","og_site_name":"RADIO LJUBU\u0160KI","article_publisher":"https:\/\/www.facebook.com\/Radiio-Ljubuski-1490835324566332","article_published_time":"2026-01-28T14:15:32+00:00","og_image":[{"width":959,"height":695,"url":"https:\/\/radioljubuski.ba\/wp-content\/uploads\/2026\/01\/boro-grgic.png","type":"image\/png"}],"author":"Radio Ljubu\u0161ki","twitter_card":"summary_large_image","twitter_creator":"@radioljubuski","twitter_site":"@radioljubuski","twitter_misc":{"Napisao\/la":"Radio Ljubu\u0161ki","Procijenjeno vrijeme \u010ditanja":"4 minute"},"schema":{"@context":"https:\/\/schema.org","@graph":[{"@type":"Article","@id":"https:\/\/radioljubuski.ba\/index.php\/2026\/01\/28\/boro-grgic-ravnatelj-ju-ksc-ljubuski-gradska-sportska-dvorana-ce-biti-spremna-za-iducu-europsku-utakmicu-izvidaca\/#article","isPartOf":{"@id":"https:\/\/radioljubuski.ba\/index.php\/2026\/01\/28\/boro-grgic-ravnatelj-ju-ksc-ljubuski-gradska-sportska-dvorana-ce-biti-spremna-za-iducu-europsku-utakmicu-izvidaca\/"},"author":{"name":"Radio Ljubu\u0161ki","@id":"https:\/\/radioljubuski.ba\/#\/schema\/person\/19fc700381a780f69665d7956c469e3b"},"headline":"Boro Grgi\u0107 ravnatelj JU K\u0160C Ljubu\u0161ki: Gradska \u0161portska dvorana \u0107e biti spremna za idu\u0107u europsku utakmicu Izvi\u0111a\u010da","datePublished":"2026-01-28T14:15:32+00:00","mainEntityOfPage":{"@id":"https:\/\/radioljubuski.ba\/index.php\/2026\/01\/28\/boro-grgic-ravnatelj-ju-ksc-ljubuski-gradska-sportska-dvorana-ce-biti-spremna-za-iducu-europsku-utakmicu-izvidaca\/"},"wordCount":659,"publisher":{"@id":"https:\/\/radioljubuski.ba\/#organization"},"image":{"@id":"https:\/\/radioljubuski.ba\/index.php\/2026\/01\/28\/boro-grgic-ravnatelj-ju-ksc-ljubuski-gradska-sportska-dvorana-ce-biti-spremna-za-iducu-europsku-utakmicu-izvidaca\/#primaryimage"},"thumbnailUrl":"https:\/\/radioljubuski.ba\/wp-content\/uploads\/2026\/01\/boro-grgic.png","articleSection":["Ljubu\u0161ki","\u0160port"],"inLanguage":"hr"},{"@type":"WebPage","@id":"https:\/\/radioljubuski.ba\/index.php\/2026\/01\/28\/boro-grgic-ravnatelj-ju-ksc-ljubuski-gradska-sportska-dvorana-ce-biti-spremna-za-iducu-europsku-utakmicu-izvidaca\/","url":"https:\/\/radioljubuski.ba\/index.php\/2026\/01\/28\/boro-grgic-ravnatelj-ju-ksc-ljubuski-gradska-sportska-dvorana-ce-biti-spremna-za-iducu-europsku-utakmicu-izvidaca\/","name":"Boro Grgi\u0107 ravnatelj JU K\u0160C Ljubu\u0161ki: Gradska \u0161portska dvorana \u0107e biti spremna za idu\u0107u europsku utakmicu Izvi\u0111a\u010da - RADIO LJUBU\u0160KI","isPartOf":{"@id":"https:\/\/radioljubuski.ba\/#website"},"primaryImageOfPage":{"@id":"https:\/\/radioljubuski.ba\/index.php\/2026\/01\/28\/boro-grgic-ravnatelj-ju-ksc-ljubuski-gradska-sportska-dvorana-ce-biti-spremna-za-iducu-europsku-utakmicu-izvidaca\/#primaryimage"},"image":{"@id":"https:\/\/radioljubuski.ba\/index.php\/2026\/01\/28\/boro-grgic-ravnatelj-ju-ksc-ljubuski-gradska-sportska-dvorana-ce-biti-spremna-za-iducu-europsku-utakmicu-izvidaca\/#primaryimage"},"thumbnailUrl":"https:\/\/radioljubuski.ba\/wp-content\/uploads\/2026\/01\/boro-grgic.png","datePublished":"2026-01-28T14:15:32+00:00","breadcrumb":{"@id":"https:\/\/radioljubuski.ba\/index.php\/2026\/01\/28\/boro-grgic-ravnatelj-ju-ksc-ljubuski-gradska-sportska-dvorana-ce-biti-spremna-za-iducu-europsku-utakmicu-izvidaca\/#breadcrumb"},"inLanguage":"hr","potentialAction":[{"@type":"ReadAction","target":["https:\/\/radioljubuski.ba\/index.php\/2026\/01\/28\/boro-grgic-ravnatelj-ju-ksc-ljubuski-gradska-sportska-dvorana-ce-biti-spremna-za-iducu-europsku-utakmicu-izvidaca\/"]}]},{"@type":"ImageObject","inLanguage":"hr","@id":"https:\/\/radioljubuski.ba\/index.php\/2026\/01\/28\/boro-grgic-ravnatelj-ju-ksc-ljubuski-gradska-sportska-dvorana-ce-biti-spremna-za-iducu-europsku-utakmicu-izvidaca\/#primaryimage","url":"https:\/\/radioljubuski.ba\/wp-content\/uploads\/2026\/01\/boro-grgic.png","contentUrl":"https:\/\/radioljubuski.ba\/wp-content\/uploads\/2026\/01\/boro-grgic.png","width":959,"height":695},{"@type":"BreadcrumbList","@id":"https:\/\/radioljubuski.ba\/index.php\/2026\/01\/28\/boro-grgic-ravnatelj-ju-ksc-ljubuski-gradska-sportska-dvorana-ce-biti-spremna-za-iducu-europsku-utakmicu-izvidaca\/#breadcrumb","itemListElement":[{"@type":"ListItem","position":1,"name":"Po\u010detna stranica","item":"https:\/\/radioljubuski.ba\/"},{"@type":"ListItem","position":2,"name":"Boro Grgi\u0107 ravnatelj JU K\u0160C Ljubu\u0161ki: Gradska \u0161portska dvorana \u0107e biti spremna za idu\u0107u europsku utakmicu Izvi\u0111a\u010da"}]},{"@type":"WebSite","@id":"https:\/\/radioljubuski.ba\/#website","url":"https:\/\/radioljubuski.ba\/","name":"Radio Ljubu\u0161ki","description":"Sun\u010dana frekvencija Hercegovine","publisher":{"@id":"https:\/\/radioljubuski.ba\/#organization"},"potentialAction":[{"@type":"SearchAction","target":{"@type":"EntryPoint","urlTemplate":"https:\/\/radioljubuski.ba\/?s={search_term_string}"},"query-input":{"@type":"PropertyValueSpecification","valueRequired":true,"valueName":"search_term_string"}}],"inLanguage":"hr"},{"@type":"Organization","@id":"https:\/\/radioljubuski.ba\/#organization","name":"Radio Ljubu\u0161ki","url":"https:\/\/radioljubuski.ba\/","logo":{"@type":"ImageObject","inLanguage":"hr","@id":"https:\/\/radioljubuski.ba\/#\/schema\/logo\/image\/","url":"https:\/\/radioljubuski.ba\/wp-content\/uploads\/2021\/02\/cropped-Radio_Ljubuski_logo1.jpg","contentUrl":"https:\/\/radioljubuski.ba\/wp-content\/uploads\/2021\/02\/cropped-Radio_Ljubuski_logo1.jpg","width":512,"height":512,"caption":"Radio Ljubu\u0161ki"},"image":{"@id":"https:\/\/radioljubuski.ba\/#\/schema\/logo\/image\/"},"sameAs":["https:\/\/www.facebook.com\/Radiio-Ljubuski-1490835324566332","https:\/\/x.com\/radioljubuski","https:\/\/hr.linkedin.com\/company\/radio-ljubuski","https:\/\/www.youtube.com\/channel\/UCHYaeO_n0Db3tjNGudGpXyw"]},{"@type":"Person","@id":"https:\/\/radioljubuski.ba\/#\/schema\/person\/19fc700381a780f69665d7956c469e3b","name":"Radio Ljubu\u0161ki"}]}},"_links":{"self":[{"href":"https:\/\/radioljubuski.ba\/index.php\/wp-json\/wp\/v2\/posts\/224680","targetHints":{"allow":["GET"]}}],"collection":[{"href":"https:\/\/radioljubuski.ba\/index.php\/wp-json\/wp\/v2\/posts"}],"about":[{"href":"https:\/\/radioljubuski.ba\/index.php\/wp-json\/wp\/v2\/types\/post"}],"author":[{"embeddable":true,"href":"https:\/\/radioljubuski.ba\/index.php\/wp-json\/wp\/v2\/users\/2"}],"replies":[{"embeddable":true,"href":"https:\/\/radioljubuski.ba\/index.php\/wp-json\/wp\/v2\/comments?post=224680"}],"version-history":[{"count":1,"href":"https:\/\/radioljubuski.ba\/index.php\/wp-json\/wp\/v2\/posts\/224680\/revisions"}],"predecessor-version":[{"id":224685,"href":"https:\/\/radioljubuski.ba\/index.php\/wp-json\/wp\/v2\/posts\/224680\/revisions\/224685"}],"wp:featuredmedia":[{"embeddable":true,"href":"https:\/\/radioljubuski.ba\/index.php\/wp-json\/wp\/v2\/media\/224681"}],"wp:attachment":[{"href":"https:\/\/radioljubuski.ba\/index.php\/wp-json\/wp\/v2\/media?parent=224680"}],"wp:term":[{"taxonomy":"category","embeddable":true,"href":"https:\/\/radioljubuski.ba\/index.php\/wp-json\/wp\/v2\/categories?post=224680"},{"taxonomy":"post_tag","embeddable":true,"href":"https:\/\/radioljubuski.ba\/index.php\/wp-json\/wp\/v2\/tags?post=224680"}],"curies":[{"name":"wp","href":"https:\/\/api.w.org\/{rel}","templated":true}]}}