{"id":224767,"date":"2026-01-29T13:52:49","date_gmt":"2026-01-29T12:52:49","guid":{"rendered":"https:\/\/radioljubuski.ba\/?p=224767"},"modified":"2026-01-29T13:52:50","modified_gmt":"2026-01-29T12:52:50","slug":"u-kulturnom-centru-ljubuski-kazalisna-predstava-sto-radis-ovdje","status":"publish","type":"post","link":"https:\/\/radioljubuski.ba\/index.php\/2026\/01\/29\/u-kulturnom-centru-ljubuski-kazalisna-predstava-sto-radis-ovdje\/","title":{"rendered":"U Kulturnom centru Ljubu\u0161ki kazali\u0161na predstava \u201e\u0160to radi\u0161 ovdje?\u201c"},"content":{"rendered":"\n<p>Udru\u017eenje za edukaciju i razvoj Dignitet, nakon uspje\u0161ne premijere u Mostaru, organizira izvo\u0111enje kazali\u0161ne predstave \u201e\u0160to radi\u0161 ovdje?\u201c u Ljubu\u0161kom. Predstava \u0107e se odr\u017eati u utorak, 3. velja\u010de 2026. godine, s po\u010detkom u 19:00 sati, u Kulturnom centru Ljubu\u0161ki.  Ulaz je slobodan.<\/p>\n\n\n\n<p><br>Promotivni video dostupan je na poveznici:  <a href=\"https:\/\/youtu.be\/hNgrC4nQVa4\">https:\/\/youtu.be\/hNgrC4nQVa4<\/a><\/p>\n\n\n\n<p>Kazali\u0161na predstava \u201e\u0160to radi\u0161 ovdje?\u201c sna\u017ena je, emotivna i dru\u0161tveno anga\u017eirana, a kroz realisti\u010dne i prepoznatljive situacije iz svakodnevnog \u017eivota tematizira nasilje nad \u017eenama i nasilje u obitelji, kao i \u0161ire dru\u0161tvene obrasce pona\u0161anja me\u0111u mladima.<\/p>\n\n\n\n<p>Kroz prikaz perspektiva \u017ertava, po\u010dinitelja i svjedoka nasilja, predstava ukazuje na uzroke nasilja poput socijalnih pritisaka, nedostatka komunikacije, niskog samopo\u0161tovanja i nezdravih obrazaca pona\u0161anja, ali i na mehanizme za\u0161tite te postupke prijave nasilja. Poseban naglasak stavljen je na borbu protiv normalizacije nasilja, ohrabrivanje \u017ertava da potra\u017ee pomo\u0107 te na poruku da nasilje nije privatna stvar, ve\u0107 ozbiljan dru\u0161tveni problem. Cilj predstave je podizanje svijesti, edukacija mladih i otvaranje prostora za dijalog o nasilju kao jednom od najozbiljnijih dru\u0161tvenih izazova dana\u0161njice, uz jasnu poruku da pomo\u0107 postoji i da \u0161utnja nije rje\u0161enje.<\/p>\n\n\n\n<p>Scenarij i re\u017eiju potpisuje Marta Haubrich, a u predstavi nastupaju mladi glumci i glumice \u2013 aktivisti Udru\u017eenja Dignitet: Teo Sand\u017eaktar-Bijedi\u0107, D\u017eana Kalajd\u017ei\u0107, Amina Ja\u0161arevi\u0107, Haris Hod\u017ei\u0107 i Anja Cvitkovi\u0107. Predstava je realizirana uz podr\u0161ku Ekumenske inicijative \u017eena (EWI) te je sufinancirana sredstvima Europske unije.<\/p>\n\n\n\n<p>Udru\u017eenje za edukaciju i razvoj Dignitet djeluje u Mostaru i diljem Bosne i Hercegovine s ciljem ja\u010danja zajednice, za\u0161tite ljudskih prava te osna\u017eivanja djece, mladih i \u017eena. Kroz edukativne, umjetni\u010dke i zagovara\u010dke aktivnosti, Dignitet kontinuirano radi na prevenciji nasilja, promociji nenasilne komunikacije i izgradnji sigurnijeg i solidarnijeg dru\u0161tva<\/p>\n","protected":false},"excerpt":{"rendered":"<p>Udru\u017eenje za edukaciju i razvoj Dignitet, nakon uspje\u0161ne premijere u Mostaru, organizira izvo\u0111enje kazali\u0161ne predstave \u201e\u0160to radi\u0161 ovdje?\u201c u Ljubu\u0161kom. Predstava \u0107e se odr\u017eati u utorak, 3. velja\u010de 2026. godine, s po\u010detkom u 19:00 sati, u Kulturnom centru Ljubu\u0161ki. Ulaz je slobodan. Promotivni video dostupan je na poveznici: https:\/\/youtu.be\/hNgrC4nQVa4 Kazali\u0161na predstava \u201e\u0160to radi\u0161 ovdje?\u201c sna\u017ena [&hellip;]<\/p>\n","protected":false},"author":2,"featured_media":224768,"comment_status":"closed","ping_status":"closed","sticky":false,"template":"","format":"standard","meta":{"h5ap_radio_sources":[],"footnotes":""},"categories":[3],"tags":[],"class_list":["post-224767","post","type-post","status-publish","format-standard","has-post-thumbnail","hentry","category-ljubuski"],"yoast_head":"<!-- This site is optimized with the Yoast SEO plugin v27.5 - https:\/\/yoast.com\/product\/yoast-seo-wordpress\/ -->\n<title>U Kulturnom centru Ljubu\u0161ki kazali\u0161na predstava \u201e\u0160to radi\u0161 ovdje?\u201c - RADIO LJUBU\u0160KI<\/title>\n<meta name=\"robots\" content=\"index, follow, max-snippet:-1, max-image-preview:large, max-video-preview:-1\" \/>\n<link rel=\"canonical\" href=\"https:\/\/radioljubuski.ba\/index.php\/2026\/01\/29\/u-kulturnom-centru-ljubuski-kazalisna-predstava-sto-radis-ovdje\/\" \/>\n<meta property=\"og:locale\" content=\"hr_HR\" \/>\n<meta property=\"og:type\" content=\"article\" \/>\n<meta property=\"og:title\" content=\"U Kulturnom centru Ljubu\u0161ki kazali\u0161na predstava \u201e\u0160to radi\u0161 ovdje?\u201c - RADIO LJUBU\u0160KI\" \/>\n<meta property=\"og:description\" content=\"Udru\u017eenje za edukaciju i razvoj Dignitet, nakon uspje\u0161ne premijere u Mostaru, organizira izvo\u0111enje kazali\u0161ne predstave \u201e\u0160to radi\u0161 ovdje?\u201c u Ljubu\u0161kom. Predstava \u0107e se odr\u017eati u utorak, 3. velja\u010de 2026. godine, s po\u010detkom u 19:00 sati, u Kulturnom centru Ljubu\u0161ki. Ulaz je slobodan. Promotivni video dostupan je na poveznici: https:\/\/youtu.be\/hNgrC4nQVa4 Kazali\u0161na predstava \u201e\u0160to radi\u0161 ovdje?\u201c sna\u017ena [&hellip;]\" \/>\n<meta property=\"og:url\" content=\"https:\/\/radioljubuski.ba\/index.php\/2026\/01\/29\/u-kulturnom-centru-ljubuski-kazalisna-predstava-sto-radis-ovdje\/\" \/>\n<meta property=\"og:site_name\" content=\"RADIO LJUBU\u0160KI\" \/>\n<meta property=\"article:publisher\" content=\"https:\/\/www.facebook.com\/Radiio-Ljubuski-1490835324566332\" \/>\n<meta property=\"article:published_time\" content=\"2026-01-29T12:52:49+00:00\" \/>\n<meta property=\"article:modified_time\" content=\"2026-01-29T12:52:50+00:00\" \/>\n<meta property=\"og:image\" content=\"https:\/\/radioljubuski.ba\/wp-content\/uploads\/2026\/01\/Ljubuski-2-scaled.jpg\" \/>\n\t<meta property=\"og:image:width\" content=\"1440\" \/>\n\t<meta property=\"og:image:height\" content=\"2560\" \/>\n\t<meta property=\"og:image:type\" content=\"image\/jpeg\" \/>\n<meta name=\"author\" content=\"Radio Ljubu\u0161ki\" \/>\n<meta name=\"twitter:card\" content=\"summary_large_image\" \/>\n<meta name=\"twitter:creator\" content=\"@radioljubuski\" \/>\n<meta name=\"twitter:site\" content=\"@radioljubuski\" \/>\n<meta name=\"twitter:label1\" content=\"Napisao\/la\" \/>\n\t<meta name=\"twitter:data1\" content=\"Radio Ljubu\u0161ki\" \/>\n\t<meta name=\"twitter:label2\" content=\"Procijenjeno vrijeme \u010ditanja\" \/>\n\t<meta name=\"twitter:data2\" content=\"2 minute\" \/>\n<script type=\"application\/ld+json\" class=\"yoast-schema-graph\">{\"@context\":\"https:\\\/\\\/schema.org\",\"@graph\":[{\"@type\":\"Article\",\"@id\":\"https:\\\/\\\/radioljubuski.ba\\\/index.php\\\/2026\\\/01\\\/29\\\/u-kulturnom-centru-ljubuski-kazalisna-predstava-sto-radis-ovdje\\\/#article\",\"isPartOf\":{\"@id\":\"https:\\\/\\\/radioljubuski.ba\\\/index.php\\\/2026\\\/01\\\/29\\\/u-kulturnom-centru-ljubuski-kazalisna-predstava-sto-radis-ovdje\\\/\"},\"author\":{\"name\":\"Radio Ljubu\u0161ki\",\"@id\":\"https:\\\/\\\/radioljubuski.ba\\\/#\\\/schema\\\/person\\\/19fc700381a780f69665d7956c469e3b\"},\"headline\":\"U Kulturnom centru Ljubu\u0161ki kazali\u0161na predstava \u201e\u0160to radi\u0161 ovdje?\u201c\",\"datePublished\":\"2026-01-29T12:52:49+00:00\",\"dateModified\":\"2026-01-29T12:52:50+00:00\",\"mainEntityOfPage\":{\"@id\":\"https:\\\/\\\/radioljubuski.ba\\\/index.php\\\/2026\\\/01\\\/29\\\/u-kulturnom-centru-ljubuski-kazalisna-predstava-sto-radis-ovdje\\\/\"},\"wordCount\":320,\"publisher\":{\"@id\":\"https:\\\/\\\/radioljubuski.ba\\\/#organization\"},\"image\":{\"@id\":\"https:\\\/\\\/radioljubuski.ba\\\/index.php\\\/2026\\\/01\\\/29\\\/u-kulturnom-centru-ljubuski-kazalisna-predstava-sto-radis-ovdje\\\/#primaryimage\"},\"thumbnailUrl\":\"https:\\\/\\\/radioljubuski.ba\\\/wp-content\\\/uploads\\\/2026\\\/01\\\/Ljubuski-2-scaled.jpg\",\"articleSection\":[\"Ljubu\u0161ki\"],\"inLanguage\":\"hr\"},{\"@type\":\"WebPage\",\"@id\":\"https:\\\/\\\/radioljubuski.ba\\\/index.php\\\/2026\\\/01\\\/29\\\/u-kulturnom-centru-ljubuski-kazalisna-predstava-sto-radis-ovdje\\\/\",\"url\":\"https:\\\/\\\/radioljubuski.ba\\\/index.php\\\/2026\\\/01\\\/29\\\/u-kulturnom-centru-ljubuski-kazalisna-predstava-sto-radis-ovdje\\\/\",\"name\":\"U Kulturnom centru Ljubu\u0161ki kazali\u0161na predstava \u201e\u0160to radi\u0161 ovdje?\u201c - RADIO LJUBU\u0160KI\",\"isPartOf\":{\"@id\":\"https:\\\/\\\/radioljubuski.ba\\\/#website\"},\"primaryImageOfPage\":{\"@id\":\"https:\\\/\\\/radioljubuski.ba\\\/index.php\\\/2026\\\/01\\\/29\\\/u-kulturnom-centru-ljubuski-kazalisna-predstava-sto-radis-ovdje\\\/#primaryimage\"},\"image\":{\"@id\":\"https:\\\/\\\/radioljubuski.ba\\\/index.php\\\/2026\\\/01\\\/29\\\/u-kulturnom-centru-ljubuski-kazalisna-predstava-sto-radis-ovdje\\\/#primaryimage\"},\"thumbnailUrl\":\"https:\\\/\\\/radioljubuski.ba\\\/wp-content\\\/uploads\\\/2026\\\/01\\\/Ljubuski-2-scaled.jpg\",\"datePublished\":\"2026-01-29T12:52:49+00:00\",\"dateModified\":\"2026-01-29T12:52:50+00:00\",\"breadcrumb\":{\"@id\":\"https:\\\/\\\/radioljubuski.ba\\\/index.php\\\/2026\\\/01\\\/29\\\/u-kulturnom-centru-ljubuski-kazalisna-predstava-sto-radis-ovdje\\\/#breadcrumb\"},\"inLanguage\":\"hr\",\"potentialAction\":[{\"@type\":\"ReadAction\",\"target\":[\"https:\\\/\\\/radioljubuski.ba\\\/index.php\\\/2026\\\/01\\\/29\\\/u-kulturnom-centru-ljubuski-kazalisna-predstava-sto-radis-ovdje\\\/\"]}]},{\"@type\":\"ImageObject\",\"inLanguage\":\"hr\",\"@id\":\"https:\\\/\\\/radioljubuski.ba\\\/index.php\\\/2026\\\/01\\\/29\\\/u-kulturnom-centru-ljubuski-kazalisna-predstava-sto-radis-ovdje\\\/#primaryimage\",\"url\":\"https:\\\/\\\/radioljubuski.ba\\\/wp-content\\\/uploads\\\/2026\\\/01\\\/Ljubuski-2-scaled.jpg\",\"contentUrl\":\"https:\\\/\\\/radioljubuski.ba\\\/wp-content\\\/uploads\\\/2026\\\/01\\\/Ljubuski-2-scaled.jpg\",\"width\":1440,\"height\":2560},{\"@type\":\"BreadcrumbList\",\"@id\":\"https:\\\/\\\/radioljubuski.ba\\\/index.php\\\/2026\\\/01\\\/29\\\/u-kulturnom-centru-ljubuski-kazalisna-predstava-sto-radis-ovdje\\\/#breadcrumb\",\"itemListElement\":[{\"@type\":\"ListItem\",\"position\":1,\"name\":\"Po\u010detna stranica\",\"item\":\"https:\\\/\\\/radioljubuski.ba\\\/\"},{\"@type\":\"ListItem\",\"position\":2,\"name\":\"U Kulturnom centru Ljubu\u0161ki kazali\u0161na predstava \u201e\u0160to radi\u0161 ovdje?\u201c\"}]},{\"@type\":\"WebSite\",\"@id\":\"https:\\\/\\\/radioljubuski.ba\\\/#website\",\"url\":\"https:\\\/\\\/radioljubuski.ba\\\/\",\"name\":\"Radio Ljubu\u0161ki\",\"description\":\"Sun\u010dana frekvencija Hercegovine\",\"publisher\":{\"@id\":\"https:\\\/\\\/radioljubuski.ba\\\/#organization\"},\"potentialAction\":[{\"@type\":\"SearchAction\",\"target\":{\"@type\":\"EntryPoint\",\"urlTemplate\":\"https:\\\/\\\/radioljubuski.ba\\\/?s={search_term_string}\"},\"query-input\":{\"@type\":\"PropertyValueSpecification\",\"valueRequired\":true,\"valueName\":\"search_term_string\"}}],\"inLanguage\":\"hr\"},{\"@type\":\"Organization\",\"@id\":\"https:\\\/\\\/radioljubuski.ba\\\/#organization\",\"name\":\"Radio Ljubu\u0161ki\",\"url\":\"https:\\\/\\\/radioljubuski.ba\\\/\",\"logo\":{\"@type\":\"ImageObject\",\"inLanguage\":\"hr\",\"@id\":\"https:\\\/\\\/radioljubuski.ba\\\/#\\\/schema\\\/logo\\\/image\\\/\",\"url\":\"https:\\\/\\\/radioljubuski.ba\\\/wp-content\\\/uploads\\\/2021\\\/02\\\/cropped-Radio_Ljubuski_logo1.jpg\",\"contentUrl\":\"https:\\\/\\\/radioljubuski.ba\\\/wp-content\\\/uploads\\\/2021\\\/02\\\/cropped-Radio_Ljubuski_logo1.jpg\",\"width\":512,\"height\":512,\"caption\":\"Radio Ljubu\u0161ki\"},\"image\":{\"@id\":\"https:\\\/\\\/radioljubuski.ba\\\/#\\\/schema\\\/logo\\\/image\\\/\"},\"sameAs\":[\"https:\\\/\\\/www.facebook.com\\\/Radiio-Ljubuski-1490835324566332\",\"https:\\\/\\\/x.com\\\/radioljubuski\",\"https:\\\/\\\/hr.linkedin.com\\\/company\\\/radio-ljubuski\",\"https:\\\/\\\/www.youtube.com\\\/channel\\\/UCHYaeO_n0Db3tjNGudGpXyw\"]},{\"@type\":\"Person\",\"@id\":\"https:\\\/\\\/radioljubuski.ba\\\/#\\\/schema\\\/person\\\/19fc700381a780f69665d7956c469e3b\",\"name\":\"Radio Ljubu\u0161ki\"}]}<\/script>\n<!-- \/ Yoast SEO plugin. -->","yoast_head_json":{"title":"U Kulturnom centru Ljubu\u0161ki kazali\u0161na predstava \u201e\u0160to radi\u0161 ovdje?\u201c - RADIO LJUBU\u0160KI","robots":{"index":"index","follow":"follow","max-snippet":"max-snippet:-1","max-image-preview":"max-image-preview:large","max-video-preview":"max-video-preview:-1"},"canonical":"https:\/\/radioljubuski.ba\/index.php\/2026\/01\/29\/u-kulturnom-centru-ljubuski-kazalisna-predstava-sto-radis-ovdje\/","og_locale":"hr_HR","og_type":"article","og_title":"U Kulturnom centru Ljubu\u0161ki kazali\u0161na predstava \u201e\u0160to radi\u0161 ovdje?\u201c - RADIO LJUBU\u0160KI","og_description":"Udru\u017eenje za edukaciju i razvoj Dignitet, nakon uspje\u0161ne premijere u Mostaru, organizira izvo\u0111enje kazali\u0161ne predstave \u201e\u0160to radi\u0161 ovdje?\u201c u Ljubu\u0161kom. Predstava \u0107e se odr\u017eati u utorak, 3. velja\u010de 2026. godine, s po\u010detkom u 19:00 sati, u Kulturnom centru Ljubu\u0161ki. Ulaz je slobodan. Promotivni video dostupan je na poveznici: https:\/\/youtu.be\/hNgrC4nQVa4 Kazali\u0161na predstava \u201e\u0160to radi\u0161 ovdje?\u201c sna\u017ena [&hellip;]","og_url":"https:\/\/radioljubuski.ba\/index.php\/2026\/01\/29\/u-kulturnom-centru-ljubuski-kazalisna-predstava-sto-radis-ovdje\/","og_site_name":"RADIO LJUBU\u0160KI","article_publisher":"https:\/\/www.facebook.com\/Radiio-Ljubuski-1490835324566332","article_published_time":"2026-01-29T12:52:49+00:00","article_modified_time":"2026-01-29T12:52:50+00:00","og_image":[{"width":1440,"height":2560,"url":"https:\/\/radioljubuski.ba\/wp-content\/uploads\/2026\/01\/Ljubuski-2-scaled.jpg","type":"image\/jpeg"}],"author":"Radio Ljubu\u0161ki","twitter_card":"summary_large_image","twitter_creator":"@radioljubuski","twitter_site":"@radioljubuski","twitter_misc":{"Napisao\/la":"Radio Ljubu\u0161ki","Procijenjeno vrijeme \u010ditanja":"2 minute"},"schema":{"@context":"https:\/\/schema.org","@graph":[{"@type":"Article","@id":"https:\/\/radioljubuski.ba\/index.php\/2026\/01\/29\/u-kulturnom-centru-ljubuski-kazalisna-predstava-sto-radis-ovdje\/#article","isPartOf":{"@id":"https:\/\/radioljubuski.ba\/index.php\/2026\/01\/29\/u-kulturnom-centru-ljubuski-kazalisna-predstava-sto-radis-ovdje\/"},"author":{"name":"Radio Ljubu\u0161ki","@id":"https:\/\/radioljubuski.ba\/#\/schema\/person\/19fc700381a780f69665d7956c469e3b"},"headline":"U Kulturnom centru Ljubu\u0161ki kazali\u0161na predstava \u201e\u0160to radi\u0161 ovdje?\u201c","datePublished":"2026-01-29T12:52:49+00:00","dateModified":"2026-01-29T12:52:50+00:00","mainEntityOfPage":{"@id":"https:\/\/radioljubuski.ba\/index.php\/2026\/01\/29\/u-kulturnom-centru-ljubuski-kazalisna-predstava-sto-radis-ovdje\/"},"wordCount":320,"publisher":{"@id":"https:\/\/radioljubuski.ba\/#organization"},"image":{"@id":"https:\/\/radioljubuski.ba\/index.php\/2026\/01\/29\/u-kulturnom-centru-ljubuski-kazalisna-predstava-sto-radis-ovdje\/#primaryimage"},"thumbnailUrl":"https:\/\/radioljubuski.ba\/wp-content\/uploads\/2026\/01\/Ljubuski-2-scaled.jpg","articleSection":["Ljubu\u0161ki"],"inLanguage":"hr"},{"@type":"WebPage","@id":"https:\/\/radioljubuski.ba\/index.php\/2026\/01\/29\/u-kulturnom-centru-ljubuski-kazalisna-predstava-sto-radis-ovdje\/","url":"https:\/\/radioljubuski.ba\/index.php\/2026\/01\/29\/u-kulturnom-centru-ljubuski-kazalisna-predstava-sto-radis-ovdje\/","name":"U Kulturnom centru Ljubu\u0161ki kazali\u0161na predstava \u201e\u0160to radi\u0161 ovdje?\u201c - RADIO LJUBU\u0160KI","isPartOf":{"@id":"https:\/\/radioljubuski.ba\/#website"},"primaryImageOfPage":{"@id":"https:\/\/radioljubuski.ba\/index.php\/2026\/01\/29\/u-kulturnom-centru-ljubuski-kazalisna-predstava-sto-radis-ovdje\/#primaryimage"},"image":{"@id":"https:\/\/radioljubuski.ba\/index.php\/2026\/01\/29\/u-kulturnom-centru-ljubuski-kazalisna-predstava-sto-radis-ovdje\/#primaryimage"},"thumbnailUrl":"https:\/\/radioljubuski.ba\/wp-content\/uploads\/2026\/01\/Ljubuski-2-scaled.jpg","datePublished":"2026-01-29T12:52:49+00:00","dateModified":"2026-01-29T12:52:50+00:00","breadcrumb":{"@id":"https:\/\/radioljubuski.ba\/index.php\/2026\/01\/29\/u-kulturnom-centru-ljubuski-kazalisna-predstava-sto-radis-ovdje\/#breadcrumb"},"inLanguage":"hr","potentialAction":[{"@type":"ReadAction","target":["https:\/\/radioljubuski.ba\/index.php\/2026\/01\/29\/u-kulturnom-centru-ljubuski-kazalisna-predstava-sto-radis-ovdje\/"]}]},{"@type":"ImageObject","inLanguage":"hr","@id":"https:\/\/radioljubuski.ba\/index.php\/2026\/01\/29\/u-kulturnom-centru-ljubuski-kazalisna-predstava-sto-radis-ovdje\/#primaryimage","url":"https:\/\/radioljubuski.ba\/wp-content\/uploads\/2026\/01\/Ljubuski-2-scaled.jpg","contentUrl":"https:\/\/radioljubuski.ba\/wp-content\/uploads\/2026\/01\/Ljubuski-2-scaled.jpg","width":1440,"height":2560},{"@type":"BreadcrumbList","@id":"https:\/\/radioljubuski.ba\/index.php\/2026\/01\/29\/u-kulturnom-centru-ljubuski-kazalisna-predstava-sto-radis-ovdje\/#breadcrumb","itemListElement":[{"@type":"ListItem","position":1,"name":"Po\u010detna stranica","item":"https:\/\/radioljubuski.ba\/"},{"@type":"ListItem","position":2,"name":"U Kulturnom centru Ljubu\u0161ki kazali\u0161na predstava \u201e\u0160to radi\u0161 ovdje?\u201c"}]},{"@type":"WebSite","@id":"https:\/\/radioljubuski.ba\/#website","url":"https:\/\/radioljubuski.ba\/","name":"Radio Ljubu\u0161ki","description":"Sun\u010dana frekvencija Hercegovine","publisher":{"@id":"https:\/\/radioljubuski.ba\/#organization"},"potentialAction":[{"@type":"SearchAction","target":{"@type":"EntryPoint","urlTemplate":"https:\/\/radioljubuski.ba\/?s={search_term_string}"},"query-input":{"@type":"PropertyValueSpecification","valueRequired":true,"valueName":"search_term_string"}}],"inLanguage":"hr"},{"@type":"Organization","@id":"https:\/\/radioljubuski.ba\/#organization","name":"Radio Ljubu\u0161ki","url":"https:\/\/radioljubuski.ba\/","logo":{"@type":"ImageObject","inLanguage":"hr","@id":"https:\/\/radioljubuski.ba\/#\/schema\/logo\/image\/","url":"https:\/\/radioljubuski.ba\/wp-content\/uploads\/2021\/02\/cropped-Radio_Ljubuski_logo1.jpg","contentUrl":"https:\/\/radioljubuski.ba\/wp-content\/uploads\/2021\/02\/cropped-Radio_Ljubuski_logo1.jpg","width":512,"height":512,"caption":"Radio Ljubu\u0161ki"},"image":{"@id":"https:\/\/radioljubuski.ba\/#\/schema\/logo\/image\/"},"sameAs":["https:\/\/www.facebook.com\/Radiio-Ljubuski-1490835324566332","https:\/\/x.com\/radioljubuski","https:\/\/hr.linkedin.com\/company\/radio-ljubuski","https:\/\/www.youtube.com\/channel\/UCHYaeO_n0Db3tjNGudGpXyw"]},{"@type":"Person","@id":"https:\/\/radioljubuski.ba\/#\/schema\/person\/19fc700381a780f69665d7956c469e3b","name":"Radio Ljubu\u0161ki"}]}},"_links":{"self":[{"href":"https:\/\/radioljubuski.ba\/index.php\/wp-json\/wp\/v2\/posts\/224767","targetHints":{"allow":["GET"]}}],"collection":[{"href":"https:\/\/radioljubuski.ba\/index.php\/wp-json\/wp\/v2\/posts"}],"about":[{"href":"https:\/\/radioljubuski.ba\/index.php\/wp-json\/wp\/v2\/types\/post"}],"author":[{"embeddable":true,"href":"https:\/\/radioljubuski.ba\/index.php\/wp-json\/wp\/v2\/users\/2"}],"replies":[{"embeddable":true,"href":"https:\/\/radioljubuski.ba\/index.php\/wp-json\/wp\/v2\/comments?post=224767"}],"version-history":[{"count":1,"href":"https:\/\/radioljubuski.ba\/index.php\/wp-json\/wp\/v2\/posts\/224767\/revisions"}],"predecessor-version":[{"id":224769,"href":"https:\/\/radioljubuski.ba\/index.php\/wp-json\/wp\/v2\/posts\/224767\/revisions\/224769"}],"wp:featuredmedia":[{"embeddable":true,"href":"https:\/\/radioljubuski.ba\/index.php\/wp-json\/wp\/v2\/media\/224768"}],"wp:attachment":[{"href":"https:\/\/radioljubuski.ba\/index.php\/wp-json\/wp\/v2\/media?parent=224767"}],"wp:term":[{"taxonomy":"category","embeddable":true,"href":"https:\/\/radioljubuski.ba\/index.php\/wp-json\/wp\/v2\/categories?post=224767"},{"taxonomy":"post_tag","embeddable":true,"href":"https:\/\/radioljubuski.ba\/index.php\/wp-json\/wp\/v2\/tags?post=224767"}],"curies":[{"name":"wp","href":"https:\/\/api.w.org\/{rel}","templated":true}]}}