{"id":224774,"date":"2026-01-29T15:13:07","date_gmt":"2026-01-29T14:13:07","guid":{"rendered":"https:\/\/radioljubuski.ba\/?p=224774"},"modified":"2026-01-29T15:13:08","modified_gmt":"2026-01-29T14:13:08","slug":"nastup-diana-nerisa-ceske-na-europskom-rukometnom-prvenstvu-nije-priznanje-samo-za-njega-i-izvidac-agram-vec-i-za-premier-ligu-bih","status":"publish","type":"post","link":"https:\/\/radioljubuski.ba\/index.php\/2026\/01\/29\/nastup-diana-nerisa-ceske-na-europskom-rukometnom-prvenstvu-nije-priznanje-samo-za-njega-i-izvidac-agram-vec-i-za-premier-ligu-bih\/","title":{"rendered":"Nastup Diana Nerisa \u0106e\u0161ke na Europskom rukometnom prvenstvu nije priznanje samo za njega i Izvi\u0111a\u010d Agram ve\u0107 i za Premier ligu BiH"},"content":{"rendered":"\n<p>Diano Neris \u0106e\u0161ko je jedini igra\u010d iz Premijer lige BiH koji nastupa na Europskom rukometnom prvenstvu. \u0106e\u0161ko je igra\u010d i ujedno kapetan ljubu\u0161kog Izvi\u0111a\u010d Agrama.<br><\/p>\n\n\n\n<p>Naravno, Dianov nastup na Europskom prvenstvu ne predstavlja samo priznanje za njega i Izvi\u0111a\u010d ve\u0107 i za Premijer ligu BiH.<br><\/p>\n\n\n\n<p>Iako se radi o bezna\u010dajnoj \u010dinjenici, ako je gledamo s pozicija Njema\u010dke, Francuske, \u0160panjolske, Poljske, Ma\u0111arske i nekih drugih liga, ne treba smetnuti s uma \u010dinjenicu da veliki broj europskih liga na Europskom prvenstvu nema ni jednog rukometa\u0161a. I ne radi se o malom broju liga.<br><\/p>\n\n\n\n<p>Naravno, sve bi bilo ljep\u0161e da se reprezentacija BiH uspjela plasirati na prvenstvo. Tada bi govorili o ve\u0107em broju igra\u010da iz Premijer lige BiH na prvenstvu, a tada bi i Izvi\u0111a\u010d Agram bio me\u0111u vode\u0107im klubovima, a Ljubu\u0161ki vode\u0107i me\u0111u gradovima po broju igra\u010da na prvenstvu, i vjerojatno vode\u0107i kada bi se u razmatranje uzela \u010dinjenica koliko je igra\u010da nastupalo za koji klub i koliko igra\u010da dolazi iz kojeg grada.<br><\/p>\n\n\n\n<p>Podsjetimo, sada su na prvenstvu \u010detiri igra\u010da koja su nastupala za Izvi\u0111a\u010d, a u reprezentaciji BiH na pro\u0161lim reprezentativnim pripremama bilo ih je devet, od tih devet \u010detiri aktualna igra\u010da Izvi\u0111a\u010da.<br><\/p>\n\n\n\n<p>No, vratimo se Dianu \u0106e\u0161ki, koji je, iako dio reprezentacije, do sino\u0107 utakmice na prvenstvu gledao s tribina. Sino\u0107 je \u0106e\u0161ko kona\u010dno dobio priliku i nekoliko minuta na terenu koje je odli\u010dno iskoristio. Pokazao je da se radi o igra\u010du na kojeg hrvatska reprezentacija itekako mo\u017ee ra\u010dunati u budu\u0107nosti.<br>Dianove minute na terenu dodatno su priznanje i za Premijer ligu BiH. Sada vode\u0107e osobe na \u010delu rukometnih organizacija u BiH mogu kazati \u201eI mi imamo igra\u010da koji je nastupio na Europskom rukometnom prvenstvu\u201c.<br><\/p>\n\n\n\n<p>Ka\u017eimo nekoliko rije\u010di i o Dianu Nerisu \u0106e\u0161ki.<br><\/p>\n\n\n\n<p>\u0106e\u0161ko je ro\u0111en 17.travnja 2004. godine u Ljubu\u0161kom i u travnju \u0107e napuniti 22. godine. Sa svojih 194 centimetra visine, jedan je od perspektivnijih mladih hrvatskih igra\u010da na poziciji lijevog vanjskog. Rukometnu karijeru zapo\u010deo je vrlo rano, ve\u0107 s pet i pol godina u RK Izvi\u0111a\u010d Ljubu\u0161ki. Trenirao je i nogomet ali se odlu\u010dio za rukomet.<br><\/p>\n\n\n\n<p>\u010cesto je trenirao sa starijim uzrastima, uklju\u010duju\u0107i kasnije reprezentativne kolege Mateja Mandi\u0107a i Ivana Pavlovi\u0107a. Godine 2022. produ\u017eio je ugovor s RK Izvi\u0111a\u010dem do 2026. godine, potpisav\u0161i ga na svoj 18. ro\u0111endan. Nakon zavr\u0161etka aktualne rukometne sezone odlazi u RK Zagreb s kojim je ve\u0107 potpisao ugovor.<br><\/p>\n\n\n\n<p>Kao jedan od klju\u010dnih igra\u010da Izvi\u0111a\u010d Agrama, \u0106e\u0161ko se posebno istaknuo u europskim natjecanjima. U pro\u0161loj sezoni Europske lige pokazao je izniman potencijal protiv vrhunskih protivnika poput Dinamo Bukure\u0161ta, F\u00fcchsea i Chamberyja, postigav\u0161i 26 golova u \u0161est utakmica.<br><\/p>\n\n\n\n<p>I ove sezone predvodi Izvi\u0111a\u010d u europskim natjecanjima gdje se mom\u010dad iz Ljubu\u0161kog plasirala u osminu finala EHF Europskog kupa i time izborila europsko prolje\u0107e.<br><\/p>\n\n\n\n<p>Prvi poziv u seniorsku reprezentaciju Hrvatske dobio je krajem 2023. godine. Pozvan je za nastupe na Svjetskom rukometnom prvenstvu u Hrvatskoj, Danskoj i Norve\u0161koj 2025. godine. Odradio je zavr\u0161ne pripreme s reprezentacijom Hrvatske u Prelogu i Karlovcu na kojima su bila 22 igra\u010da. Na kraju se nije na\u0161ao na listi 18 igra\u010da koji su nastupili na Svjetskom prvenstvu. Me\u0111utim, bio je dio reprezentacije, kao i ostali igra\u010di koji su odradili zavr\u0161ne pripreme i otpali s popisa za Svjetsko prvenstvo, ali su jo\u0161 uvijek mogli biti pozvani u slu\u010daju ozljede nekog od igra\u010da koji su se na\u0161li na popisu. Uglavnom bio je dio ekipe koja je osvojila svjetsko srebro.<br><\/p>\n\n\n\n<p>Kona\u010dno, za ovo Europsko prvenstvo je dobio priliku i vrijeme provedeno u igri je odli\u010dno iskoristio da poka\u017ee svoje znanje na terenu.<br><\/p>\n\n\n\n<p>PS: Naravno da se posebno ponosimo na\u0161im Ljubu\u0161acima, biv\u0161im igra\u010dima Izvi\u0111a\u010da, Davidom Mandi\u0107em, Matejem Mandi\u0107em i Ivanom Pavlovi\u0107em, na\u0161im Marinom Jelini\u0107em \u010diji je otac iz Ljubu\u0161kog, ali je odselio u Metkovi\u0107, kao i svim ostalim reprezentativcima Hrvatske koji su nam plasmanom u polufinale Europskog prvenstva priredili nevi\u0111enu radost, ali je ovaj tekst posve\u0107en posebno Dianu \u0106e\u0161ki s obzirom da je on jo\u0161 uvijek aktualni igra\u010d Izvi\u0111a\u010d Agrama i Premijer lige BiH.<br><\/p>\n\n\n\n<p>Radio Ljubu\u0161ki<\/p>\n","protected":false},"excerpt":{"rendered":"<p>Diano Neris \u0106e\u0161ko je jedini igra\u010d iz Premijer lige BiH koji nastupa na Europskom rukometnom prvenstvu. \u0106e\u0161ko je igra\u010d i ujedno kapetan ljubu\u0161kog Izvi\u0111a\u010d Agrama. Naravno, Dianov nastup na Europskom prvenstvu ne predstavlja samo priznanje za njega i Izvi\u0111a\u010d ve\u0107 i za Premijer ligu BiH. Iako se radi o bezna\u010dajnoj \u010dinjenici, ako je gledamo s [&hellip;]<\/p>\n","protected":false},"author":2,"featured_media":224775,"comment_status":"closed","ping_status":"closed","sticky":false,"template":"","format":"standard","meta":{"h5ap_radio_sources":[],"footnotes":""},"categories":[3,7],"tags":[],"class_list":["post-224774","post","type-post","status-publish","format-standard","has-post-thumbnail","hentry","category-ljubuski","category-sport"],"yoast_head":"<!-- This site is optimized with the Yoast SEO plugin v27.5 - https:\/\/yoast.com\/product\/yoast-seo-wordpress\/ -->\n<title>Nastup Diana Nerisa \u0106e\u0161ke na Europskom rukometnom prvenstvu nije priznanje samo za njega i Izvi\u0111a\u010d Agram ve\u0107 i za Premier ligu BiH - RADIO LJUBU\u0160KI<\/title>\n<meta name=\"robots\" content=\"index, follow, max-snippet:-1, max-image-preview:large, max-video-preview:-1\" \/>\n<link rel=\"canonical\" href=\"https:\/\/radioljubuski.ba\/index.php\/2026\/01\/29\/nastup-diana-nerisa-ceske-na-europskom-rukometnom-prvenstvu-nije-priznanje-samo-za-njega-i-izvidac-agram-vec-i-za-premier-ligu-bih\/\" \/>\n<meta property=\"og:locale\" content=\"hr_HR\" \/>\n<meta property=\"og:type\" content=\"article\" \/>\n<meta property=\"og:title\" content=\"Nastup Diana Nerisa \u0106e\u0161ke na Europskom rukometnom prvenstvu nije priznanje samo za njega i Izvi\u0111a\u010d Agram ve\u0107 i za Premier ligu BiH - RADIO LJUBU\u0160KI\" \/>\n<meta property=\"og:description\" content=\"Diano Neris \u0106e\u0161ko je jedini igra\u010d iz Premijer lige BiH koji nastupa na Europskom rukometnom prvenstvu. \u0106e\u0161ko je igra\u010d i ujedno kapetan ljubu\u0161kog Izvi\u0111a\u010d Agrama. Naravno, Dianov nastup na Europskom prvenstvu ne predstavlja samo priznanje za njega i Izvi\u0111a\u010d ve\u0107 i za Premijer ligu BiH. Iako se radi o bezna\u010dajnoj \u010dinjenici, ako je gledamo s [&hellip;]\" \/>\n<meta property=\"og:url\" content=\"https:\/\/radioljubuski.ba\/index.php\/2026\/01\/29\/nastup-diana-nerisa-ceske-na-europskom-rukometnom-prvenstvu-nije-priznanje-samo-za-njega-i-izvidac-agram-vec-i-za-premier-ligu-bih\/\" \/>\n<meta property=\"og:site_name\" content=\"RADIO LJUBU\u0160KI\" \/>\n<meta property=\"article:publisher\" content=\"https:\/\/www.facebook.com\/Radiio-Ljubuski-1490835324566332\" \/>\n<meta property=\"article:published_time\" content=\"2026-01-29T14:13:07+00:00\" \/>\n<meta property=\"article:modified_time\" content=\"2026-01-29T14:13:08+00:00\" \/>\n<meta property=\"og:image\" content=\"https:\/\/radioljubuski.ba\/wp-content\/uploads\/2026\/01\/diano-cesko.png\" \/>\n\t<meta property=\"og:image:width\" content=\"856\" \/>\n\t<meta property=\"og:image:height\" content=\"637\" \/>\n\t<meta property=\"og:image:type\" content=\"image\/png\" \/>\n<meta name=\"author\" content=\"Radio Ljubu\u0161ki\" \/>\n<meta name=\"twitter:card\" content=\"summary_large_image\" \/>\n<meta name=\"twitter:creator\" content=\"@radioljubuski\" \/>\n<meta name=\"twitter:site\" content=\"@radioljubuski\" \/>\n<meta name=\"twitter:label1\" content=\"Napisao\/la\" \/>\n\t<meta name=\"twitter:data1\" content=\"Radio Ljubu\u0161ki\" \/>\n\t<meta name=\"twitter:label2\" content=\"Procijenjeno vrijeme \u010ditanja\" \/>\n\t<meta name=\"twitter:data2\" content=\"4 minute\" \/>\n<script type=\"application\/ld+json\" class=\"yoast-schema-graph\">{\"@context\":\"https:\\\/\\\/schema.org\",\"@graph\":[{\"@type\":\"Article\",\"@id\":\"https:\\\/\\\/radioljubuski.ba\\\/index.php\\\/2026\\\/01\\\/29\\\/nastup-diana-nerisa-ceske-na-europskom-rukometnom-prvenstvu-nije-priznanje-samo-za-njega-i-izvidac-agram-vec-i-za-premier-ligu-bih\\\/#article\",\"isPartOf\":{\"@id\":\"https:\\\/\\\/radioljubuski.ba\\\/index.php\\\/2026\\\/01\\\/29\\\/nastup-diana-nerisa-ceske-na-europskom-rukometnom-prvenstvu-nije-priznanje-samo-za-njega-i-izvidac-agram-vec-i-za-premier-ligu-bih\\\/\"},\"author\":{\"name\":\"Radio Ljubu\u0161ki\",\"@id\":\"https:\\\/\\\/radioljubuski.ba\\\/#\\\/schema\\\/person\\\/19fc700381a780f69665d7956c469e3b\"},\"headline\":\"Nastup Diana Nerisa \u0106e\u0161ke na Europskom rukometnom prvenstvu nije priznanje samo za njega i Izvi\u0111a\u010d Agram ve\u0107 i za Premier ligu BiH\",\"datePublished\":\"2026-01-29T14:13:07+00:00\",\"dateModified\":\"2026-01-29T14:13:08+00:00\",\"mainEntityOfPage\":{\"@id\":\"https:\\\/\\\/radioljubuski.ba\\\/index.php\\\/2026\\\/01\\\/29\\\/nastup-diana-nerisa-ceske-na-europskom-rukometnom-prvenstvu-nije-priznanje-samo-za-njega-i-izvidac-agram-vec-i-za-premier-ligu-bih\\\/\"},\"wordCount\":767,\"publisher\":{\"@id\":\"https:\\\/\\\/radioljubuski.ba\\\/#organization\"},\"image\":{\"@id\":\"https:\\\/\\\/radioljubuski.ba\\\/index.php\\\/2026\\\/01\\\/29\\\/nastup-diana-nerisa-ceske-na-europskom-rukometnom-prvenstvu-nije-priznanje-samo-za-njega-i-izvidac-agram-vec-i-za-premier-ligu-bih\\\/#primaryimage\"},\"thumbnailUrl\":\"https:\\\/\\\/radioljubuski.ba\\\/wp-content\\\/uploads\\\/2026\\\/01\\\/diano-cesko.png\",\"articleSection\":[\"Ljubu\u0161ki\",\"\u0160port\"],\"inLanguage\":\"hr\"},{\"@type\":\"WebPage\",\"@id\":\"https:\\\/\\\/radioljubuski.ba\\\/index.php\\\/2026\\\/01\\\/29\\\/nastup-diana-nerisa-ceske-na-europskom-rukometnom-prvenstvu-nije-priznanje-samo-za-njega-i-izvidac-agram-vec-i-za-premier-ligu-bih\\\/\",\"url\":\"https:\\\/\\\/radioljubuski.ba\\\/index.php\\\/2026\\\/01\\\/29\\\/nastup-diana-nerisa-ceske-na-europskom-rukometnom-prvenstvu-nije-priznanje-samo-za-njega-i-izvidac-agram-vec-i-za-premier-ligu-bih\\\/\",\"name\":\"Nastup Diana Nerisa \u0106e\u0161ke na Europskom rukometnom prvenstvu nije priznanje samo za njega i Izvi\u0111a\u010d Agram ve\u0107 i za Premier ligu BiH - RADIO LJUBU\u0160KI\",\"isPartOf\":{\"@id\":\"https:\\\/\\\/radioljubuski.ba\\\/#website\"},\"primaryImageOfPage\":{\"@id\":\"https:\\\/\\\/radioljubuski.ba\\\/index.php\\\/2026\\\/01\\\/29\\\/nastup-diana-nerisa-ceske-na-europskom-rukometnom-prvenstvu-nije-priznanje-samo-za-njega-i-izvidac-agram-vec-i-za-premier-ligu-bih\\\/#primaryimage\"},\"image\":{\"@id\":\"https:\\\/\\\/radioljubuski.ba\\\/index.php\\\/2026\\\/01\\\/29\\\/nastup-diana-nerisa-ceske-na-europskom-rukometnom-prvenstvu-nije-priznanje-samo-za-njega-i-izvidac-agram-vec-i-za-premier-ligu-bih\\\/#primaryimage\"},\"thumbnailUrl\":\"https:\\\/\\\/radioljubuski.ba\\\/wp-content\\\/uploads\\\/2026\\\/01\\\/diano-cesko.png\",\"datePublished\":\"2026-01-29T14:13:07+00:00\",\"dateModified\":\"2026-01-29T14:13:08+00:00\",\"breadcrumb\":{\"@id\":\"https:\\\/\\\/radioljubuski.ba\\\/index.php\\\/2026\\\/01\\\/29\\\/nastup-diana-nerisa-ceske-na-europskom-rukometnom-prvenstvu-nije-priznanje-samo-za-njega-i-izvidac-agram-vec-i-za-premier-ligu-bih\\\/#breadcrumb\"},\"inLanguage\":\"hr\",\"potentialAction\":[{\"@type\":\"ReadAction\",\"target\":[\"https:\\\/\\\/radioljubuski.ba\\\/index.php\\\/2026\\\/01\\\/29\\\/nastup-diana-nerisa-ceske-na-europskom-rukometnom-prvenstvu-nije-priznanje-samo-za-njega-i-izvidac-agram-vec-i-za-premier-ligu-bih\\\/\"]}]},{\"@type\":\"ImageObject\",\"inLanguage\":\"hr\",\"@id\":\"https:\\\/\\\/radioljubuski.ba\\\/index.php\\\/2026\\\/01\\\/29\\\/nastup-diana-nerisa-ceske-na-europskom-rukometnom-prvenstvu-nije-priznanje-samo-za-njega-i-izvidac-agram-vec-i-za-premier-ligu-bih\\\/#primaryimage\",\"url\":\"https:\\\/\\\/radioljubuski.ba\\\/wp-content\\\/uploads\\\/2026\\\/01\\\/diano-cesko.png\",\"contentUrl\":\"https:\\\/\\\/radioljubuski.ba\\\/wp-content\\\/uploads\\\/2026\\\/01\\\/diano-cesko.png\",\"width\":856,\"height\":637},{\"@type\":\"BreadcrumbList\",\"@id\":\"https:\\\/\\\/radioljubuski.ba\\\/index.php\\\/2026\\\/01\\\/29\\\/nastup-diana-nerisa-ceske-na-europskom-rukometnom-prvenstvu-nije-priznanje-samo-za-njega-i-izvidac-agram-vec-i-za-premier-ligu-bih\\\/#breadcrumb\",\"itemListElement\":[{\"@type\":\"ListItem\",\"position\":1,\"name\":\"Po\u010detna stranica\",\"item\":\"https:\\\/\\\/radioljubuski.ba\\\/\"},{\"@type\":\"ListItem\",\"position\":2,\"name\":\"Nastup Diana Nerisa \u0106e\u0161ke na Europskom rukometnom prvenstvu nije priznanje samo za njega i Izvi\u0111a\u010d Agram ve\u0107 i za Premier ligu BiH\"}]},{\"@type\":\"WebSite\",\"@id\":\"https:\\\/\\\/radioljubuski.ba\\\/#website\",\"url\":\"https:\\\/\\\/radioljubuski.ba\\\/\",\"name\":\"Radio Ljubu\u0161ki\",\"description\":\"Sun\u010dana frekvencija Hercegovine\",\"publisher\":{\"@id\":\"https:\\\/\\\/radioljubuski.ba\\\/#organization\"},\"potentialAction\":[{\"@type\":\"SearchAction\",\"target\":{\"@type\":\"EntryPoint\",\"urlTemplate\":\"https:\\\/\\\/radioljubuski.ba\\\/?s={search_term_string}\"},\"query-input\":{\"@type\":\"PropertyValueSpecification\",\"valueRequired\":true,\"valueName\":\"search_term_string\"}}],\"inLanguage\":\"hr\"},{\"@type\":\"Organization\",\"@id\":\"https:\\\/\\\/radioljubuski.ba\\\/#organization\",\"name\":\"Radio Ljubu\u0161ki\",\"url\":\"https:\\\/\\\/radioljubuski.ba\\\/\",\"logo\":{\"@type\":\"ImageObject\",\"inLanguage\":\"hr\",\"@id\":\"https:\\\/\\\/radioljubuski.ba\\\/#\\\/schema\\\/logo\\\/image\\\/\",\"url\":\"https:\\\/\\\/radioljubuski.ba\\\/wp-content\\\/uploads\\\/2021\\\/02\\\/cropped-Radio_Ljubuski_logo1.jpg\",\"contentUrl\":\"https:\\\/\\\/radioljubuski.ba\\\/wp-content\\\/uploads\\\/2021\\\/02\\\/cropped-Radio_Ljubuski_logo1.jpg\",\"width\":512,\"height\":512,\"caption\":\"Radio Ljubu\u0161ki\"},\"image\":{\"@id\":\"https:\\\/\\\/radioljubuski.ba\\\/#\\\/schema\\\/logo\\\/image\\\/\"},\"sameAs\":[\"https:\\\/\\\/www.facebook.com\\\/Radiio-Ljubuski-1490835324566332\",\"https:\\\/\\\/x.com\\\/radioljubuski\",\"https:\\\/\\\/hr.linkedin.com\\\/company\\\/radio-ljubuski\",\"https:\\\/\\\/www.youtube.com\\\/channel\\\/UCHYaeO_n0Db3tjNGudGpXyw\"]},{\"@type\":\"Person\",\"@id\":\"https:\\\/\\\/radioljubuski.ba\\\/#\\\/schema\\\/person\\\/19fc700381a780f69665d7956c469e3b\",\"name\":\"Radio Ljubu\u0161ki\"}]}<\/script>\n<!-- \/ Yoast SEO plugin. -->","yoast_head_json":{"title":"Nastup Diana Nerisa \u0106e\u0161ke na Europskom rukometnom prvenstvu nije priznanje samo za njega i Izvi\u0111a\u010d Agram ve\u0107 i za Premier ligu BiH - RADIO LJUBU\u0160KI","robots":{"index":"index","follow":"follow","max-snippet":"max-snippet:-1","max-image-preview":"max-image-preview:large","max-video-preview":"max-video-preview:-1"},"canonical":"https:\/\/radioljubuski.ba\/index.php\/2026\/01\/29\/nastup-diana-nerisa-ceske-na-europskom-rukometnom-prvenstvu-nije-priznanje-samo-za-njega-i-izvidac-agram-vec-i-za-premier-ligu-bih\/","og_locale":"hr_HR","og_type":"article","og_title":"Nastup Diana Nerisa \u0106e\u0161ke na Europskom rukometnom prvenstvu nije priznanje samo za njega i Izvi\u0111a\u010d Agram ve\u0107 i za Premier ligu BiH - RADIO LJUBU\u0160KI","og_description":"Diano Neris \u0106e\u0161ko je jedini igra\u010d iz Premijer lige BiH koji nastupa na Europskom rukometnom prvenstvu. \u0106e\u0161ko je igra\u010d i ujedno kapetan ljubu\u0161kog Izvi\u0111a\u010d Agrama. Naravno, Dianov nastup na Europskom prvenstvu ne predstavlja samo priznanje za njega i Izvi\u0111a\u010d ve\u0107 i za Premijer ligu BiH. Iako se radi o bezna\u010dajnoj \u010dinjenici, ako je gledamo s [&hellip;]","og_url":"https:\/\/radioljubuski.ba\/index.php\/2026\/01\/29\/nastup-diana-nerisa-ceske-na-europskom-rukometnom-prvenstvu-nije-priznanje-samo-za-njega-i-izvidac-agram-vec-i-za-premier-ligu-bih\/","og_site_name":"RADIO LJUBU\u0160KI","article_publisher":"https:\/\/www.facebook.com\/Radiio-Ljubuski-1490835324566332","article_published_time":"2026-01-29T14:13:07+00:00","article_modified_time":"2026-01-29T14:13:08+00:00","og_image":[{"width":856,"height":637,"url":"https:\/\/radioljubuski.ba\/wp-content\/uploads\/2026\/01\/diano-cesko.png","type":"image\/png"}],"author":"Radio Ljubu\u0161ki","twitter_card":"summary_large_image","twitter_creator":"@radioljubuski","twitter_site":"@radioljubuski","twitter_misc":{"Napisao\/la":"Radio Ljubu\u0161ki","Procijenjeno vrijeme \u010ditanja":"4 minute"},"schema":{"@context":"https:\/\/schema.org","@graph":[{"@type":"Article","@id":"https:\/\/radioljubuski.ba\/index.php\/2026\/01\/29\/nastup-diana-nerisa-ceske-na-europskom-rukometnom-prvenstvu-nije-priznanje-samo-za-njega-i-izvidac-agram-vec-i-za-premier-ligu-bih\/#article","isPartOf":{"@id":"https:\/\/radioljubuski.ba\/index.php\/2026\/01\/29\/nastup-diana-nerisa-ceske-na-europskom-rukometnom-prvenstvu-nije-priznanje-samo-za-njega-i-izvidac-agram-vec-i-za-premier-ligu-bih\/"},"author":{"name":"Radio Ljubu\u0161ki","@id":"https:\/\/radioljubuski.ba\/#\/schema\/person\/19fc700381a780f69665d7956c469e3b"},"headline":"Nastup Diana Nerisa \u0106e\u0161ke na Europskom rukometnom prvenstvu nije priznanje samo za njega i Izvi\u0111a\u010d Agram ve\u0107 i za Premier ligu BiH","datePublished":"2026-01-29T14:13:07+00:00","dateModified":"2026-01-29T14:13:08+00:00","mainEntityOfPage":{"@id":"https:\/\/radioljubuski.ba\/index.php\/2026\/01\/29\/nastup-diana-nerisa-ceske-na-europskom-rukometnom-prvenstvu-nije-priznanje-samo-za-njega-i-izvidac-agram-vec-i-za-premier-ligu-bih\/"},"wordCount":767,"publisher":{"@id":"https:\/\/radioljubuski.ba\/#organization"},"image":{"@id":"https:\/\/radioljubuski.ba\/index.php\/2026\/01\/29\/nastup-diana-nerisa-ceske-na-europskom-rukometnom-prvenstvu-nije-priznanje-samo-za-njega-i-izvidac-agram-vec-i-za-premier-ligu-bih\/#primaryimage"},"thumbnailUrl":"https:\/\/radioljubuski.ba\/wp-content\/uploads\/2026\/01\/diano-cesko.png","articleSection":["Ljubu\u0161ki","\u0160port"],"inLanguage":"hr"},{"@type":"WebPage","@id":"https:\/\/radioljubuski.ba\/index.php\/2026\/01\/29\/nastup-diana-nerisa-ceske-na-europskom-rukometnom-prvenstvu-nije-priznanje-samo-za-njega-i-izvidac-agram-vec-i-za-premier-ligu-bih\/","url":"https:\/\/radioljubuski.ba\/index.php\/2026\/01\/29\/nastup-diana-nerisa-ceske-na-europskom-rukometnom-prvenstvu-nije-priznanje-samo-za-njega-i-izvidac-agram-vec-i-za-premier-ligu-bih\/","name":"Nastup Diana Nerisa \u0106e\u0161ke na Europskom rukometnom prvenstvu nije priznanje samo za njega i Izvi\u0111a\u010d Agram ve\u0107 i za Premier ligu BiH - RADIO LJUBU\u0160KI","isPartOf":{"@id":"https:\/\/radioljubuski.ba\/#website"},"primaryImageOfPage":{"@id":"https:\/\/radioljubuski.ba\/index.php\/2026\/01\/29\/nastup-diana-nerisa-ceske-na-europskom-rukometnom-prvenstvu-nije-priznanje-samo-za-njega-i-izvidac-agram-vec-i-za-premier-ligu-bih\/#primaryimage"},"image":{"@id":"https:\/\/radioljubuski.ba\/index.php\/2026\/01\/29\/nastup-diana-nerisa-ceske-na-europskom-rukometnom-prvenstvu-nije-priznanje-samo-za-njega-i-izvidac-agram-vec-i-za-premier-ligu-bih\/#primaryimage"},"thumbnailUrl":"https:\/\/radioljubuski.ba\/wp-content\/uploads\/2026\/01\/diano-cesko.png","datePublished":"2026-01-29T14:13:07+00:00","dateModified":"2026-01-29T14:13:08+00:00","breadcrumb":{"@id":"https:\/\/radioljubuski.ba\/index.php\/2026\/01\/29\/nastup-diana-nerisa-ceske-na-europskom-rukometnom-prvenstvu-nije-priznanje-samo-za-njega-i-izvidac-agram-vec-i-za-premier-ligu-bih\/#breadcrumb"},"inLanguage":"hr","potentialAction":[{"@type":"ReadAction","target":["https:\/\/radioljubuski.ba\/index.php\/2026\/01\/29\/nastup-diana-nerisa-ceske-na-europskom-rukometnom-prvenstvu-nije-priznanje-samo-za-njega-i-izvidac-agram-vec-i-za-premier-ligu-bih\/"]}]},{"@type":"ImageObject","inLanguage":"hr","@id":"https:\/\/radioljubuski.ba\/index.php\/2026\/01\/29\/nastup-diana-nerisa-ceske-na-europskom-rukometnom-prvenstvu-nije-priznanje-samo-za-njega-i-izvidac-agram-vec-i-za-premier-ligu-bih\/#primaryimage","url":"https:\/\/radioljubuski.ba\/wp-content\/uploads\/2026\/01\/diano-cesko.png","contentUrl":"https:\/\/radioljubuski.ba\/wp-content\/uploads\/2026\/01\/diano-cesko.png","width":856,"height":637},{"@type":"BreadcrumbList","@id":"https:\/\/radioljubuski.ba\/index.php\/2026\/01\/29\/nastup-diana-nerisa-ceske-na-europskom-rukometnom-prvenstvu-nije-priznanje-samo-za-njega-i-izvidac-agram-vec-i-za-premier-ligu-bih\/#breadcrumb","itemListElement":[{"@type":"ListItem","position":1,"name":"Po\u010detna stranica","item":"https:\/\/radioljubuski.ba\/"},{"@type":"ListItem","position":2,"name":"Nastup Diana Nerisa \u0106e\u0161ke na Europskom rukometnom prvenstvu nije priznanje samo za njega i Izvi\u0111a\u010d Agram ve\u0107 i za Premier ligu BiH"}]},{"@type":"WebSite","@id":"https:\/\/radioljubuski.ba\/#website","url":"https:\/\/radioljubuski.ba\/","name":"Radio Ljubu\u0161ki","description":"Sun\u010dana frekvencija Hercegovine","publisher":{"@id":"https:\/\/radioljubuski.ba\/#organization"},"potentialAction":[{"@type":"SearchAction","target":{"@type":"EntryPoint","urlTemplate":"https:\/\/radioljubuski.ba\/?s={search_term_string}"},"query-input":{"@type":"PropertyValueSpecification","valueRequired":true,"valueName":"search_term_string"}}],"inLanguage":"hr"},{"@type":"Organization","@id":"https:\/\/radioljubuski.ba\/#organization","name":"Radio Ljubu\u0161ki","url":"https:\/\/radioljubuski.ba\/","logo":{"@type":"ImageObject","inLanguage":"hr","@id":"https:\/\/radioljubuski.ba\/#\/schema\/logo\/image\/","url":"https:\/\/radioljubuski.ba\/wp-content\/uploads\/2021\/02\/cropped-Radio_Ljubuski_logo1.jpg","contentUrl":"https:\/\/radioljubuski.ba\/wp-content\/uploads\/2021\/02\/cropped-Radio_Ljubuski_logo1.jpg","width":512,"height":512,"caption":"Radio Ljubu\u0161ki"},"image":{"@id":"https:\/\/radioljubuski.ba\/#\/schema\/logo\/image\/"},"sameAs":["https:\/\/www.facebook.com\/Radiio-Ljubuski-1490835324566332","https:\/\/x.com\/radioljubuski","https:\/\/hr.linkedin.com\/company\/radio-ljubuski","https:\/\/www.youtube.com\/channel\/UCHYaeO_n0Db3tjNGudGpXyw"]},{"@type":"Person","@id":"https:\/\/radioljubuski.ba\/#\/schema\/person\/19fc700381a780f69665d7956c469e3b","name":"Radio Ljubu\u0161ki"}]}},"_links":{"self":[{"href":"https:\/\/radioljubuski.ba\/index.php\/wp-json\/wp\/v2\/posts\/224774","targetHints":{"allow":["GET"]}}],"collection":[{"href":"https:\/\/radioljubuski.ba\/index.php\/wp-json\/wp\/v2\/posts"}],"about":[{"href":"https:\/\/radioljubuski.ba\/index.php\/wp-json\/wp\/v2\/types\/post"}],"author":[{"embeddable":true,"href":"https:\/\/radioljubuski.ba\/index.php\/wp-json\/wp\/v2\/users\/2"}],"replies":[{"embeddable":true,"href":"https:\/\/radioljubuski.ba\/index.php\/wp-json\/wp\/v2\/comments?post=224774"}],"version-history":[{"count":1,"href":"https:\/\/radioljubuski.ba\/index.php\/wp-json\/wp\/v2\/posts\/224774\/revisions"}],"predecessor-version":[{"id":224776,"href":"https:\/\/radioljubuski.ba\/index.php\/wp-json\/wp\/v2\/posts\/224774\/revisions\/224776"}],"wp:featuredmedia":[{"embeddable":true,"href":"https:\/\/radioljubuski.ba\/index.php\/wp-json\/wp\/v2\/media\/224775"}],"wp:attachment":[{"href":"https:\/\/radioljubuski.ba\/index.php\/wp-json\/wp\/v2\/media?parent=224774"}],"wp:term":[{"taxonomy":"category","embeddable":true,"href":"https:\/\/radioljubuski.ba\/index.php\/wp-json\/wp\/v2\/categories?post=224774"},{"taxonomy":"post_tag","embeddable":true,"href":"https:\/\/radioljubuski.ba\/index.php\/wp-json\/wp\/v2\/tags?post=224774"}],"curies":[{"name":"wp","href":"https:\/\/api.w.org\/{rel}","templated":true}]}}