{"id":224802,"date":"2026-01-30T16:06:50","date_gmt":"2026-01-30T15:06:50","guid":{"rendered":"https:\/\/radioljubuski.ba\/?p=224802"},"modified":"2026-01-31T09:03:37","modified_gmt":"2026-01-31T08:03:37","slug":"ivan-dzolic-i-mirko-misetic-pred-polufinalni-ogled-hrvatske-i-njemacke-hrvatska-se-unatoc-svemu-ima-pravo-nadati-pobjedi-i-prolasku-u-finale","status":"publish","type":"post","link":"https:\/\/radioljubuski.ba\/index.php\/2026\/01\/30\/ivan-dzolic-i-mirko-misetic-pred-polufinalni-ogled-hrvatske-i-njemacke-hrvatska-se-unatoc-svemu-ima-pravo-nadati-pobjedi-i-prolasku-u-finale\/","title":{"rendered":"Ivan D\u017eoli\u0107 i Mirko Mi\u0161eti\u0107 pred polufinalni ogled Hrvatske i Njema\u010dke: Hrvatska se, unato\u010d svemu,  ima pravo nadati pobjedi i prolasku u finale"},"content":{"rendered":"\n<p>Polufinalni je dan na Europskom rukometnom prvenstvu. U prvom polufinalnom susretu u Herningu u 17.45 igrat \u0107e Hrvatska i Njema\u010dka.<\/p>\n\n\n\n<p>Za ljubitelje rukometa u Ljubu\u0161kom taj susret je tim zanimljiviji \u0161to za reprezentaciju Hrvatske igraju \u010detiri Ljubu\u0161aka, Diano \u0106e\u0161ko jo\u0161 uvijek aktivni igra\u010d Izvi\u0111a\u010da, David Mandi\u0107, Matej Mandi\u0107 i Ivano Pavlovi\u0107 koji su igrali za Izvi\u0111a\u010d a sada nastupaju za vrhunske europske klubove, a tu je i Marin Jelini\u0107 \u010diji je otac iz Ljubu\u0161kog ali je odselio \u017eivjeti u Metkovi\u0107.<\/p>\n\n\n\n<p>\u010citava Hrvatska s nestrpljenjem o\u010dekuje ve\u010dera\u0161nji susret, ali je u Ljubu\u0161kom, zbog navedenih \u010dinjenica, uzbu\u0111enje i nestrpljenje jo\u0161 ve\u0107e. Desetak Ljubu\u0161aka je ve\u0107 ranije otputovalo u Malme dati podr\u0161ku hrvatskim rukometa\u0161ima, a naknadno u Herning, koliko nam je poznato, jo\u0161 odre\u0111en broj navija\u010da. Me\u0111u njima i trener Izvi\u0111a\u010da, Milan Toli\u0107, dokapetan Zvonimir Lukenda te \u010dlanovi i prijatelji obitelji \u0106e\u0161ko. \u00a0<\/p>\n\n\n\n<p>Tim povodom u programu Radija Ljubu\u0161ki ugostili smo trenera Izvi\u0111a\u010da Ivana D\u017eoli\u0107a i igra\u010da Mirka Mi\u0161eti\u0107a.<\/p>\n\n\n\n<p>S njima smo kroz razgovor osvrnuli na nastup hrvatske reprezentacije i na\u0161ih Ljubu\u0161aka na prvenstvu te razgovarali o o\u010dekivanjima od ve\u010dera\u0161nje utakmice.<\/p>\n\n\n\n<p>\u201e\u010cuo sam se s na\u0161im momcima iz Ljubu\u0161kog. Ogor\u010deni su na organizaciju prvenstva. Dosta su iscrpljeni gustim rasporedom i putovanjem. Iskreno se nadam da \u0107e se ekipa uspjeti regenerirati koliko bude mogu\u0107e. Me\u0111utim, danas je polufinala Europskog prvenstva. Mislim da \u0107e negdje u sebi iskopati tu dodatnu energiju i odigrati pravu utakmicu. Sigurno da \u0107e biti klju\u010d za zaustaviti brze njema\u010dke napade i rekao bih mo\u017eda trenutno najboljeg pivota na svijetu, Johanesa Golu. Ako uspiju golmani ponoviti predstavu koju je imao Kuzmanovi\u0107 u jednoj utakmici ba\u0161 protiv Njema\u010dke,&nbsp; ako obrana i dalje kao zadnje dvije utakmice, gusta i \u010dvrsta na \u010delu s na\u0161im Davidom, mislim da se Hrvatska ima pravo nadati pobjedi i prolasku u finale\u201c, optimisti\u010dan je D\u017eoli\u0107.<\/p>\n\n\n\n<p>Mirko Mi\u0161eti\u0107 je uvjeren da \u0107e ve\u010deras proraditi hrvatski di\u0161pet i da \u0107e Hrvatska igrati u finalu.<\/p>\n\n\n\n<p>\u201eVjerujem da \u0107e ve\u010deras proradi taj na\u0161 di\u0161pet i vjerujem u pobjedu. Naravno, posebno vjerujemo u na\u0161e Ljubu\u0161ake koje ste spomenuli. Utakmica ne\u0107e biti laka, pogotovu stoga \u0161to u na\u0161oj mom\u010dadi imamo dosta ozljeda. Mogu misliti \u0161to je ovo, igrati dan za danom utakmice s takvim fizi\u010dkim naporom, ali i emotivnim. Igra\u010dima se te\u0161ko oporaviti, ali zato oni i jesu tu gdje jesu. Zato igraju za Hrvatsku i igraju u vrhunskim klubovima. To su svjetski igra\u010di, oni imaju tu kvalitetu da se brzo oporave i vjerujem da \u0107e smo\u0107i snage, unato\u010d svim pote\u0161ko\u0107ama, ve\u010deras odigrati na pravi na\u010din. Jednostavno, to su igra\u010di koji ula\u017eu puno u sebe, koji puno treniraju i zbog toga vjerujem da oni ovo ve\u010deras mogu izvu\u0107i. Kao \u0161to sam rekao na po\u010detku, vjerujem u &nbsp;taj na\u0161 neki inat i neki na\u0161 di\u0161pet\u201c, optimisti\u010dan je i Mi\u0161eti\u0107.<\/p>\n\n\n\n<p>D\u017eoli\u0107 misli da je stanje s ozljedama i gore nego \u0161to se prikazuje, ali da \u0107e unato\u010d tome mom\u010dad izbornika Sigurssona izna\u0107i dodatnu snagu.<\/p>\n\n\n\n<p>\u201eSigurno da su ozljede, u velikoj mjeri, poremetile zamisli izbornika Sigurdsona. Sigurno da i ostatak ekipe, osim Srne, Cindri\u0107a i Martinovi\u0107a, vu\u010de neke ozljede. Samo vjerujem da momci ne izlaze javno s tim, nego to dr\u017ee za sebe. Vjerojatno ne \u017eele tra\u017eiti alibi u tome, ali sigurno da su svi na\u010deti, da su umorni. Opet s druge strane, kada krene polufinale, oni svi u glavama to nekako zaborave i prebrode. Na terenu daju sebe, &nbsp;nastoje pokazati ono najbolje \u0161to imaju i vjerujem da \u0107e tako biti i ve\u010deras. Mislim da imaju problema, ali opet s druge strane, vjerujem opet da \u0107e izbornik na\u0107i pravo rje\u0161enje, da \u0107emo ve\u010deras gledati vrhunsku predstavu\u201c, obja\u0161njava D\u017eoli\u0107.<\/p>\n\n\n\n<p>Njema\u010dka je u prve dvije utakmice pobijedila Hrvatsku najvi\u0161e zahvaljuju\u0107i golovima iz brzog centra, ali D\u017eoli\u0107 i Mi\u0161eti\u0107 vjeruju da \u0107e izbornik Sigursson ve\u010deras uspjeti rije\u0161iti taj problem.<\/p>\n\n\n\n<p>&nbsp;\u201eHrvatska je u prijateljskim utakmica s ve\u010dera\u0161njim protivnikom isprobavala neke takti\u010dke zamisli izbornika Sigurdssona. On je tada mijenjao Martinovi\u0107a sa \u0160u\u0161njom, a Srna je obrambeni dio igrao na kontra strani od napada\u010dkog, zna\u010di tr\u010dao dijagonalno napad obrana. To su neke takti\u010dke sitnice koje su upravo u tim me\u010devima odlu\u010dile. Njema\u010dka je zbog toga postizala puno laganih golova. To se kasnije prenijelo na prve dvije utakmice u skupini. Ako se sjetite protiv Gruzije, u prvoj utakmici njihovo lijevo krilo Rustamov zabio 4-5 golova iz kontri. Upravo zbog tih izmjena Hrvatska se nije uspijevala vratiti na vrijeme u obranu. Kako je turnir odmicao vidjeli smo da je izbornik Sigurdsson malo promijenio te svoje takti\u010dke zamisli i druga\u010dije rotirao izmjene obrana &#8211; napad, igra\u010di su se brzo tome prilagodili i sve je puno bolje izgledalo u zadnjim utakmicama. Tako da vjerujem da su izvukli pouke iz te dvije prijateljske utakmice s Njema\u010dkom i da su iskoristili prve utakmice u Europskom prvenstvu, gdje to isto nije najbolje funkcioniralo, tako da je u zadnjim utakmicama to bilo puno bolje i to treba pohvaliti i vjerujem da \u0107e tako biti i ve\u010deras\u201c, stru\u010dno je obrazlo\u017eio D\u017eoli\u0107.<\/p>\n\n\n\n<p>Dodaju da \u0107e ve\u010deras mnogo toga zavisiti od golmana, ali obojica su uvjereni da \u0107e Mandi\u0107 i Kuzmanovi\u0107 ve\u010deras imati dodatnu motivaciju s obzirom da obojica brane u Bundesligi.<\/p>\n\n\n\n<p>\u201eSigurno da su Kuzma i Manda jedan super golmanski tandem. Odli\u010dno se nadopunjuju. I vidjeli ste kada kamera prika\u017ee klupu, koliko jedan drugog bodre i slave kada jedan od njih upi\u0161e obranu\u201c, konstatira D\u017eoli\u0107.<\/p>\n\n\n\n<p>Zamolili smo ih da prokomentiraju i nastupe na\u0161ih Ljubu\u0161aka na prvenstvu.<\/p>\n\n\n\n<p>\u201e\u0160to se ti\u010de na\u0161ih Ljubu\u0161aka mi smo mo\u017eda ponekad malo i subjektivni, pa uvijek govorim nekako s te strane.&nbsp; Mislim da je za njih bilo prostora za ne\u0161to vi\u0161e minuta. Pogotovo mo\u017eda za Ivana budu\u0107i da je Cindra jedini klasi\u010dni srednji bek. Ivana nema zadnjih par utakmica. Tako\u0111er, &nbsp;mislim da ga je se Mateja moglo malo vi\u0161e istrpiti na golu. S druge strane David vra\u0107a sve ono \u0161to nije zadnjih prvenstava mogao budu\u0107i da je bio ozlije\u0111en. Vra\u010da to na najbolji na\u010din. U zadnje dvije utakmice je mo\u017eda bio najbolji igra\u010d Hrvatske, pogotovo u obrani. \u0160to se ti\u010de na\u0161eg Diana, na\u0161eg kapetana, dobio je priliku u zadnjoj utakmici budu\u0107i da se Srna ozlijedio. U tih nekih 15 minuta, koliko je dobio, imao je dobru rolu. \u0160teta \u0161to se nije upisao u strijelce, ali imao je dvije zapa\u017eene situacije gdje je presjekao i ukrao loptu i iznudio sedmerac. Nadam se da \u0107e ve\u010deras mo\u017eda dobiti malo vi\u0161e prilike budu\u0107i da \u0107e Hrvatskoj sigurno trebati neko osvje\u017eenje ili neko iznena\u0111enje i vjerujem da bi to mogao biti Diano\u201c, komentirao je nastupe Ljubu\u0161aka trener D\u017eoli\u0107.<\/p>\n\n\n\n<p>I Mi\u0161eti\u0107 je dosta emotivan kada su u pitanju Ljubu\u0161aci u hrvatskoj reprezentaciji.<\/p>\n\n\n\n<p>&nbsp;\u201eKao \u0161to je trener rekao mo\u017eda smo i malo subjektivni kada su u pitanju nastupi na\u0161ih Ljubu\u0161aka. Osobno bih volio da svi oni igraju svaku utakmicu po 60 minuta kada bi to bilo mogu\u0107e. Me\u0111utim,mi smo blagoslovljeni s njima, velika nam je sre\u0107a \u0161to ih imamo tamo i velika je stvar \u0161to su uop\u0107e s reprezentacijom. Sad, bez obzira ho\u0107e li igrati, ho\u0107e li uop\u0107e biti u sastavu ili ne, mi smo i dalje ponosi na njih. Mislim da se Diano dobro pokazao u ono nekoliko vremena koliko je dobio. Ivano se dobro pokazao na Svjetskom prvenstvu i \u017eao mi je \u0161to ga zadnjih par utakmica nema. Dobro ga poznajem, znam kakva je glava, znam da spremno \u010deka svoju priliku i da \u0107e je odli\u010dno iskoristiti ako je dobije. Tako, samo mogu re\u0107i da im dr\u017eim fige i da sam ponosan na sve njih i drago mi je to \u0161to sam dio svoje karijere proveo s njima\u201c, ka\u017ee, ponosan na njih, Mi\u0161eti\u0107.<\/p>\n\n\n\n<p>Na kraju smo ih zamolili za neku kratku poruku uo\u010di ve\u010dera\u0161nje utakmice. &nbsp;<\/p>\n\n\n\n<p>Mi\u0161eti\u0107: \u201eIdemo, do pobjede.\u201c<\/p>\n\n\n\n<p>D\u017eoli\u0107: \u201ePonosni smo na vas i \u017eelimo da se vratite sa zlatom.\u201c<\/p>\n\n\n\n<p>Radio Ljubu\u0161ki<\/p>\n","protected":false},"excerpt":{"rendered":"<p>Polufinalni je dan na Europskom rukometnom prvenstvu. U prvom polufinalnom susretu u Herningu u 17.45 igrat \u0107e Hrvatska i Njema\u010dka. Za ljubitelje rukometa u Ljubu\u0161kom taj susret je tim zanimljiviji \u0161to za reprezentaciju Hrvatske igraju \u010detiri Ljubu\u0161aka, Diano \u0106e\u0161ko jo\u0161 uvijek aktivni igra\u010d Izvi\u0111a\u010da, David Mandi\u0107, Matej Mandi\u0107 i Ivano Pavlovi\u0107 koji su igrali za [&hellip;]<\/p>\n","protected":false},"author":2,"featured_media":224800,"comment_status":"closed","ping_status":"closed","sticky":false,"template":"","format":"standard","meta":{"h5ap_radio_sources":[],"footnotes":""},"categories":[3,28,7],"tags":[],"class_list":["post-224802","post","type-post","status-publish","format-standard","has-post-thumbnail","hentry","category-ljubuski","category-novosti","category-sport"],"yoast_head":"<!-- This site is optimized with the Yoast SEO plugin v27.5 - https:\/\/yoast.com\/product\/yoast-seo-wordpress\/ -->\n<title>Ivan D\u017eoli\u0107 i Mirko Mi\u0161eti\u0107 pred polufinalni ogled Hrvatske i Njema\u010dke: Hrvatska se, unato\u010d svemu, ima pravo nadati pobjedi i prolasku u finale - RADIO LJUBU\u0160KI<\/title>\n<meta name=\"robots\" content=\"index, follow, max-snippet:-1, max-image-preview:large, max-video-preview:-1\" \/>\n<link rel=\"canonical\" href=\"https:\/\/radioljubuski.ba\/index.php\/2026\/01\/30\/ivan-dzolic-i-mirko-misetic-pred-polufinalni-ogled-hrvatske-i-njemacke-hrvatska-se-unatoc-svemu-ima-pravo-nadati-pobjedi-i-prolasku-u-finale\/\" \/>\n<meta property=\"og:locale\" content=\"hr_HR\" \/>\n<meta property=\"og:type\" content=\"article\" \/>\n<meta property=\"og:title\" content=\"Ivan D\u017eoli\u0107 i Mirko Mi\u0161eti\u0107 pred polufinalni ogled Hrvatske i Njema\u010dke: Hrvatska se, unato\u010d svemu, ima pravo nadati pobjedi i prolasku u finale - RADIO LJUBU\u0160KI\" \/>\n<meta property=\"og:description\" content=\"Polufinalni je dan na Europskom rukometnom prvenstvu. U prvom polufinalnom susretu u Herningu u 17.45 igrat \u0107e Hrvatska i Njema\u010dka. Za ljubitelje rukometa u Ljubu\u0161kom taj susret je tim zanimljiviji \u0161to za reprezentaciju Hrvatske igraju \u010detiri Ljubu\u0161aka, Diano \u0106e\u0161ko jo\u0161 uvijek aktivni igra\u010d Izvi\u0111a\u010da, David Mandi\u0107, Matej Mandi\u0107 i Ivano Pavlovi\u0107 koji su igrali za [&hellip;]\" \/>\n<meta property=\"og:url\" content=\"https:\/\/radioljubuski.ba\/index.php\/2026\/01\/30\/ivan-dzolic-i-mirko-misetic-pred-polufinalni-ogled-hrvatske-i-njemacke-hrvatska-se-unatoc-svemu-ima-pravo-nadati-pobjedi-i-prolasku-u-finale\/\" \/>\n<meta property=\"og:site_name\" content=\"RADIO LJUBU\u0160KI\" \/>\n<meta property=\"article:publisher\" content=\"https:\/\/www.facebook.com\/Radiio-Ljubuski-1490835324566332\" \/>\n<meta property=\"article:published_time\" content=\"2026-01-30T15:06:50+00:00\" \/>\n<meta property=\"article:modified_time\" content=\"2026-01-31T08:03:37+00:00\" \/>\n<meta property=\"og:image\" content=\"https:\/\/radioljubuski.ba\/wp-content\/uploads\/2026\/01\/Mirko-i-Ivan-scaled.jpeg\" \/>\n\t<meta property=\"og:image:width\" content=\"2560\" \/>\n\t<meta property=\"og:image:height\" content=\"1920\" \/>\n\t<meta property=\"og:image:type\" content=\"image\/jpeg\" \/>\n<meta name=\"author\" content=\"Radio Ljubu\u0161ki\" \/>\n<meta name=\"twitter:card\" content=\"summary_large_image\" \/>\n<meta name=\"twitter:creator\" content=\"@radioljubuski\" \/>\n<meta name=\"twitter:site\" content=\"@radioljubuski\" \/>\n<meta name=\"twitter:label1\" content=\"Napisao\/la\" \/>\n\t<meta name=\"twitter:data1\" content=\"Radio Ljubu\u0161ki\" \/>\n\t<meta name=\"twitter:label2\" content=\"Procijenjeno vrijeme \u010ditanja\" \/>\n\t<meta name=\"twitter:data2\" content=\"8 minuta\" \/>\n<script type=\"application\/ld+json\" class=\"yoast-schema-graph\">{\"@context\":\"https:\\\/\\\/schema.org\",\"@graph\":[{\"@type\":\"Article\",\"@id\":\"https:\\\/\\\/radioljubuski.ba\\\/index.php\\\/2026\\\/01\\\/30\\\/ivan-dzolic-i-mirko-misetic-pred-polufinalni-ogled-hrvatske-i-njemacke-hrvatska-se-unatoc-svemu-ima-pravo-nadati-pobjedi-i-prolasku-u-finale\\\/#article\",\"isPartOf\":{\"@id\":\"https:\\\/\\\/radioljubuski.ba\\\/index.php\\\/2026\\\/01\\\/30\\\/ivan-dzolic-i-mirko-misetic-pred-polufinalni-ogled-hrvatske-i-njemacke-hrvatska-se-unatoc-svemu-ima-pravo-nadati-pobjedi-i-prolasku-u-finale\\\/\"},\"author\":{\"name\":\"Radio Ljubu\u0161ki\",\"@id\":\"https:\\\/\\\/radioljubuski.ba\\\/#\\\/schema\\\/person\\\/19fc700381a780f69665d7956c469e3b\"},\"headline\":\"Ivan D\u017eoli\u0107 i Mirko Mi\u0161eti\u0107 pred polufinalni ogled Hrvatske i Njema\u010dke: Hrvatska se, unato\u010d svemu, ima pravo nadati pobjedi i prolasku u finale\",\"datePublished\":\"2026-01-30T15:06:50+00:00\",\"dateModified\":\"2026-01-31T08:03:37+00:00\",\"mainEntityOfPage\":{\"@id\":\"https:\\\/\\\/radioljubuski.ba\\\/index.php\\\/2026\\\/01\\\/30\\\/ivan-dzolic-i-mirko-misetic-pred-polufinalni-ogled-hrvatske-i-njemacke-hrvatska-se-unatoc-svemu-ima-pravo-nadati-pobjedi-i-prolasku-u-finale\\\/\"},\"wordCount\":1478,\"publisher\":{\"@id\":\"https:\\\/\\\/radioljubuski.ba\\\/#organization\"},\"image\":{\"@id\":\"https:\\\/\\\/radioljubuski.ba\\\/index.php\\\/2026\\\/01\\\/30\\\/ivan-dzolic-i-mirko-misetic-pred-polufinalni-ogled-hrvatske-i-njemacke-hrvatska-se-unatoc-svemu-ima-pravo-nadati-pobjedi-i-prolasku-u-finale\\\/#primaryimage\"},\"thumbnailUrl\":\"https:\\\/\\\/radioljubuski.ba\\\/wp-content\\\/uploads\\\/2026\\\/01\\\/Mirko-i-Ivan-scaled.jpeg\",\"articleSection\":[\"Ljubu\u0161ki\",\"Novosti\",\"\u0160port\"],\"inLanguage\":\"hr\"},{\"@type\":\"WebPage\",\"@id\":\"https:\\\/\\\/radioljubuski.ba\\\/index.php\\\/2026\\\/01\\\/30\\\/ivan-dzolic-i-mirko-misetic-pred-polufinalni-ogled-hrvatske-i-njemacke-hrvatska-se-unatoc-svemu-ima-pravo-nadati-pobjedi-i-prolasku-u-finale\\\/\",\"url\":\"https:\\\/\\\/radioljubuski.ba\\\/index.php\\\/2026\\\/01\\\/30\\\/ivan-dzolic-i-mirko-misetic-pred-polufinalni-ogled-hrvatske-i-njemacke-hrvatska-se-unatoc-svemu-ima-pravo-nadati-pobjedi-i-prolasku-u-finale\\\/\",\"name\":\"Ivan D\u017eoli\u0107 i Mirko Mi\u0161eti\u0107 pred polufinalni ogled Hrvatske i Njema\u010dke: Hrvatska se, unato\u010d svemu, ima pravo nadati pobjedi i prolasku u finale - RADIO LJUBU\u0160KI\",\"isPartOf\":{\"@id\":\"https:\\\/\\\/radioljubuski.ba\\\/#website\"},\"primaryImageOfPage\":{\"@id\":\"https:\\\/\\\/radioljubuski.ba\\\/index.php\\\/2026\\\/01\\\/30\\\/ivan-dzolic-i-mirko-misetic-pred-polufinalni-ogled-hrvatske-i-njemacke-hrvatska-se-unatoc-svemu-ima-pravo-nadati-pobjedi-i-prolasku-u-finale\\\/#primaryimage\"},\"image\":{\"@id\":\"https:\\\/\\\/radioljubuski.ba\\\/index.php\\\/2026\\\/01\\\/30\\\/ivan-dzolic-i-mirko-misetic-pred-polufinalni-ogled-hrvatske-i-njemacke-hrvatska-se-unatoc-svemu-ima-pravo-nadati-pobjedi-i-prolasku-u-finale\\\/#primaryimage\"},\"thumbnailUrl\":\"https:\\\/\\\/radioljubuski.ba\\\/wp-content\\\/uploads\\\/2026\\\/01\\\/Mirko-i-Ivan-scaled.jpeg\",\"datePublished\":\"2026-01-30T15:06:50+00:00\",\"dateModified\":\"2026-01-31T08:03:37+00:00\",\"breadcrumb\":{\"@id\":\"https:\\\/\\\/radioljubuski.ba\\\/index.php\\\/2026\\\/01\\\/30\\\/ivan-dzolic-i-mirko-misetic-pred-polufinalni-ogled-hrvatske-i-njemacke-hrvatska-se-unatoc-svemu-ima-pravo-nadati-pobjedi-i-prolasku-u-finale\\\/#breadcrumb\"},\"inLanguage\":\"hr\",\"potentialAction\":[{\"@type\":\"ReadAction\",\"target\":[\"https:\\\/\\\/radioljubuski.ba\\\/index.php\\\/2026\\\/01\\\/30\\\/ivan-dzolic-i-mirko-misetic-pred-polufinalni-ogled-hrvatske-i-njemacke-hrvatska-se-unatoc-svemu-ima-pravo-nadati-pobjedi-i-prolasku-u-finale\\\/\"]}]},{\"@type\":\"ImageObject\",\"inLanguage\":\"hr\",\"@id\":\"https:\\\/\\\/radioljubuski.ba\\\/index.php\\\/2026\\\/01\\\/30\\\/ivan-dzolic-i-mirko-misetic-pred-polufinalni-ogled-hrvatske-i-njemacke-hrvatska-se-unatoc-svemu-ima-pravo-nadati-pobjedi-i-prolasku-u-finale\\\/#primaryimage\",\"url\":\"https:\\\/\\\/radioljubuski.ba\\\/wp-content\\\/uploads\\\/2026\\\/01\\\/Mirko-i-Ivan-scaled.jpeg\",\"contentUrl\":\"https:\\\/\\\/radioljubuski.ba\\\/wp-content\\\/uploads\\\/2026\\\/01\\\/Mirko-i-Ivan-scaled.jpeg\",\"width\":2560,\"height\":1920},{\"@type\":\"BreadcrumbList\",\"@id\":\"https:\\\/\\\/radioljubuski.ba\\\/index.php\\\/2026\\\/01\\\/30\\\/ivan-dzolic-i-mirko-misetic-pred-polufinalni-ogled-hrvatske-i-njemacke-hrvatska-se-unatoc-svemu-ima-pravo-nadati-pobjedi-i-prolasku-u-finale\\\/#breadcrumb\",\"itemListElement\":[{\"@type\":\"ListItem\",\"position\":1,\"name\":\"Po\u010detna stranica\",\"item\":\"https:\\\/\\\/radioljubuski.ba\\\/\"},{\"@type\":\"ListItem\",\"position\":2,\"name\":\"Ivan D\u017eoli\u0107 i Mirko Mi\u0161eti\u0107 pred polufinalni ogled Hrvatske i Njema\u010dke: Hrvatska se, unato\u010d svemu, ima pravo nadati pobjedi i prolasku u finale\"}]},{\"@type\":\"WebSite\",\"@id\":\"https:\\\/\\\/radioljubuski.ba\\\/#website\",\"url\":\"https:\\\/\\\/radioljubuski.ba\\\/\",\"name\":\"Radio Ljubu\u0161ki\",\"description\":\"Sun\u010dana frekvencija Hercegovine\",\"publisher\":{\"@id\":\"https:\\\/\\\/radioljubuski.ba\\\/#organization\"},\"potentialAction\":[{\"@type\":\"SearchAction\",\"target\":{\"@type\":\"EntryPoint\",\"urlTemplate\":\"https:\\\/\\\/radioljubuski.ba\\\/?s={search_term_string}\"},\"query-input\":{\"@type\":\"PropertyValueSpecification\",\"valueRequired\":true,\"valueName\":\"search_term_string\"}}],\"inLanguage\":\"hr\"},{\"@type\":\"Organization\",\"@id\":\"https:\\\/\\\/radioljubuski.ba\\\/#organization\",\"name\":\"Radio Ljubu\u0161ki\",\"url\":\"https:\\\/\\\/radioljubuski.ba\\\/\",\"logo\":{\"@type\":\"ImageObject\",\"inLanguage\":\"hr\",\"@id\":\"https:\\\/\\\/radioljubuski.ba\\\/#\\\/schema\\\/logo\\\/image\\\/\",\"url\":\"https:\\\/\\\/radioljubuski.ba\\\/wp-content\\\/uploads\\\/2021\\\/02\\\/cropped-Radio_Ljubuski_logo1.jpg\",\"contentUrl\":\"https:\\\/\\\/radioljubuski.ba\\\/wp-content\\\/uploads\\\/2021\\\/02\\\/cropped-Radio_Ljubuski_logo1.jpg\",\"width\":512,\"height\":512,\"caption\":\"Radio Ljubu\u0161ki\"},\"image\":{\"@id\":\"https:\\\/\\\/radioljubuski.ba\\\/#\\\/schema\\\/logo\\\/image\\\/\"},\"sameAs\":[\"https:\\\/\\\/www.facebook.com\\\/Radiio-Ljubuski-1490835324566332\",\"https:\\\/\\\/x.com\\\/radioljubuski\",\"https:\\\/\\\/hr.linkedin.com\\\/company\\\/radio-ljubuski\",\"https:\\\/\\\/www.youtube.com\\\/channel\\\/UCHYaeO_n0Db3tjNGudGpXyw\"]},{\"@type\":\"Person\",\"@id\":\"https:\\\/\\\/radioljubuski.ba\\\/#\\\/schema\\\/person\\\/19fc700381a780f69665d7956c469e3b\",\"name\":\"Radio Ljubu\u0161ki\"}]}<\/script>\n<!-- \/ Yoast SEO plugin. -->","yoast_head_json":{"title":"Ivan D\u017eoli\u0107 i Mirko Mi\u0161eti\u0107 pred polufinalni ogled Hrvatske i Njema\u010dke: Hrvatska se, unato\u010d svemu, ima pravo nadati pobjedi i prolasku u finale - RADIO LJUBU\u0160KI","robots":{"index":"index","follow":"follow","max-snippet":"max-snippet:-1","max-image-preview":"max-image-preview:large","max-video-preview":"max-video-preview:-1"},"canonical":"https:\/\/radioljubuski.ba\/index.php\/2026\/01\/30\/ivan-dzolic-i-mirko-misetic-pred-polufinalni-ogled-hrvatske-i-njemacke-hrvatska-se-unatoc-svemu-ima-pravo-nadati-pobjedi-i-prolasku-u-finale\/","og_locale":"hr_HR","og_type":"article","og_title":"Ivan D\u017eoli\u0107 i Mirko Mi\u0161eti\u0107 pred polufinalni ogled Hrvatske i Njema\u010dke: Hrvatska se, unato\u010d svemu, ima pravo nadati pobjedi i prolasku u finale - RADIO LJUBU\u0160KI","og_description":"Polufinalni je dan na Europskom rukometnom prvenstvu. U prvom polufinalnom susretu u Herningu u 17.45 igrat \u0107e Hrvatska i Njema\u010dka. Za ljubitelje rukometa u Ljubu\u0161kom taj susret je tim zanimljiviji \u0161to za reprezentaciju Hrvatske igraju \u010detiri Ljubu\u0161aka, Diano \u0106e\u0161ko jo\u0161 uvijek aktivni igra\u010d Izvi\u0111a\u010da, David Mandi\u0107, Matej Mandi\u0107 i Ivano Pavlovi\u0107 koji su igrali za [&hellip;]","og_url":"https:\/\/radioljubuski.ba\/index.php\/2026\/01\/30\/ivan-dzolic-i-mirko-misetic-pred-polufinalni-ogled-hrvatske-i-njemacke-hrvatska-se-unatoc-svemu-ima-pravo-nadati-pobjedi-i-prolasku-u-finale\/","og_site_name":"RADIO LJUBU\u0160KI","article_publisher":"https:\/\/www.facebook.com\/Radiio-Ljubuski-1490835324566332","article_published_time":"2026-01-30T15:06:50+00:00","article_modified_time":"2026-01-31T08:03:37+00:00","og_image":[{"width":2560,"height":1920,"url":"https:\/\/radioljubuski.ba\/wp-content\/uploads\/2026\/01\/Mirko-i-Ivan-scaled.jpeg","type":"image\/jpeg"}],"author":"Radio Ljubu\u0161ki","twitter_card":"summary_large_image","twitter_creator":"@radioljubuski","twitter_site":"@radioljubuski","twitter_misc":{"Napisao\/la":"Radio Ljubu\u0161ki","Procijenjeno vrijeme \u010ditanja":"8 minuta"},"schema":{"@context":"https:\/\/schema.org","@graph":[{"@type":"Article","@id":"https:\/\/radioljubuski.ba\/index.php\/2026\/01\/30\/ivan-dzolic-i-mirko-misetic-pred-polufinalni-ogled-hrvatske-i-njemacke-hrvatska-se-unatoc-svemu-ima-pravo-nadati-pobjedi-i-prolasku-u-finale\/#article","isPartOf":{"@id":"https:\/\/radioljubuski.ba\/index.php\/2026\/01\/30\/ivan-dzolic-i-mirko-misetic-pred-polufinalni-ogled-hrvatske-i-njemacke-hrvatska-se-unatoc-svemu-ima-pravo-nadati-pobjedi-i-prolasku-u-finale\/"},"author":{"name":"Radio Ljubu\u0161ki","@id":"https:\/\/radioljubuski.ba\/#\/schema\/person\/19fc700381a780f69665d7956c469e3b"},"headline":"Ivan D\u017eoli\u0107 i Mirko Mi\u0161eti\u0107 pred polufinalni ogled Hrvatske i Njema\u010dke: Hrvatska se, unato\u010d svemu, ima pravo nadati pobjedi i prolasku u finale","datePublished":"2026-01-30T15:06:50+00:00","dateModified":"2026-01-31T08:03:37+00:00","mainEntityOfPage":{"@id":"https:\/\/radioljubuski.ba\/index.php\/2026\/01\/30\/ivan-dzolic-i-mirko-misetic-pred-polufinalni-ogled-hrvatske-i-njemacke-hrvatska-se-unatoc-svemu-ima-pravo-nadati-pobjedi-i-prolasku-u-finale\/"},"wordCount":1478,"publisher":{"@id":"https:\/\/radioljubuski.ba\/#organization"},"image":{"@id":"https:\/\/radioljubuski.ba\/index.php\/2026\/01\/30\/ivan-dzolic-i-mirko-misetic-pred-polufinalni-ogled-hrvatske-i-njemacke-hrvatska-se-unatoc-svemu-ima-pravo-nadati-pobjedi-i-prolasku-u-finale\/#primaryimage"},"thumbnailUrl":"https:\/\/radioljubuski.ba\/wp-content\/uploads\/2026\/01\/Mirko-i-Ivan-scaled.jpeg","articleSection":["Ljubu\u0161ki","Novosti","\u0160port"],"inLanguage":"hr"},{"@type":"WebPage","@id":"https:\/\/radioljubuski.ba\/index.php\/2026\/01\/30\/ivan-dzolic-i-mirko-misetic-pred-polufinalni-ogled-hrvatske-i-njemacke-hrvatska-se-unatoc-svemu-ima-pravo-nadati-pobjedi-i-prolasku-u-finale\/","url":"https:\/\/radioljubuski.ba\/index.php\/2026\/01\/30\/ivan-dzolic-i-mirko-misetic-pred-polufinalni-ogled-hrvatske-i-njemacke-hrvatska-se-unatoc-svemu-ima-pravo-nadati-pobjedi-i-prolasku-u-finale\/","name":"Ivan D\u017eoli\u0107 i Mirko Mi\u0161eti\u0107 pred polufinalni ogled Hrvatske i Njema\u010dke: Hrvatska se, unato\u010d svemu, ima pravo nadati pobjedi i prolasku u finale - RADIO LJUBU\u0160KI","isPartOf":{"@id":"https:\/\/radioljubuski.ba\/#website"},"primaryImageOfPage":{"@id":"https:\/\/radioljubuski.ba\/index.php\/2026\/01\/30\/ivan-dzolic-i-mirko-misetic-pred-polufinalni-ogled-hrvatske-i-njemacke-hrvatska-se-unatoc-svemu-ima-pravo-nadati-pobjedi-i-prolasku-u-finale\/#primaryimage"},"image":{"@id":"https:\/\/radioljubuski.ba\/index.php\/2026\/01\/30\/ivan-dzolic-i-mirko-misetic-pred-polufinalni-ogled-hrvatske-i-njemacke-hrvatska-se-unatoc-svemu-ima-pravo-nadati-pobjedi-i-prolasku-u-finale\/#primaryimage"},"thumbnailUrl":"https:\/\/radioljubuski.ba\/wp-content\/uploads\/2026\/01\/Mirko-i-Ivan-scaled.jpeg","datePublished":"2026-01-30T15:06:50+00:00","dateModified":"2026-01-31T08:03:37+00:00","breadcrumb":{"@id":"https:\/\/radioljubuski.ba\/index.php\/2026\/01\/30\/ivan-dzolic-i-mirko-misetic-pred-polufinalni-ogled-hrvatske-i-njemacke-hrvatska-se-unatoc-svemu-ima-pravo-nadati-pobjedi-i-prolasku-u-finale\/#breadcrumb"},"inLanguage":"hr","potentialAction":[{"@type":"ReadAction","target":["https:\/\/radioljubuski.ba\/index.php\/2026\/01\/30\/ivan-dzolic-i-mirko-misetic-pred-polufinalni-ogled-hrvatske-i-njemacke-hrvatska-se-unatoc-svemu-ima-pravo-nadati-pobjedi-i-prolasku-u-finale\/"]}]},{"@type":"ImageObject","inLanguage":"hr","@id":"https:\/\/radioljubuski.ba\/index.php\/2026\/01\/30\/ivan-dzolic-i-mirko-misetic-pred-polufinalni-ogled-hrvatske-i-njemacke-hrvatska-se-unatoc-svemu-ima-pravo-nadati-pobjedi-i-prolasku-u-finale\/#primaryimage","url":"https:\/\/radioljubuski.ba\/wp-content\/uploads\/2026\/01\/Mirko-i-Ivan-scaled.jpeg","contentUrl":"https:\/\/radioljubuski.ba\/wp-content\/uploads\/2026\/01\/Mirko-i-Ivan-scaled.jpeg","width":2560,"height":1920},{"@type":"BreadcrumbList","@id":"https:\/\/radioljubuski.ba\/index.php\/2026\/01\/30\/ivan-dzolic-i-mirko-misetic-pred-polufinalni-ogled-hrvatske-i-njemacke-hrvatska-se-unatoc-svemu-ima-pravo-nadati-pobjedi-i-prolasku-u-finale\/#breadcrumb","itemListElement":[{"@type":"ListItem","position":1,"name":"Po\u010detna stranica","item":"https:\/\/radioljubuski.ba\/"},{"@type":"ListItem","position":2,"name":"Ivan D\u017eoli\u0107 i Mirko Mi\u0161eti\u0107 pred polufinalni ogled Hrvatske i Njema\u010dke: Hrvatska se, unato\u010d svemu, ima pravo nadati pobjedi i prolasku u finale"}]},{"@type":"WebSite","@id":"https:\/\/radioljubuski.ba\/#website","url":"https:\/\/radioljubuski.ba\/","name":"Radio Ljubu\u0161ki","description":"Sun\u010dana frekvencija Hercegovine","publisher":{"@id":"https:\/\/radioljubuski.ba\/#organization"},"potentialAction":[{"@type":"SearchAction","target":{"@type":"EntryPoint","urlTemplate":"https:\/\/radioljubuski.ba\/?s={search_term_string}"},"query-input":{"@type":"PropertyValueSpecification","valueRequired":true,"valueName":"search_term_string"}}],"inLanguage":"hr"},{"@type":"Organization","@id":"https:\/\/radioljubuski.ba\/#organization","name":"Radio Ljubu\u0161ki","url":"https:\/\/radioljubuski.ba\/","logo":{"@type":"ImageObject","inLanguage":"hr","@id":"https:\/\/radioljubuski.ba\/#\/schema\/logo\/image\/","url":"https:\/\/radioljubuski.ba\/wp-content\/uploads\/2021\/02\/cropped-Radio_Ljubuski_logo1.jpg","contentUrl":"https:\/\/radioljubuski.ba\/wp-content\/uploads\/2021\/02\/cropped-Radio_Ljubuski_logo1.jpg","width":512,"height":512,"caption":"Radio Ljubu\u0161ki"},"image":{"@id":"https:\/\/radioljubuski.ba\/#\/schema\/logo\/image\/"},"sameAs":["https:\/\/www.facebook.com\/Radiio-Ljubuski-1490835324566332","https:\/\/x.com\/radioljubuski","https:\/\/hr.linkedin.com\/company\/radio-ljubuski","https:\/\/www.youtube.com\/channel\/UCHYaeO_n0Db3tjNGudGpXyw"]},{"@type":"Person","@id":"https:\/\/radioljubuski.ba\/#\/schema\/person\/19fc700381a780f69665d7956c469e3b","name":"Radio Ljubu\u0161ki"}]}},"_links":{"self":[{"href":"https:\/\/radioljubuski.ba\/index.php\/wp-json\/wp\/v2\/posts\/224802","targetHints":{"allow":["GET"]}}],"collection":[{"href":"https:\/\/radioljubuski.ba\/index.php\/wp-json\/wp\/v2\/posts"}],"about":[{"href":"https:\/\/radioljubuski.ba\/index.php\/wp-json\/wp\/v2\/types\/post"}],"author":[{"embeddable":true,"href":"https:\/\/radioljubuski.ba\/index.php\/wp-json\/wp\/v2\/users\/2"}],"replies":[{"embeddable":true,"href":"https:\/\/radioljubuski.ba\/index.php\/wp-json\/wp\/v2\/comments?post=224802"}],"version-history":[{"count":1,"href":"https:\/\/radioljubuski.ba\/index.php\/wp-json\/wp\/v2\/posts\/224802\/revisions"}],"predecessor-version":[{"id":224803,"href":"https:\/\/radioljubuski.ba\/index.php\/wp-json\/wp\/v2\/posts\/224802\/revisions\/224803"}],"wp:featuredmedia":[{"embeddable":true,"href":"https:\/\/radioljubuski.ba\/index.php\/wp-json\/wp\/v2\/media\/224800"}],"wp:attachment":[{"href":"https:\/\/radioljubuski.ba\/index.php\/wp-json\/wp\/v2\/media?parent=224802"}],"wp:term":[{"taxonomy":"category","embeddable":true,"href":"https:\/\/radioljubuski.ba\/index.php\/wp-json\/wp\/v2\/categories?post=224802"},{"taxonomy":"post_tag","embeddable":true,"href":"https:\/\/radioljubuski.ba\/index.php\/wp-json\/wp\/v2\/tags?post=224802"}],"curies":[{"name":"wp","href":"https:\/\/api.w.org\/{rel}","templated":true}]}}