{"id":2260,"date":"2021-03-09T14:56:38","date_gmt":"2021-03-09T13:56:38","guid":{"rendered":"https:\/\/radioljubuski.ba\/?p=2260"},"modified":"2021-03-09T14:56:39","modified_gmt":"2021-03-09T13:56:39","slug":"matej-mandic-na-okupljanju-hrvatske-muske-kadetske-selekcije","status":"publish","type":"post","link":"https:\/\/radioljubuski.ba\/index.php\/2021\/03\/09\/matej-mandic-na-okupljanju-hrvatske-muske-kadetske-selekcije\/","title":{"rendered":"Matej Mandi\u0107 na okupljanju hrvatske mu\u0161ke kadetske selekcije"},"content":{"rendered":"\n<p><strong>Nakon hrvatske mu\u0161ke senirske reprezenacije, ju\u010der se okupila i hrvatska mu\u0161ka kadetska selekcija. Izbornik Kre\u0161o Ivankovi\u0107 pozvao je 18 igra\u010da.<\/strong><\/p>\n\n\n\n<p>Na listi pri\u010duva nalazi se jo\u0161 \u0161est igra\u010da. Odmah nakon okupljanja reprezentacije je produ\u017eila do Ivani\u0107 Grada gdje \u0107e boraviti sljede\u0107ih sedam dana i trenirati. Uz mu\u0161ku seniorsku reprezenaciju koju ovaj tjedan \u010dekaju kvalifikacije za Olimpijske igre i nadajmo se nastup na igrama u Tokiju, kadetska reprezentacija je za sada jedna od rijetkih koja ima potvr\u0111eno natjecanje u ovoj godini. Rije\u010d je o Europskom prvenstvu kojemu \u0107e Hrvaska biti doma\u0107in od 12. \u2013 22. kolovoza u Vara\u017edinu i Koprivnici.<\/p>\n\n\n\n<p>Europska rukometna federacija je pro\u0161li tjedan donijela odluku da se za tu generaciju, a rije\u010d je o igra\u010dima ro\u0111enim 2002. godine i mla\u0111im, iznimno ove godine organizira Europsko prvenstvo pod imenom EHF EURO M19, kako ne bi dvije godine za redom ostali bez natjecanja pod nacionalnim grbom. Naime, Svjetska rukometna federacija nedavno je otkazala sva prvenstva mla\u0111ih dobnih uzrasta u 2021. godini, pa su tako kadeti ostali bez svog natjecanja koje se trebalo odr\u017eati u Gr\u010dkoj. Podsje\u0107amo, ova generacija na\u0161ih mladih rukometa\u0161a bila je prije dvije godine pobjednik (EYOF-a), Olimpijskog festivala mladih u Azerbajd\u017eanu. Kao doma\u0107ini Europskog prvenstva jasno je imao obavezu vi\u0161e i zato je svako okupljanje jako va\u017eno. Svjesan je toga i izbornik Kre\u0161o Ivankovi\u0107.<\/p>\n\n\n\n<p>Kre\u0161o Ivankovi\u0107, izbornik kadetske reprezentacije:<\/p>\n\n\n\n<p><em>\u201eJedno te\u0161ko specifi\u010dno razdoblje je iza nas, stvarno smo jako sretni \u0161to smo se ponovno okupili nakon godinu dana i dva mjeseca. Zadnje okupljanje smo imali po\u010detkom prvog mjeseca gdje smo i\u0161li na dvije prijateljske utakmice u Austriju koja je stvarno bila davno. De\u010dki su odrasli, veselimo se te idemo na Teamweek u Ivani\u010d par dana te nakon toga idemo u Ma\u0111arsku gdje nas o\u010dekuju dvije prijateljske utakmice protiv doma\u0107ina. Sigurno ne\u0107e biti prevelikih zahtjeva, bitno mi je da de\u010dke ponovno vidim na terenu i od danas kre\u0107e selekcija za nadamo se predstoje\u0107em Europskom prvenstvu koje \u0107e se odr\u017eati u kolovozu u Hrvatskoj. Apsolutno i sami smo sudionici Paketa24 Premijer lige, pratimo de\u010dke i to je ona kvaliteta vi\u0161e koju hrvatski rukomet daje a to je da ovako mladi de\u010dki igraju na najve\u0107em rangu u Hrvatskoj.\u201d<\/em><\/p>\n\n\n\n<p>1. DOMINIK KUZMANOVI\u0106 \u2013 RK NEXE<br><strong>2. MATEJ MANDI\u0106 \u2013 RK IZVI\u0110A\u010c LJUBU\u0160KI<\/strong><br>3. IVAN BARBI\u0106 \u2013 RK SENJ<br>4. ROK MALIN \u2013 RK SISAK<br>5. GRGO LUKETIN \u2013 RK BALI\u0106 \u2013 METLI\u010cI\u0106<br>6. MATEJ VULETA \u2013 RK BJELOVAR<br>7. FABIJAN GRUBI\u0160I\u0106 \u2013 GRK VARA\u017dDIN 1930<br>8. MISLAV OBRADOVI\u0106 \u2013 RK DUBRAVA<br>9. MARIN LISAC \u2013 RK DUBRAVA<br>10.TIN \u0160ESTAK \u2013 GRK VARA\u017dDIN 1930<br>11.JAKOV NERALI\u0106 \u2013 MRK DUGO SELO<br>12.MARIO ZAKI\u0106 \u2013 RK MOSLAVINA<br>13.MATEJ SVR\u017dNJAK \u2013 HRK GORICA<br>14.MARIN BO\u017dI\u010cEVI\u0106 \u2013 RK \u0110AKOVO<br>15.MATIJA CAR \u2013 RK ZAMET<br>16.MATEJ KOMLJENOVI\u0106 \u2013 RK SISAK<br>17.ADAM \u0160ALI\u0106 \u2013 RK DUBRAVA<br>18.ZLATKO RAU\u017dAN \u2013 MRK DUGO SELO<\/p>\n\n\n\n<p>PRI\u010cUVNI IGRA\u010cI (dolaze u slu\u010daju naknadnog poziva)<\/p>\n\n\n\n<p>1. TIN TOMPI\u0106 \u2013 GRK VARA\u017dDIN 1930<br>2. PATRIK HR\u0160AK \u2013 MRK DUGO SELO<\/p>\n\n\n\n<p><strong>Izvor: iks-portal.info<\/strong><\/p>\n","protected":false},"excerpt":{"rendered":"<p>Nakon hrvatske mu\u0161ke senirske reprezenacije, ju\u010der se okupila i hrvatska mu\u0161ka kadetska selekcija. Izbornik Kre\u0161o Ivankovi\u0107 pozvao je 18 igra\u010da. Na listi pri\u010duva nalazi se jo\u0161 \u0161est igra\u010da. Odmah nakon okupljanja reprezentacije je produ\u017eila do Ivani\u0107 Grada gdje \u0107e boraviti sljede\u0107ih sedam dana i trenirati. Uz mu\u0161ku seniorsku reprezenaciju koju ovaj tjedan \u010dekaju kvalifikacije za [&hellip;]<\/p>\n","protected":false},"author":2,"featured_media":2261,"comment_status":"closed","ping_status":"closed","sticky":false,"template":"","format":"standard","meta":{"h5ap_radio_sources":[],"footnotes":""},"categories":[1],"tags":[],"class_list":["post-2260","post","type-post","status-publish","format-standard","has-post-thumbnail","hentry","category-bihiregija"],"yoast_head":"<!-- This site is optimized with the Yoast SEO plugin v27.5 - https:\/\/yoast.com\/product\/yoast-seo-wordpress\/ -->\n<title>Matej Mandi\u0107 na okupljanju hrvatske mu\u0161ke kadetske selekcije - RADIO LJUBU\u0160KI<\/title>\n<meta name=\"robots\" content=\"index, follow, max-snippet:-1, max-image-preview:large, max-video-preview:-1\" \/>\n<link rel=\"canonical\" href=\"https:\/\/radioljubuski.ba\/index.php\/2021\/03\/09\/matej-mandic-na-okupljanju-hrvatske-muske-kadetske-selekcije\/\" \/>\n<meta property=\"og:locale\" content=\"hr_HR\" \/>\n<meta property=\"og:type\" content=\"article\" \/>\n<meta property=\"og:title\" content=\"Matej Mandi\u0107 na okupljanju hrvatske mu\u0161ke kadetske selekcije - RADIO LJUBU\u0160KI\" \/>\n<meta property=\"og:description\" content=\"Nakon hrvatske mu\u0161ke senirske reprezenacije, ju\u010der se okupila i hrvatska mu\u0161ka kadetska selekcija. Izbornik Kre\u0161o Ivankovi\u0107 pozvao je 18 igra\u010da. Na listi pri\u010duva nalazi se jo\u0161 \u0161est igra\u010da. Odmah nakon okupljanja reprezentacije je produ\u017eila do Ivani\u0107 Grada gdje \u0107e boraviti sljede\u0107ih sedam dana i trenirati. Uz mu\u0161ku seniorsku reprezenaciju koju ovaj tjedan \u010dekaju kvalifikacije za [&hellip;]\" \/>\n<meta property=\"og:url\" content=\"https:\/\/radioljubuski.ba\/index.php\/2021\/03\/09\/matej-mandic-na-okupljanju-hrvatske-muske-kadetske-selekcije\/\" \/>\n<meta property=\"og:site_name\" content=\"RADIO LJUBU\u0160KI\" \/>\n<meta property=\"article:publisher\" content=\"https:\/\/www.facebook.com\/Radiio-Ljubuski-1490835324566332\" \/>\n<meta property=\"article:published_time\" content=\"2021-03-09T13:56:38+00:00\" \/>\n<meta property=\"article:modified_time\" content=\"2021-03-09T13:56:39+00:00\" \/>\n<meta property=\"og:image\" content=\"https:\/\/radioljubuski.ba\/wp-content\/uploads\/2021\/03\/mandic.jpg\" \/>\n\t<meta property=\"og:image:width\" content=\"1024\" \/>\n\t<meta property=\"og:image:height\" content=\"558\" \/>\n\t<meta property=\"og:image:type\" content=\"image\/jpeg\" \/>\n<meta name=\"author\" content=\"Radio Ljubu\u0161ki\" \/>\n<meta name=\"twitter:card\" content=\"summary_large_image\" \/>\n<meta name=\"twitter:creator\" content=\"@radioljubuski\" \/>\n<meta name=\"twitter:site\" content=\"@radioljubuski\" \/>\n<meta name=\"twitter:label1\" content=\"Napisao\/la\" \/>\n\t<meta name=\"twitter:data1\" content=\"Radio Ljubu\u0161ki\" \/>\n\t<meta name=\"twitter:label2\" content=\"Procijenjeno vrijeme \u010ditanja\" \/>\n\t<meta name=\"twitter:data2\" content=\"3 minute\" \/>\n<script type=\"application\/ld+json\" class=\"yoast-schema-graph\">{\"@context\":\"https:\\\/\\\/schema.org\",\"@graph\":[{\"@type\":\"Article\",\"@id\":\"https:\\\/\\\/radioljubuski.ba\\\/index.php\\\/2021\\\/03\\\/09\\\/matej-mandic-na-okupljanju-hrvatske-muske-kadetske-selekcije\\\/#article\",\"isPartOf\":{\"@id\":\"https:\\\/\\\/radioljubuski.ba\\\/index.php\\\/2021\\\/03\\\/09\\\/matej-mandic-na-okupljanju-hrvatske-muske-kadetske-selekcije\\\/\"},\"author\":{\"name\":\"Radio Ljubu\u0161ki\",\"@id\":\"https:\\\/\\\/radioljubuski.ba\\\/#\\\/schema\\\/person\\\/19fc700381a780f69665d7956c469e3b\"},\"headline\":\"Matej Mandi\u0107 na okupljanju hrvatske mu\u0161ke kadetske selekcije\",\"datePublished\":\"2021-03-09T13:56:38+00:00\",\"dateModified\":\"2021-03-09T13:56:39+00:00\",\"mainEntityOfPage\":{\"@id\":\"https:\\\/\\\/radioljubuski.ba\\\/index.php\\\/2021\\\/03\\\/09\\\/matej-mandic-na-okupljanju-hrvatske-muske-kadetske-selekcije\\\/\"},\"wordCount\":516,\"publisher\":{\"@id\":\"https:\\\/\\\/radioljubuski.ba\\\/#organization\"},\"image\":{\"@id\":\"https:\\\/\\\/radioljubuski.ba\\\/index.php\\\/2021\\\/03\\\/09\\\/matej-mandic-na-okupljanju-hrvatske-muske-kadetske-selekcije\\\/#primaryimage\"},\"thumbnailUrl\":\"https:\\\/\\\/radioljubuski.ba\\\/wp-content\\\/uploads\\\/2021\\\/03\\\/mandic.jpg\",\"articleSection\":[\"BIH i regija\"],\"inLanguage\":\"hr\"},{\"@type\":\"WebPage\",\"@id\":\"https:\\\/\\\/radioljubuski.ba\\\/index.php\\\/2021\\\/03\\\/09\\\/matej-mandic-na-okupljanju-hrvatske-muske-kadetske-selekcije\\\/\",\"url\":\"https:\\\/\\\/radioljubuski.ba\\\/index.php\\\/2021\\\/03\\\/09\\\/matej-mandic-na-okupljanju-hrvatske-muske-kadetske-selekcije\\\/\",\"name\":\"Matej Mandi\u0107 na okupljanju hrvatske mu\u0161ke kadetske selekcije - RADIO LJUBU\u0160KI\",\"isPartOf\":{\"@id\":\"https:\\\/\\\/radioljubuski.ba\\\/#website\"},\"primaryImageOfPage\":{\"@id\":\"https:\\\/\\\/radioljubuski.ba\\\/index.php\\\/2021\\\/03\\\/09\\\/matej-mandic-na-okupljanju-hrvatske-muske-kadetske-selekcije\\\/#primaryimage\"},\"image\":{\"@id\":\"https:\\\/\\\/radioljubuski.ba\\\/index.php\\\/2021\\\/03\\\/09\\\/matej-mandic-na-okupljanju-hrvatske-muske-kadetske-selekcije\\\/#primaryimage\"},\"thumbnailUrl\":\"https:\\\/\\\/radioljubuski.ba\\\/wp-content\\\/uploads\\\/2021\\\/03\\\/mandic.jpg\",\"datePublished\":\"2021-03-09T13:56:38+00:00\",\"dateModified\":\"2021-03-09T13:56:39+00:00\",\"breadcrumb\":{\"@id\":\"https:\\\/\\\/radioljubuski.ba\\\/index.php\\\/2021\\\/03\\\/09\\\/matej-mandic-na-okupljanju-hrvatske-muske-kadetske-selekcije\\\/#breadcrumb\"},\"inLanguage\":\"hr\",\"potentialAction\":[{\"@type\":\"ReadAction\",\"target\":[\"https:\\\/\\\/radioljubuski.ba\\\/index.php\\\/2021\\\/03\\\/09\\\/matej-mandic-na-okupljanju-hrvatske-muske-kadetske-selekcije\\\/\"]}]},{\"@type\":\"ImageObject\",\"inLanguage\":\"hr\",\"@id\":\"https:\\\/\\\/radioljubuski.ba\\\/index.php\\\/2021\\\/03\\\/09\\\/matej-mandic-na-okupljanju-hrvatske-muske-kadetske-selekcije\\\/#primaryimage\",\"url\":\"https:\\\/\\\/radioljubuski.ba\\\/wp-content\\\/uploads\\\/2021\\\/03\\\/mandic.jpg\",\"contentUrl\":\"https:\\\/\\\/radioljubuski.ba\\\/wp-content\\\/uploads\\\/2021\\\/03\\\/mandic.jpg\",\"width\":1024,\"height\":558},{\"@type\":\"BreadcrumbList\",\"@id\":\"https:\\\/\\\/radioljubuski.ba\\\/index.php\\\/2021\\\/03\\\/09\\\/matej-mandic-na-okupljanju-hrvatske-muske-kadetske-selekcije\\\/#breadcrumb\",\"itemListElement\":[{\"@type\":\"ListItem\",\"position\":1,\"name\":\"Po\u010detna stranica\",\"item\":\"https:\\\/\\\/radioljubuski.ba\\\/\"},{\"@type\":\"ListItem\",\"position\":2,\"name\":\"Matej Mandi\u0107 na okupljanju hrvatske mu\u0161ke kadetske selekcije\"}]},{\"@type\":\"WebSite\",\"@id\":\"https:\\\/\\\/radioljubuski.ba\\\/#website\",\"url\":\"https:\\\/\\\/radioljubuski.ba\\\/\",\"name\":\"Radio Ljubu\u0161ki\",\"description\":\"Sun\u010dana frekvencija Hercegovine\",\"publisher\":{\"@id\":\"https:\\\/\\\/radioljubuski.ba\\\/#organization\"},\"potentialAction\":[{\"@type\":\"SearchAction\",\"target\":{\"@type\":\"EntryPoint\",\"urlTemplate\":\"https:\\\/\\\/radioljubuski.ba\\\/?s={search_term_string}\"},\"query-input\":{\"@type\":\"PropertyValueSpecification\",\"valueRequired\":true,\"valueName\":\"search_term_string\"}}],\"inLanguage\":\"hr\"},{\"@type\":\"Organization\",\"@id\":\"https:\\\/\\\/radioljubuski.ba\\\/#organization\",\"name\":\"Radio Ljubu\u0161ki\",\"url\":\"https:\\\/\\\/radioljubuski.ba\\\/\",\"logo\":{\"@type\":\"ImageObject\",\"inLanguage\":\"hr\",\"@id\":\"https:\\\/\\\/radioljubuski.ba\\\/#\\\/schema\\\/logo\\\/image\\\/\",\"url\":\"https:\\\/\\\/radioljubuski.ba\\\/wp-content\\\/uploads\\\/2021\\\/02\\\/cropped-Radio_Ljubuski_logo1.jpg\",\"contentUrl\":\"https:\\\/\\\/radioljubuski.ba\\\/wp-content\\\/uploads\\\/2021\\\/02\\\/cropped-Radio_Ljubuski_logo1.jpg\",\"width\":512,\"height\":512,\"caption\":\"Radio Ljubu\u0161ki\"},\"image\":{\"@id\":\"https:\\\/\\\/radioljubuski.ba\\\/#\\\/schema\\\/logo\\\/image\\\/\"},\"sameAs\":[\"https:\\\/\\\/www.facebook.com\\\/Radiio-Ljubuski-1490835324566332\",\"https:\\\/\\\/x.com\\\/radioljubuski\",\"https:\\\/\\\/hr.linkedin.com\\\/company\\\/radio-ljubuski\",\"https:\\\/\\\/www.youtube.com\\\/channel\\\/UCHYaeO_n0Db3tjNGudGpXyw\"]},{\"@type\":\"Person\",\"@id\":\"https:\\\/\\\/radioljubuski.ba\\\/#\\\/schema\\\/person\\\/19fc700381a780f69665d7956c469e3b\",\"name\":\"Radio Ljubu\u0161ki\"}]}<\/script>\n<!-- \/ Yoast SEO plugin. -->","yoast_head_json":{"title":"Matej Mandi\u0107 na okupljanju hrvatske mu\u0161ke kadetske selekcije - RADIO LJUBU\u0160KI","robots":{"index":"index","follow":"follow","max-snippet":"max-snippet:-1","max-image-preview":"max-image-preview:large","max-video-preview":"max-video-preview:-1"},"canonical":"https:\/\/radioljubuski.ba\/index.php\/2021\/03\/09\/matej-mandic-na-okupljanju-hrvatske-muske-kadetske-selekcije\/","og_locale":"hr_HR","og_type":"article","og_title":"Matej Mandi\u0107 na okupljanju hrvatske mu\u0161ke kadetske selekcije - RADIO LJUBU\u0160KI","og_description":"Nakon hrvatske mu\u0161ke senirske reprezenacije, ju\u010der se okupila i hrvatska mu\u0161ka kadetska selekcija. Izbornik Kre\u0161o Ivankovi\u0107 pozvao je 18 igra\u010da. Na listi pri\u010duva nalazi se jo\u0161 \u0161est igra\u010da. Odmah nakon okupljanja reprezentacije je produ\u017eila do Ivani\u0107 Grada gdje \u0107e boraviti sljede\u0107ih sedam dana i trenirati. Uz mu\u0161ku seniorsku reprezenaciju koju ovaj tjedan \u010dekaju kvalifikacije za [&hellip;]","og_url":"https:\/\/radioljubuski.ba\/index.php\/2021\/03\/09\/matej-mandic-na-okupljanju-hrvatske-muske-kadetske-selekcije\/","og_site_name":"RADIO LJUBU\u0160KI","article_publisher":"https:\/\/www.facebook.com\/Radiio-Ljubuski-1490835324566332","article_published_time":"2021-03-09T13:56:38+00:00","article_modified_time":"2021-03-09T13:56:39+00:00","og_image":[{"width":1024,"height":558,"url":"https:\/\/radioljubuski.ba\/wp-content\/uploads\/2021\/03\/mandic.jpg","type":"image\/jpeg"}],"author":"Radio Ljubu\u0161ki","twitter_card":"summary_large_image","twitter_creator":"@radioljubuski","twitter_site":"@radioljubuski","twitter_misc":{"Napisao\/la":"Radio Ljubu\u0161ki","Procijenjeno vrijeme \u010ditanja":"3 minute"},"schema":{"@context":"https:\/\/schema.org","@graph":[{"@type":"Article","@id":"https:\/\/radioljubuski.ba\/index.php\/2021\/03\/09\/matej-mandic-na-okupljanju-hrvatske-muske-kadetske-selekcije\/#article","isPartOf":{"@id":"https:\/\/radioljubuski.ba\/index.php\/2021\/03\/09\/matej-mandic-na-okupljanju-hrvatske-muske-kadetske-selekcije\/"},"author":{"name":"Radio Ljubu\u0161ki","@id":"https:\/\/radioljubuski.ba\/#\/schema\/person\/19fc700381a780f69665d7956c469e3b"},"headline":"Matej Mandi\u0107 na okupljanju hrvatske mu\u0161ke kadetske selekcije","datePublished":"2021-03-09T13:56:38+00:00","dateModified":"2021-03-09T13:56:39+00:00","mainEntityOfPage":{"@id":"https:\/\/radioljubuski.ba\/index.php\/2021\/03\/09\/matej-mandic-na-okupljanju-hrvatske-muske-kadetske-selekcije\/"},"wordCount":516,"publisher":{"@id":"https:\/\/radioljubuski.ba\/#organization"},"image":{"@id":"https:\/\/radioljubuski.ba\/index.php\/2021\/03\/09\/matej-mandic-na-okupljanju-hrvatske-muske-kadetske-selekcije\/#primaryimage"},"thumbnailUrl":"https:\/\/radioljubuski.ba\/wp-content\/uploads\/2021\/03\/mandic.jpg","articleSection":["BIH i regija"],"inLanguage":"hr"},{"@type":"WebPage","@id":"https:\/\/radioljubuski.ba\/index.php\/2021\/03\/09\/matej-mandic-na-okupljanju-hrvatske-muske-kadetske-selekcije\/","url":"https:\/\/radioljubuski.ba\/index.php\/2021\/03\/09\/matej-mandic-na-okupljanju-hrvatske-muske-kadetske-selekcije\/","name":"Matej Mandi\u0107 na okupljanju hrvatske mu\u0161ke kadetske selekcije - RADIO LJUBU\u0160KI","isPartOf":{"@id":"https:\/\/radioljubuski.ba\/#website"},"primaryImageOfPage":{"@id":"https:\/\/radioljubuski.ba\/index.php\/2021\/03\/09\/matej-mandic-na-okupljanju-hrvatske-muske-kadetske-selekcije\/#primaryimage"},"image":{"@id":"https:\/\/radioljubuski.ba\/index.php\/2021\/03\/09\/matej-mandic-na-okupljanju-hrvatske-muske-kadetske-selekcije\/#primaryimage"},"thumbnailUrl":"https:\/\/radioljubuski.ba\/wp-content\/uploads\/2021\/03\/mandic.jpg","datePublished":"2021-03-09T13:56:38+00:00","dateModified":"2021-03-09T13:56:39+00:00","breadcrumb":{"@id":"https:\/\/radioljubuski.ba\/index.php\/2021\/03\/09\/matej-mandic-na-okupljanju-hrvatske-muske-kadetske-selekcije\/#breadcrumb"},"inLanguage":"hr","potentialAction":[{"@type":"ReadAction","target":["https:\/\/radioljubuski.ba\/index.php\/2021\/03\/09\/matej-mandic-na-okupljanju-hrvatske-muske-kadetske-selekcije\/"]}]},{"@type":"ImageObject","inLanguage":"hr","@id":"https:\/\/radioljubuski.ba\/index.php\/2021\/03\/09\/matej-mandic-na-okupljanju-hrvatske-muske-kadetske-selekcije\/#primaryimage","url":"https:\/\/radioljubuski.ba\/wp-content\/uploads\/2021\/03\/mandic.jpg","contentUrl":"https:\/\/radioljubuski.ba\/wp-content\/uploads\/2021\/03\/mandic.jpg","width":1024,"height":558},{"@type":"BreadcrumbList","@id":"https:\/\/radioljubuski.ba\/index.php\/2021\/03\/09\/matej-mandic-na-okupljanju-hrvatske-muske-kadetske-selekcije\/#breadcrumb","itemListElement":[{"@type":"ListItem","position":1,"name":"Po\u010detna stranica","item":"https:\/\/radioljubuski.ba\/"},{"@type":"ListItem","position":2,"name":"Matej Mandi\u0107 na okupljanju hrvatske mu\u0161ke kadetske selekcije"}]},{"@type":"WebSite","@id":"https:\/\/radioljubuski.ba\/#website","url":"https:\/\/radioljubuski.ba\/","name":"Radio Ljubu\u0161ki","description":"Sun\u010dana frekvencija Hercegovine","publisher":{"@id":"https:\/\/radioljubuski.ba\/#organization"},"potentialAction":[{"@type":"SearchAction","target":{"@type":"EntryPoint","urlTemplate":"https:\/\/radioljubuski.ba\/?s={search_term_string}"},"query-input":{"@type":"PropertyValueSpecification","valueRequired":true,"valueName":"search_term_string"}}],"inLanguage":"hr"},{"@type":"Organization","@id":"https:\/\/radioljubuski.ba\/#organization","name":"Radio Ljubu\u0161ki","url":"https:\/\/radioljubuski.ba\/","logo":{"@type":"ImageObject","inLanguage":"hr","@id":"https:\/\/radioljubuski.ba\/#\/schema\/logo\/image\/","url":"https:\/\/radioljubuski.ba\/wp-content\/uploads\/2021\/02\/cropped-Radio_Ljubuski_logo1.jpg","contentUrl":"https:\/\/radioljubuski.ba\/wp-content\/uploads\/2021\/02\/cropped-Radio_Ljubuski_logo1.jpg","width":512,"height":512,"caption":"Radio Ljubu\u0161ki"},"image":{"@id":"https:\/\/radioljubuski.ba\/#\/schema\/logo\/image\/"},"sameAs":["https:\/\/www.facebook.com\/Radiio-Ljubuski-1490835324566332","https:\/\/x.com\/radioljubuski","https:\/\/hr.linkedin.com\/company\/radio-ljubuski","https:\/\/www.youtube.com\/channel\/UCHYaeO_n0Db3tjNGudGpXyw"]},{"@type":"Person","@id":"https:\/\/radioljubuski.ba\/#\/schema\/person\/19fc700381a780f69665d7956c469e3b","name":"Radio Ljubu\u0161ki"}]}},"_links":{"self":[{"href":"https:\/\/radioljubuski.ba\/index.php\/wp-json\/wp\/v2\/posts\/2260","targetHints":{"allow":["GET"]}}],"collection":[{"href":"https:\/\/radioljubuski.ba\/index.php\/wp-json\/wp\/v2\/posts"}],"about":[{"href":"https:\/\/radioljubuski.ba\/index.php\/wp-json\/wp\/v2\/types\/post"}],"author":[{"embeddable":true,"href":"https:\/\/radioljubuski.ba\/index.php\/wp-json\/wp\/v2\/users\/2"}],"replies":[{"embeddable":true,"href":"https:\/\/radioljubuski.ba\/index.php\/wp-json\/wp\/v2\/comments?post=2260"}],"version-history":[{"count":1,"href":"https:\/\/radioljubuski.ba\/index.php\/wp-json\/wp\/v2\/posts\/2260\/revisions"}],"predecessor-version":[{"id":2262,"href":"https:\/\/radioljubuski.ba\/index.php\/wp-json\/wp\/v2\/posts\/2260\/revisions\/2262"}],"wp:featuredmedia":[{"embeddable":true,"href":"https:\/\/radioljubuski.ba\/index.php\/wp-json\/wp\/v2\/media\/2261"}],"wp:attachment":[{"href":"https:\/\/radioljubuski.ba\/index.php\/wp-json\/wp\/v2\/media?parent=2260"}],"wp:term":[{"taxonomy":"category","embeddable":true,"href":"https:\/\/radioljubuski.ba\/index.php\/wp-json\/wp\/v2\/categories?post=2260"},{"taxonomy":"post_tag","embeddable":true,"href":"https:\/\/radioljubuski.ba\/index.php\/wp-json\/wp\/v2\/tags?post=2260"}],"curies":[{"name":"wp","href":"https:\/\/api.w.org\/{rel}","templated":true}]}}