{"id":226219,"date":"2026-03-12T12:01:51","date_gmt":"2026-03-12T11:01:51","guid":{"rendered":"https:\/\/radioljubuski.ba\/?p=226219"},"modified":"2026-03-12T12:01:54","modified_gmt":"2026-03-12T11:01:54","slug":"kino-ljubuski-ove-subote-spuzva-bob-i-mag-iz-kremlja","status":"publish","type":"post","link":"https:\/\/radioljubuski.ba\/index.php\/2026\/03\/12\/kino-ljubuski-ove-subote-spuzva-bob-i-mag-iz-kremlja\/","title":{"rendered":"Kino Ljubu\u0161ki ove subote: Spu\u017eva Bob i Mag iz Kremlja"},"content":{"rendered":"\n<p>U subotu, 14. o\u017eujka, ljubitelje filma o\u010dekuju dvije zanimljive projekcije koje donose zabavu za najmla\u0111e, ali i ozbiljniju filmsku pri\u010du za stariju publiku.<\/p>\n\n\n\n<p>Ve\u0107 od 18 sati na rasporedu je animirani avanturisti\u010dki film <strong>\u201eSpu\u017eva Bob Film: Potraga za Skockanim\u201c<\/strong>, u trajanju od 96 minuta. Ulaznica iznosi 5,00 KM. U novom filmskom spektaklu Spu\u017eva Bob i njegovi prijatelji iz Koralova kre\u0107u u veliku i nezaboravnu pustolovinu. U \u017eelji da doka\u017ee svoju hrabrost gospodinu Krabi i poka\u017ee da je \u201eveliki momak\u201c, Spu\u017eva Bob prati Lete\u0107eg Holan\u0111anina, tajanstvenog duha pirata, na duhovitom putovanju kroz najdublje dubine oceana. Ovaj film donosi \u0161arenu i zabavnu avanturu namijenjenu cijeloj obitelji.<\/p>\n\n\n\n<p>Istoga dana, u ve\u010dernjem terminu od 20.30 sati, publika \u0107e mo\u0107i pogledati film <strong>\u201eMag iz Kremlja\u201c<\/strong>, politi\u010dku dramu i triler u trajanju od 2 sata i 25 minuta. Cijena ulaznice tako\u0111er je 5,00 KM, a film je preporu\u010den za uzrast 12+. Rije\u010d je o napetoj pri\u010di koja prikazuje kako nastaje i djeluje mo\u0107 iza kulisa politike. U sredi\u0161tu radnje nalazi se \u010dovjek koji iz sjene sudjeluje u izgradnji politi\u010dkog sustava moderne Rusije, a film kroz splet intriga, manipulacija i borbe za utjecaj donosi sna\u017ean pogled na svijet propagande i mo\u0107i. U glavnim ulogama nastupaju Paul Dano, Alicia Vikander i Tom Sturridge, uz Jeffreyja Wrighta i Judea Lawa, dok re\u017eiju potpisuje Olivier Assayas.<\/p>\n\n\n\n<figure class=\"wp-block-gallery has-nested-images columns-default is-cropped wp-block-gallery-1 is-layout-flex wp-block-gallery-is-layout-flex\">\n<figure class=\"wp-block-image size-large\"><img loading=\"lazy\" decoding=\"async\" width=\"819\" height=\"1024\" data-id=\"226222\" src=\"https:\/\/radioljubuski.ba\/wp-content\/uploads\/2026\/03\/648845698_122113384467224659_6441846906181250763_n-1-819x1024.jpg\" alt=\"\" class=\"wp-image-226222\" srcset=\"https:\/\/radioljubuski.ba\/wp-content\/uploads\/2026\/03\/648845698_122113384467224659_6441846906181250763_n-1-819x1024.jpg 819w, https:\/\/radioljubuski.ba\/wp-content\/uploads\/2026\/03\/648845698_122113384467224659_6441846906181250763_n-1-240x300.jpg 240w, https:\/\/radioljubuski.ba\/wp-content\/uploads\/2026\/03\/648845698_122113384467224659_6441846906181250763_n-1-768x960.jpg 768w, https:\/\/radioljubuski.ba\/wp-content\/uploads\/2026\/03\/648845698_122113384467224659_6441846906181250763_n-1-10x12.jpg 10w, https:\/\/radioljubuski.ba\/wp-content\/uploads\/2026\/03\/648845698_122113384467224659_6441846906181250763_n-1.jpg 1074w\" sizes=\"auto, (max-width: 819px) 100vw, 819px\" \/><\/figure>\n\n\n\n<figure class=\"wp-block-image size-large\"><img loading=\"lazy\" decoding=\"async\" width=\"819\" height=\"1024\" data-id=\"226220\" src=\"https:\/\/radioljubuski.ba\/wp-content\/uploads\/2026\/03\/651035132_122113384989224659_1775845164114562066_n-819x1024.jpg\" alt=\"\" class=\"wp-image-226220\" srcset=\"https:\/\/radioljubuski.ba\/wp-content\/uploads\/2026\/03\/651035132_122113384989224659_1775845164114562066_n-819x1024.jpg 819w, https:\/\/radioljubuski.ba\/wp-content\/uploads\/2026\/03\/651035132_122113384989224659_1775845164114562066_n-240x300.jpg 240w, https:\/\/radioljubuski.ba\/wp-content\/uploads\/2026\/03\/651035132_122113384989224659_1775845164114562066_n-768x960.jpg 768w, https:\/\/radioljubuski.ba\/wp-content\/uploads\/2026\/03\/651035132_122113384989224659_1775845164114562066_n-10x12.jpg 10w, https:\/\/radioljubuski.ba\/wp-content\/uploads\/2026\/03\/651035132_122113384989224659_1775845164114562066_n.jpg 1074w\" sizes=\"auto, (max-width: 819px) 100vw, 819px\" \/><\/figure>\n<\/figure>\n","protected":false},"excerpt":{"rendered":"<p>U subotu, 14. o\u017eujka, ljubitelje filma o\u010dekuju dvije zanimljive projekcije koje donose zabavu za najmla\u0111e, ali i ozbiljniju filmsku pri\u010du za stariju publiku. Ve\u0107 od 18 sati na rasporedu je animirani avanturisti\u010dki film \u201eSpu\u017eva Bob Film: Potraga za Skockanim\u201c, u trajanju od 96 minuta. Ulaznica iznosi 5,00 KM. U novom filmskom spektaklu Spu\u017eva Bob i [&hellip;]<\/p>\n","protected":false},"author":2,"featured_media":225892,"comment_status":"closed","ping_status":"closed","sticky":false,"template":"","format":"standard","meta":{"h5ap_radio_sources":[],"footnotes":""},"categories":[66],"tags":[],"class_list":["post-226219","post","type-post","status-publish","format-standard","has-post-thumbnail","hentry","category-kino-ljubuski"],"yoast_head":"<!-- This site is optimized with the Yoast SEO plugin v27.5 - https:\/\/yoast.com\/product\/yoast-seo-wordpress\/ -->\n<title>Kino Ljubu\u0161ki ove subote: Spu\u017eva Bob i Mag iz Kremlja - RADIO LJUBU\u0160KI<\/title>\n<meta name=\"robots\" content=\"index, follow, max-snippet:-1, max-image-preview:large, max-video-preview:-1\" \/>\n<link rel=\"canonical\" href=\"https:\/\/radioljubuski.ba\/index.php\/2026\/03\/12\/kino-ljubuski-ove-subote-spuzva-bob-i-mag-iz-kremlja\/\" \/>\n<meta property=\"og:locale\" content=\"hr_HR\" \/>\n<meta property=\"og:type\" content=\"article\" \/>\n<meta property=\"og:title\" content=\"Kino Ljubu\u0161ki ove subote: Spu\u017eva Bob i Mag iz Kremlja - RADIO LJUBU\u0160KI\" \/>\n<meta property=\"og:description\" content=\"U subotu, 14. o\u017eujka, ljubitelje filma o\u010dekuju dvije zanimljive projekcije koje donose zabavu za najmla\u0111e, ali i ozbiljniju filmsku pri\u010du za stariju publiku. Ve\u0107 od 18 sati na rasporedu je animirani avanturisti\u010dki film \u201eSpu\u017eva Bob Film: Potraga za Skockanim\u201c, u trajanju od 96 minuta. Ulaznica iznosi 5,00 KM. U novom filmskom spektaklu Spu\u017eva Bob i [&hellip;]\" \/>\n<meta property=\"og:url\" content=\"https:\/\/radioljubuski.ba\/index.php\/2026\/03\/12\/kino-ljubuski-ove-subote-spuzva-bob-i-mag-iz-kremlja\/\" \/>\n<meta property=\"og:site_name\" content=\"RADIO LJUBU\u0160KI\" \/>\n<meta property=\"article:publisher\" content=\"https:\/\/www.facebook.com\/Radiio-Ljubuski-1490835324566332\" \/>\n<meta property=\"article:published_time\" content=\"2026-03-12T11:01:51+00:00\" \/>\n<meta property=\"article:modified_time\" content=\"2026-03-12T11:01:54+00:00\" \/>\n<meta property=\"og:image\" content=\"https:\/\/radioljubuski.ba\/wp-content\/uploads\/2026\/02\/Kino-cover-photo.png\" \/>\n\t<meta property=\"og:image:width\" content=\"2026\" \/>\n\t<meta property=\"og:image:height\" content=\"1351\" \/>\n\t<meta property=\"og:image:type\" content=\"image\/png\" \/>\n<meta name=\"author\" content=\"Radio Ljubu\u0161ki\" \/>\n<meta name=\"twitter:card\" content=\"summary_large_image\" \/>\n<meta name=\"twitter:creator\" content=\"@radioljubuski\" \/>\n<meta name=\"twitter:site\" content=\"@radioljubuski\" \/>\n<meta name=\"twitter:label1\" content=\"Napisao\/la\" \/>\n\t<meta name=\"twitter:data1\" content=\"Radio Ljubu\u0161ki\" \/>\n\t<meta name=\"twitter:label2\" content=\"Procijenjeno vrijeme \u010ditanja\" \/>\n\t<meta name=\"twitter:data2\" content=\"2 minute\" \/>\n<script type=\"application\/ld+json\" class=\"yoast-schema-graph\">{\"@context\":\"https:\\\/\\\/schema.org\",\"@graph\":[{\"@type\":\"Article\",\"@id\":\"https:\\\/\\\/radioljubuski.ba\\\/index.php\\\/2026\\\/03\\\/12\\\/kino-ljubuski-ove-subote-spuzva-bob-i-mag-iz-kremlja\\\/#article\",\"isPartOf\":{\"@id\":\"https:\\\/\\\/radioljubuski.ba\\\/index.php\\\/2026\\\/03\\\/12\\\/kino-ljubuski-ove-subote-spuzva-bob-i-mag-iz-kremlja\\\/\"},\"author\":{\"name\":\"Radio Ljubu\u0161ki\",\"@id\":\"https:\\\/\\\/radioljubuski.ba\\\/#\\\/schema\\\/person\\\/19fc700381a780f69665d7956c469e3b\"},\"headline\":\"Kino Ljubu\u0161ki ove subote: Spu\u017eva Bob i Mag iz Kremlja\",\"datePublished\":\"2026-03-12T11:01:51+00:00\",\"dateModified\":\"2026-03-12T11:01:54+00:00\",\"mainEntityOfPage\":{\"@id\":\"https:\\\/\\\/radioljubuski.ba\\\/index.php\\\/2026\\\/03\\\/12\\\/kino-ljubuski-ove-subote-spuzva-bob-i-mag-iz-kremlja\\\/\"},\"wordCount\":243,\"publisher\":{\"@id\":\"https:\\\/\\\/radioljubuski.ba\\\/#organization\"},\"image\":{\"@id\":\"https:\\\/\\\/radioljubuski.ba\\\/index.php\\\/2026\\\/03\\\/12\\\/kino-ljubuski-ove-subote-spuzva-bob-i-mag-iz-kremlja\\\/#primaryimage\"},\"thumbnailUrl\":\"https:\\\/\\\/radioljubuski.ba\\\/wp-content\\\/uploads\\\/2026\\\/02\\\/Kino-cover-photo.png\",\"articleSection\":[\"Kino Ljubu\u0161ki\"],\"inLanguage\":\"hr\"},{\"@type\":\"WebPage\",\"@id\":\"https:\\\/\\\/radioljubuski.ba\\\/index.php\\\/2026\\\/03\\\/12\\\/kino-ljubuski-ove-subote-spuzva-bob-i-mag-iz-kremlja\\\/\",\"url\":\"https:\\\/\\\/radioljubuski.ba\\\/index.php\\\/2026\\\/03\\\/12\\\/kino-ljubuski-ove-subote-spuzva-bob-i-mag-iz-kremlja\\\/\",\"name\":\"Kino Ljubu\u0161ki ove subote: Spu\u017eva Bob i Mag iz Kremlja - RADIO LJUBU\u0160KI\",\"isPartOf\":{\"@id\":\"https:\\\/\\\/radioljubuski.ba\\\/#website\"},\"primaryImageOfPage\":{\"@id\":\"https:\\\/\\\/radioljubuski.ba\\\/index.php\\\/2026\\\/03\\\/12\\\/kino-ljubuski-ove-subote-spuzva-bob-i-mag-iz-kremlja\\\/#primaryimage\"},\"image\":{\"@id\":\"https:\\\/\\\/radioljubuski.ba\\\/index.php\\\/2026\\\/03\\\/12\\\/kino-ljubuski-ove-subote-spuzva-bob-i-mag-iz-kremlja\\\/#primaryimage\"},\"thumbnailUrl\":\"https:\\\/\\\/radioljubuski.ba\\\/wp-content\\\/uploads\\\/2026\\\/02\\\/Kino-cover-photo.png\",\"datePublished\":\"2026-03-12T11:01:51+00:00\",\"dateModified\":\"2026-03-12T11:01:54+00:00\",\"breadcrumb\":{\"@id\":\"https:\\\/\\\/radioljubuski.ba\\\/index.php\\\/2026\\\/03\\\/12\\\/kino-ljubuski-ove-subote-spuzva-bob-i-mag-iz-kremlja\\\/#breadcrumb\"},\"inLanguage\":\"hr\",\"potentialAction\":[{\"@type\":\"ReadAction\",\"target\":[\"https:\\\/\\\/radioljubuski.ba\\\/index.php\\\/2026\\\/03\\\/12\\\/kino-ljubuski-ove-subote-spuzva-bob-i-mag-iz-kremlja\\\/\"]}]},{\"@type\":\"ImageObject\",\"inLanguage\":\"hr\",\"@id\":\"https:\\\/\\\/radioljubuski.ba\\\/index.php\\\/2026\\\/03\\\/12\\\/kino-ljubuski-ove-subote-spuzva-bob-i-mag-iz-kremlja\\\/#primaryimage\",\"url\":\"https:\\\/\\\/radioljubuski.ba\\\/wp-content\\\/uploads\\\/2026\\\/02\\\/Kino-cover-photo.png\",\"contentUrl\":\"https:\\\/\\\/radioljubuski.ba\\\/wp-content\\\/uploads\\\/2026\\\/02\\\/Kino-cover-photo.png\",\"width\":2026,\"height\":1351},{\"@type\":\"BreadcrumbList\",\"@id\":\"https:\\\/\\\/radioljubuski.ba\\\/index.php\\\/2026\\\/03\\\/12\\\/kino-ljubuski-ove-subote-spuzva-bob-i-mag-iz-kremlja\\\/#breadcrumb\",\"itemListElement\":[{\"@type\":\"ListItem\",\"position\":1,\"name\":\"Po\u010detna stranica\",\"item\":\"https:\\\/\\\/radioljubuski.ba\\\/\"},{\"@type\":\"ListItem\",\"position\":2,\"name\":\"Kino Ljubu\u0161ki ove subote: Spu\u017eva Bob i Mag iz Kremlja\"}]},{\"@type\":\"WebSite\",\"@id\":\"https:\\\/\\\/radioljubuski.ba\\\/#website\",\"url\":\"https:\\\/\\\/radioljubuski.ba\\\/\",\"name\":\"Radio Ljubu\u0161ki\",\"description\":\"Sun\u010dana frekvencija Hercegovine\",\"publisher\":{\"@id\":\"https:\\\/\\\/radioljubuski.ba\\\/#organization\"},\"potentialAction\":[{\"@type\":\"SearchAction\",\"target\":{\"@type\":\"EntryPoint\",\"urlTemplate\":\"https:\\\/\\\/radioljubuski.ba\\\/?s={search_term_string}\"},\"query-input\":{\"@type\":\"PropertyValueSpecification\",\"valueRequired\":true,\"valueName\":\"search_term_string\"}}],\"inLanguage\":\"hr\"},{\"@type\":\"Organization\",\"@id\":\"https:\\\/\\\/radioljubuski.ba\\\/#organization\",\"name\":\"Radio Ljubu\u0161ki\",\"url\":\"https:\\\/\\\/radioljubuski.ba\\\/\",\"logo\":{\"@type\":\"ImageObject\",\"inLanguage\":\"hr\",\"@id\":\"https:\\\/\\\/radioljubuski.ba\\\/#\\\/schema\\\/logo\\\/image\\\/\",\"url\":\"https:\\\/\\\/radioljubuski.ba\\\/wp-content\\\/uploads\\\/2021\\\/02\\\/cropped-Radio_Ljubuski_logo1.jpg\",\"contentUrl\":\"https:\\\/\\\/radioljubuski.ba\\\/wp-content\\\/uploads\\\/2021\\\/02\\\/cropped-Radio_Ljubuski_logo1.jpg\",\"width\":512,\"height\":512,\"caption\":\"Radio Ljubu\u0161ki\"},\"image\":{\"@id\":\"https:\\\/\\\/radioljubuski.ba\\\/#\\\/schema\\\/logo\\\/image\\\/\"},\"sameAs\":[\"https:\\\/\\\/www.facebook.com\\\/Radiio-Ljubuski-1490835324566332\",\"https:\\\/\\\/x.com\\\/radioljubuski\",\"https:\\\/\\\/hr.linkedin.com\\\/company\\\/radio-ljubuski\",\"https:\\\/\\\/www.youtube.com\\\/channel\\\/UCHYaeO_n0Db3tjNGudGpXyw\"]},{\"@type\":\"Person\",\"@id\":\"https:\\\/\\\/radioljubuski.ba\\\/#\\\/schema\\\/person\\\/19fc700381a780f69665d7956c469e3b\",\"name\":\"Radio Ljubu\u0161ki\"}]}<\/script>\n<!-- \/ Yoast SEO plugin. -->","yoast_head_json":{"title":"Kino Ljubu\u0161ki ove subote: Spu\u017eva Bob i Mag iz Kremlja - RADIO LJUBU\u0160KI","robots":{"index":"index","follow":"follow","max-snippet":"max-snippet:-1","max-image-preview":"max-image-preview:large","max-video-preview":"max-video-preview:-1"},"canonical":"https:\/\/radioljubuski.ba\/index.php\/2026\/03\/12\/kino-ljubuski-ove-subote-spuzva-bob-i-mag-iz-kremlja\/","og_locale":"hr_HR","og_type":"article","og_title":"Kino Ljubu\u0161ki ove subote: Spu\u017eva Bob i Mag iz Kremlja - RADIO LJUBU\u0160KI","og_description":"U subotu, 14. o\u017eujka, ljubitelje filma o\u010dekuju dvije zanimljive projekcije koje donose zabavu za najmla\u0111e, ali i ozbiljniju filmsku pri\u010du za stariju publiku. Ve\u0107 od 18 sati na rasporedu je animirani avanturisti\u010dki film \u201eSpu\u017eva Bob Film: Potraga za Skockanim\u201c, u trajanju od 96 minuta. Ulaznica iznosi 5,00 KM. U novom filmskom spektaklu Spu\u017eva Bob i [&hellip;]","og_url":"https:\/\/radioljubuski.ba\/index.php\/2026\/03\/12\/kino-ljubuski-ove-subote-spuzva-bob-i-mag-iz-kremlja\/","og_site_name":"RADIO LJUBU\u0160KI","article_publisher":"https:\/\/www.facebook.com\/Radiio-Ljubuski-1490835324566332","article_published_time":"2026-03-12T11:01:51+00:00","article_modified_time":"2026-03-12T11:01:54+00:00","og_image":[{"width":2026,"height":1351,"url":"https:\/\/radioljubuski.ba\/wp-content\/uploads\/2026\/02\/Kino-cover-photo.png","type":"image\/png"}],"author":"Radio Ljubu\u0161ki","twitter_card":"summary_large_image","twitter_creator":"@radioljubuski","twitter_site":"@radioljubuski","twitter_misc":{"Napisao\/la":"Radio Ljubu\u0161ki","Procijenjeno vrijeme \u010ditanja":"2 minute"},"schema":{"@context":"https:\/\/schema.org","@graph":[{"@type":"Article","@id":"https:\/\/radioljubuski.ba\/index.php\/2026\/03\/12\/kino-ljubuski-ove-subote-spuzva-bob-i-mag-iz-kremlja\/#article","isPartOf":{"@id":"https:\/\/radioljubuski.ba\/index.php\/2026\/03\/12\/kino-ljubuski-ove-subote-spuzva-bob-i-mag-iz-kremlja\/"},"author":{"name":"Radio Ljubu\u0161ki","@id":"https:\/\/radioljubuski.ba\/#\/schema\/person\/19fc700381a780f69665d7956c469e3b"},"headline":"Kino Ljubu\u0161ki ove subote: Spu\u017eva Bob i Mag iz Kremlja","datePublished":"2026-03-12T11:01:51+00:00","dateModified":"2026-03-12T11:01:54+00:00","mainEntityOfPage":{"@id":"https:\/\/radioljubuski.ba\/index.php\/2026\/03\/12\/kino-ljubuski-ove-subote-spuzva-bob-i-mag-iz-kremlja\/"},"wordCount":243,"publisher":{"@id":"https:\/\/radioljubuski.ba\/#organization"},"image":{"@id":"https:\/\/radioljubuski.ba\/index.php\/2026\/03\/12\/kino-ljubuski-ove-subote-spuzva-bob-i-mag-iz-kremlja\/#primaryimage"},"thumbnailUrl":"https:\/\/radioljubuski.ba\/wp-content\/uploads\/2026\/02\/Kino-cover-photo.png","articleSection":["Kino Ljubu\u0161ki"],"inLanguage":"hr"},{"@type":"WebPage","@id":"https:\/\/radioljubuski.ba\/index.php\/2026\/03\/12\/kino-ljubuski-ove-subote-spuzva-bob-i-mag-iz-kremlja\/","url":"https:\/\/radioljubuski.ba\/index.php\/2026\/03\/12\/kino-ljubuski-ove-subote-spuzva-bob-i-mag-iz-kremlja\/","name":"Kino Ljubu\u0161ki ove subote: Spu\u017eva Bob i Mag iz Kremlja - RADIO LJUBU\u0160KI","isPartOf":{"@id":"https:\/\/radioljubuski.ba\/#website"},"primaryImageOfPage":{"@id":"https:\/\/radioljubuski.ba\/index.php\/2026\/03\/12\/kino-ljubuski-ove-subote-spuzva-bob-i-mag-iz-kremlja\/#primaryimage"},"image":{"@id":"https:\/\/radioljubuski.ba\/index.php\/2026\/03\/12\/kino-ljubuski-ove-subote-spuzva-bob-i-mag-iz-kremlja\/#primaryimage"},"thumbnailUrl":"https:\/\/radioljubuski.ba\/wp-content\/uploads\/2026\/02\/Kino-cover-photo.png","datePublished":"2026-03-12T11:01:51+00:00","dateModified":"2026-03-12T11:01:54+00:00","breadcrumb":{"@id":"https:\/\/radioljubuski.ba\/index.php\/2026\/03\/12\/kino-ljubuski-ove-subote-spuzva-bob-i-mag-iz-kremlja\/#breadcrumb"},"inLanguage":"hr","potentialAction":[{"@type":"ReadAction","target":["https:\/\/radioljubuski.ba\/index.php\/2026\/03\/12\/kino-ljubuski-ove-subote-spuzva-bob-i-mag-iz-kremlja\/"]}]},{"@type":"ImageObject","inLanguage":"hr","@id":"https:\/\/radioljubuski.ba\/index.php\/2026\/03\/12\/kino-ljubuski-ove-subote-spuzva-bob-i-mag-iz-kremlja\/#primaryimage","url":"https:\/\/radioljubuski.ba\/wp-content\/uploads\/2026\/02\/Kino-cover-photo.png","contentUrl":"https:\/\/radioljubuski.ba\/wp-content\/uploads\/2026\/02\/Kino-cover-photo.png","width":2026,"height":1351},{"@type":"BreadcrumbList","@id":"https:\/\/radioljubuski.ba\/index.php\/2026\/03\/12\/kino-ljubuski-ove-subote-spuzva-bob-i-mag-iz-kremlja\/#breadcrumb","itemListElement":[{"@type":"ListItem","position":1,"name":"Po\u010detna stranica","item":"https:\/\/radioljubuski.ba\/"},{"@type":"ListItem","position":2,"name":"Kino Ljubu\u0161ki ove subote: Spu\u017eva Bob i Mag iz Kremlja"}]},{"@type":"WebSite","@id":"https:\/\/radioljubuski.ba\/#website","url":"https:\/\/radioljubuski.ba\/","name":"Radio Ljubu\u0161ki","description":"Sun\u010dana frekvencija Hercegovine","publisher":{"@id":"https:\/\/radioljubuski.ba\/#organization"},"potentialAction":[{"@type":"SearchAction","target":{"@type":"EntryPoint","urlTemplate":"https:\/\/radioljubuski.ba\/?s={search_term_string}"},"query-input":{"@type":"PropertyValueSpecification","valueRequired":true,"valueName":"search_term_string"}}],"inLanguage":"hr"},{"@type":"Organization","@id":"https:\/\/radioljubuski.ba\/#organization","name":"Radio Ljubu\u0161ki","url":"https:\/\/radioljubuski.ba\/","logo":{"@type":"ImageObject","inLanguage":"hr","@id":"https:\/\/radioljubuski.ba\/#\/schema\/logo\/image\/","url":"https:\/\/radioljubuski.ba\/wp-content\/uploads\/2021\/02\/cropped-Radio_Ljubuski_logo1.jpg","contentUrl":"https:\/\/radioljubuski.ba\/wp-content\/uploads\/2021\/02\/cropped-Radio_Ljubuski_logo1.jpg","width":512,"height":512,"caption":"Radio Ljubu\u0161ki"},"image":{"@id":"https:\/\/radioljubuski.ba\/#\/schema\/logo\/image\/"},"sameAs":["https:\/\/www.facebook.com\/Radiio-Ljubuski-1490835324566332","https:\/\/x.com\/radioljubuski","https:\/\/hr.linkedin.com\/company\/radio-ljubuski","https:\/\/www.youtube.com\/channel\/UCHYaeO_n0Db3tjNGudGpXyw"]},{"@type":"Person","@id":"https:\/\/radioljubuski.ba\/#\/schema\/person\/19fc700381a780f69665d7956c469e3b","name":"Radio Ljubu\u0161ki"}]}},"_links":{"self":[{"href":"https:\/\/radioljubuski.ba\/index.php\/wp-json\/wp\/v2\/posts\/226219","targetHints":{"allow":["GET"]}}],"collection":[{"href":"https:\/\/radioljubuski.ba\/index.php\/wp-json\/wp\/v2\/posts"}],"about":[{"href":"https:\/\/radioljubuski.ba\/index.php\/wp-json\/wp\/v2\/types\/post"}],"author":[{"embeddable":true,"href":"https:\/\/radioljubuski.ba\/index.php\/wp-json\/wp\/v2\/users\/2"}],"replies":[{"embeddable":true,"href":"https:\/\/radioljubuski.ba\/index.php\/wp-json\/wp\/v2\/comments?post=226219"}],"version-history":[{"count":1,"href":"https:\/\/radioljubuski.ba\/index.php\/wp-json\/wp\/v2\/posts\/226219\/revisions"}],"predecessor-version":[{"id":226223,"href":"https:\/\/radioljubuski.ba\/index.php\/wp-json\/wp\/v2\/posts\/226219\/revisions\/226223"}],"wp:featuredmedia":[{"embeddable":true,"href":"https:\/\/radioljubuski.ba\/index.php\/wp-json\/wp\/v2\/media\/225892"}],"wp:attachment":[{"href":"https:\/\/radioljubuski.ba\/index.php\/wp-json\/wp\/v2\/media?parent=226219"}],"wp:term":[{"taxonomy":"category","embeddable":true,"href":"https:\/\/radioljubuski.ba\/index.php\/wp-json\/wp\/v2\/categories?post=226219"},{"taxonomy":"post_tag","embeddable":true,"href":"https:\/\/radioljubuski.ba\/index.php\/wp-json\/wp\/v2\/tags?post=226219"}],"curies":[{"name":"wp","href":"https:\/\/api.w.org\/{rel}","templated":true}]}}