{"id":226225,"date":"2026-03-12T12:23:01","date_gmt":"2026-03-12T11:23:01","guid":{"rendered":"https:\/\/radioljubuski.ba\/?p=226225"},"modified":"2026-03-12T12:23:02","modified_gmt":"2026-03-12T11:23:02","slug":"skauti-slavili-u-trebinju-i-pobjegli-drugoplasiranom-borcu-na-sedam-bodova-prednosti","status":"publish","type":"post","link":"https:\/\/radioljubuski.ba\/index.php\/2026\/03\/12\/skauti-slavili-u-trebinju-i-pobjegli-drugoplasiranom-borcu-na-sedam-bodova-prednosti\/","title":{"rendered":"Skauti slavili u Trebinju i pobjegli drugoplasiranom Borcu na sedam bodova prednosti"},"content":{"rendered":"\n<p>Rukometa\u0161i Izvi\u0111a\u010da sino\u0107 su u Trebinju, u zaostaloj utakmici 16. kola Premijer lige BiH, pobijedili doma\u0107u mom\u010dad Leotara te nastavili svoj pobjedni\u010dki niz. Bila je to deseta uzastopna pobjeda u kojoj \u201eSkauti\u201c nisu briljirali, ali su odigrali onoliko koliko je bilo potrebno za osvajanje nova dva boda i dodatno pove\u0107anje prednosti na prvenstvenoj tablici.<\/p>\n\n\n\n<p>Osam kola prije kraja prvenstva \u201eSkauti\u201c imaju sedam bodova prednosti u odnosu na drugoplasiranu mom\u010dad RK Borac m:tel.<\/p>\n\n\n\n<p><strong>MVP utakmice<\/strong><br>Diano \u0106e\u0161ko \u2013 11 golova<\/p>\n\n\n\n<p>Najkorisniji igra\u010d susreta bio je Diano \u0106e\u0161ko koji je s 11 postignutih pogodaka predvodio Izvi\u0111a\u010d do nove prvenstvene pobjede i bio klju\u010dni igra\u010d u zavr\u0161nici susreta.<br><\/p>\n\n\n\n<p><strong>Kontrola igre u prvom poluvremenu<\/strong><br><\/p>\n\n\n\n<p>Rukometa\u0161i Izvi\u0111a\u010da u utakmicu su u\u0161li ne\u0161to sporije, dok je doma\u0107in, ohrabren pobjedom nad Maglajem u prethodnom kolu, tra\u017eio svoju priliku za osvajanje va\u017enih bodova.<\/p>\n\n\n\n<p>Izvi\u0111a\u010d je golovima Ratkovi\u0107a, \u0106e\u0161ke i \u0160ahinovi\u0107a poveo 3:0 ve\u0107 u 5. minuti susreta. Ste\u010denu prednost dr\u017eali su sve do 23. minute, kada su doma\u0107i s dva uzastopna pogotka smanjili zaostatak na samo jedan gol (10:11).<\/p>\n\n\n\n<p>U zavr\u0161nici prvog dijela Izvi\u0111a\u010d ponovno odlazi na tri gola prednosti, no posljednji pogodak u prvom poluvremenu posti\u017ee Nikovi\u0107, pa se na odmor odlazi s rezultatom 15:13 za Izvi\u0111a\u010d.<\/p>\n\n\n\n<p><strong>Leotar zaprijetio, ali Skauti prelomili utakmicu<\/strong><br><\/p>\n\n\n\n<p>U prvih petnaestak minuta nastavka doma\u0107in je ozbiljno zaprijetio. U 35. minuti Leotar uspijeva izjedna\u010diti na 16:16, a u 44. minuti dolazi i do dva gola prednosti (23:21).<\/p>\n\n\n\n<p>Tada su rukometa\u0161i Izvi\u0111a\u010da poja\u010dali ritam i s tri uzastopna pogotka ponovno preuzeli vodstvo (23:24 u 47. minuti). Doma\u0107i se ipak nisu predavali te su u 53. minuti ponovno stigli do izjedna\u010denja (27:27).<\/p>\n\n\n\n<p>U zavr\u0161nici susreta konce igre u svoje ruke preuzima Diano \u0106e\u0161ko, koji posti\u017ee \u010detiri uzastopna pogotka za Izvi\u0111a\u010d. U strijelce su se jo\u0161 upisali Meli\u0107, \u0160imi\u0107 i \u0160ahinovi\u0107, dok je vratar Milo\u0161 Kne\u017eevi\u0107 s dvije obrane sedmeraca dodatno pomogao mom\u010dadi.<\/p>\n\n\n\n<p>Na kraju su \u201eSkauti\u201c stigli do zaslu\u017eene pobjede rezultatom 34:29, \u0161to je ujedno bio i osnovni cilj ove utakmice.<\/p>\n\n\n\n<p><strong>Najbolji strijelci i vratari<\/strong><\/p>\n\n\n\n<p><br>Izvi\u0111a\u010d je do pobjede predvodio Diano \u0106e\u0161ko s 11 pogodaka.<\/p>\n\n\n\n<p>Amer \u0160ahinovi\u0107 \u2013 7 golova<br>Fahrudin Meli\u0107 \u2013 6 golova<br>Danijel Stijovi\u0107 \u2013 3 gola<br>Vratari Izvi\u0111a\u010da imali su 14 obrana:<\/p>\n\n\n\n<p>Milo\u0161 Kne\u017eevi\u0107 \u2013 10 obrana (2 sedmerca)<br>Aldin Alihod\u017ei\u0107 \u2013 4 obrane<br>Kod doma\u0107e mom\u010dadi najefikasniji su bili:<\/p>\n\n\n\n<p>Andrija Joki\u0107 \u2013 7 golova<br>Nemanja \u0110ura\u0161kovi\u0107 \u2013 7 golova<br>Milomir Ninkovi\u0107 \u2013 6 golova<br>Aleksandar Milojevi\u0107 \u2013 4 gola<br><\/p>\n\n\n\n<p><strong>Sljede\u0107a utakmica<\/strong><br><\/p>\n\n\n\n<p>Pred \u201eSkautima\u201c je ve\u0107 u subotu, 14. o\u017eujka 2026. godine, nova prvenstvena utakmica. U sklopu 19. kola Premijer lige BiH, u Gradskoj \u0161portskoj dvorani u Ljubu\u0161kom, Izvi\u0111a\u010d \u0107e ugostiti mom\u010dad Slobode iz Tuzle.<\/p>\n\n\n\n<p><strong>Premijer liga BiH 2025.\/2026. \u2013 16. kolo<\/strong><br><\/p>\n\n\n\n<p>Trebinje, 11.03.2026. u 18:30 sati<\/p>\n\n\n\n<p>RK Leotar \u2013 RK Izvi\u0111a\u010d Agram 29:34 (13:15)<\/p>\n\n\n\n<p>Trebinje, sportska dvorana \u201eMilo\u0161 Srdi\u0107\u201c, 100 gledatelja.<\/p>\n\n\n\n<p>Suci: Ivo Bo\u0161njak i Josip Mari\u0107 (Mostar)<br>Nadzornik: Milenko Turudi\u0107 (Mostar)<\/p>\n\n\n\n<p>RK Leotar<br>Vuleti\u0107, Ninkovi\u0107 6, Milojevi\u0107 4, Joki\u0107 7, Veraja 2, \u0110ura\u0161kovi\u0107 7\/6, Babi\u0107 2, An\u0111u\u0161i\u0107, Kova\u010d 1, D. Kova\u010d, Uljarevi\u0107, Vok\u0161i, Vasi\u0107, Pare\u017eanin, Grk, Oskar.<br>Trener: Velibor \u017darkovi\u0107<\/p>\n\n\n\n<p>RK Izvi\u0111a\u010d Agram<br>Alihod\u017ei\u0107 (4 obrane), Kne\u017eevi\u0107 (10 obrana, 2 sedmerca), Mandi\u0107, Odak, \u0160ahinovi\u0107 7, \u0160imi\u0107 1, Bubalo, Mi\u0161eti\u0107 1, Stijovi\u0107 3, \u0106e\u0161ko 11, Semi\u0107 2, Bebek 1, Lasi\u0107 1, Ratkovi\u0107 1, Meli\u0107 6\/3.<br>Trener: Ivan D\u017eoli\u0107<\/p>\n\n\n\n<p>Isklju\u010denja: Leotar 2 minute, Izvi\u0111a\u010d 6 minuta<br>Sedmerci: Leotar 8\/6, Izvi\u0111a\u010d 3\/3<\/p>\n\n\n\n<p>Izvor: Izvidjac.com<\/p>\n","protected":false},"excerpt":{"rendered":"<p>Rukometa\u0161i Izvi\u0111a\u010da sino\u0107 su u Trebinju, u zaostaloj utakmici 16. kola Premijer lige BiH, pobijedili doma\u0107u mom\u010dad Leotara te nastavili svoj pobjedni\u010dki niz. Bila je to deseta uzastopna pobjeda u kojoj \u201eSkauti\u201c nisu briljirali, ali su odigrali onoliko koliko je bilo potrebno za osvajanje nova dva boda i dodatno pove\u0107anje prednosti na prvenstvenoj tablici. Osam [&hellip;]<\/p>\n","protected":false},"author":2,"featured_media":226226,"comment_status":"closed","ping_status":"closed","sticky":false,"template":"","format":"standard","meta":{"h5ap_radio_sources":[],"footnotes":""},"categories":[3,7],"tags":[],"class_list":["post-226225","post","type-post","status-publish","format-standard","has-post-thumbnail","hentry","category-ljubuski","category-sport"],"yoast_head":"<!-- This site is optimized with the Yoast SEO plugin v27.5 - https:\/\/yoast.com\/product\/yoast-seo-wordpress\/ -->\n<title>Skauti slavili u Trebinju i pobjegli drugoplasiranom Borcu na sedam bodova prednosti - RADIO LJUBU\u0160KI<\/title>\n<meta name=\"robots\" content=\"index, follow, max-snippet:-1, max-image-preview:large, max-video-preview:-1\" \/>\n<link rel=\"canonical\" href=\"https:\/\/radioljubuski.ba\/index.php\/2026\/03\/12\/skauti-slavili-u-trebinju-i-pobjegli-drugoplasiranom-borcu-na-sedam-bodova-prednosti\/\" \/>\n<meta property=\"og:locale\" content=\"hr_HR\" \/>\n<meta property=\"og:type\" content=\"article\" \/>\n<meta property=\"og:title\" content=\"Skauti slavili u Trebinju i pobjegli drugoplasiranom Borcu na sedam bodova prednosti - RADIO LJUBU\u0160KI\" \/>\n<meta property=\"og:description\" content=\"Rukometa\u0161i Izvi\u0111a\u010da sino\u0107 su u Trebinju, u zaostaloj utakmici 16. kola Premijer lige BiH, pobijedili doma\u0107u mom\u010dad Leotara te nastavili svoj pobjedni\u010dki niz. Bila je to deseta uzastopna pobjeda u kojoj \u201eSkauti\u201c nisu briljirali, ali su odigrali onoliko koliko je bilo potrebno za osvajanje nova dva boda i dodatno pove\u0107anje prednosti na prvenstvenoj tablici. Osam [&hellip;]\" \/>\n<meta property=\"og:url\" content=\"https:\/\/radioljubuski.ba\/index.php\/2026\/03\/12\/skauti-slavili-u-trebinju-i-pobjegli-drugoplasiranom-borcu-na-sedam-bodova-prednosti\/\" \/>\n<meta property=\"og:site_name\" content=\"RADIO LJUBU\u0160KI\" \/>\n<meta property=\"article:publisher\" content=\"https:\/\/www.facebook.com\/Radiio-Ljubuski-1490835324566332\" \/>\n<meta property=\"article:published_time\" content=\"2026-03-12T11:23:01+00:00\" \/>\n<meta property=\"article:modified_time\" content=\"2026-03-12T11:23:02+00:00\" \/>\n<meta property=\"og:image\" content=\"https:\/\/radioljubuski.ba\/wp-content\/uploads\/2026\/03\/DJI_7687-web-1024x531-1.jpg\" \/>\n\t<meta property=\"og:image:width\" content=\"1024\" \/>\n\t<meta property=\"og:image:height\" content=\"531\" \/>\n\t<meta property=\"og:image:type\" content=\"image\/jpeg\" \/>\n<meta name=\"author\" content=\"Radio Ljubu\u0161ki\" \/>\n<meta name=\"twitter:card\" content=\"summary_large_image\" \/>\n<meta name=\"twitter:creator\" content=\"@radioljubuski\" \/>\n<meta name=\"twitter:site\" content=\"@radioljubuski\" \/>\n<meta name=\"twitter:label1\" content=\"Napisao\/la\" \/>\n\t<meta name=\"twitter:data1\" content=\"Radio Ljubu\u0161ki\" \/>\n\t<meta name=\"twitter:label2\" content=\"Procijenjeno vrijeme \u010ditanja\" \/>\n\t<meta name=\"twitter:data2\" content=\"4 minute\" \/>\n<script type=\"application\/ld+json\" class=\"yoast-schema-graph\">{\"@context\":\"https:\\\/\\\/schema.org\",\"@graph\":[{\"@type\":\"Article\",\"@id\":\"https:\\\/\\\/radioljubuski.ba\\\/index.php\\\/2026\\\/03\\\/12\\\/skauti-slavili-u-trebinju-i-pobjegli-drugoplasiranom-borcu-na-sedam-bodova-prednosti\\\/#article\",\"isPartOf\":{\"@id\":\"https:\\\/\\\/radioljubuski.ba\\\/index.php\\\/2026\\\/03\\\/12\\\/skauti-slavili-u-trebinju-i-pobjegli-drugoplasiranom-borcu-na-sedam-bodova-prednosti\\\/\"},\"author\":{\"name\":\"Radio Ljubu\u0161ki\",\"@id\":\"https:\\\/\\\/radioljubuski.ba\\\/#\\\/schema\\\/person\\\/19fc700381a780f69665d7956c469e3b\"},\"headline\":\"Skauti slavili u Trebinju i pobjegli drugoplasiranom Borcu na sedam bodova prednosti\",\"datePublished\":\"2026-03-12T11:23:01+00:00\",\"dateModified\":\"2026-03-12T11:23:02+00:00\",\"mainEntityOfPage\":{\"@id\":\"https:\\\/\\\/radioljubuski.ba\\\/index.php\\\/2026\\\/03\\\/12\\\/skauti-slavili-u-trebinju-i-pobjegli-drugoplasiranom-borcu-na-sedam-bodova-prednosti\\\/\"},\"wordCount\":558,\"publisher\":{\"@id\":\"https:\\\/\\\/radioljubuski.ba\\\/#organization\"},\"image\":{\"@id\":\"https:\\\/\\\/radioljubuski.ba\\\/index.php\\\/2026\\\/03\\\/12\\\/skauti-slavili-u-trebinju-i-pobjegli-drugoplasiranom-borcu-na-sedam-bodova-prednosti\\\/#primaryimage\"},\"thumbnailUrl\":\"https:\\\/\\\/radioljubuski.ba\\\/wp-content\\\/uploads\\\/2026\\\/03\\\/DJI_7687-web-1024x531-1.jpg\",\"articleSection\":[\"Ljubu\u0161ki\",\"\u0160port\"],\"inLanguage\":\"hr\"},{\"@type\":\"WebPage\",\"@id\":\"https:\\\/\\\/radioljubuski.ba\\\/index.php\\\/2026\\\/03\\\/12\\\/skauti-slavili-u-trebinju-i-pobjegli-drugoplasiranom-borcu-na-sedam-bodova-prednosti\\\/\",\"url\":\"https:\\\/\\\/radioljubuski.ba\\\/index.php\\\/2026\\\/03\\\/12\\\/skauti-slavili-u-trebinju-i-pobjegli-drugoplasiranom-borcu-na-sedam-bodova-prednosti\\\/\",\"name\":\"Skauti slavili u Trebinju i pobjegli drugoplasiranom Borcu na sedam bodova prednosti - RADIO LJUBU\u0160KI\",\"isPartOf\":{\"@id\":\"https:\\\/\\\/radioljubuski.ba\\\/#website\"},\"primaryImageOfPage\":{\"@id\":\"https:\\\/\\\/radioljubuski.ba\\\/index.php\\\/2026\\\/03\\\/12\\\/skauti-slavili-u-trebinju-i-pobjegli-drugoplasiranom-borcu-na-sedam-bodova-prednosti\\\/#primaryimage\"},\"image\":{\"@id\":\"https:\\\/\\\/radioljubuski.ba\\\/index.php\\\/2026\\\/03\\\/12\\\/skauti-slavili-u-trebinju-i-pobjegli-drugoplasiranom-borcu-na-sedam-bodova-prednosti\\\/#primaryimage\"},\"thumbnailUrl\":\"https:\\\/\\\/radioljubuski.ba\\\/wp-content\\\/uploads\\\/2026\\\/03\\\/DJI_7687-web-1024x531-1.jpg\",\"datePublished\":\"2026-03-12T11:23:01+00:00\",\"dateModified\":\"2026-03-12T11:23:02+00:00\",\"breadcrumb\":{\"@id\":\"https:\\\/\\\/radioljubuski.ba\\\/index.php\\\/2026\\\/03\\\/12\\\/skauti-slavili-u-trebinju-i-pobjegli-drugoplasiranom-borcu-na-sedam-bodova-prednosti\\\/#breadcrumb\"},\"inLanguage\":\"hr\",\"potentialAction\":[{\"@type\":\"ReadAction\",\"target\":[\"https:\\\/\\\/radioljubuski.ba\\\/index.php\\\/2026\\\/03\\\/12\\\/skauti-slavili-u-trebinju-i-pobjegli-drugoplasiranom-borcu-na-sedam-bodova-prednosti\\\/\"]}]},{\"@type\":\"ImageObject\",\"inLanguage\":\"hr\",\"@id\":\"https:\\\/\\\/radioljubuski.ba\\\/index.php\\\/2026\\\/03\\\/12\\\/skauti-slavili-u-trebinju-i-pobjegli-drugoplasiranom-borcu-na-sedam-bodova-prednosti\\\/#primaryimage\",\"url\":\"https:\\\/\\\/radioljubuski.ba\\\/wp-content\\\/uploads\\\/2026\\\/03\\\/DJI_7687-web-1024x531-1.jpg\",\"contentUrl\":\"https:\\\/\\\/radioljubuski.ba\\\/wp-content\\\/uploads\\\/2026\\\/03\\\/DJI_7687-web-1024x531-1.jpg\",\"width\":1024,\"height\":531},{\"@type\":\"BreadcrumbList\",\"@id\":\"https:\\\/\\\/radioljubuski.ba\\\/index.php\\\/2026\\\/03\\\/12\\\/skauti-slavili-u-trebinju-i-pobjegli-drugoplasiranom-borcu-na-sedam-bodova-prednosti\\\/#breadcrumb\",\"itemListElement\":[{\"@type\":\"ListItem\",\"position\":1,\"name\":\"Po\u010detna stranica\",\"item\":\"https:\\\/\\\/radioljubuski.ba\\\/\"},{\"@type\":\"ListItem\",\"position\":2,\"name\":\"Skauti slavili u Trebinju i pobjegli drugoplasiranom Borcu na sedam bodova prednosti\"}]},{\"@type\":\"WebSite\",\"@id\":\"https:\\\/\\\/radioljubuski.ba\\\/#website\",\"url\":\"https:\\\/\\\/radioljubuski.ba\\\/\",\"name\":\"Radio Ljubu\u0161ki\",\"description\":\"Sun\u010dana frekvencija Hercegovine\",\"publisher\":{\"@id\":\"https:\\\/\\\/radioljubuski.ba\\\/#organization\"},\"potentialAction\":[{\"@type\":\"SearchAction\",\"target\":{\"@type\":\"EntryPoint\",\"urlTemplate\":\"https:\\\/\\\/radioljubuski.ba\\\/?s={search_term_string}\"},\"query-input\":{\"@type\":\"PropertyValueSpecification\",\"valueRequired\":true,\"valueName\":\"search_term_string\"}}],\"inLanguage\":\"hr\"},{\"@type\":\"Organization\",\"@id\":\"https:\\\/\\\/radioljubuski.ba\\\/#organization\",\"name\":\"Radio Ljubu\u0161ki\",\"url\":\"https:\\\/\\\/radioljubuski.ba\\\/\",\"logo\":{\"@type\":\"ImageObject\",\"inLanguage\":\"hr\",\"@id\":\"https:\\\/\\\/radioljubuski.ba\\\/#\\\/schema\\\/logo\\\/image\\\/\",\"url\":\"https:\\\/\\\/radioljubuski.ba\\\/wp-content\\\/uploads\\\/2021\\\/02\\\/cropped-Radio_Ljubuski_logo1.jpg\",\"contentUrl\":\"https:\\\/\\\/radioljubuski.ba\\\/wp-content\\\/uploads\\\/2021\\\/02\\\/cropped-Radio_Ljubuski_logo1.jpg\",\"width\":512,\"height\":512,\"caption\":\"Radio Ljubu\u0161ki\"},\"image\":{\"@id\":\"https:\\\/\\\/radioljubuski.ba\\\/#\\\/schema\\\/logo\\\/image\\\/\"},\"sameAs\":[\"https:\\\/\\\/www.facebook.com\\\/Radiio-Ljubuski-1490835324566332\",\"https:\\\/\\\/x.com\\\/radioljubuski\",\"https:\\\/\\\/hr.linkedin.com\\\/company\\\/radio-ljubuski\",\"https:\\\/\\\/www.youtube.com\\\/channel\\\/UCHYaeO_n0Db3tjNGudGpXyw\"]},{\"@type\":\"Person\",\"@id\":\"https:\\\/\\\/radioljubuski.ba\\\/#\\\/schema\\\/person\\\/19fc700381a780f69665d7956c469e3b\",\"name\":\"Radio Ljubu\u0161ki\"}]}<\/script>\n<!-- \/ Yoast SEO plugin. -->","yoast_head_json":{"title":"Skauti slavili u Trebinju i pobjegli drugoplasiranom Borcu na sedam bodova prednosti - RADIO LJUBU\u0160KI","robots":{"index":"index","follow":"follow","max-snippet":"max-snippet:-1","max-image-preview":"max-image-preview:large","max-video-preview":"max-video-preview:-1"},"canonical":"https:\/\/radioljubuski.ba\/index.php\/2026\/03\/12\/skauti-slavili-u-trebinju-i-pobjegli-drugoplasiranom-borcu-na-sedam-bodova-prednosti\/","og_locale":"hr_HR","og_type":"article","og_title":"Skauti slavili u Trebinju i pobjegli drugoplasiranom Borcu na sedam bodova prednosti - RADIO LJUBU\u0160KI","og_description":"Rukometa\u0161i Izvi\u0111a\u010da sino\u0107 su u Trebinju, u zaostaloj utakmici 16. kola Premijer lige BiH, pobijedili doma\u0107u mom\u010dad Leotara te nastavili svoj pobjedni\u010dki niz. Bila je to deseta uzastopna pobjeda u kojoj \u201eSkauti\u201c nisu briljirali, ali su odigrali onoliko koliko je bilo potrebno za osvajanje nova dva boda i dodatno pove\u0107anje prednosti na prvenstvenoj tablici. Osam [&hellip;]","og_url":"https:\/\/radioljubuski.ba\/index.php\/2026\/03\/12\/skauti-slavili-u-trebinju-i-pobjegli-drugoplasiranom-borcu-na-sedam-bodova-prednosti\/","og_site_name":"RADIO LJUBU\u0160KI","article_publisher":"https:\/\/www.facebook.com\/Radiio-Ljubuski-1490835324566332","article_published_time":"2026-03-12T11:23:01+00:00","article_modified_time":"2026-03-12T11:23:02+00:00","og_image":[{"width":1024,"height":531,"url":"https:\/\/radioljubuski.ba\/wp-content\/uploads\/2026\/03\/DJI_7687-web-1024x531-1.jpg","type":"image\/jpeg"}],"author":"Radio Ljubu\u0161ki","twitter_card":"summary_large_image","twitter_creator":"@radioljubuski","twitter_site":"@radioljubuski","twitter_misc":{"Napisao\/la":"Radio Ljubu\u0161ki","Procijenjeno vrijeme \u010ditanja":"4 minute"},"schema":{"@context":"https:\/\/schema.org","@graph":[{"@type":"Article","@id":"https:\/\/radioljubuski.ba\/index.php\/2026\/03\/12\/skauti-slavili-u-trebinju-i-pobjegli-drugoplasiranom-borcu-na-sedam-bodova-prednosti\/#article","isPartOf":{"@id":"https:\/\/radioljubuski.ba\/index.php\/2026\/03\/12\/skauti-slavili-u-trebinju-i-pobjegli-drugoplasiranom-borcu-na-sedam-bodova-prednosti\/"},"author":{"name":"Radio Ljubu\u0161ki","@id":"https:\/\/radioljubuski.ba\/#\/schema\/person\/19fc700381a780f69665d7956c469e3b"},"headline":"Skauti slavili u Trebinju i pobjegli drugoplasiranom Borcu na sedam bodova prednosti","datePublished":"2026-03-12T11:23:01+00:00","dateModified":"2026-03-12T11:23:02+00:00","mainEntityOfPage":{"@id":"https:\/\/radioljubuski.ba\/index.php\/2026\/03\/12\/skauti-slavili-u-trebinju-i-pobjegli-drugoplasiranom-borcu-na-sedam-bodova-prednosti\/"},"wordCount":558,"publisher":{"@id":"https:\/\/radioljubuski.ba\/#organization"},"image":{"@id":"https:\/\/radioljubuski.ba\/index.php\/2026\/03\/12\/skauti-slavili-u-trebinju-i-pobjegli-drugoplasiranom-borcu-na-sedam-bodova-prednosti\/#primaryimage"},"thumbnailUrl":"https:\/\/radioljubuski.ba\/wp-content\/uploads\/2026\/03\/DJI_7687-web-1024x531-1.jpg","articleSection":["Ljubu\u0161ki","\u0160port"],"inLanguage":"hr"},{"@type":"WebPage","@id":"https:\/\/radioljubuski.ba\/index.php\/2026\/03\/12\/skauti-slavili-u-trebinju-i-pobjegli-drugoplasiranom-borcu-na-sedam-bodova-prednosti\/","url":"https:\/\/radioljubuski.ba\/index.php\/2026\/03\/12\/skauti-slavili-u-trebinju-i-pobjegli-drugoplasiranom-borcu-na-sedam-bodova-prednosti\/","name":"Skauti slavili u Trebinju i pobjegli drugoplasiranom Borcu na sedam bodova prednosti - RADIO LJUBU\u0160KI","isPartOf":{"@id":"https:\/\/radioljubuski.ba\/#website"},"primaryImageOfPage":{"@id":"https:\/\/radioljubuski.ba\/index.php\/2026\/03\/12\/skauti-slavili-u-trebinju-i-pobjegli-drugoplasiranom-borcu-na-sedam-bodova-prednosti\/#primaryimage"},"image":{"@id":"https:\/\/radioljubuski.ba\/index.php\/2026\/03\/12\/skauti-slavili-u-trebinju-i-pobjegli-drugoplasiranom-borcu-na-sedam-bodova-prednosti\/#primaryimage"},"thumbnailUrl":"https:\/\/radioljubuski.ba\/wp-content\/uploads\/2026\/03\/DJI_7687-web-1024x531-1.jpg","datePublished":"2026-03-12T11:23:01+00:00","dateModified":"2026-03-12T11:23:02+00:00","breadcrumb":{"@id":"https:\/\/radioljubuski.ba\/index.php\/2026\/03\/12\/skauti-slavili-u-trebinju-i-pobjegli-drugoplasiranom-borcu-na-sedam-bodova-prednosti\/#breadcrumb"},"inLanguage":"hr","potentialAction":[{"@type":"ReadAction","target":["https:\/\/radioljubuski.ba\/index.php\/2026\/03\/12\/skauti-slavili-u-trebinju-i-pobjegli-drugoplasiranom-borcu-na-sedam-bodova-prednosti\/"]}]},{"@type":"ImageObject","inLanguage":"hr","@id":"https:\/\/radioljubuski.ba\/index.php\/2026\/03\/12\/skauti-slavili-u-trebinju-i-pobjegli-drugoplasiranom-borcu-na-sedam-bodova-prednosti\/#primaryimage","url":"https:\/\/radioljubuski.ba\/wp-content\/uploads\/2026\/03\/DJI_7687-web-1024x531-1.jpg","contentUrl":"https:\/\/radioljubuski.ba\/wp-content\/uploads\/2026\/03\/DJI_7687-web-1024x531-1.jpg","width":1024,"height":531},{"@type":"BreadcrumbList","@id":"https:\/\/radioljubuski.ba\/index.php\/2026\/03\/12\/skauti-slavili-u-trebinju-i-pobjegli-drugoplasiranom-borcu-na-sedam-bodova-prednosti\/#breadcrumb","itemListElement":[{"@type":"ListItem","position":1,"name":"Po\u010detna stranica","item":"https:\/\/radioljubuski.ba\/"},{"@type":"ListItem","position":2,"name":"Skauti slavili u Trebinju i pobjegli drugoplasiranom Borcu na sedam bodova prednosti"}]},{"@type":"WebSite","@id":"https:\/\/radioljubuski.ba\/#website","url":"https:\/\/radioljubuski.ba\/","name":"Radio Ljubu\u0161ki","description":"Sun\u010dana frekvencija Hercegovine","publisher":{"@id":"https:\/\/radioljubuski.ba\/#organization"},"potentialAction":[{"@type":"SearchAction","target":{"@type":"EntryPoint","urlTemplate":"https:\/\/radioljubuski.ba\/?s={search_term_string}"},"query-input":{"@type":"PropertyValueSpecification","valueRequired":true,"valueName":"search_term_string"}}],"inLanguage":"hr"},{"@type":"Organization","@id":"https:\/\/radioljubuski.ba\/#organization","name":"Radio Ljubu\u0161ki","url":"https:\/\/radioljubuski.ba\/","logo":{"@type":"ImageObject","inLanguage":"hr","@id":"https:\/\/radioljubuski.ba\/#\/schema\/logo\/image\/","url":"https:\/\/radioljubuski.ba\/wp-content\/uploads\/2021\/02\/cropped-Radio_Ljubuski_logo1.jpg","contentUrl":"https:\/\/radioljubuski.ba\/wp-content\/uploads\/2021\/02\/cropped-Radio_Ljubuski_logo1.jpg","width":512,"height":512,"caption":"Radio Ljubu\u0161ki"},"image":{"@id":"https:\/\/radioljubuski.ba\/#\/schema\/logo\/image\/"},"sameAs":["https:\/\/www.facebook.com\/Radiio-Ljubuski-1490835324566332","https:\/\/x.com\/radioljubuski","https:\/\/hr.linkedin.com\/company\/radio-ljubuski","https:\/\/www.youtube.com\/channel\/UCHYaeO_n0Db3tjNGudGpXyw"]},{"@type":"Person","@id":"https:\/\/radioljubuski.ba\/#\/schema\/person\/19fc700381a780f69665d7956c469e3b","name":"Radio Ljubu\u0161ki"}]}},"_links":{"self":[{"href":"https:\/\/radioljubuski.ba\/index.php\/wp-json\/wp\/v2\/posts\/226225","targetHints":{"allow":["GET"]}}],"collection":[{"href":"https:\/\/radioljubuski.ba\/index.php\/wp-json\/wp\/v2\/posts"}],"about":[{"href":"https:\/\/radioljubuski.ba\/index.php\/wp-json\/wp\/v2\/types\/post"}],"author":[{"embeddable":true,"href":"https:\/\/radioljubuski.ba\/index.php\/wp-json\/wp\/v2\/users\/2"}],"replies":[{"embeddable":true,"href":"https:\/\/radioljubuski.ba\/index.php\/wp-json\/wp\/v2\/comments?post=226225"}],"version-history":[{"count":1,"href":"https:\/\/radioljubuski.ba\/index.php\/wp-json\/wp\/v2\/posts\/226225\/revisions"}],"predecessor-version":[{"id":226227,"href":"https:\/\/radioljubuski.ba\/index.php\/wp-json\/wp\/v2\/posts\/226225\/revisions\/226227"}],"wp:featuredmedia":[{"embeddable":true,"href":"https:\/\/radioljubuski.ba\/index.php\/wp-json\/wp\/v2\/media\/226226"}],"wp:attachment":[{"href":"https:\/\/radioljubuski.ba\/index.php\/wp-json\/wp\/v2\/media?parent=226225"}],"wp:term":[{"taxonomy":"category","embeddable":true,"href":"https:\/\/radioljubuski.ba\/index.php\/wp-json\/wp\/v2\/categories?post=226225"},{"taxonomy":"post_tag","embeddable":true,"href":"https:\/\/radioljubuski.ba\/index.php\/wp-json\/wp\/v2\/tags?post=226225"}],"curies":[{"name":"wp","href":"https:\/\/api.w.org\/{rel}","templated":true}]}}