{"id":226253,"date":"2026-03-12T20:52:31","date_gmt":"2026-03-12T19:52:31","guid":{"rendered":"https:\/\/radioljubuski.ba\/?p=226253"},"modified":"2026-03-12T20:52:32","modified_gmt":"2026-03-12T19:52:32","slug":"usvojen-paket-zakona-financijska-revolucija-u-fbih","status":"publish","type":"post","link":"https:\/\/radioljubuski.ba\/index.php\/2026\/03\/12\/usvojen-paket-zakona-financijska-revolucija-u-fbih\/","title":{"rendered":"Usvojen paket zakona: Financijska revolucija u FBiH"},"content":{"rendered":"\n<p>Zastupni\u010dki dom Parlamenta Federacije BiH uvjerljivom je ve\u0107inom usvojio paket zakona o bankama i platnom prometu koji predstavlja financijsku revoluciju i strate\u0161ku reformu platnog sustava u FBiH.<br><\/p>\n\n\n\n<p>Za zakone su glasali i predstavnici vlasti i oporbe.<\/p>\n\n\n\n<p>Ovim paketom zakona Vlada Federacije Bosne i Hercegovine \u0161alje jasnu i sna\u017enu poruku \u2013 Federacija odlu\u010dno ulazi u novu fazu modernizacije financijskog sustava.<\/p>\n\n\n\n<p>Rije\u010d je o strate\u0161koj odluci koja gra\u0111anima i gospodarstvu donosi ni\u017ee tro\u0161kove, ve\u0107u sigurnost te financijske usluge kakve postoje u Europskoj uniji.<\/p>\n\n\n\n<p>Radi se o \u010dak deset novih zakona koje je izradilo Federalno ministarstvo financija na \u010delu s ministrom Tonijem Kraljevi\u0107em.<\/p>\n\n\n\n<p>Primjenom seta zakona koji obuhva\u0107a Zakon o platnim uslugama, Zakon o elektroni\u010dkom novcu, Zakon o ra\u010dunima za pla\u0107anje, izmjene i dopune Zakona o za\u0161titi korisnika financijskih usluga, izmjene i dopune Zakona o bankama, izmjene i dopune Zakona o mikrokreditnim dru\u0161tvima u Federaciji BiH, Prijedlog zakona o izmjenama i dopunama Zakona o deviznom poslovanju te izmjene i dopune Zakona o lizingu, postavlja se moderan, siguran i europski uskla\u0111en pravni okvir za digitalna pla\u0107anja, ja\u010danje za\u0161tite korisnika financijskih usluga i dugoro\u010dnu stabilnost financijskog sustava, uz stvaranje svih klju\u010dnih preduvjeta za pristupanje BiH Jedinstvenom podru\u010dju pla\u0107anja u eurima \u2013 SEPA.<\/p>\n\n\n\n<p>Rije\u010d je o zakonima koji liberaliziraju i unapre\u0111uju financijski sustav, a njihova primjena stvara povoljnije uvjete za krajnje korisnike.<\/p>\n\n\n\n<p>\u201eSpomenuti set zakona predstavlja strate\u0161ki iskorak Federacije BiH prema Europskoj uniji. Usudio bih se re\u0107i da je usvajanje ovih zakona i izmjena zakona najcjelovitija reforma platnog i financijskog zakonodavstva u Federaciji u posljednje vrijeme, jer se time uspostavlja moderan, siguran i tehnolo\u0161ki napredan sustav platnog prometa uskla\u0111en s europskim standardima\u201c, kazao je federalni dopremijer i ministar financija u Vladi FBiH Toni Kraljevi\u0107.<\/p>\n\n\n\n<p>Izme\u0111u ostalog, stanovni\u0161tvo ovog bh. entiteta ubudu\u0107e \u0107e pla\u0107ati znatno manje bankarske naknade. Uz to se uvodi institut \u201eosnovnog ra\u010duna\u201c koji \u0107e imati minimalne tro\u0161kove odr\u017eavanja.<\/p>\n\n\n\n<p>Dono\u0161enjem Zakona o platnim uslugama Federacija BiH ulazi u novu fazu modernog i sigurnog platnog prometa, jer njegova primjena gra\u0111anima donosi br\u017ea i jeftinija elektroni\u010dka pla\u0107anja, a gospodarstvu ni\u017ee tro\u0161kove i ve\u0107u konkurentnost.<\/p>\n\n\n\n<p>Ina\u010de, kao najva\u017eniji fiskalni zakon, svoju ulogu u spomenutoj financijskoj reformi u FBiH ima i novi Zakon o fiskalizaciji transakcija koji je ve\u0107 stupio na snagu, a \u010dijom se primjenom mogu\u0107nosti za zloupotrebe poput poreznih prijevara i utaje poreza svode na minimum.<\/p>\n\n\n\n<p>(Vijesti.ba)<\/p>\n","protected":false},"excerpt":{"rendered":"<p>Zastupni\u010dki dom Parlamenta Federacije BiH uvjerljivom je ve\u0107inom usvojio paket zakona o bankama i platnom prometu koji predstavlja financijsku revoluciju i strate\u0161ku reformu platnog sustava u FBiH. Za zakone su glasali i predstavnici vlasti i oporbe. Ovim paketom zakona Vlada Federacije Bosne i Hercegovine \u0161alje jasnu i sna\u017enu poruku \u2013 Federacija odlu\u010dno ulazi u novu [&hellip;]<\/p>\n","protected":false},"author":2,"featured_media":226251,"comment_status":"closed","ping_status":"closed","sticky":false,"template":"","format":"standard","meta":{"h5ap_radio_sources":[],"footnotes":""},"categories":[28],"tags":[],"class_list":["post-226253","post","type-post","status-publish","format-standard","has-post-thumbnail","hentry","category-novosti"],"yoast_head":"<!-- This site is optimized with the Yoast SEO plugin v27.5 - https:\/\/yoast.com\/product\/yoast-seo-wordpress\/ -->\n<title>Usvojen paket zakona: Financijska revolucija u FBiH - RADIO LJUBU\u0160KI<\/title>\n<meta name=\"robots\" content=\"index, follow, max-snippet:-1, max-image-preview:large, max-video-preview:-1\" \/>\n<link rel=\"canonical\" href=\"https:\/\/radioljubuski.ba\/index.php\/2026\/03\/12\/usvojen-paket-zakona-financijska-revolucija-u-fbih\/\" \/>\n<meta property=\"og:locale\" content=\"hr_HR\" \/>\n<meta property=\"og:type\" content=\"article\" \/>\n<meta property=\"og:title\" content=\"Usvojen paket zakona: Financijska revolucija u FBiH - RADIO LJUBU\u0160KI\" \/>\n<meta property=\"og:description\" content=\"Zastupni\u010dki dom Parlamenta Federacije BiH uvjerljivom je ve\u0107inom usvojio paket zakona o bankama i platnom prometu koji predstavlja financijsku revoluciju i strate\u0161ku reformu platnog sustava u FBiH. Za zakone su glasali i predstavnici vlasti i oporbe. Ovim paketom zakona Vlada Federacije Bosne i Hercegovine \u0161alje jasnu i sna\u017enu poruku \u2013 Federacija odlu\u010dno ulazi u novu [&hellip;]\" \/>\n<meta property=\"og:url\" content=\"https:\/\/radioljubuski.ba\/index.php\/2026\/03\/12\/usvojen-paket-zakona-financijska-revolucija-u-fbih\/\" \/>\n<meta property=\"og:site_name\" content=\"RADIO LJUBU\u0160KI\" \/>\n<meta property=\"article:publisher\" content=\"https:\/\/www.facebook.com\/Radiio-Ljubuski-1490835324566332\" \/>\n<meta property=\"article:published_time\" content=\"2026-03-12T19:52:31+00:00\" \/>\n<meta property=\"article:modified_time\" content=\"2026-03-12T19:52:32+00:00\" \/>\n<meta property=\"og:image\" content=\"https:\/\/radioljubuski.ba\/wp-content\/uploads\/2026\/03\/IMG_1760.png\" \/>\n\t<meta property=\"og:image:width\" content=\"604\" \/>\n\t<meta property=\"og:image:height\" content=\"453\" \/>\n\t<meta property=\"og:image:type\" content=\"image\/png\" \/>\n<meta name=\"author\" content=\"Radio Ljubu\u0161ki\" \/>\n<meta name=\"twitter:card\" content=\"summary_large_image\" \/>\n<meta name=\"twitter:creator\" content=\"@radioljubuski\" \/>\n<meta name=\"twitter:site\" content=\"@radioljubuski\" \/>\n<meta name=\"twitter:label1\" content=\"Napisao\/la\" \/>\n\t<meta name=\"twitter:data1\" content=\"Radio Ljubu\u0161ki\" \/>\n\t<meta name=\"twitter:label2\" content=\"Procijenjeno vrijeme \u010ditanja\" \/>\n\t<meta name=\"twitter:data2\" content=\"3 minute\" \/>\n<script type=\"application\/ld+json\" class=\"yoast-schema-graph\">{\"@context\":\"https:\\\/\\\/schema.org\",\"@graph\":[{\"@type\":\"Article\",\"@id\":\"https:\\\/\\\/radioljubuski.ba\\\/index.php\\\/2026\\\/03\\\/12\\\/usvojen-paket-zakona-financijska-revolucija-u-fbih\\\/#article\",\"isPartOf\":{\"@id\":\"https:\\\/\\\/radioljubuski.ba\\\/index.php\\\/2026\\\/03\\\/12\\\/usvojen-paket-zakona-financijska-revolucija-u-fbih\\\/\"},\"author\":{\"name\":\"Radio Ljubu\u0161ki\",\"@id\":\"https:\\\/\\\/radioljubuski.ba\\\/#\\\/schema\\\/person\\\/19fc700381a780f69665d7956c469e3b\"},\"headline\":\"Usvojen paket zakona: Financijska revolucija u FBiH\",\"datePublished\":\"2026-03-12T19:52:31+00:00\",\"dateModified\":\"2026-03-12T19:52:32+00:00\",\"mainEntityOfPage\":{\"@id\":\"https:\\\/\\\/radioljubuski.ba\\\/index.php\\\/2026\\\/03\\\/12\\\/usvojen-paket-zakona-financijska-revolucija-u-fbih\\\/\"},\"wordCount\":434,\"publisher\":{\"@id\":\"https:\\\/\\\/radioljubuski.ba\\\/#organization\"},\"image\":{\"@id\":\"https:\\\/\\\/radioljubuski.ba\\\/index.php\\\/2026\\\/03\\\/12\\\/usvojen-paket-zakona-financijska-revolucija-u-fbih\\\/#primaryimage\"},\"thumbnailUrl\":\"https:\\\/\\\/radioljubuski.ba\\\/wp-content\\\/uploads\\\/2026\\\/03\\\/IMG_1760.png\",\"articleSection\":[\"Novosti\"],\"inLanguage\":\"hr\"},{\"@type\":\"WebPage\",\"@id\":\"https:\\\/\\\/radioljubuski.ba\\\/index.php\\\/2026\\\/03\\\/12\\\/usvojen-paket-zakona-financijska-revolucija-u-fbih\\\/\",\"url\":\"https:\\\/\\\/radioljubuski.ba\\\/index.php\\\/2026\\\/03\\\/12\\\/usvojen-paket-zakona-financijska-revolucija-u-fbih\\\/\",\"name\":\"Usvojen paket zakona: Financijska revolucija u FBiH - RADIO LJUBU\u0160KI\",\"isPartOf\":{\"@id\":\"https:\\\/\\\/radioljubuski.ba\\\/#website\"},\"primaryImageOfPage\":{\"@id\":\"https:\\\/\\\/radioljubuski.ba\\\/index.php\\\/2026\\\/03\\\/12\\\/usvojen-paket-zakona-financijska-revolucija-u-fbih\\\/#primaryimage\"},\"image\":{\"@id\":\"https:\\\/\\\/radioljubuski.ba\\\/index.php\\\/2026\\\/03\\\/12\\\/usvojen-paket-zakona-financijska-revolucija-u-fbih\\\/#primaryimage\"},\"thumbnailUrl\":\"https:\\\/\\\/radioljubuski.ba\\\/wp-content\\\/uploads\\\/2026\\\/03\\\/IMG_1760.png\",\"datePublished\":\"2026-03-12T19:52:31+00:00\",\"dateModified\":\"2026-03-12T19:52:32+00:00\",\"breadcrumb\":{\"@id\":\"https:\\\/\\\/radioljubuski.ba\\\/index.php\\\/2026\\\/03\\\/12\\\/usvojen-paket-zakona-financijska-revolucija-u-fbih\\\/#breadcrumb\"},\"inLanguage\":\"hr\",\"potentialAction\":[{\"@type\":\"ReadAction\",\"target\":[\"https:\\\/\\\/radioljubuski.ba\\\/index.php\\\/2026\\\/03\\\/12\\\/usvojen-paket-zakona-financijska-revolucija-u-fbih\\\/\"]}]},{\"@type\":\"ImageObject\",\"inLanguage\":\"hr\",\"@id\":\"https:\\\/\\\/radioljubuski.ba\\\/index.php\\\/2026\\\/03\\\/12\\\/usvojen-paket-zakona-financijska-revolucija-u-fbih\\\/#primaryimage\",\"url\":\"https:\\\/\\\/radioljubuski.ba\\\/wp-content\\\/uploads\\\/2026\\\/03\\\/IMG_1760.png\",\"contentUrl\":\"https:\\\/\\\/radioljubuski.ba\\\/wp-content\\\/uploads\\\/2026\\\/03\\\/IMG_1760.png\",\"width\":604,\"height\":453},{\"@type\":\"BreadcrumbList\",\"@id\":\"https:\\\/\\\/radioljubuski.ba\\\/index.php\\\/2026\\\/03\\\/12\\\/usvojen-paket-zakona-financijska-revolucija-u-fbih\\\/#breadcrumb\",\"itemListElement\":[{\"@type\":\"ListItem\",\"position\":1,\"name\":\"Po\u010detna stranica\",\"item\":\"https:\\\/\\\/radioljubuski.ba\\\/\"},{\"@type\":\"ListItem\",\"position\":2,\"name\":\"Usvojen paket zakona: Financijska revolucija u FBiH\"}]},{\"@type\":\"WebSite\",\"@id\":\"https:\\\/\\\/radioljubuski.ba\\\/#website\",\"url\":\"https:\\\/\\\/radioljubuski.ba\\\/\",\"name\":\"Radio Ljubu\u0161ki\",\"description\":\"Sun\u010dana frekvencija Hercegovine\",\"publisher\":{\"@id\":\"https:\\\/\\\/radioljubuski.ba\\\/#organization\"},\"potentialAction\":[{\"@type\":\"SearchAction\",\"target\":{\"@type\":\"EntryPoint\",\"urlTemplate\":\"https:\\\/\\\/radioljubuski.ba\\\/?s={search_term_string}\"},\"query-input\":{\"@type\":\"PropertyValueSpecification\",\"valueRequired\":true,\"valueName\":\"search_term_string\"}}],\"inLanguage\":\"hr\"},{\"@type\":\"Organization\",\"@id\":\"https:\\\/\\\/radioljubuski.ba\\\/#organization\",\"name\":\"Radio Ljubu\u0161ki\",\"url\":\"https:\\\/\\\/radioljubuski.ba\\\/\",\"logo\":{\"@type\":\"ImageObject\",\"inLanguage\":\"hr\",\"@id\":\"https:\\\/\\\/radioljubuski.ba\\\/#\\\/schema\\\/logo\\\/image\\\/\",\"url\":\"https:\\\/\\\/radioljubuski.ba\\\/wp-content\\\/uploads\\\/2021\\\/02\\\/cropped-Radio_Ljubuski_logo1.jpg\",\"contentUrl\":\"https:\\\/\\\/radioljubuski.ba\\\/wp-content\\\/uploads\\\/2021\\\/02\\\/cropped-Radio_Ljubuski_logo1.jpg\",\"width\":512,\"height\":512,\"caption\":\"Radio Ljubu\u0161ki\"},\"image\":{\"@id\":\"https:\\\/\\\/radioljubuski.ba\\\/#\\\/schema\\\/logo\\\/image\\\/\"},\"sameAs\":[\"https:\\\/\\\/www.facebook.com\\\/Radiio-Ljubuski-1490835324566332\",\"https:\\\/\\\/x.com\\\/radioljubuski\",\"https:\\\/\\\/hr.linkedin.com\\\/company\\\/radio-ljubuski\",\"https:\\\/\\\/www.youtube.com\\\/channel\\\/UCHYaeO_n0Db3tjNGudGpXyw\"]},{\"@type\":\"Person\",\"@id\":\"https:\\\/\\\/radioljubuski.ba\\\/#\\\/schema\\\/person\\\/19fc700381a780f69665d7956c469e3b\",\"name\":\"Radio Ljubu\u0161ki\"}]}<\/script>\n<!-- \/ Yoast SEO plugin. -->","yoast_head_json":{"title":"Usvojen paket zakona: Financijska revolucija u FBiH - RADIO LJUBU\u0160KI","robots":{"index":"index","follow":"follow","max-snippet":"max-snippet:-1","max-image-preview":"max-image-preview:large","max-video-preview":"max-video-preview:-1"},"canonical":"https:\/\/radioljubuski.ba\/index.php\/2026\/03\/12\/usvojen-paket-zakona-financijska-revolucija-u-fbih\/","og_locale":"hr_HR","og_type":"article","og_title":"Usvojen paket zakona: Financijska revolucija u FBiH - RADIO LJUBU\u0160KI","og_description":"Zastupni\u010dki dom Parlamenta Federacije BiH uvjerljivom je ve\u0107inom usvojio paket zakona o bankama i platnom prometu koji predstavlja financijsku revoluciju i strate\u0161ku reformu platnog sustava u FBiH. Za zakone su glasali i predstavnici vlasti i oporbe. Ovim paketom zakona Vlada Federacije Bosne i Hercegovine \u0161alje jasnu i sna\u017enu poruku \u2013 Federacija odlu\u010dno ulazi u novu [&hellip;]","og_url":"https:\/\/radioljubuski.ba\/index.php\/2026\/03\/12\/usvojen-paket-zakona-financijska-revolucija-u-fbih\/","og_site_name":"RADIO LJUBU\u0160KI","article_publisher":"https:\/\/www.facebook.com\/Radiio-Ljubuski-1490835324566332","article_published_time":"2026-03-12T19:52:31+00:00","article_modified_time":"2026-03-12T19:52:32+00:00","og_image":[{"width":604,"height":453,"url":"https:\/\/radioljubuski.ba\/wp-content\/uploads\/2026\/03\/IMG_1760.png","type":"image\/png"}],"author":"Radio Ljubu\u0161ki","twitter_card":"summary_large_image","twitter_creator":"@radioljubuski","twitter_site":"@radioljubuski","twitter_misc":{"Napisao\/la":"Radio Ljubu\u0161ki","Procijenjeno vrijeme \u010ditanja":"3 minute"},"schema":{"@context":"https:\/\/schema.org","@graph":[{"@type":"Article","@id":"https:\/\/radioljubuski.ba\/index.php\/2026\/03\/12\/usvojen-paket-zakona-financijska-revolucija-u-fbih\/#article","isPartOf":{"@id":"https:\/\/radioljubuski.ba\/index.php\/2026\/03\/12\/usvojen-paket-zakona-financijska-revolucija-u-fbih\/"},"author":{"name":"Radio Ljubu\u0161ki","@id":"https:\/\/radioljubuski.ba\/#\/schema\/person\/19fc700381a780f69665d7956c469e3b"},"headline":"Usvojen paket zakona: Financijska revolucija u FBiH","datePublished":"2026-03-12T19:52:31+00:00","dateModified":"2026-03-12T19:52:32+00:00","mainEntityOfPage":{"@id":"https:\/\/radioljubuski.ba\/index.php\/2026\/03\/12\/usvojen-paket-zakona-financijska-revolucija-u-fbih\/"},"wordCount":434,"publisher":{"@id":"https:\/\/radioljubuski.ba\/#organization"},"image":{"@id":"https:\/\/radioljubuski.ba\/index.php\/2026\/03\/12\/usvojen-paket-zakona-financijska-revolucija-u-fbih\/#primaryimage"},"thumbnailUrl":"https:\/\/radioljubuski.ba\/wp-content\/uploads\/2026\/03\/IMG_1760.png","articleSection":["Novosti"],"inLanguage":"hr"},{"@type":"WebPage","@id":"https:\/\/radioljubuski.ba\/index.php\/2026\/03\/12\/usvojen-paket-zakona-financijska-revolucija-u-fbih\/","url":"https:\/\/radioljubuski.ba\/index.php\/2026\/03\/12\/usvojen-paket-zakona-financijska-revolucija-u-fbih\/","name":"Usvojen paket zakona: Financijska revolucija u FBiH - RADIO LJUBU\u0160KI","isPartOf":{"@id":"https:\/\/radioljubuski.ba\/#website"},"primaryImageOfPage":{"@id":"https:\/\/radioljubuski.ba\/index.php\/2026\/03\/12\/usvojen-paket-zakona-financijska-revolucija-u-fbih\/#primaryimage"},"image":{"@id":"https:\/\/radioljubuski.ba\/index.php\/2026\/03\/12\/usvojen-paket-zakona-financijska-revolucija-u-fbih\/#primaryimage"},"thumbnailUrl":"https:\/\/radioljubuski.ba\/wp-content\/uploads\/2026\/03\/IMG_1760.png","datePublished":"2026-03-12T19:52:31+00:00","dateModified":"2026-03-12T19:52:32+00:00","breadcrumb":{"@id":"https:\/\/radioljubuski.ba\/index.php\/2026\/03\/12\/usvojen-paket-zakona-financijska-revolucija-u-fbih\/#breadcrumb"},"inLanguage":"hr","potentialAction":[{"@type":"ReadAction","target":["https:\/\/radioljubuski.ba\/index.php\/2026\/03\/12\/usvojen-paket-zakona-financijska-revolucija-u-fbih\/"]}]},{"@type":"ImageObject","inLanguage":"hr","@id":"https:\/\/radioljubuski.ba\/index.php\/2026\/03\/12\/usvojen-paket-zakona-financijska-revolucija-u-fbih\/#primaryimage","url":"https:\/\/radioljubuski.ba\/wp-content\/uploads\/2026\/03\/IMG_1760.png","contentUrl":"https:\/\/radioljubuski.ba\/wp-content\/uploads\/2026\/03\/IMG_1760.png","width":604,"height":453},{"@type":"BreadcrumbList","@id":"https:\/\/radioljubuski.ba\/index.php\/2026\/03\/12\/usvojen-paket-zakona-financijska-revolucija-u-fbih\/#breadcrumb","itemListElement":[{"@type":"ListItem","position":1,"name":"Po\u010detna stranica","item":"https:\/\/radioljubuski.ba\/"},{"@type":"ListItem","position":2,"name":"Usvojen paket zakona: Financijska revolucija u FBiH"}]},{"@type":"WebSite","@id":"https:\/\/radioljubuski.ba\/#website","url":"https:\/\/radioljubuski.ba\/","name":"Radio Ljubu\u0161ki","description":"Sun\u010dana frekvencija Hercegovine","publisher":{"@id":"https:\/\/radioljubuski.ba\/#organization"},"potentialAction":[{"@type":"SearchAction","target":{"@type":"EntryPoint","urlTemplate":"https:\/\/radioljubuski.ba\/?s={search_term_string}"},"query-input":{"@type":"PropertyValueSpecification","valueRequired":true,"valueName":"search_term_string"}}],"inLanguage":"hr"},{"@type":"Organization","@id":"https:\/\/radioljubuski.ba\/#organization","name":"Radio Ljubu\u0161ki","url":"https:\/\/radioljubuski.ba\/","logo":{"@type":"ImageObject","inLanguage":"hr","@id":"https:\/\/radioljubuski.ba\/#\/schema\/logo\/image\/","url":"https:\/\/radioljubuski.ba\/wp-content\/uploads\/2021\/02\/cropped-Radio_Ljubuski_logo1.jpg","contentUrl":"https:\/\/radioljubuski.ba\/wp-content\/uploads\/2021\/02\/cropped-Radio_Ljubuski_logo1.jpg","width":512,"height":512,"caption":"Radio Ljubu\u0161ki"},"image":{"@id":"https:\/\/radioljubuski.ba\/#\/schema\/logo\/image\/"},"sameAs":["https:\/\/www.facebook.com\/Radiio-Ljubuski-1490835324566332","https:\/\/x.com\/radioljubuski","https:\/\/hr.linkedin.com\/company\/radio-ljubuski","https:\/\/www.youtube.com\/channel\/UCHYaeO_n0Db3tjNGudGpXyw"]},{"@type":"Person","@id":"https:\/\/radioljubuski.ba\/#\/schema\/person\/19fc700381a780f69665d7956c469e3b","name":"Radio Ljubu\u0161ki"}]}},"_links":{"self":[{"href":"https:\/\/radioljubuski.ba\/index.php\/wp-json\/wp\/v2\/posts\/226253","targetHints":{"allow":["GET"]}}],"collection":[{"href":"https:\/\/radioljubuski.ba\/index.php\/wp-json\/wp\/v2\/posts"}],"about":[{"href":"https:\/\/radioljubuski.ba\/index.php\/wp-json\/wp\/v2\/types\/post"}],"author":[{"embeddable":true,"href":"https:\/\/radioljubuski.ba\/index.php\/wp-json\/wp\/v2\/users\/2"}],"replies":[{"embeddable":true,"href":"https:\/\/radioljubuski.ba\/index.php\/wp-json\/wp\/v2\/comments?post=226253"}],"version-history":[{"count":1,"href":"https:\/\/radioljubuski.ba\/index.php\/wp-json\/wp\/v2\/posts\/226253\/revisions"}],"predecessor-version":[{"id":226254,"href":"https:\/\/radioljubuski.ba\/index.php\/wp-json\/wp\/v2\/posts\/226253\/revisions\/226254"}],"wp:featuredmedia":[{"embeddable":true,"href":"https:\/\/radioljubuski.ba\/index.php\/wp-json\/wp\/v2\/media\/226251"}],"wp:attachment":[{"href":"https:\/\/radioljubuski.ba\/index.php\/wp-json\/wp\/v2\/media?parent=226253"}],"wp:term":[{"taxonomy":"category","embeddable":true,"href":"https:\/\/radioljubuski.ba\/index.php\/wp-json\/wp\/v2\/categories?post=226253"},{"taxonomy":"post_tag","embeddable":true,"href":"https:\/\/radioljubuski.ba\/index.php\/wp-json\/wp\/v2\/tags?post=226253"}],"curies":[{"name":"wp","href":"https:\/\/api.w.org\/{rel}","templated":true}]}}