{"id":226270,"date":"2026-03-13T09:44:53","date_gmt":"2026-03-13T08:44:53","guid":{"rendered":"https:\/\/radioljubuski.ba\/?p=226270"},"modified":"2026-03-13T09:46:42","modified_gmt":"2026-03-13T08:46:42","slug":"odrzan-treci-gospodarski-forum-zzh-jaki-i-snazni-hrvati-u-bih-jamac-prosperiteta-rh","status":"publish","type":"post","link":"https:\/\/radioljubuski.ba\/index.php\/2026\/03\/13\/odrzan-treci-gospodarski-forum-zzh-jaki-i-snazni-hrvati-u-bih-jamac-prosperiteta-rh\/","title":{"rendered":"Odr\u017ean tre\u0107i Gospodarski forum \u017dZH: Jaki i sna\u017eni Hrvati u BiH jamac prosperiteta RH"},"content":{"rendered":"\n<h5 class=\"wp-block-heading\">Tre\u0107i gospodarski forum \u017dupanije Zapadnohercegova\u010dke (\u017dZH) odr\u017ean je u \u010detvrtak u \u0160irokom Brijegu s ciljem dodatnog osna\u017eivanja partnerskih odnosa izme\u0111u gospodarstvenika i \u017eupanijske Vlade te poticanja otvorene i konstruktivne rasprave o izazovima i prilikama koje stoje pred gospodarstvom u nadolaze\u0107em razdoblju.<\/h5>\n\n\n\n<p>Ovogodi\u0161nja&nbsp;<strong>tema Foruma<\/strong>&nbsp;bila je \u201cProstor za budu\u0107nost: Strate\u0161ko \u0161irenje gospodarskih kapaciteta \u017dZH\u201d s naglaskom na razvojne potencijale, investicijske mogu\u0107nosti te prostorno i infrastrukturno ja\u010danje gospodarstva ove \u017eupanije.<\/p>\n\n\n\n<h4 class=\"wp-block-heading\">\u010covi\u0107: \u017dZH jedno od najvitalnijih gospodarskih podru\u010dja u BiH<\/h4>\n\n\n\n<p>Forum je otvorio predsjednik Vlade \u017dZH<strong>&nbsp;Predrag \u010covi\u0107<\/strong>&nbsp;govorom na temu \u201c<strong>Gospodarstvo u \u017dupaniji Zapadnohercegova\u010dkoj<\/strong>\u201c, u kojem je predstavio klju\u010dne prioritete i smjernice daljnjeg gospodarskog razvoja.<\/p>\n\n\n\n<figure class=\"wp-block-image size-large\"><img loading=\"lazy\" decoding=\"async\" width=\"1024\" height=\"684\" src=\"https:\/\/radioljubuski.ba\/wp-content\/uploads\/2026\/03\/3.-Gospodarski-forum-ZZH-SB-predrag-covic-dragan-covic-21-1024x684.jpg\" alt=\"\" class=\"wp-image-226272\" srcset=\"https:\/\/radioljubuski.ba\/wp-content\/uploads\/2026\/03\/3.-Gospodarski-forum-ZZH-SB-predrag-covic-dragan-covic-21-1024x684.jpg 1024w, https:\/\/radioljubuski.ba\/wp-content\/uploads\/2026\/03\/3.-Gospodarski-forum-ZZH-SB-predrag-covic-dragan-covic-21-300x200.jpg 300w, https:\/\/radioljubuski.ba\/wp-content\/uploads\/2026\/03\/3.-Gospodarski-forum-ZZH-SB-predrag-covic-dragan-covic-21-768x513.jpg 768w, https:\/\/radioljubuski.ba\/wp-content\/uploads\/2026\/03\/3.-Gospodarski-forum-ZZH-SB-predrag-covic-dragan-covic-21-18x12.jpg 18w, https:\/\/radioljubuski.ba\/wp-content\/uploads\/2026\/03\/3.-Gospodarski-forum-ZZH-SB-predrag-covic-dragan-covic-21.jpg 1200w\" sizes=\"auto, (max-width: 1024px) 100vw, 1024px\" \/><\/figure>\n\n\n\n<p><em>Za na\u0161u vladu gospodarstvo predstavlja jedan od&nbsp;<strong>klju\u010dnih prioriteta<\/strong>, kao i stvaranje uvjeta da na\u0161i gospodarstvenici imaju dobre prilike, da realiziraju sve svoje poslovne ideje. Nadamo se da \u0107emo zajedni\u010dkim radom i djelovanjem stvoriti jo\u0161 bolje uvjete za bolji i&nbsp;<strong>ve\u0107i gospodarski rast<\/strong>, a time i za stvaranje boljih uvjeta za \u017eivot svih stanovnika \u017dZH-a, pa i BiH u cjelini<\/em>,&nbsp;kazao je \u010covi\u0107.<\/p>\n\n\n\n<p>Istaknuo je kako Zapadnohercegova\u010dka \u017eupanija predstavlja jedno od&nbsp;<strong>najvitalnijih gospodarskih podru\u010dja<\/strong>&nbsp;u Bosni i Hercegovini, ali i \u0161ire.<\/p>\n\n\n\n<p><em><strong>Najve\u0107i smo izvoznici<\/strong>\u00a0na podru\u010dju BiH, industrija je relativno razvijena, a jedan veliki nedostatak u ovom trenutku koji mi osje\u0107amo je\u00a0<strong>nedostatak poslovnih zona<\/strong>. Imamo zna\u010dajna ograni\u010denja u smislu raspolaganja dr\u017eavnom imovinom i zakonom koje je donio visoki predstavnik i \u010dinimo sve da ispravimo tu odluku i omogu\u0107imo na\u0161im gospodarstvenicima, ali i svima drugima ulaganje i investicije na podru\u010dju \u017dZH, da im omogu\u0107imo prostor i uvjete, a na njima je preuzimanje poslovnih ideja, odnosno rizika u smislu poslovnih rezultata<\/em>,\u00a0kazao je \u010covi\u0107.<\/p>\n\n\n\n<p>Dodao je kako, osim gospodarstva, ova \u017eupanija ima&nbsp;<strong>ogroman potencijal<\/strong>&nbsp;na podru\u010dju&nbsp;<strong>turizma i poljoprivrede<\/strong>&nbsp;te da \u0107e trebati malo vremena i prilagodbe, ali da u tom aspektu postoji&nbsp;<strong>puno prostora za napredak<\/strong>.<\/p>\n\n\n\n<h4 class=\"wp-block-heading\">\u0160u\u0161njar: Hrvatska je zagovaratelj Hrvata u BiH<\/h4>\n\n\n\n<p>Ministar gospodarstva u Vladi Republike Hrvatske (RH)&nbsp;<strong>Ante \u0160u\u0161njar<\/strong>&nbsp;istaknuo je kako je RH veliki oslonac i zagovaratelj Bosne i Hercegovine i njezina&nbsp;<strong>europskog puta<\/strong>, ali prije svega Hrvata u BiH, kao i da \u0107e i dalje podr\u017eavati sve infrastrukturne, ali i druge projekte, pogotovo one koji su vezani za opstojnost Hrvata na ovom podru\u010dju i njihovu ravnopravnost.<\/p>\n\n\n\n<p><em>Spremnost i Vlade i premijera Republike Hrvatske za pomo\u0107 Hrvatima je neupitna, a to vidite u puno projekata koji se financiraju. Sva kriti\u010dna infrastruktura, koja je mo\u017eda zapu\u0161tena i treba investicije, nai\u0161la je na&nbsp;<strong>podr\u0161ku RH<\/strong>. Imamo sre\u0107u da imamo fiskalne kapacitete i razumijevanje, tako da ta pomo\u0107 svakodnevno dolazi iz Republike Hrvatske na obostrano zadovoljstvo, jer bez jakih i sna\u017enih Hrvata u Bosni i Hercegovini ni Hrvatska nema prosperiteta<\/em>,&nbsp;kazao je \u0160u\u0161njar.<\/p>\n\n\n\n<p><img loading=\"lazy\" decoding=\"async\" src=\"https:\/\/www.jabuka.tv\/wp-content\/uploads\/2026\/03\/3.-Gospodarski-forum-ZZH-SB-ante-susnjar-2.jpg\" alt=\"\" width=\"1200\" height=\"801\" srcset=\"https:\/\/www.jabuka.tv\/wp-content\/uploads\/2026\/03\/3.-Gospodarski-forum-ZZH-SB-ante-susnjar-2.jpg 1200w, https:\/\/www.jabuka.tv\/wp-content\/uploads\/2026\/03\/3.-Gospodarski-forum-ZZH-SB-ante-susnjar-2-300x200.jpg 300w, https:\/\/www.jabuka.tv\/wp-content\/uploads\/2026\/03\/3.-Gospodarski-forum-ZZH-SB-ante-susnjar-2-1024x684.jpg 1024w, https:\/\/www.jabuka.tv\/wp-content\/uploads\/2026\/03\/3.-Gospodarski-forum-ZZH-SB-ante-susnjar-2-768x513.jpg 768w, https:\/\/www.jabuka.tv\/wp-content\/uploads\/2026\/03\/3.-Gospodarski-forum-ZZH-SB-ante-susnjar-2-810x541.jpg 810w, https:\/\/www.jabuka.tv\/wp-content\/uploads\/2026\/03\/3.-Gospodarski-forum-ZZH-SB-ante-susnjar-2-1140x761.jpg 1140w\"><\/p>\n\n\n\n<p id=\"caption-attachment-845480\">Ante \u0160u\u0161njar, ministar gospodarstva u Vladi RH<\/p>\n\n\n\n<p>Tako\u0111er, dodao je kako je&nbsp;<strong>Hrvatska predan partner<\/strong>&nbsp;u realizaciji&nbsp;<strong>Ju\u017ene plinske interkonekcije<\/strong>, te je mi\u0161ljenja kako su se kona\u010dno stvorili svi preduvjeti da se taj projekt realizira.<\/p>\n\n\n\n<h4 class=\"wp-block-heading\">\u0160iri\u0107: \u017dZH je svijetli primjer u BiH<\/h4>\n\n\n\n<p>Ministar gospodarstva \u017dZH&nbsp;<strong>Zvonimir \u0160iri\u0107<\/strong>&nbsp;naglasio je kako je \u017dupanija Zapadnohercegova\u010dka svijetli primjer u Bosni i Hercegovini i regiji te da je potrebno raditi da se to odr\u017ei i u budu\u0107nosti.<\/p>\n\n\n\n<p><em>\u0160to se ti\u010de samih ovih&nbsp;<strong>svjetskih kretanja<\/strong>&nbsp;i trenutnih doga\u0111anja, mi ne mo\u017eemo toliko utjecati na sve to, ali mo\u017eemo utjecati sa svojim programima kroz Ministarstvo gospodarstva i razli\u010dite strukture same Vlade, poku\u0161ati napraviti&nbsp;<strong>najbolje programe<\/strong>&nbsp;da \u017eupanija ide naprijed<\/em>,&nbsp;kazao je \u0160iri\u0107.<\/p>\n\n\n\n<p><img loading=\"lazy\" decoding=\"async\" src=\"https:\/\/www.jabuka.tv\/wp-content\/uploads\/2026\/03\/3.-Gospodarski-forum-ZZH-SB-zvonimir-siric.jpg\" alt=\"\" width=\"1200\" height=\"801\" srcset=\"https:\/\/www.jabuka.tv\/wp-content\/uploads\/2026\/03\/3.-Gospodarski-forum-ZZH-SB-zvonimir-siric.jpg 1200w, https:\/\/www.jabuka.tv\/wp-content\/uploads\/2026\/03\/3.-Gospodarski-forum-ZZH-SB-zvonimir-siric-300x200.jpg 300w, https:\/\/www.jabuka.tv\/wp-content\/uploads\/2026\/03\/3.-Gospodarski-forum-ZZH-SB-zvonimir-siric-1024x684.jpg 1024w, https:\/\/www.jabuka.tv\/wp-content\/uploads\/2026\/03\/3.-Gospodarski-forum-ZZH-SB-zvonimir-siric-768x513.jpg 768w, https:\/\/www.jabuka.tv\/wp-content\/uploads\/2026\/03\/3.-Gospodarski-forum-ZZH-SB-zvonimir-siric-810x541.jpg 810w, https:\/\/www.jabuka.tv\/wp-content\/uploads\/2026\/03\/3.-Gospodarski-forum-ZZH-SB-zvonimir-siric-1140x761.jpg 1140w\"><\/p>\n\n\n\n<p id=\"caption-attachment-845496\">Zvonimir \u0160iri\u0107, ministar gospodarstva \u017dZH<\/p>\n\n\n\n<p>Naveo je kako je&nbsp;<strong>gospodarstvo u \u017dZH izrazito razvijeno<\/strong>, no da Vlada, kao i sve \u010detiri \u017eupanijske lokalne jedinice, moraju na\u0107i na\u010din kako bi osigurali gospodarstvenicima povoljne uvjete za njihov razvoj i \u0161irenje.<\/p>\n\n\n\n<p><em>Nama je otprilike jedna velika zapreka sama&nbsp;<strong>dr\u017eavna imovina<\/strong>&nbsp;koja je u takva kakva je, no imamo i neka obe\u0107anja od Ureda visokog predstavnika da \u0107e se u budu\u0107nosti napraviti odre\u0111ene preinake. Zbilja se nadam da \u0107e te preinake otprilike obilje\u017eiti da lokalne jedince i \u017eupanije mogu&nbsp;<strong>trasirati put<\/strong>&nbsp;prema novim gospodarskim zonama jer bez gospodarskih zona nema ni \u0161irenja gospodarstva<\/em>,&nbsp;kazao je \u0160iri\u0107.<\/p>\n\n\n\n<h4 class=\"wp-block-heading\">Bari\u0161a \u0160u\u0161njar: gospodarstvenici od vlasti o\u010dekuju preduvjete za budu\u0107e investicije<\/h4>\n\n\n\n<p>Predsjednik Udruge gospodarstvenika Posu\u0161je i potpredsjednik Udru\u017eenja poslodavaca FBiH&nbsp;<strong>Bari\u0161a \u0160u\u0161njar<\/strong>&nbsp;naglasio je kako je gospodarstvenicima prije svega bitna komunikacija i dijalog s vlastima, te da o\u010dekuju da vlasti osiguraju i po\u0161alju poruke da \u0107e stvoriti preduvjete za dalje investicije, osigurati poduzetni\u010dke zone i infrastrukturu.<\/p>\n\n\n\n<p><em>Samim time mo\u017eemo pri\u010dati o regulacijskim i urbanisti\u010dkim planovima, koji mnogim op\u0107ima i dan danas nisu rije\u0161ene, a to su&nbsp;<strong>osnovni preduvjeti<\/strong>&nbsp;za bilo kakve investicije. Razgovarali smo i o izazovima u nedostatku radne snage, na\u0161 cilj i prva opcija uvijek je zadr\u017eati i motivirati doma\u0107u radnu snagu<\/em>,&nbsp;kazao je \u0160u\u0161njar.<\/p>\n\n\n\n<p><img loading=\"lazy\" decoding=\"async\" src=\"https:\/\/www.jabuka.tv\/wp-content\/uploads\/2026\/03\/barisa-susnjar.jpg\" alt=\"\" width=\"1200\" height=\"819\" srcset=\"https:\/\/www.jabuka.tv\/wp-content\/uploads\/2026\/03\/barisa-susnjar.jpg 1200w, https:\/\/www.jabuka.tv\/wp-content\/uploads\/2026\/03\/barisa-susnjar-300x205.jpg 300w, https:\/\/www.jabuka.tv\/wp-content\/uploads\/2026\/03\/barisa-susnjar-1024x699.jpg 1024w, https:\/\/www.jabuka.tv\/wp-content\/uploads\/2026\/03\/barisa-susnjar-768x524.jpg 768w, https:\/\/www.jabuka.tv\/wp-content\/uploads\/2026\/03\/barisa-susnjar-810x553.jpg 810w, https:\/\/www.jabuka.tv\/wp-content\/uploads\/2026\/03\/barisa-susnjar-1140x778.jpg 1140w, https:\/\/www.jabuka.tv\/wp-content\/uploads\/2026\/03\/barisa-susnjar-145x100.jpg 145w, https:\/\/www.jabuka.tv\/wp-content\/uploads\/2026\/03\/barisa-susnjar-380x260.jpg 380w\"><\/p>\n\n\n\n<p id=\"caption-attachment-845530\">Bari\u0161a \u0160u\u0161njar, predsjednik Udruge gospodarstvenika Posu\u0161je i potpredsjednik Udru\u017eenja poslodavaca FBiH<\/p>\n\n\n\n<p>S obzirom na to da imaju&nbsp;<strong>zabranu raspolaganja dr\u017eavnom imovinom<\/strong>, \u0160u\u0161njar dodaje kako gospodarstvenicima takvo stanje ote\u017eava rad s investicijama koje su zbog toga na \u010dekanju ili su odgo\u0111ene.<\/p>\n\n\n\n<h4 class=\"wp-block-heading\">Darijana Filipovi\u0107: Odgovorna politika mora biti partner i servis gospodarstvu<\/h4>\n\n\n\n<p>Nazo\u010dnima se tijekom programa Foruma obratila i zastupnica u Zastupni\u010dkom domu Parlamentarne skup\u0161tine BiH&nbsp;<strong>Darijana Filipovi\u0107<\/strong>, koja je u govoru istaknula va\u017enost uskla\u0111enog djelovanja javnih politika i gospodarstva.<\/p>\n\n\n\n<p><em>Nije pitanje ho\u0107e li javne politike utjecati na gospodarstvo \u2013 nedvojbeno ho\u0107e. Pitanje je samo ho\u0107e li to biti&nbsp;<strong>promi\u0161ljeno i pravovremeno<\/strong>. Upravo zato&nbsp;<strong>odgovorna politika<\/strong>&nbsp;mora biti partner i servis gospodarstvu, jer su stabilnost, povjerenje i jasna pravila&nbsp;<strong>temelj svakoga dugoro\u010dnog ulaganja<\/strong><\/em>, kazala je Darijana Filipovi\u0107.<\/p>\n\n\n\n<p><img loading=\"lazy\" decoding=\"async\" src=\"https:\/\/www.jabuka.tv\/wp-content\/uploads\/2026\/03\/3.-Gospodarski-forum-ZZH-SB-darijana-filipovic.jpg\" alt=\"\" width=\"1200\" height=\"801\" srcset=\"https:\/\/www.jabuka.tv\/wp-content\/uploads\/2026\/03\/3.-Gospodarski-forum-ZZH-SB-darijana-filipovic.jpg 1200w, https:\/\/www.jabuka.tv\/wp-content\/uploads\/2026\/03\/3.-Gospodarski-forum-ZZH-SB-darijana-filipovic-300x200.jpg 300w, https:\/\/www.jabuka.tv\/wp-content\/uploads\/2026\/03\/3.-Gospodarski-forum-ZZH-SB-darijana-filipovic-1024x684.jpg 1024w, https:\/\/www.jabuka.tv\/wp-content\/uploads\/2026\/03\/3.-Gospodarski-forum-ZZH-SB-darijana-filipovic-768x513.jpg 768w, https:\/\/www.jabuka.tv\/wp-content\/uploads\/2026\/03\/3.-Gospodarski-forum-ZZH-SB-darijana-filipovic-810x541.jpg 810w, https:\/\/www.jabuka.tv\/wp-content\/uploads\/2026\/03\/3.-Gospodarski-forum-ZZH-SB-darijana-filipovic-1140x761.jpg 1140w\"><\/p>\n\n\n\n<p id=\"caption-attachment-845484\">Darijana Filipovi\u0107, zastupnica u Zastupni\u010dkom domu Parlamentarne skup\u0161tine BiH<\/p>\n\n\n\n<p>Kao&nbsp;<strong>klju\u010dnu poruku<\/strong>, Darijana Filipovi\u0107 je naglasila:&nbsp;<em>Svaka ulo\u017eena marka u na\u0161im \u017eupanijama vrijedi i vi\u0161e nego bilo gdje drugdje. Jer kada gospodarstvo raste, rastemo i mi \u2013&nbsp;<strong>raste Hercegovina, a time i Bosna i Hercegovina<\/strong>. U svemu tome odgovorna politika hrvatskoga naroda mo\u017ee i mora biti sna\u017ean partner i servis gospodarstvu, a nikako njegova ko\u010dnica<\/em>.<\/p>\n\n\n\n<p><strong>Sredi\u0161nji dio programa<\/strong>&nbsp;\u010dinila je&nbsp;<strong>panel-rasprava<\/strong>&nbsp;na temu \u201c<strong>Investicijska klima: Kako infrastrukturom i suradnjom privu\u0107i investicije<\/strong>\u201c, gdje je zaklju\u010deno kako je suradnja institucija, gospodarstvenika i me\u0111unarodnih partnera od presudne va\u017enosti za stvaranje stabilnoga i predvidivoga poslovnog okru\u017eenja u BiH. Sudionici ove panel-rasprave bili Bari\u0161a \u0160u\u0161njar, Zvonimir \u0160iri\u0107, direktor tvrtke KS Aluminium d. o. o. \u0160iroki Brijeg Dra\u017een Soldo, potpredsjednik Vanjskotrgovinske komore BiH Vjekoslav Vukovi\u0107, te ravnatelj Uprave za internacionalizaciju, Ministarstvo gospodarstva RH-a Bojan Batini\u0107.<\/p>\n\n\n\n<p><img loading=\"lazy\" decoding=\"async\" src=\"https:\/\/www.jabuka.tv\/wp-content\/uploads\/2026\/03\/3.-Gospodarski-forum-ZZH-SB-9-blagica-leko.jpg\" alt=\"\" width=\"1000\" height=\"667\" srcset=\"https:\/\/www.jabuka.tv\/wp-content\/uploads\/2026\/03\/3.-Gospodarski-forum-ZZH-SB-9-blagica-leko.jpg 1000w, https:\/\/www.jabuka.tv\/wp-content\/uploads\/2026\/03\/3.-Gospodarski-forum-ZZH-SB-9-blagica-leko-300x200.jpg 300w, https:\/\/www.jabuka.tv\/wp-content\/uploads\/2026\/03\/3.-Gospodarski-forum-ZZH-SB-9-blagica-leko-768x512.jpg 768w, https:\/\/www.jabuka.tv\/wp-content\/uploads\/2026\/03\/3.-Gospodarski-forum-ZZH-SB-9-blagica-leko-810x540.jpg 810w\"><\/p>\n\n\n\n<p id=\"caption-attachment-845467\">Blagica Leko, ministrica financija \u017dZH<\/p>\n\n\n\n<p>Forumu su nazo\u010dili i predsjednica Vlade Hercegova\u010dko-neretvanske \u017eupanije\u00a0<strong>Marija Buha\u010d<\/strong>, ministar gospodarstva \u017dupanije Zapadnohercegova\u010dke\u00a0<strong>Zvonimir \u0160iri\u0107, Blagica Leko,<\/strong> ministrica financija \u017dZH, gradona\u010delnik \u0160irokog Brijega\u00a0<strong>Ivo Pavkovi\u0107<\/strong>, predsjednik Skup\u0161tine \u017dupanije Zapadnohercegova\u010dke\u00a0<strong>Ivan Jel\u010di\u0107<\/strong>, veleposlanik Republike Hrvatske u BiH\u00a0<strong>Ivan Saboli\u0107<\/strong>, dr\u017eavni tajnik u Ministarstvu regionalnoga razvoja i fondova EU\u00a0<strong>Domagoj Mikuli\u0107<\/strong>, zamjenik \u017eupana Splitsko-dalmatinske \u017eupanije\u00a0<strong>Stipe \u010cogelja<\/strong>, generalni konzul RH u Mostaru\u00a0<strong>Marko Babi\u0107<\/strong>\u00a0te ravnatelj Uprave za internacionalizaciju Ministarstva gospodarstva Republike Hrvatske\u00a0<strong>Bojan Batini\u0107<\/strong>. Tako\u0111er, nazo\u010dili su i predstavnici akademske zajednice, predstavnici Veleposlanstva Republike Italije u BiH te gospodarstvenici, direktori javnih poduze\u0107a, ravnatelji ustanova, agencija i zavoda.<\/p>\n\n\n\n<figure class=\"wp-block-image\"><img decoding=\"async\" src=\"https:\/\/i.ytimg.com\/vi\/tEp8wESCuaE\/hqdefault.jpg\" alt=\"\u0160u\u0161njar: Bez jakih i sna\u017enih Hrvata u BiH ni Republika Hrvatska nema prosperiteta\"\/><\/figure>\n\n\n\n<p><strong>(www.jabuka.tv)<\/strong><\/p>\n","protected":false},"excerpt":{"rendered":"<p>Tre\u0107i gospodarski forum \u017dupanije Zapadnohercegova\u010dke (\u017dZH) odr\u017ean je u \u010detvrtak u \u0160irokom Brijegu s ciljem dodatnog osna\u017eivanja partnerskih odnosa izme\u0111u gospodarstvenika i \u017eupanijske Vlade te poticanja otvorene i konstruktivne rasprave o izazovima i prilikama koje stoje pred gospodarstvom u nadolaze\u0107em razdoblju. Ovogodi\u0161nja&nbsp;tema Foruma&nbsp;bila je \u201cProstor za budu\u0107nost: Strate\u0161ko \u0161irenje gospodarskih kapaciteta \u017dZH\u201d s naglaskom na [&hellip;]<\/p>\n","protected":false},"author":2,"featured_media":226273,"comment_status":"closed","ping_status":"closed","sticky":false,"template":"","format":"standard","meta":{"h5ap_radio_sources":[],"footnotes":""},"categories":[28],"tags":[],"class_list":["post-226270","post","type-post","status-publish","format-standard","has-post-thumbnail","hentry","category-novosti"],"yoast_head":"<!-- This site is optimized with the Yoast SEO plugin v27.5 - https:\/\/yoast.com\/product\/yoast-seo-wordpress\/ -->\n<title>Odr\u017ean tre\u0107i Gospodarski forum \u017dZH: Jaki i sna\u017eni Hrvati u BiH jamac prosperiteta RH - RADIO LJUBU\u0160KI<\/title>\n<meta name=\"robots\" content=\"index, follow, max-snippet:-1, max-image-preview:large, max-video-preview:-1\" \/>\n<link rel=\"canonical\" href=\"https:\/\/radioljubuski.ba\/index.php\/2026\/03\/13\/odrzan-treci-gospodarski-forum-zzh-jaki-i-snazni-hrvati-u-bih-jamac-prosperiteta-rh\/\" \/>\n<meta property=\"og:locale\" content=\"hr_HR\" \/>\n<meta property=\"og:type\" content=\"article\" \/>\n<meta property=\"og:title\" content=\"Odr\u017ean tre\u0107i Gospodarski forum \u017dZH: Jaki i sna\u017eni Hrvati u BiH jamac prosperiteta RH - RADIO LJUBU\u0160KI\" \/>\n<meta property=\"og:description\" content=\"Tre\u0107i gospodarski forum \u017dupanije Zapadnohercegova\u010dke (\u017dZH) odr\u017ean je u \u010detvrtak u \u0160irokom Brijegu s ciljem dodatnog osna\u017eivanja partnerskih odnosa izme\u0111u gospodarstvenika i \u017eupanijske Vlade te poticanja otvorene i konstruktivne rasprave o izazovima i prilikama koje stoje pred gospodarstvom u nadolaze\u0107em razdoblju. Ovogodi\u0161nja&nbsp;tema Foruma&nbsp;bila je \u201cProstor za budu\u0107nost: Strate\u0161ko \u0161irenje gospodarskih kapaciteta \u017dZH\u201d s naglaskom na [&hellip;]\" \/>\n<meta property=\"og:url\" content=\"https:\/\/radioljubuski.ba\/index.php\/2026\/03\/13\/odrzan-treci-gospodarski-forum-zzh-jaki-i-snazni-hrvati-u-bih-jamac-prosperiteta-rh\/\" \/>\n<meta property=\"og:site_name\" content=\"RADIO LJUBU\u0160KI\" \/>\n<meta property=\"article:publisher\" content=\"https:\/\/www.facebook.com\/Radiio-Ljubuski-1490835324566332\" \/>\n<meta property=\"article:published_time\" content=\"2026-03-13T08:44:53+00:00\" \/>\n<meta property=\"article:modified_time\" content=\"2026-03-13T08:46:42+00:00\" \/>\n<meta property=\"og:image\" content=\"https:\/\/radioljubuski.ba\/wp-content\/uploads\/2026\/03\/3.-Gospodarski-forum-ZZH-SB-2-ivo-pavkovic-predrag-covic.jpg\" \/>\n\t<meta property=\"og:image:width\" content=\"1000\" \/>\n\t<meta property=\"og:image:height\" content=\"667\" \/>\n\t<meta property=\"og:image:type\" content=\"image\/jpeg\" \/>\n<meta name=\"author\" content=\"Radio Ljubu\u0161ki\" \/>\n<meta name=\"twitter:card\" content=\"summary_large_image\" \/>\n<meta name=\"twitter:creator\" content=\"@radioljubuski\" \/>\n<meta name=\"twitter:site\" content=\"@radioljubuski\" \/>\n<meta name=\"twitter:label1\" content=\"Napisao\/la\" \/>\n\t<meta name=\"twitter:data1\" content=\"Radio Ljubu\u0161ki\" \/>\n\t<meta name=\"twitter:label2\" content=\"Procijenjeno vrijeme \u010ditanja\" \/>\n\t<meta name=\"twitter:data2\" content=\"8 minuta\" \/>\n<script type=\"application\/ld+json\" class=\"yoast-schema-graph\">{\"@context\":\"https:\\\/\\\/schema.org\",\"@graph\":[{\"@type\":\"Article\",\"@id\":\"https:\\\/\\\/radioljubuski.ba\\\/index.php\\\/2026\\\/03\\\/13\\\/odrzan-treci-gospodarski-forum-zzh-jaki-i-snazni-hrvati-u-bih-jamac-prosperiteta-rh\\\/#article\",\"isPartOf\":{\"@id\":\"https:\\\/\\\/radioljubuski.ba\\\/index.php\\\/2026\\\/03\\\/13\\\/odrzan-treci-gospodarski-forum-zzh-jaki-i-snazni-hrvati-u-bih-jamac-prosperiteta-rh\\\/\"},\"author\":{\"name\":\"Radio Ljubu\u0161ki\",\"@id\":\"https:\\\/\\\/radioljubuski.ba\\\/#\\\/schema\\\/person\\\/19fc700381a780f69665d7956c469e3b\"},\"headline\":\"Odr\u017ean tre\u0107i Gospodarski forum \u017dZH: Jaki i sna\u017eni Hrvati u BiH jamac prosperiteta RH\",\"datePublished\":\"2026-03-13T08:44:53+00:00\",\"dateModified\":\"2026-03-13T08:46:42+00:00\",\"mainEntityOfPage\":{\"@id\":\"https:\\\/\\\/radioljubuski.ba\\\/index.php\\\/2026\\\/03\\\/13\\\/odrzan-treci-gospodarski-forum-zzh-jaki-i-snazni-hrvati-u-bih-jamac-prosperiteta-rh\\\/\"},\"wordCount\":1329,\"publisher\":{\"@id\":\"https:\\\/\\\/radioljubuski.ba\\\/#organization\"},\"image\":{\"@id\":\"https:\\\/\\\/radioljubuski.ba\\\/index.php\\\/2026\\\/03\\\/13\\\/odrzan-treci-gospodarski-forum-zzh-jaki-i-snazni-hrvati-u-bih-jamac-prosperiteta-rh\\\/#primaryimage\"},\"thumbnailUrl\":\"https:\\\/\\\/radioljubuski.ba\\\/wp-content\\\/uploads\\\/2026\\\/03\\\/3.-Gospodarski-forum-ZZH-SB-2-ivo-pavkovic-predrag-covic.jpg\",\"articleSection\":[\"Novosti\"],\"inLanguage\":\"hr\"},{\"@type\":\"WebPage\",\"@id\":\"https:\\\/\\\/radioljubuski.ba\\\/index.php\\\/2026\\\/03\\\/13\\\/odrzan-treci-gospodarski-forum-zzh-jaki-i-snazni-hrvati-u-bih-jamac-prosperiteta-rh\\\/\",\"url\":\"https:\\\/\\\/radioljubuski.ba\\\/index.php\\\/2026\\\/03\\\/13\\\/odrzan-treci-gospodarski-forum-zzh-jaki-i-snazni-hrvati-u-bih-jamac-prosperiteta-rh\\\/\",\"name\":\"Odr\u017ean tre\u0107i Gospodarski forum \u017dZH: Jaki i sna\u017eni Hrvati u BiH jamac prosperiteta RH - RADIO LJUBU\u0160KI\",\"isPartOf\":{\"@id\":\"https:\\\/\\\/radioljubuski.ba\\\/#website\"},\"primaryImageOfPage\":{\"@id\":\"https:\\\/\\\/radioljubuski.ba\\\/index.php\\\/2026\\\/03\\\/13\\\/odrzan-treci-gospodarski-forum-zzh-jaki-i-snazni-hrvati-u-bih-jamac-prosperiteta-rh\\\/#primaryimage\"},\"image\":{\"@id\":\"https:\\\/\\\/radioljubuski.ba\\\/index.php\\\/2026\\\/03\\\/13\\\/odrzan-treci-gospodarski-forum-zzh-jaki-i-snazni-hrvati-u-bih-jamac-prosperiteta-rh\\\/#primaryimage\"},\"thumbnailUrl\":\"https:\\\/\\\/radioljubuski.ba\\\/wp-content\\\/uploads\\\/2026\\\/03\\\/3.-Gospodarski-forum-ZZH-SB-2-ivo-pavkovic-predrag-covic.jpg\",\"datePublished\":\"2026-03-13T08:44:53+00:00\",\"dateModified\":\"2026-03-13T08:46:42+00:00\",\"breadcrumb\":{\"@id\":\"https:\\\/\\\/radioljubuski.ba\\\/index.php\\\/2026\\\/03\\\/13\\\/odrzan-treci-gospodarski-forum-zzh-jaki-i-snazni-hrvati-u-bih-jamac-prosperiteta-rh\\\/#breadcrumb\"},\"inLanguage\":\"hr\",\"potentialAction\":[{\"@type\":\"ReadAction\",\"target\":[\"https:\\\/\\\/radioljubuski.ba\\\/index.php\\\/2026\\\/03\\\/13\\\/odrzan-treci-gospodarski-forum-zzh-jaki-i-snazni-hrvati-u-bih-jamac-prosperiteta-rh\\\/\"]}]},{\"@type\":\"ImageObject\",\"inLanguage\":\"hr\",\"@id\":\"https:\\\/\\\/radioljubuski.ba\\\/index.php\\\/2026\\\/03\\\/13\\\/odrzan-treci-gospodarski-forum-zzh-jaki-i-snazni-hrvati-u-bih-jamac-prosperiteta-rh\\\/#primaryimage\",\"url\":\"https:\\\/\\\/radioljubuski.ba\\\/wp-content\\\/uploads\\\/2026\\\/03\\\/3.-Gospodarski-forum-ZZH-SB-2-ivo-pavkovic-predrag-covic.jpg\",\"contentUrl\":\"https:\\\/\\\/radioljubuski.ba\\\/wp-content\\\/uploads\\\/2026\\\/03\\\/3.-Gospodarski-forum-ZZH-SB-2-ivo-pavkovic-predrag-covic.jpg\",\"width\":1000,\"height\":667},{\"@type\":\"BreadcrumbList\",\"@id\":\"https:\\\/\\\/radioljubuski.ba\\\/index.php\\\/2026\\\/03\\\/13\\\/odrzan-treci-gospodarski-forum-zzh-jaki-i-snazni-hrvati-u-bih-jamac-prosperiteta-rh\\\/#breadcrumb\",\"itemListElement\":[{\"@type\":\"ListItem\",\"position\":1,\"name\":\"Po\u010detna stranica\",\"item\":\"https:\\\/\\\/radioljubuski.ba\\\/\"},{\"@type\":\"ListItem\",\"position\":2,\"name\":\"Odr\u017ean tre\u0107i Gospodarski forum \u017dZH: Jaki i sna\u017eni Hrvati u BiH jamac prosperiteta RH\"}]},{\"@type\":\"WebSite\",\"@id\":\"https:\\\/\\\/radioljubuski.ba\\\/#website\",\"url\":\"https:\\\/\\\/radioljubuski.ba\\\/\",\"name\":\"Radio Ljubu\u0161ki\",\"description\":\"Sun\u010dana frekvencija Hercegovine\",\"publisher\":{\"@id\":\"https:\\\/\\\/radioljubuski.ba\\\/#organization\"},\"potentialAction\":[{\"@type\":\"SearchAction\",\"target\":{\"@type\":\"EntryPoint\",\"urlTemplate\":\"https:\\\/\\\/radioljubuski.ba\\\/?s={search_term_string}\"},\"query-input\":{\"@type\":\"PropertyValueSpecification\",\"valueRequired\":true,\"valueName\":\"search_term_string\"}}],\"inLanguage\":\"hr\"},{\"@type\":\"Organization\",\"@id\":\"https:\\\/\\\/radioljubuski.ba\\\/#organization\",\"name\":\"Radio Ljubu\u0161ki\",\"url\":\"https:\\\/\\\/radioljubuski.ba\\\/\",\"logo\":{\"@type\":\"ImageObject\",\"inLanguage\":\"hr\",\"@id\":\"https:\\\/\\\/radioljubuski.ba\\\/#\\\/schema\\\/logo\\\/image\\\/\",\"url\":\"https:\\\/\\\/radioljubuski.ba\\\/wp-content\\\/uploads\\\/2021\\\/02\\\/cropped-Radio_Ljubuski_logo1.jpg\",\"contentUrl\":\"https:\\\/\\\/radioljubuski.ba\\\/wp-content\\\/uploads\\\/2021\\\/02\\\/cropped-Radio_Ljubuski_logo1.jpg\",\"width\":512,\"height\":512,\"caption\":\"Radio Ljubu\u0161ki\"},\"image\":{\"@id\":\"https:\\\/\\\/radioljubuski.ba\\\/#\\\/schema\\\/logo\\\/image\\\/\"},\"sameAs\":[\"https:\\\/\\\/www.facebook.com\\\/Radiio-Ljubuski-1490835324566332\",\"https:\\\/\\\/x.com\\\/radioljubuski\",\"https:\\\/\\\/hr.linkedin.com\\\/company\\\/radio-ljubuski\",\"https:\\\/\\\/www.youtube.com\\\/channel\\\/UCHYaeO_n0Db3tjNGudGpXyw\"]},{\"@type\":\"Person\",\"@id\":\"https:\\\/\\\/radioljubuski.ba\\\/#\\\/schema\\\/person\\\/19fc700381a780f69665d7956c469e3b\",\"name\":\"Radio Ljubu\u0161ki\"}]}<\/script>\n<!-- \/ Yoast SEO plugin. -->","yoast_head_json":{"title":"Odr\u017ean tre\u0107i Gospodarski forum \u017dZH: Jaki i sna\u017eni Hrvati u BiH jamac prosperiteta RH - RADIO LJUBU\u0160KI","robots":{"index":"index","follow":"follow","max-snippet":"max-snippet:-1","max-image-preview":"max-image-preview:large","max-video-preview":"max-video-preview:-1"},"canonical":"https:\/\/radioljubuski.ba\/index.php\/2026\/03\/13\/odrzan-treci-gospodarski-forum-zzh-jaki-i-snazni-hrvati-u-bih-jamac-prosperiteta-rh\/","og_locale":"hr_HR","og_type":"article","og_title":"Odr\u017ean tre\u0107i Gospodarski forum \u017dZH: Jaki i sna\u017eni Hrvati u BiH jamac prosperiteta RH - RADIO LJUBU\u0160KI","og_description":"Tre\u0107i gospodarski forum \u017dupanije Zapadnohercegova\u010dke (\u017dZH) odr\u017ean je u \u010detvrtak u \u0160irokom Brijegu s ciljem dodatnog osna\u017eivanja partnerskih odnosa izme\u0111u gospodarstvenika i \u017eupanijske Vlade te poticanja otvorene i konstruktivne rasprave o izazovima i prilikama koje stoje pred gospodarstvom u nadolaze\u0107em razdoblju. Ovogodi\u0161nja&nbsp;tema Foruma&nbsp;bila je \u201cProstor za budu\u0107nost: Strate\u0161ko \u0161irenje gospodarskih kapaciteta \u017dZH\u201d s naglaskom na [&hellip;]","og_url":"https:\/\/radioljubuski.ba\/index.php\/2026\/03\/13\/odrzan-treci-gospodarski-forum-zzh-jaki-i-snazni-hrvati-u-bih-jamac-prosperiteta-rh\/","og_site_name":"RADIO LJUBU\u0160KI","article_publisher":"https:\/\/www.facebook.com\/Radiio-Ljubuski-1490835324566332","article_published_time":"2026-03-13T08:44:53+00:00","article_modified_time":"2026-03-13T08:46:42+00:00","og_image":[{"width":1000,"height":667,"url":"https:\/\/radioljubuski.ba\/wp-content\/uploads\/2026\/03\/3.-Gospodarski-forum-ZZH-SB-2-ivo-pavkovic-predrag-covic.jpg","type":"image\/jpeg"}],"author":"Radio Ljubu\u0161ki","twitter_card":"summary_large_image","twitter_creator":"@radioljubuski","twitter_site":"@radioljubuski","twitter_misc":{"Napisao\/la":"Radio Ljubu\u0161ki","Procijenjeno vrijeme \u010ditanja":"8 minuta"},"schema":{"@context":"https:\/\/schema.org","@graph":[{"@type":"Article","@id":"https:\/\/radioljubuski.ba\/index.php\/2026\/03\/13\/odrzan-treci-gospodarski-forum-zzh-jaki-i-snazni-hrvati-u-bih-jamac-prosperiteta-rh\/#article","isPartOf":{"@id":"https:\/\/radioljubuski.ba\/index.php\/2026\/03\/13\/odrzan-treci-gospodarski-forum-zzh-jaki-i-snazni-hrvati-u-bih-jamac-prosperiteta-rh\/"},"author":{"name":"Radio Ljubu\u0161ki","@id":"https:\/\/radioljubuski.ba\/#\/schema\/person\/19fc700381a780f69665d7956c469e3b"},"headline":"Odr\u017ean tre\u0107i Gospodarski forum \u017dZH: Jaki i sna\u017eni Hrvati u BiH jamac prosperiteta RH","datePublished":"2026-03-13T08:44:53+00:00","dateModified":"2026-03-13T08:46:42+00:00","mainEntityOfPage":{"@id":"https:\/\/radioljubuski.ba\/index.php\/2026\/03\/13\/odrzan-treci-gospodarski-forum-zzh-jaki-i-snazni-hrvati-u-bih-jamac-prosperiteta-rh\/"},"wordCount":1329,"publisher":{"@id":"https:\/\/radioljubuski.ba\/#organization"},"image":{"@id":"https:\/\/radioljubuski.ba\/index.php\/2026\/03\/13\/odrzan-treci-gospodarski-forum-zzh-jaki-i-snazni-hrvati-u-bih-jamac-prosperiteta-rh\/#primaryimage"},"thumbnailUrl":"https:\/\/radioljubuski.ba\/wp-content\/uploads\/2026\/03\/3.-Gospodarski-forum-ZZH-SB-2-ivo-pavkovic-predrag-covic.jpg","articleSection":["Novosti"],"inLanguage":"hr"},{"@type":"WebPage","@id":"https:\/\/radioljubuski.ba\/index.php\/2026\/03\/13\/odrzan-treci-gospodarski-forum-zzh-jaki-i-snazni-hrvati-u-bih-jamac-prosperiteta-rh\/","url":"https:\/\/radioljubuski.ba\/index.php\/2026\/03\/13\/odrzan-treci-gospodarski-forum-zzh-jaki-i-snazni-hrvati-u-bih-jamac-prosperiteta-rh\/","name":"Odr\u017ean tre\u0107i Gospodarski forum \u017dZH: Jaki i sna\u017eni Hrvati u BiH jamac prosperiteta RH - RADIO LJUBU\u0160KI","isPartOf":{"@id":"https:\/\/radioljubuski.ba\/#website"},"primaryImageOfPage":{"@id":"https:\/\/radioljubuski.ba\/index.php\/2026\/03\/13\/odrzan-treci-gospodarski-forum-zzh-jaki-i-snazni-hrvati-u-bih-jamac-prosperiteta-rh\/#primaryimage"},"image":{"@id":"https:\/\/radioljubuski.ba\/index.php\/2026\/03\/13\/odrzan-treci-gospodarski-forum-zzh-jaki-i-snazni-hrvati-u-bih-jamac-prosperiteta-rh\/#primaryimage"},"thumbnailUrl":"https:\/\/radioljubuski.ba\/wp-content\/uploads\/2026\/03\/3.-Gospodarski-forum-ZZH-SB-2-ivo-pavkovic-predrag-covic.jpg","datePublished":"2026-03-13T08:44:53+00:00","dateModified":"2026-03-13T08:46:42+00:00","breadcrumb":{"@id":"https:\/\/radioljubuski.ba\/index.php\/2026\/03\/13\/odrzan-treci-gospodarski-forum-zzh-jaki-i-snazni-hrvati-u-bih-jamac-prosperiteta-rh\/#breadcrumb"},"inLanguage":"hr","potentialAction":[{"@type":"ReadAction","target":["https:\/\/radioljubuski.ba\/index.php\/2026\/03\/13\/odrzan-treci-gospodarski-forum-zzh-jaki-i-snazni-hrvati-u-bih-jamac-prosperiteta-rh\/"]}]},{"@type":"ImageObject","inLanguage":"hr","@id":"https:\/\/radioljubuski.ba\/index.php\/2026\/03\/13\/odrzan-treci-gospodarski-forum-zzh-jaki-i-snazni-hrvati-u-bih-jamac-prosperiteta-rh\/#primaryimage","url":"https:\/\/radioljubuski.ba\/wp-content\/uploads\/2026\/03\/3.-Gospodarski-forum-ZZH-SB-2-ivo-pavkovic-predrag-covic.jpg","contentUrl":"https:\/\/radioljubuski.ba\/wp-content\/uploads\/2026\/03\/3.-Gospodarski-forum-ZZH-SB-2-ivo-pavkovic-predrag-covic.jpg","width":1000,"height":667},{"@type":"BreadcrumbList","@id":"https:\/\/radioljubuski.ba\/index.php\/2026\/03\/13\/odrzan-treci-gospodarski-forum-zzh-jaki-i-snazni-hrvati-u-bih-jamac-prosperiteta-rh\/#breadcrumb","itemListElement":[{"@type":"ListItem","position":1,"name":"Po\u010detna stranica","item":"https:\/\/radioljubuski.ba\/"},{"@type":"ListItem","position":2,"name":"Odr\u017ean tre\u0107i Gospodarski forum \u017dZH: Jaki i sna\u017eni Hrvati u BiH jamac prosperiteta RH"}]},{"@type":"WebSite","@id":"https:\/\/radioljubuski.ba\/#website","url":"https:\/\/radioljubuski.ba\/","name":"Radio Ljubu\u0161ki","description":"Sun\u010dana frekvencija Hercegovine","publisher":{"@id":"https:\/\/radioljubuski.ba\/#organization"},"potentialAction":[{"@type":"SearchAction","target":{"@type":"EntryPoint","urlTemplate":"https:\/\/radioljubuski.ba\/?s={search_term_string}"},"query-input":{"@type":"PropertyValueSpecification","valueRequired":true,"valueName":"search_term_string"}}],"inLanguage":"hr"},{"@type":"Organization","@id":"https:\/\/radioljubuski.ba\/#organization","name":"Radio Ljubu\u0161ki","url":"https:\/\/radioljubuski.ba\/","logo":{"@type":"ImageObject","inLanguage":"hr","@id":"https:\/\/radioljubuski.ba\/#\/schema\/logo\/image\/","url":"https:\/\/radioljubuski.ba\/wp-content\/uploads\/2021\/02\/cropped-Radio_Ljubuski_logo1.jpg","contentUrl":"https:\/\/radioljubuski.ba\/wp-content\/uploads\/2021\/02\/cropped-Radio_Ljubuski_logo1.jpg","width":512,"height":512,"caption":"Radio Ljubu\u0161ki"},"image":{"@id":"https:\/\/radioljubuski.ba\/#\/schema\/logo\/image\/"},"sameAs":["https:\/\/www.facebook.com\/Radiio-Ljubuski-1490835324566332","https:\/\/x.com\/radioljubuski","https:\/\/hr.linkedin.com\/company\/radio-ljubuski","https:\/\/www.youtube.com\/channel\/UCHYaeO_n0Db3tjNGudGpXyw"]},{"@type":"Person","@id":"https:\/\/radioljubuski.ba\/#\/schema\/person\/19fc700381a780f69665d7956c469e3b","name":"Radio Ljubu\u0161ki"}]}},"_links":{"self":[{"href":"https:\/\/radioljubuski.ba\/index.php\/wp-json\/wp\/v2\/posts\/226270","targetHints":{"allow":["GET"]}}],"collection":[{"href":"https:\/\/radioljubuski.ba\/index.php\/wp-json\/wp\/v2\/posts"}],"about":[{"href":"https:\/\/radioljubuski.ba\/index.php\/wp-json\/wp\/v2\/types\/post"}],"author":[{"embeddable":true,"href":"https:\/\/radioljubuski.ba\/index.php\/wp-json\/wp\/v2\/users\/2"}],"replies":[{"embeddable":true,"href":"https:\/\/radioljubuski.ba\/index.php\/wp-json\/wp\/v2\/comments?post=226270"}],"version-history":[{"count":2,"href":"https:\/\/radioljubuski.ba\/index.php\/wp-json\/wp\/v2\/posts\/226270\/revisions"}],"predecessor-version":[{"id":226275,"href":"https:\/\/radioljubuski.ba\/index.php\/wp-json\/wp\/v2\/posts\/226270\/revisions\/226275"}],"wp:featuredmedia":[{"embeddable":true,"href":"https:\/\/radioljubuski.ba\/index.php\/wp-json\/wp\/v2\/media\/226273"}],"wp:attachment":[{"href":"https:\/\/radioljubuski.ba\/index.php\/wp-json\/wp\/v2\/media?parent=226270"}],"wp:term":[{"taxonomy":"category","embeddable":true,"href":"https:\/\/radioljubuski.ba\/index.php\/wp-json\/wp\/v2\/categories?post=226270"},{"taxonomy":"post_tag","embeddable":true,"href":"https:\/\/radioljubuski.ba\/index.php\/wp-json\/wp\/v2\/tags?post=226270"}],"curies":[{"name":"wp","href":"https:\/\/api.w.org\/{rel}","templated":true}]}}