{"id":226276,"date":"2026-03-13T10:33:13","date_gmt":"2026-03-13T09:33:13","guid":{"rendered":"https:\/\/radioljubuski.ba\/?p=226276"},"modified":"2026-03-16T12:03:43","modified_gmt":"2026-03-16T11:03:43","slug":"rukometasi-izvidac-agrama-u-subotu-docekuju-slobodu-nogometasi-ljubuskog-u-nedjelju-turbinu-a-trci-se-i-2-kolo-rekreativne-lige","status":"publish","type":"post","link":"https:\/\/radioljubuski.ba\/index.php\/2026\/03\/13\/rukometasi-izvidac-agrama-u-subotu-docekuju-slobodu-nogometasi-ljubuskog-u-nedjelju-turbinu-a-trci-se-i-2-kolo-rekreativne-lige\/","title":{"rendered":"Rukometa\u0161i Izvi\u0111a\u010d Agrama u subotu do\u010dekuju Slobodu, nogometa\u0161i Ljubu\u0161kog u nedjelju Turbinu, ko\u0161arka\u0161i Ljubu\u0161kog u derbiju kola ugo\u0161\u0107uju Mostar, a tr\u010di se i 2. kolo Rekreativne lige"},"content":{"rendered":"\n<p>Za vikend koji je pred nama rukometa\u0161i Izvi\u0111a\u010d Agrama \u0107e ugostiti Slobodu iz Tuzle, rukometa\u0161ima Izvi\u0111a\u010da 2 u goste je trebala do\u0107i Bosna iz Sarajeva ali je utakmica odgo\u0111ena, rukometa\u0161ice Izvi\u0111a\u010da gostuju u Had\u017ei\u0107ima kod istoimene doma\u0107e ekipe, nogometa\u0161i Ljubu\u0161kog do\u010dekuju Turbinu iz Jablanice, ko\u0161arka\u0161i Ljubu\u0161kog \u0107e u derbi utakmici prvenstva Herceg-Bosne ugostiti Mostar, odbojka\u0161ice Libera gostuju kod H\u017dOK Blato, a pred nama je i 2. kolo Rekreativne lige u tr\u010danju.<\/p>\n\n\n\n<p><strong>RUKOMET<\/strong><\/p>\n\n\n\n<p><strong>Izvi\u0111a\u010d Agram<\/strong><\/p>\n\n\n\n<p>Rukometa\u0161i Izvi\u0111a\u010d Agrama \u0107e u subotu, 14. o\u017eujka, u 19. kolu Premijer lige BiH ugostiti Slobodu iz Tuzle. Utakmica se igra u Gradskoj \u0161portskoj dvorani u Ljubu\u0161kom s po\u010detkom u 18 sati.<\/p>\n\n\n\n<p>\u201eU 19. kolu Premijer lige BiH u na\u0161u Gradsku \u0161portsku dvoranu dolazi ekipa Slobode iz Tuzle, ali jedno je sigurno \u2013 na\u0161 teren je na\u0161a tvr\u0111ava!<br>Na\u0161i momci jure 11. uzastopnu pobjedu, a za to im treba va\u0161a podr\u0161ka, va\u0161a energija i va\u0161 glas s tribina!<br>Do\u0111ite u dvoranu, napravimo atmosferu kakvu samo na\u0161i navija\u010di znaju napraviti i zajedno gurnimo ekipu do nove pobjede!\u201c, objavio je Izvi\u0111a\u010d na svojoj slu\u017ebenoj facebook stranici.<\/p>\n\n\n\n<p>Podsje\u0107amo, nakon 18. odigranih kola Izvi\u0111a\u010d se nalazi na \u010delu prvenstvene ljestvice s 32 boda iz 18 odigranih utakmica. Sloboda je posljednja na ljestvici s osam osvojenih bodova iz 18 utakmica.<\/p>\n\n\n\n<figure class=\"wp-block-image size-full\"><img loading=\"lazy\" decoding=\"async\" width=\"512\" height=\"640\" src=\"https:\/\/radioljubuski.ba\/wp-content\/uploads\/2026\/03\/650302776_1611925000494150_956073406248948220_n.jpg\" alt=\"\" class=\"wp-image-226278\" srcset=\"https:\/\/radioljubuski.ba\/wp-content\/uploads\/2026\/03\/650302776_1611925000494150_956073406248948220_n.jpg 512w, https:\/\/radioljubuski.ba\/wp-content\/uploads\/2026\/03\/650302776_1611925000494150_956073406248948220_n-240x300.jpg 240w, https:\/\/radioljubuski.ba\/wp-content\/uploads\/2026\/03\/650302776_1611925000494150_956073406248948220_n-10x12.jpg 10w\" sizes=\"auto, (max-width: 512px) 100vw, 512px\" \/><\/figure>\n\n\n\n<p><strong>Izvi\u0111a\u010d 2<\/strong><\/p>\n\n\n\n<p>Rukometa\u0161i Izvi\u0111a\u010da 2 su u nedjelju u 19. kolu Prve lige F BIH \u2013 skupina Jug trebali ugostiti Bosnu iz Sarajeva ali je utakmica odgo\u0111ena.<\/p>\n\n\n\n<p><strong>Izvi\u0111a\u010d \u017eene<\/strong><\/p>\n\n\n\n<p>Rukometa\u0161ice Izvi\u0111a\u010da u 15. kolu Premijer lige BiH gostuju u Had\u017ei\u0107ima kod istoimene doma\u0107e ekipe. Utakmica se igra u subotu, 14. o\u017eujka, s po\u010detkom u 19,30 stai.<\/p>\n\n\n\n<p>\u201eNa\u0161e cure o\u010dekuje vrlo zahtjevna utakmica protiv<br>prvoporedane ekipe iz Had\u017ei\u0107a ali su spremne ostaviti<br>srce na terenu i pokazati svoj kvalitet.<br>JU KSIRC Had\u017ei\u0107i<br>Podr\u017eite na\u0161e skautice i budite na\u0161 8. igra\u010d\u201c, objavio je \u017dRK Izvi\u0111a\u010d na svojoj slu\u017ebenoj facebook stranici.<\/p>\n\n\n\n<p>Podsje\u0107amo, nakon 14 odigranih kola Had\u017ei\u0107i su vode\u0107i na prvenstvenoj ljestvici s 22 boda iz 12 odigranih utakmica. Izvi\u0111a\u010d se nalazi na pretposljednjem mjestu s \u010detiri osvojena boda iz 12 utakmica.<\/p>\n\n\n\n<figure class=\"wp-block-image size-large\"><img loading=\"lazy\" decoding=\"async\" width=\"819\" height=\"1024\" src=\"https:\/\/radioljubuski.ba\/wp-content\/uploads\/2026\/03\/650058120_18015281327832190_7641723150185548770_n-819x1024.jpg\" alt=\"\" class=\"wp-image-226279\" srcset=\"https:\/\/radioljubuski.ba\/wp-content\/uploads\/2026\/03\/650058120_18015281327832190_7641723150185548770_n-819x1024.jpg 819w, https:\/\/radioljubuski.ba\/wp-content\/uploads\/2026\/03\/650058120_18015281327832190_7641723150185548770_n-240x300.jpg 240w, https:\/\/radioljubuski.ba\/wp-content\/uploads\/2026\/03\/650058120_18015281327832190_7641723150185548770_n-768x960.jpg 768w, https:\/\/radioljubuski.ba\/wp-content\/uploads\/2026\/03\/650058120_18015281327832190_7641723150185548770_n-1228x1536.jpg 1228w, https:\/\/radioljubuski.ba\/wp-content\/uploads\/2026\/03\/650058120_18015281327832190_7641723150185548770_n-10x12.jpg 10w, https:\/\/radioljubuski.ba\/wp-content\/uploads\/2026\/03\/650058120_18015281327832190_7641723150185548770_n.jpg 1350w\" sizes=\"auto, (max-width: 819px) 100vw, 819px\" \/><\/figure>\n\n\n\n<p><strong>Rukometna akademija Izvi\u0111a\u010d<\/strong><\/p>\n\n\n\n<p>Rukometna akademija Izvi\u0111a\u010d \u0107e u sklopu Prvenstva HB za mlade predstoje\u0107i vikend ugostiti svoje vr\u0161njake iz \u0160irokog Brijega.<\/p>\n\n\n\n<p>Igrat \u0107e mla\u0111i dje\u010daci i kadeti, a utakmice se igraju u nedjelju, 15. o\u017eujka, u Gradskoj \u0161portskoj dvorani u Ljubu\u0161kom s po\u010detkom u 12 sati.<\/p>\n\n\n\n<p><strong>NOGOMET<\/strong><\/p>\n\n\n\n<p>Nogometa\u0161i Ljubu\u0161kog \u0107e u 17. kolu Druge lige F BiH \u2013 skupina Jug ugostiti Turbinu iz Jablanice. Utakmica se igra u nedjelju 15. o\u017eujka, na nogometnom stadionu Babovac s po\u010detkom u 15 sati.<\/p>\n\n\n\n<p>Podsje\u0107amo, nakon 16 odigranih kola Ljubu\u0161ki se nalazi na 6. mjestu prvenstvene ljestvice s 26 osvojenih bodova iz 15 odigranih utakmica. Turbina se nalazi na 7. mjestu i ima pet bodova manje od Ljubu\u0161kog.<\/p>\n\n\n\n<p><strong>KO\u0160ARKA<\/strong><\/p>\n\n\n\n<p>U nedjelju nas u Ljubu\u0161kom o\u010dekuje derbi susret cijelog prvenstva KS Herceg-Bosne. Ko\u0161arka\u0161i Ljubu\u0161kog \u0107e u 13. kolu Lige KS Herceg-Bosne ugostiti Mostar. Susret je to dvije prvoplasirane mom\u010dadi, Ljubu\u0161ki je drugi na prvenstvenoj ljestvici s 9 pobjeda i 3 poraza u 12 odigranih utakmica, koliko ima i vode\u0107i Mostar.<\/p>\n\n\n\n<p>Utakmica se igra u nedjelju, 15. o\u017eujka, u Gradskoj \u0161portskoj dvorani u Ljubu\u0161kom s po\u010detkom u 19 sati.<\/p>\n\n\n\n<p><strong>ODBOJKA<\/strong><\/p>\n\n\n\n<p>Odbojka\u0161ice Libera u subotu u 13. kolu Lige Hercegovine gostuju kod H\u017dOK Blato.<br>Susret se igra u tri kategorije: kadetkinje, mla\u0111e kadetkinje i djevoj\u010dice.<\/p>\n\n\n\n<p><strong>LJUBU\u0160KI TR\u010cI<\/strong><\/p>\n\n\n\n<p>Predstoje\u0107i vikend na rasporedu je 2. kolo rekreativne lige \u201eLjubu\u0161ki tr\u010di.\u201c<\/p>\n\n\n\n<p>\u201eSvi sudionici 2.kola Ljubu\u0161ke Rekreativne Lige mogu osvojiti startninu za LJOF &#8211; poklanjamo dvije<br>Pravila su vi\u0161e nego jednostavna, do\u0111ite tr\u010dati\/hodati i zapratite Ljubu\u0161ki Outdoor Festival Ako \u017eelite mo\u017eete i podijeliti ovu objavu. Nakon utrke na licu mjesta izvla\u010dimo dvoje sretnika<br>Vidimo se na bajeru\u201c, objavljeno je, me\u0111u ostalim, na facebook stranici Ljubu\u0161ki tr\u010di.<\/p>\n\n\n\n<p>Na istoj stranici mo\u017eete pogledati i kako \u0107e izgledati utrka od starta do cilja te gdje je mjesto za parking prije utrke.<\/p>\n\n\n\n<p>Vi\u0161e pogledajte na njihovoj facebook stranici: https:\/\/www.facebook.com\/search\/top?q=ljubu%C5%A1ki%20tr%C4%8Di<\/p>\n\n\n\n<p>Radio Ljubu\u0161ki<\/p>\n","protected":false},"excerpt":{"rendered":"<p>Za vikend koji je pred nama rukometa\u0161i Izvi\u0111a\u010d Agrama \u0107e ugostiti Slobodu iz Tuzle, rukometa\u0161ima Izvi\u0111a\u010da 2 u goste je trebala do\u0107i Bosna iz Sarajeva ali je utakmica odgo\u0111ena, rukometa\u0161ice Izvi\u0111a\u010da gostuju u Had\u017ei\u0107ima kod istoimene doma\u0107e ekipe, nogometa\u0161i Ljubu\u0161kog do\u010dekuju Turbinu iz Jablanice, ko\u0161arka\u0161i Ljubu\u0161kog \u0107e u derbi utakmici prvenstva Herceg-Bosne ugostiti Mostar, odbojka\u0161ice [&hellip;]<\/p>\n","protected":false},"author":2,"featured_media":226277,"comment_status":"closed","ping_status":"closed","sticky":false,"template":"","format":"standard","meta":{"h5ap_radio_sources":[],"footnotes":""},"categories":[3,7],"tags":[],"class_list":["post-226276","post","type-post","status-publish","format-standard","has-post-thumbnail","hentry","category-ljubuski","category-sport"],"yoast_head":"<!-- This site is optimized with the Yoast SEO plugin v27.5 - https:\/\/yoast.com\/product\/yoast-seo-wordpress\/ -->\n<title>Rukometa\u0161i Izvi\u0111a\u010d Agrama u subotu do\u010dekuju Slobodu, nogometa\u0161i Ljubu\u0161kog u nedjelju Turbinu, ko\u0161arka\u0161i Ljubu\u0161kog u derbiju kola ugo\u0161\u0107uju Mostar, a tr\u010di se i 2. kolo Rekreativne lige - RADIO LJUBU\u0160KI<\/title>\n<meta name=\"robots\" content=\"index, follow, max-snippet:-1, max-image-preview:large, max-video-preview:-1\" \/>\n<link rel=\"canonical\" href=\"https:\/\/radioljubuski.ba\/index.php\/2026\/03\/13\/rukometasi-izvidac-agrama-u-subotu-docekuju-slobodu-nogometasi-ljubuskog-u-nedjelju-turbinu-a-trci-se-i-2-kolo-rekreativne-lige\/\" \/>\n<meta property=\"og:locale\" content=\"hr_HR\" \/>\n<meta property=\"og:type\" content=\"article\" \/>\n<meta property=\"og:title\" content=\"Rukometa\u0161i Izvi\u0111a\u010d Agrama u subotu do\u010dekuju Slobodu, nogometa\u0161i Ljubu\u0161kog u nedjelju Turbinu, ko\u0161arka\u0161i Ljubu\u0161kog u derbiju kola ugo\u0161\u0107uju Mostar, a tr\u010di se i 2. kolo Rekreativne lige - RADIO LJUBU\u0160KI\" \/>\n<meta property=\"og:description\" content=\"Za vikend koji je pred nama rukometa\u0161i Izvi\u0111a\u010d Agrama \u0107e ugostiti Slobodu iz Tuzle, rukometa\u0161ima Izvi\u0111a\u010da 2 u goste je trebala do\u0107i Bosna iz Sarajeva ali je utakmica odgo\u0111ena, rukometa\u0161ice Izvi\u0111a\u010da gostuju u Had\u017ei\u0107ima kod istoimene doma\u0107e ekipe, nogometa\u0161i Ljubu\u0161kog do\u010dekuju Turbinu iz Jablanice, ko\u0161arka\u0161i Ljubu\u0161kog \u0107e u derbi utakmici prvenstva Herceg-Bosne ugostiti Mostar, odbojka\u0161ice [&hellip;]\" \/>\n<meta property=\"og:url\" content=\"https:\/\/radioljubuski.ba\/index.php\/2026\/03\/13\/rukometasi-izvidac-agrama-u-subotu-docekuju-slobodu-nogometasi-ljubuskog-u-nedjelju-turbinu-a-trci-se-i-2-kolo-rekreativne-lige\/\" \/>\n<meta property=\"og:site_name\" content=\"RADIO LJUBU\u0160KI\" \/>\n<meta property=\"article:publisher\" content=\"https:\/\/www.facebook.com\/Radiio-Ljubuski-1490835324566332\" \/>\n<meta property=\"article:published_time\" content=\"2026-03-13T09:33:13+00:00\" \/>\n<meta property=\"article:modified_time\" content=\"2026-03-16T11:03:43+00:00\" \/>\n<meta property=\"og:image\" content=\"https:\/\/radioljubuski.ba\/wp-content\/uploads\/2026\/03\/sportski-vodic-1.png\" \/>\n\t<meta property=\"og:image:width\" content=\"1080\" \/>\n\t<meta property=\"og:image:height\" content=\"1080\" \/>\n\t<meta property=\"og:image:type\" content=\"image\/png\" \/>\n<meta name=\"author\" content=\"Radio Ljubu\u0161ki\" \/>\n<meta name=\"twitter:card\" content=\"summary_large_image\" \/>\n<meta name=\"twitter:creator\" content=\"@radioljubuski\" \/>\n<meta name=\"twitter:site\" content=\"@radioljubuski\" \/>\n<meta name=\"twitter:label1\" content=\"Napisao\/la\" \/>\n\t<meta name=\"twitter:data1\" content=\"Radio Ljubu\u0161ki\" \/>\n\t<meta name=\"twitter:label2\" content=\"Procijenjeno vrijeme \u010ditanja\" \/>\n\t<meta name=\"twitter:data2\" content=\"5 minuta\" \/>\n<script type=\"application\/ld+json\" class=\"yoast-schema-graph\">{\"@context\":\"https:\\\/\\\/schema.org\",\"@graph\":[{\"@type\":\"Article\",\"@id\":\"https:\\\/\\\/radioljubuski.ba\\\/index.php\\\/2026\\\/03\\\/13\\\/rukometasi-izvidac-agrama-u-subotu-docekuju-slobodu-nogometasi-ljubuskog-u-nedjelju-turbinu-a-trci-se-i-2-kolo-rekreativne-lige\\\/#article\",\"isPartOf\":{\"@id\":\"https:\\\/\\\/radioljubuski.ba\\\/index.php\\\/2026\\\/03\\\/13\\\/rukometasi-izvidac-agrama-u-subotu-docekuju-slobodu-nogometasi-ljubuskog-u-nedjelju-turbinu-a-trci-se-i-2-kolo-rekreativne-lige\\\/\"},\"author\":{\"name\":\"Radio Ljubu\u0161ki\",\"@id\":\"https:\\\/\\\/radioljubuski.ba\\\/#\\\/schema\\\/person\\\/19fc700381a780f69665d7956c469e3b\"},\"headline\":\"Rukometa\u0161i Izvi\u0111a\u010d Agrama u subotu do\u010dekuju Slobodu, nogometa\u0161i Ljubu\u0161kog u nedjelju Turbinu, ko\u0161arka\u0161i Ljubu\u0161kog u derbiju kola ugo\u0161\u0107uju Mostar, a tr\u010di se i 2. kolo Rekreativne lige\",\"datePublished\":\"2026-03-13T09:33:13+00:00\",\"dateModified\":\"2026-03-16T11:03:43+00:00\",\"mainEntityOfPage\":{\"@id\":\"https:\\\/\\\/radioljubuski.ba\\\/index.php\\\/2026\\\/03\\\/13\\\/rukometasi-izvidac-agrama-u-subotu-docekuju-slobodu-nogometasi-ljubuskog-u-nedjelju-turbinu-a-trci-se-i-2-kolo-rekreativne-lige\\\/\"},\"wordCount\":767,\"publisher\":{\"@id\":\"https:\\\/\\\/radioljubuski.ba\\\/#organization\"},\"image\":{\"@id\":\"https:\\\/\\\/radioljubuski.ba\\\/index.php\\\/2026\\\/03\\\/13\\\/rukometasi-izvidac-agrama-u-subotu-docekuju-slobodu-nogometasi-ljubuskog-u-nedjelju-turbinu-a-trci-se-i-2-kolo-rekreativne-lige\\\/#primaryimage\"},\"thumbnailUrl\":\"https:\\\/\\\/radioljubuski.ba\\\/wp-content\\\/uploads\\\/2026\\\/03\\\/sportski-vodic-1.png\",\"articleSection\":[\"Ljubu\u0161ki\",\"\u0160port\"],\"inLanguage\":\"hr\"},{\"@type\":\"WebPage\",\"@id\":\"https:\\\/\\\/radioljubuski.ba\\\/index.php\\\/2026\\\/03\\\/13\\\/rukometasi-izvidac-agrama-u-subotu-docekuju-slobodu-nogometasi-ljubuskog-u-nedjelju-turbinu-a-trci-se-i-2-kolo-rekreativne-lige\\\/\",\"url\":\"https:\\\/\\\/radioljubuski.ba\\\/index.php\\\/2026\\\/03\\\/13\\\/rukometasi-izvidac-agrama-u-subotu-docekuju-slobodu-nogometasi-ljubuskog-u-nedjelju-turbinu-a-trci-se-i-2-kolo-rekreativne-lige\\\/\",\"name\":\"Rukometa\u0161i Izvi\u0111a\u010d Agrama u subotu do\u010dekuju Slobodu, nogometa\u0161i Ljubu\u0161kog u nedjelju Turbinu, ko\u0161arka\u0161i Ljubu\u0161kog u derbiju kola ugo\u0161\u0107uju Mostar, a tr\u010di se i 2. kolo Rekreativne lige - RADIO LJUBU\u0160KI\",\"isPartOf\":{\"@id\":\"https:\\\/\\\/radioljubuski.ba\\\/#website\"},\"primaryImageOfPage\":{\"@id\":\"https:\\\/\\\/radioljubuski.ba\\\/index.php\\\/2026\\\/03\\\/13\\\/rukometasi-izvidac-agrama-u-subotu-docekuju-slobodu-nogometasi-ljubuskog-u-nedjelju-turbinu-a-trci-se-i-2-kolo-rekreativne-lige\\\/#primaryimage\"},\"image\":{\"@id\":\"https:\\\/\\\/radioljubuski.ba\\\/index.php\\\/2026\\\/03\\\/13\\\/rukometasi-izvidac-agrama-u-subotu-docekuju-slobodu-nogometasi-ljubuskog-u-nedjelju-turbinu-a-trci-se-i-2-kolo-rekreativne-lige\\\/#primaryimage\"},\"thumbnailUrl\":\"https:\\\/\\\/radioljubuski.ba\\\/wp-content\\\/uploads\\\/2026\\\/03\\\/sportski-vodic-1.png\",\"datePublished\":\"2026-03-13T09:33:13+00:00\",\"dateModified\":\"2026-03-16T11:03:43+00:00\",\"breadcrumb\":{\"@id\":\"https:\\\/\\\/radioljubuski.ba\\\/index.php\\\/2026\\\/03\\\/13\\\/rukometasi-izvidac-agrama-u-subotu-docekuju-slobodu-nogometasi-ljubuskog-u-nedjelju-turbinu-a-trci-se-i-2-kolo-rekreativne-lige\\\/#breadcrumb\"},\"inLanguage\":\"hr\",\"potentialAction\":[{\"@type\":\"ReadAction\",\"target\":[\"https:\\\/\\\/radioljubuski.ba\\\/index.php\\\/2026\\\/03\\\/13\\\/rukometasi-izvidac-agrama-u-subotu-docekuju-slobodu-nogometasi-ljubuskog-u-nedjelju-turbinu-a-trci-se-i-2-kolo-rekreativne-lige\\\/\"]}]},{\"@type\":\"ImageObject\",\"inLanguage\":\"hr\",\"@id\":\"https:\\\/\\\/radioljubuski.ba\\\/index.php\\\/2026\\\/03\\\/13\\\/rukometasi-izvidac-agrama-u-subotu-docekuju-slobodu-nogometasi-ljubuskog-u-nedjelju-turbinu-a-trci-se-i-2-kolo-rekreativne-lige\\\/#primaryimage\",\"url\":\"https:\\\/\\\/radioljubuski.ba\\\/wp-content\\\/uploads\\\/2026\\\/03\\\/sportski-vodic-1.png\",\"contentUrl\":\"https:\\\/\\\/radioljubuski.ba\\\/wp-content\\\/uploads\\\/2026\\\/03\\\/sportski-vodic-1.png\",\"width\":1080,\"height\":1080},{\"@type\":\"BreadcrumbList\",\"@id\":\"https:\\\/\\\/radioljubuski.ba\\\/index.php\\\/2026\\\/03\\\/13\\\/rukometasi-izvidac-agrama-u-subotu-docekuju-slobodu-nogometasi-ljubuskog-u-nedjelju-turbinu-a-trci-se-i-2-kolo-rekreativne-lige\\\/#breadcrumb\",\"itemListElement\":[{\"@type\":\"ListItem\",\"position\":1,\"name\":\"Po\u010detna stranica\",\"item\":\"https:\\\/\\\/radioljubuski.ba\\\/\"},{\"@type\":\"ListItem\",\"position\":2,\"name\":\"Rukometa\u0161i Izvi\u0111a\u010d Agrama u subotu do\u010dekuju Slobodu, nogometa\u0161i Ljubu\u0161kog u nedjelju Turbinu, ko\u0161arka\u0161i Ljubu\u0161kog u derbiju kola ugo\u0161\u0107uju Mostar, a tr\u010di se i 2. kolo Rekreativne lige\"}]},{\"@type\":\"WebSite\",\"@id\":\"https:\\\/\\\/radioljubuski.ba\\\/#website\",\"url\":\"https:\\\/\\\/radioljubuski.ba\\\/\",\"name\":\"Radio Ljubu\u0161ki\",\"description\":\"Sun\u010dana frekvencija Hercegovine\",\"publisher\":{\"@id\":\"https:\\\/\\\/radioljubuski.ba\\\/#organization\"},\"potentialAction\":[{\"@type\":\"SearchAction\",\"target\":{\"@type\":\"EntryPoint\",\"urlTemplate\":\"https:\\\/\\\/radioljubuski.ba\\\/?s={search_term_string}\"},\"query-input\":{\"@type\":\"PropertyValueSpecification\",\"valueRequired\":true,\"valueName\":\"search_term_string\"}}],\"inLanguage\":\"hr\"},{\"@type\":\"Organization\",\"@id\":\"https:\\\/\\\/radioljubuski.ba\\\/#organization\",\"name\":\"Radio Ljubu\u0161ki\",\"url\":\"https:\\\/\\\/radioljubuski.ba\\\/\",\"logo\":{\"@type\":\"ImageObject\",\"inLanguage\":\"hr\",\"@id\":\"https:\\\/\\\/radioljubuski.ba\\\/#\\\/schema\\\/logo\\\/image\\\/\",\"url\":\"https:\\\/\\\/radioljubuski.ba\\\/wp-content\\\/uploads\\\/2021\\\/02\\\/cropped-Radio_Ljubuski_logo1.jpg\",\"contentUrl\":\"https:\\\/\\\/radioljubuski.ba\\\/wp-content\\\/uploads\\\/2021\\\/02\\\/cropped-Radio_Ljubuski_logo1.jpg\",\"width\":512,\"height\":512,\"caption\":\"Radio Ljubu\u0161ki\"},\"image\":{\"@id\":\"https:\\\/\\\/radioljubuski.ba\\\/#\\\/schema\\\/logo\\\/image\\\/\"},\"sameAs\":[\"https:\\\/\\\/www.facebook.com\\\/Radiio-Ljubuski-1490835324566332\",\"https:\\\/\\\/x.com\\\/radioljubuski\",\"https:\\\/\\\/hr.linkedin.com\\\/company\\\/radio-ljubuski\",\"https:\\\/\\\/www.youtube.com\\\/channel\\\/UCHYaeO_n0Db3tjNGudGpXyw\"]},{\"@type\":\"Person\",\"@id\":\"https:\\\/\\\/radioljubuski.ba\\\/#\\\/schema\\\/person\\\/19fc700381a780f69665d7956c469e3b\",\"name\":\"Radio Ljubu\u0161ki\"}]}<\/script>\n<!-- \/ Yoast SEO plugin. -->","yoast_head_json":{"title":"Rukometa\u0161i Izvi\u0111a\u010d Agrama u subotu do\u010dekuju Slobodu, nogometa\u0161i Ljubu\u0161kog u nedjelju Turbinu, ko\u0161arka\u0161i Ljubu\u0161kog u derbiju kola ugo\u0161\u0107uju Mostar, a tr\u010di se i 2. kolo Rekreativne lige - RADIO LJUBU\u0160KI","robots":{"index":"index","follow":"follow","max-snippet":"max-snippet:-1","max-image-preview":"max-image-preview:large","max-video-preview":"max-video-preview:-1"},"canonical":"https:\/\/radioljubuski.ba\/index.php\/2026\/03\/13\/rukometasi-izvidac-agrama-u-subotu-docekuju-slobodu-nogometasi-ljubuskog-u-nedjelju-turbinu-a-trci-se-i-2-kolo-rekreativne-lige\/","og_locale":"hr_HR","og_type":"article","og_title":"Rukometa\u0161i Izvi\u0111a\u010d Agrama u subotu do\u010dekuju Slobodu, nogometa\u0161i Ljubu\u0161kog u nedjelju Turbinu, ko\u0161arka\u0161i Ljubu\u0161kog u derbiju kola ugo\u0161\u0107uju Mostar, a tr\u010di se i 2. kolo Rekreativne lige - RADIO LJUBU\u0160KI","og_description":"Za vikend koji je pred nama rukometa\u0161i Izvi\u0111a\u010d Agrama \u0107e ugostiti Slobodu iz Tuzle, rukometa\u0161ima Izvi\u0111a\u010da 2 u goste je trebala do\u0107i Bosna iz Sarajeva ali je utakmica odgo\u0111ena, rukometa\u0161ice Izvi\u0111a\u010da gostuju u Had\u017ei\u0107ima kod istoimene doma\u0107e ekipe, nogometa\u0161i Ljubu\u0161kog do\u010dekuju Turbinu iz Jablanice, ko\u0161arka\u0161i Ljubu\u0161kog \u0107e u derbi utakmici prvenstva Herceg-Bosne ugostiti Mostar, odbojka\u0161ice [&hellip;]","og_url":"https:\/\/radioljubuski.ba\/index.php\/2026\/03\/13\/rukometasi-izvidac-agrama-u-subotu-docekuju-slobodu-nogometasi-ljubuskog-u-nedjelju-turbinu-a-trci-se-i-2-kolo-rekreativne-lige\/","og_site_name":"RADIO LJUBU\u0160KI","article_publisher":"https:\/\/www.facebook.com\/Radiio-Ljubuski-1490835324566332","article_published_time":"2026-03-13T09:33:13+00:00","article_modified_time":"2026-03-16T11:03:43+00:00","og_image":[{"width":1080,"height":1080,"url":"https:\/\/radioljubuski.ba\/wp-content\/uploads\/2026\/03\/sportski-vodic-1.png","type":"image\/png"}],"author":"Radio Ljubu\u0161ki","twitter_card":"summary_large_image","twitter_creator":"@radioljubuski","twitter_site":"@radioljubuski","twitter_misc":{"Napisao\/la":"Radio Ljubu\u0161ki","Procijenjeno vrijeme \u010ditanja":"5 minuta"},"schema":{"@context":"https:\/\/schema.org","@graph":[{"@type":"Article","@id":"https:\/\/radioljubuski.ba\/index.php\/2026\/03\/13\/rukometasi-izvidac-agrama-u-subotu-docekuju-slobodu-nogometasi-ljubuskog-u-nedjelju-turbinu-a-trci-se-i-2-kolo-rekreativne-lige\/#article","isPartOf":{"@id":"https:\/\/radioljubuski.ba\/index.php\/2026\/03\/13\/rukometasi-izvidac-agrama-u-subotu-docekuju-slobodu-nogometasi-ljubuskog-u-nedjelju-turbinu-a-trci-se-i-2-kolo-rekreativne-lige\/"},"author":{"name":"Radio Ljubu\u0161ki","@id":"https:\/\/radioljubuski.ba\/#\/schema\/person\/19fc700381a780f69665d7956c469e3b"},"headline":"Rukometa\u0161i Izvi\u0111a\u010d Agrama u subotu do\u010dekuju Slobodu, nogometa\u0161i Ljubu\u0161kog u nedjelju Turbinu, ko\u0161arka\u0161i Ljubu\u0161kog u derbiju kola ugo\u0161\u0107uju Mostar, a tr\u010di se i 2. kolo Rekreativne lige","datePublished":"2026-03-13T09:33:13+00:00","dateModified":"2026-03-16T11:03:43+00:00","mainEntityOfPage":{"@id":"https:\/\/radioljubuski.ba\/index.php\/2026\/03\/13\/rukometasi-izvidac-agrama-u-subotu-docekuju-slobodu-nogometasi-ljubuskog-u-nedjelju-turbinu-a-trci-se-i-2-kolo-rekreativne-lige\/"},"wordCount":767,"publisher":{"@id":"https:\/\/radioljubuski.ba\/#organization"},"image":{"@id":"https:\/\/radioljubuski.ba\/index.php\/2026\/03\/13\/rukometasi-izvidac-agrama-u-subotu-docekuju-slobodu-nogometasi-ljubuskog-u-nedjelju-turbinu-a-trci-se-i-2-kolo-rekreativne-lige\/#primaryimage"},"thumbnailUrl":"https:\/\/radioljubuski.ba\/wp-content\/uploads\/2026\/03\/sportski-vodic-1.png","articleSection":["Ljubu\u0161ki","\u0160port"],"inLanguage":"hr"},{"@type":"WebPage","@id":"https:\/\/radioljubuski.ba\/index.php\/2026\/03\/13\/rukometasi-izvidac-agrama-u-subotu-docekuju-slobodu-nogometasi-ljubuskog-u-nedjelju-turbinu-a-trci-se-i-2-kolo-rekreativne-lige\/","url":"https:\/\/radioljubuski.ba\/index.php\/2026\/03\/13\/rukometasi-izvidac-agrama-u-subotu-docekuju-slobodu-nogometasi-ljubuskog-u-nedjelju-turbinu-a-trci-se-i-2-kolo-rekreativne-lige\/","name":"Rukometa\u0161i Izvi\u0111a\u010d Agrama u subotu do\u010dekuju Slobodu, nogometa\u0161i Ljubu\u0161kog u nedjelju Turbinu, ko\u0161arka\u0161i Ljubu\u0161kog u derbiju kola ugo\u0161\u0107uju Mostar, a tr\u010di se i 2. kolo Rekreativne lige - RADIO LJUBU\u0160KI","isPartOf":{"@id":"https:\/\/radioljubuski.ba\/#website"},"primaryImageOfPage":{"@id":"https:\/\/radioljubuski.ba\/index.php\/2026\/03\/13\/rukometasi-izvidac-agrama-u-subotu-docekuju-slobodu-nogometasi-ljubuskog-u-nedjelju-turbinu-a-trci-se-i-2-kolo-rekreativne-lige\/#primaryimage"},"image":{"@id":"https:\/\/radioljubuski.ba\/index.php\/2026\/03\/13\/rukometasi-izvidac-agrama-u-subotu-docekuju-slobodu-nogometasi-ljubuskog-u-nedjelju-turbinu-a-trci-se-i-2-kolo-rekreativne-lige\/#primaryimage"},"thumbnailUrl":"https:\/\/radioljubuski.ba\/wp-content\/uploads\/2026\/03\/sportski-vodic-1.png","datePublished":"2026-03-13T09:33:13+00:00","dateModified":"2026-03-16T11:03:43+00:00","breadcrumb":{"@id":"https:\/\/radioljubuski.ba\/index.php\/2026\/03\/13\/rukometasi-izvidac-agrama-u-subotu-docekuju-slobodu-nogometasi-ljubuskog-u-nedjelju-turbinu-a-trci-se-i-2-kolo-rekreativne-lige\/#breadcrumb"},"inLanguage":"hr","potentialAction":[{"@type":"ReadAction","target":["https:\/\/radioljubuski.ba\/index.php\/2026\/03\/13\/rukometasi-izvidac-agrama-u-subotu-docekuju-slobodu-nogometasi-ljubuskog-u-nedjelju-turbinu-a-trci-se-i-2-kolo-rekreativne-lige\/"]}]},{"@type":"ImageObject","inLanguage":"hr","@id":"https:\/\/radioljubuski.ba\/index.php\/2026\/03\/13\/rukometasi-izvidac-agrama-u-subotu-docekuju-slobodu-nogometasi-ljubuskog-u-nedjelju-turbinu-a-trci-se-i-2-kolo-rekreativne-lige\/#primaryimage","url":"https:\/\/radioljubuski.ba\/wp-content\/uploads\/2026\/03\/sportski-vodic-1.png","contentUrl":"https:\/\/radioljubuski.ba\/wp-content\/uploads\/2026\/03\/sportski-vodic-1.png","width":1080,"height":1080},{"@type":"BreadcrumbList","@id":"https:\/\/radioljubuski.ba\/index.php\/2026\/03\/13\/rukometasi-izvidac-agrama-u-subotu-docekuju-slobodu-nogometasi-ljubuskog-u-nedjelju-turbinu-a-trci-se-i-2-kolo-rekreativne-lige\/#breadcrumb","itemListElement":[{"@type":"ListItem","position":1,"name":"Po\u010detna stranica","item":"https:\/\/radioljubuski.ba\/"},{"@type":"ListItem","position":2,"name":"Rukometa\u0161i Izvi\u0111a\u010d Agrama u subotu do\u010dekuju Slobodu, nogometa\u0161i Ljubu\u0161kog u nedjelju Turbinu, ko\u0161arka\u0161i Ljubu\u0161kog u derbiju kola ugo\u0161\u0107uju Mostar, a tr\u010di se i 2. kolo Rekreativne lige"}]},{"@type":"WebSite","@id":"https:\/\/radioljubuski.ba\/#website","url":"https:\/\/radioljubuski.ba\/","name":"Radio Ljubu\u0161ki","description":"Sun\u010dana frekvencija Hercegovine","publisher":{"@id":"https:\/\/radioljubuski.ba\/#organization"},"potentialAction":[{"@type":"SearchAction","target":{"@type":"EntryPoint","urlTemplate":"https:\/\/radioljubuski.ba\/?s={search_term_string}"},"query-input":{"@type":"PropertyValueSpecification","valueRequired":true,"valueName":"search_term_string"}}],"inLanguage":"hr"},{"@type":"Organization","@id":"https:\/\/radioljubuski.ba\/#organization","name":"Radio Ljubu\u0161ki","url":"https:\/\/radioljubuski.ba\/","logo":{"@type":"ImageObject","inLanguage":"hr","@id":"https:\/\/radioljubuski.ba\/#\/schema\/logo\/image\/","url":"https:\/\/radioljubuski.ba\/wp-content\/uploads\/2021\/02\/cropped-Radio_Ljubuski_logo1.jpg","contentUrl":"https:\/\/radioljubuski.ba\/wp-content\/uploads\/2021\/02\/cropped-Radio_Ljubuski_logo1.jpg","width":512,"height":512,"caption":"Radio Ljubu\u0161ki"},"image":{"@id":"https:\/\/radioljubuski.ba\/#\/schema\/logo\/image\/"},"sameAs":["https:\/\/www.facebook.com\/Radiio-Ljubuski-1490835324566332","https:\/\/x.com\/radioljubuski","https:\/\/hr.linkedin.com\/company\/radio-ljubuski","https:\/\/www.youtube.com\/channel\/UCHYaeO_n0Db3tjNGudGpXyw"]},{"@type":"Person","@id":"https:\/\/radioljubuski.ba\/#\/schema\/person\/19fc700381a780f69665d7956c469e3b","name":"Radio Ljubu\u0161ki"}]}},"_links":{"self":[{"href":"https:\/\/radioljubuski.ba\/index.php\/wp-json\/wp\/v2\/posts\/226276","targetHints":{"allow":["GET"]}}],"collection":[{"href":"https:\/\/radioljubuski.ba\/index.php\/wp-json\/wp\/v2\/posts"}],"about":[{"href":"https:\/\/radioljubuski.ba\/index.php\/wp-json\/wp\/v2\/types\/post"}],"author":[{"embeddable":true,"href":"https:\/\/radioljubuski.ba\/index.php\/wp-json\/wp\/v2\/users\/2"}],"replies":[{"embeddable":true,"href":"https:\/\/radioljubuski.ba\/index.php\/wp-json\/wp\/v2\/comments?post=226276"}],"version-history":[{"count":2,"href":"https:\/\/radioljubuski.ba\/index.php\/wp-json\/wp\/v2\/posts\/226276\/revisions"}],"predecessor-version":[{"id":226281,"href":"https:\/\/radioljubuski.ba\/index.php\/wp-json\/wp\/v2\/posts\/226276\/revisions\/226281"}],"wp:featuredmedia":[{"embeddable":true,"href":"https:\/\/radioljubuski.ba\/index.php\/wp-json\/wp\/v2\/media\/226277"}],"wp:attachment":[{"href":"https:\/\/radioljubuski.ba\/index.php\/wp-json\/wp\/v2\/media?parent=226276"}],"wp:term":[{"taxonomy":"category","embeddable":true,"href":"https:\/\/radioljubuski.ba\/index.php\/wp-json\/wp\/v2\/categories?post=226276"},{"taxonomy":"post_tag","embeddable":true,"href":"https:\/\/radioljubuski.ba\/index.php\/wp-json\/wp\/v2\/tags?post=226276"}],"curies":[{"name":"wp","href":"https:\/\/api.w.org\/{rel}","templated":true}]}}