{"id":226282,"date":"2026-03-13T12:51:51","date_gmt":"2026-03-13T11:51:51","guid":{"rendered":"https:\/\/radioljubuski.ba\/?p=226282"},"modified":"2026-03-13T12:52:04","modified_gmt":"2026-03-13T11:52:04","slug":"prijem-za-najbolje-studente-grad-ljubuski-nastavlja-podrzavati-mlade","status":"publish","type":"post","link":"https:\/\/radioljubuski.ba\/index.php\/2026\/03\/13\/prijem-za-najbolje-studente-grad-ljubuski-nastavlja-podrzavati-mlade\/","title":{"rendered":"Prijem za najbolje studente: Grad Ljubu\u0161ki nastavlja podr\u017eavati mlade"},"content":{"rendered":"\n<p>U zgradi Gradske uprave u Ljubu\u0161kom uprili\u010den je sve\u010dan prijem za najuspje\u0161nije studente s podru\u010dja Grada Ljubu\u0161kog, dobitnike rektorovih i dekanovih nagrada za akademsku 2024.\/2025. godinu.<\/p>\n\n\n\n<p>Jedanaest studenata koji su tijekom studija ostvarili iznimne rezultate primili su gradona\u010delnik Ljubu\u0161kog Vedran Markoti\u0107, predsjednik Gradskog vije\u0107a Tihomir Kvesi\u0107 te pomo\u0107nik gradona\u010delnika Sre\u0107ko Mandi\u0107. Tom prigodom studentima su upu\u0107ene \u010destitke na postignutim uspjesima uz poruku kako Grad Ljubu\u0161ki s ponosom prati njihov akademski put i ostvarene rezultate.<\/p>\n\n\n\n<p><\/p>\n\n\n\n<figure class=\"wp-block-image size-large\"><img loading=\"lazy\" decoding=\"async\" width=\"1024\" height=\"768\" src=\"https:\/\/radioljubuski.ba\/wp-content\/uploads\/2026\/03\/IMG_1793-1024x768.jpeg\" alt=\"\" class=\"wp-image-226284\" srcset=\"https:\/\/radioljubuski.ba\/wp-content\/uploads\/2026\/03\/IMG_1793-1024x768.jpeg 1024w, https:\/\/radioljubuski.ba\/wp-content\/uploads\/2026\/03\/IMG_1793-300x225.jpeg 300w, https:\/\/radioljubuski.ba\/wp-content\/uploads\/2026\/03\/IMG_1793-768x576.jpeg 768w, https:\/\/radioljubuski.ba\/wp-content\/uploads\/2026\/03\/IMG_1793-1536x1152.jpeg 1536w, https:\/\/radioljubuski.ba\/wp-content\/uploads\/2026\/03\/IMG_1793-2048x1536.jpeg 2048w, https:\/\/radioljubuski.ba\/wp-content\/uploads\/2026\/03\/IMG_1793-16x12.jpeg 16w\" sizes=\"auto, (max-width: 1024px) 100vw, 1024px\" \/><\/figure>\n\n\n\n<p><\/p>\n\n\n\n<p>Uz prigodne poklone, Grad Ljubu\u0161ki nagradio je studente i jednokratnom financijskom nagradom u iznosu od 500 konvertibilnih maraka, kao znak priznanja za njihov trud, rad i izvrsnost tijekom studija.<\/p>\n\n\n\n<p>Prema prijedlogu Povjerenstva, pravo na jednokratnu financijsku nagradu ostvarili su: Lucija Primorac s Fakulteta gra\u0111evinarstva, arhitekture i geodezije u Mostaru, Matija Vuk\u0161i\u0107 s Medicinskog fakulteta u Zagrebu, Laura Boras s Prirodoslovno-matemati\u010dkog fakulteta u Splitu, Helena Skoko s Fakulteta elektrotehnike i ra\u010dunarstva u Zagrebu, Mate Herceg i Valentina Vegar s Ekonomskog fakulteta u Mostaru, Tea Ra\u0161i\u0107 s Filozofskog fakulteta u Mostaru, Amina Maksumi\u0107 s Pravnog fakulteta u Mostaru, Lorena Raspudi\u0107 s Medicinskog fakulteta u Mostaru, Marta Bubalo s Farmaceutskog fakulteta u Mostaru te Lucija \u0106ori\u0107 s Katoli\u010dkog bogoslovnog fakulteta u Splitu.<\/p>\n\n\n\n<p>Gradona\u010delnik Vedran Markoti\u0107 istaknuo je kako Grad Ljubu\u0161ki ve\u0107 godinama njeguje praksu nagra\u0111ivanja najuspje\u0161nijih studenata, naglasiv\u0161i kako su upravo mladi i obrazovani ljudi najve\u0107a vrijednost svake zajednice.<\/p>\n\n\n\n<p>\u201eOvo je ve\u0107 postala lijepa tradicija na\u0161ega grada. Svake godine imamo priliku ugostiti najbolje studente, dobitnike dekanovih i rektorovih nagrada, koji svojim radom i znanjem posti\u017eu izvanredne rezultate. Grad Ljubu\u0161ki prepoznaje njihov trud i \u017eelimo im na ovaj na\u010din dati dodatni poticaj za daljnje \u0161kolovanje i napredovanje\u201c, kazao je Markoti\u0107.<\/p>\n\n\n\n<p>Dodao je kako su upravo uspje\u0161ni studenti najbolji pokazatelj potencijala mladih ljudi iz Ljubu\u0161kog.<\/p>\n\n\n\n<p>\u201ePonosni smo \u0161to imamo ovako uspje\u0161ne studente koji studiraju na nekim od najzahtjevnijih fakulteta u Bosni i Hercegovini i Republici Hrvatskoj. Na dana\u0161njem prijemu imali smo priliku \u010duti njihova iskustva, vidjeti koliko rada i odricanja stoji iza ovakvih rezultata. Grad \u0107e i dalje nastaviti ulagati u obrazovanje mladih, kroz stipendije i razli\u010dite oblike potpore, jer su oni na\u0161a budu\u0107nost\u201c, naglasio je gradona\u010delnik.<\/p>\n\n\n\n<p><\/p>\n\n\n\n<figure class=\"wp-block-gallery has-nested-images columns-default is-cropped wp-block-gallery-1 is-layout-flex wp-block-gallery-is-layout-flex\">\n<figure class=\"wp-block-image size-large\"><img loading=\"lazy\" decoding=\"async\" width=\"1024\" height=\"768\" data-id=\"226285\" src=\"https:\/\/radioljubuski.ba\/wp-content\/uploads\/2026\/03\/IMG_1808-1024x768.jpeg\" alt=\"\" class=\"wp-image-226285\" srcset=\"https:\/\/radioljubuski.ba\/wp-content\/uploads\/2026\/03\/IMG_1808-1024x768.jpeg 1024w, https:\/\/radioljubuski.ba\/wp-content\/uploads\/2026\/03\/IMG_1808-300x225.jpeg 300w, https:\/\/radioljubuski.ba\/wp-content\/uploads\/2026\/03\/IMG_1808-768x576.jpeg 768w, https:\/\/radioljubuski.ba\/wp-content\/uploads\/2026\/03\/IMG_1808-1536x1152.jpeg 1536w, https:\/\/radioljubuski.ba\/wp-content\/uploads\/2026\/03\/IMG_1808-2048x1536.jpeg 2048w, https:\/\/radioljubuski.ba\/wp-content\/uploads\/2026\/03\/IMG_1808-16x12.jpeg 16w\" sizes=\"auto, (max-width: 1024px) 100vw, 1024px\" \/><\/figure>\n<\/figure>\n\n\n\n<p><\/p>\n\n\n\n<p>Zahvalnost na potpori izrazili su i sami studenti. Matija Vuk\u0161i\u0107, studentica Medicinskog fakulteta u Zagrebu, istaknula je kako puno zna\u010di kada lokalna zajednica prepoznaje trud mladih ljudi. \u201eVelika je stvar \u0161to gradona\u010delnik i cijela gradska uprava brinu o mladima i studentima koji tijekom studija ula\u017eu puno truda i rada\u201c, kazala je Vuk\u0161i\u0107.<\/p>\n\n\n\n<p>Sli\u010dno razmi\u0161lja i Mate Herceg, student Ekonomskog fakulteta u Mostaru, koji je naglasio kako im ovakva priznanja predstavljaju dodatnu motivaciju za daljnji rad. \u201eDrago nam je \u0161to je na\u0161 gradona\u010delnik prepoznao trud mene i mojih kolegica te \u0161to Grad Ljubu\u0161ki podr\u017eava studente\u201c, rekao je Herceg.<\/p>\n\n\n\n<figure class=\"wp-block-image size-large\"><img loading=\"lazy\" decoding=\"async\" width=\"1024\" height=\"768\" src=\"https:\/\/radioljubuski.ba\/wp-content\/uploads\/2026\/03\/IMG_1785-1024x768.jpeg\" alt=\"\" class=\"wp-image-226286\" srcset=\"https:\/\/radioljubuski.ba\/wp-content\/uploads\/2026\/03\/IMG_1785-1024x768.jpeg 1024w, https:\/\/radioljubuski.ba\/wp-content\/uploads\/2026\/03\/IMG_1785-300x225.jpeg 300w, https:\/\/radioljubuski.ba\/wp-content\/uploads\/2026\/03\/IMG_1785-768x576.jpeg 768w, https:\/\/radioljubuski.ba\/wp-content\/uploads\/2026\/03\/IMG_1785-1536x1152.jpeg 1536w, https:\/\/radioljubuski.ba\/wp-content\/uploads\/2026\/03\/IMG_1785-2048x1536.jpeg 2048w, https:\/\/radioljubuski.ba\/wp-content\/uploads\/2026\/03\/IMG_1785-16x12.jpeg 16w\" sizes=\"auto, (max-width: 1024px) 100vw, 1024px\" \/><\/figure>\n\n\n\n<p><\/p>\n\n\n\n<p>Ovim prijemom Grad Ljubu\u0161ki jo\u0161 je jednom potvrdio kako prepoznaje i cijeni uspjeh mladih ljudi te nastoji pru\u017eiti podr\u0161ku studentima koji svojim radom i znanjem predstavljaju ponos grada i poticaj budu\u0107im generacijama.<\/p>\n\n\n\n<p><\/p>\n\n\n\n<blockquote class=\"instagram-media\" data-instgrm-captioned data-instgrm-permalink=\"https:\/\/www.instagram.com\/reel\/DV0tCOUjbs7\/?utm_source=ig_embed&amp;utm_campaign=loading\" data-instgrm-version=\"14\" style=\" background:#FFF; border:0; border-radius:3px; box-shadow:0 0 1px 0 rgba(0,0,0,0.5),0 1px 10px 0 rgba(0,0,0,0.15); margin: 1px; max-width:540px; min-width:326px; padding:0; width:99.375%; width:-webkit-calc(100% - 2px); width:calc(100% - 2px);\"><div style=\"padding:16px;\"> <a href=\"https:\/\/www.instagram.com\/reel\/DV0tCOUjbs7\/?utm_source=ig_embed&amp;utm_campaign=loading\" style=\" background:#FFFFFF; line-height:0; padding:0 0; text-align:center; text-decoration:none; width:100%;\" target=\"_blank\"> <div style=\" display: flex; flex-direction: row; align-items: center;\"> <div style=\"background-color: #F4F4F4; border-radius: 50%; flex-grow: 0; height: 40px; margin-right: 14px; width: 40px;\"><\/div> <div style=\"display: flex; flex-direction: column; flex-grow: 1; justify-content: center;\"> <div style=\" background-color: #F4F4F4; border-radius: 4px; flex-grow: 0; height: 14px; margin-bottom: 6px; width: 100px;\"><\/div> <div style=\" background-color: #F4F4F4; border-radius: 4px; flex-grow: 0; height: 14px; width: 60px;\"><\/div><\/div><\/div><div style=\"padding: 19% 0;\"><\/div> <div style=\"display:block; height:50px; margin:0 auto 12px; width:50px;\"><svg width=\"50px\" height=\"50px\" viewBox=\"0 0 60 60\" version=\"1.1\" xmlns=\"https:\/\/www.w3.org\/2000\/svg\" xmlns:xlink=\"https:\/\/www.w3.org\/1999\/xlink\"><g stroke=\"none\" stroke-width=\"1\" fill=\"none\" fill-rule=\"evenodd\"><g transform=\"translate(-511.000000, -20.000000)\" fill=\"#000000\"><g><path d=\"M556.869,30.41 C554.814,30.41 553.148,32.076 553.148,34.131 C553.148,36.186 554.814,37.852 556.869,37.852 C558.924,37.852 560.59,36.186 560.59,34.131 C560.59,32.076 558.924,30.41 556.869,30.41 M541,60.657 C535.114,60.657 530.342,55.887 530.342,50 C530.342,44.114 535.114,39.342 541,39.342 C546.887,39.342 551.658,44.114 551.658,50 C551.658,55.887 546.887,60.657 541,60.657 M541,33.886 C532.1,33.886 524.886,41.1 524.886,50 C524.886,58.899 532.1,66.113 541,66.113 C549.9,66.113 557.115,58.899 557.115,50 C557.115,41.1 549.9,33.886 541,33.886 M565.378,62.101 C565.244,65.022 564.756,66.606 564.346,67.663 C563.803,69.06 563.154,70.057 562.106,71.106 C561.058,72.155 560.06,72.803 558.662,73.347 C557.607,73.757 556.021,74.244 553.102,74.378 C549.944,74.521 548.997,74.552 541,74.552 C533.003,74.552 532.056,74.521 528.898,74.378 C525.979,74.244 524.393,73.757 523.338,73.347 C521.94,72.803 520.942,72.155 519.894,71.106 C518.846,70.057 518.197,69.06 517.654,67.663 C517.244,66.606 516.755,65.022 516.623,62.101 C516.479,58.943 516.448,57.996 516.448,50 C516.448,42.003 516.479,41.056 516.623,37.899 C516.755,34.978 517.244,33.391 517.654,32.338 C518.197,30.938 518.846,29.942 519.894,28.894 C520.942,27.846 521.94,27.196 523.338,26.654 C524.393,26.244 525.979,25.756 528.898,25.623 C532.057,25.479 533.004,25.448 541,25.448 C548.997,25.448 549.943,25.479 553.102,25.623 C556.021,25.756 557.607,26.244 558.662,26.654 C560.06,27.196 561.058,27.846 562.106,28.894 C563.154,29.942 563.803,30.938 564.346,32.338 C564.756,33.391 565.244,34.978 565.378,37.899 C565.522,41.056 565.552,42.003 565.552,50 C565.552,57.996 565.522,58.943 565.378,62.101 M570.82,37.631 C570.674,34.438 570.167,32.258 569.425,30.349 C568.659,28.377 567.633,26.702 565.965,25.035 C564.297,23.368 562.623,22.342 560.652,21.575 C558.743,20.834 556.562,20.326 553.369,20.18 C550.169,20.033 549.148,20 541,20 C532.853,20 531.831,20.033 528.631,20.18 C525.438,20.326 523.257,20.834 521.349,21.575 C519.376,22.342 517.703,23.368 516.035,25.035 C514.368,26.702 513.342,28.377 512.574,30.349 C511.834,32.258 511.326,34.438 511.181,37.631 C511.035,40.831 511,41.851 511,50 C511,58.147 511.035,59.17 511.181,62.369 C511.326,65.562 511.834,67.743 512.574,69.651 C513.342,71.625 514.368,73.296 516.035,74.965 C517.703,76.634 519.376,77.658 521.349,78.425 C523.257,79.167 525.438,79.673 528.631,79.82 C531.831,79.965 532.853,80.001 541,80.001 C549.148,80.001 550.169,79.965 553.369,79.82 C556.562,79.673 558.743,79.167 560.652,78.425 C562.623,77.658 564.297,76.634 565.965,74.965 C567.633,73.296 568.659,71.625 569.425,69.651 C570.167,67.743 570.674,65.562 570.82,62.369 C570.966,59.17 571,58.147 571,50 C571,41.851 570.966,40.831 570.82,37.631\"><\/path><\/g><\/g><\/g><\/svg><\/div><div style=\"padding-top: 8px;\"> <div style=\" color:#3897f0; font-family:Arial,sans-serif; font-size:14px; font-style:normal; font-weight:550; line-height:18px;\">Pogledajte ovu objavu na Instagramu.<\/div><\/div><div style=\"padding: 12.5% 0;\"><\/div> <div style=\"display: flex; flex-direction: row; margin-bottom: 14px; align-items: center;\"><div> <div style=\"background-color: #F4F4F4; border-radius: 50%; height: 12.5px; width: 12.5px; transform: translateX(0px) translateY(7px);\"><\/div> <div style=\"background-color: #F4F4F4; height: 12.5px; transform: rotate(-45deg) translateX(3px) translateY(1px); width: 12.5px; flex-grow: 0; margin-right: 14px; margin-left: 2px;\"><\/div> <div style=\"background-color: #F4F4F4; border-radius: 50%; height: 12.5px; width: 12.5px; transform: translateX(9px) translateY(-18px);\"><\/div><\/div><div style=\"margin-left: 8px;\"> <div style=\" background-color: #F4F4F4; border-radius: 50%; flex-grow: 0; height: 20px; width: 20px;\"><\/div> <div style=\" width: 0; height: 0; border-top: 2px solid transparent; border-left: 6px solid #f4f4f4; border-bottom: 2px solid transparent; transform: translateX(16px) translateY(-4px) rotate(30deg)\"><\/div><\/div><div style=\"margin-left: auto;\"> <div style=\" width: 0px; border-top: 8px solid #F4F4F4; border-right: 8px solid transparent; transform: translateY(16px);\"><\/div> <div style=\" background-color: #F4F4F4; flex-grow: 0; height: 12px; width: 16px; transform: translateY(-4px);\"><\/div> <div style=\" width: 0; height: 0; border-top: 8px solid #F4F4F4; border-left: 8px solid transparent; transform: translateY(-4px) translateX(8px);\"><\/div><\/div><\/div> <div style=\"display: flex; flex-direction: column; flex-grow: 1; justify-content: center; margin-bottom: 24px;\"> <div style=\" background-color: #F4F4F4; border-radius: 4px; flex-grow: 0; height: 14px; margin-bottom: 6px; width: 224px;\"><\/div> <div style=\" background-color: #F4F4F4; border-radius: 4px; flex-grow: 0; height: 14px; width: 144px;\"><\/div><\/div><\/a><p style=\" color:#c9c8cd; font-family:Arial,sans-serif; font-size:14px; line-height:17px; margin-bottom:0; margin-top:8px; overflow:hidden; padding:8px 0 7px; text-align:center; text-overflow:ellipsis; white-space:nowrap;\"><a href=\"https:\/\/www.instagram.com\/reel\/DV0tCOUjbs7\/?utm_source=ig_embed&amp;utm_campaign=loading\" style=\" color:#c9c8cd; font-family:Arial,sans-serif; font-size:14px; font-style:normal; font-weight:normal; line-height:17px; text-decoration:none;\" target=\"_blank\">Objavu dijeli Radio Ljubu\u0161ki\ud83d\udcfb (@radio_ljubuski)<\/a><\/p><\/div><\/blockquote>\n<script async src=\"\/\/www.instagram.com\/embed.js\"><\/script>\n\n\n\n<p>G. Ili\u0107 \/ Radio Ljubu\u0161ki<\/p>\n","protected":false},"excerpt":{"rendered":"<p>U zgradi Gradske uprave u Ljubu\u0161kom uprili\u010den je sve\u010dan prijem za najuspje\u0161nije studente s podru\u010dja Grada Ljubu\u0161kog, dobitnike rektorovih i dekanovih nagrada za akademsku 2024.\/2025. godinu. Jedanaest studenata koji su tijekom studija ostvarili iznimne rezultate primili su gradona\u010delnik Ljubu\u0161kog Vedran Markoti\u0107, predsjednik Gradskog vije\u0107a Tihomir Kvesi\u0107 te pomo\u0107nik gradona\u010delnika Sre\u0107ko Mandi\u0107. Tom prigodom studentima su [&hellip;]<\/p>\n","protected":false},"author":2,"featured_media":226283,"comment_status":"closed","ping_status":"closed","sticky":false,"template":"","format":"standard","meta":{"h5ap_radio_sources":[],"footnotes":""},"categories":[3,28],"tags":[],"class_list":["post-226282","post","type-post","status-publish","format-standard","has-post-thumbnail","hentry","category-ljubuski","category-novosti"],"yoast_head":"<!-- This site is optimized with the Yoast SEO plugin v27.5 - https:\/\/yoast.com\/product\/yoast-seo-wordpress\/ -->\n<title>Prijem za najbolje studente: Grad Ljubu\u0161ki nastavlja podr\u017eavati mlade - RADIO LJUBU\u0160KI<\/title>\n<meta name=\"robots\" content=\"index, follow, max-snippet:-1, max-image-preview:large, max-video-preview:-1\" \/>\n<link rel=\"canonical\" href=\"https:\/\/radioljubuski.ba\/index.php\/2026\/03\/13\/prijem-za-najbolje-studente-grad-ljubuski-nastavlja-podrzavati-mlade\/\" \/>\n<meta property=\"og:locale\" content=\"hr_HR\" \/>\n<meta property=\"og:type\" content=\"article\" \/>\n<meta property=\"og:title\" content=\"Prijem za najbolje studente: Grad Ljubu\u0161ki nastavlja podr\u017eavati mlade - RADIO LJUBU\u0160KI\" \/>\n<meta property=\"og:description\" content=\"U zgradi Gradske uprave u Ljubu\u0161kom uprili\u010den je sve\u010dan prijem za najuspje\u0161nije studente s podru\u010dja Grada Ljubu\u0161kog, dobitnike rektorovih i dekanovih nagrada za akademsku 2024.\/2025. godinu. Jedanaest studenata koji su tijekom studija ostvarili iznimne rezultate primili su gradona\u010delnik Ljubu\u0161kog Vedran Markoti\u0107, predsjednik Gradskog vije\u0107a Tihomir Kvesi\u0107 te pomo\u0107nik gradona\u010delnika Sre\u0107ko Mandi\u0107. Tom prigodom studentima su [&hellip;]\" \/>\n<meta property=\"og:url\" content=\"https:\/\/radioljubuski.ba\/index.php\/2026\/03\/13\/prijem-za-najbolje-studente-grad-ljubuski-nastavlja-podrzavati-mlade\/\" \/>\n<meta property=\"og:site_name\" content=\"RADIO LJUBU\u0160KI\" \/>\n<meta property=\"article:publisher\" content=\"https:\/\/www.facebook.com\/Radiio-Ljubuski-1490835324566332\" \/>\n<meta property=\"article:published_time\" content=\"2026-03-13T11:51:51+00:00\" \/>\n<meta property=\"article:modified_time\" content=\"2026-03-13T11:52:04+00:00\" \/>\n<meta property=\"og:image\" content=\"https:\/\/radioljubuski.ba\/wp-content\/uploads\/2026\/03\/IMG_1813-scaled.jpeg\" \/>\n\t<meta property=\"og:image:width\" content=\"2560\" \/>\n\t<meta property=\"og:image:height\" content=\"1920\" \/>\n\t<meta property=\"og:image:type\" content=\"image\/jpeg\" \/>\n<meta name=\"author\" content=\"Radio Ljubu\u0161ki\" \/>\n<meta name=\"twitter:card\" content=\"summary_large_image\" \/>\n<meta name=\"twitter:creator\" content=\"@radioljubuski\" \/>\n<meta name=\"twitter:site\" content=\"@radioljubuski\" \/>\n<meta name=\"twitter:label1\" content=\"Napisao\/la\" \/>\n\t<meta name=\"twitter:data1\" content=\"Radio Ljubu\u0161ki\" \/>\n\t<meta name=\"twitter:label2\" content=\"Procijenjeno vrijeme \u010ditanja\" \/>\n\t<meta name=\"twitter:data2\" content=\"4 minute\" \/>\n<script type=\"application\/ld+json\" class=\"yoast-schema-graph\">{\"@context\":\"https:\\\/\\\/schema.org\",\"@graph\":[{\"@type\":\"Article\",\"@id\":\"https:\\\/\\\/radioljubuski.ba\\\/index.php\\\/2026\\\/03\\\/13\\\/prijem-za-najbolje-studente-grad-ljubuski-nastavlja-podrzavati-mlade\\\/#article\",\"isPartOf\":{\"@id\":\"https:\\\/\\\/radioljubuski.ba\\\/index.php\\\/2026\\\/03\\\/13\\\/prijem-za-najbolje-studente-grad-ljubuski-nastavlja-podrzavati-mlade\\\/\"},\"author\":{\"name\":\"Radio Ljubu\u0161ki\",\"@id\":\"https:\\\/\\\/radioljubuski.ba\\\/#\\\/schema\\\/person\\\/19fc700381a780f69665d7956c469e3b\"},\"headline\":\"Prijem za najbolje studente: Grad Ljubu\u0161ki nastavlja podr\u017eavati mlade\",\"datePublished\":\"2026-03-13T11:51:51+00:00\",\"dateModified\":\"2026-03-13T11:52:04+00:00\",\"mainEntityOfPage\":{\"@id\":\"https:\\\/\\\/radioljubuski.ba\\\/index.php\\\/2026\\\/03\\\/13\\\/prijem-za-najbolje-studente-grad-ljubuski-nastavlja-podrzavati-mlade\\\/\"},\"wordCount\":554,\"publisher\":{\"@id\":\"https:\\\/\\\/radioljubuski.ba\\\/#organization\"},\"image\":{\"@id\":\"https:\\\/\\\/radioljubuski.ba\\\/index.php\\\/2026\\\/03\\\/13\\\/prijem-za-najbolje-studente-grad-ljubuski-nastavlja-podrzavati-mlade\\\/#primaryimage\"},\"thumbnailUrl\":\"https:\\\/\\\/radioljubuski.ba\\\/wp-content\\\/uploads\\\/2026\\\/03\\\/IMG_1813-scaled.jpeg\",\"articleSection\":[\"Ljubu\u0161ki\",\"Novosti\"],\"inLanguage\":\"hr\"},{\"@type\":\"WebPage\",\"@id\":\"https:\\\/\\\/radioljubuski.ba\\\/index.php\\\/2026\\\/03\\\/13\\\/prijem-za-najbolje-studente-grad-ljubuski-nastavlja-podrzavati-mlade\\\/\",\"url\":\"https:\\\/\\\/radioljubuski.ba\\\/index.php\\\/2026\\\/03\\\/13\\\/prijem-za-najbolje-studente-grad-ljubuski-nastavlja-podrzavati-mlade\\\/\",\"name\":\"Prijem za najbolje studente: Grad Ljubu\u0161ki nastavlja podr\u017eavati mlade - RADIO LJUBU\u0160KI\",\"isPartOf\":{\"@id\":\"https:\\\/\\\/radioljubuski.ba\\\/#website\"},\"primaryImageOfPage\":{\"@id\":\"https:\\\/\\\/radioljubuski.ba\\\/index.php\\\/2026\\\/03\\\/13\\\/prijem-za-najbolje-studente-grad-ljubuski-nastavlja-podrzavati-mlade\\\/#primaryimage\"},\"image\":{\"@id\":\"https:\\\/\\\/radioljubuski.ba\\\/index.php\\\/2026\\\/03\\\/13\\\/prijem-za-najbolje-studente-grad-ljubuski-nastavlja-podrzavati-mlade\\\/#primaryimage\"},\"thumbnailUrl\":\"https:\\\/\\\/radioljubuski.ba\\\/wp-content\\\/uploads\\\/2026\\\/03\\\/IMG_1813-scaled.jpeg\",\"datePublished\":\"2026-03-13T11:51:51+00:00\",\"dateModified\":\"2026-03-13T11:52:04+00:00\",\"breadcrumb\":{\"@id\":\"https:\\\/\\\/radioljubuski.ba\\\/index.php\\\/2026\\\/03\\\/13\\\/prijem-za-najbolje-studente-grad-ljubuski-nastavlja-podrzavati-mlade\\\/#breadcrumb\"},\"inLanguage\":\"hr\",\"potentialAction\":[{\"@type\":\"ReadAction\",\"target\":[\"https:\\\/\\\/radioljubuski.ba\\\/index.php\\\/2026\\\/03\\\/13\\\/prijem-za-najbolje-studente-grad-ljubuski-nastavlja-podrzavati-mlade\\\/\"]}]},{\"@type\":\"ImageObject\",\"inLanguage\":\"hr\",\"@id\":\"https:\\\/\\\/radioljubuski.ba\\\/index.php\\\/2026\\\/03\\\/13\\\/prijem-za-najbolje-studente-grad-ljubuski-nastavlja-podrzavati-mlade\\\/#primaryimage\",\"url\":\"https:\\\/\\\/radioljubuski.ba\\\/wp-content\\\/uploads\\\/2026\\\/03\\\/IMG_1813-scaled.jpeg\",\"contentUrl\":\"https:\\\/\\\/radioljubuski.ba\\\/wp-content\\\/uploads\\\/2026\\\/03\\\/IMG_1813-scaled.jpeg\",\"width\":2560,\"height\":1920},{\"@type\":\"BreadcrumbList\",\"@id\":\"https:\\\/\\\/radioljubuski.ba\\\/index.php\\\/2026\\\/03\\\/13\\\/prijem-za-najbolje-studente-grad-ljubuski-nastavlja-podrzavati-mlade\\\/#breadcrumb\",\"itemListElement\":[{\"@type\":\"ListItem\",\"position\":1,\"name\":\"Po\u010detna stranica\",\"item\":\"https:\\\/\\\/radioljubuski.ba\\\/\"},{\"@type\":\"ListItem\",\"position\":2,\"name\":\"Prijem za najbolje studente: Grad Ljubu\u0161ki nastavlja podr\u017eavati mlade\"}]},{\"@type\":\"WebSite\",\"@id\":\"https:\\\/\\\/radioljubuski.ba\\\/#website\",\"url\":\"https:\\\/\\\/radioljubuski.ba\\\/\",\"name\":\"Radio Ljubu\u0161ki\",\"description\":\"Sun\u010dana frekvencija Hercegovine\",\"publisher\":{\"@id\":\"https:\\\/\\\/radioljubuski.ba\\\/#organization\"},\"potentialAction\":[{\"@type\":\"SearchAction\",\"target\":{\"@type\":\"EntryPoint\",\"urlTemplate\":\"https:\\\/\\\/radioljubuski.ba\\\/?s={search_term_string}\"},\"query-input\":{\"@type\":\"PropertyValueSpecification\",\"valueRequired\":true,\"valueName\":\"search_term_string\"}}],\"inLanguage\":\"hr\"},{\"@type\":\"Organization\",\"@id\":\"https:\\\/\\\/radioljubuski.ba\\\/#organization\",\"name\":\"Radio Ljubu\u0161ki\",\"url\":\"https:\\\/\\\/radioljubuski.ba\\\/\",\"logo\":{\"@type\":\"ImageObject\",\"inLanguage\":\"hr\",\"@id\":\"https:\\\/\\\/radioljubuski.ba\\\/#\\\/schema\\\/logo\\\/image\\\/\",\"url\":\"https:\\\/\\\/radioljubuski.ba\\\/wp-content\\\/uploads\\\/2021\\\/02\\\/cropped-Radio_Ljubuski_logo1.jpg\",\"contentUrl\":\"https:\\\/\\\/radioljubuski.ba\\\/wp-content\\\/uploads\\\/2021\\\/02\\\/cropped-Radio_Ljubuski_logo1.jpg\",\"width\":512,\"height\":512,\"caption\":\"Radio Ljubu\u0161ki\"},\"image\":{\"@id\":\"https:\\\/\\\/radioljubuski.ba\\\/#\\\/schema\\\/logo\\\/image\\\/\"},\"sameAs\":[\"https:\\\/\\\/www.facebook.com\\\/Radiio-Ljubuski-1490835324566332\",\"https:\\\/\\\/x.com\\\/radioljubuski\",\"https:\\\/\\\/hr.linkedin.com\\\/company\\\/radio-ljubuski\",\"https:\\\/\\\/www.youtube.com\\\/channel\\\/UCHYaeO_n0Db3tjNGudGpXyw\"]},{\"@type\":\"Person\",\"@id\":\"https:\\\/\\\/radioljubuski.ba\\\/#\\\/schema\\\/person\\\/19fc700381a780f69665d7956c469e3b\",\"name\":\"Radio Ljubu\u0161ki\"}]}<\/script>\n<!-- \/ Yoast SEO plugin. -->","yoast_head_json":{"title":"Prijem za najbolje studente: Grad Ljubu\u0161ki nastavlja podr\u017eavati mlade - RADIO LJUBU\u0160KI","robots":{"index":"index","follow":"follow","max-snippet":"max-snippet:-1","max-image-preview":"max-image-preview:large","max-video-preview":"max-video-preview:-1"},"canonical":"https:\/\/radioljubuski.ba\/index.php\/2026\/03\/13\/prijem-za-najbolje-studente-grad-ljubuski-nastavlja-podrzavati-mlade\/","og_locale":"hr_HR","og_type":"article","og_title":"Prijem za najbolje studente: Grad Ljubu\u0161ki nastavlja podr\u017eavati mlade - RADIO LJUBU\u0160KI","og_description":"U zgradi Gradske uprave u Ljubu\u0161kom uprili\u010den je sve\u010dan prijem za najuspje\u0161nije studente s podru\u010dja Grada Ljubu\u0161kog, dobitnike rektorovih i dekanovih nagrada za akademsku 2024.\/2025. godinu. Jedanaest studenata koji su tijekom studija ostvarili iznimne rezultate primili su gradona\u010delnik Ljubu\u0161kog Vedran Markoti\u0107, predsjednik Gradskog vije\u0107a Tihomir Kvesi\u0107 te pomo\u0107nik gradona\u010delnika Sre\u0107ko Mandi\u0107. Tom prigodom studentima su [&hellip;]","og_url":"https:\/\/radioljubuski.ba\/index.php\/2026\/03\/13\/prijem-za-najbolje-studente-grad-ljubuski-nastavlja-podrzavati-mlade\/","og_site_name":"RADIO LJUBU\u0160KI","article_publisher":"https:\/\/www.facebook.com\/Radiio-Ljubuski-1490835324566332","article_published_time":"2026-03-13T11:51:51+00:00","article_modified_time":"2026-03-13T11:52:04+00:00","og_image":[{"width":2560,"height":1920,"url":"https:\/\/radioljubuski.ba\/wp-content\/uploads\/2026\/03\/IMG_1813-scaled.jpeg","type":"image\/jpeg"}],"author":"Radio Ljubu\u0161ki","twitter_card":"summary_large_image","twitter_creator":"@radioljubuski","twitter_site":"@radioljubuski","twitter_misc":{"Napisao\/la":"Radio Ljubu\u0161ki","Procijenjeno vrijeme \u010ditanja":"4 minute"},"schema":{"@context":"https:\/\/schema.org","@graph":[{"@type":"Article","@id":"https:\/\/radioljubuski.ba\/index.php\/2026\/03\/13\/prijem-za-najbolje-studente-grad-ljubuski-nastavlja-podrzavati-mlade\/#article","isPartOf":{"@id":"https:\/\/radioljubuski.ba\/index.php\/2026\/03\/13\/prijem-za-najbolje-studente-grad-ljubuski-nastavlja-podrzavati-mlade\/"},"author":{"name":"Radio Ljubu\u0161ki","@id":"https:\/\/radioljubuski.ba\/#\/schema\/person\/19fc700381a780f69665d7956c469e3b"},"headline":"Prijem za najbolje studente: Grad Ljubu\u0161ki nastavlja podr\u017eavati mlade","datePublished":"2026-03-13T11:51:51+00:00","dateModified":"2026-03-13T11:52:04+00:00","mainEntityOfPage":{"@id":"https:\/\/radioljubuski.ba\/index.php\/2026\/03\/13\/prijem-za-najbolje-studente-grad-ljubuski-nastavlja-podrzavati-mlade\/"},"wordCount":554,"publisher":{"@id":"https:\/\/radioljubuski.ba\/#organization"},"image":{"@id":"https:\/\/radioljubuski.ba\/index.php\/2026\/03\/13\/prijem-za-najbolje-studente-grad-ljubuski-nastavlja-podrzavati-mlade\/#primaryimage"},"thumbnailUrl":"https:\/\/radioljubuski.ba\/wp-content\/uploads\/2026\/03\/IMG_1813-scaled.jpeg","articleSection":["Ljubu\u0161ki","Novosti"],"inLanguage":"hr"},{"@type":"WebPage","@id":"https:\/\/radioljubuski.ba\/index.php\/2026\/03\/13\/prijem-za-najbolje-studente-grad-ljubuski-nastavlja-podrzavati-mlade\/","url":"https:\/\/radioljubuski.ba\/index.php\/2026\/03\/13\/prijem-za-najbolje-studente-grad-ljubuski-nastavlja-podrzavati-mlade\/","name":"Prijem za najbolje studente: Grad Ljubu\u0161ki nastavlja podr\u017eavati mlade - RADIO LJUBU\u0160KI","isPartOf":{"@id":"https:\/\/radioljubuski.ba\/#website"},"primaryImageOfPage":{"@id":"https:\/\/radioljubuski.ba\/index.php\/2026\/03\/13\/prijem-za-najbolje-studente-grad-ljubuski-nastavlja-podrzavati-mlade\/#primaryimage"},"image":{"@id":"https:\/\/radioljubuski.ba\/index.php\/2026\/03\/13\/prijem-za-najbolje-studente-grad-ljubuski-nastavlja-podrzavati-mlade\/#primaryimage"},"thumbnailUrl":"https:\/\/radioljubuski.ba\/wp-content\/uploads\/2026\/03\/IMG_1813-scaled.jpeg","datePublished":"2026-03-13T11:51:51+00:00","dateModified":"2026-03-13T11:52:04+00:00","breadcrumb":{"@id":"https:\/\/radioljubuski.ba\/index.php\/2026\/03\/13\/prijem-za-najbolje-studente-grad-ljubuski-nastavlja-podrzavati-mlade\/#breadcrumb"},"inLanguage":"hr","potentialAction":[{"@type":"ReadAction","target":["https:\/\/radioljubuski.ba\/index.php\/2026\/03\/13\/prijem-za-najbolje-studente-grad-ljubuski-nastavlja-podrzavati-mlade\/"]}]},{"@type":"ImageObject","inLanguage":"hr","@id":"https:\/\/radioljubuski.ba\/index.php\/2026\/03\/13\/prijem-za-najbolje-studente-grad-ljubuski-nastavlja-podrzavati-mlade\/#primaryimage","url":"https:\/\/radioljubuski.ba\/wp-content\/uploads\/2026\/03\/IMG_1813-scaled.jpeg","contentUrl":"https:\/\/radioljubuski.ba\/wp-content\/uploads\/2026\/03\/IMG_1813-scaled.jpeg","width":2560,"height":1920},{"@type":"BreadcrumbList","@id":"https:\/\/radioljubuski.ba\/index.php\/2026\/03\/13\/prijem-za-najbolje-studente-grad-ljubuski-nastavlja-podrzavati-mlade\/#breadcrumb","itemListElement":[{"@type":"ListItem","position":1,"name":"Po\u010detna stranica","item":"https:\/\/radioljubuski.ba\/"},{"@type":"ListItem","position":2,"name":"Prijem za najbolje studente: Grad Ljubu\u0161ki nastavlja podr\u017eavati mlade"}]},{"@type":"WebSite","@id":"https:\/\/radioljubuski.ba\/#website","url":"https:\/\/radioljubuski.ba\/","name":"Radio Ljubu\u0161ki","description":"Sun\u010dana frekvencija Hercegovine","publisher":{"@id":"https:\/\/radioljubuski.ba\/#organization"},"potentialAction":[{"@type":"SearchAction","target":{"@type":"EntryPoint","urlTemplate":"https:\/\/radioljubuski.ba\/?s={search_term_string}"},"query-input":{"@type":"PropertyValueSpecification","valueRequired":true,"valueName":"search_term_string"}}],"inLanguage":"hr"},{"@type":"Organization","@id":"https:\/\/radioljubuski.ba\/#organization","name":"Radio Ljubu\u0161ki","url":"https:\/\/radioljubuski.ba\/","logo":{"@type":"ImageObject","inLanguage":"hr","@id":"https:\/\/radioljubuski.ba\/#\/schema\/logo\/image\/","url":"https:\/\/radioljubuski.ba\/wp-content\/uploads\/2021\/02\/cropped-Radio_Ljubuski_logo1.jpg","contentUrl":"https:\/\/radioljubuski.ba\/wp-content\/uploads\/2021\/02\/cropped-Radio_Ljubuski_logo1.jpg","width":512,"height":512,"caption":"Radio Ljubu\u0161ki"},"image":{"@id":"https:\/\/radioljubuski.ba\/#\/schema\/logo\/image\/"},"sameAs":["https:\/\/www.facebook.com\/Radiio-Ljubuski-1490835324566332","https:\/\/x.com\/radioljubuski","https:\/\/hr.linkedin.com\/company\/radio-ljubuski","https:\/\/www.youtube.com\/channel\/UCHYaeO_n0Db3tjNGudGpXyw"]},{"@type":"Person","@id":"https:\/\/radioljubuski.ba\/#\/schema\/person\/19fc700381a780f69665d7956c469e3b","name":"Radio Ljubu\u0161ki"}]}},"_links":{"self":[{"href":"https:\/\/radioljubuski.ba\/index.php\/wp-json\/wp\/v2\/posts\/226282","targetHints":{"allow":["GET"]}}],"collection":[{"href":"https:\/\/radioljubuski.ba\/index.php\/wp-json\/wp\/v2\/posts"}],"about":[{"href":"https:\/\/radioljubuski.ba\/index.php\/wp-json\/wp\/v2\/types\/post"}],"author":[{"embeddable":true,"href":"https:\/\/radioljubuski.ba\/index.php\/wp-json\/wp\/v2\/users\/2"}],"replies":[{"embeddable":true,"href":"https:\/\/radioljubuski.ba\/index.php\/wp-json\/wp\/v2\/comments?post=226282"}],"version-history":[{"count":3,"href":"https:\/\/radioljubuski.ba\/index.php\/wp-json\/wp\/v2\/posts\/226282\/revisions"}],"predecessor-version":[{"id":226289,"href":"https:\/\/radioljubuski.ba\/index.php\/wp-json\/wp\/v2\/posts\/226282\/revisions\/226289"}],"wp:featuredmedia":[{"embeddable":true,"href":"https:\/\/radioljubuski.ba\/index.php\/wp-json\/wp\/v2\/media\/226283"}],"wp:attachment":[{"href":"https:\/\/radioljubuski.ba\/index.php\/wp-json\/wp\/v2\/media?parent=226282"}],"wp:term":[{"taxonomy":"category","embeddable":true,"href":"https:\/\/radioljubuski.ba\/index.php\/wp-json\/wp\/v2\/categories?post=226282"},{"taxonomy":"post_tag","embeddable":true,"href":"https:\/\/radioljubuski.ba\/index.php\/wp-json\/wp\/v2\/tags?post=226282"}],"curies":[{"name":"wp","href":"https:\/\/api.w.org\/{rel}","templated":true}]}}